{"id":1366,"date":"2025-11-10T00:18:23","date_gmt":"2025-11-09T22:18:23","guid":{"rendered":"https:\/\/gruene-wiesbaden.de\/?p=1366"},"modified":"2026-04-09T10:38:51","modified_gmt":"2026-04-09T08:38:51","slug":"kinder-familien-und-alleinerziehende","status":"publish","type":"post","link":"https:\/\/gruene-wiesbaden.de\/ro\/kinder-familien-und-alleinerziehende\/","title":{"rendered":"Copii, familii \u0219i p\u0103rin\u021bi singuri"},"content":{"rendered":"<section class=\"l-section wpb_row height_medium with_img\"><div class=\"l-section-img\" role=\"img\" data-img-width=\"1080\" data-img-height=\"800\" style=\"background-image: url(https:\/\/gruene-wiesbaden.de\/wp-content\/uploads\/2025\/11\/neuer-Verlauf-gruene-wiesbaden.de_-2-e1762709402177.png);\"><\/div><div class=\"l-section-overlay\" style=\"background:var(--color-header-top-transparent-bg)\"><\/div><div class=\"l-section-h i-cf\"><div class=\"g-cols vc_row via_grid cols_1 laptops-cols_inherit tablets-cols_inherit mobiles-cols_1 valign_top type_default stacking_default\"><div class=\"wpb_column vc_column_container\"><div class=\"vc_column-inner\"><h1 class=\"w-post-elm post_title us_custom_a574d586 has_text_color entry-title\">Copii, familii \u0219i p\u0103rin\u021bi singuri<\/h1><div class=\"w-separator size_medium\"><\/div><div class=\"g-cols wpb_row via_grid cols_2-1 laptops-cols_inherit tablets-cols_inherit mobiles-cols_1 valign_top type_default stacking_default\" style=\"--columns-gap:3rem;\"><div class=\"wpb_column vc_column_container\"><div class=\"vc_column-inner\"><div class=\"wpb_text_column us_custom_8b3d6790 has_text_color\"><div class=\"wpb_wrapper\"><p><span style=\"font-weight: 400;\">Copiii sunt viitorul nostru \u0219i au dreptul la condi\u021bii bune de via\u021b\u0103, indiferent de originea social\u0103 a familiilor lor. S\u0103r\u0103cia \u00een r\u00e2ndul copiilor este o problem\u0103 structural\u0103 care afecteaz\u0103 \u00een special femeile singure \u0219i familiile numeroase. Concilierea vie\u021bii profesionale cu via\u021ba de familie r\u0103m\u00e2ne o provocare social\u0103. Copiii au propriile drepturi \u0219i trebuie s\u0103 fie implica\u021bi \u00een procesele decizionale democratice. Un ora\u0219 prietenos cu familia sprijin\u0103 toate genera\u021biile \u0219i creeaz\u0103 spa\u021bii \u00een care copiii pot cre\u0219te \u00een siguran\u021b\u0103 \u0219i s\u0103n\u0103to\u0219i.<\/span><\/p>\n<\/div><\/div><div class=\"w-separator size_medium\"><\/div><div class=\"w-btn-wrapper align_left\"><a class=\"w-btn us-btn-style_8 icon_atleft\" href=\"https:\/\/gruene-wiesbaden.de\/ro\/kommunalwahl\/#Kapitel2\"><i class=\"fas fa-chevron-circle-right\"><\/i><span class=\"w-btn-label\">\u00cenapoi la prezentare general\u0103<\/span><\/a><\/div><\/div><\/div><div class=\"wpb_column vc_column_container\"><div class=\"vc_column-inner\"><div class=\"w-image align_center\"><div class=\"w-image-h\"><img decoding=\"async\" width=\"2560\" height=\"1707\" src=\"https:\/\/gruene-wiesbaden.de\/wp-content\/uploads\/2025\/11\/2.8-Kinder-Familien-und-Alleinerziehende-scaled.jpg\" class=\"attachment-full size-full\" alt=\"\" loading=\"lazy\" srcset=\"https:\/\/gruene-wiesbaden.de\/wp-content\/uploads\/2025\/11\/2.8-Kinder-Familien-und-Alleinerziehende-scaled.jpg 2560w, https:\/\/gruene-wiesbaden.de\/wp-content\/uploads\/2025\/11\/2.8-Kinder-Familien-und-Alleinerziehende-400x267.jpg 400w, https:\/\/gruene-wiesbaden.de\/wp-content\/uploads\/2025\/11\/2.8-Kinder-Familien-und-Alleinerziehende-600x400.jpg 600w\" sizes=\"auto, (max-width: 2560px) 100vw, 2560px\" \/><\/div><\/div><div class=\"w-separator size_small\"><\/div><\/div><\/div><\/div><div class=\"w-separator size_medium\"><\/div><div class=\"w-separator size_medium\"><\/div><div class=\"wpb_text_column\"><div class=\"wpb_wrapper\"><h1>Ce \u00eenseamn\u0103 o politic\u0103 bun\u0103 pentru copii, familii \u0219i p\u0103rin\u021bi singuri<\/h1>\n<\/div><\/div><div class=\"w-separator size_large\"><\/div><div class=\"g-cols wpb_row via_grid cols_3 laptops-cols_inherit tablets-cols_inherit mobiles-cols_1 valign_top type_default stacking_default\" style=\"--columns-gap:3rem;\"><div class=\"wpb_column vc_column_container\"><div class=\"vc_column-inner\"><div class=\"w-iconbox us_custom_8b3d6790 has_text_color iconpos_left style_default color_custom align_left\"><div class=\"w-iconbox-icon\" style=\"font-size:2rem;--icon-color:#Ffffff;--icon-bg-color:var(--color-header-middle-bg);\"><i class=\"fas fa-layer-group\"><\/i><\/div><div class=\"w-iconbox-meta\"><h4 class=\"w-iconbox-title\" style=\"font-size:1.5rem;\">Punerea \u00een aplicare a drepturilor copiilor<\/h4><div class=\"w-iconbox-text\"><p><span style=\"font-weight: 400;\">Copiii au dreptul de a fi asculta\u021bi, sprijini\u021bi \u0219i co-determina\u021bi \u00een ora\u0219ul lor.<\/span><\/p>\n<\/div><\/div><\/div><\/div><\/div><div class=\"wpb_column vc_column_container\"><div class=\"vc_column-inner\"><div class=\"w-iconbox us_custom_8b3d6790 has_text_color iconpos_left style_default color_custom align_left\"><div class=\"w-iconbox-icon\" style=\"font-size:2rem;--icon-color:#Ffffff;--icon-bg-color:var(--color-header-transparent-text);\"><i class=\"fas fa-layer-group\"><\/i><\/div><div class=\"w-iconbox-meta\"><h4 class=\"w-iconbox-title\" style=\"font-size:1.5rem;\">Ora\u0219 prietenos cu familia<\/h4><div class=\"w-iconbox-text\"><p><span style=\"font-weight: 400;\">Cre\u0103m spa\u021bii \u00een care toate genera\u021biile pot tr\u0103i bine.<\/span><\/p>\n<\/div><\/div><\/div><\/div><\/div><div class=\"wpb_column vc_column_container\"><div class=\"vc_column-inner\"><div class=\"w-iconbox us_custom_8b3d6790 has_text_color iconpos_left style_default color_custom align_left\"><div class=\"w-iconbox-icon\" style=\"font-size:2rem;--icon-color:#Ffffff;--icon-bg-color:var(--color-header-transparent-text);\"><i class=\"fas fa-layer-group\"><\/i><\/div><div class=\"w-iconbox-meta\"><h4 class=\"w-iconbox-title\" style=\"font-size:1.5rem;\">Combaterea s\u0103r\u0103ciei<\/h4><div class=\"w-iconbox-text\"><p><span style=\"font-weight: 400;\">Fiecare copil merit\u0103 oportunit\u0103\u021bi echitabile, indiferent de portofelele p\u0103rin\u021bilor.<\/span><\/p>\n<\/div><\/div><\/div><\/div><\/div><\/div><div class=\"w-separator size_medium\"><\/div><div class=\"g-cols wpb_row via_grid cols_3 laptops-cols_inherit tablets-cols_inherit mobiles-cols_1 valign_top type_default stacking_default\" style=\"--columns-gap:3rem;\"><div class=\"wpb_column vc_column_container\"><div class=\"vc_column-inner\"><div class=\"w-iconbox us_custom_8b3d6790 has_text_color iconpos_left style_default color_custom align_left\"><div class=\"w-iconbox-icon\" style=\"font-size:2rem;--icon-color:#Ffffff;--icon-bg-color:var(--color-header-middle-bg);\"><i class=\"fas fa-layer-group\"><\/i><\/div><div class=\"w-iconbox-meta\"><h4 class=\"w-iconbox-title\" style=\"font-size:1.5rem;\">Crearea de sprijin<\/h4><div class=\"w-iconbox-text\"><p><span style=\"font-weight: 400;\">Familiile au nevoie de \u00eengrijire a copiilor de \u00eenalt\u0103 calitate \u0219i de \u00eencredere \u0219i de locuri de \u00eent\u00e2lnire pline de via\u021b\u0103 \u00een cartier.<\/span><\/p>\n<\/div><\/div><\/div><\/div><\/div><div class=\"wpb_column vc_column_container\"><div class=\"vc_column-inner\"><div class=\"w-iconbox us_custom_8b3d6790 has_text_color iconpos_left style_default color_custom align_left\"><div class=\"w-iconbox-icon\" style=\"font-size:2rem;--icon-color:#Ffffff;--icon-bg-color:var(--color-header-transparent-text);\"><i class=\"fas fa-layer-group\"><\/i><\/div><div class=\"w-iconbox-meta\"><h4 class=\"w-iconbox-title\" style=\"font-size:1.5rem;\">Promovarea egalit\u0103\u021bii<\/h4><div class=\"w-iconbox-text\"><p><span style=\"font-weight: 400;\">Existen\u021ba unor condi\u021bii-cadru bune permite o diviziune echitabil\u0103 a muncii de \u00eengrijire \u0219i contribuie la egalitatea de gen. P\u0103rin\u021bii singuri le permit s\u0103 participe la via\u021ba profesional\u0103 \u0219i urban\u0103.<\/span><\/p>\n<\/div><\/div><\/div><\/div><\/div><div class=\"wpb_column vc_column_container\"><div class=\"vc_column-inner\"><\/div><\/div><\/div><div class=\"w-separator size_medium\"><\/div><div class=\"w-btn-wrapper align_left\"><a class=\"w-btn us-btn-style_8 icon_atleft\" href=\"https:\/\/gruene-wiesbaden.de\/ro\/kommunalwahl\/#Kapitel2\"><i class=\"fas fa-chevron-circle-right\"><\/i><span class=\"w-btn-label\">\u00cenapoi la prezentare general\u0103<\/span><\/a><\/div><div class=\"w-separator size_medium\"><\/div><\/div><\/div><\/div><\/div><\/section><section class=\"l-section wpb_row height_auto with_img\"><div class=\"l-section-img\" role=\"img\" data-img-width=\"2560\" data-img-height=\"1707\" style=\"background-image: url(https:\/\/gruene-wiesbaden.de\/wp-content\/uploads\/2025\/11\/2.8-Kinder-Familien-und-Alleinerziehende-scaled.jpg);background-repeat: no-repeat;\"><\/div><div class=\"l-section-overlay\" style=\"background:var(--color-header-top-transparent-bg)\"><\/div><div class=\"l-section-h i-cf\"><div class=\"g-cols vc_row via_grid cols_1 laptops-cols_inherit tablets-cols_inherit mobiles-cols_1 valign_middle type_default stacking_default\" style=\"--columns-gap:1rem;\"><div class=\"wpb_column vc_column_container\"><div class=\"vc_column-inner\"><div class=\"w-separator size_large\"><\/div><div class=\"wpb_text_column us_custom_fa36a3ac has_text_color background_inside_text\"><div class=\"wpb_wrapper\"><h1>Ce vrem s\u0103 facem \u00een mod special \u00een acest domeniu<\/h1>\n<\/div><\/div><div class=\"w-separator size_medium\"><\/div><div class=\"w-tabs us_custom_42d693a0 has_text_color style_default switch_click accordion has_scrolling\" style=\"--sections-title-size:1.4rem\"><div class=\"w-tabs-sections titles-align_none icon_chevron cpos_right\"><div class=\"w-tabs-section has_text_color\" id=\"v59f\" style=\"background:var(--color-header-transparent-text);color:var(--color-header-top-text-hover);\"><button class=\"w-tabs-section-header\" aria-controls=\"content-v59f\" aria-expanded=\"false\"><div class=\"w-tabs-section-title\">Un program special de combatere a s\u0103r\u0103ciei \u00een r\u00e2ndul copiilor mai accesibil<\/div><div class=\"w-tabs-section-control\"><\/div><\/button><div  class=\"w-tabs-section-content\" id=\"content-v59f\"><div class=\"w-tabs-section-content-h i-cf\"><div class=\"wpb_text_column\"><div class=\"wpb_wrapper\"><p><span style=\"font-weight: 400;\">Vrem ca to\u021bi copiii s\u0103 aib\u0103 \u0219anse egale. De aceea, dorim s\u0103 consolid\u0103m ofertele existente \u00een domeniul timpului liber, al educa\u021biei \u0219i al s\u0103n\u0103t\u0103\u021bii \u0219i s\u0103 le facem mai accesibile. Acest lucru necesit\u0103 un acces cu prag redus, nebirocratic \u0219i multilingv.<\/span><\/p>\n<\/div><\/div><\/div><\/div><\/div><div class=\"w-tabs-section has_text_color\" id=\"n6bf\" style=\"background:var(--color-header-transparent-text);color:var(--color-header-top-text-hover);\"><button class=\"w-tabs-section-header\" aria-controls=\"content-n6bf\" aria-expanded=\"false\"><div class=\"w-tabs-section-title\">Implicarea copiilor \u0219i a familiilor \u00een luarea deciziilor<\/div><div class=\"w-tabs-section-control\"><\/div><\/button><div  class=\"w-tabs-section-content\" id=\"content-n6bf\"><div class=\"w-tabs-section-content-h i-cf\"><div class=\"wpb_text_column\"><div class=\"wpb_wrapper\"><p><span style=\"font-weight: 400;\">Dorim ca copiii s\u0103 fie implica\u021bi \u00een mod sistematic \u00een deciziile care \u00eei afecteaz\u0103 \u0219i care le consolideaz\u0103 oportunit\u0103\u021bile de participare democratic\u0103. GR\u00dcNE face copiii \u0219i familiile co-creatori activi ai ora\u0219ului lor. Ideile lor urmeaz\u0103 s\u0103 fie \u00eencorporate \u00een planificarea locurilor de joac\u0103, a activit\u0103\u021bilor educa\u021bionale \u0219i de agrement, precum \u0219i a proiectelor urbane. Conferin\u021bele pentru copii, formatele de participare digital\u0103 \u0219i implicarea \u00een comitete legate de proiecte ar trebui s\u0103 contribuie la acest lucru. Colaborarea cu gr\u0103dini\u021bele, \u0219colile \u0219i KiEZen (Centrele pentru p\u0103rin\u021bi pentru copii) asigur\u0103 faptul c\u0103 propunerile sunt puse \u00een aplicare \u0219i au un efect vizibil. Acesta este modul \u00een care promov\u0103m participarea democratic\u0103 de la o v\u00e2rst\u0103 fraged\u0103 \u0219i lucr\u0103m \u00eempreun\u0103 pentru ca Wiesbaden s\u0103 fie adaptat copiilor, plin de via\u021b\u0103 \u0219i orientat spre viitor.<\/span><\/p>\n<\/div><\/div><\/div><\/div><\/div><div class=\"w-tabs-section has_text_color\" id=\"b7d8\" style=\"background:var(--color-header-transparent-text);color:var(--color-header-top-text-hover);\"><button class=\"w-tabs-section-header\" aria-controls=\"content-b7d8\" aria-expanded=\"false\"><div class=\"w-tabs-section-title\">Asigurarea unor mese s\u0103n\u0103toase \u00een \u0219coli<\/div><div class=\"w-tabs-section-control\"><\/div><\/button><div  class=\"w-tabs-section-content\" id=\"content-b7d8\"><div class=\"w-tabs-section-content-h i-cf\"><div class=\"wpb_text_column\"><div class=\"wpb_wrapper\"><p><span style=\"font-weight: 400;\">Dorim ca to\u021bi copiii din centrele de zi \u0219i to\u021bi elevii din Wiesbaden s\u0103 aib\u0103 acces zilnic la alimente s\u0103n\u0103toase, echilibrate \u0219i delicioase. Alimenta\u021bia s\u0103n\u0103toas\u0103 nu numai c\u0103 sus\u021bine concentrarea \u0219i performan\u021ba, ci promoveaz\u0103 \u0219i s\u0103n\u0103tatea pe termen lung. Acesta este motivul pentru care ne-am angajat s\u0103 oferim alimente proaspete de \u00eenalt\u0103 calitate, care r\u0103m\u00e2n, de asemenea, accesibile, astfel \u00eenc\u00e2t to\u021bi copiii \u0219i tinerii s\u0103 poat\u0103 beneficia de acestea, indiferent de portofelele familiilor lor.<\/span><\/p>\n<\/div><\/div><\/div><\/div><\/div><div class=\"w-tabs-section has_text_color\" id=\"n8ff\" style=\"background:var(--color-header-middle-bg);color:var(--color-content-heading);\"><button class=\"w-tabs-section-header\" aria-controls=\"content-n8ff\" aria-expanded=\"false\"><div class=\"w-tabs-section-title\">Asigurarea asisten\u021bei sociale districtuale<\/div><div class=\"w-tabs-section-control\"><\/div><\/button><div  class=\"w-tabs-section-content\" id=\"content-n8ff\"><div class=\"w-tabs-section-content-h i-cf\"><div class=\"wpb_text_column\"><div class=\"wpb_wrapper\"><p><span style=\"font-weight: 400;\">Suntem dedica\u021bi unei asisten\u021be sociale eficiente care s\u0103 ajung\u0103 la oameni acolo unde au nevoie de ajutor. \u00cen acest scop, dorim s\u0103 evalu\u0103m ofertele existente \u0219i s\u0103 le dezvolt\u0103m \u00een continuare \u00een conformitate cu nevoile administra\u021biei ora\u0219ului. Echipele bine echipate de pe teren pot oferi sprijin familiilor \u0219i copiilor \u00eentr-un stadiu incipient \u2013 fie c\u0103 este vorba de conflicte, situa\u021bii de via\u021b\u0103 stresante sau crize \u00een via\u021ba de zi cu zi. Asisten\u021ba social\u0103 districtual\u0103 are un efect preventiv: Detecteaz\u0103 situa\u021biile periculoase, ofer\u0103 ajutor \u0219i u\u0219ureaz\u0103 p\u0103rin\u021bii \u00eenainte ca problemele s\u0103 escaladeze. \u00cen acela\u0219i timp, promoveaz\u0103 coeziunea \u00een district, re\u021bele de \u0219coli, centre de \u00eengrijire de zi \u0219i asocia\u021bii \u0219i creeaz\u0103 puncte de contact cu prag sc\u0103zut pentru toate familiile. Cu o asisten\u021b\u0103 social\u0103 bine pozi\u021bionat\u0103, ne asigur\u0103m c\u0103 fiecare familie prime\u0219te sprijinul de care are nevoie \u0219i c\u0103 copiii pot cre\u0219te \u00eentr-un mediu sigur.<\/span><\/p>\n<\/div><\/div><\/div><\/div><\/div><div class=\"w-tabs-section has_text_color\" id=\"ma15\" style=\"background:var(--color-header-transparent-text);color:var(--color-header-top-text-hover);\"><button class=\"w-tabs-section-header\" aria-controls=\"content-ma15\" aria-expanded=\"false\"><div class=\"w-tabs-section-title\">Transformarea serviciilor de \u00eengrijire a copiilor \u00een servicii necontributive<\/div><div class=\"w-tabs-section-control\"><\/div><\/button><div  class=\"w-tabs-section-content\" id=\"content-ma15\"><div class=\"w-tabs-section-content-h i-cf\"><div class=\"wpb_text_column\"><div class=\"wpb_wrapper\"><p><span style=\"font-weight: 400;\">Lucr\u0103m cu statul pentru a ne asigura c\u0103 centrele de \u00eengrijire de zi pentru copii sunt gratuite. P\u00e2n\u0103 atunci, vom continua schema de contribu\u021bii urbane existent\u0103, care reduce contribu\u021biile pentru familiile cu copii mari \u0219i scute\u0219te de contribu\u021bii familiile cu venituri mici.<\/span><\/p>\n<\/div><\/div><\/div><\/div><\/div><div class=\"w-tabs-section has_text_color\" id=\"kb31\" style=\"background:var(--color-header-middle-bg);color:var(--color-header-middle-text);\"><button class=\"w-tabs-section-header\" aria-controls=\"content-kb31\" aria-expanded=\"false\"><div class=\"w-tabs-section-title\">Promovarea centrelor parentale pentru copii \u0219i extinderea acestora \u00een alte districte<\/div><div class=\"w-tabs-section-control\"><\/div><\/button><div  class=\"w-tabs-section-content\" id=\"content-kb31\"><div class=\"w-tabs-section-content-h i-cf\"><div class=\"wpb_text_column\"><div class=\"wpb_wrapper\"><p><span style=\"font-weight: 400;\">Cu KinderElternZentren (KiEZe) consolid\u0103m familiile direct \u00een districtele lor. De mai mul\u021bi ani, KiEZe din Wiesbaden \u2013 de exemplu, din Klarenthal, Schelmengraben, Westend \u0219i Biebrich \u2013 ofer\u0103 consiliere, educa\u021bie \u0219i reuniuni. Acestea servesc drept puncte de contact cu prag sc\u0103zut \u00een districte \u0219i ofer\u0103 servicii flexibile de \u00eengrijire a copiilor, cafenele pentru p\u0103rin\u021bi \u0219i consiliere educa\u021bional\u0103 dintr-o singur\u0103 surs\u0103 \u2013 \u00een special pentru p\u0103rin\u021bii singuri \u0219i familiile aflate \u00een situa\u021bii dificile. Re\u021beaua KiEZe de centre de \u00eengrijire de zi, servicii sociale \u0219i ini\u021biative de vecin\u0103tate promoveaz\u0103 astfel comunitatea \u0219i egalitatea de \u0219anse. Noi, Verzii, am sus\u021binut acest concept \u00eenc\u0103 de la \u00eenceput \u0219i ne angaj\u0103m s\u0103 consolid\u0103m \u00een continuare KiEZe-ul existent \u0219i s\u0103 \u00eel extindem la alte districte. De asemenea, dorim s\u0103 sprijinim KiEZe cu resurse financiare suficiente, astfel \u00eenc\u00e2t s\u0103 poat\u0103 sprijini familiile \u0219i s\u0103 pun\u0103 \u00een aplicare proiecte din proprie ini\u021biativ\u0103.<\/span><\/p>\n<\/div><\/div><\/div><\/div><\/div><div class=\"w-tabs-section has_text_color\" id=\"xc46\" style=\"background:var(--color-header-transparent-text);color:var(--color-header-top-text-hover);\"><button class=\"w-tabs-section-header\" aria-controls=\"content-xc46\" aria-expanded=\"false\"><div class=\"w-tabs-section-title\">Face\u021bi locurile de joac\u0103 atractive<\/div><div class=\"w-tabs-section-control\"><\/div><\/button><div  class=\"w-tabs-section-content\" id=\"content-xc46\"><div class=\"w-tabs-section-content-h i-cf\"><div class=\"wpb_text_column\"><div class=\"wpb_wrapper\"><p><span style=\"font-weight: 400;\">Toate familiile ar trebui s\u0103 poat\u0103 ajunge la locuri de joac\u0103 atractive la c\u00e2\u021biva pa\u0219i. Este important pentru noi ca num\u0103rul de echipamente de joc f\u0103r\u0103 bariere s\u0103 fie extins.<\/span><\/p>\n<\/div><\/div><\/div><\/div><\/div><\/div><\/div><div class=\"w-separator size_medium\"><\/div><div class=\"w-btn-wrapper align_left\"><a class=\"w-btn us-btn-style_8 icon_atleft\" href=\"https:\/\/gruene-wiesbaden.de\/ro\/kommunalwahl\/#Kapitel2\"><i class=\"fas fa-chevron-circle-right\"><\/i><span class=\"w-btn-label\">\u00cenapoi la prezentare general\u0103<\/span><\/a><\/div><div class=\"w-separator size_large\"><\/div><div class=\"wpb_text_column us_custom_29deb344 has_text_color\"><div class=\"wpb_wrapper\"><h1>Ceea ce am realizat deja<\/h1>\n<\/div><\/div><div class=\"w-separator size_medium\"><\/div><div class=\"w-tabs us_custom_42d693a0 has_text_color style_default switch_click accordion has_scrolling\" style=\"--sections-title-size:1.4rem\"><div class=\"w-tabs-sections titles-align_none icon_chevron cpos_right\"><div class=\"w-tabs-section has_text_color\" id=\"ac8c\" style=\"background:var(--color-header-transparent-text);color:var(--color-header-top-text-hover);\"><button class=\"w-tabs-section-header\" aria-controls=\"content-ac8c\" aria-expanded=\"false\"><div class=\"w-tabs-section-title\">Extinderea Kita a avansat cu succes<\/div><div class=\"w-tabs-section-control\"><\/div><\/button><div  class=\"w-tabs-section-content\" id=\"content-ac8c\"><div class=\"w-tabs-section-content-h i-cf\"><div class=\"wpb_text_column\"><div class=\"wpb_wrapper\"><p><span style=\"font-weight: 400;\">\u00cencep\u00e2nd din 2022, am extins \u00een mod semnificativ \u00eengrijirea de zi \u00een Wiesbaden: \u00cen anul de cre\u0219\u0103 2024\/25, au fost disponibile 10 308 locuri \u2013 cu 227 mai multe dec\u00e2t \u00een anul precedent, num\u0103rul copiilor din Wiesbaden sc\u0103z\u00e2nd (2020\/21 11 062, 2024\/25 10 912). \u00cen zona U3, spa\u021biul disponibil este de 37,7% \u00een 2020\/21-41,1% \u00een 2024\/25 \u0219i \u00een intervalul elementar de 90% \u00een 2020\/21-94,4%cre\u0219tere \u00een 2024\/2025. Acest lucru va permite mai multor familii s\u0103 combine munca \u0219i \u00eengrijirea copiilor.<\/span><\/p>\n<\/div><\/div><\/div><\/div><\/div><div class=\"w-tabs-section has_text_color\" id=\"mda5\" style=\"background:var(--color-header-transparent-text);color:var(--color-header-top-text-hover);\"><button class=\"w-tabs-section-header\" aria-controls=\"content-mda5\" aria-expanded=\"false\"><div class=\"w-tabs-section-title\">S-au deschis gr\u0103dini\u021be noi<\/div><div class=\"w-tabs-section-control\"><\/div><\/button><div  class=\"w-tabs-section-content\" id=\"content-mda5\"><div class=\"w-tabs-section-content-h i-cf\"><div class=\"wpb_text_column\"><div class=\"wpb_wrapper\"><p><span style=\"font-weight: 400;\">Au fost create noi facilit\u0103\u021bi, \u00een special \u00een noile zone de construc\u021bie, cum ar fi cartierul carintic. Astfel, aprovizionarea \u00een districtele cu cre\u0219tere puternic\u0103 a fost \u00eembun\u0103t\u0103\u021bit\u0103 \u00een mod specific.<\/span><\/p>\n<\/div><\/div><\/div><\/div><\/div><div class=\"w-tabs-section has_text_color\" id=\"keb9\" style=\"background:var(--color-header-transparent-text);color:var(--color-header-top-text-hover);\"><button class=\"w-tabs-section-header\" aria-controls=\"content-keb9\" aria-expanded=\"false\"><div class=\"w-tabs-section-title\">\u00cengrijirea de zi cu zi \u00een \u0219coli s-a extins<\/div><div class=\"w-tabs-section-control\"><\/div><\/button><div  class=\"w-tabs-section-content\" id=\"content-keb9\"><div class=\"w-tabs-section-content-h i-cf\"><div class=\"wpb_text_column\"><div class=\"wpb_wrapper\"><p><span style=\"font-weight: 400;\">Deja 62 % Copiii de \u0219coal\u0103 primar\u0103 profit\u0103 acum de \u00eengrijirea de dup\u0103-amiaz\u0103. Acesta este un pas important c\u0103tre punerea \u00een aplicare a dreptului legal la \u00eengrijire cu norm\u0103 \u00eentreag\u0103.<\/span><\/p>\n<\/div><\/div><\/div><\/div><\/div><div class=\"w-tabs-section has_text_color\" id=\"ufd6\" style=\"background:var(--color-header-middle-bg);color:var(--color-content-heading);\"><button class=\"w-tabs-section-header\" aria-controls=\"content-ufd6\" aria-expanded=\"false\"><div class=\"w-tabs-section-title\">Servicii de \u00eengrijire de vacan\u021b\u0103 extinse \u0219i \u00eembun\u0103t\u0103\u021bite<\/div><div class=\"w-tabs-section-control\"><\/div><\/button><div  class=\"w-tabs-section-content\" id=\"content-ufd6\"><div class=\"w-tabs-section-content-h i-cf\"><div class=\"wpb_text_column\"><div class=\"wpb_wrapper\"><p><span style=\"font-weight: 400;\">Serviciile de \u00eengrijire de vacan\u021b\u0103 pentru copii \u0219i adolescen\u021bi au fost extinse \u00een mod semnificativ. Prin colaborarea administra\u021biei ora\u0219ului cu diver\u0219i parteneri, au fost create programe suplimentare care r\u0103spund nevoilor familiilor. Proiecte precum jocurile de vacan\u021b\u0103 de var\u0103 din Parcul Natural Cyperus, de exemplu, au oferit copiilor posibilitatea de a-\u0219i petrece vacan\u021ba \u00eentr-un mediu natural. \u00cen plus, noi, Verzii, ne angaj\u0103m s\u0103 integr\u0103m ofertele de vacan\u021b\u0103 \u00een programul de vacan\u021b\u0103 urban\u0103 pentru a asigura o mai bun\u0103 imagine de ansamblu \u0219i accesibilitate pentru toate familiile, indiferent de venitul sau situa\u021bia lor de via\u021b\u0103.<\/span><\/p>\n<\/div><\/div><\/div><\/div><\/div><div class=\"w-tabs-section has_text_color\" id=\"c0f7\" style=\"background:var(--color-header-transparent-text);color:var(--color-header-top-text-hover);\"><button class=\"w-tabs-section-header\" aria-controls=\"content-c0f7\" aria-expanded=\"false\"><div class=\"w-tabs-section-title\">Oferta de asisten\u021b\u0103 social\u0103 \u0219colar\u0103 a fost consolidat\u0103 \u00een \u0219coli<\/div><div class=\"w-tabs-section-control\"><\/div><\/button><div  class=\"w-tabs-section-content\" id=\"content-c0f7\"><div class=\"w-tabs-section-content-h i-cf\"><div class=\"wpb_text_column\"><div class=\"wpb_wrapper\"><p><span style=\"font-weight: 400;\">Am consolidat \u00een mod semnificativ asisten\u021ba social\u0103 \u0219colar\u0103 \u00een Wiesbaden: \u00cencep\u00e2nd din 2025, exist\u0103 asisten\u021bi sociali profesioni\u0219ti la fa\u021ba locului \u00een toate \u0219colile primare \u0219i secundare, \u00een \u0219colile cuprinz\u0103toare integrate \u0219i \u00een \u0219colile profesionale. Ele reprezint\u0103 punctul de contact direct pentru elevi, p\u0103rin\u021bi \u0219i profesori \u2013 indiferent dac\u0103 este vorba despre provoc\u0103ri \u0219colare, sociale sau personale. Asisten\u021ba social\u0103 \u0219colar\u0103 asigur\u0103 activit\u0103\u021bi de prevenire, sprijin\u0103 conflictele \u0219i crizele \u0219i promoveaz\u0103 dezvoltarea social\u0103 a copiilor \u0219i adolescen\u021bilor. Prezen\u021ba pe scar\u0103 larg\u0103 \u00een \u0219coli contribuie la cre\u0219terea egalit\u0103\u021bii de \u0219anse, la consolidarea coeziunii \u0219i la asigurarea unui mediu de \u00eenv\u0103\u021bare sigur \u0219i favorabil pentru copii.<\/span><\/p>\n<\/div><\/div><\/div><\/div><\/div><div class=\"w-tabs-section has_text_color\" id=\"s20f\" style=\"background:var(--color-header-transparent-text);color:var(--color-header-top-text-hover);\"><button class=\"w-tabs-section-header\" aria-controls=\"content-s20f\" aria-expanded=\"false\"><div class=\"w-tabs-section-title\">Centrul de Informare pentru Tineret (JIZ) ca punct unic de contact pentru tineri<\/div><div class=\"w-tabs-section-control\"><\/div><\/button><div  class=\"w-tabs-section-content\" id=\"content-s20f\"><div class=\"w-tabs-section-content-h i-cf\"><div class=\"wpb_text_column\"><div class=\"wpb_wrapper\"><p><span style=\"font-weight: 400;\">Noul ghi\u0219eu unic JIZ este mult mai mult dec\u00e2t un punct de informare. Aici, tinerii primesc sfaturi cu privire la oportunit\u0103\u021bi de petrecere a timpului liber, c\u0103i de formare, probleme juridice sau probleme personale. Prin urmare, JIZ este un loc \u00een care tinerii pot g\u0103si cu u\u0219urin\u021b\u0103 ajutor atunci c\u00e2nd au nevoie de el.<\/span><\/p>\n<\/div><\/div><\/div><\/div><\/div><div class=\"w-tabs-section has_text_color\" id=\"h326\" style=\"background:var(--color-header-transparent-text);color:var(--color-header-top-text-hover);\"><button class=\"w-tabs-section-header\" aria-controls=\"content-h326\" aria-expanded=\"false\"><div class=\"w-tabs-section-title\">Extinderea zonelor sportive \u0219i de agrement gratuite<\/div><div class=\"w-tabs-section-control\"><\/div><\/button><div  class=\"w-tabs-section-content\" id=\"content-h326\"><div class=\"w-tabs-section-content-h i-cf\"><div class=\"wpb_text_column\"><div class=\"wpb_wrapper\"><p><span style=\"font-weight: 400;\">Bolzplatz a fost renovat \u0219i, de exemplu, au fost create noi facilit\u0103\u021bi pentru calisthenics sau patinaj, cum ar fi la Kransand \u00een Mainz-Kastel. Vrem s\u0103 oferim oportunit\u0103\u021bi \u00een ora\u0219 de a face sport \u0219i de a v\u0103 deplasa gratuit.<\/span><\/p>\n<\/div><\/div><\/div><\/div><\/div><div class=\"w-tabs-section has_text_color\" id=\"k45b\" style=\"background:var(--color-header-transparent-text);color:var(--color-header-top-text-hover);\"><button class=\"w-tabs-section-header\" aria-controls=\"content-k45b\" aria-expanded=\"false\"><div class=\"w-tabs-section-title\">Biletul WI15<\/div><div class=\"w-tabs-section-control\"><\/div><\/button><div  class=\"w-tabs-section-content\" id=\"content-k45b\"><div class=\"w-tabs-section-content-h i-cf\"><div class=\"wpb_text_column\"><div class=\"wpb_wrapper\"><p><span style=\"font-weight: 400;\">Copiii \u0219i adolescen\u021bii din Wiesbaden pot r\u0103m\u00e2ne p\u00e2n\u0103 la \u00eemplinirea v\u00e2rstei de 18 ani. Ziua de na\u0219tere utilizeaz\u0103 transportul public \u00een Hesse \u0219i Mainz pentru doar 15 \u20ac pe lun\u0103. Familiile cu venituri mici pl\u0103tesc doar 10 euro. \u00cen ciuda cre\u0219terii recente a biletului de student obi\u0219nuit Hessen de c\u0103tre RMV la aproximativ 32 \u20ac pe lun\u0103, ora\u0219ul Wiesbaden men\u021bine pre\u021bul biletului WI15 stabil. \u00cen acest fel, familiile sunt u\u0219urate \u00een mod special \u00een perioadele de infla\u021bie \u0219i de cre\u0219tere a costurilor de trai.<\/span><\/p>\n<\/div><\/div><\/div><\/div><\/div><div class=\"w-tabs-section has_text_color\" id=\"g584\" style=\"background:var(--color-header-transparent-text);color:var(--color-header-top-text-hover);\"><button class=\"w-tabs-section-header\" aria-controls=\"content-g584\" aria-expanded=\"false\"><div class=\"w-tabs-section-title\">\u00cenot gratuit \u00een timpul s\u0103rb\u0103torilor<\/div><div class=\"w-tabs-section-control\"><\/div><\/button><div  class=\"w-tabs-section-content\" id=\"content-g584\"><div class=\"w-tabs-section-content-h i-cf\"><div class=\"wpb_text_column\"><div class=\"wpb_wrapper\"><p><span style=\"font-weight: 400;\">\u00cencep\u00e2nd din decembrie 2023, copiii \u0219i adolescen\u021bii cu v\u00e2rsta de p\u00e2n\u0103 la 18 ani pot \u00eenota gratuit \u00een multe dintre piscinele din Wiesbaden \u00een timpul tuturor vacan\u021belor \u0219colare din Hessa.<\/span><\/p>\n<\/div><\/div><\/div><\/div><\/div><div class=\"w-tabs-section has_text_color\" id=\"f69c\" style=\"background:var(--color-header-transparent-text);color:var(--color-header-top-text-hover);\"><button class=\"w-tabs-section-header\" aria-controls=\"content-f69c\" aria-expanded=\"false\"><div class=\"w-tabs-section-title\">Mai mult\u0103 siguran\u021b\u0103 \u0219i mai pu\u021bin zgomot \u00een centrul ora\u0219ului<\/div><div class=\"w-tabs-section-control\"><\/div><\/button><div  class=\"w-tabs-section-content\" id=\"content-f69c\"><div class=\"w-tabs-section-content-h i-cf\"><div class=\"wpb_text_column\"><div class=\"wpb_wrapper\"><p><span style=\"font-weight: 400;\">40 km\/h pe drumurile principale \u0219i mai mult de 30 km\/h pe drumurile secundare \u00eenseamn\u0103 mai mult\u0103 siguran\u021b\u0103, \u00een special pentru copiii care traverseaz\u0103 str\u0103zile pe jos sau cu bicicleta. \u00cen acela\u0219i timp, poluarea fonic\u0103 pentru toat\u0103 lumea scade, ceea ce \u00eembun\u0103t\u0103\u021be\u0219te calitatea vie\u021bii \u0219i ne protejeaz\u0103 s\u0103n\u0103tatea.<\/span><\/p>\n<\/div><\/div><\/div><\/div><\/div><div class=\"w-tabs-section has_text_color\" id=\"m7b3\" style=\"background:var(--color-header-transparent-text);color:var(--color-header-top-text-hover);\"><button class=\"w-tabs-section-header\" aria-controls=\"content-m7b3\" aria-expanded=\"false\"><div class=\"w-tabs-section-title\">Extinderea pistelor sigure pentru biciclete<\/div><div class=\"w-tabs-section-control\"><\/div><\/button><div  class=\"w-tabs-section-content\" id=\"content-m7b3\"><div class=\"w-tabs-section-content-h i-cf\"><div class=\"wpb_text_column\"><div class=\"wpb_wrapper\"><p><span style=\"font-weight: 400;\">Traseele sigure pentru biciclete fac mai u\u0219or pentru copii, \u00een special, s\u0103 ajung\u0103 la \u0219coal\u0103 \u00een mod independent \u0219i cu mai pu\u021bin pericol, precum \u0219i s\u0103 c\u0103l\u0103toreasc\u0103 \u00een mod independent \u00een fiecare zi. De aceea, de exemplu, am transformat dou\u0103 str\u0103zi din apropierea \u0219colii, Lessingstra\u00dfe \u0219i Mosbacher Stra\u00dfe, \u00een drumuri pentru biciclete. Exemplul pistei pentru biciclete de pe paji\u0219tile de pe Rin arat\u0103, de asemenea, c\u0103 infrastructura este planificat\u0103 \u00een mod specific, astfel \u00eenc\u00e2t chiar \u0219i bicicli\u0219tii mai tineri s\u0103 o poat\u0103 utiliza \u00een condi\u021bii de siguran\u021b\u0103 \u00een timpul liber sau \u00een drum spre \u0219coal\u0103.<\/span><\/p>\n<\/div><\/div><\/div><\/div><\/div><div class=\"w-tabs-section has_text_color\" id=\"v8d7\" style=\"background:var(--color-header-transparent-text);color:var(--color-header-top-text-hover);\"><button class=\"w-tabs-section-header\" aria-controls=\"content-v8d7\" aria-expanded=\"false\"><div class=\"w-tabs-section-title\">Locuri de joac\u0103 moderne pentru un ora\u0219 prietenos cu familia<\/div><div class=\"w-tabs-section-control\"><\/div><\/button><div  class=\"w-tabs-section-content\" id=\"content-v8d7\"><div class=\"w-tabs-section-content-h i-cf\"><div class=\"wpb_text_column\"><div class=\"wpb_wrapper\"><p><span style=\"font-weight: 400;\">Facem Wiesbaden potrivit pentru familii: Prin conceptul de dezvoltare a locurilor de joac\u0103, cre\u0103m locuri moderne, sigure \u0219i incluzive de joac\u0103 \u0219i \u00eent\u00e2lnire pentru toate genera\u021biile. Numeroase facilit\u0103\u021bi precum Hohenloheplatz, Bolzplatz Bertramstra\u00dfe, Schlosspark Biebrich, Quellbornstra\u00dfe \u0219i Wallufer Platz au fost deja reproiectate sau sunt \u00een lucru. Noile oferte, cum ar fi terenul de joac\u0103 acvatic de la Luisenplatz, aduc, de asemenea, mai mult\u0103 bucurie \u0219i mi\u0219care \u00een districtele noastre \u2013 pentru un Wiesbaden care ofer\u0103 copiilor spa\u021biu de descoperit \u0219i locuri de \u00eent\u00e2lnire pentru familii.<\/span><\/p>\n<\/div><\/div><\/div><\/div><\/div><div class=\"w-tabs-section has_text_color\" id=\"n9f0\" style=\"background:var(--color-header-transparent-text);color:var(--color-header-top-text-hover);\"><button class=\"w-tabs-section-header\" aria-controls=\"content-n9f0\" aria-expanded=\"false\"><div class=\"w-tabs-section-title\">Str\u0103zi \u0219i pie\u021be sigure \u0219i pline de via\u021b\u0103<\/div><div class=\"w-tabs-section-control\"><\/div><\/button><div  class=\"w-tabs-section-content\" id=\"content-n9f0\"><div class=\"w-tabs-section-content-h i-cf\"><div class=\"wpb_text_column\"><div class=\"wpb_wrapper\"><p><span style=\"font-weight: 400;\">Proiect\u0103m str\u0103zile \u0219i pie\u021bele din Wiesbaden \u00een a\u0219a fel \u00eenc\u00e2t acestea s\u0103 fie sigure, verzi \u0219i s\u0103 merite tr\u0103ite \u0219i v\u0103 invit\u0103m s\u0103 sta\u021bi mai mult. Au fost finalizate reproiect\u0103rile Sedanplatz \u0219i Court Street, urmate de alte proiecte, cum ar fi B\u00fclowplatz, Wallufer Platz, Yorckstra\u00dfe, Schwalbacher Stra\u00dfe \u0219i Parcul Alsacian. Zonele verzi, mai mult\u0103 calitate a \u0219ederii \u0219i c\u0103ile sigure creeaz\u0103 locuri \u00een care familiile se simt confortabil. Odat\u0103 cu extinderea zonei pietonale Wellritzstra\u00dfe \u0219i modernizarea multor pie\u021be districtuale, facem din ora\u0219 un loc \u00een care copiii se pot deplasa \u0219i se pot juca liber \u0219i \u00een siguran\u021b\u0103 aproape de locul lor de re\u0219edin\u021b\u0103, chiar \u0219i \u00een zona urban\u0103.<\/span><\/p>\n<\/div><\/div><\/div><\/div><\/div><div class=\"w-tabs-section has_text_color\" id=\"ub09\" style=\"background:var(--color-header-transparent-text);color:var(--color-header-top-text-hover);\"><button class=\"w-tabs-section-header\" aria-controls=\"content-ub09\" aria-expanded=\"false\"><div class=\"w-tabs-section-title\">Timp liber, natur\u0103 \u0219i cultur\u0103 pentru toate genera\u021biile<\/div><div class=\"w-tabs-section-control\"><\/div><\/button><div  class=\"w-tabs-section-content\" id=\"content-ub09\"><div class=\"w-tabs-section-content-h i-cf\"><div class=\"wpb_text_column\"><div class=\"wpb_wrapper\"><p><span style=\"font-weight: 400;\">Prietenia fa\u021b\u0103 de familie este, de asemenea, evident\u0103 \u00een timpul liber \u0219i \u00een cultur\u0103. Fazantry a fost extins la Arche Park, parcul cultural extins \u0219i proiectat cu toalete \u0219i distribuitoare de ap\u0103 pentru familii. F\u00e2nt\u00e2na de joac\u0103 de la Luisenplatz, un nou loc de joac\u0103 acvatic \u00een facilit\u0103\u021bile Reisinger, care urmeaz\u0103 s\u0103 intre \u00een func\u021biune \u00een 2025, \u0219i evenimente precum Wiesbaden on Ice, pia\u021ba de stele c\u0103z\u0103toare pentru copii sau playmobilul, care este folosit \u00een diferite locuri, ofer\u0103 bucurie \u0219i \u00eent\u00e2lnire pentru tineri \u0219i b\u0103tr\u00e2ni.<\/span><\/p>\n<\/div><\/div><\/div><\/div><\/div><\/div><\/div><div class=\"w-separator size_medium\"><\/div><div class=\"w-btn-wrapper align_left\"><a class=\"w-btn us-btn-style_8 icon_atleft\" href=\"https:\/\/gruene-wiesbaden.de\/ro\/kommunalwahl\/#Kapitel2\"><i class=\"fas fa-chevron-circle-right\"><\/i><span class=\"w-btn-label\">\u00cenapoi la prezentare general\u0103<\/span><\/a><\/div><div class=\"w-separator size_large\"><\/div><\/div><\/div><\/div><\/div><\/section>","protected":false},"excerpt":{"rendered":"Copiii, familiile \u0219i p\u0103rin\u021bii singuri Copiii sunt viitorul nostru \u0219i au dreptul la condi\u021bii bune de via\u021b\u0103, indiferent de originea social\u0103 a familiilor lor. S\u0103r\u0103cia \u00een r\u00e2ndul copiilor este o problem\u0103 structural\u0103 care afecteaz\u0103 \u00een special femeile singure \u0219i familiile numeroase. Concilierea vie\u021bii profesionale cu via\u021ba de familie r\u0103m\u00e2ne o provocare social\u0103. Copiii au propriile drepturi \u0219i trebuie s\u0103 fie implica\u021bi \u00een procesele decizionale democratice.","protected":false},"author":1,"featured_media":1491,"comment_status":"closed","ping_status":"closed","sticky":false,"template":"","format":"standard","meta":{"footnotes":""},"categories":[15],"tags":[],"class_list":["post-1366","post","type-post","status-publish","format-standard","has-post-thumbnail","hentry","category-kapitel-2"],"yoast_head":"<!-- This site is optimized with the Yoast SEO plugin v27.5 - https:\/\/yoast.com\/product\/yoast-seo-wordpress\/ -->\n<title>Kinder, Familien und Alleinerziehende - B\u00dcNDNIS 90\/DIE GR\u00dcNEN Wiesbaden<\/title>\n<meta name=\"robots\" content=\"index, follow, max-snippet:-1, max-image-preview:large, max-video-preview:-1\" \/>\n<link rel=\"canonical\" href=\"https:\/\/gruene-wiesbaden.de\/ro\/kinder-familien-und-alleinerziehende\/\" \/>\n<meta property=\"og:locale\" content=\"ro_RO\" \/>\n<meta property=\"og:type\" content=\"article\" \/>\n<meta property=\"og:title\" content=\"Kinder, Familien und Alleinerziehende - B\u00dcNDNIS 90\/DIE GR\u00dcNEN Wiesbaden\" \/>\n<meta property=\"og:url\" content=\"https:\/\/gruene-wiesbaden.de\/ro\/kinder-familien-und-alleinerziehende\/\" \/>\n<meta property=\"og:site_name\" content=\"B\u00dcNDNIS 90\/DIE GR\u00dcNEN Wiesbaden\" \/>\n<meta property=\"article:publisher\" content=\"https:\/\/www.facebook.com\/gruene.wi\" \/>\n<meta property=\"article:published_time\" content=\"2025-11-09T22:18:23+00:00\" \/>\n<meta property=\"article:modified_time\" content=\"2026-04-09T08:38:51+00:00\" \/>\n<meta property=\"og:image\" content=\"https:\/\/gruene-wiesbaden.de\/wp-content\/uploads\/2025\/11\/2.8-Kinder-Familien-und-Alleinerziehende-scaled.jpg\" \/>\n\t<meta property=\"og:image:width\" content=\"2560\" \/>\n\t<meta property=\"og:image:height\" content=\"1707\" \/>\n\t<meta property=\"og:image:type\" content=\"image\/jpeg\" \/>\n<meta name=\"author\" content=\"admin\" \/>\n<meta name=\"twitter:card\" content=\"summary_large_image\" \/>\n<meta name=\"twitter:label1\" content=\"Scris de\" \/>\n\t<meta name=\"twitter:data1\" content=\"admin\" \/>\n\t<meta name=\"twitter:label2\" content=\"Timp estimat pentru citire\" \/>\n\t<meta name=\"twitter:data2\" content=\"10 minutes\" \/>\n<script type=\"application\/ld+json\" class=\"yoast-schema-graph\">{\"@context\":\"https:\\\/\\\/schema.org\",\"@graph\":[{\"@type\":\"Article\",\"@id\":\"https:\\\/\\\/gruene-wiesbaden.de\\\/kinder-familien-und-alleinerziehende\\\/#article\",\"isPartOf\":{\"@id\":\"https:\\\/\\\/gruene-wiesbaden.de\\\/kinder-familien-und-alleinerziehende\\\/\"},\"author\":{\"name\":\"admin\",\"@id\":\"https:\\\/\\\/gruene-wiesbaden.de\\\/#\\\/schema\\\/person\\\/6785c34779159cd4fd86886bb097afe9\"},\"headline\":\"Kinder, Familien und Alleinerziehende\",\"datePublished\":\"2025-11-09T22:18:23+00:00\",\"dateModified\":\"2026-04-09T08:38:51+00:00\",\"mainEntityOfPage\":{\"@id\":\"https:\\\/\\\/gruene-wiesbaden.de\\\/kinder-familien-und-alleinerziehende\\\/\"},\"wordCount\":2989,\"publisher\":{\"@id\":\"https:\\\/\\\/gruene-wiesbaden.de\\\/#organization\"},\"image\":{\"@id\":\"https:\\\/\\\/gruene-wiesbaden.de\\\/kinder-familien-und-alleinerziehende\\\/#primaryimage\"},\"thumbnailUrl\":\"https:\\\/\\\/gruene-wiesbaden.de\\\/wp-content\\\/uploads\\\/2025\\\/11\\\/2.8-Kinder-Familien-und-Alleinerziehende-scaled.jpg\",\"articleSection\":[\"Kapitel 2\"],\"inLanguage\":\"ro-RO\"},{\"@type\":\"WebPage\",\"@id\":\"https:\\\/\\\/gruene-wiesbaden.de\\\/kinder-familien-und-alleinerziehende\\\/\",\"url\":\"https:\\\/\\\/gruene-wiesbaden.de\\\/kinder-familien-und-alleinerziehende\\\/\",\"name\":\"Kinder, Familien und Alleinerziehende - B\u00dcNDNIS 90\\\/DIE GR\u00dcNEN Wiesbaden\",\"isPartOf\":{\"@id\":\"https:\\\/\\\/gruene-wiesbaden.de\\\/#website\"},\"primaryImageOfPage\":{\"@id\":\"https:\\\/\\\/gruene-wiesbaden.de\\\/kinder-familien-und-alleinerziehende\\\/#primaryimage\"},\"image\":{\"@id\":\"https:\\\/\\\/gruene-wiesbaden.de\\\/kinder-familien-und-alleinerziehende\\\/#primaryimage\"},\"thumbnailUrl\":\"https:\\\/\\\/gruene-wiesbaden.de\\\/wp-content\\\/uploads\\\/2025\\\/11\\\/2.8-Kinder-Familien-und-Alleinerziehende-scaled.jpg\",\"datePublished\":\"2025-11-09T22:18:23+00:00\",\"dateModified\":\"2026-04-09T08:38:51+00:00\",\"breadcrumb\":{\"@id\":\"https:\\\/\\\/gruene-wiesbaden.de\\\/kinder-familien-und-alleinerziehende\\\/#breadcrumb\"},\"inLanguage\":\"ro-RO\",\"potentialAction\":[{\"@type\":\"ReadAction\",\"target\":[\"https:\\\/\\\/gruene-wiesbaden.de\\\/kinder-familien-und-alleinerziehende\\\/\"]}]},{\"@type\":\"ImageObject\",\"inLanguage\":\"ro-RO\",\"@id\":\"https:\\\/\\\/gruene-wiesbaden.de\\\/kinder-familien-und-alleinerziehende\\\/#primaryimage\",\"url\":\"https:\\\/\\\/gruene-wiesbaden.de\\\/wp-content\\\/uploads\\\/2025\\\/11\\\/2.8-Kinder-Familien-und-Alleinerziehende-scaled.jpg\",\"contentUrl\":\"https:\\\/\\\/gruene-wiesbaden.de\\\/wp-content\\\/uploads\\\/2025\\\/11\\\/2.8-Kinder-Familien-und-Alleinerziehende-scaled.jpg\",\"width\":2560,\"height\":1707},{\"@type\":\"BreadcrumbList\",\"@id\":\"https:\\\/\\\/gruene-wiesbaden.de\\\/kinder-familien-und-alleinerziehende\\\/#breadcrumb\",\"itemListElement\":[{\"@type\":\"ListItem\",\"position\":1,\"name\":\"Startseite\",\"item\":\"https:\\\/\\\/gruene-wiesbaden.de\\\/\"},{\"@type\":\"ListItem\",\"position\":2,\"name\":\"Kinder, Familien und Alleinerziehende\"}]},{\"@type\":\"WebSite\",\"@id\":\"https:\\\/\\\/gruene-wiesbaden.de\\\/#website\",\"url\":\"https:\\\/\\\/gruene-wiesbaden.de\\\/\",\"name\":\"DIE GR\u00dcNEN Wiesbaden\",\"description\":\"\",\"publisher\":{\"@id\":\"https:\\\/\\\/gruene-wiesbaden.de\\\/#organization\"},\"potentialAction\":[{\"@type\":\"SearchAction\",\"target\":{\"@type\":\"EntryPoint\",\"urlTemplate\":\"https:\\\/\\\/gruene-wiesbaden.de\\\/?s={search_term_string}\"},\"query-input\":{\"@type\":\"PropertyValueSpecification\",\"valueRequired\":true,\"valueName\":\"search_term_string\"}}],\"inLanguage\":\"ro-RO\"},{\"@type\":\"Organization\",\"@id\":\"https:\\\/\\\/gruene-wiesbaden.de\\\/#organization\",\"name\":\"DIE GR\u00dcNEN Wiesbaden\",\"url\":\"https:\\\/\\\/gruene-wiesbaden.de\\\/\",\"logo\":{\"@type\":\"ImageObject\",\"inLanguage\":\"ro-RO\",\"@id\":\"https:\\\/\\\/gruene-wiesbaden.de\\\/#\\\/schema\\\/logo\\\/image\\\/\",\"url\":\"https:\\\/\\\/gruene-wiesbaden-fuer-europa.de\\\/wp-content\\\/uploads\\\/2024\\\/04\\\/Machen-was-zaehlt-5.png\",\"contentUrl\":\"https:\\\/\\\/gruene-wiesbaden-fuer-europa.de\\\/wp-content\\\/uploads\\\/2024\\\/04\\\/Machen-was-zaehlt-5.png\",\"width\":1772,\"height\":1772,\"caption\":\"DIE GR\u00dcNEN Wiesbaden\"},\"image\":{\"@id\":\"https:\\\/\\\/gruene-wiesbaden.de\\\/#\\\/schema\\\/logo\\\/image\\\/\"},\"sameAs\":[\"https:\\\/\\\/www.facebook.com\\\/gruene.wi\",\"https:\\\/\\\/instagram.com\\\/gruene_wi\"]},{\"@type\":\"Person\",\"@id\":\"https:\\\/\\\/gruene-wiesbaden.de\\\/#\\\/schema\\\/person\\\/6785c34779159cd4fd86886bb097afe9\",\"name\":\"admin\",\"sameAs\":[\"http:\\\/\\\/gruene-wiesbaden-fuer-europa.de\"],\"url\":\"https:\\\/\\\/gruene-wiesbaden.de\\\/ro\\\/author\\\/admin\\\/\"}]}<\/script>\n<!-- \/ Yoast SEO plugin. -->","yoast_head_json":{"title":"Kinder, Familien und Alleinerziehende - B\u00dcNDNIS 90\/DIE GR\u00dcNEN Wiesbaden","robots":{"index":"index","follow":"follow","max-snippet":"max-snippet:-1","max-image-preview":"max-image-preview:large","max-video-preview":"max-video-preview:-1"},"canonical":"https:\/\/gruene-wiesbaden.de\/ro\/kinder-familien-und-alleinerziehende\/","og_locale":"ro_RO","og_type":"article","og_title":"Kinder, Familien und Alleinerziehende - B\u00dcNDNIS 90\/DIE GR\u00dcNEN Wiesbaden","og_url":"https:\/\/gruene-wiesbaden.de\/ro\/kinder-familien-und-alleinerziehende\/","og_site_name":"B\u00dcNDNIS 90\/DIE GR\u00dcNEN Wiesbaden","article_publisher":"https:\/\/www.facebook.com\/gruene.wi","article_published_time":"2025-11-09T22:18:23+00:00","article_modified_time":"2026-04-09T08:38:51+00:00","og_image":[{"width":2560,"height":1707,"url":"https:\/\/gruene-wiesbaden.de\/wp-content\/uploads\/2025\/11\/2.8-Kinder-Familien-und-Alleinerziehende-scaled.jpg","type":"image\/jpeg"}],"author":"admin","twitter_card":"summary_large_image","twitter_misc":{"Scris de":"admin","Timp estimat pentru citire":"10 minutes"},"schema":{"@context":"https:\/\/schema.org","@graph":[{"@type":"Article","@id":"https:\/\/gruene-wiesbaden.de\/kinder-familien-und-alleinerziehende\/#article","isPartOf":{"@id":"https:\/\/gruene-wiesbaden.de\/kinder-familien-und-alleinerziehende\/"},"author":{"name":"admin","@id":"https:\/\/gruene-wiesbaden.de\/#\/schema\/person\/6785c34779159cd4fd86886bb097afe9"},"headline":"Kinder, Familien und Alleinerziehende","datePublished":"2025-11-09T22:18:23+00:00","dateModified":"2026-04-09T08:38:51+00:00","mainEntityOfPage":{"@id":"https:\/\/gruene-wiesbaden.de\/kinder-familien-und-alleinerziehende\/"},"wordCount":2989,"publisher":{"@id":"https:\/\/gruene-wiesbaden.de\/#organization"},"image":{"@id":"https:\/\/gruene-wiesbaden.de\/kinder-familien-und-alleinerziehende\/#primaryimage"},"thumbnailUrl":"https:\/\/gruene-wiesbaden.de\/wp-content\/uploads\/2025\/11\/2.8-Kinder-Familien-und-Alleinerziehende-scaled.jpg","articleSection":["Kapitel 2"],"inLanguage":"ro-RO"},{"@type":"WebPage","@id":"https:\/\/gruene-wiesbaden.de\/kinder-familien-und-alleinerziehende\/","url":"https:\/\/gruene-wiesbaden.de\/kinder-familien-und-alleinerziehende\/","name":"Kinder, Familien und Alleinerziehende - B\u00dcNDNIS 90\/DIE GR\u00dcNEN Wiesbaden","isPartOf":{"@id":"https:\/\/gruene-wiesbaden.de\/#website"},"primaryImageOfPage":{"@id":"https:\/\/gruene-wiesbaden.de\/kinder-familien-und-alleinerziehende\/#primaryimage"},"image":{"@id":"https:\/\/gruene-wiesbaden.de\/kinder-familien-und-alleinerziehende\/#primaryimage"},"thumbnailUrl":"https:\/\/gruene-wiesbaden.de\/wp-content\/uploads\/2025\/11\/2.8-Kinder-Familien-und-Alleinerziehende-scaled.jpg","datePublished":"2025-11-09T22:18:23+00:00","dateModified":"2026-04-09T08:38:51+00:00","breadcrumb":{"@id":"https:\/\/gruene-wiesbaden.de\/kinder-familien-und-alleinerziehende\/#breadcrumb"},"inLanguage":"ro-RO","potentialAction":[{"@type":"ReadAction","target":["https:\/\/gruene-wiesbaden.de\/kinder-familien-und-alleinerziehende\/"]}]},{"@type":"ImageObject","inLanguage":"ro-RO","@id":"https:\/\/gruene-wiesbaden.de\/kinder-familien-und-alleinerziehende\/#primaryimage","url":"https:\/\/gruene-wiesbaden.de\/wp-content\/uploads\/2025\/11\/2.8-Kinder-Familien-und-Alleinerziehende-scaled.jpg","contentUrl":"https:\/\/gruene-wiesbaden.de\/wp-content\/uploads\/2025\/11\/2.8-Kinder-Familien-und-Alleinerziehende-scaled.jpg","width":2560,"height":1707},{"@type":"BreadcrumbList","@id":"https:\/\/gruene-wiesbaden.de\/kinder-familien-und-alleinerziehende\/#breadcrumb","itemListElement":[{"@type":"ListItem","position":1,"name":"Startseite","item":"https:\/\/gruene-wiesbaden.de\/"},{"@type":"ListItem","position":2,"name":"Kinder, Familien und Alleinerziehende"}]},{"@type":"WebSite","@id":"https:\/\/gruene-wiesbaden.de\/#website","url":"https:\/\/gruene-wiesbaden.de\/","name":"DIE GR\u00dcNEN Wiesbaden","description":"","publisher":{"@id":"https:\/\/gruene-wiesbaden.de\/#organization"},"potentialAction":[{"@type":"SearchAction","target":{"@type":"EntryPoint","urlTemplate":"https:\/\/gruene-wiesbaden.de\/?s={search_term_string}"},"query-input":{"@type":"PropertyValueSpecification","valueRequired":true,"valueName":"search_term_string"}}],"inLanguage":"ro-RO"},{"@type":"Organization","@id":"https:\/\/gruene-wiesbaden.de\/#organization","name":"DIE GR\u00dcNEN Wiesbaden","url":"https:\/\/gruene-wiesbaden.de\/","logo":{"@type":"ImageObject","inLanguage":"ro-RO","@id":"https:\/\/gruene-wiesbaden.de\/#\/schema\/logo\/image\/","url":"https:\/\/gruene-wiesbaden-fuer-europa.de\/wp-content\/uploads\/2024\/04\/Machen-was-zaehlt-5.png","contentUrl":"https:\/\/gruene-wiesbaden-fuer-europa.de\/wp-content\/uploads\/2024\/04\/Machen-was-zaehlt-5.png","width":1772,"height":1772,"caption":"DIE GR\u00dcNEN Wiesbaden"},"image":{"@id":"https:\/\/gruene-wiesbaden.de\/#\/schema\/logo\/image\/"},"sameAs":["https:\/\/www.facebook.com\/gruene.wi","https:\/\/instagram.com\/gruene_wi"]},{"@type":"Person","@id":"https:\/\/gruene-wiesbaden.de\/#\/schema\/person\/6785c34779159cd4fd86886bb097afe9","name":"admin","sameAs":["http:\/\/gruene-wiesbaden-fuer-europa.de"],"url":"https:\/\/gruene-wiesbaden.de\/ro\/author\/admin\/"}]}},"_links":{"self":[{"href":"https:\/\/gruene-wiesbaden.de\/ro\/wp-json\/wp\/v2\/posts\/1366","targetHints":{"allow":["GET"]}}],"collection":[{"href":"https:\/\/gruene-wiesbaden.de\/ro\/wp-json\/wp\/v2\/posts"}],"about":[{"href":"https:\/\/gruene-wiesbaden.de\/ro\/wp-json\/wp\/v2\/types\/post"}],"author":[{"embeddable":true,"href":"https:\/\/gruene-wiesbaden.de\/ro\/wp-json\/wp\/v2\/users\/1"}],"replies":[{"embeddable":true,"href":"https:\/\/gruene-wiesbaden.de\/ro\/wp-json\/wp\/v2\/comments?post=1366"}],"version-history":[{"count":7,"href":"https:\/\/gruene-wiesbaden.de\/ro\/wp-json\/wp\/v2\/posts\/1366\/revisions"}],"predecessor-version":[{"id":2396,"href":"https:\/\/gruene-wiesbaden.de\/ro\/wp-json\/wp\/v2\/posts\/1366\/revisions\/2396"}],"wp:featuredmedia":[{"embeddable":true,"href":"https:\/\/gruene-wiesbaden.de\/ro\/wp-json\/wp\/v2\/media\/1491"}],"wp:attachment":[{"href":"https:\/\/gruene-wiesbaden.de\/ro\/wp-json\/wp\/v2\/media?parent=1366"}],"wp:term":[{"taxonomy":"category","embeddable":true,"href":"https:\/\/gruene-wiesbaden.de\/ro\/wp-json\/wp\/v2\/categories?post=1366"},{"taxonomy":"post_tag","embeddable":true,"href":"https:\/\/gruene-wiesbaden.de\/ro\/wp-json\/wp\/v2\/tags?post=1366"}],"curies":[{"name":"wp","href":"https:\/\/api.w.org\/{rel}","templated":true}]}}