{"id":1359,"date":"2025-11-10T00:15:14","date_gmt":"2025-11-09T22:15:14","guid":{"rendered":"https:\/\/gruene-wiesbaden.de\/?p=1359"},"modified":"2026-04-09T10:34:43","modified_gmt":"2026-04-09T08:34:43","slug":"zivilgesellschaftliches-engagement-und-demokratiefoerderung","status":"publish","type":"post","link":"https:\/\/gruene-wiesbaden.de\/ro\/zivilgesellschaftliches-engagement-und-demokratiefoerderung\/","title":{"rendered":"Implicarea societ\u0103\u021bii civile \u0219i promovarea democra\u021biei"},"content":{"rendered":"<section class=\"l-section wpb_row height_medium with_img\"><div class=\"l-section-img\" role=\"img\" data-img-width=\"1080\" data-img-height=\"800\" style=\"background-image: url(https:\/\/gruene-wiesbaden.de\/wp-content\/uploads\/2025\/11\/neuer-Verlauf-gruene-wiesbaden.de_-2-e1762709402177.png);\"><\/div><div class=\"l-section-overlay\" style=\"background:var(--color-header-top-transparent-bg)\"><\/div><div class=\"l-section-h i-cf\"><div class=\"g-cols vc_row via_grid cols_1 laptops-cols_inherit tablets-cols_inherit mobiles-cols_1 valign_top type_default stacking_default\"><div class=\"wpb_column vc_column_container\"><div class=\"vc_column-inner\"><h1 class=\"w-post-elm post_title us_custom_a574d586 has_text_color entry-title\">Implicarea societ\u0103\u021bii civile \u0219i promovarea democra\u021biei<\/h1><div class=\"w-separator size_medium\"><\/div><div class=\"g-cols wpb_row via_grid cols_2-1 laptops-cols_inherit tablets-cols_inherit mobiles-cols_1 valign_top type_default stacking_default\" style=\"--columns-gap:3rem;\"><div class=\"wpb_column vc_column_container\"><div class=\"vc_column-inner\"><div class=\"wpb_text_column us_custom_8b3d6790 has_text_color\"><div class=\"wpb_wrapper\"><p><span style=\"font-weight: 400;\">Capacitatea de a participa la dezvoltarea propriei comunit\u0103\u021bi, fie prin formate de participare pentru cet\u0103\u021beni, punerea \u00een aplicare \u00een comun a proiectelor \u00een district sau activitatea de voluntariat caritabil \u00een asocia\u021bii, ini\u021biative sau funda\u021bii, \u00eent\u0103re\u0219te sentimentul de comunitate, sparge barierele, aduce oamenii \u00eempreun\u0103, cre\u0219te identificarea cu comunitatea \u0219i este una dintre cele mai eficiente m\u0103suri \u00eempotriva urii, a discursului de ur\u0103, a intoleran\u021bei \u0219i a excluziunii.<\/span><\/p>\n<p><span style=\"font-weight: 400;\">\u00cen special politica municipal\u0103 are o responsabilitate special\u0103 \u00een acest sens: Aceasta creeaz\u0103 condi\u021biile-cadru \u00een care se poate dezvolta implicarea societ\u0103\u021bii civile, deschide spa\u021bii pentru dialog \u0219i \u00eent\u00e2lnire \u0219i asigur\u0103 faptul c\u0103 cet\u0103\u021benii pot fi direct eficien\u021bi \u00een ceea ce prive\u0219te ideile, preocup\u0103rile \u0219i competen\u021bele lor.<\/span><\/p>\n<\/div><\/div><div class=\"w-separator size_medium\"><\/div><div class=\"w-btn-wrapper align_left\"><a class=\"w-btn us-btn-style_8 icon_atleft\" href=\"https:\/\/gruene-wiesbaden.de\/ro\/kommunalwahl\/#Kapitel2\"><i class=\"fas fa-chevron-circle-right\"><\/i><span class=\"w-btn-label\">\u00cenapoi la prezentare general\u0103<\/span><\/a><\/div><\/div><\/div><div class=\"wpb_column vc_column_container\"><div class=\"vc_column-inner\"><div class=\"w-image align_center\"><div class=\"w-image-h\"><img decoding=\"async\" width=\"750\" height=\"750\" src=\"https:\/\/gruene-wiesbaden.de\/wp-content\/uploads\/2025\/11\/2.6-Zivilgesellschaftliches-Engagement-1.jpg\" class=\"attachment-full size-full\" alt=\"\" loading=\"lazy\" srcset=\"https:\/\/gruene-wiesbaden.de\/wp-content\/uploads\/2025\/11\/2.6-Zivilgesellschaftliches-Engagement-1.jpg 750w, https:\/\/gruene-wiesbaden.de\/wp-content\/uploads\/2025\/11\/2.6-Zivilgesellschaftliches-Engagement-1-400x400.jpg 400w, https:\/\/gruene-wiesbaden.de\/wp-content\/uploads\/2025\/11\/2.6-Zivilgesellschaftliches-Engagement-1-600x600.jpg 600w, https:\/\/gruene-wiesbaden.de\/wp-content\/uploads\/2025\/11\/2.6-Zivilgesellschaftliches-Engagement-1-150x150.jpg 150w\" sizes=\"auto, (max-width: 750px) 100vw, 750px\" \/><\/div><\/div><div class=\"w-separator size_small\"><\/div><\/div><\/div><\/div><div class=\"w-separator size_medium\"><\/div><div class=\"w-separator size_medium\"><\/div><div class=\"wpb_text_column\"><div class=\"wpb_wrapper\"><h1>Ce \u00eenseamn\u0103 pentru noi angajamentul societ\u0103\u021bii civile \u0219i promovarea democra\u021biei<\/h1>\n<\/div><\/div><div class=\"w-separator size_large\"><\/div><div class=\"g-cols wpb_row via_grid cols_3 laptops-cols_inherit tablets-cols_inherit mobiles-cols_1 valign_top type_default stacking_default\" style=\"--columns-gap:3rem;\"><div class=\"wpb_column vc_column_container\"><div class=\"vc_column-inner\"><div class=\"w-iconbox us_custom_8b3d6790 has_text_color iconpos_left style_default color_custom align_left\"><div class=\"w-iconbox-icon\" style=\"font-size:2rem;--icon-color:#Ffffff;--icon-bg-color:var(--color-header-middle-bg);\"><i class=\"fas fa-layer-group\"><\/i><\/div><div class=\"w-iconbox-meta\"><h4 class=\"w-iconbox-title\" style=\"font-size:1.5rem;\">Implicarea societ\u0103\u021bii civile promoveaz\u0103 \u00eent\u00e2lnirile \u0219i construie\u0219te pun\u021bi<\/h4><div class=\"w-iconbox-text\"><p><span style=\"font-weight: 400;\">Cei care lucreaz\u0103 \u00eempreun\u0103 cresc \u00eempreun\u0103. Acest lucru creeaz\u0103 apropiere, \u00een\u021belegere reciproc\u0103 \u0219i promoveaz\u0103 acceptarea reciproc\u0103. Acest lucru, la r\u00e2ndul s\u0103u, promoveaz\u0103 diversitatea, incluziunea \u0219i integrarea.<\/span><\/p>\n<\/div><\/div><\/div><\/div><\/div><div class=\"wpb_column vc_column_container\"><div class=\"vc_column-inner\"><div class=\"w-iconbox us_custom_8b3d6790 has_text_color iconpos_left style_default color_custom align_left\"><div class=\"w-iconbox-icon\" style=\"font-size:2rem;--icon-color:#Ffffff;--icon-bg-color:var(--color-header-transparent-text);\"><i class=\"fas fa-layer-group\"><\/i><\/div><div class=\"w-iconbox-meta\"><h4 class=\"w-iconbox-title\" style=\"font-size:1.5rem;\">Participarea societ\u0103\u021bii urbane consolideaz\u0103 democra\u021bia<\/h4><div class=\"w-iconbox-text\"><p><span style=\"font-weight: 400;\">Procesele de participare pentru societatea urban\u0103 promoveaz\u0103 participarea \u0219i puterea creativ\u0103. Acest lucru consolideaz\u0103 structurile democratice, creeaz\u0103 dezam\u0103gire politic\u0103, consolideaz\u0103 influen\u021ba cet\u0103\u021benilor \u0219i conduce la o mai mare acceptare a deciziilor politice.<\/span><\/p>\n<\/div><\/div><\/div><\/div><\/div><div class=\"wpb_column vc_column_container\"><div class=\"vc_column-inner\"><div class=\"w-iconbox us_custom_8b3d6790 has_text_color iconpos_left style_default color_custom align_left\"><div class=\"w-iconbox-icon\" style=\"font-size:2rem;--icon-color:#Ffffff;--icon-bg-color:var(--color-header-transparent-text);\"><i class=\"fas fa-layer-group\"><\/i><\/div><div class=\"w-iconbox-meta\"><h4 class=\"w-iconbox-title\" style=\"font-size:1.5rem;\">Angajamentul promoveaz\u0103 participarea<\/h4><div class=\"w-iconbox-text\"><p><span style=\"font-weight: 400;\">Cei care se angajeaz\u0103 rapid g\u0103sesc leg\u0103turi, formeaz\u0103 leg\u0103turi, formeaz\u0103 prietenii \u0219i, astfel, experimenteaz\u0103 eficacitatea propriului angajament. Acest lucru spore\u0219te identificarea cu municipalitatea, l\u0103rge\u0219te orizonturile, face tangibile procesele democratice de negociere \u0219i propriile posibilit\u0103\u021bi de proiectare.<\/span><\/p>\n<\/div><\/div><\/div><\/div><\/div><\/div><div class=\"w-separator size_medium\"><\/div><div class=\"w-separator size_medium\"><\/div><div class=\"w-btn-wrapper align_left\"><a class=\"w-btn us-btn-style_8 icon_atleft\" href=\"https:\/\/gruene-wiesbaden.de\/ro\/kommunalwahl\/#Kapitel2\"><i class=\"fas fa-chevron-circle-right\"><\/i><span class=\"w-btn-label\">\u00cenapoi la prezentare general\u0103<\/span><\/a><\/div><div class=\"w-separator size_medium\"><\/div><\/div><\/div><\/div><\/div><\/section><section class=\"l-section wpb_row height_auto with_img\"><div class=\"l-section-img\" role=\"img\" data-img-width=\"750\" data-img-height=\"750\" style=\"background-image: url(https:\/\/gruene-wiesbaden.de\/wp-content\/uploads\/2025\/11\/2.6-Zivilgesellschaftliches-Engagement-1.jpg);background-repeat: no-repeat;\"><\/div><div class=\"l-section-overlay\" style=\"background:var(--color-header-top-transparent-bg)\"><\/div><div class=\"l-section-h i-cf\"><div class=\"g-cols vc_row via_grid cols_1 laptops-cols_inherit tablets-cols_inherit mobiles-cols_1 valign_middle type_default stacking_default\" style=\"--columns-gap:1rem;\"><div class=\"wpb_column vc_column_container\"><div class=\"vc_column-inner\"><div class=\"w-separator size_large\"><\/div><div class=\"wpb_text_column background_inside_text\"><div class=\"wpb_wrapper\"><h1>Ce vrem s\u0103 facem \u00een mod special \u00een acest domeniu<\/h1>\n<\/div><\/div><div class=\"w-separator size_medium\"><\/div><div class=\"w-tabs us_custom_42d693a0 has_text_color style_default switch_click accordion has_scrolling\" style=\"--sections-title-size:1.4rem\"><div class=\"w-tabs-sections titles-align_none icon_chevron cpos_right\"><div class=\"w-tabs-section has_text_color\" id=\"reb4\" style=\"background:var(--color-header-transparent-text);color:var(--color-header-top-text-hover);\"><button class=\"w-tabs-section-header\" aria-controls=\"content-reb4\" aria-expanded=\"false\"><div class=\"w-tabs-section-title\">Educa\u021bia civic\u0103 pentru activarea societ\u0103\u021bii civile<\/div><div class=\"w-tabs-section-control\"><\/div><\/button><div  class=\"w-tabs-section-content\" id=\"content-reb4\"><div class=\"w-tabs-section-content-h i-cf\"><div class=\"wpb_text_column\"><div class=\"wpb_wrapper\"><p><span style=\"font-weight: 400;\">Democra\u021bia se bazeaz\u0103 pe participare. Numai o societate civil\u0103 activ\u0103 \u0219i critic\u0103 are puterea de a ap\u0103ra democra\u021bia \u00eempotriva for\u021belor de dreapta care doresc s\u0103 o distrug\u0103. Noi, cei din Wiesbaden, Consiliul pentru Refugia\u021bi sau Consiliul Consultativ pentru Str\u0103ini: Wiesbaden are un num\u0103r mare de asocia\u021bii, ini\u021biative \u0219i institu\u021bii care sunt angajate \u00eentr-o societate deschis\u0103 \u0219i divers\u0103. Dorim s\u0103 p\u0103str\u0103m aceste structuri \u0219i s\u0103 le ap\u0103r\u0103m \u00eempotriva ingerin\u021belor juridice. Chiar \u0219i \u00een situa\u021bii bugetare dificile.<\/span><\/p>\n<\/div><\/div><\/div><\/div><\/div><div class=\"w-tabs-section has_text_color\" id=\"jfd0\" style=\"background:var(--color-header-transparent-text);color:var(--color-header-top-text-hover);\"><button class=\"w-tabs-section-header\" aria-controls=\"content-jfd0\" aria-expanded=\"false\"><div class=\"w-tabs-section-title\">O \"S\u0103pt\u0103m\u00e2n\u0103 a Democra\u021biei\" anual\u0103 \u00een cartierele \u00een schimbare<\/div><div class=\"w-tabs-section-control\"><\/div><\/button><div  class=\"w-tabs-section-content\" id=\"content-jfd0\"><div class=\"w-tabs-section-content-h i-cf\"><div class=\"wpb_text_column\"><div class=\"wpb_wrapper\"><p><span style=\"font-weight: 400;\">De\u0219i, de facto, ordinea democratic\u0103 de baz\u0103, inclusiv drepturile fundamentale, modeleaz\u0103 \u00een mod semnificativ via\u021ba de zi cu zi a locuitorilor din Wiesbaden, con\u0219tientizarea concret\u0103 a acestui lucru este \u00een sc\u0103dere. Pentru a face democra\u021bia tangibil\u0103 \u0219i tangibil\u0103 din nou, dorim s\u0103 transport\u0103m concret ceea ce democra\u021bia este \u0219i face \u00een fiecare s\u0103pt\u0103m\u00e2n\u0103 \u00een ateliere, lecturi, meciuri de fotbal, evenimente de jocuri \u0219i altele asemenea. Proiectul-pilot sau modelul este prima S\u0103pt\u0103m\u00e2n\u0103 a democra\u021biei Klarenthal din perioada 22-26 septembrie 2025.<\/span><\/p>\n<\/div><\/div><\/div><\/div><\/div><div class=\"w-tabs-section has_text_color\" id=\"m0e5\" style=\"background:var(--color-header-transparent-text);color:var(--color-header-top-text-hover);\"><button class=\"w-tabs-section-header\" aria-controls=\"content-m0e5\" aria-expanded=\"false\"><div class=\"w-tabs-section-title\">Consolidarea \u00eenfr\u0103\u021birii ora\u0219elor<\/div><div class=\"w-tabs-section-control\"><\/div><\/button><div  class=\"w-tabs-section-content\" id=\"content-m0e5\"><div class=\"w-tabs-section-content-h i-cf\"><div class=\"wpb_text_column\"><div class=\"wpb_wrapper\"><p><span style=\"font-weight: 400;\">Wiesbaden este Rainbow City, ora\u0219 european, \u00een alian\u021ba NExT \u0219i particip\u0103 la Federal Network DemocracyLife. Dorim s\u0103 acord\u0103m mai mult sprijin asocia\u021biilor de parteneriat pentru a promova \u00een continuare schimbul \u0219i consolidarea valorilor democratice. Acest lucru se datoreaz\u0103, de asemenea, faptului c\u0103 exist\u0103 ora\u0219e partenere \u00een care valorile democratice \u0219i diversitatea tr\u0103it\u0103 sunt supuse din ce \u00een ce mai mult presiunii, cum ar fi Istanbul sau G\u00f6rlitz.<\/span><\/p>\n<\/div><\/div><\/div><\/div><\/div><div class=\"w-tabs-section has_text_color\" id=\"u1fc\" style=\"background:var(--color-header-middle-bg);color:var(--color-content-heading);\"><button class=\"w-tabs-section-header\" aria-controls=\"content-u1fc\" aria-expanded=\"false\"><div class=\"w-tabs-section-title\">Proiect-pilot al Consiliului cet\u0103\u021benilor<\/div><div class=\"w-tabs-section-control\"><\/div><\/button><div  class=\"w-tabs-section-content\" id=\"content-u1fc\"><div class=\"w-tabs-section-content-h i-cf\"><div class=\"wpb_text_column\"><div class=\"wpb_wrapper\"><p><span style=\"font-weight: 400;\">Reziden\u021bii importan\u021bi din Wiesbaden, \u00een special tinerii \u0219i persoanele care provin din familii de migran\u021bi, au \u00een prezent un acces relativ redus la oportunit\u0103\u021bile deja existente de participare a cet\u0103\u021benilor \u2013 cum ar fi consiliile locale, consiliul consultativ al cet\u0103\u021benilor \u00een v\u00e2rst\u0103 sau consiliul consultativ al str\u0103inilor. Prin urmare, ar trebui deschis un acces suplimentar pentru finalizarea acestui sistem: un Consiliu al cet\u0103\u021benilor. Acest lucru poate fi convocat pe teme relevante la nivelul \u00eentregului ora\u0219. Participarea este posibil\u0103 pentru to\u021bi reziden\u021bii din Wiesbaden. Dorim s\u0103 promov\u0103m un proiect-pilot pentru a testa acest format la nivel de ora\u0219.<\/span><\/p>\n<\/div><\/div><\/div><\/div><\/div><div class=\"w-tabs-section has_text_color\" id=\"r32d\" style=\"background:var(--color-header-transparent-text);color:var(--color-header-top-text-hover);\"><button class=\"w-tabs-section-header\" aria-controls=\"content-r32d\" aria-expanded=\"false\"><div class=\"w-tabs-section-title\">Consolidarea particip\u0103rii<\/div><div class=\"w-tabs-section-control\"><\/div><\/button><div  class=\"w-tabs-section-content\" id=\"content-r32d\"><div class=\"w-tabs-section-content-h i-cf\"><div class=\"wpb_text_column\"><div class=\"wpb_wrapper\"><p><span style=\"font-weight: 400;\">Construim formate existente, cum ar fi <\/span><i><span style=\"font-weight: 400;\">Wiesbaden lucreaz\u0103 <\/span><\/i><span style=\"font-weight: 400;\">Dezvoltarea \u0219i dezvoltarea consecvent\u0103 a unor noi instrumente de participare digital\u0103. Acest lucru face crearea \u00een comun mai u\u0219oar\u0103, mai transparent\u0103 \u0219i mai atractiv\u0103. Cet\u0103\u021benii au o influen\u021b\u0103 mai mare asupra proiectelor din ora\u0219ul lor \u2013 de la planificare urban\u0103 \u0219i cultur\u0103 la protec\u021bia mediului \u0219i a climei. Prin ofertele hibride (la fa\u021ba locului \u0219i digitale), dorim s\u0103 ne adres\u0103m \u00een special tinerilor \u0219i grupurilor la care nu s-a ajuns \u00eenc\u0103. Wiesbaden devine astfel un ora\u0219 \u00een care participarea este o chestiune de curs \u0219i deciziile sunt luate \u00eempreun\u0103.<\/span><\/p>\n<\/div><\/div><\/div><\/div><\/div><div class=\"w-tabs-section has_text_color\" id=\"f444\" style=\"background:var(--color-header-middle-bg);color:var(--color-header-middle-text);\"><button class=\"w-tabs-section-header\" aria-controls=\"content-f444\" aria-expanded=\"false\"><div class=\"w-tabs-section-title\">Men\u021binerea \u0219i consolidarea structurilor existente<\/div><div class=\"w-tabs-section-control\"><\/div><\/button><div  class=\"w-tabs-section-content\" id=\"content-f444\"><div class=\"w-tabs-section-content-h i-cf\"><div class=\"wpb_text_column\"><div class=\"wpb_wrapper\"><p><span style=\"font-weight: 400;\">Wiesbaden a construit o infrastructur\u0103 ampl\u0103 \u00eempreun\u0103 cu Centrul de Voluntariat, Funda\u021bia Wiesbaden, Centrul de Servicii pentru Asocia\u021bii sau B\u00fcrgerkolleg. Acest lucru nu numai c\u0103 introduce oamenii \u00een activitatea caritabil\u0103 \u0219i multitudinea de ini\u021biative \u0219i asocia\u021bii active, ci \u0219i calific\u0103 oamenii \u00eentr-o mare varietate de domenii, astfel \u00eenc\u00e2t s\u0103 poat\u0103 lucra pe baz\u0103 de voluntariat. Mai ales \u00een vremuri de gospod\u0103rii tensionate, aceast\u0103 re\u021bea existent\u0103 nu trebuie atacat\u0103, ci trebuie extins\u0103 \u00een viitor.<\/span><\/p>\n<\/div><\/div><\/div><\/div><\/div><div class=\"w-tabs-section has_text_color\" id=\"j559\" style=\"background:var(--color-header-transparent-text);color:var(--color-header-top-text-hover);\"><button class=\"w-tabs-section-header\" aria-controls=\"content-j559\" aria-expanded=\"false\"><div class=\"w-tabs-section-title\">Angajamentul are nevoie de tinere talente<\/div><div class=\"w-tabs-section-control\"><\/div><\/button><div  class=\"w-tabs-section-content\" id=\"content-j559\"><div class=\"w-tabs-section-content-h i-cf\"><div class=\"wpb_text_column\"><div class=\"wpb_wrapper\"><p><span style=\"font-weight: 400;\">Pentru a ne asigura c\u0103 oamenii continu\u0103 s\u0103 se implice \u00een comunitatea noastr\u0103, dorim s\u0103 sprijinim m\u0103surile care \u00eei inspir\u0103 pe tineri s\u0103 se implice mai puternic. Prin urmare, trebuie promovate \u00een continuare programe precum \u201eTineri \u0219i angaja\u021bi\u201d sau institu\u021bii precum Centrul de informare pentru tineret (JIZ) sau Parlamentul tineretului, astfel \u00eenc\u00e2t tinerii s\u0103 se poat\u0103 bucura de participare \u0219i angajament. \u00cen plus, dorim s\u0103 sprijinim m\u0103surile care sporesc aprecierea pentru persoanele care fac voluntariat. Prin urmare, dorim s\u0103 facem mai bine cunoscut cardul de voluntariat \u0219i s\u0103 introducem o petrecere de mul\u021bumire pentru voluntari o dat\u0103 pe an.<\/span><\/p>\n<\/div><\/div><\/div><\/div><\/div><\/div><\/div><div class=\"w-separator size_medium\"><\/div><div class=\"w-btn-wrapper align_left\"><a class=\"w-btn us-btn-style_8 icon_atleft\" href=\"https:\/\/gruene-wiesbaden.de\/ro\/kommunalwahl\/#Kapitel2\"><i class=\"fas fa-chevron-circle-right\"><\/i><span class=\"w-btn-label\">\u00cenapoi la prezentare general\u0103<\/span><\/a><\/div><div class=\"w-separator size_large\"><\/div><div class=\"wpb_text_column\"><div class=\"wpb_wrapper\"><h1>Ceea ce am realizat deja<\/h1>\n<\/div><\/div><div class=\"w-separator size_medium\"><\/div><div class=\"w-tabs us_custom_42d693a0 has_text_color style_default switch_click accordion has_scrolling\" style=\"--sections-title-size:1.4rem\"><div class=\"w-tabs-sections titles-align_none icon_chevron cpos_right\"><div class=\"w-tabs-section has_text_color\" id=\"m52d\" style=\"background:var(--color-header-transparent-text);color:var(--color-header-top-text-hover);\"><button class=\"w-tabs-section-header\" aria-controls=\"content-m52d\" aria-expanded=\"false\"><div class=\"w-tabs-section-title\">Dein.Wiesbaden devine Wiesbaden<\/div><div class=\"w-tabs-section-control\"><\/div><\/button><div  class=\"w-tabs-section-content\" id=\"content-m52d\"><div class=\"w-tabs-section-content-h i-cf\"><div class=\"wpb_text_column\"><div class=\"wpb_wrapper\"><p><span style=\"font-weight: 400;\">Site-ul a fost relansat. Au fost puse \u00een aplicare oportunit\u0103\u021bi semnificative de \u00eembun\u0103t\u0103\u021bire, \u00een special \u00een ceea ce prive\u0219te oportunit\u0103\u021bile de participare digital\u0103. Prin urmare, mai mul\u021bi cet\u0103\u021beni pot participa activ, pot prezenta idei \u0219i pot participa la discu\u021bii \u2013 un avantaj reciproc pentru democra\u021bie \u0219i dezvoltarea urban\u0103.<\/span><\/p>\n<\/div><\/div><\/div><\/div><\/div><div class=\"w-tabs-section has_text_color\" id=\"j659\" style=\"background:var(--color-header-transparent-text);color:var(--color-header-top-text-hover);\"><button class=\"w-tabs-section-header\" aria-controls=\"content-j659\" aria-expanded=\"false\"><div class=\"w-tabs-section-title\">Re\u021bea PiWI \/ Wiesbaden<\/div><div class=\"w-tabs-section-control\"><\/div><\/button><div  class=\"w-tabs-section-content\" id=\"content-j659\"><div class=\"w-tabs-section-content-h i-cf\"><div class=\"wpb_text_column\"><div class=\"wpb_wrapper\"><p><span style=\"font-weight: 400;\">Afi\u0219\u00e2nd toate \u0219abloanele de sesiune pe <\/span><i><span style=\"font-weight: 400;\">Faptele lui Wiesbaden<\/span><\/i><span style=\"font-weight: 400;\"> S-a creat mai mult\u0103 transparen\u021b\u0103, iar platforma de participare a fost modernizat\u0103.<\/span><\/p>\n<\/div><\/div><\/div><\/div><\/div><div class=\"w-tabs-section has_text_color\" id=\"m76e\" style=\"background:var(--color-header-transparent-text);color:var(--color-header-top-text-hover);\"><button class=\"w-tabs-section-header\" aria-controls=\"content-m76e\" aria-expanded=\"false\"><div class=\"w-tabs-section-title\">Schimburi periodice \u00eentre administra\u021bie \u0219i politic\u0103<\/div><div class=\"w-tabs-section-control\"><\/div><\/button><div  class=\"w-tabs-section-content\" id=\"content-m76e\"><div class=\"w-tabs-section-content-h i-cf\"><div class=\"wpb_text_column\"><div class=\"wpb_wrapper\"><p><span style=\"font-weight: 400;\">\u201eOrient\u0103rile privind participarea cet\u0103\u021benilor\u201d \u0219i procesul de participare sunt evaluate \u0219i adaptate \u00een mod constant \u00een cadrul schimbului dintre administra\u021bie \u0219i politic\u0103.<\/span><\/p>\n<\/div><\/div><\/div><\/div><\/div><div class=\"w-tabs-section has_text_color\" id=\"g883\" style=\"background:var(--color-header-middle-bg);color:var(--color-content-heading);\"><button class=\"w-tabs-section-header\" aria-controls=\"content-g883\" aria-expanded=\"false\"><div class=\"w-tabs-section-title\">\u00cembun\u0103t\u0103\u021be\u0219te-\u021bi cardul de voluntar<\/div><div class=\"w-tabs-section-control\"><\/div><\/button><div  class=\"w-tabs-section-content\" id=\"content-g883\"><div class=\"w-tabs-section-content-h i-cf\"><div class=\"wpb_text_column\"><div class=\"wpb_wrapper\"><p><span style=\"font-weight: 400;\">Efectele de sinergie urmeaz\u0103 s\u0103 fie create prin mai multe rela\u021bii publice, achizi\u021bionarea de noi companii partenere \u0219i combinarea serviciilor \u00eentr-un card Wiesbaden. Un proces a fost \u00eenceput aici. Punerea \u00een aplicare a unei h\u0103r\u021bi unificate nu a fost \u00eenc\u0103 finalizat\u0103.<\/span><\/p>\n<\/div><\/div><\/div><\/div><\/div><div class=\"w-tabs-section has_text_color\" id=\"q996\" style=\"background:var(--color-header-transparent-text);color:var(--color-header-top-text-hover);\"><button class=\"w-tabs-section-header\" aria-controls=\"content-q996\" aria-expanded=\"false\"><div class=\"w-tabs-section-title\">Pachet de bun venit<\/div><div class=\"w-tabs-section-control\"><\/div><\/button><div  class=\"w-tabs-section-content\" id=\"content-q996\"><div class=\"w-tabs-section-content-h i-cf\"><div class=\"wpb_text_column\"><div class=\"wpb_wrapper\"><p><span style=\"font-weight: 400;\">Noii cet\u0103\u021beni din Wiesbaden primesc informa\u021bii despre accesul la oportunit\u0103\u021bi de voluntariat. Ideea este pe drum. Administra\u021bia verific\u0103 punerea \u00een aplicare.<\/span><\/p>\n<\/div><\/div><\/div><\/div><\/div><\/div><\/div><div class=\"w-separator size_medium\"><\/div><div class=\"w-btn-wrapper align_left\"><a class=\"w-btn us-btn-style_8 icon_atleft\" href=\"https:\/\/gruene-wiesbaden.de\/ro\/kommunalwahl\/#Kapitel2\"><i class=\"fas fa-chevron-circle-right\"><\/i><span class=\"w-btn-label\">\u00cenapoi la prezentare general\u0103<\/span><\/a><\/div><div class=\"w-separator size_large\"><\/div><\/div><\/div><\/div><\/div><\/section>","protected":false},"excerpt":{"rendered":"Fiind capabil s\u0103 participe la dezvoltarea propriei comunit\u0103\u021bi, fie prin formate de participare pentru cet\u0103\u021beni, punerea \u00een aplicare \u00een comun a proiectelor \u00een district sau munca voluntar\u0103 caritabil\u0103 \u00een asocia\u021bii, ini\u021biative sau funda\u021bii, \u00eent\u0103re\u0219te sentimentul de comunitate, sparge barierele, aduce oamenii \u00eempreun\u0103, cre\u0219te identificarea cu comunitatea \u0219i este una dintre cele mai...","protected":false},"author":1,"featured_media":1490,"comment_status":"closed","ping_status":"closed","sticky":false,"template":"","format":"standard","meta":{"footnotes":""},"categories":[15],"tags":[],"class_list":["post-1359","post","type-post","status-publish","format-standard","has-post-thumbnail","hentry","category-kapitel-2"],"yoast_head":"<!-- This site is optimized with the Yoast SEO plugin v27.5 - https:\/\/yoast.com\/product\/yoast-seo-wordpress\/ -->\n<title>Zivilgesellschaftliches Engagement und Demokratief\u00f6rderung - B\u00dcNDNIS 90\/DIE GR\u00dcNEN Wiesbaden<\/title>\n<meta name=\"robots\" content=\"index, follow, max-snippet:-1, max-image-preview:large, max-video-preview:-1\" \/>\n<link rel=\"canonical\" href=\"https:\/\/gruene-wiesbaden.de\/ro\/zivilgesellschaftliches-engagement-und-demokratiefoerderung\/\" \/>\n<meta property=\"og:locale\" content=\"ro_RO\" \/>\n<meta property=\"og:type\" content=\"article\" \/>\n<meta property=\"og:title\" content=\"Zivilgesellschaftliches Engagement und Demokratief\u00f6rderung - B\u00dcNDNIS 90\/DIE GR\u00dcNEN Wiesbaden\" \/>\n<meta property=\"og:url\" content=\"https:\/\/gruene-wiesbaden.de\/ro\/zivilgesellschaftliches-engagement-und-demokratiefoerderung\/\" \/>\n<meta property=\"og:site_name\" content=\"B\u00dcNDNIS 90\/DIE GR\u00dcNEN Wiesbaden\" \/>\n<meta property=\"article:publisher\" content=\"https:\/\/www.facebook.com\/gruene.wi\" \/>\n<meta property=\"article:published_time\" content=\"2025-11-09T22:15:14+00:00\" \/>\n<meta property=\"article:modified_time\" content=\"2026-04-09T08:34:43+00:00\" \/>\n<meta property=\"og:image\" content=\"https:\/\/gruene-wiesbaden.de\/wp-content\/uploads\/2025\/11\/2.6-Zivilgesellschaftliches-Engagement-1.jpg\" \/>\n\t<meta property=\"og:image:width\" content=\"750\" \/>\n\t<meta property=\"og:image:height\" content=\"750\" \/>\n\t<meta property=\"og:image:type\" content=\"image\/jpeg\" \/>\n<meta name=\"author\" content=\"admin\" \/>\n<meta name=\"twitter:card\" content=\"summary_large_image\" \/>\n<meta name=\"twitter:label1\" content=\"Scris de\" \/>\n\t<meta name=\"twitter:data1\" content=\"admin\" \/>\n\t<meta name=\"twitter:label2\" content=\"Timp estimat pentru citire\" \/>\n\t<meta name=\"twitter:data2\" content=\"7 minutes\" \/>\n<script type=\"application\/ld+json\" class=\"yoast-schema-graph\">{\"@context\":\"https:\\\/\\\/schema.org\",\"@graph\":[{\"@type\":\"Article\",\"@id\":\"https:\\\/\\\/gruene-wiesbaden.de\\\/zivilgesellschaftliches-engagement-und-demokratiefoerderung\\\/#article\",\"isPartOf\":{\"@id\":\"https:\\\/\\\/gruene-wiesbaden.de\\\/zivilgesellschaftliches-engagement-und-demokratiefoerderung\\\/\"},\"author\":{\"name\":\"admin\",\"@id\":\"https:\\\/\\\/gruene-wiesbaden.de\\\/#\\\/schema\\\/person\\\/6785c34779159cd4fd86886bb097afe9\"},\"headline\":\"Zivilgesellschaftliches Engagement und Demokratief\u00f6rderung\",\"datePublished\":\"2025-11-09T22:15:14+00:00\",\"dateModified\":\"2026-04-09T08:34:43+00:00\",\"mainEntityOfPage\":{\"@id\":\"https:\\\/\\\/gruene-wiesbaden.de\\\/zivilgesellschaftliches-engagement-und-demokratiefoerderung\\\/\"},\"wordCount\":1885,\"publisher\":{\"@id\":\"https:\\\/\\\/gruene-wiesbaden.de\\\/#organization\"},\"image\":{\"@id\":\"https:\\\/\\\/gruene-wiesbaden.de\\\/zivilgesellschaftliches-engagement-und-demokratiefoerderung\\\/#primaryimage\"},\"thumbnailUrl\":\"https:\\\/\\\/gruene-wiesbaden.de\\\/wp-content\\\/uploads\\\/2025\\\/11\\\/2.6-Zivilgesellschaftliches-Engagement-1.jpg\",\"articleSection\":[\"Kapitel 2\"],\"inLanguage\":\"ro-RO\"},{\"@type\":\"WebPage\",\"@id\":\"https:\\\/\\\/gruene-wiesbaden.de\\\/zivilgesellschaftliches-engagement-und-demokratiefoerderung\\\/\",\"url\":\"https:\\\/\\\/gruene-wiesbaden.de\\\/zivilgesellschaftliches-engagement-und-demokratiefoerderung\\\/\",\"name\":\"Zivilgesellschaftliches Engagement und Demokratief\u00f6rderung - B\u00dcNDNIS 90\\\/DIE GR\u00dcNEN Wiesbaden\",\"isPartOf\":{\"@id\":\"https:\\\/\\\/gruene-wiesbaden.de\\\/#website\"},\"primaryImageOfPage\":{\"@id\":\"https:\\\/\\\/gruene-wiesbaden.de\\\/zivilgesellschaftliches-engagement-und-demokratiefoerderung\\\/#primaryimage\"},\"image\":{\"@id\":\"https:\\\/\\\/gruene-wiesbaden.de\\\/zivilgesellschaftliches-engagement-und-demokratiefoerderung\\\/#primaryimage\"},\"thumbnailUrl\":\"https:\\\/\\\/gruene-wiesbaden.de\\\/wp-content\\\/uploads\\\/2025\\\/11\\\/2.6-Zivilgesellschaftliches-Engagement-1.jpg\",\"datePublished\":\"2025-11-09T22:15:14+00:00\",\"dateModified\":\"2026-04-09T08:34:43+00:00\",\"breadcrumb\":{\"@id\":\"https:\\\/\\\/gruene-wiesbaden.de\\\/zivilgesellschaftliches-engagement-und-demokratiefoerderung\\\/#breadcrumb\"},\"inLanguage\":\"ro-RO\",\"potentialAction\":[{\"@type\":\"ReadAction\",\"target\":[\"https:\\\/\\\/gruene-wiesbaden.de\\\/zivilgesellschaftliches-engagement-und-demokratiefoerderung\\\/\"]}]},{\"@type\":\"ImageObject\",\"inLanguage\":\"ro-RO\",\"@id\":\"https:\\\/\\\/gruene-wiesbaden.de\\\/zivilgesellschaftliches-engagement-und-demokratiefoerderung\\\/#primaryimage\",\"url\":\"https:\\\/\\\/gruene-wiesbaden.de\\\/wp-content\\\/uploads\\\/2025\\\/11\\\/2.6-Zivilgesellschaftliches-Engagement-1.jpg\",\"contentUrl\":\"https:\\\/\\\/gruene-wiesbaden.de\\\/wp-content\\\/uploads\\\/2025\\\/11\\\/2.6-Zivilgesellschaftliches-Engagement-1.jpg\",\"width\":750,\"height\":750},{\"@type\":\"BreadcrumbList\",\"@id\":\"https:\\\/\\\/gruene-wiesbaden.de\\\/zivilgesellschaftliches-engagement-und-demokratiefoerderung\\\/#breadcrumb\",\"itemListElement\":[{\"@type\":\"ListItem\",\"position\":1,\"name\":\"Startseite\",\"item\":\"https:\\\/\\\/gruene-wiesbaden.de\\\/\"},{\"@type\":\"ListItem\",\"position\":2,\"name\":\"Zivilgesellschaftliches Engagement und Demokratief\u00f6rderung\"}]},{\"@type\":\"WebSite\",\"@id\":\"https:\\\/\\\/gruene-wiesbaden.de\\\/#website\",\"url\":\"https:\\\/\\\/gruene-wiesbaden.de\\\/\",\"name\":\"DIE GR\u00dcNEN Wiesbaden\",\"description\":\"\",\"publisher\":{\"@id\":\"https:\\\/\\\/gruene-wiesbaden.de\\\/#organization\"},\"potentialAction\":[{\"@type\":\"SearchAction\",\"target\":{\"@type\":\"EntryPoint\",\"urlTemplate\":\"https:\\\/\\\/gruene-wiesbaden.de\\\/?s={search_term_string}\"},\"query-input\":{\"@type\":\"PropertyValueSpecification\",\"valueRequired\":true,\"valueName\":\"search_term_string\"}}],\"inLanguage\":\"ro-RO\"},{\"@type\":\"Organization\",\"@id\":\"https:\\\/\\\/gruene-wiesbaden.de\\\/#organization\",\"name\":\"DIE GR\u00dcNEN Wiesbaden\",\"url\":\"https:\\\/\\\/gruene-wiesbaden.de\\\/\",\"logo\":{\"@type\":\"ImageObject\",\"inLanguage\":\"ro-RO\",\"@id\":\"https:\\\/\\\/gruene-wiesbaden.de\\\/#\\\/schema\\\/logo\\\/image\\\/\",\"url\":\"https:\\\/\\\/gruene-wiesbaden-fuer-europa.de\\\/wp-content\\\/uploads\\\/2024\\\/04\\\/Machen-was-zaehlt-5.png\",\"contentUrl\":\"https:\\\/\\\/gruene-wiesbaden-fuer-europa.de\\\/wp-content\\\/uploads\\\/2024\\\/04\\\/Machen-was-zaehlt-5.png\",\"width\":1772,\"height\":1772,\"caption\":\"DIE GR\u00dcNEN Wiesbaden\"},\"image\":{\"@id\":\"https:\\\/\\\/gruene-wiesbaden.de\\\/#\\\/schema\\\/logo\\\/image\\\/\"},\"sameAs\":[\"https:\\\/\\\/www.facebook.com\\\/gruene.wi\",\"https:\\\/\\\/instagram.com\\\/gruene_wi\"]},{\"@type\":\"Person\",\"@id\":\"https:\\\/\\\/gruene-wiesbaden.de\\\/#\\\/schema\\\/person\\\/6785c34779159cd4fd86886bb097afe9\",\"name\":\"admin\",\"sameAs\":[\"http:\\\/\\\/gruene-wiesbaden-fuer-europa.de\"],\"url\":\"https:\\\/\\\/gruene-wiesbaden.de\\\/ro\\\/author\\\/admin\\\/\"}]}<\/script>\n<!-- \/ Yoast SEO plugin. -->","yoast_head_json":{"title":"Zivilgesellschaftliches Engagement und Demokratief\u00f6rderung - B\u00dcNDNIS 90\/DIE GR\u00dcNEN Wiesbaden","robots":{"index":"index","follow":"follow","max-snippet":"max-snippet:-1","max-image-preview":"max-image-preview:large","max-video-preview":"max-video-preview:-1"},"canonical":"https:\/\/gruene-wiesbaden.de\/ro\/zivilgesellschaftliches-engagement-und-demokratiefoerderung\/","og_locale":"ro_RO","og_type":"article","og_title":"Zivilgesellschaftliches Engagement und Demokratief\u00f6rderung - B\u00dcNDNIS 90\/DIE GR\u00dcNEN Wiesbaden","og_url":"https:\/\/gruene-wiesbaden.de\/ro\/zivilgesellschaftliches-engagement-und-demokratiefoerderung\/","og_site_name":"B\u00dcNDNIS 90\/DIE GR\u00dcNEN Wiesbaden","article_publisher":"https:\/\/www.facebook.com\/gruene.wi","article_published_time":"2025-11-09T22:15:14+00:00","article_modified_time":"2026-04-09T08:34:43+00:00","og_image":[{"width":750,"height":750,"url":"https:\/\/gruene-wiesbaden.de\/wp-content\/uploads\/2025\/11\/2.6-Zivilgesellschaftliches-Engagement-1.jpg","type":"image\/jpeg"}],"author":"admin","twitter_card":"summary_large_image","twitter_misc":{"Scris de":"admin","Timp estimat pentru citire":"7 minutes"},"schema":{"@context":"https:\/\/schema.org","@graph":[{"@type":"Article","@id":"https:\/\/gruene-wiesbaden.de\/zivilgesellschaftliches-engagement-und-demokratiefoerderung\/#article","isPartOf":{"@id":"https:\/\/gruene-wiesbaden.de\/zivilgesellschaftliches-engagement-und-demokratiefoerderung\/"},"author":{"name":"admin","@id":"https:\/\/gruene-wiesbaden.de\/#\/schema\/person\/6785c34779159cd4fd86886bb097afe9"},"headline":"Zivilgesellschaftliches Engagement und Demokratief\u00f6rderung","datePublished":"2025-11-09T22:15:14+00:00","dateModified":"2026-04-09T08:34:43+00:00","mainEntityOfPage":{"@id":"https:\/\/gruene-wiesbaden.de\/zivilgesellschaftliches-engagement-und-demokratiefoerderung\/"},"wordCount":1885,"publisher":{"@id":"https:\/\/gruene-wiesbaden.de\/#organization"},"image":{"@id":"https:\/\/gruene-wiesbaden.de\/zivilgesellschaftliches-engagement-und-demokratiefoerderung\/#primaryimage"},"thumbnailUrl":"https:\/\/gruene-wiesbaden.de\/wp-content\/uploads\/2025\/11\/2.6-Zivilgesellschaftliches-Engagement-1.jpg","articleSection":["Kapitel 2"],"inLanguage":"ro-RO"},{"@type":"WebPage","@id":"https:\/\/gruene-wiesbaden.de\/zivilgesellschaftliches-engagement-und-demokratiefoerderung\/","url":"https:\/\/gruene-wiesbaden.de\/zivilgesellschaftliches-engagement-und-demokratiefoerderung\/","name":"Zivilgesellschaftliches Engagement und Demokratief\u00f6rderung - B\u00dcNDNIS 90\/DIE GR\u00dcNEN Wiesbaden","isPartOf":{"@id":"https:\/\/gruene-wiesbaden.de\/#website"},"primaryImageOfPage":{"@id":"https:\/\/gruene-wiesbaden.de\/zivilgesellschaftliches-engagement-und-demokratiefoerderung\/#primaryimage"},"image":{"@id":"https:\/\/gruene-wiesbaden.de\/zivilgesellschaftliches-engagement-und-demokratiefoerderung\/#primaryimage"},"thumbnailUrl":"https:\/\/gruene-wiesbaden.de\/wp-content\/uploads\/2025\/11\/2.6-Zivilgesellschaftliches-Engagement-1.jpg","datePublished":"2025-11-09T22:15:14+00:00","dateModified":"2026-04-09T08:34:43+00:00","breadcrumb":{"@id":"https:\/\/gruene-wiesbaden.de\/zivilgesellschaftliches-engagement-und-demokratiefoerderung\/#breadcrumb"},"inLanguage":"ro-RO","potentialAction":[{"@type":"ReadAction","target":["https:\/\/gruene-wiesbaden.de\/zivilgesellschaftliches-engagement-und-demokratiefoerderung\/"]}]},{"@type":"ImageObject","inLanguage":"ro-RO","@id":"https:\/\/gruene-wiesbaden.de\/zivilgesellschaftliches-engagement-und-demokratiefoerderung\/#primaryimage","url":"https:\/\/gruene-wiesbaden.de\/wp-content\/uploads\/2025\/11\/2.6-Zivilgesellschaftliches-Engagement-1.jpg","contentUrl":"https:\/\/gruene-wiesbaden.de\/wp-content\/uploads\/2025\/11\/2.6-Zivilgesellschaftliches-Engagement-1.jpg","width":750,"height":750},{"@type":"BreadcrumbList","@id":"https:\/\/gruene-wiesbaden.de\/zivilgesellschaftliches-engagement-und-demokratiefoerderung\/#breadcrumb","itemListElement":[{"@type":"ListItem","position":1,"name":"Startseite","item":"https:\/\/gruene-wiesbaden.de\/"},{"@type":"ListItem","position":2,"name":"Zivilgesellschaftliches Engagement und Demokratief\u00f6rderung"}]},{"@type":"WebSite","@id":"https:\/\/gruene-wiesbaden.de\/#website","url":"https:\/\/gruene-wiesbaden.de\/","name":"DIE GR\u00dcNEN Wiesbaden","description":"","publisher":{"@id":"https:\/\/gruene-wiesbaden.de\/#organization"},"potentialAction":[{"@type":"SearchAction","target":{"@type":"EntryPoint","urlTemplate":"https:\/\/gruene-wiesbaden.de\/?s={search_term_string}"},"query-input":{"@type":"PropertyValueSpecification","valueRequired":true,"valueName":"search_term_string"}}],"inLanguage":"ro-RO"},{"@type":"Organization","@id":"https:\/\/gruene-wiesbaden.de\/#organization","name":"DIE GR\u00dcNEN Wiesbaden","url":"https:\/\/gruene-wiesbaden.de\/","logo":{"@type":"ImageObject","inLanguage":"ro-RO","@id":"https:\/\/gruene-wiesbaden.de\/#\/schema\/logo\/image\/","url":"https:\/\/gruene-wiesbaden-fuer-europa.de\/wp-content\/uploads\/2024\/04\/Machen-was-zaehlt-5.png","contentUrl":"https:\/\/gruene-wiesbaden-fuer-europa.de\/wp-content\/uploads\/2024\/04\/Machen-was-zaehlt-5.png","width":1772,"height":1772,"caption":"DIE GR\u00dcNEN Wiesbaden"},"image":{"@id":"https:\/\/gruene-wiesbaden.de\/#\/schema\/logo\/image\/"},"sameAs":["https:\/\/www.facebook.com\/gruene.wi","https:\/\/instagram.com\/gruene_wi"]},{"@type":"Person","@id":"https:\/\/gruene-wiesbaden.de\/#\/schema\/person\/6785c34779159cd4fd86886bb097afe9","name":"admin","sameAs":["http:\/\/gruene-wiesbaden-fuer-europa.de"],"url":"https:\/\/gruene-wiesbaden.de\/ro\/author\/admin\/"}]}},"_links":{"self":[{"href":"https:\/\/gruene-wiesbaden.de\/ro\/wp-json\/wp\/v2\/posts\/1359","targetHints":{"allow":["GET"]}}],"collection":[{"href":"https:\/\/gruene-wiesbaden.de\/ro\/wp-json\/wp\/v2\/posts"}],"about":[{"href":"https:\/\/gruene-wiesbaden.de\/ro\/wp-json\/wp\/v2\/types\/post"}],"author":[{"embeddable":true,"href":"https:\/\/gruene-wiesbaden.de\/ro\/wp-json\/wp\/v2\/users\/1"}],"replies":[{"embeddable":true,"href":"https:\/\/gruene-wiesbaden.de\/ro\/wp-json\/wp\/v2\/comments?post=1359"}],"version-history":[{"count":7,"href":"https:\/\/gruene-wiesbaden.de\/ro\/wp-json\/wp\/v2\/posts\/1359\/revisions"}],"predecessor-version":[{"id":2394,"href":"https:\/\/gruene-wiesbaden.de\/ro\/wp-json\/wp\/v2\/posts\/1359\/revisions\/2394"}],"wp:featuredmedia":[{"embeddable":true,"href":"https:\/\/gruene-wiesbaden.de\/ro\/wp-json\/wp\/v2\/media\/1490"}],"wp:attachment":[{"href":"https:\/\/gruene-wiesbaden.de\/ro\/wp-json\/wp\/v2\/media?parent=1359"}],"wp:term":[{"taxonomy":"category","embeddable":true,"href":"https:\/\/gruene-wiesbaden.de\/ro\/wp-json\/wp\/v2\/categories?post=1359"},{"taxonomy":"post_tag","embeddable":true,"href":"https:\/\/gruene-wiesbaden.de\/ro\/wp-json\/wp\/v2\/tags?post=1359"}],"curies":[{"name":"wp","href":"https:\/\/api.w.org\/{rel}","templated":true}]}}