{"id":1357,"date":"2025-11-10T00:14:08","date_gmt":"2025-11-09T22:14:08","guid":{"rendered":"https:\/\/gruene-wiesbaden.de\/?p=1357"},"modified":"2026-04-09T10:33:03","modified_gmt":"2026-04-09T08:33:03","slug":"sicherheit-und-schutz-vor-gewalt","status":"publish","type":"post","link":"https:\/\/gruene-wiesbaden.de\/ro\/sicherheit-und-schutz-vor-gewalt\/","title":{"rendered":"Securitate \u0219i protec\u021bie \u00eempotriva violen\u021bei"},"content":{"rendered":"<section class=\"l-section wpb_row height_medium with_img\"><div class=\"l-section-img\" role=\"img\" data-img-width=\"1080\" data-img-height=\"800\" style=\"background-image: url(https:\/\/gruene-wiesbaden.de\/wp-content\/uploads\/2025\/11\/neuer-Verlauf-gruene-wiesbaden.de_-2-e1762709402177.png);\"><\/div><div class=\"l-section-overlay\" style=\"background:var(--color-header-top-transparent-bg)\"><\/div><div class=\"l-section-h i-cf\"><div class=\"g-cols vc_row via_grid cols_1 laptops-cols_inherit tablets-cols_inherit mobiles-cols_1 valign_top type_default stacking_default\"><div class=\"wpb_column vc_column_container\"><div class=\"vc_column-inner\"><h1 class=\"w-post-elm post_title us_custom_a574d586 has_text_color entry-title\">Securitate \u0219i protec\u021bie \u00eempotriva violen\u021bei<\/h1><div class=\"w-separator size_medium\"><\/div><div class=\"g-cols wpb_row via_grid cols_2-1 laptops-cols_inherit tablets-cols_inherit mobiles-cols_1 valign_top type_default stacking_default\" style=\"--columns-gap:3rem;\"><div class=\"wpb_column vc_column_container\"><div class=\"vc_column-inner\"><div class=\"wpb_text_column us_custom_8b3d6790 has_text_color\"><div class=\"wpb_wrapper\"><p><span style=\"font-weight: 400;\">Dorim ca toat\u0103 lumea din Wiesbaden s\u0103 se simt\u0103 \u00een siguran\u021b\u0103 \u0219i f\u0103r\u0103 discriminare \u0219i violen\u021b\u0103 \u2013 \u00een drum spre cas\u0103, la \u0219coal\u0103 sau \u00een spa\u021biile publice. Securitatea \u00eenseamn\u0103 ceva diferit pentru toat\u0103 lumea, a\u0219a c\u0103 acord\u0103m aten\u021bie perspectivelor persoanelor care se confrunt\u0103 cu discriminare, ur\u0103 sau excludere. Este deosebit de important pentru noi s\u0103 consolid\u0103m vocile care sunt adesea trecute cu vederea: Persoanele care se confrunt\u0103 cu atacuri rasiste, antisemite, anti-handicap, sexiste sau queer \u0219i transfobe.<\/span><\/p>\n<p><span style=\"font-weight: 400;\">Protec\u021bia nu \u00eencepe cu poli\u021bia ora\u0219ului \u0219i oficiul de ordine public\u0103, ci cu \u00eencredere, persoane de contact accesibile, camere bine concepute \u0219i coexisten\u021b\u0103 respectuoas\u0103. Ne-am angajat \u00eentr-un ora\u0219 \u00een care diversitatea este tr\u0103it\u0103, persoanele afectate sunt auzite \u0219i violen\u021ba este comb\u0103tut\u0103 \u00een mod constant \u2013 pentru un Wiesbaden sigur \u0219i solidar.<\/span><\/p>\n<\/div><\/div><div class=\"w-separator size_medium\"><\/div><div class=\"w-btn-wrapper align_left\"><a class=\"w-btn us-btn-style_8 icon_atleft\" href=\"https:\/\/gruene-wiesbaden.de\/ro\/kommunalwahl\/#Kapitel2\"><i class=\"fas fa-chevron-circle-right\"><\/i><span class=\"w-btn-label\">\u00cenapoi la prezentare general\u0103<\/span><\/a><\/div><\/div><\/div><div class=\"wpb_column vc_column_container\"><div class=\"vc_column-inner\"><div class=\"w-image align_center\"><div class=\"w-image-h\"><img decoding=\"async\" width=\"2048\" height=\"2560\" src=\"https:\/\/gruene-wiesbaden.de\/wp-content\/uploads\/2025\/11\/2.5-Sicherheit-und-Schutz-vor-Gewalt-scaled.jpg\" class=\"attachment-full size-full\" alt=\"\" loading=\"lazy\" srcset=\"https:\/\/gruene-wiesbaden.de\/wp-content\/uploads\/2025\/11\/2.5-Sicherheit-und-Schutz-vor-Gewalt-scaled.jpg 2048w, https:\/\/gruene-wiesbaden.de\/wp-content\/uploads\/2025\/11\/2.5-Sicherheit-und-Schutz-vor-Gewalt-320x400.jpg 320w, https:\/\/gruene-wiesbaden.de\/wp-content\/uploads\/2025\/11\/2.5-Sicherheit-und-Schutz-vor-Gewalt-480x600.jpg 480w\" sizes=\"auto, (max-width: 2048px) 100vw, 2048px\" \/><\/div><\/div><div class=\"w-separator size_small\"><\/div><\/div><\/div><\/div><div class=\"w-separator size_medium\"><\/div><div class=\"w-separator size_medium\"><\/div><div class=\"wpb_text_column us_custom_29deb344 has_text_color\"><div class=\"wpb_wrapper\"><h1>Ce \u00eenseamn\u0103 pentru noi securitatea \u0219i protec\u021bia \u00eempotriva violen\u021bei<\/h1>\n<\/div><\/div><div class=\"w-separator size_large\"><\/div><div class=\"g-cols wpb_row via_grid cols_3 laptops-cols_inherit tablets-cols_inherit mobiles-cols_1 valign_top type_default stacking_default\" style=\"--columns-gap:3rem;\"><div class=\"wpb_column vc_column_container\"><div class=\"vc_column-inner\"><div class=\"w-iconbox us_custom_8b3d6790 has_text_color iconpos_left style_default color_custom align_left\"><div class=\"w-iconbox-icon\" style=\"font-size:2rem;--icon-color:#Ffffff;--icon-bg-color:var(--color-header-middle-bg);\"><i class=\"fas fa-layer-group\"><\/i><\/div><div class=\"w-iconbox-meta\"><h4 class=\"w-iconbox-title\" style=\"font-size:1.5rem;\">Siguran\u021b\u0103 pentru to\u021bi<\/h4><div class=\"w-iconbox-text\"><p><span style=\"font-weight: 400;\">Cu toate acestea, cine este \u00een siguran\u021b\u0103 nu trebuie s\u0103 depind\u0103 de genul, sexualitatea sau originea unei persoane. Wiesbaden trebuie s\u0103 fie un ora\u0219 \u00een care toat\u0103 lumea se simte \u00een siguran\u021b\u0103.<\/span><\/p>\n<\/div><\/div><\/div><\/div><\/div><div class=\"wpb_column vc_column_container\"><div class=\"vc_column-inner\"><div class=\"w-iconbox us_custom_8b3d6790 has_text_color iconpos_left style_default color_custom align_left\"><div class=\"w-iconbox-icon\" style=\"font-size:2rem;--icon-color:#Ffffff;--icon-bg-color:var(--color-header-transparent-text);\"><i class=\"fas fa-layer-group\"><\/i><\/div><div class=\"w-iconbox-meta\"><h4 class=\"w-iconbox-title\" style=\"font-size:1.5rem;\">Dep\u0103\u0219irea violen\u021bei bazate pe gen<\/h4><div class=\"w-iconbox-text\"><p><span style=\"font-weight: 400;\">Femeile reprezint\u0103 cel mai mare grup de persoane afectate de violen\u021ba \u00een parteneriat. Este important s\u0103 arunc\u0103m o privire special\u0103 aici.<\/span><\/p>\n<\/div><\/div><\/div><\/div><\/div><div class=\"wpb_column vc_column_container\"><div class=\"vc_column-inner\"><div class=\"w-iconbox us_custom_8b3d6790 has_text_color iconpos_left style_default color_custom align_left\"><div class=\"w-iconbox-icon\" style=\"font-size:2rem;--icon-color:#Ffffff;--icon-bg-color:var(--color-header-transparent-text);\"><i class=\"fas fa-layer-group\"><\/i><\/div><div class=\"w-iconbox-meta\"><h4 class=\"w-iconbox-title\" style=\"font-size:1.5rem;\">Locuri mai sigure prin mai mult\u0103 vivacitate \u0219i iluminare \u00een loc de mai mult\u0103 monitorizare<\/h4><div class=\"w-iconbox-text\"><p><span style=\"font-weight: 400;\">Nu dorim s\u0103 cre\u0103m securitate printr-o supraveghere din ce \u00een ce mai intens\u0103, ci prin spa\u021bii publice animate, bine iluminate \u0219i primitoare.<\/span><\/p>\n<\/div><\/div><\/div><\/div><\/div><\/div><div class=\"w-separator size_medium\"><\/div><div class=\"g-cols wpb_row via_grid cols_3 laptops-cols_inherit tablets-cols_inherit mobiles-cols_1 valign_top type_default stacking_default\" style=\"--columns-gap:3rem;\"><div class=\"wpb_column vc_column_container\"><div class=\"vc_column-inner\"><div class=\"w-iconbox us_custom_8b3d6790 has_text_color iconpos_left style_default color_custom align_left\"><div class=\"w-iconbox-icon\" style=\"font-size:2rem;--icon-color:#Ffffff;--icon-bg-color:var(--color-header-middle-bg);\"><i class=\"fas fa-layer-group\"><\/i><\/div><div class=\"w-iconbox-meta\"><h4 class=\"w-iconbox-title\" style=\"font-size:1.5rem;\">Sensibilizarea autorit\u0103\u021bilor de reglementare<\/h4><div class=\"w-iconbox-text\"><p><span style=\"font-weight: 400;\">Autorit\u0103\u021bile de reglementare consolideaz\u0103 securitatea prin cre\u0219terea gradului de con\u0219tientizare a discrimin\u0103rii, schimbul de informa\u021bii cu grupurile de advocacy \u0219i cre\u0219terea accesibilit\u0103\u021bii persoanelor - acest lucru creeaz\u0103 \u00eencredere \u0219i protec\u021bie pentru to\u021bi reziden\u021bii din Wiesbaden.<\/span><\/p>\n<\/div><\/div><\/div><\/div><\/div><div class=\"wpb_column vc_column_container\"><div class=\"vc_column-inner\"><div class=\"w-iconbox us_custom_8b3d6790 has_text_color iconpos_left style_default color_custom align_left\"><div class=\"w-iconbox-icon\" style=\"font-size:2rem;--icon-color:#Ffffff;--icon-bg-color:var(--color-header-transparent-text);\"><i class=\"fas fa-layer-group\"><\/i><\/div><div class=\"w-iconbox-meta\"><h4 class=\"w-iconbox-title\" style=\"font-size:1.5rem;\">Poli\u021bia municipal\u0103 \u0219i oficiul de ordine public\u0103 aproape de cet\u0103\u021beni<\/h4><div class=\"w-iconbox-text\"><p><span style=\"font-weight: 400;\">Ne baz\u0103m pe o poli\u021bie municipal\u0103 corect\u0103 \u0219i respectuoas\u0103 \u0219i pe un birou municipal de ordine, ambele func\u021bion\u00e2nd nediscriminatoriu, ascult\u00e2ndu-i pe cei afecta\u021bi \u0219i oferind tuturor Wiesbadeners securitate \u0219i libertate de circula\u021bie.<\/span><\/p>\n<\/div><\/div><\/div><\/div><\/div><div class=\"wpb_column vc_column_container\"><div class=\"vc_column-inner\"><\/div><\/div><\/div><div class=\"w-separator size_medium\"><\/div><div class=\"w-btn-wrapper align_left\"><a class=\"w-btn us-btn-style_8 icon_atleft\" href=\"https:\/\/gruene-wiesbaden.de\/ro\/kommunalwahl\/#Kapitel2\"><i class=\"fas fa-chevron-circle-right\"><\/i><span class=\"w-btn-label\">\u00cenapoi la prezentare general\u0103<\/span><\/a><\/div><div class=\"w-separator size_medium\"><\/div><\/div><\/div><\/div><\/div><\/section><section class=\"l-section wpb_row height_auto with_img\"><div class=\"l-section-img\" role=\"img\" data-img-width=\"2048\" data-img-height=\"2560\" style=\"background-image: url(https:\/\/gruene-wiesbaden.de\/wp-content\/uploads\/2025\/11\/2.5-Sicherheit-und-Schutz-vor-Gewalt-scaled.jpg);background-repeat: no-repeat;\"><\/div><div class=\"l-section-overlay\" style=\"background:var(--color-header-top-transparent-bg)\"><\/div><div class=\"l-section-h i-cf\"><div class=\"g-cols vc_row via_grid cols_1 laptops-cols_inherit tablets-cols_inherit mobiles-cols_1 valign_middle type_default stacking_default\" style=\"--columns-gap:1rem;\"><div class=\"wpb_column vc_column_container\"><div class=\"vc_column-inner\"><div class=\"w-separator size_large\"><\/div><div class=\"wpb_text_column background_inside_text\"><div class=\"wpb_wrapper\"><h1>Ce vrem s\u0103 facem \u00een mod special \u00een acest domeniu<\/h1>\n<\/div><\/div><div class=\"w-separator size_medium\"><\/div><div class=\"w-tabs us_custom_42d693a0 has_text_color style_default switch_click accordion has_scrolling\" style=\"--sections-title-size:1.4rem\"><div class=\"w-tabs-sections titles-align_none icon_chevron cpos_right\"><div class=\"w-tabs-section has_text_color\" id=\"o5c2\" style=\"background:var(--color-header-transparent-text);color:var(--color-header-top-text-hover);\"><button class=\"w-tabs-section-header\" aria-controls=\"content-o5c2\" aria-expanded=\"false\"><div class=\"w-tabs-section-title\">Asigura\u021bi-v\u0103 c\u0103 spa\u021biile publice sunt sigure f\u0103r\u0103 supraveghere video<\/div><div class=\"w-tabs-section-control\"><\/div><\/button><div  class=\"w-tabs-section-content\" id=\"content-o5c2\"><div class=\"w-tabs-section-content-h i-cf\"><div class=\"wpb_text_column\"><div class=\"wpb_wrapper\"><p><span style=\"font-weight: 400;\">Noi GR\u00dcNE dorim s\u0103 facem pie\u021bele publice din Wiesbaden pline de via\u021b\u0103, sigure \u0219i primitoare. Consolid\u0103m securitatea \u0219i coeziunea \u00een toate districtele prin gestionarea spa\u021biului, sprijin social \u0219i sprijin specific pentru institu\u021biile de tineret. Spa\u021biile publice ar trebui s\u0103 fie bine iluminate, f\u0103r\u0103 bariere \u0219i accesibile.<\/span><\/p>\n<p><span style=\"font-weight: 400;\">Respingem extinderea observ\u0103rii video; Securitatea vine din locurile de locuit \u0219i din prezen\u021ba social\u0103. Noi facem ca locurile care sunt percepute ast\u0103zi ca fiind nesigure s\u0103 fie mai atractive prin noi oportunit\u0103\u021bi de utilizare \u2013 de exemplu, prin gastronomie, oferte culturale sau locuri de \u00eent\u00e2lnire comune. Acest lucru creeaz\u0103 spa\u021bii \u00een care oamenilor le place s\u0103 se reuneasc\u0103, diversitatea vie\u021bii urbane devine vizibil\u0103 \u0219i securitatea social\u0103 cre\u0219te. Un bun exemplu este Mauritius Square.<\/span><\/p>\n<p><span style=\"font-weight: 400;\">\u00cen cadrul evenimentelor majore, dorim s\u0103 asigur\u0103m siguran\u021ba prin interdic\u021bii privind sticla, \u201es\u0103rb\u0103tori sigure\u201d \u0219i verificarea gratuit\u0103 a drogurilor. Astfel, toate persoanele \u2013 fie c\u0103 sunt familii, tineri sau cet\u0103\u021beni \u00een v\u00e2rst\u0103 \u2013 pot circula liber \u0219i \u00een siguran\u021b\u0103.<\/span><\/p>\n<\/div><\/div><\/div><\/div><\/div><div class=\"w-tabs-section has_text_color\" id=\"q71d\" style=\"background:var(--color-header-transparent-text);color:var(--color-header-top-text-hover);\"><button class=\"w-tabs-section-header\" aria-controls=\"content-q71d\" aria-expanded=\"false\"><div class=\"w-tabs-section-title\">Siguran\u021b\u0103 prin vizibilitate<\/div><div class=\"w-tabs-section-control\"><\/div><\/button><div  class=\"w-tabs-section-content\" id=\"content-q71d\"><div class=\"w-tabs-section-content-h i-cf\"><div class=\"wpb_text_column\"><div class=\"wpb_wrapper\"><p><span style=\"font-weight: 400;\">Cu o \u00eengrijire activ\u0103 a spa\u021biilor existente, dorim s\u0103 evit\u0103m locurile vacante \u0219i zonele neiluminate. Dorim ca spa\u021biul public s\u0103 fie \u00eentre\u021binut, iar cartierele cu probleme s\u0103 fie modernizate structural. \u00cen plus, dorim s\u0103 ilumin\u0103m mai bine opririle \u0219i sta\u021biile de mobilitate. \u00cen acest scop, trebuie dezvoltat un concept de iluminat care s\u0103 g\u00e2ndeasc\u0103 at\u00e2t la nivel de ora\u0219, c\u00e2t \u0219i ecologic. Acest lucru \u00eent\u0103re\u0219te, de asemenea, sentimentul de securitate. O platform\u0103 de raportare ar trebui s\u0103 fac\u0103 vizibile locurile nesigure.<\/span><\/p>\n<\/div><\/div><\/div><\/div><\/div><div class=\"w-tabs-section has_text_color\" id=\"b850\" style=\"background:var(--color-header-transparent-text);color:var(--color-header-top-text-hover);\"><button class=\"w-tabs-section-header\" aria-controls=\"content-b850\" aria-expanded=\"false\"><div class=\"w-tabs-section-title\">Consolidarea \u00een continuare a conceptelor de prevenire \u0219i protec\u021bie: Luisa este aici! \u0219i telefonul de acas\u0103<\/div><div class=\"w-tabs-section-control\"><\/div><\/button><div  class=\"w-tabs-section-content\" id=\"content-b850\"><div class=\"w-tabs-section-content-h i-cf\"><div class=\"wpb_text_column\"><div class=\"wpb_wrapper\"><p><span style=\"font-weight: 400;\">Proiectul \u201eLuisa este aici!\u201d a avut succes \u00een Wiesbaden de ceva timp. Dorim s\u0103 men\u021binem \u0219i s\u0103 extindem acest proiect, astfel \u00eenc\u00e2t s\u0103 cre\u0103m mai mult\u0103 securitate \u0219i aten\u021bie \u00een via\u021ba de noapte din Wiesbaden, \u00een baruri, cluburi \u0219i la festivalurile din Wiesbaden. Astfel \u00eenc\u00e2t fiecare festival de ora\u0219 din Wiesbaden este un loc \u00een care fiecare persoan\u0103 poate ob\u021bine rapid securitate. Deoarece comportamentul transfrontalier, invaziv \u0219i discriminatoriu nu \u00ee\u0219i are locul nic\u0103ieri.<\/span><\/p>\n<p><span style=\"font-weight: 400;\">\u00cen plus, ora\u0219ul coopereaz\u0103 deja cu Heimwegtelefon e.V., un serviciu la nivel german care \u00eenso\u021be\u0219te apelan\u021bii prin telefon pe timp de noapte dac\u0103 se simt nesiguri \u00een drum spre cas\u0103. Aceast\u0103 ofert\u0103 este disponibil\u0103 \u00een zilele de duminic\u0103 p\u00e2n\u0103 joi \u00eentre orele 21:00 \u0219i 24:00, iar \u00een zilele de vineri \u0219i s\u00e2mb\u0103t\u0103 \u00eentre orele 21:00 \u0219i 15:00, la num\u0103rul 030 12074182. Ne angaj\u0103m s\u0103 stabilim \u00een continuare astfel de concepte de protec\u021bie \u0219i s\u0103 le facem accesibile tuturor.<\/span><\/p>\n<\/div><\/div><\/div><\/div><\/div><div class=\"w-tabs-section has_text_color\" id=\"v96d\" style=\"background:var(--color-header-middle-bg);color:var(--color-content-heading);\"><button class=\"w-tabs-section-header\" aria-controls=\"content-v96d\" aria-expanded=\"false\"><div class=\"w-tabs-section-title\">Taxiuri pentru femei<\/div><div class=\"w-tabs-section-control\"><\/div><\/button><div  class=\"w-tabs-section-content\" id=\"content-v96d\"><div class=\"w-tabs-section-content-h i-cf\"><div class=\"wpb_text_column\"><div class=\"wpb_wrapper\"><p><span style=\"font-weight: 400;\">Pentru ca femeile s\u0103 se poat\u0103 \u00eentoarce acas\u0103 \u00een siguran\u021b\u0103 \u00een orice moment, dorim s\u0103 aducem modelul taxiurilor de noapte pentru femei la Wiesbaden. \u00cen Stuttgart, acest model exist\u0103 de 20 de ani \u0219i are succes. Pentru ca toat\u0103 lumea s\u0103-\u0219i poat\u0103 permite c\u0103l\u0103toria cu taxiul, dorim s\u0103 dezvolt\u0103m un model prin care femeile care c\u0103l\u0103toresc singure primesc o subven\u021bie pentru a conduce acas\u0103 cu un astfel de taxi.<\/span><\/p>\n<\/div><\/div><\/div><\/div><\/div><div class=\"w-tabs-section has_text_color\" id=\"za95\" style=\"background:var(--color-header-transparent-text);color:var(--color-header-top-text-hover);\"><button class=\"w-tabs-section-header\" aria-controls=\"content-za95\" aria-expanded=\"false\"><div class=\"w-tabs-section-title\">Extinderea ad\u0103posturilor pentru femei \u0219i a centrelor de consiliere<\/div><div class=\"w-tabs-section-control\"><\/div><\/button><div  class=\"w-tabs-section-content\" id=\"content-za95\"><div class=\"w-tabs-section-content-h i-cf\"><div class=\"wpb_text_column\"><div class=\"wpb_wrapper\"><p><span style=\"font-weight: 400;\">GR\u00dcNE se angajeaz\u0103 s\u0103 se asigure c\u0103 femeile din Wiesbaden g\u0103sesc protec\u021bie rapid \u0219i u\u0219or. \u00cen acest scop, dorim s\u0103 extindem ad\u0103posturile pentru femei \u0219i serviciile de consiliere, s\u0103 sprijinim institu\u021biile locale \u0219i s\u0103 asigur\u0103m resurse umane \u0219i financiare. Protec\u021bia nu trebuie s\u0103 depind\u0103 de portofel: Ne asigur\u0103m c\u0103 femeile care solicit\u0103 protec\u021bie nu trebuie s\u0103 suporte propriile cheltuieli.<\/span><\/p>\n<p><span style=\"font-weight: 400;\">\u00cen acela\u0219i timp, dorim s\u0103 promov\u0103m ofertele cu prag sc\u0103zut \u0219i activit\u0103\u021bile de prevenire, astfel \u00eenc\u00e2t violen\u021ba s\u0103 fie detectat\u0103 \u0219i prevenit\u0103 \u00eentr-un stadiu incipient. Prin acest angajament, contribuim activ la punerea \u00een aplicare a Conven\u021biei de la Istanbul \u0219i consolid\u0103m protec\u021bia \u0219i siguran\u021ba femeilor \u00een ora\u0219ul nostru.<\/span><\/p>\n<\/div><\/div><\/div><\/div><\/div><div class=\"w-tabs-section has_text_color\" id=\"sbad\" style=\"background:var(--color-header-middle-bg);color:var(--color-header-middle-text);\"><button class=\"w-tabs-section-header\" aria-controls=\"content-sbad\" aria-expanded=\"false\"><div class=\"w-tabs-section-title\">Asigurarea punerii \u00een aplicare a Conven\u021biei de la Istanbul<\/div><div class=\"w-tabs-section-control\"><\/div><\/button><div  class=\"w-tabs-section-content\" id=\"content-sbad\"><div class=\"w-tabs-section-content-h i-cf\"><div class=\"wpb_text_column\"><div class=\"wpb_wrapper\"><p><span style=\"font-weight: 400;\">Pentru ca Conven\u021bia de la Istanbul s\u0103 fie pus\u0103 \u00een aplicare \u00een mod consecvent \u00een Wiesbaden, sunt necesare, de asemenea, resursele umane necesare. Organismul local de coordonare pentru punerea \u00een aplicare a Conven\u021biei de la Istanbul \u0219i-a \u00eenceput activitatea. Cu toate acestea, este important s\u0103 se majoreze resursele financiare \u00een acest sens, astfel \u00eenc\u00e2t punerea \u00een aplicare s\u0103 poat\u0103 avea loc c\u00e2t mai cur\u00e2nd posibil.<\/span><\/p>\n<\/div><\/div><\/div><\/div><\/div><div class=\"w-tabs-section has_text_color\" id=\"acc1\" style=\"background:var(--color-header-transparent-text);color:var(--color-header-top-text-hover);\"><button class=\"w-tabs-section-header\" aria-controls=\"content-acc1\" aria-expanded=\"false\"><div class=\"w-tabs-section-title\">Locuin\u021be protejate pentru persoanele care practic\u0103 prostitu\u021bia for\u021bat\u0103<\/div><div class=\"w-tabs-section-control\"><\/div><\/button><div  class=\"w-tabs-section-content\" id=\"content-acc1\"><div class=\"w-tabs-section-content-h i-cf\"><div class=\"wpb_text_column\"><div class=\"wpb_wrapper\"><p><span style=\"font-weight: 400;\">Prostitu\u021bia for\u021bat\u0103 este o infrac\u021biune pentru drepturile omului. Prin urmare, ar trebui \u00eenfiin\u021bate ad\u0103posturi pentru a primi persoane care se prostitueaz\u0103 for\u021bat \u0219i pentru a le oferi un loc de protec\u021bie.<\/span><\/p>\n<\/div><\/div><\/div><\/div><\/div><div class=\"w-tabs-section has_text_color\" id=\"ddec\" style=\"background:var(--color-header-transparent-text);color:var(--color-header-top-text-hover);\"><button class=\"w-tabs-section-header\" aria-controls=\"content-ddec\" aria-expanded=\"false\"><div class=\"w-tabs-section-title\">Dep\u0103\u0219irea lipsei de ad\u0103post \u2013 Locuin\u021ba pe primul loc<\/div><div class=\"w-tabs-section-control\"><\/div><\/button><div  class=\"w-tabs-section-content\" id=\"content-ddec\"><div class=\"w-tabs-section-content-h i-cf\"><div class=\"wpb_text_column\"><div class=\"wpb_wrapper\"><p><span style=\"font-weight: 400;\">Noi sprijinim oamenii, astfel \u00eenc\u00e2t s\u0103 nu devin\u0103 f\u0103r\u0103 ad\u0103post. Dorim s\u0103 dep\u0103\u0219im problema lipsei de ad\u0103post prin abordarea \u201elocuin\u021ba pe primul loc\u201d. \u00cen cazul \u00een care acest lucru nu este posibil sau dorit de cei afecta\u021bi, oferim suficiente locuri de dormit \u0219i \u00eengrijire medical\u0103.<\/span><\/p>\n<p><span style=\"font-weight: 400;\">Persoanele care au c\u0103zut \u00een lipsa de ad\u0103post au nevoie \u00een primul r\u00e2nd de un apartament pentru a aborda probleme cum ar fi dependen\u021ba, \u0219omajul, problemele de s\u0103n\u0103tate mintal\u0103 sau altele asemenea.<\/span><\/p>\n<\/div><\/div><\/div><\/div><\/div><div class=\"w-tabs-section has_text_color\" id=\"af04\" style=\"background:var(--color-header-transparent-text);color:var(--color-header-top-text-hover);\"><button class=\"w-tabs-section-header\" aria-controls=\"content-af04\" aria-expanded=\"false\"><div class=\"w-tabs-section-title\">Poli\u021bia municipal\u0103 \u0219i oficiul de ordine public\u0103 ca persoane de \u00eencredere pentru to\u021bi<\/div><div class=\"w-tabs-section-control\"><\/div><\/button><div  class=\"w-tabs-section-content\" id=\"content-af04\"><div class=\"w-tabs-section-content-h i-cf\"><div class=\"wpb_text_column\"><div class=\"wpb_wrapper\"><p><span style=\"font-weight: 400;\">Ne baz\u0103m pe o for\u021b\u0103 de poli\u021bie a ora\u0219ului apropiat\u0103 de cet\u0103\u021beni \u0219i pe un birou municipal de ordine, care ac\u021bioneaz\u0103 corect, respectuos \u0219i f\u0103r\u0103 armament. Benzile regulate pentru picioare \u0219i biciclete, prezen\u021ba preventiv\u0103 \u0219i m\u0103surile de protec\u021bie pentru serviciile de urgen\u021b\u0103 consolideaz\u0103 sentimentul de securitate al popula\u021biei. Respingem introducerea pistoalelor cu spray cu piper. \u00cen plus, dorim s\u0103 invers\u0103m alinierea vizual\u0103 a Oficiului Ordinii Publice cu poli\u021bia, pentru ca diferitele sarcini \u0219i mandate ale autorit\u0103\u021bilor s\u0103 poat\u0103 fi recunoscute \u00een mod clar.<\/span><\/p>\n<\/div><\/div><\/div><\/div><\/div><div class=\"w-tabs-section has_text_color\" id=\"m02d\" style=\"background:var(--color-header-transparent-text);color:var(--color-header-top-text-hover);\"><button class=\"w-tabs-section-header\" aria-controls=\"content-m02d\" aria-expanded=\"false\"><div class=\"w-tabs-section-title\">Sensibilizarea, formarea \u0219i protec\u021bia poli\u021biei municipale \u0219i a autorit\u0103\u021bilor de aplicare a legii<\/div><div class=\"w-tabs-section-control\"><\/div><\/button><div  class=\"w-tabs-section-content\" id=\"content-m02d\"><div class=\"w-tabs-section-content-h i-cf\"><div class=\"wpb_text_column\"><div class=\"wpb_wrapper\"><p><span style=\"font-weight: 400;\">Preocuparea noastr\u0103 \u2013 o poli\u021bie municipal\u0103 \u0219i un birou de ordine public\u0103 care s\u0103 fie informat: Poli\u021bia municipal\u0103 \u0219i oficiul de ordine public\u0103 trebuie s\u0103 colaboreze cu institu\u021biile sociale \u0219i cu institu\u021biile societ\u0103\u021bii civile \u0219i s\u0103 fie instruite \u00eentr-un mod sensibil la discriminare. Cursurile speciale de formare privind ostilitatea queer, extremismul de dreapta, violen\u021ba domestic\u0103 \u0219i crizele psihologice sunt menite s\u0103 asigure faptul c\u0103 serviciile de urgen\u021b\u0103 ac\u021bioneaz\u0103 \u00een mod profesionist. Structurile descentralizate, evalu\u0103rile externe periodice \u0219i o cultur\u0103 vizibil\u0103 a erorii promoveaz\u0103 \u00eencrederea \u0219i combat rasismul.<\/span><\/p>\n<p><span style=\"font-weight: 400;\">\u00cen acela\u0219i timp, scopul este de a proteja angaja\u021bii \u00eempotriva atacurilor verbale \u0219i fizice \u0219i de a-i sprijini \u00een procedurile de raportare, de exemplu prin intermediul unui sistem de raportare \u0219i al unei unit\u0103\u021bi municipale intitulate \u201eViolen\u021ba \u00eempotriva serviciilor de salvare \u0219i de urgen\u021b\u0103\u201d.<\/span><\/p>\n<\/div><\/div><\/div><\/div><\/div><div class=\"w-tabs-section has_text_color\" id=\"y156\" style=\"background:var(--color-header-transparent-text);color:var(--color-header-top-text-hover);\"><button class=\"w-tabs-section-header\" aria-controls=\"content-y156\" aria-expanded=\"false\"><div class=\"w-tabs-section-title\">Masterplan Securitate pentru m\u0103suri de securitate personalizate \u00een ora\u0219<\/div><div class=\"w-tabs-section-control\"><\/div><\/button><div  class=\"w-tabs-section-content\" id=\"content-y156\"><div class=\"w-tabs-section-content-h i-cf\"><div class=\"wpb_text_column\"><div class=\"wpb_wrapper\"><p><span style=\"font-weight: 400;\">Dezvolt\u0103m \u0219i implement\u0103m un plan general privind securitatea care analizeaz\u0103 sistematic cauzele criminalit\u0103\u021bii din Wiesbaden \u0219i include at\u00e2t m\u0103suri de reglementare, c\u00e2t \u0219i m\u0103suri sociale. Scopul este de a adapta m\u0103surile la diferite districte \u0219i zone publice. \u00cen acest scop, date \u0219i m\u0103rturii din partea poli\u021biei, a oficiului de ordine public\u0103, a institu\u021biilor sociale \u0219i a institu\u021biilor societ\u0103\u021bii civile, precum \u0219i a grupurilor de lucru Spa\u021biu public \u0219i #\u00cen cazul \u00een care a adus \u00eempreun\u0103. Pe baza analizei, promov\u0103m \u00een mod specific proiecte preventive, consolid\u0103m structurile descentralizate \u0219i, dac\u0103 este necesar, ini\u021biem noi parteneriate de reglementare \u00een raioane. \u00cen acest fel, cre\u0103m concepte de securitate care au un efect eficient, cooperant \u0219i durabil \u0219i sporesc considerabil sentimentul de securitate al tuturor cet\u0103\u021benilor.<\/span><\/p>\n<\/div><\/div><\/div><\/div><\/div><\/div><\/div><div class=\"w-separator size_medium\"><\/div><div class=\"w-btn-wrapper align_left\"><a class=\"w-btn us-btn-style_8 icon_atleft\" href=\"https:\/\/gruene-wiesbaden.de\/ro\/kommunalwahl\/#Kapitel2\"><i class=\"fas fa-chevron-circle-right\"><\/i><span class=\"w-btn-label\">\u00cenapoi la prezentare general\u0103<\/span><\/a><\/div><div class=\"w-separator size_large\"><\/div><div class=\"wpb_text_column\"><div class=\"wpb_wrapper\"><h1>Ceea ce am realizat deja<\/h1>\n<\/div><\/div><div class=\"w-separator size_medium\"><\/div><div class=\"w-tabs us_custom_42d693a0 has_text_color style_default switch_click accordion has_scrolling\" style=\"--sections-title-size:1.4rem\"><div class=\"w-tabs-sections titles-align_none icon_chevron cpos_right\"><div class=\"w-tabs-section has_text_color\" id=\"c964\" style=\"background:var(--color-header-transparent-text);color:var(--color-header-top-text-hover);\"><button class=\"w-tabs-section-header\" aria-controls=\"content-c964\" aria-expanded=\"false\"><div class=\"w-tabs-section-title\">A fost \u00eenfiin\u021bat\u0103 Re\u021beaua Conven\u021biei de la Istanbul<\/div><div class=\"w-tabs-section-control\"><\/div><\/button><div  class=\"w-tabs-section-content\" id=\"content-c964\"><div class=\"w-tabs-section-content-h i-cf\"><div class=\"wpb_text_column\"><div class=\"wpb_wrapper\"><p><span style=\"font-weight: 400;\">Am creat o re\u021bea \u00een Wiesbaden pentru a pune \u00een aplicare Conven\u021bia de la Istanbul. Peste 80 de actori din administra\u021bie, politic\u0103 \u0219i sistemele de ajutor colaboreaz\u0103 pentru a preveni, a detecta \u0219i a sprijini \u00een mod eficace violen\u021ba \u00eempotriva femeilor. Re\u021beaua consolideaz\u0103 schimburile, promoveaz\u0103 ac\u021biuni coordonate \u0219i transmite un semnal clar: Wiesbaden ia \u00een serios protec\u021bia femeilor \u0219i se asigur\u0103 c\u0103 standardele interna\u021bionale ale Conven\u021biei de la Istanbul devin o realitate \u00een ora\u0219.<\/span><\/p>\n<\/div><\/div><\/div><\/div><\/div><div class=\"w-tabs-section has_text_color\" id=\"gab9\" style=\"background:var(--color-header-transparent-text);color:var(--color-header-top-text-hover);\"><button class=\"w-tabs-section-header\" aria-controls=\"content-gab9\" aria-expanded=\"false\"><div class=\"w-tabs-section-title\">Proiectul \u201eEste Luisa aici?\u201d<\/div><div class=\"w-tabs-section-control\"><\/div><\/button><div  class=\"w-tabs-section-content\" id=\"content-gab9\"><div class=\"w-tabs-section-content-h i-cf\"><div class=\"wpb_text_column\"><div class=\"wpb_wrapper\"><p><span style=\"font-weight: 400;\">Ne angaj\u0103m s\u0103 ne asigur\u0103m c\u0103 femeile din Wiesbaden sunt \u00een siguran\u021b\u0103 atunci c\u00e2nd ies. Campania \u201eEste Luisa aici?\u201d le permite femeilor s\u0103 caute discret ajutor \u00een barurile, cluburile \u0219i institu\u021biile publice participante atunci c\u00e2nd se simt amenin\u021bate sau inconfortabile. Am ini\u021biat campania, am asigurat vizibilitatea \u0219i am extins proiectul la alte institu\u021bii publice \u0219i am oferit cursuri de formare pentru personalul de acolo. \u00cen acest fel, consolid\u0103m protec\u021bia femeilor, prevenim violen\u021ba \u0219i promov\u0103m o coexisten\u021b\u0103 sigur\u0103 \u0219i respectuoas\u0103 \u00een ora\u0219.<\/span><\/p>\n<\/div><\/div><\/div><\/div><\/div><div class=\"w-tabs-section has_text_color\" id=\"obd2\" style=\"background:var(--color-header-transparent-text);color:var(--color-header-top-text-hover);\"><button class=\"w-tabs-section-header\" aria-controls=\"content-obd2\" aria-expanded=\"false\"><div class=\"w-tabs-section-title\">Telefonul de acas\u0103 al proiectului<\/div><div class=\"w-tabs-section-control\"><\/div><\/button><div  class=\"w-tabs-section-content\" id=\"content-obd2\"><div class=\"w-tabs-section-content-h i-cf\"><div class=\"wpb_text_column\"><div class=\"wpb_wrapper\"><p><span style=\"font-weight: 400;\">\u00cen plus, ora\u0219ul coopereaz\u0103 cu Heimwegtelefon e.V., un serviciu la nivel german care \u00eenso\u021be\u0219te apelan\u021bii prin telefon pe timp de noapte dac\u0103 nu se simt \u00een siguran\u021b\u0103 \u00een drum spre cas\u0103. Aceast\u0103 ofert\u0103 este disponibil\u0103 \u00een zilele de duminic\u0103 p\u00e2n\u0103 joi \u00eentre orele 21:00 \u0219i 24:00, iar \u00een zilele de vineri \u0219i s\u00e2mb\u0103t\u0103 \u00eentre orele 21:00 \u0219i 15:00, la num\u0103rul 030 12074182. Ne angaj\u0103m s\u0103 stabilim \u00een continuare astfel de concepte de protec\u021bie \u0219i s\u0103 le facem accesibile tuturor.<\/span><\/p>\n<\/div><\/div><\/div><\/div><\/div><div class=\"w-tabs-section has_text_color\" id=\"kd02\" style=\"background:var(--color-header-middle-bg);color:var(--color-content-heading);\"><button class=\"w-tabs-section-header\" aria-controls=\"content-kd02\" aria-expanded=\"false\"><div class=\"w-tabs-section-title\">Modelele I \u0219i II de la Wiesbaden \u2013 Strategii municipale privind prostitu\u021bia<\/div><div class=\"w-tabs-section-control\"><\/div><\/button><div  class=\"w-tabs-section-content\" id=\"content-kd02\"><div class=\"w-tabs-section-content-h i-cf\"><div class=\"wpb_text_column\"><div class=\"wpb_wrapper\"><p><span style=\"font-weight: 400;\">Ne-am asigurat c\u0103 ora\u0219ul a angajat un terapeut de traume care efectueaz\u0103 asisten\u021b\u0103 social\u0103 \u00een domeniul prostitu\u021biei \u0219i ofer\u0103 asisten\u021b\u0103 la ie\u0219ire. Din aceast\u0103 perioad\u0103 electoral\u0103, Unitatea pentru femei a luat, de asemenea, m\u0103suri cu succes \u00eempotriva prostitu\u021biei ilegale \u00een apartamentele \u0219i hotelurile de vacan\u021b\u0103. Modelul Wiesbaden este cea mai bun\u0103 practic\u0103 pentru alte municipalit\u0103\u021bi.<\/span><\/p>\n<\/div><\/div><\/div><\/div><\/div><div class=\"w-tabs-section has_text_color\" id=\"qe18\" style=\"background:var(--color-header-transparent-text);color:var(--color-header-top-text-hover);\"><button class=\"w-tabs-section-header\" aria-controls=\"content-qe18\" aria-expanded=\"false\"><div class=\"w-tabs-section-title\">Conferin\u021b\u0103: Violen\u021ba \u00eempotriva LGBTQIA*<\/div><div class=\"w-tabs-section-control\"><\/div><\/button><div  class=\"w-tabs-section-content\" id=\"content-qe18\"><div class=\"w-tabs-section-content-h i-cf\"><div class=\"wpb_text_column\"><div class=\"wpb_wrapper\"><p><span style=\"font-weight: 400;\">Am ini\u021biat un simpozion privind violen\u021ba \u00eempotriva persoanelor LGBTQIAI*. Profesioni\u0219tii \u0219i organiza\u021biile fac schimb de opinii pentru a \u00eembun\u0103t\u0103\u021bi m\u0103surile de protec\u021bie \u0219i pentru a consolida prevenirea violen\u021bei \u0219i a discrimin\u0103rii.<\/span><\/p>\n<\/div><\/div><\/div><\/div><\/div><div class=\"w-tabs-section has_text_color\" id=\"tf41\" style=\"background:var(--color-header-transparent-text);color:var(--color-header-top-text-hover);\"><button class=\"w-tabs-section-header\" aria-controls=\"content-tf41\" aria-expanded=\"false\"><div class=\"w-tabs-section-title\">Drug-Checking \u0219i Wiesbaden ca regiune model pentru v\u00e2nz\u0103rile de canabis<\/div><div class=\"w-tabs-section-control\"><\/div><\/button><div  class=\"w-tabs-section-content\" id=\"content-tf41\"><div class=\"w-tabs-section-content-h i-cf\"><div class=\"wpb_text_column\"><div class=\"wpb_wrapper\"><p><span style=\"font-weight: 400;\">\u00cen Wiesbaden, am creat un proiect-pilot \u201eVerificarea consumului de droguri\u201d pentru a proteja mai bine consumatorii de drogurile contaminate. La anumite evenimente organizate la petrecerile din Wiesbaden, droguri precum canabisul sunt examinate de exper\u021bi pentru depistarea contaminan\u021bilor \u0219i, \u00een acela\u0219i timp, sunt consolidate ofertele de prevenire. Proiectul-pilot ar trebui s\u0103 includ\u0103, de asemenea, testarea altor substan\u021be \u00een etape ulterioare, pentru a putea proteja consumatorii \u00een cel mai bun mod posibil.<\/span><\/p>\n<p><span style=\"font-weight: 400;\">De asemenea, am fost implica\u021bi \u00een solicitarea de c\u0103tre Wiesbaden a unei v\u00e2nz\u0103ri con\u0219tiente \u0219i controlate de canabis \u00een farmacii, ca parte a proiectului model. Aceast\u0103 procedur\u0103 este \u00eenc\u0103 \u00een curs de desf\u0103\u0219urare. Cu toate acestea, o politic\u0103 responsabil\u0103 \u00een materie de droguri \u00eenseamn\u0103, de asemenea, crearea activ\u0103 a unor servicii de prevenire \u0219i de sprijin pentru a proteja consumatorii \u00een cel mai bun mod posibil.<\/span><\/p>\n<\/div><\/div><\/div><\/div><\/div><\/div><\/div><div class=\"w-separator size_medium\"><\/div><div class=\"w-btn-wrapper align_left\"><a class=\"w-btn us-btn-style_8 icon_atleft\" href=\"https:\/\/gruene-wiesbaden.de\/ro\/kommunalwahl\/#Kapitel2\"><i class=\"fas fa-chevron-circle-right\"><\/i><span class=\"w-btn-label\">\u00cenapoi la prezentare general\u0103<\/span><\/a><\/div><div class=\"w-separator size_large\"><\/div><\/div><\/div><\/div><\/div><\/section>","protected":false},"excerpt":{"rendered":"Dorim ca toat\u0103 lumea din Wiesbaden s\u0103 se simt\u0103 \u00een siguran\u021b\u0103 \u0219i f\u0103r\u0103 discriminare \u0219i violen\u021b\u0103 \u2013 \u00een drum spre cas\u0103, la \u0219coal\u0103 sau \u00een spa\u021biile publice. Securitatea \u00eenseamn\u0103 ceva diferit pentru toat\u0103 lumea, a\u0219a c\u0103 acord\u0103m aten\u021bie perspectivelor persoanelor care se confrunt\u0103 cu discriminare, ur\u0103 sau excludere. Este deosebit de important pentru noi...","protected":false},"author":1,"featured_media":1489,"comment_status":"closed","ping_status":"closed","sticky":false,"template":"","format":"standard","meta":{"footnotes":""},"categories":[15],"tags":[],"class_list":["post-1357","post","type-post","status-publish","format-standard","has-post-thumbnail","hentry","category-kapitel-2"],"yoast_head":"<!-- This site is optimized with the Yoast SEO plugin v27.5 - https:\/\/yoast.com\/product\/yoast-seo-wordpress\/ -->\n<title>Sicherheit und Schutz vor Gewalt - B\u00dcNDNIS 90\/DIE GR\u00dcNEN Wiesbaden<\/title>\n<meta name=\"robots\" content=\"index, follow, max-snippet:-1, max-image-preview:large, max-video-preview:-1\" \/>\n<link rel=\"canonical\" href=\"https:\/\/gruene-wiesbaden.de\/ro\/sicherheit-und-schutz-vor-gewalt\/\" \/>\n<meta property=\"og:locale\" content=\"ro_RO\" \/>\n<meta property=\"og:type\" content=\"article\" \/>\n<meta property=\"og:title\" content=\"Sicherheit und Schutz vor Gewalt - B\u00dcNDNIS 90\/DIE GR\u00dcNEN Wiesbaden\" \/>\n<meta property=\"og:url\" content=\"https:\/\/gruene-wiesbaden.de\/ro\/sicherheit-und-schutz-vor-gewalt\/\" \/>\n<meta property=\"og:site_name\" content=\"B\u00dcNDNIS 90\/DIE GR\u00dcNEN Wiesbaden\" \/>\n<meta property=\"article:publisher\" content=\"https:\/\/www.facebook.com\/gruene.wi\" \/>\n<meta property=\"article:published_time\" content=\"2025-11-09T22:14:08+00:00\" \/>\n<meta property=\"article:modified_time\" content=\"2026-04-09T08:33:03+00:00\" \/>\n<meta property=\"og:image\" content=\"https:\/\/gruene-wiesbaden.de\/wp-content\/uploads\/2025\/11\/2.5-Sicherheit-und-Schutz-vor-Gewalt-scaled.jpg\" \/>\n\t<meta property=\"og:image:width\" content=\"2048\" \/>\n\t<meta property=\"og:image:height\" content=\"2560\" \/>\n\t<meta property=\"og:image:type\" content=\"image\/jpeg\" \/>\n<meta name=\"author\" content=\"admin\" \/>\n<meta name=\"twitter:card\" content=\"summary_large_image\" \/>\n<meta name=\"twitter:label1\" content=\"Scris de\" \/>\n\t<meta name=\"twitter:data1\" content=\"admin\" \/>\n\t<meta name=\"twitter:label2\" content=\"Timp estimat pentru citire\" \/>\n\t<meta name=\"twitter:data2\" content=\"11 minutes\" \/>\n<script type=\"application\/ld+json\" class=\"yoast-schema-graph\">{\"@context\":\"https:\\\/\\\/schema.org\",\"@graph\":[{\"@type\":\"Article\",\"@id\":\"https:\\\/\\\/gruene-wiesbaden.de\\\/sicherheit-und-schutz-vor-gewalt\\\/#article\",\"isPartOf\":{\"@id\":\"https:\\\/\\\/gruene-wiesbaden.de\\\/sicherheit-und-schutz-vor-gewalt\\\/\"},\"author\":{\"name\":\"admin\",\"@id\":\"https:\\\/\\\/gruene-wiesbaden.de\\\/#\\\/schema\\\/person\\\/6785c34779159cd4fd86886bb097afe9\"},\"headline\":\"Sicherheit und Schutz vor Gewalt\",\"datePublished\":\"2025-11-09T22:14:08+00:00\",\"dateModified\":\"2026-04-09T08:33:03+00:00\",\"mainEntityOfPage\":{\"@id\":\"https:\\\/\\\/gruene-wiesbaden.de\\\/sicherheit-und-schutz-vor-gewalt\\\/\"},\"wordCount\":2926,\"publisher\":{\"@id\":\"https:\\\/\\\/gruene-wiesbaden.de\\\/#organization\"},\"image\":{\"@id\":\"https:\\\/\\\/gruene-wiesbaden.de\\\/sicherheit-und-schutz-vor-gewalt\\\/#primaryimage\"},\"thumbnailUrl\":\"https:\\\/\\\/gruene-wiesbaden.de\\\/wp-content\\\/uploads\\\/2025\\\/11\\\/2.5-Sicherheit-und-Schutz-vor-Gewalt-scaled.jpg\",\"articleSection\":[\"Kapitel 2\"],\"inLanguage\":\"ro-RO\"},{\"@type\":\"WebPage\",\"@id\":\"https:\\\/\\\/gruene-wiesbaden.de\\\/sicherheit-und-schutz-vor-gewalt\\\/\",\"url\":\"https:\\\/\\\/gruene-wiesbaden.de\\\/sicherheit-und-schutz-vor-gewalt\\\/\",\"name\":\"Sicherheit und Schutz vor Gewalt - B\u00dcNDNIS 90\\\/DIE GR\u00dcNEN Wiesbaden\",\"isPartOf\":{\"@id\":\"https:\\\/\\\/gruene-wiesbaden.de\\\/#website\"},\"primaryImageOfPage\":{\"@id\":\"https:\\\/\\\/gruene-wiesbaden.de\\\/sicherheit-und-schutz-vor-gewalt\\\/#primaryimage\"},\"image\":{\"@id\":\"https:\\\/\\\/gruene-wiesbaden.de\\\/sicherheit-und-schutz-vor-gewalt\\\/#primaryimage\"},\"thumbnailUrl\":\"https:\\\/\\\/gruene-wiesbaden.de\\\/wp-content\\\/uploads\\\/2025\\\/11\\\/2.5-Sicherheit-und-Schutz-vor-Gewalt-scaled.jpg\",\"datePublished\":\"2025-11-09T22:14:08+00:00\",\"dateModified\":\"2026-04-09T08:33:03+00:00\",\"breadcrumb\":{\"@id\":\"https:\\\/\\\/gruene-wiesbaden.de\\\/sicherheit-und-schutz-vor-gewalt\\\/#breadcrumb\"},\"inLanguage\":\"ro-RO\",\"potentialAction\":[{\"@type\":\"ReadAction\",\"target\":[\"https:\\\/\\\/gruene-wiesbaden.de\\\/sicherheit-und-schutz-vor-gewalt\\\/\"]}]},{\"@type\":\"ImageObject\",\"inLanguage\":\"ro-RO\",\"@id\":\"https:\\\/\\\/gruene-wiesbaden.de\\\/sicherheit-und-schutz-vor-gewalt\\\/#primaryimage\",\"url\":\"https:\\\/\\\/gruene-wiesbaden.de\\\/wp-content\\\/uploads\\\/2025\\\/11\\\/2.5-Sicherheit-und-Schutz-vor-Gewalt-scaled.jpg\",\"contentUrl\":\"https:\\\/\\\/gruene-wiesbaden.de\\\/wp-content\\\/uploads\\\/2025\\\/11\\\/2.5-Sicherheit-und-Schutz-vor-Gewalt-scaled.jpg\",\"width\":2048,\"height\":2560},{\"@type\":\"BreadcrumbList\",\"@id\":\"https:\\\/\\\/gruene-wiesbaden.de\\\/sicherheit-und-schutz-vor-gewalt\\\/#breadcrumb\",\"itemListElement\":[{\"@type\":\"ListItem\",\"position\":1,\"name\":\"Startseite\",\"item\":\"https:\\\/\\\/gruene-wiesbaden.de\\\/\"},{\"@type\":\"ListItem\",\"position\":2,\"name\":\"Sicherheit und Schutz vor Gewalt\"}]},{\"@type\":\"WebSite\",\"@id\":\"https:\\\/\\\/gruene-wiesbaden.de\\\/#website\",\"url\":\"https:\\\/\\\/gruene-wiesbaden.de\\\/\",\"name\":\"DIE GR\u00dcNEN Wiesbaden\",\"description\":\"\",\"publisher\":{\"@id\":\"https:\\\/\\\/gruene-wiesbaden.de\\\/#organization\"},\"potentialAction\":[{\"@type\":\"SearchAction\",\"target\":{\"@type\":\"EntryPoint\",\"urlTemplate\":\"https:\\\/\\\/gruene-wiesbaden.de\\\/?s={search_term_string}\"},\"query-input\":{\"@type\":\"PropertyValueSpecification\",\"valueRequired\":true,\"valueName\":\"search_term_string\"}}],\"inLanguage\":\"ro-RO\"},{\"@type\":\"Organization\",\"@id\":\"https:\\\/\\\/gruene-wiesbaden.de\\\/#organization\",\"name\":\"DIE GR\u00dcNEN Wiesbaden\",\"url\":\"https:\\\/\\\/gruene-wiesbaden.de\\\/\",\"logo\":{\"@type\":\"ImageObject\",\"inLanguage\":\"ro-RO\",\"@id\":\"https:\\\/\\\/gruene-wiesbaden.de\\\/#\\\/schema\\\/logo\\\/image\\\/\",\"url\":\"https:\\\/\\\/gruene-wiesbaden-fuer-europa.de\\\/wp-content\\\/uploads\\\/2024\\\/04\\\/Machen-was-zaehlt-5.png\",\"contentUrl\":\"https:\\\/\\\/gruene-wiesbaden-fuer-europa.de\\\/wp-content\\\/uploads\\\/2024\\\/04\\\/Machen-was-zaehlt-5.png\",\"width\":1772,\"height\":1772,\"caption\":\"DIE GR\u00dcNEN Wiesbaden\"},\"image\":{\"@id\":\"https:\\\/\\\/gruene-wiesbaden.de\\\/#\\\/schema\\\/logo\\\/image\\\/\"},\"sameAs\":[\"https:\\\/\\\/www.facebook.com\\\/gruene.wi\",\"https:\\\/\\\/instagram.com\\\/gruene_wi\"]},{\"@type\":\"Person\",\"@id\":\"https:\\\/\\\/gruene-wiesbaden.de\\\/#\\\/schema\\\/person\\\/6785c34779159cd4fd86886bb097afe9\",\"name\":\"admin\",\"sameAs\":[\"http:\\\/\\\/gruene-wiesbaden-fuer-europa.de\"],\"url\":\"https:\\\/\\\/gruene-wiesbaden.de\\\/ro\\\/author\\\/admin\\\/\"}]}<\/script>\n<!-- \/ Yoast SEO plugin. -->","yoast_head_json":{"title":"Sicherheit und Schutz vor Gewalt - B\u00dcNDNIS 90\/DIE GR\u00dcNEN Wiesbaden","robots":{"index":"index","follow":"follow","max-snippet":"max-snippet:-1","max-image-preview":"max-image-preview:large","max-video-preview":"max-video-preview:-1"},"canonical":"https:\/\/gruene-wiesbaden.de\/ro\/sicherheit-und-schutz-vor-gewalt\/","og_locale":"ro_RO","og_type":"article","og_title":"Sicherheit und Schutz vor Gewalt - B\u00dcNDNIS 90\/DIE GR\u00dcNEN Wiesbaden","og_url":"https:\/\/gruene-wiesbaden.de\/ro\/sicherheit-und-schutz-vor-gewalt\/","og_site_name":"B\u00dcNDNIS 90\/DIE GR\u00dcNEN Wiesbaden","article_publisher":"https:\/\/www.facebook.com\/gruene.wi","article_published_time":"2025-11-09T22:14:08+00:00","article_modified_time":"2026-04-09T08:33:03+00:00","og_image":[{"width":2048,"height":2560,"url":"https:\/\/gruene-wiesbaden.de\/wp-content\/uploads\/2025\/11\/2.5-Sicherheit-und-Schutz-vor-Gewalt-scaled.jpg","type":"image\/jpeg"}],"author":"admin","twitter_card":"summary_large_image","twitter_misc":{"Scris de":"admin","Timp estimat pentru citire":"11 minutes"},"schema":{"@context":"https:\/\/schema.org","@graph":[{"@type":"Article","@id":"https:\/\/gruene-wiesbaden.de\/sicherheit-und-schutz-vor-gewalt\/#article","isPartOf":{"@id":"https:\/\/gruene-wiesbaden.de\/sicherheit-und-schutz-vor-gewalt\/"},"author":{"name":"admin","@id":"https:\/\/gruene-wiesbaden.de\/#\/schema\/person\/6785c34779159cd4fd86886bb097afe9"},"headline":"Sicherheit und Schutz vor Gewalt","datePublished":"2025-11-09T22:14:08+00:00","dateModified":"2026-04-09T08:33:03+00:00","mainEntityOfPage":{"@id":"https:\/\/gruene-wiesbaden.de\/sicherheit-und-schutz-vor-gewalt\/"},"wordCount":2926,"publisher":{"@id":"https:\/\/gruene-wiesbaden.de\/#organization"},"image":{"@id":"https:\/\/gruene-wiesbaden.de\/sicherheit-und-schutz-vor-gewalt\/#primaryimage"},"thumbnailUrl":"https:\/\/gruene-wiesbaden.de\/wp-content\/uploads\/2025\/11\/2.5-Sicherheit-und-Schutz-vor-Gewalt-scaled.jpg","articleSection":["Kapitel 2"],"inLanguage":"ro-RO"},{"@type":"WebPage","@id":"https:\/\/gruene-wiesbaden.de\/sicherheit-und-schutz-vor-gewalt\/","url":"https:\/\/gruene-wiesbaden.de\/sicherheit-und-schutz-vor-gewalt\/","name":"Sicherheit und Schutz vor Gewalt - B\u00dcNDNIS 90\/DIE GR\u00dcNEN Wiesbaden","isPartOf":{"@id":"https:\/\/gruene-wiesbaden.de\/#website"},"primaryImageOfPage":{"@id":"https:\/\/gruene-wiesbaden.de\/sicherheit-und-schutz-vor-gewalt\/#primaryimage"},"image":{"@id":"https:\/\/gruene-wiesbaden.de\/sicherheit-und-schutz-vor-gewalt\/#primaryimage"},"thumbnailUrl":"https:\/\/gruene-wiesbaden.de\/wp-content\/uploads\/2025\/11\/2.5-Sicherheit-und-Schutz-vor-Gewalt-scaled.jpg","datePublished":"2025-11-09T22:14:08+00:00","dateModified":"2026-04-09T08:33:03+00:00","breadcrumb":{"@id":"https:\/\/gruene-wiesbaden.de\/sicherheit-und-schutz-vor-gewalt\/#breadcrumb"},"inLanguage":"ro-RO","potentialAction":[{"@type":"ReadAction","target":["https:\/\/gruene-wiesbaden.de\/sicherheit-und-schutz-vor-gewalt\/"]}]},{"@type":"ImageObject","inLanguage":"ro-RO","@id":"https:\/\/gruene-wiesbaden.de\/sicherheit-und-schutz-vor-gewalt\/#primaryimage","url":"https:\/\/gruene-wiesbaden.de\/wp-content\/uploads\/2025\/11\/2.5-Sicherheit-und-Schutz-vor-Gewalt-scaled.jpg","contentUrl":"https:\/\/gruene-wiesbaden.de\/wp-content\/uploads\/2025\/11\/2.5-Sicherheit-und-Schutz-vor-Gewalt-scaled.jpg","width":2048,"height":2560},{"@type":"BreadcrumbList","@id":"https:\/\/gruene-wiesbaden.de\/sicherheit-und-schutz-vor-gewalt\/#breadcrumb","itemListElement":[{"@type":"ListItem","position":1,"name":"Startseite","item":"https:\/\/gruene-wiesbaden.de\/"},{"@type":"ListItem","position":2,"name":"Sicherheit und Schutz vor Gewalt"}]},{"@type":"WebSite","@id":"https:\/\/gruene-wiesbaden.de\/#website","url":"https:\/\/gruene-wiesbaden.de\/","name":"DIE GR\u00dcNEN Wiesbaden","description":"","publisher":{"@id":"https:\/\/gruene-wiesbaden.de\/#organization"},"potentialAction":[{"@type":"SearchAction","target":{"@type":"EntryPoint","urlTemplate":"https:\/\/gruene-wiesbaden.de\/?s={search_term_string}"},"query-input":{"@type":"PropertyValueSpecification","valueRequired":true,"valueName":"search_term_string"}}],"inLanguage":"ro-RO"},{"@type":"Organization","@id":"https:\/\/gruene-wiesbaden.de\/#organization","name":"DIE GR\u00dcNEN Wiesbaden","url":"https:\/\/gruene-wiesbaden.de\/","logo":{"@type":"ImageObject","inLanguage":"ro-RO","@id":"https:\/\/gruene-wiesbaden.de\/#\/schema\/logo\/image\/","url":"https:\/\/gruene-wiesbaden-fuer-europa.de\/wp-content\/uploads\/2024\/04\/Machen-was-zaehlt-5.png","contentUrl":"https:\/\/gruene-wiesbaden-fuer-europa.de\/wp-content\/uploads\/2024\/04\/Machen-was-zaehlt-5.png","width":1772,"height":1772,"caption":"DIE GR\u00dcNEN Wiesbaden"},"image":{"@id":"https:\/\/gruene-wiesbaden.de\/#\/schema\/logo\/image\/"},"sameAs":["https:\/\/www.facebook.com\/gruene.wi","https:\/\/instagram.com\/gruene_wi"]},{"@type":"Person","@id":"https:\/\/gruene-wiesbaden.de\/#\/schema\/person\/6785c34779159cd4fd86886bb097afe9","name":"admin","sameAs":["http:\/\/gruene-wiesbaden-fuer-europa.de"],"url":"https:\/\/gruene-wiesbaden.de\/ro\/author\/admin\/"}]}},"_links":{"self":[{"href":"https:\/\/gruene-wiesbaden.de\/ro\/wp-json\/wp\/v2\/posts\/1357","targetHints":{"allow":["GET"]}}],"collection":[{"href":"https:\/\/gruene-wiesbaden.de\/ro\/wp-json\/wp\/v2\/posts"}],"about":[{"href":"https:\/\/gruene-wiesbaden.de\/ro\/wp-json\/wp\/v2\/types\/post"}],"author":[{"embeddable":true,"href":"https:\/\/gruene-wiesbaden.de\/ro\/wp-json\/wp\/v2\/users\/1"}],"replies":[{"embeddable":true,"href":"https:\/\/gruene-wiesbaden.de\/ro\/wp-json\/wp\/v2\/comments?post=1357"}],"version-history":[{"count":7,"href":"https:\/\/gruene-wiesbaden.de\/ro\/wp-json\/wp\/v2\/posts\/1357\/revisions"}],"predecessor-version":[{"id":2393,"href":"https:\/\/gruene-wiesbaden.de\/ro\/wp-json\/wp\/v2\/posts\/1357\/revisions\/2393"}],"wp:featuredmedia":[{"embeddable":true,"href":"https:\/\/gruene-wiesbaden.de\/ro\/wp-json\/wp\/v2\/media\/1489"}],"wp:attachment":[{"href":"https:\/\/gruene-wiesbaden.de\/ro\/wp-json\/wp\/v2\/media?parent=1357"}],"wp:term":[{"taxonomy":"category","embeddable":true,"href":"https:\/\/gruene-wiesbaden.de\/ro\/wp-json\/wp\/v2\/categories?post=1357"},{"taxonomy":"post_tag","embeddable":true,"href":"https:\/\/gruene-wiesbaden.de\/ro\/wp-json\/wp\/v2\/tags?post=1357"}],"curies":[{"name":"wp","href":"https:\/\/api.w.org\/{rel}","templated":true}]}}