{"id":1349,"date":"2025-11-10T00:09:19","date_gmt":"2025-11-09T22:09:19","guid":{"rendered":"https:\/\/gruene-wiesbaden.de\/?p=1349"},"modified":"2026-04-09T10:25:16","modified_gmt":"2026-04-09T08:25:16","slug":"geschlechtergerechtigkeit","status":"publish","type":"post","link":"https:\/\/gruene-wiesbaden.de\/ro\/geschlechtergerechtigkeit\/","title":{"rendered":"Egalitatea de gen"},"content":{"rendered":"<section class=\"l-section wpb_row height_medium with_img\"><div class=\"l-section-img\" role=\"img\" data-img-width=\"1080\" data-img-height=\"800\" style=\"background-image: url(https:\/\/gruene-wiesbaden.de\/wp-content\/uploads\/2025\/11\/neuer-Verlauf-gruene-wiesbaden.de_-2-e1762709402177.png);\"><\/div><div class=\"l-section-overlay\" style=\"background:var(--color-header-top-transparent-bg)\"><\/div><div class=\"l-section-h i-cf\"><div class=\"g-cols vc_row via_grid cols_1 laptops-cols_inherit tablets-cols_inherit mobiles-cols_1 valign_top type_default stacking_default\"><div class=\"wpb_column vc_column_container\"><div class=\"vc_column-inner\"><h1 class=\"w-post-elm post_title us_custom_a574d586 has_text_color entry-title\">Egalitatea de gen<\/h1><div class=\"w-separator size_medium\"><\/div><div class=\"g-cols wpb_row via_grid cols_2-1 laptops-cols_inherit tablets-cols_inherit mobiles-cols_1 valign_top type_default stacking_default\" style=\"--columns-gap:3rem;\"><div class=\"wpb_column vc_column_container\"><div class=\"vc_column-inner\"><div class=\"wpb_text_column us_custom_8b3d6790 has_text_color\"><div class=\"wpb_wrapper\"><p><span style=\"font-weight: 400;\">Egalitatea de gen este o condi\u021bie prealabil\u0103 pentru un ora\u0219 just \u0219i durabil. Aceasta se aplic\u0103 \u00een egal\u0103 m\u0103sur\u0103 muncii, educa\u021biei, s\u0103n\u0103t\u0103\u021bii, siguran\u021bei, culturii, transporturilor \u0219i planific\u0103rii urbane. Femeile \u0219i b\u0103rba\u021bii experimenteaz\u0103 Wiesbaden \u00een mod diferit: Femeile sunt mai des afectate de s\u0103r\u0103cie, munc\u0103 de \u00eengrijire, violen\u021b\u0103 \u0219i insecuritate \u00een spa\u021biile publice, \u00een timp ce b\u0103rba\u021bii \u00eenc\u0103 domin\u0103 pozi\u021biile de conducere \u0219i folosesc mai mult ma\u0219ina. Serviciile de s\u0103n\u0103tate \u0219i educa\u021bie reflect\u0103, de asemenea, aceste diferen\u021be.<\/span><\/p>\n<p><span style=\"font-weight: 400;\">Pentru noi, Verzii, egalitatea de gen nu este o chestiune marginal\u0103, ci o sarcin\u0103 transversal\u0103: Acest lucru face ca ora\u0219ul nostru s\u0103 fie mai echitabil, mai sigur \u0219i mai locuibil \u2013 pentru to\u021bi locuitorii din Wiesbadeners.<\/span><\/p>\n<\/div><\/div><div class=\"w-separator size_medium\"><\/div><div class=\"w-btn-wrapper align_left\"><a class=\"w-btn us-btn-style_8 icon_atleft\" href=\"https:\/\/gruene-wiesbaden.de\/ro\/kommunalwahl\/#Kapitel2\"><i class=\"fas fa-chevron-circle-right\"><\/i><span class=\"w-btn-label\">\u00cenapoi la prezentare general\u0103<\/span><\/a><\/div><\/div><\/div><div class=\"wpb_column vc_column_container\"><div class=\"vc_column-inner\"><div class=\"w-image align_center\"><div class=\"w-image-h\"><img decoding=\"async\" width=\"2560\" height=\"1350\" src=\"https:\/\/gruene-wiesbaden.de\/wp-content\/uploads\/2025\/11\/2.1-Geschlechtergerechtigkeit-scaled.jpeg\" class=\"attachment-full size-full\" alt=\"\" loading=\"lazy\" srcset=\"https:\/\/gruene-wiesbaden.de\/wp-content\/uploads\/2025\/11\/2.1-Geschlechtergerechtigkeit-scaled.jpeg 2560w, https:\/\/gruene-wiesbaden.de\/wp-content\/uploads\/2025\/11\/2.1-Geschlechtergerechtigkeit-400x211.jpeg 400w, https:\/\/gruene-wiesbaden.de\/wp-content\/uploads\/2025\/11\/2.1-Geschlechtergerechtigkeit-600x316.jpeg 600w\" sizes=\"auto, (max-width: 2560px) 100vw, 2560px\" \/><\/div><\/div><div class=\"w-separator size_small\"><\/div><\/div><\/div><\/div><div class=\"w-separator size_medium\"><\/div><div class=\"w-separator size_medium\"><\/div><div class=\"wpb_text_column\"><div class=\"wpb_wrapper\"><h1>Ce \u00eenseamn\u0103 egalitatea de gen pentru noi<\/h1>\n<\/div><\/div><div class=\"w-separator size_large\"><\/div><div class=\"g-cols wpb_row via_grid cols_3 laptops-cols_inherit tablets-cols_inherit mobiles-cols_1 valign_top type_default stacking_default\" style=\"--columns-gap:3rem;\"><div class=\"wpb_column vc_column_container\"><div class=\"vc_column-inner\"><div class=\"w-iconbox us_custom_8b3d6790 has_text_color iconpos_left style_default color_custom align_left\"><div class=\"w-iconbox-icon\" style=\"font-size:2rem;--icon-color:#Ffffff;--icon-bg-color:var(--color-header-middle-bg);\"><i class=\"fas fa-layer-group\"><\/i><\/div><div class=\"w-iconbox-meta\"><h4 class=\"w-iconbox-title\" style=\"font-size:1.5rem;\">\u00cen siguran\u021b\u0103 \u00een deplasare, oric\u00e2nd \u0219i oriunde<\/h4><div class=\"w-iconbox-text\"><p><span style=\"font-weight: 400;\">Femeile folosesc transportul public \u0219i adesea merg pe jos. Iluminatul, opririle sigure \u0219i spa\u021biile publice protejeaz\u0103 \u00eempotriva violen\u021bei \u0219i a catcalling-ului.<\/span><\/p>\n<\/div><\/div><\/div><\/div><\/div><div class=\"wpb_column vc_column_container\"><div class=\"vc_column-inner\"><div class=\"w-iconbox us_custom_8b3d6790 has_text_color iconpos_left style_default color_custom align_left\"><div class=\"w-iconbox-icon\" style=\"font-size:2rem;--icon-color:#Ffffff;--icon-bg-color:var(--color-header-transparent-text);\"><i class=\"fas fa-layer-group\"><\/i><\/div><div class=\"w-iconbox-meta\"><h4 class=\"w-iconbox-title\" style=\"font-size:1.5rem;\">Munca echitabil\u0103<\/h4><div class=\"w-iconbox-text\"><p><span style=\"font-weight: 400;\">Salariile inegale \u0219i sarcinile multiple afecteaz\u0103 \u00een special femeile. Cre\u0103m structuri pentru locuri de munc\u0103 echitabile \u0219i munc\u0103 de \u00eengrijire.<\/span><\/p>\n<\/div><\/div><\/div><\/div><\/div><div class=\"wpb_column vc_column_container\"><div class=\"vc_column-inner\"><div class=\"w-iconbox us_custom_8b3d6790 has_text_color iconpos_left style_default color_custom align_left\"><div class=\"w-iconbox-icon\" style=\"font-size:2rem;--icon-color:#Ffffff;--icon-bg-color:var(--color-header-transparent-text);\"><i class=\"fas fa-layer-group\"><\/i><\/div><div class=\"w-iconbox-meta\"><h4 class=\"w-iconbox-title\" style=\"font-size:1.5rem;\">paritate<\/h4><div class=\"w-iconbox-text\"><p><span style=\"font-weight: 400;\">Organismele \u0219i administra\u021bia trebuie s\u0103 reflecte diversitatea Wiesbaden \u2013 paritatea autentic\u0103 este, desigur, o chestiune democratic\u0103.<\/span><\/p>\n<\/div><\/div><\/div><\/div><\/div><\/div><div class=\"w-separator size_medium\"><\/div><div class=\"g-cols wpb_row via_grid cols_3 laptops-cols_inherit tablets-cols_inherit mobiles-cols_1 valign_top type_default stacking_default\" style=\"--columns-gap:3rem;\"><div class=\"wpb_column vc_column_container\"><div class=\"vc_column-inner\"><div class=\"w-iconbox us_custom_8b3d6790 has_text_color iconpos_left style_default color_custom align_left\"><div class=\"w-iconbox-icon\" style=\"font-size:2rem;--icon-color:#Ffffff;--icon-bg-color:var(--color-header-middle-bg);\"><i class=\"fas fa-layer-group\"><\/i><\/div><div class=\"w-iconbox-meta\"><h4 class=\"w-iconbox-title\" style=\"font-size:1.5rem;\">s\u0103n\u0103tate<\/h4><div class=\"w-iconbox-text\"><p><span style=\"font-weight: 400;\">\u00cembun\u0103t\u0103\u021bim accesul la contraceptive, produse pentru menstrua\u021bie \u0219i preven\u021bie specific\u0103 femeilor. \u00cengrijirea care ia \u00een considerare dimensiunea de gen asigur\u0103 o libertate real\u0103 de alegere.<\/span><\/p>\n<\/div><\/div><\/div><\/div><\/div><div class=\"wpb_column vc_column_container\"><div class=\"vc_column-inner\"><div class=\"w-iconbox us_custom_8b3d6790 has_text_color iconpos_left style_default color_custom align_left\"><div class=\"w-iconbox-icon\" style=\"font-size:2rem;--icon-color:#Ffffff;--icon-bg-color:var(--color-header-transparent-text);\"><i class=\"fas fa-layer-group\"><\/i><\/div><div class=\"w-iconbox-meta\"><h4 class=\"w-iconbox-title\" style=\"font-size:1.5rem;\">intersec\u021bionalitate<\/h4><div class=\"w-iconbox-text\"><p><span style=\"font-weight: 400;\">Intersec\u021bionalitatea descrie discriminarea multipl\u0103, de exemplu la femeile de culoare sau la persoanele TINA*. Consolid\u0103m vizibilitatea \u0219i participarea, astfel \u00eenc\u00e2t Wiesbaden s\u0103 includ\u0103 toate perspectivele.<\/span><\/p>\n<\/div><\/div><\/div><\/div><\/div><div class=\"wpb_column vc_column_container\"><div class=\"vc_column-inner\"><\/div><\/div><\/div><div class=\"w-separator size_medium\"><\/div><div class=\"w-btn-wrapper align_left\"><a class=\"w-btn us-btn-style_8 icon_atleft\" href=\"https:\/\/gruene-wiesbaden.de\/ro\/kommunalwahl\/#Kapitel2\"><i class=\"fas fa-chevron-circle-right\"><\/i><span class=\"w-btn-label\">\u00cenapoi la prezentare general\u0103<\/span><\/a><\/div><div class=\"w-separator size_medium\"><\/div><\/div><\/div><\/div><\/div><\/section><section class=\"l-section wpb_row height_auto with_img\"><div class=\"l-section-img\" role=\"img\" data-img-width=\"2560\" data-img-height=\"1350\" style=\"background-image: url(https:\/\/gruene-wiesbaden.de\/wp-content\/uploads\/2025\/11\/2.1-Geschlechtergerechtigkeit-scaled.jpeg);background-repeat: no-repeat;\"><\/div><div class=\"l-section-overlay\" style=\"background:var(--color-header-top-transparent-bg)\"><\/div><div class=\"l-section-h i-cf\"><div class=\"g-cols vc_row via_grid cols_1 laptops-cols_inherit tablets-cols_inherit mobiles-cols_1 valign_middle type_default stacking_default\" style=\"--columns-gap:1rem;\"><div class=\"wpb_column vc_column_container\"><div class=\"vc_column-inner\"><div class=\"w-separator size_large\"><\/div><div class=\"wpb_text_column background_inside_text\"><div class=\"wpb_wrapper\"><h1>Ce vrem s\u0103 facem \u00een mod special \u00een acest domeniu<\/h1>\n<\/div><\/div><div class=\"w-separator size_medium\"><\/div><div class=\"w-tabs us_custom_42d693a0 has_text_color style_default switch_click accordion has_scrolling\" style=\"--sections-title-size:1.4rem\"><div class=\"w-tabs-sections titles-align_none icon_chevron cpos_right\"><div class=\"w-tabs-section has_text_color\" id=\"a193\" style=\"background:var(--color-header-transparent-text);color:var(--color-header-top-text-hover);\"><button class=\"w-tabs-section-header\" aria-controls=\"content-a193\" aria-expanded=\"false\"><div class=\"w-tabs-section-title\">Implementarea unui ora\u0219 de 15 minute<\/div><div class=\"w-tabs-section-control\"><\/div><\/button><div  class=\"w-tabs-section-content\" id=\"content-a193\"><div class=\"w-tabs-section-content-h i-cf\"><div class=\"wpb_text_column\"><div class=\"wpb_wrapper\"><p><span style=\"font-weight: 400;\">Ne dorim un oras cu distante scurte, in care sa se poata ajunge in 15 minute la toate destinatiile importante. Acest lucru economise\u0219te timp \u2013 \u00een special pentru femeile care desf\u0103\u0219oar\u0103 \u00een continuare cea mai mare parte a activit\u0103\u021bii de \u00eengrijire. \u00cen acela\u0219i timp, reducerea traficului auto \u0219i mobilitatea durabil\u0103 asigur\u0103 c\u0103i sigure \u0219i bine iluminate \u0219i locuri \u00een care femeile se pot deplasa mai liber. Aprovizionarea local\u0103 din district \u00eent\u0103re\u0219te cartierele \u0219i face via\u021ba mai u\u0219oar\u0103.<\/span><\/p>\n<\/div><\/div><\/div><\/div><\/div><div class=\"w-tabs-section has_text_color\" id=\"s326\" style=\"background:var(--color-header-transparent-text);color:var(--color-header-top-text-hover);\"><button class=\"w-tabs-section-header\" aria-controls=\"content-s326\" aria-expanded=\"false\"><div class=\"w-tabs-section-title\">Planificarea transportului local \u00eentr-un mod adecvat din punctul de vedere al genului<\/div><div class=\"w-tabs-section-control\"><\/div><\/button><div  class=\"w-tabs-section-content\" id=\"content-s326\"><div class=\"w-tabs-section-content-h i-cf\"><div class=\"wpb_text_column\"><div class=\"wpb_wrapper\"><p><span style=\"font-weight: 400;\">B\u0103rba\u021bii \u0219i femeile folosesc traficul \u00een mod diferit. Femeile sunt mai predispuse sa calatoreasca pe lanturi de drumuri, sa calatoreasca mai des cu copiii sau la cumparaturi si sa acorde o atentie deosebita sigurantei. De aceea, Wiesbaden are nevoie de vehicule f\u0103r\u0103 bariere, opriri sigure, programe stricte chiar \u0219i seara \u0219i tarife echitabile. Ne angaj\u0103m s\u0103 ne asigur\u0103m c\u0103 noul plan de transport local ia \u00een considerare nevoile de mobilitate ale tuturor \u0219i, astfel, creeaz\u0103 o egalitate real\u0103 \u00een via\u021ba de zi cu zi.<\/span><\/p>\n<\/div><\/div><\/div><\/div><\/div><div class=\"w-tabs-section has_text_color\" id=\"n444\" style=\"background:var(--color-header-transparent-text);color:var(--color-header-top-text-hover);\"><button class=\"w-tabs-section-header\" aria-controls=\"content-n444\" aria-expanded=\"false\"><div class=\"w-tabs-section-title\">Face\u021bi Catcalling Vizibil<\/div><div class=\"w-tabs-section-control\"><\/div><\/button><div  class=\"w-tabs-section-content\" id=\"content-n444\"><div class=\"w-tabs-section-content-h i-cf\"><div class=\"wpb_text_column\"><div class=\"wpb_wrapper\"><p><span style=\"font-weight: 400;\">Sprijinim campania \u201eCatcalls of Wiesbaden\u201d pentru a sensibiliza publicul cu privire la sexismul de zi cu zi. Vizibilitatea este primul pas \u00een combaterea constant\u0103 a h\u0103r\u021buirii. Dorim s\u0103 construim o cooperare cu aceast\u0103 campanie \u0219i s\u0103 atragem aten\u021bia asupra altagssexismului \u0219i discrimin\u0103rii prin campanii \u00een transportul public, precum \u0219i \u00een peisajul urban din Wiesbaden.<\/span><\/p>\n<\/div><\/div><\/div><\/div><\/div><div class=\"w-tabs-section has_text_color\" id=\"e55e\" style=\"background:var(--color-header-middle-bg);color:var(--color-content-heading);\"><button class=\"w-tabs-section-header\" aria-controls=\"content-e55e\" aria-expanded=\"false\"><div class=\"w-tabs-section-title\">Reconcilierea \u00eengrijirii copiilor cu politica<\/div><div class=\"w-tabs-section-control\"><\/div><\/button><div  class=\"w-tabs-section-content\" id=\"content-e55e\"><div class=\"w-tabs-section-content-h i-cf\"><div class=\"wpb_text_column\"><div class=\"wpb_wrapper\"><p><span style=\"font-weight: 400;\">Voluntariatul trebuie s\u0103 fie mai incluziv. Femeile sunt \u00eenc\u0103 subreprezentate \u00een politica urban\u0103 \u2013 \u0219i pentru c\u0103 reuniunile au loc adesea seara, c\u00e2nd este necesar\u0103 munca \u00een familie. F\u0103r\u0103 o \u00eengrijire fiabil\u0103 a copiilor, obstacolul pentru mame este deosebit de mare pentru a se implica. Prin urmare, ne angaj\u0103m s\u0103 ne asigur\u0103m c\u0103 resursele de \u00eengrijire a copiilor continu\u0103 s\u0103 fie disponibile \u0219i c\u0103 reuniunile devin mai eficiente \u0219i mai scurte. Astfel, facem participarea politic\u0103 mai accesibil\u0103 \u0219i mai echitabil\u0103 \u0219i cre\u0103m oportunit\u0103\u021bi reale pentru ca mai multe femei s\u0103 contribuie cu perspectivele lor la politica urban\u0103.<\/span><\/p>\n<\/div><\/div><\/div><\/div><\/div><div class=\"w-tabs-section has_text_color\" id=\"j677\" style=\"background:var(--color-header-transparent-text);color:var(--color-header-top-text-hover);\"><button class=\"w-tabs-section-header\" aria-controls=\"content-j677\" aria-expanded=\"false\"><div class=\"w-tabs-section-title\">Punerea \u00een aplicare a parit\u0103\u021bii \u00een cadrul comitetelor<\/div><div class=\"w-tabs-section-control\"><\/div><\/button><div  class=\"w-tabs-section-content\" id=\"content-j677\"><div class=\"w-tabs-section-content-h i-cf\"><div class=\"wpb_text_column\"><div class=\"wpb_wrapper\"><p><span style=\"font-weight: 400;\">Cele dure sunt \u00een continuare subreprezentate \u00een mod semnificativ \u00een consiliile de supraveghere, \u00een consiliile de administra\u021bie \u0219i \u00een consiliile municipale \u2013 de\u0219i reprezint\u0103 jum\u0103tate din popula\u021bie. Lipsa diversit\u0103\u021bii conduce la perspective, experien\u021be \u0219i competen\u021be neexploatate. Prin urmare, ne asigur\u0103m c\u0103 paritatea este pus\u0103 \u00een aplicare \u00een mod consecvent. Codul de participare face posibil acest lucru \u2013 aceea\u0219i reprezentare trebuie s\u0103 devin\u0103 \u00een cele din urm\u0103 o realitate \u00een Wiesbaden.<\/span><\/p>\n<\/div><\/div><\/div><\/div><\/div><div class=\"w-tabs-section has_text_color\" id=\"f82b\" style=\"background:var(--color-header-middle-bg);color:var(--color-header-middle-text);\"><button class=\"w-tabs-section-header\" aria-controls=\"content-f82b\" aria-expanded=\"false\"><div class=\"w-tabs-section-title\">Introducerea form\u0103rii privind sexismul<\/div><div class=\"w-tabs-section-control\"><\/div><\/button><div  class=\"w-tabs-section-content\" id=\"content-f82b\"><div class=\"w-tabs-section-content-h i-cf\"><div class=\"wpb_text_column\"><div class=\"wpb_wrapper\"><p><span style=\"font-weight: 400;\">Membrii comisiilor municipale sunt responsabili pentru o coexisten\u021b\u0103 respectuoas\u0103. De aceea, dorim s\u0103 introducem o formare obligatorie privind sexismul \u0219i discriminarea. Ele creeaz\u0103 con\u0219tientizarea rela\u021biilor de putere inegale, cresc gradul de con\u0219tientizare a limbajului respectuos \u0219i consolideaz\u0103 o cultur\u0103 a egalit\u0103\u021bii. \u00cen acest fel, ne asigur\u0103m c\u0103 politica lui Wiesbaden este echitabil\u0103, incluziv\u0103 \u0219i durabil\u0103 \u0219i c\u0103 egalitatea \u00een politica lui Wiesbaden este consolidat\u0103.<\/span><\/p>\n<\/div><\/div><\/div><\/div><\/div><div class=\"w-tabs-section has_text_color\" id=\"z956\" style=\"background:var(--color-header-transparent-text);color:var(--color-header-top-text-hover);\"><button class=\"w-tabs-section-header\" aria-controls=\"content-z956\" aria-expanded=\"false\"><div class=\"w-tabs-section-title\">Promovarea egalit\u0103\u021bii digitale<\/div><div class=\"w-tabs-section-control\"><\/div><\/button><div  class=\"w-tabs-section-content\" id=\"content-z956\"><div class=\"w-tabs-section-content-h i-cf\"><div class=\"wpb_text_column\"><div class=\"wpb_wrapper\"><p><span style=\"font-weight: 400;\">Consolid\u0103m participarea fetelor \u0219i a femeilor la viitorul digital, depun\u00e2nd eforturi specifice pentru a-\u0219i extinde sprijinul \u00een domeniul tehnologiei informa\u021biei \u0219i al inteligen\u021bei artificiale. \u00cen acest scop, sprijinim proiectele \u0219colare, ofertele \u201eZiua fetelor\u201d \u0219i cooperarea cu universit\u0103\u021bile din Wiesbaden. Programele de mentorat \u0219i re\u021belele locale fac vizibile modelele feminine \u0219i consolideaz\u0103 diversitatea profesiilor digitale.<\/span><\/p>\n<\/div><\/div><\/div><\/div><\/div><div class=\"w-tabs-section has_text_color\" id=\"ba6f\" style=\"background:var(--color-header-transparent-text);color:var(--color-header-top-text-hover);\"><button class=\"w-tabs-section-header\" aria-controls=\"content-ba6f\" aria-expanded=\"false\"><div class=\"w-tabs-section-title\">Promovarea atelierelor de prevenire \u00een \u0219coli<\/div><div class=\"w-tabs-section-control\"><\/div><\/button><div  class=\"w-tabs-section-content\" id=\"content-ba6f\"><div class=\"w-tabs-section-content-h i-cf\"><div class=\"wpb_text_column\"><div class=\"wpb_wrapper\"><p><span style=\"font-weight: 400;\">Ne angaj\u0103m s\u0103 organiz\u0103m ateliere periodice privind egalitatea, respectul \u0219i prevenirea violen\u021bei sexualizate \u00een toate \u0219colile din Wiesbaden. \u00cen acest sens pot fi implicate \u0219i organisme specializate externe. \u00cen acest fel, copiii \u0219i tinerii \u00eenva\u021b\u0103 din timp s\u0103 aprecieze diversitatea \u0219i s\u0103 se opun\u0103 discrimin\u0103rii.<\/span><\/p>\n<\/div><\/div><\/div><\/div><\/div><div class=\"w-tabs-section has_text_color\" id=\"qba4\" style=\"background:var(--color-header-transparent-text);color:var(--color-header-top-text-hover);\"><button class=\"w-tabs-section-header\" aria-controls=\"content-qba4\" aria-expanded=\"false\"><div class=\"w-tabs-section-title\">Extinderea ad\u0103posturilor pentru femei \u0219i a centrelor de consiliere<\/div><div class=\"w-tabs-section-control\"><\/div><\/button><div  class=\"w-tabs-section-content\" id=\"content-qba4\"><div class=\"w-tabs-section-content-h i-cf\"><div class=\"wpb_text_column\"><div class=\"wpb_wrapper\"><p><span style=\"font-weight: 400;\">GR\u00dcNE se angajeaz\u0103 s\u0103 se asigure c\u0103 femeile din Wiesbaden g\u0103sesc protec\u021bie rapid \u0219i u\u0219or. \u00cen acest scop, dorim ca ora\u0219ul s\u0103 extind\u0103 spa\u021biile pentru ad\u0103posturi \u0219i servicii de consiliere pentru femei, s\u0103 sprijine institu\u021biile locale \u0219i s\u0103 asigure resurse umane \u0219i financiare. Protec\u021bia nu trebuie s\u0103 depind\u0103 de portofel: Ne asigur\u0103m c\u0103 femeile care solicit\u0103 protec\u021bie nu trebuie s\u0103 suporte propriile costuri. \u00cen acela\u0219i timp, sunt necesare oferte cu prag sc\u0103zut \u0219i activit\u0103\u021bi de prevenire pentru a detecta \u0219i a preveni violen\u021ba \u00eentr-un stadiu incipient. Prin acest angajament, contribuim activ la punerea \u00een aplicare a Conven\u021biei de la Istanbul \u0219i consolid\u0103m protec\u021bia \u0219i siguran\u021ba femeilor \u00een ora\u0219ul nostru.<\/span><\/p>\n<\/div><\/div><\/div><\/div><\/div><div class=\"w-tabs-section has_text_color\" id=\"zd13\" style=\"background:var(--color-header-transparent-text);color:var(--color-header-top-text-hover);\"><button class=\"w-tabs-section-header\" aria-controls=\"content-zd13\" aria-expanded=\"false\"><div class=\"w-tabs-section-title\">Contracep\u021bie &amp; amperi; Configurarea fondurilor de perioad\u0103<\/div><div class=\"w-tabs-section-control\"><\/div><\/button><div  class=\"w-tabs-section-content\" id=\"content-zd13\"><div class=\"w-tabs-section-content-h i-cf\"><div class=\"wpb_text_column\"><div class=\"wpb_wrapper\"><p><span style=\"font-weight: 400;\">Ne angaj\u0103m s\u0103 continu\u0103m \u0219i s\u0103 extindem oferta de produse menstruale \u0219i contraceptive gratuite \u00een \u0219coli \u0219i institu\u021bii publice. \u00cen acest fel, asigur\u0103m autodeterminarea \u0219i participarea indiferent de venituri \u0219i deta\u0219\u0103m subiecte importante de s\u0103n\u0103tate.<\/span><\/p>\n<\/div><\/div><\/div><\/div><\/div><\/div><\/div><div class=\"w-separator size_medium\"><\/div><div class=\"w-btn-wrapper align_left\"><a class=\"w-btn us-btn-style_8 icon_atleft\" href=\"https:\/\/gruene-wiesbaden.de\/ro\/kommunalwahl\/#Kapitel2\"><i class=\"fas fa-chevron-circle-right\"><\/i><span class=\"w-btn-label\">\u00cenapoi la prezentare general\u0103<\/span><\/a><\/div><div class=\"w-separator size_large\"><\/div><div class=\"wpb_text_column\"><div class=\"wpb_wrapper\"><h1>Ceea ce am realizat deja<\/h1>\n<\/div><\/div><div class=\"w-separator size_medium\"><\/div><div class=\"w-tabs us_custom_42d693a0 has_text_color style_default switch_click accordion has_scrolling\" style=\"--sections-title-size:1.4rem\"><div class=\"w-tabs-sections titles-align_none icon_chevron cpos_right\"><div class=\"w-tabs-section has_text_color\" id=\"g359\" style=\"background:var(--color-header-transparent-text);color:var(--color-header-top-text-hover);\"><button class=\"w-tabs-section-header\" aria-controls=\"content-g359\" aria-expanded=\"false\"><div class=\"w-tabs-section-title\">Semnarea Cartei europene pentru egalitatea \u00eentre femei \u0219i b\u0103rba\u021bi<\/div><div class=\"w-tabs-section-control\"><\/div><\/button><div  class=\"w-tabs-section-content\" id=\"content-g359\"><div class=\"w-tabs-section-content-h i-cf\"><div class=\"wpb_text_column\"><div class=\"wpb_wrapper\"><p><span style=\"font-weight: 400;\">Ne angaj\u0103m s\u0103 punem \u00een aplicare pe deplin Carta european\u0103 pentru egalitatea \u00eentre femei \u0219i b\u0103rba\u021bi \u0219i ne-am asigurat c\u0103 Wiesbaden a aderat la Carta european\u0103 pentru egalitatea \u00eentre femei \u0219i b\u0103rba\u021bi la nivel local. Acest lucru oblig\u0103 ora\u0219ul la m\u0103suri \u0219i obiective concrete de promovare a egalit\u0103\u021bii de gen \u00een diferite domenii ale dezvolt\u0103rii \u0219i administra\u021biei urbane. Dorim s\u0103 sprijinim punerea \u00een aplicare at\u00e2t din punct de vedere politic, c\u00e2t \u0219i public \u0219i prin furnizarea de resurse financiare.<\/span><\/p>\n<\/div><\/div><\/div><\/div><\/div><div class=\"w-tabs-section has_text_color\" id=\"r47a\" style=\"background:var(--color-header-transparent-text);color:var(--color-header-top-text-hover);\"><button class=\"w-tabs-section-header\" aria-controls=\"content-r47a\" aria-expanded=\"false\"><div class=\"w-tabs-section-title\">Oportunit\u0103\u021bi puternice de finan\u021bare pentru politica privind femeile<\/div><div class=\"w-tabs-section-control\"><\/div><\/button><div  class=\"w-tabs-section-content\" id=\"content-r47a\"><div class=\"w-tabs-section-content-h i-cf\"><div class=\"wpb_text_column\"><div class=\"wpb_wrapper\"><p><span style=\"font-weight: 400;\">\u00cen cooperarea noastr\u0103 guvernamental\u0103, noi, Verzii, am reu\u0219it s\u0103 negociem fonduri de \u0219ase cifre \u00een bugetele anterioare, de care comisarul municipal pentru femei, care lucreaz\u0103 \u00eendeaproape cu Departamentul nostru Verde pentru Egalitatea de \u0218anse \u00eentre Femei \u0219i B\u0103rba\u021bi, poate dispune liber. Acesta sprijin\u0103 proiecte, ini\u021biative \u0219i servicii de consiliere care promoveaz\u0103 egalitatea de gen, capaciteaz\u0103 femeile \u0219i le asigur\u0103 drepturile. Furnizarea acestor resurse demonstreaz\u0103 angajamentul nostru continuu fa\u021b\u0103 de un ora\u0219 incluziv \u0219i echitabil, care s\u0103 sprijine femeile din toate categoriile sociale, de la prevenire \u0219i educa\u021bie la proiecte de carier\u0103 \u0219i emancipare social\u0103.<\/span><\/p>\n<\/div><\/div><\/div><\/div><\/div><div class=\"w-tabs-section has_text_color\" id=\"r595\" style=\"background:var(--color-header-transparent-text);color:var(--color-header-top-text-hover);\"><button class=\"w-tabs-section-header\" aria-controls=\"content-r595\" aria-expanded=\"false\"><div class=\"w-tabs-section-title\">Introducerea unui limbaj care ia \u00een considerare dimensiunea de gen \u00een administra\u021bia ora\u0219ului<\/div><div class=\"w-tabs-section-control\"><\/div><\/button><div  class=\"w-tabs-section-content\" id=\"content-r595\"><div class=\"w-tabs-section-content-h i-cf\"><div class=\"wpb_text_column\"><div class=\"wpb_wrapper\"><p><span style=\"font-weight: 400;\">\u00cencep\u00e2nd din 2022, administra\u021bia ora\u0219ului Wiesbaden utilizeaz\u0103 un limbaj apreciativ \u0219i care ia \u00een considerare dimensiunea de gen. Introducerea unui ghid consolideaz\u0103 vizibilitatea tuturor genurilor \u00een comunicarea administrativ\u0103 \u0219i contracareaz\u0103 \u00een mod activ discriminarea. Acest pas face ca administra\u021bia ora\u0219ului s\u0103 fie mai modern\u0103, mai incluziv\u0103 \u0219i arat\u0103 c\u0103 Wiesbaden ia \u00een serios diversitatea \u0219i c\u0103 interac\u021biunea respectuoas\u0103 \u00eentre ele este important\u0103.<\/span><\/p>\n<\/div><\/div><\/div><\/div><\/div><div class=\"w-tabs-section has_text_color\" id=\"k6d1\" style=\"background:var(--color-header-middle-bg);color:var(--color-content-heading);\"><button class=\"w-tabs-section-header\" aria-controls=\"content-k6d1\" aria-expanded=\"false\"><div class=\"w-tabs-section-title\">Femeile \u00een pozi\u021bii de conducere<\/div><div class=\"w-tabs-section-control\"><\/div><\/button><div  class=\"w-tabs-section-content\" id=\"content-k6d1\"><div class=\"w-tabs-section-content-h i-cf\"><div class=\"wpb_text_column\"><div class=\"wpb_wrapper\"><p><span style=\"font-weight: 400;\">Am \u00eenceput \u00een mod activ s\u0103 ocup\u0103m posturile de conducere ale exploata\u021biilor municipale cu femei calificate. \u00centre timp, WVV, SEG \u0219i ESWE Verkehr sunt conduse de femei \u2013 un pas clar c\u0103tre o mai mare egalitate \u00een \u00eentreprinderile urbane. Prin aceste numiri, cre\u0103m modele pentru femeile tinere, promov\u0103m diversitatea \u00een procesele decizionale \u0219i consolid\u0103m egalitatea de \u0219anse \u00een Wiesbaden. Scopul este de a elimina \u00een mod sistematic barierele, astfel \u00eenc\u00e2t femeile s\u0103 fie reprezentate la toate nivelurile de conducere ale administra\u021biei ora\u0219ului \u0219i ale societ\u0103\u021bilor urbane.<\/span><\/p>\n<\/div><\/div><\/div><\/div><\/div><div class=\"w-tabs-section has_text_color\" id=\"n88c\" style=\"background:var(--color-header-transparent-text);color:var(--color-header-top-text-hover);\"><button class=\"w-tabs-section-header\" aria-controls=\"content-n88c\" aria-expanded=\"false\"><div class=\"w-tabs-section-title\">Extinderea Kita a fost avansat\u0103<\/div><div class=\"w-tabs-section-control\"><\/div><\/button><div  class=\"w-tabs-section-content\" id=\"content-n88c\"><div class=\"w-tabs-section-content-h i-cf\"><div class=\"wpb_text_column\"><div class=\"wpb_wrapper\"><p><span style=\"font-weight: 400;\">\u00cencep\u00e2nd din 2022, am extins \u00een mod semnificativ \u00eengrijirea de zi \u00een Wiesbaden: \u00cen anul de cre\u0219\u0103 2024\/25, au fost disponibile 10 308 locuri \u2013 cu 227 mai multe dec\u00e2t \u00een anul precedent, num\u0103rul copiilor din Wiesbaden sc\u0103z\u00e2nd (2020\/21 11 062, 2024\/25 10 912). \u00cen zona U3 avem spa\u021biul de 37,7% \u00een 2020\/21-41,1% \u00een 2024\/25 \u0219i \u00een intervalul elementar de 90% \u00een 2020\/21-94,4%a crescut \u00een 2024\/2025. Odat\u0103 cu deschiderea de noi facilit\u0103\u021bi, cum ar fi centrul de \u00eengrijire de zi din Wiesbaden-Biebrich cu 50 de locuri suplimentare, am extins capacit\u0103\u021bile de sprijin. Aceast\u0103 evolu\u021bie promoveaz\u0103 reconcilierea vie\u021bii profesionale cu via\u021ba de familie, \u00een special pentru femei, \u0219i consolideaz\u0103 independen\u021ba economic\u0103 a acestora. \u00cengrijirea copiilor permite lucrul pentru ambii p\u0103rin\u021bi sau lucrul pentru p\u0103rin\u021bii singuri. Am creat mai multe locuri de cre\u0219\u0103 pentru a atinge obiectivul de aprovizionare. \u0218tim c\u0103 \u00eengrijirea \u00een unele districte nu este \u00eenc\u0103 suficient\u0103 \u0219i ne-am angajat \u00een mod special s\u0103 extindem \u00een continuare facilit\u0103\u021bile de \u00eengrijire de zi \u00een \u00eentreaga Wiesbaden, astfel \u00eenc\u00e2t familiile s\u0103 beneficieze de \u00eengrijire fiabil\u0103 \u00een \u00eentreaga \u021bar\u0103.<\/span><\/p>\n<\/div><\/div><\/div><\/div><\/div><div class=\"w-tabs-section has_text_color\" id=\"ia18\" style=\"background:var(--color-header-transparent-text);color:var(--color-header-top-text-hover);\"><button class=\"w-tabs-section-header\" aria-controls=\"content-ia18\" aria-expanded=\"false\"><div class=\"w-tabs-section-title\">A fost \u00eenfiin\u021bat\u0103 Re\u021beaua Conven\u021biei de la Istanbul<\/div><div class=\"w-tabs-section-control\"><\/div><\/button><div  class=\"w-tabs-section-content\" id=\"content-ia18\"><div class=\"w-tabs-section-content-h i-cf\"><div class=\"wpb_text_column\"><div class=\"wpb_wrapper\"><p><span style=\"font-weight: 400;\">Am creat o re\u021bea \u00een Wiesbaden pentru a pune \u00een aplicare Conven\u021bia de la Istanbul. Peste 80 de actori din administra\u021bie, politic\u0103 \u0219i sistemele de ajutor colaboreaz\u0103 pentru a preveni, a detecta \u0219i a sprijini \u00een mod eficace violen\u021ba \u00eempotriva femeilor. Re\u021beaua consolideaz\u0103 schimburile, promoveaz\u0103 ac\u021biuni coordonate \u0219i transmite un semnal clar: Wiesbaden ia \u00een serios protec\u021bia femeilor \u0219i se asigur\u0103 c\u0103 standardele interna\u021bionale ale Conven\u021biei de la Istanbul devin o realitate \u00een ora\u0219.<\/span><\/p>\n<\/div><\/div><\/div><\/div><\/div><div class=\"w-tabs-section has_text_color\" id=\"kb9c\" style=\"background:var(--color-header-transparent-text);color:var(--color-header-top-text-hover);\"><button class=\"w-tabs-section-header\" aria-controls=\"content-kb9c\" aria-expanded=\"false\"><div class=\"w-tabs-section-title\">Promovarea institu\u021biilor pentru femei \u0219i fete<\/div><div class=\"w-tabs-section-control\"><\/div><\/button><div  class=\"w-tabs-section-content\" id=\"content-kb9c\"><div class=\"w-tabs-section-content-h i-cf\"><div class=\"wpb_text_column\"><div class=\"wpb_wrapper\"><p><span style=\"font-weight: 400;\">Noi, Verzii, am militat pentru protec\u021bia financiar\u0103 \u0219i promovarea institu\u021biilor pentru femei \u0219i fete, precum \u0219i a centrelor de consiliere din Wiesbaden. Accentul se pune \u00een special pe femeile aflate \u00een situa\u021bii vulnerabile, cum ar fi prostitu\u021bia sau lipsa de ad\u0103post. Am elaborat deja m\u0103suri de prevenire a lipsei de ad\u0103post \u0219i de sprijinire a cre\u0103rii de ad\u0103posturi adaptate pentru femei. \u00cen plus, ne angaj\u0103m s\u0103 extindem serviciile de consiliere pentru prostituate.<\/span><\/p>\n<\/div><\/div><\/div><\/div><\/div><div class=\"w-tabs-section has_text_color\" id=\"scd0\" style=\"background:var(--color-header-transparent-text);color:var(--color-header-top-text-hover);\"><button class=\"w-tabs-section-header\" aria-controls=\"content-scd0\" aria-expanded=\"false\"><div class=\"w-tabs-section-title\">Asisten\u021b\u0103 de urgen\u021b\u0103 dup\u0103 viol<\/div><div class=\"w-tabs-section-control\"><\/div><\/button><div  class=\"w-tabs-section-content\" id=\"content-scd0\"><div class=\"w-tabs-section-content-h i-cf\"><div class=\"wpb_text_column\"><div class=\"wpb_wrapper\"><p><span style=\"font-weight: 400;\">\u00cen Wiesbaden, ajutorul medical de urgen\u021b\u0103 dup\u0103 viol s-a extins. Persoanele afectate pot primi asisten\u021b\u0103 medical\u0103 \u00een clinici selectate \u0219i pot avea urme securizate anonim \u2013 chiar \u0219i f\u0103r\u0103 notificare imediat\u0103. Oferta este confiden\u021bial\u0103, gratuit\u0103 \u0219i permite celor afecta\u021bi s\u0103 decid\u0103 singuri cu privire la calea de urmat. Aceasta este completat\u0103 de re\u021beaua pentru punerea \u00een aplicare a Conven\u021biei de la Istanbul, care consolideaz\u0103 cooperarea tuturor actorilor relevan\u021bi, previne violen\u021ba \u00eempotriva femeilor \u0219i sprijin\u0103 \u00een mod eficace persoanele afectate.<\/span><\/p>\n<\/div><\/div><\/div><\/div><\/div><div class=\"w-tabs-section has_text_color\" id=\"fdec\" style=\"background:var(--color-header-transparent-text);color:var(--color-header-top-text-hover);\"><button class=\"w-tabs-section-header\" aria-controls=\"content-fdec\" aria-expanded=\"false\"><div class=\"w-tabs-section-title\">Proiectul \u201eEste Luisa aici?\u201d<\/div><div class=\"w-tabs-section-control\"><\/div><\/button><div  class=\"w-tabs-section-content\" id=\"content-fdec\"><div class=\"w-tabs-section-content-h i-cf\"><div class=\"wpb_text_column\"><div class=\"wpb_wrapper\"><p><span style=\"font-weight: 400;\">Ne angaj\u0103m s\u0103 ne asigur\u0103m c\u0103 femeile din Wiesbaden sunt \u00een siguran\u021b\u0103 atunci c\u00e2nd ies. Campania \u201eEste Luisa aici?\u201d le permite femeilor s\u0103 caute discret ajutor \u00een barurile, cluburile \u0219i institu\u021biile publice participante atunci c\u00e2nd se simt amenin\u021bate sau inconfortabile. Am ini\u021biat campania, am asigurat vizibilitatea \u0219i am extins proiectul la alte institu\u021bii publice \u0219i am oferit cursuri de formare pentru personalul de acolo. \u00cen acest fel, consolid\u0103m protec\u021bia femeilor, prevenim violen\u021ba \u0219i promov\u0103m o coexisten\u021b\u0103 sigur\u0103 \u0219i respectuoas\u0103 \u00een ora\u0219.<\/span><\/p>\n<\/div><\/div><\/div><\/div><\/div><div class=\"w-tabs-section has_text_color\" id=\"kf0e\" style=\"background:var(--color-header-transparent-text);color:var(--color-header-top-text-hover);\"><button class=\"w-tabs-section-header\" aria-controls=\"content-kf0e\" aria-expanded=\"false\"><div class=\"w-tabs-section-title\">Telefonul de acas\u0103 al proiectului<\/div><div class=\"w-tabs-section-control\"><\/div><\/button><div  class=\"w-tabs-section-content\" id=\"content-kf0e\"><div class=\"w-tabs-section-content-h i-cf\"><div class=\"wpb_text_column\"><div class=\"wpb_wrapper\"><p><span style=\"font-weight: 400;\">\u00cen plus, ora\u0219ul coopereaz\u0103 cu Heimwegtelefon e.V., un serviciu la nivel german care \u00eenso\u021be\u0219te apelan\u021bii prin telefon pe timp de noapte dac\u0103 nu se simt \u00een siguran\u021b\u0103 \u00een drum spre cas\u0103. Aceast\u0103 ofert\u0103 este disponibil\u0103 \u00een zilele de duminic\u0103 p\u00e2n\u0103 joi \u00eentre orele 21:00 \u0219i 24:00, iar \u00een zilele de vineri \u0219i s\u00e2mb\u0103t\u0103 \u00eentre orele 21:00 \u0219i 15:00, la num\u0103rul 030 12074182. Ne angaj\u0103m s\u0103 stabilim \u00een continuare astfel de concepte de protec\u021bie \u0219i s\u0103 le facem accesibile tuturor.<\/span><\/p>\n<\/div><\/div><\/div><\/div><\/div><div class=\"w-tabs-section has_text_color\" id=\"i027\" style=\"background:var(--color-header-transparent-text);color:var(--color-header-top-text-hover);\"><button class=\"w-tabs-section-header\" aria-controls=\"content-i027\" aria-expanded=\"false\"><div class=\"w-tabs-section-title\">Produse menstruale gratuite<\/div><div class=\"w-tabs-section-control\"><\/div><\/button><div  class=\"w-tabs-section-content\" id=\"content-i027\"><div class=\"w-tabs-section-content-h i-cf\"><div class=\"wpb_text_column\"><div class=\"wpb_wrapper\"><p><span style=\"font-weight: 400;\">Ne-am asigurat c\u0103 produsele menstruale sunt disponibile gratuit \u00een \u0219colile, birourile \u0219i institu\u021biile publice din Wiesbaden. Nimeni nu este discriminat din motive financiare, iar fetele \u0219i femeile tinere, \u00een special, au acces fiabil la produse de igien\u0103. Acest lucru consolideaz\u0103 autodeterminarea, egalitatea \u0219i s\u0103n\u0103tatea, amelioreaz\u0103 familiile \u0219i transmite un semnal clar \u00eempotriva tabuului menstrua\u021biei \u2013 pentru o administra\u021bie urban\u0103 modern\u0103 \u0219i favorabil\u0103 incluziunii, \u00een care to\u021bi oamenii s\u0103 fie trata\u021bi \u00een mod egal.<\/span><\/p>\n<\/div><\/div><\/div><\/div><\/div><div class=\"w-tabs-section has_text_color\" id=\"g141\" style=\"background:var(--color-header-transparent-text);color:var(--color-header-top-text-hover);\"><button class=\"w-tabs-section-header\" aria-controls=\"content-g141\" aria-expanded=\"false\"><div class=\"w-tabs-section-title\">Vizibilitatea drepturilor femeilor \u0219i protec\u021bia \u00eempotriva violen\u021bei<\/div><div class=\"w-tabs-section-control\"><\/div><\/button><div  class=\"w-tabs-section-content\" id=\"content-g141\"><div class=\"w-tabs-section-content-h i-cf\"><div class=\"wpb_text_column\"><div class=\"wpb_wrapper\"><p><span style=\"font-weight: 400;\">Am depus eforturi pentru a face vizibile aspecte precum violen\u021ba \u00eempotriva femeilor, egalitatea \u0219i drepturile femeilor \u2013 \u00een spa\u021biile publice, \u00een educa\u021bie \u0219i \u00een cultur\u0103. \u00cempreun\u0103 cu Zonta Club Wiesbaden, am \u00eenfiin\u021bat \u201eB\u0103ncile portocalii\u201d, care atrag aten\u021bia asupra ad\u0103posturilor \u0219i a problemei violen\u021bei. Cu RheinMain University of Applied Sciences, am ini\u021biat o serie de prelegeri privind pornografia \u0219i modelele de rol, precum \u0219i expozi\u021bii, cum ar fi Faceless, care au abordat nemul\u021bumirile \u0219i au promovat discursul \u00een societatea urban\u0103.<\/span><\/p>\n<\/div><\/div><\/div><\/div><\/div><\/div><\/div><div class=\"w-separator size_medium\"><\/div><div class=\"w-btn-wrapper align_left\"><a class=\"w-btn us-btn-style_8 icon_atleft\" href=\"https:\/\/gruene-wiesbaden.de\/ro\/kommunalwahl\/#Kapitel2\"><i class=\"fas fa-chevron-circle-right\"><\/i><span class=\"w-btn-label\">\u00cenapoi la prezentare general\u0103<\/span><\/a><\/div><div class=\"w-separator size_large\"><\/div><\/div><\/div><\/div><\/div><\/section>","protected":false},"excerpt":{"rendered":"Egalitatea de gen este o condi\u021bie prealabil\u0103 pentru un ora\u0219 just \u0219i durabil. Aceasta se aplic\u0103 \u00een egal\u0103 m\u0103sur\u0103 muncii, educa\u021biei, s\u0103n\u0103t\u0103\u021bii, siguran\u021bei, culturii, transporturilor \u0219i planific\u0103rii urbane. Femeile \u0219i b\u0103rba\u021bii experimenteaz\u0103 Wiesbaden \u00een mod diferit: Femeile sunt mai des afectate de s\u0103r\u0103cie, munc\u0103 de \u00eengrijire, violen\u021b\u0103 \u0219i insecuritate \u00een spa\u021biile publice, \u00een timp ce b\u0103rba\u021bii \u00eenc\u0103 domin\u0103 pozi\u021biile de conducere \u0219i folosesc mai mult ma\u0219ina. Servicii de s\u0103n\u0103tate \u0219i educa\u021bie...","protected":false},"author":1,"featured_media":1545,"comment_status":"closed","ping_status":"closed","sticky":false,"template":"","format":"standard","meta":{"footnotes":""},"categories":[15],"tags":[],"class_list":["post-1349","post","type-post","status-publish","format-standard","has-post-thumbnail","hentry","category-kapitel-2"],"yoast_head":"<!-- This site is optimized with the Yoast SEO plugin v27.5 - https:\/\/yoast.com\/product\/yoast-seo-wordpress\/ -->\n<title>Geschlechtergerechtigkeit - B\u00dcNDNIS 90\/DIE GR\u00dcNEN Wiesbaden<\/title>\n<meta name=\"robots\" content=\"index, follow, max-snippet:-1, max-image-preview:large, max-video-preview:-1\" \/>\n<link rel=\"canonical\" href=\"https:\/\/gruene-wiesbaden.de\/ro\/geschlechtergerechtigkeit\/\" \/>\n<meta property=\"og:locale\" content=\"ro_RO\" \/>\n<meta property=\"og:type\" content=\"article\" \/>\n<meta property=\"og:title\" content=\"Geschlechtergerechtigkeit - B\u00dcNDNIS 90\/DIE GR\u00dcNEN Wiesbaden\" \/>\n<meta property=\"og:url\" content=\"https:\/\/gruene-wiesbaden.de\/ro\/geschlechtergerechtigkeit\/\" \/>\n<meta property=\"og:site_name\" content=\"B\u00dcNDNIS 90\/DIE GR\u00dcNEN Wiesbaden\" \/>\n<meta property=\"article:publisher\" content=\"https:\/\/www.facebook.com\/gruene.wi\" \/>\n<meta property=\"article:published_time\" content=\"2025-11-09T22:09:19+00:00\" \/>\n<meta property=\"article:modified_time\" content=\"2026-04-09T08:25:16+00:00\" \/>\n<meta property=\"og:image\" content=\"https:\/\/gruene-wiesbaden.de\/wp-content\/uploads\/2025\/11\/2.1-Geschlechtergerechtigkeit-scaled.jpeg\" \/>\n\t<meta property=\"og:image:width\" content=\"2560\" \/>\n\t<meta property=\"og:image:height\" content=\"1350\" \/>\n\t<meta property=\"og:image:type\" content=\"image\/jpeg\" \/>\n<meta name=\"author\" content=\"admin\" \/>\n<meta name=\"twitter:card\" content=\"summary_large_image\" \/>\n<meta name=\"twitter:label1\" content=\"Scris de\" \/>\n\t<meta name=\"twitter:data1\" content=\"admin\" \/>\n\t<meta name=\"twitter:label2\" content=\"Timp estimat pentru citire\" \/>\n\t<meta name=\"twitter:data2\" content=\"12 minutes\" \/>\n<script type=\"application\/ld+json\" class=\"yoast-schema-graph\">{\"@context\":\"https:\\\/\\\/schema.org\",\"@graph\":[{\"@type\":\"Article\",\"@id\":\"https:\\\/\\\/gruene-wiesbaden.de\\\/geschlechtergerechtigkeit\\\/#article\",\"isPartOf\":{\"@id\":\"https:\\\/\\\/gruene-wiesbaden.de\\\/geschlechtergerechtigkeit\\\/\"},\"author\":{\"name\":\"admin\",\"@id\":\"https:\\\/\\\/gruene-wiesbaden.de\\\/#\\\/schema\\\/person\\\/6785c34779159cd4fd86886bb097afe9\"},\"headline\":\"Geschlechtergerechtigkeit\",\"datePublished\":\"2025-11-09T22:09:19+00:00\",\"dateModified\":\"2026-04-09T08:25:16+00:00\",\"mainEntityOfPage\":{\"@id\":\"https:\\\/\\\/gruene-wiesbaden.de\\\/geschlechtergerechtigkeit\\\/\"},\"wordCount\":3266,\"publisher\":{\"@id\":\"https:\\\/\\\/gruene-wiesbaden.de\\\/#organization\"},\"image\":{\"@id\":\"https:\\\/\\\/gruene-wiesbaden.de\\\/geschlechtergerechtigkeit\\\/#primaryimage\"},\"thumbnailUrl\":\"https:\\\/\\\/gruene-wiesbaden.de\\\/wp-content\\\/uploads\\\/2025\\\/11\\\/2.1-Geschlechtergerechtigkeit-scaled.jpeg\",\"articleSection\":[\"Kapitel 2\"],\"inLanguage\":\"ro-RO\"},{\"@type\":\"WebPage\",\"@id\":\"https:\\\/\\\/gruene-wiesbaden.de\\\/geschlechtergerechtigkeit\\\/\",\"url\":\"https:\\\/\\\/gruene-wiesbaden.de\\\/geschlechtergerechtigkeit\\\/\",\"name\":\"Geschlechtergerechtigkeit - B\u00dcNDNIS 90\\\/DIE GR\u00dcNEN Wiesbaden\",\"isPartOf\":{\"@id\":\"https:\\\/\\\/gruene-wiesbaden.de\\\/#website\"},\"primaryImageOfPage\":{\"@id\":\"https:\\\/\\\/gruene-wiesbaden.de\\\/geschlechtergerechtigkeit\\\/#primaryimage\"},\"image\":{\"@id\":\"https:\\\/\\\/gruene-wiesbaden.de\\\/geschlechtergerechtigkeit\\\/#primaryimage\"},\"thumbnailUrl\":\"https:\\\/\\\/gruene-wiesbaden.de\\\/wp-content\\\/uploads\\\/2025\\\/11\\\/2.1-Geschlechtergerechtigkeit-scaled.jpeg\",\"datePublished\":\"2025-11-09T22:09:19+00:00\",\"dateModified\":\"2026-04-09T08:25:16+00:00\",\"breadcrumb\":{\"@id\":\"https:\\\/\\\/gruene-wiesbaden.de\\\/geschlechtergerechtigkeit\\\/#breadcrumb\"},\"inLanguage\":\"ro-RO\",\"potentialAction\":[{\"@type\":\"ReadAction\",\"target\":[\"https:\\\/\\\/gruene-wiesbaden.de\\\/geschlechtergerechtigkeit\\\/\"]}]},{\"@type\":\"ImageObject\",\"inLanguage\":\"ro-RO\",\"@id\":\"https:\\\/\\\/gruene-wiesbaden.de\\\/geschlechtergerechtigkeit\\\/#primaryimage\",\"url\":\"https:\\\/\\\/gruene-wiesbaden.de\\\/wp-content\\\/uploads\\\/2025\\\/11\\\/2.1-Geschlechtergerechtigkeit-scaled.jpeg\",\"contentUrl\":\"https:\\\/\\\/gruene-wiesbaden.de\\\/wp-content\\\/uploads\\\/2025\\\/11\\\/2.1-Geschlechtergerechtigkeit-scaled.jpeg\",\"width\":2560,\"height\":1350,\"caption\":\"Gender equality, pay gap and woman with a sign in the office with a female and male symbol. Business, equity and girl employee with a feminism card in protest for equal salary, opportunity and equity.\"},{\"@type\":\"BreadcrumbList\",\"@id\":\"https:\\\/\\\/gruene-wiesbaden.de\\\/geschlechtergerechtigkeit\\\/#breadcrumb\",\"itemListElement\":[{\"@type\":\"ListItem\",\"position\":1,\"name\":\"Startseite\",\"item\":\"https:\\\/\\\/gruene-wiesbaden.de\\\/\"},{\"@type\":\"ListItem\",\"position\":2,\"name\":\"Geschlechtergerechtigkeit\"}]},{\"@type\":\"WebSite\",\"@id\":\"https:\\\/\\\/gruene-wiesbaden.de\\\/#website\",\"url\":\"https:\\\/\\\/gruene-wiesbaden.de\\\/\",\"name\":\"DIE GR\u00dcNEN Wiesbaden\",\"description\":\"\",\"publisher\":{\"@id\":\"https:\\\/\\\/gruene-wiesbaden.de\\\/#organization\"},\"potentialAction\":[{\"@type\":\"SearchAction\",\"target\":{\"@type\":\"EntryPoint\",\"urlTemplate\":\"https:\\\/\\\/gruene-wiesbaden.de\\\/?s={search_term_string}\"},\"query-input\":{\"@type\":\"PropertyValueSpecification\",\"valueRequired\":true,\"valueName\":\"search_term_string\"}}],\"inLanguage\":\"ro-RO\"},{\"@type\":\"Organization\",\"@id\":\"https:\\\/\\\/gruene-wiesbaden.de\\\/#organization\",\"name\":\"DIE GR\u00dcNEN Wiesbaden\",\"url\":\"https:\\\/\\\/gruene-wiesbaden.de\\\/\",\"logo\":{\"@type\":\"ImageObject\",\"inLanguage\":\"ro-RO\",\"@id\":\"https:\\\/\\\/gruene-wiesbaden.de\\\/#\\\/schema\\\/logo\\\/image\\\/\",\"url\":\"https:\\\/\\\/gruene-wiesbaden-fuer-europa.de\\\/wp-content\\\/uploads\\\/2024\\\/04\\\/Machen-was-zaehlt-5.png\",\"contentUrl\":\"https:\\\/\\\/gruene-wiesbaden-fuer-europa.de\\\/wp-content\\\/uploads\\\/2024\\\/04\\\/Machen-was-zaehlt-5.png\",\"width\":1772,\"height\":1772,\"caption\":\"DIE GR\u00dcNEN Wiesbaden\"},\"image\":{\"@id\":\"https:\\\/\\\/gruene-wiesbaden.de\\\/#\\\/schema\\\/logo\\\/image\\\/\"},\"sameAs\":[\"https:\\\/\\\/www.facebook.com\\\/gruene.wi\",\"https:\\\/\\\/instagram.com\\\/gruene_wi\"]},{\"@type\":\"Person\",\"@id\":\"https:\\\/\\\/gruene-wiesbaden.de\\\/#\\\/schema\\\/person\\\/6785c34779159cd4fd86886bb097afe9\",\"name\":\"admin\",\"sameAs\":[\"http:\\\/\\\/gruene-wiesbaden-fuer-europa.de\"],\"url\":\"https:\\\/\\\/gruene-wiesbaden.de\\\/ro\\\/author\\\/admin\\\/\"}]}<\/script>\n<!-- \/ Yoast SEO plugin. -->","yoast_head_json":{"title":"Geschlechtergerechtigkeit - B\u00dcNDNIS 90\/DIE GR\u00dcNEN Wiesbaden","robots":{"index":"index","follow":"follow","max-snippet":"max-snippet:-1","max-image-preview":"max-image-preview:large","max-video-preview":"max-video-preview:-1"},"canonical":"https:\/\/gruene-wiesbaden.de\/ro\/geschlechtergerechtigkeit\/","og_locale":"ro_RO","og_type":"article","og_title":"Geschlechtergerechtigkeit - B\u00dcNDNIS 90\/DIE GR\u00dcNEN Wiesbaden","og_url":"https:\/\/gruene-wiesbaden.de\/ro\/geschlechtergerechtigkeit\/","og_site_name":"B\u00dcNDNIS 90\/DIE GR\u00dcNEN Wiesbaden","article_publisher":"https:\/\/www.facebook.com\/gruene.wi","article_published_time":"2025-11-09T22:09:19+00:00","article_modified_time":"2026-04-09T08:25:16+00:00","og_image":[{"width":2560,"height":1350,"url":"https:\/\/gruene-wiesbaden.de\/wp-content\/uploads\/2025\/11\/2.1-Geschlechtergerechtigkeit-scaled.jpeg","type":"image\/jpeg"}],"author":"admin","twitter_card":"summary_large_image","twitter_misc":{"Scris de":"admin","Timp estimat pentru citire":"12 minutes"},"schema":{"@context":"https:\/\/schema.org","@graph":[{"@type":"Article","@id":"https:\/\/gruene-wiesbaden.de\/geschlechtergerechtigkeit\/#article","isPartOf":{"@id":"https:\/\/gruene-wiesbaden.de\/geschlechtergerechtigkeit\/"},"author":{"name":"admin","@id":"https:\/\/gruene-wiesbaden.de\/#\/schema\/person\/6785c34779159cd4fd86886bb097afe9"},"headline":"Geschlechtergerechtigkeit","datePublished":"2025-11-09T22:09:19+00:00","dateModified":"2026-04-09T08:25:16+00:00","mainEntityOfPage":{"@id":"https:\/\/gruene-wiesbaden.de\/geschlechtergerechtigkeit\/"},"wordCount":3266,"publisher":{"@id":"https:\/\/gruene-wiesbaden.de\/#organization"},"image":{"@id":"https:\/\/gruene-wiesbaden.de\/geschlechtergerechtigkeit\/#primaryimage"},"thumbnailUrl":"https:\/\/gruene-wiesbaden.de\/wp-content\/uploads\/2025\/11\/2.1-Geschlechtergerechtigkeit-scaled.jpeg","articleSection":["Kapitel 2"],"inLanguage":"ro-RO"},{"@type":"WebPage","@id":"https:\/\/gruene-wiesbaden.de\/geschlechtergerechtigkeit\/","url":"https:\/\/gruene-wiesbaden.de\/geschlechtergerechtigkeit\/","name":"Geschlechtergerechtigkeit - B\u00dcNDNIS 90\/DIE GR\u00dcNEN Wiesbaden","isPartOf":{"@id":"https:\/\/gruene-wiesbaden.de\/#website"},"primaryImageOfPage":{"@id":"https:\/\/gruene-wiesbaden.de\/geschlechtergerechtigkeit\/#primaryimage"},"image":{"@id":"https:\/\/gruene-wiesbaden.de\/geschlechtergerechtigkeit\/#primaryimage"},"thumbnailUrl":"https:\/\/gruene-wiesbaden.de\/wp-content\/uploads\/2025\/11\/2.1-Geschlechtergerechtigkeit-scaled.jpeg","datePublished":"2025-11-09T22:09:19+00:00","dateModified":"2026-04-09T08:25:16+00:00","breadcrumb":{"@id":"https:\/\/gruene-wiesbaden.de\/geschlechtergerechtigkeit\/#breadcrumb"},"inLanguage":"ro-RO","potentialAction":[{"@type":"ReadAction","target":["https:\/\/gruene-wiesbaden.de\/geschlechtergerechtigkeit\/"]}]},{"@type":"ImageObject","inLanguage":"ro-RO","@id":"https:\/\/gruene-wiesbaden.de\/geschlechtergerechtigkeit\/#primaryimage","url":"https:\/\/gruene-wiesbaden.de\/wp-content\/uploads\/2025\/11\/2.1-Geschlechtergerechtigkeit-scaled.jpeg","contentUrl":"https:\/\/gruene-wiesbaden.de\/wp-content\/uploads\/2025\/11\/2.1-Geschlechtergerechtigkeit-scaled.jpeg","width":2560,"height":1350,"caption":"Gender equality, pay gap and woman with a sign in the office with a female and male symbol. Business, equity and girl employee with a feminism card in protest for equal salary, opportunity and equity."},{"@type":"BreadcrumbList","@id":"https:\/\/gruene-wiesbaden.de\/geschlechtergerechtigkeit\/#breadcrumb","itemListElement":[{"@type":"ListItem","position":1,"name":"Startseite","item":"https:\/\/gruene-wiesbaden.de\/"},{"@type":"ListItem","position":2,"name":"Geschlechtergerechtigkeit"}]},{"@type":"WebSite","@id":"https:\/\/gruene-wiesbaden.de\/#website","url":"https:\/\/gruene-wiesbaden.de\/","name":"DIE GR\u00dcNEN Wiesbaden","description":"","publisher":{"@id":"https:\/\/gruene-wiesbaden.de\/#organization"},"potentialAction":[{"@type":"SearchAction","target":{"@type":"EntryPoint","urlTemplate":"https:\/\/gruene-wiesbaden.de\/?s={search_term_string}"},"query-input":{"@type":"PropertyValueSpecification","valueRequired":true,"valueName":"search_term_string"}}],"inLanguage":"ro-RO"},{"@type":"Organization","@id":"https:\/\/gruene-wiesbaden.de\/#organization","name":"DIE GR\u00dcNEN Wiesbaden","url":"https:\/\/gruene-wiesbaden.de\/","logo":{"@type":"ImageObject","inLanguage":"ro-RO","@id":"https:\/\/gruene-wiesbaden.de\/#\/schema\/logo\/image\/","url":"https:\/\/gruene-wiesbaden-fuer-europa.de\/wp-content\/uploads\/2024\/04\/Machen-was-zaehlt-5.png","contentUrl":"https:\/\/gruene-wiesbaden-fuer-europa.de\/wp-content\/uploads\/2024\/04\/Machen-was-zaehlt-5.png","width":1772,"height":1772,"caption":"DIE GR\u00dcNEN Wiesbaden"},"image":{"@id":"https:\/\/gruene-wiesbaden.de\/#\/schema\/logo\/image\/"},"sameAs":["https:\/\/www.facebook.com\/gruene.wi","https:\/\/instagram.com\/gruene_wi"]},{"@type":"Person","@id":"https:\/\/gruene-wiesbaden.de\/#\/schema\/person\/6785c34779159cd4fd86886bb097afe9","name":"admin","sameAs":["http:\/\/gruene-wiesbaden-fuer-europa.de"],"url":"https:\/\/gruene-wiesbaden.de\/ro\/author\/admin\/"}]}},"_links":{"self":[{"href":"https:\/\/gruene-wiesbaden.de\/ro\/wp-json\/wp\/v2\/posts\/1349","targetHints":{"allow":["GET"]}}],"collection":[{"href":"https:\/\/gruene-wiesbaden.de\/ro\/wp-json\/wp\/v2\/posts"}],"about":[{"href":"https:\/\/gruene-wiesbaden.de\/ro\/wp-json\/wp\/v2\/types\/post"}],"author":[{"embeddable":true,"href":"https:\/\/gruene-wiesbaden.de\/ro\/wp-json\/wp\/v2\/users\/1"}],"replies":[{"embeddable":true,"href":"https:\/\/gruene-wiesbaden.de\/ro\/wp-json\/wp\/v2\/comments?post=1349"}],"version-history":[{"count":7,"href":"https:\/\/gruene-wiesbaden.de\/ro\/wp-json\/wp\/v2\/posts\/1349\/revisions"}],"predecessor-version":[{"id":2389,"href":"https:\/\/gruene-wiesbaden.de\/ro\/wp-json\/wp\/v2\/posts\/1349\/revisions\/2389"}],"wp:featuredmedia":[{"embeddable":true,"href":"https:\/\/gruene-wiesbaden.de\/ro\/wp-json\/wp\/v2\/media\/1545"}],"wp:attachment":[{"href":"https:\/\/gruene-wiesbaden.de\/ro\/wp-json\/wp\/v2\/media?parent=1349"}],"wp:term":[{"taxonomy":"category","embeddable":true,"href":"https:\/\/gruene-wiesbaden.de\/ro\/wp-json\/wp\/v2\/categories?post=1349"},{"taxonomy":"post_tag","embeddable":true,"href":"https:\/\/gruene-wiesbaden.de\/ro\/wp-json\/wp\/v2\/tags?post=1349"}],"curies":[{"name":"wp","href":"https:\/\/api.w.org\/{rel}","templated":true}]}}