{"id":1337,"date":"2025-11-09T23:50:07","date_gmt":"2025-11-09T21:50:07","guid":{"rendered":"https:\/\/gruene-wiesbaden.de\/?p=1337"},"modified":"2026-04-09T00:18:22","modified_gmt":"2026-04-08T22:18:22","slug":"kultur","status":"publish","type":"post","link":"https:\/\/gruene-wiesbaden.de\/ro\/kultur\/","title":{"rendered":"cultur\u0103"},"content":{"rendered":"<section class=\"l-section wpb_row height_medium with_img\"><div class=\"l-section-img\" role=\"img\" data-img-width=\"1080\" data-img-height=\"800\" style=\"background-image: url(https:\/\/gruene-wiesbaden.de\/wp-content\/uploads\/2025\/11\/neuer-Verlauf-gruene-wiesbaden.de_-2-e1762709402177.png);\"><\/div><div class=\"l-section-overlay\" style=\"background:var(--color-header-top-transparent-bg)\"><\/div><div class=\"l-section-h i-cf\"><div class=\"g-cols vc_row via_grid cols_1 laptops-cols_inherit tablets-cols_inherit mobiles-cols_1 valign_top type_default stacking_default\"><div class=\"wpb_column vc_column_container\"><div class=\"vc_column-inner\"><h1 class=\"w-post-elm post_title us_custom_a574d586 has_text_color entry-title\">cultur\u0103<\/h1><div class=\"w-separator size_medium\"><\/div><div class=\"g-cols wpb_row via_grid cols_2-1 laptops-cols_inherit tablets-cols_inherit mobiles-cols_1 valign_top type_default stacking_default\" style=\"--columns-gap:3rem;\"><div class=\"wpb_column vc_column_container\"><div class=\"vc_column-inner\"><div class=\"wpb_text_column us_custom_8b3d6790 has_text_color\"><div class=\"wpb_wrapper\"><p><span style=\"font-weight: 400;\">Exist\u0103 cultur\u0103, dar sunt mult mai multe: Ofertele lor diverse creeaz\u0103 ocazii pentru \u00eent\u00e2lniri, deschid noi perspective \u0219i ofer\u0103 orientare \u00een via\u021ba de zi cu zi. For\u021bele lor centrifuge au un efect pozitiv asupra dezvolt\u0103rii personale, precum \u0219i asupra coeziunii sociale. Prin urmare, participarea cultural\u0103 este un drept al omului consacrat \u00een Declara\u021bia Universal\u0103 a Drepturilor Omului \u0219i \u00een Conven\u021bia Na\u021biunilor Unite privind drepturile persoanelor cu handicap.<\/span><\/p>\n<p><span style=\"font-weight: 400;\">Arta \u0219i cultura sunt copii ai libert\u0103\u021bii. Pentru a se dezvolta \u0219i a se dezvolta, peisajul cultural din Wiesbaden trebuie p\u0103strat \u00een diversitatea sa \u0219i protejat \u00eempotriva oric\u0103rei influen\u021be politice.<\/span><\/p>\n<\/div><\/div><div class=\"w-separator size_medium\"><\/div><div class=\"w-btn-wrapper align_left\"><a class=\"w-btn us-btn-style_8 icon_atleft\" href=\"https:\/\/gruene-wiesbaden.de\/ro\/kommunalwahl\/#Kapitel1\"><i class=\"fas fa-chevron-circle-right\"><\/i><span class=\"w-btn-label\">\u00cenapoi la prezentare general\u0103<\/span><\/a><\/div><\/div><\/div><div class=\"wpb_column vc_column_container\"><div class=\"vc_column-inner\"><div class=\"w-image align_center\"><div class=\"w-image-h\"><img decoding=\"async\" width=\"2560\" height=\"1708\" src=\"https:\/\/gruene-wiesbaden.de\/wp-content\/uploads\/2025\/11\/1.10-Kultur-scaled.jpeg\" class=\"attachment-full size-full\" alt=\"\" loading=\"lazy\" srcset=\"https:\/\/gruene-wiesbaden.de\/wp-content\/uploads\/2025\/11\/1.10-Kultur-scaled.jpeg 2560w, https:\/\/gruene-wiesbaden.de\/wp-content\/uploads\/2025\/11\/1.10-Kultur-400x267.jpeg 400w, https:\/\/gruene-wiesbaden.de\/wp-content\/uploads\/2025\/11\/1.10-Kultur-600x400.jpeg 600w\" sizes=\"auto, (max-width: 2560px) 100vw, 2560px\" \/><\/div><\/div><div class=\"w-separator size_small\"><\/div><\/div><\/div><\/div><div class=\"w-separator size_medium\"><\/div><div class=\"w-separator size_medium\"><\/div><div class=\"wpb_text_column\"><div class=\"wpb_wrapper\"><h1>Ce \u00eenseamn\u0103 pentru noi agricultura \u0219i silvicultura durabile<\/h1>\n<\/div><\/div><div class=\"w-separator size_large\"><\/div><div class=\"g-cols wpb_row via_grid cols_3 laptops-cols_inherit tablets-cols_inherit mobiles-cols_1 valign_top type_default stacking_default\" style=\"--columns-gap:3rem;\"><div class=\"wpb_column vc_column_container\"><div class=\"vc_column-inner\"><div class=\"w-iconbox us_custom_8b3d6790 has_text_color iconpos_left style_default color_custom align_left\"><div class=\"w-iconbox-icon\" style=\"font-size:2rem;--icon-color:#Ffffff;--icon-bg-color:var(--color-header-middle-bg);\"><i class=\"fas fa-layer-group\"><\/i><\/div><div class=\"w-iconbox-meta\"><h4 class=\"w-iconbox-title\" style=\"font-size:1.5rem;\">Promovarea culturii \u00eenseamn\u0103 protejarea democra\u021biei<\/h4><div class=\"w-iconbox-text\"><p><span style=\"font-weight: 400;\">Cultura este mai mult dec\u00e2t divertisment. Ea \u00eencurajeaz\u0103 \u00eent\u00e2lnirile, \u00eencurajeaz\u0103 reflec\u021bia \u0219i consolideaz\u0103 coexisten\u021ba noastr\u0103 democratic\u0103. Cultura prezint\u0103 diferite voci \u0219i stiluri de via\u021b\u0103 \u0219i le face tangibile. Diversitatea \u0219i incluziunea sunt tr\u0103ite aici, s\u0103n\u0103tatea \u0219i coeziunea social\u0103 sunt promovate.<\/span><\/p>\n<p><span style=\"font-weight: 400;\">Prin urmare, cultura este un pilon esen\u021bial al unei societ\u0103\u021bi deschise \u0219i democratice.<\/span><\/p>\n<p><br style=\"font-weight: 400;\" \/><br style=\"font-weight: 400;\" \/><\/p>\n<\/div><\/div><\/div><\/div><\/div><div class=\"wpb_column vc_column_container\"><div class=\"vc_column-inner\"><div class=\"w-iconbox us_custom_8b3d6790 has_text_color iconpos_left style_default color_custom align_left\"><div class=\"w-iconbox-icon\" style=\"font-size:2rem;--icon-color:#Ffffff;--icon-bg-color:var(--color-header-transparent-text);\"><i class=\"fas fa-layer-group\"><\/i><\/div><div class=\"w-iconbox-meta\"><h4 class=\"w-iconbox-title\" style=\"font-size:1.5rem;\">Cultura este un factor de localizare<\/h4><div class=\"w-iconbox-text\"><p><span style=\"font-weight: 400;\">O ofert\u0103 cultural\u0103 atractiv\u0103 consolideaz\u0103 turismul din Wiesbaden \u0219i cre\u0219te atrac\u021bia pentru a\u0219ez\u0103rile de afaceri, afluxul de lucr\u0103tori califica\u021bi \u0219i studen\u021bi \u0219i leag\u0103 oamenii de ora\u0219ul nostru.<\/span><\/p>\n<\/div><\/div><\/div><\/div><\/div><div class=\"wpb_column vc_column_container\"><div class=\"vc_column-inner\"><div class=\"w-iconbox us_custom_8b3d6790 has_text_color iconpos_left style_default color_custom align_left\"><div class=\"w-iconbox-icon\" style=\"font-size:2rem;--icon-color:#Ffffff;--icon-bg-color:var(--color-header-transparent-text);\"><i class=\"fas fa-layer-group\"><\/i><\/div><div class=\"w-iconbox-meta\"><h4 class=\"w-iconbox-title\" style=\"font-size:1.5rem;\">Cultura ca motor de dezvoltare<\/h4><div class=\"w-iconbox-text\"><p><span style=\"font-weight: 400;\">Cultura exploreaz\u0103 limitele \u0219i \u00eenso\u021be\u0219te critic procesele sociale. Ea linge, este inconfortabil \u0219i rupe tabuuri. Cultura este un domeniu experimental \u00een care democra\u021bia poate fi practicat\u0103 \u0219i procesele de negociere pot fi tr\u0103ite. Cultura este, prin urmare, un impuls indispensabil pentru o dezvoltare ulterioar\u0103 orientat\u0103 spre viitor a unei societ\u0103\u021bi democratice.<\/span><\/p>\n<\/div><\/div><\/div><\/div><\/div><\/div><div class=\"w-separator size_medium\"><\/div><div class=\"g-cols wpb_row via_grid cols_1-2 laptops-cols_inherit tablets-cols_inherit mobiles-cols_1 valign_top type_default stacking_default\" style=\"--columns-gap:3rem;\"><div class=\"wpb_column vc_column_container\"><div class=\"vc_column-inner\"><div class=\"w-iconbox us_custom_8b3d6790 has_text_color iconpos_left style_default color_custom align_left\"><div class=\"w-iconbox-icon\" style=\"font-size:2rem;--icon-color:#Ffffff;--icon-bg-color:var(--color-header-middle-bg);\"><i class=\"fas fa-layer-group\"><\/i><\/div><div class=\"w-iconbox-meta\"><h4 class=\"w-iconbox-title\" style=\"font-size:1.5rem;\">Cultura creeaz\u0103 libertate<\/h4><div class=\"w-iconbox-text\"><p><span style=\"font-weight: 400;\">Participarea cultural\u0103 nu este un \u201efrumos de avut\u201d, ci un drept al omului. Cultura ofer\u0103 inspira\u021bie \u0219i \u00eencurajeaz\u0103 reflec\u021bia. Educa\u021bia cultural\u0103 l\u0103rge\u0219te orizontul, \u00eent\u0103re\u0219te toleran\u021ba \u0219i autoeficacitatea. Spa\u021biile culturale ofer\u0103 spa\u021bii sigure pentru a promova dezvoltarea propriei identit\u0103\u021bi. Cultura ofer\u0103 o experien\u021b\u0103 real\u0103 \u00eemp\u0103rt\u0103\u0219it\u0103 \u0219i conduce \u00eempreun\u0103 \u00een loc s\u0103 se divid\u0103.<\/span><\/p>\n<p><br style=\"font-weight: 400;\" \/><br style=\"font-weight: 400;\" \/><\/p>\n<\/div><\/div><\/div><\/div><\/div><div class=\"wpb_column vc_column_container\"><div class=\"vc_column-inner\"><div class=\"w-iconbox us_custom_8b3d6790 has_text_color iconpos_left style_default color_custom align_left\"><div class=\"w-iconbox-icon\" style=\"font-size:2rem;--icon-color:#Ffffff;--icon-bg-color:var(--color-header-transparent-text);\"><i class=\"fas fa-layer-group\"><\/i><\/div><div class=\"w-iconbox-meta\"><h4 class=\"w-iconbox-title\" style=\"font-size:1.5rem;\">Cultura \u00eenseamn\u0103 dezvoltare urban\u0103<\/h4><div class=\"w-iconbox-text\"><p><span style=\"font-weight: 400;\">\u0218i \u00een Wiesbaden, comer\u021bul online \u00een cre\u0219tere \u00ee\u0219i las\u0103 amprenta. Postul vacant este \u00een cre\u0219tere. Magazinele de specialitate \u0219i chiar magazinele mari au probleme. Un centru urban p\u0103r\u0103sit nu este doar neatractiv, ci \u0219i nesiguran\u021ba \u2013 real\u0103 sau resim\u021bit\u0103 \u2013 devine rapid o problem\u0103 acolo.<\/span><\/p>\n<p><span style=\"font-weight: 400;\">Poten\u021bialul creativ \u0219i cultural al ora\u0219ului nostru poate construi poduri aici: Utilizarea locurilor vacante, crearea de \u201elocuri ter\u021be\u201d, revitalizarea pie\u021belor cu evenimente \u0219i \u00eenfiin\u021barea de cluburi \u0219i gastronomie creeaz\u0103 noi locuri de \u00eent\u00e2lnire care sporesc atractivitatea centrului ora\u0219ului.<\/span><\/p>\n<p><br style=\"font-weight: 400;\" \/><br style=\"font-weight: 400;\" \/><\/p>\n<\/div><\/div><\/div><\/div><\/div><\/div><div class=\"w-separator size_medium\"><\/div><div class=\"w-btn-wrapper align_left\"><a class=\"w-btn us-btn-style_8 icon_atleft\" href=\"https:\/\/gruene-wiesbaden.de\/ro\/kommunalwahl\/#Kapitel1\"><i class=\"fas fa-chevron-circle-right\"><\/i><span class=\"w-btn-label\">\u00cenapoi la prezentare general\u0103<\/span><\/a><\/div><div class=\"w-separator size_medium\"><\/div><\/div><\/div><\/div><\/div><\/section><section class=\"l-section wpb_row height_auto with_img\"><div class=\"l-section-img\" role=\"img\" data-img-width=\"2560\" data-img-height=\"1708\" style=\"background-image: url(https:\/\/gruene-wiesbaden.de\/wp-content\/uploads\/2025\/11\/1.10-Kultur-scaled.jpeg);background-repeat: no-repeat;\"><\/div><div class=\"l-section-overlay\" style=\"background:var(--color-header-top-transparent-bg)\"><\/div><div class=\"l-section-h i-cf\"><div class=\"g-cols vc_row via_grid cols_1 laptops-cols_inherit tablets-cols_inherit mobiles-cols_1 valign_middle type_default stacking_default\" style=\"--columns-gap:1rem;\"><div class=\"wpb_column vc_column_container\"><div class=\"vc_column-inner\"><div class=\"w-separator size_large\"><\/div><div class=\"wpb_text_column background_inside_text\"><div class=\"wpb_wrapper\"><h1>Ce vrem s\u0103 facem \u00een mod special \u00een acest domeniu<\/h1>\n<\/div><\/div><div class=\"w-separator size_medium\"><\/div><div class=\"w-tabs us_custom_42d693a0 has_text_color style_default switch_click accordion has_scrolling\" style=\"--sections-title-size:1.4rem\"><div class=\"w-tabs-sections titles-align_none icon_chevron cpos_right\"><div class=\"w-tabs-section has_text_color\" id=\"m75e\" style=\"background:var(--color-header-transparent-text);color:var(--color-header-top-text-hover);\"><button class=\"w-tabs-section-header\" aria-controls=\"content-m75e\" aria-expanded=\"false\"><div class=\"w-tabs-section-title\">Cultura are nevoie de spa\u021biu<\/div><div class=\"w-tabs-section-control\"><\/div><\/button><div  class=\"w-tabs-section-content\" id=\"content-m75e\"><div class=\"w-tabs-section-content-h i-cf\"><div class=\"wpb_text_column\"><div class=\"wpb_wrapper\"><p><span style=\"font-weight: 400;\">K\u00fcnstlerhaus43, VHS, Stadtmuseum, Kreativfabrik, KONTEXT sau Tanzhaus \u2013 toate sunt deosebit de unite: Cultura are nevoie de spa\u021bii, de protec\u021bia inventarului \u0219i de perspective clare. Prin urmare, sprijinim dezvoltarea urban\u0103 cultural\u0103 prin reutilizarea locurilor de munc\u0103 vacante, dezvoltarea \u00een continuare a KULTurCAMPu \u0219i apari\u021bia unor noi \u201elocuri ter\u021be\u201d, cum ar fi WALHALLA.<\/span><\/p>\n<\/div><\/div><\/div><\/div><\/div><div class=\"w-tabs-section has_text_color\" id=\"l87a\" style=\"background:var(--color-header-transparent-text);color:var(--color-header-top-text-hover);\"><button class=\"w-tabs-section-header\" aria-controls=\"content-l87a\" aria-expanded=\"false\"><div class=\"w-tabs-section-title\">Transformarea culturii \u00eentr-o cultur\u0103 durabil\u0103<\/div><div class=\"w-tabs-section-control\"><\/div><\/button><div  class=\"w-tabs-section-content\" id=\"content-l87a\"><div class=\"w-tabs-section-content-h i-cf\"><div class=\"wpb_text_column\"><div class=\"wpb_wrapper\"><p><span style=\"font-weight: 400;\">Sustenabilitatea social\u0103 \u0219i de mediu este, de asemenea, un obiectiv important \u00een cultur\u0103. Cu toate acestea, exist\u0103 adesea o lips\u0103 de know-how \u0219i de resurse financiare pentru punerea \u00een aplicare a ideilor durabile. Prin urmare, dorim s\u0103 facilit\u0103m accesul la oportunit\u0103\u021bile de finan\u021bare existente prin consiliere \u0219i s\u0103 \u00eembun\u0103t\u0103\u021bim transferul de cuno\u0219tin\u021be \u00eentre institu\u021biile culturale prin ateliere regulate \u0219i sprijinul continuu al TourCert \u0219i \u00d6koprofit sau al standardelor de certificare specifice industriei.<\/span><\/p>\n<\/div><\/div><\/div><\/div><\/div><div class=\"w-tabs-section has_text_color\" id=\"l993\" style=\"background:var(--color-header-transparent-text);color:var(--color-header-top-text-hover);\"><button class=\"w-tabs-section-header\" aria-controls=\"content-l993\" aria-expanded=\"false\"><div class=\"w-tabs-section-title\">Cultura are nevoie de perspectiv\u0103<\/div><div class=\"w-tabs-section-control\"><\/div><\/button><div  class=\"w-tabs-section-content\" id=\"content-l993\"><div class=\"w-tabs-section-content-h i-cf\"><div class=\"wpb_text_column\"><div class=\"wpb_wrapper\"><p><span style=\"font-weight: 400;\">Promovarea culturii nu este un lux pe care trebuie s\u0103 \u021bi-l permi\u021bi. Promovarea culturii \u00eenseamn\u0103 protejarea democra\u021biei. De aceea, este deosebit de important ca, \u00een vremuri dificile din punct de vedere economic \u0219i politic, promovarea cultural\u0103 s\u0103 nu fie pus\u0103 sub semnul \u00eentreb\u0103rii. Atunci c\u00e2nd subven\u021biile depind de arbitrariul politic, iar con\u021binutul nedorit este eliminat, pietrele de temelie ale democra\u021biei noastre sunt \u00een pericol. Prin urmare, suntem VERZI pentru conservarea peisajului nostru cultural divers, pentru lobby-ul Consiliului Consultativ Cultural, pentru promovarea \u00een continuare a Departamentului de Angajament \u00een Cultur\u0103 \u0219i pentru punerea \u00een aplicare a Planului de Dezvoltare Cultural\u0103.<\/span><\/p>\n<\/div><\/div><\/div><\/div><\/div><div class=\"w-tabs-section has_text_color\" id=\"zaad\" style=\"background:var(--color-header-middle-bg);color:var(--color-content-heading);\"><button class=\"w-tabs-section-header\" aria-controls=\"content-zaad\" aria-expanded=\"false\"><div class=\"w-tabs-section-title\">Consolidarea scenei libere<\/div><div class=\"w-tabs-section-control\"><\/div><\/button><div  class=\"w-tabs-section-content\" id=\"content-zaad\"><div class=\"w-tabs-section-content-h i-cf\"><div class=\"wpb_text_column\"><div class=\"wpb_wrapper\"><p><span style=\"font-weight: 400;\">Scenele deschise, studiourile \u0219i centrele socio-culturale sunt humusul creativ al societ\u0103\u021bii. Aici apar noi idei \u0219i proiecte transsectoriale. Noi, Verzii, dorim ca sprijinul lor s\u0103 fie sus\u021binut \u0219i s\u0103 pun\u0103 cap\u0103t discrimin\u0103rii \u00eempotriva institu\u021biilor culturale din ora\u0219 \u0219i din mediul rural, pentru a \u00eembun\u0103t\u0103\u021bi securitatea financiar\u0103 pentru arti\u0219ti \u0219i profesioni\u0219tii din domeniul cultural.<\/span><\/p>\n<\/div><\/div><\/div><\/div><\/div><div class=\"w-tabs-section has_text_color\" id=\"ebf1\" style=\"background:var(--color-header-transparent-text);color:var(--color-header-top-text-hover);\"><button class=\"w-tabs-section-header\" aria-controls=\"content-ebf1\" aria-expanded=\"false\"><div class=\"w-tabs-section-title\">Teatrul de Stat \u0219i Festivalul<\/div><div class=\"w-tabs-section-control\"><\/div><\/button><div  class=\"w-tabs-section-content\" id=\"content-ebf1\"><div class=\"w-tabs-section-content-h i-cf\"><div class=\"wpb_text_column\"><div class=\"wpb_wrapper\"><p><span style=\"font-weight: 400;\">Teatrul Hessian de Stat cu Maifestspiele International si Bienala Wiesbaden ajung la numerosi oameni din Wiesbaden si dincolo de limitele orasului. Dorim s\u0103 ob\u021binem o mai mare participare a \u021b\u0103rii la finan\u021barea Teatrului de Stat \u0219i ne angaj\u0103m s\u0103 deschidem casa c\u00e2t mai multor grupuri de popula\u021bie.<\/span><\/p>\n<\/div><\/div><\/div><\/div><\/div><div class=\"w-tabs-section has_text_color\" id=\"kd07\" style=\"background:var(--color-header-middle-bg);color:var(--color-header-middle-text);\"><button class=\"w-tabs-section-header\" aria-controls=\"content-kd07\" aria-expanded=\"false\"><div class=\"w-tabs-section-title\">Cre\u0219terea vizibilit\u0103\u021bii culturii ca factor economic<\/div><div class=\"w-tabs-section-control\"><\/div><\/button><div  class=\"w-tabs-section-content\" id=\"content-kd07\"><div class=\"w-tabs-section-content-h i-cf\"><div class=\"wpb_text_column\"><div class=\"wpb_wrapper\"><p><span style=\"font-weight: 400;\">Diversitatea cultural\u0103 face Wiesbaden plin de via\u021b\u0103 \u0219i atractiv pentru turi\u0219ti, profesioni\u0219ti, studen\u021bi \u0219i companii. Dorim s\u0103 facem scena cultural\u0103 \u0219i mai vizibil\u0103 \u00een prezentarea noastr\u0103 extern\u0103, s\u0103 consolid\u0103m \u00een continuare cooperarea dintre cultur\u0103, turism \u0219i afaceri \u0219i s\u0103 ancor\u0103m cultura ca partener permanent de cooperare pentru dezvoltarea urban\u0103.<\/span><\/p>\n<\/div><\/div><\/div><\/div><\/div><div class=\"w-tabs-section has_text_color\" id=\"me1c\" style=\"background:var(--color-header-transparent-text);color:var(--color-header-top-text-hover);\"><button class=\"w-tabs-section-header\" aria-controls=\"content-me1c\" aria-expanded=\"false\"><div class=\"w-tabs-section-title\">Sus\u021binerea artei \u00een spa\u021biile publice<\/div><div class=\"w-tabs-section-control\"><\/div><\/button><div  class=\"w-tabs-section-content\" id=\"content-me1c\"><div class=\"w-tabs-section-content-h i-cf\"><div class=\"wpb_text_column\"><div class=\"wpb_wrapper\"><p><span style=\"font-weight: 400;\">Arta \u00een spa\u021biul public creeaz\u0103 locuri de \u00eent\u00e2lnire \u0219i spa\u021bii de expozi\u021bie pline de via\u021b\u0103. Promoveaz\u0103 arti\u0219tii locali \u0219i spore\u0219te identificarea cu ora\u0219ul \u0219i scena local\u0103. Ne dorim s\u0103 lucr\u0103m pentru spa\u021bii \u0219i o expozi\u021bie temporar\u0103 de art\u0103 \u00een spa\u021biul public.<\/span><\/p>\n<\/div><\/div><\/div><\/div><\/div><div class=\"w-tabs-section has_text_color\" id=\"of56\" style=\"background:var(--color-header-transparent-text);color:var(--color-header-top-text-hover);\"><button class=\"w-tabs-section-header\" aria-controls=\"content-of56\" aria-expanded=\"false\"><div class=\"w-tabs-section-title\">Festivalul culturii pentru tineret \u2013 Sporirea oportunit\u0103\u021bilor de participare<\/div><div class=\"w-tabs-section-control\"><\/div><\/button><div  class=\"w-tabs-section-content\" id=\"content-of56\"><div class=\"w-tabs-section-content-h i-cf\"><div class=\"wpb_text_column\"><div class=\"wpb_wrapper\"><p><span style=\"font-weight: 400;\">Exemplul Festivalului Culturii Tineretului arat\u0103 \u00een mod impresionant c\u0103 tinerii manifest\u0103 un mare interes nu numai pentru participarea la organizarea de evenimente culturale, ci \u0219i pentru modelarea lor. Dorim s\u0103 depunem eforturi pentru a extinde oportunit\u0103\u021bile de participare \u0219i participare autonom\u0103 \u00een domeniul culturii pentru tineri, \u00eempreun\u0103 cu partenerii activit\u0103\u021bilor pentru tineret \u0219i cu scena independent\u0103.<\/span><\/p>\n<\/div><\/div><\/div><\/div><\/div><div class=\"w-tabs-section has_text_color\" id=\"w0a4\" style=\"background:var(--color-header-transparent-text);color:var(--color-header-top-text-hover);\"><button class=\"w-tabs-section-header\" aria-controls=\"content-w0a4\" aria-expanded=\"false\"><div class=\"w-tabs-section-title\">Consolida\u021bi via\u021ba de noapte \u0219i aplica\u021bia Totul Wiesbaden pentru mai multe informa\u021bii despre evenimentele din Wiesbaden<\/div><div class=\"w-tabs-section-control\"><\/div><\/button><div  class=\"w-tabs-section-content\" id=\"content-w0a4\"><div class=\"w-tabs-section-content-h i-cf\"><div class=\"wpb_text_column\"><div class=\"wpb_wrapper\"><p><span style=\"font-weight: 400;\">\u00cen scopul de a consolida via\u021ba de noapte \u00een Wiesbaden ca un \u00eentreg, continu\u0103m s\u0103 ne \u021binem de crearea unui loc pentru un primar de noapte. Scopul s\u0103u este de a reuni diferi\u021bii actori ai economiei de noapte cu politica, administra\u021bia \u0219i cet\u0103\u021benii, de a elimina obstacolele, de a crea o \u00een\u021belegere reciproc\u0103, de a contribui la modelarea dezvolt\u0103rii urbane \u0219i de a promova stabilirea cluburilor \u0219i gastronomia.<\/span><\/p>\n<p><span style=\"font-weight: 400;\">Dorim, de asemenea, s\u0103 facem calendarul evenimentelor din ora\u0219ul Wiesbaden mobil accesibil prin aplica\u021bia \u201eAlles Wiesbaden\u201d \u0219i, astfel, s\u0103 sporim \u0219i mai mult vizibilitatea culturii.<\/span><\/p>\n<\/div><\/div><\/div><\/div><\/div><\/div><\/div><div class=\"w-separator size_medium\"><\/div><div class=\"w-btn-wrapper align_left\"><a class=\"w-btn us-btn-style_8 icon_atleft\" href=\"https:\/\/gruene-wiesbaden.de\/ro\/kommunalwahl\/#Kapitel1\"><i class=\"fas fa-chevron-circle-right\"><\/i><span class=\"w-btn-label\">\u00cenapoi la prezentare general\u0103<\/span><\/a><\/div><div class=\"w-separator size_large\"><\/div><div class=\"wpb_text_column\"><div class=\"wpb_wrapper\"><h1>Ceea ce am realizat deja<\/h1>\n<\/div><\/div><div class=\"w-separator size_medium\"><\/div><div class=\"w-tabs us_custom_42d693a0 has_text_color style_default switch_click accordion has_scrolling\" style=\"--sections-title-size:1.4rem\"><div class=\"w-tabs-sections titles-align_none icon_chevron cpos_right\"><div class=\"w-tabs-section has_text_color\" id=\"z4a2\" style=\"background:var(--color-header-transparent-text);color:var(--color-header-top-text-hover);\"><button class=\"w-tabs-section-header\" aria-controls=\"content-z4a2\" aria-expanded=\"false\"><div class=\"w-tabs-section-title\">Participarea cultural\u0103 este un drept al omului<\/div><div class=\"w-tabs-section-control\"><\/div><\/button><div  class=\"w-tabs-section-content\" id=\"content-z4a2\"><div class=\"w-tabs-section-content-h i-cf\"><div class=\"wpb_text_column\"><div class=\"wpb_wrapper\"><p><span style=\"font-weight: 400;\">To\u021bi oamenii ar trebui s\u0103 poat\u0103 participa la cultur\u0103. De aceea am lansat abonamentul gratuit \u00een biblioteca ora\u0219ului. Pentru a-i introduce pe tineri \u00een cultur\u0103 \u00eentr-un stadiu incipient, a fost instituit, de asemenea, programul de finan\u021bare \u201eEduca\u021bia cultural\u0103 \u00een \u0219coli\u201d. Programul de finan\u021bare a proiectelor interculturale sprijin\u0103 \u00een mod specific arti\u0219tii, asocia\u021biile \u0219i ini\u021biativele din diferite medii culturale \u00een vederea lans\u0103rii de proiecte pentru o gam\u0103 larg\u0103 de categorii de public.<\/span><\/p>\n<\/div><\/div><\/div><\/div><\/div><div class=\"w-tabs-section has_text_color\" id=\"t5bc\" style=\"background:var(--color-header-transparent-text);color:var(--color-header-top-text-hover);\"><button class=\"w-tabs-section-header\" aria-controls=\"content-t5bc\" aria-expanded=\"false\"><div class=\"w-tabs-section-title\">Revigorarea centrului ora\u0219ului<\/div><div class=\"w-tabs-section-control\"><\/div><\/button><div  class=\"w-tabs-section-content\" id=\"content-t5bc\"><div class=\"w-tabs-section-content-h i-cf\"><div class=\"wpb_text_column\"><div class=\"wpb_wrapper\"><p><span style=\"font-weight: 400;\">Odat\u0103 cu mutarea VHS \u00een centrul ora\u0219ului \u0219i \u00eenceperea renov\u0103rii Walhalla ca a treia loca\u021bie, sunt \u00een curs de desf\u0103\u0219urare dou\u0103 prime proiecte care, \u00een cooperare cu institu\u021biile culturale \u0219i educa\u021bionale, sunt menite s\u0103 sporeasc\u0103 atractivitatea centrului ora\u0219ului Wiesbaden.<\/span><\/p>\n<\/div><\/div><\/div><\/div><\/div><div class=\"w-tabs-section has_text_color\" id=\"w6fe\" style=\"background:var(--color-header-transparent-text);color:var(--color-header-top-text-hover);\"><button class=\"w-tabs-section-header\" aria-controls=\"content-w6fe\" aria-expanded=\"false\"><div class=\"w-tabs-section-title\">Sustenabilitatea \u00een cultur\u0103<\/div><div class=\"w-tabs-section-control\"><\/div><\/button><div  class=\"w-tabs-section-content\" id=\"content-w6fe\"><div class=\"w-tabs-section-content-h i-cf\"><div class=\"wpb_text_column\"><div class=\"wpb_wrapper\"><p><span style=\"font-weight: 400;\">\u00cempreun\u0103 cu re\u021beaua de parteneri, TourCert este, de asemenea, implementat ca o certificare pentru institu\u021biile culturale. Eco-profitul este deschis \u0219i institu\u021biilor culturale. \u00cemprumutul \u00een loc de cump\u0103rare reduce consumul de resurse \u0219i amprenta ecologic\u0103 individual\u0103. Pentru utilizarea durabil\u0103 a resurselor, am prev\u0103zut \u00eenfiin\u021barea unei biblioteci de lucruri \u00een biblioteca ora\u0219ului, unde obiectele de uz zilnic pot fi \u00eemprumutate gratuit.<\/span><span style=\"font-weight: 400;\"><br \/>\n<\/span><span style=\"font-weight: 400;\">\u00cen octombrie 2025, ora\u0219ul Wiesbaden va organiza prima sa conferin\u021b\u0103 major\u0103 privind durabilitatea cu institu\u021biile culturale din Wiesbaden pentru a promova transferul \u0219i schimbul de cuno\u0219tin\u021be \u00eentre institu\u021biile culturale.<\/span><\/p>\n<\/div><\/div><\/div><\/div><\/div><div class=\"w-tabs-section has_text_color\" id=\"d816\" style=\"background:var(--color-header-middle-bg);color:var(--color-content-heading);\"><button class=\"w-tabs-section-header\" aria-controls=\"content-d816\" aria-expanded=\"false\"><div class=\"w-tabs-section-title\">Transparen\u021ba \u00een promovarea culturii<\/div><div class=\"w-tabs-section-control\"><\/div><\/button><div  class=\"w-tabs-section-content\" id=\"content-d816\"><div class=\"w-tabs-section-content-h i-cf\"><div class=\"wpb_text_column\"><div class=\"wpb_wrapper\"><p><span style=\"font-weight: 400;\">Pentru a asigura transparen\u021ba \u0219i a reduce la minimum influen\u021ba politicii asupra promov\u0103rii culturii, a fost \u00eenfiin\u021bat un consiliu consultativ specializat, iar recomand\u0103rile sale privind sprijinul institu\u021bional au fost puse \u00een aplicare \u00een mare m\u0103sur\u0103. Planul de dezvoltare cultural\u0103 este pus \u00een aplicare succesiv.<\/span><\/p>\n<\/div><\/div><\/div><\/div><\/div><\/div><\/div><div class=\"w-separator size_medium\"><\/div><div class=\"w-btn-wrapper align_left\"><a class=\"w-btn us-btn-style_8 icon_atleft\" href=\"https:\/\/gruene-wiesbaden.de\/ro\/kommunalwahl\/#Kapitel1\"><i class=\"fas fa-chevron-circle-right\"><\/i><span class=\"w-btn-label\">\u00cenapoi la prezentare general\u0103<\/span><\/a><\/div><div class=\"w-separator size_large\"><\/div><\/div><\/div><\/div><\/div><\/section>","protected":false},"excerpt":{"rendered":"Cultura sus\u021bine, dar este mult mai mult: Ofertele lor diverse creeaz\u0103 ocazii pentru \u00eent\u00e2lniri, deschid noi perspective \u0219i ofer\u0103 orientare \u00een via\u021ba de zi cu zi. For\u021bele lor centrifuge au un efect pozitiv asupra dezvolt\u0103rii personale, precum \u0219i asupra coeziunii sociale. Prin urmare, participarea cultural\u0103 este un drept al omului recunoscut \u00een Declara\u021bia Universal\u0103 a Drepturilor Omului \u0219i \u00een Conven\u021bia Na\u021biunilor Unite privind drepturile persoanelor cu handicap.","protected":false},"author":1,"featured_media":1513,"comment_status":"closed","ping_status":"closed","sticky":false,"template":"","format":"standard","meta":{"footnotes":""},"categories":[14],"tags":[],"class_list":["post-1337","post","type-post","status-publish","format-standard","has-post-thumbnail","hentry","category-kapitel-1"],"yoast_head":"<!-- This site is optimized with the Yoast SEO plugin v27.5 - https:\/\/yoast.com\/product\/yoast-seo-wordpress\/ -->\n<title>Kultur - B\u00dcNDNIS 90\/DIE GR\u00dcNEN Wiesbaden<\/title>\n<meta name=\"robots\" content=\"index, follow, max-snippet:-1, max-image-preview:large, max-video-preview:-1\" \/>\n<link rel=\"canonical\" href=\"https:\/\/gruene-wiesbaden.de\/ro\/kultur\/\" \/>\n<meta property=\"og:locale\" content=\"ro_RO\" \/>\n<meta property=\"og:type\" content=\"article\" \/>\n<meta property=\"og:title\" content=\"Kultur - B\u00dcNDNIS 90\/DIE GR\u00dcNEN Wiesbaden\" \/>\n<meta property=\"og:url\" content=\"https:\/\/gruene-wiesbaden.de\/ro\/kultur\/\" \/>\n<meta property=\"og:site_name\" content=\"B\u00dcNDNIS 90\/DIE GR\u00dcNEN Wiesbaden\" \/>\n<meta property=\"article:publisher\" content=\"https:\/\/www.facebook.com\/gruene.wi\" \/>\n<meta property=\"article:published_time\" content=\"2025-11-09T21:50:07+00:00\" \/>\n<meta property=\"article:modified_time\" content=\"2026-04-08T22:18:22+00:00\" \/>\n<meta property=\"og:image\" content=\"https:\/\/gruene-wiesbaden.de\/wp-content\/uploads\/2025\/11\/1.10-Kultur-scaled.jpeg\" \/>\n\t<meta property=\"og:image:width\" content=\"2560\" \/>\n\t<meta property=\"og:image:height\" content=\"1708\" \/>\n\t<meta property=\"og:image:type\" content=\"image\/jpeg\" \/>\n<meta name=\"author\" content=\"admin\" \/>\n<meta name=\"twitter:card\" content=\"summary_large_image\" \/>\n<meta name=\"twitter:label1\" content=\"Scris de\" \/>\n\t<meta name=\"twitter:data1\" content=\"admin\" \/>\n\t<meta name=\"twitter:label2\" content=\"Timp estimat pentru citire\" \/>\n\t<meta name=\"twitter:data2\" content=\"8 minutes\" \/>\n<script type=\"application\/ld+json\" class=\"yoast-schema-graph\">{\"@context\":\"https:\\\/\\\/schema.org\",\"@graph\":[{\"@type\":\"Article\",\"@id\":\"https:\\\/\\\/gruene-wiesbaden.de\\\/kultur\\\/#article\",\"isPartOf\":{\"@id\":\"https:\\\/\\\/gruene-wiesbaden.de\\\/kultur\\\/\"},\"author\":{\"name\":\"admin\",\"@id\":\"https:\\\/\\\/gruene-wiesbaden.de\\\/#\\\/schema\\\/person\\\/6785c34779159cd4fd86886bb097afe9\"},\"headline\":\"Kultur\",\"datePublished\":\"2025-11-09T21:50:07+00:00\",\"dateModified\":\"2026-04-08T22:18:22+00:00\",\"mainEntityOfPage\":{\"@id\":\"https:\\\/\\\/gruene-wiesbaden.de\\\/kultur\\\/\"},\"wordCount\":2309,\"publisher\":{\"@id\":\"https:\\\/\\\/gruene-wiesbaden.de\\\/#organization\"},\"image\":{\"@id\":\"https:\\\/\\\/gruene-wiesbaden.de\\\/kultur\\\/#primaryimage\"},\"thumbnailUrl\":\"https:\\\/\\\/gruene-wiesbaden.de\\\/wp-content\\\/uploads\\\/2025\\\/11\\\/1.10-Kultur-scaled.jpeg\",\"articleSection\":[\"Kapitel 1\"],\"inLanguage\":\"ro-RO\"},{\"@type\":\"WebPage\",\"@id\":\"https:\\\/\\\/gruene-wiesbaden.de\\\/kultur\\\/\",\"url\":\"https:\\\/\\\/gruene-wiesbaden.de\\\/kultur\\\/\",\"name\":\"Kultur - B\u00dcNDNIS 90\\\/DIE GR\u00dcNEN Wiesbaden\",\"isPartOf\":{\"@id\":\"https:\\\/\\\/gruene-wiesbaden.de\\\/#website\"},\"primaryImageOfPage\":{\"@id\":\"https:\\\/\\\/gruene-wiesbaden.de\\\/kultur\\\/#primaryimage\"},\"image\":{\"@id\":\"https:\\\/\\\/gruene-wiesbaden.de\\\/kultur\\\/#primaryimage\"},\"thumbnailUrl\":\"https:\\\/\\\/gruene-wiesbaden.de\\\/wp-content\\\/uploads\\\/2025\\\/11\\\/1.10-Kultur-scaled.jpeg\",\"datePublished\":\"2025-11-09T21:50:07+00:00\",\"dateModified\":\"2026-04-08T22:18:22+00:00\",\"breadcrumb\":{\"@id\":\"https:\\\/\\\/gruene-wiesbaden.de\\\/kultur\\\/#breadcrumb\"},\"inLanguage\":\"ro-RO\",\"potentialAction\":[{\"@type\":\"ReadAction\",\"target\":[\"https:\\\/\\\/gruene-wiesbaden.de\\\/kultur\\\/\"]}]},{\"@type\":\"ImageObject\",\"inLanguage\":\"ro-RO\",\"@id\":\"https:\\\/\\\/gruene-wiesbaden.de\\\/kultur\\\/#primaryimage\",\"url\":\"https:\\\/\\\/gruene-wiesbaden.de\\\/wp-content\\\/uploads\\\/2025\\\/11\\\/1.10-Kultur-scaled.jpeg\",\"contentUrl\":\"https:\\\/\\\/gruene-wiesbaden.de\\\/wp-content\\\/uploads\\\/2025\\\/11\\\/1.10-Kultur-scaled.jpeg\",\"width\":2560,\"height\":1708},{\"@type\":\"BreadcrumbList\",\"@id\":\"https:\\\/\\\/gruene-wiesbaden.de\\\/kultur\\\/#breadcrumb\",\"itemListElement\":[{\"@type\":\"ListItem\",\"position\":1,\"name\":\"Startseite\",\"item\":\"https:\\\/\\\/gruene-wiesbaden.de\\\/\"},{\"@type\":\"ListItem\",\"position\":2,\"name\":\"Kultur\"}]},{\"@type\":\"WebSite\",\"@id\":\"https:\\\/\\\/gruene-wiesbaden.de\\\/#website\",\"url\":\"https:\\\/\\\/gruene-wiesbaden.de\\\/\",\"name\":\"DIE GR\u00dcNEN Wiesbaden\",\"description\":\"\",\"publisher\":{\"@id\":\"https:\\\/\\\/gruene-wiesbaden.de\\\/#organization\"},\"potentialAction\":[{\"@type\":\"SearchAction\",\"target\":{\"@type\":\"EntryPoint\",\"urlTemplate\":\"https:\\\/\\\/gruene-wiesbaden.de\\\/?s={search_term_string}\"},\"query-input\":{\"@type\":\"PropertyValueSpecification\",\"valueRequired\":true,\"valueName\":\"search_term_string\"}}],\"inLanguage\":\"ro-RO\"},{\"@type\":\"Organization\",\"@id\":\"https:\\\/\\\/gruene-wiesbaden.de\\\/#organization\",\"name\":\"DIE GR\u00dcNEN Wiesbaden\",\"url\":\"https:\\\/\\\/gruene-wiesbaden.de\\\/\",\"logo\":{\"@type\":\"ImageObject\",\"inLanguage\":\"ro-RO\",\"@id\":\"https:\\\/\\\/gruene-wiesbaden.de\\\/#\\\/schema\\\/logo\\\/image\\\/\",\"url\":\"https:\\\/\\\/gruene-wiesbaden-fuer-europa.de\\\/wp-content\\\/uploads\\\/2024\\\/04\\\/Machen-was-zaehlt-5.png\",\"contentUrl\":\"https:\\\/\\\/gruene-wiesbaden-fuer-europa.de\\\/wp-content\\\/uploads\\\/2024\\\/04\\\/Machen-was-zaehlt-5.png\",\"width\":1772,\"height\":1772,\"caption\":\"DIE GR\u00dcNEN Wiesbaden\"},\"image\":{\"@id\":\"https:\\\/\\\/gruene-wiesbaden.de\\\/#\\\/schema\\\/logo\\\/image\\\/\"},\"sameAs\":[\"https:\\\/\\\/www.facebook.com\\\/gruene.wi\",\"https:\\\/\\\/instagram.com\\\/gruene_wi\"]},{\"@type\":\"Person\",\"@id\":\"https:\\\/\\\/gruene-wiesbaden.de\\\/#\\\/schema\\\/person\\\/6785c34779159cd4fd86886bb097afe9\",\"name\":\"admin\",\"sameAs\":[\"http:\\\/\\\/gruene-wiesbaden-fuer-europa.de\"],\"url\":\"https:\\\/\\\/gruene-wiesbaden.de\\\/ro\\\/author\\\/admin\\\/\"}]}<\/script>\n<!-- \/ Yoast SEO plugin. -->","yoast_head_json":{"title":"Kultur - B\u00dcNDNIS 90\/DIE GR\u00dcNEN Wiesbaden","robots":{"index":"index","follow":"follow","max-snippet":"max-snippet:-1","max-image-preview":"max-image-preview:large","max-video-preview":"max-video-preview:-1"},"canonical":"https:\/\/gruene-wiesbaden.de\/ro\/kultur\/","og_locale":"ro_RO","og_type":"article","og_title":"Kultur - B\u00dcNDNIS 90\/DIE GR\u00dcNEN Wiesbaden","og_url":"https:\/\/gruene-wiesbaden.de\/ro\/kultur\/","og_site_name":"B\u00dcNDNIS 90\/DIE GR\u00dcNEN Wiesbaden","article_publisher":"https:\/\/www.facebook.com\/gruene.wi","article_published_time":"2025-11-09T21:50:07+00:00","article_modified_time":"2026-04-08T22:18:22+00:00","og_image":[{"width":2560,"height":1708,"url":"https:\/\/gruene-wiesbaden.de\/wp-content\/uploads\/2025\/11\/1.10-Kultur-scaled.jpeg","type":"image\/jpeg"}],"author":"admin","twitter_card":"summary_large_image","twitter_misc":{"Scris de":"admin","Timp estimat pentru citire":"8 minutes"},"schema":{"@context":"https:\/\/schema.org","@graph":[{"@type":"Article","@id":"https:\/\/gruene-wiesbaden.de\/kultur\/#article","isPartOf":{"@id":"https:\/\/gruene-wiesbaden.de\/kultur\/"},"author":{"name":"admin","@id":"https:\/\/gruene-wiesbaden.de\/#\/schema\/person\/6785c34779159cd4fd86886bb097afe9"},"headline":"Kultur","datePublished":"2025-11-09T21:50:07+00:00","dateModified":"2026-04-08T22:18:22+00:00","mainEntityOfPage":{"@id":"https:\/\/gruene-wiesbaden.de\/kultur\/"},"wordCount":2309,"publisher":{"@id":"https:\/\/gruene-wiesbaden.de\/#organization"},"image":{"@id":"https:\/\/gruene-wiesbaden.de\/kultur\/#primaryimage"},"thumbnailUrl":"https:\/\/gruene-wiesbaden.de\/wp-content\/uploads\/2025\/11\/1.10-Kultur-scaled.jpeg","articleSection":["Kapitel 1"],"inLanguage":"ro-RO"},{"@type":"WebPage","@id":"https:\/\/gruene-wiesbaden.de\/kultur\/","url":"https:\/\/gruene-wiesbaden.de\/kultur\/","name":"Kultur - B\u00dcNDNIS 90\/DIE GR\u00dcNEN Wiesbaden","isPartOf":{"@id":"https:\/\/gruene-wiesbaden.de\/#website"},"primaryImageOfPage":{"@id":"https:\/\/gruene-wiesbaden.de\/kultur\/#primaryimage"},"image":{"@id":"https:\/\/gruene-wiesbaden.de\/kultur\/#primaryimage"},"thumbnailUrl":"https:\/\/gruene-wiesbaden.de\/wp-content\/uploads\/2025\/11\/1.10-Kultur-scaled.jpeg","datePublished":"2025-11-09T21:50:07+00:00","dateModified":"2026-04-08T22:18:22+00:00","breadcrumb":{"@id":"https:\/\/gruene-wiesbaden.de\/kultur\/#breadcrumb"},"inLanguage":"ro-RO","potentialAction":[{"@type":"ReadAction","target":["https:\/\/gruene-wiesbaden.de\/kultur\/"]}]},{"@type":"ImageObject","inLanguage":"ro-RO","@id":"https:\/\/gruene-wiesbaden.de\/kultur\/#primaryimage","url":"https:\/\/gruene-wiesbaden.de\/wp-content\/uploads\/2025\/11\/1.10-Kultur-scaled.jpeg","contentUrl":"https:\/\/gruene-wiesbaden.de\/wp-content\/uploads\/2025\/11\/1.10-Kultur-scaled.jpeg","width":2560,"height":1708},{"@type":"BreadcrumbList","@id":"https:\/\/gruene-wiesbaden.de\/kultur\/#breadcrumb","itemListElement":[{"@type":"ListItem","position":1,"name":"Startseite","item":"https:\/\/gruene-wiesbaden.de\/"},{"@type":"ListItem","position":2,"name":"Kultur"}]},{"@type":"WebSite","@id":"https:\/\/gruene-wiesbaden.de\/#website","url":"https:\/\/gruene-wiesbaden.de\/","name":"DIE GR\u00dcNEN Wiesbaden","description":"","publisher":{"@id":"https:\/\/gruene-wiesbaden.de\/#organization"},"potentialAction":[{"@type":"SearchAction","target":{"@type":"EntryPoint","urlTemplate":"https:\/\/gruene-wiesbaden.de\/?s={search_term_string}"},"query-input":{"@type":"PropertyValueSpecification","valueRequired":true,"valueName":"search_term_string"}}],"inLanguage":"ro-RO"},{"@type":"Organization","@id":"https:\/\/gruene-wiesbaden.de\/#organization","name":"DIE GR\u00dcNEN Wiesbaden","url":"https:\/\/gruene-wiesbaden.de\/","logo":{"@type":"ImageObject","inLanguage":"ro-RO","@id":"https:\/\/gruene-wiesbaden.de\/#\/schema\/logo\/image\/","url":"https:\/\/gruene-wiesbaden-fuer-europa.de\/wp-content\/uploads\/2024\/04\/Machen-was-zaehlt-5.png","contentUrl":"https:\/\/gruene-wiesbaden-fuer-europa.de\/wp-content\/uploads\/2024\/04\/Machen-was-zaehlt-5.png","width":1772,"height":1772,"caption":"DIE GR\u00dcNEN Wiesbaden"},"image":{"@id":"https:\/\/gruene-wiesbaden.de\/#\/schema\/logo\/image\/"},"sameAs":["https:\/\/www.facebook.com\/gruene.wi","https:\/\/instagram.com\/gruene_wi"]},{"@type":"Person","@id":"https:\/\/gruene-wiesbaden.de\/#\/schema\/person\/6785c34779159cd4fd86886bb097afe9","name":"admin","sameAs":["http:\/\/gruene-wiesbaden-fuer-europa.de"],"url":"https:\/\/gruene-wiesbaden.de\/ro\/author\/admin\/"}]}},"_links":{"self":[{"href":"https:\/\/gruene-wiesbaden.de\/ro\/wp-json\/wp\/v2\/posts\/1337","targetHints":{"allow":["GET"]}}],"collection":[{"href":"https:\/\/gruene-wiesbaden.de\/ro\/wp-json\/wp\/v2\/posts"}],"about":[{"href":"https:\/\/gruene-wiesbaden.de\/ro\/wp-json\/wp\/v2\/types\/post"}],"author":[{"embeddable":true,"href":"https:\/\/gruene-wiesbaden.de\/ro\/wp-json\/wp\/v2\/users\/1"}],"replies":[{"embeddable":true,"href":"https:\/\/gruene-wiesbaden.de\/ro\/wp-json\/wp\/v2\/comments?post=1337"}],"version-history":[{"count":9,"href":"https:\/\/gruene-wiesbaden.de\/ro\/wp-json\/wp\/v2\/posts\/1337\/revisions"}],"predecessor-version":[{"id":2375,"href":"https:\/\/gruene-wiesbaden.de\/ro\/wp-json\/wp\/v2\/posts\/1337\/revisions\/2375"}],"wp:featuredmedia":[{"embeddable":true,"href":"https:\/\/gruene-wiesbaden.de\/ro\/wp-json\/wp\/v2\/media\/1513"}],"wp:attachment":[{"href":"https:\/\/gruene-wiesbaden.de\/ro\/wp-json\/wp\/v2\/media?parent=1337"}],"wp:term":[{"taxonomy":"category","embeddable":true,"href":"https:\/\/gruene-wiesbaden.de\/ro\/wp-json\/wp\/v2\/categories?post=1337"},{"taxonomy":"post_tag","embeddable":true,"href":"https:\/\/gruene-wiesbaden.de\/ro\/wp-json\/wp\/v2\/tags?post=1337"}],"curies":[{"name":"wp","href":"https:\/\/api.w.org\/{rel}","templated":true}]}}