{"id":1335,"date":"2025-11-09T23:49:11","date_gmt":"2025-11-09T21:49:11","guid":{"rendered":"https:\/\/gruene-wiesbaden.de\/?p=1335"},"modified":"2026-04-09T00:16:13","modified_gmt":"2026-04-08T22:16:13","slug":"digitale-infrastruktur-und-digitale-services-fuer-alle","status":"publish","type":"post","link":"https:\/\/gruene-wiesbaden.de\/ro\/digitale-infrastruktur-und-digitale-services-fuer-alle\/","title":{"rendered":"Infrastructura digital\u0103 \u0219i serviciile digitale pentru to\u021bi"},"content":{"rendered":"<section class=\"l-section wpb_row height_medium with_img\"><div class=\"l-section-img\" role=\"img\" data-img-width=\"1080\" data-img-height=\"800\" style=\"background-image: url(https:\/\/gruene-wiesbaden.de\/wp-content\/uploads\/2025\/11\/neuer-Verlauf-gruene-wiesbaden.de_-2-e1762709402177.png);\"><\/div><div class=\"l-section-overlay\" style=\"background:var(--color-header-top-transparent-bg)\"><\/div><div class=\"l-section-h i-cf\"><div class=\"g-cols vc_row via_grid cols_1 laptops-cols_inherit tablets-cols_inherit mobiles-cols_1 valign_top type_default stacking_default\"><div class=\"wpb_column vc_column_container\"><div class=\"vc_column-inner\"><h1 class=\"w-post-elm post_title us_custom_a574d586 has_text_color entry-title\">Infrastructura digital\u0103 \u0219i serviciile digitale pentru to\u021bi<\/h1><div class=\"w-separator size_medium\"><\/div><div class=\"g-cols wpb_row via_grid cols_2-1 laptops-cols_inherit tablets-cols_inherit mobiles-cols_1 valign_top type_default stacking_default\" style=\"--columns-gap:3rem;\"><div class=\"wpb_column vc_column_container\"><div class=\"vc_column-inner\"><div class=\"wpb_text_column us_custom_8b3d6790 has_text_color\"><div class=\"wpb_wrapper\"><p><span style=\"font-weight: 400;\">Serviciile digitale sunt mai mult dec\u00e2t instrumente tehnice \u2013 ele sunt esen\u021biale pentru a se asigura c\u0103 administra\u021bia func\u021bioneaz\u0103 rapid, u\u0219or \u0219i transparent pentru to\u021bi Wiesbadeners. Acestea fac via\u021ba de zi cu zi mai u\u0219oar\u0103, facilit\u00e2nd finalizarea \u00eenregistr\u0103rilor, a rezerv\u0103rilor de program\u0103ri la Biroul cet\u0103\u021benilor sau a cererilor de grant online.<\/span><\/p>\n<p><span style=\"font-weight: 400;\">Participarea digital\u0103 este mai mult dec\u00e2t o simpl\u0103 conexiune la internet \u2013 este o condi\u021bie prealabil\u0103 pentru egalitatea de \u0219anse \u0219i participarea social\u0103. Noi, Verzii, dorim ca to\u021bi cet\u0103\u021benii din Wiesbaden s\u0103 beneficieze \u00een mod egal de oportunit\u0103\u021bile oferite de digitalizare. Aceasta \u00eenseamn\u0103 oferte accesibile, oportunit\u0103\u021bi de \u00eenv\u0103\u021bare digital\u0103 \u0219i sprijin pentru dob\u00e2ndirea de competen\u021be, astfel \u00eenc\u00e2t nimeni s\u0103 nu fie l\u0103sat \u00een urm\u0103.<\/span><\/p>\n<p><span style=\"font-weight: 400;\">Dorim s\u0103 impulsion\u0103m extinderea infrastructurii digitale \u0219i a serviciilor inteligente, deoarece acest lucru va spori participarea, eficien\u021ba \u0219i calitatea vie\u021bii \u00een ora\u0219ul nostru. Ne baz\u0103m pe securitate, independen\u021b\u0103 \u0219i solu\u021bii open source pentru a proteja datele \u0219i a evita dependen\u021bele.<\/span><\/p>\n<\/div><\/div><div class=\"w-separator size_medium\"><\/div><div class=\"w-btn-wrapper align_left\"><a class=\"w-btn us-btn-style_8 icon_atleft\" href=\"https:\/\/gruene-wiesbaden.de\/ro\/kommunalwahl\/#Kapitel1\"><i class=\"fas fa-chevron-circle-right\"><\/i><span class=\"w-btn-label\">\u00cenapoi la prezentare general\u0103<\/span><\/a><\/div><\/div><\/div><div class=\"wpb_column vc_column_container\"><div class=\"vc_column-inner\"><div class=\"w-image align_center\"><div class=\"w-image-h\"><img decoding=\"async\" width=\"1991\" height=\"2560\" src=\"https:\/\/gruene-wiesbaden.de\/wp-content\/uploads\/2025\/11\/1.8-Digitale-Infrastruktur-und-digitale-Services-fuer-alle-scaled.jpeg\" class=\"attachment-full size-full\" alt=\"\" loading=\"lazy\" srcset=\"https:\/\/gruene-wiesbaden.de\/wp-content\/uploads\/2025\/11\/1.8-Digitale-Infrastruktur-und-digitale-Services-fuer-alle-scaled.jpeg 1991w, https:\/\/gruene-wiesbaden.de\/wp-content\/uploads\/2025\/11\/1.8-Digitale-Infrastruktur-und-digitale-Services-fuer-alle-311x400.jpeg 311w, https:\/\/gruene-wiesbaden.de\/wp-content\/uploads\/2025\/11\/1.8-Digitale-Infrastruktur-und-digitale-Services-fuer-alle-467x600.jpeg 467w\" sizes=\"auto, (max-width: 1991px) 100vw, 1991px\" \/><\/div><\/div><div class=\"w-separator size_small\"><\/div><\/div><\/div><\/div><div class=\"w-separator size_medium\"><\/div><div class=\"w-separator size_medium\"><\/div><div class=\"wpb_text_column\"><div class=\"wpb_wrapper\"><h1>Ce \u00eenseamn\u0103 politica privind infrastructura digital\u0103 \u0219i serviciile digitale pentru noi to\u021bi<\/h1>\n<\/div><\/div><div class=\"w-separator size_large\"><\/div><div class=\"g-cols wpb_row via_grid cols_3 laptops-cols_inherit tablets-cols_inherit mobiles-cols_1 valign_top type_default stacking_default\" style=\"--columns-gap:3rem;\"><div class=\"wpb_column vc_column_container\"><div class=\"vc_column-inner\"><div class=\"w-iconbox us_custom_8b3d6790 has_text_color iconpos_left style_default color_custom align_left\"><div class=\"w-iconbox-icon\" style=\"font-size:2rem;--icon-color:#Ffffff;--icon-bg-color:var(--color-header-middle-bg);\"><i class=\"fas fa-layer-group\"><\/i><\/div><div class=\"w-iconbox-meta\"><h4 class=\"w-iconbox-title\" style=\"font-size:1.5rem;\">Asigurarea particip\u0103rii digitale<\/h4><div class=\"w-iconbox-text\"><p><span style=\"font-weight: 400;\">To\u021bi cet\u0103\u021benii trebuie s\u0103 poat\u0103 beneficia de digitalizare, indiferent de venit, v\u00e2rst\u0103 sau origine. Vrem s\u0103 ne asigur\u0103m c\u0103 nimeni nu este l\u0103sat \u00een urm\u0103.<\/span><\/p>\n<\/div><\/div><\/div><\/div><\/div><div class=\"wpb_column vc_column_container\"><div class=\"vc_column-inner\"><div class=\"w-iconbox us_custom_8b3d6790 has_text_color iconpos_left style_default color_custom align_left\"><div class=\"w-iconbox-icon\" style=\"font-size:2rem;--icon-color:#Ffffff;--icon-bg-color:var(--color-header-transparent-text);\"><i class=\"fas fa-layer-group\"><\/i><\/div><div class=\"w-iconbox-meta\"><h4 class=\"w-iconbox-title\" style=\"font-size:1.5rem;\">Serviciu digital, simplu<\/h4><div class=\"w-iconbox-text\"><p><span style=\"font-weight: 400;\">Ofertele digitale trebuie s\u0103 fie rapide, u\u0219or de utilizat \u0219i necomplicate, cu o orientare clar\u0103 c\u0103tre via\u021ba de zi cu zi a cet\u0103\u021benilor, \u00een locul logicii oficiale.<\/span><\/p>\n<\/div><\/div><\/div><\/div><\/div><div class=\"wpb_column vc_column_container\"><div class=\"vc_column-inner\"><div class=\"w-iconbox us_custom_8b3d6790 has_text_color iconpos_left style_default color_custom align_left\"><div class=\"w-iconbox-icon\" style=\"font-size:2rem;--icon-color:#Ffffff;--icon-bg-color:var(--color-header-transparent-text);\"><i class=\"fas fa-layer-group\"><\/i><\/div><div class=\"w-iconbox-meta\"><h4 class=\"w-iconbox-title\" style=\"font-size:1.5rem;\">Utilizarea responsabil\u0103 a inteligen\u021bei artificiale<\/h4><div class=\"w-iconbox-text\"><p><span style=\"font-weight: 400;\">IA ar trebui s\u0103 fac\u0103 Wiesbaden mai inteligent: printr-un management eficient \u0219i servicii mai bune. Urm\u0103toarele se aplic\u0103 pentru noi: Protec\u021bia datelor, transparen\u021ba \u0219i standardele etice au \u00eentotdeauna prioritate.<\/span><\/p>\n<p><br style=\"font-weight: 400;\" \/><br style=\"font-weight: 400;\" \/><\/p>\n<\/div><\/div><\/div><\/div><\/div><\/div><div class=\"w-separator size_medium\"><\/div><div class=\"g-cols wpb_row via_grid cols_3 laptops-cols_inherit tablets-cols_inherit mobiles-cols_1 valign_top type_default stacking_default\" style=\"--columns-gap:3rem;\"><div class=\"wpb_column vc_column_container\"><div class=\"vc_column-inner\"><div class=\"w-iconbox us_custom_8b3d6790 has_text_color iconpos_left style_default color_custom align_left\"><div class=\"w-iconbox-icon\" style=\"font-size:2rem;--icon-color:#Ffffff;--icon-bg-color:var(--color-header-middle-bg);\"><i class=\"fas fa-layer-group\"><\/i><\/div><div class=\"w-iconbox-meta\"><h4 class=\"w-iconbox-title\" style=\"font-size:1.5rem;\">Suveran \u0219i sigur<\/h4><div class=\"w-iconbox-text\"><p><span style=\"font-weight: 400;\">Ne baz\u0103m pe open source, protec\u021bia datelor \u0219i securitate IT ridicat\u0103. Prin urmare, Wiesbaden r\u0103m\u00e2ne independent \u0219i rezilient la riscurile digitale.<\/span><\/p>\n<\/div><\/div><\/div><\/div><\/div><div class=\"wpb_column vc_column_container\"><div class=\"vc_column-inner\"><div class=\"w-iconbox us_custom_8b3d6790 has_text_color iconpos_left style_default color_custom align_left\"><div class=\"w-iconbox-icon\" style=\"font-size:2rem;--icon-color:#Ffffff;--icon-bg-color:var(--color-header-transparent-text);\"><i class=\"fas fa-layer-group\"><\/i><\/div><div class=\"w-iconbox-meta\"><h4 class=\"w-iconbox-title\" style=\"font-size:1.5rem;\">Digitalizarea durabil\u0103<\/h4><div class=\"w-iconbox-text\"><p><span style=\"font-weight: 400;\">Infrastructura \u0219i serviciile informatice ar trebui s\u0103 economiseasc\u0103 resurse, s\u0103 fie ecologice \u0219i s\u0103 fie achizi\u021bionate \u00een mod echitabil. Sustenabilitatea este un ghid pentru fiecare investi\u021bie digital\u0103.<\/span><\/p>\n<\/div><\/div><\/div><\/div><\/div><div class=\"wpb_column vc_column_container\"><div class=\"vc_column-inner\"><div class=\"w-iconbox us_custom_8b3d6790 has_text_color iconpos_left style_default color_custom align_left\"><div class=\"w-iconbox-icon\" style=\"font-size:2rem;--icon-color:#Ffffff;--icon-bg-color:var(--color-header-transparent-text);\"><i class=\"fas fa-layer-group\"><\/i><\/div><div class=\"w-iconbox-meta\"><h4 class=\"w-iconbox-title\" style=\"font-size:1.5rem;\">Modelarea inov\u0103rii \u00eempreun\u0103<\/h4><div class=\"w-iconbox-text\"><p><span style=\"font-weight: 400;\">Digitalizarea poate fi realizat\u0103 numai prin dialog. Promov\u0103m laboratoare deschise, idei inteligente din societatea urban\u0103 \u0219i participarea la proiecte urbane inteligente.<\/span><\/p>\n<\/div><\/div><\/div><\/div><\/div><\/div><div class=\"w-separator size_medium\"><\/div><div class=\"w-btn-wrapper align_left\"><a class=\"w-btn us-btn-style_8 icon_atleft\" href=\"https:\/\/gruene-wiesbaden.de\/ro\/kommunalwahl\/#Kapitel1\"><i class=\"fas fa-chevron-circle-right\"><\/i><span class=\"w-btn-label\">\u00cenapoi la prezentare general\u0103<\/span><\/a><\/div><div class=\"w-separator size_medium\"><\/div><\/div><\/div><\/div><\/div><\/section><section class=\"l-section wpb_row height_auto with_img\"><div class=\"l-section-img\" role=\"img\" data-img-width=\"1991\" data-img-height=\"2560\" style=\"background-image: url(https:\/\/gruene-wiesbaden.de\/wp-content\/uploads\/2025\/11\/1.8-Digitale-Infrastruktur-und-digitale-Services-fuer-alle-scaled.jpeg);background-repeat: no-repeat;\"><\/div><div class=\"l-section-overlay\" style=\"background:var(--color-header-top-transparent-bg)\"><\/div><div class=\"l-section-h i-cf\"><div class=\"g-cols vc_row via_grid cols_1 laptops-cols_inherit tablets-cols_inherit mobiles-cols_1 valign_middle type_default stacking_default\" style=\"--columns-gap:1rem;\"><div class=\"wpb_column vc_column_container\"><div class=\"vc_column-inner\"><div class=\"w-separator size_large\"><\/div><div class=\"wpb_text_column background_inside_text\"><div class=\"wpb_wrapper\"><h1>Ce vrem s\u0103 facem \u00een mod special \u00een acest domeniu<\/h1>\n<\/div><\/div><div class=\"w-separator size_medium\"><\/div><div class=\"w-tabs us_custom_42d693a0 has_text_color style_default switch_click accordion has_scrolling\" style=\"--sections-title-size:1.4rem\"><div class=\"w-tabs-sections titles-align_none icon_chevron cpos_right\"><div class=\"w-tabs-section has_text_color\" id=\"k841\" style=\"background:var(--color-header-transparent-text);color:var(--color-header-top-text-hover);\"><button class=\"w-tabs-section-header\" aria-controls=\"content-k841\" aria-expanded=\"false\"><div class=\"w-tabs-section-title\">Extindere Wi-Fi avansat\u0103 pentru uz public<\/div><div class=\"w-tabs-section-control\"><\/div><\/button><div  class=\"w-tabs-section-content\" id=\"content-k841\"><div class=\"w-tabs-section-content-h i-cf\"><div class=\"wpb_text_column\"><div class=\"wpb_wrapper\"><p><span style=\"font-weight: 400;\">Participarea digital\u0103 necesit\u0103 acces liber. Ne angaj\u0103m s\u0103 ne asigur\u0103m c\u0103 parcurile, pie\u021bele, facilit\u0103\u021bile pentru tineret \u0219i institu\u021biile de \u00eenv\u0103\u021b\u0103m\u00e2nt din Wiesbaden sunt dotate cu Wi-Fi gratuit, astfel \u00eenc\u00e2t toat\u0103 lumea s\u0103 poat\u0103 beneficia. \u00cen acest fel, permitem participarea digital\u0103 indiferent de buget \u0219i facem ora\u0219ul modern, atractiv \u0219i adaptat exigen\u021belor viitorului.<\/span><\/p>\n<\/div><\/div><\/div><\/div><\/div><div class=\"w-tabs-section has_text_color\" id=\"l95e\" style=\"background:var(--color-header-transparent-text);color:var(--color-header-top-text-hover);\"><button class=\"w-tabs-section-header\" aria-controls=\"content-l95e\" aria-expanded=\"false\"><div class=\"w-tabs-section-title\">App Introduce totul Wiesbaden<\/div><div class=\"w-tabs-section-control\"><\/div><\/button><div  class=\"w-tabs-section-content\" id=\"content-l95e\"><div class=\"w-tabs-section-content-h i-cf\"><div class=\"wpb_text_column\"><div class=\"wpb_wrapper\"><p><span style=\"font-weight: 400;\">Dorim s\u0103 reunim ofertele culturale, de agrement \u0219i educa\u021bionale, precum \u0219i serviciile digitale \u00een mod clar \u00eentr-un singur loc. Conectat la site-ul web al ora\u0219ului \u0219i la alte servicii relevante, \u201eAlles Wiesbaden\u201d va deveni centrul digital al ora\u0219ului \u2013 informativ, interactiv \u0219i sensibil la schimb\u0103rile climatice. Aplica\u021bia urmeaz\u0103 s\u0103 fie extins\u0103 \u00een mod constant cu mai multe informa\u021bii \u0219i posibilit\u0103\u021bi de interac\u021biune.<\/span><\/p>\n<\/div><\/div><\/div><\/div><\/div><div class=\"w-tabs-section has_text_color\" id=\"ga76\" style=\"background:var(--color-header-transparent-text);color:var(--color-header-top-text-hover);\"><button class=\"w-tabs-section-header\" aria-controls=\"content-ga76\" aria-expanded=\"false\"><div class=\"w-tabs-section-title\">Gestionarea f\u0103r\u0103 bariere<\/div><div class=\"w-tabs-section-control\"><\/div><\/button><div  class=\"w-tabs-section-content\" id=\"content-ga76\"><div class=\"w-tabs-section-content-h i-cf\"><div class=\"wpb_text_column\"><div class=\"wpb_wrapper\"><p><span style=\"font-weight: 400;\">Dorim s\u0103 dezvolt\u0103m serviciile de administrare digital\u0103 ale Wiesbaden astfel \u00eenc\u00e2t acestea s\u0103 fie accesibile tuturor \u2013 u\u0219or de utilizat, multilingve \u0219i f\u0103r\u0103 bariere. Formularele \u0219i serviciile sunt simplificate, dispozitivele mobile sunt mai bine luate \u00een considerare \u0219i ofertele de ajutor sunt integrate. \u00cen acest sens, cre\u0103m o administra\u021bie care nu exclude pe nimeni \u0219i permite tuturor cet\u0103\u021benilor s\u0103 se ocupe de preocup\u0103rile lor rapid \u0219i u\u0219or online.<\/span><\/p>\n<\/div><\/div><\/div><\/div><\/div><div class=\"w-tabs-section has_text_color\" id=\"dbb5\" style=\"background:var(--color-header-middle-bg);color:var(--color-content-heading);\"><button class=\"w-tabs-section-header\" aria-controls=\"content-dbb5\" aria-expanded=\"false\"><div class=\"w-tabs-section-title\">Reg\u00e2ndirea administra\u021biei<\/div><div class=\"w-tabs-section-control\"><\/div><\/button><div  class=\"w-tabs-section-content\" id=\"content-dbb5\"><div class=\"w-tabs-section-content-h i-cf\"><div class=\"wpb_text_column\"><div class=\"wpb_wrapper\"><p><span style=\"font-weight: 400;\">Mementourile digitale evit\u0103 omisiunile, u\u0219ureaz\u0103 administrarea \u0219i economisesc timp. Ne angaj\u0103m s\u0103 introducem o procedur\u0103 de reamintire digital\u0103 pentru expirarea c\u0103r\u021bilor de identitate. Cet\u0103\u021benii sunt notifica\u021bi \u00een timp util prin scrisoare, e-mail sau aplica\u021bie \u0219i \u00ee\u0219i pot depune candidatura din timp. Acest lucru reduce stresul, evit\u0103 omisiunile \u0219i amelioreaz\u0103 administrarea, deoarece aplica\u021biile pe termen scurt devin mai rare. \u00cen acela\u0219i timp, serviciul pentru to\u021bi cet\u0103\u021benii se \u00eembun\u0103t\u0103\u021be\u0219te, iar administra\u021bia devine mai u\u0219oar\u0103 \u0219i mai u\u0219or de utilizat.<\/span><\/p>\n<\/div><\/div><\/div><\/div><\/div><div class=\"w-tabs-section has_text_color\" id=\"pcdb\" style=\"background:var(--color-header-transparent-text);color:var(--color-header-top-text-hover);\"><button class=\"w-tabs-section-header\" aria-controls=\"content-pcdb\" aria-expanded=\"false\"><div class=\"w-tabs-section-title\">Conexiunea administra\u021biei cu 115<\/div><div class=\"w-tabs-section-control\"><\/div><\/button><div  class=\"w-tabs-section-content\" id=\"content-pcdb\"><div class=\"w-tabs-section-content-h i-cf\"><div class=\"wpb_text_column\"><div class=\"wpb_wrapper\"><p><span style=\"font-weight: 400;\">Vrem s\u0103 conect\u0103m administra\u021bia Wiesbaden cu autoritatea num\u0103rul 115 din Germania. De exemplu, cet\u0103\u021benii \u0219i \u00eentreprinderile dispun de un punct de contact competent pentru toate aspectele guvernamentale \u2013 de la eliminarea de\u0219eurilor p\u00e2n\u0103 la \u00eenmatricularea vehiculelor. Acest lucru faciliteaz\u0103 accesul, reduce birocra\u021bia \u0219i consolideaz\u0103 serviciile oferite cet\u0103\u021benilor.<\/span><\/p>\n<\/div><\/div><\/div><\/div><\/div><div class=\"w-tabs-section has_text_color\" id=\"te0a\" style=\"background:var(--color-header-middle-bg);color:var(--color-header-middle-text);\"><button class=\"w-tabs-section-header\" aria-controls=\"content-te0a\" aria-expanded=\"false\"><div class=\"w-tabs-section-title\">Managementul digital, explicat<\/div><div class=\"w-tabs-section-control\"><\/div><\/button><div  class=\"w-tabs-section-content\" id=\"content-te0a\"><div class=\"w-tabs-section-content-h i-cf\"><div class=\"wpb_text_column\"><div class=\"wpb_wrapper\"><p><span style=\"font-weight: 400;\">Dorim s\u0103 \u00eenfiin\u021b\u0103m puncte de contact permanente pentru asisten\u021b\u0103 digital\u0103 \u00een Wiesbaden \u2013 \u00eencep\u00e2nd cu un sprijin central de prim nivel \u00een prim\u0103rie, unde cet\u0103\u021benii primesc ajutor necomplicat \u00een procesul de depunere a cererilor digitale. \u00cen plus, vor fi oferite cursuri de formare \u0219i ateliere pentru consolidarea competen\u021belor digitale. Acest model pe niveluri faciliteaz\u0103 participarea digital\u0103, scute\u0219te administra\u021biile locale \u0219i garanteaz\u0103 c\u0103 nimeni nu este l\u0103sat \u00een urm\u0103 de progresul digital. Ulterior, echipele mobile vor extinde gama de servicii \u0219i vor oferi asisten\u021b\u0103 direct la fa\u021ba locului.<\/span><\/p>\n<\/div><\/div><\/div><\/div><\/div><div class=\"w-tabs-section has_text_color\" id=\"af4f\" style=\"background:var(--color-header-transparent-text);color:var(--color-header-top-text-hover);\"><button class=\"w-tabs-section-header\" aria-controls=\"content-af4f\" aria-expanded=\"false\"><div class=\"w-tabs-section-title\">Digital \u00een primul r\u00e2nd<\/div><div class=\"w-tabs-section-control\"><\/div><\/button><div  class=\"w-tabs-section-content\" id=\"content-af4f\"><div class=\"w-tabs-section-content-h i-cf\"><div class=\"wpb_text_column\"><div class=\"wpb_wrapper\"><p><span style=\"font-weight: 400;\">Serviciile ora\u0219ului ar trebui s\u0103 fie accesibile digital, rapid \u0219i nebirocratic \u0219i s\u0103 fac\u0103 administra\u021bia mai u\u0219or de utilizat. Cu o abordare digitala, ne bazam pe procese automatizate, digitalizate, fara aplicatii, care economisesc timp si costuri, cresc calitatea serviciilor si asigura in continuare alternative similare.<\/span><\/p>\n<\/div><\/div><\/div><\/div><\/div><div class=\"w-tabs-section has_text_color\" id=\"t08f\" style=\"background:var(--color-header-transparent-text);color:var(--color-header-top-text-hover);\"><button class=\"w-tabs-section-header\" aria-controls=\"content-t08f\" aria-expanded=\"false\"><div class=\"w-tabs-section-title\">Consolidarea suveranit\u0103\u021bii digitale<\/div><div class=\"w-tabs-section-control\"><\/div><\/button><div  class=\"w-tabs-section-content\" id=\"content-t08f\"><div class=\"w-tabs-section-content-h i-cf\"><div class=\"wpb_text_column\"><div class=\"wpb_wrapper\"><p><span style=\"font-weight: 400;\">GR\u00dcNE dore\u0219te s\u0103 consolideze suveranitatea digital\u0103 a Wiesbaden prin utilizarea prioritar\u0103 a software-ului open source \u00een administra\u021bia Wiesbaden. Sistemele brevetate vor fi \u00eenlocuite treptat cu solu\u021bii deschise care pot fi adaptate \u00een mod flexibil la nevoile locale din Wiesbaden. Pentru a realiza acest lucru, ne angaj\u0103m s\u0103 \u00eendeplinim condi\u021biile-cadru necesare: Formare pentru angaja\u021bi \u0219i asisten\u021b\u0103 profesional\u0103 \u00een cooperare cu furnizorii regionali de servicii IT \u0219i universit\u0103\u021bi. \u00cen acest fel, promov\u0103m inova\u021bia, evit\u0103m dependen\u021bele, cre\u0103m transparen\u021b\u0103, consolid\u0103m protec\u021bia datelor \u0219i sporim suveranitatea digital\u0103 a ora\u0219ului nostru - f\u0103r\u0103 a l\u0103sa angaja\u021bii singuri.<\/span><\/p>\n<\/div><\/div><\/div><\/div><\/div><div class=\"w-tabs-section has_text_color\" id=\"d1b3\" style=\"background:var(--color-header-transparent-text);color:var(--color-header-top-text-hover);\"><button class=\"w-tabs-section-header\" aria-controls=\"content-d1b3\" aria-expanded=\"false\"><div class=\"w-tabs-section-title\">IT pentru viitorul lui Wiesbaden<\/div><div class=\"w-tabs-section-control\"><\/div><\/button><div  class=\"w-tabs-section-content\" id=\"content-d1b3\"><div class=\"w-tabs-section-content-h i-cf\"><div class=\"wpb_text_column\"><div class=\"wpb_wrapper\"><p><span style=\"font-weight: 400;\">Dorim s\u0103 consolid\u0103m procesele IT urbane \u0219i s\u0103 le facem mai eficiente, at\u00e2t \u00een cadrul ora\u0219ului Wiesbaden, c\u00e2t \u0219i \u00een cooperare cu alte municipalit\u0103\u021bi. Scopul este de a interconecta mai bine procesele, de a consolida coordonarea \u00eentre birouri \u0219i de a evita ac\u021biunile individuale. \u00cen plus, dorim ca transferul proceselor IT urbane s\u0103 fie examinat pentru poten\u021bialele de furnizare comun\u0103, centralizat\u0103 a serviciilor \u0219i proceselor pentru a pune \u00een comun resursele, a reduce costurile \u0219i a cre\u0219te securitatea opera\u021bional\u0103. Solu\u021biile comune cu alte municipalit\u0103\u021bi creeaz\u0103 efecte de scalare, reduc costurile \u0219i sporesc siguran\u021ba, performan\u021ba \u0219i calitatea serviciilor. Acest lucru face ca administrarea Wiesbaden s\u0103 fie mai eficient\u0103 \u0219i mai u\u0219or de utilizat.<\/span><\/p>\n<\/div><\/div><\/div><\/div><\/div><div class=\"w-tabs-section has_text_color\" id=\"a2eb\" style=\"background:var(--color-header-transparent-text);color:var(--color-header-top-text-hover);\"><button class=\"w-tabs-section-header\" aria-controls=\"content-a2eb\" aria-expanded=\"false\"><div class=\"w-tabs-section-title\">Securitatea digital\u0103<\/div><div class=\"w-tabs-section-control\"><\/div><\/button><div  class=\"w-tabs-section-content\" id=\"content-a2eb\"><div class=\"w-tabs-section-content-h i-cf\"><div class=\"wpb_text_column\"><div class=\"wpb_wrapper\"><p><span style=\"font-weight: 400;\">Ne angaj\u0103m s\u0103 consolid\u0103m \u00een mod consecvent securitatea informatic\u0103 \u00een Wiesbaden, inclusiv dezvoltarea unor sisteme moderne de protec\u021bie, efectuarea de audituri periodice de securitate \u0219i formarea continu\u0103 a personalului urban \u00een ceea ce prive\u0219te gestionarea riscurilor digitale. \u00cen acest fel, facem re\u021belele \u0219i sistemele ora\u0219ului mai rezistente la atacurile cibernetice \u0219i ne asigur\u0103m c\u0103 datele sensibile sunt protejate \u00een mod fiabil. Numai cu o securitate IT ridicat\u0103, administra\u021bia digital\u0103 r\u0103m\u00e2ne demn\u0103 de \u00eencredere \u0219i preg\u0103tit\u0103 pentru viitor la Wiesbaden. Datele reziden\u021bilor din Wiesbaden trebuie protejate \u00een siguran\u021b\u0103.<\/span><\/p>\n<\/div><\/div><\/div><\/div><\/div><div class=\"w-tabs-section has_text_color\" id=\"u41c\" style=\"background:var(--color-header-transparent-text);color:var(--color-header-top-text-hover);\"><button class=\"w-tabs-section-header\" aria-controls=\"content-u41c\" aria-expanded=\"false\"><div class=\"w-tabs-section-title\">Utiliza\u021bi IA \u00een mod responsabil<\/div><div class=\"w-tabs-section-control\"><\/div><\/button><div  class=\"w-tabs-section-content\" id=\"content-u41c\"><div class=\"w-tabs-section-content-h i-cf\"><div class=\"wpb_text_column\"><div class=\"wpb_wrapper\"><p><span style=\"font-weight: 400;\">Inteligen\u021ba artificial\u0103 ofer\u0103 mari oportunit\u0103\u021bi pentru administra\u021bie \u0219i dezvoltare urban\u0103. Dorim ca sistemele bazate pe IA s\u0103 fie utilizate \u00een mod specific \u00een administra\u021bie, unde creeaz\u0103 o valoare ad\u0103ugat\u0103 real\u0103 pentru cet\u0103\u021beni, pentru a prelucra mai rapid cererile, a simplifica serviciile pentru cet\u0103\u021beni \u0219i a utiliza resursele \u00eentr-un mod mai eficient. Transparen\u021ba, protec\u021bia datelor \u0219i orientarea c\u0103tre utilizator sunt priorit\u0103\u021bi de v\u00e2rf. \u00cen plus, ne-am angajat la un centru de competen\u021b\u0103 AI din Wiesbaden, care leag\u0103 administra\u021bia, afacerile \u0219i \u0219tiin\u021ba \u0219i promoveaz\u0103 aplica\u021biile inovatoare \u00een mod responsabil.<\/span><\/p>\n<\/div><\/div><\/div><\/div><\/div><div class=\"w-tabs-section has_text_color\" id=\"q535\" style=\"background:var(--color-header-transparent-text);color:var(--color-header-top-text-hover);\"><button class=\"w-tabs-section-header\" aria-controls=\"content-q535\" aria-expanded=\"false\"><div class=\"w-tabs-section-title\">Ora\u0219ul inteligent 2.0<\/div><div class=\"w-tabs-section-control\"><\/div><\/button><div  class=\"w-tabs-section-content\" id=\"content-q535\"><div class=\"w-tabs-section-content-h i-cf\"><div class=\"wpb_text_column\"><div class=\"wpb_wrapper\"><p><span style=\"font-weight: 400;\">Exist\u0103 multe modalit\u0103\u021bi de a face ora\u0219ul mai inteligent cu mijloace digitale. Cu mijloace digitale, dorim s\u0103 facem via\u021ba \u00een Wiesbaden mai inteligent\u0103, mai eficient\u0103 \u0219i mai locuibil\u0103 - cu participare, transparen\u021b\u0103 \u0219i ac\u021biune comun\u0103. Cele mai bune idei vin din dialog. De aceea, dorim ca cet\u0103\u021benii s\u0103 poat\u0103 modela \u00een ateliere teme digitale precum mobilitatea, administra\u021bia sau dezvoltarea urban\u0103 durabil\u0103. Am dori s\u0103 sprijinim politic ideile Smart City, care ofer\u0103 cel mai mare beneficiu pentru societatea urban\u0103, \u00een punerea lor \u00een aplicare.<\/span><\/p>\n<\/div><\/div><\/div><\/div><\/div><div class=\"w-tabs-section has_text_color\" id=\"h657\" style=\"background:var(--color-header-transparent-text);color:var(--color-header-top-text-hover);\"><button class=\"w-tabs-section-header\" aria-controls=\"content-h657\" aria-expanded=\"false\"><div class=\"w-tabs-section-title\">Consolidarea laboratoarelor digitale<\/div><div class=\"w-tabs-section-control\"><\/div><\/button><div  class=\"w-tabs-section-content\" id=\"content-h657\"><div class=\"w-tabs-section-content-h i-cf\"><div class=\"wpb_text_column\"><div class=\"wpb_wrapper\"><p><span style=\"font-weight: 400;\">Asigur\u0103m finan\u021barea loca\u021biilor de inovare existente, cum ar fi Zukunftswerk, \u0219i dorim ca acestea s\u0103 fie extinse ca parte integrant\u0103 a dezvolt\u0103rii urbane digitale. \u00cen acela\u0219i timp, laboratoarele \u0219i ini\u021biativele digitale promoveaz\u0103 experimente, ateliere \u0219i proiecte \u2013 de exemplu, \u00een perioadele de vacan\u021b\u0103 sau \u00een \u0219coli \u2013 pentru a inspira tinerii, \u00een special la \u00eenceputul temelor digitale. Vrem s\u0103 sus\u021binem acest lucru. Ne angaj\u0103m, de asemenea, s\u0103 cre\u0103m oferte cu un prag sc\u0103zut, cum ar fi o \u201ecafenea digital\u0103\u201d dup\u0103 modelul unei cafenele de repara\u021bii: Aici, cet\u0103\u021benii pot pune \u00eentreb\u0103ri, pot lucra \u00eempreun\u0103 la solu\u021bii sau pot afla mai multe despre noile tehnologii. Cu aceste laboratoare de testare versatile, promov\u0103m schimbul, co-crearea \u0219i inovarea \u2013 \u0219i facem digitalizarea tangibil\u0103 pentru to\u021bi cei din Wiesbaden.<\/span><\/p>\n<\/div><\/div><\/div><\/div><\/div><\/div><\/div><div class=\"w-separator size_medium\"><\/div><div class=\"w-btn-wrapper align_left\"><a class=\"w-btn us-btn-style_8 icon_atleft\" href=\"https:\/\/gruene-wiesbaden.de\/ro\/kommunalwahl\/#Kapitel1\"><i class=\"fas fa-chevron-circle-right\"><\/i><span class=\"w-btn-label\">\u00cenapoi la prezentare general\u0103<\/span><\/a><\/div><div class=\"w-separator size_large\"><\/div><div class=\"wpb_text_column\"><div class=\"wpb_wrapper\"><h1>Ceea ce am realizat deja<\/h1>\n<\/div><\/div><div class=\"w-separator size_medium\"><\/div><div class=\"w-tabs us_custom_42d693a0 has_text_color style_default switch_click accordion has_scrolling\" style=\"--sections-title-size:1.4rem\"><div class=\"w-tabs-sections titles-align_none icon_chevron cpos_right\"><div class=\"w-tabs-section has_text_color\" id=\"se9d\" style=\"background:var(--color-header-transparent-text);color:var(--color-header-top-text-hover);\"><button class=\"w-tabs-section-header\" aria-controls=\"content-se9d\" aria-expanded=\"false\"><div class=\"w-tabs-section-title\">Noul site al ora\u0219ului Wiesbaden<\/div><div class=\"w-tabs-section-control\"><\/div><\/button><div  class=\"w-tabs-section-content\" id=\"content-se9d\"><div class=\"w-tabs-section-content-h i-cf\"><div class=\"wpb_text_column\"><div class=\"wpb_wrapper\"><p><span style=\"font-weight: 400;\">Ora\u0219ul Wiesbaden \u0219i-a modernizat site-ul web pentru a facilita accesul la informa\u021bii \u0219i servicii. Site-ul este f\u0103r\u0103 bariere \u0219i ofer\u0103 con\u021binut \u00een 12 limbi. \u00cen plus, va fi oferit con\u021binut \u00eentr-un limbaj u\u0219or de utilizat \u0219i \u00een limbajul semnelor \u00een limba german\u0103, pentru a spori \u0219i mai mult accesibilitatea.<\/span><\/p>\n<\/div><\/div><\/div><\/div><\/div><div class=\"w-tabs-section has_text_color\" id=\"kfd0\" style=\"background:var(--color-header-transparent-text);color:var(--color-header-top-text-hover);\"><button class=\"w-tabs-section-header\" aria-controls=\"content-kfd0\" aria-expanded=\"false\"><div class=\"w-tabs-section-title\">Din ce \u00een ce mai multe servicii digitale fac via\u021ba de zi cu zi mai u\u0219oar\u0103<\/div><div class=\"w-tabs-section-control\"><\/div><\/button><div  class=\"w-tabs-section-content\" id=\"content-kfd0\"><div class=\"w-tabs-section-content-h i-cf\"><div class=\"wpb_text_column\"><div class=\"wpb_wrapper\"><p><span style=\"font-weight: 400;\">\u00cen Wiesbaden, cet\u0103\u021benii au acces la numeroase servicii urbane online. Certificatele de \u00eenregistrare sau certificatele de bun\u0103 conduit\u0103 pot fi solicitate din confortul casei dvs. Numirile la biroul cet\u0103\u021benilor sau pentru pa\u0219apoarte pot fi, de asemenea, rezervate digital, ceea ce reduce \u00een mod semnificativ timpul de a\u0219teptare. Harta interactiv\u0103 a ora\u0219ului faciliteaz\u0103 g\u0103sirea \u0219colilor, a centrelor de zi, a facilit\u0103\u021bilor sportive sau a locurilor de parcare \u0219i ofer\u0103 informa\u021bii suplimentare privind programul de func\u021bionare, ofertele \u0219i accesibilitatea. Cet\u0103\u021benii sunt \u00eentotdeauna informa\u021bi cu privire la aplica\u021bii \u0219i buletine informative digitale \u2013 de exemplu, cu privire la \u0219antierele de construc\u021bii, transport sau protec\u021bia civil\u0103.<\/span><\/p>\n<p><span style=\"font-weight: 400;\">Activit\u0103\u021bile culturale \u0219i de agrement sunt, de asemenea, disponibile online: Biletele pentru teatrele municipale, muzee sau evenimente sportive pot fi rezervate digital, iar tururile sau evenimentele virtuale extind suplimentar oferta. Zonele de gr\u0103tar \u0219i casele din ora\u0219 pot fi, de asemenea, rezervate convenabil online.<\/span><\/p>\n<\/div><\/div><\/div><\/div><\/div><div class=\"w-tabs-section has_text_color\" id=\"u0ea\" style=\"background:var(--color-header-transparent-text);color:var(--color-header-top-text-hover);\"><button class=\"w-tabs-section-header\" aria-controls=\"content-u0ea\" aria-expanded=\"false\"><div class=\"w-tabs-section-title\">Informa\u021bii despre ora\u0219ul Wiesbaden disponibile digital pentru toat\u0103 lumea<\/div><div class=\"w-tabs-section-control\"><\/div><\/button><div  class=\"w-tabs-section-content\" id=\"content-u0ea\"><div class=\"w-tabs-section-content-h i-cf\"><div class=\"wpb_text_column\"><div class=\"wpb_wrapper\"><p><span style=\"font-weight: 400;\">Wiesbaden ofer\u0103 cet\u0103\u021benilor \u0219i p\u0103r\u021bilor interesate informa\u021bii complete despre ora\u0219 \u00een format digital. Anuarul statistic digital ofer\u0103 date \u0219i statistici detaliate, completate de h\u0103r\u021bi interactive \u0219i foi de calcul Excel, oferind o perspectiv\u0103 rapid\u0103 \u0219i transparent\u0103 asupra tuturor valorilor urbane relevante.<\/span><\/p>\n<\/div><\/div><\/div><\/div><\/div><div class=\"w-tabs-section has_text_color\" id=\"b203\" style=\"background:var(--color-header-middle-bg);color:var(--color-content-heading);\"><button class=\"w-tabs-section-header\" aria-controls=\"content-b203\" aria-expanded=\"false\"><div class=\"w-tabs-section-title\">V\u0103 prezent\u0103m aplica\u021bia pentru copii Kids Fox<\/div><div class=\"w-tabs-section-control\"><\/div><\/button><div  class=\"w-tabs-section-content\" id=\"content-b203\"><div class=\"w-tabs-section-content-h i-cf\"><div class=\"wpb_text_column\"><div class=\"wpb_wrapper\"><p><span style=\"font-weight: 400;\">\u00cencep\u00e2nd din 2025, aplica\u021bia Kids Fox a fost introdus\u0103 \u00een toate cele 42 de centre urbane de \u00eengrijire de zi. Acest lucru sprijin\u0103 p\u0103rin\u021bii \u0219i personalul gr\u0103dini\u021bei \u00een comunicare \u0219i organizare. Aplica\u021bia ofer\u0103 o func\u021bie de traducere automat\u0103 \u00een 27 de limbi.<\/span><\/p>\n<\/div><\/div><\/div><\/div><\/div><div class=\"w-tabs-section has_text_color\" id=\"b321\" style=\"background:var(--color-header-transparent-text);color:var(--color-header-top-text-hover);\"><button class=\"w-tabs-section-header\" aria-controls=\"content-b321\" aria-expanded=\"false\"><div class=\"w-tabs-section-title\">Date transparente pentru to\u021bi<\/div><div class=\"w-tabs-section-control\"><\/div><\/button><div  class=\"w-tabs-section-content\" id=\"content-b321\"><div class=\"w-tabs-section-content-h i-cf\"><div class=\"wpb_text_column\"><div class=\"wpb_wrapper\"><p><span style=\"font-weight: 400;\">Noua strategie privind datele deschise va crea o platform\u0103 central\u0103 la Wiesbaden p\u00e2n\u0103 \u00een toamna anului 2025, pun\u00e2nd gratuit datele la dispozi\u021bia cet\u0103\u021benilor, a \u00eentreprinderilor \u0219i a mediului academic \u2013 o etap\u0103 important\u0103 pentru transparen\u021b\u0103 \u0219i inovare.<\/span><\/p>\n<\/div><\/div><\/div><\/div><\/div><div class=\"w-tabs-section has_text_color\" id=\"q436\" style=\"background:var(--color-header-transparent-text);color:var(--color-header-top-text-hover);\"><button class=\"w-tabs-section-header\" aria-controls=\"content-q436\" aria-expanded=\"false\"><div class=\"w-tabs-section-title\">Consolidarea libert\u0103\u021bii de informare<\/div><div class=\"w-tabs-section-control\"><\/div><\/button><div  class=\"w-tabs-section-content\" id=\"content-q436\"><div class=\"w-tabs-section-content-h i-cf\"><div class=\"wpb_text_column\"><div class=\"wpb_wrapper\"><p><span style=\"font-weight: 400;\">Statutul privind libertatea de informare este \u00een vigoare la Wiesbaden din ianuarie 2023. Aceasta ofer\u0103 cet\u0103\u021benilor un acces necomplicat la informa\u021biile oficiale \u0219i, prin urmare, consolideaz\u0103 \u00eencrederea \u0219i participarea democratic\u0103.<\/span><\/p>\n<\/div><\/div><\/div><\/div><\/div><div class=\"w-tabs-section has_text_color\" id=\"l549\" style=\"background:var(--color-header-transparent-text);color:var(--color-header-top-text-hover);\"><button class=\"w-tabs-section-header\" aria-controls=\"content-l549\" aria-expanded=\"false\"><div class=\"w-tabs-section-title\">Politica poate fi tr\u0103it\u0103 live<\/div><div class=\"w-tabs-section-control\"><\/div><\/button><div  class=\"w-tabs-section-content\" id=\"content-l549\"><div class=\"w-tabs-section-content-h i-cf\"><div class=\"wpb_text_column\"><div class=\"wpb_wrapper\"><p><span style=\"font-weight: 400;\">\u00cencep\u00e2nd din martie 2024, reuniunile Consiliului Local sunt transmise \u00een direct pe YouTube. Acest lucru face ca politica local\u0103 s\u0103 fie mai transparent\u0103 \u0219i faciliteaz\u0103 accesul tuturor la decizii.<\/span><\/p>\n<\/div><\/div><\/div><\/div><\/div><div class=\"w-tabs-section has_text_color\" id=\"p669\" style=\"background:var(--color-header-transparent-text);color:var(--color-header-top-text-hover);\"><button class=\"w-tabs-section-header\" aria-controls=\"content-p669\" aria-expanded=\"false\"><div class=\"w-tabs-section-title\">Platforma de oportunit\u0103\u021bi Wiesbaden<\/div><div class=\"w-tabs-section-control\"><\/div><\/button><div  class=\"w-tabs-section-content\" id=\"content-p669\"><div class=\"w-tabs-section-content-h i-cf\"><div class=\"wpb_text_column\"><div class=\"wpb_wrapper\"><p><span style=\"font-weight: 400;\">Platforma de oportunit\u0103\u021bi a fost lansat\u0103 \u00een 2022 ca parte a ini\u021biativei WI WORK LIFE ?? Industry Skills Initiative. Acesta ofer\u0103 cet\u0103\u021benilor sprijin digital \u00een educa\u021bie, formare \u0219i carier\u0103 \u0219i faciliteaz\u0103 accesul la oferte de locuri de munc\u0103, la educa\u021bie suplimentar\u0103 \u0219i la ucenicii \u00een Wiesbaden.<\/span><\/p>\n<\/div><\/div><\/div><\/div><\/div><div class=\"w-tabs-section has_text_color\" id=\"u780\" style=\"background:var(--color-header-transparent-text);color:var(--color-header-top-text-hover);\"><button class=\"w-tabs-section-header\" aria-controls=\"content-u780\" aria-expanded=\"false\"><div class=\"w-tabs-section-title\">Radarul de antrenament Wiesbaden<\/div><div class=\"w-tabs-section-control\"><\/div><\/button><div  class=\"w-tabs-section-content\" id=\"content-u780\"><div class=\"w-tabs-section-content-h i-cf\"><div class=\"wpb_text_column\"><div class=\"wpb_wrapper\"><p><span style=\"font-weight: 400;\">Radarul de antrenament a fost introdus \u00een 2025. Prin intermediul acestei platforme digitale, \u00eentreprinderile pot recomanda altor \u00eentreprinderi cu sediul \u00een Wiesbaden candida\u021bi adecva\u021bi pe care nu \u00eei pot recruta din motive de capacitate. Astfel, oportunit\u0103\u021bile de formare din regiune r\u0103m\u00e2n transparente \u0219i u\u0219or accesibile.<\/span><\/p>\n<\/div><\/div><\/div><\/div><\/div><div class=\"w-tabs-section has_text_color\" id=\"i896\" style=\"background:var(--color-header-transparent-text);color:var(--color-header-top-text-hover);\"><button class=\"w-tabs-section-header\" aria-controls=\"content-i896\" aria-expanded=\"false\"><div class=\"w-tabs-section-title\">Forumul pentru Ini\u021biativa privind lucr\u0103torii califica\u021bi din industrie<\/div><div class=\"w-tabs-section-control\"><\/div><\/button><div  class=\"w-tabs-section-content\" id=\"content-i896\"><div class=\"w-tabs-section-content-h i-cf\"><div class=\"wpb_text_column\"><div class=\"wpb_wrapper\"><p><span style=\"font-weight: 400;\">Forumul industriei ini\u021biativei pentru atragerea de talente a fost \u00eenfiin\u021bat \u00een 2022. Acesta conecteaz\u0103 profesioni\u0219tii digital \u0219i sprijin\u0103 companiile \u00een g\u0103sirea \u0219i promovarea talentelor. \u00cen acela\u0219i timp, faciliteaz\u0103 schimburile profesionale \u00eentre industrie, institu\u021biile de \u00eenv\u0103\u021b\u0103m\u00e2nt \u0219i organiza\u021bii pentru a consolida p\u0103strarea lucr\u0103torilor califica\u021bi \u00een Wiesbaden.<\/span><\/p>\n<\/div><\/div><\/div><\/div><\/div><div class=\"w-tabs-section has_text_color\" id=\"e9af\" style=\"background:var(--color-header-transparent-text);color:var(--color-header-top-text-hover);\"><button class=\"w-tabs-section-header\" aria-controls=\"content-e9af\" aria-expanded=\"false\"><div class=\"w-tabs-section-title\">Digitalizarea gestion\u0103rii construc\u021biilor<\/div><div class=\"w-tabs-section-control\"><\/div><\/button><div  class=\"w-tabs-section-content\" id=\"content-e9af\"><div class=\"w-tabs-section-content-h i-cf\"><div class=\"wpb_text_column\"><div class=\"wpb_wrapper\"><p><span style=\"font-weight: 400;\">Wiesbaden face ca procesele de construc\u021bie s\u0103 fie mai rapide, mai transparente \u0219i mai accesibile din punct de vedere digital. Arhitec\u021bii \u0219i constructorii depun cereri de construc\u021bie, precum \u0219i cereri de autoriza\u021bii de construc\u021bie \u0219i de protec\u021bie a monumentelor complet online. Cu aplica\u021bia de construc\u021bie hibrid\u0103 din 2023, depunerea digital\u0103 a documentelor \u00een format PDF este posibil\u0103 \u2013 copiile pe suport de h\u00e2rtie sunt necesare doar o singur\u0103 dat\u0103. \u00cen acela\u0219i timp, accesul la fi\u0219iere digitale permite constructorilor s\u0103 vizualizeze online fi\u0219ierele cl\u0103dirii \u0219i s\u0103 \u00eencarce direct documentele necesare. Acest lucru face ca procesele de aprobare s\u0103 fie mult mai eficiente \u0219i mai convenabile pentru to\u021bi cei implica\u021bi.<\/span><\/p>\n<\/div><\/div><\/div><\/div><\/div><\/div><\/div><div class=\"w-separator size_medium\"><\/div><div class=\"w-btn-wrapper align_left\"><a class=\"w-btn us-btn-style_8 icon_atleft\" href=\"https:\/\/gruene-wiesbaden.de\/ro\/kommunalwahl\/#Kapitel1\"><i class=\"fas fa-chevron-circle-right\"><\/i><span class=\"w-btn-label\">\u00cenapoi la prezentare general\u0103<\/span><\/a><\/div><div class=\"w-separator size_large\"><\/div><\/div><\/div><\/div><\/div><\/section>","protected":false},"excerpt":{"rendered":"Infrastructura digital\u0103 \u0219i serviciile digitale pentru toate serviciile digitale sunt mai mult dec\u00e2t instrumente tehnice \u2013 ele sunt esen\u021biale pentru a se asigura c\u0103 administra\u021bia func\u021bioneaz\u0103 rapid, u\u0219or \u0219i transparent pentru to\u021bi Wiesbadeners. Acestea fac via\u021ba de zi cu zi mai u\u0219oar\u0103, facilit\u00e2nd finalizarea \u00eenregistr\u0103rilor, a rezerv\u0103rilor de program\u0103ri la Biroul cet\u0103\u021benilor sau a cererilor de grant online. Participarea digital\u0103 este mai mult dec\u00e2t o simpl\u0103 conexiune la internet \u2013 este o condi\u021bie prealabil\u0103...","protected":false},"author":1,"featured_media":1511,"comment_status":"closed","ping_status":"closed","sticky":false,"template":"","format":"standard","meta":{"footnotes":""},"categories":[14],"tags":[],"class_list":["post-1335","post","type-post","status-publish","format-standard","has-post-thumbnail","hentry","category-kapitel-1"],"yoast_head":"<!-- This site is optimized with the Yoast SEO plugin v27.5 - https:\/\/yoast.com\/product\/yoast-seo-wordpress\/ -->\n<title>Digitale Infrastruktur und digitale Services f\u00fcr alle - B\u00dcNDNIS 90\/DIE GR\u00dcNEN Wiesbaden<\/title>\n<meta name=\"robots\" content=\"index, follow, max-snippet:-1, max-image-preview:large, max-video-preview:-1\" \/>\n<link rel=\"canonical\" href=\"https:\/\/gruene-wiesbaden.de\/ro\/digitale-infrastruktur-und-digitale-services-fuer-alle\/\" \/>\n<meta property=\"og:locale\" content=\"ro_RO\" \/>\n<meta property=\"og:type\" content=\"article\" \/>\n<meta property=\"og:title\" content=\"Digitale Infrastruktur und digitale Services f\u00fcr alle - B\u00dcNDNIS 90\/DIE GR\u00dcNEN Wiesbaden\" \/>\n<meta property=\"og:url\" content=\"https:\/\/gruene-wiesbaden.de\/ro\/digitale-infrastruktur-und-digitale-services-fuer-alle\/\" \/>\n<meta property=\"og:site_name\" content=\"B\u00dcNDNIS 90\/DIE GR\u00dcNEN Wiesbaden\" \/>\n<meta property=\"article:publisher\" content=\"https:\/\/www.facebook.com\/gruene.wi\" \/>\n<meta property=\"article:published_time\" content=\"2025-11-09T21:49:11+00:00\" \/>\n<meta property=\"article:modified_time\" content=\"2026-04-08T22:16:13+00:00\" \/>\n<meta property=\"og:image\" content=\"https:\/\/gruene-wiesbaden.de\/wp-content\/uploads\/2025\/11\/1.8-Digitale-Infrastruktur-und-digitale-Services-fuer-alle-scaled.jpeg\" \/>\n\t<meta property=\"og:image:width\" content=\"1991\" \/>\n\t<meta property=\"og:image:height\" content=\"2560\" \/>\n\t<meta property=\"og:image:type\" content=\"image\/jpeg\" \/>\n<meta name=\"author\" content=\"admin\" \/>\n<meta name=\"twitter:card\" content=\"summary_large_image\" \/>\n<meta name=\"twitter:label1\" content=\"Scris de\" \/>\n\t<meta name=\"twitter:data1\" content=\"admin\" \/>\n\t<meta name=\"twitter:label2\" content=\"Timp estimat pentru citire\" \/>\n\t<meta name=\"twitter:data2\" content=\"12 minutes\" \/>\n<script type=\"application\/ld+json\" class=\"yoast-schema-graph\">{\"@context\":\"https:\\\/\\\/schema.org\",\"@graph\":[{\"@type\":\"Article\",\"@id\":\"https:\\\/\\\/gruene-wiesbaden.de\\\/digitale-infrastruktur-und-digitale-services-fuer-alle\\\/#article\",\"isPartOf\":{\"@id\":\"https:\\\/\\\/gruene-wiesbaden.de\\\/digitale-infrastruktur-und-digitale-services-fuer-alle\\\/\"},\"author\":{\"name\":\"admin\",\"@id\":\"https:\\\/\\\/gruene-wiesbaden.de\\\/#\\\/schema\\\/person\\\/6785c34779159cd4fd86886bb097afe9\"},\"headline\":\"Digitale Infrastruktur und digitale Services f\u00fcr alle\",\"datePublished\":\"2025-11-09T21:49:11+00:00\",\"dateModified\":\"2026-04-08T22:16:13+00:00\",\"mainEntityOfPage\":{\"@id\":\"https:\\\/\\\/gruene-wiesbaden.de\\\/digitale-infrastruktur-und-digitale-services-fuer-alle\\\/\"},\"wordCount\":3375,\"publisher\":{\"@id\":\"https:\\\/\\\/gruene-wiesbaden.de\\\/#organization\"},\"image\":{\"@id\":\"https:\\\/\\\/gruene-wiesbaden.de\\\/digitale-infrastruktur-und-digitale-services-fuer-alle\\\/#primaryimage\"},\"thumbnailUrl\":\"https:\\\/\\\/gruene-wiesbaden.de\\\/wp-content\\\/uploads\\\/2025\\\/11\\\/1.8-Digitale-Infrastruktur-und-digitale-Services-fuer-alle-scaled.jpeg\",\"articleSection\":[\"Kapitel 1\"],\"inLanguage\":\"ro-RO\"},{\"@type\":\"WebPage\",\"@id\":\"https:\\\/\\\/gruene-wiesbaden.de\\\/digitale-infrastruktur-und-digitale-services-fuer-alle\\\/\",\"url\":\"https:\\\/\\\/gruene-wiesbaden.de\\\/digitale-infrastruktur-und-digitale-services-fuer-alle\\\/\",\"name\":\"Digitale Infrastruktur und digitale Services f\u00fcr alle - B\u00dcNDNIS 90\\\/DIE GR\u00dcNEN Wiesbaden\",\"isPartOf\":{\"@id\":\"https:\\\/\\\/gruene-wiesbaden.de\\\/#website\"},\"primaryImageOfPage\":{\"@id\":\"https:\\\/\\\/gruene-wiesbaden.de\\\/digitale-infrastruktur-und-digitale-services-fuer-alle\\\/#primaryimage\"},\"image\":{\"@id\":\"https:\\\/\\\/gruene-wiesbaden.de\\\/digitale-infrastruktur-und-digitale-services-fuer-alle\\\/#primaryimage\"},\"thumbnailUrl\":\"https:\\\/\\\/gruene-wiesbaden.de\\\/wp-content\\\/uploads\\\/2025\\\/11\\\/1.8-Digitale-Infrastruktur-und-digitale-Services-fuer-alle-scaled.jpeg\",\"datePublished\":\"2025-11-09T21:49:11+00:00\",\"dateModified\":\"2026-04-08T22:16:13+00:00\",\"breadcrumb\":{\"@id\":\"https:\\\/\\\/gruene-wiesbaden.de\\\/digitale-infrastruktur-und-digitale-services-fuer-alle\\\/#breadcrumb\"},\"inLanguage\":\"ro-RO\",\"potentialAction\":[{\"@type\":\"ReadAction\",\"target\":[\"https:\\\/\\\/gruene-wiesbaden.de\\\/digitale-infrastruktur-und-digitale-services-fuer-alle\\\/\"]}]},{\"@type\":\"ImageObject\",\"inLanguage\":\"ro-RO\",\"@id\":\"https:\\\/\\\/gruene-wiesbaden.de\\\/digitale-infrastruktur-und-digitale-services-fuer-alle\\\/#primaryimage\",\"url\":\"https:\\\/\\\/gruene-wiesbaden.de\\\/wp-content\\\/uploads\\\/2025\\\/11\\\/1.8-Digitale-Infrastruktur-und-digitale-Services-fuer-alle-scaled.jpeg\",\"contentUrl\":\"https:\\\/\\\/gruene-wiesbaden.de\\\/wp-content\\\/uploads\\\/2025\\\/11\\\/1.8-Digitale-Infrastruktur-und-digitale-Services-fuer-alle-scaled.jpeg\",\"width\":1991,\"height\":2560},{\"@type\":\"BreadcrumbList\",\"@id\":\"https:\\\/\\\/gruene-wiesbaden.de\\\/digitale-infrastruktur-und-digitale-services-fuer-alle\\\/#breadcrumb\",\"itemListElement\":[{\"@type\":\"ListItem\",\"position\":1,\"name\":\"Startseite\",\"item\":\"https:\\\/\\\/gruene-wiesbaden.de\\\/\"},{\"@type\":\"ListItem\",\"position\":2,\"name\":\"Digitale Infrastruktur und digitale Services f\u00fcr alle\"}]},{\"@type\":\"WebSite\",\"@id\":\"https:\\\/\\\/gruene-wiesbaden.de\\\/#website\",\"url\":\"https:\\\/\\\/gruene-wiesbaden.de\\\/\",\"name\":\"DIE GR\u00dcNEN Wiesbaden\",\"description\":\"\",\"publisher\":{\"@id\":\"https:\\\/\\\/gruene-wiesbaden.de\\\/#organization\"},\"potentialAction\":[{\"@type\":\"SearchAction\",\"target\":{\"@type\":\"EntryPoint\",\"urlTemplate\":\"https:\\\/\\\/gruene-wiesbaden.de\\\/?s={search_term_string}\"},\"query-input\":{\"@type\":\"PropertyValueSpecification\",\"valueRequired\":true,\"valueName\":\"search_term_string\"}}],\"inLanguage\":\"ro-RO\"},{\"@type\":\"Organization\",\"@id\":\"https:\\\/\\\/gruene-wiesbaden.de\\\/#organization\",\"name\":\"DIE GR\u00dcNEN Wiesbaden\",\"url\":\"https:\\\/\\\/gruene-wiesbaden.de\\\/\",\"logo\":{\"@type\":\"ImageObject\",\"inLanguage\":\"ro-RO\",\"@id\":\"https:\\\/\\\/gruene-wiesbaden.de\\\/#\\\/schema\\\/logo\\\/image\\\/\",\"url\":\"https:\\\/\\\/gruene-wiesbaden-fuer-europa.de\\\/wp-content\\\/uploads\\\/2024\\\/04\\\/Machen-was-zaehlt-5.png\",\"contentUrl\":\"https:\\\/\\\/gruene-wiesbaden-fuer-europa.de\\\/wp-content\\\/uploads\\\/2024\\\/04\\\/Machen-was-zaehlt-5.png\",\"width\":1772,\"height\":1772,\"caption\":\"DIE GR\u00dcNEN Wiesbaden\"},\"image\":{\"@id\":\"https:\\\/\\\/gruene-wiesbaden.de\\\/#\\\/schema\\\/logo\\\/image\\\/\"},\"sameAs\":[\"https:\\\/\\\/www.facebook.com\\\/gruene.wi\",\"https:\\\/\\\/instagram.com\\\/gruene_wi\"]},{\"@type\":\"Person\",\"@id\":\"https:\\\/\\\/gruene-wiesbaden.de\\\/#\\\/schema\\\/person\\\/6785c34779159cd4fd86886bb097afe9\",\"name\":\"admin\",\"sameAs\":[\"http:\\\/\\\/gruene-wiesbaden-fuer-europa.de\"],\"url\":\"https:\\\/\\\/gruene-wiesbaden.de\\\/ro\\\/author\\\/admin\\\/\"}]}<\/script>\n<!-- \/ Yoast SEO plugin. -->","yoast_head_json":{"title":"Digitale Infrastruktur und digitale Services f\u00fcr alle - B\u00dcNDNIS 90\/DIE GR\u00dcNEN Wiesbaden","robots":{"index":"index","follow":"follow","max-snippet":"max-snippet:-1","max-image-preview":"max-image-preview:large","max-video-preview":"max-video-preview:-1"},"canonical":"https:\/\/gruene-wiesbaden.de\/ro\/digitale-infrastruktur-und-digitale-services-fuer-alle\/","og_locale":"ro_RO","og_type":"article","og_title":"Digitale Infrastruktur und digitale Services f\u00fcr alle - B\u00dcNDNIS 90\/DIE GR\u00dcNEN Wiesbaden","og_url":"https:\/\/gruene-wiesbaden.de\/ro\/digitale-infrastruktur-und-digitale-services-fuer-alle\/","og_site_name":"B\u00dcNDNIS 90\/DIE GR\u00dcNEN Wiesbaden","article_publisher":"https:\/\/www.facebook.com\/gruene.wi","article_published_time":"2025-11-09T21:49:11+00:00","article_modified_time":"2026-04-08T22:16:13+00:00","og_image":[{"width":1991,"height":2560,"url":"https:\/\/gruene-wiesbaden.de\/wp-content\/uploads\/2025\/11\/1.8-Digitale-Infrastruktur-und-digitale-Services-fuer-alle-scaled.jpeg","type":"image\/jpeg"}],"author":"admin","twitter_card":"summary_large_image","twitter_misc":{"Scris de":"admin","Timp estimat pentru citire":"12 minutes"},"schema":{"@context":"https:\/\/schema.org","@graph":[{"@type":"Article","@id":"https:\/\/gruene-wiesbaden.de\/digitale-infrastruktur-und-digitale-services-fuer-alle\/#article","isPartOf":{"@id":"https:\/\/gruene-wiesbaden.de\/digitale-infrastruktur-und-digitale-services-fuer-alle\/"},"author":{"name":"admin","@id":"https:\/\/gruene-wiesbaden.de\/#\/schema\/person\/6785c34779159cd4fd86886bb097afe9"},"headline":"Digitale Infrastruktur und digitale Services f\u00fcr alle","datePublished":"2025-11-09T21:49:11+00:00","dateModified":"2026-04-08T22:16:13+00:00","mainEntityOfPage":{"@id":"https:\/\/gruene-wiesbaden.de\/digitale-infrastruktur-und-digitale-services-fuer-alle\/"},"wordCount":3375,"publisher":{"@id":"https:\/\/gruene-wiesbaden.de\/#organization"},"image":{"@id":"https:\/\/gruene-wiesbaden.de\/digitale-infrastruktur-und-digitale-services-fuer-alle\/#primaryimage"},"thumbnailUrl":"https:\/\/gruene-wiesbaden.de\/wp-content\/uploads\/2025\/11\/1.8-Digitale-Infrastruktur-und-digitale-Services-fuer-alle-scaled.jpeg","articleSection":["Kapitel 1"],"inLanguage":"ro-RO"},{"@type":"WebPage","@id":"https:\/\/gruene-wiesbaden.de\/digitale-infrastruktur-und-digitale-services-fuer-alle\/","url":"https:\/\/gruene-wiesbaden.de\/digitale-infrastruktur-und-digitale-services-fuer-alle\/","name":"Digitale Infrastruktur und digitale Services f\u00fcr alle - B\u00dcNDNIS 90\/DIE GR\u00dcNEN Wiesbaden","isPartOf":{"@id":"https:\/\/gruene-wiesbaden.de\/#website"},"primaryImageOfPage":{"@id":"https:\/\/gruene-wiesbaden.de\/digitale-infrastruktur-und-digitale-services-fuer-alle\/#primaryimage"},"image":{"@id":"https:\/\/gruene-wiesbaden.de\/digitale-infrastruktur-und-digitale-services-fuer-alle\/#primaryimage"},"thumbnailUrl":"https:\/\/gruene-wiesbaden.de\/wp-content\/uploads\/2025\/11\/1.8-Digitale-Infrastruktur-und-digitale-Services-fuer-alle-scaled.jpeg","datePublished":"2025-11-09T21:49:11+00:00","dateModified":"2026-04-08T22:16:13+00:00","breadcrumb":{"@id":"https:\/\/gruene-wiesbaden.de\/digitale-infrastruktur-und-digitale-services-fuer-alle\/#breadcrumb"},"inLanguage":"ro-RO","potentialAction":[{"@type":"ReadAction","target":["https:\/\/gruene-wiesbaden.de\/digitale-infrastruktur-und-digitale-services-fuer-alle\/"]}]},{"@type":"ImageObject","inLanguage":"ro-RO","@id":"https:\/\/gruene-wiesbaden.de\/digitale-infrastruktur-und-digitale-services-fuer-alle\/#primaryimage","url":"https:\/\/gruene-wiesbaden.de\/wp-content\/uploads\/2025\/11\/1.8-Digitale-Infrastruktur-und-digitale-Services-fuer-alle-scaled.jpeg","contentUrl":"https:\/\/gruene-wiesbaden.de\/wp-content\/uploads\/2025\/11\/1.8-Digitale-Infrastruktur-und-digitale-Services-fuer-alle-scaled.jpeg","width":1991,"height":2560},{"@type":"BreadcrumbList","@id":"https:\/\/gruene-wiesbaden.de\/digitale-infrastruktur-und-digitale-services-fuer-alle\/#breadcrumb","itemListElement":[{"@type":"ListItem","position":1,"name":"Startseite","item":"https:\/\/gruene-wiesbaden.de\/"},{"@type":"ListItem","position":2,"name":"Digitale Infrastruktur und digitale Services f\u00fcr alle"}]},{"@type":"WebSite","@id":"https:\/\/gruene-wiesbaden.de\/#website","url":"https:\/\/gruene-wiesbaden.de\/","name":"DIE GR\u00dcNEN Wiesbaden","description":"","publisher":{"@id":"https:\/\/gruene-wiesbaden.de\/#organization"},"potentialAction":[{"@type":"SearchAction","target":{"@type":"EntryPoint","urlTemplate":"https:\/\/gruene-wiesbaden.de\/?s={search_term_string}"},"query-input":{"@type":"PropertyValueSpecification","valueRequired":true,"valueName":"search_term_string"}}],"inLanguage":"ro-RO"},{"@type":"Organization","@id":"https:\/\/gruene-wiesbaden.de\/#organization","name":"DIE GR\u00dcNEN Wiesbaden","url":"https:\/\/gruene-wiesbaden.de\/","logo":{"@type":"ImageObject","inLanguage":"ro-RO","@id":"https:\/\/gruene-wiesbaden.de\/#\/schema\/logo\/image\/","url":"https:\/\/gruene-wiesbaden-fuer-europa.de\/wp-content\/uploads\/2024\/04\/Machen-was-zaehlt-5.png","contentUrl":"https:\/\/gruene-wiesbaden-fuer-europa.de\/wp-content\/uploads\/2024\/04\/Machen-was-zaehlt-5.png","width":1772,"height":1772,"caption":"DIE GR\u00dcNEN Wiesbaden"},"image":{"@id":"https:\/\/gruene-wiesbaden.de\/#\/schema\/logo\/image\/"},"sameAs":["https:\/\/www.facebook.com\/gruene.wi","https:\/\/instagram.com\/gruene_wi"]},{"@type":"Person","@id":"https:\/\/gruene-wiesbaden.de\/#\/schema\/person\/6785c34779159cd4fd86886bb097afe9","name":"admin","sameAs":["http:\/\/gruene-wiesbaden-fuer-europa.de"],"url":"https:\/\/gruene-wiesbaden.de\/ro\/author\/admin\/"}]}},"_links":{"self":[{"href":"https:\/\/gruene-wiesbaden.de\/ro\/wp-json\/wp\/v2\/posts\/1335","targetHints":{"allow":["GET"]}}],"collection":[{"href":"https:\/\/gruene-wiesbaden.de\/ro\/wp-json\/wp\/v2\/posts"}],"about":[{"href":"https:\/\/gruene-wiesbaden.de\/ro\/wp-json\/wp\/v2\/types\/post"}],"author":[{"embeddable":true,"href":"https:\/\/gruene-wiesbaden.de\/ro\/wp-json\/wp\/v2\/users\/1"}],"replies":[{"embeddable":true,"href":"https:\/\/gruene-wiesbaden.de\/ro\/wp-json\/wp\/v2\/comments?post=1335"}],"version-history":[{"count":9,"href":"https:\/\/gruene-wiesbaden.de\/ro\/wp-json\/wp\/v2\/posts\/1335\/revisions"}],"predecessor-version":[{"id":2374,"href":"https:\/\/gruene-wiesbaden.de\/ro\/wp-json\/wp\/v2\/posts\/1335\/revisions\/2374"}],"wp:featuredmedia":[{"embeddable":true,"href":"https:\/\/gruene-wiesbaden.de\/ro\/wp-json\/wp\/v2\/media\/1511"}],"wp:attachment":[{"href":"https:\/\/gruene-wiesbaden.de\/ro\/wp-json\/wp\/v2\/media?parent=1335"}],"wp:term":[{"taxonomy":"category","embeddable":true,"href":"https:\/\/gruene-wiesbaden.de\/ro\/wp-json\/wp\/v2\/categories?post=1335"},{"taxonomy":"post_tag","embeddable":true,"href":"https:\/\/gruene-wiesbaden.de\/ro\/wp-json\/wp\/v2\/tags?post=1335"}],"curies":[{"name":"wp","href":"https:\/\/api.w.org\/{rel}","templated":true}]}}