{"id":1327,"date":"2025-11-09T23:44:50","date_gmt":"2025-11-09T21:44:50","guid":{"rendered":"https:\/\/gruene-wiesbaden.de\/?p=1327"},"modified":"2026-04-08T22:41:01","modified_gmt":"2026-04-08T20:41:01","slug":"stadtentwicklung","status":"publish","type":"post","link":"https:\/\/gruene-wiesbaden.de\/ro\/stadtentwicklung\/","title":{"rendered":"Dezvoltare urban\u0103"},"content":{"rendered":"<section class=\"l-section wpb_row height_medium with_img\"><div class=\"l-section-img\" role=\"img\" data-img-width=\"1080\" data-img-height=\"800\" style=\"background-image: url(https:\/\/gruene-wiesbaden.de\/wp-content\/uploads\/2025\/11\/neuer-Verlauf-gruene-wiesbaden.de_-2-e1762709402177.png);\"><\/div><div class=\"l-section-overlay\" style=\"background:var(--color-header-top-transparent-bg)\"><\/div><div class=\"l-section-h i-cf\"><div class=\"g-cols vc_row via_grid cols_1 laptops-cols_inherit tablets-cols_inherit mobiles-cols_1 valign_top type_default stacking_default\"><div class=\"wpb_column vc_column_container\"><div class=\"vc_column-inner\"><h1 class=\"w-post-elm post_title us_custom_a574d586 has_text_color entry-title\">Dezvoltare urban\u0103<\/h1><div class=\"w-separator size_medium\"><\/div><div class=\"g-cols wpb_row via_grid cols_2-1 laptops-cols_inherit tablets-cols_inherit mobiles-cols_1 valign_top type_default stacking_default\" style=\"--columns-gap:3rem;\"><div class=\"wpb_column vc_column_container\"><div class=\"vc_column-inner\"><div class=\"wpb_text_column us_custom_8b3d6790 has_text_color\"><div class=\"wpb_wrapper\"><p><span style=\"font-weight: 400;\">Planificarea urban\u0103 \u0219i dezvoltarea urban\u0103 sunt esen\u021biale pentru cele mai mari provoc\u0103ri din municipalitate.<\/span><\/p>\n<p><span style=\"font-weight: 400;\">\u00cen caz contrar, nu va exista nicio schimbare \u00een domeniul transporturilor, nu vom fi \u00een m\u0103sur\u0103 s\u0103 contracar\u0103m criza climatic\u0103, nu vom fi \u00een m\u0103sur\u0103 s\u0103 men\u021binem sau s\u0103 consolid\u0103m coeziunea social\u0103 sau s\u0103 reducem consumul de terenuri.<\/span><\/p>\n<p><span style=\"font-weight: 400;\">Fie c\u0103 este vorba de s\u0103n\u0103tate, de o bun\u0103 calitate a vie\u021bii \u0219i a re\u0219edin\u021bei, de locuin\u021be la pre\u021buri accesibile, de coeziune social\u0103, de o loca\u021bie puternic\u0103 pentru afaceri: Putem realiza toate acestea numai printr-o dezvoltare urban\u0103 rezonabil\u0103, la scar\u0103 uman\u0103 \u0219i orientat\u0103 spre interesul public, g\u00e2ndit\u0103 \u00een mod cuprinz\u0103tor \u0219i planificat\u0103. Suprafa\u021ba nu este multiplicabil\u0103. Prin urmare, este necesar s\u0103 se utilizeze mai \u00eent\u00e2i zonele din cl\u0103dirile existente \u00eenainte ca acestea s\u0103 fie dezvoltate \u00een aer liber (dezvoltare intern\u0103 \u00eenainte de dezvoltare extern\u0103). Reutilizarea cl\u0103dirilor existente are prioritate fa\u021b\u0103 de demolare, cl\u0103dirile trebuie s\u0103 fie degradabile \u00een viitor, iar materialele de construc\u021bie trebuie s\u0103 fie reutilizabile.<\/span><\/p>\n<\/div><\/div><div class=\"w-separator size_medium\"><\/div><div class=\"w-btn-wrapper align_left\"><a class=\"w-btn us-btn-style_8 icon_atleft\" href=\"https:\/\/gruene-wiesbaden.de\/ro\/kommunalwahl\/#Kapitel1\"><i class=\"fas fa-chevron-circle-right\"><\/i><span class=\"w-btn-label\">\u00cenapoi la prezentare general\u0103<\/span><\/a><\/div><\/div><\/div><div class=\"wpb_column vc_column_container\"><div class=\"vc_column-inner\"><div class=\"w-image align_center\"><div class=\"w-image-h\"><img decoding=\"async\" width=\"1920\" height=\"2560\" src=\"https:\/\/gruene-wiesbaden.de\/wp-content\/uploads\/2025\/11\/1.5-Stadtentwicklung-scaled.jpg\" class=\"attachment-full size-full\" alt=\"\" loading=\"lazy\" srcset=\"https:\/\/gruene-wiesbaden.de\/wp-content\/uploads\/2025\/11\/1.5-Stadtentwicklung-scaled.jpg 1920w, https:\/\/gruene-wiesbaden.de\/wp-content\/uploads\/2025\/11\/1.5-Stadtentwicklung-300x400.jpg 300w, https:\/\/gruene-wiesbaden.de\/wp-content\/uploads\/2025\/11\/1.5-Stadtentwicklung-450x600.jpg 450w\" sizes=\"auto, (max-width: 1920px) 100vw, 1920px\" \/><\/div><\/div><div class=\"w-separator size_small\"><\/div><\/div><\/div><\/div><div class=\"w-separator size_medium\"><\/div><div class=\"w-separator size_medium\"><\/div><div class=\"wpb_text_column\"><div class=\"wpb_wrapper\"><h1>Ce \u00eenseamn\u0103 pentru noi o dezvoltare urban\u0103 durabil\u0103 orientat\u0103 spre binele comun<\/h1>\n<\/div><\/div><div class=\"w-separator size_large\"><\/div><div class=\"g-cols wpb_row via_grid cols_2 laptops-cols_inherit tablets-cols_inherit mobiles-cols_1 valign_top type_default stacking_default\" style=\"--columns-gap:3rem;\"><div class=\"wpb_column vc_column_container\"><div class=\"vc_column-inner\"><div class=\"w-iconbox us_custom_8b3d6790 has_text_color iconpos_left style_default color_custom align_left\"><div class=\"w-iconbox-icon\" style=\"font-size:2rem;--icon-color:#Ffffff;--icon-bg-color:var(--color-header-middle-bg);\"><i class=\"fas fa-layer-group\"><\/i><\/div><div class=\"w-iconbox-meta\"><h4 class=\"w-iconbox-title\" style=\"font-size:1.5rem;\">Ora\u0219 adaptat la schimb\u0103rile climatice<\/h4><div class=\"w-iconbox-text\"><p><span style=\"font-weight: 400;\">Protec\u021bia \u00eempotriva c\u0103ldurii \u0219i ploile abundente fac parte din planificarea urban\u0103 \u00een districtele existente \u0219i \u00een cele noi. \u00cen contextul crizei climatice, zonele ar trebui, prin urmare, s\u0103 \u00eendeplineasc\u0103 mai multe func\u021bii \u00een viitor: Apa poate fi absorbit\u0103 \u0219i l\u0103sat\u0103 s\u0103 se scurg\u0103 \u00een ploaie, ofer\u0103 timp liber \u0219i calitate de \u0219edere \u0219i servesc drept c\u0103i de acces. O plantare adecvat\u0103 ofer\u0103 umbr\u0103 \u0219i contribuie la r\u0103cirea districtului.<\/span><\/p>\n<\/div><\/div><\/div><\/div><\/div><div class=\"wpb_column vc_column_container\"><div class=\"vc_column-inner\"><div class=\"w-iconbox us_custom_8b3d6790 has_text_color iconpos_left style_default color_custom align_left\"><div class=\"w-iconbox-icon\" style=\"font-size:2rem;--icon-color:#Ffffff;--icon-bg-color:var(--color-header-transparent-text);\"><i class=\"fas fa-layer-group\"><\/i><\/div><div class=\"w-iconbox-meta\"><h4 class=\"w-iconbox-title\" style=\"font-size:1.5rem;\">Valoreaz\u0103 ora\u0219ul viu<\/h4><div class=\"w-iconbox-text\"><p><span style=\"font-weight: 400;\">\u00centr-un ora\u0219 durabil, spa\u021biul public este redefinit \u0219i aliniat la nevoile locuitorilor \u2013 cu noi forme de locuin\u021be, mai mult\u0103 verdea\u021b\u0103, distan\u021be scurte \u0219i rezisten\u021b\u0103 ridicat\u0103 la c\u0103ldur\u0103.<\/span><\/p>\n<\/div><\/div><\/div><\/div><\/div><\/div><div class=\"w-separator size_medium\"><\/div><div class=\"g-cols wpb_row via_grid cols_2 laptops-cols_inherit tablets-cols_inherit mobiles-cols_1 valign_top type_default stacking_default\" style=\"--columns-gap:3rem;\"><div class=\"wpb_column vc_column_container\"><div class=\"vc_column-inner\"><div class=\"w-iconbox us_custom_8b3d6790 has_text_color iconpos_left style_default color_custom align_left\"><div class=\"w-iconbox-icon\" style=\"font-size:2rem;--icon-color:#Ffffff;--icon-bg-color:var(--color-header-transparent-text);\"><i class=\"fas fa-layer-group\"><\/i><\/div><div class=\"w-iconbox-meta\"><h4 class=\"w-iconbox-title\" style=\"font-size:1.5rem;\">Ora\u0219 productiv<\/h4><div class=\"w-iconbox-text\"><p><span style=\"font-weight: 400;\">Noul plan de utilizare a terenurilor prevede terenuri pentru \u00eenfiin\u021barea de \u00eentreprinderi. Dezvoltarea lor se desf\u0103\u0219oar\u0103 \u00een conformitate cu concepte clare, \u00een loc s\u0103 le distribuie f\u0103r\u0103 discriminare \u00een zon\u0103 ca \u00eenainte. Zonele comerciale existente vor fi, de asemenea, revizuite \u00een consecin\u021b\u0103.<\/span><\/p>\n<\/div><\/div><\/div><\/div><\/div><div class=\"wpb_column vc_column_container\"><div class=\"vc_column-inner\"><div class=\"w-iconbox us_custom_8b3d6790 has_text_color iconpos_left style_default color_custom align_left\"><div class=\"w-iconbox-icon\" style=\"font-size:2rem;--icon-color:#Ffffff;--icon-bg-color:var(--color-header-middle-bg);\"><i class=\"fas fa-layer-group\"><\/i><\/div><div class=\"w-iconbox-meta\"><h4 class=\"w-iconbox-title\" style=\"font-size:1.5rem;\">Ora\u0219 prietenos din punct de vedere social \u0219i ecologic<\/h4><div class=\"w-iconbox-text\"><p><span style=\"font-weight: 400;\">Locuin\u021bele ieftine din zona Rin-Main sunt ceea ce dorim s\u0103 realiz\u0103m prin stocarea terenurilor municipale \u0219i orient\u0103ri pentru o parte din locuin\u021bele subven\u021bionate \u00een noile proiecte de construc\u021bie. Aici, cerin\u021bele ecologice sunt esen\u021biale atunci c\u00e2nd se construie\u0219te. Wiesbadener Wohnungsbaugesellschaft GWW are un rol de pionierat aici.<\/span><\/p>\n<\/div><\/div><\/div><\/div><\/div><\/div><div class=\"w-separator size_medium\"><\/div><div class=\"w-btn-wrapper align_left\"><a class=\"w-btn us-btn-style_8 icon_atleft\" href=\"https:\/\/gruene-wiesbaden.de\/ro\/kommunalwahl\/#Kapitel1\"><i class=\"fas fa-chevron-circle-right\"><\/i><span class=\"w-btn-label\">\u00cenapoi la prezentare general\u0103<\/span><\/a><\/div><div class=\"w-separator size_medium\"><\/div><\/div><\/div><\/div><\/div><\/section><section class=\"l-section wpb_row height_auto with_img\"><div class=\"l-section-img\" role=\"img\" data-img-width=\"1920\" data-img-height=\"2560\" style=\"background-image: url(https:\/\/gruene-wiesbaden.de\/wp-content\/uploads\/2025\/11\/1.5-Stadtentwicklung-scaled.jpg);background-repeat: no-repeat;\"><\/div><div class=\"l-section-overlay\" style=\"background:var(--color-header-top-transparent-bg)\"><\/div><div class=\"l-section-h i-cf\"><div class=\"g-cols vc_row via_grid cols_1 laptops-cols_inherit tablets-cols_inherit mobiles-cols_1 valign_middle type_default stacking_default\" style=\"--columns-gap:1rem;\"><div class=\"wpb_column vc_column_container\"><div class=\"vc_column-inner\"><div class=\"w-separator size_large\"><\/div><div class=\"wpb_text_column background_inside_text\"><div class=\"wpb_wrapper\"><h1>Ce vrem s\u0103 facem \u00een mod special \u00een acest domeniu<\/h1>\n<\/div><\/div><div class=\"w-separator size_medium\"><\/div><div class=\"w-tabs us_custom_42d693a0 has_text_color style_default switch_click accordion has_scrolling\" style=\"--sections-title-size:1.4rem\"><div class=\"w-tabs-sections titles-align_none icon_chevron cpos_right\"><div class=\"w-tabs-section has_text_color\" id=\"w2be\" style=\"background:var(--color-header-transparent-text);color:var(--color-header-top-text-hover);\"><button class=\"w-tabs-section-header\" aria-controls=\"content-w2be\" aria-expanded=\"false\"><div class=\"w-tabs-section-title\">Dezvoltarea durabil\u0103 a ora\u0219elor adaptate la schimb\u0103rile climatice \u0219i a noilor districte<\/div><div class=\"w-tabs-section-control\"><\/div><\/button><div  class=\"w-tabs-section-content\" id=\"content-w2be\"><div class=\"w-tabs-section-content-h i-cf\"><div class=\"wpb_text_column\"><div class=\"wpb_wrapper\"><p><span style=\"font-weight: 400;\">Dorim s\u0103 model\u0103m ora\u0219ul astfel \u00eenc\u00e2t s\u0103 poat\u0103 rezista consecin\u021belor crizei climatice \u0219i, \u00een acela\u0219i timp, s\u0103 devin\u0103 mai locuibil. Cei deja hot\u0103r\u00e2\u021bi <\/span><i><span style=\"font-weight: 400;\">\u201eRegulile jocului pentru dezvoltarea durabil\u0103 a cartierelor\u201d <\/span><\/i><span style=\"font-weight: 400;\">Aceasta este baza \u0219i va fi <\/span><i><span style=\"font-weight: 400;\">CLIMATE_PLAN <\/span><\/i><span style=\"font-weight: 400;\">specificate \u00een continuare. Printre acestea se num\u0103r\u0103 m\u0103suri pentru un grad mai mare de umbrire, zone verzi suplimentare prin utilizarea multipl\u0103 a terenurilor, desigilarea stocului, utilizarea apei \u00een district \u0219i concepte de mobilitate durabil\u0103.<\/span><\/p>\n<p><span style=\"font-weight: 400;\">Cl\u0103dirile ora\u0219ului \u0219i participa\u021biile sale urmeaz\u0103 s\u0103 fie construite \u00een conformitate cu principiile directoare \u0219i orient\u0103rile asociate privind construc\u021biile durabile \u2013 cu un consum redus de energie \u0219i sisteme de \u00eenc\u0103lzire f\u0103r\u0103 combustibili fosili. Acest lucru reduce emisiile de gaze cu efect de ser\u0103 \u0219i costurile pe termen lung.<\/span><\/p>\n<p><span style=\"font-weight: 400;\">Ori de c\u00e2te ori este posibil, dorim s\u0103 ne asigur\u0103m c\u0103 suprafe\u021bele sunt desigilate. \u00cen special \u00een districtele dens construite, cum ar fi Westend, Rheingauviertel \u0219i Biebrich-Mitte, se va crea din nou mai mult verde.<\/span><\/p>\n<\/div><\/div><\/div><\/div><\/div><div class=\"w-tabs-section has_text_color\" id=\"w3fe\" style=\"background:var(--color-header-transparent-text);color:var(--color-header-top-text-hover);\"><button class=\"w-tabs-section-header\" aria-controls=\"content-w3fe\" aria-expanded=\"false\"><div class=\"w-tabs-section-title\">Promovarea dezvolt\u0103rii interioare \u2013 utilizarea zonelor de conversie \u00een beneficiul ora\u0219ului<\/div><div class=\"w-tabs-section-control\"><\/div><\/button><div  class=\"w-tabs-section-content\" id=\"content-w3fe\"><div class=\"w-tabs-section-content-h i-cf\"><div class=\"wpb_text_column\"><div class=\"wpb_wrapper\"><p><span style=\"font-weight: 400;\">Pentru a limita etan\u0219area zonei \u00een regiunea noastr\u0103 foarte compactat\u0103, este necesar\u0103 utilizarea mai sistematic\u0103 a op\u021biunilor de compactare dec\u00e2t \u00eenainte.<\/span><\/p>\n<p><span style=\"font-weight: 400;\">O baz\u0103 de date mai bun\u0103, aplicarea consecvent\u0103 a inova\u021biilor \u00een dreptul construc\u021biilor (de exemplu, \u00een construc\u021bia de acoperi\u0219uri), dar \u0219i disponibilitatea pentru solu\u021bii inovatoare ajut\u0103. A\u0219adar, dorim ca ora\u0219ul Wiesbaden s\u0103 abordeze \u00een mod activ posibilit\u0103\u021bile unei suprastructuri de supermarketuri \u0219i parc\u0103ri \u0219i s\u0103 intre \u00een conversa\u021bie cu proprietarii.<\/span><\/p>\n<p><span style=\"font-weight: 400;\">Zonele BKA \u0219i ale poli\u021biei de stat care vor fi eliberate \u00een viitor ofer\u0103 un poten\u021bial special pentru dezvoltarea intern\u0103. Dorim s\u0103 contribuim la modelarea utiliz\u0103rii viitoare prin modific\u0103ri ale planului B. Prin urmare, acestea ar trebui s\u0103 fie posibile numai \u00een sensul rezolu\u021biei terenului nostru de construc\u021bie, dac\u0103 ora\u0219ul este cel pu\u021bin par\u021bial proprietar al zonei. Pentru zonele din BKA care sunt de\u021binute federal, ora\u0219ul are un prim drept de acces. Pentru a profita de acest lucru \u00een condi\u021bii favorabile, trebuie s\u0103 existe un plan-cadru urban. Facem presiuni \u00een acest sens \u0219i ne asigur\u0103m, de asemenea, c\u0103 politica funciar\u0103 activ\u0103 este dotat\u0103 \u00een mod adecvat cu resurse financiare. Numai atunci este posibil\u0103 dezvoltarea urban\u0103 \u00een condi\u021biile municipalit\u0103\u021bii noastre.<\/span><\/p>\n<\/div><\/div><\/div><\/div><\/div><div class=\"w-tabs-section has_text_color\" id=\"a534\" style=\"background:var(--color-header-transparent-text);color:var(--color-header-top-text-hover);\"><button class=\"w-tabs-section-header\" aria-controls=\"content-a534\" aria-expanded=\"false\"><div class=\"w-tabs-section-title\">Ora\u0219ul s\u0103rac \u00een ma\u0219ini<\/div><div class=\"w-tabs-section-control\"><\/div><\/button><div  class=\"w-tabs-section-content\" id=\"content-a534\"><div class=\"w-tabs-section-content-h i-cf\"><div class=\"wpb_text_column\"><div class=\"wpb_wrapper\"><p><span style=\"font-weight: 400;\">Vrem ca ora\u0219ul s\u0103 planifice noi cartiere \u00een conformitate cu principiul distan\u021belor scurte. Fiecare cartier nou are nevoie de un concept de transport \u0219i mobilitate. Acesta va include sferturi de garaje, sta\u021bii de colet\u0103rie, spa\u021bii de utilizare \u00een comun a autoturismelor \u0219i de depozitare a bicicletelor.<\/span><\/p>\n<p><span style=\"font-weight: 400;\">Ne-am angajat \u00een zone reziden\u021biale sigure \u0219i lini\u0219tite, f\u0103r\u0103 trafic, de exemplu cu str\u0103zi cu sens unic sau prin bariere de trafic, cum ar fi \u00een Adolfsallee.<\/span><\/p>\n<p><span style=\"font-weight: 400;\">Drumurile ar trebui proiectate astfel \u00eenc\u00e2t ma\u0219inile s\u0103 poat\u0103 c\u0103l\u0103tori mai \u00eencet \u0219i toat\u0103 lumea, fie pe jos, cu bicicleta sau \u00een ma\u0219in\u0103, s\u0103 poat\u0103 c\u0103l\u0103tori \u00een siguran\u021b\u0103. Copiii ar trebui s\u0103 vin\u0103 la \u0219coal\u0103 \u00een condi\u021bii de siguran\u021b\u0103 \u0219i drumuri adecvate ar trebui s\u0103 fie folosite ca locuri de joac\u0103 \u0219i locuri pentru a r\u0103m\u00e2ne \u00een timpul verii. \u00cen Pentagonul istoric, vrem mai pu\u021bine ma\u0219ini \u0219i mai mult\u0103 calitate a vie\u021bii.<\/span><\/p>\n<\/div><\/div><\/div><\/div><\/div><div class=\"w-tabs-section has_text_color\" id=\"b673\" style=\"background:var(--color-header-middle-bg);color:var(--color-content-heading);\"><button class=\"w-tabs-section-header\" aria-controls=\"content-b673\" aria-expanded=\"false\"><div class=\"w-tabs-section-title\">Ora\u0219 productiv<\/div><div class=\"w-tabs-section-control\"><\/div><\/button><div  class=\"w-tabs-section-content\" id=\"content-b673\"><div class=\"w-tabs-section-content-h i-cf\"><div class=\"wpb_text_column\"><div class=\"wpb_wrapper\"><p><span style=\"font-weight: 400;\">Dorim s\u0103 proiect\u0103m noi zone comerciale astfel \u00eenc\u00e2t acestea s\u0103 fie durabile \u0219i adaptate la schimb\u0103rile climatice. \u00cen acest scop, trebuie deja definite criterii adecvate pentru planurile de dezvoltare. Scopul nostru este de a men\u021bine utilizarea terenurilor la un nivel c\u00e2t mai sc\u0103zut posibil \u0219i de a evita zonele mari, complet etan\u0219e, cum ar fi locurile de parcare, sau cel pu\u021bin de a asigura utilizarea secundar\u0103 de c\u0103tre sistemele fotovoltaice.<\/span><\/p>\n<p><span style=\"font-weight: 400;\">Sunt elaborate norme \u0219i proceduri clare pentru noua dezvoltare \u0219i renovare a spa\u021biilor comerciale existente, care se bazeaz\u0103 pe <\/span><i><span style=\"font-weight: 400;\">\u201eRegulile jocului pentru dezvoltarea durabil\u0103 a cartierelor\u201d <\/span><\/i><span style=\"font-weight: 400;\">s\u0103 se orienteze. \u00cen special, accentul se pune pe mobilitatea durabil\u0103, utilizarea atent\u0103 a spa\u021biului, o aprovizionare eficient\u0103 \u0219i durabil\u0103 cu energie, precum \u0219i solu\u021bii durabile pentru livr\u0103ri \u0219i parcarea camioanelor.<\/span><\/p>\n<\/div><\/div><\/div><\/div><\/div><div class=\"w-tabs-section has_text_color\" id=\"g7ae\" style=\"background:var(--color-header-transparent-text);color:var(--color-header-top-text-hover);\"><button class=\"w-tabs-section-header\" aria-controls=\"content-g7ae\" aria-expanded=\"false\"><div class=\"w-tabs-section-title\">Ora\u0219 prietenos din punct de vedere social \u0219i ecologic<\/div><div class=\"w-tabs-section-control\"><\/div><\/button><div  class=\"w-tabs-section-content\" id=\"content-g7ae\"><div class=\"w-tabs-section-content-h i-cf\"><div class=\"wpb_text_column\"><div class=\"wpb_wrapper\"><p><span style=\"font-weight: 400;\">Vrem s\u0103 cre\u0103m locuin\u021be pentru toate grupurile de venituri din popula\u021bie. \u00cen special, accentul se pune pe locuin\u021bele subven\u021bionate. Cl\u0103dirile trebuie s\u0103 devin\u0103 mai ieftine \u2013 o condi\u021bie prealabil\u0103 pentru aceasta este ca terenurile s\u0103 fie accesibile. Prin urmare, vom continua s\u0103 ne asigur\u0103m c\u0103 are loc stocarea strategic\u0103 a solului de c\u0103tre capitala de stat Wiesbaden. \u00cen acest fel, \u00eempiedic\u0103m investitorii s\u0103 construiasc\u0103 exclusiv apartamente la pre\u021buri ridicate. Directiva Wiesbaden privind utilizarea social\u0103 a terenurilor impune investitorilor s\u0103 furnizeze 30 % din locuin\u021bele subven\u021bionate, precum \u0219i construirea de infrastructuri sociale, cum ar fi centre de \u00eengrijire de zi \u0219i \u0219coli.<\/span><\/p>\n<p><span style=\"font-weight: 400;\">Pentru zonele reziden\u021biale, ader\u0103m la obiectivul unei densit\u0103\u021bi minime de 80 de unit\u0103\u021bi reziden\u021biale pe hectar. Pentru zonele rurale care nu dep\u0103\u0219esc 2 hectare, se aplic\u0103 o densitate minim\u0103 de 50 de unit\u0103\u021bi locative pe hectar. Abaterile \u00een favoarea utiliz\u0103rilor predominant comerciale la parter ar trebui s\u0103 r\u0103m\u00e2n\u0103 posibile.<\/span><\/p>\n<p><span style=\"font-weight: 400;\">Prin premiile de concept, ora\u0219ul Wiesbaden promoveaz\u0103 deja extinderea diferitelor forme de locuin\u021be, cum ar fi proiectele de locuin\u021be comunitare, cooperativele de construc\u021bii sau comunit\u0103\u021bile de construc\u021bii. Vrem s\u0103 continu\u0103m aceast\u0103 extindere. Prin construc\u021bia serial\u0103 \u0219i modular\u0103, ora\u0219ul poate ob\u021bine, de asemenea, rezultate mai rapide \u00een implementare.<\/span><\/p>\n<\/div><\/div><\/div><\/div><\/div><div class=\"w-tabs-section has_text_color\" id=\"m8c9\" style=\"background:var(--color-header-middle-bg);color:var(--color-header-middle-text);\"><button class=\"w-tabs-section-header\" aria-controls=\"content-m8c9\" aria-expanded=\"false\"><div class=\"w-tabs-section-title\">Mai mult\u0103 siguran\u021b\u0103 prin survolarea sta\u021biei principale<\/div><div class=\"w-tabs-section-control\"><\/div><\/button><div  class=\"w-tabs-section-content\" id=\"content-m8c9\"><div class=\"w-tabs-section-content-h i-cf\"><div class=\"wpb_text_column\"><div class=\"wpb_wrapper\"><p><span style=\"font-weight: 400;\">\u00cen special, pentru ciclism, 1. Inel \u00een fa\u021ba sta\u021biei principale un obstacol periculos. Prin construirea unui drum \u00eenalt pentru ciclism, cre\u0103m mai mult\u0103 siguran\u021b\u0103 \u0219i confort pentru to\u021bi participan\u021bii la trafic \u0219i un punct de reper la intrarea \u00een ora\u0219. Ca urmare a podului, bicicli\u0219tii nu mai trebuie s\u0103 traverseze intersec\u021bia aglomerat\u0103 de la gar\u0103 \u0219i pot conduce de la ma\u0219ini \u0219i pietoni la gar\u0103 sau de la gar\u0103 la ora\u0219.<\/span><\/p>\n<\/div><\/div><\/div><\/div><\/div><div class=\"w-tabs-section has_text_color\" id=\"c9e8\" style=\"background:var(--color-header-transparent-text);color:var(--color-header-top-text-hover);\"><button class=\"w-tabs-section-header\" aria-controls=\"content-c9e8\" aria-expanded=\"false\"><div class=\"w-tabs-section-title\">Monumente conservate<\/div><div class=\"w-tabs-section-control\"><\/div><\/button><div  class=\"w-tabs-section-content\" id=\"content-c9e8\"><div class=\"w-tabs-section-content-h i-cf\"><div class=\"wpb_text_column\"><div class=\"wpb_wrapper\"><p><span style=\"font-weight: 400;\">Manipularea atent\u0103 a culturii noastre de construc\u021bii sub form\u0103 de monumente \u0219i cl\u0103diri care sunt enumerate contribuie la calitatea vie\u021bii. Aici, m\u0103rturiile noastre din trecut trebuie p\u0103strate \u0219i protejate de daunele cauzate de locurile vacante \u0219i\/sau de influen\u021bele mediului. Siturile de importan\u021b\u0103 deosebit\u0103 sunt Valhalla, Capul Adormitului sau Hofgut Klarenthal. Proprietarii priva\u021bi ai cl\u0103dirilor incluse pe list\u0103 vor putea, de asemenea, s\u0103 utilizeze energii din surse regenerabile (de exemplu, sisteme fotovoltaice).<\/span><\/p>\n<\/div><\/div><\/div><\/div><\/div><\/div><\/div><div class=\"w-separator size_medium\"><\/div><div class=\"w-btn-wrapper align_left\"><a class=\"w-btn us-btn-style_8 icon_atleft\" href=\"https:\/\/gruene-wiesbaden.de\/ro\/kommunalwahl\/#Kapitel1\"><i class=\"fas fa-chevron-circle-right\"><\/i><span class=\"w-btn-label\">\u00cenapoi la prezentare general\u0103<\/span><\/a><\/div><div class=\"w-separator size_large\"><\/div><div class=\"wpb_text_column\"><div class=\"wpb_wrapper\"><h1>Ceea ce am realizat deja<\/h1>\n<\/div><\/div><div class=\"w-separator size_medium\"><\/div><div class=\"w-tabs us_custom_42d693a0 has_text_color style_default switch_click accordion has_scrolling\" style=\"--sections-title-size:1.4rem\"><div class=\"w-tabs-sections titles-align_none icon_chevron cpos_right\"><div class=\"w-tabs-section has_text_color\" id=\"j9f0\" style=\"background:var(--color-header-transparent-text);color:var(--color-header-top-text-hover);\"><button class=\"w-tabs-section-header\" aria-controls=\"content-j9f0\" aria-expanded=\"false\"><div class=\"w-tabs-section-title\">Norme de dezvoltare durabil\u0103 a vecin\u0103t\u0103\u021bii<\/div><div class=\"w-tabs-section-control\"><\/div><\/button><div  class=\"w-tabs-section-content\" id=\"content-j9f0\"><div class=\"w-tabs-section-content-h i-cf\"><div class=\"wpb_text_column\"><div class=\"wpb_wrapper\"><p><span style=\"font-weight: 400;\">Noi, Verzii, am adus o contribu\u021bie semnificativ\u0103 la asigurarea faptului c\u0103 dezvoltarea durabil\u0103 a vecin\u0103t\u0103\u021bii nu este doar un obiectiv, ci o practic\u0103 tr\u0103it\u0103. Regulile jocului pentru dezvoltarea durabil\u0103 a vecin\u0103t\u0103\u021bii formeaz\u0103 orient\u0103rile obligatorii \u00een acest sens. Planificarea se bazeaz\u0103 pe cinci domenii tematice: \u201eOra\u0219 viu\u201d, \u201everde urban optimizat pentru clim\u0103\u201d, \u201eGestionarea sensibil\u0103 a apei\u201d, \u201eEnergie din surse regenerabile\u201d \u0219i \u201eNoua mobilitate\u201d. Aceste subiecte fac obiectul unor m\u0103suri concrete. Odat\u0103 cu punerea \u00een aplicare a acestor orient\u0103ri \u0219i m\u0103suri, dezvoltarea districtului din Wiesbaden este conceput\u0103 pentru a fi durabil\u0103 \u0219i adaptat\u0103 exigen\u021belor viitorului.<\/span><\/p>\n<\/div><\/div><\/div><\/div><\/div><div class=\"w-tabs-section has_text_color\" id=\"yb23\" style=\"background:var(--color-header-transparent-text);color:var(--color-header-top-text-hover);\"><button class=\"w-tabs-section-header\" aria-controls=\"content-yb23\" aria-expanded=\"false\"><div class=\"w-tabs-section-title\">Construc\u021bia durabil\u0103 \u0219i transformarea cl\u0103dirilor existente \u00een loc de demolare<\/div><div class=\"w-tabs-section-control\"><\/div><\/button><div  class=\"w-tabs-section-content\" id=\"content-yb23\"><div class=\"w-tabs-section-content-h i-cf\"><div class=\"wpb_text_column\"><div class=\"wpb_wrapper\"><p><span style=\"font-weight: 400;\">Noi, Verzii, am stabilit linii directoare clare pentru construirea durabil\u0103 \u00een Wiesbaden. \u00cen viitor, cl\u0103dirile municipale trebuie construite \u00een conformitate cu orient\u0103rile BNB (Sistemul de evaluare pentru cl\u0103diri durabile), care iau \u00een considerare \u00een egal\u0103 m\u0103sur\u0103 criteriile ecologice, sociale \u0219i economice. Eficien\u021ba economic\u0103 aici \u00eenseamn\u0103 c\u0103 proiectul de construc\u021bie va continua s\u0103 fie economic \u00een viitor \u0219i nu numai pe termen scurt.<\/span><\/p>\n<p><span style=\"font-weight: 400;\">O preocupare central\u0103 este transformarea cl\u0103dirilor existente \u00een locul demol\u0103rii: Prin renovare, modernizare eficient\u0103 din punct de vedere energetic \u0219i reproiectare flexibil\u0103, cl\u0103dirile existente pot fi conservate \u0219i, \u00een acela\u0219i timp, adaptate la cerin\u021bele actuale. Acest lucru economise\u0219te resurse \u0219i protejeaz\u0103 clima \u0219i arat\u0103 c\u00e2t de responsabil\u0103 este dezvoltarea urban\u0103 \u00een ceea ce prive\u0219te mediul, costurile \u0219i binele comun. Demolarea este cea mai rea dintre toate op\u021biunile. Pentru c\u0103 atunci c\u00e2nd o cl\u0103dire este demolat\u0103, toat\u0103 energia care a intrat deja \u00een produc\u021bia sa \u2013 de la produc\u021bia materialelor p\u00e2n\u0103 la construc\u021bia \u00eens\u0103\u0219i \u2013 se pierde. \u00centr-o cl\u0103dire nou\u0103, aceast\u0103 energie trebuie apoi aplicat\u0103 din nou. Acest lucru cost\u0103 multe materii prime suplimentare \u0219i \u00eenr\u0103ut\u0103\u021be\u0219te semnificativ echilibrul climatic.<\/span><\/p>\n<\/div><\/div><\/div><\/div><\/div><div class=\"w-tabs-section has_text_color\" id=\"mc4d\" style=\"background:var(--color-header-transparent-text);color:var(--color-header-top-text-hover);\"><button class=\"w-tabs-section-header\" aria-controls=\"content-mc4d\" aria-expanded=\"false\"><div class=\"w-tabs-section-title\">Principiul ora\u0219ului burete \u2013 transformarea ora\u0219ului Wiesbaden \u00eentr-un ora\u0219 rezistent la schimb\u0103rile climatice<\/div><div class=\"w-tabs-section-control\"><\/div><\/button><div  class=\"w-tabs-section-content\" id=\"content-mc4d\"><div class=\"w-tabs-section-content-h i-cf\"><div class=\"wpb_text_column\"><div class=\"wpb_wrapper\"><p><span style=\"font-weight: 400;\">\u00cen Wiesbaden, am luat m\u0103suri concrete pentru a \u00eenarma mai bine ora\u0219ul \u00eempotriva ploilor abundente \u0219i a valurilor de c\u0103ldur\u0103, inclusiv Departamentul Verde \u0219i primarul responsabil pentru mediu. Printre acestea se num\u0103r\u0103 desigilarea suprafe\u021belor, \u00eenverzirea acoperi\u0219urilor \u0219i a fa\u021badelor, \u00eenvelitorile permeabile, reproiectarea pie\u021belor publice, precum \u0219i instalarea de creste \u0219i sisteme de re\u021binere pentru infiltrarea direc\u021bionat\u0103 a apei pluviale.<\/span><\/p>\n<p><span style=\"font-weight: 400;\">Un proiect central este reproiectarea Pie\u021bei Alsacia, care va servi \u00een viitor ca un parc verde al ora\u0219ului, cu reten\u021bie temporar\u0103 a ploii \u0219i, prin urmare, amortizeaz\u0103 ploile abundente. \u00cen plus, ora\u0219ul a instituit programe de sprijin pentru acoperi\u0219uri verzi \u0219i ecologizarea fa\u021badelor pentru a stoca apa de ploaie la fa\u021ba locului, pentru a \u00eembun\u0103t\u0103\u021bi calitatea aerului \u0219i pentru a reduce c\u0103ldura urban\u0103.<\/span><\/p>\n<\/div><\/div><\/div><\/div><\/div><div class=\"w-tabs-section has_text_color\" id=\"nd74\" style=\"background:var(--color-header-middle-bg);color:var(--color-content-heading);\"><button class=\"w-tabs-section-header\" aria-controls=\"content-nd74\" aria-expanded=\"false\"><div class=\"w-tabs-section-title\">Multicodarea suprafe\u021belor<\/div><div class=\"w-tabs-section-control\"><\/div><\/button><div  class=\"w-tabs-section-content\" id=\"content-nd74\"><div class=\"w-tabs-section-content-h i-cf\"><div class=\"wpb_text_column\"><div class=\"wpb_wrapper\"><p><span style=\"font-weight: 400;\">Noi, Verzii, am promovat activ codificarea multipl\u0103 a zonelor din Wiesbaden \u0219i am realizat astfel un pas important pentru dezvoltarea urban\u0103 durabil\u0103. Acest concept asigur\u0103 faptul c\u0103 zonele \u00eendeplinesc mai multe func\u021bii \u00een acela\u0219i timp \u2013 fie c\u0103 este vorba de spa\u021bii verzi, de spa\u021bii stradale, de spa\u021bii de parcare, de spa\u021bii sportive \u0219i \u0219colare sau de utilizarea gestion\u0103rii apei. Scopul este de a reuni interesele diferi\u021bilor actori, de a utiliza terenurile \u00een mod eficient \u0219i, \u00een acela\u0219i timp, de a r\u0103spunde cerin\u021belor sociale, ecologice \u0219i climatice.<\/span><\/p>\n<\/div><\/div><\/div><\/div><\/div><div class=\"w-tabs-section has_text_color\" id=\"le8d\" style=\"background:var(--color-header-transparent-text);color:var(--color-header-top-text-hover);\"><button class=\"w-tabs-section-header\" aria-controls=\"content-le8d\" aria-expanded=\"false\"><div class=\"w-tabs-section-title\">CLIMATE_PLAN<\/div><div class=\"w-tabs-section-control\"><\/div><\/button><div  class=\"w-tabs-section-content\" id=\"content-le8d\"><div class=\"w-tabs-section-content-h i-cf\"><div class=\"wpb_text_column\"><div class=\"wpb_wrapper\"><p><span style=\"font-weight: 400;\">Wiesbaden urmeaz\u0103 s\u0103 devin\u0103 neutru din punct de vedere climatic p\u00e2n\u0103 \u00een 2045, iar acest lucru necesit\u0103 cerin\u021be specifice. CLIMATE_PLAN a fost adoptat \u00een acest scop. KLIMA_PLAN acoper\u0103 domeniile de ac\u021biune: Energie, mobilitate, dezvoltare urban\u0103 \u0219i districtual\u0103 favorabil\u0103 climei\/durabil\u0103 \u0219i re\u021bea urban\u0103. Pentru fiecare domeniu de ac\u021biune, acesta stabile\u0219te m\u0103suri concrete de prevenire a gazelor cu efect de ser\u0103 \u2013 de la renovarea eficient\u0103 din punct de vedere energetic a \u0219colilor p\u00e2n\u0103 la electrificarea transportului cu autobuzul.<\/span><\/p>\n<\/div><\/div><\/div><\/div><\/div><div class=\"w-tabs-section has_text_color\" id=\"dfa9\" style=\"background:var(--color-header-transparent-text);color:var(--color-header-top-text-hover);\"><button class=\"w-tabs-section-header\" aria-controls=\"content-dfa9\" aria-expanded=\"false\"><div class=\"w-tabs-section-title\">Mai mult\u0103 verdea\u021b\u0103 \u0219i mai mult\u0103 calitate a \u0219ederii \u00een cartier prin reproiectarea pie\u021belor<\/div><div class=\"w-tabs-section-control\"><\/div><\/button><div  class=\"w-tabs-section-content\" id=\"content-dfa9\"><div class=\"w-tabs-section-content-h i-cf\"><div class=\"wpb_text_column\"><div class=\"wpb_wrapper\"><p><span style=\"font-weight: 400;\">Noi, Verzii, am impulsionat reproiectarea pie\u021belor din centrul ora\u0219ului: Sedanplatz a fost deja finalizat, Pia\u021ba Alsacian\u0103, Schlossplatz \u0219i B\u00fclowplatz sunt \u00een curs de finalizare. Locurile vor fi restaurate la ceea ce au fost odat\u0103: Puncte de \u00eent\u00e2lnire pentru persoanele din vecin\u0103tate \u0219i \u201epl\u0103m\u00e2ni\u201d verzi pentru vecin\u0103tate. Reproiectarea acestora contribuie, de asemenea, la adaptarea la schimb\u0103rile climatice, reduce \u00eenc\u0103lzirea \u00een cartier \u0219i, \u00een acela\u0219i timp, spore\u0219te timpul liber \u0219i calitatea vie\u021bii. \u00cen districtele care se \u00eenc\u0103lzesc deosebit de puternic, vom continua s\u0103 lucr\u0103m la desigilarea \u0219i reproiectarea zonelor \u00een viitor.<\/span><\/p>\n<\/div><\/div><\/div><\/div><\/div><div class=\"w-tabs-section has_text_color\" id=\"d0eb\" style=\"background:var(--color-header-transparent-text);color:var(--color-header-top-text-hover);\"><button class=\"w-tabs-section-header\" aria-controls=\"content-d0eb\" aria-expanded=\"false\"><div class=\"w-tabs-section-title\">Construirea unei rezolu\u021bii funciare pentru locuin\u021be mai favorabile mediului social \u0219i climei<\/div><div class=\"w-tabs-section-control\"><\/div><\/button><div  class=\"w-tabs-section-content\" id=\"content-d0eb\"><div class=\"w-tabs-section-content-h i-cf\"><div class=\"wpb_text_column\"><div class=\"wpb_wrapper\"><p><span style=\"font-weight: 400;\">Prin noua decizie privind terenurile construibile, reunim \u0219i coordon\u0103m \u00eentr-o orientare comun\u0103 numeroasele decizii luate \u00een trecut cu privire la dezvoltarea terenurilor construibile \u2013 cum ar fi utilizarea social\u0103 a terenurilor, alocarea conceptelor, legisla\u021bia privind construc\u021biile ereditare, locuin\u021bele subven\u021bionate \u0219i dezvoltarea de a\u0219ez\u0103ri favorabile climei. Ca rezultat, realiz\u0103m securitatea planific\u0103rii \u0219i o orientare a dezvolt\u0103rii urbane c\u0103tre obiective clare. Rezolu\u021bia privind terenurile construibile este un c\u00e2\u0219tig pentru o dezvoltare durabil\u0103 \u0219i echitabil\u0103 din punct de vedere social a ora\u0219ului Wiesbaden, cu accent pe furnizarea de terenuri construibile, protec\u021bia climei \u0219i locuin\u021be la pre\u021buri accesibile.<\/span><\/p>\n<p><span style=\"font-weight: 400;\">Prin rezolu\u021bia terenurilor construibile, cre\u0103m un cadru clar pentru politic\u0103 \u0219i administra\u021bie cu privire la modul \u00een care vor fi dezvoltate noi terenuri construibile \u00een Wiesbaden \u00een viitor. \u00cen viitor: Zonele de construc\u021bie noi pentru construc\u021bii reziden\u021biale sunt afi\u0219ate numai dac\u0103 cel pu\u021bin 50% sunt de\u021binute de ora\u0219 sau transferate acestuia. \u00cen plus, \u00een cazul \u00een care planificarea urban\u0103 are sens sau este posibil\u0103, ar trebui s\u0103 se aplice o densitate minim\u0103 de 80 de unit\u0103\u021bi reziden\u021biale pe hectar.<\/span><\/p>\n<p><span style=\"font-weight: 400;\">Numai \u00een acest mod pot fi limitate \u0219i controlate consecin\u021bele supra\u00eenc\u0103lzirii pie\u021bei imobiliare din zona metropolitan\u0103 Rin-Main \u0219i pot fi create locuin\u021be la pre\u021buri accesibile pentru toate grupurile de venituri. Numai \u00een acest mod poate avea loc o dezvoltare urban\u0103 acceptabil\u0103 din punct de vedere social \u0219i favorabil\u0103 climei.<\/span><\/p>\n<\/div><\/div><\/div><\/div><\/div><div class=\"w-tabs-section has_text_color\" id=\"f229\" style=\"background:var(--color-header-transparent-text);color:var(--color-header-top-text-hover);\"><button class=\"w-tabs-section-header\" aria-controls=\"content-f229\" aria-expanded=\"false\"><div class=\"w-tabs-section-title\">Conceptul de gestionare a solului pentru durabilitate \u0219i protec\u021bia resurselor<\/div><div class=\"w-tabs-section-control\"><\/div><\/button><div  class=\"w-tabs-section-content\" id=\"content-f229\"><div class=\"w-tabs-section-content-h i-cf\"><div class=\"wpb_text_column\"><div class=\"wpb_wrapper\"><p><span style=\"font-weight: 400;\">GR\u00dcNE a lansat conceptul de management la sol al ora\u0219ului Wiesbaden. Astfel, Wiesbaden urm\u0103re\u0219te obiectivul de a conserva solurile \u00een calitatea \u0219i func\u021bia lor de mijloace de subzisten\u021b\u0103 indispensabile \u0219i de a asigura func\u021biile acestora pentru genera\u021biile viitoare. Pe termen mediu, o gestionare coerent\u0103 a solului conduce la un consum net egal cu zero.<\/span><span style=\"font-weight: 400;\"><br \/>\n<\/span><span style=\"font-weight: 400;\">Aceasta \u00eenseamn\u0103: Nicio suprafa\u021b\u0103 suplimentar\u0103 nu poate fi sigilat\u0103 permanent. \u00cen schimb, \u00een cazul \u00een care se creeaz\u0103 cl\u0103diri sau drumuri noi, o zon\u0103 deja construit\u0103 trebuie resigilat\u0103 \u00een alt\u0103 parte \u0219i returnat\u0103 \u00een zone naturale sau verzi. Dup\u0103 atingerea valorii nete 0, vom intra \u00eentr-o economie circular\u0103 \u00een ceea ce prive\u0219te utilizarea terenurilor.<\/span><\/p>\n<p><span style=\"font-weight: 400;\">Conceptul se bazeaz\u0103 pe modelul Stuttgart (BOKS) \u0219i se bazeaz\u0103 pe datele existente privind calitatea \u0219i cantitatea solului \u00een zonele urbane. Acest lucru optimizeaz\u0103 gestionarea terenurilor \u0219i protejeaz\u0103 solurile valoroase \u00eempotriva impermeabiliz\u0103rii.<\/span><\/p>\n<\/div><\/div><\/div><\/div><\/div><div class=\"w-tabs-section has_text_color\" id=\"o366\" style=\"background:var(--color-header-transparent-text);color:var(--color-header-top-text-hover);\"><button class=\"w-tabs-section-header\" aria-controls=\"content-o366\" aria-expanded=\"false\"><div class=\"w-tabs-section-title\">Politica activ\u0103 \u00een domeniul solului<\/div><div class=\"w-tabs-section-control\"><\/div><\/button><div  class=\"w-tabs-section-content\" id=\"content-o366\"><div class=\"w-tabs-section-content-h i-cf\"><div class=\"wpb_text_column\"><div class=\"wpb_wrapper\"><p><span style=\"font-weight: 400;\">Noi, Verzii, am promovat \u00een mod semnificativ o politic\u0103 activ\u0103 privind solul \u00een Wiesbaden. Este un instrument strategic pentru achizi\u021bionarea, gestionarea \u0219i distribuirea terenurilor \u00eentr-un mod specific. Solul este o materie prim\u0103 rar\u0103, nereproductibil\u0103, care nu poate fi considerat\u0103 o marf\u0103 pur\u0103. Politica funciar\u0103 trebuie planificat\u0103 \u00een mod activ \u0219i pe termen lung pentru a pune \u00een aplicare obiectivele comune bine orientate ale municipalit\u0103\u021bii.<\/span><\/p>\n<p><span style=\"font-weight: 400;\">\u00cen acest sens, parcurgem o cale pe care ora\u0219e precum Ulm, M\u00fcnster \u0219i Hamburg au urmat-o cu succes timp de decenii.<\/span><\/p>\n<p><span style=\"font-weight: 400;\">Achizi\u021bionarea timpurie de c\u0103tre municipalit\u0103\u021bi a unor poten\u021biale zone de dezvoltare pentru spa\u021bii urbane, reziden\u021biale \u0219i deschise reprezint\u0103 fundamentul dezvolt\u0103rii urbane, serve\u0219te drept serviciu de interes general pentru cet\u0103\u021beni \u0219i permite municipalit\u0103\u021bilor s\u0103 \u00ee\u0219i sporeasc\u0103 influen\u021ba asupra pie\u021bei locale a locuin\u021belor. Municipalitatea poate decide cui \u00eei pred\u0103 bunuri imobile sau terenuri. Aceasta este singura modalitate de a evita specula\u021biile cu terenuri de c\u0103tre ter\u021bi \u0219i de a realiza construirea de locuin\u021be la pre\u021buri accesibile. Municipalitatea poate decide dac\u0103 locuin\u021bele sunt dezvoltate, dac\u0103 infrastructura social\u0103 este creat\u0103 sub form\u0103 de centre de zi sau \u0219coli sau dac\u0103 este promovat\u0103 protec\u021bia mediului \u0219i a climei, de exemplu. O politic\u0103 activ\u0103 \u00een domeniul solului consolideaz\u0103 astfel capacitatea de ac\u021biune a municipalit\u0103\u021bilor.<\/span><\/p>\n<\/div><\/div><\/div><\/div><\/div><\/div><\/div><div class=\"w-separator size_medium\"><\/div><div class=\"w-btn-wrapper align_left\"><a class=\"w-btn us-btn-style_8 icon_atleft\" href=\"https:\/\/gruene-wiesbaden.de\/ro\/kommunalwahl\/#Kapitel1\"><i class=\"fas fa-chevron-circle-right\"><\/i><span class=\"w-btn-label\">\u00cenapoi la prezentare general\u0103<\/span><\/a><\/div><div class=\"w-separator size_large\"><\/div><\/div><\/div><\/div><\/div><\/section>","protected":false},"excerpt":{"rendered":"Planificarea urban\u0103 \u0219i dezvoltarea urban\u0103 sunt esen\u021biale pentru cele mai mari provoc\u0103ri din municipalitate. \u00cen caz contrar, nu va exista nicio schimbare \u00een domeniul transporturilor, nu vom fi \u00een m\u0103sur\u0103 s\u0103 contracar\u0103m criza climatic\u0103, nu vom fi \u00een m\u0103sur\u0103 s\u0103 men\u021binem sau s\u0103 consolid\u0103m coeziunea social\u0103 sau s\u0103 reducem consumul de terenuri. Fie c\u0103 este vorba de s\u0103n\u0103tate, de o bun\u0103 calitate a vie\u021bii \u0219i a re\u0219edin\u021bei, de locuin\u021be la pre\u021buri accesibile, de coeziune social\u0103, de o loca\u021bie puternic\u0103 pentru afaceri: Nu putem dec\u00e2t s\u0103 realiz\u0103m toate acestea...","protected":false},"author":1,"featured_media":1502,"comment_status":"closed","ping_status":"closed","sticky":false,"template":"","format":"standard","meta":{"footnotes":""},"categories":[14],"tags":[],"class_list":["post-1327","post","type-post","status-publish","format-standard","has-post-thumbnail","hentry","category-kapitel-1"],"yoast_head":"<!-- This site is optimized with the Yoast SEO plugin v27.5 - https:\/\/yoast.com\/product\/yoast-seo-wordpress\/ -->\n<title>Stadtentwicklung - B\u00dcNDNIS 90\/DIE GR\u00dcNEN Wiesbaden<\/title>\n<meta name=\"robots\" content=\"index, follow, max-snippet:-1, max-image-preview:large, max-video-preview:-1\" \/>\n<link rel=\"canonical\" href=\"https:\/\/gruene-wiesbaden.de\/ro\/stadtentwicklung\/\" \/>\n<meta property=\"og:locale\" content=\"ro_RO\" \/>\n<meta property=\"og:type\" content=\"article\" \/>\n<meta property=\"og:title\" content=\"Stadtentwicklung - B\u00dcNDNIS 90\/DIE GR\u00dcNEN Wiesbaden\" \/>\n<meta property=\"og:url\" content=\"https:\/\/gruene-wiesbaden.de\/ro\/stadtentwicklung\/\" \/>\n<meta property=\"og:site_name\" content=\"B\u00dcNDNIS 90\/DIE GR\u00dcNEN Wiesbaden\" \/>\n<meta property=\"article:publisher\" content=\"https:\/\/www.facebook.com\/gruene.wi\" \/>\n<meta property=\"article:published_time\" content=\"2025-11-09T21:44:50+00:00\" \/>\n<meta property=\"article:modified_time\" content=\"2026-04-08T20:41:01+00:00\" \/>\n<meta property=\"og:image\" content=\"https:\/\/gruene-wiesbaden.de\/wp-content\/uploads\/2025\/11\/1.5-Stadtentwicklung-scaled.jpg\" \/>\n\t<meta property=\"og:image:width\" content=\"1920\" \/>\n\t<meta property=\"og:image:height\" content=\"2560\" \/>\n\t<meta property=\"og:image:type\" content=\"image\/jpeg\" \/>\n<meta name=\"author\" content=\"admin\" \/>\n<meta name=\"twitter:card\" content=\"summary_large_image\" \/>\n<meta name=\"twitter:label1\" content=\"Scris de\" \/>\n\t<meta name=\"twitter:data1\" content=\"admin\" \/>\n\t<meta name=\"twitter:label2\" content=\"Timp estimat pentru citire\" \/>\n\t<meta name=\"twitter:data2\" content=\"14 minutes\" \/>\n<script type=\"application\/ld+json\" class=\"yoast-schema-graph\">{\"@context\":\"https:\\\/\\\/schema.org\",\"@graph\":[{\"@type\":\"Article\",\"@id\":\"https:\\\/\\\/gruene-wiesbaden.de\\\/stadtentwicklung\\\/#article\",\"isPartOf\":{\"@id\":\"https:\\\/\\\/gruene-wiesbaden.de\\\/stadtentwicklung\\\/\"},\"author\":{\"name\":\"admin\",\"@id\":\"https:\\\/\\\/gruene-wiesbaden.de\\\/#\\\/schema\\\/person\\\/6785c34779159cd4fd86886bb097afe9\"},\"headline\":\"Stadtentwicklung\",\"datePublished\":\"2025-11-09T21:44:50+00:00\",\"dateModified\":\"2026-04-08T20:41:01+00:00\",\"mainEntityOfPage\":{\"@id\":\"https:\\\/\\\/gruene-wiesbaden.de\\\/stadtentwicklung\\\/\"},\"wordCount\":3464,\"publisher\":{\"@id\":\"https:\\\/\\\/gruene-wiesbaden.de\\\/#organization\"},\"image\":{\"@id\":\"https:\\\/\\\/gruene-wiesbaden.de\\\/stadtentwicklung\\\/#primaryimage\"},\"thumbnailUrl\":\"https:\\\/\\\/gruene-wiesbaden.de\\\/wp-content\\\/uploads\\\/2025\\\/11\\\/1.5-Stadtentwicklung-scaled.jpg\",\"articleSection\":[\"Kapitel 1\"],\"inLanguage\":\"ro-RO\"},{\"@type\":\"WebPage\",\"@id\":\"https:\\\/\\\/gruene-wiesbaden.de\\\/stadtentwicklung\\\/\",\"url\":\"https:\\\/\\\/gruene-wiesbaden.de\\\/stadtentwicklung\\\/\",\"name\":\"Stadtentwicklung - B\u00dcNDNIS 90\\\/DIE GR\u00dcNEN Wiesbaden\",\"isPartOf\":{\"@id\":\"https:\\\/\\\/gruene-wiesbaden.de\\\/#website\"},\"primaryImageOfPage\":{\"@id\":\"https:\\\/\\\/gruene-wiesbaden.de\\\/stadtentwicklung\\\/#primaryimage\"},\"image\":{\"@id\":\"https:\\\/\\\/gruene-wiesbaden.de\\\/stadtentwicklung\\\/#primaryimage\"},\"thumbnailUrl\":\"https:\\\/\\\/gruene-wiesbaden.de\\\/wp-content\\\/uploads\\\/2025\\\/11\\\/1.5-Stadtentwicklung-scaled.jpg\",\"datePublished\":\"2025-11-09T21:44:50+00:00\",\"dateModified\":\"2026-04-08T20:41:01+00:00\",\"breadcrumb\":{\"@id\":\"https:\\\/\\\/gruene-wiesbaden.de\\\/stadtentwicklung\\\/#breadcrumb\"},\"inLanguage\":\"ro-RO\",\"potentialAction\":[{\"@type\":\"ReadAction\",\"target\":[\"https:\\\/\\\/gruene-wiesbaden.de\\\/stadtentwicklung\\\/\"]}]},{\"@type\":\"ImageObject\",\"inLanguage\":\"ro-RO\",\"@id\":\"https:\\\/\\\/gruene-wiesbaden.de\\\/stadtentwicklung\\\/#primaryimage\",\"url\":\"https:\\\/\\\/gruene-wiesbaden.de\\\/wp-content\\\/uploads\\\/2025\\\/11\\\/1.5-Stadtentwicklung-scaled.jpg\",\"contentUrl\":\"https:\\\/\\\/gruene-wiesbaden.de\\\/wp-content\\\/uploads\\\/2025\\\/11\\\/1.5-Stadtentwicklung-scaled.jpg\",\"width\":1920,\"height\":2560},{\"@type\":\"BreadcrumbList\",\"@id\":\"https:\\\/\\\/gruene-wiesbaden.de\\\/stadtentwicklung\\\/#breadcrumb\",\"itemListElement\":[{\"@type\":\"ListItem\",\"position\":1,\"name\":\"Startseite\",\"item\":\"https:\\\/\\\/gruene-wiesbaden.de\\\/\"},{\"@type\":\"ListItem\",\"position\":2,\"name\":\"Stadtentwicklung\"}]},{\"@type\":\"WebSite\",\"@id\":\"https:\\\/\\\/gruene-wiesbaden.de\\\/#website\",\"url\":\"https:\\\/\\\/gruene-wiesbaden.de\\\/\",\"name\":\"DIE GR\u00dcNEN Wiesbaden\",\"description\":\"\",\"publisher\":{\"@id\":\"https:\\\/\\\/gruene-wiesbaden.de\\\/#organization\"},\"potentialAction\":[{\"@type\":\"SearchAction\",\"target\":{\"@type\":\"EntryPoint\",\"urlTemplate\":\"https:\\\/\\\/gruene-wiesbaden.de\\\/?s={search_term_string}\"},\"query-input\":{\"@type\":\"PropertyValueSpecification\",\"valueRequired\":true,\"valueName\":\"search_term_string\"}}],\"inLanguage\":\"ro-RO\"},{\"@type\":\"Organization\",\"@id\":\"https:\\\/\\\/gruene-wiesbaden.de\\\/#organization\",\"name\":\"DIE GR\u00dcNEN Wiesbaden\",\"url\":\"https:\\\/\\\/gruene-wiesbaden.de\\\/\",\"logo\":{\"@type\":\"ImageObject\",\"inLanguage\":\"ro-RO\",\"@id\":\"https:\\\/\\\/gruene-wiesbaden.de\\\/#\\\/schema\\\/logo\\\/image\\\/\",\"url\":\"https:\\\/\\\/gruene-wiesbaden-fuer-europa.de\\\/wp-content\\\/uploads\\\/2024\\\/04\\\/Machen-was-zaehlt-5.png\",\"contentUrl\":\"https:\\\/\\\/gruene-wiesbaden-fuer-europa.de\\\/wp-content\\\/uploads\\\/2024\\\/04\\\/Machen-was-zaehlt-5.png\",\"width\":1772,\"height\":1772,\"caption\":\"DIE GR\u00dcNEN Wiesbaden\"},\"image\":{\"@id\":\"https:\\\/\\\/gruene-wiesbaden.de\\\/#\\\/schema\\\/logo\\\/image\\\/\"},\"sameAs\":[\"https:\\\/\\\/www.facebook.com\\\/gruene.wi\",\"https:\\\/\\\/instagram.com\\\/gruene_wi\"]},{\"@type\":\"Person\",\"@id\":\"https:\\\/\\\/gruene-wiesbaden.de\\\/#\\\/schema\\\/person\\\/6785c34779159cd4fd86886bb097afe9\",\"name\":\"admin\",\"sameAs\":[\"http:\\\/\\\/gruene-wiesbaden-fuer-europa.de\"],\"url\":\"https:\\\/\\\/gruene-wiesbaden.de\\\/ro\\\/author\\\/admin\\\/\"}]}<\/script>\n<!-- \/ Yoast SEO plugin. -->","yoast_head_json":{"title":"Stadtentwicklung - B\u00dcNDNIS 90\/DIE GR\u00dcNEN Wiesbaden","robots":{"index":"index","follow":"follow","max-snippet":"max-snippet:-1","max-image-preview":"max-image-preview:large","max-video-preview":"max-video-preview:-1"},"canonical":"https:\/\/gruene-wiesbaden.de\/ro\/stadtentwicklung\/","og_locale":"ro_RO","og_type":"article","og_title":"Stadtentwicklung - B\u00dcNDNIS 90\/DIE GR\u00dcNEN Wiesbaden","og_url":"https:\/\/gruene-wiesbaden.de\/ro\/stadtentwicklung\/","og_site_name":"B\u00dcNDNIS 90\/DIE GR\u00dcNEN Wiesbaden","article_publisher":"https:\/\/www.facebook.com\/gruene.wi","article_published_time":"2025-11-09T21:44:50+00:00","article_modified_time":"2026-04-08T20:41:01+00:00","og_image":[{"width":1920,"height":2560,"url":"https:\/\/gruene-wiesbaden.de\/wp-content\/uploads\/2025\/11\/1.5-Stadtentwicklung-scaled.jpg","type":"image\/jpeg"}],"author":"admin","twitter_card":"summary_large_image","twitter_misc":{"Scris de":"admin","Timp estimat pentru citire":"14 minutes"},"schema":{"@context":"https:\/\/schema.org","@graph":[{"@type":"Article","@id":"https:\/\/gruene-wiesbaden.de\/stadtentwicklung\/#article","isPartOf":{"@id":"https:\/\/gruene-wiesbaden.de\/stadtentwicklung\/"},"author":{"name":"admin","@id":"https:\/\/gruene-wiesbaden.de\/#\/schema\/person\/6785c34779159cd4fd86886bb097afe9"},"headline":"Stadtentwicklung","datePublished":"2025-11-09T21:44:50+00:00","dateModified":"2026-04-08T20:41:01+00:00","mainEntityOfPage":{"@id":"https:\/\/gruene-wiesbaden.de\/stadtentwicklung\/"},"wordCount":3464,"publisher":{"@id":"https:\/\/gruene-wiesbaden.de\/#organization"},"image":{"@id":"https:\/\/gruene-wiesbaden.de\/stadtentwicklung\/#primaryimage"},"thumbnailUrl":"https:\/\/gruene-wiesbaden.de\/wp-content\/uploads\/2025\/11\/1.5-Stadtentwicklung-scaled.jpg","articleSection":["Kapitel 1"],"inLanguage":"ro-RO"},{"@type":"WebPage","@id":"https:\/\/gruene-wiesbaden.de\/stadtentwicklung\/","url":"https:\/\/gruene-wiesbaden.de\/stadtentwicklung\/","name":"Stadtentwicklung - B\u00dcNDNIS 90\/DIE GR\u00dcNEN Wiesbaden","isPartOf":{"@id":"https:\/\/gruene-wiesbaden.de\/#website"},"primaryImageOfPage":{"@id":"https:\/\/gruene-wiesbaden.de\/stadtentwicklung\/#primaryimage"},"image":{"@id":"https:\/\/gruene-wiesbaden.de\/stadtentwicklung\/#primaryimage"},"thumbnailUrl":"https:\/\/gruene-wiesbaden.de\/wp-content\/uploads\/2025\/11\/1.5-Stadtentwicklung-scaled.jpg","datePublished":"2025-11-09T21:44:50+00:00","dateModified":"2026-04-08T20:41:01+00:00","breadcrumb":{"@id":"https:\/\/gruene-wiesbaden.de\/stadtentwicklung\/#breadcrumb"},"inLanguage":"ro-RO","potentialAction":[{"@type":"ReadAction","target":["https:\/\/gruene-wiesbaden.de\/stadtentwicklung\/"]}]},{"@type":"ImageObject","inLanguage":"ro-RO","@id":"https:\/\/gruene-wiesbaden.de\/stadtentwicklung\/#primaryimage","url":"https:\/\/gruene-wiesbaden.de\/wp-content\/uploads\/2025\/11\/1.5-Stadtentwicklung-scaled.jpg","contentUrl":"https:\/\/gruene-wiesbaden.de\/wp-content\/uploads\/2025\/11\/1.5-Stadtentwicklung-scaled.jpg","width":1920,"height":2560},{"@type":"BreadcrumbList","@id":"https:\/\/gruene-wiesbaden.de\/stadtentwicklung\/#breadcrumb","itemListElement":[{"@type":"ListItem","position":1,"name":"Startseite","item":"https:\/\/gruene-wiesbaden.de\/"},{"@type":"ListItem","position":2,"name":"Stadtentwicklung"}]},{"@type":"WebSite","@id":"https:\/\/gruene-wiesbaden.de\/#website","url":"https:\/\/gruene-wiesbaden.de\/","name":"DIE GR\u00dcNEN Wiesbaden","description":"","publisher":{"@id":"https:\/\/gruene-wiesbaden.de\/#organization"},"potentialAction":[{"@type":"SearchAction","target":{"@type":"EntryPoint","urlTemplate":"https:\/\/gruene-wiesbaden.de\/?s={search_term_string}"},"query-input":{"@type":"PropertyValueSpecification","valueRequired":true,"valueName":"search_term_string"}}],"inLanguage":"ro-RO"},{"@type":"Organization","@id":"https:\/\/gruene-wiesbaden.de\/#organization","name":"DIE GR\u00dcNEN Wiesbaden","url":"https:\/\/gruene-wiesbaden.de\/","logo":{"@type":"ImageObject","inLanguage":"ro-RO","@id":"https:\/\/gruene-wiesbaden.de\/#\/schema\/logo\/image\/","url":"https:\/\/gruene-wiesbaden-fuer-europa.de\/wp-content\/uploads\/2024\/04\/Machen-was-zaehlt-5.png","contentUrl":"https:\/\/gruene-wiesbaden-fuer-europa.de\/wp-content\/uploads\/2024\/04\/Machen-was-zaehlt-5.png","width":1772,"height":1772,"caption":"DIE GR\u00dcNEN Wiesbaden"},"image":{"@id":"https:\/\/gruene-wiesbaden.de\/#\/schema\/logo\/image\/"},"sameAs":["https:\/\/www.facebook.com\/gruene.wi","https:\/\/instagram.com\/gruene_wi"]},{"@type":"Person","@id":"https:\/\/gruene-wiesbaden.de\/#\/schema\/person\/6785c34779159cd4fd86886bb097afe9","name":"admin","sameAs":["http:\/\/gruene-wiesbaden-fuer-europa.de"],"url":"https:\/\/gruene-wiesbaden.de\/ro\/author\/admin\/"}]}},"_links":{"self":[{"href":"https:\/\/gruene-wiesbaden.de\/ro\/wp-json\/wp\/v2\/posts\/1327","targetHints":{"allow":["GET"]}}],"collection":[{"href":"https:\/\/gruene-wiesbaden.de\/ro\/wp-json\/wp\/v2\/posts"}],"about":[{"href":"https:\/\/gruene-wiesbaden.de\/ro\/wp-json\/wp\/v2\/types\/post"}],"author":[{"embeddable":true,"href":"https:\/\/gruene-wiesbaden.de\/ro\/wp-json\/wp\/v2\/users\/1"}],"replies":[{"embeddable":true,"href":"https:\/\/gruene-wiesbaden.de\/ro\/wp-json\/wp\/v2\/comments?post=1327"}],"version-history":[{"count":9,"href":"https:\/\/gruene-wiesbaden.de\/ro\/wp-json\/wp\/v2\/posts\/1327\/revisions"}],"predecessor-version":[{"id":2370,"href":"https:\/\/gruene-wiesbaden.de\/ro\/wp-json\/wp\/v2\/posts\/1327\/revisions\/2370"}],"wp:featuredmedia":[{"embeddable":true,"href":"https:\/\/gruene-wiesbaden.de\/ro\/wp-json\/wp\/v2\/media\/1502"}],"wp:attachment":[{"href":"https:\/\/gruene-wiesbaden.de\/ro\/wp-json\/wp\/v2\/media?parent=1327"}],"wp:term":[{"taxonomy":"category","embeddable":true,"href":"https:\/\/gruene-wiesbaden.de\/ro\/wp-json\/wp\/v2\/categories?post=1327"},{"taxonomy":"post_tag","embeddable":true,"href":"https:\/\/gruene-wiesbaden.de\/ro\/wp-json\/wp\/v2\/tags?post=1327"}],"curies":[{"name":"wp","href":"https:\/\/api.w.org\/{rel}","templated":true}]}}