{"id":1323,"date":"2025-11-09T23:41:29","date_gmt":"2025-11-09T21:41:29","guid":{"rendered":"https:\/\/gruene-wiesbaden.de\/?p=1323"},"modified":"2026-04-08T22:32:07","modified_gmt":"2026-04-08T20:32:07","slug":"bevoelkerungsschutz","status":"publish","type":"post","link":"https:\/\/gruene-wiesbaden.de\/ro\/bevoelkerungsschutz\/","title":{"rendered":"Protec\u021bia civil\u0103"},"content":{"rendered":"<section class=\"l-section wpb_row height_medium with_img\"><div class=\"l-section-img\" role=\"img\" data-img-width=\"1080\" data-img-height=\"800\" style=\"background-image: url(https:\/\/gruene-wiesbaden.de\/wp-content\/uploads\/2025\/11\/neuer-Verlauf-gruene-wiesbaden.de_-2-e1762709402177.png);\"><\/div><div class=\"l-section-overlay\" style=\"background:var(--color-header-top-transparent-bg)\"><\/div><div class=\"l-section-h i-cf\"><div class=\"g-cols vc_row via_grid cols_1 laptops-cols_inherit tablets-cols_inherit mobiles-cols_1 valign_top type_default stacking_default\"><div class=\"wpb_column vc_column_container\"><div class=\"vc_column-inner\"><h1 class=\"w-post-elm post_title us_custom_a574d586 has_text_color entry-title\">Protec\u021bia civil\u0103<\/h1><div class=\"w-separator size_medium\"><\/div><div class=\"g-cols wpb_row via_grid cols_2-1 laptops-cols_inherit tablets-cols_inherit mobiles-cols_1 valign_top type_default stacking_default\" style=\"--columns-gap:3rem;\"><div class=\"wpb_column vc_column_container\"><div class=\"vc_column-inner\"><div class=\"wpb_text_column us_custom_8b3d6790 has_text_color\"><div class=\"wpb_wrapper\"><p><span style=\"font-weight: 400;\">Av\u00e2nd \u00een vedere cre\u0219terea num\u0103rului de fenomene meteorologice extreme cauzate de criza climatic\u0103 \u0219i de amenin\u021b\u0103rile geopolitice, este indispensabil\u0103 o protec\u021bie rezilient\u0103 a popula\u021biei. Ne angaj\u0103m s\u0103 asigur\u0103m o securitate eficient\u0103 \u0219i o bun\u0103 prevenire a crizelor, care s\u0103 protejeze oamenii \u00een toate situa\u021biile.<\/span><\/p>\n<p><span style=\"font-weight: 400;\">Printre acestea se num\u0103r\u0103 continuarea planului de ac\u021biune municipal privind energia termic\u0103, care protejeaz\u0103 grupurile vulnerabile, precum \u0219i un concept cuprinz\u0103tor de protec\u021bie \u00eempotriva inunda\u021biilor, cu refacerea cursurilor de ap\u0103 \u0219i crearea unor zone de reten\u021bie.<\/span><\/p>\n<p><span style=\"font-weight: 400;\">Suntem dedica\u021bi unui sistem local de alert\u0103 timpurie care s\u0103 ajung\u0103 la to\u021bi cet\u0103\u021benii \u00een timp util. \u00cen acela\u0219i timp, dorim s\u0103 consolid\u0103m capacitatea de autoajutorare a popula\u021biei.<\/span><\/p>\n<p><span style=\"font-weight: 400;\">Recrutarea tinerilor \u00een domeniul protec\u021biei civile este o provocare major\u0103. Dorim s\u0103 inspir\u0103m noi grupuri \u021bint\u0103 pentru acest serviciu de voluntariat \u0219i s\u0103 asigur\u0103m oferte atractive de formare \u0219i calificare, precum \u0219i echipamente adecvate pentru brig\u0103zile de pompieri \u0219i organiza\u021biile de ajutor.<\/span><\/p>\n<\/div><\/div><div class=\"w-separator size_medium\"><\/div><div class=\"w-btn-wrapper align_left\"><a class=\"w-btn us-btn-style_8 icon_atleft\" href=\"https:\/\/gruene-wiesbaden.de\/ro\/kommunalwahl\/#Kapitel1\"><i class=\"fas fa-chevron-circle-right\"><\/i><span class=\"w-btn-label\">\u00cenapoi la prezentare general\u0103<\/span><\/a><\/div><\/div><\/div><div class=\"wpb_column vc_column_container\"><div class=\"vc_column-inner\"><div class=\"w-image align_center\"><div class=\"w-image-h\"><img decoding=\"async\" width=\"2560\" height=\"1707\" src=\"https:\/\/gruene-wiesbaden.de\/wp-content\/uploads\/2025\/11\/1.2-Bevoelkerungsschutz-scaled.jpeg\" class=\"attachment-full size-full\" alt=\"\" loading=\"lazy\" srcset=\"https:\/\/gruene-wiesbaden.de\/wp-content\/uploads\/2025\/11\/1.2-Bevoelkerungsschutz-scaled.jpeg 2560w, https:\/\/gruene-wiesbaden.de\/wp-content\/uploads\/2025\/11\/1.2-Bevoelkerungsschutz-400x267.jpeg 400w, https:\/\/gruene-wiesbaden.de\/wp-content\/uploads\/2025\/11\/1.2-Bevoelkerungsschutz-600x400.jpeg 600w\" sizes=\"auto, (max-width: 2560px) 100vw, 2560px\" \/><\/div><\/div><div class=\"w-separator size_small\"><\/div><\/div><\/div><\/div><div class=\"w-separator size_medium\"><\/div><div class=\"w-separator size_medium\"><\/div><div class=\"wpb_text_column\"><div class=\"wpb_wrapper\"><h1>Ce \u00eenseamn\u0103 protec\u021bia civil\u0103 pentru noi<\/h1>\n<\/div><\/div><div class=\"w-separator size_large\"><\/div><div class=\"g-cols wpb_row via_grid cols_3 laptops-cols_inherit tablets-cols_inherit mobiles-cols_1 valign_top type_default stacking_default\" style=\"--columns-gap:3rem;\"><div class=\"wpb_column vc_column_container\"><div class=\"vc_column-inner\"><div class=\"w-iconbox us_custom_f4639b64 has_text_color iconpos_left style_default color_custom align_left\"><div class=\"w-iconbox-icon\" style=\"font-size:2rem;--icon-color:#Ffffff;--icon-bg-color:var(--color-header-middle-bg);\"><i class=\"fas fa-layer-group\"><\/i><\/div><div class=\"w-iconbox-meta\"><h4 class=\"w-iconbox-title\" style=\"font-size:1.5rem;\">Ac\u021bion\u0103m cu previziune<\/h4><div class=\"w-iconbox-text\"><p><span style=\"font-weight: 400;\">Vrem s\u0103 investim \u00een prevenire \u00een loc s\u0103 r\u0103spundem la dezastre. A face Wiesbaden rezistent la crize este cea mai bun\u0103 investi\u021bie pe care o putem face.<\/span><\/p>\n<\/div><\/div><\/div><\/div><\/div><div class=\"wpb_column vc_column_container\"><div class=\"vc_column-inner\"><div class=\"w-iconbox us_custom_f4639b64 has_text_color iconpos_left style_default color_custom align_left\"><div class=\"w-iconbox-icon\" style=\"font-size:2rem;--icon-color:#Ffffff;--icon-bg-color:var(--color-header-transparent-text);\"><i class=\"fas fa-layer-group\"><\/i><\/div><div class=\"w-iconbox-meta\"><h4 class=\"w-iconbox-title\" style=\"font-size:1.5rem;\">Facem infrastructura rezistent\u0103 la crize<\/h4><div class=\"w-iconbox-text\"><p><span style=\"font-weight: 400;\">Protec\u021bia infrastructurii critice \u00een domeniul aliment\u0103rii cu energie \u0219i ap\u0103, al comunica\u021biilor \u0219i al instala\u021biilor sanitare este deosebit de important\u0103 pentru noi.<\/span><\/p>\n<\/div><\/div><\/div><\/div><\/div><div class=\"wpb_column vc_column_container\"><div class=\"vc_column-inner\"><div class=\"w-iconbox us_custom_f4639b64 has_text_color iconpos_left style_default color_custom align_left\"><div class=\"w-iconbox-icon\" style=\"font-size:2rem;--icon-color:#Ffffff;--icon-bg-color:var(--color-header-transparent-text);\"><i class=\"fas fa-layer-group\"><\/i><\/div><div class=\"w-iconbox-meta\"><h4 class=\"w-iconbox-title\" style=\"font-size:1.5rem;\">\u00cei protej\u0103m pe cei mai valoro\u0219i<\/h4><div class=\"w-iconbox-text\"><p><span style=\"font-weight: 400;\">Ne pas\u0103 de to\u021bi cei care sunt importan\u021bi pentru noi: Copiii no\u0219tri, p\u0103rin\u021bii no\u0219tri, prietenii no\u0219tri, vecinii no\u0219tri, animalele noastre de companie. Facem tot posibilul pentru bun\u0103starea lor.<\/span><\/p>\n<\/div><\/div><\/div><\/div><\/div><\/div><div class=\"w-separator size_medium\"><\/div><div class=\"g-cols wpb_row via_grid cols_3 laptops-cols_inherit tablets-cols_inherit mobiles-cols_1 valign_top type_default stacking_default\" style=\"--columns-gap:3rem;\"><div class=\"wpb_column vc_column_container\"><div class=\"vc_column-inner\"><div class=\"w-iconbox us_custom_f4639b64 has_text_color iconpos_left style_default color_custom align_left\"><div class=\"w-iconbox-icon\" style=\"font-size:2rem;--icon-color:#Ffffff;--icon-bg-color:var(--color-header-middle-bg);\"><i class=\"fas fa-layer-group\"><\/i><\/div><div class=\"w-iconbox-meta\"><h4 class=\"w-iconbox-title\" style=\"font-size:1.5rem;\">Suntem activi \u00eempreun\u0103<\/h4><div class=\"w-iconbox-text\"><p><span style=\"font-weight: 400;\">Ac\u021biunea comun\u0103 este o condi\u021bie prealabil\u0103 pentru securitatea noastr\u0103. Promov\u0103m voluntariatul \u0219i sprijinim re\u021belele societ\u0103\u021bii civile.<\/span><\/p>\n<\/div><\/div><\/div><\/div><\/div><div class=\"wpb_column vc_column_container\"><div class=\"vc_column-inner\"><div class=\"w-iconbox us_custom_f4639b64 has_text_color iconpos_left style_default color_custom align_left\"><div class=\"w-iconbox-icon\" style=\"font-size:2rem;--icon-color:#Ffffff;--icon-bg-color:var(--color-header-transparent-text);\"><i class=\"fas fa-layer-group\"><\/i><\/div><div class=\"w-iconbox-meta\"><h4 class=\"w-iconbox-title\" style=\"font-size:1.5rem;\">Ac\u021bion\u0103m \u00een solidaritate<\/h4><div class=\"w-iconbox-text\"><p><span style=\"font-weight: 400;\">Suntem uni\u021bi ca societate. Criza climatic\u0103 nu afecteaz\u0103 pe toat\u0103 lumea \u00een mod egal; Adesea persoanele \u00een v\u00e2rst\u0103, cele bolnave, cele singure \u0219i cele defavorizate sunt cele care sunt afectate \u00een mod deosebit.<\/span><\/p>\n<\/div><\/div><\/div><\/div><\/div><div class=\"wpb_column vc_column_container\"><div class=\"vc_column-inner\"><div class=\"w-iconbox us_custom_f4639b64 has_text_color iconpos_left style_default color_custom align_left\"><div class=\"w-iconbox-icon\" style=\"font-size:2rem;--icon-color:#Ffffff;--icon-bg-color:var(--color-header-transparent-text);\"><i class=\"fas fa-layer-group\"><\/i><\/div><div class=\"w-iconbox-meta\"><h4 class=\"w-iconbox-title\" style=\"font-size:1.5rem;\">Ajungem la toat\u0103 lumea<\/h4><div class=\"w-iconbox-text\"><p><span style=\"font-weight: 400;\">Am creat sistemele noastre de avertizare timpurie \u00een linii mari pentru a putea informa to\u021bi oamenii \u00een orice moment \u0219i oriunde.<\/span><\/p>\n<\/div><\/div><\/div><\/div><\/div><\/div><div class=\"w-separator size_medium\"><\/div><div class=\"w-btn-wrapper align_left\"><a class=\"w-btn us-btn-style_8 icon_atleft\" href=\"https:\/\/gruene-wiesbaden.de\/ro\/kommunalwahl\/#Kapitel1\"><i class=\"fas fa-chevron-circle-right\"><\/i><span class=\"w-btn-label\">\u00cenapoi la prezentare general\u0103<\/span><\/a><\/div><div class=\"w-separator size_medium\"><\/div><\/div><\/div><\/div><\/div><\/section><section class=\"l-section wpb_row height_auto with_img\"><div class=\"l-section-img\" role=\"img\" data-img-width=\"2560\" data-img-height=\"1707\" style=\"background-image: url(https:\/\/gruene-wiesbaden.de\/wp-content\/uploads\/2025\/11\/1.2-Bevoelkerungsschutz-scaled.jpeg);background-repeat: no-repeat;\"><\/div><div class=\"l-section-overlay\" style=\"background:var(--color-header-top-transparent-bg)\"><\/div><div class=\"l-section-h i-cf\"><div class=\"g-cols vc_row via_grid cols_1 laptops-cols_inherit tablets-cols_inherit mobiles-cols_1 valign_middle type_default stacking_default\" style=\"--columns-gap:1rem;\"><div class=\"wpb_column vc_column_container\"><div class=\"vc_column-inner\"><div class=\"w-separator size_large\"><\/div><div class=\"wpb_text_column background_inside_text\"><div class=\"wpb_wrapper\"><h1>Ce vrem s\u0103 facem \u00een mod special \u00een acest domeniu<\/h1>\n<\/div><\/div><div class=\"w-separator size_medium\"><\/div><div class=\"w-tabs us_custom_42d693a0 has_text_color style_default switch_click accordion has_scrolling\" style=\"--sections-title-size:1.4rem\"><div class=\"w-tabs-sections titles-align_none icon_chevron cpos_right\"><div class=\"w-tabs-section has_text_color\" id=\"l7a9\" style=\"background:var(--color-header-transparent-text);color:var(--color-header-top-text-hover);\"><button class=\"w-tabs-section-header\" aria-controls=\"content-l7a9\" aria-expanded=\"false\"><div class=\"w-tabs-section-title\">Preg\u0103ti\u021bi-v\u0103 bine pentru toate cazurile<\/div><div class=\"w-tabs-section-control\"><\/div><\/button><div  class=\"w-tabs-section-content\" id=\"content-l7a9\"><div class=\"w-tabs-section-content-h i-cf\"><div class=\"wpb_text_column\"><div class=\"wpb_wrapper\"><p><span style=\"font-weight: 400;\">Prevenirea cost\u0103 o frac\u021biune din daune. Ne angaj\u0103m s\u0103 ne asigur\u0103m c\u0103 Wiesbaden devine rezistent la crize prin intermediul planurilor de protec\u021bie \u00eempotriva c\u0103ldurii, ploilor abundente \u0219i inunda\u021biilor. Dorim s\u0103 ne asigur\u0103m c\u0103 cet\u0103\u021benii sunt sensibiliza\u021bi cu privire la pericole precum inunda\u021biile, \u00eentreruperile de curent \u0219i incendiile forestiere. Prin exerci\u021bii de protec\u021bie civil\u0103, formare \u0219i formare continu\u0103, dorim s\u0103 consolid\u0103m capacitatea de autoprotec\u021bie a popula\u021biei \u0219i cooperarea eficace \u00eentre autorit\u0103\u021bi \u0219i organiza\u021biile opera\u021bionale, precum \u0219i s\u0103 depunem eforturi \u00een vederea extinderii canalelor de comunicare pentru avertiz\u0103ri \u0219i alerte (anterioare). Canalele virtuale, cum ar fi aplica\u021biile de avertizare, sunt la fel de importante ca sirenele \u0219i re\u021belele locale pentru a ajunge la persoanele \u00een v\u00e2rst\u0103 \u0219i la persoanele f\u0103r\u0103 acces digital sau chiar la persoanele cu handicap.<\/span><\/p>\n<\/div><\/div><\/div><\/div><\/div><div class=\"w-tabs-section has_text_color\" id=\"f8d2\" style=\"background:var(--color-header-transparent-text);color:var(--color-header-top-text-hover);\"><button class=\"w-tabs-section-header\" aria-controls=\"content-f8d2\" aria-expanded=\"false\"><div class=\"w-tabs-section-title\">Nu l\u0103s\u0103m pe nimeni \u00een pace.<\/div><div class=\"w-tabs-section-control\"><\/div><\/button><div  class=\"w-tabs-section-content\" id=\"content-f8d2\"><div class=\"w-tabs-section-content-h i-cf\"><div class=\"wpb_text_column\"><div class=\"wpb_wrapper\"><p><span style=\"font-weight: 400;\">Cet\u0103\u021benii afecta\u021bi de dezastre au nevoie de ajutor rapid, dar lucr\u0103torii \u00een situa\u021bii de urgen\u021b\u0103 \u0219i ajutoarele spontane ating adesea limitele rezilien\u021bei lor. \u00cen cazul unei crize, dorim s\u0103 ne asigur\u0103m c\u0103 ora\u0219ul Wiesbaden poate oferi sprijin nebirocratic \u0219i, de asemenea, poate avea grij\u0103 de asisten\u021ba psihosocial\u0103 de urgen\u021b\u0103. Pentru a se asigura c\u0103 infrastructurile sociale, cum ar fi spitalele, centrele de \u00eengrijire \u0219i cabinetele medicale, nu dau gre\u0219, trebuie elaborate planuri de urgen\u021b\u0103 cu privire la posibilele reloc\u0103ri ale pacien\u021bilor \u0219i la admiterea persoanelor r\u0103nite. \u0218tim c\u0103 protec\u021bia civil\u0103 depinde \u00een special de angajamentul a mii de voluntari: \u00cen Germania, 90% dintre ajutoarele din domeniul protec\u021biei civile sunt voluntari! Dorim s\u0103 recunoa\u0219tem, s\u0103 consolid\u0103m \u0219i s\u0103 facem acest angajament indispensabil mai atractiv, \u00een special pentru tineri, femei \u0219i persoanele cu o istorie a migra\u021biei.<\/span><\/p>\n<\/div><\/div><\/div><\/div><\/div><div class=\"w-tabs-section has_text_color\" id=\"j9ee\" style=\"background:var(--color-header-transparent-text);color:var(--color-header-top-text-hover);\"><button class=\"w-tabs-section-header\" aria-controls=\"content-j9ee\" aria-expanded=\"false\"><div class=\"w-tabs-section-title\">Protec\u021bia \u00eempotriva pericolelor pentru s\u0103n\u0103tate<\/div><div class=\"w-tabs-section-control\"><\/div><\/button><div  class=\"w-tabs-section-content\" id=\"content-j9ee\"><div class=\"w-tabs-section-content-h i-cf\"><div class=\"wpb_text_column\"><div class=\"wpb_wrapper\"><p><span style=\"font-weight: 400;\">\u00cen ploi abundente \u0219i inunda\u021bii, pe l\u00e2ng\u0103 pericolele directe, pot exista scurgeri de rezervoare de ulei \u00een pivni\u021bele de \u00eenc\u0103lzire, printre altele. Seceta lung\u0103 \u0219i c\u0103ldura, pe de alt\u0103 parte, provoac\u0103 \u00eenfloriri otr\u0103vitoare ale algelor \u00een apele noastre; \u00cen caz de incendiu, se produc gaze de ardere periculoase. Ora\u0219ul Wiesbaden ar trebui s\u0103 poat\u0103 avertiza cet\u0103\u021benii \u00eentr-un stadiu incipient \u00een aceste situa\u021bii de criz\u0103 \u0219i s\u0103 aib\u0103 grij\u0103 de cei afecta\u021bi. De aceea, dorim s\u0103 consolid\u0103m cooperarea unit\u0103\u021bilor de protec\u021bie civil\u0103 cu pompierii, THW \u0219i organiza\u021biile de ajutorare.<\/span><\/p>\n<\/div><\/div><\/div><\/div><\/div><div class=\"w-tabs-section has_text_color\" id=\"rb07\" style=\"background:var(--color-alt-content-bg);color:var(--color-content-heading);\"><button class=\"w-tabs-section-header\" aria-controls=\"content-rb07\" aria-expanded=\"false\"><div class=\"w-tabs-section-title\">Utiliza\u021bi zone de umbr\u0103 f\u0103r\u0103 constr\u00e2ngere de a consuma<\/div><div class=\"w-tabs-section-control\"><\/div><\/button><div  class=\"w-tabs-section-content\" id=\"content-rb07\"><div class=\"w-tabs-section-content-h i-cf\"><div class=\"wpb_text_column\"><div class=\"wpb_wrapper\"><p><span style=\"font-weight: 400;\">Perioadele extreme de c\u0103ldur\u0103 pe o perioad\u0103 mai lung\u0103 de timp sunt \u00een cre\u0219tere ca urmare a schimb\u0103rilor climatice \u0219i devin o povar\u0103 din ce \u00een ce mai mare pentru oameni. Mai ales \u00een centrul ora\u0219ului, apartamentele se pot \u00eenc\u0103lzi zile \u00eentregi la temperaturi care fac imposibil\u0103 o \u0219edere relaxant\u0103 \u0219i un somn acolo. Prin urmare, consider\u0103m c\u0103 este esen\u021bial s\u0103 existe locuri r\u0103coroase u\u0219or accesibile \u00een Wiesbaden, unde cet\u0103\u021benii s\u0103 poat\u0103 r\u0103m\u00e2ne gratuit cel pu\u021bin \u00een timpul zilei.<\/span><\/p>\n<\/div><\/div><\/div><\/div><\/div><div class=\"w-tabs-section has_text_color\" id=\"uc25\" style=\"background:var(--color-header-transparent-text);color:var(--color-header-top-text-hover);\"><button class=\"w-tabs-section-header\" aria-controls=\"content-uc25\" aria-expanded=\"false\"><div class=\"w-tabs-section-title\">Reducerea riscului de incendii forestiere<\/div><div class=\"w-tabs-section-control\"><\/div><\/button><div  class=\"w-tabs-section-content\" id=\"content-uc25\"><div class=\"w-tabs-section-content-h i-cf\"><div class=\"wpb_text_column\"><div class=\"wpb_wrapper\"><p><span style=\"font-weight: 400;\">Mai mult de 80% Toate incendiile din p\u0103dure sunt cauzate de oameni. Prin urmare, dorim ca ora\u0219ul Wiesbaden s\u0103 lanseze o campanie ampl\u0103 de sensibilizare care s\u0103 informeze cu privire la pericolele de incendiu din p\u0103dure \u0219i s\u0103 sensibilizeze publicul cu privire la comportamentul responsabil. Cu c\u00e2t se detecteaz\u0103 mai repede un incendiu forestier, cu at\u00e2t este mai u\u0219or s\u0103 se evite daunele majore. Suntem dedica\u021bi unui sistem digital cuprinz\u0103tor de avertizare timpurie \u0219i sprijinim echipamentele \u0219i instruirea brig\u0103zilor noastre de pompieri. \u00cen plus, dorim s\u0103 asigur\u0103m o re\u021bea dens\u0103 de puncte adecvate de colectare a apei de stingere \u00een ora\u0219ul Wiesbaden.<\/span><\/p>\n<\/div><\/div><\/div><\/div><\/div><div class=\"w-tabs-section has_text_color\" id=\"vd40\" style=\"background:var(--color-alt-content-bg);color:var(--color-header-middle-text);\"><button class=\"w-tabs-section-header\" aria-controls=\"content-vd40\" aria-expanded=\"false\"><div class=\"w-tabs-section-title\">Preg\u0103te\u0219te-te bine pentru o situa\u021bie de urgen\u021b\u0103<\/div><div class=\"w-tabs-section-control\"><\/div><\/button><div  class=\"w-tabs-section-content\" id=\"content-vd40\"><div class=\"w-tabs-section-content-h i-cf\"><div class=\"wpb_text_column\"><div class=\"wpb_wrapper\"><p><span style=\"font-weight: 400;\">\u00centr-o situa\u021bie de criz\u0103, infrastructura critic\u0103 poate e\u0219ua. Prin urmare, este deosebit de important ca planurile de protec\u021bie civil\u0103 existente s\u0103 fie cunoscute de to\u021bi cet\u0103\u021benii \u0219i ca infrastructura necesar\u0103 s\u0103 fie dezvoltat\u0103. Aceasta este ceea ce ne-am angajat s\u0103 facem. Acestea includ instalarea rapid\u0103 a rezervoarelor mobile de ap\u0103 \u0219i a toaletelor, distribuirea ra\u021biilor alimentare \u0219i a medicamentelor necesare pentru popula\u021bie, precum \u0219i alimentarea cu energie electric\u0103 \u0219i combustibil de urgen\u021b\u0103 pentru serviciile de urgen\u021b\u0103. De asemenea, ne angaj\u0103m s\u0103 ne asigur\u0103m c\u0103 brig\u0103zile de pompieri \u0219i organiza\u021biile umanitare sunt echipate cu infrastructura necesar\u0103 \u00eentr-un mod adaptat exigen\u021belor viitorului \u0219i rezistent la crize \u0219i sunt sprijinite de instala\u021biile urbane.<\/span><\/p>\n<\/div><\/div><\/div><\/div><\/div><div class=\"w-tabs-section has_text_color\" id=\"ie59\" style=\"background:var(--color-header-transparent-text);color:var(--color-header-top-text-hover);\"><button class=\"w-tabs-section-header\" aria-controls=\"content-ie59\" aria-expanded=\"false\"><div class=\"w-tabs-section-title\">D\u0103m spa\u021biu apei<\/div><div class=\"w-tabs-section-control\"><\/div><\/button><div  class=\"w-tabs-section-content\" id=\"content-ie59\"><div class=\"w-tabs-section-content-h i-cf\"><div class=\"wpb_text_column\"><div class=\"wpb_wrapper\"><p><span style=\"font-weight: 400;\">Pentru a ne proteja \u00eempotriva inunda\u021biilor, ne baz\u0103m pe principiul ora\u0219ului burete: Apa de ploaie ar trebui s\u0103 fie capabil\u0103 s\u0103 se scurg\u0103 acolo unde cade, \u00een loc s\u0103 curg\u0103 \u00een canalele congestionate. De aceea, ne angaj\u0103m s\u0103 cre\u0219tem num\u0103rul acoperi\u0219urilor verzi, al zonelor de infiltrare \u0219i al instala\u021biilor de depozitare subteran\u0103 din Wiesbaden, precum \u0219i s\u0103 desigil\u0103m zonele acolo unde este posibil.<\/span><\/p>\n<\/div><\/div><\/div><\/div><\/div><\/div><\/div><div class=\"w-separator size_medium\"><\/div><div class=\"w-btn-wrapper align_left\"><a class=\"w-btn us-btn-style_8 icon_atleft\" href=\"https:\/\/gruene-wiesbaden.de\/ro\/kommunalwahl\/#Kapitel1\"><i class=\"fas fa-chevron-circle-right\"><\/i><span class=\"w-btn-label\">\u00cenapoi la prezentare general\u0103<\/span><\/a><\/div><div class=\"w-separator size_large\"><\/div><div class=\"wpb_text_column\"><div class=\"wpb_wrapper\"><h1>Ceea ce am realizat deja<\/h1>\n<\/div><\/div><div class=\"w-separator size_medium\"><\/div><div class=\"w-tabs us_custom_42d693a0 has_text_color style_default switch_click accordion has_scrolling\" style=\"--sections-title-size:1.4rem\"><div class=\"w-tabs-sections titles-align_none icon_chevron cpos_right\"><div class=\"w-tabs-section has_text_color\" id=\"me49\" style=\"background:var(--color-header-transparent-text);color:var(--color-header-top-text-hover);\"><button class=\"w-tabs-section-header\" aria-controls=\"content-me49\" aria-expanded=\"false\"><div class=\"w-tabs-section-title\">Mai multe spa\u021bii nesigilate<\/div><div class=\"w-tabs-section-control\"><\/div><\/button><div  class=\"w-tabs-section-content\" id=\"content-me49\"><div class=\"w-tabs-section-content-h i-cf\"><div class=\"wpb_text_column\"><div class=\"wpb_wrapper\"><p><span style=\"font-weight: 400;\">Ca zone de reten\u021bie \u0219i zone inundabile, zonele urbane au fost deja desigilate \u0219i plantate cu specii. Vom continua acest proces cu succes.<\/span><\/p>\n<\/div><\/div><\/div><\/div><\/div><div class=\"w-tabs-section has_text_color\" id=\"rf7d\" style=\"background:var(--color-header-transparent-text);color:var(--color-header-top-text-hover);\"><button class=\"w-tabs-section-header\" aria-controls=\"content-rf7d\" aria-expanded=\"false\"><div class=\"w-tabs-section-title\">Mai mult\u0103 protec\u021bie \u00eempotriva inunda\u021biilor \u0219i a ploilor abundente<\/div><div class=\"w-tabs-section-control\"><\/div><\/button><div  class=\"w-tabs-section-content\" id=\"content-rf7d\"><div class=\"w-tabs-section-content-h i-cf\"><div class=\"wpb_text_column\"><div class=\"wpb_wrapper\"><p><span style=\"font-weight: 400;\">Ora\u0219ul Wiesbaden a \u00eenceput deja planificarea bazinului de reten\u021bie a ploilor din Rambach \u0219i a finalizat Schluckbrunnen \u00een Kurparkweiher. \u00cen plus, ora\u0219ul din p\u0103durea noastr\u0103 urban\u0103 ofer\u0103 stocuri forestiere care pot fi p\u0103strate. A fost dezvoltat\u0103 o gestionare con\u0219tient\u0103 a apei \u0219i, de exemplu, au fost create mici zone de reten\u021bie \u00een \u00eentreaga zon\u0103.<\/span><\/p>\n<p><span style=\"font-weight: 400;\">Structurile forestiere apropiate de natur\u0103 \u0219i solurile neperturbate \u00een mod constant promoveaz\u0103 absorb\u021bia apei acolo unde cad precipita\u021bii \u0219i reduc scurgerile de suprafa\u021b\u0103. Acest lucru \u00eencetine\u0219te dezvoltarea inunda\u021biilor, cre\u0219te disponibilitatea apei din sol pentru copaci \u0219i permite formarea de noi ape subterane.<\/span><\/p>\n<\/div><\/div><\/div><\/div><\/div><div class=\"w-tabs-section has_text_color\" id=\"b098\" style=\"background:var(--color-header-transparent-text);color:var(--color-header-top-text-hover);\"><button class=\"w-tabs-section-header\" aria-controls=\"content-b098\" aria-expanded=\"false\"><div class=\"w-tabs-section-title\">Informa\u021bii mai bune despre evenimentele de precipita\u021bii<\/div><div class=\"w-tabs-section-control\"><\/div><\/button><div  class=\"w-tabs-section-content\" id=\"content-b098\"><div class=\"w-tabs-section-content-h i-cf\"><div class=\"wpb_text_column\"><div class=\"wpb_wrapper\"><p><span style=\"font-weight: 400;\">Promov\u0103m manipularea rezistent\u0103 la schimb\u0103rile climatice a apei de precipitare. Acesta este motivul pentru care am militat cu succes pentru elaborarea \u0219i punerea la dispozi\u021bia publicului a unor h\u0103r\u021bi cu precipita\u021bii abundente de c\u0103tre ora\u0219ul Wiesbaden. \u00cen plus, se lucreaz\u0103 la un statut al apei de precipita\u021bii. Principiul ora\u0219ului burete este acum utilizat \u00een reproiectarea pie\u021belor (Parcul Els\u00e4sser, Schlo\u00dfplatz etc.) \u0219i \u00een proiecte mari de construc\u021bii noi.<\/span><\/p>\n<\/div><\/div><\/div><\/div><\/div><div class=\"w-tabs-section has_text_color\" id=\"b1ae\" style=\"background:var(--color-alt-content-bg);color:var(--color-content-heading);\"><button class=\"w-tabs-section-header\" aria-controls=\"content-b1ae\" aria-expanded=\"false\"><div class=\"w-tabs-section-title\">\u00cembun\u0103t\u0103\u021birea protec\u021biei termice pentru to\u021bi locuitorii din Wiesbaden<\/div><div class=\"w-tabs-section-control\"><\/div><\/button><div  class=\"w-tabs-section-content\" id=\"content-b1ae\"><div class=\"w-tabs-section-content-h i-cf\"><div class=\"wpb_text_column\"><div class=\"wpb_wrapper\"><p><span style=\"font-weight: 400;\">Ora\u0219ul Wiesbaden a publicat deja prima edi\u021bie a Planului de ac\u021biune privind energia termic\u0103, \u00een cadrul c\u0103ruia acesta este actualizat, evaluat \u0219i dezvoltat \u00een mod constant. \u00cen plus, a fost elaborat\u0103 \u0219i publicat\u0103 o \u201eHart\u0103 a locurilor r\u0103coroase\u201d. Aceast\u0103 hart\u0103 este \u00een mod constant extins\u0103.<\/span><\/p>\n<\/div><\/div><\/div><\/div><\/div><div class=\"w-tabs-section has_text_color\" id=\"n2cd\" style=\"background:var(--color-header-transparent-text);color:var(--color-header-top-text-hover);\"><button class=\"w-tabs-section-header\" aria-controls=\"content-n2cd\" aria-expanded=\"false\"><div class=\"w-tabs-section-title\">Comunicarea securizat\u0103 \u00een caz de dezastru<\/div><div class=\"w-tabs-section-control\"><\/div><\/button><div  class=\"w-tabs-section-content\" id=\"content-n2cd\"><div class=\"w-tabs-section-content-h i-cf\"><div class=\"wpb_text_column\"><div class=\"wpb_wrapper\"><p><span style=\"font-weight: 400;\">\u00cen cazul unei pene de curent la nivel na\u021bional sau \u00een cazul \u00een care telecomunica\u021biile sunt \u00eentrerupte, brig\u0103zile noastre de pompieri \u0219i organiza\u021biile de ajutor au \u00eenfiin\u021bat faruri mobile \u0219i sta\u021bionare de protec\u021bie civil\u0103 \u00een toate districtele. Acest lucru asigur\u0103 aprovizionarea \u0219i comunicarea de urgen\u021b\u0103. Aici pute\u021bi efectua apeluri de urgen\u021b\u0103 \u00een caz de criz\u0103, pute\u021bi primi ajutor practic, precum \u0219i informa\u021bii fiabile \u0219i clare cu privire la situa\u021bia actual\u0103. Loca\u021biile pot fi g\u0103site online \u00een geoportalul Wiesbaden.<\/span><\/p>\n<\/div><\/div><\/div><\/div><\/div><\/div><\/div><div class=\"w-separator size_medium\"><\/div><div class=\"w-btn-wrapper align_left\"><a class=\"w-btn us-btn-style_8 icon_atleft\" href=\"https:\/\/gruene-wiesbaden.de\/ro\/kommunalwahl\/#Kapitel1\"><i class=\"fas fa-chevron-circle-right\"><\/i><span class=\"w-btn-label\">\u00cenapoi la prezentare general\u0103<\/span><\/a><\/div><div class=\"w-separator size_large\"><\/div><\/div><\/div><\/div><\/div><\/section>","protected":false},"excerpt":{"rendered":"Av\u00e2nd \u00een vedere cre\u0219terea num\u0103rului de fenomene meteorologice extreme cauzate de criza climatic\u0103 \u0219i de amenin\u021b\u0103rile geopolitice, este indispensabil\u0103 o protec\u021bie civil\u0103 rezilient\u0103. Ne angaj\u0103m s\u0103 asigur\u0103m o securitate eficient\u0103 \u0219i o bun\u0103 prevenire a crizelor, care s\u0103 protejeze oamenii \u00een toate situa\u021biile. Printre acestea se num\u0103r\u0103 continuarea planului de ac\u021biune municipal privind energia termic\u0103, care protejeaz\u0103 grupurile vulnerabile, precum \u0219i un concept cuprinz\u0103tor de protec\u021bie \u00eempotriva inunda\u021biilor, cu refacerea r\u00e2urilor \u0219i a r\u00e2urilor.","protected":false},"author":1,"featured_media":1497,"comment_status":"closed","ping_status":"closed","sticky":false,"template":"","format":"standard","meta":{"footnotes":""},"categories":[14],"tags":[],"class_list":["post-1323","post","type-post","status-publish","format-standard","has-post-thumbnail","hentry","category-kapitel-1"],"yoast_head":"<!-- This site is optimized with the Yoast SEO plugin v27.5 - https:\/\/yoast.com\/product\/yoast-seo-wordpress\/ -->\n<title>Bev\u00f6lkerungsschutz - B\u00dcNDNIS 90\/DIE GR\u00dcNEN Wiesbaden<\/title>\n<meta name=\"robots\" content=\"index, follow, max-snippet:-1, max-image-preview:large, max-video-preview:-1\" \/>\n<link rel=\"canonical\" href=\"https:\/\/gruene-wiesbaden.de\/ro\/bevoelkerungsschutz\/\" \/>\n<meta property=\"og:locale\" content=\"ro_RO\" \/>\n<meta property=\"og:type\" content=\"article\" \/>\n<meta property=\"og:title\" content=\"Bev\u00f6lkerungsschutz - B\u00dcNDNIS 90\/DIE GR\u00dcNEN Wiesbaden\" \/>\n<meta property=\"og:url\" content=\"https:\/\/gruene-wiesbaden.de\/ro\/bevoelkerungsschutz\/\" \/>\n<meta property=\"og:site_name\" content=\"B\u00dcNDNIS 90\/DIE GR\u00dcNEN Wiesbaden\" \/>\n<meta property=\"article:publisher\" content=\"https:\/\/www.facebook.com\/gruene.wi\" \/>\n<meta property=\"article:published_time\" content=\"2025-11-09T21:41:29+00:00\" \/>\n<meta property=\"article:modified_time\" content=\"2026-04-08T20:32:07+00:00\" \/>\n<meta property=\"og:image\" content=\"https:\/\/gruene-wiesbaden.de\/wp-content\/uploads\/2025\/11\/1.2-Bevoelkerungsschutz-scaled.jpeg\" \/>\n\t<meta property=\"og:image:width\" content=\"2560\" \/>\n\t<meta property=\"og:image:height\" content=\"1707\" \/>\n\t<meta property=\"og:image:type\" content=\"image\/jpeg\" \/>\n<meta name=\"author\" content=\"admin\" \/>\n<meta name=\"twitter:card\" content=\"summary_large_image\" \/>\n<meta name=\"twitter:label1\" content=\"Scris de\" \/>\n\t<meta name=\"twitter:data1\" content=\"admin\" \/>\n\t<meta name=\"twitter:label2\" content=\"Timp estimat pentru citire\" \/>\n\t<meta name=\"twitter:data2\" content=\"8 minutes\" \/>\n<script type=\"application\/ld+json\" class=\"yoast-schema-graph\">{\"@context\":\"https:\\\/\\\/schema.org\",\"@graph\":[{\"@type\":\"Article\",\"@id\":\"https:\\\/\\\/gruene-wiesbaden.de\\\/bevoelkerungsschutz\\\/#article\",\"isPartOf\":{\"@id\":\"https:\\\/\\\/gruene-wiesbaden.de\\\/bevoelkerungsschutz\\\/\"},\"author\":{\"name\":\"admin\",\"@id\":\"https:\\\/\\\/gruene-wiesbaden.de\\\/#\\\/schema\\\/person\\\/6785c34779159cd4fd86886bb097afe9\"},\"headline\":\"Bev\u00f6lkerungsschutz\",\"datePublished\":\"2025-11-09T21:41:29+00:00\",\"dateModified\":\"2026-04-08T20:32:07+00:00\",\"mainEntityOfPage\":{\"@id\":\"https:\\\/\\\/gruene-wiesbaden.de\\\/bevoelkerungsschutz\\\/\"},\"wordCount\":2343,\"publisher\":{\"@id\":\"https:\\\/\\\/gruene-wiesbaden.de\\\/#organization\"},\"image\":{\"@id\":\"https:\\\/\\\/gruene-wiesbaden.de\\\/bevoelkerungsschutz\\\/#primaryimage\"},\"thumbnailUrl\":\"https:\\\/\\\/gruene-wiesbaden.de\\\/wp-content\\\/uploads\\\/2025\\\/11\\\/1.2-Bevoelkerungsschutz-scaled.jpeg\",\"articleSection\":[\"Kapitel 1\"],\"inLanguage\":\"ro-RO\"},{\"@type\":\"WebPage\",\"@id\":\"https:\\\/\\\/gruene-wiesbaden.de\\\/bevoelkerungsschutz\\\/\",\"url\":\"https:\\\/\\\/gruene-wiesbaden.de\\\/bevoelkerungsschutz\\\/\",\"name\":\"Bev\u00f6lkerungsschutz - B\u00dcNDNIS 90\\\/DIE GR\u00dcNEN Wiesbaden\",\"isPartOf\":{\"@id\":\"https:\\\/\\\/gruene-wiesbaden.de\\\/#website\"},\"primaryImageOfPage\":{\"@id\":\"https:\\\/\\\/gruene-wiesbaden.de\\\/bevoelkerungsschutz\\\/#primaryimage\"},\"image\":{\"@id\":\"https:\\\/\\\/gruene-wiesbaden.de\\\/bevoelkerungsschutz\\\/#primaryimage\"},\"thumbnailUrl\":\"https:\\\/\\\/gruene-wiesbaden.de\\\/wp-content\\\/uploads\\\/2025\\\/11\\\/1.2-Bevoelkerungsschutz-scaled.jpeg\",\"datePublished\":\"2025-11-09T21:41:29+00:00\",\"dateModified\":\"2026-04-08T20:32:07+00:00\",\"breadcrumb\":{\"@id\":\"https:\\\/\\\/gruene-wiesbaden.de\\\/bevoelkerungsschutz\\\/#breadcrumb\"},\"inLanguage\":\"ro-RO\",\"potentialAction\":[{\"@type\":\"ReadAction\",\"target\":[\"https:\\\/\\\/gruene-wiesbaden.de\\\/bevoelkerungsschutz\\\/\"]}]},{\"@type\":\"ImageObject\",\"inLanguage\":\"ro-RO\",\"@id\":\"https:\\\/\\\/gruene-wiesbaden.de\\\/bevoelkerungsschutz\\\/#primaryimage\",\"url\":\"https:\\\/\\\/gruene-wiesbaden.de\\\/wp-content\\\/uploads\\\/2025\\\/11\\\/1.2-Bevoelkerungsschutz-scaled.jpeg\",\"contentUrl\":\"https:\\\/\\\/gruene-wiesbaden.de\\\/wp-content\\\/uploads\\\/2025\\\/11\\\/1.2-Bevoelkerungsschutz-scaled.jpeg\",\"width\":2560,\"height\":1707,\"caption\":\"Boots flooded house closeup. Home rain flood. Generate Ai\"},{\"@type\":\"BreadcrumbList\",\"@id\":\"https:\\\/\\\/gruene-wiesbaden.de\\\/bevoelkerungsschutz\\\/#breadcrumb\",\"itemListElement\":[{\"@type\":\"ListItem\",\"position\":1,\"name\":\"Startseite\",\"item\":\"https:\\\/\\\/gruene-wiesbaden.de\\\/\"},{\"@type\":\"ListItem\",\"position\":2,\"name\":\"Bev\u00f6lkerungsschutz\"}]},{\"@type\":\"WebSite\",\"@id\":\"https:\\\/\\\/gruene-wiesbaden.de\\\/#website\",\"url\":\"https:\\\/\\\/gruene-wiesbaden.de\\\/\",\"name\":\"DIE GR\u00dcNEN Wiesbaden\",\"description\":\"\",\"publisher\":{\"@id\":\"https:\\\/\\\/gruene-wiesbaden.de\\\/#organization\"},\"potentialAction\":[{\"@type\":\"SearchAction\",\"target\":{\"@type\":\"EntryPoint\",\"urlTemplate\":\"https:\\\/\\\/gruene-wiesbaden.de\\\/?s={search_term_string}\"},\"query-input\":{\"@type\":\"PropertyValueSpecification\",\"valueRequired\":true,\"valueName\":\"search_term_string\"}}],\"inLanguage\":\"ro-RO\"},{\"@type\":\"Organization\",\"@id\":\"https:\\\/\\\/gruene-wiesbaden.de\\\/#organization\",\"name\":\"DIE GR\u00dcNEN Wiesbaden\",\"url\":\"https:\\\/\\\/gruene-wiesbaden.de\\\/\",\"logo\":{\"@type\":\"ImageObject\",\"inLanguage\":\"ro-RO\",\"@id\":\"https:\\\/\\\/gruene-wiesbaden.de\\\/#\\\/schema\\\/logo\\\/image\\\/\",\"url\":\"https:\\\/\\\/gruene-wiesbaden-fuer-europa.de\\\/wp-content\\\/uploads\\\/2024\\\/04\\\/Machen-was-zaehlt-5.png\",\"contentUrl\":\"https:\\\/\\\/gruene-wiesbaden-fuer-europa.de\\\/wp-content\\\/uploads\\\/2024\\\/04\\\/Machen-was-zaehlt-5.png\",\"width\":1772,\"height\":1772,\"caption\":\"DIE GR\u00dcNEN Wiesbaden\"},\"image\":{\"@id\":\"https:\\\/\\\/gruene-wiesbaden.de\\\/#\\\/schema\\\/logo\\\/image\\\/\"},\"sameAs\":[\"https:\\\/\\\/www.facebook.com\\\/gruene.wi\",\"https:\\\/\\\/instagram.com\\\/gruene_wi\"]},{\"@type\":\"Person\",\"@id\":\"https:\\\/\\\/gruene-wiesbaden.de\\\/#\\\/schema\\\/person\\\/6785c34779159cd4fd86886bb097afe9\",\"name\":\"admin\",\"sameAs\":[\"http:\\\/\\\/gruene-wiesbaden-fuer-europa.de\"],\"url\":\"https:\\\/\\\/gruene-wiesbaden.de\\\/ro\\\/author\\\/admin\\\/\"}]}<\/script>\n<!-- \/ Yoast SEO plugin. -->","yoast_head_json":{"title":"Bev\u00f6lkerungsschutz - B\u00dcNDNIS 90\/DIE GR\u00dcNEN Wiesbaden","robots":{"index":"index","follow":"follow","max-snippet":"max-snippet:-1","max-image-preview":"max-image-preview:large","max-video-preview":"max-video-preview:-1"},"canonical":"https:\/\/gruene-wiesbaden.de\/ro\/bevoelkerungsschutz\/","og_locale":"ro_RO","og_type":"article","og_title":"Bev\u00f6lkerungsschutz - B\u00dcNDNIS 90\/DIE GR\u00dcNEN Wiesbaden","og_url":"https:\/\/gruene-wiesbaden.de\/ro\/bevoelkerungsschutz\/","og_site_name":"B\u00dcNDNIS 90\/DIE GR\u00dcNEN Wiesbaden","article_publisher":"https:\/\/www.facebook.com\/gruene.wi","article_published_time":"2025-11-09T21:41:29+00:00","article_modified_time":"2026-04-08T20:32:07+00:00","og_image":[{"width":2560,"height":1707,"url":"https:\/\/gruene-wiesbaden.de\/wp-content\/uploads\/2025\/11\/1.2-Bevoelkerungsschutz-scaled.jpeg","type":"image\/jpeg"}],"author":"admin","twitter_card":"summary_large_image","twitter_misc":{"Scris de":"admin","Timp estimat pentru citire":"8 minutes"},"schema":{"@context":"https:\/\/schema.org","@graph":[{"@type":"Article","@id":"https:\/\/gruene-wiesbaden.de\/bevoelkerungsschutz\/#article","isPartOf":{"@id":"https:\/\/gruene-wiesbaden.de\/bevoelkerungsschutz\/"},"author":{"name":"admin","@id":"https:\/\/gruene-wiesbaden.de\/#\/schema\/person\/6785c34779159cd4fd86886bb097afe9"},"headline":"Bev\u00f6lkerungsschutz","datePublished":"2025-11-09T21:41:29+00:00","dateModified":"2026-04-08T20:32:07+00:00","mainEntityOfPage":{"@id":"https:\/\/gruene-wiesbaden.de\/bevoelkerungsschutz\/"},"wordCount":2343,"publisher":{"@id":"https:\/\/gruene-wiesbaden.de\/#organization"},"image":{"@id":"https:\/\/gruene-wiesbaden.de\/bevoelkerungsschutz\/#primaryimage"},"thumbnailUrl":"https:\/\/gruene-wiesbaden.de\/wp-content\/uploads\/2025\/11\/1.2-Bevoelkerungsschutz-scaled.jpeg","articleSection":["Kapitel 1"],"inLanguage":"ro-RO"},{"@type":"WebPage","@id":"https:\/\/gruene-wiesbaden.de\/bevoelkerungsschutz\/","url":"https:\/\/gruene-wiesbaden.de\/bevoelkerungsschutz\/","name":"Bev\u00f6lkerungsschutz - B\u00dcNDNIS 90\/DIE GR\u00dcNEN Wiesbaden","isPartOf":{"@id":"https:\/\/gruene-wiesbaden.de\/#website"},"primaryImageOfPage":{"@id":"https:\/\/gruene-wiesbaden.de\/bevoelkerungsschutz\/#primaryimage"},"image":{"@id":"https:\/\/gruene-wiesbaden.de\/bevoelkerungsschutz\/#primaryimage"},"thumbnailUrl":"https:\/\/gruene-wiesbaden.de\/wp-content\/uploads\/2025\/11\/1.2-Bevoelkerungsschutz-scaled.jpeg","datePublished":"2025-11-09T21:41:29+00:00","dateModified":"2026-04-08T20:32:07+00:00","breadcrumb":{"@id":"https:\/\/gruene-wiesbaden.de\/bevoelkerungsschutz\/#breadcrumb"},"inLanguage":"ro-RO","potentialAction":[{"@type":"ReadAction","target":["https:\/\/gruene-wiesbaden.de\/bevoelkerungsschutz\/"]}]},{"@type":"ImageObject","inLanguage":"ro-RO","@id":"https:\/\/gruene-wiesbaden.de\/bevoelkerungsschutz\/#primaryimage","url":"https:\/\/gruene-wiesbaden.de\/wp-content\/uploads\/2025\/11\/1.2-Bevoelkerungsschutz-scaled.jpeg","contentUrl":"https:\/\/gruene-wiesbaden.de\/wp-content\/uploads\/2025\/11\/1.2-Bevoelkerungsschutz-scaled.jpeg","width":2560,"height":1707,"caption":"Boots flooded house closeup. Home rain flood. Generate Ai"},{"@type":"BreadcrumbList","@id":"https:\/\/gruene-wiesbaden.de\/bevoelkerungsschutz\/#breadcrumb","itemListElement":[{"@type":"ListItem","position":1,"name":"Startseite","item":"https:\/\/gruene-wiesbaden.de\/"},{"@type":"ListItem","position":2,"name":"Bev\u00f6lkerungsschutz"}]},{"@type":"WebSite","@id":"https:\/\/gruene-wiesbaden.de\/#website","url":"https:\/\/gruene-wiesbaden.de\/","name":"DIE GR\u00dcNEN Wiesbaden","description":"","publisher":{"@id":"https:\/\/gruene-wiesbaden.de\/#organization"},"potentialAction":[{"@type":"SearchAction","target":{"@type":"EntryPoint","urlTemplate":"https:\/\/gruene-wiesbaden.de\/?s={search_term_string}"},"query-input":{"@type":"PropertyValueSpecification","valueRequired":true,"valueName":"search_term_string"}}],"inLanguage":"ro-RO"},{"@type":"Organization","@id":"https:\/\/gruene-wiesbaden.de\/#organization","name":"DIE GR\u00dcNEN Wiesbaden","url":"https:\/\/gruene-wiesbaden.de\/","logo":{"@type":"ImageObject","inLanguage":"ro-RO","@id":"https:\/\/gruene-wiesbaden.de\/#\/schema\/logo\/image\/","url":"https:\/\/gruene-wiesbaden-fuer-europa.de\/wp-content\/uploads\/2024\/04\/Machen-was-zaehlt-5.png","contentUrl":"https:\/\/gruene-wiesbaden-fuer-europa.de\/wp-content\/uploads\/2024\/04\/Machen-was-zaehlt-5.png","width":1772,"height":1772,"caption":"DIE GR\u00dcNEN Wiesbaden"},"image":{"@id":"https:\/\/gruene-wiesbaden.de\/#\/schema\/logo\/image\/"},"sameAs":["https:\/\/www.facebook.com\/gruene.wi","https:\/\/instagram.com\/gruene_wi"]},{"@type":"Person","@id":"https:\/\/gruene-wiesbaden.de\/#\/schema\/person\/6785c34779159cd4fd86886bb097afe9","name":"admin","sameAs":["http:\/\/gruene-wiesbaden-fuer-europa.de"],"url":"https:\/\/gruene-wiesbaden.de\/ro\/author\/admin\/"}]}},"_links":{"self":[{"href":"https:\/\/gruene-wiesbaden.de\/ro\/wp-json\/wp\/v2\/posts\/1323","targetHints":{"allow":["GET"]}}],"collection":[{"href":"https:\/\/gruene-wiesbaden.de\/ro\/wp-json\/wp\/v2\/posts"}],"about":[{"href":"https:\/\/gruene-wiesbaden.de\/ro\/wp-json\/wp\/v2\/types\/post"}],"author":[{"embeddable":true,"href":"https:\/\/gruene-wiesbaden.de\/ro\/wp-json\/wp\/v2\/users\/1"}],"replies":[{"embeddable":true,"href":"https:\/\/gruene-wiesbaden.de\/ro\/wp-json\/wp\/v2\/comments?post=1323"}],"version-history":[{"count":10,"href":"https:\/\/gruene-wiesbaden.de\/ro\/wp-json\/wp\/v2\/posts\/1323\/revisions"}],"predecessor-version":[{"id":2367,"href":"https:\/\/gruene-wiesbaden.de\/ro\/wp-json\/wp\/v2\/posts\/1323\/revisions\/2367"}],"wp:featuredmedia":[{"embeddable":true,"href":"https:\/\/gruene-wiesbaden.de\/ro\/wp-json\/wp\/v2\/media\/1497"}],"wp:attachment":[{"href":"https:\/\/gruene-wiesbaden.de\/ro\/wp-json\/wp\/v2\/media?parent=1323"}],"wp:term":[{"taxonomy":"category","embeddable":true,"href":"https:\/\/gruene-wiesbaden.de\/ro\/wp-json\/wp\/v2\/categories?post=1323"},{"taxonomy":"post_tag","embeddable":true,"href":"https:\/\/gruene-wiesbaden.de\/ro\/wp-json\/wp\/v2\/tags?post=1323"}],"curies":[{"name":"wp","href":"https:\/\/api.w.org\/{rel}","templated":true}]}}