{"id":1303,"date":"2025-11-05T14:28:17","date_gmt":"2025-11-05T12:28:17","guid":{"rendered":"https:\/\/gruene-wiesbaden.de\/?p=1303"},"modified":"2026-04-05T16:52:21","modified_gmt":"2026-04-05T14:52:21","slug":"tag-des-offenen-heizungskellers-waermepumpen-auch-in-alten-mehrfamilienhaeusern-sinnvoll","status":"publish","type":"post","link":"https:\/\/gruene-wiesbaden.de\/ro\/tag-des-offenen-heizungskellers-waermepumpen-auch-in-alten-mehrfamilienhaeusern-sinnvoll\/","title":{"rendered":"Ziua pivni\u021bei de \u00eenc\u0103lzire deschis\u0103 \u2013 Pompele de c\u0103ldur\u0103 sunt utile \u0219i \u00een casele vechi multifamiliale"},"content":{"rendered":"<section class=\"l-section wpb_row height_medium\"><div class=\"l-section-h i-cf\"><div class=\"g-cols vc_row via_grid cols_1 laptops-cols_inherit tablets-cols_inherit mobiles-cols_1 valign_top type_default stacking_default\"><div class=\"wpb_column vc_column_container\"><div class=\"vc_column-inner\"><h3 class=\"w-post-elm post_title us_custom_ea76afbe entry-title color_link_inherit\">Ziua pivni\u021bei de \u00eenc\u0103lzire deschis\u0103 \u2013 Pompele de c\u0103ldur\u0103 sunt utile \u0219i \u00een casele vechi multifamiliale<\/h3><div class=\"w-post-elm post_image\"><img loading=\"lazy\" decoding=\"async\" width=\"600\" height=\"450\" src=\"https:\/\/gruene-wiesbaden.de\/wp-content\/uploads\/2025\/11\/he-gong-2VCtLsPEaWI-unsplash-600x450.jpg\" class=\"attachment-large size-large wp-post-image\" alt=\"\" srcset=\"https:\/\/gruene-wiesbaden.de\/wp-content\/uploads\/2025\/11\/he-gong-2VCtLsPEaWI-unsplash-600x450.jpg 600w, https:\/\/gruene-wiesbaden.de\/wp-content\/uploads\/2025\/11\/he-gong-2VCtLsPEaWI-unsplash-400x300.jpg 400w\" sizes=\"auto, (max-width: 600px) 100vw, 600px\" \/><\/div><div class=\"w-separator size_medium\"><\/div><div class=\"wpb_text_column\"><div class=\"wpb_wrapper\"><p><b>Wiesbaden\/Taunusstein, 5.11.2025. Mul\u021bi se \u00eentreab\u0103: Cum ar trebui s\u0103-mi \u00eenc\u0103lzesc apartamentul sau casa dac\u0103 Legea privind energia cl\u0103dirilor nu mai permite \u00eenc\u0103lzirea cu petrol \u0219i gaze \u00een c\u00e2\u021biva ani din motive de mediu.<span class=\"Apple-converted-space\">\u00a0<\/span><\/b><b><\/b><b>La \u201eZiua pivni\u021bei de \u00eenc\u0103lzire deschis\u0103\u201d din 15.11.2025, p\u0103r\u021bile interesate pot analiza solu\u021bii practice \u00een multe ora\u0219e de la fa\u021ba locului, iar pionierii \u00eenc\u0103lzirii se pot \u00eenregistra \u0219i se pot prezenta \u00een continuare (<\/b><a href=\"https:\/\/localzero.net\/mit-machen\/offener-heizungskeller#besucher\" target=\"_blank\" rel=\"noopener\"><span><b>https:\/\/localzero.net\/mit-machen\/offener-heizungskeller#besucher<\/b><\/span><\/a><b>). Acest lucru este subliniat de Grupul de lucru pentru energie \u0219i protec\u021bia climei al Verzilor din Wiesbaden (<\/b><a href=\"https:\/\/gruene-wiesbaden.de\/ro\/mitmachen\/\" target=\"_blank\" rel=\"noopener\"><span><b>https:\/\/gruene-wiesbaden.de\/mitmachen\/<\/b><\/span><\/a><b>) dup\u0103 un schimb intern de experien\u021b\u0103.<span class=\"Apple-converted-space\">\u00a0<\/span><\/b><b><\/b><\/p>\n<p>Pompele de c\u0103ldur\u0103, spre deosebire de ceea ce se pretinde adesea, sunt adesea o op\u021biune viabil\u0103 \u0219i profitabil\u0103 chiar \u0219i \u00een casele vechi multifamiliale, potrivit AK. Stefan Klooth, membru al grupului de lucru, dovede\u0219te acest lucru \u00eentr-o cas\u0103 de aproape 50 de ani, cu opt apartamente, \u00een care locuie\u0219te \u00een Taunusstein \u0219i pe care o gestioneaz\u0103 \u0219i el. \u201eA fost munc\u0103, dar acum totul merge bine \u0219i toat\u0103 lumea se \u00eenc\u0103lze\u0219te\u201d, spune Klooth. \u00cen \u0219ase<span class=\"Apple-converted-space\"> <\/span>Investi\u021bia \u00een central\u0103 va fi amortizat\u0103 pe o perioad\u0103 de p\u00e2n\u0103 la nou\u0103 ani. El prezint\u0103, de asemenea, planta pe Internet<span class=\"Apple-converted-space\">\u00a0<\/span><span>(<\/span><a href=\"https:\/\/www.youtube.com\/watch?v=6QWnikNH1ss\" target=\"_blank\" rel=\"noopener\">https:\/\/www.youtube.com\/watch?v=6QWnikNH1ss<\/a><span>).\u00a0<\/span><\/p>\n<p>\"Aceasta este o solu\u021bie exemplar\u0103\", spune Axel Bretzke, purt\u0103tor de cuv\u00e2nt al grupului de lucru \u0219i profesor aD pentru utilizarea energiei \u00een domeniul imobiliar. \"F\u0103r\u0103 cuno\u0219tin\u021bele proprii sau inducerea \u00een subiect, un bun consultant energetic este indispensabil ca acompaniament\", continu\u0103 Bretzke. Ini\u021biativa de a deschide pivni\u021be de \u00eenc\u0103lzire este, prin urmare, foarte util\u0103 \u0219i sper\u0103 c\u0103, chiar \u0219i prin intermediul Camerei de Industrie \u0219i Comer\u021b (IHK), pionierii \u00eenc\u0103lzirii vor decide s\u0103 prezinte publicului sistemele lor inovatoare de \u00eenc\u0103lzire la 15.11.2025.<span class=\"Apple-converted-space\">\u00a0<\/span><\/p>\n<p>Locul \u00een care va fi disponibil\u0103 \u00eenc\u0103lzirea centralizat\u0103 \u0219i locul \u00een care proprietarii \u00een\u0219i\u0219i vor trebui s\u0103 aib\u0103 grij\u0103 de o nou\u0103 \u00eenc\u0103lzire depinde de planificarea termic\u0103 a ora\u0219ului sau a municipalit\u0103\u021bii. \u00cen capitala statului Wiesbaden, acesta este dezvoltat la Agen\u021bia de Mediu sub conducerea directorului verde Christiane Hinninger. <span>(<\/span><a href=\"https:\/\/www.wiesbaden.de\/leben-in-wiesbaden\/umwelt-natur-klima\/klima-schutz\/\" target=\"_blank\" rel=\"noopener\">https:\/\/www.wiesbaden.de\/leben-in-wiesbaden\/umwelt-natur-klima\/klima-schutz\/<\/a><span>).<span class=\"Apple-converted-space\">\u00a0<\/span><\/span>Pe l\u00e2ng\u0103 solu\u021biile de \u00eenc\u0103lzire centralizat\u0103 \u0219i local\u0103, poten\u021bialul enorm al pompelor de c\u0103ldur\u0103 din aer, ap\u0103 de suprafa\u021b\u0103, energie geotermal\u0103 \u0219i c\u0103ldur\u0103 rezidual\u0103 este eviden\u021biat aici.<span class=\"Apple-converted-space\">\u00a0<\/span><\/p>\n<\/div><\/div><\/div><\/div><\/div><\/div><\/section>","protected":false},"excerpt":{"rendered":"Zi de \u00eenc\u0103lzire deschis\u0103 \u00een pivni\u021b\u0103 \u2013 pompe de c\u0103ldur\u0103 utile \u0219i \u00een casele vechi multifamilialeWiesbaden\/Taunusstein, 05.11.2025. Mul\u021bi se \u00eentreab\u0103: Cum ar trebui s\u0103-mi \u00eenc\u0103lzesc apartamentul sau casa dac\u0103 Legea privind energia cl\u0103dirilor nu mai permite \u00eenc\u0103lzirea cu petrol \u0219i gaze \u00een c\u00e2\u021biva ani din motive de mediu.\u00a0La \"Ziua Pivni\u021bei de \u00cenc\u0103lzire Deschis\u0103\" din 15.11.2025, p\u0103r\u021bile interesate pot g\u0103si solu\u021bii practice \u00een multe ora\u0219e locale...","protected":false},"author":1,"featured_media":1306,"comment_status":"closed","ping_status":"closed","sticky":false,"template":"","format":"standard","meta":{"footnotes":""},"categories":[8,6],"tags":[],"class_list":["post-1303","post","type-post","status-publish","format-standard","has-post-thumbnail","hentry","category-allgemein","category-veranstaltungen"],"yoast_head":"<!-- This site is optimized with the Yoast SEO plugin v27.5 - https:\/\/yoast.com\/product\/yoast-seo-wordpress\/ -->\n<title>Tag des offenen Heizungskellers \u2013 W\u00e4rmepumpen auch in alten Mehrfamilienh\u00e4usern sinnvoll - B\u00dcNDNIS 90\/DIE GR\u00dcNEN Wiesbaden<\/title>\n<meta name=\"robots\" content=\"index, follow, max-snippet:-1, max-image-preview:large, max-video-preview:-1\" \/>\n<link rel=\"canonical\" href=\"https:\/\/gruene-wiesbaden.de\/ro\/tag-des-offenen-heizungskellers-waermepumpen-auch-in-alten-mehrfamilienhaeusern-sinnvoll\/\" \/>\n<meta property=\"og:locale\" content=\"ro_RO\" \/>\n<meta property=\"og:type\" content=\"article\" \/>\n<meta property=\"og:title\" content=\"Tag des offenen Heizungskellers \u2013 W\u00e4rmepumpen auch in alten Mehrfamilienh\u00e4usern sinnvoll - B\u00dcNDNIS 90\/DIE GR\u00dcNEN Wiesbaden\" \/>\n<meta property=\"og:url\" content=\"https:\/\/gruene-wiesbaden.de\/ro\/tag-des-offenen-heizungskellers-waermepumpen-auch-in-alten-mehrfamilienhaeusern-sinnvoll\/\" \/>\n<meta property=\"og:site_name\" content=\"B\u00dcNDNIS 90\/DIE GR\u00dcNEN Wiesbaden\" \/>\n<meta property=\"article:publisher\" content=\"https:\/\/www.facebook.com\/gruene.wi\" \/>\n<meta property=\"article:published_time\" content=\"2025-11-05T12:28:17+00:00\" \/>\n<meta property=\"article:modified_time\" content=\"2026-04-05T14:52:21+00:00\" \/>\n<meta property=\"og:image\" content=\"https:\/\/gruene-wiesbaden.de\/wp-content\/uploads\/2025\/11\/he-gong-2VCtLsPEaWI-unsplash-scaled.jpg\" \/>\n\t<meta property=\"og:image:width\" content=\"2560\" \/>\n\t<meta property=\"og:image:height\" content=\"1920\" \/>\n\t<meta property=\"og:image:type\" content=\"image\/jpeg\" \/>\n<meta name=\"author\" content=\"admin\" \/>\n<meta name=\"twitter:card\" content=\"summary_large_image\" \/>\n<meta name=\"twitter:label1\" content=\"Scris de\" \/>\n\t<meta name=\"twitter:data1\" content=\"admin\" \/>\n\t<meta name=\"twitter:label2\" content=\"Timp estimat pentru citire\" \/>\n\t<meta name=\"twitter:data2\" content=\"2 minutes\" \/>\n<script type=\"application\/ld+json\" class=\"yoast-schema-graph\">{\"@context\":\"https:\\\/\\\/schema.org\",\"@graph\":[{\"@type\":\"Article\",\"@id\":\"https:\\\/\\\/gruene-wiesbaden.de\\\/tag-des-offenen-heizungskellers-waermepumpen-auch-in-alten-mehrfamilienhaeusern-sinnvoll\\\/#article\",\"isPartOf\":{\"@id\":\"https:\\\/\\\/gruene-wiesbaden.de\\\/tag-des-offenen-heizungskellers-waermepumpen-auch-in-alten-mehrfamilienhaeusern-sinnvoll\\\/\"},\"author\":{\"name\":\"admin\",\"@id\":\"https:\\\/\\\/gruene-wiesbaden.de\\\/#\\\/schema\\\/person\\\/6785c34779159cd4fd86886bb097afe9\"},\"headline\":\"Tag des offenen Heizungskellers \u2013 W\u00e4rmepumpen auch in alten Mehrfamilienh\u00e4usern sinnvoll\",\"datePublished\":\"2025-11-05T12:28:17+00:00\",\"dateModified\":\"2026-04-05T14:52:21+00:00\",\"mainEntityOfPage\":{\"@id\":\"https:\\\/\\\/gruene-wiesbaden.de\\\/tag-des-offenen-heizungskellers-waermepumpen-auch-in-alten-mehrfamilienhaeusern-sinnvoll\\\/\"},\"wordCount\":381,\"publisher\":{\"@id\":\"https:\\\/\\\/gruene-wiesbaden.de\\\/#organization\"},\"image\":{\"@id\":\"https:\\\/\\\/gruene-wiesbaden.de\\\/tag-des-offenen-heizungskellers-waermepumpen-auch-in-alten-mehrfamilienhaeusern-sinnvoll\\\/#primaryimage\"},\"thumbnailUrl\":\"https:\\\/\\\/gruene-wiesbaden.de\\\/wp-content\\\/uploads\\\/2025\\\/11\\\/he-gong-2VCtLsPEaWI-unsplash-scaled.jpg\",\"articleSection\":[\"Allgemein\",\"Veranstaltungen\"],\"inLanguage\":\"ro-RO\"},{\"@type\":\"WebPage\",\"@id\":\"https:\\\/\\\/gruene-wiesbaden.de\\\/tag-des-offenen-heizungskellers-waermepumpen-auch-in-alten-mehrfamilienhaeusern-sinnvoll\\\/\",\"url\":\"https:\\\/\\\/gruene-wiesbaden.de\\\/tag-des-offenen-heizungskellers-waermepumpen-auch-in-alten-mehrfamilienhaeusern-sinnvoll\\\/\",\"name\":\"Tag des offenen Heizungskellers \u2013 W\u00e4rmepumpen auch in alten Mehrfamilienh\u00e4usern sinnvoll - B\u00dcNDNIS 90\\\/DIE GR\u00dcNEN Wiesbaden\",\"isPartOf\":{\"@id\":\"https:\\\/\\\/gruene-wiesbaden.de\\\/#website\"},\"primaryImageOfPage\":{\"@id\":\"https:\\\/\\\/gruene-wiesbaden.de\\\/tag-des-offenen-heizungskellers-waermepumpen-auch-in-alten-mehrfamilienhaeusern-sinnvoll\\\/#primaryimage\"},\"image\":{\"@id\":\"https:\\\/\\\/gruene-wiesbaden.de\\\/tag-des-offenen-heizungskellers-waermepumpen-auch-in-alten-mehrfamilienhaeusern-sinnvoll\\\/#primaryimage\"},\"thumbnailUrl\":\"https:\\\/\\\/gruene-wiesbaden.de\\\/wp-content\\\/uploads\\\/2025\\\/11\\\/he-gong-2VCtLsPEaWI-unsplash-scaled.jpg\",\"datePublished\":\"2025-11-05T12:28:17+00:00\",\"dateModified\":\"2026-04-05T14:52:21+00:00\",\"breadcrumb\":{\"@id\":\"https:\\\/\\\/gruene-wiesbaden.de\\\/tag-des-offenen-heizungskellers-waermepumpen-auch-in-alten-mehrfamilienhaeusern-sinnvoll\\\/#breadcrumb\"},\"inLanguage\":\"ro-RO\",\"potentialAction\":[{\"@type\":\"ReadAction\",\"target\":[\"https:\\\/\\\/gruene-wiesbaden.de\\\/tag-des-offenen-heizungskellers-waermepumpen-auch-in-alten-mehrfamilienhaeusern-sinnvoll\\\/\"]}]},{\"@type\":\"ImageObject\",\"inLanguage\":\"ro-RO\",\"@id\":\"https:\\\/\\\/gruene-wiesbaden.de\\\/tag-des-offenen-heizungskellers-waermepumpen-auch-in-alten-mehrfamilienhaeusern-sinnvoll\\\/#primaryimage\",\"url\":\"https:\\\/\\\/gruene-wiesbaden.de\\\/wp-content\\\/uploads\\\/2025\\\/11\\\/he-gong-2VCtLsPEaWI-unsplash-scaled.jpg\",\"contentUrl\":\"https:\\\/\\\/gruene-wiesbaden.de\\\/wp-content\\\/uploads\\\/2025\\\/11\\\/he-gong-2VCtLsPEaWI-unsplash-scaled.jpg\",\"width\":2560,\"height\":1920},{\"@type\":\"BreadcrumbList\",\"@id\":\"https:\\\/\\\/gruene-wiesbaden.de\\\/tag-des-offenen-heizungskellers-waermepumpen-auch-in-alten-mehrfamilienhaeusern-sinnvoll\\\/#breadcrumb\",\"itemListElement\":[{\"@type\":\"ListItem\",\"position\":1,\"name\":\"Startseite\",\"item\":\"https:\\\/\\\/gruene-wiesbaden.de\\\/\"},{\"@type\":\"ListItem\",\"position\":2,\"name\":\"Tag des offenen Heizungskellers \u2013 W\u00e4rmepumpen auch in alten Mehrfamilienh\u00e4usern sinnvoll\"}]},{\"@type\":\"WebSite\",\"@id\":\"https:\\\/\\\/gruene-wiesbaden.de\\\/#website\",\"url\":\"https:\\\/\\\/gruene-wiesbaden.de\\\/\",\"name\":\"DIE GR\u00dcNEN Wiesbaden\",\"description\":\"\",\"publisher\":{\"@id\":\"https:\\\/\\\/gruene-wiesbaden.de\\\/#organization\"},\"potentialAction\":[{\"@type\":\"SearchAction\",\"target\":{\"@type\":\"EntryPoint\",\"urlTemplate\":\"https:\\\/\\\/gruene-wiesbaden.de\\\/?s={search_term_string}\"},\"query-input\":{\"@type\":\"PropertyValueSpecification\",\"valueRequired\":true,\"valueName\":\"search_term_string\"}}],\"inLanguage\":\"ro-RO\"},{\"@type\":\"Organization\",\"@id\":\"https:\\\/\\\/gruene-wiesbaden.de\\\/#organization\",\"name\":\"DIE GR\u00dcNEN Wiesbaden\",\"url\":\"https:\\\/\\\/gruene-wiesbaden.de\\\/\",\"logo\":{\"@type\":\"ImageObject\",\"inLanguage\":\"ro-RO\",\"@id\":\"https:\\\/\\\/gruene-wiesbaden.de\\\/#\\\/schema\\\/logo\\\/image\\\/\",\"url\":\"https:\\\/\\\/gruene-wiesbaden-fuer-europa.de\\\/wp-content\\\/uploads\\\/2024\\\/04\\\/Machen-was-zaehlt-5.png\",\"contentUrl\":\"https:\\\/\\\/gruene-wiesbaden-fuer-europa.de\\\/wp-content\\\/uploads\\\/2024\\\/04\\\/Machen-was-zaehlt-5.png\",\"width\":1772,\"height\":1772,\"caption\":\"DIE GR\u00dcNEN Wiesbaden\"},\"image\":{\"@id\":\"https:\\\/\\\/gruene-wiesbaden.de\\\/#\\\/schema\\\/logo\\\/image\\\/\"},\"sameAs\":[\"https:\\\/\\\/www.facebook.com\\\/gruene.wi\",\"https:\\\/\\\/instagram.com\\\/gruene_wi\"]},{\"@type\":\"Person\",\"@id\":\"https:\\\/\\\/gruene-wiesbaden.de\\\/#\\\/schema\\\/person\\\/6785c34779159cd4fd86886bb097afe9\",\"name\":\"admin\",\"sameAs\":[\"http:\\\/\\\/gruene-wiesbaden-fuer-europa.de\"],\"url\":\"https:\\\/\\\/gruene-wiesbaden.de\\\/ro\\\/author\\\/admin\\\/\"}]}<\/script>\n<!-- \/ Yoast SEO plugin. -->","yoast_head_json":{"title":"Tag des offenen Heizungskellers \u2013 W\u00e4rmepumpen auch in alten Mehrfamilienh\u00e4usern sinnvoll - B\u00dcNDNIS 90\/DIE GR\u00dcNEN Wiesbaden","robots":{"index":"index","follow":"follow","max-snippet":"max-snippet:-1","max-image-preview":"max-image-preview:large","max-video-preview":"max-video-preview:-1"},"canonical":"https:\/\/gruene-wiesbaden.de\/ro\/tag-des-offenen-heizungskellers-waermepumpen-auch-in-alten-mehrfamilienhaeusern-sinnvoll\/","og_locale":"ro_RO","og_type":"article","og_title":"Tag des offenen Heizungskellers \u2013 W\u00e4rmepumpen auch in alten Mehrfamilienh\u00e4usern sinnvoll - B\u00dcNDNIS 90\/DIE GR\u00dcNEN Wiesbaden","og_url":"https:\/\/gruene-wiesbaden.de\/ro\/tag-des-offenen-heizungskellers-waermepumpen-auch-in-alten-mehrfamilienhaeusern-sinnvoll\/","og_site_name":"B\u00dcNDNIS 90\/DIE GR\u00dcNEN Wiesbaden","article_publisher":"https:\/\/www.facebook.com\/gruene.wi","article_published_time":"2025-11-05T12:28:17+00:00","article_modified_time":"2026-04-05T14:52:21+00:00","og_image":[{"width":2560,"height":1920,"url":"https:\/\/gruene-wiesbaden.de\/wp-content\/uploads\/2025\/11\/he-gong-2VCtLsPEaWI-unsplash-scaled.jpg","type":"image\/jpeg"}],"author":"admin","twitter_card":"summary_large_image","twitter_misc":{"Scris de":"admin","Timp estimat pentru citire":"2 minutes"},"schema":{"@context":"https:\/\/schema.org","@graph":[{"@type":"Article","@id":"https:\/\/gruene-wiesbaden.de\/tag-des-offenen-heizungskellers-waermepumpen-auch-in-alten-mehrfamilienhaeusern-sinnvoll\/#article","isPartOf":{"@id":"https:\/\/gruene-wiesbaden.de\/tag-des-offenen-heizungskellers-waermepumpen-auch-in-alten-mehrfamilienhaeusern-sinnvoll\/"},"author":{"name":"admin","@id":"https:\/\/gruene-wiesbaden.de\/#\/schema\/person\/6785c34779159cd4fd86886bb097afe9"},"headline":"Tag des offenen Heizungskellers \u2013 W\u00e4rmepumpen auch in alten Mehrfamilienh\u00e4usern sinnvoll","datePublished":"2025-11-05T12:28:17+00:00","dateModified":"2026-04-05T14:52:21+00:00","mainEntityOfPage":{"@id":"https:\/\/gruene-wiesbaden.de\/tag-des-offenen-heizungskellers-waermepumpen-auch-in-alten-mehrfamilienhaeusern-sinnvoll\/"},"wordCount":381,"publisher":{"@id":"https:\/\/gruene-wiesbaden.de\/#organization"},"image":{"@id":"https:\/\/gruene-wiesbaden.de\/tag-des-offenen-heizungskellers-waermepumpen-auch-in-alten-mehrfamilienhaeusern-sinnvoll\/#primaryimage"},"thumbnailUrl":"https:\/\/gruene-wiesbaden.de\/wp-content\/uploads\/2025\/11\/he-gong-2VCtLsPEaWI-unsplash-scaled.jpg","articleSection":["Allgemein","Veranstaltungen"],"inLanguage":"ro-RO"},{"@type":"WebPage","@id":"https:\/\/gruene-wiesbaden.de\/tag-des-offenen-heizungskellers-waermepumpen-auch-in-alten-mehrfamilienhaeusern-sinnvoll\/","url":"https:\/\/gruene-wiesbaden.de\/tag-des-offenen-heizungskellers-waermepumpen-auch-in-alten-mehrfamilienhaeusern-sinnvoll\/","name":"Tag des offenen Heizungskellers \u2013 W\u00e4rmepumpen auch in alten Mehrfamilienh\u00e4usern sinnvoll - B\u00dcNDNIS 90\/DIE GR\u00dcNEN Wiesbaden","isPartOf":{"@id":"https:\/\/gruene-wiesbaden.de\/#website"},"primaryImageOfPage":{"@id":"https:\/\/gruene-wiesbaden.de\/tag-des-offenen-heizungskellers-waermepumpen-auch-in-alten-mehrfamilienhaeusern-sinnvoll\/#primaryimage"},"image":{"@id":"https:\/\/gruene-wiesbaden.de\/tag-des-offenen-heizungskellers-waermepumpen-auch-in-alten-mehrfamilienhaeusern-sinnvoll\/#primaryimage"},"thumbnailUrl":"https:\/\/gruene-wiesbaden.de\/wp-content\/uploads\/2025\/11\/he-gong-2VCtLsPEaWI-unsplash-scaled.jpg","datePublished":"2025-11-05T12:28:17+00:00","dateModified":"2026-04-05T14:52:21+00:00","breadcrumb":{"@id":"https:\/\/gruene-wiesbaden.de\/tag-des-offenen-heizungskellers-waermepumpen-auch-in-alten-mehrfamilienhaeusern-sinnvoll\/#breadcrumb"},"inLanguage":"ro-RO","potentialAction":[{"@type":"ReadAction","target":["https:\/\/gruene-wiesbaden.de\/tag-des-offenen-heizungskellers-waermepumpen-auch-in-alten-mehrfamilienhaeusern-sinnvoll\/"]}]},{"@type":"ImageObject","inLanguage":"ro-RO","@id":"https:\/\/gruene-wiesbaden.de\/tag-des-offenen-heizungskellers-waermepumpen-auch-in-alten-mehrfamilienhaeusern-sinnvoll\/#primaryimage","url":"https:\/\/gruene-wiesbaden.de\/wp-content\/uploads\/2025\/11\/he-gong-2VCtLsPEaWI-unsplash-scaled.jpg","contentUrl":"https:\/\/gruene-wiesbaden.de\/wp-content\/uploads\/2025\/11\/he-gong-2VCtLsPEaWI-unsplash-scaled.jpg","width":2560,"height":1920},{"@type":"BreadcrumbList","@id":"https:\/\/gruene-wiesbaden.de\/tag-des-offenen-heizungskellers-waermepumpen-auch-in-alten-mehrfamilienhaeusern-sinnvoll\/#breadcrumb","itemListElement":[{"@type":"ListItem","position":1,"name":"Startseite","item":"https:\/\/gruene-wiesbaden.de\/"},{"@type":"ListItem","position":2,"name":"Tag des offenen Heizungskellers \u2013 W\u00e4rmepumpen auch in alten Mehrfamilienh\u00e4usern sinnvoll"}]},{"@type":"WebSite","@id":"https:\/\/gruene-wiesbaden.de\/#website","url":"https:\/\/gruene-wiesbaden.de\/","name":"DIE GR\u00dcNEN Wiesbaden","description":"","publisher":{"@id":"https:\/\/gruene-wiesbaden.de\/#organization"},"potentialAction":[{"@type":"SearchAction","target":{"@type":"EntryPoint","urlTemplate":"https:\/\/gruene-wiesbaden.de\/?s={search_term_string}"},"query-input":{"@type":"PropertyValueSpecification","valueRequired":true,"valueName":"search_term_string"}}],"inLanguage":"ro-RO"},{"@type":"Organization","@id":"https:\/\/gruene-wiesbaden.de\/#organization","name":"DIE GR\u00dcNEN Wiesbaden","url":"https:\/\/gruene-wiesbaden.de\/","logo":{"@type":"ImageObject","inLanguage":"ro-RO","@id":"https:\/\/gruene-wiesbaden.de\/#\/schema\/logo\/image\/","url":"https:\/\/gruene-wiesbaden-fuer-europa.de\/wp-content\/uploads\/2024\/04\/Machen-was-zaehlt-5.png","contentUrl":"https:\/\/gruene-wiesbaden-fuer-europa.de\/wp-content\/uploads\/2024\/04\/Machen-was-zaehlt-5.png","width":1772,"height":1772,"caption":"DIE GR\u00dcNEN Wiesbaden"},"image":{"@id":"https:\/\/gruene-wiesbaden.de\/#\/schema\/logo\/image\/"},"sameAs":["https:\/\/www.facebook.com\/gruene.wi","https:\/\/instagram.com\/gruene_wi"]},{"@type":"Person","@id":"https:\/\/gruene-wiesbaden.de\/#\/schema\/person\/6785c34779159cd4fd86886bb097afe9","name":"admin","sameAs":["http:\/\/gruene-wiesbaden-fuer-europa.de"],"url":"https:\/\/gruene-wiesbaden.de\/ro\/author\/admin\/"}]}},"_links":{"self":[{"href":"https:\/\/gruene-wiesbaden.de\/ro\/wp-json\/wp\/v2\/posts\/1303","targetHints":{"allow":["GET"]}}],"collection":[{"href":"https:\/\/gruene-wiesbaden.de\/ro\/wp-json\/wp\/v2\/posts"}],"about":[{"href":"https:\/\/gruene-wiesbaden.de\/ro\/wp-json\/wp\/v2\/types\/post"}],"author":[{"embeddable":true,"href":"https:\/\/gruene-wiesbaden.de\/ro\/wp-json\/wp\/v2\/users\/1"}],"replies":[{"embeddable":true,"href":"https:\/\/gruene-wiesbaden.de\/ro\/wp-json\/wp\/v2\/comments?post=1303"}],"version-history":[{"count":5,"href":"https:\/\/gruene-wiesbaden.de\/ro\/wp-json\/wp\/v2\/posts\/1303\/revisions"}],"predecessor-version":[{"id":2173,"href":"https:\/\/gruene-wiesbaden.de\/ro\/wp-json\/wp\/v2\/posts\/1303\/revisions\/2173"}],"wp:featuredmedia":[{"embeddable":true,"href":"https:\/\/gruene-wiesbaden.de\/ro\/wp-json\/wp\/v2\/media\/1306"}],"wp:attachment":[{"href":"https:\/\/gruene-wiesbaden.de\/ro\/wp-json\/wp\/v2\/media?parent=1303"}],"wp:term":[{"taxonomy":"category","embeddable":true,"href":"https:\/\/gruene-wiesbaden.de\/ro\/wp-json\/wp\/v2\/categories?post=1303"},{"taxonomy":"post_tag","embeddable":true,"href":"https:\/\/gruene-wiesbaden.de\/ro\/wp-json\/wp\/v2\/tags?post=1303"}],"curies":[{"name":"wp","href":"https:\/\/api.w.org\/{rel}","templated":true}]}}