{"id":1222,"date":"2025-08-01T22:40:52","date_gmt":"2025-08-01T20:40:52","guid":{"rendered":"https:\/\/gruene-wiesbaden.de\/?p=1222"},"modified":"2026-04-08T22:38:25","modified_gmt":"2026-04-08T20:38:25","slug":"lore-ipsum-samed","status":"publish","type":"post","link":"https:\/\/gruene-wiesbaden.de\/ro\/lore-ipsum-samed\/","title":{"rendered":"Agricultur\u0103 \u0219i silvicultur\u0103"},"content":{"rendered":"<section class=\"l-section wpb_row height_medium with_img\"><div class=\"l-section-img\" role=\"img\" data-img-width=\"1080\" data-img-height=\"800\" style=\"background-image: url(https:\/\/gruene-wiesbaden.de\/wp-content\/uploads\/2025\/11\/neuer-Verlauf-gruene-wiesbaden.de_-2-e1762709402177.png);\"><\/div><div class=\"l-section-overlay\" style=\"background:var(--color-header-top-transparent-bg)\"><\/div><div class=\"l-section-h i-cf\"><div class=\"g-cols vc_row via_grid cols_1 laptops-cols_inherit tablets-cols_inherit mobiles-cols_1 valign_top type_default stacking_default\"><div class=\"wpb_column vc_column_container\"><div class=\"vc_column-inner\"><h1 class=\"w-post-elm post_title us_custom_a574d586 has_text_color entry-title\">Agricultur\u0103 \u0219i silvicultur\u0103<\/h1><div class=\"w-separator size_medium\"><\/div><div class=\"g-cols wpb_row via_grid cols_2-1 laptops-cols_inherit tablets-cols_inherit mobiles-cols_1 valign_top type_default stacking_default\" style=\"--columns-gap:3rem;\"><div class=\"wpb_column vc_column_container\"><div class=\"vc_column-inner\"><div class=\"wpb_text_column us_custom_8b3d6790 has_text_color\"><div class=\"wpb_wrapper\"><p><span style=\"font-weight: 400;\">Agricultura \u0219i silvicultura sunt mult mai mult dec\u00e2t sectoare economice \u2013 ele stau la baza alimenta\u021biei noastre, a peisajelor noastre \u0219i a climei noastre. Fie \u00een ora\u0219, fie \u00een mediul rural: Modul \u00een care cultiv\u0103m are un impact direct asupra calit\u0103\u021bii vie\u021bii noastre, a s\u0103n\u0103t\u0103\u021bii noastre \u0219i a mediului nostru.<\/span><\/p>\n<p><span style=\"font-weight: 400;\">Ne confrunt\u0103m cu provocarea de a proiecta o agricultur\u0103 durabil\u0103 care s\u0103 fie durabil\u0103 din punct de vedere ecologic \u0219i viabil\u0103 din punct de vedere economic \u0219i ale c\u0103rei produse s\u0103 poat\u0103 fi oferite de orice gospod\u0103rie.<\/span><\/p>\n<p><span style=\"font-weight: 400;\">P\u0103durile au fost motoarele ciclurilor majore de materiale timp de milioane de ani. Am pus func\u021bia lor ecologic\u0103 \u00een centrul strategiei noastre de dezvoltare forestier\u0103, deoarece p\u0103durile mixte rezistente la schimb\u0103rile climatice sunt garantul apei potabile curate, al aerului curat, al conserv\u0103rii biodiversit\u0103\u021bii \u0219i al unui ora\u0219 mai r\u0103coros \u00een verile fierbin\u021bi.<\/span><\/p>\n<\/div><\/div><div class=\"w-separator size_medium\"><\/div><div class=\"w-btn-wrapper align_left\"><a class=\"w-btn us-btn-style_8 icon_atleft\" href=\"https:\/\/gruene-wiesbaden.de\/ro\/kommunalwahl\/#Kapitel1\"><i class=\"fas fa-chevron-circle-right\"><\/i><span class=\"w-btn-label\">\u00cenapoi la prezentare general\u0103<\/span><\/a><\/div><\/div><\/div><div class=\"wpb_column vc_column_container\"><div class=\"vc_column-inner\"><div class=\"w-image align_center\"><div class=\"w-image-h\"><img decoding=\"async\" width=\"1920\" height=\"2560\" src=\"https:\/\/gruene-wiesbaden.de\/wp-content\/uploads\/2025\/07\/noaa-SkJG9sNkQVQ-unsplash-scaled.jpg\" class=\"attachment-full size-full\" alt=\"\" loading=\"lazy\" srcset=\"https:\/\/gruene-wiesbaden.de\/wp-content\/uploads\/2025\/07\/noaa-SkJG9sNkQVQ-unsplash-scaled.jpg 1920w, https:\/\/gruene-wiesbaden.de\/wp-content\/uploads\/2025\/07\/noaa-SkJG9sNkQVQ-unsplash-300x400.jpg 300w, https:\/\/gruene-wiesbaden.de\/wp-content\/uploads\/2025\/07\/noaa-SkJG9sNkQVQ-unsplash-450x600.jpg 450w\" sizes=\"auto, (max-width: 1920px) 100vw, 1920px\" \/><\/div><\/div><div class=\"w-separator size_small\"><\/div><\/div><\/div><\/div><div class=\"w-separator size_medium\"><\/div><div class=\"w-separator size_medium\"><\/div><div class=\"wpb_text_column\"><div class=\"wpb_wrapper\"><h1>Ce \u00eenseamn\u0103 pentru noi agricultura \u0219i silvicultura durabile<\/h1>\n<\/div><\/div><div class=\"w-separator size_large\"><\/div><div class=\"g-cols wpb_row via_grid cols_3 laptops-cols_inherit tablets-cols_inherit mobiles-cols_1 valign_top type_default stacking_default\" style=\"--columns-gap:3rem;\"><div class=\"wpb_column vc_column_container\"><div class=\"vc_column-inner\"><div class=\"w-iconbox us_custom_f4639b64 has_text_color iconpos_left style_default color_custom align_left\"><div class=\"w-iconbox-icon\" style=\"font-size:2rem;--icon-color:#Ffffff;--icon-bg-color:var(--color-header-middle-bg);\"><i class=\"fas fa-layer-group\"><\/i><\/div><div class=\"w-iconbox-meta\"><h4 class=\"w-iconbox-title\" style=\"font-size:1.5rem;\">Conservarea naturii de c\u0103tre fermieri<\/h4><div class=\"w-iconbox-text\"><p><span style=\"font-weight: 400;\">Sus\u021binem o politic\u0103 care colaboreaz\u0103 cu fermierii pentru a ne proteja natura. Ei au cuno\u0219tin\u021be aprofundate cu privire la importan\u021ba solurilor s\u0103n\u0103toase, a apei curate \u0219i a biodiversit\u0103\u021bii \u2013 fundamente de care depinde \u00een mod existen\u021bial at\u00e2t activitatea lor ca fermieri, c\u00e2t \u0219i \u00eentregul nostru ecosistem.<\/span><\/p>\n<\/div><\/div><\/div><\/div><\/div><div class=\"wpb_column vc_column_container\"><div class=\"vc_column-inner\"><div class=\"w-iconbox us_custom_f4639b64 has_text_color iconpos_left style_default color_custom align_left\"><div class=\"w-iconbox-icon\" style=\"font-size:2rem;--icon-color:#Ffffff;--icon-bg-color:var(--color-header-transparent-text);\"><i class=\"fas fa-layer-group\"><\/i><\/div><div class=\"w-iconbox-meta\"><h4 class=\"w-iconbox-title\" style=\"font-size:1.5rem;\">Promovarea solurilor s\u0103n\u0103toase<\/h4><div class=\"w-iconbox-text\"><p><span style=\"font-weight: 400;\">Solurile noastre sunt baza pentru aproape tot ceea ce aterizeaz\u0103 pe pl\u0103cile noastre \u0219i sunt indispensabile pentru conservarea biodiversit\u0103\u021bii. Sus\u021binem managementul care garanteaz\u0103 vitalitatea pe termen lung.<\/span><\/p>\n<\/div><\/div><\/div><\/div><\/div><div class=\"wpb_column vc_column_container\"><div class=\"vc_column-inner\"><div class=\"w-iconbox us_custom_f4639b64 has_text_color iconpos_left style_default color_custom align_left\"><div class=\"w-iconbox-icon\" style=\"font-size:2rem;--icon-color:#Ffffff;--icon-bg-color:var(--color-header-transparent-text);\"><i class=\"fas fa-layer-group\"><\/i><\/div><div class=\"w-iconbox-meta\"><h4 class=\"w-iconbox-title\" style=\"font-size:1.5rem;\">G\u00e2ndirea p\u0103durii \u0219i jocul \u00eempreun\u0103<\/h4><div class=\"w-iconbox-text\"><p><span style=\"font-weight: 400;\">O p\u0103dure intact\u0103 tr\u0103ie\u0219te \u00een echilibru. Pentru noi, este esen\u021bial ca politicienii s\u0103 acorde o aten\u021bie egal\u0103 protec\u021biei faunei s\u0103lbatice \u0219i s\u0103n\u0103t\u0103\u021bii p\u0103durilor noastre, colabor\u00e2nd \u00eendeaproape cu v\u00e2n\u0103torii.<\/span><\/p>\n<\/div><\/div><\/div><\/div><\/div><\/div><div class=\"w-separator size_medium\"><\/div><div class=\"g-cols wpb_row via_grid cols_3 laptops-cols_inherit tablets-cols_inherit mobiles-cols_1 valign_top type_default stacking_default\" style=\"--columns-gap:3rem;\"><div class=\"wpb_column vc_column_container\"><div class=\"vc_column-inner\"><div class=\"w-iconbox us_custom_f4639b64 has_text_color iconpos_left style_default color_custom align_left\"><div class=\"w-iconbox-icon\" style=\"font-size:2rem;--icon-color:#Ffffff;--icon-bg-color:var(--color-header-middle-bg);\"><i class=\"fas fa-layer-group\"><\/i><\/div><div class=\"w-iconbox-meta\"><h4 class=\"w-iconbox-title\" style=\"font-size:1.5rem;\">Consolidarea regimurilor alimentare regionale \u0219i s\u0103n\u0103toase<\/h4><div class=\"w-iconbox-text\"><p><span style=\"font-weight: 400;\">Este important pentru noi ca alimentele s\u0103n\u0103toase s\u0103 fie produse \u00een regiunea noastr\u0103 la pre\u021buri accesibile. M\u00e2ncarea bun\u0103 este baza unei vie\u021bi active \u0219i pl\u0103cute \u2013 pentru noi, copiii \u0219i nepo\u021bii no\u0219tri. Este pentru toat\u0103 lumea, nu ca un privilegiu al c\u00e2torva.<\/span><\/p>\n<\/div><\/div><\/div><\/div><\/div><div class=\"wpb_column vc_column_container\"><div class=\"vc_column-inner\"><div class=\"w-iconbox us_custom_836f727b has_text_color iconpos_left style_default color_custom align_left\"><div class=\"w-iconbox-icon\" style=\"font-size:2rem;--icon-color:#Ffffff;--icon-bg-color:var(--color-header-transparent-text);\"><i class=\"fas fa-layer-group\"><\/i><\/div><div class=\"w-iconbox-meta\"><h4 class=\"w-iconbox-title\" style=\"font-size:1.5rem;\">Angajament pentru o mai bun\u0103 bun\u0103stare a animalelor<\/h4><div class=\"w-iconbox-text\"><p><span style=\"font-weight: 400;\">Agricultura industrial\u0103 provoac\u0103 suferin\u021b\u0103 animalelor, polueaz\u0103 apa \u0219i clima \u0219i poate pune \u00een pericol s\u0103n\u0103tatea noastr\u0103. Suntem dedica\u021bi cre\u0219terii animalelor la nivel regional, \u00een func\u021bie de specie.<\/span><\/p>\n<\/div><\/div><\/div><\/div><\/div><div class=\"wpb_column vc_column_container\"><div class=\"vc_column-inner\"><div class=\"w-iconbox us_custom_f4639b64 has_text_color iconpos_left style_default color_custom align_left\"><div class=\"w-iconbox-icon\" style=\"font-size:2rem;--icon-color:#Ffffff;--icon-bg-color:var(--color-header-transparent-text);\"><i class=\"fas fa-layer-group\"><\/i><\/div><div class=\"w-iconbox-meta\"><h4 class=\"w-iconbox-title\" style=\"font-size:1.5rem;\">Conservarea peisajelor culturale<\/h4><div class=\"w-iconbox-text\"><p><span style=\"font-weight: 400;\">Structurile la scar\u0103 mic\u0103 din zonele noastre agricole de\u021bin o comoar\u0103 incredibil\u0103 de biodiversitate \u0219i patrimoniu cultural. Ele reflect\u0103 o utilizare atent\u0103 a resurselor noastre naturale.<\/span><\/p>\n<\/div><\/div><\/div><\/div><\/div><\/div><div class=\"w-separator size_medium\"><\/div><div class=\"w-btn-wrapper align_left\"><a class=\"w-btn us-btn-style_8 icon_atleft\" href=\"https:\/\/gruene-wiesbaden.de\/ro\/kommunalwahl\/#Kapitel1\"><i class=\"fas fa-chevron-circle-right\"><\/i><span class=\"w-btn-label\">\u00cenapoi la prezentare general\u0103<\/span><\/a><\/div><div class=\"w-separator size_medium\"><\/div><\/div><\/div><\/div><\/div><\/section><section class=\"l-section wpb_row height_auto with_img\"><div class=\"l-section-img\" role=\"img\" data-img-width=\"1920\" data-img-height=\"2560\" style=\"background-image: url(https:\/\/gruene-wiesbaden.de\/wp-content\/uploads\/2025\/07\/noaa-SkJG9sNkQVQ-unsplash-scaled.jpg);background-repeat: no-repeat;\"><\/div><div class=\"l-section-overlay\" style=\"background:var(--color-header-top-transparent-bg)\"><\/div><div class=\"l-section-h i-cf\"><div class=\"g-cols vc_row via_grid cols_1 laptops-cols_inherit tablets-cols_inherit mobiles-cols_1 valign_middle type_default stacking_default\" style=\"--columns-gap:1rem;\"><div class=\"wpb_column vc_column_container\"><div class=\"vc_column-inner\"><div class=\"w-separator size_large\"><\/div><div class=\"wpb_text_column background_inside_text\"><div class=\"wpb_wrapper\"><h1>Ce vrem s\u0103 facem \u00een mod special \u00een acest domeniu<\/h1>\n<\/div><\/div><div class=\"w-separator size_medium\"><\/div><div class=\"w-tabs us_custom_42d693a0 has_text_color style_default switch_click accordion has_scrolling\" style=\"--sections-title-size:1.4rem\"><div class=\"w-tabs-sections titles-align_none icon_chevron cpos_right\"><div class=\"w-tabs-section has_text_color\" id=\"v593\" style=\"background:var(--color-header-transparent-text);color:var(--color-header-top-text-hover);\"><button class=\"w-tabs-section-header\" aria-controls=\"content-v593\" aria-expanded=\"false\"><div class=\"w-tabs-section-title\">Dezvoltarea p\u0103durilor noastre periurbane \u00eentr-un mod adaptat exigen\u021belor viitorului<\/div><div class=\"w-tabs-section-control\"><\/div><\/button><div  class=\"w-tabs-section-content\" id=\"content-v593\"><div class=\"w-tabs-section-content-h i-cf\"><div class=\"wpb_text_column\"><div class=\"wpb_wrapper\"><p><span style=\"font-weight: 400;\">P\u0103durile sunt unul dintre cele mai importante sisteme ale noastre de stocare a carbonului, oferind aer proasp\u0103t, protec\u021bia speciilor, re\u00eennoirea \u0219i recreerea apelor subterane \u0219i, nu \u00een ultimul r\u00e2nd, furniz\u00e2nd materii prime. P\u0103durea noastr\u0103 urban\u0103 \u2013 cu faimoasa \u201eCapela elen\u0103\u201d \u0219i Opelbad \u2013 este unul dintre reperele ora\u0219ului Wiesbaden, o surs\u0103 a calit\u0103\u021bii vie\u021bii noastre \u0219i, prin urmare, este deosebit de aproape de inimile noastre. Dorim ca utiliz\u0103rile concurente s\u0103 fie solu\u021bionate \u00een mod constructiv, iar p\u0103durea s\u0103 fie dezvoltat\u0103 \u00een continuare \u00een apropierea naturii, pentru a consolida rezilien\u021ba la temperaturile \u00een cre\u0219tere, la secet\u0103, la ploile abundente \u0219i la furtuni. Aceasta este singura modalitate de a men\u021bine efectul de r\u0103cire pentru centrul ora\u0219ului. Dorim s\u0103 lucr\u0103m pentru a consolida \u0219i a face vizibile suporturi ecologice din lemn cu cai \u00een p\u0103durea ora\u0219ului. \u00cen acest fel, ora\u0219ul Wiesbaden poate conserva solul forestier valoros, poate reduce consumul de combustibili fosili \u0219i poate deveni un model de \u00eengrijire a p\u0103durilor care este aproape de natur\u0103 pe tot parcursul anului.<\/span><\/p>\n<\/div><\/div><\/div><\/div><\/div><div class=\"w-tabs-section has_text_color\" id=\"s6d0\" style=\"background:var(--color-header-transparent-text);color:var(--color-header-top-text-hover);\"><button class=\"w-tabs-section-header\" aria-controls=\"content-s6d0\" aria-expanded=\"false\"><div class=\"w-tabs-section-title\">Protejarea solurilor ca fundament al viitorului nostru<\/div><div class=\"w-tabs-section-control\"><\/div><\/button><div  class=\"w-tabs-section-content\" id=\"content-s6d0\"><div class=\"w-tabs-section-content-h i-cf\"><div class=\"wpb_text_column\"><div class=\"wpb_wrapper\"><p><span style=\"font-weight: 400;\">Agricultura are nevoie de culturi s\u0103n\u0103toase. Dorim s\u0103 consolid\u0103m protec\u021bia solului \u0219i gestionarea regenerativ\u0103, astfel \u00eenc\u00e2t ecosistemele noastre s\u0103 fie conservate. Ele stau la baza produc\u021biei noastre alimentare regionale \u0219i aduc o contribu\u021bie important\u0103 la protec\u021bia climei \u0219i a biodiversit\u0103\u021bii. O viitoare politic\u0103 funciar\u0103 trebuie s\u0103 combine aspectele de mediu, sociale \u0219i economice. Pierderea solului fertil prin dezvoltare \u0219i impermeabilizare este ireversibil\u0103 \u0219i, prin urmare, nu trebuie tolerat\u0103. Vrem ca ora\u0219ul Wiesbaden s\u0103 opreasc\u0103 sigilarea suplimentar\u0103 a drumurilor de p\u0103m\u00e2nt. Acolo unde este posibil \u0219i unde nu exist\u0103 conflicte de utilizare (de exemplu, cu pistele pentru biciclete), pistele de teren ar trebui, \u00een schimb, s\u0103 fie resigilate \u2013 deoarece unele specii s\u0103lbatice domestice se bazeaz\u0103 pe soluri deschise, de exemplu ca surs\u0103 de materiale de construc\u021bie. Pentru a cre\u0219te gradul de con\u0219tientizare a valorii solurilor vitale, dorim ca ora\u0219ul Wiesbaden s\u0103 pun\u0103 la dispozi\u021bie zone urbane pentru gr\u0103dini comunitare \u0219i proiecte de permacultur\u0103.<\/span><\/p>\n<\/div><\/div><\/div><\/div><\/div><div class=\"w-tabs-section has_text_color\" id=\"w7ef\" style=\"background:var(--color-header-transparent-text);color:var(--color-header-top-text-hover);\"><button class=\"w-tabs-section-header\" aria-controls=\"content-w7ef\" aria-expanded=\"false\"><div class=\"w-tabs-section-title\">Sprijinirea fermierilor<\/div><div class=\"w-tabs-section-control\"><\/div><\/button><div  class=\"w-tabs-section-content\" id=\"content-w7ef\"><div class=\"w-tabs-section-content-h i-cf\"><div class=\"wpb_text_column\"><div class=\"wpb_wrapper\"><p><span style=\"font-weight: 400;\">Fermierii no\u0219tri sunt cei mai importan\u021bi parteneri pentru conservarea mijloacelor noastre naturale de subzisten\u021b\u0103 \u0219i pentru protejarea nutri\u021biei noastre. Dorim o agricultur\u0103 compatibil\u0103 din punct de vedere ecologic, viabil\u0103 din punct de vedere economic \u0219i accesibil\u0103 pentru to\u021bi. Pentru a realiza acest lucru, cultivarea trebuie s\u0103 fie rezistent\u0103 la schimb\u0103rile climatice \u0219i la fenomenele meteorologice extreme. Conversia la agricultura ecologic\u0103 este la fel de mult o investi\u021bie \u00een viitor ca \u0219i introducerea agriculturii digitale. Dorim ca ora\u0219ul Wiesbaden s\u0103 sprijine \u00een mod activ fermierii \u00een aceste demersuri pentru a opri al\u021bi mo\u0219tenitori ai cur\u021bii.<\/span><\/p>\n<\/div><\/div><\/div><\/div><\/div><div class=\"w-tabs-section has_text_color\" id=\"x925\" style=\"background:var(--color-header-middle-bg);color:var(--color-content-heading);\"><button class=\"w-tabs-section-header\" aria-controls=\"content-x925\" aria-expanded=\"false\"><div class=\"w-tabs-section-title\">Consolidarea produc\u021biei regionale de alimente<\/div><div class=\"w-tabs-section-control\"><\/div><\/button><div  class=\"w-tabs-section-content\" id=\"content-x925\"><div class=\"w-tabs-section-content-h i-cf\"><div class=\"wpb_text_column\"><div class=\"wpb_wrapper\"><p><span style=\"font-weight: 400;\">Agricultura din Wiesbaden este un pilon al securit\u0103\u021bii noastre alimentare. Crizele globale demonstreaz\u0103 importan\u021ba unei produc\u021bii alimentare independente \u0219i reziliente. \u00cen acela\u0219i timp, reduce cheltuielile cu energia pentru transportul c\u0103tre consumator. \u00cen acest scop, dorim ca ora\u0219ul Wiesbaden s\u0103 construiasc\u0103 o infrastructur\u0103 local\u0103 \u0219i s\u0103 promoveze marketingul regional. Aceasta include promovarea pie\u021belor s\u0103pt\u0103m\u00e2nale, \u00een special \u00een suburbii. Sprijinim conceptul de distan\u021be scurte \u0219i produc\u021bia de alimente noi, cum ar fi agricultura vertical\u0103 \u0219i acvaponia.<\/span><\/p>\n<\/div><\/div><\/div><\/div><\/div><div class=\"w-tabs-section has_text_color\" id=\"ea41\" style=\"background:var(--color-header-transparent-text);color:var(--color-header-top-text-hover);\"><button class=\"w-tabs-section-header\" aria-controls=\"content-ea41\" aria-expanded=\"false\"><div class=\"w-tabs-section-title\">Reconcilierea agriculturii cu conservarea naturii<\/div><div class=\"w-tabs-section-control\"><\/div><\/button><div  class=\"w-tabs-section-content\" id=\"content-ea41\"><div class=\"w-tabs-section-content-h i-cf\"><div class=\"wpb_text_column\"><div class=\"wpb_wrapper\"><p><span style=\"font-weight: 400;\">Suntem dedica\u021bi metodelor agricole care nu necesit\u0103 produse sintetice de protec\u021bie a plantelor \u0219i, astfel, protejeaz\u0103 solurile, corpurile de ap\u0103, s\u0103n\u0103tatea noastr\u0103 \u0219i \u00eentreaga flor\u0103 \u0219i faun\u0103 local\u0103. \u00cen cazul \u00een care acest lucru nu este \u00eenc\u0103 posibil, dorim stabilirea \u0219i extinderea unor zone de coast\u0103 f\u0103r\u0103 \u00eengr\u0103\u0219\u0103minte \u0219i pesticide pe cursuri de ap\u0103 \u0219i \u00een ape, pentru a reduce aporturile de poluan\u021bi. Pentru a proteja biodiversitatea, dorim ca ora\u0219ul Wiesbaden s\u0103 promoveze con\u0219tientizarea importan\u021bei f\u00e2\u0219iilor \u00eenflorite \u0219i a gardurilor vii. \u00cen viitor, dorim ca gestionarea peisajului s\u0103 fie din ce \u00een ce mai asigurat\u0103 ca surs\u0103 suplimentar\u0103 de venit pentru fermieri.<\/span><\/p>\n<\/div><\/div><\/div><\/div><\/div><div class=\"w-tabs-section has_text_color\" id=\"kb88\" style=\"background:var(--color-header-middle-bg);color:var(--color-header-middle-text);\"><button class=\"w-tabs-section-header\" aria-controls=\"content-kb88\" aria-expanded=\"false\"><div class=\"w-tabs-section-title\">Consolidarea peisajului nostru cultural<\/div><div class=\"w-tabs-section-control\"><\/div><\/button><div  class=\"w-tabs-section-content\" id=\"content-kb88\"><div class=\"w-tabs-section-content-h i-cf\"><div class=\"wpb_text_column\"><div class=\"wpb_wrapper\"><p><span style=\"font-weight: 400;\">Livezile r\u0103t\u0103cite \u0219i viile cultivate aproape de natur\u0103 nu numai c\u0103 caracterizeaz\u0103 peisajul nostru cultural, dar sunt, de asemenea, habitate indispensabile pentru numeroase animale \u0219i plante, ele sunt printre habitatele cele mai bogate \u00een specii din Europa Central\u0103. \u00cen jurul ora\u0219ului Wiesbaden exist\u0103 \u00eenc\u0103 un stoc foarte mare de livezi vechi, al c\u0103ror statut de protec\u021bie dorim s\u0103-l asigur\u0103m permanent de ora\u0219ul Wiesbaden. Sprijinim \u00eengrijirea lor \u0219i consolid\u0103m marketingul local, astfel \u00eenc\u00e2t produsele din fructe \u00eempr\u0103\u0219tiate s\u0103 poat\u0103 fi apreciate din nou, iar agricultura s\u0103 poat\u0103 fi util\u0103.<\/span><\/p>\n<p><span style=\"font-weight: 400;\">Prin sponsoriz\u0103ri de pomi fructiferi, campanii de \u00eengrijire \u0219i proiecte de recoltare, dorim s\u0103 sensibiliz\u0103m publicul cu privire la valoarea acestor habitate \u0219i s\u0103 activ\u0103m implicarea societ\u0103\u021bii civile. Dorim ca ora\u0219ul s\u0103 sprijine angajamentul comunit\u0103\u021bii \u0219i s\u0103 promoveze sponsoriz\u0103ri ale livezilor \u00een care, de exemplu, locuitorii din centrul ora\u0219ului s\u0103 aib\u0103 grij\u0103 de livad\u0103 \u00eempreun\u0103 cu oamenii din suburbii.<\/span><\/p>\n<\/div><\/div><\/div><\/div><\/div><div class=\"w-tabs-section has_text_color\" id=\"ecf3\" style=\"background:var(--color-header-transparent-text);color:var(--color-header-top-text-hover);\"><button class=\"w-tabs-section-header\" aria-controls=\"content-ecf3\" aria-expanded=\"false\"><div class=\"w-tabs-section-title\">Sprijinirea domeniului Mechtildshausen \u00een viitor \u00een cadrul WJW<\/div><div class=\"w-tabs-section-control\"><\/div><\/button><div  class=\"w-tabs-section-content\" id=\"content-ecf3\"><div class=\"w-tabs-section-content-h i-cf\"><div class=\"wpb_text_column\"><div class=\"wpb_wrapper\"><p><span style=\"font-weight: 400;\">Cu domeniul Mechtildshausen, ora\u0219ul Wiesbaden are o afacere emblematic\u0103 de agricultur\u0103 ecologic\u0103 \u0219i artizanat, care include magazine agricole, gastronomie \u0219i grajduri pentru cai. Acesta face parte din Wiesbadener Jugendwerkstatt (WJW), care preg\u0103te\u0219te tinerii \u0219i adul\u021bii defavoriza\u021bi din punct de vedere social \u0219i ofer\u0103 o gam\u0103 larg\u0103 de oportunit\u0103\u021bi educa\u021bionale suplimentare. Ne angaj\u0103m s\u0103 p\u0103str\u0103m WJW \u2013 inclusiv domeniul Mechtildshausen \u2013 \u00een aceast\u0103 form\u0103.<\/span><\/p>\n<p><span style=\"font-weight: 400;\">\u00cen plus, dorim s\u0103 experiment\u0103m plant\u0103ri adaptate sitului \u0219i s\u0103 \u00eembun\u0103t\u0103\u021bim transferul de cuno\u0219tin\u021be \u00eentre cercetare \u0219i practica agricol\u0103. De aceea, ne angaj\u0103m s\u0103 \u00eenfiin\u021b\u0103m locuri de \u00eenv\u0103\u021bare pentru o agricultur\u0103 inovatoare, unde experien\u021ba practic\u0103 este transmis\u0103 mai departe.<\/span><\/p>\n<\/div><\/div><\/div><\/div><\/div><div class=\"w-tabs-section has_text_color\" id=\"ue30\" style=\"background:var(--color-header-transparent-text);color:var(--color-header-top-text-hover);\"><button class=\"w-tabs-section-header\" aria-controls=\"content-ue30\" aria-expanded=\"false\"><div class=\"w-tabs-section-title\">L\u0103sa\u021bi-v\u0103 \u00een p\u0103durea ora\u0219ului<\/div><div class=\"w-tabs-section-control\"><\/div><\/button><div  class=\"w-tabs-section-content\" id=\"content-ue30\"><div class=\"w-tabs-section-content-h i-cf\"><div class=\"wpb_text_column\"><div class=\"wpb_wrapper\"><p><span style=\"font-weight: 400;\">P\u0103durile noastre nu sunt doar ciorchini de copaci, ele sunt pl\u0103m\u00e2nii planetei noastre \u0219i comorile biodiversit\u0103\u021bii.<\/span><\/p>\n<p><span style=\"font-weight: 400;\">Ne-am angajat la un program de informare \u0219i mass-media care \u00eenva\u021b\u0103 copiii \u0219i tinerii, \u00een special, importan\u021ba p\u0103durii ca ofert\u0103 digital\u0103. Dorim s\u0103 consolid\u0103m cooperarea silvicultorilor municipali cu \u0219colile, centrele de zi \u0219i asocia\u021biile de mediu. Aceasta include excursii \u00een p\u0103dure, zile de proiect \u0219i oferte de educa\u021bie ecologic\u0103. Prin forme de dialog \u00eentre ora\u0219ul Wiesbaden \u0219i popula\u021bia direct din p\u0103durea ora\u0219ului, dorim s\u0103 implic\u0103m oamenii din Wiesbaden \u00een strategiile de gestionare ecologic\u0103 a p\u0103durilor \u0219i s\u0103 le folosim cuno\u0219tin\u021bele \u00een contextul proiectelor \u0219tiin\u021bifice cet\u0103\u021bene\u0219ti.<\/span><\/p>\n<\/div><\/div><\/div><\/div><\/div><div class=\"w-tabs-section has_text_color\" id=\"cf5b\" style=\"background:var(--color-header-transparent-text);color:var(--color-header-top-text-hover);\"><button class=\"w-tabs-section-header\" aria-controls=\"content-cf5b\" aria-expanded=\"false\"><div class=\"w-tabs-section-title\">Proiectarea p\u0103durilor noastre pentru toat\u0103 lumea<\/div><div class=\"w-tabs-section-control\"><\/div><\/button><div  class=\"w-tabs-section-content\" id=\"content-cf5b\"><div class=\"w-tabs-section-content-h i-cf\"><div class=\"wpb_text_column\"><div class=\"wpb_wrapper\"><p><span style=\"font-weight: 400;\">P\u0103durea ora\u0219ului este o parte indispensabil\u0103 a patriei noastre \u0219i o zon\u0103 de recreere care este disponibil\u0103 gratuit tuturor cet\u0103\u021benilor. Dorim s\u0103 stabilim accesibilitatea cu transportul public din centrul ora\u0219ului \u0219i, \u00een acela\u0219i timp, s\u0103 protej\u0103m zonele sensibile de perturb\u0103ri. Potecile f\u0103r\u0103 bariere, locurile de joac\u0103 forestiere \u0219i oportunit\u0103\u021bile de recreere ar trebui s\u0103 permit\u0103 tuturor oamenilor s\u0103 experimenteze natura \u00eentr-un mod relaxat. Vrem ca ora\u0219ul s\u0103 se asigure c\u0103 plimb\u0103rile \u00een p\u0103dure nu duc prin zona pisicii s\u0103lbatice sensibile. V\u00e2n\u0103torii contribuie \u00een mod semnificativ la proiectarea p\u0103durilor. Ne angaj\u0103m s\u0103 ne asigur\u0103m c\u0103 v\u00e2n\u0103toarea este din ce \u00een ce mai orientat\u0103 c\u0103tre criterii ecologice \u0219i permite regenerarea natural\u0103 a p\u0103durilor. Prin urmare, Wiesbaden a introdus un concept de v\u00e2n\u0103toare ecologic\u0103 care sprijin\u0103 conversia p\u0103durilor \u0219i, \u00een acela\u0219i timp, asigur\u0103 metode de v\u00e2n\u0103toare favorabile bun\u0103st\u0103rii animalelor. Numai dac\u0103 to\u021bi utilizatorii de p\u0103duri lucreaz\u0103 \u00eempreun\u0103 putem s\u0103 ne conserv\u0103m p\u0103durile pentru viitor. Ne angaj\u0103m s\u0103 continu\u0103m certific\u0103rile conform FSC \u0219i Naturland.<\/span><\/p>\n<\/div><\/div><\/div><\/div><\/div><div class=\"w-tabs-section has_text_color\" id=\"f0ce\" style=\"background:var(--color-header-transparent-text);color:var(--color-header-top-text-hover);\"><button class=\"w-tabs-section-header\" aria-controls=\"content-f0ce\" aria-expanded=\"false\"><div class=\"w-tabs-section-title\">Promov\u0103m respectul pentru animalele domestice \u0219i s\u0103lbatice<\/div><div class=\"w-tabs-section-control\"><\/div><\/button><div  class=\"w-tabs-section-content\" id=\"content-f0ce\"><div class=\"w-tabs-section-content-h i-cf\"><div class=\"wpb_text_column\"><div class=\"wpb_wrapper\"><p><span style=\"font-weight: 400;\">Promov\u0103m preocup\u0103rile ad\u0103postului de animale din Wiesbaden \u0219i sprijinim Parcul Cyperus, parcul de animale Kastel \u0219i fazanaria. Sprijinim educa\u021bia cu privire la manipularea responsabil\u0103 a speciilor de animale nou imigrate. \u00cen centrul ora\u0219ului, suntem dedica\u021bi unei manipul\u0103ri adecvate speciei \u0219i sus\u021binute \u0219tiin\u021bific, de exemplu, a popula\u021biilor de porumbei \u0219i Nilgani.<\/span><\/p>\n<\/div><\/div><\/div><\/div><\/div><\/div><\/div><div class=\"w-separator size_medium\"><\/div><div class=\"w-btn-wrapper align_left\"><a class=\"w-btn us-btn-style_8 icon_atleft\" href=\"https:\/\/gruene-wiesbaden.de\/ro\/kommunalwahl\/#Kapitel1\"><i class=\"fas fa-chevron-circle-right\"><\/i><span class=\"w-btn-label\">\u00cenapoi la prezentare general\u0103<\/span><\/a><\/div><div class=\"w-separator size_large\"><\/div><div class=\"wpb_text_column\"><div class=\"wpb_wrapper\"><h1>Ceea ce am realizat deja<\/h1>\n<\/div><\/div><div class=\"w-separator size_medium\"><\/div><div class=\"w-tabs us_custom_42d693a0 has_text_color style_default switch_click accordion has_scrolling\" style=\"--sections-title-size:1.4rem\"><div class=\"w-tabs-sections titles-align_none icon_chevron cpos_right\"><div class=\"w-tabs-section has_text_color\" id=\"u6e6\" style=\"background:var(--color-header-transparent-text);color:var(--color-header-top-text-hover);\"><button class=\"w-tabs-section-header\" aria-controls=\"content-u6e6\" aria-expanded=\"false\"><div class=\"w-tabs-section-title\">Wiesbaden este zona forestier\u0103 a anului 2025<\/div><div class=\"w-tabs-section-control\"><\/div><\/button><div  class=\"w-tabs-section-content\" id=\"content-u6e6\"><div class=\"w-tabs-section-content-h i-cf\"><div class=\"wpb_text_column\"><div class=\"wpb_wrapper\"><p><span style=\"font-weight: 400;\">P\u0103durea ora\u0219ului Wiesbaden a primit acest premiu pentru metoda noastr\u0103 de gestionare orientat\u0103 spre natur\u0103, precum \u0219i pentru certificarea de lung\u0103 durat\u0103 FSC \u0219i Naturland. Prin utilizarea \u021bintit\u0103 a cailor \u00eemp\u0103duri\u021bi \u00een p\u0103durea ora\u0219ului, ora\u0219ul a stabilit o modalitate de succes de a combina ecologia \u0219i economia.<\/span><\/p>\n<\/div><\/div><\/div><\/div><\/div><div class=\"w-tabs-section has_text_color\" id=\"n822\" style=\"background:var(--color-header-transparent-text);color:var(--color-header-top-text-hover);\"><button class=\"w-tabs-section-header\" aria-controls=\"content-n822\" aria-expanded=\"false\"><div class=\"w-tabs-section-title\">S\u0103lb\u0103ticie \u0219i p\u0103dure \u2013 conceptul de v\u00e2n\u0103toare de la Wiesbaden<\/div><div class=\"w-tabs-section-control\"><\/div><\/button><div  class=\"w-tabs-section-content\" id=\"content-n822\"><div class=\"w-tabs-section-content-h i-cf\"><div class=\"wpb_text_column\"><div class=\"wpb_wrapper\"><p><span style=\"font-weight: 400;\">Noul nostru concept de v\u00e2n\u0103toare satisface nevoile p\u0103durii \u0219i ale faunei s\u0103lbatice, precum \u0219i cerin\u021bele v\u00e2n\u0103torii contemporane.<\/span><\/p>\n<\/div><\/div><\/div><\/div><\/div><div class=\"w-tabs-section has_text_color\" id=\"c945\" style=\"background:var(--color-header-transparent-text);color:var(--color-header-top-text-hover);\"><button class=\"w-tabs-section-header\" aria-controls=\"content-c945\" aria-expanded=\"false\"><div class=\"w-tabs-section-title\">Speciile rare de animale sunt conservate<\/div><div class=\"w-tabs-section-control\"><\/div><\/button><div  class=\"w-tabs-section-content\" id=\"content-c945\"><div class=\"w-tabs-section-content-h i-cf\"><div class=\"wpb_text_column\"><div class=\"wpb_wrapper\"><p><span style=\"font-weight: 400;\">Pentru rasele de animale vechi \u0219i pe cale de dispari\u021bie, ora\u0219ul Wiesbaden a dezvoltat fazanismul \u00eentr-un parc de arc\u0103 cu un program cuprinz\u0103tor \u0219i oferte educa\u021bionale.<\/span><\/p>\n<\/div><\/div><\/div><\/div><\/div><div class=\"w-tabs-section has_text_color\" id=\"aa5c\" style=\"background:var(--color-header-middle-bg);color:var(--color-content-heading);\"><button class=\"w-tabs-section-header\" aria-controls=\"content-aa5c\" aria-expanded=\"false\"><div class=\"w-tabs-section-title\">Drume\u021bii moderne f\u0103cute u\u0219or<\/div><div class=\"w-tabs-section-control\"><\/div><\/button><div  class=\"w-tabs-section-content\" id=\"content-aa5c\"><div class=\"w-tabs-section-content-h i-cf\"><div class=\"wpb_text_column\"><div class=\"wpb_wrapper\"><p><span style=\"font-weight: 400;\">\u00cempreun\u0103 cu Parcul Natural RheinTaunus, Wiesbaden a dezvoltat un concept inovator de traseu \u0219i a f\u0103cut 2500 km de trasee de drume\u021bii accesibile digital.<\/span><\/p>\n<\/div><\/div><\/div><\/div><\/div><div class=\"w-tabs-section has_text_color\" id=\"ib7d\" style=\"background:var(--color-header-transparent-text);color:var(--color-header-top-text-hover);\"><button class=\"w-tabs-section-header\" aria-controls=\"content-ib7d\" aria-expanded=\"false\"><div class=\"w-tabs-section-title\">Gestionarea responsabil\u0103 a terenului Wiesbaden<\/div><div class=\"w-tabs-section-control\"><\/div><\/button><div  class=\"w-tabs-section-content\" id=\"content-ib7d\"><div class=\"w-tabs-section-content-h i-cf\"><div class=\"wpb_text_column\"><div class=\"wpb_wrapper\"><p><span style=\"font-weight: 400;\">Amenajarea teritoriului \u0219i evaluarea de mediu pentru noul plan de utilizare a terenului, precum \u0219i pentru planul regional South Hesse creeaz\u0103 transparen\u021b\u0103. Acestea ofer\u0103 o baz\u0103 tehnic\u0103 solid\u0103 pentru deciziile viitoare, inclusiv \u0219i \u00een special pentru cet\u0103\u021beni.<\/span><\/p>\n<\/div><\/div><\/div><\/div><\/div><\/div><\/div><div class=\"w-separator size_medium\"><\/div><div class=\"w-btn-wrapper align_left\"><a class=\"w-btn us-btn-style_8 icon_atleft\" href=\"https:\/\/gruene-wiesbaden.de\/ro\/kommunalwahl\/#Kapitel1\"><i class=\"fas fa-chevron-circle-right\"><\/i><span class=\"w-btn-label\">\u00cenapoi la prezentare general\u0103<\/span><\/a><\/div><div class=\"w-separator size_large\"><\/div><\/div><\/div><\/div><\/div><\/section>","protected":false},"excerpt":{"rendered":"Agricultura \u0219i silvicultura sunt mult mai mult dec\u00e2t sectoare economice \u2013 ele stau la baza alimenta\u021biei noastre, a peisajelor noastre \u0219i a climei noastre. Fie \u00een ora\u0219, fie \u00een mediul rural: Modul \u00een care cultiv\u0103m are un impact direct asupra calit\u0103\u021bii vie\u021bii noastre, a s\u0103n\u0103t\u0103\u021bii noastre \u0219i a mediului nostru. Ne confrunt\u0103m cu provocarea de a crea o...","protected":false},"author":1,"featured_media":1195,"comment_status":"closed","ping_status":"closed","sticky":false,"template":"","format":"standard","meta":{"footnotes":""},"categories":[14],"tags":[],"class_list":["post-1222","post","type-post","status-publish","format-standard","has-post-thumbnail","hentry","category-kapitel-1"],"yoast_head":"<!-- This site is optimized with the Yoast SEO plugin v27.5 - https:\/\/yoast.com\/product\/yoast-seo-wordpress\/ -->\n<title>Land- und Forstwirtschaft - B\u00dcNDNIS 90\/DIE GR\u00dcNEN Wiesbaden<\/title>\n<meta name=\"robots\" content=\"index, follow, max-snippet:-1, max-image-preview:large, max-video-preview:-1\" \/>\n<link rel=\"canonical\" href=\"https:\/\/gruene-wiesbaden.de\/ro\/lore-ipsum-samed\/\" \/>\n<meta property=\"og:locale\" content=\"ro_RO\" \/>\n<meta property=\"og:type\" content=\"article\" \/>\n<meta property=\"og:title\" content=\"Land- und Forstwirtschaft - B\u00dcNDNIS 90\/DIE GR\u00dcNEN Wiesbaden\" \/>\n<meta property=\"og:url\" content=\"https:\/\/gruene-wiesbaden.de\/ro\/lore-ipsum-samed\/\" \/>\n<meta property=\"og:site_name\" content=\"B\u00dcNDNIS 90\/DIE GR\u00dcNEN Wiesbaden\" \/>\n<meta property=\"article:publisher\" content=\"https:\/\/www.facebook.com\/gruene.wi\" \/>\n<meta property=\"article:published_time\" content=\"2025-08-01T20:40:52+00:00\" \/>\n<meta property=\"article:modified_time\" content=\"2026-04-08T20:38:25+00:00\" \/>\n<meta property=\"og:image\" content=\"https:\/\/gruene-wiesbaden.de\/wp-content\/uploads\/2025\/07\/noaa-SkJG9sNkQVQ-unsplash-scaled.jpg\" \/>\n\t<meta property=\"og:image:width\" content=\"1920\" \/>\n\t<meta property=\"og:image:height\" content=\"2560\" \/>\n\t<meta property=\"og:image:type\" content=\"image\/jpeg\" \/>\n<meta name=\"author\" content=\"admin\" \/>\n<meta name=\"twitter:card\" content=\"summary_large_image\" \/>\n<meta name=\"twitter:label1\" content=\"Scris de\" \/>\n\t<meta name=\"twitter:data1\" content=\"admin\" \/>\n\t<meta name=\"twitter:label2\" content=\"Timp estimat pentru citire\" \/>\n\t<meta name=\"twitter:data2\" content=\"10 minutes\" \/>\n<script type=\"application\/ld+json\" class=\"yoast-schema-graph\">{\"@context\":\"https:\\\/\\\/schema.org\",\"@graph\":[{\"@type\":\"Article\",\"@id\":\"https:\\\/\\\/gruene-wiesbaden.de\\\/lore-ipsum-samed\\\/#article\",\"isPartOf\":{\"@id\":\"https:\\\/\\\/gruene-wiesbaden.de\\\/lore-ipsum-samed\\\/\"},\"author\":{\"name\":\"admin\",\"@id\":\"https:\\\/\\\/gruene-wiesbaden.de\\\/#\\\/schema\\\/person\\\/6785c34779159cd4fd86886bb097afe9\"},\"headline\":\"Land- und Forstwirtschaft\",\"datePublished\":\"2025-08-01T20:40:52+00:00\",\"dateModified\":\"2026-04-08T20:38:25+00:00\",\"mainEntityOfPage\":{\"@id\":\"https:\\\/\\\/gruene-wiesbaden.de\\\/lore-ipsum-samed\\\/\"},\"wordCount\":2860,\"publisher\":{\"@id\":\"https:\\\/\\\/gruene-wiesbaden.de\\\/#organization\"},\"image\":{\"@id\":\"https:\\\/\\\/gruene-wiesbaden.de\\\/lore-ipsum-samed\\\/#primaryimage\"},\"thumbnailUrl\":\"https:\\\/\\\/gruene-wiesbaden.de\\\/wp-content\\\/uploads\\\/2025\\\/07\\\/noaa-SkJG9sNkQVQ-unsplash-scaled.jpg\",\"articleSection\":[\"Kapitel 1\"],\"inLanguage\":\"ro-RO\"},{\"@type\":\"WebPage\",\"@id\":\"https:\\\/\\\/gruene-wiesbaden.de\\\/lore-ipsum-samed\\\/\",\"url\":\"https:\\\/\\\/gruene-wiesbaden.de\\\/lore-ipsum-samed\\\/\",\"name\":\"Land- und Forstwirtschaft - B\u00dcNDNIS 90\\\/DIE GR\u00dcNEN Wiesbaden\",\"isPartOf\":{\"@id\":\"https:\\\/\\\/gruene-wiesbaden.de\\\/#website\"},\"primaryImageOfPage\":{\"@id\":\"https:\\\/\\\/gruene-wiesbaden.de\\\/lore-ipsum-samed\\\/#primaryimage\"},\"image\":{\"@id\":\"https:\\\/\\\/gruene-wiesbaden.de\\\/lore-ipsum-samed\\\/#primaryimage\"},\"thumbnailUrl\":\"https:\\\/\\\/gruene-wiesbaden.de\\\/wp-content\\\/uploads\\\/2025\\\/07\\\/noaa-SkJG9sNkQVQ-unsplash-scaled.jpg\",\"datePublished\":\"2025-08-01T20:40:52+00:00\",\"dateModified\":\"2026-04-08T20:38:25+00:00\",\"breadcrumb\":{\"@id\":\"https:\\\/\\\/gruene-wiesbaden.de\\\/lore-ipsum-samed\\\/#breadcrumb\"},\"inLanguage\":\"ro-RO\",\"potentialAction\":[{\"@type\":\"ReadAction\",\"target\":[\"https:\\\/\\\/gruene-wiesbaden.de\\\/lore-ipsum-samed\\\/\"]}]},{\"@type\":\"ImageObject\",\"inLanguage\":\"ro-RO\",\"@id\":\"https:\\\/\\\/gruene-wiesbaden.de\\\/lore-ipsum-samed\\\/#primaryimage\",\"url\":\"https:\\\/\\\/gruene-wiesbaden.de\\\/wp-content\\\/uploads\\\/2025\\\/07\\\/noaa-SkJG9sNkQVQ-unsplash-scaled.jpg\",\"contentUrl\":\"https:\\\/\\\/gruene-wiesbaden.de\\\/wp-content\\\/uploads\\\/2025\\\/07\\\/noaa-SkJG9sNkQVQ-unsplash-scaled.jpg\",\"width\":1920,\"height\":2560},{\"@type\":\"BreadcrumbList\",\"@id\":\"https:\\\/\\\/gruene-wiesbaden.de\\\/lore-ipsum-samed\\\/#breadcrumb\",\"itemListElement\":[{\"@type\":\"ListItem\",\"position\":1,\"name\":\"Startseite\",\"item\":\"https:\\\/\\\/gruene-wiesbaden.de\\\/\"},{\"@type\":\"ListItem\",\"position\":2,\"name\":\"Land- und Forstwirtschaft\"}]},{\"@type\":\"WebSite\",\"@id\":\"https:\\\/\\\/gruene-wiesbaden.de\\\/#website\",\"url\":\"https:\\\/\\\/gruene-wiesbaden.de\\\/\",\"name\":\"DIE GR\u00dcNEN Wiesbaden\",\"description\":\"\",\"publisher\":{\"@id\":\"https:\\\/\\\/gruene-wiesbaden.de\\\/#organization\"},\"potentialAction\":[{\"@type\":\"SearchAction\",\"target\":{\"@type\":\"EntryPoint\",\"urlTemplate\":\"https:\\\/\\\/gruene-wiesbaden.de\\\/?s={search_term_string}\"},\"query-input\":{\"@type\":\"PropertyValueSpecification\",\"valueRequired\":true,\"valueName\":\"search_term_string\"}}],\"inLanguage\":\"ro-RO\"},{\"@type\":\"Organization\",\"@id\":\"https:\\\/\\\/gruene-wiesbaden.de\\\/#organization\",\"name\":\"DIE GR\u00dcNEN Wiesbaden\",\"url\":\"https:\\\/\\\/gruene-wiesbaden.de\\\/\",\"logo\":{\"@type\":\"ImageObject\",\"inLanguage\":\"ro-RO\",\"@id\":\"https:\\\/\\\/gruene-wiesbaden.de\\\/#\\\/schema\\\/logo\\\/image\\\/\",\"url\":\"https:\\\/\\\/gruene-wiesbaden-fuer-europa.de\\\/wp-content\\\/uploads\\\/2024\\\/04\\\/Machen-was-zaehlt-5.png\",\"contentUrl\":\"https:\\\/\\\/gruene-wiesbaden-fuer-europa.de\\\/wp-content\\\/uploads\\\/2024\\\/04\\\/Machen-was-zaehlt-5.png\",\"width\":1772,\"height\":1772,\"caption\":\"DIE GR\u00dcNEN Wiesbaden\"},\"image\":{\"@id\":\"https:\\\/\\\/gruene-wiesbaden.de\\\/#\\\/schema\\\/logo\\\/image\\\/\"},\"sameAs\":[\"https:\\\/\\\/www.facebook.com\\\/gruene.wi\",\"https:\\\/\\\/instagram.com\\\/gruene_wi\"]},{\"@type\":\"Person\",\"@id\":\"https:\\\/\\\/gruene-wiesbaden.de\\\/#\\\/schema\\\/person\\\/6785c34779159cd4fd86886bb097afe9\",\"name\":\"admin\",\"sameAs\":[\"http:\\\/\\\/gruene-wiesbaden-fuer-europa.de\"],\"url\":\"https:\\\/\\\/gruene-wiesbaden.de\\\/ro\\\/author\\\/admin\\\/\"}]}<\/script>\n<!-- \/ Yoast SEO plugin. -->","yoast_head_json":{"title":"Land- und Forstwirtschaft - B\u00dcNDNIS 90\/DIE GR\u00dcNEN Wiesbaden","robots":{"index":"index","follow":"follow","max-snippet":"max-snippet:-1","max-image-preview":"max-image-preview:large","max-video-preview":"max-video-preview:-1"},"canonical":"https:\/\/gruene-wiesbaden.de\/ro\/lore-ipsum-samed\/","og_locale":"ro_RO","og_type":"article","og_title":"Land- und Forstwirtschaft - B\u00dcNDNIS 90\/DIE GR\u00dcNEN Wiesbaden","og_url":"https:\/\/gruene-wiesbaden.de\/ro\/lore-ipsum-samed\/","og_site_name":"B\u00dcNDNIS 90\/DIE GR\u00dcNEN Wiesbaden","article_publisher":"https:\/\/www.facebook.com\/gruene.wi","article_published_time":"2025-08-01T20:40:52+00:00","article_modified_time":"2026-04-08T20:38:25+00:00","og_image":[{"width":1920,"height":2560,"url":"https:\/\/gruene-wiesbaden.de\/wp-content\/uploads\/2025\/07\/noaa-SkJG9sNkQVQ-unsplash-scaled.jpg","type":"image\/jpeg"}],"author":"admin","twitter_card":"summary_large_image","twitter_misc":{"Scris de":"admin","Timp estimat pentru citire":"10 minutes"},"schema":{"@context":"https:\/\/schema.org","@graph":[{"@type":"Article","@id":"https:\/\/gruene-wiesbaden.de\/lore-ipsum-samed\/#article","isPartOf":{"@id":"https:\/\/gruene-wiesbaden.de\/lore-ipsum-samed\/"},"author":{"name":"admin","@id":"https:\/\/gruene-wiesbaden.de\/#\/schema\/person\/6785c34779159cd4fd86886bb097afe9"},"headline":"Land- und Forstwirtschaft","datePublished":"2025-08-01T20:40:52+00:00","dateModified":"2026-04-08T20:38:25+00:00","mainEntityOfPage":{"@id":"https:\/\/gruene-wiesbaden.de\/lore-ipsum-samed\/"},"wordCount":2860,"publisher":{"@id":"https:\/\/gruene-wiesbaden.de\/#organization"},"image":{"@id":"https:\/\/gruene-wiesbaden.de\/lore-ipsum-samed\/#primaryimage"},"thumbnailUrl":"https:\/\/gruene-wiesbaden.de\/wp-content\/uploads\/2025\/07\/noaa-SkJG9sNkQVQ-unsplash-scaled.jpg","articleSection":["Kapitel 1"],"inLanguage":"ro-RO"},{"@type":"WebPage","@id":"https:\/\/gruene-wiesbaden.de\/lore-ipsum-samed\/","url":"https:\/\/gruene-wiesbaden.de\/lore-ipsum-samed\/","name":"Land- und Forstwirtschaft - B\u00dcNDNIS 90\/DIE GR\u00dcNEN Wiesbaden","isPartOf":{"@id":"https:\/\/gruene-wiesbaden.de\/#website"},"primaryImageOfPage":{"@id":"https:\/\/gruene-wiesbaden.de\/lore-ipsum-samed\/#primaryimage"},"image":{"@id":"https:\/\/gruene-wiesbaden.de\/lore-ipsum-samed\/#primaryimage"},"thumbnailUrl":"https:\/\/gruene-wiesbaden.de\/wp-content\/uploads\/2025\/07\/noaa-SkJG9sNkQVQ-unsplash-scaled.jpg","datePublished":"2025-08-01T20:40:52+00:00","dateModified":"2026-04-08T20:38:25+00:00","breadcrumb":{"@id":"https:\/\/gruene-wiesbaden.de\/lore-ipsum-samed\/#breadcrumb"},"inLanguage":"ro-RO","potentialAction":[{"@type":"ReadAction","target":["https:\/\/gruene-wiesbaden.de\/lore-ipsum-samed\/"]}]},{"@type":"ImageObject","inLanguage":"ro-RO","@id":"https:\/\/gruene-wiesbaden.de\/lore-ipsum-samed\/#primaryimage","url":"https:\/\/gruene-wiesbaden.de\/wp-content\/uploads\/2025\/07\/noaa-SkJG9sNkQVQ-unsplash-scaled.jpg","contentUrl":"https:\/\/gruene-wiesbaden.de\/wp-content\/uploads\/2025\/07\/noaa-SkJG9sNkQVQ-unsplash-scaled.jpg","width":1920,"height":2560},{"@type":"BreadcrumbList","@id":"https:\/\/gruene-wiesbaden.de\/lore-ipsum-samed\/#breadcrumb","itemListElement":[{"@type":"ListItem","position":1,"name":"Startseite","item":"https:\/\/gruene-wiesbaden.de\/"},{"@type":"ListItem","position":2,"name":"Land- und Forstwirtschaft"}]},{"@type":"WebSite","@id":"https:\/\/gruene-wiesbaden.de\/#website","url":"https:\/\/gruene-wiesbaden.de\/","name":"DIE GR\u00dcNEN Wiesbaden","description":"","publisher":{"@id":"https:\/\/gruene-wiesbaden.de\/#organization"},"potentialAction":[{"@type":"SearchAction","target":{"@type":"EntryPoint","urlTemplate":"https:\/\/gruene-wiesbaden.de\/?s={search_term_string}"},"query-input":{"@type":"PropertyValueSpecification","valueRequired":true,"valueName":"search_term_string"}}],"inLanguage":"ro-RO"},{"@type":"Organization","@id":"https:\/\/gruene-wiesbaden.de\/#organization","name":"DIE GR\u00dcNEN Wiesbaden","url":"https:\/\/gruene-wiesbaden.de\/","logo":{"@type":"ImageObject","inLanguage":"ro-RO","@id":"https:\/\/gruene-wiesbaden.de\/#\/schema\/logo\/image\/","url":"https:\/\/gruene-wiesbaden-fuer-europa.de\/wp-content\/uploads\/2024\/04\/Machen-was-zaehlt-5.png","contentUrl":"https:\/\/gruene-wiesbaden-fuer-europa.de\/wp-content\/uploads\/2024\/04\/Machen-was-zaehlt-5.png","width":1772,"height":1772,"caption":"DIE GR\u00dcNEN Wiesbaden"},"image":{"@id":"https:\/\/gruene-wiesbaden.de\/#\/schema\/logo\/image\/"},"sameAs":["https:\/\/www.facebook.com\/gruene.wi","https:\/\/instagram.com\/gruene_wi"]},{"@type":"Person","@id":"https:\/\/gruene-wiesbaden.de\/#\/schema\/person\/6785c34779159cd4fd86886bb097afe9","name":"admin","sameAs":["http:\/\/gruene-wiesbaden-fuer-europa.de"],"url":"https:\/\/gruene-wiesbaden.de\/ro\/author\/admin\/"}]}},"_links":{"self":[{"href":"https:\/\/gruene-wiesbaden.de\/ro\/wp-json\/wp\/v2\/posts\/1222","targetHints":{"allow":["GET"]}}],"collection":[{"href":"https:\/\/gruene-wiesbaden.de\/ro\/wp-json\/wp\/v2\/posts"}],"about":[{"href":"https:\/\/gruene-wiesbaden.de\/ro\/wp-json\/wp\/v2\/types\/post"}],"author":[{"embeddable":true,"href":"https:\/\/gruene-wiesbaden.de\/ro\/wp-json\/wp\/v2\/users\/1"}],"replies":[{"embeddable":true,"href":"https:\/\/gruene-wiesbaden.de\/ro\/wp-json\/wp\/v2\/comments?post=1222"}],"version-history":[{"count":15,"href":"https:\/\/gruene-wiesbaden.de\/ro\/wp-json\/wp\/v2\/posts\/1222\/revisions"}],"predecessor-version":[{"id":2369,"href":"https:\/\/gruene-wiesbaden.de\/ro\/wp-json\/wp\/v2\/posts\/1222\/revisions\/2369"}],"wp:featuredmedia":[{"embeddable":true,"href":"https:\/\/gruene-wiesbaden.de\/ro\/wp-json\/wp\/v2\/media\/1195"}],"wp:attachment":[{"href":"https:\/\/gruene-wiesbaden.de\/ro\/wp-json\/wp\/v2\/media?parent=1222"}],"wp:term":[{"taxonomy":"category","embeddable":true,"href":"https:\/\/gruene-wiesbaden.de\/ro\/wp-json\/wp\/v2\/categories?post=1222"},{"taxonomy":"post_tag","embeddable":true,"href":"https:\/\/gruene-wiesbaden.de\/ro\/wp-json\/wp\/v2\/tags?post=1222"}],"curies":[{"name":"wp","href":"https:\/\/api.w.org\/{rel}","templated":true}]}}