{"id":884,"date":"2025-03-12T12:00:45","date_gmt":"2025-03-12T12:00:45","guid":{"rendered":"http:\/\/gruene-wiesbaden.de.w0207e8f.kasserver.com\/?p=884"},"modified":"2025-06-17T15:47:58","modified_gmt":"2025-06-17T15:47:58","slug":"ob-stichwahl2025","status":"publish","type":"post","link":"https:\/\/gruene-wiesbaden.de\/pt\/ob-stichwahl2025\/","title":{"rendered":"B\u00dcNDNIS 90\/ DIE GR\u00dcNEN Wiesbaden apelam \u00e0 participa\u00e7\u00e3o nas elei\u00e7\u00f5es da OB e recomendam o candidato do SPD Gert-Uwe Mende"},"content":{"rendered":"<section class=\"l-section wpb_row height_medium\"><div class=\"l-section-h i-cf\"><div class=\"g-cols vc_row via_grid cols_1 laptops-cols_inherit tablets-cols_inherit mobiles-cols_1 valign_top type_default stacking_default\"><div class=\"wpb_column vc_column_container\"><div class=\"vc_column-inner\"><h3 class=\"w-post-elm post_title us_custom_ea76afbe entry-title color_link_inherit\">B\u00dcNDNIS 90\/ DIE GR\u00dcNEN Wiesbaden apelam \u00e0 participa\u00e7\u00e3o nas elei\u00e7\u00f5es da OB e recomendam o candidato do SPD Gert-Uwe Mende<\/h3><div class=\"w-post-elm post_image\"><img loading=\"lazy\" decoding=\"async\" width=\"600\" height=\"400\" src=\"https:\/\/gruene-wiesbaden.de\/wp-content\/uploads\/2025\/03\/OB-Wahl-Gesine-600x400.png\" class=\"attachment-large size-large wp-post-image\" alt=\"\" srcset=\"https:\/\/gruene-wiesbaden.de\/wp-content\/uploads\/2025\/03\/OB-Wahl-Gesine-600x400.png 600w, https:\/\/gruene-wiesbaden.de\/wp-content\/uploads\/2025\/03\/OB-Wahl-Gesine-400x267.png 400w, https:\/\/gruene-wiesbaden.de\/wp-content\/uploads\/2025\/03\/OB-Wahl-Gesine.png 1750w\" sizes=\"auto, (max-width: 600px) 100vw, 600px\" \/><\/div><div class=\"w-separator size_medium\"><\/div><div class=\"wpb_text_column\"><div class=\"wpb_wrapper\"><p><strong><span>Na sua reuni\u00e3o geral de ter\u00e7a-feira \u00e0 noite, os membros da associa\u00e7\u00e3o distrital de Wiesbaden, B\u00dcNDNIS 90\/DIE GR\u00dcNEN, analisaram os resultados das elei\u00e7\u00f5es federais e aut\u00e1rquicas, trocaram pontos de vista sobre os pr\u00f3s e os contras de uma recomenda\u00e7\u00e3o eleitoral para a segunda volta das elei\u00e7\u00f5es aut\u00e1rquicas e tomaram a decis\u00e3o de emitir uma recomenda\u00e7\u00e3o eleitoral para Gert-Uwe Mende (SPD).\u00a0<\/span><\/strong><\/p>\n<p><span>\u00abGostar\u00edamos de agradecer a todos os eleitores que votaram no nosso candidato verde nas elei\u00e7\u00f5es legislativas. Um agradecimento especial vai para a pr\u00f3pria Gesine Bonnet, que promoveu o futuro progressivo e ecol\u00f3gico de Wiesbaden com grande energia. A sua campanha eleitoral deu um impulso importante, em especial para a transi\u00e7\u00e3o para a mobilidade, a prote\u00e7\u00e3o do clima e as crian\u00e7as e os jovens\u00bb, afirmaram os dois presidentes distritais, Rebecca Thomas e Daniel Schmitt.<\/span><\/p>\n<h4><span><strong>Recomenda\u00e7\u00e3o eleitoral para Gert-Uwe Mende (SPD) na segunda volta das elei\u00e7\u00f5es<\/strong><\/span><\/h4>\n<p><span>Os Verdes de Wiesbaden t\u00eam trabalhado com sucesso por cerca de tr\u00eas anos em um <\/span><span><strong>Coopera\u00e7\u00e3o com o DOCUP, a VOLT e a DIE LINKE<\/strong><\/span><span> juntos. \u00abNos \u00faltimos anos, trabalh\u00e1mos em conjunto com Gert-Uwe Mende como OB num esp\u00edrito de confian\u00e7a na coopera\u00e7\u00e3o entre as c\u00e2maras municipais e implement\u00e1mos ou lan\u00e7\u00e1mos em conjunto muitos projetos ecol\u00f3gicos, como novas zonas pedonais, a convers\u00e3o da Pra\u00e7a da Als\u00e1cia numa zona verde e a moderniza\u00e7\u00e3o da Schwalbacher Stra\u00dfe. Juntamente com ele, domin\u00e1mos o coronav\u00edrus e a crise energ\u00e9tica. Estamos tamb\u00e9m unidos na luta contra o extremismo de direita e por uma sociedade urbana diversificada\", afirma Gesine Bonnet, que \u00e9 tamb\u00e9m a l\u00edder do Grupo dos Verdes. \"Ao mesmo tempo, h\u00e1 dom\u00ednios em que \u00e9 necess\u00e1rio acontecer ainda mais. Discutimos isto pessoalmente com Gert-Uwe Mende na ter\u00e7a-feira. Garantiu-nos que, em caso de reelei\u00e7\u00e3o, continuar\u00e1 a fazer avan\u00e7ar connosco importantes projetos futuros: Estes incluem a transi\u00e7\u00e3o para os transportes e o aquecimento, a constru\u00e7\u00e3o em edif\u00edcios existentes para minimizar o consumo de terra, a gest\u00e3o da prote\u00e7\u00e3o clim\u00e1tica em toda a cidade e o projeto \"Moderniza\u00e7\u00e3o Administrativa\", diz Bonnet.<\/span><\/p>\n<p><span>Tamb\u00e9m foi importante para a GR\u00dcNEN que Gert-Uwe Mende, ao contr\u00e1rio de seu concorrente, queira deixar o Conselho Fiscal da ESWE Verkehr como est\u00e1. \u00abA nossa empresa municipal de autocarros est\u00e1 de volta ao bom caminho, a coopera\u00e7\u00e3o com a c\u00e2mara municipal aumentou o financiamento e o calend\u00e1rio foi novamente prorrogado. Com o plano de transporte local recentemente adotado e o novo dep\u00f3sito planeado, h\u00e1 uma forte perspetiva de futuro. Para os trabalhadores e os passageiros dos autocarros, \u00e9 importante que o trabalho possa agora prosseguir com paz e continuidade \u2013 o que s\u00f3 \u00e9 assegurado por um Lord Mayor Mende\u00bb, afirma Bonnet.<\/span><\/p>\n<p><span>Os membros da associa\u00e7\u00e3o distrital de Wiesbaden<\/span><span><\/span><span>ver na reelei\u00e7\u00e3o de <\/span><span><strong>Gert-Uwe Mende<\/strong><\/span><span> A melhor forma de promover o conte\u00fado verde. A assembleia geral da B\u00dcNDNIS 90\/DIE GR\u00dcNEN Wiesbaden decidiu, por conseguinte, votar a favor da segunda volta das elei\u00e7\u00f5es para o Parlamento Europeu. <\/span><span><strong>30 de mar\u00e7o<\/strong><\/span><span> uma recomenda\u00e7\u00e3o eleitoral para <\/span><span><strong>Gert-Uwe Mende<\/strong><\/span><span> Pronuncie-se.<\/span><\/p>\n<h4><span><strong>Convocat\u00f3ria para a aflu\u00eancia \u00e0s urnas<\/strong><\/span><\/h4>\n<p><span>Em 30 de mar\u00e7o de 2025, a segunda volta das elei\u00e7\u00f5es ter\u00e1 lugar em Wiesbaden, na qual Gert-Uwe Mende (SPD) e Thilo von Debschitz (candidato conjunto da CDU e do FDP) competir\u00e3o entre si. \"Mesmo que n\u00e3o concorramos ao segundo turno com um candidato verde, ainda \u00e9 importante que nossos eleitores coloquem seu voto na escala\", diz Rebecca Thomas. \u00abPor conseguinte, apelamos aos nossos eleitores para que se dirijam ao segundo turno e recomendem a vota\u00e7\u00e3o para o candidato Gert-Uwe Mende (SPD)\u00bb, afirma Daniel Schmitt.<\/span><\/p>\n<\/div><\/div><\/div><\/div><\/div><\/div><\/section>","protected":false},"excerpt":{"rendered":"Os membros da associa\u00e7\u00e3o distrital de Wiesbaden da B\u00dcNDNIS 90\/DIE GR\u00dcNEN analisaram os resultados das elei\u00e7\u00f5es federais e aut\u00e1rquicas na sua assembleia geral na ter\u00e7a-feira \u00e0 noite, trocaram opini\u00f5es sobre os pr\u00f3s e contras de uma recomenda\u00e7\u00e3o eleitoral para a segunda volta das elei\u00e7\u00f5es aut\u00e1rquicas e...","protected":false},"author":1,"featured_media":911,"comment_status":"closed","ping_status":"closed","sticky":false,"template":"","format":"standard","meta":{"footnotes":""},"categories":[5],"tags":[],"class_list":["post-884","post","type-post","status-publish","format-standard","has-post-thumbnail","hentry","category-wahlen"],"yoast_head":"<!-- This site is optimized with the Yoast SEO plugin v27.5 - https:\/\/yoast.com\/product\/yoast-seo-wordpress\/ -->\n<title>B\u00dcNDNIS 90\/ DIE GR\u00dcNEN Wiesbaden rufen zur Beteiligung an der OB-Stichwahl auf und empfehlen den SPD-Kandidaten Gert-Uwe Mende - B\u00dcNDNIS 90\/DIE GR\u00dcNEN Wiesbaden<\/title>\n<meta name=\"robots\" content=\"index, follow, max-snippet:-1, max-image-preview:large, max-video-preview:-1\" \/>\n<link rel=\"canonical\" href=\"https:\/\/gruene-wiesbaden.de\/pt\/ob-stichwahl2025\/\" \/>\n<meta property=\"og:locale\" content=\"pt_PT\" \/>\n<meta property=\"og:type\" content=\"article\" \/>\n<meta property=\"og:title\" content=\"B\u00dcNDNIS 90\/ DIE GR\u00dcNEN Wiesbaden rufen zur Beteiligung an der OB-Stichwahl auf und empfehlen den SPD-Kandidaten Gert-Uwe Mende - B\u00dcNDNIS 90\/DIE GR\u00dcNEN Wiesbaden\" \/>\n<meta property=\"og:url\" content=\"https:\/\/gruene-wiesbaden.de\/pt\/ob-stichwahl2025\/\" \/>\n<meta property=\"og:site_name\" content=\"B\u00dcNDNIS 90\/DIE GR\u00dcNEN Wiesbaden\" \/>\n<meta property=\"article:publisher\" content=\"https:\/\/www.facebook.com\/gruene.wi\" \/>\n<meta property=\"article:published_time\" content=\"2025-03-12T12:00:45+00:00\" \/>\n<meta property=\"article:modified_time\" content=\"2025-06-17T15:47:58+00:00\" \/>\n<meta property=\"og:image\" content=\"https:\/\/gruene-wiesbaden.de\/wp-content\/uploads\/2025\/03\/OB-Wahl-Gesine-600x400.png\" \/>\n\t<meta property=\"og:image:width\" content=\"600\" \/>\n\t<meta property=\"og:image:height\" content=\"400\" \/>\n\t<meta property=\"og:image:type\" content=\"image\/png\" \/>\n<meta name=\"author\" content=\"admin\" \/>\n<meta name=\"twitter:card\" content=\"summary_large_image\" \/>\n<meta name=\"twitter:label1\" content=\"Escrito por\" \/>\n\t<meta name=\"twitter:data1\" content=\"admin\" \/>\n\t<meta name=\"twitter:label2\" content=\"Tempo estimado de leitura\" \/>\n\t<meta name=\"twitter:data2\" content=\"3 minutes\" \/>\n<script type=\"application\/ld+json\" class=\"yoast-schema-graph\">{\"@context\":\"https:\\\/\\\/schema.org\",\"@graph\":[{\"@type\":\"Article\",\"@id\":\"https:\\\/\\\/gruene-wiesbaden.de\\\/ob-stichwahl2025\\\/#article\",\"isPartOf\":{\"@id\":\"https:\\\/\\\/gruene-wiesbaden.de\\\/ob-stichwahl2025\\\/\"},\"author\":{\"name\":\"admin\",\"@id\":\"https:\\\/\\\/gruene-wiesbaden.de\\\/#\\\/schema\\\/person\\\/6785c34779159cd4fd86886bb097afe9\"},\"headline\":\"B\u00dcNDNIS 90\\\/ DIE GR\u00dcNEN Wiesbaden rufen zur Beteiligung an der OB-Stichwahl auf und empfehlen den SPD-Kandidaten Gert-Uwe Mende\",\"datePublished\":\"2025-03-12T12:00:45+00:00\",\"dateModified\":\"2025-06-17T15:47:58+00:00\",\"mainEntityOfPage\":{\"@id\":\"https:\\\/\\\/gruene-wiesbaden.de\\\/ob-stichwahl2025\\\/\"},\"wordCount\":590,\"publisher\":{\"@id\":\"https:\\\/\\\/gruene-wiesbaden.de\\\/#organization\"},\"image\":{\"@id\":\"https:\\\/\\\/gruene-wiesbaden.de\\\/ob-stichwahl2025\\\/#primaryimage\"},\"thumbnailUrl\":\"https:\\\/\\\/gruene-wiesbaden.de\\\/wp-content\\\/uploads\\\/2025\\\/03\\\/OB-Wahl-Gesine.png\",\"articleSection\":[\"Wahlen\"],\"inLanguage\":\"pt-PT\"},{\"@type\":\"WebPage\",\"@id\":\"https:\\\/\\\/gruene-wiesbaden.de\\\/ob-stichwahl2025\\\/\",\"url\":\"https:\\\/\\\/gruene-wiesbaden.de\\\/ob-stichwahl2025\\\/\",\"name\":\"B\u00dcNDNIS 90\\\/ DIE GR\u00dcNEN Wiesbaden rufen zur Beteiligung an der OB-Stichwahl auf und empfehlen den SPD-Kandidaten Gert-Uwe Mende - B\u00dcNDNIS 90\\\/DIE GR\u00dcNEN Wiesbaden\",\"isPartOf\":{\"@id\":\"https:\\\/\\\/gruene-wiesbaden.de\\\/#website\"},\"primaryImageOfPage\":{\"@id\":\"https:\\\/\\\/gruene-wiesbaden.de\\\/ob-stichwahl2025\\\/#primaryimage\"},\"image\":{\"@id\":\"https:\\\/\\\/gruene-wiesbaden.de\\\/ob-stichwahl2025\\\/#primaryimage\"},\"thumbnailUrl\":\"https:\\\/\\\/gruene-wiesbaden.de\\\/wp-content\\\/uploads\\\/2025\\\/03\\\/OB-Wahl-Gesine.png\",\"datePublished\":\"2025-03-12T12:00:45+00:00\",\"dateModified\":\"2025-06-17T15:47:58+00:00\",\"breadcrumb\":{\"@id\":\"https:\\\/\\\/gruene-wiesbaden.de\\\/ob-stichwahl2025\\\/#breadcrumb\"},\"inLanguage\":\"pt-PT\",\"potentialAction\":[{\"@type\":\"ReadAction\",\"target\":[\"https:\\\/\\\/gruene-wiesbaden.de\\\/ob-stichwahl2025\\\/\"]}]},{\"@type\":\"ImageObject\",\"inLanguage\":\"pt-PT\",\"@id\":\"https:\\\/\\\/gruene-wiesbaden.de\\\/ob-stichwahl2025\\\/#primaryimage\",\"url\":\"https:\\\/\\\/gruene-wiesbaden.de\\\/wp-content\\\/uploads\\\/2025\\\/03\\\/OB-Wahl-Gesine.png\",\"contentUrl\":\"https:\\\/\\\/gruene-wiesbaden.de\\\/wp-content\\\/uploads\\\/2025\\\/03\\\/OB-Wahl-Gesine.png\",\"width\":1750,\"height\":1166},{\"@type\":\"BreadcrumbList\",\"@id\":\"https:\\\/\\\/gruene-wiesbaden.de\\\/ob-stichwahl2025\\\/#breadcrumb\",\"itemListElement\":[{\"@type\":\"ListItem\",\"position\":1,\"name\":\"Startseite\",\"item\":\"https:\\\/\\\/gruene-wiesbaden.de\\\/\"},{\"@type\":\"ListItem\",\"position\":2,\"name\":\"B\u00dcNDNIS 90\\\/ DIE GR\u00dcNEN Wiesbaden rufen zur Beteiligung an der OB-Stichwahl auf und empfehlen den SPD-Kandidaten Gert-Uwe Mende\"}]},{\"@type\":\"WebSite\",\"@id\":\"https:\\\/\\\/gruene-wiesbaden.de\\\/#website\",\"url\":\"https:\\\/\\\/gruene-wiesbaden.de\\\/\",\"name\":\"DIE GR\u00dcNEN Wiesbaden\",\"description\":\"\",\"publisher\":{\"@id\":\"https:\\\/\\\/gruene-wiesbaden.de\\\/#organization\"},\"potentialAction\":[{\"@type\":\"SearchAction\",\"target\":{\"@type\":\"EntryPoint\",\"urlTemplate\":\"https:\\\/\\\/gruene-wiesbaden.de\\\/?s={search_term_string}\"},\"query-input\":{\"@type\":\"PropertyValueSpecification\",\"valueRequired\":true,\"valueName\":\"search_term_string\"}}],\"inLanguage\":\"pt-PT\"},{\"@type\":\"Organization\",\"@id\":\"https:\\\/\\\/gruene-wiesbaden.de\\\/#organization\",\"name\":\"DIE GR\u00dcNEN Wiesbaden\",\"url\":\"https:\\\/\\\/gruene-wiesbaden.de\\\/\",\"logo\":{\"@type\":\"ImageObject\",\"inLanguage\":\"pt-PT\",\"@id\":\"https:\\\/\\\/gruene-wiesbaden.de\\\/#\\\/schema\\\/logo\\\/image\\\/\",\"url\":\"https:\\\/\\\/gruene-wiesbaden-fuer-europa.de\\\/wp-content\\\/uploads\\\/2024\\\/04\\\/Machen-was-zaehlt-5.png\",\"contentUrl\":\"https:\\\/\\\/gruene-wiesbaden-fuer-europa.de\\\/wp-content\\\/uploads\\\/2024\\\/04\\\/Machen-was-zaehlt-5.png\",\"width\":1772,\"height\":1772,\"caption\":\"DIE GR\u00dcNEN Wiesbaden\"},\"image\":{\"@id\":\"https:\\\/\\\/gruene-wiesbaden.de\\\/#\\\/schema\\\/logo\\\/image\\\/\"},\"sameAs\":[\"https:\\\/\\\/www.facebook.com\\\/gruene.wi\",\"https:\\\/\\\/instagram.com\\\/gruene_wi\"]},{\"@type\":\"Person\",\"@id\":\"https:\\\/\\\/gruene-wiesbaden.de\\\/#\\\/schema\\\/person\\\/6785c34779159cd4fd86886bb097afe9\",\"name\":\"admin\",\"sameAs\":[\"http:\\\/\\\/gruene-wiesbaden-fuer-europa.de\"],\"url\":\"https:\\\/\\\/gruene-wiesbaden.de\\\/pt\\\/author\\\/admin\\\/\"}]}<\/script>\n<!-- \/ Yoast SEO plugin. -->","yoast_head_json":{"title":"B\u00dcNDNIS 90\/ DIE GR\u00dcNEN Wiesbaden rufen zur Beteiligung an der OB-Stichwahl auf und empfehlen den SPD-Kandidaten Gert-Uwe Mende - B\u00dcNDNIS 90\/DIE GR\u00dcNEN Wiesbaden","robots":{"index":"index","follow":"follow","max-snippet":"max-snippet:-1","max-image-preview":"max-image-preview:large","max-video-preview":"max-video-preview:-1"},"canonical":"https:\/\/gruene-wiesbaden.de\/pt\/ob-stichwahl2025\/","og_locale":"pt_PT","og_type":"article","og_title":"B\u00dcNDNIS 90\/ DIE GR\u00dcNEN Wiesbaden rufen zur Beteiligung an der OB-Stichwahl auf und empfehlen den SPD-Kandidaten Gert-Uwe Mende - B\u00dcNDNIS 90\/DIE GR\u00dcNEN Wiesbaden","og_url":"https:\/\/gruene-wiesbaden.de\/pt\/ob-stichwahl2025\/","og_site_name":"B\u00dcNDNIS 90\/DIE GR\u00dcNEN Wiesbaden","article_publisher":"https:\/\/www.facebook.com\/gruene.wi","article_published_time":"2025-03-12T12:00:45+00:00","article_modified_time":"2025-06-17T15:47:58+00:00","og_image":[{"width":600,"height":400,"url":"https:\/\/gruene-wiesbaden.de\/wp-content\/uploads\/2025\/03\/OB-Wahl-Gesine-600x400.png","type":"image\/png"}],"author":"admin","twitter_card":"summary_large_image","twitter_misc":{"Escrito por":"admin","Tempo estimado de leitura":"3 minutes"},"schema":{"@context":"https:\/\/schema.org","@graph":[{"@type":"Article","@id":"https:\/\/gruene-wiesbaden.de\/ob-stichwahl2025\/#article","isPartOf":{"@id":"https:\/\/gruene-wiesbaden.de\/ob-stichwahl2025\/"},"author":{"name":"admin","@id":"https:\/\/gruene-wiesbaden.de\/#\/schema\/person\/6785c34779159cd4fd86886bb097afe9"},"headline":"B\u00dcNDNIS 90\/ DIE GR\u00dcNEN Wiesbaden rufen zur Beteiligung an der OB-Stichwahl auf und empfehlen den SPD-Kandidaten Gert-Uwe Mende","datePublished":"2025-03-12T12:00:45+00:00","dateModified":"2025-06-17T15:47:58+00:00","mainEntityOfPage":{"@id":"https:\/\/gruene-wiesbaden.de\/ob-stichwahl2025\/"},"wordCount":590,"publisher":{"@id":"https:\/\/gruene-wiesbaden.de\/#organization"},"image":{"@id":"https:\/\/gruene-wiesbaden.de\/ob-stichwahl2025\/#primaryimage"},"thumbnailUrl":"https:\/\/gruene-wiesbaden.de\/wp-content\/uploads\/2025\/03\/OB-Wahl-Gesine.png","articleSection":["Wahlen"],"inLanguage":"pt-PT"},{"@type":"WebPage","@id":"https:\/\/gruene-wiesbaden.de\/ob-stichwahl2025\/","url":"https:\/\/gruene-wiesbaden.de\/ob-stichwahl2025\/","name":"B\u00dcNDNIS 90\/ DIE GR\u00dcNEN Wiesbaden rufen zur Beteiligung an der OB-Stichwahl auf und empfehlen den SPD-Kandidaten Gert-Uwe Mende - B\u00dcNDNIS 90\/DIE GR\u00dcNEN Wiesbaden","isPartOf":{"@id":"https:\/\/gruene-wiesbaden.de\/#website"},"primaryImageOfPage":{"@id":"https:\/\/gruene-wiesbaden.de\/ob-stichwahl2025\/#primaryimage"},"image":{"@id":"https:\/\/gruene-wiesbaden.de\/ob-stichwahl2025\/#primaryimage"},"thumbnailUrl":"https:\/\/gruene-wiesbaden.de\/wp-content\/uploads\/2025\/03\/OB-Wahl-Gesine.png","datePublished":"2025-03-12T12:00:45+00:00","dateModified":"2025-06-17T15:47:58+00:00","breadcrumb":{"@id":"https:\/\/gruene-wiesbaden.de\/ob-stichwahl2025\/#breadcrumb"},"inLanguage":"pt-PT","potentialAction":[{"@type":"ReadAction","target":["https:\/\/gruene-wiesbaden.de\/ob-stichwahl2025\/"]}]},{"@type":"ImageObject","inLanguage":"pt-PT","@id":"https:\/\/gruene-wiesbaden.de\/ob-stichwahl2025\/#primaryimage","url":"https:\/\/gruene-wiesbaden.de\/wp-content\/uploads\/2025\/03\/OB-Wahl-Gesine.png","contentUrl":"https:\/\/gruene-wiesbaden.de\/wp-content\/uploads\/2025\/03\/OB-Wahl-Gesine.png","width":1750,"height":1166},{"@type":"BreadcrumbList","@id":"https:\/\/gruene-wiesbaden.de\/ob-stichwahl2025\/#breadcrumb","itemListElement":[{"@type":"ListItem","position":1,"name":"Startseite","item":"https:\/\/gruene-wiesbaden.de\/"},{"@type":"ListItem","position":2,"name":"B\u00dcNDNIS 90\/ DIE GR\u00dcNEN Wiesbaden rufen zur Beteiligung an der OB-Stichwahl auf und empfehlen den SPD-Kandidaten Gert-Uwe Mende"}]},{"@type":"WebSite","@id":"https:\/\/gruene-wiesbaden.de\/#website","url":"https:\/\/gruene-wiesbaden.de\/","name":"DIE GR\u00dcNEN Wiesbaden","description":"","publisher":{"@id":"https:\/\/gruene-wiesbaden.de\/#organization"},"potentialAction":[{"@type":"SearchAction","target":{"@type":"EntryPoint","urlTemplate":"https:\/\/gruene-wiesbaden.de\/?s={search_term_string}"},"query-input":{"@type":"PropertyValueSpecification","valueRequired":true,"valueName":"search_term_string"}}],"inLanguage":"pt-PT"},{"@type":"Organization","@id":"https:\/\/gruene-wiesbaden.de\/#organization","name":"DIE GR\u00dcNEN Wiesbaden","url":"https:\/\/gruene-wiesbaden.de\/","logo":{"@type":"ImageObject","inLanguage":"pt-PT","@id":"https:\/\/gruene-wiesbaden.de\/#\/schema\/logo\/image\/","url":"https:\/\/gruene-wiesbaden-fuer-europa.de\/wp-content\/uploads\/2024\/04\/Machen-was-zaehlt-5.png","contentUrl":"https:\/\/gruene-wiesbaden-fuer-europa.de\/wp-content\/uploads\/2024\/04\/Machen-was-zaehlt-5.png","width":1772,"height":1772,"caption":"DIE GR\u00dcNEN Wiesbaden"},"image":{"@id":"https:\/\/gruene-wiesbaden.de\/#\/schema\/logo\/image\/"},"sameAs":["https:\/\/www.facebook.com\/gruene.wi","https:\/\/instagram.com\/gruene_wi"]},{"@type":"Person","@id":"https:\/\/gruene-wiesbaden.de\/#\/schema\/person\/6785c34779159cd4fd86886bb097afe9","name":"admin","sameAs":["http:\/\/gruene-wiesbaden-fuer-europa.de"],"url":"https:\/\/gruene-wiesbaden.de\/pt\/author\/admin\/"}]}},"_links":{"self":[{"href":"https:\/\/gruene-wiesbaden.de\/pt\/wp-json\/wp\/v2\/posts\/884","targetHints":{"allow":["GET"]}}],"collection":[{"href":"https:\/\/gruene-wiesbaden.de\/pt\/wp-json\/wp\/v2\/posts"}],"about":[{"href":"https:\/\/gruene-wiesbaden.de\/pt\/wp-json\/wp\/v2\/types\/post"}],"author":[{"embeddable":true,"href":"https:\/\/gruene-wiesbaden.de\/pt\/wp-json\/wp\/v2\/users\/1"}],"replies":[{"embeddable":true,"href":"https:\/\/gruene-wiesbaden.de\/pt\/wp-json\/wp\/v2\/comments?post=884"}],"version-history":[{"count":5,"href":"https:\/\/gruene-wiesbaden.de\/pt\/wp-json\/wp\/v2\/posts\/884\/revisions"}],"predecessor-version":[{"id":910,"href":"https:\/\/gruene-wiesbaden.de\/pt\/wp-json\/wp\/v2\/posts\/884\/revisions\/910"}],"wp:featuredmedia":[{"embeddable":true,"href":"https:\/\/gruene-wiesbaden.de\/pt\/wp-json\/wp\/v2\/media\/911"}],"wp:attachment":[{"href":"https:\/\/gruene-wiesbaden.de\/pt\/wp-json\/wp\/v2\/media?parent=884"}],"wp:term":[{"taxonomy":"category","embeddable":true,"href":"https:\/\/gruene-wiesbaden.de\/pt\/wp-json\/wp\/v2\/categories?post=884"},{"taxonomy":"post_tag","embeddable":true,"href":"https:\/\/gruene-wiesbaden.de\/pt\/wp-json\/wp\/v2\/tags?post=884"}],"curies":[{"name":"wp","href":"https:\/\/api.w.org\/{rel}","templated":true}]}}