{"id":1394,"date":"2025-11-10T00:42:44","date_gmt":"2025-11-09T22:42:44","guid":{"rendered":"https:\/\/gruene-wiesbaden.de\/?p=1394"},"modified":"2025-11-24T18:56:24","modified_gmt":"2025-11-24T16:56:24","slug":"praeambel-eine-stadt-in-der-alle-dazugehoeren","status":"publish","type":"post","link":"https:\/\/gruene-wiesbaden.de\/pt\/praeambel-eine-stadt-in-der-alle-dazugehoeren\/","title":{"rendered":"Pre\u00e2mbulo: Uma cidade a que todos pertencem"},"content":{"rendered":"<section class=\"l-section wpb_row height_medium with_img\"><div class=\"l-section-img\" role=\"img\" data-img-width=\"2560\" data-img-height=\"1440\" style=\"background-image: url(https:\/\/gruene-wiesbaden.de\/wp-content\/uploads\/2025\/11\/MJK_82683-3-scaled.jpg);\"><\/div><div class=\"l-section-overlay\" style=\"background:var(--color-header-top-transparent-bg)\"><\/div><div class=\"l-section-h i-cf\"><div class=\"g-cols vc_row via_grid cols_1 laptops-cols_inherit tablets-cols_inherit mobiles-cols_1 valign_top type_default stacking_default\"><div class=\"wpb_column vc_column_container\"><div class=\"vc_column-inner\"><div class=\"g-cols wpb_row us_custom_baf6e999 via_grid cols_1 laptops-cols_inherit tablets-cols_inherit mobiles-cols_1 valign_top type_boxes stacking_default\" style=\"--columns-gap:3rem;\"><div class=\"wpb_column vc_column_container\"><div class=\"vc_column-inner\"><h1 class=\"w-post-elm post_title us_custom_24a85f83 has_text_color entry-title\">Pre\u00e2mbulo: Uma cidade a que todos pertencem<\/h1><div class=\"w-separator size_medium\"><\/div><div class=\"wpb_text_column us_custom_8b3d6790 has_text_color\"><div class=\"wpb_wrapper\"><p><span style=\"font-weight: 400;\">Wiesbaden \u00e9 uma cidade de diversidade \u2013 o que \u00e9 positivo. Pessoas com diferentes biografias, origens e planos de vida vivem juntas aqui.<\/span><\/p>\n<p><span style=\"font-weight: 400;\">N\u00f3s, os Verdes, estamos empenhados numa Wiesbaden onde a diversidade \u00e9 reconhecida e vivida como uma for\u00e7a \u2013 onde as pessoas podem viver de forma independente, segura e livre, independentemente do rendimento, da origem, da religi\u00e3o, do g\u00e9nero, da idade, da identidade sexual ou da defici\u00eancia.<\/span><\/p>\n<p><span style=\"font-weight: 400;\">Defendemos uma pol\u00edtica que tenha em conta todas as pessoas da sociedade com as suas diferentes realidades e necessidades e reforce a participa\u00e7\u00e3o da sociedade civil na conce\u00e7\u00e3o da nossa cidade.<\/span><\/p>\n<p><span style=\"font-weight: 400;\">O nosso objetivo \u00e9 uma sociedade urbana solid\u00e1ria, aberta e inclusiva e uma cidade que n\u00e3o s\u00f3 respeite a diversidade, mas a incorpore conscientemente nas suas decis\u00f5es e tome medidas contra todas as formas de discrimina\u00e7\u00e3o. Uma cidade onde a coes\u00e3o cresce e a participa\u00e7\u00e3o \u00e9 uma quest\u00e3o \u00f3bvia \u2013 para todos os que aqui vivem.<\/span><\/p>\n<p><span style=\"font-weight: 400;\">Para tal, \u00e9 necess\u00e1ria uma pol\u00edtica que:<\/span><\/p>\n<ul>\n<li style=\"font-weight: 400;\" aria-level=\"1\"><span style=\"font-weight: 400;\">Cria justi\u00e7a social atrav\u00e9s de uma maior equidade na educa\u00e7\u00e3o, da acessibilidade a oportunidades de lazer, cultura e mobilidade e de um apoio espec\u00edfico \u00e0s crian\u00e7as, aos jovens e \u00e0s fam\u00edlias, bem como aos idosos.<\/span><\/li>\n<\/ul>\n<ul>\n<li style=\"font-weight: 400;\" aria-level=\"1\"><span style=\"font-weight: 400;\">proporciona prote\u00e7\u00e3o contra a discrimina\u00e7\u00e3o, o racismo, o antissemitismo, o queerismo, o \u00f3dio \u00e0s mulheres e todas as formas de misoginia baseada em grupos, a viol\u00eancia e os sem-abrigo.<\/span><\/li>\n<\/ul>\n<ul>\n<li style=\"font-weight: 400;\" aria-level=\"1\"><span style=\"font-weight: 400;\">Eliminar os obst\u00e1culos, sejam eles f\u00edsicos, digitais ou sociais, para que todas as pessoas possam viver de forma autodeterminada.<\/span><\/li>\n<\/ul>\n<ul>\n<li style=\"font-weight: 400;\" aria-level=\"1\"><span style=\"font-weight: 400;\">Refor\u00e7ar a coes\u00e3o \u2013 atrav\u00e9s de uma sociedade civil din\u00e2mica, da participa\u00e7\u00e3o democr\u00e1tica e de uma cultura de uni\u00e3o.<\/span><\/li>\n<\/ul>\n<p><span style=\"font-weight: 400;\">Este cap\u00edtulo mostra como queremos fazer de Wiesbaden uma cidade onde a liberdade, a seguran\u00e7a e a autodetermina\u00e7\u00e3o se tornem uma realidade para todos. Porque uma cidade a que todos pertencem n\u00e3o \u00e9 uma utopia \u2013 \u00e9 exequ\u00edvel.<\/span><\/p>\n<p>Tornamo-nos mais poss\u00edveis. para Wiesbaden. Com a tua voz.<\/p>\n<\/div><\/div><div class=\"w-separator size_medium\"><\/div><div class=\"w-btn-wrapper align_left\"><a class=\"w-btn us-btn-style_8 icon_atleft\" href=\"https:\/\/gruene-wiesbaden.de\/pt\/kommunalwahl\/#Kapitel2\"><i class=\"fas fa-chevron-circle-right\"><\/i><span class=\"w-btn-label\">Voltar \u00e0 vis\u00e3o geral<\/span><\/a><\/div><\/div><\/div><\/div><div class=\"w-separator size_medium\"><\/div><\/div><\/div><\/div><\/div><\/section>","protected":false},"excerpt":{"rendered":"Pre\u00e2mbulo: Uma cidade a que todos pertencemWiesbaden \u00e9 uma cidade de diversidade \u2013 o que \u00e9 positivo. Pessoas com diferentes biografias, origens e planos de vida vivem juntas aqui. N\u00f3s, os Verdes, estamos empenhados numa Wiesbaden onde a diversidade \u00e9 reconhecida e vivida como uma for\u00e7a \u2013 onde as pessoas s\u00e3o independentes do rendimento, da origem, da religi\u00e3o, do g\u00e9nero, etc.","protected":false},"author":1,"featured_media":1400,"comment_status":"closed","ping_status":"closed","sticky":false,"template":"","format":"standard","meta":{"footnotes":""},"categories":[19],"tags":[],"class_list":["post-1394","post","type-post","status-publish","format-standard","has-post-thumbnail","hentry","category-kapitel-2-praeambel"],"yoast_head":"<!-- This site is optimized with the Yoast SEO plugin v27.5 - https:\/\/yoast.com\/product\/yoast-seo-wordpress\/ -->\n<title>Pr\u00e4ambel: Eine Stadt, in der alle dazugeh\u00f6ren - B\u00dcNDNIS 90\/DIE GR\u00dcNEN Wiesbaden<\/title>\n<meta name=\"robots\" content=\"index, follow, max-snippet:-1, max-image-preview:large, max-video-preview:-1\" \/>\n<link rel=\"canonical\" href=\"https:\/\/gruene-wiesbaden.de\/pt\/praeambel-eine-stadt-in-der-alle-dazugehoeren\/\" \/>\n<meta property=\"og:locale\" content=\"pt_PT\" \/>\n<meta property=\"og:type\" content=\"article\" \/>\n<meta property=\"og:title\" content=\"Pr\u00e4ambel: Eine Stadt, in der alle dazugeh\u00f6ren - B\u00dcNDNIS 90\/DIE GR\u00dcNEN Wiesbaden\" \/>\n<meta property=\"og:url\" content=\"https:\/\/gruene-wiesbaden.de\/pt\/praeambel-eine-stadt-in-der-alle-dazugehoeren\/\" \/>\n<meta property=\"og:site_name\" content=\"B\u00dcNDNIS 90\/DIE GR\u00dcNEN Wiesbaden\" \/>\n<meta property=\"article:publisher\" content=\"https:\/\/www.facebook.com\/gruene.wi\" \/>\n<meta property=\"article:published_time\" content=\"2025-11-09T22:42:44+00:00\" \/>\n<meta property=\"article:modified_time\" content=\"2025-11-24T16:56:24+00:00\" \/>\n<meta property=\"og:image\" content=\"https:\/\/gruene-wiesbaden.de\/wp-content\/uploads\/2025\/11\/MJK_82683-3-scaled.jpg\" \/>\n\t<meta property=\"og:image:width\" content=\"2560\" \/>\n\t<meta property=\"og:image:height\" content=\"1440\" \/>\n\t<meta property=\"og:image:type\" content=\"image\/jpeg\" \/>\n<meta name=\"author\" content=\"admin\" \/>\n<meta name=\"twitter:card\" content=\"summary_large_image\" \/>\n<meta name=\"twitter:label1\" content=\"Escrito por\" \/>\n\t<meta name=\"twitter:data1\" content=\"admin\" \/>\n\t<meta name=\"twitter:label2\" content=\"Tempo estimado de leitura\" \/>\n\t<meta name=\"twitter:data2\" content=\"2 minutes\" \/>\n<script type=\"application\/ld+json\" class=\"yoast-schema-graph\">{\"@context\":\"https:\\\/\\\/schema.org\",\"@graph\":[{\"@type\":\"Article\",\"@id\":\"https:\\\/\\\/gruene-wiesbaden.de\\\/praeambel-eine-stadt-in-der-alle-dazugehoeren\\\/#article\",\"isPartOf\":{\"@id\":\"https:\\\/\\\/gruene-wiesbaden.de\\\/praeambel-eine-stadt-in-der-alle-dazugehoeren\\\/\"},\"author\":{\"name\":\"admin\",\"@id\":\"https:\\\/\\\/gruene-wiesbaden.de\\\/#\\\/schema\\\/person\\\/6785c34779159cd4fd86886bb097afe9\"},\"headline\":\"Pr\u00e4ambel: Eine Stadt, in der alle dazugeh\u00f6ren\",\"datePublished\":\"2025-11-09T22:42:44+00:00\",\"dateModified\":\"2025-11-24T16:56:24+00:00\",\"mainEntityOfPage\":{\"@id\":\"https:\\\/\\\/gruene-wiesbaden.de\\\/praeambel-eine-stadt-in-der-alle-dazugehoeren\\\/\"},\"wordCount\":417,\"publisher\":{\"@id\":\"https:\\\/\\\/gruene-wiesbaden.de\\\/#organization\"},\"image\":{\"@id\":\"https:\\\/\\\/gruene-wiesbaden.de\\\/praeambel-eine-stadt-in-der-alle-dazugehoeren\\\/#primaryimage\"},\"thumbnailUrl\":\"https:\\\/\\\/gruene-wiesbaden.de\\\/wp-content\\\/uploads\\\/2025\\\/11\\\/MJK_82683-3-scaled.jpg\",\"articleSection\":[\"Kapitel 2 Pr\u00e4ambel\"],\"inLanguage\":\"pt-PT\"},{\"@type\":\"WebPage\",\"@id\":\"https:\\\/\\\/gruene-wiesbaden.de\\\/praeambel-eine-stadt-in-der-alle-dazugehoeren\\\/\",\"url\":\"https:\\\/\\\/gruene-wiesbaden.de\\\/praeambel-eine-stadt-in-der-alle-dazugehoeren\\\/\",\"name\":\"Pr\u00e4ambel: Eine Stadt, in der alle dazugeh\u00f6ren - B\u00dcNDNIS 90\\\/DIE GR\u00dcNEN Wiesbaden\",\"isPartOf\":{\"@id\":\"https:\\\/\\\/gruene-wiesbaden.de\\\/#website\"},\"primaryImageOfPage\":{\"@id\":\"https:\\\/\\\/gruene-wiesbaden.de\\\/praeambel-eine-stadt-in-der-alle-dazugehoeren\\\/#primaryimage\"},\"image\":{\"@id\":\"https:\\\/\\\/gruene-wiesbaden.de\\\/praeambel-eine-stadt-in-der-alle-dazugehoeren\\\/#primaryimage\"},\"thumbnailUrl\":\"https:\\\/\\\/gruene-wiesbaden.de\\\/wp-content\\\/uploads\\\/2025\\\/11\\\/MJK_82683-3-scaled.jpg\",\"datePublished\":\"2025-11-09T22:42:44+00:00\",\"dateModified\":\"2025-11-24T16:56:24+00:00\",\"breadcrumb\":{\"@id\":\"https:\\\/\\\/gruene-wiesbaden.de\\\/praeambel-eine-stadt-in-der-alle-dazugehoeren\\\/#breadcrumb\"},\"inLanguage\":\"pt-PT\",\"potentialAction\":[{\"@type\":\"ReadAction\",\"target\":[\"https:\\\/\\\/gruene-wiesbaden.de\\\/praeambel-eine-stadt-in-der-alle-dazugehoeren\\\/\"]}]},{\"@type\":\"ImageObject\",\"inLanguage\":\"pt-PT\",\"@id\":\"https:\\\/\\\/gruene-wiesbaden.de\\\/praeambel-eine-stadt-in-der-alle-dazugehoeren\\\/#primaryimage\",\"url\":\"https:\\\/\\\/gruene-wiesbaden.de\\\/wp-content\\\/uploads\\\/2025\\\/11\\\/MJK_82683-3-scaled.jpg\",\"contentUrl\":\"https:\\\/\\\/gruene-wiesbaden.de\\\/wp-content\\\/uploads\\\/2025\\\/11\\\/MJK_82683-3-scaled.jpg\",\"width\":2560,\"height\":1440},{\"@type\":\"BreadcrumbList\",\"@id\":\"https:\\\/\\\/gruene-wiesbaden.de\\\/praeambel-eine-stadt-in-der-alle-dazugehoeren\\\/#breadcrumb\",\"itemListElement\":[{\"@type\":\"ListItem\",\"position\":1,\"name\":\"Startseite\",\"item\":\"https:\\\/\\\/gruene-wiesbaden.de\\\/\"},{\"@type\":\"ListItem\",\"position\":2,\"name\":\"Pr\u00e4ambel: Eine Stadt, in der alle dazugeh\u00f6ren\"}]},{\"@type\":\"WebSite\",\"@id\":\"https:\\\/\\\/gruene-wiesbaden.de\\\/#website\",\"url\":\"https:\\\/\\\/gruene-wiesbaden.de\\\/\",\"name\":\"DIE GR\u00dcNEN Wiesbaden\",\"description\":\"\",\"publisher\":{\"@id\":\"https:\\\/\\\/gruene-wiesbaden.de\\\/#organization\"},\"potentialAction\":[{\"@type\":\"SearchAction\",\"target\":{\"@type\":\"EntryPoint\",\"urlTemplate\":\"https:\\\/\\\/gruene-wiesbaden.de\\\/?s={search_term_string}\"},\"query-input\":{\"@type\":\"PropertyValueSpecification\",\"valueRequired\":true,\"valueName\":\"search_term_string\"}}],\"inLanguage\":\"pt-PT\"},{\"@type\":\"Organization\",\"@id\":\"https:\\\/\\\/gruene-wiesbaden.de\\\/#organization\",\"name\":\"DIE GR\u00dcNEN Wiesbaden\",\"url\":\"https:\\\/\\\/gruene-wiesbaden.de\\\/\",\"logo\":{\"@type\":\"ImageObject\",\"inLanguage\":\"pt-PT\",\"@id\":\"https:\\\/\\\/gruene-wiesbaden.de\\\/#\\\/schema\\\/logo\\\/image\\\/\",\"url\":\"https:\\\/\\\/gruene-wiesbaden-fuer-europa.de\\\/wp-content\\\/uploads\\\/2024\\\/04\\\/Machen-was-zaehlt-5.png\",\"contentUrl\":\"https:\\\/\\\/gruene-wiesbaden-fuer-europa.de\\\/wp-content\\\/uploads\\\/2024\\\/04\\\/Machen-was-zaehlt-5.png\",\"width\":1772,\"height\":1772,\"caption\":\"DIE GR\u00dcNEN Wiesbaden\"},\"image\":{\"@id\":\"https:\\\/\\\/gruene-wiesbaden.de\\\/#\\\/schema\\\/logo\\\/image\\\/\"},\"sameAs\":[\"https:\\\/\\\/www.facebook.com\\\/gruene.wi\",\"https:\\\/\\\/instagram.com\\\/gruene_wi\"]},{\"@type\":\"Person\",\"@id\":\"https:\\\/\\\/gruene-wiesbaden.de\\\/#\\\/schema\\\/person\\\/6785c34779159cd4fd86886bb097afe9\",\"name\":\"admin\",\"sameAs\":[\"http:\\\/\\\/gruene-wiesbaden-fuer-europa.de\"],\"url\":\"https:\\\/\\\/gruene-wiesbaden.de\\\/pt\\\/author\\\/admin\\\/\"}]}<\/script>\n<!-- \/ Yoast SEO plugin. -->","yoast_head_json":{"title":"Pr\u00e4ambel: Eine Stadt, in der alle dazugeh\u00f6ren - B\u00dcNDNIS 90\/DIE GR\u00dcNEN Wiesbaden","robots":{"index":"index","follow":"follow","max-snippet":"max-snippet:-1","max-image-preview":"max-image-preview:large","max-video-preview":"max-video-preview:-1"},"canonical":"https:\/\/gruene-wiesbaden.de\/pt\/praeambel-eine-stadt-in-der-alle-dazugehoeren\/","og_locale":"pt_PT","og_type":"article","og_title":"Pr\u00e4ambel: Eine Stadt, in der alle dazugeh\u00f6ren - B\u00dcNDNIS 90\/DIE GR\u00dcNEN Wiesbaden","og_url":"https:\/\/gruene-wiesbaden.de\/pt\/praeambel-eine-stadt-in-der-alle-dazugehoeren\/","og_site_name":"B\u00dcNDNIS 90\/DIE GR\u00dcNEN Wiesbaden","article_publisher":"https:\/\/www.facebook.com\/gruene.wi","article_published_time":"2025-11-09T22:42:44+00:00","article_modified_time":"2025-11-24T16:56:24+00:00","og_image":[{"width":2560,"height":1440,"url":"https:\/\/gruene-wiesbaden.de\/wp-content\/uploads\/2025\/11\/MJK_82683-3-scaled.jpg","type":"image\/jpeg"}],"author":"admin","twitter_card":"summary_large_image","twitter_misc":{"Escrito por":"admin","Tempo estimado de leitura":"2 minutes"},"schema":{"@context":"https:\/\/schema.org","@graph":[{"@type":"Article","@id":"https:\/\/gruene-wiesbaden.de\/praeambel-eine-stadt-in-der-alle-dazugehoeren\/#article","isPartOf":{"@id":"https:\/\/gruene-wiesbaden.de\/praeambel-eine-stadt-in-der-alle-dazugehoeren\/"},"author":{"name":"admin","@id":"https:\/\/gruene-wiesbaden.de\/#\/schema\/person\/6785c34779159cd4fd86886bb097afe9"},"headline":"Pr\u00e4ambel: Eine Stadt, in der alle dazugeh\u00f6ren","datePublished":"2025-11-09T22:42:44+00:00","dateModified":"2025-11-24T16:56:24+00:00","mainEntityOfPage":{"@id":"https:\/\/gruene-wiesbaden.de\/praeambel-eine-stadt-in-der-alle-dazugehoeren\/"},"wordCount":417,"publisher":{"@id":"https:\/\/gruene-wiesbaden.de\/#organization"},"image":{"@id":"https:\/\/gruene-wiesbaden.de\/praeambel-eine-stadt-in-der-alle-dazugehoeren\/#primaryimage"},"thumbnailUrl":"https:\/\/gruene-wiesbaden.de\/wp-content\/uploads\/2025\/11\/MJK_82683-3-scaled.jpg","articleSection":["Kapitel 2 Pr\u00e4ambel"],"inLanguage":"pt-PT"},{"@type":"WebPage","@id":"https:\/\/gruene-wiesbaden.de\/praeambel-eine-stadt-in-der-alle-dazugehoeren\/","url":"https:\/\/gruene-wiesbaden.de\/praeambel-eine-stadt-in-der-alle-dazugehoeren\/","name":"Pr\u00e4ambel: Eine Stadt, in der alle dazugeh\u00f6ren - B\u00dcNDNIS 90\/DIE GR\u00dcNEN Wiesbaden","isPartOf":{"@id":"https:\/\/gruene-wiesbaden.de\/#website"},"primaryImageOfPage":{"@id":"https:\/\/gruene-wiesbaden.de\/praeambel-eine-stadt-in-der-alle-dazugehoeren\/#primaryimage"},"image":{"@id":"https:\/\/gruene-wiesbaden.de\/praeambel-eine-stadt-in-der-alle-dazugehoeren\/#primaryimage"},"thumbnailUrl":"https:\/\/gruene-wiesbaden.de\/wp-content\/uploads\/2025\/11\/MJK_82683-3-scaled.jpg","datePublished":"2025-11-09T22:42:44+00:00","dateModified":"2025-11-24T16:56:24+00:00","breadcrumb":{"@id":"https:\/\/gruene-wiesbaden.de\/praeambel-eine-stadt-in-der-alle-dazugehoeren\/#breadcrumb"},"inLanguage":"pt-PT","potentialAction":[{"@type":"ReadAction","target":["https:\/\/gruene-wiesbaden.de\/praeambel-eine-stadt-in-der-alle-dazugehoeren\/"]}]},{"@type":"ImageObject","inLanguage":"pt-PT","@id":"https:\/\/gruene-wiesbaden.de\/praeambel-eine-stadt-in-der-alle-dazugehoeren\/#primaryimage","url":"https:\/\/gruene-wiesbaden.de\/wp-content\/uploads\/2025\/11\/MJK_82683-3-scaled.jpg","contentUrl":"https:\/\/gruene-wiesbaden.de\/wp-content\/uploads\/2025\/11\/MJK_82683-3-scaled.jpg","width":2560,"height":1440},{"@type":"BreadcrumbList","@id":"https:\/\/gruene-wiesbaden.de\/praeambel-eine-stadt-in-der-alle-dazugehoeren\/#breadcrumb","itemListElement":[{"@type":"ListItem","position":1,"name":"Startseite","item":"https:\/\/gruene-wiesbaden.de\/"},{"@type":"ListItem","position":2,"name":"Pr\u00e4ambel: Eine Stadt, in der alle dazugeh\u00f6ren"}]},{"@type":"WebSite","@id":"https:\/\/gruene-wiesbaden.de\/#website","url":"https:\/\/gruene-wiesbaden.de\/","name":"DIE GR\u00dcNEN Wiesbaden","description":"","publisher":{"@id":"https:\/\/gruene-wiesbaden.de\/#organization"},"potentialAction":[{"@type":"SearchAction","target":{"@type":"EntryPoint","urlTemplate":"https:\/\/gruene-wiesbaden.de\/?s={search_term_string}"},"query-input":{"@type":"PropertyValueSpecification","valueRequired":true,"valueName":"search_term_string"}}],"inLanguage":"pt-PT"},{"@type":"Organization","@id":"https:\/\/gruene-wiesbaden.de\/#organization","name":"DIE GR\u00dcNEN Wiesbaden","url":"https:\/\/gruene-wiesbaden.de\/","logo":{"@type":"ImageObject","inLanguage":"pt-PT","@id":"https:\/\/gruene-wiesbaden.de\/#\/schema\/logo\/image\/","url":"https:\/\/gruene-wiesbaden-fuer-europa.de\/wp-content\/uploads\/2024\/04\/Machen-was-zaehlt-5.png","contentUrl":"https:\/\/gruene-wiesbaden-fuer-europa.de\/wp-content\/uploads\/2024\/04\/Machen-was-zaehlt-5.png","width":1772,"height":1772,"caption":"DIE GR\u00dcNEN Wiesbaden"},"image":{"@id":"https:\/\/gruene-wiesbaden.de\/#\/schema\/logo\/image\/"},"sameAs":["https:\/\/www.facebook.com\/gruene.wi","https:\/\/instagram.com\/gruene_wi"]},{"@type":"Person","@id":"https:\/\/gruene-wiesbaden.de\/#\/schema\/person\/6785c34779159cd4fd86886bb097afe9","name":"admin","sameAs":["http:\/\/gruene-wiesbaden-fuer-europa.de"],"url":"https:\/\/gruene-wiesbaden.de\/pt\/author\/admin\/"}]}},"_links":{"self":[{"href":"https:\/\/gruene-wiesbaden.de\/pt\/wp-json\/wp\/v2\/posts\/1394","targetHints":{"allow":["GET"]}}],"collection":[{"href":"https:\/\/gruene-wiesbaden.de\/pt\/wp-json\/wp\/v2\/posts"}],"about":[{"href":"https:\/\/gruene-wiesbaden.de\/pt\/wp-json\/wp\/v2\/types\/post"}],"author":[{"embeddable":true,"href":"https:\/\/gruene-wiesbaden.de\/pt\/wp-json\/wp\/v2\/users\/1"}],"replies":[{"embeddable":true,"href":"https:\/\/gruene-wiesbaden.de\/pt\/wp-json\/wp\/v2\/comments?post=1394"}],"version-history":[{"count":7,"href":"https:\/\/gruene-wiesbaden.de\/pt\/wp-json\/wp\/v2\/posts\/1394\/revisions"}],"predecessor-version":[{"id":1592,"href":"https:\/\/gruene-wiesbaden.de\/pt\/wp-json\/wp\/v2\/posts\/1394\/revisions\/1592"}],"wp:featuredmedia":[{"embeddable":true,"href":"https:\/\/gruene-wiesbaden.de\/pt\/wp-json\/wp\/v2\/media\/1400"}],"wp:attachment":[{"href":"https:\/\/gruene-wiesbaden.de\/pt\/wp-json\/wp\/v2\/media?parent=1394"}],"wp:term":[{"taxonomy":"category","embeddable":true,"href":"https:\/\/gruene-wiesbaden.de\/pt\/wp-json\/wp\/v2\/categories?post=1394"},{"taxonomy":"post_tag","embeddable":true,"href":"https:\/\/gruene-wiesbaden.de\/pt\/wp-json\/wp\/v2\/tags?post=1394"}],"curies":[{"name":"wp","href":"https:\/\/api.w.org\/{rel}","templated":true}]}}