{"id":1388,"date":"2025-11-10T00:37:40","date_gmt":"2025-11-09T22:37:40","guid":{"rendered":"https:\/\/gruene-wiesbaden.de\/?p=1388"},"modified":"2026-04-09T00:38:19","modified_gmt":"2026-04-08T22:38:19","slug":"die-stadt-wiesbaden-als-attraktiver-arbeitgeber","status":"publish","type":"post","link":"https:\/\/gruene-wiesbaden.de\/pt\/die-stadt-wiesbaden-als-attraktiver-arbeitgeber\/","title":{"rendered":"A cidade de Wiesbaden como um empregador atraente"},"content":{"rendered":"<section class=\"l-section wpb_row height_medium with_img\"><div class=\"l-section-img\" role=\"img\" data-img-width=\"1080\" data-img-height=\"800\" style=\"background-image: url(https:\/\/gruene-wiesbaden.de\/wp-content\/uploads\/2025\/11\/neuer-Verlauf-gruene-wiesbaden.de_-2-e1762709402177.png);\"><\/div><div class=\"l-section-overlay\" style=\"background:var(--color-header-top-transparent-bg)\"><\/div><div class=\"l-section-h i-cf\"><div class=\"g-cols vc_row via_grid cols_1 laptops-cols_inherit tablets-cols_inherit mobiles-cols_1 valign_top type_default stacking_default\"><div class=\"wpb_column vc_column_container\"><div class=\"vc_column-inner\"><h1 class=\"w-post-elm post_title us_custom_a574d586 has_text_color entry-title\">A cidade de Wiesbaden como um empregador atraente<\/h1><div class=\"w-separator size_medium\"><\/div><div class=\"g-cols wpb_row via_grid cols_2-1 laptops-cols_inherit tablets-cols_inherit mobiles-cols_1 valign_top type_default stacking_default\" style=\"--columns-gap:3rem;\"><div class=\"wpb_column vc_column_container\"><div class=\"vc_column-inner\"><div class=\"wpb_text_column us_custom_8b3d6790 has_text_color\"><div class=\"wpb_wrapper\"><p><span style=\"font-weight: 400;\">A capital do estado, Wiesbaden, \u00e9 um dos principais empregadores da regi\u00e3o: Cerca de 6000 pessoas trabalham na administra\u00e7\u00e3o central, com as propriedades da cidade cerca de duas vezes mais. Quer seja educador, jardineiro, motorista de autocarro ou gestor de digitaliza\u00e7\u00e3o, todos fazem a nossa cidade funcionar. N\u00f3s, os Verdes, queremos que os funcion\u00e1rios municipais se sintam valorizados, tenham perspetivas de desenvolvimento e sejam capazes de conciliar de forma flex\u00edvel o seu trabalho com a sua vida privada.<\/span><\/p>\n<p><span style=\"font-weight: 400;\">Funcion\u00e1rios satisfeitos s\u00e3o cruciais, at\u00e9 porque a administra\u00e7\u00e3o desempenha um papel fundamental em equipar nossa cidade para o futuro.<\/span><\/p>\n<p><span style=\"font-weight: 400;\">Ao mesmo tempo, a pr\u00f3pria administra\u00e7\u00e3o est\u00e1 a sofrer grandes mudan\u00e7as \u2013 da escassez de compet\u00eancias \u00e0 digitaliza\u00e7\u00e3o. Queremos enfrentar estes desafios com os trabalhadores, levar a s\u00e9rio as suas experi\u00eancias e ouvir as suas opini\u00f5es \u2013 sempre com a ambi\u00e7\u00e3o de aproveitar novas oportunidades, assumir a responsabilidade social e tornar Wiesbaden mais atrativa para todos.<\/span><\/p>\n<\/div><\/div><div class=\"w-separator size_medium\"><\/div><div class=\"w-btn-wrapper align_left\"><a class=\"w-btn us-btn-style_8 icon_atleft\" href=\"https:\/\/gruene-wiesbaden.de\/pt\/kommunalwahl\/#Kapitel3\"><i class=\"fas fa-chevron-circle-right\"><\/i><span class=\"w-btn-label\">Voltar \u00e0 vis\u00e3o geral<\/span><\/a><\/div><\/div><\/div><div class=\"wpb_column vc_column_container\"><div class=\"vc_column-inner\"><div class=\"w-image align_center\"><div class=\"w-image-h\"><img decoding=\"async\" width=\"2560\" height=\"1703\" src=\"https:\/\/gruene-wiesbaden.de\/wp-content\/uploads\/2025\/11\/3.7-Stadt-Wiesbaden-als-attraktive-Arbeitgeberin-scaled.jpeg\" class=\"attachment-full size-full\" alt=\"\" loading=\"lazy\" srcset=\"https:\/\/gruene-wiesbaden.de\/wp-content\/uploads\/2025\/11\/3.7-Stadt-Wiesbaden-als-attraktive-Arbeitgeberin-scaled.jpeg 2560w, https:\/\/gruene-wiesbaden.de\/wp-content\/uploads\/2025\/11\/3.7-Stadt-Wiesbaden-als-attraktive-Arbeitgeberin-400x266.jpeg 400w, https:\/\/gruene-wiesbaden.de\/wp-content\/uploads\/2025\/11\/3.7-Stadt-Wiesbaden-als-attraktive-Arbeitgeberin-600x399.jpeg 600w\" sizes=\"auto, (max-width: 2560px) 100vw, 2560px\" \/><\/div><\/div><div class=\"w-separator size_small\"><\/div><\/div><\/div><\/div><div class=\"w-separator size_medium\"><\/div><div class=\"w-separator size_medium\"><\/div><div class=\"wpb_text_column us_custom_29deb344 has_text_color\"><div class=\"wpb_wrapper\"><h1>O que a atratividade da cidade de Wiesbaden como empregador significa para n\u00f3s<\/h1>\n<\/div><\/div><div class=\"w-separator size_large\"><\/div><div class=\"g-cols wpb_row via_grid cols_3 laptops-cols_inherit tablets-cols_inherit mobiles-cols_1 valign_top type_default stacking_default\" style=\"--columns-gap:3rem;\"><div class=\"wpb_column vc_column_container\"><div class=\"vc_column-inner\"><div class=\"w-iconbox us_custom_8b3d6790 has_text_color iconpos_left style_default color_custom align_left\"><div class=\"w-iconbox-icon\" style=\"font-size:2rem;--icon-color:#Ffffff;--icon-bg-color:var(--color-header-middle-bg);\"><i class=\"fas fa-layer-group\"><\/i><\/div><div class=\"w-iconbox-meta\"><h4 class=\"w-iconbox-title\" style=\"font-size:1.5rem;\">Justamente pago, sujeito a tarifas<\/h4><div class=\"w-iconbox-text\"><p><span style=\"font-weight: 400;\">Defendemos um bom trabalho com sal\u00e1rios justos. Todos os trabalhadores e contratantes externos beneficiam da negocia\u00e7\u00e3o coletiva e de condi\u00e7\u00f5es de trabalho justas e transparentes.<\/span><\/p>\n<\/div><\/div><\/div><\/div><\/div><div class=\"wpb_column vc_column_container\"><div class=\"vc_column-inner\"><div class=\"w-iconbox us_custom_8b3d6790 has_text_color iconpos_left style_default color_custom align_left\"><div class=\"w-iconbox-icon\" style=\"font-size:2rem;--icon-color:#Ffffff;--icon-bg-color:var(--color-header-transparent-text);\"><i class=\"fas fa-layer-group\"><\/i><\/div><div class=\"w-iconbox-meta\"><h4 class=\"w-iconbox-title\" style=\"font-size:1.5rem;\">Trabalhar de forma saud\u00e1vel, manter-se saud\u00e1vel<\/h4><div class=\"w-iconbox-text\"><p><span style=\"font-weight: 400;\">A preven\u00e7\u00e3o, o exerc\u00edcio e a sa\u00fade mental s\u00e3o importantes para n\u00f3s. Criamos estruturas que garantem a sa\u00fade e o bem-estar a longo prazo.<\/span><\/p>\n<\/div><\/div><\/div><\/div><\/div><div class=\"wpb_column vc_column_container\"><div class=\"vc_column-inner\"><div class=\"w-iconbox us_custom_8b3d6790 has_text_color iconpos_left style_default color_custom align_left\"><div class=\"w-iconbox-icon\" style=\"font-size:2rem;--icon-color:#Ffffff;--icon-bg-color:var(--color-header-transparent-text);\"><i class=\"fas fa-layer-group\"><\/i><\/div><div class=\"w-iconbox-meta\"><h4 class=\"w-iconbox-title\" style=\"font-size:1.5rem;\">Equil\u00edbrio entre vida profissional e familiar<\/h4><div class=\"w-iconbox-text\"><p><span style=\"font-weight: 400;\">Modelos flex\u00edveis de tempo de trabalho, escrit\u00f3rio em casa (se relacionado com o trabalho) e apoio na defini\u00e7\u00e3o de obriga\u00e7\u00f5es de presta\u00e7\u00e3o de cuidados privados com o trabalho permitem um equil\u00edbrio moderno entre a vida profissional e a vida privada.<\/span><\/p>\n<\/div><\/div><\/div><\/div><\/div><\/div><div class=\"w-separator size_medium\"><\/div><div class=\"g-cols wpb_row via_grid cols_3 laptops-cols_inherit tablets-cols_inherit mobiles-cols_1 valign_top type_default stacking_default\" style=\"--columns-gap:3rem;\"><div class=\"wpb_column vc_column_container\"><div class=\"vc_column-inner\"><div class=\"w-iconbox us_custom_8b3d6790 has_text_color iconpos_left style_default color_custom align_left\"><div class=\"w-iconbox-icon\" style=\"font-size:2rem;--icon-color:#Ffffff;--icon-bg-color:var(--color-header-transparent-text);\"><i class=\"fas fa-layer-group\"><\/i><\/div><div class=\"w-iconbox-meta\"><h4 class=\"w-iconbox-title\" style=\"font-size:1.5rem;\">Participa\u00e7\u00e3o e co-determina\u00e7\u00e3o<\/h4><div class=\"w-iconbox-text\"><p><span style=\"font-weight: 400;\">Os funcion\u00e1rios est\u00e3o ativamente envolvidos na mudan\u00e7a. Apoiamo-nos na transpar\u00eancia, na cultura de retorno de informa\u00e7\u00e3o e na codetermina\u00e7\u00e3o democr\u00e1tica \u2013 em estreita coopera\u00e7\u00e3o com o Conselho do Pessoal, os representantes das pessoas com defici\u00eancia grave e os respons\u00e1veis pelas mulheres e pela igualdade de g\u00e9nero.<\/span><\/p>\n<\/div><\/div><\/div><\/div><\/div><div class=\"wpb_column vc_column_container\"><div class=\"vc_column-inner\"><div class=\"w-iconbox us_custom_8b3d6790 has_text_color iconpos_left style_default color_custom align_left\"><div class=\"w-iconbox-icon\" style=\"font-size:2rem;--icon-color:#Ffffff;--icon-bg-color:var(--color-header-middle-bg);\"><i class=\"fas fa-layer-group\"><\/i><\/div><div class=\"w-iconbox-meta\"><h4 class=\"w-iconbox-title\" style=\"font-size:1.5rem;\">Ambiente de trabalho inteligente e sustent\u00e1vel<\/h4><div class=\"w-iconbox-text\"><p><span style=\"font-weight: 400;\">Estamos empenhados em criar empregos modernos, eficientes e sustent\u00e1veis: Os modelos de trabalho m\u00f3veis e os novos trabalhos reduzem o espa\u00e7o e o tr\u00e1fego de escrit\u00f3rios, os locais de trabalho energeticamente eficientes e as ofertas de mobilidade, como bilhetes de emprego ou bicicletas de trabalho, conservam os recursos.<\/span><\/p>\n<\/div><\/div><\/div><\/div><\/div><div class=\"wpb_column vc_column_container\"><div class=\"vc_column-inner\"><div class=\"w-iconbox us_custom_8b3d6790 has_text_color iconpos_left style_default color_custom align_left\"><div class=\"w-iconbox-icon\" style=\"font-size:2rem;--icon-color:#Ffffff;--icon-bg-color:var(--color-header-transparent-text);\"><i class=\"fas fa-layer-group\"><\/i><\/div><div class=\"w-iconbox-meta\"><h4 class=\"w-iconbox-title\" style=\"font-size:1.5rem;\">O futuro atrav\u00e9s da educa\u00e7\u00e3o cont\u00ednua<\/h4><div class=\"w-iconbox-text\"><p><span style=\"font-weight: 400;\">A forma\u00e7\u00e3o espec\u00edfica e o desenvolvimento de compet\u00eancias digitais refor\u00e7am todos os funcion\u00e1rios da cidade, asseguram o desenvolvimento pessoal e preparam a cidade de Wiesbaden para o futuro.<\/span><\/p>\n<\/div><\/div><\/div><\/div><\/div><\/div><div class=\"w-separator size_medium\"><\/div><div class=\"g-cols wpb_row via_grid cols_3 laptops-cols_inherit tablets-cols_inherit mobiles-cols_1 valign_top type_default stacking_default\" style=\"--columns-gap:3rem;\"><div class=\"wpb_column vc_column_container\"><div class=\"vc_column-inner\"><div class=\"w-iconbox us_custom_8b3d6790 has_text_color iconpos_left style_default color_custom align_left\"><div class=\"w-iconbox-icon\" style=\"font-size:2rem;--icon-color:#Ffffff;--icon-bg-color:var(--color-header-middle-bg);\"><i class=\"fas fa-layer-group\"><\/i><\/div><div class=\"w-iconbox-meta\"><h4 class=\"w-iconbox-title\" style=\"font-size:1.5rem;\">A diversidade como for\u00e7a<\/h4><div class=\"w-iconbox-text\"><p><span style=\"font-weight: 400;\">Promovemos a diversidade em todos os dom\u00ednios do trabalho urbano \u2013 todos os trabalhadores contam, independentemente da sua origem, g\u00e9nero ou identidade.<\/span><\/p>\n<\/div><\/div><\/div><\/div><\/div><div class=\"wpb_column vc_column_container\"><div class=\"vc_column-inner\"><\/div><\/div><div class=\"wpb_column vc_column_container\"><div class=\"vc_column-inner\"><\/div><\/div><\/div><div class=\"w-separator size_medium\"><\/div><div class=\"w-btn-wrapper align_left\"><a class=\"w-btn us-btn-style_8 icon_atleft\" href=\"https:\/\/gruene-wiesbaden.de\/pt\/kommunalwahl\/#Kapitel3\"><i class=\"fas fa-chevron-circle-right\"><\/i><span class=\"w-btn-label\">Voltar \u00e0 vis\u00e3o geral<\/span><\/a><\/div><div class=\"w-separator size_medium\"><\/div><\/div><\/div><\/div><\/div><\/section><section class=\"l-section wpb_row height_auto with_img\"><div class=\"l-section-img\" role=\"img\" data-img-width=\"2560\" data-img-height=\"1703\" style=\"background-image: url(https:\/\/gruene-wiesbaden.de\/wp-content\/uploads\/2025\/11\/3.7-Stadt-Wiesbaden-als-attraktive-Arbeitgeberin-scaled.jpeg);background-repeat: no-repeat;\"><\/div><div class=\"l-section-overlay\" style=\"background:var(--color-header-top-transparent-bg)\"><\/div><div class=\"l-section-h i-cf\"><div class=\"g-cols vc_row via_grid cols_1 laptops-cols_inherit tablets-cols_inherit mobiles-cols_1 valign_middle type_default stacking_default\" style=\"--columns-gap:1rem;\"><div class=\"wpb_column vc_column_container\"><div class=\"vc_column-inner\"><div class=\"w-separator size_large\"><\/div><div class=\"wpb_text_column us_custom_fa36a3ac has_text_color background_inside_text\"><div class=\"wpb_wrapper\"><h1>O que queremos fazer especificamente nesta \u00e1rea<\/h1>\n<\/div><\/div><div class=\"w-separator size_medium\"><\/div><div class=\"w-tabs us_custom_42d693a0 has_text_color style_default switch_click accordion has_scrolling\" style=\"--sections-title-size:1.4rem\"><div class=\"w-tabs-sections titles-align_none icon_chevron cpos_right\"><div class=\"w-tabs-section has_text_color\" id=\"w2ab\" style=\"background:var(--color-header-transparent-text);color:var(--color-header-top-text-hover);\"><button class=\"w-tabs-section-header\" aria-controls=\"content-w2ab\" aria-expanded=\"false\"><div class=\"w-tabs-section-title\">Refor\u00e7ar a gest\u00e3o da sa\u00fade e o equil\u00edbrio entre a vida profissional e a vida privada<\/div><div class=\"w-tabs-section-control\"><\/div><\/button><div  class=\"w-tabs-section-content\" id=\"content-w2ab\"><div class=\"w-tabs-section-content-h i-cf\"><div class=\"wpb_text_column\"><div class=\"wpb_wrapper\"><p><span style=\"font-weight: 400;\">Queremos garantir e continuar a desenvolver as ofertas de promo\u00e7\u00e3o da sa\u00fade e de um bom equil\u00edbrio entre a vida profissional e a vida privada no futuro. A preven\u00e7\u00e3o, o exerc\u00edcio, o aconselhamento, o design seguro e ergon\u00f3mico do local de trabalho e os modelos de trabalho flex\u00edveis ajudam os colaboradores a manterem-se saud\u00e1veis, a sentirem-se bem e a desenvolverem o seu potencial. Desta forma, refor\u00e7amos a satisfa\u00e7\u00e3o, a motiva\u00e7\u00e3o e o desempenho e fazemos da cidade de Wiesbaden um empregador moderno e atrativo.<\/span><\/p>\n<\/div><\/div><\/div><\/div><\/div><div class=\"w-tabs-section has_text_color\" id=\"m3e2\" style=\"background:var(--color-header-transparent-text);color:var(--color-header-top-text-hover);\"><button class=\"w-tabs-section-header\" aria-controls=\"content-m3e2\" aria-expanded=\"false\"><div class=\"w-tabs-section-title\">Continuar a promover a mobilidade sustent\u00e1vel dos trabalhadores<\/div><div class=\"w-tabs-section-control\"><\/div><\/button><div  class=\"w-tabs-section-content\" id=\"content-m3e2\"><div class=\"w-tabs-section-content-h i-cf\"><div class=\"wpb_text_column\"><div class=\"wpb_wrapper\"><p><span style=\"font-weight: 400;\">A GR\u00dcNE continuar\u00e1 a oferecer gratuitamente o bilhete de trabalho RMV e a introduzir um servi\u00e7o de aluguer de bicicletas para refor\u00e7ar a mobilidade ecol\u00f3gica. Ao mesmo tempo, queremos conceber lugares de estacionamento de acordo com a procura, criar \u00e1reas para estacionamento seguro e coberto de bicicletas e expandir a infraestrutura de carregamento para ve\u00edculos eletr\u00f3nicos. Desta forma, promovemos a mobilidade sustent\u00e1vel, protegemos o ambiente e apoiamos a sa\u00fade, a satisfa\u00e7\u00e3o e a flexibilidade dos nossos colaboradores.<\/span><\/p>\n<\/div><\/div><\/div><\/div><\/div><div class=\"w-tabs-section has_text_color\" id=\"n533\" style=\"background:var(--color-header-transparent-text);color:var(--color-header-top-text-hover);\"><button class=\"w-tabs-section-header\" aria-controls=\"content-n533\" aria-expanded=\"false\"><div class=\"w-tabs-section-title\">Cria\u00e7\u00e3o de novos postos de trabalho na administra\u00e7\u00e3o<\/div><div class=\"w-tabs-section-control\"><\/div><\/button><div  class=\"w-tabs-section-content\" id=\"content-n533\"><div class=\"w-tabs-section-content-h i-cf\"><div class=\"wpb_text_column\"><div class=\"wpb_wrapper\"><p><span style=\"font-weight: 400;\">No \u00e2mbito da New Work, a cidade de Wiesbaden est\u00e1 a conceber formas de trabalho modernas e flex\u00edveis. Al\u00e9m disso, est\u00e1 a ser desenvolvido um acordo de servi\u00e7os sobre novas formas de trabalho e partilha de secret\u00e1rias. Cria a estrutura organizacional para o trabalho m\u00f3vel, partilha de secret\u00e1ria e colabora\u00e7\u00e3o digital a ser introduzida em toda a cidade no futuro. Passo a passo, isso cria uma administra\u00e7\u00e3o que \u00e9 atualizada, orientada para o cidad\u00e3o e atraente como empregador.<\/span><\/p>\n<\/div><\/div><\/div><\/div><\/div><div class=\"w-tabs-section has_text_color\" id=\"b659\" style=\"background:var(--color-header-middle-bg);color:var(--color-content-heading);\"><button class=\"w-tabs-section-header\" aria-controls=\"content-b659\" aria-expanded=\"false\"><div class=\"w-tabs-section-title\">Permitir um trabalho flex\u00edvel na administra\u00e7\u00e3o<\/div><div class=\"w-tabs-section-control\"><\/div><\/button><div  class=\"w-tabs-section-content\" id=\"content-b659\"><div class=\"w-tabs-section-content-h i-cf\"><div class=\"wpb_text_column\"><div class=\"wpb_wrapper\"><p><span style=\"font-weight: 400;\">Estamos a criar mais oportunidades de trabalho dom\u00e9stico e m\u00f3vel na administra\u00e7\u00e3o municipal de Wiesbaden \u2013 explicitamente tamb\u00e9m para os aprendizes. A condi\u00e7\u00e3o pr\u00e9via para tal \u00e9 a introdu\u00e7\u00e3o do ficheiro eletr\u00f3nico e de processos de trabalho digitais coerentes \u2013 obviamente em estreita coordena\u00e7\u00e3o com o conselho geral do pessoal. Tais modelos de trabalho modernos melhoram o equil\u00edbrio entre a vida profissional e a vida privada, aumentam a satisfa\u00e7\u00e3o dos funcion\u00e1rios e fortalecem a cidade como um empregador atraente. Isto cria uma administra\u00e7\u00e3o orientada para o futuro que oferece perspetivas de jovens talentos e cumpre os requisitos de um mundo do trabalho moderno.<\/span><\/p>\n<\/div><\/div><\/div><\/div><\/div><div class=\"w-tabs-section has_text_color\" id=\"v771\" style=\"background:var(--color-header-transparent-text);color:var(--color-header-top-text-hover);\"><button class=\"w-tabs-section-header\" aria-controls=\"content-v771\" aria-expanded=\"false\"><div class=\"w-tabs-section-title\">Capacitar executivos e funcion\u00e1rios para a transforma\u00e7\u00e3o digital<\/div><div class=\"w-tabs-section-control\"><\/div><\/button><div  class=\"w-tabs-section-content\" id=\"content-v771\"><div class=\"w-tabs-section-content-h i-cf\"><div class=\"wpb_text_column\"><div class=\"wpb_wrapper\"><p><span style=\"font-weight: 400;\">A transforma\u00e7\u00e3o digital exige novas compet\u00eancias: trabalho em rede, m\u00e9todos \u00e1geis e vontade de mudar. \u00c9 ainda mais importante que existam ofertas de forma\u00e7\u00e3o personalizadas, programas de mentoria e forma\u00e7\u00e3o cont\u00ednua cont\u00ednua para gestores e funcion\u00e1rios de todas as \u00e1reas de trabalho urbanas. A promo\u00e7\u00e3o de jovens talentos, percursos profissionais claros e a igualdade de oportunidades garantem perspetivas de desenvolvimento a longo prazo. \u00c9 igualmente necess\u00e1ria uma cultura que promova a inova\u00e7\u00e3o, motive os trabalhadores e prepare a cidade de Wiesbaden para o futuro \u2013 flex\u00edvel, digitalmente competente e inclusiva para todos os trabalhadores.<\/span><\/p>\n<\/div><\/div><\/div><\/div><\/div><div class=\"w-tabs-section has_text_color\" id=\"c890\" style=\"background:var(--color-header-middle-bg);color:var(--color-header-middle-text);\"><button class=\"w-tabs-section-header\" aria-controls=\"content-c890\" aria-expanded=\"false\"><div class=\"w-tabs-section-title\">Expans\u00e3o dos apartamentos para aprendizes e empresas<\/div><div class=\"w-tabs-section-control\"><\/div><\/button><div  class=\"w-tabs-section-content\" id=\"content-c890\"><div class=\"w-tabs-section-content-h i-cf\"><div class=\"wpb_text_column\"><div class=\"wpb_wrapper\"><p><span style=\"font-weight: 400;\">Queremos tamb\u00e9m melhorar a oferta de habita\u00e7\u00e3o para os trabalhadores urbanos. Tamb\u00e9m queremos testar os apartamentos da empresa, uma vez que j\u00e1 os constru\u00edmos com base no Helios Dr. Horst Schmidt Kliniken (HSK) da GWW, para outros grupos de funcion\u00e1rios, como os motoristas de autocarros da ESWE Verkehr. Queremos expandir o projeto modelo Habita\u00e7\u00e3o Aprendiz e tamb\u00e9m beneficiar os aprendizes urbanos.<\/span><\/p>\n<\/div><\/div><\/div><\/div><\/div><div class=\"w-tabs-section has_text_color\" id=\"b9a6\" style=\"background:var(--color-header-transparent-text);color:var(--color-header-top-text-hover);\"><button class=\"w-tabs-section-header\" aria-controls=\"content-b9a6\" aria-expanded=\"false\"><div class=\"w-tabs-section-title\">Adjudica\u00e7\u00e3o equitativa de contratos externos<\/div><div class=\"w-tabs-section-control\"><\/div><\/button><div  class=\"w-tabs-section-content\" id=\"content-b9a6\"><div class=\"w-tabs-section-content-h i-cf\"><div class=\"wpb_text_column\"><div class=\"wpb_wrapper\"><p><span style=\"font-weight: 400;\">A cidade de Wiesbaden atribui sistematicamente todas as encomendas externas apenas a empresas sujeitas a tarifas. Tal garante condi\u00e7\u00f5es de trabalho justas, sal\u00e1rios dignos e normas sociais, nomeadamente para os trabalhadores que n\u00e3o trabalham diretamente com a cidade. Isto refor\u00e7a a atratividade da nossa administra\u00e7\u00e3o municipal como modelo para uma a\u00e7\u00e3o respons\u00e1vel e sublinha a nossa reivindica\u00e7\u00e3o de justi\u00e7a e aprecia\u00e7\u00e3o em todas as \u00e1reas.<\/span><\/p>\n<\/div><\/div><\/div><\/div><\/div><div class=\"w-tabs-section has_text_color\" id=\"yabb\" style=\"background:var(--color-header-transparent-text);color:var(--color-header-top-text-hover);\"><button class=\"w-tabs-section-header\" aria-controls=\"content-yabb\" aria-expanded=\"false\"><div class=\"w-tabs-section-title\">Aumentar a diversidade na administra\u00e7\u00e3o<\/div><div class=\"w-tabs-section-control\"><\/div><\/button><div  class=\"w-tabs-section-content\" id=\"content-yabb\"><div class=\"w-tabs-section-content-h i-cf\"><div class=\"wpb_text_column\"><div class=\"wpb_wrapper\"><p><span style=\"font-weight: 400;\">Wiesbaden como uma cidade diversificada beneficia disso, mesmo que o pessoal administrativo seja diversificado e tenha compet\u00eancias interculturais. Queremos promover isso e tamb\u00e9m apontar explicitamente nos an\u00fancios de emprego que as candidaturas de pessoas com hist\u00f3rico de migra\u00e7\u00e3o s\u00e3o explicitamente desejadas.<\/span><\/p>\n<\/div><\/div><\/div><\/div><\/div><div class=\"w-tabs-section has_text_color\" id=\"qc01\" style=\"background:var(--color-header-transparent-text);color:var(--color-header-top-text-hover);\"><button class=\"w-tabs-section-header\" aria-controls=\"content-qc01\" aria-expanded=\"false\"><div class=\"w-tabs-section-title\">Promover consistentemente a inclus\u00e3o no local de trabalho<\/div><div class=\"w-tabs-section-control\"><\/div><\/button><div  class=\"w-tabs-section-content\" id=\"content-qc01\"><div class=\"w-tabs-section-content-h i-cf\"><div class=\"wpb_text_column\"><div class=\"wpb_wrapper\"><p><span style=\"font-weight: 400;\">Levamos a s\u00e9rio a inclus\u00e3o: As pessoas com defici\u00eancia devem poder contribuir com todo o seu potencial enquanto trabalhadores e peritos. Vemos a taxa de deficientes graves n\u00e3o s\u00f3 como um requisito formal, mas como uma oportunidade para atrair especialistas empenhados. Gostar\u00edamos de contrariar as reservas com sensibiliza\u00e7\u00e3o, bom manuseio e ajudas t\u00e9cnicas. As ofertas de apoio do Gabinete de Integra\u00e7\u00e3o devem ser utilizadas de forma coerente, a fim de tornar os locais de trabalho livres de obst\u00e1culos e de ter em conta as necessidades individuais. Tudo isto contribui para uma cultura de trabalho inclusiva em que todos os colaboradores s\u00e3o valorizados e t\u00eam oportunidades iguais de desenvolvimento e participa\u00e7\u00e3o.<\/span><\/p>\n<\/div><\/div><\/div><\/div><\/div><\/div><\/div><div class=\"w-separator size_medium\"><\/div><div class=\"w-btn-wrapper align_left\"><a class=\"w-btn us-btn-style_8 icon_atleft\" href=\"https:\/\/gruene-wiesbaden.de\/pt\/kommunalwahl\/#Kapitel3\"><i class=\"fas fa-chevron-circle-right\"><\/i><span class=\"w-btn-label\">Voltar \u00e0 vis\u00e3o geral<\/span><\/a><\/div><div class=\"w-separator size_large\"><\/div><div class=\"wpb_text_column us_custom_29deb344 has_text_color\"><div class=\"wpb_wrapper\"><h1>O que j\u00e1 alcan\u00e7\u00e1mos<\/h1>\n<\/div><\/div><div class=\"w-separator size_medium\"><\/div><div class=\"w-tabs us_custom_42d693a0 has_text_color style_default switch_click accordion has_scrolling\" style=\"--sections-title-size:1.4rem\"><div class=\"w-tabs-sections titles-align_none icon_chevron cpos_right\"><div class=\"w-tabs-section has_text_color\" id=\"y010\" style=\"background:var(--color-header-transparent-text);color:var(--color-header-top-text-hover);\"><button class=\"w-tabs-section-header\" aria-controls=\"content-y010\" aria-expanded=\"false\"><div class=\"w-tabs-section-title\">Cidade de Wiesbaden distinguida como empregador familiar<\/div><div class=\"w-tabs-section-control\"><\/div><\/button><div  class=\"w-tabs-section-content\" id=\"content-y010\"><div class=\"w-tabs-section-content-h i-cf\"><div class=\"wpb_text_column\"><div class=\"wpb_wrapper\"><p><span style=\"font-weight: 400;\">Em 2025, foi novamente atribu\u00eddo \u00e0 administra\u00e7\u00e3o municipal o selo de aprova\u00e7\u00e3o \u00abempregador amigo da fam\u00edlia\u00bb pelo Estado de Hesse. Isto reconhece que a cidade oferece aos seus funcion\u00e1rios hor\u00e1rios de trabalho flex\u00edveis, oportunidades de escrit\u00f3rio em casa, modelos a tempo parcial e sab\u00e1tico, bem como servi\u00e7os de aconselhamento sobre fam\u00edlia e cuidados. A oferta \u00e9 complementada por cuidados de f\u00e9rias para crian\u00e7as. Estas medidas permitem aos trabalhadores conciliar o trabalho e a vida privada, promovem a satisfa\u00e7\u00e3o e a reten\u00e7\u00e3o dos trabalhadores e sublinham a Wiesbaden como um empregador moderno e respons\u00e1vel.<\/span><\/p>\n<\/div><\/div><\/div><\/div><\/div><div class=\"w-tabs-section has_text_color\" id=\"h141\" style=\"background:var(--color-header-transparent-text);color:var(--color-header-top-text-hover);\"><button class=\"w-tabs-section-header\" aria-controls=\"content-h141\" aria-expanded=\"false\"><div class=\"w-tabs-section-title\">Refor\u00e7o da gest\u00e3o da sa\u00fade e do equil\u00edbrio entre a vida profissional e a vida privada<\/div><div class=\"w-tabs-section-control\"><\/div><\/button><div  class=\"w-tabs-section-content\" id=\"content-h141\"><div class=\"w-tabs-section-content-h i-cf\"><div class=\"wpb_text_column\"><div class=\"wpb_wrapper\"><p><span style=\"font-weight: 400;\">A cidade de Wiesbaden promove a sa\u00fade dos seus funcion\u00e1rios e um equil\u00edbrio equilibrado entre a vida profissional e a vida privada e permite, entre outras coisas, a utiliza\u00e7\u00e3o rent\u00e1vel de gin\u00e1sios parceiros e a utiliza\u00e7\u00e3o reduzida ou gratuita das piscinas exteriores e interiores de Wiesbaden. Ao faz\u00ea-lo, estamos a enviar um sinal claro para a preven\u00e7\u00e3o, o bem-estar e condi\u00e7\u00f5es de trabalho sustent\u00e1veis \u2013 elementos constitutivos importantes para garantir a satisfa\u00e7\u00e3o e o desempenho dos trabalhadores.<\/span><\/p>\n<\/div><\/div><\/div><\/div><\/div><div class=\"w-tabs-section has_text_color\" id=\"u259\" style=\"background:var(--color-header-transparent-text);color:var(--color-header-top-text-hover);\"><button class=\"w-tabs-section-header\" aria-controls=\"content-u259\" aria-expanded=\"false\"><div class=\"w-tabs-section-title\">Mobilidade sustent\u00e1vel tornada atrativa para os trabalhadores<\/div><div class=\"w-tabs-section-control\"><\/div><\/button><div  class=\"w-tabs-section-content\" id=\"content-u259\"><div class=\"w-tabs-section-content-h i-cf\"><div class=\"wpb_text_column\"><div class=\"wpb_wrapper\"><p><span style=\"font-weight: 400;\">A cidade de Wiesbaden promove a mobilidade sustent\u00e1vel atrav\u00e9s de um bilhete de emprego RMV gratuito para todos os funcion\u00e1rios, que abrange todos os transportes p\u00fablicos na \u00e1rea da RMV. Al\u00e9m disso, a cidade \u00e9 membro da rede PENDLA, que oferece ofertas de boleia para os passageiros. Estas medidas contribuem igualmente para reduzir as emiss\u00f5es de CO2.<\/span><\/p>\n<\/div><\/div><\/div><\/div><\/div><div class=\"w-tabs-section has_text_color\" id=\"u396\" style=\"background:var(--color-header-middle-bg);color:var(--color-content-heading);\"><button class=\"w-tabs-section-header\" aria-controls=\"content-u396\" aria-expanded=\"false\"><div class=\"w-tabs-section-title\">Digitaliza\u00e7\u00e3o de processos de trabalho ofensivos e modernos<\/div><div class=\"w-tabs-section-control\"><\/div><\/button><div  class=\"w-tabs-section-content\" id=\"content-u396\"><div class=\"w-tabs-section-content-h i-cf\"><div class=\"wpb_text_column\"><div class=\"wpb_wrapper\"><p><span style=\"font-weight: 400;\">Wiesbaden \u00e9 um dos seis munic\u00edpios piloto de Hesse em uma ofensiva conjunta de digitaliza\u00e7\u00e3o entre o governo federal e o estado de Hesse. O objetivo \u00e9 tornar os servi\u00e7os administrativos mais r\u00e1pidos, mais f\u00e1ceis e mais conviviais para os cidad\u00e3os. Tal inclui o desenvolvimento de um modelo digital 3D da cidade no \u00e2mbito do projeto \u00abSmart City 2030 \u2013 Wiesbaden goes smart\u00bb, que \u00e9 apoiado pelo Minist\u00e9rio da Digitaliza\u00e7\u00e3o e da Inova\u00e7\u00e3o do Hesse com 2,25 milh\u00f5es de EUR.<\/span><\/p>\n<\/div><\/div><\/div><\/div><\/div><div class=\"w-tabs-section has_text_color\" id=\"t4ad\" style=\"background:var(--color-header-transparent-text);color:var(--color-header-top-text-hover);\"><button class=\"w-tabs-section-header\" aria-controls=\"content-t4ad\" aria-expanded=\"false\"><div class=\"w-tabs-section-title\">Wintra - Intranet da cidade<\/div><div class=\"w-tabs-section-control\"><\/div><\/button><div  class=\"w-tabs-section-content\" id=\"content-t4ad\"><div class=\"w-tabs-section-content-h i-cf\"><div class=\"wpb_text_column\"><div class=\"wpb_wrapper\"><p><span style=\"font-weight: 400;\">Com a Wintra, uma intranet central do centro da cidade foi criada para todos os funcion\u00e1rios urbanos. Agrupa num \u00fanico local a informa\u00e7\u00e3o, os servi\u00e7os digitais e os processos administrativos e facilita a comunica\u00e7\u00e3o interna e a colabora\u00e7\u00e3o no seio da administra\u00e7\u00e3o.<\/span><\/p>\n<\/div><\/div><\/div><\/div><\/div><\/div><\/div><div class=\"w-separator size_medium\"><\/div><div class=\"w-btn-wrapper align_left\"><a class=\"w-btn us-btn-style_8 icon_atleft\" href=\"https:\/\/gruene-wiesbaden.de\/pt\/kommunalwahl\/#Kapitel3\"><i class=\"fas fa-chevron-circle-right\"><\/i><span class=\"w-btn-label\">Voltar \u00e0 vis\u00e3o geral<\/span><\/a><\/div><div class=\"w-separator size_large\"><\/div><\/div><\/div><\/div><\/div><\/section>","protected":false},"excerpt":{"rendered":"A cidade de Wiesbaden como um empregador atraenteA capital do estado Wiesbaden \u00e9 um dos principais empregadores da regi\u00e3o: Cerca de 6000 pessoas trabalham na administra\u00e7\u00e3o central, com as propriedades da cidade cerca de duas vezes mais. Quer seja educador, jardineiro, motorista de autocarro ou gestor de digitaliza\u00e7\u00e3o, todos fazem a nossa cidade funcionar. N\u00f3s, os Verdes, queremos que os trabalhadores municipais...","protected":false},"author":1,"featured_media":1572,"comment_status":"closed","ping_status":"closed","sticky":false,"template":"","format":"standard","meta":{"footnotes":""},"categories":[16],"tags":[],"class_list":["post-1388","post","type-post","status-publish","format-standard","has-post-thumbnail","hentry","category-kapitel-3"],"yoast_head":"<!-- This site is optimized with the Yoast SEO plugin v27.5 - https:\/\/yoast.com\/product\/yoast-seo-wordpress\/ -->\n<title>Die Stadt Wiesbaden als attraktiver Arbeitgeber - B\u00dcNDNIS 90\/DIE GR\u00dcNEN Wiesbaden<\/title>\n<meta name=\"robots\" content=\"index, follow, max-snippet:-1, max-image-preview:large, max-video-preview:-1\" \/>\n<link rel=\"canonical\" href=\"https:\/\/gruene-wiesbaden.de\/pt\/die-stadt-wiesbaden-als-attraktiver-arbeitgeber\/\" \/>\n<meta property=\"og:locale\" content=\"pt_PT\" \/>\n<meta property=\"og:type\" content=\"article\" \/>\n<meta property=\"og:title\" content=\"Die Stadt Wiesbaden als attraktiver Arbeitgeber - B\u00dcNDNIS 90\/DIE GR\u00dcNEN Wiesbaden\" \/>\n<meta property=\"og:url\" content=\"https:\/\/gruene-wiesbaden.de\/pt\/die-stadt-wiesbaden-als-attraktiver-arbeitgeber\/\" \/>\n<meta property=\"og:site_name\" content=\"B\u00dcNDNIS 90\/DIE GR\u00dcNEN Wiesbaden\" \/>\n<meta property=\"article:publisher\" content=\"https:\/\/www.facebook.com\/gruene.wi\" \/>\n<meta property=\"article:published_time\" content=\"2025-11-09T22:37:40+00:00\" \/>\n<meta property=\"article:modified_time\" content=\"2026-04-08T22:38:19+00:00\" \/>\n<meta property=\"og:image\" content=\"https:\/\/gruene-wiesbaden.de\/wp-content\/uploads\/2025\/11\/3.7-Stadt-Wiesbaden-als-attraktive-Arbeitgeberin-scaled.jpeg\" \/>\n\t<meta property=\"og:image:width\" content=\"2560\" \/>\n\t<meta property=\"og:image:height\" content=\"1703\" \/>\n\t<meta property=\"og:image:type\" content=\"image\/jpeg\" \/>\n<meta name=\"author\" content=\"admin\" \/>\n<meta name=\"twitter:card\" content=\"summary_large_image\" \/>\n<meta name=\"twitter:label1\" content=\"Escrito por\" \/>\n\t<meta name=\"twitter:data1\" content=\"admin\" \/>\n\t<meta name=\"twitter:label2\" content=\"Tempo estimado de leitura\" \/>\n\t<meta name=\"twitter:data2\" content=\"9 minutes\" \/>\n<script type=\"application\/ld+json\" class=\"yoast-schema-graph\">{\"@context\":\"https:\\\/\\\/schema.org\",\"@graph\":[{\"@type\":\"Article\",\"@id\":\"https:\\\/\\\/gruene-wiesbaden.de\\\/die-stadt-wiesbaden-als-attraktiver-arbeitgeber\\\/#article\",\"isPartOf\":{\"@id\":\"https:\\\/\\\/gruene-wiesbaden.de\\\/die-stadt-wiesbaden-als-attraktiver-arbeitgeber\\\/\"},\"author\":{\"name\":\"admin\",\"@id\":\"https:\\\/\\\/gruene-wiesbaden.de\\\/#\\\/schema\\\/person\\\/6785c34779159cd4fd86886bb097afe9\"},\"headline\":\"Die Stadt Wiesbaden als attraktiver Arbeitgeber\",\"datePublished\":\"2025-11-09T22:37:40+00:00\",\"dateModified\":\"2026-04-08T22:38:19+00:00\",\"mainEntityOfPage\":{\"@id\":\"https:\\\/\\\/gruene-wiesbaden.de\\\/die-stadt-wiesbaden-als-attraktiver-arbeitgeber\\\/\"},\"wordCount\":2612,\"publisher\":{\"@id\":\"https:\\\/\\\/gruene-wiesbaden.de\\\/#organization\"},\"image\":{\"@id\":\"https:\\\/\\\/gruene-wiesbaden.de\\\/die-stadt-wiesbaden-als-attraktiver-arbeitgeber\\\/#primaryimage\"},\"thumbnailUrl\":\"https:\\\/\\\/gruene-wiesbaden.de\\\/wp-content\\\/uploads\\\/2025\\\/11\\\/3.7-Stadt-Wiesbaden-als-attraktive-Arbeitgeberin-scaled.jpeg\",\"articleSection\":[\"Kapitel 3\"],\"inLanguage\":\"pt-PT\"},{\"@type\":\"WebPage\",\"@id\":\"https:\\\/\\\/gruene-wiesbaden.de\\\/die-stadt-wiesbaden-als-attraktiver-arbeitgeber\\\/\",\"url\":\"https:\\\/\\\/gruene-wiesbaden.de\\\/die-stadt-wiesbaden-als-attraktiver-arbeitgeber\\\/\",\"name\":\"Die Stadt Wiesbaden als attraktiver Arbeitgeber - B\u00dcNDNIS 90\\\/DIE GR\u00dcNEN Wiesbaden\",\"isPartOf\":{\"@id\":\"https:\\\/\\\/gruene-wiesbaden.de\\\/#website\"},\"primaryImageOfPage\":{\"@id\":\"https:\\\/\\\/gruene-wiesbaden.de\\\/die-stadt-wiesbaden-als-attraktiver-arbeitgeber\\\/#primaryimage\"},\"image\":{\"@id\":\"https:\\\/\\\/gruene-wiesbaden.de\\\/die-stadt-wiesbaden-als-attraktiver-arbeitgeber\\\/#primaryimage\"},\"thumbnailUrl\":\"https:\\\/\\\/gruene-wiesbaden.de\\\/wp-content\\\/uploads\\\/2025\\\/11\\\/3.7-Stadt-Wiesbaden-als-attraktive-Arbeitgeberin-scaled.jpeg\",\"datePublished\":\"2025-11-09T22:37:40+00:00\",\"dateModified\":\"2026-04-08T22:38:19+00:00\",\"breadcrumb\":{\"@id\":\"https:\\\/\\\/gruene-wiesbaden.de\\\/die-stadt-wiesbaden-als-attraktiver-arbeitgeber\\\/#breadcrumb\"},\"inLanguage\":\"pt-PT\",\"potentialAction\":[{\"@type\":\"ReadAction\",\"target\":[\"https:\\\/\\\/gruene-wiesbaden.de\\\/die-stadt-wiesbaden-als-attraktiver-arbeitgeber\\\/\"]}]},{\"@type\":\"ImageObject\",\"inLanguage\":\"pt-PT\",\"@id\":\"https:\\\/\\\/gruene-wiesbaden.de\\\/die-stadt-wiesbaden-als-attraktiver-arbeitgeber\\\/#primaryimage\",\"url\":\"https:\\\/\\\/gruene-wiesbaden.de\\\/wp-content\\\/uploads\\\/2025\\\/11\\\/3.7-Stadt-Wiesbaden-als-attraktive-Arbeitgeberin-scaled.jpeg\",\"contentUrl\":\"https:\\\/\\\/gruene-wiesbaden.de\\\/wp-content\\\/uploads\\\/2025\\\/11\\\/3.7-Stadt-Wiesbaden-als-attraktive-Arbeitgeberin-scaled.jpeg\",\"width\":2560,\"height\":1703,\"caption\":\"Portrait of confident female lawyer with arms crossed smiling and leaning on column in modern office\"},{\"@type\":\"BreadcrumbList\",\"@id\":\"https:\\\/\\\/gruene-wiesbaden.de\\\/die-stadt-wiesbaden-als-attraktiver-arbeitgeber\\\/#breadcrumb\",\"itemListElement\":[{\"@type\":\"ListItem\",\"position\":1,\"name\":\"Startseite\",\"item\":\"https:\\\/\\\/gruene-wiesbaden.de\\\/\"},{\"@type\":\"ListItem\",\"position\":2,\"name\":\"Die Stadt Wiesbaden als attraktiver Arbeitgeber\"}]},{\"@type\":\"WebSite\",\"@id\":\"https:\\\/\\\/gruene-wiesbaden.de\\\/#website\",\"url\":\"https:\\\/\\\/gruene-wiesbaden.de\\\/\",\"name\":\"DIE GR\u00dcNEN Wiesbaden\",\"description\":\"\",\"publisher\":{\"@id\":\"https:\\\/\\\/gruene-wiesbaden.de\\\/#organization\"},\"potentialAction\":[{\"@type\":\"SearchAction\",\"target\":{\"@type\":\"EntryPoint\",\"urlTemplate\":\"https:\\\/\\\/gruene-wiesbaden.de\\\/?s={search_term_string}\"},\"query-input\":{\"@type\":\"PropertyValueSpecification\",\"valueRequired\":true,\"valueName\":\"search_term_string\"}}],\"inLanguage\":\"pt-PT\"},{\"@type\":\"Organization\",\"@id\":\"https:\\\/\\\/gruene-wiesbaden.de\\\/#organization\",\"name\":\"DIE GR\u00dcNEN Wiesbaden\",\"url\":\"https:\\\/\\\/gruene-wiesbaden.de\\\/\",\"logo\":{\"@type\":\"ImageObject\",\"inLanguage\":\"pt-PT\",\"@id\":\"https:\\\/\\\/gruene-wiesbaden.de\\\/#\\\/schema\\\/logo\\\/image\\\/\",\"url\":\"https:\\\/\\\/gruene-wiesbaden-fuer-europa.de\\\/wp-content\\\/uploads\\\/2024\\\/04\\\/Machen-was-zaehlt-5.png\",\"contentUrl\":\"https:\\\/\\\/gruene-wiesbaden-fuer-europa.de\\\/wp-content\\\/uploads\\\/2024\\\/04\\\/Machen-was-zaehlt-5.png\",\"width\":1772,\"height\":1772,\"caption\":\"DIE GR\u00dcNEN Wiesbaden\"},\"image\":{\"@id\":\"https:\\\/\\\/gruene-wiesbaden.de\\\/#\\\/schema\\\/logo\\\/image\\\/\"},\"sameAs\":[\"https:\\\/\\\/www.facebook.com\\\/gruene.wi\",\"https:\\\/\\\/instagram.com\\\/gruene_wi\"]},{\"@type\":\"Person\",\"@id\":\"https:\\\/\\\/gruene-wiesbaden.de\\\/#\\\/schema\\\/person\\\/6785c34779159cd4fd86886bb097afe9\",\"name\":\"admin\",\"sameAs\":[\"http:\\\/\\\/gruene-wiesbaden-fuer-europa.de\"],\"url\":\"https:\\\/\\\/gruene-wiesbaden.de\\\/pt\\\/author\\\/admin\\\/\"}]}<\/script>\n<!-- \/ Yoast SEO plugin. -->","yoast_head_json":{"title":"Die Stadt Wiesbaden als attraktiver Arbeitgeber - B\u00dcNDNIS 90\/DIE GR\u00dcNEN Wiesbaden","robots":{"index":"index","follow":"follow","max-snippet":"max-snippet:-1","max-image-preview":"max-image-preview:large","max-video-preview":"max-video-preview:-1"},"canonical":"https:\/\/gruene-wiesbaden.de\/pt\/die-stadt-wiesbaden-als-attraktiver-arbeitgeber\/","og_locale":"pt_PT","og_type":"article","og_title":"Die Stadt Wiesbaden als attraktiver Arbeitgeber - B\u00dcNDNIS 90\/DIE GR\u00dcNEN Wiesbaden","og_url":"https:\/\/gruene-wiesbaden.de\/pt\/die-stadt-wiesbaden-als-attraktiver-arbeitgeber\/","og_site_name":"B\u00dcNDNIS 90\/DIE GR\u00dcNEN Wiesbaden","article_publisher":"https:\/\/www.facebook.com\/gruene.wi","article_published_time":"2025-11-09T22:37:40+00:00","article_modified_time":"2026-04-08T22:38:19+00:00","og_image":[{"width":2560,"height":1703,"url":"https:\/\/gruene-wiesbaden.de\/wp-content\/uploads\/2025\/11\/3.7-Stadt-Wiesbaden-als-attraktive-Arbeitgeberin-scaled.jpeg","type":"image\/jpeg"}],"author":"admin","twitter_card":"summary_large_image","twitter_misc":{"Escrito por":"admin","Tempo estimado de leitura":"9 minutes"},"schema":{"@context":"https:\/\/schema.org","@graph":[{"@type":"Article","@id":"https:\/\/gruene-wiesbaden.de\/die-stadt-wiesbaden-als-attraktiver-arbeitgeber\/#article","isPartOf":{"@id":"https:\/\/gruene-wiesbaden.de\/die-stadt-wiesbaden-als-attraktiver-arbeitgeber\/"},"author":{"name":"admin","@id":"https:\/\/gruene-wiesbaden.de\/#\/schema\/person\/6785c34779159cd4fd86886bb097afe9"},"headline":"Die Stadt Wiesbaden als attraktiver Arbeitgeber","datePublished":"2025-11-09T22:37:40+00:00","dateModified":"2026-04-08T22:38:19+00:00","mainEntityOfPage":{"@id":"https:\/\/gruene-wiesbaden.de\/die-stadt-wiesbaden-als-attraktiver-arbeitgeber\/"},"wordCount":2612,"publisher":{"@id":"https:\/\/gruene-wiesbaden.de\/#organization"},"image":{"@id":"https:\/\/gruene-wiesbaden.de\/die-stadt-wiesbaden-als-attraktiver-arbeitgeber\/#primaryimage"},"thumbnailUrl":"https:\/\/gruene-wiesbaden.de\/wp-content\/uploads\/2025\/11\/3.7-Stadt-Wiesbaden-als-attraktive-Arbeitgeberin-scaled.jpeg","articleSection":["Kapitel 3"],"inLanguage":"pt-PT"},{"@type":"WebPage","@id":"https:\/\/gruene-wiesbaden.de\/die-stadt-wiesbaden-als-attraktiver-arbeitgeber\/","url":"https:\/\/gruene-wiesbaden.de\/die-stadt-wiesbaden-als-attraktiver-arbeitgeber\/","name":"Die Stadt Wiesbaden als attraktiver Arbeitgeber - B\u00dcNDNIS 90\/DIE GR\u00dcNEN Wiesbaden","isPartOf":{"@id":"https:\/\/gruene-wiesbaden.de\/#website"},"primaryImageOfPage":{"@id":"https:\/\/gruene-wiesbaden.de\/die-stadt-wiesbaden-als-attraktiver-arbeitgeber\/#primaryimage"},"image":{"@id":"https:\/\/gruene-wiesbaden.de\/die-stadt-wiesbaden-als-attraktiver-arbeitgeber\/#primaryimage"},"thumbnailUrl":"https:\/\/gruene-wiesbaden.de\/wp-content\/uploads\/2025\/11\/3.7-Stadt-Wiesbaden-als-attraktive-Arbeitgeberin-scaled.jpeg","datePublished":"2025-11-09T22:37:40+00:00","dateModified":"2026-04-08T22:38:19+00:00","breadcrumb":{"@id":"https:\/\/gruene-wiesbaden.de\/die-stadt-wiesbaden-als-attraktiver-arbeitgeber\/#breadcrumb"},"inLanguage":"pt-PT","potentialAction":[{"@type":"ReadAction","target":["https:\/\/gruene-wiesbaden.de\/die-stadt-wiesbaden-als-attraktiver-arbeitgeber\/"]}]},{"@type":"ImageObject","inLanguage":"pt-PT","@id":"https:\/\/gruene-wiesbaden.de\/die-stadt-wiesbaden-als-attraktiver-arbeitgeber\/#primaryimage","url":"https:\/\/gruene-wiesbaden.de\/wp-content\/uploads\/2025\/11\/3.7-Stadt-Wiesbaden-als-attraktive-Arbeitgeberin-scaled.jpeg","contentUrl":"https:\/\/gruene-wiesbaden.de\/wp-content\/uploads\/2025\/11\/3.7-Stadt-Wiesbaden-als-attraktive-Arbeitgeberin-scaled.jpeg","width":2560,"height":1703,"caption":"Portrait of confident female lawyer with arms crossed smiling and leaning on column in modern office"},{"@type":"BreadcrumbList","@id":"https:\/\/gruene-wiesbaden.de\/die-stadt-wiesbaden-als-attraktiver-arbeitgeber\/#breadcrumb","itemListElement":[{"@type":"ListItem","position":1,"name":"Startseite","item":"https:\/\/gruene-wiesbaden.de\/"},{"@type":"ListItem","position":2,"name":"Die Stadt Wiesbaden als attraktiver Arbeitgeber"}]},{"@type":"WebSite","@id":"https:\/\/gruene-wiesbaden.de\/#website","url":"https:\/\/gruene-wiesbaden.de\/","name":"DIE GR\u00dcNEN Wiesbaden","description":"","publisher":{"@id":"https:\/\/gruene-wiesbaden.de\/#organization"},"potentialAction":[{"@type":"SearchAction","target":{"@type":"EntryPoint","urlTemplate":"https:\/\/gruene-wiesbaden.de\/?s={search_term_string}"},"query-input":{"@type":"PropertyValueSpecification","valueRequired":true,"valueName":"search_term_string"}}],"inLanguage":"pt-PT"},{"@type":"Organization","@id":"https:\/\/gruene-wiesbaden.de\/#organization","name":"DIE GR\u00dcNEN Wiesbaden","url":"https:\/\/gruene-wiesbaden.de\/","logo":{"@type":"ImageObject","inLanguage":"pt-PT","@id":"https:\/\/gruene-wiesbaden.de\/#\/schema\/logo\/image\/","url":"https:\/\/gruene-wiesbaden-fuer-europa.de\/wp-content\/uploads\/2024\/04\/Machen-was-zaehlt-5.png","contentUrl":"https:\/\/gruene-wiesbaden-fuer-europa.de\/wp-content\/uploads\/2024\/04\/Machen-was-zaehlt-5.png","width":1772,"height":1772,"caption":"DIE GR\u00dcNEN Wiesbaden"},"image":{"@id":"https:\/\/gruene-wiesbaden.de\/#\/schema\/logo\/image\/"},"sameAs":["https:\/\/www.facebook.com\/gruene.wi","https:\/\/instagram.com\/gruene_wi"]},{"@type":"Person","@id":"https:\/\/gruene-wiesbaden.de\/#\/schema\/person\/6785c34779159cd4fd86886bb097afe9","name":"admin","sameAs":["http:\/\/gruene-wiesbaden-fuer-europa.de"],"url":"https:\/\/gruene-wiesbaden.de\/pt\/author\/admin\/"}]}},"_links":{"self":[{"href":"https:\/\/gruene-wiesbaden.de\/pt\/wp-json\/wp\/v2\/posts\/1388","targetHints":{"allow":["GET"]}}],"collection":[{"href":"https:\/\/gruene-wiesbaden.de\/pt\/wp-json\/wp\/v2\/posts"}],"about":[{"href":"https:\/\/gruene-wiesbaden.de\/pt\/wp-json\/wp\/v2\/types\/post"}],"author":[{"embeddable":true,"href":"https:\/\/gruene-wiesbaden.de\/pt\/wp-json\/wp\/v2\/users\/1"}],"replies":[{"embeddable":true,"href":"https:\/\/gruene-wiesbaden.de\/pt\/wp-json\/wp\/v2\/comments?post=1388"}],"version-history":[{"count":7,"href":"https:\/\/gruene-wiesbaden.de\/pt\/wp-json\/wp\/v2\/posts\/1388\/revisions"}],"predecessor-version":[{"id":2385,"href":"https:\/\/gruene-wiesbaden.de\/pt\/wp-json\/wp\/v2\/posts\/1388\/revisions\/2385"}],"wp:featuredmedia":[{"embeddable":true,"href":"https:\/\/gruene-wiesbaden.de\/pt\/wp-json\/wp\/v2\/media\/1572"}],"wp:attachment":[{"href":"https:\/\/gruene-wiesbaden.de\/pt\/wp-json\/wp\/v2\/media?parent=1388"}],"wp:term":[{"taxonomy":"category","embeddable":true,"href":"https:\/\/gruene-wiesbaden.de\/pt\/wp-json\/wp\/v2\/categories?post=1388"},{"taxonomy":"post_tag","embeddable":true,"href":"https:\/\/gruene-wiesbaden.de\/pt\/wp-json\/wp\/v2\/tags?post=1388"}],"curies":[{"name":"wp","href":"https:\/\/api.w.org\/{rel}","templated":true}]}}