{"id":1382,"date":"2025-11-10T00:34:27","date_gmt":"2025-11-09T22:34:27","guid":{"rendered":"https:\/\/gruene-wiesbaden.de\/?p=1382"},"modified":"2026-04-09T00:32:00","modified_gmt":"2026-04-08T22:32:00","slug":"nachhaltige-infrastruktur-und-waermewende","status":"publish","type":"post","link":"https:\/\/gruene-wiesbaden.de\/pt\/nachhaltige-infrastruktur-und-waermewende\/","title":{"rendered":"Infraestruturas sustent\u00e1veis e transi\u00e7\u00e3o t\u00e9rmica"},"content":{"rendered":"<section class=\"l-section wpb_row height_medium with_img\"><div class=\"l-section-img\" role=\"img\" data-img-width=\"1080\" data-img-height=\"800\" style=\"background-image: url(https:\/\/gruene-wiesbaden.de\/wp-content\/uploads\/2025\/11\/neuer-Verlauf-gruene-wiesbaden.de_-2-e1762709402177.png);\"><\/div><div class=\"l-section-overlay\" style=\"background:var(--color-header-top-transparent-bg)\"><\/div><div class=\"l-section-h i-cf\"><div class=\"g-cols vc_row via_grid cols_1 laptops-cols_inherit tablets-cols_inherit mobiles-cols_1 valign_top type_default stacking_default\"><div class=\"wpb_column vc_column_container\"><div class=\"vc_column-inner\"><h1 class=\"w-post-elm post_title us_custom_a574d586 has_text_color entry-title\">Infraestruturas sustent\u00e1veis e transi\u00e7\u00e3o t\u00e9rmica<\/h1><div class=\"w-separator size_medium\"><\/div><div class=\"g-cols wpb_row via_grid cols_2-1 laptops-cols_inherit tablets-cols_inherit mobiles-cols_1 valign_top type_default stacking_default\" style=\"--columns-gap:3rem;\"><div class=\"wpb_column vc_column_container\"><div class=\"vc_column-inner\"><div class=\"wpb_text_column us_custom_8b3d6790 has_text_color\"><div class=\"wpb_wrapper\"><p><span style=\"font-weight: 400;\">A prote\u00e7\u00e3o do clima come\u00e7a no terreno. S\u00e3o os munic\u00edpios que devem moldar a transi\u00e7\u00e3o para o calor, a transi\u00e7\u00e3o para os transportes e a adapta\u00e7\u00e3o \u00e0s altera\u00e7\u00f5es clim\u00e1ticas em termos concretos \u2013 com projetos resilientes, decis\u00f5es claras e uma estrat\u00e9gia fi\u00e1vel para as pr\u00f3ximas d\u00e9cadas.<\/span><\/p>\n<p><span style=\"font-weight: 400;\">Ao mesmo tempo, as fraturas dos tubos e os danos nos esgotos mostram que os dividendos das infraestruturas do Gr\u00fcnderzeit e do p\u00f3s-guerra foram esgotados. O congestionamento da renova\u00e7\u00e3o n\u00e3o permite mais atrasos. Portanto, a raz\u00e3o pela qual temos tantos canteiros de obras hoje \u00e9 porque costum\u00e1vamos ter muito poucos.<\/span><\/p>\n<p><span style=\"font-weight: 400;\">\u00c9 a grande tarefa da nossa gera\u00e7\u00e3o tornar os canais, tubula\u00e7\u00f5es, tubula\u00e7\u00f5es e estradas de Wiesbaden adequados \u00e0s novas exig\u00eancias do s\u00e9culo XXI.<\/span><\/p>\n<p><span style=\"font-weight: 400;\">Come\u00e7\u00e1mos com isto: com o KLIMA_PLAN, o plano municipal de aquecimento e o planeamento estrat\u00e9gico das infraestruturas. Queremos continuar neste caminho com determina\u00e7\u00e3o \u2013 para uma cidade que continuar\u00e1 a funcionar amanh\u00e3.<\/span><\/p>\n<\/div><\/div><div class=\"w-separator size_medium\"><\/div><div class=\"w-btn-wrapper align_left\"><a class=\"w-btn us-btn-style_8 icon_atleft\" href=\"https:\/\/gruene-wiesbaden.de\/pt\/kommunalwahl\/#Kapitel3\"><i class=\"fas fa-chevron-circle-right\"><\/i><span class=\"w-btn-label\">Voltar \u00e0 vis\u00e3o geral<\/span><\/a><\/div><\/div><\/div><div class=\"wpb_column vc_column_container\"><div class=\"vc_column-inner\"><div class=\"w-image align_center\"><div class=\"w-image-h\"><img decoding=\"async\" width=\"1920\" height=\"2560\" src=\"https:\/\/gruene-wiesbaden.de\/wp-content\/uploads\/2025\/11\/3.4-Nachhaltige-Infrastruktur-und-Waermewende-scaled.jpg\" class=\"attachment-full size-full\" alt=\"\" loading=\"lazy\" srcset=\"https:\/\/gruene-wiesbaden.de\/wp-content\/uploads\/2025\/11\/3.4-Nachhaltige-Infrastruktur-und-Waermewende-scaled.jpg 1920w, https:\/\/gruene-wiesbaden.de\/wp-content\/uploads\/2025\/11\/3.4-Nachhaltige-Infrastruktur-und-Waermewende-300x400.jpg 300w, https:\/\/gruene-wiesbaden.de\/wp-content\/uploads\/2025\/11\/3.4-Nachhaltige-Infrastruktur-und-Waermewende-450x600.jpg 450w\" sizes=\"auto, (max-width: 1920px) 100vw, 1920px\" \/><\/div><\/div><div class=\"w-separator size_small\"><\/div><\/div><\/div><\/div><div class=\"w-separator size_medium\"><\/div><div class=\"w-separator size_medium\"><\/div><div class=\"wpb_text_column\"><div class=\"wpb_wrapper\"><h1>O que as infraestruturas sustent\u00e1veis e a transi\u00e7\u00e3o t\u00e9rmica significam para n\u00f3s<\/h1>\n<\/div><\/div><div class=\"w-separator size_large\"><\/div><div class=\"g-cols wpb_row via_grid cols_3 laptops-cols_inherit tablets-cols_inherit mobiles-cols_1 valign_top type_default stacking_default\" style=\"--columns-gap:3rem;\"><div class=\"wpb_column vc_column_container\"><div class=\"vc_column-inner\"><div class=\"w-iconbox us_custom_8b3d6790 has_text_color iconpos_left style_default color_custom align_left\"><div class=\"w-iconbox-icon\" style=\"font-size:2rem;--icon-color:#Ffffff;--icon-bg-color:var(--color-header-middle-bg);\"><i class=\"fas fa-layer-group\"><\/i><\/div><div class=\"w-iconbox-meta\"><h4 class=\"w-iconbox-title\" style=\"font-size:1.5rem;\">Preparar Wiesbaden para o futuro<\/h4><div class=\"w-iconbox-text\"><p><span style=\"font-weight: 400;\">Estamos a trazer as infraestruturas de Wiesbaden para o s\u00e9culo XXI, com destaque para a prote\u00e7\u00e3o do clima, a conectividade digital, as energias renov\u00e1veis, a eletrifica\u00e7\u00e3o dos transportes e do calor, a prote\u00e7\u00e3o do clima e a adapta\u00e7\u00e3o \u00e0s altera\u00e7\u00f5es clim\u00e1ticas.<\/span><\/p>\n<\/div><\/div><\/div><\/div><\/div><div class=\"wpb_column vc_column_container\"><div class=\"vc_column-inner\"><div class=\"w-iconbox us_custom_8b3d6790 has_text_color iconpos_left style_default color_custom align_left\"><div class=\"w-iconbox-icon\" style=\"font-size:2rem;--icon-color:#Ffffff;--icon-bg-color:var(--color-header-transparent-text);\"><i class=\"fas fa-layer-group\"><\/i><\/div><div class=\"w-iconbox-meta\"><h4 class=\"w-iconbox-title\" style=\"font-size:1.5rem;\">Impulsionar a transi\u00e7\u00e3o energ\u00e9tica e t\u00e9rmica<\/h4><div class=\"w-iconbox-text\"><p><span style=\"font-weight: 400;\">Em particular, a prote\u00e7\u00e3o clim\u00e1tica municipal significa fornecer energia e calor a todos os edif\u00edcios da nossa cidade a partir de fontes renov\u00e1veis. Vamos avan\u00e7ar consistentemente com a necess\u00e1ria renova\u00e7\u00e3o e expans\u00e3o da infra-estrutura de rede.<\/span><\/p>\n<\/div><\/div><\/div><\/div><\/div><div class=\"wpb_column vc_column_container\"><div class=\"vc_column-inner\"><div class=\"w-iconbox us_custom_8b3d6790 has_text_color iconpos_left style_default color_custom align_left\"><div class=\"w-iconbox-icon\" style=\"font-size:2rem;--icon-color:#Ffffff;--icon-bg-color:var(--color-header-transparent-text);\"><i class=\"fas fa-layer-group\"><\/i><\/div><div class=\"w-iconbox-meta\"><h4 class=\"w-iconbox-title\" style=\"font-size:1.5rem;\">Manter a cidade a funcionar<\/h4><div class=\"w-iconbox-text\"><p><span style=\"font-weight: 400;\">As medidas de constru\u00e7\u00e3o em uma grande cidade tamb\u00e9m s\u00e3o t\u00e3o exigentes e demoradas porque a cidade n\u00e3o pode simplesmente ser paralisada at\u00e9 a conclus\u00e3o. A acessibilidade dos apartamentos, o abastecimento de lojas e, claro, o abastecimento de \u00e1gua e energia, bem como a elimina\u00e7\u00e3o de esgotos, devem ser assegurados de forma permanente.<\/span><\/p>\n<\/div><\/div><\/div><\/div><\/div><\/div><div class=\"w-separator size_medium\"><\/div><div class=\"g-cols wpb_row via_grid cols_3 laptops-cols_inherit tablets-cols_inherit mobiles-cols_1 valign_top type_default stacking_default\" style=\"--columns-gap:3rem;\"><div class=\"wpb_column vc_column_container\"><div class=\"vc_column-inner\"><div class=\"w-iconbox us_custom_8b3d6790 has_text_color iconpos_left style_default color_custom align_left\"><div class=\"w-iconbox-icon\" style=\"font-size:2rem;--icon-color:#Ffffff;--icon-bg-color:var(--color-header-middle-bg);\"><i class=\"fas fa-layer-group\"><\/i><\/div><div class=\"w-iconbox-meta\"><h4 class=\"w-iconbox-title\" style=\"font-size:1.5rem;\">Explora\u00e7\u00e3o de sinergias<\/h4><div class=\"w-iconbox-text\"><p><span style=\"font-weight: 400;\">A fim de ser capaz de lidar com e financiar a abund\u00e2ncia de tarefas, queremos uni-las, bem como necess\u00e1rio. Uma vez que a estrada esteja aberta, toda a infraestrutura sob ela deve ser renovada e o espa\u00e7o rodovi\u00e1rio adaptado \u00e0s exig\u00eancias do s\u00e9culo XXI.<\/span><\/p>\n<\/div><\/div><\/div><\/div><\/div><div class=\"wpb_column vc_column_container\"><div class=\"vc_column-inner\"><div class=\"w-iconbox us_custom_8b3d6790 has_text_color iconpos_left style_default color_custom align_left\"><div class=\"w-iconbox-icon\" style=\"font-size:2rem;--icon-color:#Ffffff;--icon-bg-color:var(--color-header-transparent-text);\"><i class=\"fas fa-layer-group\"><\/i><\/div><div class=\"w-iconbox-meta\"><h4 class=\"w-iconbox-title\" style=\"font-size:1.5rem;\">Tornar as medidas transparentes<\/h4><div class=\"w-iconbox-text\"><p><span style=\"font-weight: 400;\">Informa\u00e7\u00f5es claras sobre o objetivo, a meta e o curso das medidas de constru\u00e7\u00e3o reduzem a raiva. Uma maior transpar\u00eancia refor\u00e7a a aceita\u00e7\u00e3o e a compreens\u00e3o entre os cidad\u00e3os. Aqui queremos que a cidade de Wiesbaden se comunique ainda mais activamente.<\/span><\/p>\n<\/div><\/div><\/div><\/div><\/div><div class=\"wpb_column vc_column_container\"><div class=\"vc_column-inner\"><div class=\"w-iconbox us_custom_8b3d6790 has_text_color iconpos_left style_default color_custom align_left\"><div class=\"w-iconbox-icon\" style=\"font-size:2rem;--icon-color:#Ffffff;--icon-bg-color:var(--color-header-transparent-text);\"><i class=\"fas fa-layer-group\"><\/i><\/div><div class=\"w-iconbox-meta\"><h4 class=\"w-iconbox-title\" style=\"font-size:1.5rem;\">Tornar o sistema de transportes mais resiliente<\/h4><div class=\"w-iconbox-text\"><p><span style=\"font-weight: 400;\">As perturba\u00e7\u00f5es s\u00e3o tanto mais fortes quanto mais denso for o tr\u00e1fego autom\u00f3vel. A p\u00e9 ou de bicicleta costuma passar melhor, especialmente em muitos locais de constru\u00e7\u00e3o. Estamos a conduzir a invers\u00e3o do tr\u00e1fego, defendendo uma orienta\u00e7\u00e3o segura do local para o tr\u00e1fego de pe\u00f5es e bicicletas, tornando o sistema mais robusto e resiliente.<\/span><\/p>\n<\/div><\/div><\/div><\/div><\/div><\/div><div class=\"w-separator size_medium\"><\/div><div class=\"w-btn-wrapper align_left\"><a class=\"w-btn us-btn-style_8 icon_atleft\" href=\"https:\/\/gruene-wiesbaden.de\/pt\/kommunalwahl\/#Kapitel3\"><i class=\"fas fa-chevron-circle-right\"><\/i><span class=\"w-btn-label\">Voltar \u00e0 vis\u00e3o geral<\/span><\/a><\/div><div class=\"w-separator size_medium\"><\/div><\/div><\/div><\/div><\/div><\/section><section class=\"l-section wpb_row height_auto with_img\"><div class=\"l-section-img\" role=\"img\" data-img-width=\"1920\" data-img-height=\"2560\" style=\"background-image: url(https:\/\/gruene-wiesbaden.de\/wp-content\/uploads\/2025\/11\/3.4-Nachhaltige-Infrastruktur-und-Waermewende-scaled.jpg);background-position: top center;background-repeat: no-repeat;\"><\/div><div class=\"l-section-overlay\" style=\"background:var(--color-header-top-transparent-bg)\"><\/div><div class=\"l-section-h i-cf\"><div class=\"g-cols vc_row via_grid cols_1 laptops-cols_inherit tablets-cols_inherit mobiles-cols_1 valign_middle type_default stacking_default\" style=\"--columns-gap:1rem;\"><div class=\"wpb_column vc_column_container\"><div class=\"vc_column-inner\"><div class=\"w-separator size_large\"><\/div><div class=\"wpb_text_column background_inside_text\"><div class=\"wpb_wrapper\"><h1>O que queremos fazer especificamente nesta \u00e1rea<\/h1>\n<\/div><\/div><div class=\"w-separator size_medium\"><\/div><div class=\"w-tabs us_custom_42d693a0 has_text_color style_default switch_click accordion has_scrolling\" style=\"--sections-title-size:1.4rem\"><div class=\"w-tabs-sections titles-align_none icon_chevron cpos_right\"><div class=\"w-tabs-section has_text_color\" id=\"gcbf\" style=\"background:var(--color-header-transparent-text);color:var(--color-header-top-text-hover);\"><button class=\"w-tabs-section-header\" aria-controls=\"content-gcbf\" aria-expanded=\"false\"><div class=\"w-tabs-section-title\">Implementar resolutamente a transi\u00e7\u00e3o para o aquecimento \u2013 juntamente com os cidad\u00e3os e as empresas<\/div><div class=\"w-tabs-section-control\"><\/div><\/button><div  class=\"w-tabs-section-content\" id=\"content-gcbf\"><div class=\"w-tabs-section-content-h i-cf\"><div class=\"wpb_text_column\"><div class=\"wpb_wrapper\"><p><span style=\"font-weight: 400;\">A ado\u00e7\u00e3o do plano municipal de aquecimento em 2026, o mais tardar, \u00e9 o sinal de partida para uma renova\u00e7\u00e3o abrangente do fornecimento de calor na nossa cidade. Queremos enfrentar esta enorme tarefa de forma consistente e apoiar os cidad\u00e3os, as empresas e os servi\u00e7os p\u00fablicos na condu\u00e7\u00e3o da transforma\u00e7\u00e3o de forma eficiente e propositada.<\/span><\/p>\n<p><span style=\"font-weight: 400;\">Para o efeito, estamos empenhados em criar um centro de aconselhamento conjunto entre a cidade e os operadores de rede que forne\u00e7a informa\u00e7\u00f5es pr\u00e1ticas e de baixo limiar \u2013 por exemplo, sobre a forma como os edif\u00edcios podem ser aquecidos de forma sustent\u00e1vel e respeitadora do clima. Ao mesmo tempo, estamos a impulsionar a transi\u00e7\u00e3o t\u00e9rmica nas propriedades urbanas: As escolas, os jardins de inf\u00e2ncia e as autoridades p\u00fablicas devem receber cuidados com impacto neutro no clima o mais rapidamente poss\u00edvel.<\/span><\/p>\n<p><span style=\"font-weight: 400;\">Assim, a renova\u00e7\u00e3o das infraestruturas \u00e9 acompanhada n\u00e3o s\u00f3 tecnicamente, mas tamb\u00e9m de forma comunicativa \u2013 como base para um fornecimento de calor fi\u00e1vel, socialmente justo e respeitador do clima em Wiesbaden.<\/span><\/p>\n<\/div><\/div><\/div><\/div><\/div><div class=\"w-tabs-section has_text_color\" id=\"yde0\" style=\"background:var(--color-header-transparent-text);color:var(--color-header-top-text-hover);\"><button class=\"w-tabs-section-header\" aria-controls=\"content-yde0\" aria-expanded=\"false\"><div class=\"w-tabs-section-title\">A expans\u00e3o do aquecimento urbano define o ritmo<\/div><div class=\"w-tabs-section-control\"><\/div><\/button><div  class=\"w-tabs-section-content\" id=\"content-yde0\"><div class=\"w-tabs-section-content-h i-cf\"><div class=\"wpb_text_column\"><div class=\"wpb_wrapper\"><p><span style=\"font-weight: 400;\">Para al\u00e9m da renova\u00e7\u00e3o das infraestruturas existentes, a transforma\u00e7\u00e3o das redes no decurso da transi\u00e7\u00e3o t\u00e9rmica \u00e9 a principal tarefa da pr\u00f3xima d\u00e9cada. Especialmente no centro hist\u00f3rico da cidade, o desenvolvimento do aquecimento urbano em bairros inteiros implicar\u00e1 medidas de constru\u00e7\u00e3o consider\u00e1veis. Por conseguinte, consideramos \u00fatil utilizar estas medidas de constru\u00e7\u00e3o como rel\u00f3gios para o resto da moderniza\u00e7\u00e3o \u2013 sob (canais, condutas, condutas), em (estradas e cal\u00e7adas) e sobre (planta\u00e7\u00e3o, \u00e1rvores, infraestruturas de carregamento) a estrada.<\/span><\/p>\n<\/div><\/div><\/div><\/div><\/div><div class=\"w-tabs-section has_text_color\" id=\"uf1f\" style=\"background:var(--color-header-transparent-text);color:var(--color-header-top-text-hover);\"><button class=\"w-tabs-section-header\" aria-controls=\"content-uf1f\" aria-expanded=\"false\"><div class=\"w-tabs-section-title\">Configurar a expans\u00e3o da rede e a transi\u00e7\u00e3o energ\u00e9tica de uma forma compat\u00edvel com a natureza<\/div><div class=\"w-tabs-section-control\"><\/div><\/button><div  class=\"w-tabs-section-content\" id=\"content-uf1f\"><div class=\"w-tabs-section-content-h i-cf\"><div class=\"wpb_text_column\"><div class=\"wpb_wrapper\"><p><span style=\"font-weight: 400;\">A expans\u00e3o das nossas redes el\u00e9tricas \u00e9 crucial para o \u00eaxito da transi\u00e7\u00e3o energ\u00e9tica. Tanto para a mudan\u00e7a de dire\u00e7\u00e3o no setor dos transportes como para a transi\u00e7\u00e3o t\u00e9rmica nos apartamentos e para a fiabilidade do abastecimento, s\u00e3o absolutamente necess\u00e1rias novas linhas e linhas el\u00e9tricas. Queremos que a cidade os realize na maior harmonia poss\u00edvel com a natureza. A decis\u00e3o sobre onde e como (linha a\u00e9rea ou cabos subterr\u00e2neos) estes caminhos devem ser constru\u00eddos deve ser tomada, em especial, com base em crit\u00e9rios ecol\u00f3gicos. Deve ser dada prioridade \u00e0 utiliza\u00e7\u00e3o e otimiza\u00e7\u00e3o dos corredores de rotas existentes e \u00e0 preven\u00e7\u00e3o de interfer\u00eancias com ecossistemas sens\u00edveis atrav\u00e9s de uma gest\u00e3o inteligente das rotas. As \u00e1reas necess\u00e1rias para tal (como as novas subesta\u00e7\u00f5es) destinam-se a proporcionar um benef\u00edcio secund\u00e1rio permanente como prados floridos coloridos e ricos em esp\u00e9cies. Queremos procedimentos transparentes com a participa\u00e7\u00e3o precoce de todas as pessoas afetadas.<\/span><\/p>\n<\/div><\/div><\/div><\/div><\/div><div class=\"w-tabs-section has_text_color\" id=\"p03a\" style=\"background:var(--color-header-middle-bg);color:var(--color-content-heading);\"><button class=\"w-tabs-section-header\" aria-controls=\"content-p03a\" aria-expanded=\"false\"><div class=\"w-tabs-section-title\">Criar um sistema de transportes resiliente<\/div><div class=\"w-tabs-section-control\"><\/div><\/button><div  class=\"w-tabs-section-content\" id=\"content-p03a\"><div class=\"w-tabs-section-content-h i-cf\"><div class=\"wpb_text_column\"><div class=\"wpb_wrapper\"><p><span style=\"font-weight: 400;\">Infelizmente, os locais de constru\u00e7\u00e3o associados \u00e0 moderniza\u00e7\u00e3o da infraestrutura est\u00e3o associados a perturba\u00e7\u00f5es significativas do tr\u00e1fego, que s\u00e3o ainda mais dr\u00e1sticas quanto mais tr\u00e1fego de autom\u00f3veis estiver na cidade. Quanto mais pessoas gerirem as suas viagens sem carros, melhor ser\u00e1 o tr\u00e1fego, pelo que \u00e9 essencial garantir o fluxo, a seguran\u00e7a e a fiabilidade do tr\u00e1fego de autocarros, bicicletas e pe\u00f5es, mesmo durante os trabalhos de constru\u00e7\u00e3o.<\/span><\/p>\n<\/div><\/div><\/div><\/div><\/div><div class=\"w-tabs-section has_text_color\" id=\"v163\" style=\"background:var(--color-header-transparent-text);color:var(--color-header-top-text-hover);\"><button class=\"w-tabs-section-header\" aria-controls=\"content-v163\" aria-expanded=\"false\"><div class=\"w-tabs-section-title\">Comunique-se de forma transparente<\/div><div class=\"w-tabs-section-control\"><\/div><\/button><div  class=\"w-tabs-section-content\" id=\"content-v163\"><div class=\"w-tabs-section-content-h i-cf\"><div class=\"wpb_text_column\"><div class=\"wpb_wrapper\"><p><span style=\"font-weight: 400;\">O aborrecimento frequentemente associado aos canteiros de obras tamb\u00e9m se deve \u00e0 falta de informa\u00e7\u00f5es sobre o objetivo, a finalidade e a dura\u00e7\u00e3o dos trabalhos de constru\u00e7\u00e3o. Garantiremos que o p\u00fablico seja informado em todos os principais locais de constru\u00e7\u00e3o no local sobre quem trabalha l\u00e1, por que e at\u00e9 quando. Para isso, deve haver sinais padronizados com as informa\u00e7\u00f5es mais importantes.<\/span><\/p>\n<p><span style=\"font-weight: 400;\">O mapa do estaleiro de constru\u00e7\u00e3o em linha deve ser integrado no Digital Twin e permitir o estado mais atualizado dos atuais estaleiros, bem como uma antevis\u00e3o das pr\u00f3ximas medidas.<\/span><\/p>\n<\/div><\/div><\/div><\/div><\/div><div class=\"w-tabs-section has_text_color\" id=\"r29a\" style=\"background:var(--color-header-middle-bg);color:var(--color-header-middle-text);\"><button class=\"w-tabs-section-header\" aria-controls=\"content-r29a\" aria-expanded=\"false\"><div class=\"w-tabs-section-title\">Planeamento inteligente dos estaleiros de constru\u00e7\u00e3o<\/div><div class=\"w-tabs-section-control\"><\/div><\/button><div  class=\"w-tabs-section-content\" id=\"content-r29a\"><div class=\"w-tabs-section-content-h i-cf\"><div class=\"wpb_text_column\"><div class=\"wpb_wrapper\"><p><span style=\"font-weight: 400;\">Os locais de constru\u00e7\u00e3o s\u00e3o irritantes. A fim de manter as defici\u00eancias t\u00e3o baixas quanto poss\u00edvel, \u00e9 necess\u00e1ria uma coordena\u00e7\u00e3o cuidadosa de todas as medidas de constru\u00e7\u00e3o. Devem ser coordenados e planeados de forma a preservar os fluxos de tr\u00e1fego e a reduzir os custos. Atrav\u00e9s de um planeamento inteligente, reduzimos os encargos para os residentes, o ambiente e a economia, bem como o impacto na qualidade de vida na nossa cidade, assegurando simultaneamente um progresso r\u00e1pido e eficaz das medidas.<\/span><\/p>\n<\/div><\/div><\/div><\/div><\/div><div class=\"w-tabs-section has_text_color\" id=\"o3c1\" style=\"background:var(--color-header-transparent-text);color:var(--color-header-top-text-hover);\"><button class=\"w-tabs-section-header\" aria-controls=\"content-o3c1\" aria-expanded=\"false\"><div class=\"w-tabs-section-title\">Digital Twin \u2013 a base para infraestruturas inteligentes<\/div><div class=\"w-tabs-section-control\"><\/div><\/button><div  class=\"w-tabs-section-content\" id=\"content-o3c1\"><div class=\"w-tabs-section-content-h i-cf\"><div class=\"wpb_text_column\"><div class=\"wpb_wrapper\"><p><span style=\"font-weight: 400;\">Wiesbaden introduziu o g\u00e9meo digital em 2025 \u2013 um instrumento fundamental para tornar o planeamento das infraestruturas e o desenvolvimento urbano mais eficientes, transparentes e sustent\u00e1veis. Atrav\u00e9s da liga\u00e7\u00e3o dos dados atuais sobre os projetos nos dom\u00ednios dos transportes, da energia, da \u00e1gua, do clima e da constru\u00e7\u00e3o, \u00e9 poss\u00edvel identificar numa fase precoce os efeitos dos fen\u00f3menos de chuva forte, das ilhas de calor e dos riscos de inunda\u00e7\u00f5es. Entre outros aspetos, as medidas de adapta\u00e7\u00e3o \u00e0s altera\u00e7\u00f5es clim\u00e1ticas, de prote\u00e7\u00e3o contra inunda\u00e7\u00f5es ou de log\u00edstica urbana podem ser planeadas e aplicadas de forma direcionada.<\/span><\/p>\n<p><span style=\"font-weight: 400;\">A GR\u00dcNE quer expandir consistentemente o g\u00e9meo digital, a fim de tornar Wiesbaden uma cidade pioneira para infraestruturas em rede, resilientes \u00e0s altera\u00e7\u00f5es clim\u00e1ticas e sustent\u00e1veis.<\/span><\/p>\n<\/div><\/div><\/div><\/div><\/div><\/div><\/div><div class=\"w-separator size_medium\"><\/div><div class=\"w-btn-wrapper align_left\"><a class=\"w-btn us-btn-style_8 icon_atleft\" href=\"https:\/\/gruene-wiesbaden.de\/pt\/kommunalwahl\/#Kapitel3\"><i class=\"fas fa-chevron-circle-right\"><\/i><span class=\"w-btn-label\">Voltar \u00e0 vis\u00e3o geral<\/span><\/a><\/div><div class=\"w-separator size_large\"><\/div><div class=\"wpb_text_column\"><div class=\"wpb_wrapper\"><h1>O que j\u00e1 alcan\u00e7\u00e1mos<\/h1>\n<\/div><\/div><div class=\"w-separator size_medium\"><\/div><div class=\"w-tabs us_custom_42d693a0 has_text_color style_default switch_click accordion has_scrolling\" style=\"--sections-title-size:1.4rem\"><div class=\"w-tabs-sections titles-align_none icon_chevron cpos_right\"><div class=\"w-tabs-section has_text_color\" id=\"i428\" style=\"background:var(--color-header-transparent-text);color:var(--color-header-top-text-hover);\"><button class=\"w-tabs-section-header\" aria-controls=\"content-i428\" aria-expanded=\"false\"><div class=\"w-tabs-section-title\">Pioneiro no planeamento do aquecimento municipal<\/div><div class=\"w-tabs-section-control\"><\/div><\/button><div  class=\"w-tabs-section-content\" id=\"content-i428\"><div class=\"w-tabs-section-content-h i-cf\"><div class=\"wpb_text_column\"><div class=\"wpb_wrapper\"><p><span style=\"font-weight: 400;\">Wiesbaden iniciou o planeamento do aquecimento numa fase inicial, a fim de determinar como \u00e9 que todos os edif\u00edcios podem ser abastecidos com calor de uma forma sustent\u00e1vel e respeitadora do clima no futuro. Em coopera\u00e7\u00e3o com a Ag\u00eancia Alem\u00e3 do Ambiente (Umweltamt) e a ESWE, a procura de calor foi analisada de forma espec\u00edfica da casa, identificaram-se potenciais fontes de calor e desenvolveram-se propostas iniciais para \u00e1reas de abastecimento. Os resultados podem ser vistos por todos no Digital Twin.<\/span><\/p>\n<p><span style=\"font-weight: 400;\">Quando as zonas de abastecimento s\u00e3o definidas em 2026 e o plano de aquecimento \u00e9 adotado, existe seguran\u00e7a de planeamento para os operadores de rede e todos os propriet\u00e1rios. \u00c9 com isso que estamos empenhados. Com um processo transparente e voltado para o futuro, estamos a definir o rumo para a convers\u00e3o da nossa infraestrutura de abastecimento nas pr\u00f3ximas duas d\u00e9cadas.<\/span><\/p>\n<\/div><\/div><\/div><\/div><\/div><div class=\"w-tabs-section has_text_color\" id=\"h552\" style=\"background:var(--color-header-transparent-text);color:var(--color-header-top-text-hover);\"><button class=\"w-tabs-section-header\" aria-controls=\"content-h552\" aria-expanded=\"false\"><div class=\"w-tabs-section-title\">Redesenho da Schwalbacher Stra\u00dfe<\/div><div class=\"w-tabs-section-control\"><\/div><\/button><div  class=\"w-tabs-section-content\" id=\"content-h552\"><div class=\"w-tabs-section-content-h i-cf\"><div class=\"wpb_text_column\"><div class=\"wpb_wrapper\"><p><span style=\"font-weight: 400;\">Aproveitamos a oportunidade e combinamos a expans\u00e3o em curso do aquecimento urbano e a renova\u00e7\u00e3o das redes subterr\u00e2neas com uma reformula\u00e7\u00e3o fundamental da Schwalbacher Stra\u00dfe.<\/span><\/p>\n<p><span style=\"font-weight: 400;\">O amplo eixo de tr\u00e1fego semelhante a uma autoestrada que separa Westend e o centro da cidade est\u00e1 finalmente a tornar-se perme\u00e1vel e animado. O espa\u00e7o p\u00fablico ser\u00e1 redistribu\u00eddo, as passagens para pe\u00f5es ser\u00e3o melhoradas, as passarelas ser\u00e3o ampliadas, \u00e1rvores ser\u00e3o plantadas, espa\u00e7os verdes ser\u00e3o criados, assentos ser\u00e3o criados e oportunidades para refei\u00e7\u00f5es ao ar livre ser\u00e3o criadas. O que foi exigido desde a demoli\u00e7\u00e3o da ponte alta, estamos agora a implementar: Um deserto de asfalto torna-se um espa\u00e7o urbano sustent\u00e1vel, uma avenida atraente que liga em vez de separa.<\/span><\/p>\n<\/div><\/div><\/div><\/div><\/div><div class=\"w-tabs-section has_text_color\" id=\"i673\" style=\"background:var(--color-header-transparent-text);color:var(--color-header-top-text-hover);\"><button class=\"w-tabs-section-header\" aria-controls=\"content-i673\" aria-expanded=\"false\"><div class=\"w-tabs-section-title\">Centro el\u00e9trico no parque de estacionamento Els\u00e4sser Platz<\/div><div class=\"w-tabs-section-control\"><\/div><\/button><div  class=\"w-tabs-section-content\" id=\"content-i673\"><div class=\"w-tabs-section-content-h i-cf\"><div class=\"wpb_text_column\"><div class=\"wpb_wrapper\"><p><span style=\"font-weight: 400;\">Um quarto de garagem totalmente eletrificado para Westend foi constru\u00eddo na Als\u00e1cia Square, com 429 lugares de estacionamento com sua pr\u00f3pria esta\u00e7\u00e3o de carregamento el\u00e9trico, incluindo oito esta\u00e7\u00f5es de carregamento r\u00e1pido. Cria infraestruturas p\u00fablicas de carregamento onde as caixas de parede privadas s\u00e3o dif\u00edceis de instalar. Isto torna a eletromobilidade acess\u00edvel aos inquilinos e residentes da \u00e1rea residencial adjacente sem o seu pr\u00f3prio espa\u00e7o de estacionamento. O estacionamento de bicicletas, a liga\u00e7\u00e3o de autocarro e o bom acesso a percursos pedestres facilitam os percursos. A gest\u00e3o inteligente da ocupa\u00e7\u00e3o com reconhecimento de matr\u00edcula garante uma utiliza\u00e7\u00e3o eficiente. O projeto refor\u00e7a a din\u00e2mica de recupera\u00e7\u00e3o no bairro mais densamente povoado da Alemanha e mostra como combinar infraestruturas modernas e mobilidade respeitadora do clima.<\/span><\/p>\n<\/div><\/div><\/div><\/div><\/div><\/div><\/div><div class=\"w-separator size_medium\"><\/div><div class=\"w-btn-wrapper align_left\"><a class=\"w-btn us-btn-style_8 icon_atleft\" href=\"https:\/\/gruene-wiesbaden.de\/pt\/kommunalwahl\/#Kapitel3\"><i class=\"fas fa-chevron-circle-right\"><\/i><span class=\"w-btn-label\">Voltar \u00e0 vis\u00e3o geral<\/span><\/a><\/div><div class=\"w-separator size_large\"><\/div><\/div><\/div><\/div><\/div><\/section>","protected":false},"excerpt":{"rendered":"Infraestruturas sustent\u00e1veis e transi\u00e7\u00e3o t\u00e9rmicaA prote\u00e7\u00e3o do clima tem in\u00edcio no local. S\u00e3o os munic\u00edpios que devem moldar a transi\u00e7\u00e3o para o calor, a transi\u00e7\u00e3o para os transportes e a adapta\u00e7\u00e3o \u00e0s altera\u00e7\u00f5es clim\u00e1ticas em termos concretos \u2013 com projetos resilientes, decis\u00f5es claras e uma estrat\u00e9gia fi\u00e1vel para as pr\u00f3ximas d\u00e9cadas. Ao mesmo tempo, as fraturas dos tubos e os danos nos esgotos mostram que os dividendos das infraestruturas do Gr\u00fcnderzeit e do p\u00f3s-guerra foram esgotados. O congestionamento da renova\u00e7\u00e3o n\u00e3o permite qualquer atraso adicional....","protected":false},"author":1,"featured_media":1543,"comment_status":"closed","ping_status":"closed","sticky":false,"template":"","format":"standard","meta":{"footnotes":""},"categories":[16],"tags":[],"class_list":["post-1382","post","type-post","status-publish","format-standard","has-post-thumbnail","hentry","category-kapitel-3"],"yoast_head":"<!-- This site is optimized with the Yoast SEO plugin v27.5 - https:\/\/yoast.com\/product\/yoast-seo-wordpress\/ -->\n<title>Nachhaltige Infrastruktur und W\u00e4rmewende - B\u00dcNDNIS 90\/DIE GR\u00dcNEN Wiesbaden<\/title>\n<meta name=\"robots\" content=\"index, follow, max-snippet:-1, max-image-preview:large, max-video-preview:-1\" \/>\n<link rel=\"canonical\" href=\"https:\/\/gruene-wiesbaden.de\/pt\/nachhaltige-infrastruktur-und-waermewende\/\" \/>\n<meta property=\"og:locale\" content=\"pt_PT\" \/>\n<meta property=\"og:type\" content=\"article\" \/>\n<meta property=\"og:title\" content=\"Nachhaltige Infrastruktur und W\u00e4rmewende - B\u00dcNDNIS 90\/DIE GR\u00dcNEN Wiesbaden\" \/>\n<meta property=\"og:url\" content=\"https:\/\/gruene-wiesbaden.de\/pt\/nachhaltige-infrastruktur-und-waermewende\/\" \/>\n<meta property=\"og:site_name\" content=\"B\u00dcNDNIS 90\/DIE GR\u00dcNEN Wiesbaden\" \/>\n<meta property=\"article:publisher\" content=\"https:\/\/www.facebook.com\/gruene.wi\" \/>\n<meta property=\"article:published_time\" content=\"2025-11-09T22:34:27+00:00\" \/>\n<meta property=\"article:modified_time\" content=\"2026-04-08T22:32:00+00:00\" \/>\n<meta property=\"og:image\" content=\"https:\/\/gruene-wiesbaden.de\/wp-content\/uploads\/2025\/11\/3.4-Nachhaltige-Infrastruktur-und-Waermewende-scaled.jpg\" \/>\n\t<meta property=\"og:image:width\" content=\"1920\" \/>\n\t<meta property=\"og:image:height\" content=\"2560\" \/>\n\t<meta property=\"og:image:type\" content=\"image\/jpeg\" \/>\n<meta name=\"author\" content=\"admin\" \/>\n<meta name=\"twitter:card\" content=\"summary_large_image\" \/>\n<meta name=\"twitter:label1\" content=\"Escrito por\" \/>\n\t<meta name=\"twitter:data1\" content=\"admin\" \/>\n\t<meta name=\"twitter:label2\" content=\"Tempo estimado de leitura\" \/>\n\t<meta name=\"twitter:data2\" content=\"9 minutes\" \/>\n<script type=\"application\/ld+json\" class=\"yoast-schema-graph\">{\"@context\":\"https:\\\/\\\/schema.org\",\"@graph\":[{\"@type\":\"Article\",\"@id\":\"https:\\\/\\\/gruene-wiesbaden.de\\\/nachhaltige-infrastruktur-und-waermewende\\\/#article\",\"isPartOf\":{\"@id\":\"https:\\\/\\\/gruene-wiesbaden.de\\\/nachhaltige-infrastruktur-und-waermewende\\\/\"},\"author\":{\"name\":\"admin\",\"@id\":\"https:\\\/\\\/gruene-wiesbaden.de\\\/#\\\/schema\\\/person\\\/6785c34779159cd4fd86886bb097afe9\"},\"headline\":\"Nachhaltige Infrastruktur und W\u00e4rmewende\",\"datePublished\":\"2025-11-09T22:34:27+00:00\",\"dateModified\":\"2026-04-08T22:32:00+00:00\",\"mainEntityOfPage\":{\"@id\":\"https:\\\/\\\/gruene-wiesbaden.de\\\/nachhaltige-infrastruktur-und-waermewende\\\/\"},\"wordCount\":2433,\"publisher\":{\"@id\":\"https:\\\/\\\/gruene-wiesbaden.de\\\/#organization\"},\"image\":{\"@id\":\"https:\\\/\\\/gruene-wiesbaden.de\\\/nachhaltige-infrastruktur-und-waermewende\\\/#primaryimage\"},\"thumbnailUrl\":\"https:\\\/\\\/gruene-wiesbaden.de\\\/wp-content\\\/uploads\\\/2025\\\/11\\\/3.4-Nachhaltige-Infrastruktur-und-Waermewende-scaled.jpg\",\"articleSection\":[\"Kapitel 3\"],\"inLanguage\":\"pt-PT\"},{\"@type\":\"WebPage\",\"@id\":\"https:\\\/\\\/gruene-wiesbaden.de\\\/nachhaltige-infrastruktur-und-waermewende\\\/\",\"url\":\"https:\\\/\\\/gruene-wiesbaden.de\\\/nachhaltige-infrastruktur-und-waermewende\\\/\",\"name\":\"Nachhaltige Infrastruktur und W\u00e4rmewende - B\u00dcNDNIS 90\\\/DIE GR\u00dcNEN Wiesbaden\",\"isPartOf\":{\"@id\":\"https:\\\/\\\/gruene-wiesbaden.de\\\/#website\"},\"primaryImageOfPage\":{\"@id\":\"https:\\\/\\\/gruene-wiesbaden.de\\\/nachhaltige-infrastruktur-und-waermewende\\\/#primaryimage\"},\"image\":{\"@id\":\"https:\\\/\\\/gruene-wiesbaden.de\\\/nachhaltige-infrastruktur-und-waermewende\\\/#primaryimage\"},\"thumbnailUrl\":\"https:\\\/\\\/gruene-wiesbaden.de\\\/wp-content\\\/uploads\\\/2025\\\/11\\\/3.4-Nachhaltige-Infrastruktur-und-Waermewende-scaled.jpg\",\"datePublished\":\"2025-11-09T22:34:27+00:00\",\"dateModified\":\"2026-04-08T22:32:00+00:00\",\"breadcrumb\":{\"@id\":\"https:\\\/\\\/gruene-wiesbaden.de\\\/nachhaltige-infrastruktur-und-waermewende\\\/#breadcrumb\"},\"inLanguage\":\"pt-PT\",\"potentialAction\":[{\"@type\":\"ReadAction\",\"target\":[\"https:\\\/\\\/gruene-wiesbaden.de\\\/nachhaltige-infrastruktur-und-waermewende\\\/\"]}]},{\"@type\":\"ImageObject\",\"inLanguage\":\"pt-PT\",\"@id\":\"https:\\\/\\\/gruene-wiesbaden.de\\\/nachhaltige-infrastruktur-und-waermewende\\\/#primaryimage\",\"url\":\"https:\\\/\\\/gruene-wiesbaden.de\\\/wp-content\\\/uploads\\\/2025\\\/11\\\/3.4-Nachhaltige-Infrastruktur-und-Waermewende-scaled.jpg\",\"contentUrl\":\"https:\\\/\\\/gruene-wiesbaden.de\\\/wp-content\\\/uploads\\\/2025\\\/11\\\/3.4-Nachhaltige-Infrastruktur-und-Waermewende-scaled.jpg\",\"width\":1920,\"height\":2560},{\"@type\":\"BreadcrumbList\",\"@id\":\"https:\\\/\\\/gruene-wiesbaden.de\\\/nachhaltige-infrastruktur-und-waermewende\\\/#breadcrumb\",\"itemListElement\":[{\"@type\":\"ListItem\",\"position\":1,\"name\":\"Startseite\",\"item\":\"https:\\\/\\\/gruene-wiesbaden.de\\\/\"},{\"@type\":\"ListItem\",\"position\":2,\"name\":\"Nachhaltige Infrastruktur und W\u00e4rmewende\"}]},{\"@type\":\"WebSite\",\"@id\":\"https:\\\/\\\/gruene-wiesbaden.de\\\/#website\",\"url\":\"https:\\\/\\\/gruene-wiesbaden.de\\\/\",\"name\":\"DIE GR\u00dcNEN Wiesbaden\",\"description\":\"\",\"publisher\":{\"@id\":\"https:\\\/\\\/gruene-wiesbaden.de\\\/#organization\"},\"potentialAction\":[{\"@type\":\"SearchAction\",\"target\":{\"@type\":\"EntryPoint\",\"urlTemplate\":\"https:\\\/\\\/gruene-wiesbaden.de\\\/?s={search_term_string}\"},\"query-input\":{\"@type\":\"PropertyValueSpecification\",\"valueRequired\":true,\"valueName\":\"search_term_string\"}}],\"inLanguage\":\"pt-PT\"},{\"@type\":\"Organization\",\"@id\":\"https:\\\/\\\/gruene-wiesbaden.de\\\/#organization\",\"name\":\"DIE GR\u00dcNEN Wiesbaden\",\"url\":\"https:\\\/\\\/gruene-wiesbaden.de\\\/\",\"logo\":{\"@type\":\"ImageObject\",\"inLanguage\":\"pt-PT\",\"@id\":\"https:\\\/\\\/gruene-wiesbaden.de\\\/#\\\/schema\\\/logo\\\/image\\\/\",\"url\":\"https:\\\/\\\/gruene-wiesbaden-fuer-europa.de\\\/wp-content\\\/uploads\\\/2024\\\/04\\\/Machen-was-zaehlt-5.png\",\"contentUrl\":\"https:\\\/\\\/gruene-wiesbaden-fuer-europa.de\\\/wp-content\\\/uploads\\\/2024\\\/04\\\/Machen-was-zaehlt-5.png\",\"width\":1772,\"height\":1772,\"caption\":\"DIE GR\u00dcNEN Wiesbaden\"},\"image\":{\"@id\":\"https:\\\/\\\/gruene-wiesbaden.de\\\/#\\\/schema\\\/logo\\\/image\\\/\"},\"sameAs\":[\"https:\\\/\\\/www.facebook.com\\\/gruene.wi\",\"https:\\\/\\\/instagram.com\\\/gruene_wi\"]},{\"@type\":\"Person\",\"@id\":\"https:\\\/\\\/gruene-wiesbaden.de\\\/#\\\/schema\\\/person\\\/6785c34779159cd4fd86886bb097afe9\",\"name\":\"admin\",\"sameAs\":[\"http:\\\/\\\/gruene-wiesbaden-fuer-europa.de\"],\"url\":\"https:\\\/\\\/gruene-wiesbaden.de\\\/pt\\\/author\\\/admin\\\/\"}]}<\/script>\n<!-- \/ Yoast SEO plugin. -->","yoast_head_json":{"title":"Nachhaltige Infrastruktur und W\u00e4rmewende - B\u00dcNDNIS 90\/DIE GR\u00dcNEN Wiesbaden","robots":{"index":"index","follow":"follow","max-snippet":"max-snippet:-1","max-image-preview":"max-image-preview:large","max-video-preview":"max-video-preview:-1"},"canonical":"https:\/\/gruene-wiesbaden.de\/pt\/nachhaltige-infrastruktur-und-waermewende\/","og_locale":"pt_PT","og_type":"article","og_title":"Nachhaltige Infrastruktur und W\u00e4rmewende - B\u00dcNDNIS 90\/DIE GR\u00dcNEN Wiesbaden","og_url":"https:\/\/gruene-wiesbaden.de\/pt\/nachhaltige-infrastruktur-und-waermewende\/","og_site_name":"B\u00dcNDNIS 90\/DIE GR\u00dcNEN Wiesbaden","article_publisher":"https:\/\/www.facebook.com\/gruene.wi","article_published_time":"2025-11-09T22:34:27+00:00","article_modified_time":"2026-04-08T22:32:00+00:00","og_image":[{"width":1920,"height":2560,"url":"https:\/\/gruene-wiesbaden.de\/wp-content\/uploads\/2025\/11\/3.4-Nachhaltige-Infrastruktur-und-Waermewende-scaled.jpg","type":"image\/jpeg"}],"author":"admin","twitter_card":"summary_large_image","twitter_misc":{"Escrito por":"admin","Tempo estimado de leitura":"9 minutes"},"schema":{"@context":"https:\/\/schema.org","@graph":[{"@type":"Article","@id":"https:\/\/gruene-wiesbaden.de\/nachhaltige-infrastruktur-und-waermewende\/#article","isPartOf":{"@id":"https:\/\/gruene-wiesbaden.de\/nachhaltige-infrastruktur-und-waermewende\/"},"author":{"name":"admin","@id":"https:\/\/gruene-wiesbaden.de\/#\/schema\/person\/6785c34779159cd4fd86886bb097afe9"},"headline":"Nachhaltige Infrastruktur und W\u00e4rmewende","datePublished":"2025-11-09T22:34:27+00:00","dateModified":"2026-04-08T22:32:00+00:00","mainEntityOfPage":{"@id":"https:\/\/gruene-wiesbaden.de\/nachhaltige-infrastruktur-und-waermewende\/"},"wordCount":2433,"publisher":{"@id":"https:\/\/gruene-wiesbaden.de\/#organization"},"image":{"@id":"https:\/\/gruene-wiesbaden.de\/nachhaltige-infrastruktur-und-waermewende\/#primaryimage"},"thumbnailUrl":"https:\/\/gruene-wiesbaden.de\/wp-content\/uploads\/2025\/11\/3.4-Nachhaltige-Infrastruktur-und-Waermewende-scaled.jpg","articleSection":["Kapitel 3"],"inLanguage":"pt-PT"},{"@type":"WebPage","@id":"https:\/\/gruene-wiesbaden.de\/nachhaltige-infrastruktur-und-waermewende\/","url":"https:\/\/gruene-wiesbaden.de\/nachhaltige-infrastruktur-und-waermewende\/","name":"Nachhaltige Infrastruktur und W\u00e4rmewende - B\u00dcNDNIS 90\/DIE GR\u00dcNEN Wiesbaden","isPartOf":{"@id":"https:\/\/gruene-wiesbaden.de\/#website"},"primaryImageOfPage":{"@id":"https:\/\/gruene-wiesbaden.de\/nachhaltige-infrastruktur-und-waermewende\/#primaryimage"},"image":{"@id":"https:\/\/gruene-wiesbaden.de\/nachhaltige-infrastruktur-und-waermewende\/#primaryimage"},"thumbnailUrl":"https:\/\/gruene-wiesbaden.de\/wp-content\/uploads\/2025\/11\/3.4-Nachhaltige-Infrastruktur-und-Waermewende-scaled.jpg","datePublished":"2025-11-09T22:34:27+00:00","dateModified":"2026-04-08T22:32:00+00:00","breadcrumb":{"@id":"https:\/\/gruene-wiesbaden.de\/nachhaltige-infrastruktur-und-waermewende\/#breadcrumb"},"inLanguage":"pt-PT","potentialAction":[{"@type":"ReadAction","target":["https:\/\/gruene-wiesbaden.de\/nachhaltige-infrastruktur-und-waermewende\/"]}]},{"@type":"ImageObject","inLanguage":"pt-PT","@id":"https:\/\/gruene-wiesbaden.de\/nachhaltige-infrastruktur-und-waermewende\/#primaryimage","url":"https:\/\/gruene-wiesbaden.de\/wp-content\/uploads\/2025\/11\/3.4-Nachhaltige-Infrastruktur-und-Waermewende-scaled.jpg","contentUrl":"https:\/\/gruene-wiesbaden.de\/wp-content\/uploads\/2025\/11\/3.4-Nachhaltige-Infrastruktur-und-Waermewende-scaled.jpg","width":1920,"height":2560},{"@type":"BreadcrumbList","@id":"https:\/\/gruene-wiesbaden.de\/nachhaltige-infrastruktur-und-waermewende\/#breadcrumb","itemListElement":[{"@type":"ListItem","position":1,"name":"Startseite","item":"https:\/\/gruene-wiesbaden.de\/"},{"@type":"ListItem","position":2,"name":"Nachhaltige Infrastruktur und W\u00e4rmewende"}]},{"@type":"WebSite","@id":"https:\/\/gruene-wiesbaden.de\/#website","url":"https:\/\/gruene-wiesbaden.de\/","name":"DIE GR\u00dcNEN Wiesbaden","description":"","publisher":{"@id":"https:\/\/gruene-wiesbaden.de\/#organization"},"potentialAction":[{"@type":"SearchAction","target":{"@type":"EntryPoint","urlTemplate":"https:\/\/gruene-wiesbaden.de\/?s={search_term_string}"},"query-input":{"@type":"PropertyValueSpecification","valueRequired":true,"valueName":"search_term_string"}}],"inLanguage":"pt-PT"},{"@type":"Organization","@id":"https:\/\/gruene-wiesbaden.de\/#organization","name":"DIE GR\u00dcNEN Wiesbaden","url":"https:\/\/gruene-wiesbaden.de\/","logo":{"@type":"ImageObject","inLanguage":"pt-PT","@id":"https:\/\/gruene-wiesbaden.de\/#\/schema\/logo\/image\/","url":"https:\/\/gruene-wiesbaden-fuer-europa.de\/wp-content\/uploads\/2024\/04\/Machen-was-zaehlt-5.png","contentUrl":"https:\/\/gruene-wiesbaden-fuer-europa.de\/wp-content\/uploads\/2024\/04\/Machen-was-zaehlt-5.png","width":1772,"height":1772,"caption":"DIE GR\u00dcNEN Wiesbaden"},"image":{"@id":"https:\/\/gruene-wiesbaden.de\/#\/schema\/logo\/image\/"},"sameAs":["https:\/\/www.facebook.com\/gruene.wi","https:\/\/instagram.com\/gruene_wi"]},{"@type":"Person","@id":"https:\/\/gruene-wiesbaden.de\/#\/schema\/person\/6785c34779159cd4fd86886bb097afe9","name":"admin","sameAs":["http:\/\/gruene-wiesbaden-fuer-europa.de"],"url":"https:\/\/gruene-wiesbaden.de\/pt\/author\/admin\/"}]}},"_links":{"self":[{"href":"https:\/\/gruene-wiesbaden.de\/pt\/wp-json\/wp\/v2\/posts\/1382","targetHints":{"allow":["GET"]}}],"collection":[{"href":"https:\/\/gruene-wiesbaden.de\/pt\/wp-json\/wp\/v2\/posts"}],"about":[{"href":"https:\/\/gruene-wiesbaden.de\/pt\/wp-json\/wp\/v2\/types\/post"}],"author":[{"embeddable":true,"href":"https:\/\/gruene-wiesbaden.de\/pt\/wp-json\/wp\/v2\/users\/1"}],"replies":[{"embeddable":true,"href":"https:\/\/gruene-wiesbaden.de\/pt\/wp-json\/wp\/v2\/comments?post=1382"}],"version-history":[{"count":7,"href":"https:\/\/gruene-wiesbaden.de\/pt\/wp-json\/wp\/v2\/posts\/1382\/revisions"}],"predecessor-version":[{"id":2382,"href":"https:\/\/gruene-wiesbaden.de\/pt\/wp-json\/wp\/v2\/posts\/1382\/revisions\/2382"}],"wp:featuredmedia":[{"embeddable":true,"href":"https:\/\/gruene-wiesbaden.de\/pt\/wp-json\/wp\/v2\/media\/1543"}],"wp:attachment":[{"href":"https:\/\/gruene-wiesbaden.de\/pt\/wp-json\/wp\/v2\/media?parent=1382"}],"wp:term":[{"taxonomy":"category","embeddable":true,"href":"https:\/\/gruene-wiesbaden.de\/pt\/wp-json\/wp\/v2\/categories?post=1382"},{"taxonomy":"post_tag","embeddable":true,"href":"https:\/\/gruene-wiesbaden.de\/pt\/wp-json\/wp\/v2\/tags?post=1382"}],"curies":[{"name":"wp","href":"https:\/\/api.w.org\/{rel}","templated":true}]}}