{"id":884,"date":"2025-03-12T12:00:45","date_gmt":"2025-03-12T12:00:45","guid":{"rendered":"http:\/\/gruene-wiesbaden.de.w0207e8f.kasserver.com\/?p=884"},"modified":"2025-06-17T15:47:58","modified_gmt":"2025-06-17T15:47:58","slug":"ob-stichwahl2025","status":"publish","type":"post","link":"https:\/\/gruene-wiesbaden.de\/pl\/ob-stichwahl2025\/","title":{"rendered":"B\u00dcNDNIS 90\/ DIE GR\u00dcNEN Wiesbaden wzywaj\u0105 do udzia\u0142u w wyborach OB i rekomenduj\u0105 kandydata SPD Gerta-Uwe Mende"},"content":{"rendered":"<section class=\"l-section wpb_row height_medium\"><div class=\"l-section-h i-cf\"><div class=\"g-cols vc_row via_grid cols_1 laptops-cols_inherit tablets-cols_inherit mobiles-cols_1 valign_top type_default stacking_default\"><div class=\"wpb_column vc_column_container\"><div class=\"vc_column-inner\"><h3 class=\"w-post-elm post_title us_custom_ea76afbe entry-title color_link_inherit\">B\u00dcNDNIS 90\/ DIE GR\u00dcNEN Wiesbaden wzywaj\u0105 do udzia\u0142u w wyborach OB i rekomenduj\u0105 kandydata SPD Gerta-Uwe Mende<\/h3><div class=\"w-post-elm post_image\"><img loading=\"lazy\" decoding=\"async\" width=\"600\" height=\"400\" src=\"https:\/\/gruene-wiesbaden.de\/wp-content\/uploads\/2025\/03\/OB-Wahl-Gesine-600x400.png\" class=\"attachment-large size-large wp-post-image\" alt=\"\" srcset=\"https:\/\/gruene-wiesbaden.de\/wp-content\/uploads\/2025\/03\/OB-Wahl-Gesine-600x400.png 600w, https:\/\/gruene-wiesbaden.de\/wp-content\/uploads\/2025\/03\/OB-Wahl-Gesine-400x267.png 400w, https:\/\/gruene-wiesbaden.de\/wp-content\/uploads\/2025\/03\/OB-Wahl-Gesine.png 1750w\" sizes=\"auto, (max-width: 600px) 100vw, 600px\" \/><\/div><div class=\"w-separator size_medium\"><\/div><div class=\"wpb_text_column\"><div class=\"wpb_wrapper\"><p><strong><span>Na walnym zgromadzeniu we wtorek wieczorem cz\u0142onkowie stowarzyszenia okr\u0119gowego B\u00dcNDNIS 90\/DIE GR\u00dcNEN w Wiesbaden przeanalizowali wyniki wybor\u00f3w federalnych i burmistrza, wymienili pogl\u0105dy na temat zalet i wad rekomendacji wyborczej dotycz\u0105cej wybor\u00f3w uzupe\u0142niaj\u0105cych do wybor\u00f3w burmistrza i podj\u0119li decyzj\u0119 o wydaniu rekomendacji wyborczej dla Gert-Uwe Mende (SPD).\u00a0<\/span><\/strong><\/p>\n<p><span>\u201eChcieliby\u015bmy podzi\u0119kowa\u0107 wszystkim wyborcom, kt\u00f3rzy g\u0142osowali na naszego zielonego kandydata w wyborach do OB. Szczeg\u00f3lne podzi\u0119kowania nale\u017c\u0105 si\u0119 samej Gesine Bonnet, kt\u00f3ra z wielk\u0105 energi\u0105 promowa\u0142a post\u0119pow\u0105 i ekologiczn\u0105 przysz\u0142o\u015b\u0107 Wiesbaden. Ich kampania wyborcza da\u0142a wa\u017cny impuls, w szczeg\u00f3lno\u015bci w zakresie transformacji mobilno\u015bci, ochrony klimatu oraz dzieci i m\u0142odzie\u017cy\u201d \u2013 stwierdzili dwaj prezydenci dystryktu Rebecca Thomas i Daniel Schmitt.<\/span><\/p>\n<h4><span><strong>Rekomendacja wyborcza dla Gert-Uwe Mende (SPD) w wyborach uzupe\u0142niaj\u0105cych<\/strong><\/span><\/h4>\n<p><span>Zieloni z Wiesbaden pracuj\u0105 z powodzeniem od oko\u0142o trzech lat. <\/span><span><strong>Wsp\u00f3\u0142praca z SPD, VOLT i DIE LINKE<\/strong><\/span><span> razem. \u201eW ostatnich latach wsp\u00f3\u0142pracowali\u015bmy z Gert-Uwe Mende jako OB w duchu zaufania do wsp\u00f3\u0142pracy w ratuszu i wsp\u00f3lnie zrealizowali\u015bmy lub uruchomili\u015bmy wiele zielonych projekt\u00f3w, takich jak nowe strefy dla pieszych, przekszta\u0142cenie placu Alzacji w teren zielony oraz modernizacja ulicy Schwalbacher Stra\u00dfe. Razem z nim opanowali\u015bmy koronawirusa i kryzys energetyczny. Jeste\u015bmy r\u00f3wnie\u017c zjednoczeni w walce z prawicowym ekstremizmem i na rzecz zr\u00f3\u017cnicowanego spo\u0142ecze\u0144stwa miejskiego\", m\u00f3wi Gesine Bonnet, kt\u00f3ra jest r\u00f3wnie\u017c liderem Zielonej Grupy. \"Jednocze\u015bnie istniej\u0105 dziedziny, w kt\u00f3rych jeszcze wi\u0119cej musi si\u0119 wydarzy\u0107. Rozmawiali\u015bmy o tym z Gert-Uwe Mende osobi\u015bcie we wtorek. Zapewni\u0142 nas, \u017ce w przypadku ponownego wyboru b\u0119dzie kontynuowa\u0142 z nami wa\u017cne przysz\u0142e projekty: Obejmuj\u0105 one przej\u015bcie na transport i ogrzewanie, budow\u0119 w istniej\u0105cych budynkach w celu zminimalizowania zu\u017cycia grunt\u00f3w, zarz\u0105dzanie ochron\u0105 klimatu w ca\u0142ym mie\u015bcie oraz projekt \"Modernizacja administracyjna\", m\u00f3wi Bonnet.<\/span><\/p>\n<p><span>Dla GR\u00dcNEN wa\u017cne by\u0142o r\u00f3wnie\u017c to, \u017ce Gert-Uwe Mende, w przeciwie\u0144stwie do swojego konkurenta, chce opu\u015bci\u0107 Rad\u0119 Nadzorcz\u0105 ESWE Verkehr. \u201eNasza miejska firma autobusowa powr\u00f3ci\u0142a na w\u0142a\u015bciwe tory, wsp\u00f3\u0142praca z ratuszem zwi\u0119kszy\u0142a finansowanie, harmonogram zosta\u0142 ponownie przed\u0142u\u017cony. Dzi\u0119ki niedawno przyj\u0119temu lokalnemu planowi transportowemu i planowanemu nowemu sk\u0142adowi istnieje silna perspektywa na przysz\u0142o\u015b\u0107. Dla pracownik\u00f3w i pasa\u017cer\u00f3w autobus\u00f3w wa\u017cne jest, aby praca mog\u0142a by\u0107 kontynuowana w spos\u00f3b pokojowy i ci\u0105g\u0142y, a zapewnia j\u0105 jedynie burmistrz Mende\u201d, m\u00f3wi Bonnet.<\/span><\/p>\n<p><span>Cz\u0142onkowie stowarzyszenia powiatowego Wiesbaden<\/span><span><\/span><span>Zobacz w reelekcji <\/span><span><strong>Gert-Uwe Mende<\/strong><\/span><span> Najlepszy spos\u00f3b na promowanie zielonych tre\u015bci. Walne zgromadzenie B\u00dcNDNIS 90\/DIE GR\u00dcNEN Wiesbaden postanowi\u0142o zatem g\u0142osowa\u0107 w wyborach w dniu <\/span><span><strong>30 marca<\/strong><\/span><span> Rekomendacja wyborcza dla <\/span><span><strong>Gert-Uwe Mende<\/strong><\/span><span> Wym\u00f3w.<\/span><\/p>\n<h4><span><strong>Wezwanie do frekwencji wyborczej<\/strong><\/span><\/h4>\n<p><span>30 marca 2025 r. w Wiesbaden odb\u0119d\u0105 si\u0119 wybory, w kt\u00f3rych Gert-Uwe Mende (SPD) i Thilo von Debschitz (wsp\u00f3lny kandydat CDU i FDP) b\u0119d\u0105 ze sob\u0105 konkurowa\u0107. \"Nawet je\u015bli nie startujemy w wyborach z zielonym kandydatem, nadal wa\u017cne jest, aby nasi wyborcy umie\u015bcili sw\u00f3j g\u0142os na wadze\" - m\u00f3wi Rebecca Thomas. \u201eW zwi\u0105zku z tym wzywamy naszych wyborc\u00f3w do udzia\u0142u w wyborach i zalecamy g\u0142osowanie na kandydata OB Gerta-Uwe Mende\u2019a (SPD)\u201d, m\u00f3wi Daniel Schmitt.<\/span><\/p>\n<\/div><\/div><\/div><\/div><\/div><\/div><\/section>","protected":false},"excerpt":{"rendered":"B\u00dcNDNIS 90\/ DIE GR\u00dcNEN Wiesbaden wzywaj\u0105 do udzia\u0142u w wyborach OB i rekomenduj\u0105 kandydata SPD Gert-Uwe MendeCz\u0142onkowie stowarzyszenia okr\u0119gowego Wiesbaden B\u00dcNDNIS 90\/DIE GR\u00dcNEN przeanalizowali wyniki wybor\u00f3w federalnych i burmistrza na wtorkowym walnym zgromadzeniu, wymienili pogl\u0105dy na temat zalet i wad rekomendacji wyborczej do wybor\u00f3w na burmistrza i...","protected":false},"author":1,"featured_media":911,"comment_status":"closed","ping_status":"closed","sticky":false,"template":"","format":"standard","meta":{"footnotes":""},"categories":[5],"tags":[],"class_list":["post-884","post","type-post","status-publish","format-standard","has-post-thumbnail","hentry","category-wahlen"],"yoast_head":"<!-- This site is optimized with the Yoast SEO plugin v27.5 - https:\/\/yoast.com\/product\/yoast-seo-wordpress\/ -->\n<title>B\u00dcNDNIS 90\/ DIE GR\u00dcNEN Wiesbaden rufen zur Beteiligung an der OB-Stichwahl auf und empfehlen den SPD-Kandidaten Gert-Uwe Mende - B\u00dcNDNIS 90\/DIE GR\u00dcNEN Wiesbaden<\/title>\n<meta name=\"robots\" content=\"index, follow, max-snippet:-1, max-image-preview:large, max-video-preview:-1\" \/>\n<link rel=\"canonical\" href=\"https:\/\/gruene-wiesbaden.de\/pl\/ob-stichwahl2025\/\" \/>\n<meta property=\"og:locale\" content=\"pl_PL\" \/>\n<meta property=\"og:type\" content=\"article\" \/>\n<meta property=\"og:title\" content=\"B\u00dcNDNIS 90\/ DIE GR\u00dcNEN Wiesbaden rufen zur Beteiligung an der OB-Stichwahl auf und empfehlen den SPD-Kandidaten Gert-Uwe Mende - B\u00dcNDNIS 90\/DIE GR\u00dcNEN Wiesbaden\" \/>\n<meta property=\"og:url\" content=\"https:\/\/gruene-wiesbaden.de\/pl\/ob-stichwahl2025\/\" \/>\n<meta property=\"og:site_name\" content=\"B\u00dcNDNIS 90\/DIE GR\u00dcNEN Wiesbaden\" \/>\n<meta property=\"article:publisher\" content=\"https:\/\/www.facebook.com\/gruene.wi\" \/>\n<meta property=\"article:published_time\" content=\"2025-03-12T12:00:45+00:00\" \/>\n<meta property=\"article:modified_time\" content=\"2025-06-17T15:47:58+00:00\" \/>\n<meta property=\"og:image\" content=\"https:\/\/gruene-wiesbaden.de\/wp-content\/uploads\/2025\/03\/OB-Wahl-Gesine-600x400.png\" \/>\n\t<meta property=\"og:image:width\" content=\"600\" \/>\n\t<meta property=\"og:image:height\" content=\"400\" \/>\n\t<meta property=\"og:image:type\" content=\"image\/png\" \/>\n<meta name=\"author\" content=\"admin\" \/>\n<meta name=\"twitter:card\" content=\"summary_large_image\" \/>\n<meta name=\"twitter:label1\" content=\"Napisane przez\" \/>\n\t<meta name=\"twitter:data1\" content=\"admin\" \/>\n\t<meta name=\"twitter:label2\" content=\"Szacowany czas czytania\" \/>\n\t<meta name=\"twitter:data2\" content=\"3 minutes\" \/>\n<script type=\"application\/ld+json\" class=\"yoast-schema-graph\">{\"@context\":\"https:\\\/\\\/schema.org\",\"@graph\":[{\"@type\":\"Article\",\"@id\":\"https:\\\/\\\/gruene-wiesbaden.de\\\/ob-stichwahl2025\\\/#article\",\"isPartOf\":{\"@id\":\"https:\\\/\\\/gruene-wiesbaden.de\\\/ob-stichwahl2025\\\/\"},\"author\":{\"name\":\"admin\",\"@id\":\"https:\\\/\\\/gruene-wiesbaden.de\\\/#\\\/schema\\\/person\\\/6785c34779159cd4fd86886bb097afe9\"},\"headline\":\"B\u00dcNDNIS 90\\\/ DIE GR\u00dcNEN Wiesbaden rufen zur Beteiligung an der OB-Stichwahl auf und empfehlen den SPD-Kandidaten Gert-Uwe Mende\",\"datePublished\":\"2025-03-12T12:00:45+00:00\",\"dateModified\":\"2025-06-17T15:47:58+00:00\",\"mainEntityOfPage\":{\"@id\":\"https:\\\/\\\/gruene-wiesbaden.de\\\/ob-stichwahl2025\\\/\"},\"wordCount\":590,\"publisher\":{\"@id\":\"https:\\\/\\\/gruene-wiesbaden.de\\\/#organization\"},\"image\":{\"@id\":\"https:\\\/\\\/gruene-wiesbaden.de\\\/ob-stichwahl2025\\\/#primaryimage\"},\"thumbnailUrl\":\"https:\\\/\\\/gruene-wiesbaden.de\\\/wp-content\\\/uploads\\\/2025\\\/03\\\/OB-Wahl-Gesine.png\",\"articleSection\":[\"Wahlen\"],\"inLanguage\":\"pl-PL\"},{\"@type\":\"WebPage\",\"@id\":\"https:\\\/\\\/gruene-wiesbaden.de\\\/ob-stichwahl2025\\\/\",\"url\":\"https:\\\/\\\/gruene-wiesbaden.de\\\/ob-stichwahl2025\\\/\",\"name\":\"B\u00dcNDNIS 90\\\/ DIE GR\u00dcNEN Wiesbaden rufen zur Beteiligung an der OB-Stichwahl auf und empfehlen den SPD-Kandidaten Gert-Uwe Mende - B\u00dcNDNIS 90\\\/DIE GR\u00dcNEN Wiesbaden\",\"isPartOf\":{\"@id\":\"https:\\\/\\\/gruene-wiesbaden.de\\\/#website\"},\"primaryImageOfPage\":{\"@id\":\"https:\\\/\\\/gruene-wiesbaden.de\\\/ob-stichwahl2025\\\/#primaryimage\"},\"image\":{\"@id\":\"https:\\\/\\\/gruene-wiesbaden.de\\\/ob-stichwahl2025\\\/#primaryimage\"},\"thumbnailUrl\":\"https:\\\/\\\/gruene-wiesbaden.de\\\/wp-content\\\/uploads\\\/2025\\\/03\\\/OB-Wahl-Gesine.png\",\"datePublished\":\"2025-03-12T12:00:45+00:00\",\"dateModified\":\"2025-06-17T15:47:58+00:00\",\"breadcrumb\":{\"@id\":\"https:\\\/\\\/gruene-wiesbaden.de\\\/ob-stichwahl2025\\\/#breadcrumb\"},\"inLanguage\":\"pl-PL\",\"potentialAction\":[{\"@type\":\"ReadAction\",\"target\":[\"https:\\\/\\\/gruene-wiesbaden.de\\\/ob-stichwahl2025\\\/\"]}]},{\"@type\":\"ImageObject\",\"inLanguage\":\"pl-PL\",\"@id\":\"https:\\\/\\\/gruene-wiesbaden.de\\\/ob-stichwahl2025\\\/#primaryimage\",\"url\":\"https:\\\/\\\/gruene-wiesbaden.de\\\/wp-content\\\/uploads\\\/2025\\\/03\\\/OB-Wahl-Gesine.png\",\"contentUrl\":\"https:\\\/\\\/gruene-wiesbaden.de\\\/wp-content\\\/uploads\\\/2025\\\/03\\\/OB-Wahl-Gesine.png\",\"width\":1750,\"height\":1166},{\"@type\":\"BreadcrumbList\",\"@id\":\"https:\\\/\\\/gruene-wiesbaden.de\\\/ob-stichwahl2025\\\/#breadcrumb\",\"itemListElement\":[{\"@type\":\"ListItem\",\"position\":1,\"name\":\"Startseite\",\"item\":\"https:\\\/\\\/gruene-wiesbaden.de\\\/\"},{\"@type\":\"ListItem\",\"position\":2,\"name\":\"B\u00dcNDNIS 90\\\/ DIE GR\u00dcNEN Wiesbaden rufen zur Beteiligung an der OB-Stichwahl auf und empfehlen den SPD-Kandidaten Gert-Uwe Mende\"}]},{\"@type\":\"WebSite\",\"@id\":\"https:\\\/\\\/gruene-wiesbaden.de\\\/#website\",\"url\":\"https:\\\/\\\/gruene-wiesbaden.de\\\/\",\"name\":\"DIE GR\u00dcNEN Wiesbaden\",\"description\":\"\",\"publisher\":{\"@id\":\"https:\\\/\\\/gruene-wiesbaden.de\\\/#organization\"},\"potentialAction\":[{\"@type\":\"SearchAction\",\"target\":{\"@type\":\"EntryPoint\",\"urlTemplate\":\"https:\\\/\\\/gruene-wiesbaden.de\\\/?s={search_term_string}\"},\"query-input\":{\"@type\":\"PropertyValueSpecification\",\"valueRequired\":true,\"valueName\":\"search_term_string\"}}],\"inLanguage\":\"pl-PL\"},{\"@type\":\"Organization\",\"@id\":\"https:\\\/\\\/gruene-wiesbaden.de\\\/#organization\",\"name\":\"DIE GR\u00dcNEN Wiesbaden\",\"url\":\"https:\\\/\\\/gruene-wiesbaden.de\\\/\",\"logo\":{\"@type\":\"ImageObject\",\"inLanguage\":\"pl-PL\",\"@id\":\"https:\\\/\\\/gruene-wiesbaden.de\\\/#\\\/schema\\\/logo\\\/image\\\/\",\"url\":\"https:\\\/\\\/gruene-wiesbaden-fuer-europa.de\\\/wp-content\\\/uploads\\\/2024\\\/04\\\/Machen-was-zaehlt-5.png\",\"contentUrl\":\"https:\\\/\\\/gruene-wiesbaden-fuer-europa.de\\\/wp-content\\\/uploads\\\/2024\\\/04\\\/Machen-was-zaehlt-5.png\",\"width\":1772,\"height\":1772,\"caption\":\"DIE GR\u00dcNEN Wiesbaden\"},\"image\":{\"@id\":\"https:\\\/\\\/gruene-wiesbaden.de\\\/#\\\/schema\\\/logo\\\/image\\\/\"},\"sameAs\":[\"https:\\\/\\\/www.facebook.com\\\/gruene.wi\",\"https:\\\/\\\/instagram.com\\\/gruene_wi\"]},{\"@type\":\"Person\",\"@id\":\"https:\\\/\\\/gruene-wiesbaden.de\\\/#\\\/schema\\\/person\\\/6785c34779159cd4fd86886bb097afe9\",\"name\":\"admin\",\"sameAs\":[\"http:\\\/\\\/gruene-wiesbaden-fuer-europa.de\"],\"url\":\"https:\\\/\\\/gruene-wiesbaden.de\\\/pl\\\/author\\\/admin\\\/\"}]}<\/script>\n<!-- \/ Yoast SEO plugin. -->","yoast_head_json":{"title":"B\u00dcNDNIS 90\/ DIE GR\u00dcNEN Wiesbaden rufen zur Beteiligung an der OB-Stichwahl auf und empfehlen den SPD-Kandidaten Gert-Uwe Mende - B\u00dcNDNIS 90\/DIE GR\u00dcNEN Wiesbaden","robots":{"index":"index","follow":"follow","max-snippet":"max-snippet:-1","max-image-preview":"max-image-preview:large","max-video-preview":"max-video-preview:-1"},"canonical":"https:\/\/gruene-wiesbaden.de\/pl\/ob-stichwahl2025\/","og_locale":"pl_PL","og_type":"article","og_title":"B\u00dcNDNIS 90\/ DIE GR\u00dcNEN Wiesbaden rufen zur Beteiligung an der OB-Stichwahl auf und empfehlen den SPD-Kandidaten Gert-Uwe Mende - B\u00dcNDNIS 90\/DIE GR\u00dcNEN Wiesbaden","og_url":"https:\/\/gruene-wiesbaden.de\/pl\/ob-stichwahl2025\/","og_site_name":"B\u00dcNDNIS 90\/DIE GR\u00dcNEN Wiesbaden","article_publisher":"https:\/\/www.facebook.com\/gruene.wi","article_published_time":"2025-03-12T12:00:45+00:00","article_modified_time":"2025-06-17T15:47:58+00:00","og_image":[{"width":600,"height":400,"url":"https:\/\/gruene-wiesbaden.de\/wp-content\/uploads\/2025\/03\/OB-Wahl-Gesine-600x400.png","type":"image\/png"}],"author":"admin","twitter_card":"summary_large_image","twitter_misc":{"Napisane przez":"admin","Szacowany czas czytania":"3 minutes"},"schema":{"@context":"https:\/\/schema.org","@graph":[{"@type":"Article","@id":"https:\/\/gruene-wiesbaden.de\/ob-stichwahl2025\/#article","isPartOf":{"@id":"https:\/\/gruene-wiesbaden.de\/ob-stichwahl2025\/"},"author":{"name":"admin","@id":"https:\/\/gruene-wiesbaden.de\/#\/schema\/person\/6785c34779159cd4fd86886bb097afe9"},"headline":"B\u00dcNDNIS 90\/ DIE GR\u00dcNEN Wiesbaden rufen zur Beteiligung an der OB-Stichwahl auf und empfehlen den SPD-Kandidaten Gert-Uwe Mende","datePublished":"2025-03-12T12:00:45+00:00","dateModified":"2025-06-17T15:47:58+00:00","mainEntityOfPage":{"@id":"https:\/\/gruene-wiesbaden.de\/ob-stichwahl2025\/"},"wordCount":590,"publisher":{"@id":"https:\/\/gruene-wiesbaden.de\/#organization"},"image":{"@id":"https:\/\/gruene-wiesbaden.de\/ob-stichwahl2025\/#primaryimage"},"thumbnailUrl":"https:\/\/gruene-wiesbaden.de\/wp-content\/uploads\/2025\/03\/OB-Wahl-Gesine.png","articleSection":["Wahlen"],"inLanguage":"pl-PL"},{"@type":"WebPage","@id":"https:\/\/gruene-wiesbaden.de\/ob-stichwahl2025\/","url":"https:\/\/gruene-wiesbaden.de\/ob-stichwahl2025\/","name":"B\u00dcNDNIS 90\/ DIE GR\u00dcNEN Wiesbaden rufen zur Beteiligung an der OB-Stichwahl auf und empfehlen den SPD-Kandidaten Gert-Uwe Mende - B\u00dcNDNIS 90\/DIE GR\u00dcNEN Wiesbaden","isPartOf":{"@id":"https:\/\/gruene-wiesbaden.de\/#website"},"primaryImageOfPage":{"@id":"https:\/\/gruene-wiesbaden.de\/ob-stichwahl2025\/#primaryimage"},"image":{"@id":"https:\/\/gruene-wiesbaden.de\/ob-stichwahl2025\/#primaryimage"},"thumbnailUrl":"https:\/\/gruene-wiesbaden.de\/wp-content\/uploads\/2025\/03\/OB-Wahl-Gesine.png","datePublished":"2025-03-12T12:00:45+00:00","dateModified":"2025-06-17T15:47:58+00:00","breadcrumb":{"@id":"https:\/\/gruene-wiesbaden.de\/ob-stichwahl2025\/#breadcrumb"},"inLanguage":"pl-PL","potentialAction":[{"@type":"ReadAction","target":["https:\/\/gruene-wiesbaden.de\/ob-stichwahl2025\/"]}]},{"@type":"ImageObject","inLanguage":"pl-PL","@id":"https:\/\/gruene-wiesbaden.de\/ob-stichwahl2025\/#primaryimage","url":"https:\/\/gruene-wiesbaden.de\/wp-content\/uploads\/2025\/03\/OB-Wahl-Gesine.png","contentUrl":"https:\/\/gruene-wiesbaden.de\/wp-content\/uploads\/2025\/03\/OB-Wahl-Gesine.png","width":1750,"height":1166},{"@type":"BreadcrumbList","@id":"https:\/\/gruene-wiesbaden.de\/ob-stichwahl2025\/#breadcrumb","itemListElement":[{"@type":"ListItem","position":1,"name":"Startseite","item":"https:\/\/gruene-wiesbaden.de\/"},{"@type":"ListItem","position":2,"name":"B\u00dcNDNIS 90\/ DIE GR\u00dcNEN Wiesbaden rufen zur Beteiligung an der OB-Stichwahl auf und empfehlen den SPD-Kandidaten Gert-Uwe Mende"}]},{"@type":"WebSite","@id":"https:\/\/gruene-wiesbaden.de\/#website","url":"https:\/\/gruene-wiesbaden.de\/","name":"DIE GR\u00dcNEN Wiesbaden","description":"","publisher":{"@id":"https:\/\/gruene-wiesbaden.de\/#organization"},"potentialAction":[{"@type":"SearchAction","target":{"@type":"EntryPoint","urlTemplate":"https:\/\/gruene-wiesbaden.de\/?s={search_term_string}"},"query-input":{"@type":"PropertyValueSpecification","valueRequired":true,"valueName":"search_term_string"}}],"inLanguage":"pl-PL"},{"@type":"Organization","@id":"https:\/\/gruene-wiesbaden.de\/#organization","name":"DIE GR\u00dcNEN Wiesbaden","url":"https:\/\/gruene-wiesbaden.de\/","logo":{"@type":"ImageObject","inLanguage":"pl-PL","@id":"https:\/\/gruene-wiesbaden.de\/#\/schema\/logo\/image\/","url":"https:\/\/gruene-wiesbaden-fuer-europa.de\/wp-content\/uploads\/2024\/04\/Machen-was-zaehlt-5.png","contentUrl":"https:\/\/gruene-wiesbaden-fuer-europa.de\/wp-content\/uploads\/2024\/04\/Machen-was-zaehlt-5.png","width":1772,"height":1772,"caption":"DIE GR\u00dcNEN Wiesbaden"},"image":{"@id":"https:\/\/gruene-wiesbaden.de\/#\/schema\/logo\/image\/"},"sameAs":["https:\/\/www.facebook.com\/gruene.wi","https:\/\/instagram.com\/gruene_wi"]},{"@type":"Person","@id":"https:\/\/gruene-wiesbaden.de\/#\/schema\/person\/6785c34779159cd4fd86886bb097afe9","name":"admin","sameAs":["http:\/\/gruene-wiesbaden-fuer-europa.de"],"url":"https:\/\/gruene-wiesbaden.de\/pl\/author\/admin\/"}]}},"_links":{"self":[{"href":"https:\/\/gruene-wiesbaden.de\/pl\/wp-json\/wp\/v2\/posts\/884","targetHints":{"allow":["GET"]}}],"collection":[{"href":"https:\/\/gruene-wiesbaden.de\/pl\/wp-json\/wp\/v2\/posts"}],"about":[{"href":"https:\/\/gruene-wiesbaden.de\/pl\/wp-json\/wp\/v2\/types\/post"}],"author":[{"embeddable":true,"href":"https:\/\/gruene-wiesbaden.de\/pl\/wp-json\/wp\/v2\/users\/1"}],"replies":[{"embeddable":true,"href":"https:\/\/gruene-wiesbaden.de\/pl\/wp-json\/wp\/v2\/comments?post=884"}],"version-history":[{"count":5,"href":"https:\/\/gruene-wiesbaden.de\/pl\/wp-json\/wp\/v2\/posts\/884\/revisions"}],"predecessor-version":[{"id":910,"href":"https:\/\/gruene-wiesbaden.de\/pl\/wp-json\/wp\/v2\/posts\/884\/revisions\/910"}],"wp:featuredmedia":[{"embeddable":true,"href":"https:\/\/gruene-wiesbaden.de\/pl\/wp-json\/wp\/v2\/media\/911"}],"wp:attachment":[{"href":"https:\/\/gruene-wiesbaden.de\/pl\/wp-json\/wp\/v2\/media?parent=884"}],"wp:term":[{"taxonomy":"category","embeddable":true,"href":"https:\/\/gruene-wiesbaden.de\/pl\/wp-json\/wp\/v2\/categories?post=884"},{"taxonomy":"post_tag","embeddable":true,"href":"https:\/\/gruene-wiesbaden.de\/pl\/wp-json\/wp\/v2\/tags?post=884"}],"curies":[{"name":"wp","href":"https:\/\/api.w.org\/{rel}","templated":true}]}}