{"id":872,"date":"2024-11-22T12:00:22","date_gmt":"2024-11-22T12:00:22","guid":{"rendered":"http:\/\/gruene-wiesbaden.de.w0207e8f.kasserver.com\/?p=872"},"modified":"2025-06-16T21:02:09","modified_gmt":"2025-06-16T21:02:09","slug":"neuerfraktionsvorstand2024","status":"publish","type":"post","link":"https:\/\/gruene-wiesbaden.de\/pl\/neuerfraktionsvorstand2024\/","title":{"rendered":"Wybrano now\u0105 komisj\u0119 parlamentarn\u0105 Grupy Ratuszowej"},"content":{"rendered":"<section class=\"l-section wpb_row height_medium\"><div class=\"l-section-h i-cf\"><div class=\"g-cols vc_row via_grid cols_1 laptops-cols_inherit tablets-cols_inherit mobiles-cols_1 valign_top type_default stacking_default\"><div class=\"wpb_column vc_column_container\"><div class=\"vc_column-inner\"><h2 class=\"w-post-elm post_title entry-title color_link_inherit\">Wybrano now\u0105 komisj\u0119 parlamentarn\u0105 Grupy Ratuszowej<\/h2><div class=\"w-post-elm post_image\"><img loading=\"lazy\" decoding=\"async\" width=\"560\" height=\"600\" src=\"https:\/\/gruene-wiesbaden.de\/wp-content\/uploads\/2025\/03\/Bildschirmfoto-2025-06-16-um-22.59.36-560x600.png\" class=\"attachment-large size-large wp-post-image\" alt=\"\" srcset=\"https:\/\/gruene-wiesbaden.de\/wp-content\/uploads\/2025\/03\/Bildschirmfoto-2025-06-16-um-22.59.36-560x600.png 560w, https:\/\/gruene-wiesbaden.de\/wp-content\/uploads\/2025\/03\/Bildschirmfoto-2025-06-16-um-22.59.36-374x400.png 374w, https:\/\/gruene-wiesbaden.de\/wp-content\/uploads\/2025\/03\/Bildschirmfoto-2025-06-16-um-22.59.36.png 1756w\" sizes=\"auto, (max-width: 560px) 100vw, 560px\" \/><\/div><div class=\"w-separator size_medium\"><\/div><div class=\"wpb_text_column\"><div class=\"wpb_wrapper\"><p><strong>Frakcja Green Town Hall w Wiesbaden wybra\u0142a w czwartek nowego dyrektora grupy. Przewodnicz\u0105ca grupy i kandydatka na burmistrza GREEN Gesine Bonnet zosta\u0142a potwierdzona w swoim biurze. Now\u0105 przewodnicz\u0105c\u0105 b\u0119dzie cyfrowy rzecznik polityczny Zielonych w ratuszu, prof. dr Johannes Luderschmidt. Razem tworz\u0105 nowego podw\u00f3jnego szefa Zielonej Grupy.<\/strong><strong>Zast\u0119pcami zarz\u0105du pozostan\u0105 Doroth\u00e9e Andes-M\u00fcller i Hendrik Seipel-Rotter, kt\u00f3ry r\u00f3wnie\u017c zosta\u0142 ponownie wybrany na parlamentarnego dyrektora zarz\u0105dzaj\u0105cego. <\/strong><\/p>\n<p>\"Dzi\u0119kuj\u0119 za zaufanie, jakim mnie obdarzyli\u015bcie i z niecierpliwo\u015bci\u0105 czekam na wsp\u00f3\u0142prac\u0119 w nowo utworzonym zespole\" - powiedzia\u0142a Gesine Bonnet, przewodnicz\u0105ca grupy. \u201eW dalszym ci\u0105gu opowiadamy si\u0119 za post\u0119powymi strategiami politycznymi, kt\u00f3re sprostaj\u0105 wyzwaniom naszych czas\u00f3w i dostosowuj\u0105 nasze miasto do wymog\u00f3w przysz\u0142o\u015bci\u201d.<\/p>\n<p>\u201eDla nas obejmuj\u0105 one wi\u0119ksz\u0105 ochron\u0119 klimatu, nowe koncepcje mobilno\u015bci, wzmocnienie sieci spo\u0142ecznej i sceny kulturalnej w Wiesbaden, a tak\u017ce inteligentne i zr\u00f3wnowa\u017cone planowanie przestrzenne\u201d \u2013 dodaje Johannes Luderschmidt. \u201eGor\u0105co dzi\u0119kuj\u0119 grupie za to uznanie i z niecierpliwo\u015bci\u0105 oczekuj\u0119 podj\u0119cia nowego zadania z zaanga\u017cowaniem\u201d.<\/p>\n<p>\"Jeste\u015bmy bardzo zadowoleni, \u017ce nasi dwaj zast\u0119pcy, Doroth\u00e9e Andes-M\u00fcller i Hendrik Seipel-Rotter, r\u00f3wnie\u017c zostali zatwierdzeni na stanowisku i zobowi\u0105zali si\u0119 wspiera\u0107 nas, jak r\u00f3wnie\u017c ca\u0142\u0105 Grup\u0119\" - podkre\u015bli\u0142 Bonnet. Poprzedni lider grupy Felix Kisseler nie startowa\u0142 ju\u017c w wyborach. Szczeg\u00f3lne podzi\u0119kowania kierujemy do niego za zaanga\u017cowanie i dobr\u0105 wsp\u00f3\u0142prac\u0119\u201d, m\u00f3wi Luderschmidt.<\/p>\n<\/div><\/div><\/div><\/div><\/div><\/div><\/section>","protected":false},"excerpt":{"rendered":"Grupa parlamentarna Green Town Hall w Wiesbaden wybra\u0142a w czwartek nowego dyrektora grupy parlamentarnej. Przewodnicz\u0105ca grupy i kandydatka na burmistrza GREEN Gesine Bonnet zosta\u0142a potwierdzona w swoim biurze. Now\u0105 przewodnicz\u0105c\u0105 b\u0119dzie cyfrowy rzecznik polityczny Zielonych w ratuszu, prof. dr Johannes Luderschmidt. Razem tworz\u0105 nowe podw\u00f3jne przyw\u00f3dztwo Zielonej Grupy.","protected":false},"author":1,"featured_media":929,"comment_status":"closed","ping_status":"closed","sticky":false,"template":"","format":"standard","meta":{"footnotes":""},"categories":[5],"tags":[],"class_list":["post-872","post","type-post","status-publish","format-standard","has-post-thumbnail","hentry","category-wahlen"],"yoast_head":"<!-- This site is optimized with the Yoast SEO plugin v27.5 - https:\/\/yoast.com\/product\/yoast-seo-wordpress\/ -->\n<title>Neuer Fraktionsvorstand der Rathausfraktion gew\u00e4hlt - B\u00dcNDNIS 90\/DIE GR\u00dcNEN Wiesbaden<\/title>\n<meta name=\"robots\" content=\"index, follow, max-snippet:-1, max-image-preview:large, max-video-preview:-1\" \/>\n<link rel=\"canonical\" href=\"https:\/\/gruene-wiesbaden.de\/pl\/neuerfraktionsvorstand2024\/\" \/>\n<meta property=\"og:locale\" content=\"pl_PL\" \/>\n<meta property=\"og:type\" content=\"article\" \/>\n<meta property=\"og:title\" content=\"Neuer Fraktionsvorstand der Rathausfraktion gew\u00e4hlt - B\u00dcNDNIS 90\/DIE GR\u00dcNEN Wiesbaden\" \/>\n<meta property=\"og:url\" content=\"https:\/\/gruene-wiesbaden.de\/pl\/neuerfraktionsvorstand2024\/\" \/>\n<meta property=\"og:site_name\" content=\"B\u00dcNDNIS 90\/DIE GR\u00dcNEN Wiesbaden\" \/>\n<meta property=\"article:publisher\" content=\"https:\/\/www.facebook.com\/gruene.wi\" \/>\n<meta property=\"article:published_time\" content=\"2024-11-22T12:00:22+00:00\" \/>\n<meta property=\"article:modified_time\" content=\"2025-06-16T21:02:09+00:00\" \/>\n<meta property=\"og:image\" content=\"https:\/\/gruene-wiesbaden.de\/wp-content\/uploads\/2025\/03\/Bildschirmfoto-2025-06-16-um-22.59.36-560x600.png\" \/>\n\t<meta property=\"og:image:width\" content=\"560\" \/>\n\t<meta property=\"og:image:height\" content=\"600\" \/>\n\t<meta property=\"og:image:type\" content=\"image\/png\" \/>\n<meta name=\"author\" content=\"admin\" \/>\n<meta name=\"twitter:card\" content=\"summary_large_image\" \/>\n<meta name=\"twitter:label1\" content=\"Napisane przez\" \/>\n\t<meta name=\"twitter:data1\" content=\"admin\" \/>\n\t<meta name=\"twitter:label2\" content=\"Szacowany czas czytania\" \/>\n\t<meta name=\"twitter:data2\" content=\"2 minutes\" \/>\n<script type=\"application\/ld+json\" class=\"yoast-schema-graph\">{\"@context\":\"https:\\\/\\\/schema.org\",\"@graph\":[{\"@type\":\"Article\",\"@id\":\"https:\\\/\\\/gruene-wiesbaden.de\\\/neuerfraktionsvorstand2024\\\/#article\",\"isPartOf\":{\"@id\":\"https:\\\/\\\/gruene-wiesbaden.de\\\/neuerfraktionsvorstand2024\\\/\"},\"author\":{\"name\":\"admin\",\"@id\":\"https:\\\/\\\/gruene-wiesbaden.de\\\/#\\\/schema\\\/person\\\/6785c34779159cd4fd86886bb097afe9\"},\"headline\":\"Neuer Fraktionsvorstand der Rathausfraktion gew\u00e4hlt\",\"datePublished\":\"2024-11-22T12:00:22+00:00\",\"dateModified\":\"2025-06-16T21:02:09+00:00\",\"mainEntityOfPage\":{\"@id\":\"https:\\\/\\\/gruene-wiesbaden.de\\\/neuerfraktionsvorstand2024\\\/\"},\"wordCount\":263,\"publisher\":{\"@id\":\"https:\\\/\\\/gruene-wiesbaden.de\\\/#organization\"},\"image\":{\"@id\":\"https:\\\/\\\/gruene-wiesbaden.de\\\/neuerfraktionsvorstand2024\\\/#primaryimage\"},\"thumbnailUrl\":\"https:\\\/\\\/gruene-wiesbaden.de\\\/wp-content\\\/uploads\\\/2025\\\/03\\\/Bildschirmfoto-2025-06-16-um-22.59.36.png\",\"articleSection\":[\"Wahlen\"],\"inLanguage\":\"pl-PL\"},{\"@type\":\"WebPage\",\"@id\":\"https:\\\/\\\/gruene-wiesbaden.de\\\/neuerfraktionsvorstand2024\\\/\",\"url\":\"https:\\\/\\\/gruene-wiesbaden.de\\\/neuerfraktionsvorstand2024\\\/\",\"name\":\"Neuer Fraktionsvorstand der Rathausfraktion gew\u00e4hlt - B\u00dcNDNIS 90\\\/DIE GR\u00dcNEN Wiesbaden\",\"isPartOf\":{\"@id\":\"https:\\\/\\\/gruene-wiesbaden.de\\\/#website\"},\"primaryImageOfPage\":{\"@id\":\"https:\\\/\\\/gruene-wiesbaden.de\\\/neuerfraktionsvorstand2024\\\/#primaryimage\"},\"image\":{\"@id\":\"https:\\\/\\\/gruene-wiesbaden.de\\\/neuerfraktionsvorstand2024\\\/#primaryimage\"},\"thumbnailUrl\":\"https:\\\/\\\/gruene-wiesbaden.de\\\/wp-content\\\/uploads\\\/2025\\\/03\\\/Bildschirmfoto-2025-06-16-um-22.59.36.png\",\"datePublished\":\"2024-11-22T12:00:22+00:00\",\"dateModified\":\"2025-06-16T21:02:09+00:00\",\"breadcrumb\":{\"@id\":\"https:\\\/\\\/gruene-wiesbaden.de\\\/neuerfraktionsvorstand2024\\\/#breadcrumb\"},\"inLanguage\":\"pl-PL\",\"potentialAction\":[{\"@type\":\"ReadAction\",\"target\":[\"https:\\\/\\\/gruene-wiesbaden.de\\\/neuerfraktionsvorstand2024\\\/\"]}]},{\"@type\":\"ImageObject\",\"inLanguage\":\"pl-PL\",\"@id\":\"https:\\\/\\\/gruene-wiesbaden.de\\\/neuerfraktionsvorstand2024\\\/#primaryimage\",\"url\":\"https:\\\/\\\/gruene-wiesbaden.de\\\/wp-content\\\/uploads\\\/2025\\\/03\\\/Bildschirmfoto-2025-06-16-um-22.59.36.png\",\"contentUrl\":\"https:\\\/\\\/gruene-wiesbaden.de\\\/wp-content\\\/uploads\\\/2025\\\/03\\\/Bildschirmfoto-2025-06-16-um-22.59.36.png\",\"width\":1756,\"height\":1880},{\"@type\":\"BreadcrumbList\",\"@id\":\"https:\\\/\\\/gruene-wiesbaden.de\\\/neuerfraktionsvorstand2024\\\/#breadcrumb\",\"itemListElement\":[{\"@type\":\"ListItem\",\"position\":1,\"name\":\"Startseite\",\"item\":\"https:\\\/\\\/gruene-wiesbaden.de\\\/\"},{\"@type\":\"ListItem\",\"position\":2,\"name\":\"Neuer Fraktionsvorstand der Rathausfraktion gew\u00e4hlt\"}]},{\"@type\":\"WebSite\",\"@id\":\"https:\\\/\\\/gruene-wiesbaden.de\\\/#website\",\"url\":\"https:\\\/\\\/gruene-wiesbaden.de\\\/\",\"name\":\"DIE GR\u00dcNEN Wiesbaden\",\"description\":\"\",\"publisher\":{\"@id\":\"https:\\\/\\\/gruene-wiesbaden.de\\\/#organization\"},\"potentialAction\":[{\"@type\":\"SearchAction\",\"target\":{\"@type\":\"EntryPoint\",\"urlTemplate\":\"https:\\\/\\\/gruene-wiesbaden.de\\\/?s={search_term_string}\"},\"query-input\":{\"@type\":\"PropertyValueSpecification\",\"valueRequired\":true,\"valueName\":\"search_term_string\"}}],\"inLanguage\":\"pl-PL\"},{\"@type\":\"Organization\",\"@id\":\"https:\\\/\\\/gruene-wiesbaden.de\\\/#organization\",\"name\":\"DIE GR\u00dcNEN Wiesbaden\",\"url\":\"https:\\\/\\\/gruene-wiesbaden.de\\\/\",\"logo\":{\"@type\":\"ImageObject\",\"inLanguage\":\"pl-PL\",\"@id\":\"https:\\\/\\\/gruene-wiesbaden.de\\\/#\\\/schema\\\/logo\\\/image\\\/\",\"url\":\"https:\\\/\\\/gruene-wiesbaden-fuer-europa.de\\\/wp-content\\\/uploads\\\/2024\\\/04\\\/Machen-was-zaehlt-5.png\",\"contentUrl\":\"https:\\\/\\\/gruene-wiesbaden-fuer-europa.de\\\/wp-content\\\/uploads\\\/2024\\\/04\\\/Machen-was-zaehlt-5.png\",\"width\":1772,\"height\":1772,\"caption\":\"DIE GR\u00dcNEN Wiesbaden\"},\"image\":{\"@id\":\"https:\\\/\\\/gruene-wiesbaden.de\\\/#\\\/schema\\\/logo\\\/image\\\/\"},\"sameAs\":[\"https:\\\/\\\/www.facebook.com\\\/gruene.wi\",\"https:\\\/\\\/instagram.com\\\/gruene_wi\"]},{\"@type\":\"Person\",\"@id\":\"https:\\\/\\\/gruene-wiesbaden.de\\\/#\\\/schema\\\/person\\\/6785c34779159cd4fd86886bb097afe9\",\"name\":\"admin\",\"sameAs\":[\"http:\\\/\\\/gruene-wiesbaden-fuer-europa.de\"],\"url\":\"https:\\\/\\\/gruene-wiesbaden.de\\\/pl\\\/author\\\/admin\\\/\"}]}<\/script>\n<!-- \/ Yoast SEO plugin. -->","yoast_head_json":{"title":"Neuer Fraktionsvorstand der Rathausfraktion gew\u00e4hlt - B\u00dcNDNIS 90\/DIE GR\u00dcNEN Wiesbaden","robots":{"index":"index","follow":"follow","max-snippet":"max-snippet:-1","max-image-preview":"max-image-preview:large","max-video-preview":"max-video-preview:-1"},"canonical":"https:\/\/gruene-wiesbaden.de\/pl\/neuerfraktionsvorstand2024\/","og_locale":"pl_PL","og_type":"article","og_title":"Neuer Fraktionsvorstand der Rathausfraktion gew\u00e4hlt - B\u00dcNDNIS 90\/DIE GR\u00dcNEN Wiesbaden","og_url":"https:\/\/gruene-wiesbaden.de\/pl\/neuerfraktionsvorstand2024\/","og_site_name":"B\u00dcNDNIS 90\/DIE GR\u00dcNEN Wiesbaden","article_publisher":"https:\/\/www.facebook.com\/gruene.wi","article_published_time":"2024-11-22T12:00:22+00:00","article_modified_time":"2025-06-16T21:02:09+00:00","og_image":[{"width":560,"height":600,"url":"https:\/\/gruene-wiesbaden.de\/wp-content\/uploads\/2025\/03\/Bildschirmfoto-2025-06-16-um-22.59.36-560x600.png","type":"image\/png"}],"author":"admin","twitter_card":"summary_large_image","twitter_misc":{"Napisane przez":"admin","Szacowany czas czytania":"2 minutes"},"schema":{"@context":"https:\/\/schema.org","@graph":[{"@type":"Article","@id":"https:\/\/gruene-wiesbaden.de\/neuerfraktionsvorstand2024\/#article","isPartOf":{"@id":"https:\/\/gruene-wiesbaden.de\/neuerfraktionsvorstand2024\/"},"author":{"name":"admin","@id":"https:\/\/gruene-wiesbaden.de\/#\/schema\/person\/6785c34779159cd4fd86886bb097afe9"},"headline":"Neuer Fraktionsvorstand der Rathausfraktion gew\u00e4hlt","datePublished":"2024-11-22T12:00:22+00:00","dateModified":"2025-06-16T21:02:09+00:00","mainEntityOfPage":{"@id":"https:\/\/gruene-wiesbaden.de\/neuerfraktionsvorstand2024\/"},"wordCount":263,"publisher":{"@id":"https:\/\/gruene-wiesbaden.de\/#organization"},"image":{"@id":"https:\/\/gruene-wiesbaden.de\/neuerfraktionsvorstand2024\/#primaryimage"},"thumbnailUrl":"https:\/\/gruene-wiesbaden.de\/wp-content\/uploads\/2025\/03\/Bildschirmfoto-2025-06-16-um-22.59.36.png","articleSection":["Wahlen"],"inLanguage":"pl-PL"},{"@type":"WebPage","@id":"https:\/\/gruene-wiesbaden.de\/neuerfraktionsvorstand2024\/","url":"https:\/\/gruene-wiesbaden.de\/neuerfraktionsvorstand2024\/","name":"Neuer Fraktionsvorstand der Rathausfraktion gew\u00e4hlt - B\u00dcNDNIS 90\/DIE GR\u00dcNEN Wiesbaden","isPartOf":{"@id":"https:\/\/gruene-wiesbaden.de\/#website"},"primaryImageOfPage":{"@id":"https:\/\/gruene-wiesbaden.de\/neuerfraktionsvorstand2024\/#primaryimage"},"image":{"@id":"https:\/\/gruene-wiesbaden.de\/neuerfraktionsvorstand2024\/#primaryimage"},"thumbnailUrl":"https:\/\/gruene-wiesbaden.de\/wp-content\/uploads\/2025\/03\/Bildschirmfoto-2025-06-16-um-22.59.36.png","datePublished":"2024-11-22T12:00:22+00:00","dateModified":"2025-06-16T21:02:09+00:00","breadcrumb":{"@id":"https:\/\/gruene-wiesbaden.de\/neuerfraktionsvorstand2024\/#breadcrumb"},"inLanguage":"pl-PL","potentialAction":[{"@type":"ReadAction","target":["https:\/\/gruene-wiesbaden.de\/neuerfraktionsvorstand2024\/"]}]},{"@type":"ImageObject","inLanguage":"pl-PL","@id":"https:\/\/gruene-wiesbaden.de\/neuerfraktionsvorstand2024\/#primaryimage","url":"https:\/\/gruene-wiesbaden.de\/wp-content\/uploads\/2025\/03\/Bildschirmfoto-2025-06-16-um-22.59.36.png","contentUrl":"https:\/\/gruene-wiesbaden.de\/wp-content\/uploads\/2025\/03\/Bildschirmfoto-2025-06-16-um-22.59.36.png","width":1756,"height":1880},{"@type":"BreadcrumbList","@id":"https:\/\/gruene-wiesbaden.de\/neuerfraktionsvorstand2024\/#breadcrumb","itemListElement":[{"@type":"ListItem","position":1,"name":"Startseite","item":"https:\/\/gruene-wiesbaden.de\/"},{"@type":"ListItem","position":2,"name":"Neuer Fraktionsvorstand der Rathausfraktion gew\u00e4hlt"}]},{"@type":"WebSite","@id":"https:\/\/gruene-wiesbaden.de\/#website","url":"https:\/\/gruene-wiesbaden.de\/","name":"DIE GR\u00dcNEN Wiesbaden","description":"","publisher":{"@id":"https:\/\/gruene-wiesbaden.de\/#organization"},"potentialAction":[{"@type":"SearchAction","target":{"@type":"EntryPoint","urlTemplate":"https:\/\/gruene-wiesbaden.de\/?s={search_term_string}"},"query-input":{"@type":"PropertyValueSpecification","valueRequired":true,"valueName":"search_term_string"}}],"inLanguage":"pl-PL"},{"@type":"Organization","@id":"https:\/\/gruene-wiesbaden.de\/#organization","name":"DIE GR\u00dcNEN Wiesbaden","url":"https:\/\/gruene-wiesbaden.de\/","logo":{"@type":"ImageObject","inLanguage":"pl-PL","@id":"https:\/\/gruene-wiesbaden.de\/#\/schema\/logo\/image\/","url":"https:\/\/gruene-wiesbaden-fuer-europa.de\/wp-content\/uploads\/2024\/04\/Machen-was-zaehlt-5.png","contentUrl":"https:\/\/gruene-wiesbaden-fuer-europa.de\/wp-content\/uploads\/2024\/04\/Machen-was-zaehlt-5.png","width":1772,"height":1772,"caption":"DIE GR\u00dcNEN Wiesbaden"},"image":{"@id":"https:\/\/gruene-wiesbaden.de\/#\/schema\/logo\/image\/"},"sameAs":["https:\/\/www.facebook.com\/gruene.wi","https:\/\/instagram.com\/gruene_wi"]},{"@type":"Person","@id":"https:\/\/gruene-wiesbaden.de\/#\/schema\/person\/6785c34779159cd4fd86886bb097afe9","name":"admin","sameAs":["http:\/\/gruene-wiesbaden-fuer-europa.de"],"url":"https:\/\/gruene-wiesbaden.de\/pl\/author\/admin\/"}]}},"_links":{"self":[{"href":"https:\/\/gruene-wiesbaden.de\/pl\/wp-json\/wp\/v2\/posts\/872","targetHints":{"allow":["GET"]}}],"collection":[{"href":"https:\/\/gruene-wiesbaden.de\/pl\/wp-json\/wp\/v2\/posts"}],"about":[{"href":"https:\/\/gruene-wiesbaden.de\/pl\/wp-json\/wp\/v2\/types\/post"}],"author":[{"embeddable":true,"href":"https:\/\/gruene-wiesbaden.de\/pl\/wp-json\/wp\/v2\/users\/1"}],"replies":[{"embeddable":true,"href":"https:\/\/gruene-wiesbaden.de\/pl\/wp-json\/wp\/v2\/comments?post=872"}],"version-history":[{"count":3,"href":"https:\/\/gruene-wiesbaden.de\/pl\/wp-json\/wp\/v2\/posts\/872\/revisions"}],"predecessor-version":[{"id":930,"href":"https:\/\/gruene-wiesbaden.de\/pl\/wp-json\/wp\/v2\/posts\/872\/revisions\/930"}],"wp:featuredmedia":[{"embeddable":true,"href":"https:\/\/gruene-wiesbaden.de\/pl\/wp-json\/wp\/v2\/media\/929"}],"wp:attachment":[{"href":"https:\/\/gruene-wiesbaden.de\/pl\/wp-json\/wp\/v2\/media?parent=872"}],"wp:term":[{"taxonomy":"category","embeddable":true,"href":"https:\/\/gruene-wiesbaden.de\/pl\/wp-json\/wp\/v2\/categories?post=872"},{"taxonomy":"post_tag","embeddable":true,"href":"https:\/\/gruene-wiesbaden.de\/pl\/wp-json\/wp\/v2\/tags?post=872"}],"curies":[{"name":"wp","href":"https:\/\/api.w.org\/{rel}","templated":true}]}}