{"id":1660,"date":"2025-12-01T12:53:02","date_gmt":"2025-12-01T10:53:02","guid":{"rendered":"https:\/\/gruene-wiesbaden.de\/?p=1660"},"modified":"2025-12-01T12:55:39","modified_gmt":"2025-12-01T10:55:39","slug":"mehr-moeglich-machen-fuer-wiesbaden-gruene-wiesbaden-starten-mit-starkem-team-und-zukunftsprogramm-in-den-kommunalwahlkampf-2026","status":"publish","type":"post","link":"https:\/\/gruene-wiesbaden.de\/pl\/mehr-moeglich-machen-fuer-wiesbaden-gruene-wiesbaden-starten-mit-starkem-team-und-zukunftsprogramm-in-den-kommunalwahlkampf-2026\/","title":{"rendered":"WI\u0118CEJ MO\u017bLIWO\u015aCI MAKE dla Wiesbaden - ZIELONY Wiesbaden rozpoczyna kampani\u0119 wyborcz\u0105 w 2026 roku z silnym zespo\u0142em i programem na przysz\u0142o\u015b\u0107"},"content":{"rendered":"<section class=\"l-section wpb_row height_medium\"><div class=\"l-section-h i-cf\"><div class=\"g-cols vc_row via_grid cols_1 laptops-cols_inherit tablets-cols_inherit mobiles-cols_1 valign_top type_default stacking_default\"><div class=\"wpb_column vc_column_container\"><div class=\"vc_column-inner\"><h3 class=\"w-post-elm post_title us_custom_ea76afbe entry-title color_link_inherit\">WI\u0118CEJ MO\u017bLIWO\u015aCI MAKE dla Wiesbaden - ZIELONY Wiesbaden rozpoczyna kampani\u0119 wyborcz\u0105 w 2026 roku z silnym zespo\u0142em i programem na przysz\u0142o\u015b\u0107<\/h3><div class=\"w-post-elm post_image\"><img loading=\"lazy\" decoding=\"async\" width=\"600\" height=\"452\" src=\"https:\/\/gruene-wiesbaden.de\/wp-content\/uploads\/2025\/12\/Bild-GRUeNE-WIESBADEN-600x452.png\" class=\"attachment-large size-large wp-post-image\" alt=\"\" srcset=\"https:\/\/gruene-wiesbaden.de\/wp-content\/uploads\/2025\/12\/Bild-GRUeNE-WIESBADEN-600x452.png 600w, https:\/\/gruene-wiesbaden.de\/wp-content\/uploads\/2025\/12\/Bild-GRUeNE-WIESBADEN-400x302.png 400w, https:\/\/gruene-wiesbaden.de\/wp-content\/uploads\/2025\/12\/Bild-GRUeNE-WIESBADEN-16x12.png 16w, https:\/\/gruene-wiesbaden.de\/wp-content\/uploads\/2025\/12\/Bild-GRUeNE-WIESBADEN.png 968w\" sizes=\"auto, (max-width: 600px) 100vw, 600px\" \/><\/div><div class=\"w-separator size_medium\"><\/div><div class=\"wpb_text_column\"><div class=\"wpb_wrapper\"><p style=\"font-weight: 400;\">Zieloni z Wiesbaden przedstawili dzi\u015b sw\u00f3j program wyborczy i list\u0119 wybor\u00f3w lokalnych w 2026 r. Dzi\u0119ki silnemu przyw\u00f3dztwu, szerokiemu zespo\u0142owi do\u015bwiadczonych i nowych kandydat\u00f3w, chc\u0105 nadal kszta\u0142towa\u0107 Wiesbaden politycznie w nadchodz\u0105cych latach i uczyni\u0107 to miasto bardziej zno\u015bnym i zr\u00f3wnowa\u017conym dla wszystkich.<\/p>\n<p style=\"font-weight: 400;\"><strong>Zieloni rywalizuj\u0105 z r\u00f3\u017cnorodnym zespo\u0142em o wielu m\u0142odych twarzach<\/strong><\/p>\n<p style=\"font-weight: 400;\">Na li\u015bcie do rady miasta znajduje si\u0119 wiele nowych nazwisk, a tak\u017ce os\u00f3b, kt\u00f3re ju\u017c by\u0142y w ZIELONYM Wiesbaden w radzie miasta.<\/p>\n<p style=\"font-weight: 400;\">Dzi\u0119ki naszej li\u015bcie jeste\u015bmy dobrze przygotowani i wraz z r\u00f3\u017cnymi \u015brodowiskami wnosimy wiedz\u0119 fachow\u0105 do wszystkich obszar\u00f3w polityki. Fakt, \u017ce wybrali\u015bmy osiem os\u00f3b poni\u017cej 35 roku \u017cycia jako cz\u0119\u015bciowo bardzo do\u015bwiadczone osoby na naszej li\u015bcie, wyra\u017anie pokazuje: Nie tylko my\u015blimy o przysz\u0142o\u015bci, ale aktywnie j\u0105 przedstawiamy\u201d \u2013 m\u00f3wi Rebecca Thomas, przewodnicz\u0105ca okr\u0119gu B\u00dcNDNIS 90\/DIE GR\u00dcNEN Wiesbaden.<\/p>\n<p style=\"font-weight: 400;\"><strong>Zieloni w Wiesbaden chc\u0105 \"czyni\u0107 wi\u0119cej mo\u017cliwymi\"<\/strong><\/p>\n<p style=\"font-weight: 400;\">Dzi\u0119ki szeroko zakrojonemu programowi wyborczemu Zieloni chc\u0105 zaoferowa\u0107 co\u015b wszystkim cz\u0119\u015bciom spo\u0142ecze\u0144stwa Wiesbaden.<\/p>\n<p style=\"font-weight: 400;\">Rebecca Thomas, przewodnicz\u0105ca okr\u0119gu B\u00dcNDNIS 90\/DIE GR\u00dcNEN Wiesbaden: \u201eBierzemy odpowiedzialno\u015b\u0107 za ca\u0142e miasto. Nie chcemy by\u0107 si\u0142\u0105 polityczn\u0105, kt\u00f3ra zaw\u0119\u017ca si\u0119 do indywidualnych interes\u00f3w, ale chcemy uczyni\u0107 miasto lepszym dla wszystkich mieszka\u0144c\u00f3w Wiesbaden i dobrze przygotowa\u0107 je na przysz\u0142o\u015b\u0107 oraz uczyni\u0107 je bardziej mo\u017cliwym dla wszystkich mieszka\u0144c\u00f3w Wiesbaden\u201d.<\/p>\n<p style=\"font-weight: 400;\">Program wyborczy GREEN Wiesbaden jest zatem zorganizowany nie tylko wed\u0142ug obszaru polityki, ale tak\u017ce wed\u0142ug grup docelowych, takich jak \u201edzieci, rodziny i osoby samotnie wychowuj\u0105ce dzieci\u201d lub \u201eseniorzy\u201d, tak aby czytelnicy mogli szybko znale\u017a\u0107 tre\u015bci, kt\u00f3re s\u0105 dla nich szczeg\u00f3lnie istotne.<\/p>\n<p style=\"font-weight: 400;\">\u201eNadchodz\u0105ce lata b\u0119d\u0105 mia\u0142y kluczowe znaczenie dla reakcji Wiesbaden na wyzwania zwi\u0105zane ze zmian\u0105 klimatu, sprawiedliwo\u015bci\u0105 spo\u0142eczn\u0105, mobilno\u015bci\u0105 i transformacj\u0105 cyfrow\u0105. Dzi\u015b pokazujemy, \u017ce jeste\u015bmy gotowi nadal bra\u0107 na siebie odpowiedzialno\u015b\u0107, realizuj\u0105c ambitny i realistyczny program. Opowiadamy si\u0119 za polityk\u0105, kt\u00f3ra odwa\u017cnie stawia czo\u0142a, gdy potrzebne jest co\u015b nowego, i rozwija to, co istnieje, gdy udowodni\u0142a swoj\u0105 warto\u015b\u0107. Nasz\u0105 ide\u0105 przewodni\u0105 jest miasto, kt\u00f3re nie zatrzymuje si\u0119, ale stopniowo si\u0119 poprawia \u2013 dla ka\u017cdego, kto tu mieszka\u201d, m\u00f3wi Daniel Schmitt, przewodnicz\u0105cy okr\u0119gu B\u00dcNDNIS 90\/DIE GR\u00dcNEN Wiesbaden.<\/p>\n<p style=\"font-weight: 400;\">Program wyborczy sk\u0142ada si\u0119 z trzech g\u0142\u00f3wnych rozdzia\u0142\u00f3w i koncentruje si\u0119 na trzech g\u0142\u00f3wnych obszarach:<\/p>\n<ol>\n<li><strong>Dalszy rozw\u00f3j Wiesbaden w miasto, w kt\u00f3rym ka\u017cdy mo\u017ce dobrze \u017cy\u0107:<\/strong> Rozdzia\u0142 ten dotyczy wszystkich infrastrukturalnych aspekt\u00f3w \u017cycia, kt\u00f3re maj\u0105 wp\u0142yw na wszystkich mieszka\u0144c\u00f3w Wiesbaden \u2013 od mieszkalnictwa, mobilno\u015bci, opieki zdrowotnej i opieki nad dzie\u0107mi, a tak\u017ce cyfrowych us\u0142ug obywatelskich, po dzia\u0142alno\u015b\u0107 kulturaln\u0105 i sportow\u0105. Przede wszystkim koncentrujemy si\u0119 na zachowaniu i poprawie jako\u015bci \u017cycia wszystkich ludzi w Wiesbaden. Z my\u015bl\u0105 o kryzysie klimatycznym i wynikaj\u0105cych z niego wyzwaniach przysz\u0142o\u015bci Zieloni \u0142\u0105cz\u0105 rozw\u00f3j obszar\u00f3w miejskich z ochron\u0105 klimatu, przystosowaniem si\u0119 do zmiany klimatu i ochron\u0105 \u015brodowiska, a tak\u017ce ochron\u0105 ludno\u015bci.<\/li>\n<li><strong>Projektowanie Wiesbaden jako miasta, w kt\u00f3rym ka\u017cdy ma swoje miejsce:<\/strong> W tym miejscu GR\u00dcNEN pokazuje, \u017ce jest ich trosk\u0105, aby wszystkie r\u00f3\u017cne grupy spo\u0142eczne o r\u00f3\u017cnych realiach, potrzebach i perspektywach otrzyma\u0142y ofert\u0119 polityczn\u0105, kt\u00f3ra sprawi, \u017ce Wiesbaden b\u0119dzie dla nich lepszy \u2013 od kobiet, rodzin, m\u0142odych doros\u0142ych i senior\u00f3w po osoby ze spo\u0142eczno\u015bci LGBTQAI*, osoby z niepe\u0142nosprawno\u015bciami, osoby z histori\u0105 migracji, a tak\u017ce osoby znajduj\u0105ce si\u0119 w trudnej sytuacji spo\u0142ecznej.<\/li>\n<li><strong>Zabezpieczenie przysz\u0142ej rentowno\u015bci Wiesbaden jako silnej gminy<\/strong>: W tym miejscu GREEN Wiesbaden \u0142\u0105czy \u015brodki maj\u0105ce na celu promowanie atrakcyjno\u015bci i si\u0142y Wiesbaden jako uniwersytetu i lokalizacji biznesowej ze \u015brodkami maj\u0105cymi na celu modernizacj\u0119 i przekszta\u0142cenie infrastruktury Wiesbaden w celu stworzenia niezawodnych, funkcjonuj\u0105cych i zr\u00f3wnowa\u017conych warunk\u00f3w dla Wiesbaden jako lokalizacji biznesowej. Zieloni chc\u0105 r\u00f3wnie\u017c zmodernizowa\u0107 administracj\u0119, dostosowa\u0107 j\u0105 do przysz\u0142o\u015bci z my\u015bl\u0105 o cyfryzacji i zmianach demograficznych oraz uczyni\u0107 administracj\u0119 miejsk\u0105 atrakcyjn\u0105 dla m\u0142odych specjalist\u00f3w jako pracodawcy.<\/li>\n<\/ol>\n<p style=\"font-weight: 400;\"><strong>Gesine Bonnet i Martin Kraft jako wiod\u0105cy duet zielonego zespo\u0142u<\/strong><\/p>\n<p style=\"font-weight: 400;\">List\u0119 na posiedzenie rady miasta B\u00dcNDNIS 90\/DIE GR\u00dcNEN Wiesbaden prowadz\u0105 Gesine Bonnet i Martin Kraft, kt\u00f3rzy \u0142\u0105cz\u0105 do\u015bwiadczenie i perspektywy na przysz\u0142o\u015b\u0107.<\/p>\n<p style=\"font-weight: 400;\">Opowiadamy si\u0119 za polityk\u0105, kt\u00f3ra wykorzystuje mo\u017cliwo\u015bci zmian, od transformacji energetycznej po transformacj\u0119 strukturaln\u0105 centrum miasta i transformacj\u0119 cyfrow\u0105. W ten spos\u00f3b wzmacniamy nasz\u0105 lokalizacj\u0119 biznesow\u0105, zapewniamy skuteczn\u0105 i zorientowan\u0105 na obywateli administracj\u0119 nawet w czasach niedoboru wykwalifikowanych pracownik\u00f3w i sprawiamy, \u017ce nasza sie\u0107 spo\u0142eczno\u015bciowa jest odporna na kryzysy.\u201d \u2013 m\u00f3wi Gesine Bonnet. \u201eTo jedyny spos\u00f3b na znalezienie prawdziwych odpowiedzi na istniej\u0105ce obawy dotycz\u0105ce przysz\u0142o\u015bci. Z drugiej strony ci, kt\u00f3rzy wierz\u0105, \u017ce rozwi\u0105zanie jest wczoraj nostalgiczne, oszukuj\u0105 ludzi.<\/p>\n<p style=\"font-weight: 400;\">G\u0142\u00f3wny kandydat Martin Kraft dodaje: \u201eNasze miasto ma ogromny potencja\u0142. Nale\u017cy jednak r\u00f3wnie\u017c z niego korzysta\u0107. Dzi\u015b jeste\u015bmy \u015bwiadkami konsekwencji zator\u00f3w remontowych w ostatnich dziesi\u0119cioleciach. W zwi\u0105zku z tym musimy teraz przygotowa\u0107 Wiesbaden na przysz\u0142o\u015b\u0107 \u2013 poprzez inwestycje w dostawy energii neutralnej dla klimatu, szko\u0142y i kamienice oraz infrastruktur\u0119 transportow\u0105. Chcemy wykorzysta\u0107 ochron\u0119 klimatu jako szans\u0119 na rozw\u00f3j miast. Przyk\u0142adem mo\u017ce by\u0107 przekszta\u0142cenie placu Alzacji w park lub przekszta\u0142cenie ulicy Schwalbacher Stra\u00dfe\u201d.<\/p>\n<p style=\"font-weight: 400;\"><strong>Program wyborczy \u2013 wieloj\u0119zyczny, bez barier i przyjazny dla urz\u0105dze\u0144 mobilnych<\/strong><\/p>\n<p style=\"font-weight: 400;\">w dniu <a href=\"https:\/\/gruene-wiesbaden.de\/pl\/\">gruene-wiesbaden.de<\/a> Program wyborczy i lista dla rady miasta s\u0105 dost\u0119pne w plikach PDF, a program wyborczy jest r\u00f3wnie\u017c dost\u0119pny na samej stronie internetowej.<\/p>\n<p style=\"font-weight: 400;\">Rebecca Thomas zauwa\u017ca: \u201eWa\u017cne jest dla nas, aby wszyscy rozumieli, za czym si\u0119 opowiadamy. Dlatego oferujemy nasz\u0105 stron\u0119 internetow\u0105 i program wyborczy w wielu r\u00f3\u017cnych j\u0119zykach i pracowali\u015bmy nad tym, aby nasza strona internetowa by\u0142a jak najbardziej wolna od barier i inkluzywna. Poniewa\u017c wiele os\u00f3b korzysta g\u0142\u00f3wnie ze smartfon\u00f3w w celu uzyskania informacji, wa\u017cna by\u0142a dla nas r\u00f3wnie\u017c czytelno\u015b\u0107 mobilna\u201d.<\/p>\n<\/div><\/div><\/div><\/div><\/div><\/div><\/section>","protected":false},"excerpt":{"rendered":"WI\u0118CEJ MO\u017bLIWO\u015aCI DLA Wiesbaden \u2013 ZIELONY Wiesbaden rozpoczyna kampani\u0119 wyborcz\u0105 na szczeblu gminnym w 2026 r. z silnym zespo\u0142em i programem na przysz\u0142o\u015b\u0107 Wiesbaden GREEN przedstawi\u0142 dzi\u015b sw\u00f3j program wyborczy i list\u0119 na wybory samorz\u0105dowe w 2026 r. Dzi\u0119ki silnemu przyw\u00f3dztwu, szerokiemu zespo\u0142owi do\u015bwiadczonych i nowych kandydat\u00f3w, chc\u0105 nadal wspiera\u0107 Wiesbaden politycznie w nadchodz\u0105cych latach.","protected":false},"author":1,"featured_media":1661,"comment_status":"closed","ping_status":"closed","sticky":false,"template":"","format":"standard","meta":{"footnotes":""},"categories":[8,5],"tags":[],"class_list":["post-1660","post","type-post","status-publish","format-standard","has-post-thumbnail","hentry","category-allgemein","category-wahlen"],"yoast_head":"<!-- This site is optimized with the Yoast SEO plugin v27.5 - https:\/\/yoast.com\/product\/yoast-seo-wordpress\/ -->\n<title>MEHR M\u00d6GLICH MACHEN f\u00fcr Wiesbaden - GR\u00dcNE Wiesbaden starten mit starkem Team und Zukunftsprogramm in den Kommunalwahlkampf 2026 - B\u00dcNDNIS 90\/DIE GR\u00dcNEN Wiesbaden<\/title>\n<meta name=\"robots\" content=\"index, follow, max-snippet:-1, max-image-preview:large, max-video-preview:-1\" \/>\n<link rel=\"canonical\" href=\"https:\/\/gruene-wiesbaden.de\/pl\/mehr-moeglich-machen-fuer-wiesbaden-gruene-wiesbaden-starten-mit-starkem-team-und-zukunftsprogramm-in-den-kommunalwahlkampf-2026\/\" \/>\n<meta property=\"og:locale\" content=\"pl_PL\" \/>\n<meta property=\"og:type\" content=\"article\" \/>\n<meta property=\"og:title\" content=\"MEHR M\u00d6GLICH MACHEN f\u00fcr Wiesbaden - GR\u00dcNE Wiesbaden starten mit starkem Team und Zukunftsprogramm in den Kommunalwahlkampf 2026 - B\u00dcNDNIS 90\/DIE GR\u00dcNEN Wiesbaden\" \/>\n<meta property=\"og:url\" content=\"https:\/\/gruene-wiesbaden.de\/pl\/mehr-moeglich-machen-fuer-wiesbaden-gruene-wiesbaden-starten-mit-starkem-team-und-zukunftsprogramm-in-den-kommunalwahlkampf-2026\/\" \/>\n<meta property=\"og:site_name\" content=\"B\u00dcNDNIS 90\/DIE GR\u00dcNEN Wiesbaden\" \/>\n<meta property=\"article:publisher\" content=\"https:\/\/www.facebook.com\/gruene.wi\" \/>\n<meta property=\"article:published_time\" content=\"2025-12-01T10:53:02+00:00\" \/>\n<meta property=\"article:modified_time\" content=\"2025-12-01T10:55:39+00:00\" \/>\n<meta property=\"og:image\" content=\"https:\/\/gruene-wiesbaden.de\/wp-content\/uploads\/2025\/12\/Bild-GRUeNE-WIESBADEN.png\" \/>\n\t<meta property=\"og:image:width\" content=\"968\" \/>\n\t<meta property=\"og:image:height\" content=\"730\" \/>\n\t<meta property=\"og:image:type\" content=\"image\/png\" \/>\n<meta name=\"author\" content=\"admin\" \/>\n<meta name=\"twitter:card\" content=\"summary_large_image\" \/>\n<meta name=\"twitter:label1\" content=\"Napisane przez\" \/>\n\t<meta name=\"twitter:data1\" content=\"admin\" \/>\n\t<meta name=\"twitter:label2\" content=\"Szacowany czas czytania\" \/>\n\t<meta name=\"twitter:data2\" content=\"5 minutes\" \/>\n<script type=\"application\/ld+json\" class=\"yoast-schema-graph\">{\"@context\":\"https:\\\/\\\/schema.org\",\"@graph\":[{\"@type\":\"Article\",\"@id\":\"https:\\\/\\\/gruene-wiesbaden.de\\\/mehr-moeglich-machen-fuer-wiesbaden-gruene-wiesbaden-starten-mit-starkem-team-und-zukunftsprogramm-in-den-kommunalwahlkampf-2026\\\/#article\",\"isPartOf\":{\"@id\":\"https:\\\/\\\/gruene-wiesbaden.de\\\/mehr-moeglich-machen-fuer-wiesbaden-gruene-wiesbaden-starten-mit-starkem-team-und-zukunftsprogramm-in-den-kommunalwahlkampf-2026\\\/\"},\"author\":{\"name\":\"admin\",\"@id\":\"https:\\\/\\\/gruene-wiesbaden.de\\\/#\\\/schema\\\/person\\\/6785c34779159cd4fd86886bb097afe9\"},\"headline\":\"MEHR M\u00d6GLICH MACHEN f\u00fcr Wiesbaden &#8211; GR\u00dcNE Wiesbaden starten mit starkem Team und Zukunftsprogramm in den Kommunalwahlkampf 2026\",\"datePublished\":\"2025-12-01T10:53:02+00:00\",\"dateModified\":\"2025-12-01T10:55:39+00:00\",\"mainEntityOfPage\":{\"@id\":\"https:\\\/\\\/gruene-wiesbaden.de\\\/mehr-moeglich-machen-fuer-wiesbaden-gruene-wiesbaden-starten-mit-starkem-team-und-zukunftsprogramm-in-den-kommunalwahlkampf-2026\\\/\"},\"wordCount\":1000,\"publisher\":{\"@id\":\"https:\\\/\\\/gruene-wiesbaden.de\\\/#organization\"},\"image\":{\"@id\":\"https:\\\/\\\/gruene-wiesbaden.de\\\/mehr-moeglich-machen-fuer-wiesbaden-gruene-wiesbaden-starten-mit-starkem-team-und-zukunftsprogramm-in-den-kommunalwahlkampf-2026\\\/#primaryimage\"},\"thumbnailUrl\":\"https:\\\/\\\/gruene-wiesbaden.de\\\/wp-content\\\/uploads\\\/2025\\\/12\\\/Bild-GRUeNE-WIESBADEN.png\",\"articleSection\":[\"Allgemein\",\"Wahlen\"],\"inLanguage\":\"pl-PL\"},{\"@type\":\"WebPage\",\"@id\":\"https:\\\/\\\/gruene-wiesbaden.de\\\/mehr-moeglich-machen-fuer-wiesbaden-gruene-wiesbaden-starten-mit-starkem-team-und-zukunftsprogramm-in-den-kommunalwahlkampf-2026\\\/\",\"url\":\"https:\\\/\\\/gruene-wiesbaden.de\\\/mehr-moeglich-machen-fuer-wiesbaden-gruene-wiesbaden-starten-mit-starkem-team-und-zukunftsprogramm-in-den-kommunalwahlkampf-2026\\\/\",\"name\":\"MEHR M\u00d6GLICH MACHEN f\u00fcr Wiesbaden - GR\u00dcNE Wiesbaden starten mit starkem Team und Zukunftsprogramm in den Kommunalwahlkampf 2026 - B\u00dcNDNIS 90\\\/DIE GR\u00dcNEN Wiesbaden\",\"isPartOf\":{\"@id\":\"https:\\\/\\\/gruene-wiesbaden.de\\\/#website\"},\"primaryImageOfPage\":{\"@id\":\"https:\\\/\\\/gruene-wiesbaden.de\\\/mehr-moeglich-machen-fuer-wiesbaden-gruene-wiesbaden-starten-mit-starkem-team-und-zukunftsprogramm-in-den-kommunalwahlkampf-2026\\\/#primaryimage\"},\"image\":{\"@id\":\"https:\\\/\\\/gruene-wiesbaden.de\\\/mehr-moeglich-machen-fuer-wiesbaden-gruene-wiesbaden-starten-mit-starkem-team-und-zukunftsprogramm-in-den-kommunalwahlkampf-2026\\\/#primaryimage\"},\"thumbnailUrl\":\"https:\\\/\\\/gruene-wiesbaden.de\\\/wp-content\\\/uploads\\\/2025\\\/12\\\/Bild-GRUeNE-WIESBADEN.png\",\"datePublished\":\"2025-12-01T10:53:02+00:00\",\"dateModified\":\"2025-12-01T10:55:39+00:00\",\"breadcrumb\":{\"@id\":\"https:\\\/\\\/gruene-wiesbaden.de\\\/mehr-moeglich-machen-fuer-wiesbaden-gruene-wiesbaden-starten-mit-starkem-team-und-zukunftsprogramm-in-den-kommunalwahlkampf-2026\\\/#breadcrumb\"},\"inLanguage\":\"pl-PL\",\"potentialAction\":[{\"@type\":\"ReadAction\",\"target\":[\"https:\\\/\\\/gruene-wiesbaden.de\\\/mehr-moeglich-machen-fuer-wiesbaden-gruene-wiesbaden-starten-mit-starkem-team-und-zukunftsprogramm-in-den-kommunalwahlkampf-2026\\\/\"]}]},{\"@type\":\"ImageObject\",\"inLanguage\":\"pl-PL\",\"@id\":\"https:\\\/\\\/gruene-wiesbaden.de\\\/mehr-moeglich-machen-fuer-wiesbaden-gruene-wiesbaden-starten-mit-starkem-team-und-zukunftsprogramm-in-den-kommunalwahlkampf-2026\\\/#primaryimage\",\"url\":\"https:\\\/\\\/gruene-wiesbaden.de\\\/wp-content\\\/uploads\\\/2025\\\/12\\\/Bild-GRUeNE-WIESBADEN.png\",\"contentUrl\":\"https:\\\/\\\/gruene-wiesbaden.de\\\/wp-content\\\/uploads\\\/2025\\\/12\\\/Bild-GRUeNE-WIESBADEN.png\",\"width\":968,\"height\":730},{\"@type\":\"BreadcrumbList\",\"@id\":\"https:\\\/\\\/gruene-wiesbaden.de\\\/mehr-moeglich-machen-fuer-wiesbaden-gruene-wiesbaden-starten-mit-starkem-team-und-zukunftsprogramm-in-den-kommunalwahlkampf-2026\\\/#breadcrumb\",\"itemListElement\":[{\"@type\":\"ListItem\",\"position\":1,\"name\":\"Startseite\",\"item\":\"https:\\\/\\\/gruene-wiesbaden.de\\\/\"},{\"@type\":\"ListItem\",\"position\":2,\"name\":\"MEHR M\u00d6GLICH MACHEN f\u00fcr Wiesbaden &#8211; GR\u00dcNE Wiesbaden starten mit starkem Team und Zukunftsprogramm in den Kommunalwahlkampf 2026\"}]},{\"@type\":\"WebSite\",\"@id\":\"https:\\\/\\\/gruene-wiesbaden.de\\\/#website\",\"url\":\"https:\\\/\\\/gruene-wiesbaden.de\\\/\",\"name\":\"DIE GR\u00dcNEN Wiesbaden\",\"description\":\"\",\"publisher\":{\"@id\":\"https:\\\/\\\/gruene-wiesbaden.de\\\/#organization\"},\"potentialAction\":[{\"@type\":\"SearchAction\",\"target\":{\"@type\":\"EntryPoint\",\"urlTemplate\":\"https:\\\/\\\/gruene-wiesbaden.de\\\/?s={search_term_string}\"},\"query-input\":{\"@type\":\"PropertyValueSpecification\",\"valueRequired\":true,\"valueName\":\"search_term_string\"}}],\"inLanguage\":\"pl-PL\"},{\"@type\":\"Organization\",\"@id\":\"https:\\\/\\\/gruene-wiesbaden.de\\\/#organization\",\"name\":\"DIE GR\u00dcNEN Wiesbaden\",\"url\":\"https:\\\/\\\/gruene-wiesbaden.de\\\/\",\"logo\":{\"@type\":\"ImageObject\",\"inLanguage\":\"pl-PL\",\"@id\":\"https:\\\/\\\/gruene-wiesbaden.de\\\/#\\\/schema\\\/logo\\\/image\\\/\",\"url\":\"https:\\\/\\\/gruene-wiesbaden-fuer-europa.de\\\/wp-content\\\/uploads\\\/2024\\\/04\\\/Machen-was-zaehlt-5.png\",\"contentUrl\":\"https:\\\/\\\/gruene-wiesbaden-fuer-europa.de\\\/wp-content\\\/uploads\\\/2024\\\/04\\\/Machen-was-zaehlt-5.png\",\"width\":1772,\"height\":1772,\"caption\":\"DIE GR\u00dcNEN Wiesbaden\"},\"image\":{\"@id\":\"https:\\\/\\\/gruene-wiesbaden.de\\\/#\\\/schema\\\/logo\\\/image\\\/\"},\"sameAs\":[\"https:\\\/\\\/www.facebook.com\\\/gruene.wi\",\"https:\\\/\\\/instagram.com\\\/gruene_wi\"]},{\"@type\":\"Person\",\"@id\":\"https:\\\/\\\/gruene-wiesbaden.de\\\/#\\\/schema\\\/person\\\/6785c34779159cd4fd86886bb097afe9\",\"name\":\"admin\",\"sameAs\":[\"http:\\\/\\\/gruene-wiesbaden-fuer-europa.de\"],\"url\":\"https:\\\/\\\/gruene-wiesbaden.de\\\/pl\\\/author\\\/admin\\\/\"}]}<\/script>\n<!-- \/ Yoast SEO plugin. -->","yoast_head_json":{"title":"MEHR M\u00d6GLICH MACHEN f\u00fcr Wiesbaden - GR\u00dcNE Wiesbaden starten mit starkem Team und Zukunftsprogramm in den Kommunalwahlkampf 2026 - B\u00dcNDNIS 90\/DIE GR\u00dcNEN Wiesbaden","robots":{"index":"index","follow":"follow","max-snippet":"max-snippet:-1","max-image-preview":"max-image-preview:large","max-video-preview":"max-video-preview:-1"},"canonical":"https:\/\/gruene-wiesbaden.de\/pl\/mehr-moeglich-machen-fuer-wiesbaden-gruene-wiesbaden-starten-mit-starkem-team-und-zukunftsprogramm-in-den-kommunalwahlkampf-2026\/","og_locale":"pl_PL","og_type":"article","og_title":"MEHR M\u00d6GLICH MACHEN f\u00fcr Wiesbaden - GR\u00dcNE Wiesbaden starten mit starkem Team und Zukunftsprogramm in den Kommunalwahlkampf 2026 - B\u00dcNDNIS 90\/DIE GR\u00dcNEN Wiesbaden","og_url":"https:\/\/gruene-wiesbaden.de\/pl\/mehr-moeglich-machen-fuer-wiesbaden-gruene-wiesbaden-starten-mit-starkem-team-und-zukunftsprogramm-in-den-kommunalwahlkampf-2026\/","og_site_name":"B\u00dcNDNIS 90\/DIE GR\u00dcNEN Wiesbaden","article_publisher":"https:\/\/www.facebook.com\/gruene.wi","article_published_time":"2025-12-01T10:53:02+00:00","article_modified_time":"2025-12-01T10:55:39+00:00","og_image":[{"width":968,"height":730,"url":"https:\/\/gruene-wiesbaden.de\/wp-content\/uploads\/2025\/12\/Bild-GRUeNE-WIESBADEN.png","type":"image\/png"}],"author":"admin","twitter_card":"summary_large_image","twitter_misc":{"Napisane przez":"admin","Szacowany czas czytania":"5 minutes"},"schema":{"@context":"https:\/\/schema.org","@graph":[{"@type":"Article","@id":"https:\/\/gruene-wiesbaden.de\/mehr-moeglich-machen-fuer-wiesbaden-gruene-wiesbaden-starten-mit-starkem-team-und-zukunftsprogramm-in-den-kommunalwahlkampf-2026\/#article","isPartOf":{"@id":"https:\/\/gruene-wiesbaden.de\/mehr-moeglich-machen-fuer-wiesbaden-gruene-wiesbaden-starten-mit-starkem-team-und-zukunftsprogramm-in-den-kommunalwahlkampf-2026\/"},"author":{"name":"admin","@id":"https:\/\/gruene-wiesbaden.de\/#\/schema\/person\/6785c34779159cd4fd86886bb097afe9"},"headline":"MEHR M\u00d6GLICH MACHEN f\u00fcr Wiesbaden &#8211; GR\u00dcNE Wiesbaden starten mit starkem Team und Zukunftsprogramm in den Kommunalwahlkampf 2026","datePublished":"2025-12-01T10:53:02+00:00","dateModified":"2025-12-01T10:55:39+00:00","mainEntityOfPage":{"@id":"https:\/\/gruene-wiesbaden.de\/mehr-moeglich-machen-fuer-wiesbaden-gruene-wiesbaden-starten-mit-starkem-team-und-zukunftsprogramm-in-den-kommunalwahlkampf-2026\/"},"wordCount":1000,"publisher":{"@id":"https:\/\/gruene-wiesbaden.de\/#organization"},"image":{"@id":"https:\/\/gruene-wiesbaden.de\/mehr-moeglich-machen-fuer-wiesbaden-gruene-wiesbaden-starten-mit-starkem-team-und-zukunftsprogramm-in-den-kommunalwahlkampf-2026\/#primaryimage"},"thumbnailUrl":"https:\/\/gruene-wiesbaden.de\/wp-content\/uploads\/2025\/12\/Bild-GRUeNE-WIESBADEN.png","articleSection":["Allgemein","Wahlen"],"inLanguage":"pl-PL"},{"@type":"WebPage","@id":"https:\/\/gruene-wiesbaden.de\/mehr-moeglich-machen-fuer-wiesbaden-gruene-wiesbaden-starten-mit-starkem-team-und-zukunftsprogramm-in-den-kommunalwahlkampf-2026\/","url":"https:\/\/gruene-wiesbaden.de\/mehr-moeglich-machen-fuer-wiesbaden-gruene-wiesbaden-starten-mit-starkem-team-und-zukunftsprogramm-in-den-kommunalwahlkampf-2026\/","name":"MEHR M\u00d6GLICH MACHEN f\u00fcr Wiesbaden - GR\u00dcNE Wiesbaden starten mit starkem Team und Zukunftsprogramm in den Kommunalwahlkampf 2026 - B\u00dcNDNIS 90\/DIE GR\u00dcNEN Wiesbaden","isPartOf":{"@id":"https:\/\/gruene-wiesbaden.de\/#website"},"primaryImageOfPage":{"@id":"https:\/\/gruene-wiesbaden.de\/mehr-moeglich-machen-fuer-wiesbaden-gruene-wiesbaden-starten-mit-starkem-team-und-zukunftsprogramm-in-den-kommunalwahlkampf-2026\/#primaryimage"},"image":{"@id":"https:\/\/gruene-wiesbaden.de\/mehr-moeglich-machen-fuer-wiesbaden-gruene-wiesbaden-starten-mit-starkem-team-und-zukunftsprogramm-in-den-kommunalwahlkampf-2026\/#primaryimage"},"thumbnailUrl":"https:\/\/gruene-wiesbaden.de\/wp-content\/uploads\/2025\/12\/Bild-GRUeNE-WIESBADEN.png","datePublished":"2025-12-01T10:53:02+00:00","dateModified":"2025-12-01T10:55:39+00:00","breadcrumb":{"@id":"https:\/\/gruene-wiesbaden.de\/mehr-moeglich-machen-fuer-wiesbaden-gruene-wiesbaden-starten-mit-starkem-team-und-zukunftsprogramm-in-den-kommunalwahlkampf-2026\/#breadcrumb"},"inLanguage":"pl-PL","potentialAction":[{"@type":"ReadAction","target":["https:\/\/gruene-wiesbaden.de\/mehr-moeglich-machen-fuer-wiesbaden-gruene-wiesbaden-starten-mit-starkem-team-und-zukunftsprogramm-in-den-kommunalwahlkampf-2026\/"]}]},{"@type":"ImageObject","inLanguage":"pl-PL","@id":"https:\/\/gruene-wiesbaden.de\/mehr-moeglich-machen-fuer-wiesbaden-gruene-wiesbaden-starten-mit-starkem-team-und-zukunftsprogramm-in-den-kommunalwahlkampf-2026\/#primaryimage","url":"https:\/\/gruene-wiesbaden.de\/wp-content\/uploads\/2025\/12\/Bild-GRUeNE-WIESBADEN.png","contentUrl":"https:\/\/gruene-wiesbaden.de\/wp-content\/uploads\/2025\/12\/Bild-GRUeNE-WIESBADEN.png","width":968,"height":730},{"@type":"BreadcrumbList","@id":"https:\/\/gruene-wiesbaden.de\/mehr-moeglich-machen-fuer-wiesbaden-gruene-wiesbaden-starten-mit-starkem-team-und-zukunftsprogramm-in-den-kommunalwahlkampf-2026\/#breadcrumb","itemListElement":[{"@type":"ListItem","position":1,"name":"Startseite","item":"https:\/\/gruene-wiesbaden.de\/"},{"@type":"ListItem","position":2,"name":"MEHR M\u00d6GLICH MACHEN f\u00fcr Wiesbaden &#8211; GR\u00dcNE Wiesbaden starten mit starkem Team und Zukunftsprogramm in den Kommunalwahlkampf 2026"}]},{"@type":"WebSite","@id":"https:\/\/gruene-wiesbaden.de\/#website","url":"https:\/\/gruene-wiesbaden.de\/","name":"DIE GR\u00dcNEN Wiesbaden","description":"","publisher":{"@id":"https:\/\/gruene-wiesbaden.de\/#organization"},"potentialAction":[{"@type":"SearchAction","target":{"@type":"EntryPoint","urlTemplate":"https:\/\/gruene-wiesbaden.de\/?s={search_term_string}"},"query-input":{"@type":"PropertyValueSpecification","valueRequired":true,"valueName":"search_term_string"}}],"inLanguage":"pl-PL"},{"@type":"Organization","@id":"https:\/\/gruene-wiesbaden.de\/#organization","name":"DIE GR\u00dcNEN Wiesbaden","url":"https:\/\/gruene-wiesbaden.de\/","logo":{"@type":"ImageObject","inLanguage":"pl-PL","@id":"https:\/\/gruene-wiesbaden.de\/#\/schema\/logo\/image\/","url":"https:\/\/gruene-wiesbaden-fuer-europa.de\/wp-content\/uploads\/2024\/04\/Machen-was-zaehlt-5.png","contentUrl":"https:\/\/gruene-wiesbaden-fuer-europa.de\/wp-content\/uploads\/2024\/04\/Machen-was-zaehlt-5.png","width":1772,"height":1772,"caption":"DIE GR\u00dcNEN Wiesbaden"},"image":{"@id":"https:\/\/gruene-wiesbaden.de\/#\/schema\/logo\/image\/"},"sameAs":["https:\/\/www.facebook.com\/gruene.wi","https:\/\/instagram.com\/gruene_wi"]},{"@type":"Person","@id":"https:\/\/gruene-wiesbaden.de\/#\/schema\/person\/6785c34779159cd4fd86886bb097afe9","name":"admin","sameAs":["http:\/\/gruene-wiesbaden-fuer-europa.de"],"url":"https:\/\/gruene-wiesbaden.de\/pl\/author\/admin\/"}]}},"_links":{"self":[{"href":"https:\/\/gruene-wiesbaden.de\/pl\/wp-json\/wp\/v2\/posts\/1660","targetHints":{"allow":["GET"]}}],"collection":[{"href":"https:\/\/gruene-wiesbaden.de\/pl\/wp-json\/wp\/v2\/posts"}],"about":[{"href":"https:\/\/gruene-wiesbaden.de\/pl\/wp-json\/wp\/v2\/types\/post"}],"author":[{"embeddable":true,"href":"https:\/\/gruene-wiesbaden.de\/pl\/wp-json\/wp\/v2\/users\/1"}],"replies":[{"embeddable":true,"href":"https:\/\/gruene-wiesbaden.de\/pl\/wp-json\/wp\/v2\/comments?post=1660"}],"version-history":[{"count":4,"href":"https:\/\/gruene-wiesbaden.de\/pl\/wp-json\/wp\/v2\/posts\/1660\/revisions"}],"predecessor-version":[{"id":1665,"href":"https:\/\/gruene-wiesbaden.de\/pl\/wp-json\/wp\/v2\/posts\/1660\/revisions\/1665"}],"wp:featuredmedia":[{"embeddable":true,"href":"https:\/\/gruene-wiesbaden.de\/pl\/wp-json\/wp\/v2\/media\/1661"}],"wp:attachment":[{"href":"https:\/\/gruene-wiesbaden.de\/pl\/wp-json\/wp\/v2\/media?parent=1660"}],"wp:term":[{"taxonomy":"category","embeddable":true,"href":"https:\/\/gruene-wiesbaden.de\/pl\/wp-json\/wp\/v2\/categories?post=1660"},{"taxonomy":"post_tag","embeddable":true,"href":"https:\/\/gruene-wiesbaden.de\/pl\/wp-json\/wp\/v2\/tags?post=1660"}],"curies":[{"name":"wp","href":"https:\/\/api.w.org\/{rel}","templated":true}]}}