{"id":1380,"date":"2025-11-10T00:33:24","date_gmt":"2025-11-09T22:33:24","guid":{"rendered":"https:\/\/gruene-wiesbaden.de\/?p=1380"},"modified":"2026-04-09T00:29:47","modified_gmt":"2026-04-08T22:29:47","slug":"wirtschaftsfoerderung-und-beschaeftigung","status":"publish","type":"post","link":"https:\/\/gruene-wiesbaden.de\/pl\/wirtschaftsfoerderung-und-beschaeftigung\/","title":{"rendered":"Rozw\u00f3j gospodarczy i zatrudnienie"},"content":{"rendered":"<section class=\"l-section wpb_row height_medium with_img\"><div class=\"l-section-img\" role=\"img\" data-img-width=\"1080\" data-img-height=\"800\" style=\"background-image: url(https:\/\/gruene-wiesbaden.de\/wp-content\/uploads\/2025\/11\/neuer-Verlauf-gruene-wiesbaden.de_-2-e1762709402177.png);\"><\/div><div class=\"l-section-overlay\" style=\"background:var(--color-header-top-transparent-bg)\"><\/div><div class=\"l-section-h i-cf\"><div class=\"g-cols vc_row via_grid cols_1 laptops-cols_inherit tablets-cols_inherit mobiles-cols_1 valign_top type_default stacking_default\"><div class=\"wpb_column vc_column_container\"><div class=\"vc_column-inner\"><h1 class=\"w-post-elm post_title us_custom_a574d586 has_text_color entry-title\">Rozw\u00f3j gospodarczy i zatrudnienie<\/h1><div class=\"w-separator size_medium\"><\/div><div class=\"g-cols wpb_row via_grid cols_2-1 laptops-cols_inherit tablets-cols_inherit mobiles-cols_1 valign_top type_default stacking_default\" style=\"--columns-gap:3rem;\"><div class=\"wpb_column vc_column_container\"><div class=\"vc_column-inner\"><div class=\"wpb_text_column us_custom_8b3d6790 has_text_color\"><div class=\"wpb_wrapper\"><p><span style=\"font-weight: 400;\">Decyzje gminne maj\u0105 bezpo\u015bredni wp\u0142yw na lokaln\u0105 gospodark\u0119, miejsca pracy i jako\u015b\u0107 \u017cycia. Dzi\u0119ki ukierunkowanemu wsparciu dla przedsi\u0119biorstw z r\u00f3\u017cnych sektor\u00f3w, rzemios\u0142a, przedsi\u0119biorstw typu start-up i turystyki zapewniamy zatrudnienie, innowacje i wykwalifikowanych pracownik\u00f3w w Wiesbaden oraz wyznaczamy kurs na udan\u0105 transformacj\u0119 i o\u017cywienie gospodarcze. Udzielamy zam\u00f3wie\u0144 publicznych uczciwie, bior\u0105c pod uwag\u0119 zgodno\u015b\u0107 taryfow\u0105 i kryteria zr\u00f3wnowa\u017conego rozwoju. Cyfryzacja, nowoczesna infrastruktura i strategiczne tworzenie sieci kontakt\u00f3w mi\u0119dzy biznesem, edukacj\u0105 i administracj\u0105 sprawiaj\u0105, \u017ce Wiesbaden jest odporny i atrakcyjny \u2013 jako sprawiedliwe, innowacyjne i zr\u00f3wnowa\u017cone miejsce dla przedsi\u0119biorstw, pracownik\u00f3w i ca\u0142ego spo\u0142ecze\u0144stwa miejskiego.<\/span><\/p>\n<\/div><\/div><div class=\"w-separator size_medium\"><\/div><div class=\"w-btn-wrapper align_left\"><a class=\"w-btn us-btn-style_8 icon_atleft\" href=\"https:\/\/gruene-wiesbaden.de\/pl\/kommunalwahl\/#Kapitel3\"><i class=\"fas fa-chevron-circle-right\"><\/i><span class=\"w-btn-label\">Powr\u00f3t do przegl\u0105du<\/span><\/a><\/div><\/div><\/div><div class=\"wpb_column vc_column_container\"><div class=\"vc_column-inner\"><div class=\"w-image align_center\"><div class=\"w-image-h\"><img decoding=\"async\" width=\"2560\" height=\"1707\" src=\"https:\/\/gruene-wiesbaden.de\/wp-content\/uploads\/2025\/11\/3.3-Wirtschaftsfoerderung-und-Beschaeftigung-scaled.jpeg\" class=\"attachment-full size-full\" alt=\"\" loading=\"lazy\" srcset=\"https:\/\/gruene-wiesbaden.de\/wp-content\/uploads\/2025\/11\/3.3-Wirtschaftsfoerderung-und-Beschaeftigung-scaled.jpeg 2560w, https:\/\/gruene-wiesbaden.de\/wp-content\/uploads\/2025\/11\/3.3-Wirtschaftsfoerderung-und-Beschaeftigung-400x267.jpeg 400w, https:\/\/gruene-wiesbaden.de\/wp-content\/uploads\/2025\/11\/3.3-Wirtschaftsfoerderung-und-Beschaeftigung-600x400.jpeg 600w\" sizes=\"auto, (max-width: 2560px) 100vw, 2560px\" \/><\/div><\/div><div class=\"w-separator size_small\"><\/div><\/div><\/div><\/div><div class=\"w-separator size_medium\"><\/div><div class=\"w-separator size_medium\"><\/div><div class=\"wpb_text_column\"><div class=\"wpb_wrapper\"><h1>Co oznacza dla nas silny rozw\u00f3j gospodarczy i dobra polityka zatrudnienia<\/h1>\n<\/div><\/div><div class=\"w-separator size_large\"><\/div><div class=\"g-cols wpb_row via_grid cols_3 laptops-cols_inherit tablets-cols_inherit mobiles-cols_1 valign_top type_default stacking_default\" style=\"--columns-gap:3rem;\"><div class=\"wpb_column vc_column_container\"><div class=\"vc_column-inner\"><div class=\"w-iconbox us_custom_8b3d6790 has_text_color iconpos_left style_default color_custom align_left\"><div class=\"w-iconbox-icon\" style=\"font-size:2rem;--icon-color:#Ffffff;--icon-bg-color:var(--color-header-middle-bg);\"><i class=\"fas fa-layer-group\"><\/i><\/div><div class=\"w-iconbox-meta\"><h4 class=\"w-iconbox-title\" style=\"font-size:1.5rem;\">Zr\u00f3wnowa\u017cony rozw\u00f3j i \u015bwiadomo\u015b\u0107 ekologiczna<\/h4><div class=\"w-iconbox-text\"><p><span style=\"font-weight: 400;\">Promujemy przyjazn\u0105 dla klimatu, zasobooszcz\u0119dn\u0105 gospodark\u0119 dla zr\u00f3wnowa\u017conych przedsi\u0119biorstw i zielonych miejsc pracy.<\/span><\/p>\n<\/div><\/div><\/div><\/div><\/div><div class=\"wpb_column vc_column_container\"><div class=\"vc_column-inner\"><div class=\"w-iconbox us_custom_8b3d6790 has_text_color iconpos_left style_default color_custom align_left\"><div class=\"w-iconbox-icon\" style=\"font-size:2rem;--icon-color:#Ffffff;--icon-bg-color:var(--color-header-transparent-text);\"><i class=\"fas fa-layer-group\"><\/i><\/div><div class=\"w-iconbox-meta\"><h4 class=\"w-iconbox-title\" style=\"font-size:1.5rem;\">R\u00f3wne szanse i przyjazno\u015b\u0107 dla M\u015aP<\/h4><div class=\"w-iconbox-text\"><p><span style=\"font-weight: 400;\">Udzielamy zam\u00f3wie\u0144 publicznych w spos\u00f3b uczciwy, \u015bredniej wielko\u015bci i przyjazny dla startup\u00f3w, maj\u0105c na uwadze lojalno\u015b\u0107 taryfow\u0105 i integracj\u0119. Dzi\u0119ki odpowiednim programom wspieramy w zakresie kwalifikacji i zatrudnienia.<\/span><\/p>\n<\/div><\/div><\/div><\/div><\/div><div class=\"wpb_column vc_column_container\"><div class=\"vc_column-inner\"><div class=\"w-iconbox us_custom_8b3d6790 has_text_color iconpos_left style_default color_custom align_left\"><div class=\"w-iconbox-icon\" style=\"font-size:2rem;--icon-color:#Ffffff;--icon-bg-color:var(--color-header-transparent-text);\"><i class=\"fas fa-layer-group\"><\/i><\/div><div class=\"w-iconbox-meta\"><h4 class=\"w-iconbox-title\" style=\"font-size:1.5rem;\">Innowacje, cyfryzacja i zr\u00f3wnowa\u017cony rozw\u00f3j<\/h4><div class=\"w-iconbox-text\"><p><span style=\"font-weight: 400;\">GR\u00dcNE wzmacnia startupy, platformy cyfrowe, badania i tworzenie sieci biznesu i edukacji w celu przyci\u0105gni\u0119cia wykwalifikowanych pracownik\u00f3w i uczynienia Wiesbaden ekonomicznie odpornym.<\/span><\/p>\n<p><br style=\"font-weight: 400;\" \/><br style=\"font-weight: 400;\" \/><\/p>\n<\/div><\/div><\/div><\/div><\/div><\/div><div class=\"w-separator size_medium\"><\/div><div class=\"g-cols wpb_row via_grid cols_3 laptops-cols_inherit tablets-cols_inherit mobiles-cols_1 valign_top type_default stacking_default\" style=\"--columns-gap:3rem;\"><div class=\"wpb_column vc_column_container\"><div class=\"vc_column-inner\"><div class=\"w-iconbox us_custom_8b3d6790 has_text_color iconpos_left style_default color_custom align_left\"><div class=\"w-iconbox-icon\" style=\"font-size:2rem;--icon-color:#Ffffff;--icon-bg-color:var(--color-header-middle-bg);\"><i class=\"fas fa-layer-group\"><\/i><\/div><div class=\"w-iconbox-meta\"><h4 class=\"w-iconbox-title\" style=\"font-size:1.5rem;\">Wsp\u00f3\u0142praca i dialog<\/h4><div class=\"w-iconbox-text\"><p><span style=\"font-weight: 400;\">Przemys\u0142, rzemios\u0142o, stowarzyszenia i administracja \u015bci\u015ble ze sob\u0105 wsp\u00f3\u0142pracuj\u0105. Wsp\u00f3lnie opracowujemy strategie na rzecz zr\u00f3wnowa\u017conej turystyki, udanej transformacji \u015br\u00f3dmie\u015bcia, rozwoju gospodarczego, transformacji w kierunku neutralno\u015bci klimatycznej i innowacji.<\/span><\/p>\n<\/div><\/div><\/div><\/div><\/div><div class=\"wpb_column vc_column_container\"><div class=\"vc_column-inner\"><div class=\"w-iconbox us_custom_8b3d6790 has_text_color iconpos_left style_default color_custom align_left\"><div class=\"w-iconbox-icon\" style=\"font-size:2rem;--icon-color:#Ffffff;--icon-bg-color:var(--color-header-transparent-text);\"><i class=\"fas fa-layer-group\"><\/i><\/div><div class=\"w-iconbox-meta\"><h4 class=\"w-iconbox-title\" style=\"font-size:1.5rem;\">Rozw\u00f3j zawodowy i szkolenia<\/h4><div class=\"w-iconbox-text\"><p><span style=\"font-weight: 400;\">Promujemy m\u0142ode talenty, kwalifikacje i perspektywy kariery w r\u00f3\u017cnych sektorach \u2013 radar szkoleniowy, inicjatywy na rzecz umiej\u0119tno\u015bci i platformy cyfrowe zapewniaj\u0105 utrzymanie talent\u00f3w i umiej\u0119tno\u015bci.<\/span><\/p>\n<\/div><\/div><\/div><\/div><\/div><div class=\"wpb_column vc_column_container\"><div class=\"vc_column-inner\"><div class=\"w-iconbox us_custom_8b3d6790 has_text_color iconpos_left style_default color_custom align_left\"><div class=\"w-iconbox-icon\" style=\"font-size:2rem;--icon-color:#Ffffff;--icon-bg-color:var(--color-header-transparent-text);\"><i class=\"fas fa-layer-group\"><\/i><\/div><div class=\"w-iconbox-meta\"><h4 class=\"w-iconbox-title\" style=\"font-size:1.5rem;\">Atrakcyjno\u015b\u0107 lokalizacji Wiesbaden<\/h4><div class=\"w-iconbox-text\"><p><span style=\"font-weight: 400;\">O\u017cywiamy centrum miasta, turystyk\u0119 i lokaln\u0105 gospodark\u0119, tworzymy miejsca pracy i \u0142\u0105czymy kultur\u0119, spotkania i innowacje w atrakcyjn\u0105 lokalizacj\u0119.<\/span><\/p>\n<\/div><\/div><\/div><\/div><\/div><\/div><div class=\"w-separator size_medium\"><\/div><div class=\"w-btn-wrapper align_left\"><a class=\"w-btn us-btn-style_8 icon_atleft\" href=\"https:\/\/gruene-wiesbaden.de\/pl\/kommunalwahl\/#Kapitel3\"><i class=\"fas fa-chevron-circle-right\"><\/i><span class=\"w-btn-label\">Powr\u00f3t do przegl\u0105du<\/span><\/a><\/div><div class=\"w-separator size_medium\"><\/div><\/div><\/div><\/div><\/div><\/section><section class=\"l-section wpb_row height_auto with_img\"><div class=\"l-section-img\" role=\"img\" data-img-width=\"2560\" data-img-height=\"1707\" style=\"background-image: url(https:\/\/gruene-wiesbaden.de\/wp-content\/uploads\/2025\/11\/3.3-Wirtschaftsfoerderung-und-Beschaeftigung-scaled.jpeg);background-repeat: no-repeat;\"><\/div><div class=\"l-section-overlay\" style=\"background:var(--color-header-top-transparent-bg)\"><\/div><div class=\"l-section-h i-cf\"><div class=\"g-cols vc_row via_grid cols_1 laptops-cols_inherit tablets-cols_inherit mobiles-cols_1 valign_middle type_default stacking_default\" style=\"--columns-gap:1rem;\"><div class=\"wpb_column vc_column_container\"><div class=\"vc_column-inner\"><div class=\"w-separator size_large\"><\/div><div class=\"wpb_text_column background_inside_text\"><div class=\"wpb_wrapper\"><h1>Co chcemy zrobi\u0107 konkretnie w tej dziedzinie<\/h1>\n<\/div><\/div><div class=\"w-separator size_medium\"><\/div><div class=\"w-tabs us_custom_42d693a0 has_text_color style_default switch_click accordion has_scrolling\" style=\"--sections-title-size:1.4rem\"><div class=\"w-tabs-sections titles-align_none icon_chevron cpos_right\"><div class=\"w-tabs-section has_text_color\" id=\"qc52\" style=\"background:var(--color-header-transparent-text);color:var(--color-header-top-text-hover);\"><button class=\"w-tabs-section-header\" aria-controls=\"content-qc52\" aria-expanded=\"false\"><div class=\"w-tabs-section-title\">Zr\u00f3wnowa\u017cone i przyjazne dla M\u015aP zam\u00f3wienia publiczne<\/div><div class=\"w-tabs-section-control\"><\/div><\/button><div  class=\"w-tabs-section-content\" id=\"content-qc52\"><div class=\"w-tabs-section-content-h i-cf\"><div class=\"wpb_text_column\"><div class=\"wpb_wrapper\"><p><span style=\"font-weight: 400;\">Zam\u00f3wienia publiczne stanowi\u0105 istotn\u0105 d\u017awigni\u0119 dla gmin w kszta\u0142towaniu lokalnych stosunk\u00f3w gospodarczych. Chcemy, aby udzielanie zam\u00f3wie\u0144 publicznych by\u0142o bardziej \u015brednie i sprzyja\u0142o innowacjom, tak aby lokalne przedsi\u0119biorstwa i przedsi\u0119biorstwa typu start-up by\u0142y lepiej obs\u0142ugiwane. Ponadto chcemy, aby brano pod uwag\u0119 systematyczne kryteria zr\u00f3wnowa\u017conego rozwoju, takie jak koszty cyklu \u017cycia i przestrzeganie taryf.<\/span><\/p>\n<\/div><\/div><\/div><\/div><\/div><div class=\"w-tabs-section has_text_color\" id=\"id76\" style=\"background:var(--color-header-transparent-text);color:var(--color-header-top-text-hover);\"><button class=\"w-tabs-section-header\" aria-controls=\"content-id76\" aria-expanded=\"false\"><div class=\"w-tabs-section-title\">Wzmocnienie roli lokalnej polityki rynku pracy<\/div><div class=\"w-tabs-section-control\"><\/div><\/button><div  class=\"w-tabs-section-content\" id=\"content-id76\"><div class=\"w-tabs-section-content-h i-cf\"><div class=\"wpb_text_column\"><div class=\"wpb_wrapper\"><p><span style=\"font-weight: 400;\">Wiesbaden nie powinien zostawia\u0107 nikogo w tyle. Chcemy lepiej koordynowa\u0107 oferty promocji zatrudnienia oraz integrowa\u0107 dzia\u0142ania firmowe i pozafirmowe. Celem jest zapewnienie niskoprogowych kwalifikacji, dostosowanych do potrzeb program\u00f3w dla m\u0142odych ludzi, os\u00f3b z histori\u0105 migracji, uchod\u017ac\u00f3w i os\u00f3b d\u0142ugotrwale bezrobotnych. Otrzymamy Warsztaty M\u0142odzie\u017cowe w Wiesbaden. Chcemy dokona\u0107 przegl\u0105du modelu \u201eOptionskommune\u201d.<\/span><\/p>\n<\/div><\/div><\/div><\/div><\/div><div class=\"w-tabs-section has_text_color\" id=\"qea9\" style=\"background:var(--color-header-transparent-text);color:var(--color-header-top-text-hover);\"><button class=\"w-tabs-section-header\" aria-controls=\"content-qea9\" aria-expanded=\"false\"><div class=\"w-tabs-section-title\">Dalsze otwieranie drzwi do rynku pracy<\/div><div class=\"w-tabs-section-control\"><\/div><\/button><div  class=\"w-tabs-section-content\" id=\"content-qea9\"><div class=\"w-tabs-section-content-h i-cf\"><div class=\"wpb_text_column\"><div class=\"wpb_wrapper\"><p><span style=\"font-weight: 400;\">Chcemy konsekwentnie pod\u0105\u017ca\u0107 \u015bcie\u017ck\u0105 wytyczon\u0105 przez projekt rynku pracy \u201eStay in Wiesbaden\u201d i wykorzystywa\u0107 wszystkie opcje prawne, aby u\u0142atwi\u0107 uchod\u017acom dost\u0119p do rynku pracy. Chcieliby\u015bmy \u015bci\u015ble wsp\u00f3\u0142pracowa\u0107 z lokalnymi firmami, Izb\u0105 Przemys\u0142owo-Handlow\u0105 i Izb\u0105 Rzemie\u015blnicz\u0105, a tak\u017ce zwr\u00f3ci\u0107 szczeg\u00f3ln\u0105 uwag\u0119 na grup\u0119 docelow\u0105 uchod\u017ac\u00f3w w ramach naszej specjalistycznej inicjatywy. \u015arodki, kt\u00f3re uwa\u017camy za wa\u017cne, obejmuj\u0105 wsparcie w pokonywaniu przeszk\u00f3d biurokratycznych i uznawaniu zagranicznych kwalifikacji, niskoprogowe kursy j\u0119zykowe i przygotowania zawodowego oraz sponsoring mi\u0119dzy przedsi\u0119biorstwami a uchod\u017acami. W ten spos\u00f3b tworzymy sytuacj\u0119 korzystn\u0105 dla wszystkich: Uchod\u017acy maj\u0105 realn\u0105 perspektyw\u0119, przedsi\u0119biorstwa znajduj\u0105 wykwalifikowanych pracownik\u00f3w, a Wiesbaden staje si\u0119 bardziej atrakcyjny \u2013 jako miasto mo\u017cliwo\u015bci i sp\u00f3jno\u015bci.<\/span><\/p>\n<\/div><\/div><\/div><\/div><\/div><div class=\"w-tabs-section has_text_color\" id=\"wfcb\" style=\"background:var(--color-header-middle-bg);color:var(--color-content-heading);\"><button class=\"w-tabs-section-header\" aria-controls=\"content-wfcb\" aria-expanded=\"false\"><div class=\"w-tabs-section-title\">Dialog z lokaln\u0105 gospodark\u0105<\/div><div class=\"w-tabs-section-control\"><\/div><\/button><div  class=\"w-tabs-section-content\" id=\"content-wfcb\"><div class=\"w-tabs-section-content-h i-cf\"><div class=\"wpb_text_column\"><div class=\"wpb_wrapper\"><p><span style=\"font-weight: 400;\">Chcemy kontynuowa\u0107 dialog i konstruktywn\u0105 wsp\u00f3\u0142prac\u0119 z firmami i ich stowarzyszeniami. Korzystamy z r\u00f3\u017cnych format\u00f3w, takich jak Rada Konsultacyjna ds. Wraz z rzemios\u0142em zosta\u0142 opracowany program rzemios\u0142a, kt\u00f3ry chcemy konsekwentnie realizowa\u0107. Jeste\u015bmy przekonani, \u017ce g\u0142\u00f3wne wyzwania zwi\u0105zane ze zmianami demograficznymi, cyfryzacj\u0105 i transformacj\u0105 energetyczn\u0105 mo\u017cna przezwyci\u0119\u017cy\u0107 tylko dzi\u0119ki tej wsp\u00f3\u0142pracy.<\/span><\/p>\n<\/div><\/div><\/div><\/div><\/div><div class=\"w-tabs-section has_text_color\" id=\"q0e9\" style=\"background:var(--color-header-transparent-text);color:var(--color-header-top-text-hover);\"><button class=\"w-tabs-section-header\" aria-controls=\"content-q0e9\" aria-expanded=\"false\"><div class=\"w-tabs-section-title\">Zr\u00f3wnowa\u017cone budownictwo \u2013 szansa dla sektora rzemie\u015blniczego<\/div><div class=\"w-tabs-section-control\"><\/div><\/button><div  class=\"w-tabs-section-content\" id=\"content-q0e9\"><div class=\"w-tabs-section-content-h i-cf\"><div class=\"wpb_text_column\"><div class=\"wpb_wrapper\"><p><span style=\"font-weight: 400;\">Transformacja ekologiczna oferuje ogromne mo\u017cliwo\u015bci dla lokalnego rzemios\u0142a i bran\u017cy budowlanej: od renowacji energetycznej po fotowoltaik\u0119 i now\u0105 mobilno\u015b\u0107. Wsp\u00f3lnie ze stowarzyszeniami, firmami, agencj\u0105 ochrony klimatu i instytucjami edukacyjnymi chcemy stworzy\u0107 sojusz Wiesbaden na rzecz zielonych transakcji, promowa\u0107 tworzenie sieci kontakt\u00f3w i doradztwo oraz pozyskiwa\u0107 ukierunkowane finansowanie.<\/span><\/p>\n<\/div><\/div><\/div><\/div><\/div><div class=\"w-tabs-section has_text_color\" id=\"c207\" style=\"background:var(--color-header-middle-bg);color:var(--color-header-middle-text);\"><button class=\"w-tabs-section-header\" aria-controls=\"content-c207\" aria-expanded=\"false\"><div class=\"w-tabs-section-title\">Wspieranie przedsi\u0119biorstw na drodze do neutralno\u015bci klimatycznej<\/div><div class=\"w-tabs-section-control\"><\/div><\/button><div  class=\"w-tabs-section-content\" id=\"content-c207\"><div class=\"w-tabs-section-content-h i-cf\"><div class=\"wpb_text_column\"><div class=\"wpb_wrapper\"><p><span style=\"font-weight: 400;\">Kluczowym czynnikiem lokalizacji s\u0105 neutralne dla klimatu, bezpieczne i przyst\u0119pne cenowo dostawy energii. Chcemy w ten spos\u00f3b wspiera\u0107 nasze lokalne firmy, przyci\u0105ga\u0107 fundusze i promowa\u0107 innowacyjn\u0105 wsp\u00f3\u0142prac\u0119, na przyk\u0142ad w zakresie wykorzystania ciep\u0142a odpadowego.<\/span><\/p>\n<\/div><\/div><\/div><\/div><\/div><div class=\"w-tabs-section has_text_color\" id=\"r34a\" style=\"background:var(--color-header-transparent-text);color:var(--color-header-top-text-hover);\"><button class=\"w-tabs-section-header\" aria-controls=\"content-r34a\" aria-expanded=\"false\"><div class=\"w-tabs-section-title\">Promowanie zr\u00f3wnowa\u017conej turystyki<\/div><div class=\"w-tabs-section-control\"><\/div><\/button><div  class=\"w-tabs-section-content\" id=\"content-r34a\"><div class=\"w-tabs-section-content-h i-cf\"><div class=\"wpb_text_column\"><div class=\"wpb_wrapper\"><p><span style=\"font-weight: 400;\">Turystyka jest centralnym elementem miejskiej strategii gospodarczej, ze szczeg\u00f3lnym uwzgl\u0119dnieniem sektora hotelarskiego, gastronomicznego i handlu detalicznego. Chcemy dalej wzmacnia\u0107 Wiesbaden jako atrakcyjn\u0105 i zr\u00f3wnowa\u017con\u0105 destynacj\u0119 turystyczn\u0105. W nast\u0119pstwie wsp\u00f3lnego marketingu \u201eDestination Wiesbaden Rheingau\u201d tworzymy zach\u0119ty do przyjaznych dla klimatu podr\u00f3\u017cy i transportu, zwi\u0119kszaj\u0105c atrakcyjno\u015b\u0107 transportu publicznego i us\u0142ug wynajmu dla turyst\u00f3w. W dalszym ci\u0105gu rozwijamy oferty dla m\u0142odych grup docelowych, rodzin i turyst\u00f3w kulturalnych. Chcemy udoskonali\u0107 informacje turystyczne i rozszerzy\u0107 cyfrowe kana\u0142y marketingowe.<\/span><\/p>\n<\/div><\/div><\/div><\/div><\/div><div class=\"w-tabs-section has_text_color\" id=\"j468\" style=\"background:var(--color-header-transparent-text);color:var(--color-header-top-text-hover);\"><button class=\"w-tabs-section-header\" aria-controls=\"content-j468\" aria-expanded=\"false\"><div class=\"w-tabs-section-title\">Wspieranie rekrutacji wykwalifikowanych pracownik\u00f3w<\/div><div class=\"w-tabs-section-control\"><\/div><\/button><div  class=\"w-tabs-section-content\" id=\"content-j468\"><div class=\"w-tabs-section-content-h i-cf\"><div class=\"wpb_text_column\"><div class=\"wpb_wrapper\"><p><span style=\"font-weight: 400;\">Niedob\u00f3r wykwalifikowanej si\u0142y roboczej i rekrutacja m\u0142odych talent\u00f3w nale\u017c\u0105 do kluczowych wyzwa\u0144, przed kt\u00f3rymi stoj\u0105 przedsi\u0119biorstwa. Zobowi\u0105zujemy si\u0119 do wyposa\u017cenia inicjatywy \u201eIndustrial Skilled Workers Initiative\u201d opracowanej podczas ostatniej kadencji w wystarczaj\u0105ce zasoby i rozszerzenia jej na inne sektory, takie jak rzemios\u0142o i zdrowie.<\/span><\/p>\n<\/div><\/div><\/div><\/div><\/div><\/div><\/div><div class=\"w-separator size_medium\"><\/div><div class=\"w-btn-wrapper align_left\"><a class=\"w-btn us-btn-style_8 icon_atleft\" href=\"https:\/\/gruene-wiesbaden.de\/pl\/kommunalwahl\/#Kapitel3\"><i class=\"fas fa-chevron-circle-right\"><\/i><span class=\"w-btn-label\">Powr\u00f3t do przegl\u0105du<\/span><\/a><\/div><div class=\"w-separator size_large\"><\/div><div class=\"wpb_text_column\"><div class=\"wpb_wrapper\"><h1>Co ju\u017c osi\u0105gn\u0119li\u015bmy<\/h1>\n<\/div><\/div><div class=\"w-separator size_medium\"><\/div><div class=\"w-tabs us_custom_42d693a0 has_text_color style_default switch_click accordion has_scrolling\" style=\"--sections-title-size:1.4rem\"><div class=\"w-tabs-sections titles-align_none icon_chevron cpos_right\"><div class=\"w-tabs-section has_text_color\" id=\"n757\" style=\"background:var(--color-header-transparent-text);color:var(--color-header-top-text-hover);\"><button class=\"w-tabs-section-header\" aria-controls=\"content-n757\" aria-expanded=\"false\"><div class=\"w-tabs-section-title\">Platforma mo\u017cliwo\u015bci Wiesbaden<\/div><div class=\"w-tabs-section-control\"><\/div><\/button><div  class=\"w-tabs-section-content\" id=\"content-n757\"><div class=\"w-tabs-section-content-h i-cf\"><div class=\"wpb_text_column\"><div class=\"wpb_wrapper\"><p><span style=\"font-weight: 400;\">Platforma mo\u017cliwo\u015bci zosta\u0142a uruchomiona w ramach inicjatywy WI WORK LIFE ?? Industry Skills Initiative w 2022 r. Oferuje obywatelom wsparcie cyfrowe w kszta\u0142ceniu, szkoleniu i karierze zawodowej oraz u\u0142atwia dost\u0119p do ofert pracy, dalszego kszta\u0142cenia i przygotowania zawodowego w Wiesbaden.<\/span><\/p>\n<\/div><\/div><\/div><\/div><\/div><div class=\"w-tabs-section has_text_color\" id=\"d888\" style=\"background:var(--color-header-transparent-text);color:var(--color-header-top-text-hover);\"><button class=\"w-tabs-section-header\" aria-controls=\"content-d888\" aria-expanded=\"false\"><div class=\"w-tabs-section-title\">Radar treningowy Wiesbaden<\/div><div class=\"w-tabs-section-control\"><\/div><\/button><div  class=\"w-tabs-section-content\" id=\"content-d888\"><div class=\"w-tabs-section-content-h i-cf\"><div class=\"wpb_text_column\"><div class=\"wpb_wrapper\"><p><span style=\"font-weight: 400;\">Radar szkoleniowy zosta\u0142 wprowadzony w 2025 roku. Za po\u015brednictwem tej platformy cyfrowej przedsi\u0119biorstwa mog\u0105 rekomendowa\u0107 innym przedsi\u0119biorstwom z siedzib\u0105 w Wiesbaden odpowiednich kandydat\u00f3w, kt\u00f3rych nie mog\u0105 zatrudni\u0107 ze wzgl\u0119du na potencja\u0142. W ten spos\u00f3b mo\u017cliwo\u015bci szkoleniowe w regionie pozostaj\u0105 przejrzyste i \u0142atwo dost\u0119pne.<\/span><\/p>\n<\/div><\/div><\/div><\/div><\/div><div class=\"w-tabs-section has_text_color\" id=\"b9b9\" style=\"background:var(--color-header-transparent-text);color:var(--color-header-top-text-hover);\"><button class=\"w-tabs-section-header\" aria-controls=\"content-b9b9\" aria-expanded=\"false\"><div class=\"w-tabs-section-title\">Forum Inicjatywy Wykwalifikowanej Pracownik\u00f3w Przemys\u0142u<\/div><div class=\"w-tabs-section-control\"><\/div><\/button><div  class=\"w-tabs-section-content\" id=\"content-b9b9\"><div class=\"w-tabs-section-content-h i-cf\"><div class=\"wpb_text_column\"><div class=\"wpb_wrapper\"><p><span style=\"font-weight: 400;\">Forum Talent Initiative Industry zosta\u0142o za\u0142o\u017cone w 2022 r. \u0141\u0105czy specjalist\u00f3w cyfrowo i wspiera firmy w poszukiwaniu i promowaniu talent\u00f3w. Jednocze\u015bnie u\u0142atwia wymian\u0119 zawodow\u0105 mi\u0119dzy przemys\u0142em, instytucjami edukacyjnymi i organizacjami w celu wzmocnienia zatrzymywania wykwalifikowanych pracownik\u00f3w w Wiesbaden.<\/span><\/p>\n<\/div><\/div><\/div><\/div><\/div><div class=\"w-tabs-section has_text_color\" id=\"qadc\" style=\"background:var(--color-header-middle-bg);color:var(--color-content-heading);\"><button class=\"w-tabs-section-header\" aria-controls=\"content-qadc\" aria-expanded=\"false\"><div class=\"w-tabs-section-title\">R\u0119kodzie\u0142o Agenda Wiesbaden 2030<\/div><div class=\"w-tabs-section-control\"><\/div><\/button><div  class=\"w-tabs-section-content\" id=\"content-qadc\"><div class=\"w-tabs-section-content-h i-cf\"><div class=\"wpb_text_column\"><div class=\"wpb_wrapper\"><p><span style=\"font-weight: 400;\">Chcemy silnego rzemios\u0142a w tym mie\u015bcie. W maju 2025 r. zaprezentowano Wiesbaden 2030 Crafts Agenda. Dzi\u0119ki niemu wzmacniamy przedsi\u0119biorstwa rzemie\u015blnicze w naszym mie\u015bcie i towarzyszymy im szczeg\u00f3lnie w cyfryzacji, w promowaniu m\u0142odych talent\u00f3w i wykwalifikowanych pracownik\u00f3w. Rozwijaj\u0105c nowoczesn\u0105 infrastruktur\u0119 i inteligentne rozwi\u0105zania, firmy staj\u0105 si\u0119 zr\u00f3wnowa\u017cone, tworz\u0105c wysokiej jako\u015bci miejsca pracy i pomagaj\u0105c kszta\u0142towa\u0107 Wiesbaden jako t\u0119tni\u0105ce \u017cyciem, zr\u00f3wnowa\u017cone miasto.<\/span><\/p>\n<\/div><\/div><\/div><\/div><\/div><div class=\"w-tabs-section has_text_color\" id=\"kc00\" style=\"background:var(--color-header-transparent-text);color:var(--color-header-top-text-hover);\"><button class=\"w-tabs-section-header\" aria-controls=\"content-kc00\" aria-expanded=\"false\"><div class=\"w-tabs-section-title\">WiCoPop \u2013 Kreatywne impulsy dla centrum miasta<\/div><div class=\"w-tabs-section-control\"><\/div><\/button><div  class=\"w-tabs-section-content\" id=\"content-kc00\"><div class=\"w-tabs-section-content-h i-cf\"><div class=\"wpb_text_column\"><div class=\"wpb_wrapper\"><p><span style=\"font-weight: 400;\">Dzi\u0119ki WiCoPop Wiesbaden rozpocz\u0105\u0142 innowacyjny projekt, kt\u00f3ry o\u017cywia puste sklepy w centrum miasta. Start-upy, m\u0142odzi przedsi\u0119biorcy i tw\u00f3rcy prezentowali swoje produkty, pomys\u0142y i projekty kulturalne w tymczasowych salach sprzeda\u017cy i wystaw \u2013 bez czynszu lub op\u0142acalnych. WiCoPop nie tylko promowa\u0142 lokaln\u0105 gospodark\u0119, ale tak\u017ce stworzy\u0142 nowe miejsca pracy i mo\u017cliwo\u015bci rozpocz\u0119cia dzia\u0142alno\u015bci, wzmocni\u0142 centrum miasta jako atrakcyjn\u0105 lokalizacj\u0119 i uczyni\u0142 Wiesbaden t\u0119tni\u0105cym \u017cyciem miejscem innowacji i spotka\u0144 zar\u00f3wno dla obywateli, jak i firm.<\/span><\/p>\n<\/div><\/div><\/div><\/div><\/div><div class=\"w-tabs-section has_text_color\" id=\"qd23\" style=\"background:var(--color-header-transparent-text);color:var(--color-header-top-text-hover);\"><button class=\"w-tabs-section-header\" aria-controls=\"content-qd23\" aria-expanded=\"false\"><div class=\"w-tabs-section-title\">Kontynuacja koncepcji sprzeda\u017cy detalicznej 2025+<\/div><div class=\"w-tabs-section-control\"><\/div><\/button><div  class=\"w-tabs-section-content\" id=\"content-qd23\"><div class=\"w-tabs-section-content-h i-cf\"><div class=\"wpb_text_column\"><div class=\"wpb_wrapper\"><p><span style=\"font-weight: 400;\">Kontynuuj\u0105c koncepcj\u0119 sprzeda\u017cy detalicznej 2025+, Wiesbaden szczeg\u00f3lnie wzmacnia swoje \u015br\u00f3dmie\u015bcie i dzielnice centralne. Koncepcja strategicznie towarzyszy lokalnym detalistom, start-upom i sklepom pop-up i wspiera ich w dalszym rozwoju ich oferty, zar\u00f3wno lokalnie, jak i cyfrowo. Celem jest uczynienie centrum miasta t\u0119tni\u0105cym \u017cyciem i atrakcyjnym, zapewnienie zatrudnienia i pozycjonowanie Wiesbaden jako silnej gospodarczo, nowoczesnej lokalizacji. D\u0142ugoterminowe ukierunkowanie przyniesie korzy\u015bci zar\u00f3wno handlowi, gospodarce, jak i obywatelom.<\/span><\/p>\n<\/div><\/div><\/div><\/div><\/div><div class=\"w-tabs-section has_text_color\" id=\"qe50\" style=\"background:var(--color-header-transparent-text);color:var(--color-header-top-text-hover);\"><button class=\"w-tabs-section-header\" aria-controls=\"content-qe50\" aria-expanded=\"false\"><div class=\"w-tabs-section-title\">Przestrze\u0144 dla parklet\u00f3w<\/div><div class=\"w-tabs-section-control\"><\/div><\/button><div  class=\"w-tabs-section-content\" id=\"content-qe50\"><div class=\"w-tabs-section-content-h i-cf\"><div class=\"wpb_text_column\"><div class=\"wpb_wrapper\"><p><span style=\"font-weight: 400;\">Podczas pandemii koronawirusa restauratorzy Wiesbaden mogli w nieskomplikowany spos\u00f3b wypr\u00f3bowa\u0107 tymczasowe tarasy na parkingach - tzw. parklety. Dzi\u0119ki nowemu statutowi mo\u017cna teraz ubiega\u0107 si\u0119 o nie na sta\u0142e. Parklety o\u017cywiaj\u0105 ulice, tworz\u0105 dodatkowe miejsca dla go\u015bci i sprawiaj\u0105, \u017ce centrum miasta staje si\u0119 bardziej atrakcyjne dla spotka\u0144, kultury i zakup\u00f3w.<\/span><\/p>\n<\/div><\/div><\/div><\/div><\/div><div class=\"w-tabs-section has_text_color\" id=\"zf6a\" style=\"background:var(--color-header-transparent-text);color:var(--color-header-top-text-hover);\"><button class=\"w-tabs-section-header\" aria-controls=\"content-zf6a\" aria-expanded=\"false\"><div class=\"w-tabs-section-title\">Rada Konsultacyjna ds. Przemys\u0142owych: Zaanga\u017cowanie przemys\u0142u w procesy decyzyjne<\/div><div class=\"w-tabs-section-control\"><\/div><\/button><div  class=\"w-tabs-section-content\" id=\"content-zf6a\"><div class=\"w-tabs-section-content-h i-cf\"><div class=\"wpb_text_column\"><div class=\"wpb_wrapper\"><p><span style=\"font-weight: 400;\">Przemys\u0142owa Rada Doradcza sta\u0142a si\u0119 centralnym punktem kontaktowym dla gospodarki Wiesbaden. To tutaj spotykaj\u0105 si\u0119 firmy, izby, uniwersytety i zwi\u0105zki zawodowe, aby dyskutowa\u0107 o bie\u017c\u0105cych wyzwaniach, inwestycjach i projektach innowacyjnych. Pod przewodnictwem naszego zielonego ministra i burmistrza gospodarka jest zaanga\u017cowana w procesy decyzyjne na wczesnym etapie. Gwarantuje to, \u017ce potrzeby bran\u017cy zostan\u0105 wys\u0142uchane, atrakcyjno\u015b\u0107 lokalizacji zostanie wzmocniona, a miejsca pracy zostan\u0105 zabezpieczone w perspektywie d\u0142ugoterminowej.<\/span><\/p>\n<\/div><\/div><\/div><\/div><\/div><div class=\"w-tabs-section has_text_color\" id=\"c088\" style=\"background:var(--color-header-transparent-text);color:var(--color-header-top-text-hover);\"><button class=\"w-tabs-section-header\" aria-controls=\"content-c088\" aria-expanded=\"false\"><div class=\"w-tabs-section-title\">Wzmocnienie zarz\u0105dzania miastem \u2013 rewitalizacja centrum miasta<\/div><div class=\"w-tabs-section-control\"><\/div><\/button><div  class=\"w-tabs-section-content\" id=\"content-c088\"><div class=\"w-tabs-section-content-h i-cf\"><div class=\"wpb_text_column\"><div class=\"wpb_wrapper\"><p><span style=\"font-weight: 400;\">W czasach zmian nasze wewn\u0119trzne miasto potrzebuje silnego g\u0142osu. To w\u0142a\u015bnie reprezentuje zesp\u00f3\u0142 zarz\u0105dzania miastem miejskim pod kierownictwem naszego ZIELONEGO zast\u0119pcy i burmistrza, kt\u00f3ry wraz z rzemie\u015blnikami i innymi podmiotami promuje t\u0119tni\u0105ce \u017cyciem centrum miasta. Koordynuje wydarzenia, rynki i dzia\u0142ania miast, wspiera handel i gastronomi\u0119, \u0142\u0105czy podmioty lokalne i opracowuje strategie stymuluj\u0105ce i zwi\u0119kszaj\u0105ce atrakcyjno\u015b\u0107. To nie tylko przyci\u0105ga odwiedzaj\u0105cych, ale tak\u017ce wzmacnia miejsca pracy i zabezpiecza centrum miasta jako t\u0119tni\u0105ce \u017cyciem gospodarczo miejsce. Dzia\u0142a to w nast\u0119puj\u0105cy spos\u00f3b: W 2025 r., w por\u00f3wnaniu z innymi miastami licz\u0105cymi od 250 000 do 600 000 mieszka\u0144c\u00f3w, miasto Wiesbaden zaj\u0119\u0142o pierwsze miejsce w ca\u0142ym kraju w konkursie VITALCity Award, kt\u00f3ry jest przyznawany co roku miastom w Niemczech w celu pomiaru i promowania \u017cywo\u015bci ich wewn\u0119trznych miast.<\/span><\/p>\n<\/div><\/div><\/div><\/div><\/div><div class=\"w-tabs-section has_text_color\" id=\"l1c2\" style=\"background:var(--color-header-transparent-text);color:var(--color-header-top-text-hover);\"><button class=\"w-tabs-section-header\" aria-controls=\"content-l1c2\" aria-expanded=\"false\"><div class=\"w-tabs-section-title\">Uczciwszy harmonogram op\u0142at za wydatki na towary<\/div><div class=\"w-tabs-section-control\"><\/div><\/button><div  class=\"w-tabs-section-content\" id=\"content-l1c2\"><div class=\"w-tabs-section-content-h i-cf\"><div class=\"wpb_text_column\"><div class=\"wpb_wrapper\"><p><span style=\"font-weight: 400;\">Do ko\u0144ca 2021 r. op\u0142aty za eksponowanie towar\u00f3w opiera\u0142y si\u0119 na podstawowych warto\u015bciach odniesienia dla danej sytuacji drogowej. W rezultacie sprzedawcy detaliczni w lokalizacjach o wysokiej cz\u0119stotliwo\u015bci, takich jak Kirchgasse, musieli p\u0142aci\u0107 do 600 euro za metr kwadratowy rocznie, podczas gdy sklepy w mniej centralnych obszarach mia\u0142y znacznie ni\u017csze op\u0142aty. Wraz z wprowadzeniem nowego harmonogramu op\u0142at za wystawy towarowe Wiesbaden znacznie odci\u0105\u017cy\u0142 handel detaliczny w centrum miasta. Op\u0142aty by\u0142y przejrzyste i roz\u0142o\u017cone w zale\u017cno\u015bci od lokalizacji w centrum miasta, co oznacza, \u017ce wielu detalist\u00f3w korzysta ze znacznego obni\u017cenia koszt\u00f3w. \u015arodek ten wzmacnia konkurencyjno\u015b\u0107 handlu detalicznego i przyczynia si\u0119 do o\u017cywienia centrum miasta.<\/span><\/p>\n<\/div><\/div><\/div><\/div><\/div><div class=\"w-tabs-section has_text_color\" id=\"t2de\" style=\"background:var(--color-header-transparent-text);color:var(--color-header-top-text-hover);\"><button class=\"w-tabs-section-header\" aria-controls=\"content-t2de\" aria-expanded=\"false\"><div class=\"w-tabs-section-title\">Turystyka: Wsp\u00f3lny cel podr\u00f3\u017cy Wiesbaden-Rheingau<\/div><div class=\"w-tabs-section-control\"><\/div><\/button><div  class=\"w-tabs-section-content\" id=\"content-t2de\"><div class=\"w-tabs-section-content-h i-cf\"><div class=\"wpb_text_column\"><div class=\"wpb_wrapper\"><p><span style=\"font-weight: 400;\">Wiesbaden \u0142\u0105czy swoje oferty turystyczne z regionem Rheingau poprzez cel Wiesbaden Rheingau. Skoordynowane kampanie marketingowe, oferty z mo\u017cliwo\u015bci\u0105 rezerwacji i tworzenie sieci lokalnych produkt\u00f3w tworz\u0105 atrakcyjne, holistyczne do\u015bwiadczenie dla odwiedzaj\u0105cych. Wsp\u00f3\u0142praca promuje turystyk\u0119, wzmacnia gastronomi\u0119, bran\u017c\u0119 hotelarsk\u0105 i kultur\u0119 oraz zabezpiecza i tworzy miejsca pracy w regionie. Ponadto od 2024 r. miejsce to jest certyfikowane jako zr\u00f3wnowa\u017cony kierunek turystyczny, a tym samym wspiera turystyk\u0119 przyjazn\u0105 dla \u015brodowiska.<\/span><\/p>\n<\/div><\/div><\/div><\/div><\/div><div class=\"w-tabs-section has_text_color\" id=\"t3f8\" style=\"background:var(--color-header-transparent-text);color:var(--color-header-top-text-hover);\"><button class=\"w-tabs-section-header\" aria-controls=\"content-t3f8\" aria-expanded=\"false\"><div class=\"w-tabs-section-title\">Turystyka: Kurhaus i Kasyno<\/div><div class=\"w-tabs-section-control\"><\/div><\/button><div  class=\"w-tabs-section-content\" id=\"content-t3f8\"><div class=\"w-tabs-section-content-h i-cf\"><div class=\"wpb_text_column\"><div class=\"wpb_wrapper\"><p><span style=\"font-weight: 400;\">Miasto Wiesbaden inwestuje w szczeg\u00f3lno\u015bci w centralne lokalizacje turystyczne i eventowe: Renowacja Kurhaus tworzy zam\u00f3wienia budowlane i rzemie\u015blnicze oraz zapewnia d\u0142ugoterminowe mo\u017cliwo\u015bci wykorzystania w kulturze i gastronomii. W tym samym czasie Kasyno i Kurhausgastronomie zostan\u0105 ponownie przetarte, poniewa\u017c poprzednie umowy z operatorem wygasaj\u0105. Zapewnia to inwestycje, nowoczesne koncepcje i miejsca pracy. \u015arodki te wzmacniaj\u0105 centrum miasta jako atrakcyjn\u0105 ekonomicznie lokalizacj\u0119 dla odwiedzaj\u0105cych i dla zatrudnienia.<\/span><\/p>\n<\/div><\/div><\/div><\/div><\/div><\/div><\/div><div class=\"w-separator size_medium\"><\/div><div class=\"w-btn-wrapper align_left\"><a class=\"w-btn us-btn-style_8 icon_atleft\" href=\"https:\/\/gruene-wiesbaden.de\/pl\/kommunalwahl\/#Kapitel3\"><i class=\"fas fa-chevron-circle-right\"><\/i><span class=\"w-btn-label\">Powr\u00f3t do przegl\u0105du<\/span><\/a><\/div><div class=\"w-separator size_large\"><\/div><\/div><\/div><\/div><\/div><\/section>","protected":false},"excerpt":{"rendered":"Decyzje podejmowane na szczeblu lokalnym maj\u0105 bezpo\u015bredni wp\u0142yw na lokaln\u0105 gospodark\u0119, miejsca pracy i jako\u015b\u0107 \u017cycia. Dzi\u0119ki ukierunkowanemu wsparciu dla przedsi\u0119biorstw z r\u00f3\u017cnych sektor\u00f3w, rzemios\u0142a, przedsi\u0119biorstw typu start-up i turystyki zapewniamy zatrudnienie, innowacje i wykwalifikowanych pracownik\u00f3w w Wiesbaden oraz wyznaczamy kurs na udan\u0105 transformacj\u0119 i o\u017cywienie gospodarcze. Udzielamy zam\u00f3wie\u0144 publicznych uczciwie, bior\u0105c pod uwag\u0119 zgodno\u015b\u0107 taryfow\u0105 i kryteria zr\u00f3wnowa\u017conego rozwoju.","protected":false},"author":1,"featured_media":1566,"comment_status":"closed","ping_status":"closed","sticky":false,"template":"","format":"standard","meta":{"footnotes":""},"categories":[16],"tags":[],"class_list":["post-1380","post","type-post","status-publish","format-standard","has-post-thumbnail","hentry","category-kapitel-3"],"yoast_head":"<!-- This site is optimized with the Yoast SEO plugin v27.5 - https:\/\/yoast.com\/product\/yoast-seo-wordpress\/ -->\n<title>Wirtschaftsf\u00f6rderung und Besch\u00e4ftigung - B\u00dcNDNIS 90\/DIE GR\u00dcNEN Wiesbaden<\/title>\n<meta name=\"robots\" content=\"index, follow, max-snippet:-1, max-image-preview:large, max-video-preview:-1\" \/>\n<link rel=\"canonical\" href=\"https:\/\/gruene-wiesbaden.de\/pl\/wirtschaftsfoerderung-und-beschaeftigung\/\" \/>\n<meta property=\"og:locale\" content=\"pl_PL\" \/>\n<meta property=\"og:type\" content=\"article\" \/>\n<meta property=\"og:title\" content=\"Wirtschaftsf\u00f6rderung und Besch\u00e4ftigung - B\u00dcNDNIS 90\/DIE GR\u00dcNEN Wiesbaden\" \/>\n<meta property=\"og:url\" content=\"https:\/\/gruene-wiesbaden.de\/pl\/wirtschaftsfoerderung-und-beschaeftigung\/\" \/>\n<meta property=\"og:site_name\" content=\"B\u00dcNDNIS 90\/DIE GR\u00dcNEN Wiesbaden\" \/>\n<meta property=\"article:publisher\" content=\"https:\/\/www.facebook.com\/gruene.wi\" \/>\n<meta property=\"article:published_time\" content=\"2025-11-09T22:33:24+00:00\" \/>\n<meta property=\"article:modified_time\" content=\"2026-04-08T22:29:47+00:00\" \/>\n<meta property=\"og:image\" content=\"https:\/\/gruene-wiesbaden.de\/wp-content\/uploads\/2025\/11\/3.3-Wirtschaftsfoerderung-und-Beschaeftigung-scaled.jpeg\" \/>\n\t<meta property=\"og:image:width\" content=\"2560\" \/>\n\t<meta property=\"og:image:height\" content=\"1707\" \/>\n\t<meta property=\"og:image:type\" content=\"image\/jpeg\" \/>\n<meta name=\"author\" content=\"admin\" \/>\n<meta name=\"twitter:card\" content=\"summary_large_image\" \/>\n<meta name=\"twitter:label1\" content=\"Napisane przez\" \/>\n\t<meta name=\"twitter:data1\" content=\"admin\" \/>\n\t<meta name=\"twitter:label2\" content=\"Szacowany czas czytania\" \/>\n\t<meta name=\"twitter:data2\" content=\"10 minutes\" \/>\n<script type=\"application\/ld+json\" class=\"yoast-schema-graph\">{\"@context\":\"https:\\\/\\\/schema.org\",\"@graph\":[{\"@type\":\"Article\",\"@id\":\"https:\\\/\\\/gruene-wiesbaden.de\\\/wirtschaftsfoerderung-und-beschaeftigung\\\/#article\",\"isPartOf\":{\"@id\":\"https:\\\/\\\/gruene-wiesbaden.de\\\/wirtschaftsfoerderung-und-beschaeftigung\\\/\"},\"author\":{\"name\":\"admin\",\"@id\":\"https:\\\/\\\/gruene-wiesbaden.de\\\/#\\\/schema\\\/person\\\/6785c34779159cd4fd86886bb097afe9\"},\"headline\":\"Wirtschaftsf\u00f6rderung und Besch\u00e4ftigung\",\"datePublished\":\"2025-11-09T22:33:24+00:00\",\"dateModified\":\"2026-04-08T22:29:47+00:00\",\"mainEntityOfPage\":{\"@id\":\"https:\\\/\\\/gruene-wiesbaden.de\\\/wirtschaftsfoerderung-und-beschaeftigung\\\/\"},\"wordCount\":3041,\"publisher\":{\"@id\":\"https:\\\/\\\/gruene-wiesbaden.de\\\/#organization\"},\"image\":{\"@id\":\"https:\\\/\\\/gruene-wiesbaden.de\\\/wirtschaftsfoerderung-und-beschaeftigung\\\/#primaryimage\"},\"thumbnailUrl\":\"https:\\\/\\\/gruene-wiesbaden.de\\\/wp-content\\\/uploads\\\/2025\\\/11\\\/3.3-Wirtschaftsfoerderung-und-Beschaeftigung-scaled.jpeg\",\"articleSection\":[\"Kapitel 3\"],\"inLanguage\":\"pl-PL\"},{\"@type\":\"WebPage\",\"@id\":\"https:\\\/\\\/gruene-wiesbaden.de\\\/wirtschaftsfoerderung-und-beschaeftigung\\\/\",\"url\":\"https:\\\/\\\/gruene-wiesbaden.de\\\/wirtschaftsfoerderung-und-beschaeftigung\\\/\",\"name\":\"Wirtschaftsf\u00f6rderung und Besch\u00e4ftigung - B\u00dcNDNIS 90\\\/DIE GR\u00dcNEN Wiesbaden\",\"isPartOf\":{\"@id\":\"https:\\\/\\\/gruene-wiesbaden.de\\\/#website\"},\"primaryImageOfPage\":{\"@id\":\"https:\\\/\\\/gruene-wiesbaden.de\\\/wirtschaftsfoerderung-und-beschaeftigung\\\/#primaryimage\"},\"image\":{\"@id\":\"https:\\\/\\\/gruene-wiesbaden.de\\\/wirtschaftsfoerderung-und-beschaeftigung\\\/#primaryimage\"},\"thumbnailUrl\":\"https:\\\/\\\/gruene-wiesbaden.de\\\/wp-content\\\/uploads\\\/2025\\\/11\\\/3.3-Wirtschaftsfoerderung-und-Beschaeftigung-scaled.jpeg\",\"datePublished\":\"2025-11-09T22:33:24+00:00\",\"dateModified\":\"2026-04-08T22:29:47+00:00\",\"breadcrumb\":{\"@id\":\"https:\\\/\\\/gruene-wiesbaden.de\\\/wirtschaftsfoerderung-und-beschaeftigung\\\/#breadcrumb\"},\"inLanguage\":\"pl-PL\",\"potentialAction\":[{\"@type\":\"ReadAction\",\"target\":[\"https:\\\/\\\/gruene-wiesbaden.de\\\/wirtschaftsfoerderung-und-beschaeftigung\\\/\"]}]},{\"@type\":\"ImageObject\",\"inLanguage\":\"pl-PL\",\"@id\":\"https:\\\/\\\/gruene-wiesbaden.de\\\/wirtschaftsfoerderung-und-beschaeftigung\\\/#primaryimage\",\"url\":\"https:\\\/\\\/gruene-wiesbaden.de\\\/wp-content\\\/uploads\\\/2025\\\/11\\\/3.3-Wirtschaftsfoerderung-und-Beschaeftigung-scaled.jpeg\",\"contentUrl\":\"https:\\\/\\\/gruene-wiesbaden.de\\\/wp-content\\\/uploads\\\/2025\\\/11\\\/3.3-Wirtschaftsfoerderung-und-Beschaeftigung-scaled.jpeg\",\"width\":2560,\"height\":1707},{\"@type\":\"BreadcrumbList\",\"@id\":\"https:\\\/\\\/gruene-wiesbaden.de\\\/wirtschaftsfoerderung-und-beschaeftigung\\\/#breadcrumb\",\"itemListElement\":[{\"@type\":\"ListItem\",\"position\":1,\"name\":\"Startseite\",\"item\":\"https:\\\/\\\/gruene-wiesbaden.de\\\/\"},{\"@type\":\"ListItem\",\"position\":2,\"name\":\"Wirtschaftsf\u00f6rderung und Besch\u00e4ftigung\"}]},{\"@type\":\"WebSite\",\"@id\":\"https:\\\/\\\/gruene-wiesbaden.de\\\/#website\",\"url\":\"https:\\\/\\\/gruene-wiesbaden.de\\\/\",\"name\":\"DIE GR\u00dcNEN Wiesbaden\",\"description\":\"\",\"publisher\":{\"@id\":\"https:\\\/\\\/gruene-wiesbaden.de\\\/#organization\"},\"potentialAction\":[{\"@type\":\"SearchAction\",\"target\":{\"@type\":\"EntryPoint\",\"urlTemplate\":\"https:\\\/\\\/gruene-wiesbaden.de\\\/?s={search_term_string}\"},\"query-input\":{\"@type\":\"PropertyValueSpecification\",\"valueRequired\":true,\"valueName\":\"search_term_string\"}}],\"inLanguage\":\"pl-PL\"},{\"@type\":\"Organization\",\"@id\":\"https:\\\/\\\/gruene-wiesbaden.de\\\/#organization\",\"name\":\"DIE GR\u00dcNEN Wiesbaden\",\"url\":\"https:\\\/\\\/gruene-wiesbaden.de\\\/\",\"logo\":{\"@type\":\"ImageObject\",\"inLanguage\":\"pl-PL\",\"@id\":\"https:\\\/\\\/gruene-wiesbaden.de\\\/#\\\/schema\\\/logo\\\/image\\\/\",\"url\":\"https:\\\/\\\/gruene-wiesbaden-fuer-europa.de\\\/wp-content\\\/uploads\\\/2024\\\/04\\\/Machen-was-zaehlt-5.png\",\"contentUrl\":\"https:\\\/\\\/gruene-wiesbaden-fuer-europa.de\\\/wp-content\\\/uploads\\\/2024\\\/04\\\/Machen-was-zaehlt-5.png\",\"width\":1772,\"height\":1772,\"caption\":\"DIE GR\u00dcNEN Wiesbaden\"},\"image\":{\"@id\":\"https:\\\/\\\/gruene-wiesbaden.de\\\/#\\\/schema\\\/logo\\\/image\\\/\"},\"sameAs\":[\"https:\\\/\\\/www.facebook.com\\\/gruene.wi\",\"https:\\\/\\\/instagram.com\\\/gruene_wi\"]},{\"@type\":\"Person\",\"@id\":\"https:\\\/\\\/gruene-wiesbaden.de\\\/#\\\/schema\\\/person\\\/6785c34779159cd4fd86886bb097afe9\",\"name\":\"admin\",\"sameAs\":[\"http:\\\/\\\/gruene-wiesbaden-fuer-europa.de\"],\"url\":\"https:\\\/\\\/gruene-wiesbaden.de\\\/pl\\\/author\\\/admin\\\/\"}]}<\/script>\n<!-- \/ Yoast SEO plugin. -->","yoast_head_json":{"title":"Wirtschaftsf\u00f6rderung und Besch\u00e4ftigung - B\u00dcNDNIS 90\/DIE GR\u00dcNEN Wiesbaden","robots":{"index":"index","follow":"follow","max-snippet":"max-snippet:-1","max-image-preview":"max-image-preview:large","max-video-preview":"max-video-preview:-1"},"canonical":"https:\/\/gruene-wiesbaden.de\/pl\/wirtschaftsfoerderung-und-beschaeftigung\/","og_locale":"pl_PL","og_type":"article","og_title":"Wirtschaftsf\u00f6rderung und Besch\u00e4ftigung - B\u00dcNDNIS 90\/DIE GR\u00dcNEN Wiesbaden","og_url":"https:\/\/gruene-wiesbaden.de\/pl\/wirtschaftsfoerderung-und-beschaeftigung\/","og_site_name":"B\u00dcNDNIS 90\/DIE GR\u00dcNEN Wiesbaden","article_publisher":"https:\/\/www.facebook.com\/gruene.wi","article_published_time":"2025-11-09T22:33:24+00:00","article_modified_time":"2026-04-08T22:29:47+00:00","og_image":[{"width":2560,"height":1707,"url":"https:\/\/gruene-wiesbaden.de\/wp-content\/uploads\/2025\/11\/3.3-Wirtschaftsfoerderung-und-Beschaeftigung-scaled.jpeg","type":"image\/jpeg"}],"author":"admin","twitter_card":"summary_large_image","twitter_misc":{"Napisane przez":"admin","Szacowany czas czytania":"10 minutes"},"schema":{"@context":"https:\/\/schema.org","@graph":[{"@type":"Article","@id":"https:\/\/gruene-wiesbaden.de\/wirtschaftsfoerderung-und-beschaeftigung\/#article","isPartOf":{"@id":"https:\/\/gruene-wiesbaden.de\/wirtschaftsfoerderung-und-beschaeftigung\/"},"author":{"name":"admin","@id":"https:\/\/gruene-wiesbaden.de\/#\/schema\/person\/6785c34779159cd4fd86886bb097afe9"},"headline":"Wirtschaftsf\u00f6rderung und Besch\u00e4ftigung","datePublished":"2025-11-09T22:33:24+00:00","dateModified":"2026-04-08T22:29:47+00:00","mainEntityOfPage":{"@id":"https:\/\/gruene-wiesbaden.de\/wirtschaftsfoerderung-und-beschaeftigung\/"},"wordCount":3041,"publisher":{"@id":"https:\/\/gruene-wiesbaden.de\/#organization"},"image":{"@id":"https:\/\/gruene-wiesbaden.de\/wirtschaftsfoerderung-und-beschaeftigung\/#primaryimage"},"thumbnailUrl":"https:\/\/gruene-wiesbaden.de\/wp-content\/uploads\/2025\/11\/3.3-Wirtschaftsfoerderung-und-Beschaeftigung-scaled.jpeg","articleSection":["Kapitel 3"],"inLanguage":"pl-PL"},{"@type":"WebPage","@id":"https:\/\/gruene-wiesbaden.de\/wirtschaftsfoerderung-und-beschaeftigung\/","url":"https:\/\/gruene-wiesbaden.de\/wirtschaftsfoerderung-und-beschaeftigung\/","name":"Wirtschaftsf\u00f6rderung und Besch\u00e4ftigung - B\u00dcNDNIS 90\/DIE GR\u00dcNEN Wiesbaden","isPartOf":{"@id":"https:\/\/gruene-wiesbaden.de\/#website"},"primaryImageOfPage":{"@id":"https:\/\/gruene-wiesbaden.de\/wirtschaftsfoerderung-und-beschaeftigung\/#primaryimage"},"image":{"@id":"https:\/\/gruene-wiesbaden.de\/wirtschaftsfoerderung-und-beschaeftigung\/#primaryimage"},"thumbnailUrl":"https:\/\/gruene-wiesbaden.de\/wp-content\/uploads\/2025\/11\/3.3-Wirtschaftsfoerderung-und-Beschaeftigung-scaled.jpeg","datePublished":"2025-11-09T22:33:24+00:00","dateModified":"2026-04-08T22:29:47+00:00","breadcrumb":{"@id":"https:\/\/gruene-wiesbaden.de\/wirtschaftsfoerderung-und-beschaeftigung\/#breadcrumb"},"inLanguage":"pl-PL","potentialAction":[{"@type":"ReadAction","target":["https:\/\/gruene-wiesbaden.de\/wirtschaftsfoerderung-und-beschaeftigung\/"]}]},{"@type":"ImageObject","inLanguage":"pl-PL","@id":"https:\/\/gruene-wiesbaden.de\/wirtschaftsfoerderung-und-beschaeftigung\/#primaryimage","url":"https:\/\/gruene-wiesbaden.de\/wp-content\/uploads\/2025\/11\/3.3-Wirtschaftsfoerderung-und-Beschaeftigung-scaled.jpeg","contentUrl":"https:\/\/gruene-wiesbaden.de\/wp-content\/uploads\/2025\/11\/3.3-Wirtschaftsfoerderung-und-Beschaeftigung-scaled.jpeg","width":2560,"height":1707},{"@type":"BreadcrumbList","@id":"https:\/\/gruene-wiesbaden.de\/wirtschaftsfoerderung-und-beschaeftigung\/#breadcrumb","itemListElement":[{"@type":"ListItem","position":1,"name":"Startseite","item":"https:\/\/gruene-wiesbaden.de\/"},{"@type":"ListItem","position":2,"name":"Wirtschaftsf\u00f6rderung und Besch\u00e4ftigung"}]},{"@type":"WebSite","@id":"https:\/\/gruene-wiesbaden.de\/#website","url":"https:\/\/gruene-wiesbaden.de\/","name":"DIE GR\u00dcNEN Wiesbaden","description":"","publisher":{"@id":"https:\/\/gruene-wiesbaden.de\/#organization"},"potentialAction":[{"@type":"SearchAction","target":{"@type":"EntryPoint","urlTemplate":"https:\/\/gruene-wiesbaden.de\/?s={search_term_string}"},"query-input":{"@type":"PropertyValueSpecification","valueRequired":true,"valueName":"search_term_string"}}],"inLanguage":"pl-PL"},{"@type":"Organization","@id":"https:\/\/gruene-wiesbaden.de\/#organization","name":"DIE GR\u00dcNEN Wiesbaden","url":"https:\/\/gruene-wiesbaden.de\/","logo":{"@type":"ImageObject","inLanguage":"pl-PL","@id":"https:\/\/gruene-wiesbaden.de\/#\/schema\/logo\/image\/","url":"https:\/\/gruene-wiesbaden-fuer-europa.de\/wp-content\/uploads\/2024\/04\/Machen-was-zaehlt-5.png","contentUrl":"https:\/\/gruene-wiesbaden-fuer-europa.de\/wp-content\/uploads\/2024\/04\/Machen-was-zaehlt-5.png","width":1772,"height":1772,"caption":"DIE GR\u00dcNEN Wiesbaden"},"image":{"@id":"https:\/\/gruene-wiesbaden.de\/#\/schema\/logo\/image\/"},"sameAs":["https:\/\/www.facebook.com\/gruene.wi","https:\/\/instagram.com\/gruene_wi"]},{"@type":"Person","@id":"https:\/\/gruene-wiesbaden.de\/#\/schema\/person\/6785c34779159cd4fd86886bb097afe9","name":"admin","sameAs":["http:\/\/gruene-wiesbaden-fuer-europa.de"],"url":"https:\/\/gruene-wiesbaden.de\/pl\/author\/admin\/"}]}},"_links":{"self":[{"href":"https:\/\/gruene-wiesbaden.de\/pl\/wp-json\/wp\/v2\/posts\/1380","targetHints":{"allow":["GET"]}}],"collection":[{"href":"https:\/\/gruene-wiesbaden.de\/pl\/wp-json\/wp\/v2\/posts"}],"about":[{"href":"https:\/\/gruene-wiesbaden.de\/pl\/wp-json\/wp\/v2\/types\/post"}],"author":[{"embeddable":true,"href":"https:\/\/gruene-wiesbaden.de\/pl\/wp-json\/wp\/v2\/users\/1"}],"replies":[{"embeddable":true,"href":"https:\/\/gruene-wiesbaden.de\/pl\/wp-json\/wp\/v2\/comments?post=1380"}],"version-history":[{"count":7,"href":"https:\/\/gruene-wiesbaden.de\/pl\/wp-json\/wp\/v2\/posts\/1380\/revisions"}],"predecessor-version":[{"id":2381,"href":"https:\/\/gruene-wiesbaden.de\/pl\/wp-json\/wp\/v2\/posts\/1380\/revisions\/2381"}],"wp:featuredmedia":[{"embeddable":true,"href":"https:\/\/gruene-wiesbaden.de\/pl\/wp-json\/wp\/v2\/media\/1566"}],"wp:attachment":[{"href":"https:\/\/gruene-wiesbaden.de\/pl\/wp-json\/wp\/v2\/media?parent=1380"}],"wp:term":[{"taxonomy":"category","embeddable":true,"href":"https:\/\/gruene-wiesbaden.de\/pl\/wp-json\/wp\/v2\/categories?post=1380"},{"taxonomy":"post_tag","embeddable":true,"href":"https:\/\/gruene-wiesbaden.de\/pl\/wp-json\/wp\/v2\/tags?post=1380"}],"curies":[{"name":"wp","href":"https:\/\/api.w.org\/{rel}","templated":true}]}}