{"id":1378,"date":"2025-11-10T00:32:20","date_gmt":"2025-11-09T22:32:20","guid":{"rendered":"https:\/\/gruene-wiesbaden.de\/?p=1378"},"modified":"2026-04-09T00:27:51","modified_gmt":"2026-04-08T22:27:51","slug":"wiesbaden-als-attraktiver-wirtschaftsstandort","status":"publish","type":"post","link":"https:\/\/gruene-wiesbaden.de\/pl\/wiesbaden-als-attraktiver-wirtschaftsstandort\/","title":{"rendered":"Wiesbaden jako atrakcyjna lokalizacja biznesowa"},"content":{"rendered":"<section class=\"l-section wpb_row height_medium with_img\"><div class=\"l-section-img\" role=\"img\" data-img-width=\"1080\" data-img-height=\"800\" style=\"background-image: url(https:\/\/gruene-wiesbaden.de\/wp-content\/uploads\/2025\/11\/neuer-Verlauf-gruene-wiesbaden.de_-2-e1762709402177.png);\"><\/div><div class=\"l-section-overlay\" style=\"background:var(--color-header-top-transparent-bg)\"><\/div><div class=\"l-section-h i-cf\"><div class=\"g-cols vc_row via_grid cols_1 laptops-cols_inherit tablets-cols_inherit mobiles-cols_1 valign_top type_default stacking_default\"><div class=\"wpb_column vc_column_container\"><div class=\"vc_column-inner\"><h1 class=\"w-post-elm post_title us_custom_a574d586 has_text_color entry-title\">Wiesbaden jako atrakcyjna lokalizacja biznesowa<\/h1><div class=\"w-separator size_medium\"><\/div><div class=\"g-cols wpb_row via_grid cols_2-1 laptops-cols_inherit tablets-cols_inherit mobiles-cols_1 valign_top type_default stacking_default\" style=\"--columns-gap:3rem;\"><div class=\"wpb_column vc_column_container\"><div class=\"vc_column-inner\"><div class=\"wpb_text_column us_custom_8b3d6790 has_text_color\"><div class=\"wpb_wrapper\"><p><span style=\"font-weight: 400;\">Silna gospodarka lokalna zapewnia dobre miejsca pracy, innowacje i jako\u015b\u0107 \u017cycia, a decyzje gminne odgrywaj\u0105 w tym kluczow\u0105 rol\u0119. GR\u00dcNE strategicznie projektuje przestrzenie komercyjne, promuje start-upy, cyfryzacj\u0119 i rozw\u00f3j wykwalifikowanych pracownik\u00f3w, wspiera zr\u00f3wnowa\u017cony wzrost i firmy oszcz\u0119dzaj\u0105ce zasoby. Jednocze\u015bnie wzmacniamy r\u00f3\u017cnorodno\u015b\u0107, partycypacj\u0119 spo\u0142eczn\u0105 i wsp\u00f3\u0142prac\u0119 z rzemios\u0142em, przemys\u0142em, edukacj\u0105 i kultur\u0105. Dzi\u0119ki aktywnemu projektowaniu centrum miasta, wsp\u00f3\u0142pracy mi\u0119dzygminnej i ukierunkowanym inwestycjom tworzymy atrakcyjne \u015brodowisko zar\u00f3wno dla przedsi\u0119biorstw, jak i obywateli. Nasz cel: Pozycja Wiesbaden jako pr\u0119\u017cna, innowacyjna, ekologicznie odpowiedzialna i t\u0119tni\u0105ca \u017cyciem lokalizacja, kt\u00f3ra w zr\u00f3wnowa\u017cony spos\u00f3b \u0142\u0105czy biznes, zatrudnienie i jako\u015b\u0107 \u017cycia.<\/span><\/p>\n<\/div><\/div><div class=\"w-separator size_medium\"><\/div><div class=\"w-btn-wrapper align_left\"><a class=\"w-btn us-btn-style_8 icon_atleft\" href=\"https:\/\/gruene-wiesbaden.de\/pl\/kommunalwahl\/#Kapitel3\"><i class=\"fas fa-chevron-circle-right\"><\/i><span class=\"w-btn-label\">Powr\u00f3t do przegl\u0105du<\/span><\/a><\/div><\/div><\/div><div class=\"wpb_column vc_column_container\"><div class=\"vc_column-inner\"><div class=\"w-image align_center\"><div class=\"w-image-h\"><img decoding=\"async\" width=\"2560\" height=\"1707\" src=\"https:\/\/gruene-wiesbaden.de\/wp-content\/uploads\/2025\/11\/3.2-Wiesbaden-als-attraktiver-Wirtschaftsstandort-scaled.jpg\" class=\"attachment-full size-full\" alt=\"\" loading=\"lazy\" srcset=\"https:\/\/gruene-wiesbaden.de\/wp-content\/uploads\/2025\/11\/3.2-Wiesbaden-als-attraktiver-Wirtschaftsstandort-scaled.jpg 2560w, https:\/\/gruene-wiesbaden.de\/wp-content\/uploads\/2025\/11\/3.2-Wiesbaden-als-attraktiver-Wirtschaftsstandort-400x267.jpg 400w, https:\/\/gruene-wiesbaden.de\/wp-content\/uploads\/2025\/11\/3.2-Wiesbaden-als-attraktiver-Wirtschaftsstandort-600x400.jpg 600w\" sizes=\"auto, (max-width: 2560px) 100vw, 2560px\" \/><\/div><\/div><div class=\"w-separator size_small\"><\/div><\/div><\/div><\/div><div class=\"w-separator size_medium\"><\/div><div class=\"w-separator size_medium\"><\/div><div class=\"wpb_text_column\"><div class=\"wpb_wrapper\"><h1>Co uwa\u017camy za atrakcyjn\u0105 i zr\u00f3wnowa\u017con\u0105 lokalizacj\u0119 biznesow\u0105<\/h1>\n<\/div><\/div><div class=\"w-separator size_large\"><\/div><div class=\"g-cols wpb_row via_grid cols_2 laptops-cols_inherit tablets-cols_inherit mobiles-cols_1 valign_top type_default stacking_default\" style=\"--columns-gap:3rem;\"><div class=\"wpb_column vc_column_container\"><div class=\"vc_column-inner\"><div class=\"w-iconbox us_custom_8b3d6790 has_text_color iconpos_left style_default color_custom align_left\"><div class=\"w-iconbox-icon\" style=\"font-size:2rem;--icon-color:#Ffffff;--icon-bg-color:var(--color-header-middle-bg);\"><i class=\"fas fa-layer-group\"><\/i><\/div><div class=\"w-iconbox-meta\"><h4 class=\"w-iconbox-title\" style=\"font-size:1.5rem;\">R\u00f3\u017cnorodno\u015b\u0107 i odporno\u015b\u0107<\/h4><div class=\"w-iconbox-text\"><p><span style=\"font-weight: 400;\">Ugruntowane przedsi\u0119biorstwa z wielu bran\u017c oraz \u015brodowisko sprzyjaj\u0105ce start-upom i innowacjom wzmacniaj\u0105 odporno\u015b\u0107 naszej lokalnej gospodarki.<\/span><\/p>\n<\/div><\/div><\/div><\/div><\/div><div class=\"wpb_column vc_column_container\"><div class=\"vc_column-inner\"><div class=\"w-iconbox us_custom_8b3d6790 has_text_color iconpos_left style_default color_custom align_left\"><div class=\"w-iconbox-icon\" style=\"font-size:2rem;--icon-color:#Ffffff;--icon-bg-color:var(--color-header-transparent-text);\"><i class=\"fas fa-layer-group\"><\/i><\/div><div class=\"w-iconbox-meta\"><h4 class=\"w-iconbox-title\" style=\"font-size:1.5rem;\">Zr\u00f3wnowa\u017cony rozw\u00f3j i \u015bwiadomo\u015b\u0107 ekologiczna<\/h4><div class=\"w-iconbox-text\"><p><span style=\"font-weight: 400;\">Dost\u0119pno\u015b\u0107 energii neutralnej dla klimatu, oferty zr\u00f3wnowa\u017conej mobilno\u015bci i efektywne wykorzystanie istniej\u0105cego potencja\u0142u grunt\u00f3w s\u0105 wa\u017cnymi warunkami wst\u0119pnymi zr\u00f3wnowa\u017conego wzrostu gospodarczego i odpowiedzialnego ekologicznie rozwoju gospodarczego.<\/span><\/p>\n<\/div><\/div><\/div><\/div><\/div><\/div><div class=\"w-separator size_medium\"><\/div><div class=\"g-cols wpb_row via_grid cols_2 laptops-cols_inherit tablets-cols_inherit mobiles-cols_1 valign_top type_default stacking_default\" style=\"--columns-gap:3rem;\"><div class=\"wpb_column vc_column_container\"><div class=\"vc_column-inner\"><div class=\"w-iconbox us_custom_8b3d6790 has_text_color iconpos_left style_default color_custom align_left\"><div class=\"w-iconbox-icon\" style=\"font-size:2rem;--icon-color:#Ffffff;--icon-bg-color:var(--color-header-transparent-text);\"><i class=\"fas fa-layer-group\"><\/i><\/div><div class=\"w-iconbox-meta\"><h4 class=\"w-iconbox-title\" style=\"font-size:1.5rem;\">R\u00f3wne szanse i uczestnictwo<\/h4><div class=\"w-iconbox-text\"><p><span style=\"font-weight: 400;\">Uczciwe zam\u00f3wienia publiczne, dostosowane do potrzeb wsparcie dla za\u0142o\u017cycieli, rekrutacja m\u0142odych talent\u00f3w i wykwalifikowanych pracownik\u00f3w, a tak\u017ce wsparcie dla innowacji spo\u0142ecznych zapewniaj\u0105 r\u00f3wne szanse gospodarcze.<\/span><\/p>\n<\/div><\/div><\/div><\/div><\/div><div class=\"wpb_column vc_column_container\"><div class=\"vc_column-inner\"><div class=\"w-iconbox us_custom_8b3d6790 has_text_color iconpos_left style_default color_custom align_left\"><div class=\"w-iconbox-icon\" style=\"font-size:2rem;--icon-color:#Ffffff;--icon-bg-color:var(--color-header-middle-bg);\"><i class=\"fas fa-layer-group\"><\/i><\/div><div class=\"w-iconbox-meta\"><h4 class=\"w-iconbox-title\" style=\"font-size:1.5rem;\">Innowacje i cyfryzacja<\/h4><div class=\"w-iconbox-text\"><p><span style=\"font-weight: 400;\">Przedsi\u0119biorstwa typu start-up, przedsi\u0119biorstwa technologiczne, projekty inteligentnych miast i us\u0142ugi cyfrowe promuj\u0105 przysz\u0142\u0105 rentowno\u015b\u0107, tworzenie sieci kontakt\u00f3w i konkurencyjno\u015b\u0107 gospodarcz\u0105.<\/span><\/p>\n<\/div><\/div><\/div><\/div><\/div><\/div><div class=\"w-separator size_medium\"><\/div><div class=\"g-cols wpb_row via_grid cols_2 laptops-cols_inherit tablets-cols_inherit mobiles-cols_1 valign_top type_default stacking_default\" style=\"--columns-gap:3rem;\"><div class=\"wpb_column vc_column_container\"><div class=\"vc_column-inner\"><div class=\"w-iconbox us_custom_8b3d6790 has_text_color iconpos_left style_default color_custom align_left\"><div class=\"w-iconbox-icon\" style=\"font-size:2rem;--icon-color:#Ffffff;--icon-bg-color:var(--color-header-middle-bg);\"><i class=\"fas fa-layer-group\"><\/i><\/div><div class=\"w-iconbox-meta\"><h4 class=\"w-iconbox-title\" style=\"font-size:1.5rem;\">Zarz\u0105dzanie strategiczne i wsp\u00f3\u0142praca<\/h4><div class=\"w-iconbox-text\"><p><span style=\"font-weight: 400;\">Ukierunkowany rozw\u00f3j obszaru, wsp\u00f3\u0142praca mi\u0119dzygminna i aktywne projektowanie \u015br\u00f3dmie\u015bcia umo\u017cliwiaj\u0105 efektywne wykorzystanie zasob\u00f3w i wzmacniaj\u0105 Wiesbaden jako lokalizacj\u0119.<\/span><\/p>\n<\/div><\/div><\/div><\/div><\/div><div class=\"wpb_column vc_column_container\"><div class=\"vc_column-inner\"><div class=\"w-iconbox us_custom_8b3d6790 has_text_color iconpos_left style_default color_custom align_left\"><div class=\"w-iconbox-icon\" style=\"font-size:2rem;--icon-color:#Ffffff;--icon-bg-color:var(--color-header-transparent-text);\"><i class=\"fas fa-layer-group\"><\/i><\/div><div class=\"w-iconbox-meta\"><h4 class=\"w-iconbox-title\" style=\"font-size:1.5rem;\">Witalno\u015b\u0107 ekonomiczna dzi\u0119ki kreatywno\u015bci i duchowi przedsi\u0119biorczo\u015bci<\/h4><div class=\"w-iconbox-text\"><p><span style=\"font-weight: 400;\">Projekty pop-up, inkubatory i odrodzenie kulturalne \u015br\u00f3dmie\u015bcia promuj\u0105 lokaln\u0105 gospodark\u0119, zatrudnienie i kultur\u0119 innowacji.<\/span><\/p>\n<\/div><\/div><\/div><\/div><\/div><\/div><div class=\"w-separator size_medium\"><\/div><div class=\"g-cols wpb_row via_grid cols_2 laptops-cols_inherit tablets-cols_inherit mobiles-cols_1 valign_top type_default stacking_default\" style=\"--columns-gap:3rem;\"><div class=\"wpb_column vc_column_container\"><div class=\"vc_column-inner\"><div class=\"w-iconbox us_custom_8b3d6790 has_text_color iconpos_left style_default color_custom align_left\"><div class=\"w-iconbox-icon\" style=\"font-size:2rem;--icon-color:#Ffffff;--icon-bg-color:var(--color-header-transparent-text);\"><i class=\"fas fa-layer-group\"><\/i><\/div><div class=\"w-iconbox-meta\"><h4 class=\"w-iconbox-title\" style=\"font-size:1.5rem;\">Opieka zdrowotna jako si\u0142a nap\u0119dowa wzrostu<\/h4><div class=\"w-iconbox-text\"><p><span style=\"font-weight: 400;\">Promowanie infrastruktury medycznej, profilaktyki i innowacji wzmacnia zr\u00f3wnowa\u017cony, zorientowany na przysz\u0142o\u015b\u0107 przemys\u0142.<\/span><\/p>\n<\/div><\/div><\/div><\/div><\/div><div class=\"wpb_column vc_column_container\"><div class=\"vc_column-inner\"><\/div><\/div><\/div><div class=\"w-separator size_medium\"><\/div><div class=\"w-btn-wrapper align_left\"><a class=\"w-btn us-btn-style_8 icon_atleft\" href=\"https:\/\/gruene-wiesbaden.de\/pl\/kommunalwahl\/#Kapitel3\"><i class=\"fas fa-chevron-circle-right\"><\/i><span class=\"w-btn-label\">Powr\u00f3t do przegl\u0105du<\/span><\/a><\/div><div class=\"w-separator size_medium\"><\/div><\/div><\/div><\/div><\/div><\/section><section class=\"l-section wpb_row height_auto with_img\"><div class=\"l-section-img\" role=\"img\" data-img-width=\"2560\" data-img-height=\"1707\" style=\"background-image: url(https:\/\/gruene-wiesbaden.de\/wp-content\/uploads\/2025\/11\/3.2-Wiesbaden-als-attraktiver-Wirtschaftsstandort-scaled.jpg);background-repeat: no-repeat;\"><\/div><div class=\"l-section-overlay\" style=\"background:var(--color-header-top-transparent-bg)\"><\/div><div class=\"l-section-h i-cf\"><div class=\"g-cols vc_row via_grid cols_1 laptops-cols_inherit tablets-cols_inherit mobiles-cols_1 valign_middle type_default stacking_default\" style=\"--columns-gap:1rem;\"><div class=\"wpb_column vc_column_container\"><div class=\"vc_column-inner\"><div class=\"w-separator size_large\"><\/div><div class=\"wpb_text_column background_inside_text\"><div class=\"wpb_wrapper\"><h1>Co chcemy zrobi\u0107 konkretnie w tej dziedzinie<\/h1>\n<\/div><\/div><div class=\"w-separator size_medium\"><\/div><div class=\"w-tabs us_custom_42d693a0 has_text_color style_default switch_click accordion has_scrolling\" style=\"--sections-title-size:1.4rem\"><div class=\"w-tabs-sections titles-align_none icon_chevron cpos_right\"><div class=\"w-tabs-section has_text_color\" id=\"a9ad\" style=\"background:var(--color-header-transparent-text);color:var(--color-header-top-text-hover);\"><button class=\"w-tabs-section-header\" aria-controls=\"content-a9ad\" aria-expanded=\"false\"><div class=\"w-tabs-section-title\">Odporno\u015b\u0107 dzi\u0119ki r\u00f3\u017cnorodno\u015bci<\/div><div class=\"w-tabs-section-control\"><\/div><\/button><div  class=\"w-tabs-section-content\" id=\"content-a9ad\"><div class=\"w-tabs-section-content-h i-cf\"><div class=\"wpb_text_column\"><div class=\"wpb_wrapper\"><p><span style=\"font-weight: 400;\">Gospodarka Wiesbaden charakteryzuje si\u0119 du\u017c\u0105 r\u00f3\u017cnorodno\u015bci\u0105 bran\u017c, kt\u00f3re chcemy zachowa\u0107. Zapewnia to odporno\u015b\u0107 w czasach kryzysu. Nale\u017c\u0105 do nich mi\u0119dzy innymi finanse i ubezpieczenia, przemys\u0142, opieka zdrowotna, bran\u017ce kreatywne.<\/span><\/p>\n<\/div><\/div><\/div><\/div><\/div><div class=\"w-tabs-section has_text_color\" id=\"uaed\" style=\"background:var(--color-header-transparent-text);color:var(--color-header-top-text-hover);\"><button class=\"w-tabs-section-header\" aria-controls=\"content-uaed\" aria-expanded=\"false\"><div class=\"w-tabs-section-title\">Promowanie zasobooszcz\u0119dnego wzrostu lokalnej gospodarki<\/div><div class=\"w-tabs-section-control\"><\/div><\/button><div  class=\"w-tabs-section-content\" id=\"content-uaed\"><div class=\"w-tabs-section-content-h i-cf\"><div class=\"wpb_text_column\"><div class=\"wpb_wrapper\"><p><span style=\"font-weight: 400;\">My, Zieloni, chcemy przyspieszy\u0107 transformacj\u0119 i wspiera\u0107 transformacj\u0119 w kierunku energii neutralnych dla klimatu, a tak\u017ce transformacj\u0119 cyfrow\u0105. Chcemy inspirowa\u0107 firmy z tych obszar\u00f3w dla Wiesbaden.<\/span><\/p>\n<\/div><\/div><\/div><\/div><\/div><div class=\"w-tabs-section has_text_color\" id=\"mc14\" style=\"background:var(--color-header-transparent-text);color:var(--color-header-top-text-hover);\"><button class=\"w-tabs-section-header\" aria-controls=\"content-mc14\" aria-expanded=\"false\"><div class=\"w-tabs-section-title\">Kompleksowa poprawa warunk\u00f3w lokalizacyjnych<\/div><div class=\"w-tabs-section-control\"><\/div><\/button><div  class=\"w-tabs-section-content\" id=\"content-mc14\"><div class=\"w-tabs-section-content-h i-cf\"><div class=\"wpb_text_column\"><div class=\"wpb_wrapper\"><p><span style=\"font-weight: 400;\">Kompleksowo rozumiemy dobre warunki lokalizacyjne. Opr\u00f3cz dost\u0119pnej powierzchni komercyjnej obejmuje to dobr\u0105 infrastruktur\u0119 transportow\u0105 (w tym dobry transport publiczny i trasy rowerowe), bezpieczne i przyst\u0119pne cenowo dostawy energii, szybsze procesy zatwierdzania w mie\u015bcie, na przyk\u0142ad poprzez cyfryzacj\u0119, mo\u017cliwo\u015bci zatrudnienia i nauki dla m\u0142odych ludzi, a tak\u017ce wszystko, co utrzymuje wykwalifikowanych pracownik\u00f3w w naszym mie\u015bcie: niedrogie apartamenty, dobre szko\u0142y i plac\u00f3wki opieki nad dzie\u0107mi, atrakcyjna oferta kulturalna i rekreacyjna, czyste powietrze, du\u017co zieleni i zno\u015bna przestrze\u0144 publiczna.<\/span><\/p>\n<\/div><\/div><\/div><\/div><\/div><div class=\"w-tabs-section has_text_color\" id=\"md3c\" style=\"background:var(--color-header-middle-bg);color:var(--color-content-heading);\"><button class=\"w-tabs-section-header\" aria-controls=\"content-md3c\" aria-expanded=\"false\"><div class=\"w-tabs-section-title\">Promowanie Wiesbaden jako miejsca rozpocz\u0119cia dzia\u0142alno\u015bci<\/div><div class=\"w-tabs-section-control\"><\/div><\/button><div  class=\"w-tabs-section-content\" id=\"content-md3c\"><div class=\"w-tabs-section-content-h i-cf\"><div class=\"wpb_text_column\"><div class=\"wpb_wrapper\"><p><span style=\"font-weight: 400;\">Dynamiczna, innowacyjna scena startupowa inspiruje gospodark\u0119. Ale za\u0142o\u017cyciele potrzebuj\u0105 r\u00f3wnie\u017c dostosowanych do potrzeb porad i wsparcia na drodze do osi\u0105gni\u0119cia sukcesu firmy. Chcemy dalej wzmacnia\u0107 i utrwala\u0107 ekosystem za\u0142o\u017cycieli, kt\u00f3ry uruchomili\u015bmy ju\u017c w ostatniej kadencji parlamentarnej, wraz z podmiotami ze sceny start-up\u00f3w. W Centrum Start-up\u00f3w i Innowacji \u201eHeimathafen\u201d (Stary S\u0105d) centrum start-up\u00f3w w dziedzinie spo\u0142ecznej i zr\u00f3wnowa\u017conego rozwoju ma si\u0119 rozwija\u0107 jako zal\u0105\u017cek nowych rozwi\u0105za\u0144 w zakresie przedsi\u0119biorczo\u015bci na potrzeby przysz\u0142ych zada\u0144 spo\u0142ecznych. Inne tematy obejmuj\u0105 tanie biura dla za\u0142o\u017cycieli, na przyk\u0142ad w bloku start-up, a tak\u017ce wsparcie sukcesji firm.<\/span><\/p>\n<\/div><\/div><\/div><\/div><\/div><div class=\"w-tabs-section has_text_color\" id=\"ge74\" style=\"background:var(--color-header-transparent-text);color:var(--color-header-top-text-hover);\"><button class=\"w-tabs-section-header\" aria-controls=\"content-ge74\" aria-expanded=\"false\"><div class=\"w-tabs-section-title\">Strategiczne zarz\u0105dzanie konfiguracj\u0105 firmy<\/div><div class=\"w-tabs-section-control\"><\/div><\/button><div  class=\"w-tabs-section-content\" id=\"content-ge74\"><div class=\"w-tabs-section-content-h i-cf\"><div class=\"wpb_text_column\"><div class=\"wpb_wrapper\"><p><span style=\"font-weight: 400;\">Obszary s\u0105 rzadkim towarem w naszym wysoce skondensowanym regionie. Dlatego chcemy dalej rozwija\u0107 profil naszej lokalizacji i poszerza\u0107 istniej\u0105ce mocne strony. Za pomoc\u0105 ju\u017c ustalonej koncepcji zagospodarowania przestrzeni komercyjnej chcemy po\u0142\u0105czy\u0107 zasoby, opracowa\u0107 strategicznie zorientowane zarz\u0105dzanie osadnictwem i okre\u015bli\u0107 kryteria alokacji miejskiej przestrzeni komercyjnej. W tym kontek\u015bcie wa\u017cn\u0105 rol\u0119 powinny odgrywa\u0107 kryteria zr\u00f3wnowa\u017conego rozwoju spo\u0142ecznego, ekologicznego i gospodarczego.<\/span><\/p>\n<\/div><\/div><\/div><\/div><\/div><div class=\"w-tabs-section has_text_color\" id=\"hf98\" style=\"background:var(--color-header-middle-bg);color:var(--color-header-middle-text);\"><button class=\"w-tabs-section-header\" aria-controls=\"content-hf98\" aria-expanded=\"false\"><div class=\"w-tabs-section-title\">Rozw\u00f3j obszar\u00f3w przemys\u0142owych w zr\u00f3wnowa\u017cony spos\u00f3b<\/div><div class=\"w-tabs-section-control\"><\/div><\/button><div  class=\"w-tabs-section-content\" id=\"content-hf98\"><div class=\"w-tabs-section-content-h i-cf\"><div class=\"wpb_text_column\"><div class=\"wpb_wrapper\"><p><span style=\"font-weight: 400;\">My, Zieloni, chcemy w spos\u00f3b zr\u00f3wnowa\u017cony rozwija\u0107 rzadziej wykorzystywane obszary przemys\u0142owe (np. na Petersweg) oraz tworzy\u0107 dalsze potencja\u0142y kosmiczne, na przyk\u0142ad poprzez zwi\u0119kszenie powierzchni tego obszaru. Mo\u017cemy efektywniej korzysta\u0107 z parking\u00f3w, na przyk\u0142ad poprzez parkingi centralne. Ponadto nale\u017cy wyznaczy\u0107 nowe lokale handlowe.<\/span><\/p>\n<\/div><\/div><\/div><\/div><\/div><div class=\"w-tabs-section has_text_color\" id=\"m0bc\" style=\"background:var(--color-header-transparent-text);color:var(--color-header-top-text-hover);\"><button class=\"w-tabs-section-header\" aria-controls=\"content-m0bc\" aria-expanded=\"false\"><div class=\"w-tabs-section-title\">Promowanie wsp\u00f3\u0142pracy mi\u0119dzygminnej<\/div><div class=\"w-tabs-section-control\"><\/div><\/button><div  class=\"w-tabs-section-content\" id=\"content-m0bc\"><div class=\"w-tabs-section-content-h i-cf\"><div class=\"wpb_text_column\"><div class=\"wpb_wrapper\"><p><span style=\"font-weight: 400;\">Nasze roszczenie jest nast\u0119puj\u0105ce: Nieszablonowe my\u015blenie, \u0142\u0105czenie zasob\u00f3w i wykorzystywanie synergii w regionie, w tym nad Renem. Odbywa si\u0119 to ju\u017c na przyk\u0142ad w turystyce (fundacja miejscowo\u015bci Wiesbaden-Rheingau) lub we wsp\u00f3lnej bioelektrowni. D\u0105\u017cymy r\u00f3wnie\u017c do wsp\u00f3\u0142pracy mi\u0119dzygminnej w zakresie rozwoju obszar\u00f3w handlowych (np. na nowym w\u0119\u017ale S-Bahn Wallauer Spange).<\/span><\/p>\n<\/div><\/div><\/div><\/div><\/div><div class=\"w-tabs-section has_text_color\" id=\"p1f2\" style=\"background:var(--color-header-transparent-text);color:var(--color-header-top-text-hover);\"><button class=\"w-tabs-section-header\" aria-controls=\"content-p1f2\" aria-expanded=\"false\"><div class=\"w-tabs-section-title\">Aktywnie towarzyszy zmianom w centrum miasta<\/div><div class=\"w-tabs-section-control\"><\/div><\/button><div  class=\"w-tabs-section-content\" id=\"content-p1f2\"><div class=\"w-tabs-section-content-h i-cf\"><div class=\"wpb_text_column\"><div class=\"wpb_wrapper\"><p><span style=\"font-weight: 400;\">Przysz\u0142o\u015b\u0107 centrum miasta i centr\u00f3w dzielnic le\u017cy w nowej kombinacji zastosowa\u0144: Wi\u0119cej gastronomii, edukacji, kultury i mieszkalnictwa, ale tak\u017ce zastosowa\u0144 publicznych, a tak\u017ce nowych kreatywnych koncepcji handlu detalicznego. D\u0105\u017cymy do tego, aby gmina odgrywa\u0142a aktywn\u0105, strategiczn\u0105 rol\u0119 w tym procesie zmian.<\/span><\/p>\n<p><span style=\"font-weight: 400;\">Jednak puste budynki (np. dawna Galeria) nie mog\u0105 zosta\u0107 zakupione i zagospodarowane przez miasto. Dlatego popieramy wszelkie wysi\u0142ki na rzecz przywr\u00f3cenia handlu w tych lokalizacjach, a tak\u017ce po\u0142\u0105czenia go z zastosowaniami publicznymi. \u0141\u0105czymy r\u00f3\u017cne podmioty, korzystamy z program\u00f3w finansowania, ustanawiamy zintegrowane zarz\u0105dzanie wakatami i osiedlami oraz sprawiamy, \u017ce przestrze\u0144 publiczna staje si\u0119 bardziej ekologiczna i bardziej zdatna do \u017cycia.<\/span><\/p>\n<\/div><\/div><\/div><\/div><\/div><div class=\"w-tabs-section has_text_color\" id=\"g31e\" style=\"background:var(--color-header-transparent-text);color:var(--color-header-top-text-hover);\"><button class=\"w-tabs-section-header\" aria-controls=\"content-g31e\" aria-expanded=\"false\"><div class=\"w-tabs-section-title\">Zwalczanie wakat\u00f3w w nieruchomo\u015bciach komercyjnych<\/div><div class=\"w-tabs-section-control\"><\/div><\/button><div  class=\"w-tabs-section-content\" id=\"content-g31e\"><div class=\"w-tabs-section-content-h i-cf\"><div class=\"wpb_text_column\"><div class=\"wpb_wrapper\"><p><span style=\"font-weight: 400;\">Dzi\u0119ki tymczasowemu wykorzystaniu wolnych przedsi\u0119biorstw zgodnie z zasad\u0105 pop-up zapewniamy o\u017cywienie wraz z zaanga\u017cowanymi obywatelami i inicjatywami. W tym miejscu widoczny staje si\u0119 ogromny potencja\u0142 projekt\u00f3w kulturalnych i spo\u0142eczno\u015bciowych.<\/span><\/p>\n<\/div><\/div><\/div><\/div><\/div><div class=\"w-tabs-section has_text_color\" id=\"z438\" style=\"background:var(--color-header-transparent-text);color:var(--color-header-top-text-hover);\"><button class=\"w-tabs-section-header\" aria-controls=\"content-z438\" aria-expanded=\"false\"><div class=\"w-tabs-section-title\">Ustanowienie statutu pierwokupu dla centrum miasta<\/div><div class=\"w-tabs-section-control\"><\/div><\/button><div  class=\"w-tabs-section-content\" id=\"content-z438\"><div class=\"w-tabs-section-content-h i-cf\"><div class=\"wpb_text_column\"><div class=\"wpb_wrapper\"><p><span style=\"font-weight: 400;\">W\u0142asno\u015b\u0107 nieruchomo\u015bci jest g\u0142\u00f3wnym czynnikiem rozwoju obszar\u00f3w miejskich. Dzi\u0119ki ustawie o prawie pierwokupu zgodnie z \u00a725 BauGB chcemy uzyska\u0107 wp\u0142yw miejski na strategicznie wa\u017cne obszary w centrum miasta i innych odpowiednich dzielnicach oraz prze\u0142ama\u0107 cykle spekulacyjne.<\/span><\/p>\n<\/div><\/div><\/div><\/div><\/div><div class=\"w-tabs-section has_text_color\" id=\"p555\" style=\"background:var(--color-header-transparent-text);color:var(--color-header-top-text-hover);\"><button class=\"w-tabs-section-header\" aria-controls=\"content-p555\" aria-expanded=\"false\"><div class=\"w-tabs-section-title\">Wzmocnienie sektora opieki zdrowotnej jako profilu lokalizacji<\/div><div class=\"w-tabs-section-control\"><\/div><\/button><div  class=\"w-tabs-section-content\" id=\"content-p555\"><div class=\"w-tabs-section-content-h i-cf\"><div class=\"wpb_text_column\"><div class=\"wpb_wrapper\"><p><span style=\"font-weight: 400;\">Wiesbaden ma du\u017cy potencja\u0142 w bran\u017cy opieki zdrowotnej dzi\u0119ki klinikom, plac\u00f3wkom rehabilitacyjnym, \u0142a\u017aniom i przemys\u0142owemu sektorowi zdrowia. Dzi\u0119ki \u201ecentralnemu planowi gospodarki zdrowotnej\u201d chcemy zapewni\u0107 sektorowi opieki zdrowotnej w Wiesbaden pozycj\u0119 na przysz\u0142o\u015b\u0107. Obejmuje to nawi\u0105zywanie kontakt\u00f3w mi\u0119dzy uczestnikami, koordynacj\u0119 proces\u00f3w i planowanie urbanistyczne obszar\u00f3w rozwoju. W ten spos\u00f3b plan \u0142\u0105czy polityk\u0119, \u015bwiadczeniodawc\u00f3w, biznes i badania w celu wzmocnienia Wiesbaden jako lokalizacji biznesowej w sektorze zdrowia, a jednocze\u015bnie zapewnienia i poprawy opieki medycznej ludzi.<\/span><\/p>\n<\/div><\/div><\/div><\/div><\/div><\/div><\/div><div class=\"w-separator size_medium\"><\/div><div class=\"w-btn-wrapper align_left\"><a class=\"w-btn us-btn-style_8 icon_atleft\" href=\"https:\/\/gruene-wiesbaden.de\/pl\/kommunalwahl\/#Kapitel3\"><i class=\"fas fa-chevron-circle-right\"><\/i><span class=\"w-btn-label\">Powr\u00f3t do przegl\u0105du<\/span><\/a><\/div><div class=\"w-separator size_large\"><\/div><div class=\"wpb_text_column\"><div class=\"wpb_wrapper\"><h1>Co ju\u017c osi\u0105gn\u0119li\u015bmy<\/h1>\n<\/div><\/div><div class=\"w-separator size_medium\"><\/div><div class=\"w-tabs us_custom_42d693a0 has_text_color style_default switch_click accordion has_scrolling\" style=\"--sections-title-size:1.4rem\"><div class=\"w-tabs-sections titles-align_none icon_chevron cpos_right\"><div class=\"w-tabs-section has_text_color\" id=\"sc9f\" style=\"background:var(--color-header-transparent-text);color:var(--color-header-top-text-hover);\"><button class=\"w-tabs-section-header\" aria-controls=\"content-sc9f\" aria-expanded=\"false\"><div class=\"w-tabs-section-title\">Koncepcja zagospodarowania przestrzeni komercyjnej GEKO 2040<\/div><div class=\"w-tabs-section-control\"><\/div><\/button><div  class=\"w-tabs-section-content\" id=\"content-sc9f\"><div class=\"w-tabs-section-content-h i-cf\"><div class=\"wpb_text_column\"><div class=\"wpb_wrapper\"><p><span style=\"font-weight: 400;\">Wraz z GEKO 2040 Wiesbaden ma po raz pierwszy strategiczn\u0105 koncepcj\u0119 systematycznego i zr\u00f3wnowa\u017conego kontrolowania rozwoju powierzchni komercyjnej. Przeanalizuje on istniej\u0105ce grunty, okre\u015bli przysz\u0142e potrzeby i opracuje kryteria op\u0142acalnego pod wzgl\u0119dem ekologicznym, spo\u0142ecznym i ekonomicznym u\u017cytkowania. W ten spos\u00f3b zapobiegamy uszczelnianiu grunt\u00f3w, wzmacniamy osadnictwo zr\u00f3wnowa\u017conych przedsi\u0119biorstw i zapewniamy dobre miejsca pracy na miejscu. GEKO 2040 jest centralnym elementem odpornej i przyjaznej dla klimatu polityki gospodarczej w naszym mie\u015bcie.<\/span><\/p>\n<\/div><\/div><\/div><\/div><\/div><div class=\"w-tabs-section has_text_color\" id=\"tdeb\" style=\"background:var(--color-header-transparent-text);color:var(--color-header-top-text-hover);\"><button class=\"w-tabs-section-header\" aria-controls=\"content-tdeb\" aria-expanded=\"false\"><div class=\"w-tabs-section-title\">Rada Konsultacyjna ds. Przemys\u0142owych<\/div><div class=\"w-tabs-section-control\"><\/div><\/button><div  class=\"w-tabs-section-content\" id=\"content-tdeb\"><div class=\"w-tabs-section-content-h i-cf\"><div class=\"wpb_text_column\"><div class=\"wpb_wrapper\"><p><span style=\"font-weight: 400;\">Dzi\u0119ki Przemys\u0142owej Radzie Doradczej zainicjowanej przez miasto Wiesbaden jako organ miejski stworzyli\u015bmy wi\u0105\u017c\u0105cy dialog mi\u0119dzy polityk\u0105, administracj\u0105 i przemys\u0142em. Pod przewodnictwem naszego zielonego przedstawiciela i burmistrza bran\u017cowa rada doradcza zrzesza firmy, izby, zwi\u0105zki zawodowe i \u015brodowiska akademickie, aby wsp\u00f3lnie pracowa\u0107 nad zr\u00f3wnowa\u017con\u0105 transformacj\u0105 gospodarcz\u0105. Zamiast indywidualnych interes\u00f3w, nacisk k\u0142adzie si\u0119 na wsp\u00f3\u0142prac\u0119, ochron\u0119 klimatu i zapewnienie wykwalifikowanych pracownik\u00f3w. W ten spos\u00f3b aktywnie kszta\u0142tujemy przysz\u0142o\u015b\u0107 przemys\u0142u w Wiesbaden \u2013 w spos\u00f3b przejrzysty, partnerski i zgodny z odpowiedzialno\u015bci\u0105 za \u015brodowisko i sprawiedliwo\u015bci\u0105 spo\u0142eczn\u0105.<\/span><\/p>\n<\/div><\/div><\/div><\/div><\/div><div class=\"w-tabs-section has_text_color\" id=\"rf12\" style=\"background:var(--color-header-transparent-text);color:var(--color-header-top-text-hover);\"><button class=\"w-tabs-section-header\" aria-controls=\"content-rf12\" aria-expanded=\"false\"><div class=\"w-tabs-section-title\">Strategiczne wzmocnienie Wiesbaden jako lokalizacji przemys\u0142owej<\/div><div class=\"w-tabs-section-control\"><\/div><\/button><div  class=\"w-tabs-section-content\" id=\"content-rf12\"><div class=\"w-tabs-section-content-h i-cf\"><div class=\"wpb_text_column\"><div class=\"wpb_wrapper\"><p><span style=\"font-weight: 400;\">Dzi\u0119ki badaniu przemys\u0142owemu Wiesbaden po raz pierwszy kompleksowo przeanalizowali\u015bmy potrzeby i potencja\u0142 naszego lokalnego przemys\u0142u. Wyniki b\u0119d\u0105 dost\u0119pne do ko\u0144ca 2025 r. Celem badania jest dostarczenie wiarygodnych danych na temat czynnik\u00f3w lokalizacji, zabezpieczenia wykwalifikowanych pracownik\u00f3w i trend\u00f3w rozwojowych. Na ich podstawie mo\u017cemy sformu\u0142owa\u0107 konkretne zalecenia dotycz\u0105ce dzia\u0142a\u0144 i w\u0142\u0105czy\u0107 je do lokalnej polityki gospodarczej. W ten spos\u00f3b wzmacniamy konkurencyjno\u015b\u0107 przemys\u0142u Wiesbaden, zapewniamy miejsca pracy, promujemy innowacje i tworzymy podstawy zr\u00f3wnowa\u017conego przemys\u0142u w Wiesbaden.<\/span><\/p>\n<\/div><\/div><\/div><\/div><\/div><div class=\"w-tabs-section has_text_color\" id=\"r03e\" style=\"background:var(--color-header-middle-bg);color:var(--color-content-heading);\"><button class=\"w-tabs-section-header\" aria-controls=\"content-r03e\" aria-expanded=\"false\"><div class=\"w-tabs-section-title\">Tailwind dla startup\u00f3w<\/div><div class=\"w-tabs-section-control\"><\/div><\/button><div  class=\"w-tabs-section-content\" id=\"content-r03e\"><div class=\"w-tabs-section-content-h i-cf\"><div class=\"wpb_text_column\"><div class=\"wpb_wrapper\"><p><span style=\"font-weight: 400;\">Wiesbaden pojawi\u0142 si\u0119 na mapie hotspot\u00f3w za\u0142o\u017cycieli: Zapewniaj\u0105 to zindywidualizowane oferty wsparcia, szeroka sie\u0107, kontakty z inwestorami i Stary S\u0105d jako centrum innowacji.<\/span><\/p>\n<\/div><\/div><\/div><\/div><\/div><div class=\"w-tabs-section has_text_color\" id=\"g159\" style=\"background:var(--color-header-transparent-text);color:var(--color-header-top-text-hover);\"><button class=\"w-tabs-section-header\" aria-controls=\"content-g159\" aria-expanded=\"false\"><div class=\"w-tabs-section-title\">Dotacja na rozpocz\u0119cie dzia\u0142alno\u015bci InnoStartWi<\/div><div class=\"w-tabs-section-control\"><\/div><\/button><div  class=\"w-tabs-section-content\" id=\"content-g159\"><div class=\"w-tabs-section-content-h i-cf\"><div class=\"wpb_text_column\"><div class=\"wpb_wrapper\"><p><span style=\"font-weight: 400;\">Dzi\u0119ki grantowi dla start-up\u00f3w InnoStartWi nasze miasto wspiera ludzi, kt\u00f3rzy chc\u0105 rozpocz\u0105\u0107 innowacyjne, zr\u00f3wnowa\u017cone lub spo\u0142eczne pomys\u0142y biznesowe w Wiesbaden. Otrzymuj\u0105 do 1000 euro miesi\u0119cznie przez dwana\u015bcie miesi\u0119cy na realizacj\u0119 swoich pomys\u0142\u00f3w bez presji finansowej. Stwarza to uczciwy start dla wszystkich, niezale\u017cnie od w\u0142asnego kapita\u0142u. Wzmacnia to zr\u00f3\u017cnicowan\u0105 kultur\u0119 start-up\u00f3w, promuje zr\u00f3wnowa\u017cone pomys\u0142y biznesowe i przyczynia si\u0119 do zapewnienia, \u017ce Wiesbaden pozostanie atrakcyjn\u0105 lokalizacj\u0105 dla przysz\u0142o\u015bciowych firm.<\/span><\/p>\n<\/div><\/div><\/div><\/div><\/div><div class=\"w-tabs-section has_text_color\" id=\"w2a3\" style=\"background:var(--color-header-transparent-text);color:var(--color-header-top-text-hover);\"><button class=\"w-tabs-section-header\" aria-controls=\"content-w2a3\" aria-expanded=\"false\"><div class=\"w-tabs-section-title\">StartNagroda Wiesbaden 2024<\/div><div class=\"w-tabs-section-control\"><\/div><\/button><div  class=\"w-tabs-section-content\" id=\"content-w2a3\"><div class=\"w-tabs-section-content-h i-cf\"><div class=\"wpb_text_column\"><div class=\"wpb_wrapper\"><p><span style=\"font-weight: 400;\">Dzi\u0119ki StartAward 2024 umie\u015bcili\u015bmy scen\u0119 za\u0142o\u017cyciela Wiesbaden w centrum uwagi. Ponad 55 aplikacji pokazuje: Nasze miasto jest pe\u0142ne inteligentnych, kreatywnych i przedsi\u0119biorczych umys\u0142\u00f3w. Nagroda jest przyznawana za innowacyjne modele biznesowe, kt\u00f3re kszta\u0142tuj\u0105 przysz\u0142o\u015b\u0107, niezale\u017cnie od tego, czy chodzi o zr\u00f3wnowa\u017cony rozw\u00f3j, cyfryzacj\u0119 czy innowacje spo\u0142eczne. W szczeg\u00f3lno\u015bci nagroda specjalna \u201eImpact\u201d pokazuje, \u017ce sukces gospodarczy i spo\u0142eczna warto\u015b\u0107 dodana id\u0105 ze sob\u0105 w parze. W ten spos\u00f3b stanowimy zielony sygna\u0142 dla odpowiedzialnej, sprawiedliwej i zr\u00f3wnowa\u017conej gospodarki.<\/span><\/p>\n<\/div><\/div><\/div><\/div><\/div><div class=\"w-tabs-section has_text_color\" id=\"v3c9\" style=\"background:var(--color-header-transparent-text);color:var(--color-header-top-text-hover);\"><button class=\"w-tabs-section-header\" aria-controls=\"content-v3c9\" aria-expanded=\"false\"><div class=\"w-tabs-section-title\">Makerspace Wiesbaden \u2013 gminne wsparcie kreatywno\u015bci i technologii<\/div><div class=\"w-tabs-section-control\"><\/div><\/button><div  class=\"w-tabs-section-content\" id=\"content-v3c9\"><div class=\"w-tabs-section-content-h i-cf\"><div class=\"wpb_text_column\"><div class=\"wpb_wrapper\"><p><span style=\"font-weight: 400;\">Makerspace Wiesbaden jest aktywnie wspierany przez miasto: Fundusze miejskie zabezpieczaj\u0105 infrastruktur\u0119, koszty najmu i przestrzenie publiczne, w kt\u00f3rych odbywaj\u0105 si\u0119 warsztaty, regularne sto\u0142y i oferty projekt\u00f3w. Na przyk\u0142ad miasto umo\u017cliwia studentom, m\u0142odym doros\u0142ym i entuzjastom technologii uczenie si\u0119 w praktyczny spos\u00f3b, wdra\u017canie w\u0142asnych pomys\u0142\u00f3w i budowanie sieci. W ten spos\u00f3b polityka tworzy \u017cywe miejsce nauki i innowacji, kt\u00f3re trwale wzmacnia entuzjazm technologiczny, kreatywno\u015b\u0107 i spo\u0142eczno\u015b\u0107 w Wiesbaden.<\/span><\/p>\n<\/div><\/div><\/div><\/div><\/div><div class=\"w-tabs-section has_text_color\" id=\"r4f1\" style=\"background:var(--color-header-transparent-text);color:var(--color-header-top-text-hover);\"><button class=\"w-tabs-section-header\" aria-controls=\"content-r4f1\" aria-expanded=\"false\"><div class=\"w-tabs-section-title\">Social &amp; Sustainability Hub - Promowanie za\u0142o\u017cycieli poprzez strategi\u0119 miejsk\u0105<\/div><div class=\"w-tabs-section-control\"><\/div><\/button><div  class=\"w-tabs-section-content\" id=\"content-r4f1\"><div class=\"w-tabs-section-content-h i-cf\"><div class=\"wpb_text_column\"><div class=\"wpb_wrapper\"><p><span style=\"font-weight: 400;\">Social &amp; Sustainability Hub (S3HW) jest wynikiem ukierunkowanego wsparcia gminnego dla przedsi\u0119biorstw typu start-up: W 2024 r. miasto zapewni\u0142o infrastruktur\u0119, dost\u0119p do sieci i us\u0142ugi doradcze w celu wsparcia za\u0142o\u017cycieli zorientowanych spo\u0142eczno-ekologicznie. \u015arodki te wzmacniaj\u0105 Wiesbaden jako miejsce zr\u00f3wnowa\u017conych innowacji, \u0142\u0105cz\u0105 lokalny rozw\u00f3j gospodarczy z odpowiedzialno\u015bci\u0105 ekologiczn\u0105 i spo\u0142eczn\u0105 oraz zapewniaj\u0105 konkurencyjno\u015b\u0107 m\u0142odych przedsi\u0119biorstw w regionie.<\/span><\/p>\n<\/div><\/div><\/div><\/div><\/div><div class=\"w-tabs-section has_text_color\" id=\"g653\" style=\"background:var(--color-header-transparent-text);color:var(--color-header-top-text-hover);\"><button class=\"w-tabs-section-header\" aria-controls=\"content-g653\" aria-expanded=\"false\"><div class=\"w-tabs-section-title\">Us\u0142ugi cyfrowe dla firm<\/div><div class=\"w-tabs-section-control\"><\/div><\/button><div  class=\"w-tabs-section-content\" id=\"content-g653\"><div class=\"w-tabs-section-content-h i-cf\"><div class=\"wpb_text_column\"><div class=\"wpb_wrapper\"><p><span style=\"font-weight: 400;\">Wiesbaden aktywnie wspiera firmy w ich cyfrowej transformacji. W maju 2025 r. zaprezentowano Wiesbaden 2030 Crafts Agenda. Dzi\u0119ki niemu wzmacniamy firmy rzemie\u015blnicze naszego miasta i towarzyszymy im szczeg\u00f3lnie w cyfryzacji. W szczeg\u00f3lno\u015bci promuje przedsi\u0119biorstwa rzemie\u015blnicze poprzez rozbudow\u0119 infrastruktury \u015bwiat\u0142owodowej i rozw\u00f3j innowacyjnych rozwi\u0105za\u0144 inteligentnych miast.<\/span><\/p>\n<p><span style=\"font-weight: 400;\">Ponadto od 2025 r. konto przedsi\u0119biorstwa wprowadzi centralny cyfrowy dost\u0119p do us\u0142ug miejskich, umo\u017cliwiaj\u0105c przedsi\u0119biorstwom bezpo\u015bredni, wygodny dost\u0119p do wszystkich odpowiednich us\u0142ug.<\/span><\/p>\n<\/div><\/div><\/div><\/div><\/div><div class=\"w-tabs-section has_text_color\" id=\"e77a\" style=\"background:var(--color-header-transparent-text);color:var(--color-header-top-text-hover);\"><button class=\"w-tabs-section-header\" aria-controls=\"content-e77a\" aria-expanded=\"false\"><div class=\"w-tabs-section-title\">WiTECH Alliance<\/div><div class=\"w-tabs-section-control\"><\/div><\/button><div  class=\"w-tabs-section-content\" id=\"content-e77a\"><div class=\"w-tabs-section-content-h i-cf\"><div class=\"wpb_text_column\"><div class=\"wpb_wrapper\"><p><span style=\"font-weight: 400;\">W styczniu 2024 r. uruchomiono sojusz WiTECH. \u0141\u0105czy firmy technologiczne i informatyczne z Wiesbaden i promuje innowacyjne, cyfrowe projekty. Stwarza to silny lokalny ekosystem technologiczny, kt\u00f3ry wspiera za\u0142o\u017cycieli, start-upy i firmy oraz wzmacnia miasto jako miejsce innowacji cyfrowych.<\/span><\/p>\n<\/div><\/div><\/div><\/div><\/div><div class=\"w-tabs-section has_text_color\" id=\"f89e\" style=\"background:var(--color-header-transparent-text);color:var(--color-header-top-text-hover);\"><button class=\"w-tabs-section-header\" aria-controls=\"content-f89e\" aria-expanded=\"false\"><div class=\"w-tabs-section-title\">Szczyt \u015bwiat\u0142owodowy<\/div><div class=\"w-tabs-section-control\"><\/div><\/button><div  class=\"w-tabs-section-content\" id=\"content-f89e\"><div class=\"w-tabs-section-content-h i-cf\"><div class=\"wpb_text_column\"><div class=\"wpb_wrapper\"><p><span style=\"font-weight: 400;\">Szczyt \u015bwiat\u0142owodowy w Hesji odby\u0142 si\u0119 po raz pierwszy 21 lipca 2022 r. w Wiesbaden. Dzi\u0119ki niemu opieramy si\u0119 na pot\u0119\u017cnych sieciach cyfrowych dla szk\u00f3\u0142, firm i instytucji publicznych. Poprzez ukierunkowan\u0105 koordynacj\u0119 ekspansji i wsp\u00f3\u0142pracy zapewniamy dostosowan\u0105 do przysz\u0142ych wyzwa\u0144 infrastruktur\u0119 szybkiego internetu \u2013 centralny element edukacji, biznesu i mobilno\u015bci przyjaznej dla klimatu.<\/span><\/p>\n<\/div><\/div><\/div><\/div><\/div><\/div><\/div><div class=\"w-separator size_medium\"><\/div><div class=\"w-btn-wrapper align_left\"><a class=\"w-btn us-btn-style_8 icon_atleft\" href=\"https:\/\/gruene-wiesbaden.de\/pl\/kommunalwahl\/#Kapitel3\"><i class=\"fas fa-chevron-circle-right\"><\/i><span class=\"w-btn-label\">Powr\u00f3t do przegl\u0105du<\/span><\/a><\/div><div class=\"w-separator size_large\"><\/div><\/div><\/div><\/div><\/div><\/section>","protected":false},"excerpt":{"rendered":"Wiesbaden jako atrakcyjna lokalizacja biznesowa Silna lokalna gospodarka zapewnia dobre miejsca pracy, innowacje i jako\u015b\u0107 \u017cycia \u2013 a decyzje gminne odgrywaj\u0105 w tym kluczow\u0105 rol\u0119. GR\u00dcNE strategicznie projektuje przestrzenie komercyjne, promuje start-upy, cyfryzacj\u0119 i rozw\u00f3j wykwalifikowanych pracownik\u00f3w, wspiera zr\u00f3wnowa\u017cony wzrost i firmy oszcz\u0119dzaj\u0105ce zasoby. Jednocze\u015bnie wzmacniamy r\u00f3\u017cnorodno\u015b\u0107, partycypacj\u0119 spo\u0142eczn\u0105 i wsp\u00f3\u0142prac\u0119 z rzemios\u0142em, przemys\u0142em, edukacj\u0105 i kultur\u0105. Dzi\u0119ki aktywnemu projektowi \u015br\u00f3dmie\u015bcia,...","protected":false},"author":1,"featured_media":1564,"comment_status":"closed","ping_status":"closed","sticky":false,"template":"","format":"standard","meta":{"footnotes":""},"categories":[16],"tags":[],"class_list":["post-1378","post","type-post","status-publish","format-standard","has-post-thumbnail","hentry","category-kapitel-3"],"yoast_head":"<!-- This site is optimized with the Yoast SEO plugin v27.5 - https:\/\/yoast.com\/product\/yoast-seo-wordpress\/ -->\n<title>Wiesbaden als attraktiver Wirtschaftsstandort - B\u00dcNDNIS 90\/DIE GR\u00dcNEN Wiesbaden<\/title>\n<meta name=\"robots\" content=\"index, follow, max-snippet:-1, max-image-preview:large, max-video-preview:-1\" \/>\n<link rel=\"canonical\" href=\"https:\/\/gruene-wiesbaden.de\/pl\/wiesbaden-als-attraktiver-wirtschaftsstandort\/\" \/>\n<meta property=\"og:locale\" content=\"pl_PL\" \/>\n<meta property=\"og:type\" content=\"article\" \/>\n<meta property=\"og:title\" content=\"Wiesbaden als attraktiver Wirtschaftsstandort - B\u00dcNDNIS 90\/DIE GR\u00dcNEN Wiesbaden\" \/>\n<meta property=\"og:url\" content=\"https:\/\/gruene-wiesbaden.de\/pl\/wiesbaden-als-attraktiver-wirtschaftsstandort\/\" \/>\n<meta property=\"og:site_name\" content=\"B\u00dcNDNIS 90\/DIE GR\u00dcNEN Wiesbaden\" \/>\n<meta property=\"article:publisher\" content=\"https:\/\/www.facebook.com\/gruene.wi\" \/>\n<meta property=\"article:published_time\" content=\"2025-11-09T22:32:20+00:00\" \/>\n<meta property=\"article:modified_time\" content=\"2026-04-08T22:27:51+00:00\" \/>\n<meta property=\"og:image\" content=\"https:\/\/gruene-wiesbaden.de\/wp-content\/uploads\/2025\/11\/3.2-Wiesbaden-als-attraktiver-Wirtschaftsstandort-scaled.jpg\" \/>\n\t<meta property=\"og:image:width\" content=\"2560\" \/>\n\t<meta property=\"og:image:height\" content=\"1707\" \/>\n\t<meta property=\"og:image:type\" content=\"image\/jpeg\" \/>\n<meta name=\"author\" content=\"admin\" \/>\n<meta name=\"twitter:card\" content=\"summary_large_image\" \/>\n<meta name=\"twitter:label1\" content=\"Napisane przez\" \/>\n\t<meta name=\"twitter:data1\" content=\"admin\" \/>\n\t<meta name=\"twitter:label2\" content=\"Szacowany czas czytania\" \/>\n\t<meta name=\"twitter:data2\" content=\"11 minutes\" \/>\n<script type=\"application\/ld+json\" class=\"yoast-schema-graph\">{\"@context\":\"https:\\\/\\\/schema.org\",\"@graph\":[{\"@type\":\"Article\",\"@id\":\"https:\\\/\\\/gruene-wiesbaden.de\\\/wiesbaden-als-attraktiver-wirtschaftsstandort\\\/#article\",\"isPartOf\":{\"@id\":\"https:\\\/\\\/gruene-wiesbaden.de\\\/wiesbaden-als-attraktiver-wirtschaftsstandort\\\/\"},\"author\":{\"name\":\"admin\",\"@id\":\"https:\\\/\\\/gruene-wiesbaden.de\\\/#\\\/schema\\\/person\\\/6785c34779159cd4fd86886bb097afe9\"},\"headline\":\"Wiesbaden als attraktiver Wirtschaftsstandort\",\"datePublished\":\"2025-11-09T22:32:20+00:00\",\"dateModified\":\"2026-04-08T22:27:51+00:00\",\"mainEntityOfPage\":{\"@id\":\"https:\\\/\\\/gruene-wiesbaden.de\\\/wiesbaden-als-attraktiver-wirtschaftsstandort\\\/\"},\"wordCount\":3216,\"publisher\":{\"@id\":\"https:\\\/\\\/gruene-wiesbaden.de\\\/#organization\"},\"image\":{\"@id\":\"https:\\\/\\\/gruene-wiesbaden.de\\\/wiesbaden-als-attraktiver-wirtschaftsstandort\\\/#primaryimage\"},\"thumbnailUrl\":\"https:\\\/\\\/gruene-wiesbaden.de\\\/wp-content\\\/uploads\\\/2025\\\/11\\\/3.2-Wiesbaden-als-attraktiver-Wirtschaftsstandort-scaled.jpg\",\"articleSection\":[\"Kapitel 3\"],\"inLanguage\":\"pl-PL\"},{\"@type\":\"WebPage\",\"@id\":\"https:\\\/\\\/gruene-wiesbaden.de\\\/wiesbaden-als-attraktiver-wirtschaftsstandort\\\/\",\"url\":\"https:\\\/\\\/gruene-wiesbaden.de\\\/wiesbaden-als-attraktiver-wirtschaftsstandort\\\/\",\"name\":\"Wiesbaden als attraktiver Wirtschaftsstandort - B\u00dcNDNIS 90\\\/DIE GR\u00dcNEN Wiesbaden\",\"isPartOf\":{\"@id\":\"https:\\\/\\\/gruene-wiesbaden.de\\\/#website\"},\"primaryImageOfPage\":{\"@id\":\"https:\\\/\\\/gruene-wiesbaden.de\\\/wiesbaden-als-attraktiver-wirtschaftsstandort\\\/#primaryimage\"},\"image\":{\"@id\":\"https:\\\/\\\/gruene-wiesbaden.de\\\/wiesbaden-als-attraktiver-wirtschaftsstandort\\\/#primaryimage\"},\"thumbnailUrl\":\"https:\\\/\\\/gruene-wiesbaden.de\\\/wp-content\\\/uploads\\\/2025\\\/11\\\/3.2-Wiesbaden-als-attraktiver-Wirtschaftsstandort-scaled.jpg\",\"datePublished\":\"2025-11-09T22:32:20+00:00\",\"dateModified\":\"2026-04-08T22:27:51+00:00\",\"breadcrumb\":{\"@id\":\"https:\\\/\\\/gruene-wiesbaden.de\\\/wiesbaden-als-attraktiver-wirtschaftsstandort\\\/#breadcrumb\"},\"inLanguage\":\"pl-PL\",\"potentialAction\":[{\"@type\":\"ReadAction\",\"target\":[\"https:\\\/\\\/gruene-wiesbaden.de\\\/wiesbaden-als-attraktiver-wirtschaftsstandort\\\/\"]}]},{\"@type\":\"ImageObject\",\"inLanguage\":\"pl-PL\",\"@id\":\"https:\\\/\\\/gruene-wiesbaden.de\\\/wiesbaden-als-attraktiver-wirtschaftsstandort\\\/#primaryimage\",\"url\":\"https:\\\/\\\/gruene-wiesbaden.de\\\/wp-content\\\/uploads\\\/2025\\\/11\\\/3.2-Wiesbaden-als-attraktiver-Wirtschaftsstandort-scaled.jpg\",\"contentUrl\":\"https:\\\/\\\/gruene-wiesbaden.de\\\/wp-content\\\/uploads\\\/2025\\\/11\\\/3.2-Wiesbaden-als-attraktiver-Wirtschaftsstandort-scaled.jpg\",\"width\":2560,\"height\":1707},{\"@type\":\"BreadcrumbList\",\"@id\":\"https:\\\/\\\/gruene-wiesbaden.de\\\/wiesbaden-als-attraktiver-wirtschaftsstandort\\\/#breadcrumb\",\"itemListElement\":[{\"@type\":\"ListItem\",\"position\":1,\"name\":\"Startseite\",\"item\":\"https:\\\/\\\/gruene-wiesbaden.de\\\/\"},{\"@type\":\"ListItem\",\"position\":2,\"name\":\"Wiesbaden als attraktiver Wirtschaftsstandort\"}]},{\"@type\":\"WebSite\",\"@id\":\"https:\\\/\\\/gruene-wiesbaden.de\\\/#website\",\"url\":\"https:\\\/\\\/gruene-wiesbaden.de\\\/\",\"name\":\"DIE GR\u00dcNEN Wiesbaden\",\"description\":\"\",\"publisher\":{\"@id\":\"https:\\\/\\\/gruene-wiesbaden.de\\\/#organization\"},\"potentialAction\":[{\"@type\":\"SearchAction\",\"target\":{\"@type\":\"EntryPoint\",\"urlTemplate\":\"https:\\\/\\\/gruene-wiesbaden.de\\\/?s={search_term_string}\"},\"query-input\":{\"@type\":\"PropertyValueSpecification\",\"valueRequired\":true,\"valueName\":\"search_term_string\"}}],\"inLanguage\":\"pl-PL\"},{\"@type\":\"Organization\",\"@id\":\"https:\\\/\\\/gruene-wiesbaden.de\\\/#organization\",\"name\":\"DIE GR\u00dcNEN Wiesbaden\",\"url\":\"https:\\\/\\\/gruene-wiesbaden.de\\\/\",\"logo\":{\"@type\":\"ImageObject\",\"inLanguage\":\"pl-PL\",\"@id\":\"https:\\\/\\\/gruene-wiesbaden.de\\\/#\\\/schema\\\/logo\\\/image\\\/\",\"url\":\"https:\\\/\\\/gruene-wiesbaden-fuer-europa.de\\\/wp-content\\\/uploads\\\/2024\\\/04\\\/Machen-was-zaehlt-5.png\",\"contentUrl\":\"https:\\\/\\\/gruene-wiesbaden-fuer-europa.de\\\/wp-content\\\/uploads\\\/2024\\\/04\\\/Machen-was-zaehlt-5.png\",\"width\":1772,\"height\":1772,\"caption\":\"DIE GR\u00dcNEN Wiesbaden\"},\"image\":{\"@id\":\"https:\\\/\\\/gruene-wiesbaden.de\\\/#\\\/schema\\\/logo\\\/image\\\/\"},\"sameAs\":[\"https:\\\/\\\/www.facebook.com\\\/gruene.wi\",\"https:\\\/\\\/instagram.com\\\/gruene_wi\"]},{\"@type\":\"Person\",\"@id\":\"https:\\\/\\\/gruene-wiesbaden.de\\\/#\\\/schema\\\/person\\\/6785c34779159cd4fd86886bb097afe9\",\"name\":\"admin\",\"sameAs\":[\"http:\\\/\\\/gruene-wiesbaden-fuer-europa.de\"],\"url\":\"https:\\\/\\\/gruene-wiesbaden.de\\\/pl\\\/author\\\/admin\\\/\"}]}<\/script>\n<!-- \/ Yoast SEO plugin. -->","yoast_head_json":{"title":"Wiesbaden als attraktiver Wirtschaftsstandort - B\u00dcNDNIS 90\/DIE GR\u00dcNEN Wiesbaden","robots":{"index":"index","follow":"follow","max-snippet":"max-snippet:-1","max-image-preview":"max-image-preview:large","max-video-preview":"max-video-preview:-1"},"canonical":"https:\/\/gruene-wiesbaden.de\/pl\/wiesbaden-als-attraktiver-wirtschaftsstandort\/","og_locale":"pl_PL","og_type":"article","og_title":"Wiesbaden als attraktiver Wirtschaftsstandort - B\u00dcNDNIS 90\/DIE GR\u00dcNEN Wiesbaden","og_url":"https:\/\/gruene-wiesbaden.de\/pl\/wiesbaden-als-attraktiver-wirtschaftsstandort\/","og_site_name":"B\u00dcNDNIS 90\/DIE GR\u00dcNEN Wiesbaden","article_publisher":"https:\/\/www.facebook.com\/gruene.wi","article_published_time":"2025-11-09T22:32:20+00:00","article_modified_time":"2026-04-08T22:27:51+00:00","og_image":[{"width":2560,"height":1707,"url":"https:\/\/gruene-wiesbaden.de\/wp-content\/uploads\/2025\/11\/3.2-Wiesbaden-als-attraktiver-Wirtschaftsstandort-scaled.jpg","type":"image\/jpeg"}],"author":"admin","twitter_card":"summary_large_image","twitter_misc":{"Napisane przez":"admin","Szacowany czas czytania":"11 minutes"},"schema":{"@context":"https:\/\/schema.org","@graph":[{"@type":"Article","@id":"https:\/\/gruene-wiesbaden.de\/wiesbaden-als-attraktiver-wirtschaftsstandort\/#article","isPartOf":{"@id":"https:\/\/gruene-wiesbaden.de\/wiesbaden-als-attraktiver-wirtschaftsstandort\/"},"author":{"name":"admin","@id":"https:\/\/gruene-wiesbaden.de\/#\/schema\/person\/6785c34779159cd4fd86886bb097afe9"},"headline":"Wiesbaden als attraktiver Wirtschaftsstandort","datePublished":"2025-11-09T22:32:20+00:00","dateModified":"2026-04-08T22:27:51+00:00","mainEntityOfPage":{"@id":"https:\/\/gruene-wiesbaden.de\/wiesbaden-als-attraktiver-wirtschaftsstandort\/"},"wordCount":3216,"publisher":{"@id":"https:\/\/gruene-wiesbaden.de\/#organization"},"image":{"@id":"https:\/\/gruene-wiesbaden.de\/wiesbaden-als-attraktiver-wirtschaftsstandort\/#primaryimage"},"thumbnailUrl":"https:\/\/gruene-wiesbaden.de\/wp-content\/uploads\/2025\/11\/3.2-Wiesbaden-als-attraktiver-Wirtschaftsstandort-scaled.jpg","articleSection":["Kapitel 3"],"inLanguage":"pl-PL"},{"@type":"WebPage","@id":"https:\/\/gruene-wiesbaden.de\/wiesbaden-als-attraktiver-wirtschaftsstandort\/","url":"https:\/\/gruene-wiesbaden.de\/wiesbaden-als-attraktiver-wirtschaftsstandort\/","name":"Wiesbaden als attraktiver Wirtschaftsstandort - B\u00dcNDNIS 90\/DIE GR\u00dcNEN Wiesbaden","isPartOf":{"@id":"https:\/\/gruene-wiesbaden.de\/#website"},"primaryImageOfPage":{"@id":"https:\/\/gruene-wiesbaden.de\/wiesbaden-als-attraktiver-wirtschaftsstandort\/#primaryimage"},"image":{"@id":"https:\/\/gruene-wiesbaden.de\/wiesbaden-als-attraktiver-wirtschaftsstandort\/#primaryimage"},"thumbnailUrl":"https:\/\/gruene-wiesbaden.de\/wp-content\/uploads\/2025\/11\/3.2-Wiesbaden-als-attraktiver-Wirtschaftsstandort-scaled.jpg","datePublished":"2025-11-09T22:32:20+00:00","dateModified":"2026-04-08T22:27:51+00:00","breadcrumb":{"@id":"https:\/\/gruene-wiesbaden.de\/wiesbaden-als-attraktiver-wirtschaftsstandort\/#breadcrumb"},"inLanguage":"pl-PL","potentialAction":[{"@type":"ReadAction","target":["https:\/\/gruene-wiesbaden.de\/wiesbaden-als-attraktiver-wirtschaftsstandort\/"]}]},{"@type":"ImageObject","inLanguage":"pl-PL","@id":"https:\/\/gruene-wiesbaden.de\/wiesbaden-als-attraktiver-wirtschaftsstandort\/#primaryimage","url":"https:\/\/gruene-wiesbaden.de\/wp-content\/uploads\/2025\/11\/3.2-Wiesbaden-als-attraktiver-Wirtschaftsstandort-scaled.jpg","contentUrl":"https:\/\/gruene-wiesbaden.de\/wp-content\/uploads\/2025\/11\/3.2-Wiesbaden-als-attraktiver-Wirtschaftsstandort-scaled.jpg","width":2560,"height":1707},{"@type":"BreadcrumbList","@id":"https:\/\/gruene-wiesbaden.de\/wiesbaden-als-attraktiver-wirtschaftsstandort\/#breadcrumb","itemListElement":[{"@type":"ListItem","position":1,"name":"Startseite","item":"https:\/\/gruene-wiesbaden.de\/"},{"@type":"ListItem","position":2,"name":"Wiesbaden als attraktiver Wirtschaftsstandort"}]},{"@type":"WebSite","@id":"https:\/\/gruene-wiesbaden.de\/#website","url":"https:\/\/gruene-wiesbaden.de\/","name":"DIE GR\u00dcNEN Wiesbaden","description":"","publisher":{"@id":"https:\/\/gruene-wiesbaden.de\/#organization"},"potentialAction":[{"@type":"SearchAction","target":{"@type":"EntryPoint","urlTemplate":"https:\/\/gruene-wiesbaden.de\/?s={search_term_string}"},"query-input":{"@type":"PropertyValueSpecification","valueRequired":true,"valueName":"search_term_string"}}],"inLanguage":"pl-PL"},{"@type":"Organization","@id":"https:\/\/gruene-wiesbaden.de\/#organization","name":"DIE GR\u00dcNEN Wiesbaden","url":"https:\/\/gruene-wiesbaden.de\/","logo":{"@type":"ImageObject","inLanguage":"pl-PL","@id":"https:\/\/gruene-wiesbaden.de\/#\/schema\/logo\/image\/","url":"https:\/\/gruene-wiesbaden-fuer-europa.de\/wp-content\/uploads\/2024\/04\/Machen-was-zaehlt-5.png","contentUrl":"https:\/\/gruene-wiesbaden-fuer-europa.de\/wp-content\/uploads\/2024\/04\/Machen-was-zaehlt-5.png","width":1772,"height":1772,"caption":"DIE GR\u00dcNEN Wiesbaden"},"image":{"@id":"https:\/\/gruene-wiesbaden.de\/#\/schema\/logo\/image\/"},"sameAs":["https:\/\/www.facebook.com\/gruene.wi","https:\/\/instagram.com\/gruene_wi"]},{"@type":"Person","@id":"https:\/\/gruene-wiesbaden.de\/#\/schema\/person\/6785c34779159cd4fd86886bb097afe9","name":"admin","sameAs":["http:\/\/gruene-wiesbaden-fuer-europa.de"],"url":"https:\/\/gruene-wiesbaden.de\/pl\/author\/admin\/"}]}},"_links":{"self":[{"href":"https:\/\/gruene-wiesbaden.de\/pl\/wp-json\/wp\/v2\/posts\/1378","targetHints":{"allow":["GET"]}}],"collection":[{"href":"https:\/\/gruene-wiesbaden.de\/pl\/wp-json\/wp\/v2\/posts"}],"about":[{"href":"https:\/\/gruene-wiesbaden.de\/pl\/wp-json\/wp\/v2\/types\/post"}],"author":[{"embeddable":true,"href":"https:\/\/gruene-wiesbaden.de\/pl\/wp-json\/wp\/v2\/users\/1"}],"replies":[{"embeddable":true,"href":"https:\/\/gruene-wiesbaden.de\/pl\/wp-json\/wp\/v2\/comments?post=1378"}],"version-history":[{"count":9,"href":"https:\/\/gruene-wiesbaden.de\/pl\/wp-json\/wp\/v2\/posts\/1378\/revisions"}],"predecessor-version":[{"id":2380,"href":"https:\/\/gruene-wiesbaden.de\/pl\/wp-json\/wp\/v2\/posts\/1378\/revisions\/2380"}],"wp:featuredmedia":[{"embeddable":true,"href":"https:\/\/gruene-wiesbaden.de\/pl\/wp-json\/wp\/v2\/media\/1564"}],"wp:attachment":[{"href":"https:\/\/gruene-wiesbaden.de\/pl\/wp-json\/wp\/v2\/media?parent=1378"}],"wp:term":[{"taxonomy":"category","embeddable":true,"href":"https:\/\/gruene-wiesbaden.de\/pl\/wp-json\/wp\/v2\/categories?post=1378"},{"taxonomy":"post_tag","embeddable":true,"href":"https:\/\/gruene-wiesbaden.de\/pl\/wp-json\/wp\/v2\/tags?post=1378"}],"curies":[{"name":"wp","href":"https:\/\/api.w.org\/{rel}","templated":true}]}}