{"id":1366,"date":"2025-11-10T00:18:23","date_gmt":"2025-11-09T22:18:23","guid":{"rendered":"https:\/\/gruene-wiesbaden.de\/?p=1366"},"modified":"2026-04-09T10:38:51","modified_gmt":"2026-04-09T08:38:51","slug":"kinder-familien-und-alleinerziehende","status":"publish","type":"post","link":"https:\/\/gruene-wiesbaden.de\/pl\/kinder-familien-und-alleinerziehende\/","title":{"rendered":"Dzieci, rodziny i samotni rodzice"},"content":{"rendered":"<section class=\"l-section wpb_row height_medium with_img\"><div class=\"l-section-img\" role=\"img\" data-img-width=\"1080\" data-img-height=\"800\" style=\"background-image: url(https:\/\/gruene-wiesbaden.de\/wp-content\/uploads\/2025\/11\/neuer-Verlauf-gruene-wiesbaden.de_-2-e1762709402177.png);\"><\/div><div class=\"l-section-overlay\" style=\"background:var(--color-header-top-transparent-bg)\"><\/div><div class=\"l-section-h i-cf\"><div class=\"g-cols vc_row via_grid cols_1 laptops-cols_inherit tablets-cols_inherit mobiles-cols_1 valign_top type_default stacking_default\"><div class=\"wpb_column vc_column_container\"><div class=\"vc_column-inner\"><h1 class=\"w-post-elm post_title us_custom_a574d586 has_text_color entry-title\">Dzieci, rodziny i samotni rodzice<\/h1><div class=\"w-separator size_medium\"><\/div><div class=\"g-cols wpb_row via_grid cols_2-1 laptops-cols_inherit tablets-cols_inherit mobiles-cols_1 valign_top type_default stacking_default\" style=\"--columns-gap:3rem;\"><div class=\"wpb_column vc_column_container\"><div class=\"vc_column-inner\"><div class=\"wpb_text_column us_custom_8b3d6790 has_text_color\"><div class=\"wpb_wrapper\"><p><span style=\"font-weight: 400;\">Dzieci s\u0105 nasz\u0105 przysz\u0142o\u015bci\u0105 i maj\u0105 prawo do dobrych warunk\u00f3w \u017cycia, niezale\u017cnie od pochodzenia spo\u0142ecznego ich rodzin. Ub\u00f3stwo dzieci jest problemem strukturalnym, kt\u00f3ry dotyka w szczeg\u00f3lno\u015bci samotne kobiety i rodziny wielodzietne. Godzenie \u017cycia zawodowego i rodzinnego pozostaje wyzwaniem spo\u0142ecznym. Dzieci maj\u0105 swoje prawa i musz\u0105 by\u0107 zaanga\u017cowane w demokratyczne procesy decyzyjne. Miasto przyjazne rodzinie wspiera wszystkie pokolenia i tworzy przestrzenie, w kt\u00f3rych dzieci mog\u0105 dorasta\u0107 bezpiecznie i zdrowo.<\/span><\/p>\n<\/div><\/div><div class=\"w-separator size_medium\"><\/div><div class=\"w-btn-wrapper align_left\"><a class=\"w-btn us-btn-style_8 icon_atleft\" href=\"https:\/\/gruene-wiesbaden.de\/pl\/kommunalwahl\/#Kapitel2\"><i class=\"fas fa-chevron-circle-right\"><\/i><span class=\"w-btn-label\">Powr\u00f3t do przegl\u0105du<\/span><\/a><\/div><\/div><\/div><div class=\"wpb_column vc_column_container\"><div class=\"vc_column-inner\"><div class=\"w-image align_center\"><div class=\"w-image-h\"><img decoding=\"async\" width=\"2560\" height=\"1707\" src=\"https:\/\/gruene-wiesbaden.de\/wp-content\/uploads\/2025\/11\/2.8-Kinder-Familien-und-Alleinerziehende-scaled.jpg\" class=\"attachment-full size-full\" alt=\"\" loading=\"lazy\" srcset=\"https:\/\/gruene-wiesbaden.de\/wp-content\/uploads\/2025\/11\/2.8-Kinder-Familien-und-Alleinerziehende-scaled.jpg 2560w, https:\/\/gruene-wiesbaden.de\/wp-content\/uploads\/2025\/11\/2.8-Kinder-Familien-und-Alleinerziehende-400x267.jpg 400w, https:\/\/gruene-wiesbaden.de\/wp-content\/uploads\/2025\/11\/2.8-Kinder-Familien-und-Alleinerziehende-600x400.jpg 600w\" sizes=\"auto, (max-width: 2560px) 100vw, 2560px\" \/><\/div><\/div><div class=\"w-separator size_small\"><\/div><\/div><\/div><\/div><div class=\"w-separator size_medium\"><\/div><div class=\"w-separator size_medium\"><\/div><div class=\"wpb_text_column\"><div class=\"wpb_wrapper\"><h1>Co dobra polityka oznacza dla dzieci, rodzin i samotnych rodzic\u00f3w<\/h1>\n<\/div><\/div><div class=\"w-separator size_large\"><\/div><div class=\"g-cols wpb_row via_grid cols_3 laptops-cols_inherit tablets-cols_inherit mobiles-cols_1 valign_top type_default stacking_default\" style=\"--columns-gap:3rem;\"><div class=\"wpb_column vc_column_container\"><div class=\"vc_column-inner\"><div class=\"w-iconbox us_custom_8b3d6790 has_text_color iconpos_left style_default color_custom align_left\"><div class=\"w-iconbox-icon\" style=\"font-size:2rem;--icon-color:#Ffffff;--icon-bg-color:var(--color-header-middle-bg);\"><i class=\"fas fa-layer-group\"><\/i><\/div><div class=\"w-iconbox-meta\"><h4 class=\"w-iconbox-title\" style=\"font-size:1.5rem;\">Wdra\u017canie praw dziecka<\/h4><div class=\"w-iconbox-text\"><p><span style=\"font-weight: 400;\">Dzieci maj\u0105 prawo do bycia wys\u0142uchanym, wspieranym i wsp\u00f3\u0142decydowanym w swoim mie\u015bcie.<\/span><\/p>\n<\/div><\/div><\/div><\/div><\/div><div class=\"wpb_column vc_column_container\"><div class=\"vc_column-inner\"><div class=\"w-iconbox us_custom_8b3d6790 has_text_color iconpos_left style_default color_custom align_left\"><div class=\"w-iconbox-icon\" style=\"font-size:2rem;--icon-color:#Ffffff;--icon-bg-color:var(--color-header-transparent-text);\"><i class=\"fas fa-layer-group\"><\/i><\/div><div class=\"w-iconbox-meta\"><h4 class=\"w-iconbox-title\" style=\"font-size:1.5rem;\">Miasto przyjazne rodzinie<\/h4><div class=\"w-iconbox-text\"><p><span style=\"font-weight: 400;\">Tworzymy przestrzenie, w kt\u00f3rych wszystkie pokolenia mog\u0105 \u017cy\u0107 dobrze.<\/span><\/p>\n<\/div><\/div><\/div><\/div><\/div><div class=\"wpb_column vc_column_container\"><div class=\"vc_column-inner\"><div class=\"w-iconbox us_custom_8b3d6790 has_text_color iconpos_left style_default color_custom align_left\"><div class=\"w-iconbox-icon\" style=\"font-size:2rem;--icon-color:#Ffffff;--icon-bg-color:var(--color-header-transparent-text);\"><i class=\"fas fa-layer-group\"><\/i><\/div><div class=\"w-iconbox-meta\"><h4 class=\"w-iconbox-title\" style=\"font-size:1.5rem;\">Walka z ub\u00f3stwem<\/h4><div class=\"w-iconbox-text\"><p><span style=\"font-weight: 400;\">Ka\u017cde dziecko zas\u0142uguje na r\u00f3wne szanse, niezale\u017cnie od portfela rodzic\u00f3w.<\/span><\/p>\n<\/div><\/div><\/div><\/div><\/div><\/div><div class=\"w-separator size_medium\"><\/div><div class=\"g-cols wpb_row via_grid cols_3 laptops-cols_inherit tablets-cols_inherit mobiles-cols_1 valign_top type_default stacking_default\" style=\"--columns-gap:3rem;\"><div class=\"wpb_column vc_column_container\"><div class=\"vc_column-inner\"><div class=\"w-iconbox us_custom_8b3d6790 has_text_color iconpos_left style_default color_custom align_left\"><div class=\"w-iconbox-icon\" style=\"font-size:2rem;--icon-color:#Ffffff;--icon-bg-color:var(--color-header-middle-bg);\"><i class=\"fas fa-layer-group\"><\/i><\/div><div class=\"w-iconbox-meta\"><h4 class=\"w-iconbox-title\" style=\"font-size:1.5rem;\">Tworzenie wsparcia<\/h4><div class=\"w-iconbox-text\"><p><span style=\"font-weight: 400;\">Rodziny potrzebuj\u0105 wysokiej jako\u015bci, niezawodnej opieki nad dzie\u0107mi i t\u0119tni\u0105cych \u017cyciem miejsc spotka\u0144 w dzielnicy.<\/span><\/p>\n<\/div><\/div><\/div><\/div><\/div><div class=\"wpb_column vc_column_container\"><div class=\"vc_column-inner\"><div class=\"w-iconbox us_custom_8b3d6790 has_text_color iconpos_left style_default color_custom align_left\"><div class=\"w-iconbox-icon\" style=\"font-size:2rem;--icon-color:#Ffffff;--icon-bg-color:var(--color-header-transparent-text);\"><i class=\"fas fa-layer-group\"><\/i><\/div><div class=\"w-iconbox-meta\"><h4 class=\"w-iconbox-title\" style=\"font-size:1.5rem;\">Promowanie r\u00f3wno\u015bci<\/h4><div class=\"w-iconbox-text\"><p><span style=\"font-weight: 400;\">Dobre warunki ramowe umo\u017cliwiaj\u0105 sprawiedliwy podzia\u0142 pracy opieku\u0144czej i przyczyniaj\u0105 si\u0119 do r\u00f3wnouprawnienia p\u0142ci. Samotni rodzice umo\u017cliwiaj\u0105 im udzia\u0142 w \u017cyciu zawodowym i miejskim.<\/span><\/p>\n<\/div><\/div><\/div><\/div><\/div><div class=\"wpb_column vc_column_container\"><div class=\"vc_column-inner\"><\/div><\/div><\/div><div class=\"w-separator size_medium\"><\/div><div class=\"w-btn-wrapper align_left\"><a class=\"w-btn us-btn-style_8 icon_atleft\" href=\"https:\/\/gruene-wiesbaden.de\/pl\/kommunalwahl\/#Kapitel2\"><i class=\"fas fa-chevron-circle-right\"><\/i><span class=\"w-btn-label\">Powr\u00f3t do przegl\u0105du<\/span><\/a><\/div><div class=\"w-separator size_medium\"><\/div><\/div><\/div><\/div><\/div><\/section><section class=\"l-section wpb_row height_auto with_img\"><div class=\"l-section-img\" role=\"img\" data-img-width=\"2560\" data-img-height=\"1707\" style=\"background-image: url(https:\/\/gruene-wiesbaden.de\/wp-content\/uploads\/2025\/11\/2.8-Kinder-Familien-und-Alleinerziehende-scaled.jpg);background-repeat: no-repeat;\"><\/div><div class=\"l-section-overlay\" style=\"background:var(--color-header-top-transparent-bg)\"><\/div><div class=\"l-section-h i-cf\"><div class=\"g-cols vc_row via_grid cols_1 laptops-cols_inherit tablets-cols_inherit mobiles-cols_1 valign_middle type_default stacking_default\" style=\"--columns-gap:1rem;\"><div class=\"wpb_column vc_column_container\"><div class=\"vc_column-inner\"><div class=\"w-separator size_large\"><\/div><div class=\"wpb_text_column us_custom_fa36a3ac has_text_color background_inside_text\"><div class=\"wpb_wrapper\"><h1>Co chcemy zrobi\u0107 konkretnie w tej dziedzinie<\/h1>\n<\/div><\/div><div class=\"w-separator size_medium\"><\/div><div class=\"w-tabs us_custom_42d693a0 has_text_color style_default switch_click accordion has_scrolling\" style=\"--sections-title-size:1.4rem\"><div class=\"w-tabs-sections titles-align_none icon_chevron cpos_right\"><div class=\"w-tabs-section has_text_color\" id=\"k8a5\" style=\"background:var(--color-header-transparent-text);color:var(--color-header-top-text-hover);\"><button class=\"w-tabs-section-header\" aria-controls=\"content-k8a5\" aria-expanded=\"false\"><div class=\"w-tabs-section-title\">Zwi\u0119kszenie dost\u0119pno\u015bci specjalnego programu walki z ub\u00f3stwem dzieci<\/div><div class=\"w-tabs-section-control\"><\/div><\/button><div  class=\"w-tabs-section-content\" id=\"content-k8a5\"><div class=\"w-tabs-section-content-h i-cf\"><div class=\"wpb_text_column\"><div class=\"wpb_wrapper\"><p><span style=\"font-weight: 400;\">Chcemy, aby wszystkie dzieci mia\u0142y r\u00f3wne szanse. Dlatego chcemy wzmocni\u0107 istniej\u0105ce oferty w dziedzinie rekreacji, edukacji i zdrowia oraz uczyni\u0107 je bardziej dost\u0119pnymi. Wymaga to niskoprogowego, niebiurokratycznego i wieloj\u0119zycznego dost\u0119pu.<\/span><\/p>\n<\/div><\/div><\/div><\/div><\/div><div class=\"w-tabs-section has_text_color\" id=\"f9cc\" style=\"background:var(--color-header-transparent-text);color:var(--color-header-top-text-hover);\"><button class=\"w-tabs-section-header\" aria-controls=\"content-f9cc\" aria-expanded=\"false\"><div class=\"w-tabs-section-title\">Zaanga\u017cowanie dzieci i rodzin w podejmowanie decyzji<\/div><div class=\"w-tabs-section-control\"><\/div><\/button><div  class=\"w-tabs-section-content\" id=\"content-f9cc\"><div class=\"w-tabs-section-content-h i-cf\"><div class=\"wpb_text_column\"><div class=\"wpb_wrapper\"><p><span style=\"font-weight: 400;\">Chcemy, aby dzieci by\u0142y systematycznie anga\u017cowane w decyzje, kt\u00f3re ich dotycz\u0105 i wzmacnia\u0142y ich demokratyczne mo\u017cliwo\u015bci uczestnictwa. My GR\u00dcNE sprawiamy, \u017ce dzieci i rodziny s\u0105 aktywnymi wsp\u00f3\u0142tw\u00f3rcami swojego miasta. Ich pomys\u0142y maj\u0105 zosta\u0107 w\u0142\u0105czone do planowania plac\u00f3w zabaw, zaj\u0119\u0107 edukacyjnych i rekreacyjnych, a tak\u017ce projekt\u00f3w miejskich. Przyczyni\u0107 si\u0119 do tego powinny konferencje dla dzieci, cyfrowe formy uczestnictwa i zwi\u0105zane z projektami zaanga\u017cowanie w komisje. Wsp\u00f3\u0142praca z przedszkolami, szko\u0142ami i KiEZen (Centrum Rodzic\u00f3w Dziecka) zapewnia, \u017ce propozycje s\u0105 wdra\u017cane i maj\u0105 widoczny efekt. W ten spos\u00f3b promujemy demokratyczne uczestnictwo od najm\u0142odszych lat i wsp\u00f3\u0142pracujemy, aby Wiesbaden by\u0142o przyjazne dzieciom, \u017cywe i zorientowane na przysz\u0142o\u015b\u0107.<\/span><\/p>\n<\/div><\/div><\/div><\/div><\/div><div class=\"w-tabs-section has_text_color\" id=\"eae7\" style=\"background:var(--color-header-transparent-text);color:var(--color-header-top-text-hover);\"><button class=\"w-tabs-section-header\" aria-controls=\"content-eae7\" aria-expanded=\"false\"><div class=\"w-tabs-section-title\">Zapewnienie zdrowych posi\u0142k\u00f3w w szkole<\/div><div class=\"w-tabs-section-control\"><\/div><\/button><div  class=\"w-tabs-section-content\" id=\"content-eae7\"><div class=\"w-tabs-section-content-h i-cf\"><div class=\"wpb_text_column\"><div class=\"wpb_wrapper\"><p><span style=\"font-weight: 400;\">Chcemy, aby wszystkie dzieci w przedszkolach i wszyscy uczniowie w Wiesbaden mieli codzienny dost\u0119p do zdrowego, zbilansowanego i pysznego jedzenia. Zdrowe od\u017cywianie nie tylko wspiera koncentracj\u0119 i wydajno\u015b\u0107, ale tak\u017ce promuje d\u0142ugoterminowe zdrowie. Dlatego jeste\u015bmy zaanga\u017cowani w wysokiej jako\u015bci \u015bwie\u017c\u0105 \u017cywno\u015b\u0107, kt\u00f3ra r\u00f3wnie\u017c pozostaje przyst\u0119pna cenowo, aby wszystkie dzieci i m\u0142odzie\u017c mog\u0142y z niej korzysta\u0107 bez wzgl\u0119du na portfele swoich rodzin.<\/span><\/p>\n<\/div><\/div><\/div><\/div><\/div><div class=\"w-tabs-section has_text_color\" id=\"yc01\" style=\"background:var(--color-header-middle-bg);color:var(--color-content-heading);\"><button class=\"w-tabs-section-header\" aria-controls=\"content-yc01\" aria-expanded=\"false\"><div class=\"w-tabs-section-title\">Zabezpieczenie powiatowej pracy socjalnej<\/div><div class=\"w-tabs-section-control\"><\/div><\/button><div  class=\"w-tabs-section-content\" id=\"content-yc01\"><div class=\"w-tabs-section-content-h i-cf\"><div class=\"wpb_text_column\"><div class=\"wpb_wrapper\"><p><span style=\"font-weight: 400;\">Zobowi\u0105zujemy si\u0119 do efektywnej pracy socjalnej w dzielnicy, kt\u00f3ra dociera do ludzi tam, gdzie potrzebuj\u0105 pomocy. W tym celu chcemy oceni\u0107 istniej\u0105ce oferty i dalej je rozwija\u0107 zgodnie z potrzebami administracji miasta. Dobrze wyposa\u017cone zespo\u0142y w terenie mog\u0105 zapewni\u0107 wsparcie rodzinom i dzieciom na wczesnym etapie \u2013 niezale\u017cnie od tego, czy chodzi o konflikty, stresuj\u0105ce sytuacje \u017cyciowe czy kryzysy w \u017cyciu codziennym. Powiatowa praca socjalna ma dzia\u0142anie zapobiegawcze: Wykrywa niebezpieczne sytuacje, zapewnia pomoc i odci\u0105\u017ca rodzic\u00f3w przed eskalacj\u0105 problem\u00f3w. Jednocze\u015bnie promuje sp\u00f3jno\u015b\u0107 w powiecie, \u0142\u0105czy szko\u0142y, przedszkola i stowarzyszenia oraz tworzy niskoprogowe punkty kontaktowe dla wszystkich rodzin. Dzi\u0119ki dobrze usytuowanej lokalnej pracy socjalnej zapewniamy, \u017ce ka\u017cda rodzina otrzymuje wsparcie, kt\u00f3rego potrzebuje, a dzieci mog\u0105 dorasta\u0107 w bezpiecznym \u015brodowisku.<\/span><\/p>\n<\/div><\/div><\/div><\/div><\/div><div class=\"w-tabs-section has_text_color\" id=\"rd15\" style=\"background:var(--color-header-transparent-text);color:var(--color-header-top-text-hover);\"><button class=\"w-tabs-section-header\" aria-controls=\"content-rd15\" aria-expanded=\"false\"><div class=\"w-tabs-section-title\">Uczyni\u0107 opiek\u0119 nad dzie\u0107mi niesk\u0142adkow\u0105<\/div><div class=\"w-tabs-section-control\"><\/div><\/button><div  class=\"w-tabs-section-content\" id=\"content-rd15\"><div class=\"w-tabs-section-content-h i-cf\"><div class=\"wpb_text_column\"><div class=\"wpb_wrapper\"><p><span style=\"font-weight: 400;\">Wsp\u00f3\u0142pracujemy z pa\u0144stwem, aby zapewni\u0107, \u017ce o\u015brodki opieki dziennej dla dzieci s\u0105 bezp\u0142atne. Do tego czasu b\u0119dziemy kontynuowa\u0107 istniej\u0105cy system sk\u0142adek miejskich, kt\u00f3ry zmniejsza sk\u0142adki dla rodzin z du\u017cymi dzie\u0107mi i zwalnia rodziny o niskich dochodach ze sk\u0142adek.<\/span><\/p>\n<\/div><\/div><\/div><\/div><\/div><div class=\"w-tabs-section has_text_color\" id=\"be37\" style=\"background:var(--color-header-middle-bg);color:var(--color-header-middle-text);\"><button class=\"w-tabs-section-header\" aria-controls=\"content-be37\" aria-expanded=\"false\"><div class=\"w-tabs-section-title\">Promowanie o\u015brodk\u00f3w dla rodzic\u00f3w dzieci i rozszerzanie ich na inne dzielnice<\/div><div class=\"w-tabs-section-control\"><\/div><\/button><div  class=\"w-tabs-section-content\" id=\"content-be37\"><div class=\"w-tabs-section-content-h i-cf\"><div class=\"wpb_text_column\"><div class=\"wpb_wrapper\"><p><span style=\"font-weight: 400;\">Dzi\u0119ki KinderElternZentren (KiEZe) wzmacniamy rodziny bezpo\u015brednio w ich dzielnicach. Od kilku lat KiEZe w Wiesbaden \u2013 na przyk\u0142ad w Klarenthal, Schelmengraben, Westend i Biebrich \u2013 oferuje doradztwo, edukacj\u0119 i spotkania. S\u0142u\u017c\u0105 one jako punkty kontaktowe o niskim progu w dzielnicach i oferuj\u0105 elastyczn\u0105 opiek\u0119 nad dzie\u0107mi, kawiarnie dla rodzic\u00f3w i porady edukacyjne z jednego \u017ar\u00f3d\u0142a \u2013 zw\u0142aszcza dla rodzic\u00f3w samotnie wychowuj\u0105cych dzieci i rodzin znajduj\u0105cych si\u0119 w trudnej sytuacji. Sie\u0107 o\u015brodk\u00f3w opieki dziennej KiEZe, us\u0142ug spo\u0142ecznych i inicjatyw s\u0105siedzkich, a tym samym promowanie spo\u0142eczno\u015bci i r\u00f3wnych szans. My, Zieloni, wspierali\u015bmy t\u0119 koncepcj\u0119 na wczesnym etapie i jeste\u015bmy zdecydowani dalej wzmacnia\u0107 istniej\u0105c\u0105 KiEZe i rozszerza\u0107 j\u0105 na inne dzielnice. Chcemy r\u00f3wnie\u017c wspiera\u0107 KiEZe wystarczaj\u0105cymi \u015brodkami finansowymi, aby mog\u0142y one wspiera\u0107 rodziny i realizowa\u0107 projekty z w\u0142asnej inicjatywy.<\/span><\/p>\n<\/div><\/div><\/div><\/div><\/div><div class=\"w-tabs-section has_text_color\" id=\"pf4b\" style=\"background:var(--color-header-transparent-text);color:var(--color-header-top-text-hover);\"><button class=\"w-tabs-section-header\" aria-controls=\"content-pf4b\" aria-expanded=\"false\"><div class=\"w-tabs-section-title\">Uatrakcyjnij place zabaw<\/div><div class=\"w-tabs-section-control\"><\/div><\/button><div  class=\"w-tabs-section-content\" id=\"content-pf4b\"><div class=\"w-tabs-section-content-h i-cf\"><div class=\"wpb_text_column\"><div class=\"wpb_wrapper\"><p><span style=\"font-weight: 400;\">Wszystkie rodziny powinny by\u0107 w stanie dotrze\u0107 do atrakcyjnych plac\u00f3w zabaw w odleg\u0142o\u015bci spaceru. Wa\u017cne jest dla nas, aby zwi\u0119kszy\u0107 liczb\u0119 urz\u0105dze\u0144 do zabawy bez barier.<\/span><\/p>\n<\/div><\/div><\/div><\/div><\/div><\/div><\/div><div class=\"w-separator size_medium\"><\/div><div class=\"w-btn-wrapper align_left\"><a class=\"w-btn us-btn-style_8 icon_atleft\" href=\"https:\/\/gruene-wiesbaden.de\/pl\/kommunalwahl\/#Kapitel2\"><i class=\"fas fa-chevron-circle-right\"><\/i><span class=\"w-btn-label\">Powr\u00f3t do przegl\u0105du<\/span><\/a><\/div><div class=\"w-separator size_large\"><\/div><div class=\"wpb_text_column us_custom_29deb344 has_text_color\"><div class=\"wpb_wrapper\"><h1>Co ju\u017c osi\u0105gn\u0119li\u015bmy<\/h1>\n<\/div><\/div><div class=\"w-separator size_medium\"><\/div><div class=\"w-tabs us_custom_42d693a0 has_text_color style_default switch_click accordion has_scrolling\" style=\"--sections-title-size:1.4rem\"><div class=\"w-tabs-sections titles-align_none icon_chevron cpos_right\"><div class=\"w-tabs-section has_text_color\" id=\"r025\" style=\"background:var(--color-header-transparent-text);color:var(--color-header-top-text-hover);\"><button class=\"w-tabs-section-header\" aria-controls=\"content-r025\" aria-expanded=\"false\"><div class=\"w-tabs-section-title\">Rozszerzenie Kita pomy\u015blnie zaawansowane<\/div><div class=\"w-tabs-section-control\"><\/div><\/button><div  class=\"w-tabs-section-content\" id=\"content-r025\"><div class=\"w-tabs-section-content-h i-cf\"><div class=\"wpb_text_column\"><div class=\"wpb_wrapper\"><p><span style=\"font-weight: 400;\">Od 2022 roku znacz\u0105co rozszerzyli\u015bmy opiek\u0119 dzienn\u0105 w Wiesbaden: W roku opieki dziennej 2024\/25 dost\u0119pnych by\u0142o 10 308 miejsc \u2013 o 227 wi\u0119cej ni\u017c w roku poprzednim, przy czym liczba dzieci w Wiesbaden spad\u0142a (2020\/21 11 062, 2024\/25 10 912). W strefie U3 dost\u0119pna przestrze\u0144 37,7% w latach 2020\/21\u201341,1% w 2024\/25 r. i w zakresie podstawowym 90% w latach 2020\/21\u201394,4%wzrost w 2024\/2025 r. Dzi\u0119ki temu wi\u0119cej rodzin b\u0119dzie mog\u0142o \u0142\u0105czy\u0107 prac\u0119 z opiek\u0105 nad dzie\u0107mi.<\/span><\/p>\n<\/div><\/div><\/div><\/div><\/div><div class=\"w-tabs-section has_text_color\" id=\"g14a\" style=\"background:var(--color-header-transparent-text);color:var(--color-header-top-text-hover);\"><button class=\"w-tabs-section-header\" aria-controls=\"content-g14a\" aria-expanded=\"false\"><div class=\"w-tabs-section-title\">Otwarto nowe przedszkola<\/div><div class=\"w-tabs-section-control\"><\/div><\/button><div  class=\"w-tabs-section-content\" id=\"content-g14a\"><div class=\"w-tabs-section-content-h i-cf\"><div class=\"wpb_text_column\"><div class=\"wpb_wrapper\"><p><span style=\"font-weight: 400;\">Powsta\u0142y nowe obiekty, zw\u0142aszcza w nowych obszarach budowlanych, takich jak dzielnica Karyntii. W ten spos\u00f3b wyra\u017anie poprawi\u0142a si\u0119 poda\u017c w dzielnicach o wysokim wzro\u015bcie.<\/span><\/p>\n<\/div><\/div><\/div><\/div><\/div><div class=\"w-tabs-section has_text_color\" id=\"e262\" style=\"background:var(--color-header-transparent-text);color:var(--color-header-top-text-hover);\"><button class=\"w-tabs-section-header\" aria-controls=\"content-e262\" aria-expanded=\"false\"><div class=\"w-tabs-section-title\">Ca\u0142odzienna opieka w szko\u0142ach rozszerzona<\/div><div class=\"w-tabs-section-control\"><\/div><\/button><div  class=\"w-tabs-section-content\" id=\"content-e262\"><div class=\"w-tabs-section-content-h i-cf\"><div class=\"wpb_text_column\"><div class=\"wpb_wrapper\"><p><span style=\"font-weight: 400;\">Ju\u017c 62 % Dzieci ze szk\u00f3\u0142 podstawowych korzystaj\u0105 obecnie z opieki popo\u0142udniowej. Jest to wa\u017cny krok w kierunku wdro\u017cenia prawa do opieki w pe\u0142nym wymiarze godzin.<\/span><\/p>\n<\/div><\/div><\/div><\/div><\/div><div class=\"w-tabs-section has_text_color\" id=\"s37d\" style=\"background:var(--color-header-middle-bg);color:var(--color-content-heading);\"><button class=\"w-tabs-section-header\" aria-controls=\"content-s37d\" aria-expanded=\"false\"><div class=\"w-tabs-section-title\">Us\u0142ugi opieki wakacyjnej rozszerzone i ulepszone<\/div><div class=\"w-tabs-section-control\"><\/div><\/button><div  class=\"w-tabs-section-content\" id=\"content-s37d\"><div class=\"w-tabs-section-content-h i-cf\"><div class=\"wpb_text_column\"><div class=\"wpb_wrapper\"><p><span style=\"font-weight: 400;\">Us\u0142ugi opieki wakacyjnej dla dzieci i m\u0142odzie\u017cy zosta\u0142y znacznie rozszerzone. Dzi\u0119ki wsp\u00f3\u0142pracy administracji miasta z r\u00f3\u017cnymi partnerami stworzono dodatkowe programy, kt\u00f3re zaspokajaj\u0105 potrzeby rodzin. Projekty takie jak letnie gry wakacyjne w Parku Przyrody Cyperus, na przyk\u0142ad, oferowa\u0142y dzieciom mo\u017cliwo\u015b\u0107 sp\u0119dzenia wakacji w \u015brodowisku naturalnym. Ponadto my, Zieloni, jeste\u015bmy zobowi\u0105zani do w\u0142\u0105czenia ofert wakacyjnych do miejskiego programu wakacyjnego, aby zapewni\u0107 lepszy przegl\u0105d i dost\u0119pno\u015b\u0107 dla wszystkich rodzin, niezale\u017cnie od ich dochod\u00f3w lub sytuacji \u017cyciowej.<\/span><\/p>\n<\/div><\/div><\/div><\/div><\/div><div class=\"w-tabs-section has_text_color\" id=\"n497\" style=\"background:var(--color-header-transparent-text);color:var(--color-header-top-text-hover);\"><button class=\"w-tabs-section-header\" aria-controls=\"content-n497\" aria-expanded=\"false\"><div class=\"w-tabs-section-title\">Zwi\u0119kszono poda\u017c szkolnej pracy socjalnej w szko\u0142ach<\/div><div class=\"w-tabs-section-control\"><\/div><\/button><div  class=\"w-tabs-section-content\" id=\"content-n497\"><div class=\"w-tabs-section-content-h i-cf\"><div class=\"wpb_text_column\"><div class=\"wpb_wrapper\"><p><span style=\"font-weight: 400;\">Znacznie wzmocnili\u015bmy szkoln\u0105 prac\u0119 socjaln\u0105 w Wiesbaden: Od 2025 r. we wszystkich szko\u0142ach podstawowych i \u015brednich, zintegrowanych szko\u0142ach kompleksowych i szko\u0142ach zawodowych pracuj\u0105 profesjonalni pracownicy socjalni. S\u0105 one bezpo\u015brednim punktem kontaktowym dla uczni\u00f3w, rodzic\u00f3w i nauczycieli \u2013 zar\u00f3wno w przypadku wyzwa\u0144 szkolnych, spo\u0142ecznych, jak i osobistych. Szkolna praca socjalna zapewnia prac\u0119 prewencyjn\u0105, wspiera w konfliktach i kryzysach oraz promuje rozw\u00f3j spo\u0142eczny dzieci i m\u0142odzie\u017cy. Powszechna obecno\u015b\u0107 w szko\u0142ach przyczynia si\u0119 do zwi\u0119kszenia r\u00f3wnych szans, wzmocnienia sp\u00f3jno\u015bci i zapewnienia dzieciom bezpiecznego, wspieraj\u0105cego \u015brodowiska edukacyjnego.<\/span><\/p>\n<\/div><\/div><\/div><\/div><\/div><div class=\"w-tabs-section has_text_color\" id=\"h5bb\" style=\"background:var(--color-header-transparent-text);color:var(--color-header-top-text-hover);\"><button class=\"w-tabs-section-header\" aria-controls=\"content-h5bb\" aria-expanded=\"false\"><div class=\"w-tabs-section-title\">Centrum Informacji dla M\u0142odzie\u017cy (JIZ) jako pojedynczy punkt kontaktowy dla m\u0142odzie\u017cy<\/div><div class=\"w-tabs-section-control\"><\/div><\/button><div  class=\"w-tabs-section-content\" id=\"content-h5bb\"><div class=\"w-tabs-section-content-h i-cf\"><div class=\"wpb_text_column\"><div class=\"wpb_wrapper\"><p><span style=\"font-weight: 400;\">Nowo utworzony punkt kompleksowej obs\u0142ugi JIZ to znacznie wi\u0119cej ni\u017c punkt informacyjny. Tutaj m\u0142odzi ludzie otrzymuj\u0105 porady dotycz\u0105ce mo\u017cliwo\u015bci sp\u0119dzania wolnego czasu, \u015bcie\u017cek szkoleniowych, kwestii prawnych lub problem\u00f3w osobistych. JIZ jest zatem miejscem, w kt\u00f3rym m\u0142odzi ludzie mog\u0105 \u0142atwo znale\u017a\u0107 pomoc, gdy jej potrzebuj\u0105.<\/span><\/p>\n<\/div><\/div><\/div><\/div><\/div><div class=\"w-tabs-section has_text_color\" id=\"p6d1\" style=\"background:var(--color-header-transparent-text);color:var(--color-header-top-text-hover);\"><button class=\"w-tabs-section-header\" aria-controls=\"content-p6d1\" aria-expanded=\"false\"><div class=\"w-tabs-section-title\">Rozbudowa wolnych teren\u00f3w sportowych i rekreacyjnych<\/div><div class=\"w-tabs-section-control\"><\/div><\/button><div  class=\"w-tabs-section-content\" id=\"content-p6d1\"><div class=\"w-tabs-section-content-h i-cf\"><div class=\"wpb_text_column\"><div class=\"wpb_wrapper\"><p><span style=\"font-weight: 400;\">Bolzplatz zosta\u0142 odnowiony i powsta\u0142y na przyk\u0142ad nowe obiekty do kalisteniki lub jazdy na \u0142y\u017cwach, takie jak Kransand w Moguncji-Kastel. Chcemy oferowa\u0107 w mie\u015bcie mo\u017cliwo\u015bci uprawiania sportu i poruszania si\u0119 za darmo.<\/span><\/p>\n<\/div><\/div><\/div><\/div><\/div><div class=\"w-tabs-section has_text_color\" id=\"b7ea\" style=\"background:var(--color-header-transparent-text);color:var(--color-header-top-text-hover);\"><button class=\"w-tabs-section-header\" aria-controls=\"content-b7ea\" aria-expanded=\"false\"><div class=\"w-tabs-section-title\">Bilet WI15<\/div><div class=\"w-tabs-section-control\"><\/div><\/button><div  class=\"w-tabs-section-content\" id=\"content-b7ea\"><div class=\"w-tabs-section-content-h i-cf\"><div class=\"wpb_text_column\"><div class=\"wpb_wrapper\"><p><span style=\"font-weight: 400;\">Dzieci i m\u0142odzie\u017c z Wiesbaden mog\u0105 zosta\u0107 do 18. roku \u017cycia. Urodziny korzysta\u0107 z transportu publicznego w ca\u0142ej Hesji i Moguncji za jedyne 15 \u20ac miesi\u0119cznie. Rodziny o niskich dochodach p\u0142ac\u0105 tylko 10 euro. Pomimo niedawnego wzrostu regularnego biletu studenckiego w Hesji przez RMV do oko\u0142o 32 EUR miesi\u0119cznie, miasto Wiesbaden utrzymuje cen\u0119 biletu WI15 na stabilnym poziomie. W ten spos\u00f3b rodziny odczuwaj\u0105 szczeg\u00f3ln\u0105 ulg\u0119 w czasach inflacji i rosn\u0105cych koszt\u00f3w \u017cycia.<\/span><\/p>\n<\/div><\/div><\/div><\/div><\/div><div class=\"w-tabs-section has_text_color\" id=\"p905\" style=\"background:var(--color-header-transparent-text);color:var(--color-header-top-text-hover);\"><button class=\"w-tabs-section-header\" aria-controls=\"content-p905\" aria-expanded=\"false\"><div class=\"w-tabs-section-title\">Darmowe p\u0142ywanie podczas wakacji<\/div><div class=\"w-tabs-section-control\"><\/div><\/button><div  class=\"w-tabs-section-content\" id=\"content-p905\"><div class=\"w-tabs-section-content-h i-cf\"><div class=\"wpb_text_column\"><div class=\"wpb_wrapper\"><p><span style=\"font-weight: 400;\">Od grudnia 2023 r. dzieci i m\u0142odzie\u017c w wieku do 18 lat mog\u0105 bezp\u0142atnie p\u0142ywa\u0107 na wielu basenach w Wiesbaden podczas wszystkich heskich wakacji szkolnych.<\/span><\/p>\n<\/div><\/div><\/div><\/div><\/div><div class=\"w-tabs-section has_text_color\" id=\"xa1e\" style=\"background:var(--color-header-transparent-text);color:var(--color-header-top-text-hover);\"><button class=\"w-tabs-section-header\" aria-controls=\"content-xa1e\" aria-expanded=\"false\"><div class=\"w-tabs-section-title\">Wi\u0119ksze bezpiecze\u0144stwo i mniejszy ha\u0142as w centrum miasta<\/div><div class=\"w-tabs-section-control\"><\/div><\/button><div  class=\"w-tabs-section-content\" id=\"content-xa1e\"><div class=\"w-tabs-section-content-h i-cf\"><div class=\"wpb_text_column\"><div class=\"wpb_wrapper\"><p><span style=\"font-weight: 400;\">40 km\/h na drogach g\u0142\u00f3wnych i wi\u0119cej stref 30 km\/h na drogach drugorz\u0119dnych oznacza wi\u0119ksze bezpiecze\u0144stwo, zw\u0142aszcza dla dzieci przechodz\u0105cych przez ulice pieszo lub rowerem. Jednocze\u015bnie zmniejsza si\u0119 zanieczyszczenie ha\u0142asem dla wszystkich, co poprawia jako\u015b\u0107 \u017cycia i chroni nasze zdrowie.<\/span><\/p>\n<\/div><\/div><\/div><\/div><\/div><div class=\"w-tabs-section has_text_color\" id=\"fb37\" style=\"background:var(--color-header-transparent-text);color:var(--color-header-top-text-hover);\"><button class=\"w-tabs-section-header\" aria-controls=\"content-fb37\" aria-expanded=\"false\"><div class=\"w-tabs-section-title\">Rozbudowa bezpiecznych \u015bcie\u017cek rowerowych<\/div><div class=\"w-tabs-section-control\"><\/div><\/button><div  class=\"w-tabs-section-content\" id=\"content-fb37\"><div class=\"w-tabs-section-content-h i-cf\"><div class=\"wpb_text_column\"><div class=\"wpb_wrapper\"><p><span style=\"font-weight: 400;\">Bezpieczne \u015bcie\u017cki rowerowe u\u0142atwiaj\u0105 dzieciom w szczeg\u00f3lno\u015bci samodzielne dotarcie do szko\u0142y i mniejsze niebezpiecze\u0144stwo, a tak\u017ce codzienn\u0105 samodzieln\u0105 jazd\u0119. Dlatego na przyk\u0142ad przekszta\u0142cili\u015bmy dwie ulice w pobli\u017cu szko\u0142y, Lessingstra\u00dfe i Mosbacher Stra\u00dfe, w drogi rowerowe. Przyk\u0142ad \u015bcie\u017cki rowerowej na \u0142\u0105ce re\u0144skiej pokazuje r\u00f3wnie\u017c, \u017ce infrastruktura jest zaplanowana specjalnie w taki spos\u00f3b, aby nawet m\u0142odsi rowerzy\u015bci mogli z niej bezpiecznie korzysta\u0107 w czasie wolnym lub w drodze do szko\u0142y.<\/span><\/p>\n<\/div><\/div><\/div><\/div><\/div><div class=\"w-tabs-section has_text_color\" id=\"mc4e\" style=\"background:var(--color-header-transparent-text);color:var(--color-header-top-text-hover);\"><button class=\"w-tabs-section-header\" aria-controls=\"content-mc4e\" aria-expanded=\"false\"><div class=\"w-tabs-section-title\">Nowoczesne place zabaw dla miasta przyjaznego rodzinie<\/div><div class=\"w-tabs-section-control\"><\/div><\/button><div  class=\"w-tabs-section-content\" id=\"content-mc4e\"><div class=\"w-tabs-section-content-h i-cf\"><div class=\"wpb_text_column\"><div class=\"wpb_wrapper\"><p><span style=\"font-weight: 400;\">Sprawiamy, \u017ce Wiesbaden nadaje si\u0119 dla rodzin: Dzi\u0119ki koncepcji rozwoju placu zabaw tworzymy nowoczesne, bezpieczne i integracyjne miejsca do zabawy i spotka\u0144 dla wszystkich pokole\u0144. Liczne obiekty, takie jak Hohenloheplatz, Bolzplatz Bertramstra\u00dfe, Schlosspark Biebrich, Quellbornstra\u00dfe i Wallufer Platz, zosta\u0142y ju\u017c przeprojektowane lub s\u0105 w trakcie prac. Nowe oferty, takie jak wodny plac zabaw na Luisenplatz, przynosz\u0105 r\u00f3wnie\u017c wi\u0119cej rado\u015bci i ruchu w naszych dzielnicach \u2013 Wiesbaden, kt\u00f3ry oferuje dzieciom przestrze\u0144 do odkrywania, a rodzinom miejsca do spotykania si\u0119.<\/span><\/p>\n<\/div><\/div><\/div><\/div><\/div><div class=\"w-tabs-section has_text_color\" id=\"id6c\" style=\"background:var(--color-header-transparent-text);color:var(--color-header-top-text-hover);\"><button class=\"w-tabs-section-header\" aria-controls=\"content-id6c\" aria-expanded=\"false\"><div class=\"w-tabs-section-title\">Bezpieczne i t\u0119tni\u0105ce \u017cyciem ulice i place<\/div><div class=\"w-tabs-section-control\"><\/div><\/button><div  class=\"w-tabs-section-content\" id=\"content-id6c\"><div class=\"w-tabs-section-content-h i-cf\"><div class=\"wpb_text_column\"><div class=\"wpb_wrapper\"><p><span style=\"font-weight: 400;\">Ulice i place Wiesbaden projektujemy w taki spos\u00f3b, aby by\u0142y bezpieczne, zielone i warte \u017cycia oraz zaprasza\u0142y na d\u0142u\u017cszy pobyt. Zako\u0144czono przebudow\u0119 Sedanplatz i Court Street, a nast\u0119pnie kolejne projekty, takie jak B\u00fclowplatz, Wallufer Platz, Yorckstra\u00dfe, Schwalbacher Stra\u00dfe i Park Alzacki. Tereny zielone, wi\u0119ksza jako\u015b\u0107 pobytu i bezpieczne \u015bcie\u017cki tworz\u0105 miejsca, w kt\u00f3rych rodziny czuj\u0105 si\u0119 komfortowo. Dzi\u0119ki rozbudowie strefy dla pieszych Wellritzstra\u00dfe i modernizacji wielu plac\u00f3w powiatowych, miasto staje si\u0119 miejscem, w kt\u00f3rym dzieci mog\u0105 swobodnie i bezpiecznie porusza\u0107 si\u0119 i bawi\u0107 w pobli\u017cu miejsca zamieszkania, nawet w obszarze miejskim.<\/span><\/p>\n<\/div><\/div><\/div><\/div><\/div><div class=\"w-tabs-section has_text_color\" id=\"re86\" style=\"background:var(--color-header-transparent-text);color:var(--color-header-top-text-hover);\"><button class=\"w-tabs-section-header\" aria-controls=\"content-re86\" aria-expanded=\"false\"><div class=\"w-tabs-section-title\">Wypoczynek, przyroda i kultura dla wszystkich pokole\u0144<\/div><div class=\"w-tabs-section-control\"><\/div><\/button><div  class=\"w-tabs-section-content\" id=\"content-re86\"><div class=\"w-tabs-section-content-h i-cf\"><div class=\"wpb_text_column\"><div class=\"wpb_wrapper\"><p><span style=\"font-weight: 400;\">Przyjazno\u015b\u0107 dla rodziny jest r\u00f3wnie\u017c widoczna w czasie wolnym i kulturze. Ba\u017canty rozszerzono na Arche Park, park kulturalny rozszerzono i zaprojektowano z toaletami i dystrybutorami wody przyjaznymi dla rodziny. Fontanna Play na Luisenplatz, nowy wodny plac zabaw w obiektach Reisinger, kt\u00f3ry ma wej\u015b\u0107 w \u017cycie w 2025 roku, oraz wydarzenia takie jak Wiesbaden on Ice, rynek strzeleckich gwiazd dla dzieci czy u\u017cywany w r\u00f3\u017cnych miejscach playmobil, oferuj\u0105 rado\u015b\u0107 i spotkanie dla m\u0142odych i starych.<\/span><\/p>\n<\/div><\/div><\/div><\/div><\/div><\/div><\/div><div class=\"w-separator size_medium\"><\/div><div class=\"w-btn-wrapper align_left\"><a class=\"w-btn us-btn-style_8 icon_atleft\" href=\"https:\/\/gruene-wiesbaden.de\/pl\/kommunalwahl\/#Kapitel2\"><i class=\"fas fa-chevron-circle-right\"><\/i><span class=\"w-btn-label\">Powr\u00f3t do przegl\u0105du<\/span><\/a><\/div><div class=\"w-separator size_large\"><\/div><\/div><\/div><\/div><\/div><\/section>","protected":false},"excerpt":{"rendered":"Dzieci, rodziny i samotni rodziceDzieci s\u0105 nasz\u0105 przysz\u0142o\u015bci\u0105 i maj\u0105 prawo do dobrych warunk\u00f3w \u017cycia, niezale\u017cnie od pochodzenia spo\u0142ecznego ich rodzin. Ub\u00f3stwo dzieci jest problemem strukturalnym, kt\u00f3ry dotyka w szczeg\u00f3lno\u015bci samotne kobiety i rodziny wielodzietne. Godzenie \u017cycia zawodowego i rodzinnego pozostaje wyzwaniem spo\u0142ecznym. Dzieci maj\u0105 swoje prawa i musz\u0105 by\u0107 zaanga\u017cowane w demokratyczne procesy decyzyjne.","protected":false},"author":1,"featured_media":1491,"comment_status":"closed","ping_status":"closed","sticky":false,"template":"","format":"standard","meta":{"footnotes":""},"categories":[15],"tags":[],"class_list":["post-1366","post","type-post","status-publish","format-standard","has-post-thumbnail","hentry","category-kapitel-2"],"yoast_head":"<!-- This site is optimized with the Yoast SEO plugin v27.5 - https:\/\/yoast.com\/product\/yoast-seo-wordpress\/ -->\n<title>Kinder, Familien und Alleinerziehende - B\u00dcNDNIS 90\/DIE GR\u00dcNEN Wiesbaden<\/title>\n<meta name=\"robots\" content=\"index, follow, max-snippet:-1, max-image-preview:large, max-video-preview:-1\" \/>\n<link rel=\"canonical\" href=\"https:\/\/gruene-wiesbaden.de\/pl\/kinder-familien-und-alleinerziehende\/\" \/>\n<meta property=\"og:locale\" content=\"pl_PL\" \/>\n<meta property=\"og:type\" content=\"article\" \/>\n<meta property=\"og:title\" content=\"Kinder, Familien und Alleinerziehende - B\u00dcNDNIS 90\/DIE GR\u00dcNEN Wiesbaden\" \/>\n<meta property=\"og:url\" content=\"https:\/\/gruene-wiesbaden.de\/pl\/kinder-familien-und-alleinerziehende\/\" \/>\n<meta property=\"og:site_name\" content=\"B\u00dcNDNIS 90\/DIE GR\u00dcNEN Wiesbaden\" \/>\n<meta property=\"article:publisher\" content=\"https:\/\/www.facebook.com\/gruene.wi\" \/>\n<meta property=\"article:published_time\" content=\"2025-11-09T22:18:23+00:00\" \/>\n<meta property=\"article:modified_time\" content=\"2026-04-09T08:38:51+00:00\" \/>\n<meta property=\"og:image\" content=\"https:\/\/gruene-wiesbaden.de\/wp-content\/uploads\/2025\/11\/2.8-Kinder-Familien-und-Alleinerziehende-scaled.jpg\" \/>\n\t<meta property=\"og:image:width\" content=\"2560\" \/>\n\t<meta property=\"og:image:height\" content=\"1707\" \/>\n\t<meta property=\"og:image:type\" content=\"image\/jpeg\" \/>\n<meta name=\"author\" content=\"admin\" \/>\n<meta name=\"twitter:card\" content=\"summary_large_image\" \/>\n<meta name=\"twitter:label1\" content=\"Napisane przez\" \/>\n\t<meta name=\"twitter:data1\" content=\"admin\" \/>\n\t<meta name=\"twitter:label2\" content=\"Szacowany czas czytania\" \/>\n\t<meta name=\"twitter:data2\" content=\"10 minutes\" \/>\n<script type=\"application\/ld+json\" class=\"yoast-schema-graph\">{\"@context\":\"https:\\\/\\\/schema.org\",\"@graph\":[{\"@type\":\"Article\",\"@id\":\"https:\\\/\\\/gruene-wiesbaden.de\\\/kinder-familien-und-alleinerziehende\\\/#article\",\"isPartOf\":{\"@id\":\"https:\\\/\\\/gruene-wiesbaden.de\\\/kinder-familien-und-alleinerziehende\\\/\"},\"author\":{\"name\":\"admin\",\"@id\":\"https:\\\/\\\/gruene-wiesbaden.de\\\/#\\\/schema\\\/person\\\/6785c34779159cd4fd86886bb097afe9\"},\"headline\":\"Kinder, Familien und Alleinerziehende\",\"datePublished\":\"2025-11-09T22:18:23+00:00\",\"dateModified\":\"2026-04-09T08:38:51+00:00\",\"mainEntityOfPage\":{\"@id\":\"https:\\\/\\\/gruene-wiesbaden.de\\\/kinder-familien-und-alleinerziehende\\\/\"},\"wordCount\":2989,\"publisher\":{\"@id\":\"https:\\\/\\\/gruene-wiesbaden.de\\\/#organization\"},\"image\":{\"@id\":\"https:\\\/\\\/gruene-wiesbaden.de\\\/kinder-familien-und-alleinerziehende\\\/#primaryimage\"},\"thumbnailUrl\":\"https:\\\/\\\/gruene-wiesbaden.de\\\/wp-content\\\/uploads\\\/2025\\\/11\\\/2.8-Kinder-Familien-und-Alleinerziehende-scaled.jpg\",\"articleSection\":[\"Kapitel 2\"],\"inLanguage\":\"pl-PL\"},{\"@type\":\"WebPage\",\"@id\":\"https:\\\/\\\/gruene-wiesbaden.de\\\/kinder-familien-und-alleinerziehende\\\/\",\"url\":\"https:\\\/\\\/gruene-wiesbaden.de\\\/kinder-familien-und-alleinerziehende\\\/\",\"name\":\"Kinder, Familien und Alleinerziehende - B\u00dcNDNIS 90\\\/DIE GR\u00dcNEN Wiesbaden\",\"isPartOf\":{\"@id\":\"https:\\\/\\\/gruene-wiesbaden.de\\\/#website\"},\"primaryImageOfPage\":{\"@id\":\"https:\\\/\\\/gruene-wiesbaden.de\\\/kinder-familien-und-alleinerziehende\\\/#primaryimage\"},\"image\":{\"@id\":\"https:\\\/\\\/gruene-wiesbaden.de\\\/kinder-familien-und-alleinerziehende\\\/#primaryimage\"},\"thumbnailUrl\":\"https:\\\/\\\/gruene-wiesbaden.de\\\/wp-content\\\/uploads\\\/2025\\\/11\\\/2.8-Kinder-Familien-und-Alleinerziehende-scaled.jpg\",\"datePublished\":\"2025-11-09T22:18:23+00:00\",\"dateModified\":\"2026-04-09T08:38:51+00:00\",\"breadcrumb\":{\"@id\":\"https:\\\/\\\/gruene-wiesbaden.de\\\/kinder-familien-und-alleinerziehende\\\/#breadcrumb\"},\"inLanguage\":\"pl-PL\",\"potentialAction\":[{\"@type\":\"ReadAction\",\"target\":[\"https:\\\/\\\/gruene-wiesbaden.de\\\/kinder-familien-und-alleinerziehende\\\/\"]}]},{\"@type\":\"ImageObject\",\"inLanguage\":\"pl-PL\",\"@id\":\"https:\\\/\\\/gruene-wiesbaden.de\\\/kinder-familien-und-alleinerziehende\\\/#primaryimage\",\"url\":\"https:\\\/\\\/gruene-wiesbaden.de\\\/wp-content\\\/uploads\\\/2025\\\/11\\\/2.8-Kinder-Familien-und-Alleinerziehende-scaled.jpg\",\"contentUrl\":\"https:\\\/\\\/gruene-wiesbaden.de\\\/wp-content\\\/uploads\\\/2025\\\/11\\\/2.8-Kinder-Familien-und-Alleinerziehende-scaled.jpg\",\"width\":2560,\"height\":1707},{\"@type\":\"BreadcrumbList\",\"@id\":\"https:\\\/\\\/gruene-wiesbaden.de\\\/kinder-familien-und-alleinerziehende\\\/#breadcrumb\",\"itemListElement\":[{\"@type\":\"ListItem\",\"position\":1,\"name\":\"Startseite\",\"item\":\"https:\\\/\\\/gruene-wiesbaden.de\\\/\"},{\"@type\":\"ListItem\",\"position\":2,\"name\":\"Kinder, Familien und Alleinerziehende\"}]},{\"@type\":\"WebSite\",\"@id\":\"https:\\\/\\\/gruene-wiesbaden.de\\\/#website\",\"url\":\"https:\\\/\\\/gruene-wiesbaden.de\\\/\",\"name\":\"DIE GR\u00dcNEN Wiesbaden\",\"description\":\"\",\"publisher\":{\"@id\":\"https:\\\/\\\/gruene-wiesbaden.de\\\/#organization\"},\"potentialAction\":[{\"@type\":\"SearchAction\",\"target\":{\"@type\":\"EntryPoint\",\"urlTemplate\":\"https:\\\/\\\/gruene-wiesbaden.de\\\/?s={search_term_string}\"},\"query-input\":{\"@type\":\"PropertyValueSpecification\",\"valueRequired\":true,\"valueName\":\"search_term_string\"}}],\"inLanguage\":\"pl-PL\"},{\"@type\":\"Organization\",\"@id\":\"https:\\\/\\\/gruene-wiesbaden.de\\\/#organization\",\"name\":\"DIE GR\u00dcNEN Wiesbaden\",\"url\":\"https:\\\/\\\/gruene-wiesbaden.de\\\/\",\"logo\":{\"@type\":\"ImageObject\",\"inLanguage\":\"pl-PL\",\"@id\":\"https:\\\/\\\/gruene-wiesbaden.de\\\/#\\\/schema\\\/logo\\\/image\\\/\",\"url\":\"https:\\\/\\\/gruene-wiesbaden-fuer-europa.de\\\/wp-content\\\/uploads\\\/2024\\\/04\\\/Machen-was-zaehlt-5.png\",\"contentUrl\":\"https:\\\/\\\/gruene-wiesbaden-fuer-europa.de\\\/wp-content\\\/uploads\\\/2024\\\/04\\\/Machen-was-zaehlt-5.png\",\"width\":1772,\"height\":1772,\"caption\":\"DIE GR\u00dcNEN Wiesbaden\"},\"image\":{\"@id\":\"https:\\\/\\\/gruene-wiesbaden.de\\\/#\\\/schema\\\/logo\\\/image\\\/\"},\"sameAs\":[\"https:\\\/\\\/www.facebook.com\\\/gruene.wi\",\"https:\\\/\\\/instagram.com\\\/gruene_wi\"]},{\"@type\":\"Person\",\"@id\":\"https:\\\/\\\/gruene-wiesbaden.de\\\/#\\\/schema\\\/person\\\/6785c34779159cd4fd86886bb097afe9\",\"name\":\"admin\",\"sameAs\":[\"http:\\\/\\\/gruene-wiesbaden-fuer-europa.de\"],\"url\":\"https:\\\/\\\/gruene-wiesbaden.de\\\/pl\\\/author\\\/admin\\\/\"}]}<\/script>\n<!-- \/ Yoast SEO plugin. -->","yoast_head_json":{"title":"Kinder, Familien und Alleinerziehende - B\u00dcNDNIS 90\/DIE GR\u00dcNEN Wiesbaden","robots":{"index":"index","follow":"follow","max-snippet":"max-snippet:-1","max-image-preview":"max-image-preview:large","max-video-preview":"max-video-preview:-1"},"canonical":"https:\/\/gruene-wiesbaden.de\/pl\/kinder-familien-und-alleinerziehende\/","og_locale":"pl_PL","og_type":"article","og_title":"Kinder, Familien und Alleinerziehende - B\u00dcNDNIS 90\/DIE GR\u00dcNEN Wiesbaden","og_url":"https:\/\/gruene-wiesbaden.de\/pl\/kinder-familien-und-alleinerziehende\/","og_site_name":"B\u00dcNDNIS 90\/DIE GR\u00dcNEN Wiesbaden","article_publisher":"https:\/\/www.facebook.com\/gruene.wi","article_published_time":"2025-11-09T22:18:23+00:00","article_modified_time":"2026-04-09T08:38:51+00:00","og_image":[{"width":2560,"height":1707,"url":"https:\/\/gruene-wiesbaden.de\/wp-content\/uploads\/2025\/11\/2.8-Kinder-Familien-und-Alleinerziehende-scaled.jpg","type":"image\/jpeg"}],"author":"admin","twitter_card":"summary_large_image","twitter_misc":{"Napisane przez":"admin","Szacowany czas czytania":"10 minutes"},"schema":{"@context":"https:\/\/schema.org","@graph":[{"@type":"Article","@id":"https:\/\/gruene-wiesbaden.de\/kinder-familien-und-alleinerziehende\/#article","isPartOf":{"@id":"https:\/\/gruene-wiesbaden.de\/kinder-familien-und-alleinerziehende\/"},"author":{"name":"admin","@id":"https:\/\/gruene-wiesbaden.de\/#\/schema\/person\/6785c34779159cd4fd86886bb097afe9"},"headline":"Kinder, Familien und Alleinerziehende","datePublished":"2025-11-09T22:18:23+00:00","dateModified":"2026-04-09T08:38:51+00:00","mainEntityOfPage":{"@id":"https:\/\/gruene-wiesbaden.de\/kinder-familien-und-alleinerziehende\/"},"wordCount":2989,"publisher":{"@id":"https:\/\/gruene-wiesbaden.de\/#organization"},"image":{"@id":"https:\/\/gruene-wiesbaden.de\/kinder-familien-und-alleinerziehende\/#primaryimage"},"thumbnailUrl":"https:\/\/gruene-wiesbaden.de\/wp-content\/uploads\/2025\/11\/2.8-Kinder-Familien-und-Alleinerziehende-scaled.jpg","articleSection":["Kapitel 2"],"inLanguage":"pl-PL"},{"@type":"WebPage","@id":"https:\/\/gruene-wiesbaden.de\/kinder-familien-und-alleinerziehende\/","url":"https:\/\/gruene-wiesbaden.de\/kinder-familien-und-alleinerziehende\/","name":"Kinder, Familien und Alleinerziehende - B\u00dcNDNIS 90\/DIE GR\u00dcNEN Wiesbaden","isPartOf":{"@id":"https:\/\/gruene-wiesbaden.de\/#website"},"primaryImageOfPage":{"@id":"https:\/\/gruene-wiesbaden.de\/kinder-familien-und-alleinerziehende\/#primaryimage"},"image":{"@id":"https:\/\/gruene-wiesbaden.de\/kinder-familien-und-alleinerziehende\/#primaryimage"},"thumbnailUrl":"https:\/\/gruene-wiesbaden.de\/wp-content\/uploads\/2025\/11\/2.8-Kinder-Familien-und-Alleinerziehende-scaled.jpg","datePublished":"2025-11-09T22:18:23+00:00","dateModified":"2026-04-09T08:38:51+00:00","breadcrumb":{"@id":"https:\/\/gruene-wiesbaden.de\/kinder-familien-und-alleinerziehende\/#breadcrumb"},"inLanguage":"pl-PL","potentialAction":[{"@type":"ReadAction","target":["https:\/\/gruene-wiesbaden.de\/kinder-familien-und-alleinerziehende\/"]}]},{"@type":"ImageObject","inLanguage":"pl-PL","@id":"https:\/\/gruene-wiesbaden.de\/kinder-familien-und-alleinerziehende\/#primaryimage","url":"https:\/\/gruene-wiesbaden.de\/wp-content\/uploads\/2025\/11\/2.8-Kinder-Familien-und-Alleinerziehende-scaled.jpg","contentUrl":"https:\/\/gruene-wiesbaden.de\/wp-content\/uploads\/2025\/11\/2.8-Kinder-Familien-und-Alleinerziehende-scaled.jpg","width":2560,"height":1707},{"@type":"BreadcrumbList","@id":"https:\/\/gruene-wiesbaden.de\/kinder-familien-und-alleinerziehende\/#breadcrumb","itemListElement":[{"@type":"ListItem","position":1,"name":"Startseite","item":"https:\/\/gruene-wiesbaden.de\/"},{"@type":"ListItem","position":2,"name":"Kinder, Familien und Alleinerziehende"}]},{"@type":"WebSite","@id":"https:\/\/gruene-wiesbaden.de\/#website","url":"https:\/\/gruene-wiesbaden.de\/","name":"DIE GR\u00dcNEN Wiesbaden","description":"","publisher":{"@id":"https:\/\/gruene-wiesbaden.de\/#organization"},"potentialAction":[{"@type":"SearchAction","target":{"@type":"EntryPoint","urlTemplate":"https:\/\/gruene-wiesbaden.de\/?s={search_term_string}"},"query-input":{"@type":"PropertyValueSpecification","valueRequired":true,"valueName":"search_term_string"}}],"inLanguage":"pl-PL"},{"@type":"Organization","@id":"https:\/\/gruene-wiesbaden.de\/#organization","name":"DIE GR\u00dcNEN Wiesbaden","url":"https:\/\/gruene-wiesbaden.de\/","logo":{"@type":"ImageObject","inLanguage":"pl-PL","@id":"https:\/\/gruene-wiesbaden.de\/#\/schema\/logo\/image\/","url":"https:\/\/gruene-wiesbaden-fuer-europa.de\/wp-content\/uploads\/2024\/04\/Machen-was-zaehlt-5.png","contentUrl":"https:\/\/gruene-wiesbaden-fuer-europa.de\/wp-content\/uploads\/2024\/04\/Machen-was-zaehlt-5.png","width":1772,"height":1772,"caption":"DIE GR\u00dcNEN Wiesbaden"},"image":{"@id":"https:\/\/gruene-wiesbaden.de\/#\/schema\/logo\/image\/"},"sameAs":["https:\/\/www.facebook.com\/gruene.wi","https:\/\/instagram.com\/gruene_wi"]},{"@type":"Person","@id":"https:\/\/gruene-wiesbaden.de\/#\/schema\/person\/6785c34779159cd4fd86886bb097afe9","name":"admin","sameAs":["http:\/\/gruene-wiesbaden-fuer-europa.de"],"url":"https:\/\/gruene-wiesbaden.de\/pl\/author\/admin\/"}]}},"_links":{"self":[{"href":"https:\/\/gruene-wiesbaden.de\/pl\/wp-json\/wp\/v2\/posts\/1366","targetHints":{"allow":["GET"]}}],"collection":[{"href":"https:\/\/gruene-wiesbaden.de\/pl\/wp-json\/wp\/v2\/posts"}],"about":[{"href":"https:\/\/gruene-wiesbaden.de\/pl\/wp-json\/wp\/v2\/types\/post"}],"author":[{"embeddable":true,"href":"https:\/\/gruene-wiesbaden.de\/pl\/wp-json\/wp\/v2\/users\/1"}],"replies":[{"embeddable":true,"href":"https:\/\/gruene-wiesbaden.de\/pl\/wp-json\/wp\/v2\/comments?post=1366"}],"version-history":[{"count":7,"href":"https:\/\/gruene-wiesbaden.de\/pl\/wp-json\/wp\/v2\/posts\/1366\/revisions"}],"predecessor-version":[{"id":2396,"href":"https:\/\/gruene-wiesbaden.de\/pl\/wp-json\/wp\/v2\/posts\/1366\/revisions\/2396"}],"wp:featuredmedia":[{"embeddable":true,"href":"https:\/\/gruene-wiesbaden.de\/pl\/wp-json\/wp\/v2\/media\/1491"}],"wp:attachment":[{"href":"https:\/\/gruene-wiesbaden.de\/pl\/wp-json\/wp\/v2\/media?parent=1366"}],"wp:term":[{"taxonomy":"category","embeddable":true,"href":"https:\/\/gruene-wiesbaden.de\/pl\/wp-json\/wp\/v2\/categories?post=1366"},{"taxonomy":"post_tag","embeddable":true,"href":"https:\/\/gruene-wiesbaden.de\/pl\/wp-json\/wp\/v2\/tags?post=1366"}],"curies":[{"name":"wp","href":"https:\/\/api.w.org\/{rel}","templated":true}]}}