{"id":1359,"date":"2025-11-10T00:15:14","date_gmt":"2025-11-09T22:15:14","guid":{"rendered":"https:\/\/gruene-wiesbaden.de\/?p=1359"},"modified":"2026-04-09T10:34:43","modified_gmt":"2026-04-09T08:34:43","slug":"zivilgesellschaftliches-engagement-und-demokratiefoerderung","status":"publish","type":"post","link":"https:\/\/gruene-wiesbaden.de\/pl\/zivilgesellschaftliches-engagement-und-demokratiefoerderung\/","title":{"rendered":"Zaanga\u017cowanie spo\u0142ecze\u0144stwa obywatelskiego i promowanie demokracji"},"content":{"rendered":"<section class=\"l-section wpb_row height_medium with_img\"><div class=\"l-section-img\" role=\"img\" data-img-width=\"1080\" data-img-height=\"800\" style=\"background-image: url(https:\/\/gruene-wiesbaden.de\/wp-content\/uploads\/2025\/11\/neuer-Verlauf-gruene-wiesbaden.de_-2-e1762709402177.png);\"><\/div><div class=\"l-section-overlay\" style=\"background:var(--color-header-top-transparent-bg)\"><\/div><div class=\"l-section-h i-cf\"><div class=\"g-cols vc_row via_grid cols_1 laptops-cols_inherit tablets-cols_inherit mobiles-cols_1 valign_top type_default stacking_default\"><div class=\"wpb_column vc_column_container\"><div class=\"vc_column-inner\"><h1 class=\"w-post-elm post_title us_custom_a574d586 has_text_color entry-title\">Zaanga\u017cowanie spo\u0142ecze\u0144stwa obywatelskiego i promowanie demokracji<\/h1><div class=\"w-separator size_medium\"><\/div><div class=\"g-cols wpb_row via_grid cols_2-1 laptops-cols_inherit tablets-cols_inherit mobiles-cols_1 valign_top type_default stacking_default\" style=\"--columns-gap:3rem;\"><div class=\"wpb_column vc_column_container\"><div class=\"vc_column-inner\"><div class=\"wpb_text_column us_custom_8b3d6790 has_text_color\"><div class=\"wpb_wrapper\"><p><span style=\"font-weight: 400;\">Mo\u017cliwo\u015b\u0107 uczestniczenia w rozwoju w\u0142asnej spo\u0142eczno\u015bci, czy to poprzez formy uczestnictwa dla obywateli, wsp\u00f3ln\u0105 realizacj\u0119 projekt\u00f3w w dzielnicy, czy charytatywn\u0105 prac\u0119 wolontariack\u0105 w stowarzyszeniach, inicjatywach czy fundacjach, wzmacnia poczucie wsp\u00f3lnoty, prze\u0142amuje bariery, zbli\u017ca ludzi, zwi\u0119ksza identyfikacj\u0119 ze spo\u0142eczno\u015bci\u0105 i jest jednym z najskuteczniejszych \u015brodk\u00f3w przeciwdzia\u0142ania nienawi\u015bci, mowie nienawi\u015bci, nietolerancji i wykluczeniu.<\/span><\/p>\n<p><span style=\"font-weight: 400;\">Szczeg\u00f3ln\u0105 odpowiedzialno\u015b\u0107 ponosi tu w szczeg\u00f3lno\u015bci polityka gminna: Stwarza warunki ramowe, w kt\u00f3rych zaanga\u017cowanie spo\u0142ecze\u0144stwa obywatelskiego mo\u017ce si\u0119 rozwija\u0107, otwiera przestrze\u0144 dialogu i spotka\u0144 oraz zapewnia obywatelom mo\u017cliwo\u015b\u0107 bezpo\u015bredniej skuteczno\u015bci ich pomys\u0142\u00f3w, obaw i umiej\u0119tno\u015bci.<\/span><\/p>\n<\/div><\/div><div class=\"w-separator size_medium\"><\/div><div class=\"w-btn-wrapper align_left\"><a class=\"w-btn us-btn-style_8 icon_atleft\" href=\"https:\/\/gruene-wiesbaden.de\/pl\/kommunalwahl\/#Kapitel2\"><i class=\"fas fa-chevron-circle-right\"><\/i><span class=\"w-btn-label\">Powr\u00f3t do przegl\u0105du<\/span><\/a><\/div><\/div><\/div><div class=\"wpb_column vc_column_container\"><div class=\"vc_column-inner\"><div class=\"w-image align_center\"><div class=\"w-image-h\"><img decoding=\"async\" width=\"750\" height=\"750\" src=\"https:\/\/gruene-wiesbaden.de\/wp-content\/uploads\/2025\/11\/2.6-Zivilgesellschaftliches-Engagement-1.jpg\" class=\"attachment-full size-full\" alt=\"\" loading=\"lazy\" srcset=\"https:\/\/gruene-wiesbaden.de\/wp-content\/uploads\/2025\/11\/2.6-Zivilgesellschaftliches-Engagement-1.jpg 750w, https:\/\/gruene-wiesbaden.de\/wp-content\/uploads\/2025\/11\/2.6-Zivilgesellschaftliches-Engagement-1-400x400.jpg 400w, https:\/\/gruene-wiesbaden.de\/wp-content\/uploads\/2025\/11\/2.6-Zivilgesellschaftliches-Engagement-1-600x600.jpg 600w, https:\/\/gruene-wiesbaden.de\/wp-content\/uploads\/2025\/11\/2.6-Zivilgesellschaftliches-Engagement-1-150x150.jpg 150w\" sizes=\"auto, (max-width: 750px) 100vw, 750px\" \/><\/div><\/div><div class=\"w-separator size_small\"><\/div><\/div><\/div><\/div><div class=\"w-separator size_medium\"><\/div><div class=\"w-separator size_medium\"><\/div><div class=\"wpb_text_column\"><div class=\"wpb_wrapper\"><h1>Co dla nas oznacza zaanga\u017cowanie spo\u0142ecze\u0144stwa obywatelskiego i promowanie demokracji<\/h1>\n<\/div><\/div><div class=\"w-separator size_large\"><\/div><div class=\"g-cols wpb_row via_grid cols_3 laptops-cols_inherit tablets-cols_inherit mobiles-cols_1 valign_top type_default stacking_default\" style=\"--columns-gap:3rem;\"><div class=\"wpb_column vc_column_container\"><div class=\"vc_column-inner\"><div class=\"w-iconbox us_custom_8b3d6790 has_text_color iconpos_left style_default color_custom align_left\"><div class=\"w-iconbox-icon\" style=\"font-size:2rem;--icon-color:#Ffffff;--icon-bg-color:var(--color-header-middle-bg);\"><i class=\"fas fa-layer-group\"><\/i><\/div><div class=\"w-iconbox-meta\"><h4 class=\"w-iconbox-title\" style=\"font-size:1.5rem;\">Zaanga\u017cowanie spo\u0142ecze\u0144stwa obywatelskiego promuje spotkania i buduje mosty<\/h4><div class=\"w-iconbox-text\"><p><span style=\"font-weight: 400;\">Ci, kt\u00f3rzy razem pracuj\u0105, razem si\u0119 rozwijaj\u0105. Tworzy to blisko\u015b\u0107, wzajemne zrozumienie i promuje wzajemn\u0105 akceptacj\u0119. To z kolei sprzyja r\u00f3\u017cnorodno\u015bci, w\u0142\u0105czeniu spo\u0142ecznemu i integracji.<\/span><\/p>\n<\/div><\/div><\/div><\/div><\/div><div class=\"wpb_column vc_column_container\"><div class=\"vc_column-inner\"><div class=\"w-iconbox us_custom_8b3d6790 has_text_color iconpos_left style_default color_custom align_left\"><div class=\"w-iconbox-icon\" style=\"font-size:2rem;--icon-color:#Ffffff;--icon-bg-color:var(--color-header-transparent-text);\"><i class=\"fas fa-layer-group\"><\/i><\/div><div class=\"w-iconbox-meta\"><h4 class=\"w-iconbox-title\" style=\"font-size:1.5rem;\">Uczestnictwo spo\u0142ecze\u0144stwa miejskiego wzmacnia demokracj\u0119<\/h4><div class=\"w-iconbox-text\"><p><span style=\"font-weight: 400;\">Procesy uczestnictwa w spo\u0142ecze\u0144stwie miejskim promuj\u0105 uczestnictwo i si\u0142\u0119 tw\u00f3rcz\u0105. Wzmacnia to struktury demokratyczne, buduje rozczarowanie polityczne, wzmacnia wp\u0142ywy obywateli i prowadzi do wi\u0119kszej akceptacji decyzji politycznych.<\/span><\/p>\n<\/div><\/div><\/div><\/div><\/div><div class=\"wpb_column vc_column_container\"><div class=\"vc_column-inner\"><div class=\"w-iconbox us_custom_8b3d6790 has_text_color iconpos_left style_default color_custom align_left\"><div class=\"w-iconbox-icon\" style=\"font-size:2rem;--icon-color:#Ffffff;--icon-bg-color:var(--color-header-transparent-text);\"><i class=\"fas fa-layer-group\"><\/i><\/div><div class=\"w-iconbox-meta\"><h4 class=\"w-iconbox-title\" style=\"font-size:1.5rem;\">Zaanga\u017cowanie sprzyja uczestnictwu<\/h4><div class=\"w-iconbox-text\"><p><span style=\"font-weight: 400;\">Ci, kt\u00f3rzy si\u0119 anga\u017cuj\u0105, szybko znajduj\u0105 powi\u0105zania, tworz\u0105 wi\u0119zi, tworz\u0105 przyja\u017anie, a tym samym do\u015bwiadczaj\u0105 skuteczno\u015bci w\u0142asnego zaanga\u017cowania. Zwi\u0119ksza to identyfikacj\u0119 z gmin\u0105, poszerza horyzonty, sprawia, \u017ce demokratyczne procesy negocjacyjne i w\u0142asne mo\u017cliwo\u015bci projektowe staj\u0105 si\u0119 namacalne.<\/span><\/p>\n<\/div><\/div><\/div><\/div><\/div><\/div><div class=\"w-separator size_medium\"><\/div><div class=\"w-separator size_medium\"><\/div><div class=\"w-btn-wrapper align_left\"><a class=\"w-btn us-btn-style_8 icon_atleft\" href=\"https:\/\/gruene-wiesbaden.de\/pl\/kommunalwahl\/#Kapitel2\"><i class=\"fas fa-chevron-circle-right\"><\/i><span class=\"w-btn-label\">Powr\u00f3t do przegl\u0105du<\/span><\/a><\/div><div class=\"w-separator size_medium\"><\/div><\/div><\/div><\/div><\/div><\/section><section class=\"l-section wpb_row height_auto with_img\"><div class=\"l-section-img\" role=\"img\" data-img-width=\"750\" data-img-height=\"750\" style=\"background-image: url(https:\/\/gruene-wiesbaden.de\/wp-content\/uploads\/2025\/11\/2.6-Zivilgesellschaftliches-Engagement-1.jpg);background-repeat: no-repeat;\"><\/div><div class=\"l-section-overlay\" style=\"background:var(--color-header-top-transparent-bg)\"><\/div><div class=\"l-section-h i-cf\"><div class=\"g-cols vc_row via_grid cols_1 laptops-cols_inherit tablets-cols_inherit mobiles-cols_1 valign_middle type_default stacking_default\" style=\"--columns-gap:1rem;\"><div class=\"wpb_column vc_column_container\"><div class=\"vc_column-inner\"><div class=\"w-separator size_large\"><\/div><div class=\"wpb_text_column background_inside_text\"><div class=\"wpb_wrapper\"><h1>Co chcemy zrobi\u0107 konkretnie w tej dziedzinie<\/h1>\n<\/div><\/div><div class=\"w-separator size_medium\"><\/div><div class=\"w-tabs us_custom_42d693a0 has_text_color style_default switch_click accordion has_scrolling\" style=\"--sections-title-size:1.4rem\"><div class=\"w-tabs-sections titles-align_none icon_chevron cpos_right\"><div class=\"w-tabs-section has_text_color\" id=\"zc38\" style=\"background:var(--color-header-transparent-text);color:var(--color-header-top-text-hover);\"><button class=\"w-tabs-section-header\" aria-controls=\"content-zc38\" aria-expanded=\"false\"><div class=\"w-tabs-section-title\">Edukacja obywatelska na rzecz aktywizacji spo\u0142ecze\u0144stwa obywatelskiego<\/div><div class=\"w-tabs-section-control\"><\/div><\/button><div  class=\"w-tabs-section-content\" id=\"content-zc38\"><div class=\"w-tabs-section-content-h i-cf\"><div class=\"wpb_text_column\"><div class=\"wpb_wrapper\"><p><span style=\"font-weight: 400;\">Demokracja rozwija si\u0119 dzi\u0119ki uczestnictwu. Tylko aktywne i krytyczne spo\u0142ecze\u0144stwo obywatelskie ma si\u0142\u0119, by broni\u0107 demokracji przed prawicowymi si\u0142ami, kt\u00f3re chc\u0105 j\u0105 zniszczy\u0107. My w Wiesbaden, Rada Uchod\u017ac\u00f3w czy Rada Doradcza Cudzoziemc\u00f3w: Wiesbaden ma wiele stowarzysze\u0144, inicjatyw i instytucji, kt\u00f3re s\u0105 zaanga\u017cowane w otwarte i zr\u00f3\u017cnicowane spo\u0142ecze\u0144stwo. Chcemy zachowa\u0107 te struktury i broni\u0107 ich przed ingerencj\u0105 prawn\u0105. Nawet w trudnych sytuacjach bud\u017cetowych.<\/span><\/p>\n<\/div><\/div><\/div><\/div><\/div><div class=\"w-tabs-section has_text_color\" id=\"jd62\" style=\"background:var(--color-header-transparent-text);color:var(--color-header-top-text-hover);\"><button class=\"w-tabs-section-header\" aria-controls=\"content-jd62\" aria-expanded=\"false\"><div class=\"w-tabs-section-title\">Coroczny \"Tydzie\u0144 Demokracji\" w zmieniaj\u0105cych si\u0119 dzielnicach<\/div><div class=\"w-tabs-section-control\"><\/div><\/button><div  class=\"w-tabs-section-content\" id=\"content-jd62\"><div class=\"w-tabs-section-content-h i-cf\"><div class=\"wpb_text_column\"><div class=\"wpb_wrapper\"><p><span style=\"font-weight: 400;\">Chocia\u017c de facto demokratyczny porz\u0105dek podstawowy, w tym prawa podstawowe, znacz\u0105co kszta\u0142tuje codzienne \u017cycie mieszka\u0144c\u00f3w Wiesbaden, konkretna \u015bwiadomo\u015b\u0107 tego spada. Aby ponownie uczyni\u0107 demokracj\u0119 namacaln\u0105 i namacaln\u0105, chcemy przetransportowa\u0107 konkretnie to, czym jest demokracja i co tydzie\u0144 robi na warsztatach, czytaniach, meczach pi\u0142ki no\u017cnej, imprezach z grami i tym podobnych. Projektem pilota\u017cowym lub modelem jest pierwszy Tydzie\u0144 Demokracji Klarenthal w dniach 22\u201326 wrze\u015bnia 2025 r.<\/span><\/p>\n<\/div><\/div><\/div><\/div><\/div><div class=\"w-tabs-section has_text_color\" id=\"ie79\" style=\"background:var(--color-header-transparent-text);color:var(--color-header-top-text-hover);\"><button class=\"w-tabs-section-header\" aria-controls=\"content-ie79\" aria-expanded=\"false\"><div class=\"w-tabs-section-title\">Wzmocnienie partnerstwa miast<\/div><div class=\"w-tabs-section-control\"><\/div><\/button><div  class=\"w-tabs-section-content\" id=\"content-ie79\"><div class=\"w-tabs-section-content-h i-cf\"><div class=\"wpb_text_column\"><div class=\"wpb_wrapper\"><p><span style=\"font-weight: 400;\">Wiesbaden jest Rainbow City, europejskim miastem, w sojuszu NExT i uczestniczy w Federalnej Sieci DemocracyLife. Chcemy udzieli\u0107 wi\u0119kszego wsparcia stowarzyszeniom partnerskim w celu dalszego promowania wymiany i wzmacniania warto\u015bci demokratycznych. Wynika to r\u00f3wnie\u017c z faktu, \u017ce istniej\u0105 miasta partnerskie, w kt\u00f3rych warto\u015bci demokratyczne i \u017cywa r\u00f3\u017cnorodno\u015b\u0107 s\u0105 coraz bardziej nara\u017cone na presj\u0119, takie jak Stambu\u0142 czy G\u00f6rlitz.<\/span><\/p>\n<\/div><\/div><\/div><\/div><\/div><div class=\"w-tabs-section has_text_color\" id=\"zfac\" style=\"background:var(--color-header-middle-bg);color:var(--color-content-heading);\"><button class=\"w-tabs-section-header\" aria-controls=\"content-zfac\" aria-expanded=\"false\"><div class=\"w-tabs-section-title\">Projekt pilota\u017cowy Rady Obywatelskiej<\/div><div class=\"w-tabs-section-control\"><\/div><\/button><div  class=\"w-tabs-section-content\" id=\"content-zfac\"><div class=\"w-tabs-section-content-h i-cf\"><div class=\"wpb_text_column\"><div class=\"wpb_wrapper\"><p><span style=\"font-weight: 400;\">Wa\u017cni mieszka\u0144cy Wiesbaden, zw\u0142aszcza ludzie m\u0142odzi i osoby ze \u015brodowisk migracyjnych, nadal maj\u0105 stosunkowo niewielki dost\u0119p do ju\u017c istniej\u0105cych mo\u017cliwo\u015bci uczestnictwa obywateli \u2013 takich jak rady lokalne, rada doradcza senior\u00f3w lub rada doradcza cudzoziemc\u00f3w. W zwi\u0105zku z tym nale\u017cy zapewni\u0107 dalszy dost\u0119p w celu uzupe\u0142nienia tego systemu: Rady Obywatelskiej. Mo\u017cna go zwo\u0142a\u0107 na tematy istotne dla ca\u0142ego miasta. Uczestnictwo jest mo\u017cliwe dla wszystkich mieszka\u0144c\u00f3w Wiesbaden. Chcemy promowa\u0107 projekt pilota\u017cowy maj\u0105cy na celu przetestowanie tego formatu na poziomie miasta.<\/span><\/p>\n<\/div><\/div><\/div><\/div><\/div><div class=\"w-tabs-section has_text_color\" id=\"i0d4\" style=\"background:var(--color-header-transparent-text);color:var(--color-header-top-text-hover);\"><button class=\"w-tabs-section-header\" aria-controls=\"content-i0d4\" aria-expanded=\"false\"><div class=\"w-tabs-section-title\">Wzmocnienie uczestnictwa<\/div><div class=\"w-tabs-section-control\"><\/div><\/button><div  class=\"w-tabs-section-content\" id=\"content-i0d4\"><div class=\"w-tabs-section-content-h i-cf\"><div class=\"wpb_text_column\"><div class=\"wpb_wrapper\"><p><span style=\"font-weight: 400;\">Tworzymy istniej\u0105ce formaty, takie jak <\/span><i><span style=\"font-weight: 400;\">Wiesbaden pracuje <\/span><\/i><span style=\"font-weight: 400;\">Konsekwentne opracowywanie i rozwijanie nowych cyfrowych instrument\u00f3w uczestnictwa. Dzi\u0119ki temu wsp\u00f3\u0142tworzenie jest \u0142atwiejsze, bardziej przejrzyste i atrakcyjniejsze. Obywatele maj\u0105 wi\u0119kszy wp\u0142yw na projekty w swoim mie\u015bcie \u2013 od urbanistyki i kultury po ochron\u0119 \u015brodowiska i klimatu. Dzi\u0119ki ofertom hybrydowym (na miejscu i cyfrowym) chcemy zwr\u00f3ci\u0107 si\u0119 w szczeg\u00f3lno\u015bci do m\u0142odych ludzi i grup, do kt\u00f3rych jeszcze nie dotarli\u015bmy. Wiesbaden staje si\u0119 wi\u0119c miastem, w kt\u00f3rym uczestnictwo jest spraw\u0105 oczywist\u0105, a decyzje podejmowane s\u0105 wsp\u00f3lnie.<\/span><\/p>\n<\/div><\/div><\/div><\/div><\/div><div class=\"w-tabs-section has_text_color\" id=\"t1ec\" style=\"background:var(--color-header-middle-bg);color:var(--color-header-middle-text);\"><button class=\"w-tabs-section-header\" aria-controls=\"content-t1ec\" aria-expanded=\"false\"><div class=\"w-tabs-section-title\">Utrzymanie i wzmocnienie istniej\u0105cych struktur<\/div><div class=\"w-tabs-section-control\"><\/div><\/button><div  class=\"w-tabs-section-content\" id=\"content-t1ec\"><div class=\"w-tabs-section-content-h i-cf\"><div class=\"wpb_text_column\"><div class=\"wpb_wrapper\"><p><span style=\"font-weight: 400;\">Wiesbaden zbudowa\u0142 szerok\u0105 infrastruktur\u0119 wraz z Centrum Wolontariatu, Fundacj\u0105 Wiesbaden, Centrum Obs\u0142ugi Stowarzysze\u0144 lub B\u00fcrgerkolleg. To nie tylko wprowadza ludzi do pracy charytatywnej i wielu aktywnych inicjatyw i stowarzysze\u0144, ale tak\u017ce kwalifikuje ludzi w wielu r\u00f3\u017cnych dziedzinach, aby mogli pracowa\u0107 na zasadzie wolontariatu. Zw\u0142aszcza w czasach napi\u0119tych gospodarstw domowych ta istniej\u0105ca sie\u0107 nie mo\u017ce by\u0107 atakowana, ale musi zosta\u0107 rozszerzona w przysz\u0142o\u015bci.<\/span><\/p>\n<\/div><\/div><\/div><\/div><\/div><div class=\"w-tabs-section has_text_color\" id=\"o303\" style=\"background:var(--color-header-transparent-text);color:var(--color-header-top-text-hover);\"><button class=\"w-tabs-section-header\" aria-controls=\"content-o303\" aria-expanded=\"false\"><div class=\"w-tabs-section-title\">Zaanga\u017cowanie wymaga m\u0142odych talent\u00f3w<\/div><div class=\"w-tabs-section-control\"><\/div><\/button><div  class=\"w-tabs-section-content\" id=\"content-o303\"><div class=\"w-tabs-section-content-h i-cf\"><div class=\"wpb_text_column\"><div class=\"wpb_wrapper\"><p><span style=\"font-weight: 400;\">Aby zapewni\u0107, \u017ce ludzie b\u0119d\u0105 nadal anga\u017cowa\u0107 si\u0119 w nasz\u0105 spo\u0142eczno\u015b\u0107, chcemy wspiera\u0107 \u015brodki, kt\u00f3re inspiruj\u0105 m\u0142odych ludzi do wi\u0119kszego zaanga\u017cowania. Nale\u017cy zatem w dalszym ci\u0105gu promowa\u0107 takie programy jak \u201eM\u0142odzi i zaanga\u017cowani\u201d lub instytucje, takie jak Centrum Informacji dla M\u0142odzie\u017cy (JIZ) lub Parlament ds. M\u0142odzie\u017cy, tak aby m\u0142odzi ludzie mogli cieszy\u0107 si\u0119 uczestnictwem i zaanga\u017cowaniem. Ponadto chcemy wspiera\u0107 \u015brodki, kt\u00f3re zwi\u0119kszaj\u0105 uznanie dla os\u00f3b, kt\u00f3re s\u0105 wolontariuszami. Chcemy wi\u0119c, aby karta wolontariusza by\u0142a lepiej znana i raz w roku wprowadzi\u0107 przyj\u0119cie dzi\u0119kczynne dla wolontariuszy.<\/span><\/p>\n<\/div><\/div><\/div><\/div><\/div><\/div><\/div><div class=\"w-separator size_medium\"><\/div><div class=\"w-btn-wrapper align_left\"><a class=\"w-btn us-btn-style_8 icon_atleft\" href=\"https:\/\/gruene-wiesbaden.de\/pl\/kommunalwahl\/#Kapitel2\"><i class=\"fas fa-chevron-circle-right\"><\/i><span class=\"w-btn-label\">Powr\u00f3t do przegl\u0105du<\/span><\/a><\/div><div class=\"w-separator size_large\"><\/div><div class=\"wpb_text_column\"><div class=\"wpb_wrapper\"><h1>Co ju\u017c osi\u0105gn\u0119li\u015bmy<\/h1>\n<\/div><\/div><div class=\"w-separator size_medium\"><\/div><div class=\"w-tabs us_custom_42d693a0 has_text_color style_default switch_click accordion has_scrolling\" style=\"--sections-title-size:1.4rem\"><div class=\"w-tabs-sections titles-align_none icon_chevron cpos_right\"><div class=\"w-tabs-section has_text_color\" id=\"w35a\" style=\"background:var(--color-header-transparent-text);color:var(--color-header-top-text-hover);\"><button class=\"w-tabs-section-header\" aria-controls=\"content-w35a\" aria-expanded=\"false\"><div class=\"w-tabs-section-title\">Dein.Wiesbaden zostaje Wiesbaden<\/div><div class=\"w-tabs-section-control\"><\/div><\/button><div  class=\"w-tabs-section-content\" id=\"content-w35a\"><div class=\"w-tabs-section-content-h i-cf\"><div class=\"wpb_text_column\"><div class=\"wpb_wrapper\"><p><span style=\"font-weight: 400;\">Strona zosta\u0142a ponownie uruchomiona. Wdro\u017cono znaczne mo\u017cliwo\u015bci poprawy, zw\u0142aszcza pod wzgl\u0119dem mo\u017cliwo\u015bci uczestnictwa cyfrowego. W rezultacie wi\u0119cej obywateli mo\u017ce aktywnie uczestniczy\u0107, zg\u0142asza\u0107 pomys\u0142y i uczestniczy\u0107 w dyskusjach, co jest korzystne dla demokracji i rozwoju obszar\u00f3w miejskich.<\/span><\/p>\n<\/div><\/div><\/div><\/div><\/div><div class=\"w-tabs-section has_text_color\" id=\"j480\" style=\"background:var(--color-header-transparent-text);color:var(--color-header-top-text-hover);\"><button class=\"w-tabs-section-header\" aria-controls=\"content-j480\" aria-expanded=\"false\"><div class=\"w-tabs-section-title\">Sie\u0107 PiWI \/ Wiesbaden<\/div><div class=\"w-tabs-section-control\"><\/div><\/button><div  class=\"w-tabs-section-content\" id=\"content-j480\"><div class=\"w-tabs-section-content-h i-cf\"><div class=\"wpb_text_column\"><div class=\"wpb_wrapper\"><p><span style=\"font-weight: 400;\">Wy\u015bwietlaj\u0105c wszystkie szablony sesji na <\/span><i><span style=\"font-weight: 400;\">Wiesbaden Acts<\/span><\/i><span style=\"font-weight: 400;\"> Stworzono wi\u0119ksz\u0105 przejrzysto\u015b\u0107 i zmodernizowano platform\u0119 uczestnictwa.<\/span><\/p>\n<\/div><\/div><\/div><\/div><\/div><div class=\"w-tabs-section has_text_color\" id=\"o595\" style=\"background:var(--color-header-transparent-text);color:var(--color-header-top-text-hover);\"><button class=\"w-tabs-section-header\" aria-controls=\"content-o595\" aria-expanded=\"false\"><div class=\"w-tabs-section-title\">Regularna wymiana informacji mi\u0119dzy administracj\u0105 a polityk\u0105<\/div><div class=\"w-tabs-section-control\"><\/div><\/button><div  class=\"w-tabs-section-content\" id=\"content-o595\"><div class=\"w-tabs-section-content-h i-cf\"><div class=\"wpb_text_column\"><div class=\"wpb_wrapper\"><p><span style=\"font-weight: 400;\">\u201eWytyczne dotycz\u0105ce uczestnictwa obywateli\u201d i proces uczestnictwa s\u0105 stale oceniane i dostosowywane w ramach wymiany mi\u0119dzy administracj\u0105 a polityk\u0105.<\/span><\/p>\n<\/div><\/div><\/div><\/div><\/div><div class=\"w-tabs-section has_text_color\" id=\"n6aa\" style=\"background:var(--color-header-middle-bg);color:var(--color-content-heading);\"><button class=\"w-tabs-section-header\" aria-controls=\"content-n6aa\" aria-expanded=\"false\"><div class=\"w-tabs-section-title\">Wzmocnij swoj\u0105 kart\u0119 wolontariusza<\/div><div class=\"w-tabs-section-control\"><\/div><\/button><div  class=\"w-tabs-section-content\" id=\"content-n6aa\"><div class=\"w-tabs-section-content-h i-cf\"><div class=\"wpb_text_column\"><div class=\"wpb_wrapper\"><p><span style=\"font-weight: 400;\">Efekty synergii maj\u0105 powsta\u0107 dzi\u0119ki wi\u0119kszej liczbie dzia\u0142a\u0144 public relations, przej\u0119ciu nowych firm partnerskich oraz po\u0142\u0105czeniu us\u0142ug w Karcie Wiesbaden. Tutaj rozpocz\u0105\u0142 si\u0119 proces. Wdro\u017cenie jednolitej mapy nie zosta\u0142o jeszcze zako\u0144czone.<\/span><\/p>\n<\/div><\/div><\/div><\/div><\/div><div class=\"w-tabs-section has_text_color\" id=\"h7eb\" style=\"background:var(--color-header-transparent-text);color:var(--color-header-top-text-hover);\"><button class=\"w-tabs-section-header\" aria-controls=\"content-h7eb\" aria-expanded=\"false\"><div class=\"w-tabs-section-title\">Pakiet powitalny<\/div><div class=\"w-tabs-section-control\"><\/div><\/button><div  class=\"w-tabs-section-content\" id=\"content-h7eb\"><div class=\"w-tabs-section-content-h i-cf\"><div class=\"wpb_text_column\"><div class=\"wpb_wrapper\"><p><span style=\"font-weight: 400;\">Nowi mieszka\u0144cy Wiesbaden otrzymuj\u0105 informacje o dost\u0119pie do mo\u017cliwo\u015bci wolontariatu. Pomys\u0142 jest w drodze. Administracja kontroluje wdra\u017canie.<\/span><\/p>\n<\/div><\/div><\/div><\/div><\/div><\/div><\/div><div class=\"w-separator size_medium\"><\/div><div class=\"w-btn-wrapper align_left\"><a class=\"w-btn us-btn-style_8 icon_atleft\" href=\"https:\/\/gruene-wiesbaden.de\/pl\/kommunalwahl\/#Kapitel2\"><i class=\"fas fa-chevron-circle-right\"><\/i><span class=\"w-btn-label\">Powr\u00f3t do przegl\u0105du<\/span><\/a><\/div><div class=\"w-separator size_large\"><\/div><\/div><\/div><\/div><\/div><\/section>","protected":false},"excerpt":{"rendered":"Mo\u017cliwo\u015b\u0107 uczestniczenia w rozwoju w\u0142asnej spo\u0142eczno\u015bci, czy to poprzez formy uczestnictwa dla obywateli, wsp\u00f3ln\u0105 realizacj\u0119 projekt\u00f3w w dzielnicy, czy charytatywn\u0105 prac\u0119 wolontariack\u0105 w stowarzyszeniach, inicjatywach czy fundacjach, wzmacnia poczucie wsp\u00f3lnoty, prze\u0142amuje bariery, \u0142\u0105czy ludzi, zwi\u0119ksza identyfikacj\u0119 ze spo\u0142eczno\u015bci\u0105 i jest jednym z najbardziej...","protected":false},"author":1,"featured_media":1490,"comment_status":"closed","ping_status":"closed","sticky":false,"template":"","format":"standard","meta":{"footnotes":""},"categories":[15],"tags":[],"class_list":["post-1359","post","type-post","status-publish","format-standard","has-post-thumbnail","hentry","category-kapitel-2"],"yoast_head":"<!-- This site is optimized with the Yoast SEO plugin v27.5 - https:\/\/yoast.com\/product\/yoast-seo-wordpress\/ -->\n<title>Zivilgesellschaftliches Engagement und Demokratief\u00f6rderung - B\u00dcNDNIS 90\/DIE GR\u00dcNEN Wiesbaden<\/title>\n<meta name=\"robots\" content=\"index, follow, max-snippet:-1, max-image-preview:large, max-video-preview:-1\" \/>\n<link rel=\"canonical\" href=\"https:\/\/gruene-wiesbaden.de\/pl\/zivilgesellschaftliches-engagement-und-demokratiefoerderung\/\" \/>\n<meta property=\"og:locale\" content=\"pl_PL\" \/>\n<meta property=\"og:type\" content=\"article\" \/>\n<meta property=\"og:title\" content=\"Zivilgesellschaftliches Engagement und Demokratief\u00f6rderung - B\u00dcNDNIS 90\/DIE GR\u00dcNEN Wiesbaden\" \/>\n<meta property=\"og:url\" content=\"https:\/\/gruene-wiesbaden.de\/pl\/zivilgesellschaftliches-engagement-und-demokratiefoerderung\/\" \/>\n<meta property=\"og:site_name\" content=\"B\u00dcNDNIS 90\/DIE GR\u00dcNEN Wiesbaden\" \/>\n<meta property=\"article:publisher\" content=\"https:\/\/www.facebook.com\/gruene.wi\" \/>\n<meta property=\"article:published_time\" content=\"2025-11-09T22:15:14+00:00\" \/>\n<meta property=\"article:modified_time\" content=\"2026-04-09T08:34:43+00:00\" \/>\n<meta property=\"og:image\" content=\"https:\/\/gruene-wiesbaden.de\/wp-content\/uploads\/2025\/11\/2.6-Zivilgesellschaftliches-Engagement-1.jpg\" \/>\n\t<meta property=\"og:image:width\" content=\"750\" \/>\n\t<meta property=\"og:image:height\" content=\"750\" \/>\n\t<meta property=\"og:image:type\" content=\"image\/jpeg\" \/>\n<meta name=\"author\" content=\"admin\" \/>\n<meta name=\"twitter:card\" content=\"summary_large_image\" \/>\n<meta name=\"twitter:label1\" content=\"Napisane przez\" \/>\n\t<meta name=\"twitter:data1\" content=\"admin\" \/>\n\t<meta name=\"twitter:label2\" content=\"Szacowany czas czytania\" \/>\n\t<meta name=\"twitter:data2\" content=\"7 minutes\" \/>\n<script type=\"application\/ld+json\" class=\"yoast-schema-graph\">{\"@context\":\"https:\\\/\\\/schema.org\",\"@graph\":[{\"@type\":\"Article\",\"@id\":\"https:\\\/\\\/gruene-wiesbaden.de\\\/zivilgesellschaftliches-engagement-und-demokratiefoerderung\\\/#article\",\"isPartOf\":{\"@id\":\"https:\\\/\\\/gruene-wiesbaden.de\\\/zivilgesellschaftliches-engagement-und-demokratiefoerderung\\\/\"},\"author\":{\"name\":\"admin\",\"@id\":\"https:\\\/\\\/gruene-wiesbaden.de\\\/#\\\/schema\\\/person\\\/6785c34779159cd4fd86886bb097afe9\"},\"headline\":\"Zivilgesellschaftliches Engagement und Demokratief\u00f6rderung\",\"datePublished\":\"2025-11-09T22:15:14+00:00\",\"dateModified\":\"2026-04-09T08:34:43+00:00\",\"mainEntityOfPage\":{\"@id\":\"https:\\\/\\\/gruene-wiesbaden.de\\\/zivilgesellschaftliches-engagement-und-demokratiefoerderung\\\/\"},\"wordCount\":1885,\"publisher\":{\"@id\":\"https:\\\/\\\/gruene-wiesbaden.de\\\/#organization\"},\"image\":{\"@id\":\"https:\\\/\\\/gruene-wiesbaden.de\\\/zivilgesellschaftliches-engagement-und-demokratiefoerderung\\\/#primaryimage\"},\"thumbnailUrl\":\"https:\\\/\\\/gruene-wiesbaden.de\\\/wp-content\\\/uploads\\\/2025\\\/11\\\/2.6-Zivilgesellschaftliches-Engagement-1.jpg\",\"articleSection\":[\"Kapitel 2\"],\"inLanguage\":\"pl-PL\"},{\"@type\":\"WebPage\",\"@id\":\"https:\\\/\\\/gruene-wiesbaden.de\\\/zivilgesellschaftliches-engagement-und-demokratiefoerderung\\\/\",\"url\":\"https:\\\/\\\/gruene-wiesbaden.de\\\/zivilgesellschaftliches-engagement-und-demokratiefoerderung\\\/\",\"name\":\"Zivilgesellschaftliches Engagement und Demokratief\u00f6rderung - B\u00dcNDNIS 90\\\/DIE GR\u00dcNEN Wiesbaden\",\"isPartOf\":{\"@id\":\"https:\\\/\\\/gruene-wiesbaden.de\\\/#website\"},\"primaryImageOfPage\":{\"@id\":\"https:\\\/\\\/gruene-wiesbaden.de\\\/zivilgesellschaftliches-engagement-und-demokratiefoerderung\\\/#primaryimage\"},\"image\":{\"@id\":\"https:\\\/\\\/gruene-wiesbaden.de\\\/zivilgesellschaftliches-engagement-und-demokratiefoerderung\\\/#primaryimage\"},\"thumbnailUrl\":\"https:\\\/\\\/gruene-wiesbaden.de\\\/wp-content\\\/uploads\\\/2025\\\/11\\\/2.6-Zivilgesellschaftliches-Engagement-1.jpg\",\"datePublished\":\"2025-11-09T22:15:14+00:00\",\"dateModified\":\"2026-04-09T08:34:43+00:00\",\"breadcrumb\":{\"@id\":\"https:\\\/\\\/gruene-wiesbaden.de\\\/zivilgesellschaftliches-engagement-und-demokratiefoerderung\\\/#breadcrumb\"},\"inLanguage\":\"pl-PL\",\"potentialAction\":[{\"@type\":\"ReadAction\",\"target\":[\"https:\\\/\\\/gruene-wiesbaden.de\\\/zivilgesellschaftliches-engagement-und-demokratiefoerderung\\\/\"]}]},{\"@type\":\"ImageObject\",\"inLanguage\":\"pl-PL\",\"@id\":\"https:\\\/\\\/gruene-wiesbaden.de\\\/zivilgesellschaftliches-engagement-und-demokratiefoerderung\\\/#primaryimage\",\"url\":\"https:\\\/\\\/gruene-wiesbaden.de\\\/wp-content\\\/uploads\\\/2025\\\/11\\\/2.6-Zivilgesellschaftliches-Engagement-1.jpg\",\"contentUrl\":\"https:\\\/\\\/gruene-wiesbaden.de\\\/wp-content\\\/uploads\\\/2025\\\/11\\\/2.6-Zivilgesellschaftliches-Engagement-1.jpg\",\"width\":750,\"height\":750},{\"@type\":\"BreadcrumbList\",\"@id\":\"https:\\\/\\\/gruene-wiesbaden.de\\\/zivilgesellschaftliches-engagement-und-demokratiefoerderung\\\/#breadcrumb\",\"itemListElement\":[{\"@type\":\"ListItem\",\"position\":1,\"name\":\"Startseite\",\"item\":\"https:\\\/\\\/gruene-wiesbaden.de\\\/\"},{\"@type\":\"ListItem\",\"position\":2,\"name\":\"Zivilgesellschaftliches Engagement und Demokratief\u00f6rderung\"}]},{\"@type\":\"WebSite\",\"@id\":\"https:\\\/\\\/gruene-wiesbaden.de\\\/#website\",\"url\":\"https:\\\/\\\/gruene-wiesbaden.de\\\/\",\"name\":\"DIE GR\u00dcNEN Wiesbaden\",\"description\":\"\",\"publisher\":{\"@id\":\"https:\\\/\\\/gruene-wiesbaden.de\\\/#organization\"},\"potentialAction\":[{\"@type\":\"SearchAction\",\"target\":{\"@type\":\"EntryPoint\",\"urlTemplate\":\"https:\\\/\\\/gruene-wiesbaden.de\\\/?s={search_term_string}\"},\"query-input\":{\"@type\":\"PropertyValueSpecification\",\"valueRequired\":true,\"valueName\":\"search_term_string\"}}],\"inLanguage\":\"pl-PL\"},{\"@type\":\"Organization\",\"@id\":\"https:\\\/\\\/gruene-wiesbaden.de\\\/#organization\",\"name\":\"DIE GR\u00dcNEN Wiesbaden\",\"url\":\"https:\\\/\\\/gruene-wiesbaden.de\\\/\",\"logo\":{\"@type\":\"ImageObject\",\"inLanguage\":\"pl-PL\",\"@id\":\"https:\\\/\\\/gruene-wiesbaden.de\\\/#\\\/schema\\\/logo\\\/image\\\/\",\"url\":\"https:\\\/\\\/gruene-wiesbaden-fuer-europa.de\\\/wp-content\\\/uploads\\\/2024\\\/04\\\/Machen-was-zaehlt-5.png\",\"contentUrl\":\"https:\\\/\\\/gruene-wiesbaden-fuer-europa.de\\\/wp-content\\\/uploads\\\/2024\\\/04\\\/Machen-was-zaehlt-5.png\",\"width\":1772,\"height\":1772,\"caption\":\"DIE GR\u00dcNEN Wiesbaden\"},\"image\":{\"@id\":\"https:\\\/\\\/gruene-wiesbaden.de\\\/#\\\/schema\\\/logo\\\/image\\\/\"},\"sameAs\":[\"https:\\\/\\\/www.facebook.com\\\/gruene.wi\",\"https:\\\/\\\/instagram.com\\\/gruene_wi\"]},{\"@type\":\"Person\",\"@id\":\"https:\\\/\\\/gruene-wiesbaden.de\\\/#\\\/schema\\\/person\\\/6785c34779159cd4fd86886bb097afe9\",\"name\":\"admin\",\"sameAs\":[\"http:\\\/\\\/gruene-wiesbaden-fuer-europa.de\"],\"url\":\"https:\\\/\\\/gruene-wiesbaden.de\\\/pl\\\/author\\\/admin\\\/\"}]}<\/script>\n<!-- \/ Yoast SEO plugin. -->","yoast_head_json":{"title":"Zivilgesellschaftliches Engagement und Demokratief\u00f6rderung - B\u00dcNDNIS 90\/DIE GR\u00dcNEN Wiesbaden","robots":{"index":"index","follow":"follow","max-snippet":"max-snippet:-1","max-image-preview":"max-image-preview:large","max-video-preview":"max-video-preview:-1"},"canonical":"https:\/\/gruene-wiesbaden.de\/pl\/zivilgesellschaftliches-engagement-und-demokratiefoerderung\/","og_locale":"pl_PL","og_type":"article","og_title":"Zivilgesellschaftliches Engagement und Demokratief\u00f6rderung - B\u00dcNDNIS 90\/DIE GR\u00dcNEN Wiesbaden","og_url":"https:\/\/gruene-wiesbaden.de\/pl\/zivilgesellschaftliches-engagement-und-demokratiefoerderung\/","og_site_name":"B\u00dcNDNIS 90\/DIE GR\u00dcNEN Wiesbaden","article_publisher":"https:\/\/www.facebook.com\/gruene.wi","article_published_time":"2025-11-09T22:15:14+00:00","article_modified_time":"2026-04-09T08:34:43+00:00","og_image":[{"width":750,"height":750,"url":"https:\/\/gruene-wiesbaden.de\/wp-content\/uploads\/2025\/11\/2.6-Zivilgesellschaftliches-Engagement-1.jpg","type":"image\/jpeg"}],"author":"admin","twitter_card":"summary_large_image","twitter_misc":{"Napisane przez":"admin","Szacowany czas czytania":"7 minutes"},"schema":{"@context":"https:\/\/schema.org","@graph":[{"@type":"Article","@id":"https:\/\/gruene-wiesbaden.de\/zivilgesellschaftliches-engagement-und-demokratiefoerderung\/#article","isPartOf":{"@id":"https:\/\/gruene-wiesbaden.de\/zivilgesellschaftliches-engagement-und-demokratiefoerderung\/"},"author":{"name":"admin","@id":"https:\/\/gruene-wiesbaden.de\/#\/schema\/person\/6785c34779159cd4fd86886bb097afe9"},"headline":"Zivilgesellschaftliches Engagement und Demokratief\u00f6rderung","datePublished":"2025-11-09T22:15:14+00:00","dateModified":"2026-04-09T08:34:43+00:00","mainEntityOfPage":{"@id":"https:\/\/gruene-wiesbaden.de\/zivilgesellschaftliches-engagement-und-demokratiefoerderung\/"},"wordCount":1885,"publisher":{"@id":"https:\/\/gruene-wiesbaden.de\/#organization"},"image":{"@id":"https:\/\/gruene-wiesbaden.de\/zivilgesellschaftliches-engagement-und-demokratiefoerderung\/#primaryimage"},"thumbnailUrl":"https:\/\/gruene-wiesbaden.de\/wp-content\/uploads\/2025\/11\/2.6-Zivilgesellschaftliches-Engagement-1.jpg","articleSection":["Kapitel 2"],"inLanguage":"pl-PL"},{"@type":"WebPage","@id":"https:\/\/gruene-wiesbaden.de\/zivilgesellschaftliches-engagement-und-demokratiefoerderung\/","url":"https:\/\/gruene-wiesbaden.de\/zivilgesellschaftliches-engagement-und-demokratiefoerderung\/","name":"Zivilgesellschaftliches Engagement und Demokratief\u00f6rderung - B\u00dcNDNIS 90\/DIE GR\u00dcNEN Wiesbaden","isPartOf":{"@id":"https:\/\/gruene-wiesbaden.de\/#website"},"primaryImageOfPage":{"@id":"https:\/\/gruene-wiesbaden.de\/zivilgesellschaftliches-engagement-und-demokratiefoerderung\/#primaryimage"},"image":{"@id":"https:\/\/gruene-wiesbaden.de\/zivilgesellschaftliches-engagement-und-demokratiefoerderung\/#primaryimage"},"thumbnailUrl":"https:\/\/gruene-wiesbaden.de\/wp-content\/uploads\/2025\/11\/2.6-Zivilgesellschaftliches-Engagement-1.jpg","datePublished":"2025-11-09T22:15:14+00:00","dateModified":"2026-04-09T08:34:43+00:00","breadcrumb":{"@id":"https:\/\/gruene-wiesbaden.de\/zivilgesellschaftliches-engagement-und-demokratiefoerderung\/#breadcrumb"},"inLanguage":"pl-PL","potentialAction":[{"@type":"ReadAction","target":["https:\/\/gruene-wiesbaden.de\/zivilgesellschaftliches-engagement-und-demokratiefoerderung\/"]}]},{"@type":"ImageObject","inLanguage":"pl-PL","@id":"https:\/\/gruene-wiesbaden.de\/zivilgesellschaftliches-engagement-und-demokratiefoerderung\/#primaryimage","url":"https:\/\/gruene-wiesbaden.de\/wp-content\/uploads\/2025\/11\/2.6-Zivilgesellschaftliches-Engagement-1.jpg","contentUrl":"https:\/\/gruene-wiesbaden.de\/wp-content\/uploads\/2025\/11\/2.6-Zivilgesellschaftliches-Engagement-1.jpg","width":750,"height":750},{"@type":"BreadcrumbList","@id":"https:\/\/gruene-wiesbaden.de\/zivilgesellschaftliches-engagement-und-demokratiefoerderung\/#breadcrumb","itemListElement":[{"@type":"ListItem","position":1,"name":"Startseite","item":"https:\/\/gruene-wiesbaden.de\/"},{"@type":"ListItem","position":2,"name":"Zivilgesellschaftliches Engagement und Demokratief\u00f6rderung"}]},{"@type":"WebSite","@id":"https:\/\/gruene-wiesbaden.de\/#website","url":"https:\/\/gruene-wiesbaden.de\/","name":"DIE GR\u00dcNEN Wiesbaden","description":"","publisher":{"@id":"https:\/\/gruene-wiesbaden.de\/#organization"},"potentialAction":[{"@type":"SearchAction","target":{"@type":"EntryPoint","urlTemplate":"https:\/\/gruene-wiesbaden.de\/?s={search_term_string}"},"query-input":{"@type":"PropertyValueSpecification","valueRequired":true,"valueName":"search_term_string"}}],"inLanguage":"pl-PL"},{"@type":"Organization","@id":"https:\/\/gruene-wiesbaden.de\/#organization","name":"DIE GR\u00dcNEN Wiesbaden","url":"https:\/\/gruene-wiesbaden.de\/","logo":{"@type":"ImageObject","inLanguage":"pl-PL","@id":"https:\/\/gruene-wiesbaden.de\/#\/schema\/logo\/image\/","url":"https:\/\/gruene-wiesbaden-fuer-europa.de\/wp-content\/uploads\/2024\/04\/Machen-was-zaehlt-5.png","contentUrl":"https:\/\/gruene-wiesbaden-fuer-europa.de\/wp-content\/uploads\/2024\/04\/Machen-was-zaehlt-5.png","width":1772,"height":1772,"caption":"DIE GR\u00dcNEN Wiesbaden"},"image":{"@id":"https:\/\/gruene-wiesbaden.de\/#\/schema\/logo\/image\/"},"sameAs":["https:\/\/www.facebook.com\/gruene.wi","https:\/\/instagram.com\/gruene_wi"]},{"@type":"Person","@id":"https:\/\/gruene-wiesbaden.de\/#\/schema\/person\/6785c34779159cd4fd86886bb097afe9","name":"admin","sameAs":["http:\/\/gruene-wiesbaden-fuer-europa.de"],"url":"https:\/\/gruene-wiesbaden.de\/pl\/author\/admin\/"}]}},"_links":{"self":[{"href":"https:\/\/gruene-wiesbaden.de\/pl\/wp-json\/wp\/v2\/posts\/1359","targetHints":{"allow":["GET"]}}],"collection":[{"href":"https:\/\/gruene-wiesbaden.de\/pl\/wp-json\/wp\/v2\/posts"}],"about":[{"href":"https:\/\/gruene-wiesbaden.de\/pl\/wp-json\/wp\/v2\/types\/post"}],"author":[{"embeddable":true,"href":"https:\/\/gruene-wiesbaden.de\/pl\/wp-json\/wp\/v2\/users\/1"}],"replies":[{"embeddable":true,"href":"https:\/\/gruene-wiesbaden.de\/pl\/wp-json\/wp\/v2\/comments?post=1359"}],"version-history":[{"count":7,"href":"https:\/\/gruene-wiesbaden.de\/pl\/wp-json\/wp\/v2\/posts\/1359\/revisions"}],"predecessor-version":[{"id":2394,"href":"https:\/\/gruene-wiesbaden.de\/pl\/wp-json\/wp\/v2\/posts\/1359\/revisions\/2394"}],"wp:featuredmedia":[{"embeddable":true,"href":"https:\/\/gruene-wiesbaden.de\/pl\/wp-json\/wp\/v2\/media\/1490"}],"wp:attachment":[{"href":"https:\/\/gruene-wiesbaden.de\/pl\/wp-json\/wp\/v2\/media?parent=1359"}],"wp:term":[{"taxonomy":"category","embeddable":true,"href":"https:\/\/gruene-wiesbaden.de\/pl\/wp-json\/wp\/v2\/categories?post=1359"},{"taxonomy":"post_tag","embeddable":true,"href":"https:\/\/gruene-wiesbaden.de\/pl\/wp-json\/wp\/v2\/tags?post=1359"}],"curies":[{"name":"wp","href":"https:\/\/api.w.org\/{rel}","templated":true}]}}