{"id":1357,"date":"2025-11-10T00:14:08","date_gmt":"2025-11-09T22:14:08","guid":{"rendered":"https:\/\/gruene-wiesbaden.de\/?p=1357"},"modified":"2026-04-09T10:33:03","modified_gmt":"2026-04-09T08:33:03","slug":"sicherheit-und-schutz-vor-gewalt","status":"publish","type":"post","link":"https:\/\/gruene-wiesbaden.de\/pl\/sicherheit-und-schutz-vor-gewalt\/","title":{"rendered":"Bezpiecze\u0144stwo i ochrona przed przemoc\u0105"},"content":{"rendered":"<section class=\"l-section wpb_row height_medium with_img\"><div class=\"l-section-img\" role=\"img\" data-img-width=\"1080\" data-img-height=\"800\" style=\"background-image: url(https:\/\/gruene-wiesbaden.de\/wp-content\/uploads\/2025\/11\/neuer-Verlauf-gruene-wiesbaden.de_-2-e1762709402177.png);\"><\/div><div class=\"l-section-overlay\" style=\"background:var(--color-header-top-transparent-bg)\"><\/div><div class=\"l-section-h i-cf\"><div class=\"g-cols vc_row via_grid cols_1 laptops-cols_inherit tablets-cols_inherit mobiles-cols_1 valign_top type_default stacking_default\"><div class=\"wpb_column vc_column_container\"><div class=\"vc_column-inner\"><h1 class=\"w-post-elm post_title us_custom_a574d586 has_text_color entry-title\">Bezpiecze\u0144stwo i ochrona przed przemoc\u0105<\/h1><div class=\"w-separator size_medium\"><\/div><div class=\"g-cols wpb_row via_grid cols_2-1 laptops-cols_inherit tablets-cols_inherit mobiles-cols_1 valign_top type_default stacking_default\" style=\"--columns-gap:3rem;\"><div class=\"wpb_column vc_column_container\"><div class=\"vc_column-inner\"><div class=\"wpb_text_column us_custom_8b3d6790 has_text_color\"><div class=\"wpb_wrapper\"><p><span style=\"font-weight: 400;\">Chcemy, aby wszyscy mieszka\u0144cy Wiesbaden czuli si\u0119 bezpieczni i wolni od dyskryminacji i przemocy \u2013 w drodze do domu, w szkole lub w przestrzeni publicznej. Bezpiecze\u0144stwo oznacza dla ka\u017cdego co\u015b innego, dlatego zwracamy uwag\u0119 na perspektywy os\u00f3b do\u015bwiadczaj\u0105cych dyskryminacji, nienawi\u015bci czy wykluczenia. Szczeg\u00f3lnie wa\u017cne jest dla nas wzmocnienie g\u0142os\u00f3w, kt\u00f3re s\u0105 cz\u0119sto pomijane: Ludzie, kt\u00f3rzy do\u015bwiadczaj\u0105 rasistowskich, antysemickich, antyniepe\u0142nosprawnych, seksistowskich lub queerowych i transfobicznych atak\u00f3w.<\/span><\/p>\n<p><span style=\"font-weight: 400;\">Ochrona nie zaczyna si\u0119 od policji miejskiej i urz\u0119du porz\u0105dku publicznego, ale od zaufania, dost\u0119pnych os\u00f3b kontaktowych, dobrze zaprojektowanych pomieszcze\u0144 i pe\u0142nego szacunku wsp\u00f3\u0142istnienia. D\u0105\u017cymy do miasta, w kt\u00f3rym \u017cyje si\u0119 r\u00f3\u017cnorodno\u015bci\u0105, s\u0142yszy si\u0119 osoby dotkni\u0119te tym problemem i konsekwentnie zwalcza si\u0119 przemoc \u2013 dla bezpiecznego i solidarnego Wiesbaden.<\/span><\/p>\n<\/div><\/div><div class=\"w-separator size_medium\"><\/div><div class=\"w-btn-wrapper align_left\"><a class=\"w-btn us-btn-style_8 icon_atleft\" href=\"https:\/\/gruene-wiesbaden.de\/pl\/kommunalwahl\/#Kapitel2\"><i class=\"fas fa-chevron-circle-right\"><\/i><span class=\"w-btn-label\">Powr\u00f3t do przegl\u0105du<\/span><\/a><\/div><\/div><\/div><div class=\"wpb_column vc_column_container\"><div class=\"vc_column-inner\"><div class=\"w-image align_center\"><div class=\"w-image-h\"><img decoding=\"async\" width=\"2048\" height=\"2560\" src=\"https:\/\/gruene-wiesbaden.de\/wp-content\/uploads\/2025\/11\/2.5-Sicherheit-und-Schutz-vor-Gewalt-scaled.jpg\" class=\"attachment-full size-full\" alt=\"\" loading=\"lazy\" srcset=\"https:\/\/gruene-wiesbaden.de\/wp-content\/uploads\/2025\/11\/2.5-Sicherheit-und-Schutz-vor-Gewalt-scaled.jpg 2048w, https:\/\/gruene-wiesbaden.de\/wp-content\/uploads\/2025\/11\/2.5-Sicherheit-und-Schutz-vor-Gewalt-320x400.jpg 320w, https:\/\/gruene-wiesbaden.de\/wp-content\/uploads\/2025\/11\/2.5-Sicherheit-und-Schutz-vor-Gewalt-480x600.jpg 480w\" sizes=\"auto, (max-width: 2048px) 100vw, 2048px\" \/><\/div><\/div><div class=\"w-separator size_small\"><\/div><\/div><\/div><\/div><div class=\"w-separator size_medium\"><\/div><div class=\"w-separator size_medium\"><\/div><div class=\"wpb_text_column us_custom_29deb344 has_text_color\"><div class=\"wpb_wrapper\"><h1>Co oznacza dla nas bezpiecze\u0144stwo i ochrona przed przemoc\u0105<\/h1>\n<\/div><\/div><div class=\"w-separator size_large\"><\/div><div class=\"g-cols wpb_row via_grid cols_3 laptops-cols_inherit tablets-cols_inherit mobiles-cols_1 valign_top type_default stacking_default\" style=\"--columns-gap:3rem;\"><div class=\"wpb_column vc_column_container\"><div class=\"vc_column-inner\"><div class=\"w-iconbox us_custom_8b3d6790 has_text_color iconpos_left style_default color_custom align_left\"><div class=\"w-iconbox-icon\" style=\"font-size:2rem;--icon-color:#Ffffff;--icon-bg-color:var(--color-header-middle-bg);\"><i class=\"fas fa-layer-group\"><\/i><\/div><div class=\"w-iconbox-meta\"><h4 class=\"w-iconbox-title\" style=\"font-size:1.5rem;\">Bezpiecze\u0144stwo dla wszystkich<\/h4><div class=\"w-iconbox-text\"><p><span style=\"font-weight: 400;\">Kto jest bezpieczny, nie mo\u017ce jednak zale\u017ce\u0107 od p\u0142ci, seksualno\u015bci lub pochodzenia danej osoby. Wiesbaden musi by\u0107 miastem, w kt\u00f3rym wszyscy czuj\u0105 si\u0119 bezpiecznie.<\/span><\/p>\n<\/div><\/div><\/div><\/div><\/div><div class=\"wpb_column vc_column_container\"><div class=\"vc_column-inner\"><div class=\"w-iconbox us_custom_8b3d6790 has_text_color iconpos_left style_default color_custom align_left\"><div class=\"w-iconbox-icon\" style=\"font-size:2rem;--icon-color:#Ffffff;--icon-bg-color:var(--color-header-transparent-text);\"><i class=\"fas fa-layer-group\"><\/i><\/div><div class=\"w-iconbox-meta\"><h4 class=\"w-iconbox-title\" style=\"font-size:1.5rem;\">Przezwyci\u0119\u017canie przemocy ze wzgl\u0119du na p\u0142e\u0107<\/h4><div class=\"w-iconbox-text\"><p><span style=\"font-weight: 400;\">Kobiety s\u0105 najwi\u0119ksz\u0105 grup\u0105 os\u00f3b dotkni\u0119tych przemoc\u0105 w zwi\u0105zkach partnerskich. Wa\u017cne jest, aby przyjrze\u0107 si\u0119 temu w szczeg\u00f3lny spos\u00f3b.<\/span><\/p>\n<\/div><\/div><\/div><\/div><\/div><div class=\"wpb_column vc_column_container\"><div class=\"vc_column-inner\"><div class=\"w-iconbox us_custom_8b3d6790 has_text_color iconpos_left style_default color_custom align_left\"><div class=\"w-iconbox-icon\" style=\"font-size:2rem;--icon-color:#Ffffff;--icon-bg-color:var(--color-header-transparent-text);\"><i class=\"fas fa-layer-group\"><\/i><\/div><div class=\"w-iconbox-meta\"><h4 class=\"w-iconbox-title\" style=\"font-size:1.5rem;\">Bezpieczniejsze miejsca dzi\u0119ki wi\u0119kszej \u017cywotno\u015bci i o\u015bwietleniu zamiast wi\u0119kszego monitorowania<\/h4><div class=\"w-iconbox-text\"><p><span style=\"font-weight: 400;\">Nie chcemy tworzy\u0107 bezpiecze\u0144stwa poprzez coraz wi\u0119ksz\u0105 inwigilacj\u0119, ale poprzez \u017cywe, dobrze o\u015bwietlone i zach\u0119caj\u0105ce przestrzenie publiczne.<\/span><\/p>\n<\/div><\/div><\/div><\/div><\/div><\/div><div class=\"w-separator size_medium\"><\/div><div class=\"g-cols wpb_row via_grid cols_3 laptops-cols_inherit tablets-cols_inherit mobiles-cols_1 valign_top type_default stacking_default\" style=\"--columns-gap:3rem;\"><div class=\"wpb_column vc_column_container\"><div class=\"vc_column-inner\"><div class=\"w-iconbox us_custom_8b3d6790 has_text_color iconpos_left style_default color_custom align_left\"><div class=\"w-iconbox-icon\" style=\"font-size:2rem;--icon-color:#Ffffff;--icon-bg-color:var(--color-header-middle-bg);\"><i class=\"fas fa-layer-group\"><\/i><\/div><div class=\"w-iconbox-meta\"><h4 class=\"w-iconbox-title\" style=\"font-size:1.5rem;\">\u015awiadomo\u015b\u0107 organ\u00f3w regulacyjnych<\/h4><div class=\"w-iconbox-text\"><p><span style=\"font-weight: 400;\">Organy regulacyjne wzmacniaj\u0105 bezpiecze\u0144stwo poprzez podnoszenie \u015bwiadomo\u015bci na temat dyskryminacji, wymian\u0119 informacji z grupami rzeczniczymi i zwi\u0119kszanie dost\u0119pno\u015bci ludzi - tworzy to zaufanie i ochron\u0119 dla wszystkich mieszka\u0144c\u00f3w Wiesbaden.<\/span><\/p>\n<\/div><\/div><\/div><\/div><\/div><div class=\"wpb_column vc_column_container\"><div class=\"vc_column-inner\"><div class=\"w-iconbox us_custom_8b3d6790 has_text_color iconpos_left style_default color_custom align_left\"><div class=\"w-iconbox-icon\" style=\"font-size:2rem;--icon-color:#Ffffff;--icon-bg-color:var(--color-header-transparent-text);\"><i class=\"fas fa-layer-group\"><\/i><\/div><div class=\"w-iconbox-meta\"><h4 class=\"w-iconbox-title\" style=\"font-size:1.5rem;\">Policja miejska i urz\u0105d porz\u0105dku publicznego w pobli\u017cu obywateli<\/h4><div class=\"w-iconbox-text\"><p><span style=\"font-weight: 400;\">Opieramy si\u0119 na uczciwej i pe\u0142nej szacunku policji miejskiej i miejskim urz\u0119dzie porz\u0105dkowym, kt\u00f3re pracuj\u0105 bez dyskryminacji, s\u0142uchaj\u0105 poszkodowanych i oferuj\u0105 wszystkim Wiesbadenersom bezpiecze\u0144stwo i swobod\u0119 przemieszczania si\u0119.<\/span><\/p>\n<\/div><\/div><\/div><\/div><\/div><div class=\"wpb_column vc_column_container\"><div class=\"vc_column-inner\"><\/div><\/div><\/div><div class=\"w-separator size_medium\"><\/div><div class=\"w-btn-wrapper align_left\"><a class=\"w-btn us-btn-style_8 icon_atleft\" href=\"https:\/\/gruene-wiesbaden.de\/pl\/kommunalwahl\/#Kapitel2\"><i class=\"fas fa-chevron-circle-right\"><\/i><span class=\"w-btn-label\">Powr\u00f3t do przegl\u0105du<\/span><\/a><\/div><div class=\"w-separator size_medium\"><\/div><\/div><\/div><\/div><\/div><\/section><section class=\"l-section wpb_row height_auto with_img\"><div class=\"l-section-img\" role=\"img\" data-img-width=\"2048\" data-img-height=\"2560\" style=\"background-image: url(https:\/\/gruene-wiesbaden.de\/wp-content\/uploads\/2025\/11\/2.5-Sicherheit-und-Schutz-vor-Gewalt-scaled.jpg);background-repeat: no-repeat;\"><\/div><div class=\"l-section-overlay\" style=\"background:var(--color-header-top-transparent-bg)\"><\/div><div class=\"l-section-h i-cf\"><div class=\"g-cols vc_row via_grid cols_1 laptops-cols_inherit tablets-cols_inherit mobiles-cols_1 valign_middle type_default stacking_default\" style=\"--columns-gap:1rem;\"><div class=\"wpb_column vc_column_container\"><div class=\"vc_column-inner\"><div class=\"w-separator size_large\"><\/div><div class=\"wpb_text_column background_inside_text\"><div class=\"wpb_wrapper\"><h1>Co chcemy zrobi\u0107 konkretnie w tej dziedzinie<\/h1>\n<\/div><\/div><div class=\"w-separator size_medium\"><\/div><div class=\"w-tabs us_custom_42d693a0 has_text_color style_default switch_click accordion has_scrolling\" style=\"--sections-title-size:1.4rem\"><div class=\"w-tabs-sections titles-align_none icon_chevron cpos_right\"><div class=\"w-tabs-section has_text_color\" id=\"xe69\" style=\"background:var(--color-header-transparent-text);color:var(--color-header-top-text-hover);\"><button class=\"w-tabs-section-header\" aria-controls=\"content-xe69\" aria-expanded=\"false\"><div class=\"w-tabs-section-title\">Bezpieczne przestrzenie publiczne bez nadzoru wideo<\/div><div class=\"w-tabs-section-control\"><\/div><\/button><div  class=\"w-tabs-section-content\" id=\"content-xe69\"><div class=\"w-tabs-section-content-h i-cf\"><div class=\"wpb_text_column\"><div class=\"wpb_wrapper\"><p><span style=\"font-weight: 400;\">My GR\u00dcNE chcemy, aby publiczne place Wiesbaden by\u0142y t\u0119tni\u0105ce \u017cyciem, bezpieczne i przyjazne. Wzmacniamy bezpiecze\u0144stwo i sp\u00f3jno\u015b\u0107 we wszystkich dzielnicach poprzez zarz\u0105dzanie przestrzeni\u0105 kosmiczn\u0105, wsparcie spo\u0142eczne i ukierunkowane wsparcie dla instytucji m\u0142odzie\u017cowych. Przestrzenie publiczne powinny by\u0107 dobrze o\u015bwietlone, wolne od barier i dost\u0119pne.<\/span><\/p>\n<p><span style=\"font-weight: 400;\">Odrzucamy rozszerzenie obserwacji wideo; Bezpiecze\u0144stwo pochodzi z miejsc zamieszkania i obecno\u015bci spo\u0142ecznej. Uatrakcyjniamy miejsca postrzegane obecnie jako niebezpieczne dzi\u0119ki nowym mo\u017cliwo\u015bciom u\u017cytkowania \u2013 na przyk\u0142ad dzi\u0119ki gastronomii, ofercie kulturalnej lub wsp\u00f3lnym miejscom spotka\u0144. Stwarza to przestrzenie, w kt\u00f3rych ludzie lubi\u0105 si\u0119 spotyka\u0107, r\u00f3\u017cnorodno\u015b\u0107 \u017cycia miejskiego staje si\u0119 widoczna, a zabezpieczenie spo\u0142eczne ro\u015bnie. Dobrym przyk\u0142adem jest Mauritius Square.<\/span><\/p>\n<p><span style=\"font-weight: 400;\">Podczas wa\u017cnych wydarze\u0144 chcemy zapewni\u0107 bezpiecze\u0144stwo poprzez zakazy dotycz\u0105ce szk\u0142a, \u201ebezpieczne uroczysto\u015bci\u201d i bezp\u0142atn\u0105 kontrol\u0119 narkotyk\u00f3w. W ten spos\u00f3b wszyscy ludzie \u2013 niezale\u017cnie od tego, czy s\u0105 to rodziny, m\u0142odzie\u017c czy starsi obywatele \u2013 mog\u0105 swobodnie i bezpiecznie przemieszcza\u0107 si\u0119.<\/span><\/p>\n<\/div><\/div><\/div><\/div><\/div><div class=\"w-tabs-section has_text_color\" id=\"sf85\" style=\"background:var(--color-header-transparent-text);color:var(--color-header-top-text-hover);\"><button class=\"w-tabs-section-header\" aria-controls=\"content-sf85\" aria-expanded=\"false\"><div class=\"w-tabs-section-title\">Bezpiecze\u0144stwo poprzez bycie widocznym<\/div><div class=\"w-tabs-section-control\"><\/div><\/button><div  class=\"w-tabs-section-content\" id=\"content-sf85\"><div class=\"w-tabs-section-content-h i-cf\"><div class=\"wpb_text_column\"><div class=\"wpb_wrapper\"><p><span style=\"font-weight: 400;\">Dzi\u0119ki aktywnej opiece nad istniej\u0105cymi kwaterami chcemy unikn\u0105\u0107 pustostan\u00f3w i nieo\u015bwietlonych obszar\u00f3w. Chcemy utrzymania przestrzeni publicznej i strukturalnej modernizacji dzielnic borykaj\u0105cych si\u0119 z problemami. Ponadto chcemy lepiej o\u015bwietla\u0107 przystanki i stacje mobilno\u015bci. W tym celu ma zosta\u0107 opracowana koncepcja o\u015bwietlenia, kt\u00f3ra b\u0119dzie zar\u00f3wno miejska, jak i przyjazna dla \u015brodowiska. Wzmacnia to r\u00f3wnie\u017c poczucie bezpiecze\u0144stwa. Platforma sprawozdawcza powinna uwidoczni\u0107 niebezpieczne miejsca.<\/span><\/p>\n<\/div><\/div><\/div><\/div><\/div><div class=\"w-tabs-section has_text_color\" id=\"h0ca\" style=\"background:var(--color-header-transparent-text);color:var(--color-header-top-text-hover);\"><button class=\"w-tabs-section-header\" aria-controls=\"content-h0ca\" aria-expanded=\"false\"><div class=\"w-tabs-section-title\">Dalsze wzmacnianie koncepcji zapobiegania i ochrony: Luisa jest tutaj! i telefon domowy<\/div><div class=\"w-tabs-section-control\"><\/div><\/button><div  class=\"w-tabs-section-content\" id=\"content-h0ca\"><div class=\"w-tabs-section-content-h i-cf\"><div class=\"wpb_text_column\"><div class=\"wpb_wrapper\"><p><span style=\"font-weight: 400;\">Projekt \u201eLuisa jest tutaj!\u201d od pewnego czasu odnosi sukcesy w Wiesbaden. Chcemy utrzyma\u0107 i poszerzy\u0107 ten projekt, aby zapewni\u0107 wi\u0119ksze bezpiecze\u0144stwo i uwag\u0119 w nocnym \u017cyciu Wiesbaden, w barach, klubach i na festiwalach w Wiesbaden. Aby ka\u017cdy festiwal miejski w Wiesbaden by\u0142 miejscem, w kt\u00f3rym ka\u017cda osoba mo\u017ce szybko uzyska\u0107 bezpiecze\u0144stwo. Poniewa\u017c nigdzie nie ma miejsca na zachowania transgraniczne, inwazyjne i dyskryminacyjne.<\/span><\/p>\n<p><span style=\"font-weight: 400;\">Ponadto miasto wsp\u00f3\u0142pracuje ju\u017c z Heimwegtelefon e.V., niemieck\u0105 us\u0142ug\u0105, kt\u00f3ra towarzyszy dzwoni\u0105cym w nocy, je\u015bli czuj\u0105 si\u0119 niepewnie w drodze do domu. Oferta jest dost\u0119pna w niedziele do czwartk\u00f3w od 21:00 do p\u00f3\u0142nocy oraz w pi\u0105tki i soboty od 21:00 do 15:00 pod numerem 030 12074182. Zobowi\u0105zujemy si\u0119 do dalszego tworzenia takich koncepcji ochrony i udost\u0119pniania ich wszystkim.<\/span><\/p>\n<\/div><\/div><\/div><\/div><\/div><div class=\"w-tabs-section has_text_color\" id=\"c1e1\" style=\"background:var(--color-header-middle-bg);color:var(--color-content-heading);\"><button class=\"w-tabs-section-header\" aria-controls=\"content-c1e1\" aria-expanded=\"false\"><div class=\"w-tabs-section-title\">Taks\u00f3wki dla kobiet<\/div><div class=\"w-tabs-section-control\"><\/div><\/button><div  class=\"w-tabs-section-content\" id=\"content-c1e1\"><div class=\"w-tabs-section-content-h i-cf\"><div class=\"wpb_text_column\"><div class=\"wpb_wrapper\"><p><span style=\"font-weight: 400;\">Aby kobiety mog\u0142y bezpiecznie wr\u00f3ci\u0107 do domu w ka\u017cdej chwili, chcemy przywie\u017a\u0107 model nocnych taks\u00f3wek dla kobiet do Wiesbaden. W Stuttgarcie model ten istnieje od 20 lat i odnosi sukcesy. Aby ka\u017cdy m\u00f3g\u0142 sobie pozwoli\u0107 na przeja\u017cd\u017ck\u0119 taks\u00f3wk\u0105, chcemy opracowa\u0107 model, dzi\u0119ki kt\u00f3remu kobiety podr\u00f3\u017cuj\u0105ce samotnie otrzymuj\u0105 dotacj\u0119 na jazd\u0119 do domu tak\u0105 taks\u00f3wk\u0105.<\/span><\/p>\n<\/div><\/div><\/div><\/div><\/div><div class=\"w-tabs-section has_text_color\" id=\"b30a\" style=\"background:var(--color-header-transparent-text);color:var(--color-header-top-text-hover);\"><button class=\"w-tabs-section-header\" aria-controls=\"content-b30a\" aria-expanded=\"false\"><div class=\"w-tabs-section-title\">Rozbudowa schronisk i o\u015brodk\u00f3w poradnictwa dla kobiet<\/div><div class=\"w-tabs-section-control\"><\/div><\/button><div  class=\"w-tabs-section-content\" id=\"content-b30a\"><div class=\"w-tabs-section-content-h i-cf\"><div class=\"wpb_text_column\"><div class=\"wpb_wrapper\"><p><span style=\"font-weight: 400;\">GR\u00dcNE dok\u0142ada wszelkich stara\u0144, aby kobiety w Wiesbaden szybko i \u0142atwo znalaz\u0142y ochron\u0119. W tym celu chcemy rozszerzy\u0107 schroniska dla kobiet i us\u0142ugi doradcze, wspiera\u0107 lokalne instytucje oraz zabezpieczy\u0107 zasoby ludzkie i finansowe. Ochrona nie mo\u017ce zale\u017ce\u0107 od portfela: Zapewniamy, \u017ce kobiety ubiegaj\u0105ce si\u0119 o ochron\u0119 nie musz\u0105 ponosi\u0107 w\u0142asnych koszt\u00f3w.<\/span><\/p>\n<p><span style=\"font-weight: 400;\">Jednocze\u015bnie chcemy promowa\u0107 oferty niskoprogowe i dzia\u0142ania prewencyjne, aby wykrywa\u0107 przemoc i zapobiega\u0107 jej na wczesnym etapie. Dzi\u0119ki temu zaanga\u017cowaniu aktywnie przyczyniamy si\u0119 do wdro\u017cenia konwencji stambulskiej oraz wzmacniamy ochron\u0119 i bezpiecze\u0144stwo kobiet w naszym mie\u015bcie.<\/span><\/p>\n<\/div><\/div><\/div><\/div><\/div><div class=\"w-tabs-section has_text_color\" id=\"u431\" style=\"background:var(--color-header-middle-bg);color:var(--color-header-middle-text);\"><button class=\"w-tabs-section-header\" aria-controls=\"content-u431\" aria-expanded=\"false\"><div class=\"w-tabs-section-title\">Zapewnienie wdro\u017cenia konwencji stambulskiej<\/div><div class=\"w-tabs-section-control\"><\/div><\/button><div  class=\"w-tabs-section-content\" id=\"content-u431\"><div class=\"w-tabs-section-content-h i-cf\"><div class=\"wpb_text_column\"><div class=\"wpb_wrapper\"><p><span style=\"font-weight: 400;\">Aby konwencja stambulska by\u0142a konsekwentnie wdra\u017cana w Wiesbaden, potrzebne s\u0105 r\u00f3wnie\u017c niezb\u0119dne zasoby ludzkie. Lokalny organ koordynuj\u0105cy wdra\u017canie konwencji stambulskiej rozpocz\u0105\u0142 prace. Wa\u017cne jest jednak, aby zwi\u0119kszy\u0107 \u015brodki finansowe na ten cel, tak aby wdra\u017canie mog\u0142o przebiega\u0107 jak najszybciej.<\/span><\/p>\n<\/div><\/div><\/div><\/div><\/div><div class=\"w-tabs-section has_text_color\" id=\"d548\" style=\"background:var(--color-header-transparent-text);color:var(--color-header-top-text-hover);\"><button class=\"w-tabs-section-header\" aria-controls=\"content-d548\" aria-expanded=\"false\"><div class=\"w-tabs-section-title\">Chronione mieszkania dla os\u00f3b zmuszanych do prostytucji<\/div><div class=\"w-tabs-section-control\"><\/div><\/button><div  class=\"w-tabs-section-content\" id=\"content-d548\"><div class=\"w-tabs-section-content-h i-cf\"><div class=\"wpb_text_column\"><div class=\"wpb_wrapper\"><p><span style=\"font-weight: 400;\">Przymusowa prostytucja jest przest\u0119pstwem zwi\u0105zanym z prawami cz\u0142owieka. W zwi\u0105zku z tym nale\u017cy utworzy\u0107 schroniska, aby przyjmowa\u0107 osoby z przymusowej prostytucji i zapewni\u0107 im miejsce ochronne.<\/span><\/p>\n<\/div><\/div><\/div><\/div><\/div><div class=\"w-tabs-section has_text_color\" id=\"i67f\" style=\"background:var(--color-header-transparent-text);color:var(--color-header-top-text-hover);\"><button class=\"w-tabs-section-header\" aria-controls=\"content-i67f\" aria-expanded=\"false\"><div class=\"w-tabs-section-title\">Pokonywanie bezdomno\u015bci \u2013 najpierw mieszkalnictwo<\/div><div class=\"w-tabs-section-control\"><\/div><\/button><div  class=\"w-tabs-section-content\" id=\"content-i67f\"><div class=\"w-tabs-section-content-h i-cf\"><div class=\"wpb_text_column\"><div class=\"wpb_wrapper\"><p><span style=\"font-weight: 400;\">Wspieramy ludzi, aby nie stali si\u0119 bezdomni. Chcemy przezwyci\u0119\u017cy\u0107 bezdomno\u015b\u0107, stosuj\u0105c podej\u015bcie \u201enajpierw mieszkanie\u201d. Tam, gdzie nie jest to mo\u017cliwe lub po\u017c\u0105dane przez osoby dotkni\u0119te chorob\u0105, zapewniamy wystarczaj\u0105c\u0105 ilo\u015b\u0107 miejsc do spania i opiek\u0119 medyczn\u0105.<\/span><\/p>\n<p><span style=\"font-weight: 400;\">Ludzie, kt\u00f3rzy popadli w bezdomno\u015b\u0107, potrzebuj\u0105 przede wszystkim mieszkania, aby rozwi\u0105za\u0107 problemy takie jak uzale\u017cnienie, bezrobocie, problemy ze zdrowiem psychicznym itp.<\/span><\/p>\n<\/div><\/div><\/div><\/div><\/div><div class=\"w-tabs-section has_text_color\" id=\"k7c1\" style=\"background:var(--color-header-transparent-text);color:var(--color-header-top-text-hover);\"><button class=\"w-tabs-section-header\" aria-controls=\"content-k7c1\" aria-expanded=\"false\"><div class=\"w-tabs-section-title\">Policja miejska i Urz\u0105d Porz\u0105dku Publicznego jako osoby ufaj\u0105ce wszystkim<\/div><div class=\"w-tabs-section-control\"><\/div><\/button><div  class=\"w-tabs-section-content\" id=\"content-k7c1\"><div class=\"w-tabs-section-content-h i-cf\"><div class=\"wpb_text_column\"><div class=\"wpb_wrapper\"><p><span style=\"font-weight: 400;\">Polegamy na policji miejskiej blisko obywateli i miejskim urz\u0119dzie porz\u0105dkowym, kt\u00f3re dzia\u0142aj\u0105 uczciwie, z szacunkiem i bez uzbrojenia. Regularne paski na stopy i rowery, obecno\u015b\u0107 prewencyjna i \u015brodki ochronne dla s\u0142u\u017cb ratunkowych wzmacniaj\u0105 poczucie bezpiecze\u0144stwa ludno\u015bci. Odrzucamy wprowadzenie pistolet\u00f3w natryskowych. Ponadto chcemy odwr\u00f3ci\u0107 wizualne ustawienie Urz\u0119du Porz\u0105dku Publicznego z policj\u0105, aby poszczeg\u00f3lne zadania i mandaty w\u0142adz by\u0142y wyra\u017anie rozpoznawalne.<\/span><\/p>\n<\/div><\/div><\/div><\/div><\/div><div class=\"w-tabs-section has_text_color\" id=\"k908\" style=\"background:var(--color-header-transparent-text);color:var(--color-header-top-text-hover);\"><button class=\"w-tabs-section-header\" aria-controls=\"content-k908\" aria-expanded=\"false\"><div class=\"w-tabs-section-title\">\u015awiadomo\u015b\u0107, szkolenia i ochrona policji miejskiej i organ\u00f3w \u015bcigania<\/div><div class=\"w-tabs-section-control\"><\/div><\/button><div  class=\"w-tabs-section-content\" id=\"content-k908\"><div class=\"w-tabs-section-content-h i-cf\"><div class=\"wpb_text_column\"><div class=\"wpb_wrapper\"><p><span style=\"font-weight: 400;\">Nasza troska \u2013 \u015bwiadoma policja miejska i urz\u0105d ds. porz\u0105dku publicznego: Policja miejska i Urz\u0105d Porz\u0105dku Publicznego maj\u0105 wsp\u00f3\u0142pracowa\u0107 z instytucjami spo\u0142ecznymi i instytucjami spo\u0142ecze\u0144stwa obywatelskiego oraz szkoli\u0107 si\u0119 w spos\u00f3b wra\u017cliwy na dyskryminacj\u0119. Specjalne kursy szkoleniowe na temat wrogo\u015bci queer, prawicowego ekstremizmu, przemocy domowej i kryzys\u00f3w psychologicznych maj\u0105 na celu zapewnienie profesjonalnego dzia\u0142ania s\u0142u\u017cb ratunkowych. Zdecentralizowane struktury, regularne oceny zewn\u0119trzne i widoczna kultura b\u0142\u0119du promuj\u0105 zaufanie i zwalczaj\u0105 rasizm.<\/span><\/p>\n<p><span style=\"font-weight: 400;\">Jednocze\u015bnie celem jest ochrona pracownik\u00f3w przed atakami s\u0142ownymi i fizycznymi oraz wspieranie ich w procedurach zg\u0142aszania, na przyk\u0142ad poprzez system zg\u0142aszania i jednostk\u0119 miejsk\u0105 zatytu\u0142owan\u0105 \u201ePrzemoc wobec s\u0142u\u017cb ratowniczych i ratowniczych\u201d.<\/span><\/p>\n<\/div><\/div><\/div><\/div><\/div><div class=\"w-tabs-section has_text_color\" id=\"ia24\" style=\"background:var(--color-header-transparent-text);color:var(--color-header-top-text-hover);\"><button class=\"w-tabs-section-header\" aria-controls=\"content-ia24\" aria-expanded=\"false\"><div class=\"w-tabs-section-title\">Masterplan Bezpiecze\u0144stwo dla dostosowanych \u015brodk\u00f3w bezpiecze\u0144stwa w mie\u015bcie<\/div><div class=\"w-tabs-section-control\"><\/div><\/button><div  class=\"w-tabs-section-content\" id=\"content-ia24\"><div class=\"w-tabs-section-content-h i-cf\"><div class=\"wpb_text_column\"><div class=\"wpb_wrapper\"><p><span style=\"font-weight: 400;\">Opracowujemy i wdra\u017camy g\u0142\u00f3wny plan bezpiecze\u0144stwa, kt\u00f3ry systematycznie analizuje przyczyny przest\u0119pczo\u015bci w Wiesbaden i obejmuje zar\u00f3wno \u015brodki regulacyjne, jak i spo\u0142eczne. Celem jest dostosowanie \u015brodk\u00f3w do r\u00f3\u017cnych dzielnic i obszar\u00f3w publicznych. W tym celu dane i opinie policji, Urz\u0119du ds. Porz\u0105dku Publicznego, instytucji spo\u0142ecznych i instytucji spo\u0142ecze\u0144stwa obywatelskiego, a tak\u017ce grup roboczych ds. Przestrzeni Publicznej i #Gdzie razem. Na podstawie analizy szczeg\u00f3lnie promujemy projekty prewencyjne, wzmacniamy zdecentralizowane struktury i, w razie potrzeby, inicjujemy dalsze partnerstwa regulacyjne w dzielnicach. W ten spos\u00f3b tworzymy koncepcje bezpiecze\u0144stwa, kt\u00f3re maj\u0105 skuteczny, oparty na wsp\u00f3\u0142pracy i zr\u00f3wnowa\u017cony efekt oraz zauwa\u017calnie zwi\u0119kszaj\u0105 poczucie bezpiecze\u0144stwa wszystkich obywateli.<\/span><\/p>\n<\/div><\/div><\/div><\/div><\/div><\/div><\/div><div class=\"w-separator size_medium\"><\/div><div class=\"w-btn-wrapper align_left\"><a class=\"w-btn us-btn-style_8 icon_atleft\" href=\"https:\/\/gruene-wiesbaden.de\/pl\/kommunalwahl\/#Kapitel2\"><i class=\"fas fa-chevron-circle-right\"><\/i><span class=\"w-btn-label\">Powr\u00f3t do przegl\u0105du<\/span><\/a><\/div><div class=\"w-separator size_large\"><\/div><div class=\"wpb_text_column\"><div class=\"wpb_wrapper\"><h1>Co ju\u017c osi\u0105gn\u0119li\u015bmy<\/h1>\n<\/div><\/div><div class=\"w-separator size_medium\"><\/div><div class=\"w-tabs us_custom_42d693a0 has_text_color style_default switch_click accordion has_scrolling\" style=\"--sections-title-size:1.4rem\"><div class=\"w-tabs-sections titles-align_none icon_chevron cpos_right\"><div class=\"w-tabs-section has_text_color\" id=\"m0f7\" style=\"background:var(--color-header-transparent-text);color:var(--color-header-top-text-hover);\"><button class=\"w-tabs-section-header\" aria-controls=\"content-m0f7\" aria-expanded=\"false\"><div class=\"w-tabs-section-title\">Powsta\u0142a sie\u0107 konwencji stambulskich<\/div><div class=\"w-tabs-section-control\"><\/div><\/button><div  class=\"w-tabs-section-content\" id=\"content-m0f7\"><div class=\"w-tabs-section-content-h i-cf\"><div class=\"wpb_text_column\"><div class=\"wpb_wrapper\"><p><span style=\"font-weight: 400;\">W Wiesbaden stworzyli\u015bmy sie\u0107 maj\u0105c\u0105 na celu wdro\u017cenie konwencji stambulskiej. Ponad 80 podmiot\u00f3w z administracji, polityki i system\u00f3w pomocy wsp\u00f3\u0142pracuje ze sob\u0105, aby zapobiega\u0107 przemocy wobec kobiet, wykrywa\u0107 j\u0105 i skutecznie j\u0105 wspiera\u0107. Sie\u0107 wzmacnia wymian\u0119, promuje skoordynowane dzia\u0142ania i wysy\u0142a wyra\u017any sygna\u0142: Wiesbaden powa\u017cnie traktuje ochron\u0119 kobiet i zapewnia, \u017ce mi\u0119dzynarodowe standardy konwencji stambulskiej stan\u0105 si\u0119 rzeczywisto\u015bci\u0105 w mie\u015bcie.<\/span><\/p>\n<\/div><\/div><\/div><\/div><\/div><div class=\"w-tabs-section has_text_color\" id=\"o229\" style=\"background:var(--color-header-transparent-text);color:var(--color-header-top-text-hover);\"><button class=\"w-tabs-section-header\" aria-controls=\"content-o229\" aria-expanded=\"false\"><div class=\"w-tabs-section-title\">Projekt \u201eCzy Luisa tu jest?\u201d<\/div><div class=\"w-tabs-section-control\"><\/div><\/button><div  class=\"w-tabs-section-content\" id=\"content-o229\"><div class=\"w-tabs-section-content-h i-cf\"><div class=\"wpb_text_column\"><div class=\"wpb_wrapper\"><p><span style=\"font-weight: 400;\">D\u0105\u017cymy do tego, aby kobiety w Wiesbaden by\u0142y bezpieczne podczas wychodzenia. Kampania \u201eCzy Luisa jest tutaj?\u201d pozwala kobietom dyskretnie szuka\u0107 pomocy w uczestnicz\u0105cych barach, klubach i instytucjach publicznych, gdy czuj\u0105 si\u0119 zagro\u017cone lub niewygodne. Zainicjowali\u015bmy kampani\u0119, zapewnili\u015bmy widoczno\u015b\u0107 i rozszerzyli\u015bmy projekt na inne instytucje publiczne oraz przeprowadzili\u015bmy szkolenia dla tamtejszych pracownik\u00f3w. W ten spos\u00f3b wzmacniamy ochron\u0119 kobiet, zapobiegamy przemocy i promujemy bezpieczne, pe\u0142ne szacunku wsp\u00f3\u0142istnienie w mie\u015bcie.<\/span><\/p>\n<\/div><\/div><\/div><\/div><\/div><div class=\"w-tabs-section has_text_color\" id=\"k380\" style=\"background:var(--color-header-transparent-text);color:var(--color-header-top-text-hover);\"><button class=\"w-tabs-section-header\" aria-controls=\"content-k380\" aria-expanded=\"false\"><div class=\"w-tabs-section-title\">Telefon domowy projektu<\/div><div class=\"w-tabs-section-control\"><\/div><\/button><div  class=\"w-tabs-section-content\" id=\"content-k380\"><div class=\"w-tabs-section-content-h i-cf\"><div class=\"wpb_text_column\"><div class=\"wpb_wrapper\"><p><span style=\"font-weight: 400;\">Ponadto miasto wsp\u00f3\u0142pracuje z Heimwegtelefon e.V., niemieck\u0105 us\u0142ug\u0105, kt\u00f3ra towarzyszy dzwoni\u0105cym w nocy, je\u015bli czuj\u0105 si\u0119 niepewnie w drodze do domu. Oferta jest dost\u0119pna w niedziele do czwartk\u00f3w od 21:00 do p\u00f3\u0142nocy oraz w pi\u0105tki i soboty od 21:00 do 15:00 pod numerem 030 12074182. Zobowi\u0105zujemy si\u0119 do dalszego tworzenia takich koncepcji ochrony i udost\u0119pniania ich wszystkim.<\/span><\/p>\n<\/div><\/div><\/div><\/div><\/div><div class=\"w-tabs-section has_text_color\" id=\"v4ad\" style=\"background:var(--color-header-middle-bg);color:var(--color-content-heading);\"><button class=\"w-tabs-section-header\" aria-controls=\"content-v4ad\" aria-expanded=\"false\"><div class=\"w-tabs-section-title\">Wiesbaden Model I i II \u2013 Miejskie strategie dotycz\u0105ce prostytucji<\/div><div class=\"w-tabs-section-control\"><\/div><\/button><div  class=\"w-tabs-section-content\" id=\"content-v4ad\"><div class=\"w-tabs-section-content-h i-cf\"><div class=\"wpb_text_column\"><div class=\"wpb_wrapper\"><p><span style=\"font-weight: 400;\">Zapewnili\u015bmy, \u017ce miasto zatrudni\u0142o terapeut\u0119 urazowego, kt\u00f3ry wykonuje pomoc spo\u0142eczn\u0105 w dziedzinie prostytucji i oferuje pomoc w wyj\u015bciu. Od tego okresu wyborczego Dzia\u0142 Kobiet z powodzeniem podj\u0105\u0142 r\u00f3wnie\u017c dzia\u0142ania przeciwko nielegalnej prostytucji w apartamentach wakacyjnych i hotelach. Model Wiesbaden jest najlepsz\u0105 praktyk\u0105 dla innych gmin.<\/span><\/p>\n<\/div><\/div><\/div><\/div><\/div><div class=\"w-tabs-section has_text_color\" id=\"j5c5\" style=\"background:var(--color-header-transparent-text);color:var(--color-header-top-text-hover);\"><button class=\"w-tabs-section-header\" aria-controls=\"content-j5c5\" aria-expanded=\"false\"><div class=\"w-tabs-section-title\">Konferencja: Przemoc wobec os\u00f3b LGBTQIA*<\/div><div class=\"w-tabs-section-control\"><\/div><\/button><div  class=\"w-tabs-section-content\" id=\"content-j5c5\"><div class=\"w-tabs-section-content-h i-cf\"><div class=\"wpb_text_column\"><div class=\"wpb_wrapper\"><p><span style=\"font-weight: 400;\">Zainicjowali\u015bmy sympozjum na temat przemocy wobec os\u00f3b LGBTQIAI*. Specjali\u015bci i organizacje wymieniaj\u0105 pogl\u0105dy w celu poprawy \u015brodk\u00f3w ochrony i skuteczniejszego zapobiegania przemocy i dyskryminacji.<\/span><\/p>\n<\/div><\/div><\/div><\/div><\/div><div class=\"w-tabs-section has_text_color\" id=\"p718\" style=\"background:var(--color-header-transparent-text);color:var(--color-header-top-text-hover);\"><button class=\"w-tabs-section-header\" aria-controls=\"content-p718\" aria-expanded=\"false\"><div class=\"w-tabs-section-title\">Drug-Checking i Wiesbaden jako modelowy region sprzeda\u017cy konopi<\/div><div class=\"w-tabs-section-control\"><\/div><\/button><div  class=\"w-tabs-section-content\" id=\"content-p718\"><div class=\"w-tabs-section-content-h i-cf\"><div class=\"wpb_text_column\"><div class=\"wpb_wrapper\"><p><span style=\"font-weight: 400;\">W Wiesbaden stworzyli\u015bmy pilota\u017cowy projekt \"Drug Checking\", aby lepiej chroni\u0107 konsument\u00f3w przed ska\u017conymi lekami. Na wybranych imprezach w Wiesbaden, leki takie jak marihuana s\u0105 badane przez ekspert\u00f3w pod k\u0105tem zanieczyszcze\u0144, a jednocze\u015bnie wzmacniane s\u0105 oferty profilaktyczne. Projekt pilota\u017cowy powinien r\u00f3wnie\u017c obejmowa\u0107 testowanie innych substancji na p\u00f3\u017aniejszych etapach, aby m\u00f3c jak najlepiej chroni\u0107 konsument\u00f3w.<\/span><\/p>\n<p><span style=\"font-weight: 400;\">Byli\u015bmy r\u00f3wnie\u017c zaanga\u017cowani w Wiesbaden ubiegaj\u0105cy si\u0119 o \u015bwiadom\u0105 i kontrolowan\u0105 sprzeda\u017c konopi indyjskich w aptekach w ramach projektu modelowego. Procedura ta jest nadal w toku. Odpowiedzialna polityka antynarkotykowa oznacza jednak r\u00f3wnie\u017c aktywne tworzenie us\u0142ug profilaktyki i wsparcia w celu jak najlepszej ochrony konsument\u00f3w.<\/span><\/p>\n<\/div><\/div><\/div><\/div><\/div><\/div><\/div><div class=\"w-separator size_medium\"><\/div><div class=\"w-btn-wrapper align_left\"><a class=\"w-btn us-btn-style_8 icon_atleft\" href=\"https:\/\/gruene-wiesbaden.de\/pl\/kommunalwahl\/#Kapitel2\"><i class=\"fas fa-chevron-circle-right\"><\/i><span class=\"w-btn-label\">Powr\u00f3t do przegl\u0105du<\/span><\/a><\/div><div class=\"w-separator size_large\"><\/div><\/div><\/div><\/div><\/div><\/section>","protected":false},"excerpt":{"rendered":"Chcemy, aby wszyscy mieszka\u0144cy Wiesbaden czuli si\u0119 bezpieczni i wolni od dyskryminacji i przemocy \u2013 w drodze do domu, w szkole lub w przestrzeni publicznej. Bezpiecze\u0144stwo oznacza dla ka\u017cdego co\u015b innego, dlatego zwracamy uwag\u0119 na perspektywy os\u00f3b do\u015bwiadczaj\u0105cych dyskryminacji, nienawi\u015bci czy wykluczenia. Jest to dla nas szczeg\u00f3lnie wa\u017cne...","protected":false},"author":1,"featured_media":1489,"comment_status":"closed","ping_status":"closed","sticky":false,"template":"","format":"standard","meta":{"footnotes":""},"categories":[15],"tags":[],"class_list":["post-1357","post","type-post","status-publish","format-standard","has-post-thumbnail","hentry","category-kapitel-2"],"yoast_head":"<!-- This site is optimized with the Yoast SEO plugin v27.5 - https:\/\/yoast.com\/product\/yoast-seo-wordpress\/ -->\n<title>Sicherheit und Schutz vor Gewalt - B\u00dcNDNIS 90\/DIE GR\u00dcNEN Wiesbaden<\/title>\n<meta name=\"robots\" content=\"index, follow, max-snippet:-1, max-image-preview:large, max-video-preview:-1\" \/>\n<link rel=\"canonical\" href=\"https:\/\/gruene-wiesbaden.de\/pl\/sicherheit-und-schutz-vor-gewalt\/\" \/>\n<meta property=\"og:locale\" content=\"pl_PL\" \/>\n<meta property=\"og:type\" content=\"article\" \/>\n<meta property=\"og:title\" content=\"Sicherheit und Schutz vor Gewalt - B\u00dcNDNIS 90\/DIE GR\u00dcNEN Wiesbaden\" \/>\n<meta property=\"og:url\" content=\"https:\/\/gruene-wiesbaden.de\/pl\/sicherheit-und-schutz-vor-gewalt\/\" \/>\n<meta property=\"og:site_name\" content=\"B\u00dcNDNIS 90\/DIE GR\u00dcNEN Wiesbaden\" \/>\n<meta property=\"article:publisher\" content=\"https:\/\/www.facebook.com\/gruene.wi\" \/>\n<meta property=\"article:published_time\" content=\"2025-11-09T22:14:08+00:00\" \/>\n<meta property=\"article:modified_time\" content=\"2026-04-09T08:33:03+00:00\" \/>\n<meta property=\"og:image\" content=\"https:\/\/gruene-wiesbaden.de\/wp-content\/uploads\/2025\/11\/2.5-Sicherheit-und-Schutz-vor-Gewalt-scaled.jpg\" \/>\n\t<meta property=\"og:image:width\" content=\"2048\" \/>\n\t<meta property=\"og:image:height\" content=\"2560\" \/>\n\t<meta property=\"og:image:type\" content=\"image\/jpeg\" \/>\n<meta name=\"author\" content=\"admin\" \/>\n<meta name=\"twitter:card\" content=\"summary_large_image\" \/>\n<meta name=\"twitter:label1\" content=\"Napisane przez\" \/>\n\t<meta name=\"twitter:data1\" content=\"admin\" \/>\n\t<meta name=\"twitter:label2\" content=\"Szacowany czas czytania\" \/>\n\t<meta name=\"twitter:data2\" content=\"11 minutes\" \/>\n<script type=\"application\/ld+json\" class=\"yoast-schema-graph\">{\"@context\":\"https:\\\/\\\/schema.org\",\"@graph\":[{\"@type\":\"Article\",\"@id\":\"https:\\\/\\\/gruene-wiesbaden.de\\\/sicherheit-und-schutz-vor-gewalt\\\/#article\",\"isPartOf\":{\"@id\":\"https:\\\/\\\/gruene-wiesbaden.de\\\/sicherheit-und-schutz-vor-gewalt\\\/\"},\"author\":{\"name\":\"admin\",\"@id\":\"https:\\\/\\\/gruene-wiesbaden.de\\\/#\\\/schema\\\/person\\\/6785c34779159cd4fd86886bb097afe9\"},\"headline\":\"Sicherheit und Schutz vor Gewalt\",\"datePublished\":\"2025-11-09T22:14:08+00:00\",\"dateModified\":\"2026-04-09T08:33:03+00:00\",\"mainEntityOfPage\":{\"@id\":\"https:\\\/\\\/gruene-wiesbaden.de\\\/sicherheit-und-schutz-vor-gewalt\\\/\"},\"wordCount\":2926,\"publisher\":{\"@id\":\"https:\\\/\\\/gruene-wiesbaden.de\\\/#organization\"},\"image\":{\"@id\":\"https:\\\/\\\/gruene-wiesbaden.de\\\/sicherheit-und-schutz-vor-gewalt\\\/#primaryimage\"},\"thumbnailUrl\":\"https:\\\/\\\/gruene-wiesbaden.de\\\/wp-content\\\/uploads\\\/2025\\\/11\\\/2.5-Sicherheit-und-Schutz-vor-Gewalt-scaled.jpg\",\"articleSection\":[\"Kapitel 2\"],\"inLanguage\":\"pl-PL\"},{\"@type\":\"WebPage\",\"@id\":\"https:\\\/\\\/gruene-wiesbaden.de\\\/sicherheit-und-schutz-vor-gewalt\\\/\",\"url\":\"https:\\\/\\\/gruene-wiesbaden.de\\\/sicherheit-und-schutz-vor-gewalt\\\/\",\"name\":\"Sicherheit und Schutz vor Gewalt - B\u00dcNDNIS 90\\\/DIE GR\u00dcNEN Wiesbaden\",\"isPartOf\":{\"@id\":\"https:\\\/\\\/gruene-wiesbaden.de\\\/#website\"},\"primaryImageOfPage\":{\"@id\":\"https:\\\/\\\/gruene-wiesbaden.de\\\/sicherheit-und-schutz-vor-gewalt\\\/#primaryimage\"},\"image\":{\"@id\":\"https:\\\/\\\/gruene-wiesbaden.de\\\/sicherheit-und-schutz-vor-gewalt\\\/#primaryimage\"},\"thumbnailUrl\":\"https:\\\/\\\/gruene-wiesbaden.de\\\/wp-content\\\/uploads\\\/2025\\\/11\\\/2.5-Sicherheit-und-Schutz-vor-Gewalt-scaled.jpg\",\"datePublished\":\"2025-11-09T22:14:08+00:00\",\"dateModified\":\"2026-04-09T08:33:03+00:00\",\"breadcrumb\":{\"@id\":\"https:\\\/\\\/gruene-wiesbaden.de\\\/sicherheit-und-schutz-vor-gewalt\\\/#breadcrumb\"},\"inLanguage\":\"pl-PL\",\"potentialAction\":[{\"@type\":\"ReadAction\",\"target\":[\"https:\\\/\\\/gruene-wiesbaden.de\\\/sicherheit-und-schutz-vor-gewalt\\\/\"]}]},{\"@type\":\"ImageObject\",\"inLanguage\":\"pl-PL\",\"@id\":\"https:\\\/\\\/gruene-wiesbaden.de\\\/sicherheit-und-schutz-vor-gewalt\\\/#primaryimage\",\"url\":\"https:\\\/\\\/gruene-wiesbaden.de\\\/wp-content\\\/uploads\\\/2025\\\/11\\\/2.5-Sicherheit-und-Schutz-vor-Gewalt-scaled.jpg\",\"contentUrl\":\"https:\\\/\\\/gruene-wiesbaden.de\\\/wp-content\\\/uploads\\\/2025\\\/11\\\/2.5-Sicherheit-und-Schutz-vor-Gewalt-scaled.jpg\",\"width\":2048,\"height\":2560},{\"@type\":\"BreadcrumbList\",\"@id\":\"https:\\\/\\\/gruene-wiesbaden.de\\\/sicherheit-und-schutz-vor-gewalt\\\/#breadcrumb\",\"itemListElement\":[{\"@type\":\"ListItem\",\"position\":1,\"name\":\"Startseite\",\"item\":\"https:\\\/\\\/gruene-wiesbaden.de\\\/\"},{\"@type\":\"ListItem\",\"position\":2,\"name\":\"Sicherheit und Schutz vor Gewalt\"}]},{\"@type\":\"WebSite\",\"@id\":\"https:\\\/\\\/gruene-wiesbaden.de\\\/#website\",\"url\":\"https:\\\/\\\/gruene-wiesbaden.de\\\/\",\"name\":\"DIE GR\u00dcNEN Wiesbaden\",\"description\":\"\",\"publisher\":{\"@id\":\"https:\\\/\\\/gruene-wiesbaden.de\\\/#organization\"},\"potentialAction\":[{\"@type\":\"SearchAction\",\"target\":{\"@type\":\"EntryPoint\",\"urlTemplate\":\"https:\\\/\\\/gruene-wiesbaden.de\\\/?s={search_term_string}\"},\"query-input\":{\"@type\":\"PropertyValueSpecification\",\"valueRequired\":true,\"valueName\":\"search_term_string\"}}],\"inLanguage\":\"pl-PL\"},{\"@type\":\"Organization\",\"@id\":\"https:\\\/\\\/gruene-wiesbaden.de\\\/#organization\",\"name\":\"DIE GR\u00dcNEN Wiesbaden\",\"url\":\"https:\\\/\\\/gruene-wiesbaden.de\\\/\",\"logo\":{\"@type\":\"ImageObject\",\"inLanguage\":\"pl-PL\",\"@id\":\"https:\\\/\\\/gruene-wiesbaden.de\\\/#\\\/schema\\\/logo\\\/image\\\/\",\"url\":\"https:\\\/\\\/gruene-wiesbaden-fuer-europa.de\\\/wp-content\\\/uploads\\\/2024\\\/04\\\/Machen-was-zaehlt-5.png\",\"contentUrl\":\"https:\\\/\\\/gruene-wiesbaden-fuer-europa.de\\\/wp-content\\\/uploads\\\/2024\\\/04\\\/Machen-was-zaehlt-5.png\",\"width\":1772,\"height\":1772,\"caption\":\"DIE GR\u00dcNEN Wiesbaden\"},\"image\":{\"@id\":\"https:\\\/\\\/gruene-wiesbaden.de\\\/#\\\/schema\\\/logo\\\/image\\\/\"},\"sameAs\":[\"https:\\\/\\\/www.facebook.com\\\/gruene.wi\",\"https:\\\/\\\/instagram.com\\\/gruene_wi\"]},{\"@type\":\"Person\",\"@id\":\"https:\\\/\\\/gruene-wiesbaden.de\\\/#\\\/schema\\\/person\\\/6785c34779159cd4fd86886bb097afe9\",\"name\":\"admin\",\"sameAs\":[\"http:\\\/\\\/gruene-wiesbaden-fuer-europa.de\"],\"url\":\"https:\\\/\\\/gruene-wiesbaden.de\\\/pl\\\/author\\\/admin\\\/\"}]}<\/script>\n<!-- \/ Yoast SEO plugin. -->","yoast_head_json":{"title":"Sicherheit und Schutz vor Gewalt - B\u00dcNDNIS 90\/DIE GR\u00dcNEN Wiesbaden","robots":{"index":"index","follow":"follow","max-snippet":"max-snippet:-1","max-image-preview":"max-image-preview:large","max-video-preview":"max-video-preview:-1"},"canonical":"https:\/\/gruene-wiesbaden.de\/pl\/sicherheit-und-schutz-vor-gewalt\/","og_locale":"pl_PL","og_type":"article","og_title":"Sicherheit und Schutz vor Gewalt - B\u00dcNDNIS 90\/DIE GR\u00dcNEN Wiesbaden","og_url":"https:\/\/gruene-wiesbaden.de\/pl\/sicherheit-und-schutz-vor-gewalt\/","og_site_name":"B\u00dcNDNIS 90\/DIE GR\u00dcNEN Wiesbaden","article_publisher":"https:\/\/www.facebook.com\/gruene.wi","article_published_time":"2025-11-09T22:14:08+00:00","article_modified_time":"2026-04-09T08:33:03+00:00","og_image":[{"width":2048,"height":2560,"url":"https:\/\/gruene-wiesbaden.de\/wp-content\/uploads\/2025\/11\/2.5-Sicherheit-und-Schutz-vor-Gewalt-scaled.jpg","type":"image\/jpeg"}],"author":"admin","twitter_card":"summary_large_image","twitter_misc":{"Napisane przez":"admin","Szacowany czas czytania":"11 minutes"},"schema":{"@context":"https:\/\/schema.org","@graph":[{"@type":"Article","@id":"https:\/\/gruene-wiesbaden.de\/sicherheit-und-schutz-vor-gewalt\/#article","isPartOf":{"@id":"https:\/\/gruene-wiesbaden.de\/sicherheit-und-schutz-vor-gewalt\/"},"author":{"name":"admin","@id":"https:\/\/gruene-wiesbaden.de\/#\/schema\/person\/6785c34779159cd4fd86886bb097afe9"},"headline":"Sicherheit und Schutz vor Gewalt","datePublished":"2025-11-09T22:14:08+00:00","dateModified":"2026-04-09T08:33:03+00:00","mainEntityOfPage":{"@id":"https:\/\/gruene-wiesbaden.de\/sicherheit-und-schutz-vor-gewalt\/"},"wordCount":2926,"publisher":{"@id":"https:\/\/gruene-wiesbaden.de\/#organization"},"image":{"@id":"https:\/\/gruene-wiesbaden.de\/sicherheit-und-schutz-vor-gewalt\/#primaryimage"},"thumbnailUrl":"https:\/\/gruene-wiesbaden.de\/wp-content\/uploads\/2025\/11\/2.5-Sicherheit-und-Schutz-vor-Gewalt-scaled.jpg","articleSection":["Kapitel 2"],"inLanguage":"pl-PL"},{"@type":"WebPage","@id":"https:\/\/gruene-wiesbaden.de\/sicherheit-und-schutz-vor-gewalt\/","url":"https:\/\/gruene-wiesbaden.de\/sicherheit-und-schutz-vor-gewalt\/","name":"Sicherheit und Schutz vor Gewalt - B\u00dcNDNIS 90\/DIE GR\u00dcNEN Wiesbaden","isPartOf":{"@id":"https:\/\/gruene-wiesbaden.de\/#website"},"primaryImageOfPage":{"@id":"https:\/\/gruene-wiesbaden.de\/sicherheit-und-schutz-vor-gewalt\/#primaryimage"},"image":{"@id":"https:\/\/gruene-wiesbaden.de\/sicherheit-und-schutz-vor-gewalt\/#primaryimage"},"thumbnailUrl":"https:\/\/gruene-wiesbaden.de\/wp-content\/uploads\/2025\/11\/2.5-Sicherheit-und-Schutz-vor-Gewalt-scaled.jpg","datePublished":"2025-11-09T22:14:08+00:00","dateModified":"2026-04-09T08:33:03+00:00","breadcrumb":{"@id":"https:\/\/gruene-wiesbaden.de\/sicherheit-und-schutz-vor-gewalt\/#breadcrumb"},"inLanguage":"pl-PL","potentialAction":[{"@type":"ReadAction","target":["https:\/\/gruene-wiesbaden.de\/sicherheit-und-schutz-vor-gewalt\/"]}]},{"@type":"ImageObject","inLanguage":"pl-PL","@id":"https:\/\/gruene-wiesbaden.de\/sicherheit-und-schutz-vor-gewalt\/#primaryimage","url":"https:\/\/gruene-wiesbaden.de\/wp-content\/uploads\/2025\/11\/2.5-Sicherheit-und-Schutz-vor-Gewalt-scaled.jpg","contentUrl":"https:\/\/gruene-wiesbaden.de\/wp-content\/uploads\/2025\/11\/2.5-Sicherheit-und-Schutz-vor-Gewalt-scaled.jpg","width":2048,"height":2560},{"@type":"BreadcrumbList","@id":"https:\/\/gruene-wiesbaden.de\/sicherheit-und-schutz-vor-gewalt\/#breadcrumb","itemListElement":[{"@type":"ListItem","position":1,"name":"Startseite","item":"https:\/\/gruene-wiesbaden.de\/"},{"@type":"ListItem","position":2,"name":"Sicherheit und Schutz vor Gewalt"}]},{"@type":"WebSite","@id":"https:\/\/gruene-wiesbaden.de\/#website","url":"https:\/\/gruene-wiesbaden.de\/","name":"DIE GR\u00dcNEN Wiesbaden","description":"","publisher":{"@id":"https:\/\/gruene-wiesbaden.de\/#organization"},"potentialAction":[{"@type":"SearchAction","target":{"@type":"EntryPoint","urlTemplate":"https:\/\/gruene-wiesbaden.de\/?s={search_term_string}"},"query-input":{"@type":"PropertyValueSpecification","valueRequired":true,"valueName":"search_term_string"}}],"inLanguage":"pl-PL"},{"@type":"Organization","@id":"https:\/\/gruene-wiesbaden.de\/#organization","name":"DIE GR\u00dcNEN Wiesbaden","url":"https:\/\/gruene-wiesbaden.de\/","logo":{"@type":"ImageObject","inLanguage":"pl-PL","@id":"https:\/\/gruene-wiesbaden.de\/#\/schema\/logo\/image\/","url":"https:\/\/gruene-wiesbaden-fuer-europa.de\/wp-content\/uploads\/2024\/04\/Machen-was-zaehlt-5.png","contentUrl":"https:\/\/gruene-wiesbaden-fuer-europa.de\/wp-content\/uploads\/2024\/04\/Machen-was-zaehlt-5.png","width":1772,"height":1772,"caption":"DIE GR\u00dcNEN Wiesbaden"},"image":{"@id":"https:\/\/gruene-wiesbaden.de\/#\/schema\/logo\/image\/"},"sameAs":["https:\/\/www.facebook.com\/gruene.wi","https:\/\/instagram.com\/gruene_wi"]},{"@type":"Person","@id":"https:\/\/gruene-wiesbaden.de\/#\/schema\/person\/6785c34779159cd4fd86886bb097afe9","name":"admin","sameAs":["http:\/\/gruene-wiesbaden-fuer-europa.de"],"url":"https:\/\/gruene-wiesbaden.de\/pl\/author\/admin\/"}]}},"_links":{"self":[{"href":"https:\/\/gruene-wiesbaden.de\/pl\/wp-json\/wp\/v2\/posts\/1357","targetHints":{"allow":["GET"]}}],"collection":[{"href":"https:\/\/gruene-wiesbaden.de\/pl\/wp-json\/wp\/v2\/posts"}],"about":[{"href":"https:\/\/gruene-wiesbaden.de\/pl\/wp-json\/wp\/v2\/types\/post"}],"author":[{"embeddable":true,"href":"https:\/\/gruene-wiesbaden.de\/pl\/wp-json\/wp\/v2\/users\/1"}],"replies":[{"embeddable":true,"href":"https:\/\/gruene-wiesbaden.de\/pl\/wp-json\/wp\/v2\/comments?post=1357"}],"version-history":[{"count":7,"href":"https:\/\/gruene-wiesbaden.de\/pl\/wp-json\/wp\/v2\/posts\/1357\/revisions"}],"predecessor-version":[{"id":2393,"href":"https:\/\/gruene-wiesbaden.de\/pl\/wp-json\/wp\/v2\/posts\/1357\/revisions\/2393"}],"wp:featuredmedia":[{"embeddable":true,"href":"https:\/\/gruene-wiesbaden.de\/pl\/wp-json\/wp\/v2\/media\/1489"}],"wp:attachment":[{"href":"https:\/\/gruene-wiesbaden.de\/pl\/wp-json\/wp\/v2\/media?parent=1357"}],"wp:term":[{"taxonomy":"category","embeddable":true,"href":"https:\/\/gruene-wiesbaden.de\/pl\/wp-json\/wp\/v2\/categories?post=1357"},{"taxonomy":"post_tag","embeddable":true,"href":"https:\/\/gruene-wiesbaden.de\/pl\/wp-json\/wp\/v2\/tags?post=1357"}],"curies":[{"name":"wp","href":"https:\/\/api.w.org\/{rel}","templated":true}]}}