{"id":1353,"date":"2025-11-10T00:11:46","date_gmt":"2025-11-09T22:11:46","guid":{"rendered":"https:\/\/gruene-wiesbaden.de\/?p=1353"},"modified":"2026-04-09T10:29:24","modified_gmt":"2026-04-09T08:29:24","slug":"inklusion-und-barrierefreiheit","status":"publish","type":"post","link":"https:\/\/gruene-wiesbaden.de\/pl\/inklusion-und-barrierefreiheit\/","title":{"rendered":"W\u0142\u0105czenie spo\u0142eczne i dost\u0119pno\u015b\u0107"},"content":{"rendered":"<section class=\"l-section wpb_row height_medium with_img\"><div class=\"l-section-img\" role=\"img\" data-img-width=\"1080\" data-img-height=\"800\" style=\"background-image: url(https:\/\/gruene-wiesbaden.de\/wp-content\/uploads\/2025\/11\/neuer-Verlauf-gruene-wiesbaden.de_-2-e1762709402177.png);\"><\/div><div class=\"l-section-overlay\" style=\"background:var(--color-header-top-transparent-bg)\"><\/div><div class=\"l-section-h i-cf\"><div class=\"g-cols vc_row via_grid cols_1 laptops-cols_inherit tablets-cols_inherit mobiles-cols_1 valign_top type_default stacking_default\"><div class=\"wpb_column vc_column_container\"><div class=\"vc_column-inner\"><h1 class=\"w-post-elm post_title us_custom_a574d586 has_text_color entry-title\">W\u0142\u0105czenie spo\u0142eczne i dost\u0119pno\u015b\u0107<\/h1><div class=\"w-separator size_medium\"><\/div><div class=\"g-cols wpb_row via_grid cols_2-1 laptops-cols_inherit tablets-cols_inherit mobiles-cols_1 valign_top type_default stacking_default\" style=\"--columns-gap:3rem;\"><div class=\"wpb_column vc_column_container\"><div class=\"vc_column-inner\"><div class=\"wpb_text_column us_custom_8b3d6790 has_text_color\"><div class=\"wpb_wrapper\"><p><span style=\"font-weight: 400;\">Osoby niepe\u0142nosprawne s\u0105 w centrum naszego spo\u0142ecze\u0144stwa. Dost\u0119pno\u015b\u0107 jest prawem cz\u0142owieka i warunkiem wst\u0119pnym rzeczywistego uczestnictwa. W Wiesbaden chcemy prze\u0142ama\u0107 bariery fizyczne i psychiczne \u2013 w przestrzeni publicznej i w umys\u0142ach ludzi. Tylko wtedy, gdy wszyscy ludzie b\u0119d\u0105 mogli uczestniczy\u0107 w \u017cyciu spo\u0142ecznym na r\u00f3wnych zasadach, powstanie solidarne spo\u0142ecze\u0144stwo miejskie. Dla nas integracja nie oznacza integracji z istniej\u0105cymi strukturami, ale ich transformacj\u0119 dla wszystkich. Dost\u0119pno\u015b\u0107 jest korzystna nie tylko dla os\u00f3b niepe\u0142nosprawnych, ale tak\u017ce sprawia, \u017ce \u017cycie staje si\u0119 \u0142atwiejsze i wygodniejsze dla wszystkich.<\/span><\/p>\n<\/div><\/div><div class=\"w-separator size_medium\"><\/div><div class=\"w-btn-wrapper align_left\"><a class=\"w-btn us-btn-style_8 icon_atleft\" href=\"https:\/\/gruene-wiesbaden.de\/pl\/kommunalwahl\/#Kapitel2\"><i class=\"fas fa-chevron-circle-right\"><\/i><span class=\"w-btn-label\">Powr\u00f3t do przegl\u0105du<\/span><\/a><\/div><\/div><\/div><div class=\"wpb_column vc_column_container\"><div class=\"vc_column-inner\"><div class=\"w-image align_center\"><div class=\"w-image-h\"><img decoding=\"async\" width=\"2560\" height=\"1435\" src=\"https:\/\/gruene-wiesbaden.de\/wp-content\/uploads\/2025\/11\/2.3-Inklusion-und-Barrierefreiheit-scaled.jpeg\" class=\"attachment-full size-full\" alt=\"\" loading=\"lazy\" srcset=\"https:\/\/gruene-wiesbaden.de\/wp-content\/uploads\/2025\/11\/2.3-Inklusion-und-Barrierefreiheit-scaled.jpeg 2560w, https:\/\/gruene-wiesbaden.de\/wp-content\/uploads\/2025\/11\/2.3-Inklusion-und-Barrierefreiheit-400x224.jpeg 400w, https:\/\/gruene-wiesbaden.de\/wp-content\/uploads\/2025\/11\/2.3-Inklusion-und-Barrierefreiheit-600x336.jpeg 600w\" sizes=\"auto, (max-width: 2560px) 100vw, 2560px\" \/><\/div><\/div><div class=\"w-separator size_small\"><\/div><\/div><\/div><\/div><div class=\"w-separator size_medium\"><\/div><div class=\"w-separator size_medium\"><\/div><div class=\"wpb_text_column us_custom_29deb344 has_text_color\"><div class=\"wpb_wrapper\"><h1>Co oznacza dla nas integracja i dost\u0119pno\u015b\u0107<\/h1>\n<\/div><\/div><div class=\"w-separator size_large\"><\/div><div class=\"g-cols wpb_row via_grid cols_3 laptops-cols_inherit tablets-cols_inherit mobiles-cols_1 valign_top type_default stacking_default\" style=\"--columns-gap:3rem;\"><div class=\"wpb_column vc_column_container\"><div class=\"vc_column-inner\"><div class=\"w-iconbox us_custom_8b3d6790 has_text_color iconpos_left style_default color_custom align_left\"><div class=\"w-iconbox-icon\" style=\"font-size:2rem;--icon-color:#Ffffff;--icon-bg-color:var(--color-header-middle-bg);\"><i class=\"fas fa-layer-group\"><\/i><\/div><div class=\"w-iconbox-meta\"><h4 class=\"w-iconbox-title\" style=\"font-size:1.5rem;\">Udzia\u0142 w \u017cyciu politycznym<\/h4><div class=\"w-iconbox-text\"><p><span style=\"font-weight: 400;\">Nic o nas bez nas \u2013 osoby niepe\u0142nosprawne, jako eksperci w swoim \u017cyciu, musz\u0105 odgrywa\u0107 rol\u0119 w kszta\u0142towaniu wszystkich decyzji.<\/span><\/p>\n<\/div><\/div><\/div><\/div><\/div><div class=\"wpb_column vc_column_container\"><div class=\"vc_column-inner\"><div class=\"w-iconbox us_custom_8b3d6790 has_text_color iconpos_left style_default color_custom align_left\"><div class=\"w-iconbox-icon\" style=\"font-size:2rem;--icon-color:#Ffffff;--icon-bg-color:var(--color-header-transparent-text);\"><i class=\"fas fa-layer-group\"><\/i><\/div><div class=\"w-iconbox-meta\"><h4 class=\"w-iconbox-title\" style=\"font-size:1.5rem;\">Przestrze\u0144 miejska wolna od barier<\/h4><div class=\"w-iconbox-text\"><p><span style=\"font-weight: 400;\">Przestrzenie publiczne, budynki i szlaki transportowe musz\u0105 by\u0107 w pe\u0142ni u\u017cyteczne i dost\u0119pne dla wszystkich.<\/span><\/p>\n<\/div><\/div><\/div><\/div><\/div><div class=\"wpb_column vc_column_container\"><div class=\"vc_column-inner\"><div class=\"w-iconbox us_custom_8b3d6790 has_text_color iconpos_left style_default color_custom align_left\"><div class=\"w-iconbox-icon\" style=\"font-size:2rem;--icon-color:#Ffffff;--icon-bg-color:var(--color-header-transparent-text);\"><i class=\"fas fa-layer-group\"><\/i><\/div><div class=\"w-iconbox-meta\"><h4 class=\"w-iconbox-title\" style=\"font-size:1.5rem;\">W\u0142\u0105czenie cyfrowe<\/h4><div class=\"w-iconbox-text\"><p><span style=\"font-weight: 400;\">Nowoczesne technologie maj\u0105 na celu prze\u0142amywanie barier, a nie tworzenie nowych \u2013 od aplikacji po administracj\u0119 miejsk\u0105.<\/span><\/p>\n<\/div><\/div><\/div><\/div><\/div><\/div><div class=\"w-separator size_medium\"><\/div><div class=\"g-cols wpb_row via_grid cols_3 laptops-cols_inherit tablets-cols_inherit mobiles-cols_1 valign_top type_default stacking_default\" style=\"--columns-gap:3rem;\"><div class=\"wpb_column vc_column_container\"><div class=\"vc_column-inner\"><div class=\"w-iconbox us_custom_8b3d6790 has_text_color iconpos_left style_default color_custom align_left\"><div class=\"w-iconbox-icon\" style=\"font-size:2rem;--icon-color:#Ffffff;--icon-bg-color:var(--color-header-middle-bg);\"><i class=\"fas fa-layer-group\"><\/i><\/div><div class=\"w-iconbox-meta\"><h4 class=\"w-iconbox-title\" style=\"font-size:1.5rem;\">Integracja na rynku pracy<\/h4><div class=\"w-iconbox-text\"><p><span style=\"font-weight: 400;\">Ka\u017cdy ma prawo do sprawiedliwego zatrudnienia \u2013 niepe\u0142nosprawno\u015b\u0107 nie powinna by\u0107 kryterium wykluczenia.<\/span><\/p>\n<\/div><\/div><\/div><\/div><\/div><div class=\"wpb_column vc_column_container\"><div class=\"vc_column-inner\"><div class=\"w-iconbox us_custom_8b3d6790 has_text_color iconpos_left style_default color_custom align_left\"><div class=\"w-iconbox-icon\" style=\"font-size:2rem;--icon-color:#Ffffff;--icon-bg-color:var(--color-header-transparent-text);\"><i class=\"fas fa-layer-group\"><\/i><\/div><div class=\"w-iconbox-meta\"><h4 class=\"w-iconbox-title\" style=\"font-size:1.5rem;\">Edukacja w\u0142\u0105czaj\u0105ca<\/h4><div class=\"w-iconbox-text\"><p><span style=\"font-weight: 400;\">Wszystkie dzieci ucz\u0105 si\u0119 razem, niezale\u017cnie od ich indywidualnych potrzeb i potrzeb.<\/span><\/p>\n<\/div><\/div><\/div><\/div><\/div><div class=\"wpb_column vc_column_container\"><div class=\"vc_column-inner\"><\/div><\/div><\/div><div class=\"w-separator size_medium\"><\/div><div class=\"w-btn-wrapper align_left\"><a class=\"w-btn us-btn-style_8 icon_atleft\" href=\"https:\/\/gruene-wiesbaden.de\/pl\/kommunalwahl\/#Kapitel2\"><i class=\"fas fa-chevron-circle-right\"><\/i><span class=\"w-btn-label\">Powr\u00f3t do przegl\u0105du<\/span><\/a><\/div><div class=\"w-separator size_medium\"><\/div><\/div><\/div><\/div><\/div><\/section><section class=\"l-section wpb_row height_auto with_img\"><div class=\"l-section-img\" role=\"img\" data-img-width=\"2560\" data-img-height=\"1435\" style=\"background-image: url(https:\/\/gruene-wiesbaden.de\/wp-content\/uploads\/2025\/11\/2.3-Inklusion-und-Barrierefreiheit-scaled.jpeg);background-repeat: no-repeat;\"><\/div><div class=\"l-section-overlay\" style=\"background:var(--color-header-top-transparent-bg)\"><\/div><div class=\"l-section-h i-cf\"><div class=\"g-cols vc_row via_grid cols_1 laptops-cols_inherit tablets-cols_inherit mobiles-cols_1 valign_middle type_default stacking_default\" style=\"--columns-gap:1rem;\"><div class=\"wpb_column vc_column_container\"><div class=\"vc_column-inner\"><div class=\"w-separator size_large\"><\/div><div class=\"wpb_text_column background_inside_text\"><div class=\"wpb_wrapper\"><h1>Co chcemy zrobi\u0107 konkretnie w tej dziedzinie<\/h1>\n<\/div><\/div><div class=\"w-separator size_medium\"><\/div><div class=\"w-tabs us_custom_42d693a0 has_text_color style_default switch_click accordion has_scrolling\" style=\"--sections-title-size:1.4rem\"><div class=\"w-tabs-sections titles-align_none icon_chevron cpos_right\"><div class=\"w-tabs-section has_text_color\" id=\"r7ee\" style=\"background:var(--color-header-transparent-text);color:var(--color-header-top-text-hover);\"><button class=\"w-tabs-section-header\" aria-controls=\"content-r7ee\" aria-expanded=\"false\"><div class=\"w-tabs-section-title\">Opracowanie planu dzia\u0142ania na rzecz w\u0142\u0105czenia spo\u0142ecznego<\/div><div class=\"w-tabs-section-control\"><\/div><\/button><div  class=\"w-tabs-section-content\" id=\"content-r7ee\"><div class=\"w-tabs-section-content-h i-cf\"><div class=\"wpb_text_column\"><div class=\"wpb_wrapper\"><p><span style=\"font-weight: 400;\">Tworzymy systematyczny plan dzia\u0142ania na rzecz w\u0142\u0105czenia spo\u0142ecznego dla Wiesbaden, kt\u00f3ry obejmuje wszystkie obszary \u017cycia i okre\u015bla wymierne cele. Kluczowe znaczenie ma uczestnictwo os\u00f3b niepe\u0142nosprawnych.<\/span><\/p>\n<\/div><\/div><\/div><\/div><\/div><div class=\"w-tabs-section has_text_color\" id=\"m908\" style=\"background:var(--color-header-transparent-text);color:var(--color-header-top-text-hover);\"><button class=\"w-tabs-section-header\" aria-controls=\"content-m908\" aria-expanded=\"false\"><div class=\"w-tabs-section-title\">Zwi\u0119kszenie uczestnictwa os\u00f3b niepe\u0142nosprawnych<\/div><div class=\"w-tabs-section-control\"><\/div><\/button><div  class=\"w-tabs-section-content\" id=\"content-m908\"><div class=\"w-tabs-section-content-h i-cf\"><div class=\"wpb_text_column\"><div class=\"wpb_wrapper\"><p><span style=\"font-weight: 400;\">Za po\u015brednictwem grupy roboczej organizacji niepe\u0142nosprawnych z Wiesbaden i grupy os\u00f3b niepe\u0142nosprawnych anga\u017cujemy osoby niepe\u0142nosprawne na wczesnym etapie w planowanie przestrzeni spo\u0142ecznej i projekty budownictwa miejskiego, aby ich wiedza by\u0142a bezpo\u015brednio u\u017cyteczna.<\/span><\/p>\n<\/div><\/div><\/div><\/div><\/div><div class=\"w-tabs-section has_text_color\" id=\"qa21\" style=\"background:var(--color-header-transparent-text);color:var(--color-header-top-text-hover);\"><button class=\"w-tabs-section-header\" aria-controls=\"content-qa21\" aria-expanded=\"false\"><div class=\"w-tabs-section-title\">Uwolnij administrowanie od barier<\/div><div class=\"w-tabs-section-control\"><\/div><\/button><div  class=\"w-tabs-section-content\" id=\"content-qa21\"><div class=\"w-tabs-section-content-h i-cf\"><div class=\"wpb_text_column\"><div class=\"wpb_wrapper\"><p><span style=\"font-weight: 400;\">Cyfrowe oferty i publikacje musz\u0105 by\u0107 dost\u0119pne dla wszystkich, niezale\u017cnie od wieku, j\u0119zyka czy ogranicze\u0144. J\u0119zyk zorientowany na obywateli, jasne struktury i brak skr\u00f3t\u00f3w zapewniaj\u0105 przejrzysto\u015b\u0107, zrozumia\u0142o\u015b\u0107 i rzeczywiste uczestnictwo.<\/span><\/p>\n<\/div><\/div><\/div><\/div><\/div><div class=\"w-tabs-section has_text_color\" id=\"cb4c\" style=\"background:var(--color-header-middle-bg);color:var(--color-content-heading);\"><button class=\"w-tabs-section-header\" aria-controls=\"content-cb4c\" aria-expanded=\"false\"><div class=\"w-tabs-section-title\">Wdra\u017canie autobus\u00f3w i poci\u0105g\u00f3w w pe\u0142ni bez barier<\/div><div class=\"w-tabs-section-control\"><\/div><\/button><div  class=\"w-tabs-section-content\" id=\"content-cb4c\"><div class=\"w-tabs-section-content-h i-cf\"><div class=\"wpb_text_column\"><div class=\"wpb_wrapper\"><p><span style=\"font-weight: 400;\">Bezbarierowe przystanki, pojazdy i taryfy umo\u017cliwiaj\u0105 wszystkim osobom nieograniczon\u0105 mobilno\u015b\u0107 zgodnie z przepisami ustawy o transporcie pasa\u017cerskim w lokalnym planie transportu.<\/span><\/p>\n<\/div><\/div><\/div><\/div><\/div><div class=\"w-tabs-section has_text_color\" id=\"ic73\" style=\"background:var(--color-header-transparent-text);color:var(--color-header-top-text-hover);\"><button class=\"w-tabs-section-header\" aria-controls=\"content-ic73\" aria-expanded=\"false\"><div class=\"w-tabs-section-title\">Sprawd\u017a rozwi\u0105zania w zakresie puli na potrzeby pomocy partycypacyjnej<\/div><div class=\"w-tabs-section-control\"><\/div><\/button><div  class=\"w-tabs-section-content\" id=\"content-ic73\"><div class=\"w-tabs-section-content-h i-cf\"><div class=\"wpb_text_column\"><div class=\"wpb_wrapper\"><p><span style=\"font-weight: 400;\">Chcemy stworzy\u0107 nowy grunt, aby spe\u0142ni\u0107 wymagania federalnej ustawy o udziale nawet w czasach niedoboru wykwalifikowanych pracownik\u00f3w i ograniczonych zasob\u00f3w finansowych. Je\u015bli chodzi o pomoc w uczestnictwie w szko\u0142ach, chcemy przetestowa\u0107 rozwi\u0105zania basenowe. W rezultacie mo\u017cna zrezygnowa\u0107 ze z\u0142o\u017conych wniosk\u00f3w i procedur diagnostycznych dla ka\u017cdego dziecka, a jednocze\u015bnie korzysta\u0107 z nich mog\u0105 r\u00f3wnie\u017c dzieci, kt\u00f3re potrzebuj\u0105 wsparcia bez prawa do pomocy partycypacyjnej.<\/span><\/p>\n<\/div><\/div><\/div><\/div><\/div><div class=\"w-tabs-section has_text_color\" id=\"vd8b\" style=\"background:var(--color-header-middle-bg);color:var(--color-header-middle-text);\"><button class=\"w-tabs-section-header\" aria-controls=\"content-vd8b\" aria-expanded=\"false\"><div class=\"w-tabs-section-title\">Rozwi\u0144 place zabaw wliczone w cen\u0119<\/div><div class=\"w-tabs-section-control\"><\/div><\/button><div  class=\"w-tabs-section-content\" id=\"content-vd8b\"><div class=\"w-tabs-section-content-h i-cf\"><div class=\"wpb_text_column\"><div class=\"wpb_wrapper\"><p><span style=\"font-weight: 400;\">Chcemy zaprojektowa\u0107 wyposa\u017cenie plac\u00f3w zabaw na publicznych placach zabaw w taki spos\u00f3b, aby dzieci z niepe\u0142nosprawno\u015bci\u0105 i bez niepe\u0142nosprawno\u015bci mog\u0142y bawi\u0107 si\u0119 razem.<\/span><\/p>\n<\/div><\/div><\/div><\/div><\/div><div class=\"w-tabs-section has_text_color\" id=\"yea1\" style=\"background:var(--color-header-transparent-text);color:var(--color-header-top-text-hover);\"><button class=\"w-tabs-section-header\" aria-controls=\"content-yea1\" aria-expanded=\"false\"><div class=\"w-tabs-section-title\">Ustanowienie polityki kadrowej sprzyjaj\u0105cej w\u0142\u0105czeniu spo\u0142ecznemu<\/div><div class=\"w-tabs-section-control\"><\/div><\/button><div  class=\"w-tabs-section-content\" id=\"content-yea1\"><div class=\"w-tabs-section-content-h i-cf\"><div class=\"wpb_text_column\"><div class=\"wpb_wrapper\"><p><span style=\"font-weight: 400;\">Administracja miejska staje si\u0119 wzorem do na\u015bladowania w zatrudnianiu os\u00f3b niepe\u0142nosprawnych, dzi\u0119ki odpowiedniemu projektowaniu miejsc pracy i strukturom wsparcia.<\/span><\/p>\n<\/div><\/div><\/div><\/div><\/div><\/div><\/div><div class=\"w-separator size_medium\"><\/div><div class=\"w-btn-wrapper align_left\"><a class=\"w-btn us-btn-style_8 icon_atleft\" href=\"https:\/\/gruene-wiesbaden.de\/pl\/kommunalwahl\/#Kapitel2\"><i class=\"fas fa-chevron-circle-right\"><\/i><span class=\"w-btn-label\">Powr\u00f3t do przegl\u0105du<\/span><\/a><\/div><div class=\"w-separator size_large\"><\/div><div class=\"wpb_text_column\"><div class=\"wpb_wrapper\"><h1>Co ju\u017c osi\u0105gn\u0119li\u015bmy<\/h1>\n<\/div><\/div><div class=\"w-separator size_medium\"><\/div><div class=\"w-tabs us_custom_42d693a0 has_text_color style_default switch_click accordion has_scrolling\" style=\"--sections-title-size:1.4rem\"><div class=\"w-tabs-sections titles-align_none icon_chevron cpos_right\"><div class=\"w-tabs-section has_text_color\" id=\"ofcf\" style=\"background:var(--color-header-transparent-text);color:var(--color-header-top-text-hover);\"><button class=\"w-tabs-section-header\" aria-controls=\"content-ofcf\" aria-expanded=\"false\"><div class=\"w-tabs-section-title\">Nowa strona internetowa miasta Wiesbaden<\/div><div class=\"w-tabs-section-control\"><\/div><\/button><div  class=\"w-tabs-section-content\" id=\"content-ofcf\"><div class=\"w-tabs-section-content-h i-cf\"><div class=\"wpb_text_column\"><div class=\"wpb_wrapper\"><p><span style=\"font-weight: 400;\">Miasto Wiesbaden zmodernizowa\u0142o swoj\u0105 stron\u0119 internetow\u0105, aby u\u0142atwi\u0107 dost\u0119p do informacji i us\u0142ug. Strona jest wolna od barier i oferuje tre\u015bci w 12 j\u0119zykach. Ponadto oferowane b\u0119d\u0105 tre\u015bci w \u0142atwym j\u0119zyku i niemieckim j\u0119zyku migowym, aby jeszcze bardziej zwi\u0119kszy\u0107 dost\u0119pno\u015b\u0107.<\/span><\/p>\n<\/div><\/div><\/div><\/div><\/div><div class=\"w-tabs-section has_text_color\" id=\"u0f4\" style=\"background:var(--color-header-transparent-text);color:var(--color-header-top-text-hover);\"><button class=\"w-tabs-section-header\" aria-controls=\"content-u0f4\" aria-expanded=\"false\"><div class=\"w-tabs-section-title\">Przedstawiamy aplikacj\u0119 Kids Fox dla dzieci<\/div><div class=\"w-tabs-section-control\"><\/div><\/button><div  class=\"w-tabs-section-content\" id=\"content-u0f4\"><div class=\"w-tabs-section-content-h i-cf\"><div class=\"wpb_text_column\"><div class=\"wpb_wrapper\"><p><span style=\"font-weight: 400;\">Od 2025 r. aplikacja Kids Fox zosta\u0142a wprowadzona we wszystkich 42 miejskich o\u015brodkach opieki dziennej. Wspiera to rodzic\u00f3w i personel przedszkolny w komunikacji i organizacji. Aplikacja oferuje funkcj\u0119 automatycznego t\u0142umaczenia w 27 j\u0119zykach. U\u0142atwia to r\u00f3wnie\u017c osobom nies\u0142ysz\u0105cym komunikacj\u0119 bez t\u0142umacza.<\/span><\/p>\n<\/div><\/div><\/div><\/div><\/div><div class=\"w-tabs-section has_text_color\" id=\"p24c\" style=\"background:var(--color-header-transparent-text);color:var(--color-header-top-text-hover);\"><button class=\"w-tabs-section-header\" aria-controls=\"content-p24c\" aria-expanded=\"false\"><div class=\"w-tabs-section-title\">Mapa miasta bez barier i dotykowe modele miast<\/div><div class=\"w-tabs-section-control\"><\/div><\/button><div  class=\"w-tabs-section-content\" id=\"content-p24c\"><div class=\"w-tabs-section-content-h i-cf\"><div class=\"wpb_text_column\"><div class=\"wpb_wrapper\"><p><span style=\"font-weight: 400;\">W \u015bcis\u0142ej wsp\u00f3\u0142pracy z zarz\u0105dem miasta, urz\u0119dnikami ds. integracji miejskiej oraz grup\u0105 robocz\u0105 ds. integracji i dost\u0119pno\u015bci opracowali\u015bmy nowy plan \u015br\u00f3dmie\u015bcia Wiesbaden. Plan ten zawiera szczeg\u00f3\u0142owe informacje na temat \u015bcie\u017cek bez barier, przystank\u00f3w autobusowych, parking\u00f3w dla os\u00f3b niepe\u0142nosprawnych, toalet dost\u0119pnych dla w\u00f3zk\u00f3w inwalidzkich, restauracji bez barier, hoteli z pokojami bez barier oraz og\u00f3lnodost\u0119pnych toalet bez barier. Ponadto zabytki, obiekty kulturalne i miejsca turystyczne s\u0105 wyra\u017anie oznaczone. Mapa miasta bez barier jest r\u00f3wnie\u017c dost\u0119pna online i stanowi cenne wskaz\u00f3wki dla wszystkich tych, kt\u00f3rzy polegaj\u0105 na infrastrukturze bez barier.<\/span><\/p>\n<p><span style=\"font-weight: 400;\">Dla os\u00f3b z upo\u015bledzeniem wzroku lub \u015blepot\u0105 zainstalowano dotykowe modele miast. Modele te, produkowane przez Deutsche Blindenstudienanstalt w Marburgu, znajduj\u0105 si\u0119 na rynku i na g\u0142\u00f3wnym dworcu kolejowym. Umo\u017cliwiaj\u0105 orientacj\u0119 dotykow\u0105 i u\u0142atwiaj\u0105 niezale\u017cny ruch w centrum miasta.<\/span><\/p>\n<p><br style=\"font-weight: 400;\" \/><br style=\"font-weight: 400;\" \/><\/p>\n<\/div><\/div><\/div><\/div><\/div><div class=\"w-tabs-section has_text_color\" id=\"t377\" style=\"background:var(--color-header-middle-bg);color:var(--color-content-heading);\"><button class=\"w-tabs-section-header\" aria-controls=\"content-t377\" aria-expanded=\"false\"><div class=\"w-tabs-section-title\">Dost\u0119pne przystanki autobusowe i wiadukty na \u015bwiat\u0142ach z sygna\u0142em akustycznym<\/div><div class=\"w-tabs-section-control\"><\/div><\/button><div  class=\"w-tabs-section-content\" id=\"content-t377\"><div class=\"w-tabs-section-content-h i-cf\"><div class=\"wpb_text_column\"><div class=\"wpb_wrapper\"><p><span style=\"font-weight: 400;\">Od 2022 r. liczne przystanki autobusowe w Wiesbaden zosta\u0142y przekszta\u0142cone w obiekty bez barier, w tym Waldstra\u00dfe, Dyckerhoffstra\u00dfe, Flachstra\u00dfe, Kahle M\u00fchle P+R i Bussteig D na dworcu g\u0142\u00f3wnym. Podwy\u017cszone kraw\u0119\u017cniki, poszerzone strefy przystankowe i dotykowe elementy przewodnie u\u0142atwiaj\u0105 wej\u015bcie i wyj\u015bcie osobom z niepe\u0142nosprawno\u015bciami, osobom starszym i rodzinom z w\u00f3zkami. \u0141\u0105cz\u0105c zasoby pa\u0144stwowe i miejskie, transport publiczny w Wiesbaden stopniowo staje si\u0119 bardziej inkluzywny, dost\u0119pny i wygodny dla wszystkich. Ponadto liczne \u015bwiat\u0142a drogowe s\u0105 ju\u017c wyposa\u017cone w sygna\u0142y akustyczne, dzi\u0119ki czemu osoby z upo\u015bledzeniem wzroku mog\u0105 bezpiecznie przekracza\u0107 drogi i skrzy\u017cowania.<\/span><\/p>\n<\/div><\/div><\/div><\/div><\/div><div class=\"w-tabs-section has_text_color\" id=\"l4a7\" style=\"background:var(--color-header-transparent-text);color:var(--color-header-top-text-hover);\"><button class=\"w-tabs-section-header\" aria-controls=\"content-l4a7\" aria-expanded=\"false\"><div class=\"w-tabs-section-title\">Poprawa dost\u0119pno\u015bci w Kransand w Moguncji-Kastel<\/div><div class=\"w-tabs-section-control\"><\/div><\/button><div  class=\"w-tabs-section-content\" id=\"content-l4a7\"><div class=\"w-tabs-section-content-h i-cf\"><div class=\"wpb_text_column\"><div class=\"wpb_wrapper\"><p><span style=\"font-weight: 400;\">W Kransand w Moguncji-Kastel zainstalowano wind\u0119, kt\u00f3ra zapewnia bezbarierowe po\u0142\u0105czenie mi\u0119dzy brzegiem Renu a przycz\u00f3\u0142kiem mostowym. Dzi\u0119ki r\u00f3\u017cnicy wysoko\u015bci 6,5 metra osoby o ograniczonej sprawno\u015bci ruchowej mog\u0105 \u0142atwo dotrze\u0107 do strefy rekreacyjnej nad Renem. Ponadto sama strona jest wyposa\u017cona w elementy bezbarierowe, w tym skate park, sprz\u0119t Trimm Dich i obszar dozowania. Zapewni to wszystkim r\u00f3wny dost\u0119p do wypoczynku i rekreacji nad brzegiem Renu.<\/span><\/p>\n<\/div><\/div><\/div><\/div><\/div><div class=\"w-tabs-section has_text_color\" id=\"e5d3\" style=\"background:var(--color-header-transparent-text);color:var(--color-header-top-text-hover);\"><button class=\"w-tabs-section-header\" aria-controls=\"content-e5d3\" aria-expanded=\"false\"><div class=\"w-tabs-section-title\">Cicha godzina dla wi\u0119kszego w\u0142\u0105czenia i uczestnictwa<\/div><div class=\"w-tabs-section-control\"><\/div><\/button><div  class=\"w-tabs-section-content\" id=\"content-e5d3\"><div class=\"w-tabs-section-content-h i-cf\"><div class=\"wpb_text_column\"><div class=\"wpb_wrapper\"><p><span style=\"font-weight: 400;\">Od lipca 2025 r. Wiesbaden oferuje \u201ecich\u0105 godzin\u0119\u201d w ka\u017cdy czwartek w godz. 15.00\u201317.00 w ponad 20 sklepach w centrum miasta. W tym czasie jasne \u015bwiat\u0142o, g\u0142o\u015bna muzyka i og\u0142oszenia s\u0105 redukowane, aby stworzy\u0107 zakupy o niskim podra\u017cnieniu. Celem jest u\u0142atwienie dost\u0119pu do \u017cycia publicznego osobom z zaburzeniami sensorycznymi lub psychicznymi, takimi jak autyzm, ADHD lub przewlek\u0142y COVID-19. Wiesbaden jest zatem pierwszym miastem w Niemczech, kt\u00f3re wdro\u017cy\u0142o t\u0119 koncepcj\u0119 w ca\u0142ym kraju i wys\u0142a\u0142o silny sygna\u0142 do \u017cywej integracji.<\/span><\/p>\n<\/div><\/div><\/div><\/div><\/div><div class=\"w-tabs-section has_text_color\" id=\"x6f3\" style=\"background:var(--color-header-transparent-text);color:var(--color-header-top-text-hover);\"><button class=\"w-tabs-section-header\" aria-controls=\"content-x6f3\" aria-expanded=\"false\"><div class=\"w-tabs-section-title\">Szkolenia dla o\u015brodk\u00f3w opieki dziennej \u2013 nacisk na w\u0142\u0105czenie spo\u0142eczne<\/div><div class=\"w-tabs-section-control\"><\/div><\/button><div  class=\"w-tabs-section-content\" id=\"content-x6f3\"><div class=\"w-tabs-section-content-h i-cf\"><div class=\"wpb_text_column\"><div class=\"wpb_wrapper\"><p><span style=\"font-weight: 400;\">W 2025 r. program szkoleniowy dla miejskich o\u015brodk\u00f3w opieki dziennej b\u0119dzie si\u0119 koncentrowa\u0142 na \u201ew\u0142\u0105czeniu we wszystkich jego aspektach\u201d. Celem jest zapewnienie wszystkim dzieciom dobrych mo\u017cliwo\u015bci edukacyjnych i rozwojowych oraz znalezienie odpowiedzi na wyzwania zwi\u0105zane z edukacj\u0105 w\u0142\u0105czaj\u0105c\u0105.<\/span><\/p>\n<\/div><\/div><\/div><\/div><\/div><div class=\"w-tabs-section has_text_color\" id=\"a831\" style=\"background:var(--color-header-transparent-text);color:var(--color-header-top-text-hover);\"><button class=\"w-tabs-section-header\" aria-controls=\"content-a831\" aria-expanded=\"false\"><div class=\"w-tabs-section-title\">Wiesbaden Standard uczestnictwa - Inkluzywne prace powiatowe<\/div><div class=\"w-tabs-section-control\"><\/div><\/button><div  class=\"w-tabs-section-content\" id=\"content-a831\"><div class=\"w-tabs-section-content-h i-cf\"><div class=\"wpb_text_column\"><div class=\"wpb_wrapper\"><p><span style=\"font-weight: 400;\">Miasto Wiesbaden opracowa\u0142o \u201estandard uczestnictwa Wiesbaden dla dzielnic o wysokich potrzebach spo\u0142ecznych\u201d. W niniejszej normie opisano \u015brodki maj\u0105ce na celu popraw\u0119 infrastruktury spo\u0142ecznej w okr\u0119gach znajduj\u0105cych si\u0119 w niekorzystnej sytuacji. Szczeg\u00f3lny nacisk k\u0142adzie si\u0119 na w\u0142\u0105czenie spo\u0142eczne, na przyk\u0142ad poprzez uwzgl\u0119dnienie w planowaniu ofert dla os\u00f3b niepe\u0142nosprawnych.<\/span><\/p>\n<\/div><\/div><\/div><\/div><\/div><div class=\"w-tabs-section has_text_color\" id=\"s952\" style=\"background:var(--color-header-transparent-text);color:var(--color-header-top-text-hover);\"><button class=\"w-tabs-section-header\" aria-controls=\"content-s952\" aria-expanded=\"false\"><div class=\"w-tabs-section-title\">Europejski Dzie\u0144 Protestu na rzecz R\u00f3wno\u015bci<\/div><div class=\"w-tabs-section-control\"><\/div><\/button><div  class=\"w-tabs-section-content\" id=\"content-s952\"><div class=\"w-tabs-section-content-h i-cf\"><div class=\"wpb_text_column\"><div class=\"wpb_wrapper\"><p><span style=\"font-weight: 400;\">W maju 2025 r. po raz pierwszy w Wiesbaden odby\u0142 si\u0119 Europejski Dzie\u0144 Protestu na rzecz R\u00f3wno\u015bci Os\u00f3b Niepe\u0142nosprawnych. Wraz z grupami interesu, stowarzyszeniami i administracj\u0105 miasto wykazywa\u0142o widoczne oznaki w\u0142\u0105czenia spo\u0142ecznego i dost\u0119pno\u015bci \u2013 w ratuszu i przed nim. Ten wsp\u00f3lny projekt pokazuje, w jaki spos\u00f3b miasta, politycy i podmioty spo\u0142ecze\u0144stwa obywatelskiego wsp\u00f3\u0142pracuj\u0105 na rzecz wzmocnienia w\u0142\u0105czenia spo\u0142ecznego, promowania uczestnictwa os\u00f3b z niepe\u0142nosprawno\u015bciami i uwidocznienia w\u0142\u0105czenia spo\u0142ecznego.<\/span><\/p>\n<\/div><\/div><\/div><\/div><\/div><\/div><\/div><div class=\"w-separator size_medium\"><\/div><div class=\"w-btn-wrapper align_left\"><a class=\"w-btn us-btn-style_8 icon_atleft\" href=\"https:\/\/gruene-wiesbaden.de\/pl\/kommunalwahl\/#Kapitel2\"><i class=\"fas fa-chevron-circle-right\"><\/i><span class=\"w-btn-label\">Powr\u00f3t do przegl\u0105du<\/span><\/a><\/div><div class=\"w-separator size_large\"><\/div><\/div><\/div><\/div><\/div><\/section>","protected":false},"excerpt":{"rendered":"W\u0142\u0105czenie spo\u0142eczne i dost\u0119pno\u015b\u0107Osoby niepe\u0142nosprawne znajduj\u0105 si\u0119 w centrum naszego spo\u0142ecze\u0144stwa. Dost\u0119pno\u015b\u0107 jest prawem cz\u0142owieka i warunkiem wst\u0119pnym rzeczywistego uczestnictwa. W Wiesbaden chcemy prze\u0142ama\u0107 bariery fizyczne i psychiczne \u2013 w przestrzeni publicznej i w umys\u0142ach ludzi. Tylko wtedy, gdy wszyscy ludzie b\u0119d\u0105 mogli uczestniczy\u0107 w \u017cyciu spo\u0142ecznym na r\u00f3wnych zasadach, powstanie solidarne spo\u0142ecze\u0144stwo miejskie. Dla nas integracja oznacza...","protected":false},"author":1,"featured_media":1549,"comment_status":"closed","ping_status":"closed","sticky":false,"template":"","format":"standard","meta":{"footnotes":""},"categories":[15],"tags":[],"class_list":["post-1353","post","type-post","status-publish","format-standard","has-post-thumbnail","hentry","category-kapitel-2"],"yoast_head":"<!-- This site is optimized with the Yoast SEO plugin v27.5 - https:\/\/yoast.com\/product\/yoast-seo-wordpress\/ -->\n<title>Inklusion und Barrierefreiheit - B\u00dcNDNIS 90\/DIE GR\u00dcNEN Wiesbaden<\/title>\n<meta name=\"robots\" content=\"index, follow, max-snippet:-1, max-image-preview:large, max-video-preview:-1\" \/>\n<link rel=\"canonical\" href=\"https:\/\/gruene-wiesbaden.de\/pl\/inklusion-und-barrierefreiheit\/\" \/>\n<meta property=\"og:locale\" content=\"pl_PL\" \/>\n<meta property=\"og:type\" content=\"article\" \/>\n<meta property=\"og:title\" content=\"Inklusion und Barrierefreiheit - B\u00dcNDNIS 90\/DIE GR\u00dcNEN Wiesbaden\" \/>\n<meta property=\"og:url\" content=\"https:\/\/gruene-wiesbaden.de\/pl\/inklusion-und-barrierefreiheit\/\" \/>\n<meta property=\"og:site_name\" content=\"B\u00dcNDNIS 90\/DIE GR\u00dcNEN Wiesbaden\" \/>\n<meta property=\"article:publisher\" content=\"https:\/\/www.facebook.com\/gruene.wi\" \/>\n<meta property=\"article:published_time\" content=\"2025-11-09T22:11:46+00:00\" \/>\n<meta property=\"article:modified_time\" content=\"2026-04-09T08:29:24+00:00\" \/>\n<meta property=\"og:image\" content=\"https:\/\/gruene-wiesbaden.de\/wp-content\/uploads\/2025\/11\/2.3-Inklusion-und-Barrierefreiheit-scaled.jpeg\" \/>\n\t<meta property=\"og:image:width\" content=\"2560\" \/>\n\t<meta property=\"og:image:height\" content=\"1435\" \/>\n\t<meta property=\"og:image:type\" content=\"image\/jpeg\" \/>\n<meta name=\"author\" content=\"admin\" \/>\n<meta name=\"twitter:card\" content=\"summary_large_image\" \/>\n<meta name=\"twitter:label1\" content=\"Napisane przez\" \/>\n\t<meta name=\"twitter:data1\" content=\"admin\" \/>\n\t<meta name=\"twitter:label2\" content=\"Szacowany czas czytania\" \/>\n\t<meta name=\"twitter:data2\" content=\"8 minutes\" \/>\n<script type=\"application\/ld+json\" class=\"yoast-schema-graph\">{\"@context\":\"https:\\\/\\\/schema.org\",\"@graph\":[{\"@type\":\"Article\",\"@id\":\"https:\\\/\\\/gruene-wiesbaden.de\\\/inklusion-und-barrierefreiheit\\\/#article\",\"isPartOf\":{\"@id\":\"https:\\\/\\\/gruene-wiesbaden.de\\\/inklusion-und-barrierefreiheit\\\/\"},\"author\":{\"name\":\"admin\",\"@id\":\"https:\\\/\\\/gruene-wiesbaden.de\\\/#\\\/schema\\\/person\\\/6785c34779159cd4fd86886bb097afe9\"},\"headline\":\"Inklusion und Barrierefreiheit\",\"datePublished\":\"2025-11-09T22:11:46+00:00\",\"dateModified\":\"2026-04-09T08:29:24+00:00\",\"mainEntityOfPage\":{\"@id\":\"https:\\\/\\\/gruene-wiesbaden.de\\\/inklusion-und-barrierefreiheit\\\/\"},\"wordCount\":2280,\"publisher\":{\"@id\":\"https:\\\/\\\/gruene-wiesbaden.de\\\/#organization\"},\"image\":{\"@id\":\"https:\\\/\\\/gruene-wiesbaden.de\\\/inklusion-und-barrierefreiheit\\\/#primaryimage\"},\"thumbnailUrl\":\"https:\\\/\\\/gruene-wiesbaden.de\\\/wp-content\\\/uploads\\\/2025\\\/11\\\/2.3-Inklusion-und-Barrierefreiheit-scaled.jpeg\",\"articleSection\":[\"Kapitel 2\"],\"inLanguage\":\"pl-PL\"},{\"@type\":\"WebPage\",\"@id\":\"https:\\\/\\\/gruene-wiesbaden.de\\\/inklusion-und-barrierefreiheit\\\/\",\"url\":\"https:\\\/\\\/gruene-wiesbaden.de\\\/inklusion-und-barrierefreiheit\\\/\",\"name\":\"Inklusion und Barrierefreiheit - B\u00dcNDNIS 90\\\/DIE GR\u00dcNEN Wiesbaden\",\"isPartOf\":{\"@id\":\"https:\\\/\\\/gruene-wiesbaden.de\\\/#website\"},\"primaryImageOfPage\":{\"@id\":\"https:\\\/\\\/gruene-wiesbaden.de\\\/inklusion-und-barrierefreiheit\\\/#primaryimage\"},\"image\":{\"@id\":\"https:\\\/\\\/gruene-wiesbaden.de\\\/inklusion-und-barrierefreiheit\\\/#primaryimage\"},\"thumbnailUrl\":\"https:\\\/\\\/gruene-wiesbaden.de\\\/wp-content\\\/uploads\\\/2025\\\/11\\\/2.3-Inklusion-und-Barrierefreiheit-scaled.jpeg\",\"datePublished\":\"2025-11-09T22:11:46+00:00\",\"dateModified\":\"2026-04-09T08:29:24+00:00\",\"breadcrumb\":{\"@id\":\"https:\\\/\\\/gruene-wiesbaden.de\\\/inklusion-und-barrierefreiheit\\\/#breadcrumb\"},\"inLanguage\":\"pl-PL\",\"potentialAction\":[{\"@type\":\"ReadAction\",\"target\":[\"https:\\\/\\\/gruene-wiesbaden.de\\\/inklusion-und-barrierefreiheit\\\/\"]}]},{\"@type\":\"ImageObject\",\"inLanguage\":\"pl-PL\",\"@id\":\"https:\\\/\\\/gruene-wiesbaden.de\\\/inklusion-und-barrierefreiheit\\\/#primaryimage\",\"url\":\"https:\\\/\\\/gruene-wiesbaden.de\\\/wp-content\\\/uploads\\\/2025\\\/11\\\/2.3-Inklusion-und-Barrierefreiheit-scaled.jpeg\",\"contentUrl\":\"https:\\\/\\\/gruene-wiesbaden.de\\\/wp-content\\\/uploads\\\/2025\\\/11\\\/2.3-Inklusion-und-Barrierefreiheit-scaled.jpeg\",\"width\":2560,\"height\":1435},{\"@type\":\"BreadcrumbList\",\"@id\":\"https:\\\/\\\/gruene-wiesbaden.de\\\/inklusion-und-barrierefreiheit\\\/#breadcrumb\",\"itemListElement\":[{\"@type\":\"ListItem\",\"position\":1,\"name\":\"Startseite\",\"item\":\"https:\\\/\\\/gruene-wiesbaden.de\\\/\"},{\"@type\":\"ListItem\",\"position\":2,\"name\":\"Inklusion und Barrierefreiheit\"}]},{\"@type\":\"WebSite\",\"@id\":\"https:\\\/\\\/gruene-wiesbaden.de\\\/#website\",\"url\":\"https:\\\/\\\/gruene-wiesbaden.de\\\/\",\"name\":\"DIE GR\u00dcNEN Wiesbaden\",\"description\":\"\",\"publisher\":{\"@id\":\"https:\\\/\\\/gruene-wiesbaden.de\\\/#organization\"},\"potentialAction\":[{\"@type\":\"SearchAction\",\"target\":{\"@type\":\"EntryPoint\",\"urlTemplate\":\"https:\\\/\\\/gruene-wiesbaden.de\\\/?s={search_term_string}\"},\"query-input\":{\"@type\":\"PropertyValueSpecification\",\"valueRequired\":true,\"valueName\":\"search_term_string\"}}],\"inLanguage\":\"pl-PL\"},{\"@type\":\"Organization\",\"@id\":\"https:\\\/\\\/gruene-wiesbaden.de\\\/#organization\",\"name\":\"DIE GR\u00dcNEN Wiesbaden\",\"url\":\"https:\\\/\\\/gruene-wiesbaden.de\\\/\",\"logo\":{\"@type\":\"ImageObject\",\"inLanguage\":\"pl-PL\",\"@id\":\"https:\\\/\\\/gruene-wiesbaden.de\\\/#\\\/schema\\\/logo\\\/image\\\/\",\"url\":\"https:\\\/\\\/gruene-wiesbaden-fuer-europa.de\\\/wp-content\\\/uploads\\\/2024\\\/04\\\/Machen-was-zaehlt-5.png\",\"contentUrl\":\"https:\\\/\\\/gruene-wiesbaden-fuer-europa.de\\\/wp-content\\\/uploads\\\/2024\\\/04\\\/Machen-was-zaehlt-5.png\",\"width\":1772,\"height\":1772,\"caption\":\"DIE GR\u00dcNEN Wiesbaden\"},\"image\":{\"@id\":\"https:\\\/\\\/gruene-wiesbaden.de\\\/#\\\/schema\\\/logo\\\/image\\\/\"},\"sameAs\":[\"https:\\\/\\\/www.facebook.com\\\/gruene.wi\",\"https:\\\/\\\/instagram.com\\\/gruene_wi\"]},{\"@type\":\"Person\",\"@id\":\"https:\\\/\\\/gruene-wiesbaden.de\\\/#\\\/schema\\\/person\\\/6785c34779159cd4fd86886bb097afe9\",\"name\":\"admin\",\"sameAs\":[\"http:\\\/\\\/gruene-wiesbaden-fuer-europa.de\"],\"url\":\"https:\\\/\\\/gruene-wiesbaden.de\\\/pl\\\/author\\\/admin\\\/\"}]}<\/script>\n<!-- \/ Yoast SEO plugin. -->","yoast_head_json":{"title":"Inklusion und Barrierefreiheit - B\u00dcNDNIS 90\/DIE GR\u00dcNEN Wiesbaden","robots":{"index":"index","follow":"follow","max-snippet":"max-snippet:-1","max-image-preview":"max-image-preview:large","max-video-preview":"max-video-preview:-1"},"canonical":"https:\/\/gruene-wiesbaden.de\/pl\/inklusion-und-barrierefreiheit\/","og_locale":"pl_PL","og_type":"article","og_title":"Inklusion und Barrierefreiheit - B\u00dcNDNIS 90\/DIE GR\u00dcNEN Wiesbaden","og_url":"https:\/\/gruene-wiesbaden.de\/pl\/inklusion-und-barrierefreiheit\/","og_site_name":"B\u00dcNDNIS 90\/DIE GR\u00dcNEN Wiesbaden","article_publisher":"https:\/\/www.facebook.com\/gruene.wi","article_published_time":"2025-11-09T22:11:46+00:00","article_modified_time":"2026-04-09T08:29:24+00:00","og_image":[{"width":2560,"height":1435,"url":"https:\/\/gruene-wiesbaden.de\/wp-content\/uploads\/2025\/11\/2.3-Inklusion-und-Barrierefreiheit-scaled.jpeg","type":"image\/jpeg"}],"author":"admin","twitter_card":"summary_large_image","twitter_misc":{"Napisane przez":"admin","Szacowany czas czytania":"8 minutes"},"schema":{"@context":"https:\/\/schema.org","@graph":[{"@type":"Article","@id":"https:\/\/gruene-wiesbaden.de\/inklusion-und-barrierefreiheit\/#article","isPartOf":{"@id":"https:\/\/gruene-wiesbaden.de\/inklusion-und-barrierefreiheit\/"},"author":{"name":"admin","@id":"https:\/\/gruene-wiesbaden.de\/#\/schema\/person\/6785c34779159cd4fd86886bb097afe9"},"headline":"Inklusion und Barrierefreiheit","datePublished":"2025-11-09T22:11:46+00:00","dateModified":"2026-04-09T08:29:24+00:00","mainEntityOfPage":{"@id":"https:\/\/gruene-wiesbaden.de\/inklusion-und-barrierefreiheit\/"},"wordCount":2280,"publisher":{"@id":"https:\/\/gruene-wiesbaden.de\/#organization"},"image":{"@id":"https:\/\/gruene-wiesbaden.de\/inklusion-und-barrierefreiheit\/#primaryimage"},"thumbnailUrl":"https:\/\/gruene-wiesbaden.de\/wp-content\/uploads\/2025\/11\/2.3-Inklusion-und-Barrierefreiheit-scaled.jpeg","articleSection":["Kapitel 2"],"inLanguage":"pl-PL"},{"@type":"WebPage","@id":"https:\/\/gruene-wiesbaden.de\/inklusion-und-barrierefreiheit\/","url":"https:\/\/gruene-wiesbaden.de\/inklusion-und-barrierefreiheit\/","name":"Inklusion und Barrierefreiheit - B\u00dcNDNIS 90\/DIE GR\u00dcNEN Wiesbaden","isPartOf":{"@id":"https:\/\/gruene-wiesbaden.de\/#website"},"primaryImageOfPage":{"@id":"https:\/\/gruene-wiesbaden.de\/inklusion-und-barrierefreiheit\/#primaryimage"},"image":{"@id":"https:\/\/gruene-wiesbaden.de\/inklusion-und-barrierefreiheit\/#primaryimage"},"thumbnailUrl":"https:\/\/gruene-wiesbaden.de\/wp-content\/uploads\/2025\/11\/2.3-Inklusion-und-Barrierefreiheit-scaled.jpeg","datePublished":"2025-11-09T22:11:46+00:00","dateModified":"2026-04-09T08:29:24+00:00","breadcrumb":{"@id":"https:\/\/gruene-wiesbaden.de\/inklusion-und-barrierefreiheit\/#breadcrumb"},"inLanguage":"pl-PL","potentialAction":[{"@type":"ReadAction","target":["https:\/\/gruene-wiesbaden.de\/inklusion-und-barrierefreiheit\/"]}]},{"@type":"ImageObject","inLanguage":"pl-PL","@id":"https:\/\/gruene-wiesbaden.de\/inklusion-und-barrierefreiheit\/#primaryimage","url":"https:\/\/gruene-wiesbaden.de\/wp-content\/uploads\/2025\/11\/2.3-Inklusion-und-Barrierefreiheit-scaled.jpeg","contentUrl":"https:\/\/gruene-wiesbaden.de\/wp-content\/uploads\/2025\/11\/2.3-Inklusion-und-Barrierefreiheit-scaled.jpeg","width":2560,"height":1435},{"@type":"BreadcrumbList","@id":"https:\/\/gruene-wiesbaden.de\/inklusion-und-barrierefreiheit\/#breadcrumb","itemListElement":[{"@type":"ListItem","position":1,"name":"Startseite","item":"https:\/\/gruene-wiesbaden.de\/"},{"@type":"ListItem","position":2,"name":"Inklusion und Barrierefreiheit"}]},{"@type":"WebSite","@id":"https:\/\/gruene-wiesbaden.de\/#website","url":"https:\/\/gruene-wiesbaden.de\/","name":"DIE GR\u00dcNEN Wiesbaden","description":"","publisher":{"@id":"https:\/\/gruene-wiesbaden.de\/#organization"},"potentialAction":[{"@type":"SearchAction","target":{"@type":"EntryPoint","urlTemplate":"https:\/\/gruene-wiesbaden.de\/?s={search_term_string}"},"query-input":{"@type":"PropertyValueSpecification","valueRequired":true,"valueName":"search_term_string"}}],"inLanguage":"pl-PL"},{"@type":"Organization","@id":"https:\/\/gruene-wiesbaden.de\/#organization","name":"DIE GR\u00dcNEN Wiesbaden","url":"https:\/\/gruene-wiesbaden.de\/","logo":{"@type":"ImageObject","inLanguage":"pl-PL","@id":"https:\/\/gruene-wiesbaden.de\/#\/schema\/logo\/image\/","url":"https:\/\/gruene-wiesbaden-fuer-europa.de\/wp-content\/uploads\/2024\/04\/Machen-was-zaehlt-5.png","contentUrl":"https:\/\/gruene-wiesbaden-fuer-europa.de\/wp-content\/uploads\/2024\/04\/Machen-was-zaehlt-5.png","width":1772,"height":1772,"caption":"DIE GR\u00dcNEN Wiesbaden"},"image":{"@id":"https:\/\/gruene-wiesbaden.de\/#\/schema\/logo\/image\/"},"sameAs":["https:\/\/www.facebook.com\/gruene.wi","https:\/\/instagram.com\/gruene_wi"]},{"@type":"Person","@id":"https:\/\/gruene-wiesbaden.de\/#\/schema\/person\/6785c34779159cd4fd86886bb097afe9","name":"admin","sameAs":["http:\/\/gruene-wiesbaden-fuer-europa.de"],"url":"https:\/\/gruene-wiesbaden.de\/pl\/author\/admin\/"}]}},"_links":{"self":[{"href":"https:\/\/gruene-wiesbaden.de\/pl\/wp-json\/wp\/v2\/posts\/1353","targetHints":{"allow":["GET"]}}],"collection":[{"href":"https:\/\/gruene-wiesbaden.de\/pl\/wp-json\/wp\/v2\/posts"}],"about":[{"href":"https:\/\/gruene-wiesbaden.de\/pl\/wp-json\/wp\/v2\/types\/post"}],"author":[{"embeddable":true,"href":"https:\/\/gruene-wiesbaden.de\/pl\/wp-json\/wp\/v2\/users\/1"}],"replies":[{"embeddable":true,"href":"https:\/\/gruene-wiesbaden.de\/pl\/wp-json\/wp\/v2\/comments?post=1353"}],"version-history":[{"count":7,"href":"https:\/\/gruene-wiesbaden.de\/pl\/wp-json\/wp\/v2\/posts\/1353\/revisions"}],"predecessor-version":[{"id":2391,"href":"https:\/\/gruene-wiesbaden.de\/pl\/wp-json\/wp\/v2\/posts\/1353\/revisions\/2391"}],"wp:featuredmedia":[{"embeddable":true,"href":"https:\/\/gruene-wiesbaden.de\/pl\/wp-json\/wp\/v2\/media\/1549"}],"wp:attachment":[{"href":"https:\/\/gruene-wiesbaden.de\/pl\/wp-json\/wp\/v2\/media?parent=1353"}],"wp:term":[{"taxonomy":"category","embeddable":true,"href":"https:\/\/gruene-wiesbaden.de\/pl\/wp-json\/wp\/v2\/categories?post=1353"},{"taxonomy":"post_tag","embeddable":true,"href":"https:\/\/gruene-wiesbaden.de\/pl\/wp-json\/wp\/v2\/tags?post=1353"}],"curies":[{"name":"wp","href":"https:\/\/api.w.org\/{rel}","templated":true}]}}