{"id":1351,"date":"2025-11-10T00:10:26","date_gmt":"2025-11-09T22:10:26","guid":{"rendered":"https:\/\/gruene-wiesbaden.de\/?p=1351"},"modified":"2026-04-09T10:27:25","modified_gmt":"2026-04-09T08:27:25","slug":"gleichstellung-von-lgbtqia","status":"publish","type":"post","link":"https:\/\/gruene-wiesbaden.de\/pl\/gleichstellung-von-lgbtqia\/","title":{"rendered":"R\u00f3wno\u015b\u0107 os\u00f3b LGBTQIA*"},"content":{"rendered":"<section class=\"l-section wpb_row height_medium with_img\"><div class=\"l-section-img\" role=\"img\" data-img-width=\"1080\" data-img-height=\"800\" style=\"background-image: url(https:\/\/gruene-wiesbaden.de\/wp-content\/uploads\/2025\/11\/neuer-Verlauf-gruene-wiesbaden.de_-2-e1762709402177.png);\"><\/div><div class=\"l-section-overlay\" style=\"background:var(--color-header-top-transparent-bg)\"><\/div><div class=\"l-section-h i-cf\"><div class=\"g-cols vc_row via_grid cols_1 laptops-cols_inherit tablets-cols_inherit mobiles-cols_1 valign_top type_default stacking_default\"><div class=\"wpb_column vc_column_container\"><div class=\"vc_column-inner\"><h1 class=\"w-post-elm post_title us_custom_a574d586 has_text_color entry-title\">R\u00f3wno\u015b\u0107 os\u00f3b LGBTQIA*<\/h1><div class=\"w-separator size_medium\"><\/div><div class=\"g-cols wpb_row via_grid cols_2-1 laptops-cols_inherit tablets-cols_inherit mobiles-cols_1 valign_top type_default stacking_default\" style=\"--columns-gap:3rem;\"><div class=\"wpb_column vc_column_container\"><div class=\"vc_column-inner\"><div class=\"wpb_text_column us_custom_8b3d6790 has_text_color\"><div class=\"wpb_wrapper\"><p><span style=\"font-weight: 400;\">Otwarte, zr\u00f3\u017cnicowane i sprawiedliwe spo\u0142ecze\u0144stwo miejskie oznacza, \u017ce ludzie mog\u0105 prowadzi\u0107 bezpieczne, widoczne i samodzielne \u017cycie bez wzgl\u0119du na swoj\u0105 orientacj\u0119 seksualn\u0105 lub to\u017csamo\u015b\u0107 p\u0142ciow\u0105. Jednak w Wiesbaden osoby LGBTQIA* nadal do\u015bwiadczaj\u0105 dyskryminacji, niewidzialno\u015bci i wrogo\u015bci \u2013 w \u017cyciu codziennym, w przestrzeni publicznej lub w instytucjach. Dla nas ziele\u0144 jest jasna: R\u00f3wne prawa i uznanie nie podlegaj\u0105 negocjacjom. R\u00f3\u017cnorodno\u015b\u0107 wzmacnia nasz\u0105 demokracj\u0119 i sprawia, \u017ce Wiesbaden jest bardziej zno\u015bny dla wszystkich. Dlatego zale\u017cy nam na widoczno\u015bci, schroniskach, niedyskryminacyjnym uczestnictwie i silnych sieciach \u2013 od kultury i edukacji po administracj\u0119 i miejskie planowanie przestrzenne.<\/span><\/p>\n<\/div><\/div><div class=\"w-separator size_medium\"><\/div><div class=\"w-btn-wrapper align_left\"><a class=\"w-btn us-btn-style_8 icon_atleft\" href=\"https:\/\/gruene-wiesbaden.de\/pl\/kommunalwahl\/#Kapitel2\"><i class=\"fas fa-chevron-circle-right\"><\/i><span class=\"w-btn-label\">Powr\u00f3t do przegl\u0105du<\/span><\/a><\/div><\/div><\/div><div class=\"wpb_column vc_column_container\"><div class=\"vc_column-inner\"><div class=\"w-image align_center\"><div class=\"w-image-h\"><img decoding=\"async\" width=\"2560\" height=\"1707\" src=\"https:\/\/gruene-wiesbaden.de\/wp-content\/uploads\/2025\/11\/2.2-Gleichstellung-LGBTQAI-scaled.jpeg\" class=\"attachment-full size-full\" alt=\"\" loading=\"lazy\" srcset=\"https:\/\/gruene-wiesbaden.de\/wp-content\/uploads\/2025\/11\/2.2-Gleichstellung-LGBTQAI-scaled.jpeg 2560w, https:\/\/gruene-wiesbaden.de\/wp-content\/uploads\/2025\/11\/2.2-Gleichstellung-LGBTQAI-400x267.jpeg 400w, https:\/\/gruene-wiesbaden.de\/wp-content\/uploads\/2025\/11\/2.2-Gleichstellung-LGBTQAI-600x400.jpeg 600w\" sizes=\"auto, (max-width: 2560px) 100vw, 2560px\" \/><\/div><\/div><div class=\"w-separator size_small\"><\/div><\/div><\/div><\/div><div class=\"w-separator size_medium\"><\/div><div class=\"w-separator size_medium\"><\/div><div class=\"wpb_text_column\"><div class=\"wpb_wrapper\"><h1>Co oznacza dla nas r\u00f3wno\u015b\u0107 LGBTQIA<\/h1>\n<\/div><\/div><div class=\"w-separator size_large\"><\/div><div class=\"g-cols wpb_row via_grid cols_3 laptops-cols_inherit tablets-cols_inherit mobiles-cols_1 valign_top type_default stacking_default\" style=\"--columns-gap:3rem;\"><div class=\"wpb_column vc_column_container\"><div class=\"vc_column-inner\"><div class=\"w-iconbox us_custom_8b3d6790 has_text_color iconpos_left style_default color_custom align_left\"><div class=\"w-iconbox-icon\" style=\"font-size:2rem;--icon-color:#Ffffff;--icon-bg-color:var(--color-header-middle-bg);\"><i class=\"fas fa-layer-group\"><\/i><\/div><div class=\"w-iconbox-meta\"><h4 class=\"w-iconbox-title\" style=\"font-size:1.5rem;\">Promowanie kultury i CDPW<\/h4><div class=\"w-iconbox-text\"><p><span style=\"font-weight: 400;\">Queerowe oferty kulturalne i CSD s\u0105 wa\u017cnymi oznakami widoczno\u015bci \u2013 zas\u0142uguj\u0105 na niezawodne wsparcie.<\/span><\/p>\n<\/div><\/div><\/div><\/div><\/div><div class=\"wpb_column vc_column_container\"><div class=\"vc_column-inner\"><div class=\"w-iconbox us_custom_8b3d6790 has_text_color iconpos_left style_default color_custom align_left\"><div class=\"w-iconbox-icon\" style=\"font-size:2rem;--icon-color:#Ffffff;--icon-bg-color:var(--color-header-transparent-text);\"><i class=\"fas fa-layer-group\"><\/i><\/div><div class=\"w-iconbox-meta\"><h4 class=\"w-iconbox-title\" style=\"font-size:1.5rem;\">Ochrona zdrowia<\/h4><div class=\"w-iconbox-text\"><p><span style=\"font-weight: 400;\">Oparte na potrzebach us\u0142ugi zdrowotne i doradcze dla os\u00f3b LGBTQIA* s\u0105 warunkiem wst\u0119pnym r\u00f3wnych szans.<\/span><\/p>\n<\/div><\/div><\/div><\/div><\/div><div class=\"wpb_column vc_column_container\"><div class=\"vc_column-inner\"><div class=\"w-iconbox us_custom_8b3d6790 has_text_color iconpos_left style_default color_custom align_left\"><div class=\"w-iconbox-icon\" style=\"font-size:2rem;--icon-color:#Ffffff;--icon-bg-color:var(--color-header-transparent-text);\"><i class=\"fas fa-layer-group\"><\/i><\/div><div class=\"w-iconbox-meta\"><h4 class=\"w-iconbox-title\" style=\"font-size:1.5rem;\">Promowanie m\u0142odzie\u017cy<\/h4><div class=\"w-iconbox-text\"><p><span style=\"font-weight: 400;\">Queer m\u0142odzi ludzie potrzebuj\u0105 bezpiecznych przestrzeni, porad i ofert, kt\u00f3re umo\u017cliwiaj\u0105 akceptacj\u0119 i uczestnictwo.<\/span><\/p>\n<\/div><\/div><\/div><\/div><\/div><\/div><div class=\"w-separator size_medium\"><\/div><div class=\"g-cols wpb_row via_grid cols_3 laptops-cols_inherit tablets-cols_inherit mobiles-cols_1 valign_top type_default stacking_default\" style=\"--columns-gap:3rem;\"><div class=\"wpb_column vc_column_container\"><div class=\"vc_column-inner\"><div class=\"w-iconbox us_custom_8b3d6790 has_text_color iconpos_left style_default color_custom align_left\"><div class=\"w-iconbox-icon\" style=\"font-size:2rem;--icon-color:#Ffffff;--icon-bg-color:var(--color-header-middle-bg);\"><i class=\"fas fa-layer-group\"><\/i><\/div><div class=\"w-iconbox-meta\"><h4 class=\"w-iconbox-title\" style=\"font-size:1.5rem;\">Walka z dyskryminacj\u0105<\/h4><div class=\"w-iconbox-text\"><p><span style=\"font-weight: 400;\">Sprzeciwiamy si\u0119 wrogo\u015bci i tworzymy struktury gwarantuj\u0105ce ochron\u0119 i wsparcie.<\/span><\/p>\n<\/div><\/div><\/div><\/div><\/div><div class=\"wpb_column vc_column_container\"><div class=\"vc_column-inner\"><div class=\"w-iconbox us_custom_8b3d6790 has_text_color iconpos_left style_default color_custom align_left\"><div class=\"w-iconbox-icon\" style=\"font-size:2rem;--icon-color:#Ffffff;--icon-bg-color:var(--color-header-transparent-text);\"><i class=\"fas fa-layer-group\"><\/i><\/div><div class=\"w-iconbox-meta\"><h4 class=\"w-iconbox-title\" style=\"font-size:1.5rem;\">Wzmocnienie widoczno\u015bci<\/h4><div class=\"w-iconbox-text\"><p><span style=\"font-weight: 400;\">R\u00f3\u017cnorodno\u015b\u0107 jest sercem miasta \u2013 LGBTQIA* musi by\u0107 widoczna i ceniona w Wiesbaden.<\/span><\/p>\n<\/div><\/div><\/div><\/div><\/div><div class=\"wpb_column vc_column_container\"><div class=\"vc_column-inner\"><\/div><\/div><\/div><div class=\"w-separator size_medium\"><\/div><div class=\"w-btn-wrapper align_left\"><a class=\"w-btn us-btn-style_8 icon_atleft\" href=\"https:\/\/gruene-wiesbaden.de\/pl\/kommunalwahl\/#Kapitel2\"><i class=\"fas fa-chevron-circle-right\"><\/i><span class=\"w-btn-label\">Powr\u00f3t do przegl\u0105du<\/span><\/a><\/div><div class=\"w-separator size_medium\"><\/div><\/div><\/div><\/div><\/div><\/section><section class=\"l-section wpb_row height_auto with_img\"><div class=\"l-section-img\" role=\"img\" data-img-width=\"2560\" data-img-height=\"1707\" style=\"background-image: url(https:\/\/gruene-wiesbaden.de\/wp-content\/uploads\/2025\/11\/2.2-Gleichstellung-LGBTQAI-scaled.jpeg);background-repeat: no-repeat;\"><\/div><div class=\"l-section-overlay\" style=\"background:var(--color-header-top-transparent-bg)\"><\/div><div class=\"l-section-h i-cf\"><div class=\"g-cols vc_row via_grid cols_1 laptops-cols_inherit tablets-cols_inherit mobiles-cols_1 valign_middle type_default stacking_default\" style=\"--columns-gap:1rem;\"><div class=\"wpb_column vc_column_container\"><div class=\"vc_column-inner\"><div class=\"w-separator size_large\"><\/div><div class=\"wpb_text_column background_inside_text\"><div class=\"wpb_wrapper\"><h1>Co chcemy zrobi\u0107 konkretnie w tej dziedzinie<\/h1>\n<\/div><\/div><div class=\"w-separator size_medium\"><\/div><div class=\"w-tabs us_custom_42d693a0 has_text_color style_default switch_click accordion has_scrolling\" style=\"--sections-title-size:1.4rem\"><div class=\"w-tabs-sections titles-align_none icon_chevron cpos_right\"><div class=\"w-tabs-section has_text_color\" id=\"u28e\" style=\"background:var(--color-header-transparent-text);color:var(--color-header-top-text-hover);\"><button class=\"w-tabs-section-header\" aria-controls=\"content-u28e\" aria-expanded=\"false\"><div class=\"w-tabs-section-title\">Obiekty neutralne pod wzgl\u0119dem p\u0142ci w budynkach publicznych<\/div><div class=\"w-tabs-section-control\"><\/div><\/button><div  class=\"w-tabs-section-content\" id=\"content-u28e\"><div class=\"w-tabs-section-content-h i-cf\"><div class=\"wpb_text_column\"><div class=\"wpb_wrapper\"><p><span style=\"font-weight: 400;\">Zobowi\u0105zujemy si\u0119 do zapewnienia, aby wszystkie budynki publiczne w mie\u015bcie mia\u0142y neutralne pod wzgl\u0119dem p\u0142ci pomieszczenia, w tym toalety i, w razie potrzeby, przebieralnie. Dla wielu os\u00f3b nale\u017c\u0105cych do spo\u0142eczno\u015bci LGBTQIA* oznacza to widoczne uznanie, bezpiecze\u0144stwo i samostanowienie: Mog\u0105 korzysta\u0107 z udogodnie\u0144 bez obawy przed dyskryminacj\u0105, wrogo\u015bci\u0105 lub nieprzyjemnymi sytuacjami. Przestrzenie te s\u0105 konkretnym znakiem integracji i szacunku oraz promuj\u0105 otwarte, zr\u00f3\u017cnicowane wsp\u00f3\u0142istnienie w administracji, szko\u0142ach, obiektach kulturalnych i sportowych.<\/span><\/p>\n<\/div><\/div><\/div><\/div><\/div><div class=\"w-tabs-section has_text_color\" id=\"v3ae\" style=\"background:var(--color-header-transparent-text);color:var(--color-header-top-text-hover);\"><button class=\"w-tabs-section-header\" aria-controls=\"content-v3ae\" aria-expanded=\"false\"><div class=\"w-tabs-section-title\">Rzetelna promocja CDPW<\/div><div class=\"w-tabs-section-control\"><\/div><\/button><div  class=\"w-tabs-section-content\" id=\"content-v3ae\"><div class=\"w-tabs-section-content-h i-cf\"><div class=\"wpb_text_column\"><div class=\"wpb_wrapper\"><p><span style=\"font-weight: 400;\">Zabezpieczamy wsparcie finansowe Christopher Street Day w Wiesbaden. CSD przypomina o historycznej walce spo\u0142eczno\u015bci LGBTQIA* o r\u00f3wno\u015b\u0107 i dyskryminacj\u0119 \u2013 globalnego symbolu widoczno\u015bci, uznania i r\u00f3\u017cnorodno\u015bci od czasu zamieszek w Stonewall w 1969 r. Szczeg\u00f3lnie w obliczu zmiany spo\u0142ecznej w prawo wa\u017cne jest, aby miasto pokaza\u0142o swoje nastawienie i wspiera\u0142o spo\u0142eczno\u015b\u0107 \u2013 nawet je\u015bli niekt\u00f3re firmy rezygnuj\u0105 ze sponsorowania. Udzielaj\u0105c niezawodnego wsparcia, wysy\u0142amy silny sygna\u0142 solidarno\u015bci, praw cz\u0142owieka i uczestnictwa w \u017cyciu spo\u0142ecznym.<\/span><\/p>\n<\/div><\/div><\/div><\/div><\/div><div class=\"w-tabs-section has_text_color\" id=\"z4c9\" style=\"background:var(--color-header-transparent-text);color:var(--color-header-top-text-hover);\"><button class=\"w-tabs-section-header\" aria-controls=\"content-z4c9\" aria-expanded=\"false\"><div class=\"w-tabs-section-title\">Promowanie o\u015brodk\u00f3w doradztwa<\/div><div class=\"w-tabs-section-control\"><\/div><\/button><div  class=\"w-tabs-section-content\" id=\"content-z4c9\"><div class=\"w-tabs-section-content-h i-cf\"><div class=\"wpb_text_column\"><div class=\"wpb_wrapper\"><p><span style=\"font-weight: 400;\">Wspieramy doradztwo queerowe i us\u0142ugi wsparcia, takie jak SCHLAU Wiesbaden. S\u0105 one wa\u017cnymi punktami kontaktowymi ds. walki z dyskryminacj\u0105 i upodmiotowienia. Wska\u017aniki samob\u00f3jstw w\u015br\u00f3d queer m\u0142odych ludzi s\u0105 nadal znacznie wy\u017csze \u2013 tutaj chcemy aktywnie przeciwdzia\u0142a\u0107. Dlatego jeste\u015bmy zobowi\u0105zani do zapewnienia profilaktyki i samopomocy oraz promowania inicjatyw edukacyjnych w szko\u0142ach. Dzi\u0119ki tym \u015brodkom tworzymy bezpiecze\u0144stwo, schroniska i perspektywy dla queer m\u0142odych ludzi oraz wzmacniamy ich udzia\u0142 w \u017cyciu spo\u0142ecznym.<\/span><\/p>\n<\/div><\/div><\/div><\/div><\/div><div class=\"w-tabs-section has_text_color\" id=\"j5e2\" style=\"background:var(--color-header-middle-bg);color:var(--color-content-heading);\"><button class=\"w-tabs-section-header\" aria-controls=\"content-j5e2\" aria-expanded=\"false\"><div class=\"w-tabs-section-title\">Promowanie przestrzeni dla m\u0142odzie\u017cy Queer<\/div><div class=\"w-tabs-section-control\"><\/div><\/button><div  class=\"w-tabs-section-content\" id=\"content-j5e2\"><div class=\"w-tabs-section-content-h i-cf\"><div class=\"wpb_text_column\"><div class=\"wpb_wrapper\"><p><span style=\"font-weight: 400;\">Tworzymy bezpieczne przestrzenie, w kt\u00f3rych queer m\u0142odzi ludzie mog\u0105 sp\u0119dza\u0107 wolny czas, otrzymywa\u0107 porady i rozwija\u0107 si\u0119 w okre\u015blony spos\u00f3b. Przestrzenie te maj\u0105 kluczowe znaczenie dla wzmocnienia pozycji, pewno\u015bci siebie i uczestnictwa w \u017cyciu spo\u0142ecznym, zw\u0142aszcza w czasach, gdy queerowi m\u0142odzi ludzie nadal do\u015bwiadczaj\u0105 dyskryminacji i wykluczenia. Wsp\u00f3lnie z lokaln\u0105 spo\u0142eczno\u015bci\u0105 chcemy opracowywa\u0107 oferty dostosowane do potrzeb m\u0142odych ludzi w Wiesbaden. W ten spos\u00f3b promujemy akceptacj\u0119 od najm\u0142odszych lat i dajemy m\u0142odym ludziom bezpiecze\u0144stwo bycia sob\u0105.<\/span><\/p>\n<\/div><\/div><\/div><\/div><\/div><div class=\"w-tabs-section has_text_color\" id=\"r716\" style=\"background:var(--color-header-transparent-text);color:var(--color-header-top-text-hover);\"><button class=\"w-tabs-section-header\" aria-controls=\"content-r716\" aria-expanded=\"false\"><div class=\"w-tabs-section-title\">Promowanie projekt\u00f3w w szko\u0142ach za po\u015brednictwem centr\u00f3w doradztwa queer<\/div><div class=\"w-tabs-section-control\"><\/div><\/button><div  class=\"w-tabs-section-content\" id=\"content-r716\"><div class=\"w-tabs-section-content-h i-cf\"><div class=\"wpb_text_column\"><div class=\"wpb_wrapper\"><p><span style=\"font-weight: 400;\">Projekty edukacyjne mog\u0105 pom\u00f3c szko\u0142om zmniejszy\u0107 uprzedzenia wobec os\u00f3b ze spo\u0142eczno\u015bci queer, a tym samym zapobiec d\u0142ugotrwa\u0142ej przemocy wobec os\u00f3b queer. Jednocze\u015bnie takie projekty mog\u0105 pom\u00f3c m\u0142odym ludziom w znalezieniu odpowiednich us\u0142ug doradczych w spo\u0142ecze\u0144stwie miejskim.<\/span><\/p>\n<\/div><\/div><\/div><\/div><\/div><div class=\"w-tabs-section has_text_color\" id=\"y830\" style=\"background:var(--color-header-middle-bg);color:var(--color-header-middle-text);\"><button class=\"w-tabs-section-header\" aria-controls=\"content-y830\" aria-expanded=\"false\"><div class=\"w-tabs-section-title\">Promowanie widoczno\u015bci \u017cycia queer w mie\u015bcie<\/div><div class=\"w-tabs-section-control\"><\/div><\/button><div  class=\"w-tabs-section-content\" id=\"content-y830\"><div class=\"w-tabs-section-content-h i-cf\"><div class=\"wpb_text_column\"><div class=\"wpb_wrapper\"><p><span style=\"font-weight: 400;\">\u017bycie queerowe powinno sta\u0107 si\u0119 jeszcze bardziej widoczne w pejza\u017cu miejskim, dlatego prowadzili\u015bmy kampani\u0119 na rzecz podniesienia t\u0119czowej flagi na budynkach u\u017cyteczno\u015bci publicznej i chcemy stworzy\u0107 wy\u017csz\u0105 reprezentacj\u0119 w pejza\u017cu Wiesbaden, na przyk\u0142ad przez queerowe pary sygnalizacji \u015bwietlnej, t\u0119czowe \u0142awki i t\u0119czowe paski zebry. Ponadto dok\u0142adamy wszelkich stara\u0144, aby miejskie publikacje i kampanie reklamowe przedstawia\u0142y r\u00f3wnie\u017c realia \u017cycia os\u00f3b LGBTQIA*, niezale\u017cnie od tematu.<\/span><\/p>\n<\/div><\/div><\/div><\/div><\/div><div class=\"w-tabs-section has_text_color\" id=\"e949\" style=\"background:var(--color-header-transparent-text);color:var(--color-header-top-text-hover);\"><button class=\"w-tabs-section-header\" aria-controls=\"content-e949\" aria-expanded=\"false\"><div class=\"w-tabs-section-title\">Zr\u00f3wnowa\u017cona promocja us\u0142ug doradztwa i wsparcia<\/div><div class=\"w-tabs-section-control\"><\/div><\/button><div  class=\"w-tabs-section-content\" id=\"content-e949\"><div class=\"w-tabs-section-content-h i-cf\"><div class=\"wpb_text_column\"><div class=\"wpb_wrapper\"><p><span style=\"font-weight: 400;\">Stowarzyszenia i stowarzyszenia wykonuj\u0105 niezb\u0119dn\u0105 prac\u0119, na przyk\u0142ad doradzaj\u0105c, zapobiegaj\u0105c i towarzysz\u0105c osobom \u017cyj\u0105cym z HIV i AIDS oraz ich rodzinom. Stanowi\u0105 one punkt kompleksowej obs\u0142ugi spo\u0142eczno\u015bci LGBTQIA* i wype\u0142niaj\u0105 wa\u017cne zadania spo\u0142eczne. Jeste\u015bmy zobowi\u0105zani do ci\u0105g\u0142ego i niezawodnego wsparcia finansowego dla tych organizacji, takich jak Pro Familia e.V. i AIDS-Hilfe Wiesbaden.<\/span><\/p>\n<\/div><\/div><\/div><\/div><\/div><div class=\"w-tabs-section has_text_color\" id=\"oa85\" style=\"background:var(--color-header-transparent-text);color:var(--color-header-top-text-hover);\"><button class=\"w-tabs-section-header\" aria-controls=\"content-oa85\" aria-expanded=\"false\"><div class=\"w-tabs-section-title\">Wzmocnienie i uczynienie widocznymi os\u00f3b queer w podesz\u0142ym wieku<\/div><div class=\"w-tabs-section-control\"><\/div><\/button><div  class=\"w-tabs-section-content\" id=\"content-oa85\"><div class=\"w-tabs-section-content-h i-cf\"><div class=\"wpb_text_column\"><div class=\"wpb_wrapper\"><p><span style=\"font-weight: 400;\">Starsi ludzie w spo\u0142eczno\u015bci LGBTQIA* cz\u0119sto ci\u0119\u017cko walczyli o akceptacj\u0119 i widoczno\u015b\u0107. Dorastali w \u015brodowisku, kt\u00f3re opr\u00f3cz stygmatyzacji spo\u0142ecznej ogranicza\u0142o ich r\u00f3wnie\u017c prawo. Cz\u0119sto to odrzucenie ma wp\u0142yw na dzie\u0144 dzisiejszy i zapewnia, \u017ce starsi queer ludzie ukrywaj\u0105 swoj\u0105 to\u017csamo\u015b\u0107. Wsp\u00f3lnie z Komitetem Doradczym Senior\u00f3w, stowarzyszeniami queer i Centrum Koordynacji LSBT*IQ chcemy opracowa\u0107 koncepcje, kt\u00f3re wzmocni\u0105 i uwidoczni\u0105 osoby queer w podesz\u0142ym wieku. Ponadto pracownicy plac\u00f3wek opieki miejskiej maj\u0105 by\u0107 specjalnie przeszkoleni w radzeniu sobie z queerowymi realiami \u017cycia na staro\u015b\u0107.<\/span><\/p>\n<\/div><\/div><\/div><\/div><\/div><\/div><\/div><div class=\"w-separator size_medium\"><\/div><div class=\"w-btn-wrapper align_left\"><a class=\"w-btn us-btn-style_8 icon_atleft\" href=\"https:\/\/gruene-wiesbaden.de\/pl\/kommunalwahl\/#Kapitel2\"><i class=\"fas fa-chevron-circle-right\"><\/i><span class=\"w-btn-label\">Powr\u00f3t do przegl\u0105du<\/span><\/a><\/div><div class=\"w-separator size_large\"><\/div><div class=\"wpb_text_column\"><div class=\"wpb_wrapper\"><h1>Co ju\u017c osi\u0105gn\u0119li\u015bmy<\/h1>\n<\/div><\/div><div class=\"w-separator size_medium\"><\/div><div class=\"w-tabs us_custom_42d693a0 has_text_color style_default switch_click accordion has_scrolling\" style=\"--sections-title-size:1.4rem\"><div class=\"w-tabs-sections titles-align_none icon_chevron cpos_right\"><div class=\"w-tabs-section has_text_color\" id=\"wc19\" style=\"background:var(--color-header-transparent-text);color:var(--color-header-top-text-hover);\"><button class=\"w-tabs-section-header\" aria-controls=\"content-wc19\" aria-expanded=\"false\"><div class=\"w-tabs-section-title\">Sie\u0107 Queer w administracji miasta<\/div><div class=\"w-tabs-section-control\"><\/div><\/button><div  class=\"w-tabs-section-content\" id=\"content-wc19\"><div class=\"w-tabs-section-content-h i-cf\"><div class=\"wpb_text_column\"><div class=\"wpb_wrapper\"><p><span style=\"font-weight: 400;\">Stworzyli\u015bmy sie\u0107 queer w administracji miasta Wiesbaden. Promuje wymian\u0119 pracownik\u00f3w LGBTQIA*, wspiera wdra\u017canie \u015brodk\u00f3w sprzyjaj\u0105cych w\u0142\u0105czeniu spo\u0142ecznemu i zapewnia uwzgl\u0119dnienie queerowych obaw we wszystkich decyzjach. W ten spos\u00f3b tworzymy widoczne, niedyskryminuj\u0105ce \u015brodowisko pracy oraz wzmacniamy prawa i uznanie os\u00f3b queer w administracji. Sie\u0107 ta jest wyra\u017anym sukcesem dla r\u00f3\u017cnorodno\u015bci, r\u00f3wno\u015bci i uczestnictwa w Wiesbaden.<\/span><\/p>\n<\/div><\/div><\/div><\/div><\/div><div class=\"w-tabs-section has_text_color\" id=\"rd34\" style=\"background:var(--color-header-transparent-text);color:var(--color-header-top-text-hover);\"><button class=\"w-tabs-section-header\" aria-controls=\"content-rd34\" aria-expanded=\"false\"><div class=\"w-tabs-section-title\">Zabezpieczenie CDPW w 2025 r. pomimo zwi\u0119kszonych koszt\u00f3w<\/div><div class=\"w-tabs-section-control\"><\/div><\/button><div  class=\"w-tabs-section-content\" id=\"content-rd34\"><div class=\"w-tabs-section-content-h i-cf\"><div class=\"wpb_text_column\"><div class=\"wpb_wrapper\"><p><span style=\"font-weight: 400;\">Zwi\u0119kszyli\u015bmy bud\u017cet Christopher Street Day w 2025 r., aby pokry\u0107 zwi\u0119kszone koszty, a tym samym przyczynili\u015bmy si\u0119 do tego, \u017ce pomimo spadku sponsor\u00f3w CDPW w Wiesbaden mog\u0142o mie\u0107 miejsce. Udzielaj\u0105c niezawodnego wsparcia, wysy\u0142amy silny sygna\u0142 solidarno\u015bci, praw cz\u0142owieka i uczestnictwa w \u017cyciu spo\u0142ecznym.<\/span><\/p>\n<\/div><\/div><\/div><\/div><\/div><div class=\"w-tabs-section has_text_color\" id=\"le6c\" style=\"background:var(--color-header-transparent-text);color:var(--color-header-top-text-hover);\"><button class=\"w-tabs-section-header\" aria-controls=\"content-le6c\" aria-expanded=\"false\"><div class=\"w-tabs-section-title\">IDAHOBIT \u2013 Zwi\u0119kszenie widoczno\u015bci i akceptacji<\/div><div class=\"w-tabs-section-control\"><\/div><\/button><div  class=\"w-tabs-section-content\" id=\"content-le6c\"><div class=\"w-tabs-section-content-h i-cf\"><div class=\"wpb_text_column\"><div class=\"wpb_wrapper\"><p><span style=\"font-weight: 400;\">Zabezpieczyli\u015bmy i wsparli\u015bmy finansowo realizacj\u0119 Mi\u0119dzynarodowego Dnia Walki z Homofobi\u0105, Bifobi\u0105, Interfobi\u0105 i Transfobi\u0105 (IDAHOBIT) w Wiesbaden. Wydarzenie to uwidacznia interesy spo\u0142eczno\u015bci LGBTQIA+, wysy\u0142a wyra\u017any sygna\u0142 przeciwko dyskryminacji i promuje uznanie, r\u00f3\u017cnorodno\u015b\u0107 i uczestnictwo w \u017cyciu spo\u0142ecznym. Dzi\u0119ki naszemu wsparciu IDAHOBIT sta\u0142 si\u0119 sta\u0142ym forum publicznym, kt\u00f3re umo\u017cliwia wzmocnienie pozycji, wymian\u0119 i podnoszenie \u015bwiadomo\u015bci w spo\u0142ecze\u0144stwie miejskim.<\/span><\/p>\n<\/div><\/div><\/div><\/div><\/div><div class=\"w-tabs-section has_text_color\" id=\"if84\" style=\"background:var(--color-header-middle-bg);color:var(--color-content-heading);\"><button class=\"w-tabs-section-header\" aria-controls=\"content-if84\" aria-expanded=\"false\"><div class=\"w-tabs-section-title\">Promowanie m\u0142odzie\u017cy queer: Ptaki dumy (Warmes Wiesbaden e.V.)<\/div><div class=\"w-tabs-section-control\"><\/div><\/button><div  class=\"w-tabs-section-content\" id=\"content-if84\"><div class=\"w-tabs-section-content-h i-cf\"><div class=\"wpb_text_column\"><div class=\"wpb_wrapper\"><p><span style=\"font-weight: 400;\">Wspierali\u015bmy prac\u0119 Warmes Wiesbaden e.V., aby m\u0142odzi ludzie w grupie m\u0142odzie\u017cowej \u201ePtaki Dumy\u201d mogli wymienia\u0107 si\u0119 pomys\u0142ami, otrzymywa\u0107 wsparcie i swobodnie rozwija\u0107 swoj\u0105 to\u017csamo\u015b\u0107. Nasze wsparcie polityczne zapewni\u0142o niezb\u0119dne warunki ramowe i zasoby. W ten spos\u00f3b tworzymy chronion\u0105 przestrze\u0144 dla wzmocnienia pozycji, tworzenia sieci kontakt\u00f3w i uczestnictwa oraz wzmacniamy widoczno\u015b\u0107 i akceptacj\u0119 queer m\u0142odych ludzi w Wiesbaden.<\/span><\/p>\n<\/div><\/div><\/div><\/div><\/div><div class=\"w-tabs-section has_text_color\" id=\"f09b\" style=\"background:var(--color-header-transparent-text);color:var(--color-header-top-text-hover);\"><button class=\"w-tabs-section-header\" aria-controls=\"content-f09b\" aria-expanded=\"false\"><div class=\"w-tabs-section-title\">Queeres Zentrum Wiesbaden e.V. wzmocnione<\/div><div class=\"w-tabs-section-control\"><\/div><\/button><div  class=\"w-tabs-section-content\" id=\"content-f09b\"><div class=\"w-tabs-section-content-h i-cf\"><div class=\"wpb_text_column\"><div class=\"wpb_wrapper\"><p><span style=\"font-weight: 400;\">Dostarczyli\u015bmy Queeren Zentrum Wiesbaden (QZ e.V.) rozwi\u0105zanie tymczasowe i umo\u017cliwili\u015bmy przeniesienie si\u0119 do sal ko\u0144cowych do ko\u0144ca 2025 r. Centrum oferuje bezpieczne miejsce na porady, wypoczynek, networking i wzmocnienie spo\u0142eczno\u015bci queer. Dzi\u0119ki naszemu wsparciu politycznemu mo\u017cna by\u0142o zabezpieczy\u0107 pomieszczenia, sprz\u0119t i dzia\u0142alno\u015b\u0107 operacyjn\u0105. W ten spos\u00f3b tworzymy widoczne, chronione punkty kontaktowe, wzmacniamy udzia\u0142 os\u00f3b queer i promujemy zr\u00f3\u017cnicowany, otwarty Wiesbaden.<\/span><\/p>\n<\/div><\/div><\/div><\/div><\/div><div class=\"w-tabs-section has_text_color\" id=\"l1ba\" style=\"background:var(--color-header-transparent-text);color:var(--color-header-top-text-hover);\"><button class=\"w-tabs-section-header\" aria-controls=\"content-l1ba\" aria-expanded=\"false\"><div class=\"w-tabs-section-title\">Wzmocnienie jednostki koordynuj\u0105cej LSBT*IQ<\/div><div class=\"w-tabs-section-control\"><\/div><\/button><div  class=\"w-tabs-section-content\" id=\"content-l1ba\"><div class=\"w-tabs-section-content-h i-cf\"><div class=\"wpb_text_column\"><div class=\"wpb_wrapper\"><p><span style=\"font-weight: 400;\">Wprowadzili\u015bmy w \u017cycie i zaj\u0119li\u015bmy drugie stanowisko w Jednostce Koordynacyjnej LGBT*IQ. W rezultacie mo\u017cna szybciej rozwia\u0107 obawy spo\u0142eczno\u015bci queer, wdro\u017cy\u0107 \u015brodki i zapewni\u0107 trwa\u0142\u0105 ochron\u0119, widoczno\u015b\u0107 i uczestnictwo.<\/span><\/p>\n<\/div><\/div><\/div><\/div><\/div><div class=\"w-tabs-section has_text_color\" id=\"z2cf\" style=\"background:var(--color-header-transparent-text);color:var(--color-header-top-text-hover);\"><button class=\"w-tabs-section-header\" aria-controls=\"content-z2cf\" aria-expanded=\"false\"><div class=\"w-tabs-section-title\">Okr\u0105g\u0142y st\u00f3\u0142 LSBT*IQ<\/div><div class=\"w-tabs-section-control\"><\/div><\/button><div  class=\"w-tabs-section-content\" id=\"content-z2cf\"><div class=\"w-tabs-section-content-h i-cf\"><div class=\"wpb_text_column\"><div class=\"wpb_wrapper\"><p><span style=\"font-weight: 400;\">Zorganizowali\u015bmy okr\u0105g\u0142y st\u00f3\u0142 LSBT*IQ raz na kwarta\u0142. Tutaj administracja, polityka i spo\u0142eczno\u015b\u0107 wymieniaj\u0105 si\u0119 informacjami na bie\u017c\u0105ce tematy i wsp\u00f3lnie opracowuj\u0105 \u015brodki maj\u0105ce na celu popraw\u0119 widoczno\u015bci, ochrony i r\u00f3wno\u015bci.<\/span><\/p>\n<\/div><\/div><\/div><\/div><\/div><div class=\"w-tabs-section has_text_color\" id=\"f3e3\" style=\"background:var(--color-header-transparent-text);color:var(--color-header-top-text-hover);\"><button class=\"w-tabs-section-header\" aria-controls=\"content-f3e3\" aria-expanded=\"false\"><div class=\"w-tabs-section-title\">Konferencja na temat przemocy<\/div><div class=\"w-tabs-section-control\"><\/div><\/button><div  class=\"w-tabs-section-content\" id=\"content-f3e3\"><div class=\"w-tabs-section-content-h i-cf\"><div class=\"wpb_text_column\"><div class=\"wpb_wrapper\"><p><span style=\"font-weight: 400;\">Zainicjowali\u015bmy sympozjum na temat przemocy wobec os\u00f3b LGBTQIA*. Specjali\u015bci i organizacje wymieniaj\u0105 pogl\u0105dy w celu poprawy \u015brodk\u00f3w ochrony i skuteczniejszego zapobiegania przemocy i dyskryminacji.<\/span><\/p>\n<\/div><\/div><\/div><\/div><\/div><div class=\"w-tabs-section has_text_color\" id=\"k4fd\" style=\"background:var(--color-header-transparent-text);color:var(--color-header-top-text-hover);\"><button class=\"w-tabs-section-header\" aria-controls=\"content-k4fd\" aria-expanded=\"false\"><div class=\"w-tabs-section-title\">T\u0119czowi uchod\u017acy wspierani<\/div><div class=\"w-tabs-section-control\"><\/div><\/button><div  class=\"w-tabs-section-content\" id=\"content-k4fd\"><div class=\"w-tabs-section-content-h i-cf\"><div class=\"wpb_text_column\"><div class=\"wpb_wrapper\"><p><span style=\"font-weight: 400;\">Zapewnili\u015bmy, \u017ce queer uchod\u017acy w Wiesbaden s\u0105 widocznie wspierani i dobrze zintegrowani. Poprzez decyzje polityczne promowali\u015bmy wsp\u00f3\u0142prac\u0119 mi\u0119dzy miastem, AIDS-Hilfe Hessen i innymi organizacjami. Projekt Rainbow Refugee Support zapewnia doradztwo, wsparcie w procedurach azylowych, wsparcie psychospo\u0142eczne i oferty grupowe w celu zapobiegania izolacji. My, Zieloni, stworzyli\u015bmy ramy dla queer uchod\u017ac\u00f3w, aby do\u015bwiadczy\u0107 ochrony, upodmiotowienia i uczestnictwa w naszym mie\u015bcie.<\/span><\/p>\n<\/div><\/div><\/div><\/div><\/div><div class=\"w-tabs-section has_text_color\" id=\"l630\" style=\"background:var(--color-header-transparent-text);color:var(--color-header-top-text-hover);\"><button class=\"w-tabs-section-header\" aria-controls=\"content-l630\" aria-expanded=\"false\"><div class=\"w-tabs-section-title\">Uwidocznienie r\u00f3\u017cnorodno\u015bci w Wiesbaden<\/div><div class=\"w-tabs-section-control\"><\/div><\/button><div  class=\"w-tabs-section-content\" id=\"content-l630\"><div class=\"w-tabs-section-content-h i-cf\"><div class=\"wpb_text_column\"><div class=\"wpb_wrapper\"><p><span style=\"font-weight: 400;\">Wyznaczyli\u015bmy znaki: T\u0119czowy pas zebry i t\u0119czowy kr\u0105g sprawiaj\u0105, \u017ce r\u00f3\u017cnorodno\u015b\u0107 naszego miasta jest widoczna. S\u0105 one konkretnymi symbolami akceptacji, widoczno\u015bci i r\u00f3wno\u015bci i pokazuj\u0105, \u017ce Wiesbaden jest miastem otwartym dla os\u00f3b LGBTQIA*. Te stale widoczne znaki wzmacniaj\u0105 pewno\u015b\u0107 siebie spo\u0142eczno\u015bci i uwra\u017cliwiaj\u0105 ca\u0142e spo\u0142ecze\u0144stwo miasta.<\/span><\/p>\n<\/div><\/div><\/div><\/div><\/div><\/div><\/div><div class=\"w-separator size_medium\"><\/div><div class=\"w-btn-wrapper align_left\"><a class=\"w-btn us-btn-style_8 icon_atleft\" href=\"https:\/\/gruene-wiesbaden.de\/pl\/kommunalwahl\/#Kapitel2\"><i class=\"fas fa-chevron-circle-right\"><\/i><span class=\"w-btn-label\">Powr\u00f3t do przegl\u0105du<\/span><\/a><\/div><div class=\"w-separator size_large\"><\/div><\/div><\/div><\/div><\/div><\/section>","protected":false},"excerpt":{"rendered":"Otwarte, zr\u00f3\u017cnicowane i sprawiedliwe spo\u0142ecze\u0144stwo miejskie oznacza, \u017ce ludzie, niezale\u017cnie od ich orientacji seksualnej lub to\u017csamo\u015bci p\u0142ciowej, mog\u0105 prowadzi\u0107 bezpieczne, widoczne i samodzielne \u017cycie. Jednak w Wiesbaden osoby LGBTQIA* nadal do\u015bwiadczaj\u0105 dyskryminacji, niewidzialno\u015bci i wrogo\u015bci \u2013 w \u017cyciu codziennym, w przestrzeni publicznej lub w instytucjach. Dla nas ziele\u0144 jest jasna: R\u00f3wne prawa i uznanie nie s\u0105...","protected":false},"author":1,"featured_media":1547,"comment_status":"closed","ping_status":"closed","sticky":false,"template":"","format":"standard","meta":{"footnotes":""},"categories":[15],"tags":[],"class_list":["post-1351","post","type-post","status-publish","format-standard","has-post-thumbnail","hentry","category-kapitel-2"],"yoast_head":"<!-- This site is optimized with the Yoast SEO plugin v27.5 - https:\/\/yoast.com\/product\/yoast-seo-wordpress\/ -->\n<title>Gleichstellung von LGBTQIA* - B\u00dcNDNIS 90\/DIE GR\u00dcNEN Wiesbaden<\/title>\n<meta name=\"robots\" content=\"index, follow, max-snippet:-1, max-image-preview:large, max-video-preview:-1\" \/>\n<link rel=\"canonical\" href=\"https:\/\/gruene-wiesbaden.de\/pl\/gleichstellung-von-lgbtqia\/\" \/>\n<meta property=\"og:locale\" content=\"pl_PL\" \/>\n<meta property=\"og:type\" content=\"article\" \/>\n<meta property=\"og:title\" content=\"Gleichstellung von LGBTQIA* - B\u00dcNDNIS 90\/DIE GR\u00dcNEN Wiesbaden\" \/>\n<meta property=\"og:url\" content=\"https:\/\/gruene-wiesbaden.de\/pl\/gleichstellung-von-lgbtqia\/\" \/>\n<meta property=\"og:site_name\" content=\"B\u00dcNDNIS 90\/DIE GR\u00dcNEN Wiesbaden\" \/>\n<meta property=\"article:publisher\" content=\"https:\/\/www.facebook.com\/gruene.wi\" \/>\n<meta property=\"article:published_time\" content=\"2025-11-09T22:10:26+00:00\" \/>\n<meta property=\"article:modified_time\" content=\"2026-04-09T08:27:25+00:00\" \/>\n<meta property=\"og:image\" content=\"https:\/\/gruene-wiesbaden.de\/wp-content\/uploads\/2025\/11\/2.2-Gleichstellung-LGBTQAI-scaled.jpeg\" \/>\n\t<meta property=\"og:image:width\" content=\"2560\" \/>\n\t<meta property=\"og:image:height\" content=\"1707\" \/>\n\t<meta property=\"og:image:type\" content=\"image\/jpeg\" \/>\n<meta name=\"author\" content=\"admin\" \/>\n<meta name=\"twitter:card\" content=\"summary_large_image\" \/>\n<meta name=\"twitter:label1\" content=\"Napisane przez\" \/>\n\t<meta name=\"twitter:data1\" content=\"admin\" \/>\n\t<meta name=\"twitter:label2\" content=\"Szacowany czas czytania\" \/>\n\t<meta name=\"twitter:data2\" content=\"9 minutes\" \/>\n<script type=\"application\/ld+json\" class=\"yoast-schema-graph\">{\"@context\":\"https:\\\/\\\/schema.org\",\"@graph\":[{\"@type\":\"Article\",\"@id\":\"https:\\\/\\\/gruene-wiesbaden.de\\\/gleichstellung-von-lgbtqia\\\/#article\",\"isPartOf\":{\"@id\":\"https:\\\/\\\/gruene-wiesbaden.de\\\/gleichstellung-von-lgbtqia\\\/\"},\"author\":{\"name\":\"admin\",\"@id\":\"https:\\\/\\\/gruene-wiesbaden.de\\\/#\\\/schema\\\/person\\\/6785c34779159cd4fd86886bb097afe9\"},\"headline\":\"Gleichstellung von LGBTQIA*\",\"datePublished\":\"2025-11-09T22:10:26+00:00\",\"dateModified\":\"2026-04-09T08:27:25+00:00\",\"mainEntityOfPage\":{\"@id\":\"https:\\\/\\\/gruene-wiesbaden.de\\\/gleichstellung-von-lgbtqia\\\/\"},\"wordCount\":2670,\"publisher\":{\"@id\":\"https:\\\/\\\/gruene-wiesbaden.de\\\/#organization\"},\"image\":{\"@id\":\"https:\\\/\\\/gruene-wiesbaden.de\\\/gleichstellung-von-lgbtqia\\\/#primaryimage\"},\"thumbnailUrl\":\"https:\\\/\\\/gruene-wiesbaden.de\\\/wp-content\\\/uploads\\\/2025\\\/11\\\/2.2-Gleichstellung-LGBTQAI-scaled.jpeg\",\"articleSection\":[\"Kapitel 2\"],\"inLanguage\":\"pl-PL\"},{\"@type\":\"WebPage\",\"@id\":\"https:\\\/\\\/gruene-wiesbaden.de\\\/gleichstellung-von-lgbtqia\\\/\",\"url\":\"https:\\\/\\\/gruene-wiesbaden.de\\\/gleichstellung-von-lgbtqia\\\/\",\"name\":\"Gleichstellung von LGBTQIA* - B\u00dcNDNIS 90\\\/DIE GR\u00dcNEN Wiesbaden\",\"isPartOf\":{\"@id\":\"https:\\\/\\\/gruene-wiesbaden.de\\\/#website\"},\"primaryImageOfPage\":{\"@id\":\"https:\\\/\\\/gruene-wiesbaden.de\\\/gleichstellung-von-lgbtqia\\\/#primaryimage\"},\"image\":{\"@id\":\"https:\\\/\\\/gruene-wiesbaden.de\\\/gleichstellung-von-lgbtqia\\\/#primaryimage\"},\"thumbnailUrl\":\"https:\\\/\\\/gruene-wiesbaden.de\\\/wp-content\\\/uploads\\\/2025\\\/11\\\/2.2-Gleichstellung-LGBTQAI-scaled.jpeg\",\"datePublished\":\"2025-11-09T22:10:26+00:00\",\"dateModified\":\"2026-04-09T08:27:25+00:00\",\"breadcrumb\":{\"@id\":\"https:\\\/\\\/gruene-wiesbaden.de\\\/gleichstellung-von-lgbtqia\\\/#breadcrumb\"},\"inLanguage\":\"pl-PL\",\"potentialAction\":[{\"@type\":\"ReadAction\",\"target\":[\"https:\\\/\\\/gruene-wiesbaden.de\\\/gleichstellung-von-lgbtqia\\\/\"]}]},{\"@type\":\"ImageObject\",\"inLanguage\":\"pl-PL\",\"@id\":\"https:\\\/\\\/gruene-wiesbaden.de\\\/gleichstellung-von-lgbtqia\\\/#primaryimage\",\"url\":\"https:\\\/\\\/gruene-wiesbaden.de\\\/wp-content\\\/uploads\\\/2025\\\/11\\\/2.2-Gleichstellung-LGBTQAI-scaled.jpeg\",\"contentUrl\":\"https:\\\/\\\/gruene-wiesbaden.de\\\/wp-content\\\/uploads\\\/2025\\\/11\\\/2.2-Gleichstellung-LGBTQAI-scaled.jpeg\",\"width\":2560,\"height\":1707},{\"@type\":\"BreadcrumbList\",\"@id\":\"https:\\\/\\\/gruene-wiesbaden.de\\\/gleichstellung-von-lgbtqia\\\/#breadcrumb\",\"itemListElement\":[{\"@type\":\"ListItem\",\"position\":1,\"name\":\"Startseite\",\"item\":\"https:\\\/\\\/gruene-wiesbaden.de\\\/\"},{\"@type\":\"ListItem\",\"position\":2,\"name\":\"Gleichstellung von LGBTQIA*\"}]},{\"@type\":\"WebSite\",\"@id\":\"https:\\\/\\\/gruene-wiesbaden.de\\\/#website\",\"url\":\"https:\\\/\\\/gruene-wiesbaden.de\\\/\",\"name\":\"DIE GR\u00dcNEN Wiesbaden\",\"description\":\"\",\"publisher\":{\"@id\":\"https:\\\/\\\/gruene-wiesbaden.de\\\/#organization\"},\"potentialAction\":[{\"@type\":\"SearchAction\",\"target\":{\"@type\":\"EntryPoint\",\"urlTemplate\":\"https:\\\/\\\/gruene-wiesbaden.de\\\/?s={search_term_string}\"},\"query-input\":{\"@type\":\"PropertyValueSpecification\",\"valueRequired\":true,\"valueName\":\"search_term_string\"}}],\"inLanguage\":\"pl-PL\"},{\"@type\":\"Organization\",\"@id\":\"https:\\\/\\\/gruene-wiesbaden.de\\\/#organization\",\"name\":\"DIE GR\u00dcNEN Wiesbaden\",\"url\":\"https:\\\/\\\/gruene-wiesbaden.de\\\/\",\"logo\":{\"@type\":\"ImageObject\",\"inLanguage\":\"pl-PL\",\"@id\":\"https:\\\/\\\/gruene-wiesbaden.de\\\/#\\\/schema\\\/logo\\\/image\\\/\",\"url\":\"https:\\\/\\\/gruene-wiesbaden-fuer-europa.de\\\/wp-content\\\/uploads\\\/2024\\\/04\\\/Machen-was-zaehlt-5.png\",\"contentUrl\":\"https:\\\/\\\/gruene-wiesbaden-fuer-europa.de\\\/wp-content\\\/uploads\\\/2024\\\/04\\\/Machen-was-zaehlt-5.png\",\"width\":1772,\"height\":1772,\"caption\":\"DIE GR\u00dcNEN Wiesbaden\"},\"image\":{\"@id\":\"https:\\\/\\\/gruene-wiesbaden.de\\\/#\\\/schema\\\/logo\\\/image\\\/\"},\"sameAs\":[\"https:\\\/\\\/www.facebook.com\\\/gruene.wi\",\"https:\\\/\\\/instagram.com\\\/gruene_wi\"]},{\"@type\":\"Person\",\"@id\":\"https:\\\/\\\/gruene-wiesbaden.de\\\/#\\\/schema\\\/person\\\/6785c34779159cd4fd86886bb097afe9\",\"name\":\"admin\",\"sameAs\":[\"http:\\\/\\\/gruene-wiesbaden-fuer-europa.de\"],\"url\":\"https:\\\/\\\/gruene-wiesbaden.de\\\/pl\\\/author\\\/admin\\\/\"}]}<\/script>\n<!-- \/ Yoast SEO plugin. -->","yoast_head_json":{"title":"Gleichstellung von LGBTQIA* - B\u00dcNDNIS 90\/DIE GR\u00dcNEN Wiesbaden","robots":{"index":"index","follow":"follow","max-snippet":"max-snippet:-1","max-image-preview":"max-image-preview:large","max-video-preview":"max-video-preview:-1"},"canonical":"https:\/\/gruene-wiesbaden.de\/pl\/gleichstellung-von-lgbtqia\/","og_locale":"pl_PL","og_type":"article","og_title":"Gleichstellung von LGBTQIA* - B\u00dcNDNIS 90\/DIE GR\u00dcNEN Wiesbaden","og_url":"https:\/\/gruene-wiesbaden.de\/pl\/gleichstellung-von-lgbtqia\/","og_site_name":"B\u00dcNDNIS 90\/DIE GR\u00dcNEN Wiesbaden","article_publisher":"https:\/\/www.facebook.com\/gruene.wi","article_published_time":"2025-11-09T22:10:26+00:00","article_modified_time":"2026-04-09T08:27:25+00:00","og_image":[{"width":2560,"height":1707,"url":"https:\/\/gruene-wiesbaden.de\/wp-content\/uploads\/2025\/11\/2.2-Gleichstellung-LGBTQAI-scaled.jpeg","type":"image\/jpeg"}],"author":"admin","twitter_card":"summary_large_image","twitter_misc":{"Napisane przez":"admin","Szacowany czas czytania":"9 minutes"},"schema":{"@context":"https:\/\/schema.org","@graph":[{"@type":"Article","@id":"https:\/\/gruene-wiesbaden.de\/gleichstellung-von-lgbtqia\/#article","isPartOf":{"@id":"https:\/\/gruene-wiesbaden.de\/gleichstellung-von-lgbtqia\/"},"author":{"name":"admin","@id":"https:\/\/gruene-wiesbaden.de\/#\/schema\/person\/6785c34779159cd4fd86886bb097afe9"},"headline":"Gleichstellung von LGBTQIA*","datePublished":"2025-11-09T22:10:26+00:00","dateModified":"2026-04-09T08:27:25+00:00","mainEntityOfPage":{"@id":"https:\/\/gruene-wiesbaden.de\/gleichstellung-von-lgbtqia\/"},"wordCount":2670,"publisher":{"@id":"https:\/\/gruene-wiesbaden.de\/#organization"},"image":{"@id":"https:\/\/gruene-wiesbaden.de\/gleichstellung-von-lgbtqia\/#primaryimage"},"thumbnailUrl":"https:\/\/gruene-wiesbaden.de\/wp-content\/uploads\/2025\/11\/2.2-Gleichstellung-LGBTQAI-scaled.jpeg","articleSection":["Kapitel 2"],"inLanguage":"pl-PL"},{"@type":"WebPage","@id":"https:\/\/gruene-wiesbaden.de\/gleichstellung-von-lgbtqia\/","url":"https:\/\/gruene-wiesbaden.de\/gleichstellung-von-lgbtqia\/","name":"Gleichstellung von LGBTQIA* - B\u00dcNDNIS 90\/DIE GR\u00dcNEN Wiesbaden","isPartOf":{"@id":"https:\/\/gruene-wiesbaden.de\/#website"},"primaryImageOfPage":{"@id":"https:\/\/gruene-wiesbaden.de\/gleichstellung-von-lgbtqia\/#primaryimage"},"image":{"@id":"https:\/\/gruene-wiesbaden.de\/gleichstellung-von-lgbtqia\/#primaryimage"},"thumbnailUrl":"https:\/\/gruene-wiesbaden.de\/wp-content\/uploads\/2025\/11\/2.2-Gleichstellung-LGBTQAI-scaled.jpeg","datePublished":"2025-11-09T22:10:26+00:00","dateModified":"2026-04-09T08:27:25+00:00","breadcrumb":{"@id":"https:\/\/gruene-wiesbaden.de\/gleichstellung-von-lgbtqia\/#breadcrumb"},"inLanguage":"pl-PL","potentialAction":[{"@type":"ReadAction","target":["https:\/\/gruene-wiesbaden.de\/gleichstellung-von-lgbtqia\/"]}]},{"@type":"ImageObject","inLanguage":"pl-PL","@id":"https:\/\/gruene-wiesbaden.de\/gleichstellung-von-lgbtqia\/#primaryimage","url":"https:\/\/gruene-wiesbaden.de\/wp-content\/uploads\/2025\/11\/2.2-Gleichstellung-LGBTQAI-scaled.jpeg","contentUrl":"https:\/\/gruene-wiesbaden.de\/wp-content\/uploads\/2025\/11\/2.2-Gleichstellung-LGBTQAI-scaled.jpeg","width":2560,"height":1707},{"@type":"BreadcrumbList","@id":"https:\/\/gruene-wiesbaden.de\/gleichstellung-von-lgbtqia\/#breadcrumb","itemListElement":[{"@type":"ListItem","position":1,"name":"Startseite","item":"https:\/\/gruene-wiesbaden.de\/"},{"@type":"ListItem","position":2,"name":"Gleichstellung von LGBTQIA*"}]},{"@type":"WebSite","@id":"https:\/\/gruene-wiesbaden.de\/#website","url":"https:\/\/gruene-wiesbaden.de\/","name":"DIE GR\u00dcNEN Wiesbaden","description":"","publisher":{"@id":"https:\/\/gruene-wiesbaden.de\/#organization"},"potentialAction":[{"@type":"SearchAction","target":{"@type":"EntryPoint","urlTemplate":"https:\/\/gruene-wiesbaden.de\/?s={search_term_string}"},"query-input":{"@type":"PropertyValueSpecification","valueRequired":true,"valueName":"search_term_string"}}],"inLanguage":"pl-PL"},{"@type":"Organization","@id":"https:\/\/gruene-wiesbaden.de\/#organization","name":"DIE GR\u00dcNEN Wiesbaden","url":"https:\/\/gruene-wiesbaden.de\/","logo":{"@type":"ImageObject","inLanguage":"pl-PL","@id":"https:\/\/gruene-wiesbaden.de\/#\/schema\/logo\/image\/","url":"https:\/\/gruene-wiesbaden-fuer-europa.de\/wp-content\/uploads\/2024\/04\/Machen-was-zaehlt-5.png","contentUrl":"https:\/\/gruene-wiesbaden-fuer-europa.de\/wp-content\/uploads\/2024\/04\/Machen-was-zaehlt-5.png","width":1772,"height":1772,"caption":"DIE GR\u00dcNEN Wiesbaden"},"image":{"@id":"https:\/\/gruene-wiesbaden.de\/#\/schema\/logo\/image\/"},"sameAs":["https:\/\/www.facebook.com\/gruene.wi","https:\/\/instagram.com\/gruene_wi"]},{"@type":"Person","@id":"https:\/\/gruene-wiesbaden.de\/#\/schema\/person\/6785c34779159cd4fd86886bb097afe9","name":"admin","sameAs":["http:\/\/gruene-wiesbaden-fuer-europa.de"],"url":"https:\/\/gruene-wiesbaden.de\/pl\/author\/admin\/"}]}},"_links":{"self":[{"href":"https:\/\/gruene-wiesbaden.de\/pl\/wp-json\/wp\/v2\/posts\/1351","targetHints":{"allow":["GET"]}}],"collection":[{"href":"https:\/\/gruene-wiesbaden.de\/pl\/wp-json\/wp\/v2\/posts"}],"about":[{"href":"https:\/\/gruene-wiesbaden.de\/pl\/wp-json\/wp\/v2\/types\/post"}],"author":[{"embeddable":true,"href":"https:\/\/gruene-wiesbaden.de\/pl\/wp-json\/wp\/v2\/users\/1"}],"replies":[{"embeddable":true,"href":"https:\/\/gruene-wiesbaden.de\/pl\/wp-json\/wp\/v2\/comments?post=1351"}],"version-history":[{"count":8,"href":"https:\/\/gruene-wiesbaden.de\/pl\/wp-json\/wp\/v2\/posts\/1351\/revisions"}],"predecessor-version":[{"id":2390,"href":"https:\/\/gruene-wiesbaden.de\/pl\/wp-json\/wp\/v2\/posts\/1351\/revisions\/2390"}],"wp:featuredmedia":[{"embeddable":true,"href":"https:\/\/gruene-wiesbaden.de\/pl\/wp-json\/wp\/v2\/media\/1547"}],"wp:attachment":[{"href":"https:\/\/gruene-wiesbaden.de\/pl\/wp-json\/wp\/v2\/media?parent=1351"}],"wp:term":[{"taxonomy":"category","embeddable":true,"href":"https:\/\/gruene-wiesbaden.de\/pl\/wp-json\/wp\/v2\/categories?post=1351"},{"taxonomy":"post_tag","embeddable":true,"href":"https:\/\/gruene-wiesbaden.de\/pl\/wp-json\/wp\/v2\/tags?post=1351"}],"curies":[{"name":"wp","href":"https:\/\/api.w.org\/{rel}","templated":true}]}}