{"id":1346,"date":"2025-11-10T00:04:08","date_gmt":"2025-11-09T22:04:08","guid":{"rendered":"https:\/\/gruene-wiesbaden.de\/?p=1346"},"modified":"2025-11-24T19:05:14","modified_gmt":"2025-11-24T17:05:14","slug":"praeambel-gut-leben-in-wiesbaden","status":"publish","type":"post","link":"https:\/\/gruene-wiesbaden.de\/pl\/praeambel-gut-leben-in-wiesbaden\/","title":{"rendered":"Preambu\u0142a: Dobre \u017cycie w Wiesbaden"},"content":{"rendered":"<section class=\"l-section wpb_row height_medium with_img\"><div class=\"l-section-img\" role=\"img\" data-img-width=\"2560\" data-img-height=\"1440\" style=\"background-image: url(https:\/\/gruene-wiesbaden.de\/wp-content\/uploads\/2025\/11\/MJK_82683-3-scaled.jpg);\"><\/div><div class=\"l-section-overlay\" style=\"background:var(--color-header-top-transparent-bg)\"><\/div><div class=\"l-section-h i-cf\"><div class=\"g-cols vc_row via_grid cols_1 laptops-cols_inherit tablets-cols_inherit mobiles-cols_1 valign_top type_default stacking_default\"><div class=\"wpb_column vc_column_container\"><div class=\"vc_column-inner\"><div class=\"g-cols wpb_row us_custom_baf6e999 via_grid cols_1 laptops-cols_inherit tablets-cols_inherit mobiles-cols_1 valign_top type_boxes stacking_default\" style=\"--columns-gap:3rem;\"><div class=\"wpb_column vc_column_container\"><div class=\"vc_column-inner\"><h1 class=\"w-post-elm post_title us_custom_24a85f83 has_text_color entry-title\">Preambu\u0142a: Dobre \u017cycie w Wiesbaden<\/h1><div class=\"w-separator size_medium\"><\/div><div class=\"wpb_text_column us_custom_8b3d6790 has_text_color\"><div class=\"wpb_wrapper\"><p><span style=\"font-weight: 400;\">Wiesbaden oferuje wysok\u0105 jako\u015b\u0107 \u017cycia, ale jest nier\u00f3wnomiernie roz\u0142o\u017cony. Wiele os\u00f3b czuje si\u0119 bezpiecznie, cieszy si\u0119 krajobrazem miasta, r\u00f3\u017cnorodno\u015bci\u0105 kulturow\u0105 i blisko\u015bci\u0105 natury. Jednak zatory komunikacyjne, brak teren\u00f3w zielonych, rosn\u0105ce koszty mieszkaniowe i nier\u00f3wne szanse w zakresie edukacji, zdrowia i uczestnictwa pokazuj\u0105: Jako\u015b\u0107 \u017cycia nie powstaje sama z siebie. Trzeba j\u0105 ci\u0105gle przeprojektowywa\u0107 \u2013 spo\u0142ecznie, ekologicznie i wsp\u00f3lnie z lud\u017ami, kt\u00f3rzy tu mieszkaj\u0105.<\/span><\/p>\n<p><span style=\"font-weight: 400;\">My, Zieloni, chcemy, aby wszyscy Wiesbadeners mogli do\u015bwiadczy\u0107 mocnych stron naszego miasta w codziennym \u017cyciu - czy to w centrum miasta, na przedmie\u015bciach, czy w drodze mi\u0119dzy nimi.<\/span><span style=\"font-weight: 400;\"><br \/>\n<\/span><span style=\"font-weight: 400;\">W tym celu \u0142\u0105czymy ochron\u0119 klimatu, zabezpieczenie spo\u0142eczne, rozw\u00f3j obszar\u00f3w miejskich i mobilno\u015b\u0107 w polityk\u0119, kt\u00f3ra sprawia, \u017ce Wiesbaden staje si\u0119 bardziej odporny, sprawiedliwy i zno\u015bny.<\/span><\/p>\n<p><span style=\"font-weight: 400;\">Potrzebujemy polityki, kt\u00f3ra<\/span><\/p>\n<ul>\n<li style=\"font-weight: 400;\" aria-level=\"1\"><span style=\"font-weight: 400;\">promowanie \u0142agodzenia zmiany klimatu i przystosowywania si\u0119 do niej poprzez zielone, zr\u00f3\u017cnicowane biologicznie otwarte przestrzenie i miejskie planowanie przestrzenne odporne na zmian\u0119 klimatu;<\/span><\/li>\n<\/ul>\n<ul>\n<li style=\"font-weight: 400;\" aria-level=\"1\"><span style=\"font-weight: 400;\">wzmocnienie ochrony ludno\u015bci i us\u0142ug \u015bwiadczonych w interesie og\u00f3lnym, tak aby Wiesbaden pozosta\u0142 bezpieczny w sytuacjach kryzysowych;<\/span><\/li>\n<\/ul>\n<ul>\n<li style=\"font-weight: 400;\" aria-level=\"1\"><span style=\"font-weight: 400;\">chroni i promuje przyrod\u0119, rolnictwo i le\u015bnictwo na rzecz r\u00f3\u017cnorodno\u015bci biologicznej, zdrowych gleb i zr\u00f3wnowa\u017conego \u017cywienia;<\/span><\/li>\n<\/ul>\n<ul>\n<li style=\"font-weight: 400;\" aria-level=\"1\"><span style=\"font-weight: 400;\">ponowne przemy\u015blenie rozwoju obszar\u00f3w miejskich, mieszkalnictwa i \u017cycia \u2013 przyst\u0119pnych cenowo, energooszcz\u0119dnych, mieszanych pod wzgl\u0119dem spo\u0142ecznym, przyjaznych dzieciom i rodzinie;<\/span><\/li>\n<\/ul>\n<ul>\n<li style=\"font-weight: 400;\" aria-level=\"1\"><span style=\"font-weight: 400;\">zreorganizowana mobilno\u015b\u0107 \u2013 bezpieczna, przyjazna dla klimatu i wygodna dla wszystkich;<\/span><\/li>\n<\/ul>\n<ul>\n<li style=\"font-weight: 400;\" aria-level=\"1\"><span style=\"font-weight: 400;\">Rozbudowa infrastruktury cyfrowej i us\u0142ug cyfrowych \u2013 w celu zwi\u0119kszenia dost\u0119pno\u015bci i \u015bwiadomo\u015bci us\u0142ug cyfrowych i dzia\u0142a\u0144 cyfrowych w mie\u015bcie, bez zale\u017cno\u015bci od ludzi;<\/span><\/li>\n<\/ul>\n<ul>\n<li style=\"font-weight: 400;\" aria-level=\"1\"><span style=\"font-weight: 400;\">Wzmocnienie kultury, zdrowia i sportu \u2013 poniewa\u017c spotkanie, ruch i kreatywno\u015b\u0107 s\u0105 cz\u0119\u015bci\u0105 t\u0119tni\u0105cego \u017cyciem miasta oraz sprzyjaj\u0105 sp\u00f3jno\u015bci i identyfikacji z naszym miastem.<\/span><\/li>\n<\/ul>\n<p><span style=\"font-weight: 400;\">Rozdzia\u0142 ten pokazuje, w jaki spos\u00f3b chcemy, aby Wiesbaden by\u0142o warte \u017cycia i rozwoju \u2013 jako zielone, spo\u0142eczne i zdrowe miasto mi\u0119dzy Renem a Taunus, kt\u00f3re nie mierzy jako\u015bci \u017cycia, ale sprawia, \u017ce jest ono namacalne.<\/span><\/p>\n<p>Sprawiamy, \u017ce jest to bardziej mo\u017cliwe. dla Wiesbaden. Swoim g\u0142osem.<\/p>\n<\/div><\/div><div class=\"w-separator size_medium\"><\/div><div class=\"w-btn-wrapper align_left\"><a class=\"w-btn us-btn-style_8 icon_atleft\" href=\"https:\/\/gruene-wiesbaden.de\/pl\/kommunalwahl\/#Kapitel1\"><i class=\"fas fa-chevron-circle-right\"><\/i><span class=\"w-btn-label\">Powr\u00f3t do przegl\u0105du<\/span><\/a><\/div><\/div><\/div><\/div><div class=\"w-separator size_medium\"><\/div><\/div><\/div><\/div><\/div><\/section>","protected":false},"excerpt":{"rendered":"Preambu\u0142a: Dobre \u017cycie w WiesbadenWiesbaden oferuje wysok\u0105 jako\u015b\u0107 \u017cycia, ale jest nier\u00f3wnomiernie roz\u0142o\u017cone. Wiele os\u00f3b czuje si\u0119 bezpiecznie, cieszy si\u0119 krajobrazem miasta, r\u00f3\u017cnorodno\u015bci\u0105 kulturow\u0105 i blisko\u015bci\u0105 natury. Jednak zatory komunikacyjne, brak teren\u00f3w zielonych, rosn\u0105ce koszty mieszkaniowe i nier\u00f3wne szanse w zakresie edukacji, zdrowia i uczestnictwa pokazuj\u0105: Jako\u015b\u0107 \u017cycia nie powstaje sama z siebie. Ona musi zatrzyma\u0107...","protected":false},"author":1,"featured_media":1400,"comment_status":"closed","ping_status":"closed","sticky":false,"template":"","format":"standard","meta":{"footnotes":""},"categories":[17],"tags":[],"class_list":["post-1346","post","type-post","status-publish","format-standard","has-post-thumbnail","hentry","category-kapitel-1-praeambel"],"yoast_head":"<!-- This site is optimized with the Yoast SEO plugin v27.5 - https:\/\/yoast.com\/product\/yoast-seo-wordpress\/ -->\n<title>Pr\u00e4ambel: Gut leben in Wiesbaden - B\u00dcNDNIS 90\/DIE GR\u00dcNEN Wiesbaden<\/title>\n<meta name=\"robots\" content=\"index, follow, max-snippet:-1, max-image-preview:large, max-video-preview:-1\" \/>\n<link rel=\"canonical\" href=\"https:\/\/gruene-wiesbaden.de\/pl\/praeambel-gut-leben-in-wiesbaden\/\" \/>\n<meta property=\"og:locale\" content=\"pl_PL\" \/>\n<meta property=\"og:type\" content=\"article\" \/>\n<meta property=\"og:title\" content=\"Pr\u00e4ambel: Gut leben in Wiesbaden - B\u00dcNDNIS 90\/DIE GR\u00dcNEN Wiesbaden\" \/>\n<meta property=\"og:url\" content=\"https:\/\/gruene-wiesbaden.de\/pl\/praeambel-gut-leben-in-wiesbaden\/\" \/>\n<meta property=\"og:site_name\" content=\"B\u00dcNDNIS 90\/DIE GR\u00dcNEN Wiesbaden\" \/>\n<meta property=\"article:publisher\" content=\"https:\/\/www.facebook.com\/gruene.wi\" \/>\n<meta property=\"article:published_time\" content=\"2025-11-09T22:04:08+00:00\" \/>\n<meta property=\"article:modified_time\" content=\"2025-11-24T17:05:14+00:00\" \/>\n<meta property=\"og:image\" content=\"https:\/\/gruene-wiesbaden.de\/wp-content\/uploads\/2025\/11\/MJK_82683-3-scaled.jpg\" \/>\n\t<meta property=\"og:image:width\" content=\"2560\" \/>\n\t<meta property=\"og:image:height\" content=\"1440\" \/>\n\t<meta property=\"og:image:type\" content=\"image\/jpeg\" \/>\n<meta name=\"author\" content=\"admin\" \/>\n<meta name=\"twitter:card\" content=\"summary_large_image\" \/>\n<meta name=\"twitter:label1\" content=\"Napisane przez\" \/>\n\t<meta name=\"twitter:data1\" content=\"admin\" \/>\n\t<meta name=\"twitter:label2\" content=\"Szacowany czas czytania\" \/>\n\t<meta name=\"twitter:data2\" content=\"2 minutes\" \/>\n<script type=\"application\/ld+json\" class=\"yoast-schema-graph\">{\"@context\":\"https:\\\/\\\/schema.org\",\"@graph\":[{\"@type\":\"Article\",\"@id\":\"https:\\\/\\\/gruene-wiesbaden.de\\\/praeambel-gut-leben-in-wiesbaden\\\/#article\",\"isPartOf\":{\"@id\":\"https:\\\/\\\/gruene-wiesbaden.de\\\/praeambel-gut-leben-in-wiesbaden\\\/\"},\"author\":{\"name\":\"admin\",\"@id\":\"https:\\\/\\\/gruene-wiesbaden.de\\\/#\\\/schema\\\/person\\\/6785c34779159cd4fd86886bb097afe9\"},\"headline\":\"Pr\u00e4ambel: Gut leben in Wiesbaden\",\"datePublished\":\"2025-11-09T22:04:08+00:00\",\"dateModified\":\"2025-11-24T17:05:14+00:00\",\"mainEntityOfPage\":{\"@id\":\"https:\\\/\\\/gruene-wiesbaden.de\\\/praeambel-gut-leben-in-wiesbaden\\\/\"},\"wordCount\":427,\"publisher\":{\"@id\":\"https:\\\/\\\/gruene-wiesbaden.de\\\/#organization\"},\"image\":{\"@id\":\"https:\\\/\\\/gruene-wiesbaden.de\\\/praeambel-gut-leben-in-wiesbaden\\\/#primaryimage\"},\"thumbnailUrl\":\"https:\\\/\\\/gruene-wiesbaden.de\\\/wp-content\\\/uploads\\\/2025\\\/11\\\/MJK_82683-3-scaled.jpg\",\"articleSection\":[\"Kapitel 1 Pr\u00e4ambel\"],\"inLanguage\":\"pl-PL\"},{\"@type\":\"WebPage\",\"@id\":\"https:\\\/\\\/gruene-wiesbaden.de\\\/praeambel-gut-leben-in-wiesbaden\\\/\",\"url\":\"https:\\\/\\\/gruene-wiesbaden.de\\\/praeambel-gut-leben-in-wiesbaden\\\/\",\"name\":\"Pr\u00e4ambel: Gut leben in Wiesbaden - B\u00dcNDNIS 90\\\/DIE GR\u00dcNEN Wiesbaden\",\"isPartOf\":{\"@id\":\"https:\\\/\\\/gruene-wiesbaden.de\\\/#website\"},\"primaryImageOfPage\":{\"@id\":\"https:\\\/\\\/gruene-wiesbaden.de\\\/praeambel-gut-leben-in-wiesbaden\\\/#primaryimage\"},\"image\":{\"@id\":\"https:\\\/\\\/gruene-wiesbaden.de\\\/praeambel-gut-leben-in-wiesbaden\\\/#primaryimage\"},\"thumbnailUrl\":\"https:\\\/\\\/gruene-wiesbaden.de\\\/wp-content\\\/uploads\\\/2025\\\/11\\\/MJK_82683-3-scaled.jpg\",\"datePublished\":\"2025-11-09T22:04:08+00:00\",\"dateModified\":\"2025-11-24T17:05:14+00:00\",\"breadcrumb\":{\"@id\":\"https:\\\/\\\/gruene-wiesbaden.de\\\/praeambel-gut-leben-in-wiesbaden\\\/#breadcrumb\"},\"inLanguage\":\"pl-PL\",\"potentialAction\":[{\"@type\":\"ReadAction\",\"target\":[\"https:\\\/\\\/gruene-wiesbaden.de\\\/praeambel-gut-leben-in-wiesbaden\\\/\"]}]},{\"@type\":\"ImageObject\",\"inLanguage\":\"pl-PL\",\"@id\":\"https:\\\/\\\/gruene-wiesbaden.de\\\/praeambel-gut-leben-in-wiesbaden\\\/#primaryimage\",\"url\":\"https:\\\/\\\/gruene-wiesbaden.de\\\/wp-content\\\/uploads\\\/2025\\\/11\\\/MJK_82683-3-scaled.jpg\",\"contentUrl\":\"https:\\\/\\\/gruene-wiesbaden.de\\\/wp-content\\\/uploads\\\/2025\\\/11\\\/MJK_82683-3-scaled.jpg\",\"width\":2560,\"height\":1440},{\"@type\":\"BreadcrumbList\",\"@id\":\"https:\\\/\\\/gruene-wiesbaden.de\\\/praeambel-gut-leben-in-wiesbaden\\\/#breadcrumb\",\"itemListElement\":[{\"@type\":\"ListItem\",\"position\":1,\"name\":\"Startseite\",\"item\":\"https:\\\/\\\/gruene-wiesbaden.de\\\/\"},{\"@type\":\"ListItem\",\"position\":2,\"name\":\"Pr\u00e4ambel: Gut leben in Wiesbaden\"}]},{\"@type\":\"WebSite\",\"@id\":\"https:\\\/\\\/gruene-wiesbaden.de\\\/#website\",\"url\":\"https:\\\/\\\/gruene-wiesbaden.de\\\/\",\"name\":\"DIE GR\u00dcNEN Wiesbaden\",\"description\":\"\",\"publisher\":{\"@id\":\"https:\\\/\\\/gruene-wiesbaden.de\\\/#organization\"},\"potentialAction\":[{\"@type\":\"SearchAction\",\"target\":{\"@type\":\"EntryPoint\",\"urlTemplate\":\"https:\\\/\\\/gruene-wiesbaden.de\\\/?s={search_term_string}\"},\"query-input\":{\"@type\":\"PropertyValueSpecification\",\"valueRequired\":true,\"valueName\":\"search_term_string\"}}],\"inLanguage\":\"pl-PL\"},{\"@type\":\"Organization\",\"@id\":\"https:\\\/\\\/gruene-wiesbaden.de\\\/#organization\",\"name\":\"DIE GR\u00dcNEN Wiesbaden\",\"url\":\"https:\\\/\\\/gruene-wiesbaden.de\\\/\",\"logo\":{\"@type\":\"ImageObject\",\"inLanguage\":\"pl-PL\",\"@id\":\"https:\\\/\\\/gruene-wiesbaden.de\\\/#\\\/schema\\\/logo\\\/image\\\/\",\"url\":\"https:\\\/\\\/gruene-wiesbaden-fuer-europa.de\\\/wp-content\\\/uploads\\\/2024\\\/04\\\/Machen-was-zaehlt-5.png\",\"contentUrl\":\"https:\\\/\\\/gruene-wiesbaden-fuer-europa.de\\\/wp-content\\\/uploads\\\/2024\\\/04\\\/Machen-was-zaehlt-5.png\",\"width\":1772,\"height\":1772,\"caption\":\"DIE GR\u00dcNEN Wiesbaden\"},\"image\":{\"@id\":\"https:\\\/\\\/gruene-wiesbaden.de\\\/#\\\/schema\\\/logo\\\/image\\\/\"},\"sameAs\":[\"https:\\\/\\\/www.facebook.com\\\/gruene.wi\",\"https:\\\/\\\/instagram.com\\\/gruene_wi\"]},{\"@type\":\"Person\",\"@id\":\"https:\\\/\\\/gruene-wiesbaden.de\\\/#\\\/schema\\\/person\\\/6785c34779159cd4fd86886bb097afe9\",\"name\":\"admin\",\"sameAs\":[\"http:\\\/\\\/gruene-wiesbaden-fuer-europa.de\"],\"url\":\"https:\\\/\\\/gruene-wiesbaden.de\\\/pl\\\/author\\\/admin\\\/\"}]}<\/script>\n<!-- \/ Yoast SEO plugin. -->","yoast_head_json":{"title":"Pr\u00e4ambel: Gut leben in Wiesbaden - B\u00dcNDNIS 90\/DIE GR\u00dcNEN Wiesbaden","robots":{"index":"index","follow":"follow","max-snippet":"max-snippet:-1","max-image-preview":"max-image-preview:large","max-video-preview":"max-video-preview:-1"},"canonical":"https:\/\/gruene-wiesbaden.de\/pl\/praeambel-gut-leben-in-wiesbaden\/","og_locale":"pl_PL","og_type":"article","og_title":"Pr\u00e4ambel: Gut leben in Wiesbaden - B\u00dcNDNIS 90\/DIE GR\u00dcNEN Wiesbaden","og_url":"https:\/\/gruene-wiesbaden.de\/pl\/praeambel-gut-leben-in-wiesbaden\/","og_site_name":"B\u00dcNDNIS 90\/DIE GR\u00dcNEN Wiesbaden","article_publisher":"https:\/\/www.facebook.com\/gruene.wi","article_published_time":"2025-11-09T22:04:08+00:00","article_modified_time":"2025-11-24T17:05:14+00:00","og_image":[{"width":2560,"height":1440,"url":"https:\/\/gruene-wiesbaden.de\/wp-content\/uploads\/2025\/11\/MJK_82683-3-scaled.jpg","type":"image\/jpeg"}],"author":"admin","twitter_card":"summary_large_image","twitter_misc":{"Napisane przez":"admin","Szacowany czas czytania":"2 minutes"},"schema":{"@context":"https:\/\/schema.org","@graph":[{"@type":"Article","@id":"https:\/\/gruene-wiesbaden.de\/praeambel-gut-leben-in-wiesbaden\/#article","isPartOf":{"@id":"https:\/\/gruene-wiesbaden.de\/praeambel-gut-leben-in-wiesbaden\/"},"author":{"name":"admin","@id":"https:\/\/gruene-wiesbaden.de\/#\/schema\/person\/6785c34779159cd4fd86886bb097afe9"},"headline":"Pr\u00e4ambel: Gut leben in Wiesbaden","datePublished":"2025-11-09T22:04:08+00:00","dateModified":"2025-11-24T17:05:14+00:00","mainEntityOfPage":{"@id":"https:\/\/gruene-wiesbaden.de\/praeambel-gut-leben-in-wiesbaden\/"},"wordCount":427,"publisher":{"@id":"https:\/\/gruene-wiesbaden.de\/#organization"},"image":{"@id":"https:\/\/gruene-wiesbaden.de\/praeambel-gut-leben-in-wiesbaden\/#primaryimage"},"thumbnailUrl":"https:\/\/gruene-wiesbaden.de\/wp-content\/uploads\/2025\/11\/MJK_82683-3-scaled.jpg","articleSection":["Kapitel 1 Pr\u00e4ambel"],"inLanguage":"pl-PL"},{"@type":"WebPage","@id":"https:\/\/gruene-wiesbaden.de\/praeambel-gut-leben-in-wiesbaden\/","url":"https:\/\/gruene-wiesbaden.de\/praeambel-gut-leben-in-wiesbaden\/","name":"Pr\u00e4ambel: Gut leben in Wiesbaden - B\u00dcNDNIS 90\/DIE GR\u00dcNEN Wiesbaden","isPartOf":{"@id":"https:\/\/gruene-wiesbaden.de\/#website"},"primaryImageOfPage":{"@id":"https:\/\/gruene-wiesbaden.de\/praeambel-gut-leben-in-wiesbaden\/#primaryimage"},"image":{"@id":"https:\/\/gruene-wiesbaden.de\/praeambel-gut-leben-in-wiesbaden\/#primaryimage"},"thumbnailUrl":"https:\/\/gruene-wiesbaden.de\/wp-content\/uploads\/2025\/11\/MJK_82683-3-scaled.jpg","datePublished":"2025-11-09T22:04:08+00:00","dateModified":"2025-11-24T17:05:14+00:00","breadcrumb":{"@id":"https:\/\/gruene-wiesbaden.de\/praeambel-gut-leben-in-wiesbaden\/#breadcrumb"},"inLanguage":"pl-PL","potentialAction":[{"@type":"ReadAction","target":["https:\/\/gruene-wiesbaden.de\/praeambel-gut-leben-in-wiesbaden\/"]}]},{"@type":"ImageObject","inLanguage":"pl-PL","@id":"https:\/\/gruene-wiesbaden.de\/praeambel-gut-leben-in-wiesbaden\/#primaryimage","url":"https:\/\/gruene-wiesbaden.de\/wp-content\/uploads\/2025\/11\/MJK_82683-3-scaled.jpg","contentUrl":"https:\/\/gruene-wiesbaden.de\/wp-content\/uploads\/2025\/11\/MJK_82683-3-scaled.jpg","width":2560,"height":1440},{"@type":"BreadcrumbList","@id":"https:\/\/gruene-wiesbaden.de\/praeambel-gut-leben-in-wiesbaden\/#breadcrumb","itemListElement":[{"@type":"ListItem","position":1,"name":"Startseite","item":"https:\/\/gruene-wiesbaden.de\/"},{"@type":"ListItem","position":2,"name":"Pr\u00e4ambel: Gut leben in Wiesbaden"}]},{"@type":"WebSite","@id":"https:\/\/gruene-wiesbaden.de\/#website","url":"https:\/\/gruene-wiesbaden.de\/","name":"DIE GR\u00dcNEN Wiesbaden","description":"","publisher":{"@id":"https:\/\/gruene-wiesbaden.de\/#organization"},"potentialAction":[{"@type":"SearchAction","target":{"@type":"EntryPoint","urlTemplate":"https:\/\/gruene-wiesbaden.de\/?s={search_term_string}"},"query-input":{"@type":"PropertyValueSpecification","valueRequired":true,"valueName":"search_term_string"}}],"inLanguage":"pl-PL"},{"@type":"Organization","@id":"https:\/\/gruene-wiesbaden.de\/#organization","name":"DIE GR\u00dcNEN Wiesbaden","url":"https:\/\/gruene-wiesbaden.de\/","logo":{"@type":"ImageObject","inLanguage":"pl-PL","@id":"https:\/\/gruene-wiesbaden.de\/#\/schema\/logo\/image\/","url":"https:\/\/gruene-wiesbaden-fuer-europa.de\/wp-content\/uploads\/2024\/04\/Machen-was-zaehlt-5.png","contentUrl":"https:\/\/gruene-wiesbaden-fuer-europa.de\/wp-content\/uploads\/2024\/04\/Machen-was-zaehlt-5.png","width":1772,"height":1772,"caption":"DIE GR\u00dcNEN Wiesbaden"},"image":{"@id":"https:\/\/gruene-wiesbaden.de\/#\/schema\/logo\/image\/"},"sameAs":["https:\/\/www.facebook.com\/gruene.wi","https:\/\/instagram.com\/gruene_wi"]},{"@type":"Person","@id":"https:\/\/gruene-wiesbaden.de\/#\/schema\/person\/6785c34779159cd4fd86886bb097afe9","name":"admin","sameAs":["http:\/\/gruene-wiesbaden-fuer-europa.de"],"url":"https:\/\/gruene-wiesbaden.de\/pl\/author\/admin\/"}]}},"_links":{"self":[{"href":"https:\/\/gruene-wiesbaden.de\/pl\/wp-json\/wp\/v2\/posts\/1346","targetHints":{"allow":["GET"]}}],"collection":[{"href":"https:\/\/gruene-wiesbaden.de\/pl\/wp-json\/wp\/v2\/posts"}],"about":[{"href":"https:\/\/gruene-wiesbaden.de\/pl\/wp-json\/wp\/v2\/types\/post"}],"author":[{"embeddable":true,"href":"https:\/\/gruene-wiesbaden.de\/pl\/wp-json\/wp\/v2\/users\/1"}],"replies":[{"embeddable":true,"href":"https:\/\/gruene-wiesbaden.de\/pl\/wp-json\/wp\/v2\/comments?post=1346"}],"version-history":[{"count":7,"href":"https:\/\/gruene-wiesbaden.de\/pl\/wp-json\/wp\/v2\/posts\/1346\/revisions"}],"predecessor-version":[{"id":1589,"href":"https:\/\/gruene-wiesbaden.de\/pl\/wp-json\/wp\/v2\/posts\/1346\/revisions\/1589"}],"wp:featuredmedia":[{"embeddable":true,"href":"https:\/\/gruene-wiesbaden.de\/pl\/wp-json\/wp\/v2\/media\/1400"}],"wp:attachment":[{"href":"https:\/\/gruene-wiesbaden.de\/pl\/wp-json\/wp\/v2\/media?parent=1346"}],"wp:term":[{"taxonomy":"category","embeddable":true,"href":"https:\/\/gruene-wiesbaden.de\/pl\/wp-json\/wp\/v2\/categories?post=1346"},{"taxonomy":"post_tag","embeddable":true,"href":"https:\/\/gruene-wiesbaden.de\/pl\/wp-json\/wp\/v2\/tags?post=1346"}],"curies":[{"name":"wp","href":"https:\/\/api.w.org\/{rel}","templated":true}]}}