{"id":1337,"date":"2025-11-09T23:50:07","date_gmt":"2025-11-09T21:50:07","guid":{"rendered":"https:\/\/gruene-wiesbaden.de\/?p=1337"},"modified":"2026-04-09T00:18:22","modified_gmt":"2026-04-08T22:18:22","slug":"kultur","status":"publish","type":"post","link":"https:\/\/gruene-wiesbaden.de\/pl\/kultur\/","title":{"rendered":"kultura"},"content":{"rendered":"<section class=\"l-section wpb_row height_medium with_img\"><div class=\"l-section-img\" role=\"img\" data-img-width=\"1080\" data-img-height=\"800\" style=\"background-image: url(https:\/\/gruene-wiesbaden.de\/wp-content\/uploads\/2025\/11\/neuer-Verlauf-gruene-wiesbaden.de_-2-e1762709402177.png);\"><\/div><div class=\"l-section-overlay\" style=\"background:var(--color-header-top-transparent-bg)\"><\/div><div class=\"l-section-h i-cf\"><div class=\"g-cols vc_row via_grid cols_1 laptops-cols_inherit tablets-cols_inherit mobiles-cols_1 valign_top type_default stacking_default\"><div class=\"wpb_column vc_column_container\"><div class=\"vc_column-inner\"><h1 class=\"w-post-elm post_title us_custom_a574d586 has_text_color entry-title\">kultura<\/h1><div class=\"w-separator size_medium\"><\/div><div class=\"g-cols wpb_row via_grid cols_2-1 laptops-cols_inherit tablets-cols_inherit mobiles-cols_1 valign_top type_default stacking_default\" style=\"--columns-gap:3rem;\"><div class=\"wpb_column vc_column_container\"><div class=\"vc_column-inner\"><div class=\"wpb_text_column us_custom_8b3d6790 has_text_color\"><div class=\"wpb_wrapper\"><p><span style=\"font-weight: 400;\">Jest kultura, ale jest o wiele wi\u0119cej: Ich r\u00f3\u017cnorodne oferty stwarzaj\u0105 okazje do spotka\u0144, otwieraj\u0105 nowe perspektywy i zapewniaj\u0105 orientacj\u0119 w codziennym \u017cyciu. Ich si\u0142y od\u015brodkowe maj\u0105 pozytywny wp\u0142yw na rozw\u00f3j osobisty, a tak\u017ce na sp\u00f3jno\u015b\u0107 spo\u0142eczn\u0105. W zwi\u0105zku z tym uczestnictwo w kulturze jest prawem cz\u0142owieka zapisanym w Powszechnej deklaracji praw cz\u0142owieka i Konwencji ONZ o prawach os\u00f3b niepe\u0142nosprawnych.<\/span><\/p>\n<p><span style=\"font-weight: 400;\">Sztuka i kultura s\u0105 dzie\u0107mi wolno\u015bci. Aby rozwija\u0107 si\u0119 i rozwija\u0107, krajobraz kulturowy Wiesbaden musi by\u0107 zachowany w jego r\u00f3\u017cnorodno\u015bci i chroniony przed wszelkimi wp\u0142ywami politycznymi.<\/span><\/p>\n<\/div><\/div><div class=\"w-separator size_medium\"><\/div><div class=\"w-btn-wrapper align_left\"><a class=\"w-btn us-btn-style_8 icon_atleft\" href=\"https:\/\/gruene-wiesbaden.de\/pl\/kommunalwahl\/#Kapitel1\"><i class=\"fas fa-chevron-circle-right\"><\/i><span class=\"w-btn-label\">Powr\u00f3t do przegl\u0105du<\/span><\/a><\/div><\/div><\/div><div class=\"wpb_column vc_column_container\"><div class=\"vc_column-inner\"><div class=\"w-image align_center\"><div class=\"w-image-h\"><img decoding=\"async\" width=\"2560\" height=\"1708\" src=\"https:\/\/gruene-wiesbaden.de\/wp-content\/uploads\/2025\/11\/1.10-Kultur-scaled.jpeg\" class=\"attachment-full size-full\" alt=\"\" loading=\"lazy\" srcset=\"https:\/\/gruene-wiesbaden.de\/wp-content\/uploads\/2025\/11\/1.10-Kultur-scaled.jpeg 2560w, https:\/\/gruene-wiesbaden.de\/wp-content\/uploads\/2025\/11\/1.10-Kultur-400x267.jpeg 400w, https:\/\/gruene-wiesbaden.de\/wp-content\/uploads\/2025\/11\/1.10-Kultur-600x400.jpeg 600w\" sizes=\"auto, (max-width: 2560px) 100vw, 2560px\" \/><\/div><\/div><div class=\"w-separator size_small\"><\/div><\/div><\/div><\/div><div class=\"w-separator size_medium\"><\/div><div class=\"w-separator size_medium\"><\/div><div class=\"wpb_text_column\"><div class=\"wpb_wrapper\"><h1>Co oznacza dla nas zr\u00f3wnowa\u017cone rolnictwo i le\u015bnictwo<\/h1>\n<\/div><\/div><div class=\"w-separator size_large\"><\/div><div class=\"g-cols wpb_row via_grid cols_3 laptops-cols_inherit tablets-cols_inherit mobiles-cols_1 valign_top type_default stacking_default\" style=\"--columns-gap:3rem;\"><div class=\"wpb_column vc_column_container\"><div class=\"vc_column-inner\"><div class=\"w-iconbox us_custom_8b3d6790 has_text_color iconpos_left style_default color_custom align_left\"><div class=\"w-iconbox-icon\" style=\"font-size:2rem;--icon-color:#Ffffff;--icon-bg-color:var(--color-header-middle-bg);\"><i class=\"fas fa-layer-group\"><\/i><\/div><div class=\"w-iconbox-meta\"><h4 class=\"w-iconbox-title\" style=\"font-size:1.5rem;\">Promocja kultury to ochrona demokracji<\/h4><div class=\"w-iconbox-text\"><p><span style=\"font-weight: 400;\">Kultura to co\u015b wi\u0119cej ni\u017c rozrywka. Zach\u0119ca do spotka\u0144, zach\u0119ca do refleksji i wzmacnia nasze demokratyczne wsp\u00f3\u0142istnienie. Kultura pokazuje r\u00f3\u017cne g\u0142osy i style \u017cycia i sprawia, \u017ce s\u0105 one namacalne. \u017byje si\u0119 tu r\u00f3\u017cnorodno\u015bci\u0105 i w\u0142\u0105czeniem spo\u0142ecznym, promuje si\u0119 zdrowie i sp\u00f3jno\u015b\u0107 spo\u0142eczn\u0105.<\/span><\/p>\n<p><span style=\"font-weight: 400;\">Kultura jest zatem kluczowym filarem otwartego i demokratycznego spo\u0142ecze\u0144stwa.<\/span><\/p>\n<p><br style=\"font-weight: 400;\" \/><br style=\"font-weight: 400;\" \/><\/p>\n<\/div><\/div><\/div><\/div><\/div><div class=\"wpb_column vc_column_container\"><div class=\"vc_column-inner\"><div class=\"w-iconbox us_custom_8b3d6790 has_text_color iconpos_left style_default color_custom align_left\"><div class=\"w-iconbox-icon\" style=\"font-size:2rem;--icon-color:#Ffffff;--icon-bg-color:var(--color-header-transparent-text);\"><i class=\"fas fa-layer-group\"><\/i><\/div><div class=\"w-iconbox-meta\"><h4 class=\"w-iconbox-title\" style=\"font-size:1.5rem;\">Kultura jest czynnikiem lokalizacji<\/h4><div class=\"w-iconbox-text\"><p><span style=\"font-weight: 400;\">Atrakcyjna oferta kulturalna wzmacnia turystyk\u0119 Wiesbaden i zwi\u0119ksza atrakcj\u0119 dla osiedli biznesowych, nap\u0142yw wykwalifikowanych pracownik\u00f3w i student\u00f3w oraz wi\u0105\u017ce ludzi z naszym miastem.<\/span><\/p>\n<\/div><\/div><\/div><\/div><\/div><div class=\"wpb_column vc_column_container\"><div class=\"vc_column-inner\"><div class=\"w-iconbox us_custom_8b3d6790 has_text_color iconpos_left style_default color_custom align_left\"><div class=\"w-iconbox-icon\" style=\"font-size:2rem;--icon-color:#Ffffff;--icon-bg-color:var(--color-header-transparent-text);\"><i class=\"fas fa-layer-group\"><\/i><\/div><div class=\"w-iconbox-meta\"><h4 class=\"w-iconbox-title\" style=\"font-size:1.5rem;\">Kultura jako motor rozwoju<\/h4><div class=\"w-iconbox-text\"><p><span style=\"font-weight: 400;\">Kultura bada granice i krytycznie towarzyszy procesom spo\u0142ecznym. Li\u017ce, czuje si\u0119 niekomfortowo i \u0142amie tabu. Kultura jest dziedzin\u0105 eksperymentaln\u0105, w kt\u00f3rej mo\u017cna praktykowa\u0107 demokracj\u0119 i \u017cy\u0107 procesami negocjacyjnymi. Kultura jest zatem nieodzownym impulsem do dalszego rozwoju demokratycznego spo\u0142ecze\u0144stwa zorientowanego na przysz\u0142o\u015b\u0107.<\/span><\/p>\n<\/div><\/div><\/div><\/div><\/div><\/div><div class=\"w-separator size_medium\"><\/div><div class=\"g-cols wpb_row via_grid cols_1-2 laptops-cols_inherit tablets-cols_inherit mobiles-cols_1 valign_top type_default stacking_default\" style=\"--columns-gap:3rem;\"><div class=\"wpb_column vc_column_container\"><div class=\"vc_column-inner\"><div class=\"w-iconbox us_custom_8b3d6790 has_text_color iconpos_left style_default color_custom align_left\"><div class=\"w-iconbox-icon\" style=\"font-size:2rem;--icon-color:#Ffffff;--icon-bg-color:var(--color-header-middle-bg);\"><i class=\"fas fa-layer-group\"><\/i><\/div><div class=\"w-iconbox-meta\"><h4 class=\"w-iconbox-title\" style=\"font-size:1.5rem;\">Kultura tworzy wolno\u015b\u0107<\/h4><div class=\"w-iconbox-text\"><p><span style=\"font-weight: 400;\">Uczestnictwo w kulturze nie jest \u201emi\u0142\u0105 rzecz\u0105\u201d, lecz prawem cz\u0142owieka. Kultura dostarcza inspiracji i zach\u0119ca do refleksji. Edukacja kulturalna poszerza horyzonty, wzmacnia tolerancj\u0119 i poczucie w\u0142asnej skuteczno\u015bci. Przestrzenie kulturalne zapewniaj\u0105 bezpieczne przestrzenie do promowania rozwoju w\u0142asnej to\u017csamo\u015bci. Kultura oferuje prawdziwe wsp\u00f3lne do\u015bwiadczenie i prowadzi razem zamiast dzieli\u0107.<\/span><\/p>\n<p><br style=\"font-weight: 400;\" \/><br style=\"font-weight: 400;\" \/><\/p>\n<\/div><\/div><\/div><\/div><\/div><div class=\"wpb_column vc_column_container\"><div class=\"vc_column-inner\"><div class=\"w-iconbox us_custom_8b3d6790 has_text_color iconpos_left style_default color_custom align_left\"><div class=\"w-iconbox-icon\" style=\"font-size:2rem;--icon-color:#Ffffff;--icon-bg-color:var(--color-header-transparent-text);\"><i class=\"fas fa-layer-group\"><\/i><\/div><div class=\"w-iconbox-meta\"><h4 class=\"w-iconbox-title\" style=\"font-size:1.5rem;\">Kultura to rozw\u00f3j miast<\/h4><div class=\"w-iconbox-text\"><p><span style=\"font-weight: 400;\">R\u00f3wnie\u017c w Wiesbaden rosn\u0105cy handel internetowy pozostawia sw\u00f3j \u015blad. Wolne miejsca pracy rosn\u0105. Sklepy specjalistyczne, a nawet du\u017ce domy towarowe maj\u0105 k\u0142opoty. Opustosza\u0142e centrum miasta jest nie tylko nieatrakcyjne, ale r\u00f3wnie\u017c szybko staje si\u0119 problemem niepewno\u015b\u0107 \u2013 zar\u00f3wno rzeczywista, jak i odczuwalna.<\/span><\/p>\n<p><span style=\"font-weight: 400;\">Kreatywny i kulturalny potencja\u0142 naszego miasta mo\u017ce budowa\u0107 mosty tutaj: Wykorzystanie wolnych miejsc, tworzenie \u201etrzecich miejsc\u201d, rewitalizacja plac\u00f3w z wydarzeniami oraz tworzenie klub\u00f3w i gastronomii tworz\u0105 nowe miejsca spotka\u0144, kt\u00f3re zwi\u0119kszaj\u0105 atrakcyjno\u015b\u0107 centrum miasta.<\/span><\/p>\n<p><br style=\"font-weight: 400;\" \/><br style=\"font-weight: 400;\" \/><\/p>\n<\/div><\/div><\/div><\/div><\/div><\/div><div class=\"w-separator size_medium\"><\/div><div class=\"w-btn-wrapper align_left\"><a class=\"w-btn us-btn-style_8 icon_atleft\" href=\"https:\/\/gruene-wiesbaden.de\/pl\/kommunalwahl\/#Kapitel1\"><i class=\"fas fa-chevron-circle-right\"><\/i><span class=\"w-btn-label\">Powr\u00f3t do przegl\u0105du<\/span><\/a><\/div><div class=\"w-separator size_medium\"><\/div><\/div><\/div><\/div><\/div><\/section><section class=\"l-section wpb_row height_auto with_img\"><div class=\"l-section-img\" role=\"img\" data-img-width=\"2560\" data-img-height=\"1708\" style=\"background-image: url(https:\/\/gruene-wiesbaden.de\/wp-content\/uploads\/2025\/11\/1.10-Kultur-scaled.jpeg);background-repeat: no-repeat;\"><\/div><div class=\"l-section-overlay\" style=\"background:var(--color-header-top-transparent-bg)\"><\/div><div class=\"l-section-h i-cf\"><div class=\"g-cols vc_row via_grid cols_1 laptops-cols_inherit tablets-cols_inherit mobiles-cols_1 valign_middle type_default stacking_default\" style=\"--columns-gap:1rem;\"><div class=\"wpb_column vc_column_container\"><div class=\"vc_column-inner\"><div class=\"w-separator size_large\"><\/div><div class=\"wpb_text_column background_inside_text\"><div class=\"wpb_wrapper\"><h1>Co chcemy zrobi\u0107 konkretnie w tej dziedzinie<\/h1>\n<\/div><\/div><div class=\"w-separator size_medium\"><\/div><div class=\"w-tabs us_custom_42d693a0 has_text_color style_default switch_click accordion has_scrolling\" style=\"--sections-title-size:1.4rem\"><div class=\"w-tabs-sections titles-align_none icon_chevron cpos_right\"><div class=\"w-tabs-section has_text_color\" id=\"qd35\" style=\"background:var(--color-header-transparent-text);color:var(--color-header-top-text-hover);\"><button class=\"w-tabs-section-header\" aria-controls=\"content-qd35\" aria-expanded=\"false\"><div class=\"w-tabs-section-title\">Kultura potrzebuje przestrzeni<\/div><div class=\"w-tabs-section-control\"><\/div><\/button><div  class=\"w-tabs-section-content\" id=\"content-qd35\"><div class=\"w-tabs-section-content-h i-cf\"><div class=\"wpb_text_column\"><div class=\"wpb_wrapper\"><p><span style=\"font-weight: 400;\">K\u00fcnstlerhaus43, VHS, Stadtmuseum, Kreativfabrik, KONTEXT czy Tanzhaus \u2013 wszystkie one s\u0105 szczeg\u00f3lnie zjednoczone: Kultura potrzebuje przestrzeni, ochrony inwentarza i jasnych perspektyw. W zwi\u0105zku z tym wspieramy kulturalny rozw\u00f3j obszar\u00f3w miejskich poprzez ponowne wykorzystanie wakat\u00f3w, dalszy rozw\u00f3j KULTurCAMPu i pojawienie si\u0119 nowych \u201etrzecich miejsc\u201d, takich jak WALHALLA.<\/span><\/p>\n<\/div><\/div><\/div><\/div><\/div><div class=\"w-tabs-section has_text_color\" id=\"xe52\" style=\"background:var(--color-header-transparent-text);color:var(--color-header-top-text-hover);\"><button class=\"w-tabs-section-header\" aria-controls=\"content-xe52\" aria-expanded=\"false\"><div class=\"w-tabs-section-title\">Uczynienie kultury zr\u00f3wnowa\u017con\u0105<\/div><div class=\"w-tabs-section-control\"><\/div><\/button><div  class=\"w-tabs-section-content\" id=\"content-xe52\"><div class=\"w-tabs-section-content-h i-cf\"><div class=\"wpb_text_column\"><div class=\"wpb_wrapper\"><p><span style=\"font-weight: 400;\">Zr\u00f3wnowa\u017cenie \u015brodowiskowe i spo\u0142eczne jest r\u00f3wnie\u017c wa\u017cnym celem w kulturze. Cz\u0119sto jednak brakuje know-how i \u015brodk\u00f3w finansowych na wdra\u017canie zr\u00f3wnowa\u017conych pomys\u0142\u00f3w. Chcemy zatem u\u0142atwi\u0107 dost\u0119p do istniej\u0105cych mo\u017cliwo\u015bci finansowania poprzez doradztwo i usprawni\u0107 transfer wiedzy mi\u0119dzy instytucjami kultury poprzez regularne warsztaty i sta\u0142e wsparcie TourCert i \u00d6koprofit lub bran\u017cowych standard\u00f3w certyfikacji.<\/span><\/p>\n<\/div><\/div><\/div><\/div><\/div><div class=\"w-tabs-section has_text_color\" id=\"rf71\" style=\"background:var(--color-header-transparent-text);color:var(--color-header-top-text-hover);\"><button class=\"w-tabs-section-header\" aria-controls=\"content-rf71\" aria-expanded=\"false\"><div class=\"w-tabs-section-title\">Kultura potrzebuje perspektywy<\/div><div class=\"w-tabs-section-control\"><\/div><\/button><div  class=\"w-tabs-section-content\" id=\"content-rf71\"><div class=\"w-tabs-section-content-h i-cf\"><div class=\"wpb_text_column\"><div class=\"wpb_wrapper\"><p><span style=\"font-weight: 400;\">Promowanie kultury nie jest luksusem, na kt\u00f3ry trzeba sobie pozwoli\u0107. Promowanie kultury to ochrona demokracji. Dlatego szczeg\u00f3lnie wa\u017cne jest, aby w trudnych ekonomicznie i politycznie czasach promocja kultury nie odbywa\u0142a si\u0119 pod kierownictwem. Kiedy dotacje zale\u017c\u0105 od arbitralno\u015bci politycznej, a niepo\u017c\u0105dane tre\u015bci s\u0105 usuwane, kamienie w\u0119gielne naszej demokracji s\u0105 zagro\u017cone. ZIELE\u0143 opowiada si\u0119 zatem za ochron\u0105 naszego zr\u00f3\u017cnicowanego krajobrazu kulturowego, za lobby Rady Doradczej ds.<\/span><\/p>\n<\/div><\/div><\/div><\/div><\/div><div class=\"w-tabs-section has_text_color\" id=\"i0a5\" style=\"background:var(--color-header-middle-bg);color:var(--color-content-heading);\"><button class=\"w-tabs-section-header\" aria-controls=\"content-i0a5\" aria-expanded=\"false\"><div class=\"w-tabs-section-title\">Wzmocnienie wolnej sceny<\/div><div class=\"w-tabs-section-control\"><\/div><\/button><div  class=\"w-tabs-section-content\" id=\"content-i0a5\"><div class=\"w-tabs-section-content-h i-cf\"><div class=\"wpb_text_column\"><div class=\"wpb_wrapper\"><p><span style=\"font-weight: 400;\">Otwarte sceny, studia i o\u015brodki spo\u0142eczno-kulturalne s\u0105 tw\u00f3rczym pr\u00f3chnic\u0105 spo\u0142ecze\u0144stwa. W tym miejscu pojawiaj\u0105 si\u0119 nowe pomys\u0142y i projekty mi\u0119dzysektorowe. My, Zieloni, chcemy podtrzyma\u0107 ich poparcie i po\u0142o\u017cy\u0107 kres dyskryminacji instytucji kulturalnych w mie\u015bcie i na wsi, aby poprawi\u0107 bezpiecze\u0144stwo finansowe artyst\u00f3w i os\u00f3b zawodowo zwi\u0105zanych z kultur\u0105.<\/span><\/p>\n<\/div><\/div><\/div><\/div><\/div><div class=\"w-tabs-section has_text_color\" id=\"d1bb\" style=\"background:var(--color-header-transparent-text);color:var(--color-header-top-text-hover);\"><button class=\"w-tabs-section-header\" aria-controls=\"content-d1bb\" aria-expanded=\"false\"><div class=\"w-tabs-section-title\">Teatru Pa\u0144stwowego i Festiwalu<\/div><div class=\"w-tabs-section-control\"><\/div><\/button><div  class=\"w-tabs-section-content\" id=\"content-d1bb\"><div class=\"w-tabs-section-content-h i-cf\"><div class=\"wpb_text_column\"><div class=\"wpb_wrapper\"><p><span style=\"font-weight: 400;\">Heski Teatr Pa\u0144stwowy z Mi\u0119dzynarodowym Maifestspiele i Biennale w Wiesbaden docieraj\u0105 do wielu os\u00f3b z Wiesbaden i poza granice miasta. Chcemy osi\u0105gn\u0105\u0107 wi\u0119kszy udzia\u0142 kraju w finansowaniu Teatru Pa\u0144stwowego i zobowi\u0105zujemy si\u0119 do otwarcia domu dla jak najwi\u0119kszej liczby grup ludno\u015bci.<\/span><\/p>\n<\/div><\/div><\/div><\/div><\/div><div class=\"w-tabs-section has_text_color\" id=\"l2d1\" style=\"background:var(--color-header-middle-bg);color:var(--color-header-middle-text);\"><button class=\"w-tabs-section-header\" aria-controls=\"content-l2d1\" aria-expanded=\"false\"><div class=\"w-tabs-section-title\">Zwi\u0119kszenie widoczno\u015bci kultury jako czynnika gospodarczego<\/div><div class=\"w-tabs-section-control\"><\/div><\/button><div  class=\"w-tabs-section-content\" id=\"content-l2d1\"><div class=\"w-tabs-section-content-h i-cf\"><div class=\"wpb_text_column\"><div class=\"wpb_wrapper\"><p><span style=\"font-weight: 400;\">R\u00f3\u017cnorodno\u015b\u0107 kulturowa sprawia, \u017ce Wiesbaden jest \u017cywy i atrakcyjny dla turyst\u00f3w, profesjonalist\u00f3w, student\u00f3w i firm. Chcemy jeszcze bardziej uwidoczni\u0107 scen\u0119 kulturaln\u0105 w naszej zewn\u0119trznej prezentacji, jeszcze bardziej wzmocni\u0107 wsp\u00f3\u0142prac\u0119 mi\u0119dzy kultur\u0105, turystyk\u0105 i biznesem oraz zakotwiczy\u0107 kultur\u0119 jako sta\u0142ego partnera wsp\u00f3\u0142pracy na rzecz rozwoju miast.<\/span><\/p>\n<\/div><\/div><\/div><\/div><\/div><div class=\"w-tabs-section has_text_color\" id=\"v404\" style=\"background:var(--color-header-transparent-text);color:var(--color-header-top-text-hover);\"><button class=\"w-tabs-section-header\" aria-controls=\"content-v404\" aria-expanded=\"false\"><div class=\"w-tabs-section-title\">Wspieranie sztuki w przestrzeni publicznej<\/div><div class=\"w-tabs-section-control\"><\/div><\/button><div  class=\"w-tabs-section-content\" id=\"content-v404\"><div class=\"w-tabs-section-content-h i-cf\"><div class=\"wpb_text_column\"><div class=\"wpb_wrapper\"><p><span style=\"font-weight: 400;\">Sztuka w przestrzeni publicznej tworzy miejsca spotka\u0144 i t\u0119tni\u0105ce \u017cyciem przestrzenie wystawiennicze. Promuje lokalnych artyst\u00f3w i zwi\u0119ksza identyfikacj\u0119 z miastem i lokaln\u0105 scen\u0105. Chcemy pracowa\u0107 dla przestrzeni i czasowej wystawy sztuki w przestrzeni publicznej.<\/span><\/p>\n<\/div><\/div><\/div><\/div><\/div><div class=\"w-tabs-section has_text_color\" id=\"k51b\" style=\"background:var(--color-header-transparent-text);color:var(--color-header-top-text-hover);\"><button class=\"w-tabs-section-header\" aria-controls=\"content-k51b\" aria-expanded=\"false\"><div class=\"w-tabs-section-title\">Festiwal Kultury M\u0142odzie\u017cy \u2013 zwi\u0119kszanie mo\u017cliwo\u015bci uczestnictwa<\/div><div class=\"w-tabs-section-control\"><\/div><\/button><div  class=\"w-tabs-section-content\" id=\"content-k51b\"><div class=\"w-tabs-section-content-h i-cf\"><div class=\"wpb_text_column\"><div class=\"wpb_wrapper\"><p><span style=\"font-weight: 400;\">Przyk\u0142ad Festiwalu Kultury M\u0142odzie\u017cowej pokazuje imponuj\u0105co, \u017ce m\u0142odzi ludzie wykazuj\u0105 du\u017ce zainteresowanie nie tylko uczestnictwem w organizacji wydarze\u0144 kulturalnych, ale tak\u017ce ich kszta\u0142towaniem. Chcemy pracowa\u0107 nad poszerzeniem mo\u017cliwo\u015bci uczestnictwa i samodzielnego uczestnictwa w dziedzinie kultury dla m\u0142odych ludzi wraz z partnerami pracy z m\u0142odzie\u017c\u0105 i niezale\u017cn\u0105 scen\u0105.<\/span><\/p>\n<\/div><\/div><\/div><\/div><\/div><div class=\"w-tabs-section has_text_color\" id=\"q642\" style=\"background:var(--color-header-transparent-text);color:var(--color-header-top-text-hover);\"><button class=\"w-tabs-section-header\" aria-controls=\"content-q642\" aria-expanded=\"false\"><div class=\"w-tabs-section-title\">Wzmocnij \u017cycie nocne i aplikacj\u0119 Wszystko Wiesbaden, aby uzyska\u0107 wi\u0119cej informacji na temat wydarze\u0144 w Wiesbaden<\/div><div class=\"w-tabs-section-control\"><\/div><\/button><div  class=\"w-tabs-section-content\" id=\"content-q642\"><div class=\"w-tabs-section-content-h i-cf\"><div class=\"wpb_text_column\"><div class=\"wpb_wrapper\"><p><span style=\"font-weight: 400;\">Aby wzmocni\u0107 \u017cycie nocne w Wiesbaden jako ca\u0142o\u015bci, nadal trzymamy si\u0119 stworzenia miejsca dla nocnego burmistrza. Ma ona na celu po\u0142\u0105czenie r\u00f3\u017cnych podmiot\u00f3w gospodarki nocnej z polityk\u0105, administracj\u0105 i obywatelami, prze\u0142amanie przeszk\u00f3d, stworzenie wzajemnego zrozumienia, pomoc w kszta\u0142towaniu rozwoju miast oraz promowanie osiedlania si\u0119 klub\u00f3w i gastronomii.<\/span><\/p>\n<p><span style=\"font-weight: 400;\">Chcemy r\u00f3wnie\u017c, aby w aplikacji \u201eAlles Wiesbaden\u201d mo\u017cna by\u0142o korzysta\u0107 z mobilnego kalendarza wydarze\u0144 miasta Wiesbaden, a tym samym jeszcze bardziej zwi\u0119kszy\u0107 widoczno\u015b\u0107 kultury.<\/span><\/p>\n<\/div><\/div><\/div><\/div><\/div><\/div><\/div><div class=\"w-separator size_medium\"><\/div><div class=\"w-btn-wrapper align_left\"><a class=\"w-btn us-btn-style_8 icon_atleft\" href=\"https:\/\/gruene-wiesbaden.de\/pl\/kommunalwahl\/#Kapitel1\"><i class=\"fas fa-chevron-circle-right\"><\/i><span class=\"w-btn-label\">Powr\u00f3t do przegl\u0105du<\/span><\/a><\/div><div class=\"w-separator size_large\"><\/div><div class=\"wpb_text_column\"><div class=\"wpb_wrapper\"><h1>Co ju\u017c osi\u0105gn\u0119li\u015bmy<\/h1>\n<\/div><\/div><div class=\"w-separator size_medium\"><\/div><div class=\"w-tabs us_custom_42d693a0 has_text_color style_default switch_click accordion has_scrolling\" style=\"--sections-title-size:1.4rem\"><div class=\"w-tabs-sections titles-align_none icon_chevron cpos_right\"><div class=\"w-tabs-section has_text_color\" id=\"c906\" style=\"background:var(--color-header-transparent-text);color:var(--color-header-top-text-hover);\"><button class=\"w-tabs-section-header\" aria-controls=\"content-c906\" aria-expanded=\"false\"><div class=\"w-tabs-section-title\">Uczestnictwo w kulturze jest prawem cz\u0142owieka<\/div><div class=\"w-tabs-section-control\"><\/div><\/button><div  class=\"w-tabs-section-content\" id=\"content-c906\"><div class=\"w-tabs-section-content-h i-cf\"><div class=\"wpb_text_column\"><div class=\"wpb_wrapper\"><p><span style=\"font-weight: 400;\">Ka\u017cdy powinien mie\u0107 mo\u017cliwo\u015b\u0107 uczestniczenia w kulturze. Dlatego uruchomili\u015bmy bezp\u0142atne cz\u0142onkostwo w bibliotece miejskiej. Aby wprowadzi\u0107 m\u0142odych ludzi w kultur\u0119 na wczesnym etapie, utworzono r\u00f3wnie\u017c program finansowania edukacji kulturalnej w szko\u0142ach. Program finansowania projekt\u00f3w mi\u0119dzykulturowych wspiera w szczeg\u00f3lno\u015bci artyst\u00f3w, stowarzyszenia i inicjatywy z r\u00f3\u017cnych \u015brodowisk kulturowych w celu uruchomienia projekt\u00f3w dla szerokiego grona odbiorc\u00f3w.<\/span><\/p>\n<\/div><\/div><\/div><\/div><\/div><div class=\"w-tabs-section has_text_color\" id=\"wa1e\" style=\"background:var(--color-header-transparent-text);color:var(--color-header-top-text-hover);\"><button class=\"w-tabs-section-header\" aria-controls=\"content-wa1e\" aria-expanded=\"false\"><div class=\"w-tabs-section-title\">O\u017cywienie centrum miasta<\/div><div class=\"w-tabs-section-control\"><\/div><\/button><div  class=\"w-tabs-section-content\" id=\"content-wa1e\"><div class=\"w-tabs-section-content-h i-cf\"><div class=\"wpb_text_column\"><div class=\"wpb_wrapper\"><p><span style=\"font-weight: 400;\">Wraz z przeniesieniem VHS do centrum miasta i rozpocz\u0119ciem renowacji Walhalla jako trzeciej lokalizacji, realizowane s\u0105 dwa pierwsze projekty, kt\u00f3re we wsp\u00f3\u0142pracy z instytucjami kulturalnymi i edukacyjnymi maj\u0105 na celu zwi\u0119kszenie atrakcyjno\u015bci centrum Wiesbaden.<\/span><\/p>\n<\/div><\/div><\/div><\/div><\/div><div class=\"w-tabs-section has_text_color\" id=\"nb7f\" style=\"background:var(--color-header-transparent-text);color:var(--color-header-top-text-hover);\"><button class=\"w-tabs-section-header\" aria-controls=\"content-nb7f\" aria-expanded=\"false\"><div class=\"w-tabs-section-title\">Zr\u00f3wnowa\u017cony rozw\u00f3j w kulturze<\/div><div class=\"w-tabs-section-control\"><\/div><\/button><div  class=\"w-tabs-section-content\" id=\"content-nb7f\"><div class=\"w-tabs-section-content-h i-cf\"><div class=\"wpb_text_column\"><div class=\"wpb_wrapper\"><p><span style=\"font-weight: 400;\">Wraz z sieci\u0105 partnersk\u0105 TourCert jest r\u00f3wnie\u017c wdra\u017cany jako certyfikacja dla instytucji kultury. Eco-profit jest r\u00f3wnie\u017c otwarty dla instytucji kulturalnych. Po\u017cyczanie zamiast kupowania zmniejsza zu\u017cycie zasob\u00f3w i indywidualny \u015blad ekologiczny. Dla zr\u00f3wnowa\u017conego wykorzystania zasob\u00f3w przewidzieli\u015bmy utworzenie biblioteki rzeczy w bibliotece miejskiej, gdzie przedmioty codziennego u\u017cytku mog\u0105 by\u0107 wypo\u017cyczane bezp\u0142atnie.<\/span><span style=\"font-weight: 400;\"><br \/>\n<\/span><span style=\"font-weight: 400;\">W pa\u017adzierniku 2025 r. miasto Wiesbaden zorganizuje pierwsz\u0105 du\u017c\u0105 konferencj\u0119 na temat zr\u00f3wnowa\u017conego rozwoju z instytucjami kulturalnymi Wiesbaden w celu promowania transferu wiedzy i wymiany mi\u0119dzy instytucjami kulturalnymi.<\/span><\/p>\n<\/div><\/div><\/div><\/div><\/div><div class=\"w-tabs-section has_text_color\" id=\"oc97\" style=\"background:var(--color-header-middle-bg);color:var(--color-content-heading);\"><button class=\"w-tabs-section-header\" aria-controls=\"content-oc97\" aria-expanded=\"false\"><div class=\"w-tabs-section-title\">Przejrzysto\u015b\u0107 w promowaniu kultury<\/div><div class=\"w-tabs-section-control\"><\/div><\/button><div  class=\"w-tabs-section-content\" id=\"content-oc97\"><div class=\"w-tabs-section-content-h i-cf\"><div class=\"wpb_text_column\"><div class=\"wpb_wrapper\"><p><span style=\"font-weight: 400;\">W celu osi\u0105gni\u0119cia przejrzysto\u015bci i zminimalizowania wp\u0142ywu polityki na promocj\u0119 kultury powo\u0142ano wyspecjalizowan\u0105 rad\u0119 doradcz\u0105, a jej zalecenia dotycz\u0105ce wsparcia instytucjonalnego zosta\u0142y w du\u017cej mierze wdro\u017cone. Plan rozwoju kultury jest realizowany sukcesywnie.<\/span><\/p>\n<\/div><\/div><\/div><\/div><\/div><\/div><\/div><div class=\"w-separator size_medium\"><\/div><div class=\"w-btn-wrapper align_left\"><a class=\"w-btn us-btn-style_8 icon_atleft\" href=\"https:\/\/gruene-wiesbaden.de\/pl\/kommunalwahl\/#Kapitel1\"><i class=\"fas fa-chevron-circle-right\"><\/i><span class=\"w-btn-label\">Powr\u00f3t do przegl\u0105du<\/span><\/a><\/div><div class=\"w-separator size_large\"><\/div><\/div><\/div><\/div><\/div><\/section>","protected":false},"excerpt":{"rendered":"CultureCulture utrzymuje, ale jest o wiele wi\u0119cej: Ich r\u00f3\u017cnorodne oferty stwarzaj\u0105 okazje do spotka\u0144, otwieraj\u0105 nowe perspektywy i zapewniaj\u0105 orientacj\u0119 w codziennym \u017cyciu. Ich si\u0142y od\u015brodkowe maj\u0105 pozytywny wp\u0142yw na rozw\u00f3j osobisty, a tak\u017ce na sp\u00f3jno\u015b\u0107 spo\u0142eczn\u0105. W zwi\u0105zku z tym uczestnictwo w kulturze jest prawem cz\u0142owieka uznanym w Powszechnej deklaracji praw cz\u0142owieka i Konwencji ONZ o prawach os\u00f3b niepe\u0142nosprawnych.","protected":false},"author":1,"featured_media":1513,"comment_status":"closed","ping_status":"closed","sticky":false,"template":"","format":"standard","meta":{"footnotes":""},"categories":[14],"tags":[],"class_list":["post-1337","post","type-post","status-publish","format-standard","has-post-thumbnail","hentry","category-kapitel-1"],"yoast_head":"<!-- This site is optimized with the Yoast SEO plugin v27.5 - https:\/\/yoast.com\/product\/yoast-seo-wordpress\/ -->\n<title>Kultur - B\u00dcNDNIS 90\/DIE GR\u00dcNEN Wiesbaden<\/title>\n<meta name=\"robots\" content=\"index, follow, max-snippet:-1, max-image-preview:large, max-video-preview:-1\" \/>\n<link rel=\"canonical\" href=\"https:\/\/gruene-wiesbaden.de\/pl\/kultur\/\" \/>\n<meta property=\"og:locale\" content=\"pl_PL\" \/>\n<meta property=\"og:type\" content=\"article\" \/>\n<meta property=\"og:title\" content=\"Kultur - B\u00dcNDNIS 90\/DIE GR\u00dcNEN Wiesbaden\" \/>\n<meta property=\"og:url\" content=\"https:\/\/gruene-wiesbaden.de\/pl\/kultur\/\" \/>\n<meta property=\"og:site_name\" content=\"B\u00dcNDNIS 90\/DIE GR\u00dcNEN Wiesbaden\" \/>\n<meta property=\"article:publisher\" content=\"https:\/\/www.facebook.com\/gruene.wi\" \/>\n<meta property=\"article:published_time\" content=\"2025-11-09T21:50:07+00:00\" \/>\n<meta property=\"article:modified_time\" content=\"2026-04-08T22:18:22+00:00\" \/>\n<meta property=\"og:image\" content=\"https:\/\/gruene-wiesbaden.de\/wp-content\/uploads\/2025\/11\/1.10-Kultur-scaled.jpeg\" \/>\n\t<meta property=\"og:image:width\" content=\"2560\" \/>\n\t<meta property=\"og:image:height\" content=\"1708\" \/>\n\t<meta property=\"og:image:type\" content=\"image\/jpeg\" \/>\n<meta name=\"author\" content=\"admin\" \/>\n<meta name=\"twitter:card\" content=\"summary_large_image\" \/>\n<meta name=\"twitter:label1\" content=\"Napisane przez\" \/>\n\t<meta name=\"twitter:data1\" content=\"admin\" \/>\n\t<meta name=\"twitter:label2\" content=\"Szacowany czas czytania\" \/>\n\t<meta name=\"twitter:data2\" content=\"8 minutes\" \/>\n<script type=\"application\/ld+json\" class=\"yoast-schema-graph\">{\"@context\":\"https:\\\/\\\/schema.org\",\"@graph\":[{\"@type\":\"Article\",\"@id\":\"https:\\\/\\\/gruene-wiesbaden.de\\\/kultur\\\/#article\",\"isPartOf\":{\"@id\":\"https:\\\/\\\/gruene-wiesbaden.de\\\/kultur\\\/\"},\"author\":{\"name\":\"admin\",\"@id\":\"https:\\\/\\\/gruene-wiesbaden.de\\\/#\\\/schema\\\/person\\\/6785c34779159cd4fd86886bb097afe9\"},\"headline\":\"Kultur\",\"datePublished\":\"2025-11-09T21:50:07+00:00\",\"dateModified\":\"2026-04-08T22:18:22+00:00\",\"mainEntityOfPage\":{\"@id\":\"https:\\\/\\\/gruene-wiesbaden.de\\\/kultur\\\/\"},\"wordCount\":2309,\"publisher\":{\"@id\":\"https:\\\/\\\/gruene-wiesbaden.de\\\/#organization\"},\"image\":{\"@id\":\"https:\\\/\\\/gruene-wiesbaden.de\\\/kultur\\\/#primaryimage\"},\"thumbnailUrl\":\"https:\\\/\\\/gruene-wiesbaden.de\\\/wp-content\\\/uploads\\\/2025\\\/11\\\/1.10-Kultur-scaled.jpeg\",\"articleSection\":[\"Kapitel 1\"],\"inLanguage\":\"pl-PL\"},{\"@type\":\"WebPage\",\"@id\":\"https:\\\/\\\/gruene-wiesbaden.de\\\/kultur\\\/\",\"url\":\"https:\\\/\\\/gruene-wiesbaden.de\\\/kultur\\\/\",\"name\":\"Kultur - B\u00dcNDNIS 90\\\/DIE GR\u00dcNEN Wiesbaden\",\"isPartOf\":{\"@id\":\"https:\\\/\\\/gruene-wiesbaden.de\\\/#website\"},\"primaryImageOfPage\":{\"@id\":\"https:\\\/\\\/gruene-wiesbaden.de\\\/kultur\\\/#primaryimage\"},\"image\":{\"@id\":\"https:\\\/\\\/gruene-wiesbaden.de\\\/kultur\\\/#primaryimage\"},\"thumbnailUrl\":\"https:\\\/\\\/gruene-wiesbaden.de\\\/wp-content\\\/uploads\\\/2025\\\/11\\\/1.10-Kultur-scaled.jpeg\",\"datePublished\":\"2025-11-09T21:50:07+00:00\",\"dateModified\":\"2026-04-08T22:18:22+00:00\",\"breadcrumb\":{\"@id\":\"https:\\\/\\\/gruene-wiesbaden.de\\\/kultur\\\/#breadcrumb\"},\"inLanguage\":\"pl-PL\",\"potentialAction\":[{\"@type\":\"ReadAction\",\"target\":[\"https:\\\/\\\/gruene-wiesbaden.de\\\/kultur\\\/\"]}]},{\"@type\":\"ImageObject\",\"inLanguage\":\"pl-PL\",\"@id\":\"https:\\\/\\\/gruene-wiesbaden.de\\\/kultur\\\/#primaryimage\",\"url\":\"https:\\\/\\\/gruene-wiesbaden.de\\\/wp-content\\\/uploads\\\/2025\\\/11\\\/1.10-Kultur-scaled.jpeg\",\"contentUrl\":\"https:\\\/\\\/gruene-wiesbaden.de\\\/wp-content\\\/uploads\\\/2025\\\/11\\\/1.10-Kultur-scaled.jpeg\",\"width\":2560,\"height\":1708},{\"@type\":\"BreadcrumbList\",\"@id\":\"https:\\\/\\\/gruene-wiesbaden.de\\\/kultur\\\/#breadcrumb\",\"itemListElement\":[{\"@type\":\"ListItem\",\"position\":1,\"name\":\"Startseite\",\"item\":\"https:\\\/\\\/gruene-wiesbaden.de\\\/\"},{\"@type\":\"ListItem\",\"position\":2,\"name\":\"Kultur\"}]},{\"@type\":\"WebSite\",\"@id\":\"https:\\\/\\\/gruene-wiesbaden.de\\\/#website\",\"url\":\"https:\\\/\\\/gruene-wiesbaden.de\\\/\",\"name\":\"DIE GR\u00dcNEN Wiesbaden\",\"description\":\"\",\"publisher\":{\"@id\":\"https:\\\/\\\/gruene-wiesbaden.de\\\/#organization\"},\"potentialAction\":[{\"@type\":\"SearchAction\",\"target\":{\"@type\":\"EntryPoint\",\"urlTemplate\":\"https:\\\/\\\/gruene-wiesbaden.de\\\/?s={search_term_string}\"},\"query-input\":{\"@type\":\"PropertyValueSpecification\",\"valueRequired\":true,\"valueName\":\"search_term_string\"}}],\"inLanguage\":\"pl-PL\"},{\"@type\":\"Organization\",\"@id\":\"https:\\\/\\\/gruene-wiesbaden.de\\\/#organization\",\"name\":\"DIE GR\u00dcNEN Wiesbaden\",\"url\":\"https:\\\/\\\/gruene-wiesbaden.de\\\/\",\"logo\":{\"@type\":\"ImageObject\",\"inLanguage\":\"pl-PL\",\"@id\":\"https:\\\/\\\/gruene-wiesbaden.de\\\/#\\\/schema\\\/logo\\\/image\\\/\",\"url\":\"https:\\\/\\\/gruene-wiesbaden-fuer-europa.de\\\/wp-content\\\/uploads\\\/2024\\\/04\\\/Machen-was-zaehlt-5.png\",\"contentUrl\":\"https:\\\/\\\/gruene-wiesbaden-fuer-europa.de\\\/wp-content\\\/uploads\\\/2024\\\/04\\\/Machen-was-zaehlt-5.png\",\"width\":1772,\"height\":1772,\"caption\":\"DIE GR\u00dcNEN Wiesbaden\"},\"image\":{\"@id\":\"https:\\\/\\\/gruene-wiesbaden.de\\\/#\\\/schema\\\/logo\\\/image\\\/\"},\"sameAs\":[\"https:\\\/\\\/www.facebook.com\\\/gruene.wi\",\"https:\\\/\\\/instagram.com\\\/gruene_wi\"]},{\"@type\":\"Person\",\"@id\":\"https:\\\/\\\/gruene-wiesbaden.de\\\/#\\\/schema\\\/person\\\/6785c34779159cd4fd86886bb097afe9\",\"name\":\"admin\",\"sameAs\":[\"http:\\\/\\\/gruene-wiesbaden-fuer-europa.de\"],\"url\":\"https:\\\/\\\/gruene-wiesbaden.de\\\/pl\\\/author\\\/admin\\\/\"}]}<\/script>\n<!-- \/ Yoast SEO plugin. -->","yoast_head_json":{"title":"Kultur - B\u00dcNDNIS 90\/DIE GR\u00dcNEN Wiesbaden","robots":{"index":"index","follow":"follow","max-snippet":"max-snippet:-1","max-image-preview":"max-image-preview:large","max-video-preview":"max-video-preview:-1"},"canonical":"https:\/\/gruene-wiesbaden.de\/pl\/kultur\/","og_locale":"pl_PL","og_type":"article","og_title":"Kultur - B\u00dcNDNIS 90\/DIE GR\u00dcNEN Wiesbaden","og_url":"https:\/\/gruene-wiesbaden.de\/pl\/kultur\/","og_site_name":"B\u00dcNDNIS 90\/DIE GR\u00dcNEN Wiesbaden","article_publisher":"https:\/\/www.facebook.com\/gruene.wi","article_published_time":"2025-11-09T21:50:07+00:00","article_modified_time":"2026-04-08T22:18:22+00:00","og_image":[{"width":2560,"height":1708,"url":"https:\/\/gruene-wiesbaden.de\/wp-content\/uploads\/2025\/11\/1.10-Kultur-scaled.jpeg","type":"image\/jpeg"}],"author":"admin","twitter_card":"summary_large_image","twitter_misc":{"Napisane przez":"admin","Szacowany czas czytania":"8 minutes"},"schema":{"@context":"https:\/\/schema.org","@graph":[{"@type":"Article","@id":"https:\/\/gruene-wiesbaden.de\/kultur\/#article","isPartOf":{"@id":"https:\/\/gruene-wiesbaden.de\/kultur\/"},"author":{"name":"admin","@id":"https:\/\/gruene-wiesbaden.de\/#\/schema\/person\/6785c34779159cd4fd86886bb097afe9"},"headline":"Kultur","datePublished":"2025-11-09T21:50:07+00:00","dateModified":"2026-04-08T22:18:22+00:00","mainEntityOfPage":{"@id":"https:\/\/gruene-wiesbaden.de\/kultur\/"},"wordCount":2309,"publisher":{"@id":"https:\/\/gruene-wiesbaden.de\/#organization"},"image":{"@id":"https:\/\/gruene-wiesbaden.de\/kultur\/#primaryimage"},"thumbnailUrl":"https:\/\/gruene-wiesbaden.de\/wp-content\/uploads\/2025\/11\/1.10-Kultur-scaled.jpeg","articleSection":["Kapitel 1"],"inLanguage":"pl-PL"},{"@type":"WebPage","@id":"https:\/\/gruene-wiesbaden.de\/kultur\/","url":"https:\/\/gruene-wiesbaden.de\/kultur\/","name":"Kultur - B\u00dcNDNIS 90\/DIE GR\u00dcNEN Wiesbaden","isPartOf":{"@id":"https:\/\/gruene-wiesbaden.de\/#website"},"primaryImageOfPage":{"@id":"https:\/\/gruene-wiesbaden.de\/kultur\/#primaryimage"},"image":{"@id":"https:\/\/gruene-wiesbaden.de\/kultur\/#primaryimage"},"thumbnailUrl":"https:\/\/gruene-wiesbaden.de\/wp-content\/uploads\/2025\/11\/1.10-Kultur-scaled.jpeg","datePublished":"2025-11-09T21:50:07+00:00","dateModified":"2026-04-08T22:18:22+00:00","breadcrumb":{"@id":"https:\/\/gruene-wiesbaden.de\/kultur\/#breadcrumb"},"inLanguage":"pl-PL","potentialAction":[{"@type":"ReadAction","target":["https:\/\/gruene-wiesbaden.de\/kultur\/"]}]},{"@type":"ImageObject","inLanguage":"pl-PL","@id":"https:\/\/gruene-wiesbaden.de\/kultur\/#primaryimage","url":"https:\/\/gruene-wiesbaden.de\/wp-content\/uploads\/2025\/11\/1.10-Kultur-scaled.jpeg","contentUrl":"https:\/\/gruene-wiesbaden.de\/wp-content\/uploads\/2025\/11\/1.10-Kultur-scaled.jpeg","width":2560,"height":1708},{"@type":"BreadcrumbList","@id":"https:\/\/gruene-wiesbaden.de\/kultur\/#breadcrumb","itemListElement":[{"@type":"ListItem","position":1,"name":"Startseite","item":"https:\/\/gruene-wiesbaden.de\/"},{"@type":"ListItem","position":2,"name":"Kultur"}]},{"@type":"WebSite","@id":"https:\/\/gruene-wiesbaden.de\/#website","url":"https:\/\/gruene-wiesbaden.de\/","name":"DIE GR\u00dcNEN Wiesbaden","description":"","publisher":{"@id":"https:\/\/gruene-wiesbaden.de\/#organization"},"potentialAction":[{"@type":"SearchAction","target":{"@type":"EntryPoint","urlTemplate":"https:\/\/gruene-wiesbaden.de\/?s={search_term_string}"},"query-input":{"@type":"PropertyValueSpecification","valueRequired":true,"valueName":"search_term_string"}}],"inLanguage":"pl-PL"},{"@type":"Organization","@id":"https:\/\/gruene-wiesbaden.de\/#organization","name":"DIE GR\u00dcNEN Wiesbaden","url":"https:\/\/gruene-wiesbaden.de\/","logo":{"@type":"ImageObject","inLanguage":"pl-PL","@id":"https:\/\/gruene-wiesbaden.de\/#\/schema\/logo\/image\/","url":"https:\/\/gruene-wiesbaden-fuer-europa.de\/wp-content\/uploads\/2024\/04\/Machen-was-zaehlt-5.png","contentUrl":"https:\/\/gruene-wiesbaden-fuer-europa.de\/wp-content\/uploads\/2024\/04\/Machen-was-zaehlt-5.png","width":1772,"height":1772,"caption":"DIE GR\u00dcNEN Wiesbaden"},"image":{"@id":"https:\/\/gruene-wiesbaden.de\/#\/schema\/logo\/image\/"},"sameAs":["https:\/\/www.facebook.com\/gruene.wi","https:\/\/instagram.com\/gruene_wi"]},{"@type":"Person","@id":"https:\/\/gruene-wiesbaden.de\/#\/schema\/person\/6785c34779159cd4fd86886bb097afe9","name":"admin","sameAs":["http:\/\/gruene-wiesbaden-fuer-europa.de"],"url":"https:\/\/gruene-wiesbaden.de\/pl\/author\/admin\/"}]}},"_links":{"self":[{"href":"https:\/\/gruene-wiesbaden.de\/pl\/wp-json\/wp\/v2\/posts\/1337","targetHints":{"allow":["GET"]}}],"collection":[{"href":"https:\/\/gruene-wiesbaden.de\/pl\/wp-json\/wp\/v2\/posts"}],"about":[{"href":"https:\/\/gruene-wiesbaden.de\/pl\/wp-json\/wp\/v2\/types\/post"}],"author":[{"embeddable":true,"href":"https:\/\/gruene-wiesbaden.de\/pl\/wp-json\/wp\/v2\/users\/1"}],"replies":[{"embeddable":true,"href":"https:\/\/gruene-wiesbaden.de\/pl\/wp-json\/wp\/v2\/comments?post=1337"}],"version-history":[{"count":9,"href":"https:\/\/gruene-wiesbaden.de\/pl\/wp-json\/wp\/v2\/posts\/1337\/revisions"}],"predecessor-version":[{"id":2375,"href":"https:\/\/gruene-wiesbaden.de\/pl\/wp-json\/wp\/v2\/posts\/1337\/revisions\/2375"}],"wp:featuredmedia":[{"embeddable":true,"href":"https:\/\/gruene-wiesbaden.de\/pl\/wp-json\/wp\/v2\/media\/1513"}],"wp:attachment":[{"href":"https:\/\/gruene-wiesbaden.de\/pl\/wp-json\/wp\/v2\/media?parent=1337"}],"wp:term":[{"taxonomy":"category","embeddable":true,"href":"https:\/\/gruene-wiesbaden.de\/pl\/wp-json\/wp\/v2\/categories?post=1337"},{"taxonomy":"post_tag","embeddable":true,"href":"https:\/\/gruene-wiesbaden.de\/pl\/wp-json\/wp\/v2\/tags?post=1337"}],"curies":[{"name":"wp","href":"https:\/\/api.w.org\/{rel}","templated":true}]}}