{"id":1335,"date":"2025-11-09T23:49:11","date_gmt":"2025-11-09T21:49:11","guid":{"rendered":"https:\/\/gruene-wiesbaden.de\/?p=1335"},"modified":"2026-04-09T00:16:13","modified_gmt":"2026-04-08T22:16:13","slug":"digitale-infrastruktur-und-digitale-services-fuer-alle","status":"publish","type":"post","link":"https:\/\/gruene-wiesbaden.de\/pl\/digitale-infrastruktur-und-digitale-services-fuer-alle\/","title":{"rendered":"Infrastruktura cyfrowa i us\u0142ugi cyfrowe dla wszystkich"},"content":{"rendered":"<section class=\"l-section wpb_row height_medium with_img\"><div class=\"l-section-img\" role=\"img\" data-img-width=\"1080\" data-img-height=\"800\" style=\"background-image: url(https:\/\/gruene-wiesbaden.de\/wp-content\/uploads\/2025\/11\/neuer-Verlauf-gruene-wiesbaden.de_-2-e1762709402177.png);\"><\/div><div class=\"l-section-overlay\" style=\"background:var(--color-header-top-transparent-bg)\"><\/div><div class=\"l-section-h i-cf\"><div class=\"g-cols vc_row via_grid cols_1 laptops-cols_inherit tablets-cols_inherit mobiles-cols_1 valign_top type_default stacking_default\"><div class=\"wpb_column vc_column_container\"><div class=\"vc_column-inner\"><h1 class=\"w-post-elm post_title us_custom_a574d586 has_text_color entry-title\">Infrastruktura cyfrowa i us\u0142ugi cyfrowe dla wszystkich<\/h1><div class=\"w-separator size_medium\"><\/div><div class=\"g-cols wpb_row via_grid cols_2-1 laptops-cols_inherit tablets-cols_inherit mobiles-cols_1 valign_top type_default stacking_default\" style=\"--columns-gap:3rem;\"><div class=\"wpb_column vc_column_container\"><div class=\"vc_column-inner\"><div class=\"wpb_text_column us_custom_8b3d6790 has_text_color\"><div class=\"wpb_wrapper\"><p><span style=\"font-weight: 400;\">Us\u0142ugi cyfrowe s\u0105 czym\u015b wi\u0119cej ni\u017c tylko narz\u0119dziami technicznymi \u2013 maj\u0105 kluczowe znaczenie dla zapewnienia szybkiego, \u0142atwego i przejrzystego funkcjonowania administracji dla wszystkich Wiesbadener\u00f3w. U\u0142atwiaj\u0105 one codzienne \u017cycie, u\u0142atwiaj\u0105c dokonywanie rejestracji, umawianie si\u0119 na spotkania w Biurze Obywatelskim lub sk\u0142adanie wniosk\u00f3w o dotacje online.<\/span><\/p>\n<p><span style=\"font-weight: 400;\">Uczestnictwo cyfrowe jest czym\u015b wi\u0119cej ni\u017c tylko po\u0142\u0105czeniem internetowym \u2013 jest warunkiem wst\u0119pnym r\u00f3wnych szans i uczestnictwa w \u017cyciu spo\u0142ecznym. My, Zieloni, chcemy, aby wszyscy mieszka\u0144cy Wiesbaden w r\u00f3wnym stopniu korzystali z mo\u017cliwo\u015bci oferowanych przez cyfryzacj\u0119. Oznacza to dost\u0119pne oferty, mo\u017cliwo\u015bci cyfrowego uczenia si\u0119 i wsparcie w nabywaniu umiej\u0119tno\u015bci, tak aby nikt nie zosta\u0142 pomini\u0119ty.<\/span><\/p>\n<p><span style=\"font-weight: 400;\">Chcemy przyspieszy\u0107 rozw\u00f3j infrastruktury cyfrowej i inteligentnych us\u0142ug, poniewa\u017c zwi\u0119kszy to uczestnictwo, wydajno\u015b\u0107 i jako\u015b\u0107 \u017cycia w naszym mie\u015bcie. Opieramy si\u0119 na zabezpieczeniach, niezale\u017cno\u015bci i rozwi\u0105zaniach open source, aby chroni\u0107 dane i unika\u0107 zale\u017cno\u015bci.<\/span><\/p>\n<\/div><\/div><div class=\"w-separator size_medium\"><\/div><div class=\"w-btn-wrapper align_left\"><a class=\"w-btn us-btn-style_8 icon_atleft\" href=\"https:\/\/gruene-wiesbaden.de\/pl\/kommunalwahl\/#Kapitel1\"><i class=\"fas fa-chevron-circle-right\"><\/i><span class=\"w-btn-label\">Powr\u00f3t do przegl\u0105du<\/span><\/a><\/div><\/div><\/div><div class=\"wpb_column vc_column_container\"><div class=\"vc_column-inner\"><div class=\"w-image align_center\"><div class=\"w-image-h\"><img decoding=\"async\" width=\"1991\" height=\"2560\" src=\"https:\/\/gruene-wiesbaden.de\/wp-content\/uploads\/2025\/11\/1.8-Digitale-Infrastruktur-und-digitale-Services-fuer-alle-scaled.jpeg\" class=\"attachment-full size-full\" alt=\"\" loading=\"lazy\" srcset=\"https:\/\/gruene-wiesbaden.de\/wp-content\/uploads\/2025\/11\/1.8-Digitale-Infrastruktur-und-digitale-Services-fuer-alle-scaled.jpeg 1991w, https:\/\/gruene-wiesbaden.de\/wp-content\/uploads\/2025\/11\/1.8-Digitale-Infrastruktur-und-digitale-Services-fuer-alle-311x400.jpeg 311w, https:\/\/gruene-wiesbaden.de\/wp-content\/uploads\/2025\/11\/1.8-Digitale-Infrastruktur-und-digitale-Services-fuer-alle-467x600.jpeg 467w\" sizes=\"auto, (max-width: 1991px) 100vw, 1991px\" \/><\/div><\/div><div class=\"w-separator size_small\"><\/div><\/div><\/div><\/div><div class=\"w-separator size_medium\"><\/div><div class=\"w-separator size_medium\"><\/div><div class=\"wpb_text_column\"><div class=\"wpb_wrapper\"><h1>Co polityka w zakresie infrastruktury cyfrowej i us\u0142ug cyfrowych oznacza dla nas wszystkich<\/h1>\n<\/div><\/div><div class=\"w-separator size_large\"><\/div><div class=\"g-cols wpb_row via_grid cols_3 laptops-cols_inherit tablets-cols_inherit mobiles-cols_1 valign_top type_default stacking_default\" style=\"--columns-gap:3rem;\"><div class=\"wpb_column vc_column_container\"><div class=\"vc_column-inner\"><div class=\"w-iconbox us_custom_8b3d6790 has_text_color iconpos_left style_default color_custom align_left\"><div class=\"w-iconbox-icon\" style=\"font-size:2rem;--icon-color:#Ffffff;--icon-bg-color:var(--color-header-middle-bg);\"><i class=\"fas fa-layer-group\"><\/i><\/div><div class=\"w-iconbox-meta\"><h4 class=\"w-iconbox-title\" style=\"font-size:1.5rem;\">Zapewnienie uczestnictwa cyfrowego<\/h4><div class=\"w-iconbox-text\"><p><span style=\"font-weight: 400;\">Cyfryzacja musi by\u0107 korzystna dla wszystkich, niezale\u017cnie od dochod\u00f3w, wieku czy pochodzenia. Chcemy mie\u0107 pewno\u015b\u0107, \u017ce nikt nie zostanie pomini\u0119ty.<\/span><\/p>\n<\/div><\/div><\/div><\/div><\/div><div class=\"wpb_column vc_column_container\"><div class=\"vc_column-inner\"><div class=\"w-iconbox us_custom_8b3d6790 has_text_color iconpos_left style_default color_custom align_left\"><div class=\"w-iconbox-icon\" style=\"font-size:2rem;--icon-color:#Ffffff;--icon-bg-color:var(--color-header-transparent-text);\"><i class=\"fas fa-layer-group\"><\/i><\/div><div class=\"w-iconbox-meta\"><h4 class=\"w-iconbox-title\" style=\"font-size:1.5rem;\">Us\u0142uga cyfrowa, prosta<\/h4><div class=\"w-iconbox-text\"><p><span style=\"font-weight: 400;\">Oferty cyfrowe musz\u0105 by\u0107 szybkie, przyjazne dla u\u017cytkownika i nieskomplikowane \u2013 z wyra\u017anym ukierunkowaniem na codzienne \u017cycie obywateli zamiast na oficjaln\u0105 logik\u0119.<\/span><\/p>\n<\/div><\/div><\/div><\/div><\/div><div class=\"wpb_column vc_column_container\"><div class=\"vc_column-inner\"><div class=\"w-iconbox us_custom_8b3d6790 has_text_color iconpos_left style_default color_custom align_left\"><div class=\"w-iconbox-icon\" style=\"font-size:2rem;--icon-color:#Ffffff;--icon-bg-color:var(--color-header-transparent-text);\"><i class=\"fas fa-layer-group\"><\/i><\/div><div class=\"w-iconbox-meta\"><h4 class=\"w-iconbox-title\" style=\"font-size:1.5rem;\">Odpowiedzialne korzystanie ze sztucznej inteligencji<\/h4><div class=\"w-iconbox-text\"><p><span style=\"font-weight: 400;\">Sztuczna inteligencja powinna sprawi\u0107, \u017ce Wiesbaden b\u0119dzie inteligentniejszy: poprzez efektywne zarz\u0105dzanie i lepsze us\u0142ugi. Odnosi si\u0119 to do nas w nast\u0119puj\u0105cy spos\u00f3b: Ochrona danych, przejrzysto\u015b\u0107 i standardy etyczne zawsze maj\u0105 pierwsze\u0144stwo.<\/span><\/p>\n<p><br style=\"font-weight: 400;\" \/><br style=\"font-weight: 400;\" \/><\/p>\n<\/div><\/div><\/div><\/div><\/div><\/div><div class=\"w-separator size_medium\"><\/div><div class=\"g-cols wpb_row via_grid cols_3 laptops-cols_inherit tablets-cols_inherit mobiles-cols_1 valign_top type_default stacking_default\" style=\"--columns-gap:3rem;\"><div class=\"wpb_column vc_column_container\"><div class=\"vc_column-inner\"><div class=\"w-iconbox us_custom_8b3d6790 has_text_color iconpos_left style_default color_custom align_left\"><div class=\"w-iconbox-icon\" style=\"font-size:2rem;--icon-color:#Ffffff;--icon-bg-color:var(--color-header-middle-bg);\"><i class=\"fas fa-layer-group\"><\/i><\/div><div class=\"w-iconbox-meta\"><h4 class=\"w-iconbox-title\" style=\"font-size:1.5rem;\">Suwerenny i bezpieczny<\/h4><div class=\"w-iconbox-text\"><p><span style=\"font-weight: 400;\">Opieramy si\u0119 na otwartym oprogramowaniu, ochronie danych i wysokim poziomie bezpiecze\u0144stwa IT. W rezultacie Wiesbaden pozostaje niezale\u017cny i odporny na zagro\u017cenia cyfrowe.<\/span><\/p>\n<\/div><\/div><\/div><\/div><\/div><div class=\"wpb_column vc_column_container\"><div class=\"vc_column-inner\"><div class=\"w-iconbox us_custom_8b3d6790 has_text_color iconpos_left style_default color_custom align_left\"><div class=\"w-iconbox-icon\" style=\"font-size:2rem;--icon-color:#Ffffff;--icon-bg-color:var(--color-header-transparent-text);\"><i class=\"fas fa-layer-group\"><\/i><\/div><div class=\"w-iconbox-meta\"><h4 class=\"w-iconbox-title\" style=\"font-size:1.5rem;\">Zr\u00f3wnowa\u017cona cyfryzacja<\/h4><div class=\"w-iconbox-text\"><p><span style=\"font-weight: 400;\">Infrastruktura i us\u0142ugi informatyczne powinny by\u0107 zasobooszcz\u0119dne, przyjazne dla klimatu i sprawiedliwie zamawiane. Zr\u00f3wnowa\u017cony rozw\u00f3j jest wytyczn\u0105 dla ka\u017cdej inwestycji cyfrowej.<\/span><\/p>\n<\/div><\/div><\/div><\/div><\/div><div class=\"wpb_column vc_column_container\"><div class=\"vc_column-inner\"><div class=\"w-iconbox us_custom_8b3d6790 has_text_color iconpos_left style_default color_custom align_left\"><div class=\"w-iconbox-icon\" style=\"font-size:2rem;--icon-color:#Ffffff;--icon-bg-color:var(--color-header-transparent-text);\"><i class=\"fas fa-layer-group\"><\/i><\/div><div class=\"w-iconbox-meta\"><h4 class=\"w-iconbox-title\" style=\"font-size:1.5rem;\">Wsp\u00f3lne kszta\u0142towanie innowacji<\/h4><div class=\"w-iconbox-text\"><p><span style=\"font-weight: 400;\">Cyfryzacj\u0119 mo\u017cna osi\u0105gn\u0105\u0107 jedynie poprzez dialog. Promujemy otwarte laboratoria, inteligentne pomys\u0142y spo\u0142ecze\u0144stwa miejskiego oraz udzia\u0142 w projektach smart city.<\/span><\/p>\n<\/div><\/div><\/div><\/div><\/div><\/div><div class=\"w-separator size_medium\"><\/div><div class=\"w-btn-wrapper align_left\"><a class=\"w-btn us-btn-style_8 icon_atleft\" href=\"https:\/\/gruene-wiesbaden.de\/pl\/kommunalwahl\/#Kapitel1\"><i class=\"fas fa-chevron-circle-right\"><\/i><span class=\"w-btn-label\">Powr\u00f3t do przegl\u0105du<\/span><\/a><\/div><div class=\"w-separator size_medium\"><\/div><\/div><\/div><\/div><\/div><\/section><section class=\"l-section wpb_row height_auto with_img\"><div class=\"l-section-img\" role=\"img\" data-img-width=\"1991\" data-img-height=\"2560\" style=\"background-image: url(https:\/\/gruene-wiesbaden.de\/wp-content\/uploads\/2025\/11\/1.8-Digitale-Infrastruktur-und-digitale-Services-fuer-alle-scaled.jpeg);background-repeat: no-repeat;\"><\/div><div class=\"l-section-overlay\" style=\"background:var(--color-header-top-transparent-bg)\"><\/div><div class=\"l-section-h i-cf\"><div class=\"g-cols vc_row via_grid cols_1 laptops-cols_inherit tablets-cols_inherit mobiles-cols_1 valign_middle type_default stacking_default\" style=\"--columns-gap:1rem;\"><div class=\"wpb_column vc_column_container\"><div class=\"vc_column-inner\"><div class=\"w-separator size_large\"><\/div><div class=\"wpb_text_column background_inside_text\"><div class=\"wpb_wrapper\"><h1>Co chcemy zrobi\u0107 konkretnie w tej dziedzinie<\/h1>\n<\/div><\/div><div class=\"w-separator size_medium\"><\/div><div class=\"w-tabs us_custom_42d693a0 has_text_color style_default switch_click accordion has_scrolling\" style=\"--sections-title-size:1.4rem\"><div class=\"w-tabs-sections titles-align_none icon_chevron cpos_right\"><div class=\"w-tabs-section has_text_color\" id=\"ndbd\" style=\"background:var(--color-header-transparent-text);color:var(--color-header-top-text-hover);\"><button class=\"w-tabs-section-header\" aria-controls=\"content-ndbd\" aria-expanded=\"false\"><div class=\"w-tabs-section-title\">Rozbudowa Wi-Fi do u\u017cytku publicznego<\/div><div class=\"w-tabs-section-control\"><\/div><\/button><div  class=\"w-tabs-section-content\" id=\"content-ndbd\"><div class=\"w-tabs-section-content-h i-cf\"><div class=\"wpb_text_column\"><div class=\"wpb_wrapper\"><p><span style=\"font-weight: 400;\">Uczestnictwo cyfrowe wymaga swobodnego dost\u0119pu. D\u0105\u017cymy do tego, aby parki, place, obiekty m\u0142odzie\u017cowe i instytucje edukacyjne w Wiesbaden by\u0142y wyposa\u017cone w bezp\u0142atne Wi-Fi, aby ka\u017cdy m\u00f3g\u0142 z nich korzysta\u0107. W ten spos\u00f3b umo\u017cliwiamy uczestnictwo cyfrowe niezale\u017cnie od bud\u017cetu i sprawiamy, \u017ce miasto staje si\u0119 nowoczesne, atrakcyjne i przysz\u0142o\u015bciowe.<\/span><\/p>\n<\/div><\/div><\/div><\/div><\/div><div class=\"w-tabs-section has_text_color\" id=\"uef4\" style=\"background:var(--color-header-transparent-text);color:var(--color-header-top-text-hover);\"><button class=\"w-tabs-section-header\" aria-controls=\"content-uef4\" aria-expanded=\"false\"><div class=\"w-tabs-section-title\">App Przedstaw wszystko Wiesbaden<\/div><div class=\"w-tabs-section-control\"><\/div><\/button><div  class=\"w-tabs-section-content\" id=\"content-uef4\"><div class=\"w-tabs-section-content-h i-cf\"><div class=\"wpb_text_column\"><div class=\"wpb_wrapper\"><p><span style=\"font-weight: 400;\">Chcemy wyra\u017anie \u0142\u0105czy\u0107 oferty kulturalne, rekreacyjne i edukacyjne oraz us\u0142ugi cyfrowe w jednym miejscu. Po\u0142\u0105czony ze stron\u0105 internetow\u0105 miasta i innymi odpowiednimi us\u0142ugami \u201eAlles Wiesbaden\u201d stanie si\u0119 cyfrowym sercem miasta \u2013 informacyjnym, interaktywnym i \u015bwiadomym klimatu. Aplikacja ma by\u0107 konsekwentnie rozszerzana o dalsze informacje i mo\u017cliwo\u015bci interakcji.<\/span><\/p>\n<\/div><\/div><\/div><\/div><\/div><div class=\"w-tabs-section has_text_color\" id=\"a00d\" style=\"background:var(--color-header-transparent-text);color:var(--color-header-top-text-hover);\"><button class=\"w-tabs-section-header\" aria-controls=\"content-a00d\" aria-expanded=\"false\"><div class=\"w-tabs-section-title\">Zarz\u0105dzanie bez barier<\/div><div class=\"w-tabs-section-control\"><\/div><\/button><div  class=\"w-tabs-section-content\" id=\"content-a00d\"><div class=\"w-tabs-section-content-h i-cf\"><div class=\"wpb_text_column\"><div class=\"wpb_wrapper\"><p><span style=\"font-weight: 400;\">Chcemy rozwija\u0107 us\u0142ugi administracji cyfrowej Wiesbaden w taki spos\u00f3b, aby by\u0142y one dost\u0119pne dla wszystkich \u2013 przyjazne dla u\u017cytkownika, wieloj\u0119zyczne i wolne od barier. Uproszczono formularze i us\u0142ugi, lepiej uwzgl\u0119dniono urz\u0105dzenia mobilne i zintegrowano oferty pomocy. W ten spos\u00f3b tworzymy administracj\u0119, kt\u00f3ra nikogo nie wyklucza i umo\u017cliwia wszystkim obywatelom szybkie i \u0142atwe rozwi\u0105zywanie ich problem\u00f3w w internecie.<\/span><\/p>\n<\/div><\/div><\/div><\/div><\/div><div class=\"w-tabs-section has_text_color\" id=\"m126\" style=\"background:var(--color-header-middle-bg);color:var(--color-content-heading);\"><button class=\"w-tabs-section-header\" aria-controls=\"content-m126\" aria-expanded=\"false\"><div class=\"w-tabs-section-title\">Administracja ponownie przemy\u015blana<\/div><div class=\"w-tabs-section-control\"><\/div><\/button><div  class=\"w-tabs-section-content\" id=\"content-m126\"><div class=\"w-tabs-section-content-h i-cf\"><div class=\"wpb_text_column\"><div class=\"wpb_wrapper\"><p><span style=\"font-weight: 400;\">Cyfrowe przypomnienia pozwalaj\u0105 unikn\u0105\u0107 pomini\u0119\u0107, odci\u0105\u017cy\u0107 administracj\u0119 i zaoszcz\u0119dzi\u0107 czas. Zobowi\u0105zujemy si\u0119 do wprowadzenia cyfrowej procedury przypominania o wyga\u015bni\u0119ciu dowod\u00f3w osobistych. Obywatele s\u0105 powiadamiani w odpowiednim czasie listownie, poczt\u0105 elektroniczn\u0105 lub za pomoc\u0105 aplikacji i mog\u0105 z\u0142o\u017cy\u0107 wniosek wcze\u015bniej. Zmniejsza to stres, unika pomini\u0119\u0107 i odci\u0105\u017ca administracj\u0119, poniewa\u017c zastosowania kr\u00f3tkoterminowe staj\u0105 si\u0119 rzadsze. Jednocze\u015bnie poprawia si\u0119 jako\u015b\u0107 us\u0142ug dla wszystkich obywateli, a administracja staje si\u0119 \u0142atwiejsza i bardziej przyjazna dla u\u017cytkownika.<\/span><\/p>\n<\/div><\/div><\/div><\/div><\/div><div class=\"w-tabs-section has_text_color\" id=\"i23e\" style=\"background:var(--color-header-transparent-text);color:var(--color-header-top-text-hover);\"><button class=\"w-tabs-section-header\" aria-controls=\"content-i23e\" aria-expanded=\"false\"><div class=\"w-tabs-section-title\">Pod\u0142\u0105czenie administracji do 115<\/div><div class=\"w-tabs-section-control\"><\/div><\/button><div  class=\"w-tabs-section-content\" id=\"content-i23e\"><div class=\"w-tabs-section-content-h i-cf\"><div class=\"wpb_text_column\"><div class=\"wpb_wrapper\"><p><span style=\"font-weight: 400;\">Chcemy po\u0142\u0105czy\u0107 administracj\u0119 Wiesbaden z og\u00f3lnoniemieckim organem numer 115. Na przyk\u0142ad obywatele i przedsi\u0119biorstwa maj\u0105 kompetentny punkt kontaktowy we wszystkich kwestiach rz\u0105dowych \u2013 od unieszkodliwiania odpad\u00f3w po rejestracj\u0119 pojazd\u00f3w. U\u0142atwia to dost\u0119p, ogranicza biurokracj\u0119 i wzmacnia s\u0142u\u017cb\u0119 obywatelsk\u0105.<\/span><\/p>\n<\/div><\/div><\/div><\/div><\/div><div class=\"w-tabs-section has_text_color\" id=\"l387\" style=\"background:var(--color-header-middle-bg);color:var(--color-header-middle-text);\"><button class=\"w-tabs-section-header\" aria-controls=\"content-l387\" aria-expanded=\"false\"><div class=\"w-tabs-section-title\">Zarz\u0105dzanie cyfrowe, po prostu wyja\u015bnione<\/div><div class=\"w-tabs-section-control\"><\/div><\/button><div  class=\"w-tabs-section-content\" id=\"content-l387\"><div class=\"w-tabs-section-content-h i-cf\"><div class=\"wpb_text_column\"><div class=\"wpb_wrapper\"><p><span style=\"font-weight: 400;\">Chcemy utworzy\u0107 sta\u0142e punkty kontaktowe ds. wsparcia cyfrowego w Wiesbaden \u2013 pocz\u0105wszy od centralnego wsparcia pierwszego szczebla w ratuszu, gdzie obywatele otrzymuj\u0105 nieskomplikowan\u0105 pomoc w procesie sk\u0142adania wniosk\u00f3w cyfrowych. Ponadto oferowane b\u0119d\u0105 kursy szkoleniowe i warsztaty w celu wzmocnienia umiej\u0119tno\u015bci cyfrowych. Ten wielopoziomowy model u\u0142atwia uczestnictwo cyfrowe, odci\u0105\u017ca samorz\u0105dy lokalne i zapewnia, \u017ce nikt nie zostanie pomini\u0119ty przez post\u0119p cyfrowy. P\u00f3\u017aniej zespo\u0142y mobilne rozszerz\u0105 zakres us\u0142ug i zapewni\u0105 wsparcie bezpo\u015brednio na miejscu.<\/span><\/p>\n<\/div><\/div><\/div><\/div><\/div><div class=\"w-tabs-section has_text_color\" id=\"u49d\" style=\"background:var(--color-header-transparent-text);color:var(--color-header-top-text-hover);\"><button class=\"w-tabs-section-header\" aria-controls=\"content-u49d\" aria-expanded=\"false\"><div class=\"w-tabs-section-title\">Cyfrowe przede wszystkim<\/div><div class=\"w-tabs-section-control\"><\/div><\/button><div  class=\"w-tabs-section-content\" id=\"content-u49d\"><div class=\"w-tabs-section-content-h i-cf\"><div class=\"wpb_text_column\"><div class=\"wpb_wrapper\"><p><span style=\"font-weight: 400;\">Us\u0142ugi miejskie powinny by\u0107 dost\u0119pne cyfrowo, szybko i bez biurokracji, a administracja powinna by\u0107 bardziej przyjazna dla u\u017cytkownika. Stosuj\u0105c podej\u015bcie digital-first, opieramy si\u0119 na wolnych od aplikacji, zautomatyzowanych, zdigitalizowanych procesach, kt\u00f3re oszcz\u0119dzaj\u0105 czas i koszty, podnosz\u0105 jako\u015b\u0107 us\u0142ug i nadal zabezpieczaj\u0105 analogiczne alternatywy.<\/span><\/p>\n<\/div><\/div><\/div><\/div><\/div><div class=\"w-tabs-section has_text_color\" id=\"e5b8\" style=\"background:var(--color-header-transparent-text);color:var(--color-header-top-text-hover);\"><button class=\"w-tabs-section-header\" aria-controls=\"content-e5b8\" aria-expanded=\"false\"><div class=\"w-tabs-section-title\">Wzmocnienie suwerenno\u015bci cyfrowej<\/div><div class=\"w-tabs-section-control\"><\/div><\/button><div  class=\"w-tabs-section-content\" id=\"content-e5b8\"><div class=\"w-tabs-section-content-h i-cf\"><div class=\"wpb_text_column\"><div class=\"wpb_wrapper\"><p><span style=\"font-weight: 400;\">Chcemy wzmocni\u0107 suwerenno\u015b\u0107 cyfrow\u0105 Wiesbaden poprzez priorytetowe wykorzystanie oprogramowania open source w administracji Wiesbaden. Systemy w\u0142asno\u015bciowe b\u0119d\u0105 stopniowo zast\u0119powane rozwi\u0105zaniami otwartymi, kt\u00f3re mo\u017cna elastycznie dostosowywa\u0107 do lokalnych potrzeb w Wiesbaden. Aby to osi\u0105gn\u0105\u0107, zobowi\u0105zujemy si\u0119 do przestrzegania niezb\u0119dnych warunk\u00f3w ramowych: Szkolenia dla pracownik\u00f3w i profesjonalne wsparcie we wsp\u00f3\u0142pracy z regionalnymi dostawcami us\u0142ug IT i uczelniami wy\u017cszymi. W ten spos\u00f3b promujemy innowacje, unikamy zale\u017cno\u015bci, tworzymy przejrzysto\u015b\u0107, wzmacniamy ochron\u0119 danych i zwi\u0119kszamy suwerenno\u015b\u0107 cyfrow\u0105 naszego miasta - bez pozostawiania pracownik\u00f3w samych sobie.<\/span><\/p>\n<\/div><\/div><\/div><\/div><\/div><div class=\"w-tabs-section has_text_color\" id=\"g6eb\" style=\"background:var(--color-header-transparent-text);color:var(--color-header-top-text-hover);\"><button class=\"w-tabs-section-header\" aria-controls=\"content-g6eb\" aria-expanded=\"false\"><div class=\"w-tabs-section-title\">IT dla przysz\u0142o\u015bci Wiesbaden<\/div><div class=\"w-tabs-section-control\"><\/div><\/button><div  class=\"w-tabs-section-content\" id=\"content-g6eb\"><div class=\"w-tabs-section-content-h i-cf\"><div class=\"wpb_text_column\"><div class=\"wpb_wrapper\"><p><span style=\"font-weight: 400;\">Chcemy skonsolidowa\u0107 miejskie procesy IT i uczyni\u0107 je bardziej wydajnymi, zar\u00f3wno w Wiesbaden, jak i we wsp\u00f3\u0142pracy z innymi gminami. Celem jest lepsze powi\u0105zanie proces\u00f3w, wzmocnienie koordynacji mi\u0119dzy urz\u0119dami i unikanie indywidualnych dzia\u0142a\u0144. Ponadto chcemy, aby przenoszenie miejskich proces\u00f3w IT zosta\u0142o zbadane pod k\u0105tem potencja\u0142u wsp\u00f3lnego, scentralizowanego \u015bwiadczenia us\u0142ug i proces\u00f3w w celu po\u0142\u0105czenia zasob\u00f3w, zmniejszenia koszt\u00f3w i zwi\u0119kszenia bezpiecze\u0144stwa operacyjnego. Wsp\u00f3lne rozwi\u0105zania z innymi gminami tworz\u0105 efekty skalowania, zmniejszaj\u0105 koszty i zwi\u0119kszaj\u0105 bezpiecze\u0144stwo, wydajno\u015b\u0107 i jako\u015b\u0107 us\u0142ug. Dzi\u0119ki temu administracja Wiesbaden jest bardziej wydajna i przyjazna dla u\u017cytkownika.<\/span><\/p>\n<\/div><\/div><\/div><\/div><\/div><div class=\"w-tabs-section has_text_color\" id=\"l806\" style=\"background:var(--color-header-transparent-text);color:var(--color-header-top-text-hover);\"><button class=\"w-tabs-section-header\" aria-controls=\"content-l806\" aria-expanded=\"false\"><div class=\"w-tabs-section-title\">Bezpiecze\u0144stwo cyfrowe<\/div><div class=\"w-tabs-section-control\"><\/div><\/button><div  class=\"w-tabs-section-content\" id=\"content-l806\"><div class=\"w-tabs-section-content-h i-cf\"><div class=\"wpb_text_column\"><div class=\"wpb_wrapper\"><p><span style=\"font-weight: 400;\">Zobowi\u0105zujemy si\u0119 do konsekwentnego wzmacniania bezpiecze\u0144stwa IT w Wiesbaden, w tym rozwoju nowoczesnych system\u00f3w ochrony, przeprowadzania regularnych audyt\u00f3w bezpiecze\u0144stwa i ci\u0105g\u0142ego szkolenia personelu miejskiego w zakresie radzenia sobie z zagro\u017ceniami cyfrowymi. W ten spos\u00f3b zwi\u0119kszamy odporno\u015b\u0107 sieci i system\u00f3w miejskich na cyberataki i zapewniamy niezawodn\u0105 ochron\u0119 danych wra\u017cliwych. Tylko dzi\u0119ki wysokiemu bezpiecze\u0144stwu IT administracja cyfrowa pozostaje godna zaufania, a Wiesbaden wytrzymuje pr\u00f3b\u0119 czasu. Dane mieszka\u0144c\u00f3w Wiesbaden musz\u0105 by\u0107 bezpiecznie chronione.<\/span><\/p>\n<\/div><\/div><\/div><\/div><\/div><div class=\"w-tabs-section has_text_color\" id=\"w91e\" style=\"background:var(--color-header-transparent-text);color:var(--color-header-top-text-hover);\"><button class=\"w-tabs-section-header\" aria-controls=\"content-w91e\" aria-expanded=\"false\"><div class=\"w-tabs-section-title\">Korzystaj z AI odpowiedzialnie<\/div><div class=\"w-tabs-section-control\"><\/div><\/button><div  class=\"w-tabs-section-content\" id=\"content-w91e\"><div class=\"w-tabs-section-content-h i-cf\"><div class=\"wpb_text_column\"><div class=\"wpb_wrapper\"><p><span style=\"font-weight: 400;\">Sztuczna inteligencja stwarza ogromne mo\u017cliwo\u015bci dla administracji i rozwoju miast. Chcemy, aby systemy oparte na sztucznej inteligencji by\u0142y wykorzystywane w szczeg\u00f3lno\u015bci w administracji, gdzie tworz\u0105 rzeczywist\u0105 warto\u015b\u0107 dodan\u0105 dla obywateli, aby szybciej rozpatrywa\u0107 wnioski, upraszcza\u0107 us\u0142ugi dla obywateli i efektywniej wykorzystywa\u0107 zasoby. Przejrzysto\u015b\u0107, ochrona danych i orientacja na u\u017cytkownika to najwa\u017cniejsze priorytety. Ponadto jeste\u015bmy zaanga\u017cowani w centrum kompetencji AI w Wiesbaden, kt\u00f3re \u0142\u0105czy administracj\u0119, biznes i nauk\u0119 oraz odpowiedzialnie promuje innowacyjne aplikacje.<\/span><\/p>\n<\/div><\/div><\/div><\/div><\/div><div class=\"w-tabs-section has_text_color\" id=\"wa5a\" style=\"background:var(--color-header-transparent-text);color:var(--color-header-top-text-hover);\"><button class=\"w-tabs-section-header\" aria-controls=\"content-wa5a\" aria-expanded=\"false\"><div class=\"w-tabs-section-title\">Inteligentne miasto 2.0<\/div><div class=\"w-tabs-section-control\"><\/div><\/button><div  class=\"w-tabs-section-content\" id=\"content-wa5a\"><div class=\"w-tabs-section-content-h i-cf\"><div class=\"wpb_text_column\"><div class=\"wpb_wrapper\"><p><span style=\"font-weight: 400;\">Istnieje wiele sposob\u00f3w na uczynienie miasta inteligentniejszym za pomoc\u0105 \u015brodk\u00f3w cyfrowych. Dzi\u0119ki \u015brodkom cyfrowym chcemy uczyni\u0107 \u017cycie w Wiesbaden inteligentniejszym, wydajniejszym i bardziej zno\u015bnym - dzi\u0119ki uczestnictwu, przejrzysto\u015bci i wsp\u00f3lnym dzia\u0142aniom. Najlepsze pomys\u0142y pochodz\u0105 z dialogu. Dlatego chcemy, aby w warsztatach obywatele mogli kszta\u0142towa\u0107 tematy cyfrowe, takie jak mobilno\u015b\u0107, administracja czy zr\u00f3wnowa\u017cony rozw\u00f3j obszar\u00f3w miejskich. Chcieliby\u015bmy politycznie poprze\u0107 idee Smart City, kt\u00f3re oferuj\u0105 najwi\u0119ksze korzy\u015bci dla spo\u0142ecze\u0144stwa miasta, w ich realizacji.<\/span><\/p>\n<\/div><\/div><\/div><\/div><\/div><div class=\"w-tabs-section has_text_color\" id=\"jb80\" style=\"background:var(--color-header-transparent-text);color:var(--color-header-top-text-hover);\"><button class=\"w-tabs-section-header\" aria-controls=\"content-jb80\" aria-expanded=\"false\"><div class=\"w-tabs-section-title\">Wzmocnienie laboratori\u00f3w cyfrowych<\/div><div class=\"w-tabs-section-control\"><\/div><\/button><div  class=\"w-tabs-section-content\" id=\"content-jb80\"><div class=\"w-tabs-section-content-h i-cf\"><div class=\"wpb_text_column\"><div class=\"wpb_wrapper\"><p><span style=\"font-weight: 400;\">Zabezpieczamy finansowanie istniej\u0105cych innowacyjnych lokalizacji, takich jak Zukunftswerk, i chcemy, aby zosta\u0142y one rozszerzone jako integralne cz\u0119\u015bci cyfrowego rozwoju miast. Jednocze\u015bnie laboratoria cyfrowe i inicjatywy cyfrowe promuj\u0105 eksperymenty, warsztaty i projekty \u2013 na przyk\u0142ad w okresach wakacyjnych lub w szko\u0142ach \u2013 w celu inspirowania m\u0142odych ludzi, w szczeg\u00f3lno\u015bci na wczesnym etapie tematyki cyfrowej. Chcemy to poprze\u0107. Zobowi\u0105zujemy si\u0119 r\u00f3wnie\u017c do tworzenia ofert o niskim progu, takich jak \u201ekawiarnia cyfrowa\u201d wzorowana na kawiarni naprawczej: Tutaj obywatele mog\u0105 zadawa\u0107 pytania, pracowa\u0107 razem nad rozwi\u0105zaniami lub dowiedzie\u0107 si\u0119 o nowych technologiach. Dzi\u0119ki tym wszechstronnym laboratoriom badawczym promujemy wymian\u0119, wsp\u00f3\u0142tworzenie i innowacje oraz sprawiamy, \u017ce cyfryzacja staje si\u0119 namacalna dla wszystkich w Wiesbaden.<\/span><\/p>\n<\/div><\/div><\/div><\/div><\/div><\/div><\/div><div class=\"w-separator size_medium\"><\/div><div class=\"w-btn-wrapper align_left\"><a class=\"w-btn us-btn-style_8 icon_atleft\" href=\"https:\/\/gruene-wiesbaden.de\/pl\/kommunalwahl\/#Kapitel1\"><i class=\"fas fa-chevron-circle-right\"><\/i><span class=\"w-btn-label\">Powr\u00f3t do przegl\u0105du<\/span><\/a><\/div><div class=\"w-separator size_large\"><\/div><div class=\"wpb_text_column\"><div class=\"wpb_wrapper\"><h1>Co ju\u017c osi\u0105gn\u0119li\u015bmy<\/h1>\n<\/div><\/div><div class=\"w-separator size_medium\"><\/div><div class=\"w-tabs us_custom_42d693a0 has_text_color style_default switch_click accordion has_scrolling\" style=\"--sections-title-size:1.4rem\"><div class=\"w-tabs-sections titles-align_none icon_chevron cpos_right\"><div class=\"w-tabs-section has_text_color\" id=\"w51f\" style=\"background:var(--color-header-transparent-text);color:var(--color-header-top-text-hover);\"><button class=\"w-tabs-section-header\" aria-controls=\"content-w51f\" aria-expanded=\"false\"><div class=\"w-tabs-section-title\">Nowa strona internetowa miasta Wiesbaden<\/div><div class=\"w-tabs-section-control\"><\/div><\/button><div  class=\"w-tabs-section-content\" id=\"content-w51f\"><div class=\"w-tabs-section-content-h i-cf\"><div class=\"wpb_text_column\"><div class=\"wpb_wrapper\"><p><span style=\"font-weight: 400;\">Miasto Wiesbaden zmodernizowa\u0142o swoj\u0105 stron\u0119 internetow\u0105, aby u\u0142atwi\u0107 dost\u0119p do informacji i us\u0142ug. Strona jest wolna od barier i oferuje tre\u015bci w 12 j\u0119zykach. Ponadto oferowane b\u0119d\u0105 tre\u015bci w \u0142atwym j\u0119zyku i niemieckim j\u0119zyku migowym, aby jeszcze bardziej zwi\u0119kszy\u0107 dost\u0119pno\u015b\u0107.<\/span><\/p>\n<\/div><\/div><\/div><\/div><\/div><div class=\"w-tabs-section has_text_color\" id=\"s668\" style=\"background:var(--color-header-transparent-text);color:var(--color-header-top-text-hover);\"><button class=\"w-tabs-section-header\" aria-controls=\"content-s668\" aria-expanded=\"false\"><div class=\"w-tabs-section-title\">Coraz wi\u0119cej us\u0142ug cyfrowych u\u0142atwia codzienne \u017cycie<\/div><div class=\"w-tabs-section-control\"><\/div><\/button><div  class=\"w-tabs-section-content\" id=\"content-s668\"><div class=\"w-tabs-section-content-h i-cf\"><div class=\"wpb_text_column\"><div class=\"wpb_wrapper\"><p><span style=\"font-weight: 400;\">W Wiesbaden obywatele maj\u0105 dost\u0119p do licznych us\u0142ug miejskich online. O \u015bwiadectwa rejestracji lub \u015bwiadectwa dobrego post\u0119powania mo\u017cna ubiega\u0107 si\u0119 w zaciszu w\u0142asnego domu. Wizyty w Biurze Obywatelskim lub w przypadku paszport\u00f3w mo\u017cna r\u00f3wnie\u017c rezerwowa\u0107 cyfrowo, co znacznie skraca czas oczekiwania. Interaktywna mapa miasta u\u0142atwia znalezienie szk\u00f3\u0142, przedszkoli, obiekt\u00f3w sportowych lub parking\u00f3w oraz dostarcza dodatkowych informacji na temat godzin otwarcia, ofert i dost\u0119pno\u015bci. Obywatele zawsze s\u0105 informowani o aplikacjach i biuletynach cyfrowych \u2013 na przyk\u0142ad o placach budowy, transporcie lub ochronie ludno\u015bci.<\/span><\/p>\n<p><span style=\"font-weight: 400;\">Zaj\u0119cia kulturalne i rekreacyjne s\u0105 r\u00f3wnie\u017c dost\u0119pne online: Bilety do miejskich teatr\u00f3w, muze\u00f3w lub wydarze\u0144 sportowych mo\u017cna rezerwowa\u0107 cyfrowo, a wirtualne wycieczki lub wydarzenia dodatkowo poszerzaj\u0105 ofert\u0119. Miejsca do grillowania i kamienice w mie\u015bcie mo\u017cna r\u00f3wnie\u017c wygodnie zarezerwowa\u0107 online.<\/span><\/p>\n<\/div><\/div><\/div><\/div><\/div><div class=\"w-tabs-section has_text_color\" id=\"s783\" style=\"background:var(--color-header-transparent-text);color:var(--color-header-top-text-hover);\"><button class=\"w-tabs-section-header\" aria-controls=\"content-s783\" aria-expanded=\"false\"><div class=\"w-tabs-section-title\">Informacje o mie\u015bcie Wiesbaden dost\u0119pne cyfrowo dla wszystkich<\/div><div class=\"w-tabs-section-control\"><\/div><\/button><div  class=\"w-tabs-section-content\" id=\"content-s783\"><div class=\"w-tabs-section-content-h i-cf\"><div class=\"wpb_text_column\"><div class=\"wpb_wrapper\"><p><span style=\"font-weight: 400;\">Wiesbaden dostarcza obywatelom i zainteresowanym stronom wyczerpuj\u0105cych informacji na temat miasta w formie cyfrowej. Cyfrowy Rocznik Statystyczny zawiera szczeg\u00f3\u0142owe dane i statystyki, uzupe\u0142nione interaktywnymi mapami i arkuszami kalkulacyjnymi Excel, zapewniaj\u0105c szybki i przejrzysty wgl\u0105d we wszystkie istotne miejskie wska\u017aniki.<\/span><\/p>\n<\/div><\/div><\/div><\/div><\/div><div class=\"w-tabs-section has_text_color\" id=\"p89c\" style=\"background:var(--color-header-middle-bg);color:var(--color-content-heading);\"><button class=\"w-tabs-section-header\" aria-controls=\"content-p89c\" aria-expanded=\"false\"><div class=\"w-tabs-section-title\">Przedstawiamy aplikacj\u0119 Kids Fox dla dzieci<\/div><div class=\"w-tabs-section-control\"><\/div><\/button><div  class=\"w-tabs-section-content\" id=\"content-p89c\"><div class=\"w-tabs-section-content-h i-cf\"><div class=\"wpb_text_column\"><div class=\"wpb_wrapper\"><p><span style=\"font-weight: 400;\">Od 2025 r. aplikacja Kids Fox zosta\u0142a wprowadzona we wszystkich 42 miejskich o\u015brodkach opieki dziennej. Wspiera to rodzic\u00f3w i personel przedszkolny w komunikacji i organizacji. Aplikacja oferuje funkcj\u0119 automatycznego t\u0142umaczenia w 27 j\u0119zykach.<\/span><\/p>\n<\/div><\/div><\/div><\/div><\/div><div class=\"w-tabs-section has_text_color\" id=\"i9e1\" style=\"background:var(--color-header-transparent-text);color:var(--color-header-top-text-hover);\"><button class=\"w-tabs-section-header\" aria-controls=\"content-i9e1\" aria-expanded=\"false\"><div class=\"w-tabs-section-title\">Przejrzyste dane dla wszystkich<\/div><div class=\"w-tabs-section-control\"><\/div><\/button><div  class=\"w-tabs-section-content\" id=\"content-i9e1\"><div class=\"w-tabs-section-content-h i-cf\"><div class=\"wpb_text_column\"><div class=\"wpb_wrapper\"><p><span style=\"font-weight: 400;\">Nowa strategia w zakresie otwartych danych utworzy centraln\u0105 platform\u0119 w Wiesbaden do jesieni 2025 r., udost\u0119pniaj\u0105c bezp\u0142atnie dane obywatelom, przedsi\u0119biorstwom i \u015brodowiskom akademickim, co jest kamieniem milowym na drodze do przejrzysto\u015bci i innowacji.<\/span><\/p>\n<\/div><\/div><\/div><\/div><\/div><div class=\"w-tabs-section has_text_color\" id=\"yaf7\" style=\"background:var(--color-header-transparent-text);color:var(--color-header-top-text-hover);\"><button class=\"w-tabs-section-header\" aria-controls=\"content-yaf7\" aria-expanded=\"false\"><div class=\"w-tabs-section-title\">Wzmocniona wolno\u015b\u0107 informacji<\/div><div class=\"w-tabs-section-control\"><\/div><\/button><div  class=\"w-tabs-section-content\" id=\"content-yaf7\"><div class=\"w-tabs-section-content-h i-cf\"><div class=\"wpb_text_column\"><div class=\"wpb_wrapper\"><p><span style=\"font-weight: 400;\">Statut wolno\u015bci informacji obowi\u0105zuje w Wiesbaden od stycznia 2023 r. Zapewnia obywatelom nieskomplikowany dost\u0119p do oficjalnych informacji, a tym samym wzmacnia zaufanie i demokratyczne uczestnictwo.<\/span><\/p>\n<\/div><\/div><\/div><\/div><\/div><div class=\"w-tabs-section has_text_color\" id=\"bc0c\" style=\"background:var(--color-header-transparent-text);color:var(--color-header-top-text-hover);\"><button class=\"w-tabs-section-header\" aria-controls=\"content-bc0c\" aria-expanded=\"false\"><div class=\"w-tabs-section-title\">Polityka mo\u017ce by\u0107 do\u015bwiadczana na \u017cywo<\/div><div class=\"w-tabs-section-control\"><\/div><\/button><div  class=\"w-tabs-section-content\" id=\"content-bc0c\"><div class=\"w-tabs-section-content-h i-cf\"><div class=\"wpb_text_column\"><div class=\"wpb_wrapper\"><p><span style=\"font-weight: 400;\">Od marca 2024 r. posiedzenia Rady Miasta s\u0105 transmitowane na \u017cywo na YouTube. Dzi\u0119ki temu polityka lokalna staje si\u0119 bardziej przejrzysta i wszyscy maj\u0105 \u0142atwiejszy dost\u0119p do decyzji.<\/span><\/p>\n<\/div><\/div><\/div><\/div><\/div><div class=\"w-tabs-section has_text_color\" id=\"dd22\" style=\"background:var(--color-header-transparent-text);color:var(--color-header-top-text-hover);\"><button class=\"w-tabs-section-header\" aria-controls=\"content-dd22\" aria-expanded=\"false\"><div class=\"w-tabs-section-title\">Platforma mo\u017cliwo\u015bci Wiesbaden<\/div><div class=\"w-tabs-section-control\"><\/div><\/button><div  class=\"w-tabs-section-content\" id=\"content-dd22\"><div class=\"w-tabs-section-content-h i-cf\"><div class=\"wpb_text_column\"><div class=\"wpb_wrapper\"><p><span style=\"font-weight: 400;\">Platforma mo\u017cliwo\u015bci zosta\u0142a uruchomiona w ramach inicjatywy WI WORK LIFE ?? Industry Skills Initiative w 2022 r. Oferuje obywatelom wsparcie cyfrowe w kszta\u0142ceniu, szkoleniu i karierze zawodowej oraz u\u0142atwia dost\u0119p do ofert pracy, dalszego kszta\u0142cenia i przygotowania zawodowego w Wiesbaden.<\/span><\/p>\n<\/div><\/div><\/div><\/div><\/div><div class=\"w-tabs-section has_text_color\" id=\"ne50\" style=\"background:var(--color-header-transparent-text);color:var(--color-header-top-text-hover);\"><button class=\"w-tabs-section-header\" aria-controls=\"content-ne50\" aria-expanded=\"false\"><div class=\"w-tabs-section-title\">Radar treningowy Wiesbaden<\/div><div class=\"w-tabs-section-control\"><\/div><\/button><div  class=\"w-tabs-section-content\" id=\"content-ne50\"><div class=\"w-tabs-section-content-h i-cf\"><div class=\"wpb_text_column\"><div class=\"wpb_wrapper\"><p><span style=\"font-weight: 400;\">Radar szkoleniowy zosta\u0142 wprowadzony w 2025 roku. Za po\u015brednictwem tej platformy cyfrowej przedsi\u0119biorstwa mog\u0105 rekomendowa\u0107 innym przedsi\u0119biorstwom z siedzib\u0105 w Wiesbaden odpowiednich kandydat\u00f3w, kt\u00f3rych nie mog\u0105 zatrudni\u0107 ze wzgl\u0119du na potencja\u0142. W ten spos\u00f3b mo\u017cliwo\u015bci szkoleniowe w regionie pozostaj\u0105 przejrzyste i \u0142atwo dost\u0119pne.<\/span><\/p>\n<\/div><\/div><\/div><\/div><\/div><div class=\"w-tabs-section has_text_color\" id=\"mf66\" style=\"background:var(--color-header-transparent-text);color:var(--color-header-top-text-hover);\"><button class=\"w-tabs-section-header\" aria-controls=\"content-mf66\" aria-expanded=\"false\"><div class=\"w-tabs-section-title\">Forum Inicjatywy Wykwalifikowanej Pracownik\u00f3w Przemys\u0142u<\/div><div class=\"w-tabs-section-control\"><\/div><\/button><div  class=\"w-tabs-section-content\" id=\"content-mf66\"><div class=\"w-tabs-section-content-h i-cf\"><div class=\"wpb_text_column\"><div class=\"wpb_wrapper\"><p><span style=\"font-weight: 400;\">Forum Talent Initiative Industry zosta\u0142o za\u0142o\u017cone w 2022 r. \u0141\u0105czy specjalist\u00f3w cyfrowo i wspiera firmy w poszukiwaniu i promowaniu talent\u00f3w. Jednocze\u015bnie u\u0142atwia wymian\u0119 zawodow\u0105 mi\u0119dzy przemys\u0142em, instytucjami edukacyjnymi i organizacjami w celu wzmocnienia zatrzymywania wykwalifikowanych pracownik\u00f3w w Wiesbaden.<\/span><\/p>\n<\/div><\/div><\/div><\/div><\/div><div class=\"w-tabs-section has_text_color\" id=\"t080\" style=\"background:var(--color-header-transparent-text);color:var(--color-header-top-text-hover);\"><button class=\"w-tabs-section-header\" aria-controls=\"content-t080\" aria-expanded=\"false\"><div class=\"w-tabs-section-title\">Cyfryzacja zarz\u0105dzania budow\u0105<\/div><div class=\"w-tabs-section-control\"><\/div><\/button><div  class=\"w-tabs-section-content\" id=\"content-t080\"><div class=\"w-tabs-section-content-h i-cf\"><div class=\"wpb_text_column\"><div class=\"wpb_wrapper\"><p><span style=\"font-weight: 400;\">Wiesbaden sprawia, \u017ce procesy budowlane s\u0105 szybsze, bardziej przejrzyste i dost\u0119pne cyfrowo. Architekci i budowniczowie sk\u0142adaj\u0105 wnioski budowlane, a tak\u017ce wnioski o pozwolenia na budow\u0119 i ochron\u0119 zabytk\u00f3w ca\u0142kowicie online. Dzi\u0119ki zastosowaniu konstrukcji hybrydowej od 2023 r. mo\u017cliwe jest cyfrowe sk\u0142adanie dokument\u00f3w w formacie PDF \u2013 kopie papierowe s\u0105 wymagane tylko raz. Jednocze\u015bnie cyfrowy dost\u0119p do plik\u00f3w umo\u017cliwia konstruktorom przegl\u0105danie plik\u00f3w budowlanych online i bezpo\u015brednie przesy\u0142anie wymaganych dokument\u00f3w. Dzi\u0119ki temu procesy zatwierdzania s\u0105 znacznie wydajniejsze i wygodniejsze dla wszystkich zaanga\u017cowanych.<\/span><\/p>\n<\/div><\/div><\/div><\/div><\/div><\/div><\/div><div class=\"w-separator size_medium\"><\/div><div class=\"w-btn-wrapper align_left\"><a class=\"w-btn us-btn-style_8 icon_atleft\" href=\"https:\/\/gruene-wiesbaden.de\/pl\/kommunalwahl\/#Kapitel1\"><i class=\"fas fa-chevron-circle-right\"><\/i><span class=\"w-btn-label\">Powr\u00f3t do przegl\u0105du<\/span><\/a><\/div><div class=\"w-separator size_large\"><\/div><\/div><\/div><\/div><\/div><\/section>","protected":false},"excerpt":{"rendered":"Infrastruktura cyfrowa i us\u0142ugi cyfrowe dla wszystkichUs\u0142ugi cyfrowe s\u0105 czym\u015b wi\u0119cej ni\u017c tylko narz\u0119dziami technicznymi \u2013 maj\u0105 kluczowe znaczenie dla zapewnienia szybkiego, \u0142atwego i przejrzystego funkcjonowania administracji dla wszystkich Wiesbadener\u00f3w. U\u0142atwiaj\u0105 one codzienne \u017cycie, u\u0142atwiaj\u0105c dokonywanie rejestracji, umawianie si\u0119 na spotkania w Biurze Obywatelskim lub sk\u0142adanie wniosk\u00f3w o dotacje online. Uczestnictwo cyfrowe to co\u015b wi\u0119cej ni\u017c tylko po\u0142\u0105czenie z internetem \u2013 to warunek wst\u0119pny...","protected":false},"author":1,"featured_media":1511,"comment_status":"closed","ping_status":"closed","sticky":false,"template":"","format":"standard","meta":{"footnotes":""},"categories":[14],"tags":[],"class_list":["post-1335","post","type-post","status-publish","format-standard","has-post-thumbnail","hentry","category-kapitel-1"],"yoast_head":"<!-- This site is optimized with the Yoast SEO plugin v27.5 - https:\/\/yoast.com\/product\/yoast-seo-wordpress\/ -->\n<title>Digitale Infrastruktur und digitale Services f\u00fcr alle - B\u00dcNDNIS 90\/DIE GR\u00dcNEN Wiesbaden<\/title>\n<meta name=\"robots\" content=\"index, follow, max-snippet:-1, max-image-preview:large, max-video-preview:-1\" \/>\n<link rel=\"canonical\" href=\"https:\/\/gruene-wiesbaden.de\/pl\/digitale-infrastruktur-und-digitale-services-fuer-alle\/\" \/>\n<meta property=\"og:locale\" content=\"pl_PL\" \/>\n<meta property=\"og:type\" content=\"article\" \/>\n<meta property=\"og:title\" content=\"Digitale Infrastruktur und digitale Services f\u00fcr alle - B\u00dcNDNIS 90\/DIE GR\u00dcNEN Wiesbaden\" \/>\n<meta property=\"og:url\" content=\"https:\/\/gruene-wiesbaden.de\/pl\/digitale-infrastruktur-und-digitale-services-fuer-alle\/\" \/>\n<meta property=\"og:site_name\" content=\"B\u00dcNDNIS 90\/DIE GR\u00dcNEN Wiesbaden\" \/>\n<meta property=\"article:publisher\" content=\"https:\/\/www.facebook.com\/gruene.wi\" \/>\n<meta property=\"article:published_time\" content=\"2025-11-09T21:49:11+00:00\" \/>\n<meta property=\"article:modified_time\" content=\"2026-04-08T22:16:13+00:00\" \/>\n<meta property=\"og:image\" content=\"https:\/\/gruene-wiesbaden.de\/wp-content\/uploads\/2025\/11\/1.8-Digitale-Infrastruktur-und-digitale-Services-fuer-alle-scaled.jpeg\" \/>\n\t<meta property=\"og:image:width\" content=\"1991\" \/>\n\t<meta property=\"og:image:height\" content=\"2560\" \/>\n\t<meta property=\"og:image:type\" content=\"image\/jpeg\" \/>\n<meta name=\"author\" content=\"admin\" \/>\n<meta name=\"twitter:card\" content=\"summary_large_image\" \/>\n<meta name=\"twitter:label1\" content=\"Napisane przez\" \/>\n\t<meta name=\"twitter:data1\" content=\"admin\" \/>\n\t<meta name=\"twitter:label2\" content=\"Szacowany czas czytania\" \/>\n\t<meta name=\"twitter:data2\" content=\"12 minutes\" \/>\n<script type=\"application\/ld+json\" class=\"yoast-schema-graph\">{\"@context\":\"https:\\\/\\\/schema.org\",\"@graph\":[{\"@type\":\"Article\",\"@id\":\"https:\\\/\\\/gruene-wiesbaden.de\\\/digitale-infrastruktur-und-digitale-services-fuer-alle\\\/#article\",\"isPartOf\":{\"@id\":\"https:\\\/\\\/gruene-wiesbaden.de\\\/digitale-infrastruktur-und-digitale-services-fuer-alle\\\/\"},\"author\":{\"name\":\"admin\",\"@id\":\"https:\\\/\\\/gruene-wiesbaden.de\\\/#\\\/schema\\\/person\\\/6785c34779159cd4fd86886bb097afe9\"},\"headline\":\"Digitale Infrastruktur und digitale Services f\u00fcr alle\",\"datePublished\":\"2025-11-09T21:49:11+00:00\",\"dateModified\":\"2026-04-08T22:16:13+00:00\",\"mainEntityOfPage\":{\"@id\":\"https:\\\/\\\/gruene-wiesbaden.de\\\/digitale-infrastruktur-und-digitale-services-fuer-alle\\\/\"},\"wordCount\":3375,\"publisher\":{\"@id\":\"https:\\\/\\\/gruene-wiesbaden.de\\\/#organization\"},\"image\":{\"@id\":\"https:\\\/\\\/gruene-wiesbaden.de\\\/digitale-infrastruktur-und-digitale-services-fuer-alle\\\/#primaryimage\"},\"thumbnailUrl\":\"https:\\\/\\\/gruene-wiesbaden.de\\\/wp-content\\\/uploads\\\/2025\\\/11\\\/1.8-Digitale-Infrastruktur-und-digitale-Services-fuer-alle-scaled.jpeg\",\"articleSection\":[\"Kapitel 1\"],\"inLanguage\":\"pl-PL\"},{\"@type\":\"WebPage\",\"@id\":\"https:\\\/\\\/gruene-wiesbaden.de\\\/digitale-infrastruktur-und-digitale-services-fuer-alle\\\/\",\"url\":\"https:\\\/\\\/gruene-wiesbaden.de\\\/digitale-infrastruktur-und-digitale-services-fuer-alle\\\/\",\"name\":\"Digitale Infrastruktur und digitale Services f\u00fcr alle - B\u00dcNDNIS 90\\\/DIE GR\u00dcNEN Wiesbaden\",\"isPartOf\":{\"@id\":\"https:\\\/\\\/gruene-wiesbaden.de\\\/#website\"},\"primaryImageOfPage\":{\"@id\":\"https:\\\/\\\/gruene-wiesbaden.de\\\/digitale-infrastruktur-und-digitale-services-fuer-alle\\\/#primaryimage\"},\"image\":{\"@id\":\"https:\\\/\\\/gruene-wiesbaden.de\\\/digitale-infrastruktur-und-digitale-services-fuer-alle\\\/#primaryimage\"},\"thumbnailUrl\":\"https:\\\/\\\/gruene-wiesbaden.de\\\/wp-content\\\/uploads\\\/2025\\\/11\\\/1.8-Digitale-Infrastruktur-und-digitale-Services-fuer-alle-scaled.jpeg\",\"datePublished\":\"2025-11-09T21:49:11+00:00\",\"dateModified\":\"2026-04-08T22:16:13+00:00\",\"breadcrumb\":{\"@id\":\"https:\\\/\\\/gruene-wiesbaden.de\\\/digitale-infrastruktur-und-digitale-services-fuer-alle\\\/#breadcrumb\"},\"inLanguage\":\"pl-PL\",\"potentialAction\":[{\"@type\":\"ReadAction\",\"target\":[\"https:\\\/\\\/gruene-wiesbaden.de\\\/digitale-infrastruktur-und-digitale-services-fuer-alle\\\/\"]}]},{\"@type\":\"ImageObject\",\"inLanguage\":\"pl-PL\",\"@id\":\"https:\\\/\\\/gruene-wiesbaden.de\\\/digitale-infrastruktur-und-digitale-services-fuer-alle\\\/#primaryimage\",\"url\":\"https:\\\/\\\/gruene-wiesbaden.de\\\/wp-content\\\/uploads\\\/2025\\\/11\\\/1.8-Digitale-Infrastruktur-und-digitale-Services-fuer-alle-scaled.jpeg\",\"contentUrl\":\"https:\\\/\\\/gruene-wiesbaden.de\\\/wp-content\\\/uploads\\\/2025\\\/11\\\/1.8-Digitale-Infrastruktur-und-digitale-Services-fuer-alle-scaled.jpeg\",\"width\":1991,\"height\":2560},{\"@type\":\"BreadcrumbList\",\"@id\":\"https:\\\/\\\/gruene-wiesbaden.de\\\/digitale-infrastruktur-und-digitale-services-fuer-alle\\\/#breadcrumb\",\"itemListElement\":[{\"@type\":\"ListItem\",\"position\":1,\"name\":\"Startseite\",\"item\":\"https:\\\/\\\/gruene-wiesbaden.de\\\/\"},{\"@type\":\"ListItem\",\"position\":2,\"name\":\"Digitale Infrastruktur und digitale Services f\u00fcr alle\"}]},{\"@type\":\"WebSite\",\"@id\":\"https:\\\/\\\/gruene-wiesbaden.de\\\/#website\",\"url\":\"https:\\\/\\\/gruene-wiesbaden.de\\\/\",\"name\":\"DIE GR\u00dcNEN Wiesbaden\",\"description\":\"\",\"publisher\":{\"@id\":\"https:\\\/\\\/gruene-wiesbaden.de\\\/#organization\"},\"potentialAction\":[{\"@type\":\"SearchAction\",\"target\":{\"@type\":\"EntryPoint\",\"urlTemplate\":\"https:\\\/\\\/gruene-wiesbaden.de\\\/?s={search_term_string}\"},\"query-input\":{\"@type\":\"PropertyValueSpecification\",\"valueRequired\":true,\"valueName\":\"search_term_string\"}}],\"inLanguage\":\"pl-PL\"},{\"@type\":\"Organization\",\"@id\":\"https:\\\/\\\/gruene-wiesbaden.de\\\/#organization\",\"name\":\"DIE GR\u00dcNEN Wiesbaden\",\"url\":\"https:\\\/\\\/gruene-wiesbaden.de\\\/\",\"logo\":{\"@type\":\"ImageObject\",\"inLanguage\":\"pl-PL\",\"@id\":\"https:\\\/\\\/gruene-wiesbaden.de\\\/#\\\/schema\\\/logo\\\/image\\\/\",\"url\":\"https:\\\/\\\/gruene-wiesbaden-fuer-europa.de\\\/wp-content\\\/uploads\\\/2024\\\/04\\\/Machen-was-zaehlt-5.png\",\"contentUrl\":\"https:\\\/\\\/gruene-wiesbaden-fuer-europa.de\\\/wp-content\\\/uploads\\\/2024\\\/04\\\/Machen-was-zaehlt-5.png\",\"width\":1772,\"height\":1772,\"caption\":\"DIE GR\u00dcNEN Wiesbaden\"},\"image\":{\"@id\":\"https:\\\/\\\/gruene-wiesbaden.de\\\/#\\\/schema\\\/logo\\\/image\\\/\"},\"sameAs\":[\"https:\\\/\\\/www.facebook.com\\\/gruene.wi\",\"https:\\\/\\\/instagram.com\\\/gruene_wi\"]},{\"@type\":\"Person\",\"@id\":\"https:\\\/\\\/gruene-wiesbaden.de\\\/#\\\/schema\\\/person\\\/6785c34779159cd4fd86886bb097afe9\",\"name\":\"admin\",\"sameAs\":[\"http:\\\/\\\/gruene-wiesbaden-fuer-europa.de\"],\"url\":\"https:\\\/\\\/gruene-wiesbaden.de\\\/pl\\\/author\\\/admin\\\/\"}]}<\/script>\n<!-- \/ Yoast SEO plugin. -->","yoast_head_json":{"title":"Digitale Infrastruktur und digitale Services f\u00fcr alle - B\u00dcNDNIS 90\/DIE GR\u00dcNEN Wiesbaden","robots":{"index":"index","follow":"follow","max-snippet":"max-snippet:-1","max-image-preview":"max-image-preview:large","max-video-preview":"max-video-preview:-1"},"canonical":"https:\/\/gruene-wiesbaden.de\/pl\/digitale-infrastruktur-und-digitale-services-fuer-alle\/","og_locale":"pl_PL","og_type":"article","og_title":"Digitale Infrastruktur und digitale Services f\u00fcr alle - B\u00dcNDNIS 90\/DIE GR\u00dcNEN Wiesbaden","og_url":"https:\/\/gruene-wiesbaden.de\/pl\/digitale-infrastruktur-und-digitale-services-fuer-alle\/","og_site_name":"B\u00dcNDNIS 90\/DIE GR\u00dcNEN Wiesbaden","article_publisher":"https:\/\/www.facebook.com\/gruene.wi","article_published_time":"2025-11-09T21:49:11+00:00","article_modified_time":"2026-04-08T22:16:13+00:00","og_image":[{"width":1991,"height":2560,"url":"https:\/\/gruene-wiesbaden.de\/wp-content\/uploads\/2025\/11\/1.8-Digitale-Infrastruktur-und-digitale-Services-fuer-alle-scaled.jpeg","type":"image\/jpeg"}],"author":"admin","twitter_card":"summary_large_image","twitter_misc":{"Napisane przez":"admin","Szacowany czas czytania":"12 minutes"},"schema":{"@context":"https:\/\/schema.org","@graph":[{"@type":"Article","@id":"https:\/\/gruene-wiesbaden.de\/digitale-infrastruktur-und-digitale-services-fuer-alle\/#article","isPartOf":{"@id":"https:\/\/gruene-wiesbaden.de\/digitale-infrastruktur-und-digitale-services-fuer-alle\/"},"author":{"name":"admin","@id":"https:\/\/gruene-wiesbaden.de\/#\/schema\/person\/6785c34779159cd4fd86886bb097afe9"},"headline":"Digitale Infrastruktur und digitale Services f\u00fcr alle","datePublished":"2025-11-09T21:49:11+00:00","dateModified":"2026-04-08T22:16:13+00:00","mainEntityOfPage":{"@id":"https:\/\/gruene-wiesbaden.de\/digitale-infrastruktur-und-digitale-services-fuer-alle\/"},"wordCount":3375,"publisher":{"@id":"https:\/\/gruene-wiesbaden.de\/#organization"},"image":{"@id":"https:\/\/gruene-wiesbaden.de\/digitale-infrastruktur-und-digitale-services-fuer-alle\/#primaryimage"},"thumbnailUrl":"https:\/\/gruene-wiesbaden.de\/wp-content\/uploads\/2025\/11\/1.8-Digitale-Infrastruktur-und-digitale-Services-fuer-alle-scaled.jpeg","articleSection":["Kapitel 1"],"inLanguage":"pl-PL"},{"@type":"WebPage","@id":"https:\/\/gruene-wiesbaden.de\/digitale-infrastruktur-und-digitale-services-fuer-alle\/","url":"https:\/\/gruene-wiesbaden.de\/digitale-infrastruktur-und-digitale-services-fuer-alle\/","name":"Digitale Infrastruktur und digitale Services f\u00fcr alle - B\u00dcNDNIS 90\/DIE GR\u00dcNEN Wiesbaden","isPartOf":{"@id":"https:\/\/gruene-wiesbaden.de\/#website"},"primaryImageOfPage":{"@id":"https:\/\/gruene-wiesbaden.de\/digitale-infrastruktur-und-digitale-services-fuer-alle\/#primaryimage"},"image":{"@id":"https:\/\/gruene-wiesbaden.de\/digitale-infrastruktur-und-digitale-services-fuer-alle\/#primaryimage"},"thumbnailUrl":"https:\/\/gruene-wiesbaden.de\/wp-content\/uploads\/2025\/11\/1.8-Digitale-Infrastruktur-und-digitale-Services-fuer-alle-scaled.jpeg","datePublished":"2025-11-09T21:49:11+00:00","dateModified":"2026-04-08T22:16:13+00:00","breadcrumb":{"@id":"https:\/\/gruene-wiesbaden.de\/digitale-infrastruktur-und-digitale-services-fuer-alle\/#breadcrumb"},"inLanguage":"pl-PL","potentialAction":[{"@type":"ReadAction","target":["https:\/\/gruene-wiesbaden.de\/digitale-infrastruktur-und-digitale-services-fuer-alle\/"]}]},{"@type":"ImageObject","inLanguage":"pl-PL","@id":"https:\/\/gruene-wiesbaden.de\/digitale-infrastruktur-und-digitale-services-fuer-alle\/#primaryimage","url":"https:\/\/gruene-wiesbaden.de\/wp-content\/uploads\/2025\/11\/1.8-Digitale-Infrastruktur-und-digitale-Services-fuer-alle-scaled.jpeg","contentUrl":"https:\/\/gruene-wiesbaden.de\/wp-content\/uploads\/2025\/11\/1.8-Digitale-Infrastruktur-und-digitale-Services-fuer-alle-scaled.jpeg","width":1991,"height":2560},{"@type":"BreadcrumbList","@id":"https:\/\/gruene-wiesbaden.de\/digitale-infrastruktur-und-digitale-services-fuer-alle\/#breadcrumb","itemListElement":[{"@type":"ListItem","position":1,"name":"Startseite","item":"https:\/\/gruene-wiesbaden.de\/"},{"@type":"ListItem","position":2,"name":"Digitale Infrastruktur und digitale Services f\u00fcr alle"}]},{"@type":"WebSite","@id":"https:\/\/gruene-wiesbaden.de\/#website","url":"https:\/\/gruene-wiesbaden.de\/","name":"DIE GR\u00dcNEN Wiesbaden","description":"","publisher":{"@id":"https:\/\/gruene-wiesbaden.de\/#organization"},"potentialAction":[{"@type":"SearchAction","target":{"@type":"EntryPoint","urlTemplate":"https:\/\/gruene-wiesbaden.de\/?s={search_term_string}"},"query-input":{"@type":"PropertyValueSpecification","valueRequired":true,"valueName":"search_term_string"}}],"inLanguage":"pl-PL"},{"@type":"Organization","@id":"https:\/\/gruene-wiesbaden.de\/#organization","name":"DIE GR\u00dcNEN Wiesbaden","url":"https:\/\/gruene-wiesbaden.de\/","logo":{"@type":"ImageObject","inLanguage":"pl-PL","@id":"https:\/\/gruene-wiesbaden.de\/#\/schema\/logo\/image\/","url":"https:\/\/gruene-wiesbaden-fuer-europa.de\/wp-content\/uploads\/2024\/04\/Machen-was-zaehlt-5.png","contentUrl":"https:\/\/gruene-wiesbaden-fuer-europa.de\/wp-content\/uploads\/2024\/04\/Machen-was-zaehlt-5.png","width":1772,"height":1772,"caption":"DIE GR\u00dcNEN Wiesbaden"},"image":{"@id":"https:\/\/gruene-wiesbaden.de\/#\/schema\/logo\/image\/"},"sameAs":["https:\/\/www.facebook.com\/gruene.wi","https:\/\/instagram.com\/gruene_wi"]},{"@type":"Person","@id":"https:\/\/gruene-wiesbaden.de\/#\/schema\/person\/6785c34779159cd4fd86886bb097afe9","name":"admin","sameAs":["http:\/\/gruene-wiesbaden-fuer-europa.de"],"url":"https:\/\/gruene-wiesbaden.de\/pl\/author\/admin\/"}]}},"_links":{"self":[{"href":"https:\/\/gruene-wiesbaden.de\/pl\/wp-json\/wp\/v2\/posts\/1335","targetHints":{"allow":["GET"]}}],"collection":[{"href":"https:\/\/gruene-wiesbaden.de\/pl\/wp-json\/wp\/v2\/posts"}],"about":[{"href":"https:\/\/gruene-wiesbaden.de\/pl\/wp-json\/wp\/v2\/types\/post"}],"author":[{"embeddable":true,"href":"https:\/\/gruene-wiesbaden.de\/pl\/wp-json\/wp\/v2\/users\/1"}],"replies":[{"embeddable":true,"href":"https:\/\/gruene-wiesbaden.de\/pl\/wp-json\/wp\/v2\/comments?post=1335"}],"version-history":[{"count":9,"href":"https:\/\/gruene-wiesbaden.de\/pl\/wp-json\/wp\/v2\/posts\/1335\/revisions"}],"predecessor-version":[{"id":2374,"href":"https:\/\/gruene-wiesbaden.de\/pl\/wp-json\/wp\/v2\/posts\/1335\/revisions\/2374"}],"wp:featuredmedia":[{"embeddable":true,"href":"https:\/\/gruene-wiesbaden.de\/pl\/wp-json\/wp\/v2\/media\/1511"}],"wp:attachment":[{"href":"https:\/\/gruene-wiesbaden.de\/pl\/wp-json\/wp\/v2\/media?parent=1335"}],"wp:term":[{"taxonomy":"category","embeddable":true,"href":"https:\/\/gruene-wiesbaden.de\/pl\/wp-json\/wp\/v2\/categories?post=1335"},{"taxonomy":"post_tag","embeddable":true,"href":"https:\/\/gruene-wiesbaden.de\/pl\/wp-json\/wp\/v2\/tags?post=1335"}],"curies":[{"name":"wp","href":"https:\/\/api.w.org\/{rel}","templated":true}]}}