{"id":1323,"date":"2025-11-09T23:41:29","date_gmt":"2025-11-09T21:41:29","guid":{"rendered":"https:\/\/gruene-wiesbaden.de\/?p=1323"},"modified":"2026-04-08T22:32:07","modified_gmt":"2026-04-08T20:32:07","slug":"bevoelkerungsschutz","status":"publish","type":"post","link":"https:\/\/gruene-wiesbaden.de\/pl\/bevoelkerungsschutz\/","title":{"rendered":"Ochrona ludno\u015bci"},"content":{"rendered":"<section class=\"l-section wpb_row height_medium with_img\"><div class=\"l-section-img\" role=\"img\" data-img-width=\"1080\" data-img-height=\"800\" style=\"background-image: url(https:\/\/gruene-wiesbaden.de\/wp-content\/uploads\/2025\/11\/neuer-Verlauf-gruene-wiesbaden.de_-2-e1762709402177.png);\"><\/div><div class=\"l-section-overlay\" style=\"background:var(--color-header-top-transparent-bg)\"><\/div><div class=\"l-section-h i-cf\"><div class=\"g-cols vc_row via_grid cols_1 laptops-cols_inherit tablets-cols_inherit mobiles-cols_1 valign_top type_default stacking_default\"><div class=\"wpb_column vc_column_container\"><div class=\"vc_column-inner\"><h1 class=\"w-post-elm post_title us_custom_a574d586 has_text_color entry-title\">Ochrona ludno\u015bci<\/h1><div class=\"w-separator size_medium\"><\/div><div class=\"g-cols wpb_row via_grid cols_2-1 laptops-cols_inherit tablets-cols_inherit mobiles-cols_1 valign_top type_default stacking_default\" style=\"--columns-gap:3rem;\"><div class=\"wpb_column vc_column_container\"><div class=\"vc_column-inner\"><div class=\"wpb_text_column us_custom_8b3d6790 has_text_color\"><div class=\"wpb_wrapper\"><p><span style=\"font-weight: 400;\">W zwi\u0105zku z rosn\u0105cymi ekstremalnymi zdarzeniami pogodowymi spowodowanymi kryzysem klimatycznym i zagro\u017ceniami geopolitycznymi niezb\u0119dna jest odporna ochrona ludno\u015bci. Zobowi\u0105zujemy si\u0119 do skutecznego bezpiecze\u0144stwa i dobrego zapobiegania kryzysom, kt\u00f3re chroni\u0105 ludzi w ka\u017cdej sytuacji.<\/span><\/p>\n<p><span style=\"font-weight: 400;\">Obejmuj\u0105 one kontynuacj\u0119 gminnego planu dzia\u0142ania w zakresie ciep\u0142a, kt\u00f3ry chroni grupy szczeg\u00f3lnie wra\u017cliwe, a tak\u017ce kompleksow\u0105 koncepcj\u0119 ochrony przeciwpowodziowej z renaturyzacj\u0105 ciek\u00f3w rzecznych i tworzeniem obszar\u00f3w retencyjnych.<\/span><\/p>\n<p><span style=\"font-weight: 400;\">Jeste\u015bmy zaanga\u017cowani w lokalny system wczesnego ostrzegania, kt\u00f3ry dociera do wszystkich obywateli na czas. Jednocze\u015bnie chcemy wzmocni\u0107 zdolno\u015b\u0107 ludno\u015bci do samopomocy.<\/span><\/p>\n<p><span style=\"font-weight: 400;\">Rekrutacja m\u0142odych ludzi do ochrony ludno\u015bci jest kluczowym wyzwaniem. Chcemy zainspirowa\u0107 nowe grupy docelowe do tego wolontariatu i zapewni\u0107 atrakcyjne oferty szkole\u0144 i kwalifikacji, a tak\u017ce odpowiedni sprz\u0119t dla stra\u017cy po\u017carnej i organizacji pomocowych.<\/span><\/p>\n<\/div><\/div><div class=\"w-separator size_medium\"><\/div><div class=\"w-btn-wrapper align_left\"><a class=\"w-btn us-btn-style_8 icon_atleft\" href=\"https:\/\/gruene-wiesbaden.de\/pl\/kommunalwahl\/#Kapitel1\"><i class=\"fas fa-chevron-circle-right\"><\/i><span class=\"w-btn-label\">Powr\u00f3t do przegl\u0105du<\/span><\/a><\/div><\/div><\/div><div class=\"wpb_column vc_column_container\"><div class=\"vc_column-inner\"><div class=\"w-image align_center\"><div class=\"w-image-h\"><img decoding=\"async\" width=\"2560\" height=\"1707\" src=\"https:\/\/gruene-wiesbaden.de\/wp-content\/uploads\/2025\/11\/1.2-Bevoelkerungsschutz-scaled.jpeg\" class=\"attachment-full size-full\" alt=\"\" loading=\"lazy\" srcset=\"https:\/\/gruene-wiesbaden.de\/wp-content\/uploads\/2025\/11\/1.2-Bevoelkerungsschutz-scaled.jpeg 2560w, https:\/\/gruene-wiesbaden.de\/wp-content\/uploads\/2025\/11\/1.2-Bevoelkerungsschutz-400x267.jpeg 400w, https:\/\/gruene-wiesbaden.de\/wp-content\/uploads\/2025\/11\/1.2-Bevoelkerungsschutz-600x400.jpeg 600w\" sizes=\"auto, (max-width: 2560px) 100vw, 2560px\" \/><\/div><\/div><div class=\"w-separator size_small\"><\/div><\/div><\/div><\/div><div class=\"w-separator size_medium\"><\/div><div class=\"w-separator size_medium\"><\/div><div class=\"wpb_text_column\"><div class=\"wpb_wrapper\"><h1>Co oznacza dla nas odporna ochrona ludno\u015bci<\/h1>\n<\/div><\/div><div class=\"w-separator size_large\"><\/div><div class=\"g-cols wpb_row via_grid cols_3 laptops-cols_inherit tablets-cols_inherit mobiles-cols_1 valign_top type_default stacking_default\" style=\"--columns-gap:3rem;\"><div class=\"wpb_column vc_column_container\"><div class=\"vc_column-inner\"><div class=\"w-iconbox us_custom_f4639b64 has_text_color iconpos_left style_default color_custom align_left\"><div class=\"w-iconbox-icon\" style=\"font-size:2rem;--icon-color:#Ffffff;--icon-bg-color:var(--color-header-middle-bg);\"><i class=\"fas fa-layer-group\"><\/i><\/div><div class=\"w-iconbox-meta\"><h4 class=\"w-iconbox-title\" style=\"font-size:1.5rem;\">Dzia\u0142amy z przewidywaniem<\/h4><div class=\"w-iconbox-text\"><p><span style=\"font-weight: 400;\">Chcemy inwestowa\u0107 w zapobieganie, a nie w reagowanie na katastrofy. Uodpornienie Wiesbaden na kryzys jest najlepsz\u0105 inwestycj\u0105, jak\u0105 mo\u017cemy zrobi\u0107.<\/span><\/p>\n<\/div><\/div><\/div><\/div><\/div><div class=\"wpb_column vc_column_container\"><div class=\"vc_column-inner\"><div class=\"w-iconbox us_custom_f4639b64 has_text_color iconpos_left style_default color_custom align_left\"><div class=\"w-iconbox-icon\" style=\"font-size:2rem;--icon-color:#Ffffff;--icon-bg-color:var(--color-header-transparent-text);\"><i class=\"fas fa-layer-group\"><\/i><\/div><div class=\"w-iconbox-meta\"><h4 class=\"w-iconbox-title\" style=\"font-size:1.5rem;\">Sprawiamy, \u017ce infrastruktura jest odporna na kryzysy<\/h4><div class=\"w-iconbox-text\"><p><span style=\"font-weight: 400;\">Ochrona infrastruktury krytycznej w obszarach zaopatrzenia w energi\u0119 i wod\u0119, komunikacji i opieki zdrowotnej jest dla nas szczeg\u00f3lnie wa\u017cna.<\/span><\/p>\n<\/div><\/div><\/div><\/div><\/div><div class=\"wpb_column vc_column_container\"><div class=\"vc_column-inner\"><div class=\"w-iconbox us_custom_f4639b64 has_text_color iconpos_left style_default color_custom align_left\"><div class=\"w-iconbox-icon\" style=\"font-size:2rem;--icon-color:#Ffffff;--icon-bg-color:var(--color-header-transparent-text);\"><i class=\"fas fa-layer-group\"><\/i><\/div><div class=\"w-iconbox-meta\"><h4 class=\"w-iconbox-title\" style=\"font-size:1.5rem;\">Chronimy najcenniejszych<\/h4><div class=\"w-iconbox-text\"><p><span style=\"font-weight: 400;\">Dbamy o wszystkich, kt\u00f3rzy s\u0105 dla nas wa\u017cni: Nasze dzieci, nasi rodzice, nasi przyjaciele, nasi s\u0105siedzi, nasze zwierz\u0119ta. Robimy co w naszej mocy dla ich dobrego samopoczucia.<\/span><\/p>\n<\/div><\/div><\/div><\/div><\/div><\/div><div class=\"w-separator size_medium\"><\/div><div class=\"g-cols wpb_row via_grid cols_3 laptops-cols_inherit tablets-cols_inherit mobiles-cols_1 valign_top type_default stacking_default\" style=\"--columns-gap:3rem;\"><div class=\"wpb_column vc_column_container\"><div class=\"vc_column-inner\"><div class=\"w-iconbox us_custom_f4639b64 has_text_color iconpos_left style_default color_custom align_left\"><div class=\"w-iconbox-icon\" style=\"font-size:2rem;--icon-color:#Ffffff;--icon-bg-color:var(--color-header-middle-bg);\"><i class=\"fas fa-layer-group\"><\/i><\/div><div class=\"w-iconbox-meta\"><h4 class=\"w-iconbox-title\" style=\"font-size:1.5rem;\">Jeste\u015bmy razem aktywni<\/h4><div class=\"w-iconbox-text\"><p><span style=\"font-weight: 400;\">Wsp\u00f3lne dzia\u0142anie jest warunkiem wst\u0119pnym naszego bezpiecze\u0144stwa. Promujemy wolontariat i wspieramy sieci spo\u0142ecze\u0144stwa obywatelskiego.<\/span><\/p>\n<\/div><\/div><\/div><\/div><\/div><div class=\"wpb_column vc_column_container\"><div class=\"vc_column-inner\"><div class=\"w-iconbox us_custom_f4639b64 has_text_color iconpos_left style_default color_custom align_left\"><div class=\"w-iconbox-icon\" style=\"font-size:2rem;--icon-color:#Ffffff;--icon-bg-color:var(--color-header-transparent-text);\"><i class=\"fas fa-layer-group\"><\/i><\/div><div class=\"w-iconbox-meta\"><h4 class=\"w-iconbox-title\" style=\"font-size:1.5rem;\">Dzia\u0142amy solidarnie<\/h4><div class=\"w-iconbox-text\"><p><span style=\"font-weight: 400;\">Jeste\u015bmy razem jako spo\u0142ecze\u0144stwo. Kryzys klimatyczny nie dotyka wszystkich w r\u00f3wnym stopniu. To cz\u0119sto osoby starsze, chore, samotne i znajduj\u0105ce si\u0119 w niekorzystnej sytuacji s\u0105 szczeg\u00f3lnie dotkni\u0119te.<\/span><\/p>\n<\/div><\/div><\/div><\/div><\/div><div class=\"wpb_column vc_column_container\"><div class=\"vc_column-inner\"><div class=\"w-iconbox us_custom_f4639b64 has_text_color iconpos_left style_default color_custom align_left\"><div class=\"w-iconbox-icon\" style=\"font-size:2rem;--icon-color:#Ffffff;--icon-bg-color:var(--color-header-transparent-text);\"><i class=\"fas fa-layer-group\"><\/i><\/div><div class=\"w-iconbox-meta\"><h4 class=\"w-iconbox-title\" style=\"font-size:1.5rem;\">Docieramy do wszystkich<\/h4><div class=\"w-iconbox-text\"><p><span style=\"font-weight: 400;\">Stworzyli\u015bmy nasze systemy wczesnego ostrzegania w szerokim zakresie, aby m\u00f3c informowa\u0107 wszystkich ludzi w dowolnym miejscu i czasie.<\/span><\/p>\n<\/div><\/div><\/div><\/div><\/div><\/div><div class=\"w-separator size_medium\"><\/div><div class=\"w-btn-wrapper align_left\"><a class=\"w-btn us-btn-style_8 icon_atleft\" href=\"https:\/\/gruene-wiesbaden.de\/pl\/kommunalwahl\/#Kapitel1\"><i class=\"fas fa-chevron-circle-right\"><\/i><span class=\"w-btn-label\">Powr\u00f3t do przegl\u0105du<\/span><\/a><\/div><div class=\"w-separator size_medium\"><\/div><\/div><\/div><\/div><\/div><\/section><section class=\"l-section wpb_row height_auto with_img\"><div class=\"l-section-img\" role=\"img\" data-img-width=\"2560\" data-img-height=\"1707\" style=\"background-image: url(https:\/\/gruene-wiesbaden.de\/wp-content\/uploads\/2025\/11\/1.2-Bevoelkerungsschutz-scaled.jpeg);background-repeat: no-repeat;\"><\/div><div class=\"l-section-overlay\" style=\"background:var(--color-header-top-transparent-bg)\"><\/div><div class=\"l-section-h i-cf\"><div class=\"g-cols vc_row via_grid cols_1 laptops-cols_inherit tablets-cols_inherit mobiles-cols_1 valign_middle type_default stacking_default\" style=\"--columns-gap:1rem;\"><div class=\"wpb_column vc_column_container\"><div class=\"vc_column-inner\"><div class=\"w-separator size_large\"><\/div><div class=\"wpb_text_column background_inside_text\"><div class=\"wpb_wrapper\"><h1>Co chcemy zrobi\u0107 konkretnie w tej dziedzinie<\/h1>\n<\/div><\/div><div class=\"w-separator size_medium\"><\/div><div class=\"w-tabs us_custom_42d693a0 has_text_color style_default switch_click accordion has_scrolling\" style=\"--sections-title-size:1.4rem\"><div class=\"w-tabs-sections titles-align_none icon_chevron cpos_right\"><div class=\"w-tabs-section has_text_color\" id=\"z72b\" style=\"background:var(--color-header-transparent-text);color:var(--color-header-top-text-hover);\"><button class=\"w-tabs-section-header\" aria-controls=\"content-z72b\" aria-expanded=\"false\"><div class=\"w-tabs-section-title\">Przygotuj si\u0119 dobrze na wszystkie przypadki<\/div><div class=\"w-tabs-section-control\"><\/div><\/button><div  class=\"w-tabs-section-content\" id=\"content-z72b\"><div class=\"w-tabs-section-content-h i-cf\"><div class=\"wpb_text_column\"><div class=\"wpb_wrapper\"><p><span style=\"font-weight: 400;\">Zapobieganie kosztuje u\u0142amek szk\u00f3d. Zobowi\u0105zujemy si\u0119 do zapewnienia, \u017ce Wiesbaden stanie si\u0119 odporny na kryzys dzi\u0119ki planom ochrony przed upa\u0142ami, ulewnymi deszczami i powodziami. Chcemy zwi\u0119kszy\u0107 \u015bwiadomo\u015b\u0107 obywateli na temat zagro\u017ce\u0144, takich jak powodzie, przerwy w dostawie pr\u0105du i po\u017cary las\u00f3w. Poprzez \u0107wiczenia w zakresie ochrony ludno\u015bci, szkolenia i dalsze kszta\u0142cenie chcemy wzmocni\u0107 zdolno\u015b\u0107 ludno\u015bci do samoobrony oraz skuteczn\u0105 wsp\u00f3\u0142prac\u0119 mi\u0119dzy w\u0142adzami a organizacjami operacyjnymi, a tak\u017ce pracowa\u0107 nad rozszerzeniem kana\u0142\u00f3w komunikacji w zakresie (wczesnych) ostrze\u017ce\u0144 i ostrze\u017ce\u0144. Kana\u0142y wirtualne, takie jak aplikacje ostrzegawcze, s\u0105 r\u00f3wnie wa\u017cne jak syreny i sieci lokalne, aby dotrze\u0107 do os\u00f3b starszych i os\u00f3b bez dost\u0119pu cyfrowego, a nawet os\u00f3b niepe\u0142nosprawnych.<\/span><\/p>\n<\/div><\/div><\/div><\/div><\/div><div class=\"w-tabs-section has_text_color\" id=\"d855\" style=\"background:var(--color-header-transparent-text);color:var(--color-header-top-text-hover);\"><button class=\"w-tabs-section-header\" aria-controls=\"content-d855\" aria-expanded=\"false\"><div class=\"w-tabs-section-title\">Nie zostawiamy nikogo samego<\/div><div class=\"w-tabs-section-control\"><\/div><\/button><div  class=\"w-tabs-section-content\" id=\"content-d855\"><div class=\"w-tabs-section-content-h i-cf\"><div class=\"wpb_text_column\"><div class=\"wpb_wrapper\"><p><span style=\"font-weight: 400;\">Obywatele dotkni\u0119ci kl\u0119skami \u017cywio\u0142owymi potrzebuj\u0105 szybkiej pomocy, ale pracownicy s\u0142u\u017cb ratunkowych i spontaniczni pomocnicy cz\u0119sto osi\u0105gaj\u0105 granice swojej odporno\u015bci. W przypadku kryzysu chcemy mie\u0107 pewno\u015b\u0107, \u017ce miasto Wiesbaden mo\u017ce zapewni\u0107 niebiurokratyczne wsparcie, a tak\u017ce zadba\u0107 o psychospo\u0142eczn\u0105 pomoc w nag\u0142ych wypadkach. W celu zapewnienia, aby infrastruktura spo\u0142eczna, taka jak szpitale, domy opieki i praktyki medyczne, nie zawiod\u0142a, nale\u017cy przygotowa\u0107 plany operacyjno-ratownicze dotycz\u0105ce ewentualnej relokacji pacjent\u00f3w i przyjmowania os\u00f3b poszkodowanych. Wiemy, \u017ce ochrona ludno\u015bci zale\u017cy w szczeg\u00f3lno\u015bci od zaanga\u017cowania tysi\u0119cy wolontariuszy: W Niemczech 90 procent os\u00f3b pomagaj\u0105cych w ochronie ludno\u015bci to wolontariusze! Chcemy uzna\u0107, wzmocni\u0107 i uatrakcyjni\u0107 to niezb\u0119dne zobowi\u0105zanie, zw\u0142aszcza dla m\u0142odych ludzi, kobiet i os\u00f3b z histori\u0105 migracji.<\/span><\/p>\n<\/div><\/div><\/div><\/div><\/div><div class=\"w-tabs-section has_text_color\" id=\"l971\" style=\"background:var(--color-header-transparent-text);color:var(--color-header-top-text-hover);\"><button class=\"w-tabs-section-header\" aria-controls=\"content-l971\" aria-expanded=\"false\"><div class=\"w-tabs-section-title\">Ochrona przed zagro\u017ceniami dla zdrowia<\/div><div class=\"w-tabs-section-control\"><\/div><\/button><div  class=\"w-tabs-section-content\" id=\"content-l971\"><div class=\"w-tabs-section-content-h i-cf\"><div class=\"wpb_text_column\"><div class=\"wpb_wrapper\"><p><span style=\"font-weight: 400;\">W ulewnych deszczach i powodziach, opr\u00f3cz bezpo\u015brednich zagro\u017ce\u0144, mo\u017ce wyst\u0105pi\u0107 wyciek zbiornik\u00f3w oleju w piwnicach grzewczych, mi\u0119dzy innymi. Z drugiej strony, d\u0142uga susza i upa\u0142 powoduj\u0105 zakwity truj\u0105cych glon\u00f3w w naszych wodach; W przypadku po\u017caru powstaj\u0105 niebezpieczne gazy spalinowe. Miasto Wiesbaden powinno by\u0107 w stanie ostrzega\u0107 obywateli na wczesnym etapie tych sytuacji kryzysowych i opiekowa\u0107 si\u0119 poszkodowanymi. Dlatego chcemy zacie\u015bni\u0107 wsp\u00f3\u0142prac\u0119 jednostek ochrony ludno\u015bci z stra\u017c\u0105 po\u017carn\u0105, THW i organizacjami pomocowymi.<\/span><\/p>\n<\/div><\/div><\/div><\/div><\/div><div class=\"w-tabs-section has_text_color\" id=\"za9f\" style=\"background:var(--color-alt-content-bg);color:var(--color-content-heading);\"><button class=\"w-tabs-section-header\" aria-controls=\"content-za9f\" aria-expanded=\"false\"><div class=\"w-tabs-section-title\">U\u017cywaj stref cienia bez przymusu, aby konsumowa\u0107<\/div><div class=\"w-tabs-section-control\"><\/div><\/button><div  class=\"w-tabs-section-content\" id=\"content-za9f\"><div class=\"w-tabs-section-content-h i-cf\"><div class=\"wpb_text_column\"><div class=\"wpb_wrapper\"><p><span style=\"font-weight: 400;\">Ekstremalne okresy upa\u0142\u00f3w w d\u0142u\u017cszym okresie czasu nasilaj\u0105 si\u0119 w nast\u0119pstwie zmiany klimatu i staj\u0105 si\u0119 coraz wi\u0119kszym obci\u0105\u017ceniem dla ludzi. Zw\u0142aszcza w centrum miasta apartamenty mog\u0105 ogrzewa\u0107 si\u0119 przez kilka dni do temperatur, kt\u00f3re uniemo\u017cliwiaj\u0105 relaksuj\u0105cy pobyt i spanie tam. W zwi\u0105zku z tym uwa\u017camy, \u017ce wa\u017cne jest, aby w Wiesbaden by\u0142y \u0142atwo dost\u0119pne fajne miejsca, w kt\u00f3rych obywatele mog\u0105 przebywa\u0107 bezp\u0142atnie co najmniej w ci\u0105gu dnia.<\/span><\/p>\n<\/div><\/div><\/div><\/div><\/div><div class=\"w-tabs-section has_text_color\" id=\"xc26\" style=\"background:var(--color-header-transparent-text);color:var(--color-header-top-text-hover);\"><button class=\"w-tabs-section-header\" aria-controls=\"content-xc26\" aria-expanded=\"false\"><div class=\"w-tabs-section-title\">Zmniejszenie ryzyka po\u017car\u00f3w las\u00f3w<\/div><div class=\"w-tabs-section-control\"><\/div><\/button><div  class=\"w-tabs-section-content\" id=\"content-xc26\"><div class=\"w-tabs-section-content-h i-cf\"><div class=\"wpb_text_column\"><div class=\"wpb_wrapper\"><p><span style=\"font-weight: 400;\">Ponad 80% Wszystkie po\u017cary w lesie s\u0105 spowodowane przez ludzi. Dlatego chcemy, aby miasto Wiesbaden rozpocz\u0119\u0142o szeroko zakrojon\u0105 kampani\u0119 u\u015bwiadamiaj\u0105c\u0105, kt\u00f3ra informuje o zagro\u017ceniach po\u017carowych w lesie i podnosi \u015bwiadomo\u015b\u0107 odpowiedzialnego zachowania. Im szybciej wykryje si\u0119 po\u017car lasu, tym \u0142atwiej jest unikn\u0105\u0107 powa\u017cnych szk\u00f3d. Jeste\u015bmy zaanga\u017cowani w kompleksowy cyfrowy system wczesnego ostrzegania oraz wspieramy sprz\u0119t i szkolenia naszych stra\u017cy po\u017carnych. Ponadto chcemy zapewni\u0107 g\u0119st\u0105 sie\u0107 odpowiednich punkt\u00f3w zbierania wody ga\u015bniczej w mie\u015bcie Wiesbaden.<\/span><\/p>\n<\/div><\/div><\/div><\/div><\/div><div class=\"w-tabs-section has_text_color\" id=\"fd44\" style=\"background:var(--color-alt-content-bg);color:var(--color-header-middle-text);\"><button class=\"w-tabs-section-header\" aria-controls=\"content-fd44\" aria-expanded=\"false\"><div class=\"w-tabs-section-title\">B\u0105d\u017a dobrze przygotowany na sytuacje awaryjne<\/div><div class=\"w-tabs-section-control\"><\/div><\/button><div  class=\"w-tabs-section-content\" id=\"content-fd44\"><div class=\"w-tabs-section-content-h i-cf\"><div class=\"wpb_text_column\"><div class=\"wpb_wrapper\"><p><span style=\"font-weight: 400;\">W sytuacji kryzysowej infrastruktura krytyczna mo\u017ce zawie\u015b\u0107. Dlatego szczeg\u00f3lnie wa\u017cne jest, aby istniej\u0105ce plany ochrony ludno\u015bci by\u0142y znane wszystkim obywatelom i aby rozwijana by\u0142a niezb\u0119dna infrastruktura. To jest to, do czego jeste\u015bmy zobowi\u0105zani. Obejmuj\u0105 one szybk\u0105 instalacj\u0119 ruchomych zbiornik\u00f3w na wod\u0119 i toalet, wydawanie racji \u017cywno\u015bciowych i niezb\u0119dnych lek\u00f3w dla ludno\u015bci, a tak\u017ce zasilanie awaryjne i zaopatrzenie w paliwo s\u0142u\u017cb ratunkowych. Zobowi\u0105zujemy si\u0119 r\u00f3wnie\u017c do zapewnienia, aby stra\u017c po\u017carna i organizacje pomocowe by\u0142y wyposa\u017cone w niezb\u0119dn\u0105 infrastruktur\u0119 w spos\u00f3b dostosowany do przysz\u0142ych wyzwa\u0144 i odporny na kryzysy oraz by\u0142y wspierane przez obiekty miejskie.<\/span><\/p>\n<\/div><\/div><\/div><\/div><\/div><div class=\"w-tabs-section has_text_color\" id=\"fe5e\" style=\"background:var(--color-header-transparent-text);color:var(--color-header-top-text-hover);\"><button class=\"w-tabs-section-header\" aria-controls=\"content-fe5e\" aria-expanded=\"false\"><div class=\"w-tabs-section-title\">Dajemy przestrze\u0144 wodzie<\/div><div class=\"w-tabs-section-control\"><\/div><\/button><div  class=\"w-tabs-section-content\" id=\"content-fe5e\"><div class=\"w-tabs-section-content-h i-cf\"><div class=\"wpb_text_column\"><div class=\"wpb_wrapper\"><p><span style=\"font-weight: 400;\">Aby chroni\u0107 si\u0119 przed powodzi\u0105, opieramy si\u0119 na zasadzie miasta g\u0105bki: Woda deszczowa powinna by\u0107 w stanie przesi\u0105ka\u0107 tam, gdzie spada, zamiast sp\u0142ywa\u0107 do zat\u0142oczonych kana\u0142\u00f3w. Dlatego d\u0105\u017cymy do zwi\u0119kszenia liczby zielonych dach\u00f3w, obszar\u00f3w infiltracji i podziemnych magazyn\u00f3w w Wiesbaden, a tak\u017ce do rozszczelniania obszar\u00f3w tam, gdzie to mo\u017cliwe.<\/span><\/p>\n<\/div><\/div><\/div><\/div><\/div><\/div><\/div><div class=\"w-separator size_medium\"><\/div><div class=\"w-btn-wrapper align_left\"><a class=\"w-btn us-btn-style_8 icon_atleft\" href=\"https:\/\/gruene-wiesbaden.de\/pl\/kommunalwahl\/#Kapitel1\"><i class=\"fas fa-chevron-circle-right\"><\/i><span class=\"w-btn-label\">Powr\u00f3t do przegl\u0105du<\/span><\/a><\/div><div class=\"w-separator size_large\"><\/div><div class=\"wpb_text_column\"><div class=\"wpb_wrapper\"><h1>Co ju\u017c osi\u0105gn\u0119li\u015bmy<\/h1>\n<\/div><\/div><div class=\"w-separator size_medium\"><\/div><div class=\"w-tabs us_custom_42d693a0 has_text_color style_default switch_click accordion has_scrolling\" style=\"--sections-title-size:1.4rem\"><div class=\"w-tabs-sections titles-align_none icon_chevron cpos_right\"><div class=\"w-tabs-section has_text_color\" id=\"xfae\" style=\"background:var(--color-header-transparent-text);color:var(--color-header-top-text-hover);\"><button class=\"w-tabs-section-header\" aria-controls=\"content-xfae\" aria-expanded=\"false\"><div class=\"w-tabs-section-title\">Wi\u0119cej niezamkni\u0119tych przestrzeni<\/div><div class=\"w-tabs-section-control\"><\/div><\/button><div  class=\"w-tabs-section-content\" id=\"content-xfae\"><div class=\"w-tabs-section-content-h i-cf\"><div class=\"wpb_text_column\"><div class=\"wpb_wrapper\"><p><span style=\"font-weight: 400;\">Jako obszary retencyjne i r\u00f3wniny zalewowe obszary miejskie zosta\u0142y ju\u017c odpiecz\u0119towane i obsadzone gatunkami. B\u0119dziemy kontynuowa\u0107 ten proces z powodzeniem.<\/span><\/p>\n<\/div><\/div><\/div><\/div><\/div><div class=\"w-tabs-section has_text_color\" id=\"m0d9\" style=\"background:var(--color-header-transparent-text);color:var(--color-header-top-text-hover);\"><button class=\"w-tabs-section-header\" aria-controls=\"content-m0d9\" aria-expanded=\"false\"><div class=\"w-tabs-section-title\">Wi\u0119ksza ochrona przed powodziami i ulewnymi deszczami<\/div><div class=\"w-tabs-section-control\"><\/div><\/button><div  class=\"w-tabs-section-content\" id=\"content-m0d9\"><div class=\"w-tabs-section-content-h i-cf\"><div class=\"wpb_text_column\"><div class=\"wpb_wrapper\"><p><span style=\"font-weight: 400;\">Miasto Wiesbaden rozpocz\u0119\u0142o ju\u017c planowanie basenu retencyjnego w Rambach i uko\u0144czy\u0142o Schluckbrunnen w Kurparkweiher. Ponadto miasto w naszym lesie miejskim zapewnia zatrzymywanie zasob\u00f3w le\u015bnych. Opracowano \u015bwiadom\u0105 gospodark\u0119 wodn\u0105 i na ca\u0142ym obszarze powsta\u0142y na przyk\u0142ad ma\u0142e obszary retencyjne.<\/span><\/p>\n<p><span style=\"font-weight: 400;\">Struktury le\u015bne bliskie naturze i stale niezak\u0142\u00f3cone gleby sprzyjaj\u0105 absorpcji wody tam, gdzie spadaj\u0105 opady i zmniejszaj\u0105 sp\u0142yw powierzchniowy. Spowalnia to rozw\u00f3j powodzi, zwi\u0119ksza dost\u0119pno\u015b\u0107 wody glebowej dla drzew i umo\u017cliwia tworzenie nowych w\u00f3d gruntowych.<\/span><\/p>\n<\/div><\/div><\/div><\/div><\/div><div class=\"w-tabs-section has_text_color\" id=\"f1f6\" style=\"background:var(--color-header-transparent-text);color:var(--color-header-top-text-hover);\"><button class=\"w-tabs-section-header\" aria-controls=\"content-f1f6\" aria-expanded=\"false\"><div class=\"w-tabs-section-title\">Lepsze informacje na temat opad\u00f3w atmosferycznych<\/div><div class=\"w-tabs-section-control\"><\/div><\/button><div  class=\"w-tabs-section-content\" id=\"content-f1f6\"><div class=\"w-tabs-section-content-h i-cf\"><div class=\"wpb_text_column\"><div class=\"wpb_wrapper\"><p><span style=\"font-weight: 400;\">Promujemy odporne na zmian\u0119 klimatu obchodzenie si\u0119 z wod\u0105 opadow\u0105. Dlatego z powodzeniem prowadzimy kampani\u0119 na rzecz opracowania i publicznego udost\u0119pnienia map ulewnego deszczu przez miasto Wiesbaden. Ponadto opracowywany jest statut w\u00f3d opadowych. Zasada miasta g\u0105bki jest obecnie stosowana w przeprojektowywaniu plac\u00f3w (Els\u00e4sser Park, Schlo\u00dfplatz itp.) oraz w du\u017cych nowych projektach budowlanych.<\/span><\/p>\n<\/div><\/div><\/div><\/div><\/div><div class=\"w-tabs-section has_text_color\" id=\"u345\" style=\"background:var(--color-alt-content-bg);color:var(--color-content-heading);\"><button class=\"w-tabs-section-header\" aria-controls=\"content-u345\" aria-expanded=\"false\"><div class=\"w-tabs-section-title\">Poprawa ochrony cieplnej dla wszystkich mieszka\u0144c\u00f3w Wiesbaden<\/div><div class=\"w-tabs-section-control\"><\/div><\/button><div  class=\"w-tabs-section-content\" id=\"content-u345\"><div class=\"w-tabs-section-content-h i-cf\"><div class=\"wpb_text_column\"><div class=\"wpb_wrapper\"><p><span style=\"font-weight: 400;\">Miasto Wiesbaden opublikowa\u0142o ju\u017c pierwsz\u0105 edycj\u0119 planu dzia\u0142ania w zakresie ogrzewania, w kt\u00f3rym jest on stale aktualizowany, oceniany i rozwijany. Ponadto opracowano i opublikowano \u201emap\u0119 fajnych miejsc\u201d. Ta mapa jest stale rozbudowywana.<\/span><\/p>\n<\/div><\/div><\/div><\/div><\/div><div class=\"w-tabs-section has_text_color\" id=\"l46f\" style=\"background:var(--color-header-transparent-text);color:var(--color-header-top-text-hover);\"><button class=\"w-tabs-section-header\" aria-controls=\"content-l46f\" aria-expanded=\"false\"><div class=\"w-tabs-section-title\">Bezpieczna komunikacja w razie katastrofy<\/div><div class=\"w-tabs-section-control\"><\/div><\/button><div  class=\"w-tabs-section-content\" id=\"content-l46f\"><div class=\"w-tabs-section-content-h i-cf\"><div class=\"wpb_text_column\"><div class=\"wpb_wrapper\"><p><span style=\"font-weight: 400;\">W przypadku og\u00f3lnokrajowej przerwy w dostawie pr\u0105du lub przerwania telekomunikacji, nasze stra\u017ce po\u017carne i organizacje pomocowe zak\u0142adaj\u0105 mobilne i stacjonarne latarnie ochrony ludno\u015bci we wszystkich dzielnicach. Zapewnia to awaryjne zasilanie i komunikacj\u0119. Tutaj mo\u017cesz nawi\u0105zywa\u0107 po\u0142\u0105czenia alarmowe w przypadku kryzysu, otrzymywa\u0107 praktyczn\u0105 pomoc, a tak\u017ce wiarygodne i jasne informacje na temat bie\u017c\u0105cej sytuacji. Lokalizacje mo\u017cna znale\u017a\u0107 online w geoportalu Wiesbaden.<\/span><\/p>\n<\/div><\/div><\/div><\/div><\/div><\/div><\/div><div class=\"w-separator size_medium\"><\/div><div class=\"w-btn-wrapper align_left\"><a class=\"w-btn us-btn-style_8 icon_atleft\" href=\"https:\/\/gruene-wiesbaden.de\/pl\/kommunalwahl\/#Kapitel1\"><i class=\"fas fa-chevron-circle-right\"><\/i><span class=\"w-btn-label\">Powr\u00f3t do przegl\u0105du<\/span><\/a><\/div><div class=\"w-separator size_large\"><\/div><\/div><\/div><\/div><\/div><\/section>","protected":false},"excerpt":{"rendered":"W zwi\u0105zku z rosn\u0105cymi ekstremalnymi zdarzeniami pogodowymi spowodowanymi kryzysem klimatycznym i zagro\u017ceniami geopolitycznymi niezb\u0119dna jest odporna ochrona ludno\u015bci. Zobowi\u0105zujemy si\u0119 do skutecznego bezpiecze\u0144stwa i dobrego zapobiegania kryzysom, kt\u00f3re chroni\u0105 ludzi w ka\u017cdej sytuacji. Obejmuj\u0105 one kontynuacj\u0119 gminnego planu dzia\u0142ania w zakresie ciep\u0142a, kt\u00f3ry chroni grupy szczeg\u00f3lnie wra\u017cliwe, a tak\u017ce kompleksow\u0105 koncepcj\u0119 ochrony przeciwpowodziowej z renaturyzacj\u0105 rzek i rzek.","protected":false},"author":1,"featured_media":1497,"comment_status":"closed","ping_status":"closed","sticky":false,"template":"","format":"standard","meta":{"footnotes":""},"categories":[14],"tags":[],"class_list":["post-1323","post","type-post","status-publish","format-standard","has-post-thumbnail","hentry","category-kapitel-1"],"yoast_head":"<!-- This site is optimized with the Yoast SEO plugin v27.5 - https:\/\/yoast.com\/product\/yoast-seo-wordpress\/ -->\n<title>Bev\u00f6lkerungsschutz - B\u00dcNDNIS 90\/DIE GR\u00dcNEN Wiesbaden<\/title>\n<meta name=\"robots\" content=\"index, follow, max-snippet:-1, max-image-preview:large, max-video-preview:-1\" \/>\n<link rel=\"canonical\" href=\"https:\/\/gruene-wiesbaden.de\/pl\/bevoelkerungsschutz\/\" \/>\n<meta property=\"og:locale\" content=\"pl_PL\" \/>\n<meta property=\"og:type\" content=\"article\" \/>\n<meta property=\"og:title\" content=\"Bev\u00f6lkerungsschutz - B\u00dcNDNIS 90\/DIE GR\u00dcNEN Wiesbaden\" \/>\n<meta property=\"og:url\" content=\"https:\/\/gruene-wiesbaden.de\/pl\/bevoelkerungsschutz\/\" \/>\n<meta property=\"og:site_name\" content=\"B\u00dcNDNIS 90\/DIE GR\u00dcNEN Wiesbaden\" \/>\n<meta property=\"article:publisher\" content=\"https:\/\/www.facebook.com\/gruene.wi\" \/>\n<meta property=\"article:published_time\" content=\"2025-11-09T21:41:29+00:00\" \/>\n<meta property=\"article:modified_time\" content=\"2026-04-08T20:32:07+00:00\" \/>\n<meta property=\"og:image\" content=\"https:\/\/gruene-wiesbaden.de\/wp-content\/uploads\/2025\/11\/1.2-Bevoelkerungsschutz-scaled.jpeg\" \/>\n\t<meta property=\"og:image:width\" content=\"2560\" \/>\n\t<meta property=\"og:image:height\" content=\"1707\" \/>\n\t<meta property=\"og:image:type\" content=\"image\/jpeg\" \/>\n<meta name=\"author\" content=\"admin\" \/>\n<meta name=\"twitter:card\" content=\"summary_large_image\" \/>\n<meta name=\"twitter:label1\" content=\"Napisane przez\" \/>\n\t<meta name=\"twitter:data1\" content=\"admin\" \/>\n\t<meta name=\"twitter:label2\" content=\"Szacowany czas czytania\" \/>\n\t<meta name=\"twitter:data2\" content=\"8 minutes\" \/>\n<script type=\"application\/ld+json\" class=\"yoast-schema-graph\">{\"@context\":\"https:\\\/\\\/schema.org\",\"@graph\":[{\"@type\":\"Article\",\"@id\":\"https:\\\/\\\/gruene-wiesbaden.de\\\/bevoelkerungsschutz\\\/#article\",\"isPartOf\":{\"@id\":\"https:\\\/\\\/gruene-wiesbaden.de\\\/bevoelkerungsschutz\\\/\"},\"author\":{\"name\":\"admin\",\"@id\":\"https:\\\/\\\/gruene-wiesbaden.de\\\/#\\\/schema\\\/person\\\/6785c34779159cd4fd86886bb097afe9\"},\"headline\":\"Bev\u00f6lkerungsschutz\",\"datePublished\":\"2025-11-09T21:41:29+00:00\",\"dateModified\":\"2026-04-08T20:32:07+00:00\",\"mainEntityOfPage\":{\"@id\":\"https:\\\/\\\/gruene-wiesbaden.de\\\/bevoelkerungsschutz\\\/\"},\"wordCount\":2343,\"publisher\":{\"@id\":\"https:\\\/\\\/gruene-wiesbaden.de\\\/#organization\"},\"image\":{\"@id\":\"https:\\\/\\\/gruene-wiesbaden.de\\\/bevoelkerungsschutz\\\/#primaryimage\"},\"thumbnailUrl\":\"https:\\\/\\\/gruene-wiesbaden.de\\\/wp-content\\\/uploads\\\/2025\\\/11\\\/1.2-Bevoelkerungsschutz-scaled.jpeg\",\"articleSection\":[\"Kapitel 1\"],\"inLanguage\":\"pl-PL\"},{\"@type\":\"WebPage\",\"@id\":\"https:\\\/\\\/gruene-wiesbaden.de\\\/bevoelkerungsschutz\\\/\",\"url\":\"https:\\\/\\\/gruene-wiesbaden.de\\\/bevoelkerungsschutz\\\/\",\"name\":\"Bev\u00f6lkerungsschutz - B\u00dcNDNIS 90\\\/DIE GR\u00dcNEN Wiesbaden\",\"isPartOf\":{\"@id\":\"https:\\\/\\\/gruene-wiesbaden.de\\\/#website\"},\"primaryImageOfPage\":{\"@id\":\"https:\\\/\\\/gruene-wiesbaden.de\\\/bevoelkerungsschutz\\\/#primaryimage\"},\"image\":{\"@id\":\"https:\\\/\\\/gruene-wiesbaden.de\\\/bevoelkerungsschutz\\\/#primaryimage\"},\"thumbnailUrl\":\"https:\\\/\\\/gruene-wiesbaden.de\\\/wp-content\\\/uploads\\\/2025\\\/11\\\/1.2-Bevoelkerungsschutz-scaled.jpeg\",\"datePublished\":\"2025-11-09T21:41:29+00:00\",\"dateModified\":\"2026-04-08T20:32:07+00:00\",\"breadcrumb\":{\"@id\":\"https:\\\/\\\/gruene-wiesbaden.de\\\/bevoelkerungsschutz\\\/#breadcrumb\"},\"inLanguage\":\"pl-PL\",\"potentialAction\":[{\"@type\":\"ReadAction\",\"target\":[\"https:\\\/\\\/gruene-wiesbaden.de\\\/bevoelkerungsschutz\\\/\"]}]},{\"@type\":\"ImageObject\",\"inLanguage\":\"pl-PL\",\"@id\":\"https:\\\/\\\/gruene-wiesbaden.de\\\/bevoelkerungsschutz\\\/#primaryimage\",\"url\":\"https:\\\/\\\/gruene-wiesbaden.de\\\/wp-content\\\/uploads\\\/2025\\\/11\\\/1.2-Bevoelkerungsschutz-scaled.jpeg\",\"contentUrl\":\"https:\\\/\\\/gruene-wiesbaden.de\\\/wp-content\\\/uploads\\\/2025\\\/11\\\/1.2-Bevoelkerungsschutz-scaled.jpeg\",\"width\":2560,\"height\":1707,\"caption\":\"Boots flooded house closeup. Home rain flood. Generate Ai\"},{\"@type\":\"BreadcrumbList\",\"@id\":\"https:\\\/\\\/gruene-wiesbaden.de\\\/bevoelkerungsschutz\\\/#breadcrumb\",\"itemListElement\":[{\"@type\":\"ListItem\",\"position\":1,\"name\":\"Startseite\",\"item\":\"https:\\\/\\\/gruene-wiesbaden.de\\\/\"},{\"@type\":\"ListItem\",\"position\":2,\"name\":\"Bev\u00f6lkerungsschutz\"}]},{\"@type\":\"WebSite\",\"@id\":\"https:\\\/\\\/gruene-wiesbaden.de\\\/#website\",\"url\":\"https:\\\/\\\/gruene-wiesbaden.de\\\/\",\"name\":\"DIE GR\u00dcNEN Wiesbaden\",\"description\":\"\",\"publisher\":{\"@id\":\"https:\\\/\\\/gruene-wiesbaden.de\\\/#organization\"},\"potentialAction\":[{\"@type\":\"SearchAction\",\"target\":{\"@type\":\"EntryPoint\",\"urlTemplate\":\"https:\\\/\\\/gruene-wiesbaden.de\\\/?s={search_term_string}\"},\"query-input\":{\"@type\":\"PropertyValueSpecification\",\"valueRequired\":true,\"valueName\":\"search_term_string\"}}],\"inLanguage\":\"pl-PL\"},{\"@type\":\"Organization\",\"@id\":\"https:\\\/\\\/gruene-wiesbaden.de\\\/#organization\",\"name\":\"DIE GR\u00dcNEN Wiesbaden\",\"url\":\"https:\\\/\\\/gruene-wiesbaden.de\\\/\",\"logo\":{\"@type\":\"ImageObject\",\"inLanguage\":\"pl-PL\",\"@id\":\"https:\\\/\\\/gruene-wiesbaden.de\\\/#\\\/schema\\\/logo\\\/image\\\/\",\"url\":\"https:\\\/\\\/gruene-wiesbaden-fuer-europa.de\\\/wp-content\\\/uploads\\\/2024\\\/04\\\/Machen-was-zaehlt-5.png\",\"contentUrl\":\"https:\\\/\\\/gruene-wiesbaden-fuer-europa.de\\\/wp-content\\\/uploads\\\/2024\\\/04\\\/Machen-was-zaehlt-5.png\",\"width\":1772,\"height\":1772,\"caption\":\"DIE GR\u00dcNEN Wiesbaden\"},\"image\":{\"@id\":\"https:\\\/\\\/gruene-wiesbaden.de\\\/#\\\/schema\\\/logo\\\/image\\\/\"},\"sameAs\":[\"https:\\\/\\\/www.facebook.com\\\/gruene.wi\",\"https:\\\/\\\/instagram.com\\\/gruene_wi\"]},{\"@type\":\"Person\",\"@id\":\"https:\\\/\\\/gruene-wiesbaden.de\\\/#\\\/schema\\\/person\\\/6785c34779159cd4fd86886bb097afe9\",\"name\":\"admin\",\"sameAs\":[\"http:\\\/\\\/gruene-wiesbaden-fuer-europa.de\"],\"url\":\"https:\\\/\\\/gruene-wiesbaden.de\\\/pl\\\/author\\\/admin\\\/\"}]}<\/script>\n<!-- \/ Yoast SEO plugin. -->","yoast_head_json":{"title":"Bev\u00f6lkerungsschutz - B\u00dcNDNIS 90\/DIE GR\u00dcNEN Wiesbaden","robots":{"index":"index","follow":"follow","max-snippet":"max-snippet:-1","max-image-preview":"max-image-preview:large","max-video-preview":"max-video-preview:-1"},"canonical":"https:\/\/gruene-wiesbaden.de\/pl\/bevoelkerungsschutz\/","og_locale":"pl_PL","og_type":"article","og_title":"Bev\u00f6lkerungsschutz - B\u00dcNDNIS 90\/DIE GR\u00dcNEN Wiesbaden","og_url":"https:\/\/gruene-wiesbaden.de\/pl\/bevoelkerungsschutz\/","og_site_name":"B\u00dcNDNIS 90\/DIE GR\u00dcNEN Wiesbaden","article_publisher":"https:\/\/www.facebook.com\/gruene.wi","article_published_time":"2025-11-09T21:41:29+00:00","article_modified_time":"2026-04-08T20:32:07+00:00","og_image":[{"width":2560,"height":1707,"url":"https:\/\/gruene-wiesbaden.de\/wp-content\/uploads\/2025\/11\/1.2-Bevoelkerungsschutz-scaled.jpeg","type":"image\/jpeg"}],"author":"admin","twitter_card":"summary_large_image","twitter_misc":{"Napisane przez":"admin","Szacowany czas czytania":"8 minutes"},"schema":{"@context":"https:\/\/schema.org","@graph":[{"@type":"Article","@id":"https:\/\/gruene-wiesbaden.de\/bevoelkerungsschutz\/#article","isPartOf":{"@id":"https:\/\/gruene-wiesbaden.de\/bevoelkerungsschutz\/"},"author":{"name":"admin","@id":"https:\/\/gruene-wiesbaden.de\/#\/schema\/person\/6785c34779159cd4fd86886bb097afe9"},"headline":"Bev\u00f6lkerungsschutz","datePublished":"2025-11-09T21:41:29+00:00","dateModified":"2026-04-08T20:32:07+00:00","mainEntityOfPage":{"@id":"https:\/\/gruene-wiesbaden.de\/bevoelkerungsschutz\/"},"wordCount":2343,"publisher":{"@id":"https:\/\/gruene-wiesbaden.de\/#organization"},"image":{"@id":"https:\/\/gruene-wiesbaden.de\/bevoelkerungsschutz\/#primaryimage"},"thumbnailUrl":"https:\/\/gruene-wiesbaden.de\/wp-content\/uploads\/2025\/11\/1.2-Bevoelkerungsschutz-scaled.jpeg","articleSection":["Kapitel 1"],"inLanguage":"pl-PL"},{"@type":"WebPage","@id":"https:\/\/gruene-wiesbaden.de\/bevoelkerungsschutz\/","url":"https:\/\/gruene-wiesbaden.de\/bevoelkerungsschutz\/","name":"Bev\u00f6lkerungsschutz - B\u00dcNDNIS 90\/DIE GR\u00dcNEN Wiesbaden","isPartOf":{"@id":"https:\/\/gruene-wiesbaden.de\/#website"},"primaryImageOfPage":{"@id":"https:\/\/gruene-wiesbaden.de\/bevoelkerungsschutz\/#primaryimage"},"image":{"@id":"https:\/\/gruene-wiesbaden.de\/bevoelkerungsschutz\/#primaryimage"},"thumbnailUrl":"https:\/\/gruene-wiesbaden.de\/wp-content\/uploads\/2025\/11\/1.2-Bevoelkerungsschutz-scaled.jpeg","datePublished":"2025-11-09T21:41:29+00:00","dateModified":"2026-04-08T20:32:07+00:00","breadcrumb":{"@id":"https:\/\/gruene-wiesbaden.de\/bevoelkerungsschutz\/#breadcrumb"},"inLanguage":"pl-PL","potentialAction":[{"@type":"ReadAction","target":["https:\/\/gruene-wiesbaden.de\/bevoelkerungsschutz\/"]}]},{"@type":"ImageObject","inLanguage":"pl-PL","@id":"https:\/\/gruene-wiesbaden.de\/bevoelkerungsschutz\/#primaryimage","url":"https:\/\/gruene-wiesbaden.de\/wp-content\/uploads\/2025\/11\/1.2-Bevoelkerungsschutz-scaled.jpeg","contentUrl":"https:\/\/gruene-wiesbaden.de\/wp-content\/uploads\/2025\/11\/1.2-Bevoelkerungsschutz-scaled.jpeg","width":2560,"height":1707,"caption":"Boots flooded house closeup. Home rain flood. Generate Ai"},{"@type":"BreadcrumbList","@id":"https:\/\/gruene-wiesbaden.de\/bevoelkerungsschutz\/#breadcrumb","itemListElement":[{"@type":"ListItem","position":1,"name":"Startseite","item":"https:\/\/gruene-wiesbaden.de\/"},{"@type":"ListItem","position":2,"name":"Bev\u00f6lkerungsschutz"}]},{"@type":"WebSite","@id":"https:\/\/gruene-wiesbaden.de\/#website","url":"https:\/\/gruene-wiesbaden.de\/","name":"DIE GR\u00dcNEN Wiesbaden","description":"","publisher":{"@id":"https:\/\/gruene-wiesbaden.de\/#organization"},"potentialAction":[{"@type":"SearchAction","target":{"@type":"EntryPoint","urlTemplate":"https:\/\/gruene-wiesbaden.de\/?s={search_term_string}"},"query-input":{"@type":"PropertyValueSpecification","valueRequired":true,"valueName":"search_term_string"}}],"inLanguage":"pl-PL"},{"@type":"Organization","@id":"https:\/\/gruene-wiesbaden.de\/#organization","name":"DIE GR\u00dcNEN Wiesbaden","url":"https:\/\/gruene-wiesbaden.de\/","logo":{"@type":"ImageObject","inLanguage":"pl-PL","@id":"https:\/\/gruene-wiesbaden.de\/#\/schema\/logo\/image\/","url":"https:\/\/gruene-wiesbaden-fuer-europa.de\/wp-content\/uploads\/2024\/04\/Machen-was-zaehlt-5.png","contentUrl":"https:\/\/gruene-wiesbaden-fuer-europa.de\/wp-content\/uploads\/2024\/04\/Machen-was-zaehlt-5.png","width":1772,"height":1772,"caption":"DIE GR\u00dcNEN Wiesbaden"},"image":{"@id":"https:\/\/gruene-wiesbaden.de\/#\/schema\/logo\/image\/"},"sameAs":["https:\/\/www.facebook.com\/gruene.wi","https:\/\/instagram.com\/gruene_wi"]},{"@type":"Person","@id":"https:\/\/gruene-wiesbaden.de\/#\/schema\/person\/6785c34779159cd4fd86886bb097afe9","name":"admin","sameAs":["http:\/\/gruene-wiesbaden-fuer-europa.de"],"url":"https:\/\/gruene-wiesbaden.de\/pl\/author\/admin\/"}]}},"_links":{"self":[{"href":"https:\/\/gruene-wiesbaden.de\/pl\/wp-json\/wp\/v2\/posts\/1323","targetHints":{"allow":["GET"]}}],"collection":[{"href":"https:\/\/gruene-wiesbaden.de\/pl\/wp-json\/wp\/v2\/posts"}],"about":[{"href":"https:\/\/gruene-wiesbaden.de\/pl\/wp-json\/wp\/v2\/types\/post"}],"author":[{"embeddable":true,"href":"https:\/\/gruene-wiesbaden.de\/pl\/wp-json\/wp\/v2\/users\/1"}],"replies":[{"embeddable":true,"href":"https:\/\/gruene-wiesbaden.de\/pl\/wp-json\/wp\/v2\/comments?post=1323"}],"version-history":[{"count":10,"href":"https:\/\/gruene-wiesbaden.de\/pl\/wp-json\/wp\/v2\/posts\/1323\/revisions"}],"predecessor-version":[{"id":2367,"href":"https:\/\/gruene-wiesbaden.de\/pl\/wp-json\/wp\/v2\/posts\/1323\/revisions\/2367"}],"wp:featuredmedia":[{"embeddable":true,"href":"https:\/\/gruene-wiesbaden.de\/pl\/wp-json\/wp\/v2\/media\/1497"}],"wp:attachment":[{"href":"https:\/\/gruene-wiesbaden.de\/pl\/wp-json\/wp\/v2\/media?parent=1323"}],"wp:term":[{"taxonomy":"category","embeddable":true,"href":"https:\/\/gruene-wiesbaden.de\/pl\/wp-json\/wp\/v2\/categories?post=1323"},{"taxonomy":"post_tag","embeddable":true,"href":"https:\/\/gruene-wiesbaden.de\/pl\/wp-json\/wp\/v2\/tags?post=1323"}],"curies":[{"name":"wp","href":"https:\/\/api.w.org\/{rel}","templated":true}]}}