{"id":1278,"date":"2025-11-01T17:27:05","date_gmt":"2025-11-01T15:27:05","guid":{"rendered":"https:\/\/gruene-wiesbaden.de\/?p=1278"},"modified":"2025-11-01T17:27:05","modified_gmt":"2025-11-01T15:27:05","slug":"die-gruenen-wiesbaden-beschliessen-einstimmig-programm-fuer-die-kommunalwahl-2026-basisdemokratischer-prozess-als-grundlage-fuer-eine-lebenswerte-und-zukunftsfaehige-stadt","status":"publish","type":"post","link":"https:\/\/gruene-wiesbaden.de\/pl\/die-gruenen-wiesbaden-beschliessen-einstimmig-programm-fuer-die-kommunalwahl-2026-basisdemokratischer-prozess-als-grundlage-fuer-eine-lebenswerte-und-zukunftsfaehige-stadt\/","title":{"rendered":"DIE GR\u00dcNEN Wiesbaden jednog\u0142o\u015bnie przyjmuje program wybor\u00f3w lokalnych na 2026 r. \u2013 oddolny proces demokratyczny jako podstawa zdatnego do \u017cycia i zr\u00f3wnowa\u017conego miasta"},"content":{"rendered":"<section class=\"l-section wpb_row height_medium\"><div class=\"l-section-h i-cf\"><div class=\"g-cols vc_row via_grid cols_1 laptops-cols_inherit tablets-cols_inherit mobiles-cols_1 valign_top type_default stacking_default\"><div class=\"wpb_column vc_column_container\"><div class=\"vc_column-inner\"><h3 class=\"w-post-elm post_title us_custom_ea76afbe entry-title color_link_inherit\">DIE GR\u00dcNEN Wiesbaden jednog\u0142o\u015bnie przyjmuje program wybor\u00f3w lokalnych na 2026 r. \u2013 oddolny proces demokratyczny jako podstawa zdatnego do \u017cycia i zr\u00f3wnowa\u017conego miasta<\/h3><div class=\"w-post-elm post_image\"><img loading=\"lazy\" decoding=\"async\" width=\"600\" height=\"387\" src=\"https:\/\/gruene-wiesbaden.de\/wp-content\/uploads\/2025\/11\/IMG_5693-scaled-e1762010663148-600x387.jpg\" class=\"attachment-large size-large wp-post-image\" alt=\"\" srcset=\"https:\/\/gruene-wiesbaden.de\/wp-content\/uploads\/2025\/11\/IMG_5693-scaled-e1762010663148-600x387.jpg 600w, https:\/\/gruene-wiesbaden.de\/wp-content\/uploads\/2025\/11\/IMG_5693-scaled-e1762010663148-400x258.jpg 400w, https:\/\/gruene-wiesbaden.de\/wp-content\/uploads\/2025\/11\/IMG_5693-scaled-e1762010663148.jpg 1190w\" sizes=\"auto, (max-width: 600px) 100vw, 600px\" \/><\/div><div class=\"w-separator size_medium\"><\/div><div class=\"wpb_text_column\"><div class=\"wpb_wrapper\"><p><b>Wiesbaden, 01.11.2025 \u2013 W ubieg\u0142y weekend stowarzyszenie okr\u0119gowe B\u00dcNDNIS 90\/DIE GR\u00dcNEN w Wiesbaden jednog\u0142o\u015bnie przyj\u0119\u0142o program zbli\u017caj\u0105cych si\u0119 wybor\u00f3w lokalnych w dniu 15 marca 2026 r. w ramach d\u0142ugotrwa\u0142ej oddolnej procedury demokratycznej.<\/b><b><\/b><\/p>\n<p>\u201eWiesbaden jest ju\u017c miastem o wysokiej jako\u015bci \u017cycia, ale chcemy, aby by\u0142o jeszcze lepsze\u201d \u2013 podkre\u015blili Rebecca Thomas i Daniel Schmitt, wsp\u00f3\u0142przewodnicz\u0105cy stowarzyszenia powiatowego. \u201eNasz program oznacza polityk\u0119, kt\u00f3ra konsekwentnie \u0142\u0105czy ochron\u0119 klimatu i \u015brodowiska, sprawiedliwo\u015b\u0107 spo\u0142eczn\u0105 i r\u00f3\u017cnorodne wsp\u00f3\u0142istnienie. \u0141\u0105czymy si\u0142\u0119 gospodarcz\u0105 z odpowiedzialno\u015bci\u0105 za \u015brodowisko i odwa\u017cnie otwieramy nowe mo\u017cliwo\u015bci, aby wzmocni\u0107 Wiesbaden jako t\u0119tni\u0105ce \u017cyciem, zr\u00f3wnowa\u017cone miejsce \u2013 dla ka\u017cdego, kto tu mieszka, pracuje lub prowadzi dzia\u0142alno\u015b\u0107 gospodarcz\u0105.<\/p>\n<p>Program koncentruje si\u0119 na trzech g\u0142\u00f3wnych obszarach:<\/p>\n<p>\u2022 Wysoka jako\u015b\u0107 \u017cycia dla wszystkich: Wiesbaden ma by\u0107 miastem, kt\u00f3re oferuje swoim obywatelom wiele mo\u017cliwo\u015bci i wolno\u015bci dla ich \u017cycia oraz utrzymuje i poprawia \u015brodowisko \u017cycia poprzez spo\u0142eczny, zr\u00f3wnowa\u017cony i przyjazny dla klimatu rozw\u00f3j miast.<\/p>\n<p>\u2022 R\u00f3\u017cnorodno\u015b\u0107 i sp\u00f3jno\u015b\u0107: Nacisk k\u0142adziony jest na polityk\u0119, kt\u00f3ra koncentruje si\u0119 na wszystkich ludziach o r\u00f3\u017cnych realiach i potrzebach oraz promuje dobre wsp\u00f3\u0142istnienie w naszym zr\u00f3\u017cnicowanym spo\u0142ecze\u0144stwie.<\/p>\n<p>\u2022 Zr\u00f3wnowa\u017cona przysz\u0142o\u015b\u0107 i si\u0142a gospodarcza: Wiesbaden powinno by\u0107 miastem przysz\u0142o\u015bci \u2013 pe\u0142nym dynamicznych i innowacyjnych rozwi\u0105za\u0144, kt\u00f3re oferuj\u0105 przedsi\u0119biorcom i pracownikom szeroki wachlarz mo\u017cliwo\u015bci i \u0142\u0105cz\u0105 si\u0142\u0119 gospodarcz\u0105 ze zr\u00f3wnowa\u017conym rozwojem.<\/p>\n<p>\"Podczas gdy inni m\u00f3wi\u0105 o mie\u015bcie gorzej ni\u017c jest, pracujemy nad rozwi\u0105zaniami na rzecz sprawiedliwszej, bardziej ekologicznej i bardziej przyjaznej do \u017cycia przysz\u0142o\u015bci\" - powiedzia\u0142a Rebecca Thomas. Daniel Schmitt dodaje: \u201eNasz program jest wyra\u017anym zobowi\u0105zaniem: Wiesbaden powinno pozosta\u0107 miejscem, w kt\u00f3rym ka\u017cdy mo\u017ce dobrze \u017cy\u0107 \u2013 dzi\u015b i jutro.<\/p>\n<p>Kolejny krok nast\u0105pi pod koniec listopada: W zgromadzeniu okr\u0119gowym sporz\u0105dza si\u0119 listy do wybor\u00f3w lokalnych oraz listy do lokalnych rad doradczych w okr\u0119gach Wiesbaden. Pe\u0142ny program wyborczy i kandydaci zostan\u0105 nast\u0119pnie opublikowani na stronie internetowej stowarzyszenia powiatowego.<span class=\"Apple-converted-space\">\u00a0<\/span><\/p>\n<p>Wyniki walnych zgromadze\u0144 na temat programu wyborczego i kandydat\u00f3w przedstawimy prasie w odr\u0119bnym terminie. Zaproszenie ze wszystkimi szczeg\u00f3\u0142ami nast\u0119puje.<\/p>\n<\/div><\/div><\/div><\/div><\/div><\/div><\/section>","protected":false},"excerpt":{"rendered":"DIE GR\u00dcNEN Wiesbaden jednog\u0142o\u015bnie przyjmuje program wybor\u00f3w lokalnych na 2026 r. \u2013 oddolny proces demokratyczny jako podstaw\u0119 rentownego i zr\u00f3wnowa\u017conego miastaWiesbaden, 01.11.2025 r. \u2013 W miniony weekend stowarzyszenie okr\u0119gowe Wiesbaden z B\u00dcNDNIS 90\/DIE GR\u00dcNEN jednog\u0142o\u015bnie przyj\u0119\u0142o program zbli\u017caj\u0105cych si\u0119 wybor\u00f3w lokalnych w dniu 15 marca 2026 r. w ramach d\u0142ugotrwa\u0142ego oddolnego procesu demokratycznego. \u201eWiesbaden jest ju\u017c...","protected":false},"author":1,"featured_media":1280,"comment_status":"closed","ping_status":"closed","sticky":false,"template":"","format":"standard","meta":{"footnotes":""},"categories":[5],"tags":[],"class_list":["post-1278","post","type-post","status-publish","format-standard","has-post-thumbnail","hentry","category-wahlen"],"yoast_head":"<!-- This site is optimized with the Yoast SEO plugin v27.5 - https:\/\/yoast.com\/product\/yoast-seo-wordpress\/ -->\n<title>DIE GR\u00dcNEN Wiesbaden beschlie\u00dfen einstimmig Programm f\u00fcr die Kommunalwahl 2026 \u2013 Basisdemokratischer Prozess als Grundlage f\u00fcr eine lebenswerte und zukunftsf\u00e4hige Stadt - B\u00dcNDNIS 90\/DIE GR\u00dcNEN Wiesbaden<\/title>\n<meta name=\"robots\" content=\"index, follow, max-snippet:-1, max-image-preview:large, max-video-preview:-1\" \/>\n<link rel=\"canonical\" href=\"https:\/\/gruene-wiesbaden.de\/pl\/die-gruenen-wiesbaden-beschliessen-einstimmig-programm-fuer-die-kommunalwahl-2026-basisdemokratischer-prozess-als-grundlage-fuer-eine-lebenswerte-und-zukunftsfaehige-stadt\/\" \/>\n<meta property=\"og:locale\" content=\"pl_PL\" \/>\n<meta property=\"og:type\" content=\"article\" \/>\n<meta property=\"og:title\" content=\"DIE GR\u00dcNEN Wiesbaden beschlie\u00dfen einstimmig Programm f\u00fcr die Kommunalwahl 2026 \u2013 Basisdemokratischer Prozess als Grundlage f\u00fcr eine lebenswerte und zukunftsf\u00e4hige Stadt - B\u00dcNDNIS 90\/DIE GR\u00dcNEN Wiesbaden\" \/>\n<meta property=\"og:url\" content=\"https:\/\/gruene-wiesbaden.de\/pl\/die-gruenen-wiesbaden-beschliessen-einstimmig-programm-fuer-die-kommunalwahl-2026-basisdemokratischer-prozess-als-grundlage-fuer-eine-lebenswerte-und-zukunftsfaehige-stadt\/\" \/>\n<meta property=\"og:site_name\" content=\"B\u00dcNDNIS 90\/DIE GR\u00dcNEN Wiesbaden\" \/>\n<meta property=\"article:publisher\" content=\"https:\/\/www.facebook.com\/gruene.wi\" \/>\n<meta property=\"article:published_time\" content=\"2025-11-01T15:27:05+00:00\" \/>\n<meta property=\"og:image\" content=\"https:\/\/gruene-wiesbaden.de\/wp-content\/uploads\/2025\/11\/IMG_5693-scaled-e1762010663148.jpg\" \/>\n\t<meta property=\"og:image:width\" content=\"1190\" \/>\n\t<meta property=\"og:image:height\" content=\"768\" \/>\n\t<meta property=\"og:image:type\" content=\"image\/jpeg\" \/>\n<meta name=\"author\" content=\"admin\" \/>\n<meta name=\"twitter:card\" content=\"summary_large_image\" \/>\n<meta name=\"twitter:label1\" content=\"Napisane przez\" \/>\n\t<meta name=\"twitter:data1\" content=\"admin\" \/>\n\t<meta name=\"twitter:label2\" content=\"Szacowany czas czytania\" \/>\n\t<meta name=\"twitter:data2\" content=\"2 minutes\" \/>\n<script type=\"application\/ld+json\" class=\"yoast-schema-graph\">{\"@context\":\"https:\\\/\\\/schema.org\",\"@graph\":[{\"@type\":\"Article\",\"@id\":\"https:\\\/\\\/gruene-wiesbaden.de\\\/die-gruenen-wiesbaden-beschliessen-einstimmig-programm-fuer-die-kommunalwahl-2026-basisdemokratischer-prozess-als-grundlage-fuer-eine-lebenswerte-und-zukunftsfaehige-stadt\\\/#article\",\"isPartOf\":{\"@id\":\"https:\\\/\\\/gruene-wiesbaden.de\\\/die-gruenen-wiesbaden-beschliessen-einstimmig-programm-fuer-die-kommunalwahl-2026-basisdemokratischer-prozess-als-grundlage-fuer-eine-lebenswerte-und-zukunftsfaehige-stadt\\\/\"},\"author\":{\"name\":\"admin\",\"@id\":\"https:\\\/\\\/gruene-wiesbaden.de\\\/#\\\/schema\\\/person\\\/6785c34779159cd4fd86886bb097afe9\"},\"headline\":\"DIE GR\u00dcNEN Wiesbaden beschlie\u00dfen einstimmig Programm f\u00fcr die Kommunalwahl 2026 \u2013 Basisdemokratischer Prozess als Grundlage f\u00fcr eine lebenswerte und zukunftsf\u00e4hige Stadt\",\"datePublished\":\"2025-11-01T15:27:05+00:00\",\"mainEntityOfPage\":{\"@id\":\"https:\\\/\\\/gruene-wiesbaden.de\\\/die-gruenen-wiesbaden-beschliessen-einstimmig-programm-fuer-die-kommunalwahl-2026-basisdemokratischer-prozess-als-grundlage-fuer-eine-lebenswerte-und-zukunftsfaehige-stadt\\\/\"},\"wordCount\":406,\"publisher\":{\"@id\":\"https:\\\/\\\/gruene-wiesbaden.de\\\/#organization\"},\"image\":{\"@id\":\"https:\\\/\\\/gruene-wiesbaden.de\\\/die-gruenen-wiesbaden-beschliessen-einstimmig-programm-fuer-die-kommunalwahl-2026-basisdemokratischer-prozess-als-grundlage-fuer-eine-lebenswerte-und-zukunftsfaehige-stadt\\\/#primaryimage\"},\"thumbnailUrl\":\"https:\\\/\\\/gruene-wiesbaden.de\\\/wp-content\\\/uploads\\\/2025\\\/11\\\/IMG_5693-scaled-e1762010663148.jpg\",\"articleSection\":[\"Wahlen\"],\"inLanguage\":\"pl-PL\"},{\"@type\":\"WebPage\",\"@id\":\"https:\\\/\\\/gruene-wiesbaden.de\\\/die-gruenen-wiesbaden-beschliessen-einstimmig-programm-fuer-die-kommunalwahl-2026-basisdemokratischer-prozess-als-grundlage-fuer-eine-lebenswerte-und-zukunftsfaehige-stadt\\\/\",\"url\":\"https:\\\/\\\/gruene-wiesbaden.de\\\/die-gruenen-wiesbaden-beschliessen-einstimmig-programm-fuer-die-kommunalwahl-2026-basisdemokratischer-prozess-als-grundlage-fuer-eine-lebenswerte-und-zukunftsfaehige-stadt\\\/\",\"name\":\"DIE GR\u00dcNEN Wiesbaden beschlie\u00dfen einstimmig Programm f\u00fcr die Kommunalwahl 2026 \u2013 Basisdemokratischer Prozess als Grundlage f\u00fcr eine lebenswerte und zukunftsf\u00e4hige Stadt - B\u00dcNDNIS 90\\\/DIE GR\u00dcNEN Wiesbaden\",\"isPartOf\":{\"@id\":\"https:\\\/\\\/gruene-wiesbaden.de\\\/#website\"},\"primaryImageOfPage\":{\"@id\":\"https:\\\/\\\/gruene-wiesbaden.de\\\/die-gruenen-wiesbaden-beschliessen-einstimmig-programm-fuer-die-kommunalwahl-2026-basisdemokratischer-prozess-als-grundlage-fuer-eine-lebenswerte-und-zukunftsfaehige-stadt\\\/#primaryimage\"},\"image\":{\"@id\":\"https:\\\/\\\/gruene-wiesbaden.de\\\/die-gruenen-wiesbaden-beschliessen-einstimmig-programm-fuer-die-kommunalwahl-2026-basisdemokratischer-prozess-als-grundlage-fuer-eine-lebenswerte-und-zukunftsfaehige-stadt\\\/#primaryimage\"},\"thumbnailUrl\":\"https:\\\/\\\/gruene-wiesbaden.de\\\/wp-content\\\/uploads\\\/2025\\\/11\\\/IMG_5693-scaled-e1762010663148.jpg\",\"datePublished\":\"2025-11-01T15:27:05+00:00\",\"breadcrumb\":{\"@id\":\"https:\\\/\\\/gruene-wiesbaden.de\\\/die-gruenen-wiesbaden-beschliessen-einstimmig-programm-fuer-die-kommunalwahl-2026-basisdemokratischer-prozess-als-grundlage-fuer-eine-lebenswerte-und-zukunftsfaehige-stadt\\\/#breadcrumb\"},\"inLanguage\":\"pl-PL\",\"potentialAction\":[{\"@type\":\"ReadAction\",\"target\":[\"https:\\\/\\\/gruene-wiesbaden.de\\\/die-gruenen-wiesbaden-beschliessen-einstimmig-programm-fuer-die-kommunalwahl-2026-basisdemokratischer-prozess-als-grundlage-fuer-eine-lebenswerte-und-zukunftsfaehige-stadt\\\/\"]}]},{\"@type\":\"ImageObject\",\"inLanguage\":\"pl-PL\",\"@id\":\"https:\\\/\\\/gruene-wiesbaden.de\\\/die-gruenen-wiesbaden-beschliessen-einstimmig-programm-fuer-die-kommunalwahl-2026-basisdemokratischer-prozess-als-grundlage-fuer-eine-lebenswerte-und-zukunftsfaehige-stadt\\\/#primaryimage\",\"url\":\"https:\\\/\\\/gruene-wiesbaden.de\\\/wp-content\\\/uploads\\\/2025\\\/11\\\/IMG_5693-scaled-e1762010663148.jpg\",\"contentUrl\":\"https:\\\/\\\/gruene-wiesbaden.de\\\/wp-content\\\/uploads\\\/2025\\\/11\\\/IMG_5693-scaled-e1762010663148.jpg\",\"width\":1190,\"height\":768},{\"@type\":\"BreadcrumbList\",\"@id\":\"https:\\\/\\\/gruene-wiesbaden.de\\\/die-gruenen-wiesbaden-beschliessen-einstimmig-programm-fuer-die-kommunalwahl-2026-basisdemokratischer-prozess-als-grundlage-fuer-eine-lebenswerte-und-zukunftsfaehige-stadt\\\/#breadcrumb\",\"itemListElement\":[{\"@type\":\"ListItem\",\"position\":1,\"name\":\"Startseite\",\"item\":\"https:\\\/\\\/gruene-wiesbaden.de\\\/\"},{\"@type\":\"ListItem\",\"position\":2,\"name\":\"DIE GR\u00dcNEN Wiesbaden beschlie\u00dfen einstimmig Programm f\u00fcr die Kommunalwahl 2026 \u2013 Basisdemokratischer Prozess als Grundlage f\u00fcr eine lebenswerte und zukunftsf\u00e4hige Stadt\"}]},{\"@type\":\"WebSite\",\"@id\":\"https:\\\/\\\/gruene-wiesbaden.de\\\/#website\",\"url\":\"https:\\\/\\\/gruene-wiesbaden.de\\\/\",\"name\":\"DIE GR\u00dcNEN Wiesbaden\",\"description\":\"\",\"publisher\":{\"@id\":\"https:\\\/\\\/gruene-wiesbaden.de\\\/#organization\"},\"potentialAction\":[{\"@type\":\"SearchAction\",\"target\":{\"@type\":\"EntryPoint\",\"urlTemplate\":\"https:\\\/\\\/gruene-wiesbaden.de\\\/?s={search_term_string}\"},\"query-input\":{\"@type\":\"PropertyValueSpecification\",\"valueRequired\":true,\"valueName\":\"search_term_string\"}}],\"inLanguage\":\"pl-PL\"},{\"@type\":\"Organization\",\"@id\":\"https:\\\/\\\/gruene-wiesbaden.de\\\/#organization\",\"name\":\"DIE GR\u00dcNEN Wiesbaden\",\"url\":\"https:\\\/\\\/gruene-wiesbaden.de\\\/\",\"logo\":{\"@type\":\"ImageObject\",\"inLanguage\":\"pl-PL\",\"@id\":\"https:\\\/\\\/gruene-wiesbaden.de\\\/#\\\/schema\\\/logo\\\/image\\\/\",\"url\":\"https:\\\/\\\/gruene-wiesbaden-fuer-europa.de\\\/wp-content\\\/uploads\\\/2024\\\/04\\\/Machen-was-zaehlt-5.png\",\"contentUrl\":\"https:\\\/\\\/gruene-wiesbaden-fuer-europa.de\\\/wp-content\\\/uploads\\\/2024\\\/04\\\/Machen-was-zaehlt-5.png\",\"width\":1772,\"height\":1772,\"caption\":\"DIE GR\u00dcNEN Wiesbaden\"},\"image\":{\"@id\":\"https:\\\/\\\/gruene-wiesbaden.de\\\/#\\\/schema\\\/logo\\\/image\\\/\"},\"sameAs\":[\"https:\\\/\\\/www.facebook.com\\\/gruene.wi\",\"https:\\\/\\\/instagram.com\\\/gruene_wi\"]},{\"@type\":\"Person\",\"@id\":\"https:\\\/\\\/gruene-wiesbaden.de\\\/#\\\/schema\\\/person\\\/6785c34779159cd4fd86886bb097afe9\",\"name\":\"admin\",\"sameAs\":[\"http:\\\/\\\/gruene-wiesbaden-fuer-europa.de\"],\"url\":\"https:\\\/\\\/gruene-wiesbaden.de\\\/pl\\\/author\\\/admin\\\/\"}]}<\/script>\n<!-- \/ Yoast SEO plugin. -->","yoast_head_json":{"title":"DIE GR\u00dcNEN Wiesbaden beschlie\u00dfen einstimmig Programm f\u00fcr die Kommunalwahl 2026 \u2013 Basisdemokratischer Prozess als Grundlage f\u00fcr eine lebenswerte und zukunftsf\u00e4hige Stadt - B\u00dcNDNIS 90\/DIE GR\u00dcNEN Wiesbaden","robots":{"index":"index","follow":"follow","max-snippet":"max-snippet:-1","max-image-preview":"max-image-preview:large","max-video-preview":"max-video-preview:-1"},"canonical":"https:\/\/gruene-wiesbaden.de\/pl\/die-gruenen-wiesbaden-beschliessen-einstimmig-programm-fuer-die-kommunalwahl-2026-basisdemokratischer-prozess-als-grundlage-fuer-eine-lebenswerte-und-zukunftsfaehige-stadt\/","og_locale":"pl_PL","og_type":"article","og_title":"DIE GR\u00dcNEN Wiesbaden beschlie\u00dfen einstimmig Programm f\u00fcr die Kommunalwahl 2026 \u2013 Basisdemokratischer Prozess als Grundlage f\u00fcr eine lebenswerte und zukunftsf\u00e4hige Stadt - B\u00dcNDNIS 90\/DIE GR\u00dcNEN Wiesbaden","og_url":"https:\/\/gruene-wiesbaden.de\/pl\/die-gruenen-wiesbaden-beschliessen-einstimmig-programm-fuer-die-kommunalwahl-2026-basisdemokratischer-prozess-als-grundlage-fuer-eine-lebenswerte-und-zukunftsfaehige-stadt\/","og_site_name":"B\u00dcNDNIS 90\/DIE GR\u00dcNEN Wiesbaden","article_publisher":"https:\/\/www.facebook.com\/gruene.wi","article_published_time":"2025-11-01T15:27:05+00:00","og_image":[{"width":1190,"height":768,"url":"https:\/\/gruene-wiesbaden.de\/wp-content\/uploads\/2025\/11\/IMG_5693-scaled-e1762010663148.jpg","type":"image\/jpeg"}],"author":"admin","twitter_card":"summary_large_image","twitter_misc":{"Napisane przez":"admin","Szacowany czas czytania":"2 minutes"},"schema":{"@context":"https:\/\/schema.org","@graph":[{"@type":"Article","@id":"https:\/\/gruene-wiesbaden.de\/die-gruenen-wiesbaden-beschliessen-einstimmig-programm-fuer-die-kommunalwahl-2026-basisdemokratischer-prozess-als-grundlage-fuer-eine-lebenswerte-und-zukunftsfaehige-stadt\/#article","isPartOf":{"@id":"https:\/\/gruene-wiesbaden.de\/die-gruenen-wiesbaden-beschliessen-einstimmig-programm-fuer-die-kommunalwahl-2026-basisdemokratischer-prozess-als-grundlage-fuer-eine-lebenswerte-und-zukunftsfaehige-stadt\/"},"author":{"name":"admin","@id":"https:\/\/gruene-wiesbaden.de\/#\/schema\/person\/6785c34779159cd4fd86886bb097afe9"},"headline":"DIE GR\u00dcNEN Wiesbaden beschlie\u00dfen einstimmig Programm f\u00fcr die Kommunalwahl 2026 \u2013 Basisdemokratischer Prozess als Grundlage f\u00fcr eine lebenswerte und zukunftsf\u00e4hige Stadt","datePublished":"2025-11-01T15:27:05+00:00","mainEntityOfPage":{"@id":"https:\/\/gruene-wiesbaden.de\/die-gruenen-wiesbaden-beschliessen-einstimmig-programm-fuer-die-kommunalwahl-2026-basisdemokratischer-prozess-als-grundlage-fuer-eine-lebenswerte-und-zukunftsfaehige-stadt\/"},"wordCount":406,"publisher":{"@id":"https:\/\/gruene-wiesbaden.de\/#organization"},"image":{"@id":"https:\/\/gruene-wiesbaden.de\/die-gruenen-wiesbaden-beschliessen-einstimmig-programm-fuer-die-kommunalwahl-2026-basisdemokratischer-prozess-als-grundlage-fuer-eine-lebenswerte-und-zukunftsfaehige-stadt\/#primaryimage"},"thumbnailUrl":"https:\/\/gruene-wiesbaden.de\/wp-content\/uploads\/2025\/11\/IMG_5693-scaled-e1762010663148.jpg","articleSection":["Wahlen"],"inLanguage":"pl-PL"},{"@type":"WebPage","@id":"https:\/\/gruene-wiesbaden.de\/die-gruenen-wiesbaden-beschliessen-einstimmig-programm-fuer-die-kommunalwahl-2026-basisdemokratischer-prozess-als-grundlage-fuer-eine-lebenswerte-und-zukunftsfaehige-stadt\/","url":"https:\/\/gruene-wiesbaden.de\/die-gruenen-wiesbaden-beschliessen-einstimmig-programm-fuer-die-kommunalwahl-2026-basisdemokratischer-prozess-als-grundlage-fuer-eine-lebenswerte-und-zukunftsfaehige-stadt\/","name":"DIE GR\u00dcNEN Wiesbaden beschlie\u00dfen einstimmig Programm f\u00fcr die Kommunalwahl 2026 \u2013 Basisdemokratischer Prozess als Grundlage f\u00fcr eine lebenswerte und zukunftsf\u00e4hige Stadt - B\u00dcNDNIS 90\/DIE GR\u00dcNEN Wiesbaden","isPartOf":{"@id":"https:\/\/gruene-wiesbaden.de\/#website"},"primaryImageOfPage":{"@id":"https:\/\/gruene-wiesbaden.de\/die-gruenen-wiesbaden-beschliessen-einstimmig-programm-fuer-die-kommunalwahl-2026-basisdemokratischer-prozess-als-grundlage-fuer-eine-lebenswerte-und-zukunftsfaehige-stadt\/#primaryimage"},"image":{"@id":"https:\/\/gruene-wiesbaden.de\/die-gruenen-wiesbaden-beschliessen-einstimmig-programm-fuer-die-kommunalwahl-2026-basisdemokratischer-prozess-als-grundlage-fuer-eine-lebenswerte-und-zukunftsfaehige-stadt\/#primaryimage"},"thumbnailUrl":"https:\/\/gruene-wiesbaden.de\/wp-content\/uploads\/2025\/11\/IMG_5693-scaled-e1762010663148.jpg","datePublished":"2025-11-01T15:27:05+00:00","breadcrumb":{"@id":"https:\/\/gruene-wiesbaden.de\/die-gruenen-wiesbaden-beschliessen-einstimmig-programm-fuer-die-kommunalwahl-2026-basisdemokratischer-prozess-als-grundlage-fuer-eine-lebenswerte-und-zukunftsfaehige-stadt\/#breadcrumb"},"inLanguage":"pl-PL","potentialAction":[{"@type":"ReadAction","target":["https:\/\/gruene-wiesbaden.de\/die-gruenen-wiesbaden-beschliessen-einstimmig-programm-fuer-die-kommunalwahl-2026-basisdemokratischer-prozess-als-grundlage-fuer-eine-lebenswerte-und-zukunftsfaehige-stadt\/"]}]},{"@type":"ImageObject","inLanguage":"pl-PL","@id":"https:\/\/gruene-wiesbaden.de\/die-gruenen-wiesbaden-beschliessen-einstimmig-programm-fuer-die-kommunalwahl-2026-basisdemokratischer-prozess-als-grundlage-fuer-eine-lebenswerte-und-zukunftsfaehige-stadt\/#primaryimage","url":"https:\/\/gruene-wiesbaden.de\/wp-content\/uploads\/2025\/11\/IMG_5693-scaled-e1762010663148.jpg","contentUrl":"https:\/\/gruene-wiesbaden.de\/wp-content\/uploads\/2025\/11\/IMG_5693-scaled-e1762010663148.jpg","width":1190,"height":768},{"@type":"BreadcrumbList","@id":"https:\/\/gruene-wiesbaden.de\/die-gruenen-wiesbaden-beschliessen-einstimmig-programm-fuer-die-kommunalwahl-2026-basisdemokratischer-prozess-als-grundlage-fuer-eine-lebenswerte-und-zukunftsfaehige-stadt\/#breadcrumb","itemListElement":[{"@type":"ListItem","position":1,"name":"Startseite","item":"https:\/\/gruene-wiesbaden.de\/"},{"@type":"ListItem","position":2,"name":"DIE GR\u00dcNEN Wiesbaden beschlie\u00dfen einstimmig Programm f\u00fcr die Kommunalwahl 2026 \u2013 Basisdemokratischer Prozess als Grundlage f\u00fcr eine lebenswerte und zukunftsf\u00e4hige Stadt"}]},{"@type":"WebSite","@id":"https:\/\/gruene-wiesbaden.de\/#website","url":"https:\/\/gruene-wiesbaden.de\/","name":"DIE GR\u00dcNEN Wiesbaden","description":"","publisher":{"@id":"https:\/\/gruene-wiesbaden.de\/#organization"},"potentialAction":[{"@type":"SearchAction","target":{"@type":"EntryPoint","urlTemplate":"https:\/\/gruene-wiesbaden.de\/?s={search_term_string}"},"query-input":{"@type":"PropertyValueSpecification","valueRequired":true,"valueName":"search_term_string"}}],"inLanguage":"pl-PL"},{"@type":"Organization","@id":"https:\/\/gruene-wiesbaden.de\/#organization","name":"DIE GR\u00dcNEN Wiesbaden","url":"https:\/\/gruene-wiesbaden.de\/","logo":{"@type":"ImageObject","inLanguage":"pl-PL","@id":"https:\/\/gruene-wiesbaden.de\/#\/schema\/logo\/image\/","url":"https:\/\/gruene-wiesbaden-fuer-europa.de\/wp-content\/uploads\/2024\/04\/Machen-was-zaehlt-5.png","contentUrl":"https:\/\/gruene-wiesbaden-fuer-europa.de\/wp-content\/uploads\/2024\/04\/Machen-was-zaehlt-5.png","width":1772,"height":1772,"caption":"DIE GR\u00dcNEN Wiesbaden"},"image":{"@id":"https:\/\/gruene-wiesbaden.de\/#\/schema\/logo\/image\/"},"sameAs":["https:\/\/www.facebook.com\/gruene.wi","https:\/\/instagram.com\/gruene_wi"]},{"@type":"Person","@id":"https:\/\/gruene-wiesbaden.de\/#\/schema\/person\/6785c34779159cd4fd86886bb097afe9","name":"admin","sameAs":["http:\/\/gruene-wiesbaden-fuer-europa.de"],"url":"https:\/\/gruene-wiesbaden.de\/pl\/author\/admin\/"}]}},"_links":{"self":[{"href":"https:\/\/gruene-wiesbaden.de\/pl\/wp-json\/wp\/v2\/posts\/1278","targetHints":{"allow":["GET"]}}],"collection":[{"href":"https:\/\/gruene-wiesbaden.de\/pl\/wp-json\/wp\/v2\/posts"}],"about":[{"href":"https:\/\/gruene-wiesbaden.de\/pl\/wp-json\/wp\/v2\/types\/post"}],"author":[{"embeddable":true,"href":"https:\/\/gruene-wiesbaden.de\/pl\/wp-json\/wp\/v2\/users\/1"}],"replies":[{"embeddable":true,"href":"https:\/\/gruene-wiesbaden.de\/pl\/wp-json\/wp\/v2\/comments?post=1278"}],"version-history":[{"count":2,"href":"https:\/\/gruene-wiesbaden.de\/pl\/wp-json\/wp\/v2\/posts\/1278\/revisions"}],"predecessor-version":[{"id":1282,"href":"https:\/\/gruene-wiesbaden.de\/pl\/wp-json\/wp\/v2\/posts\/1278\/revisions\/1282"}],"wp:featuredmedia":[{"embeddable":true,"href":"https:\/\/gruene-wiesbaden.de\/pl\/wp-json\/wp\/v2\/media\/1280"}],"wp:attachment":[{"href":"https:\/\/gruene-wiesbaden.de\/pl\/wp-json\/wp\/v2\/media?parent=1278"}],"wp:term":[{"taxonomy":"category","embeddable":true,"href":"https:\/\/gruene-wiesbaden.de\/pl\/wp-json\/wp\/v2\/categories?post=1278"},{"taxonomy":"post_tag","embeddable":true,"href":"https:\/\/gruene-wiesbaden.de\/pl\/wp-json\/wp\/v2\/tags?post=1278"}],"curies":[{"name":"wp","href":"https:\/\/api.w.org\/{rel}","templated":true}]}}