{"id":1222,"date":"2025-08-01T22:40:52","date_gmt":"2025-08-01T20:40:52","guid":{"rendered":"https:\/\/gruene-wiesbaden.de\/?p=1222"},"modified":"2026-04-08T22:38:25","modified_gmt":"2026-04-08T20:38:25","slug":"lore-ipsum-samed","status":"publish","type":"post","link":"https:\/\/gruene-wiesbaden.de\/pl\/lore-ipsum-samed\/","title":{"rendered":"Rolnictwo i le\u015bnictwo"},"content":{"rendered":"<section class=\"l-section wpb_row height_medium with_img\"><div class=\"l-section-img\" role=\"img\" data-img-width=\"1080\" data-img-height=\"800\" style=\"background-image: url(https:\/\/gruene-wiesbaden.de\/wp-content\/uploads\/2025\/11\/neuer-Verlauf-gruene-wiesbaden.de_-2-e1762709402177.png);\"><\/div><div class=\"l-section-overlay\" style=\"background:var(--color-header-top-transparent-bg)\"><\/div><div class=\"l-section-h i-cf\"><div class=\"g-cols vc_row via_grid cols_1 laptops-cols_inherit tablets-cols_inherit mobiles-cols_1 valign_top type_default stacking_default\"><div class=\"wpb_column vc_column_container\"><div class=\"vc_column-inner\"><h1 class=\"w-post-elm post_title us_custom_a574d586 has_text_color entry-title\">Rolnictwo i le\u015bnictwo<\/h1><div class=\"w-separator size_medium\"><\/div><div class=\"g-cols wpb_row via_grid cols_2-1 laptops-cols_inherit tablets-cols_inherit mobiles-cols_1 valign_top type_default stacking_default\" style=\"--columns-gap:3rem;\"><div class=\"wpb_column vc_column_container\"><div class=\"vc_column-inner\"><div class=\"wpb_text_column us_custom_8b3d6790 has_text_color\"><div class=\"wpb_wrapper\"><p><span style=\"font-weight: 400;\">Rolnictwo i le\u015bnictwo to znacznie wi\u0119cej ni\u017c tylko sektory gospodarki \u2013 s\u0105 one podstaw\u0105 naszej \u017cywno\u015bci, naszego krajobrazu i naszego klimatu. Czy to w mie\u015bcie, czy na wsi: Spos\u00f3b, w jaki prowadzimy gospodarstwa rolne, ma bezpo\u015bredni wp\u0142yw na jako\u015b\u0107 naszego \u017cycia, nasze zdrowie i nasze \u015brodowisko.<\/span><\/p>\n<p><span style=\"font-weight: 400;\">Stawiamy czo\u0142a wyzwaniu, jakim jest zaprojektowanie zr\u00f3wnowa\u017conego rolnictwa, kt\u00f3re jest zr\u00f3wnowa\u017cone \u015brodowiskowo i ekonomicznie op\u0142acalne i kt\u00f3rego produkty mog\u0105 by\u0107 oferowane przez ka\u017cde gospodarstwo domowe.<\/span><\/p>\n<p><span style=\"font-weight: 400;\">Lasy s\u0105 motorem g\u0142\u00f3wnych cykli materia\u0142owych od milion\u00f3w lat. Umie\u015bcili\u015bmy ich funkcj\u0119 ekologiczn\u0105 w centrum naszej strategii rozwoju las\u00f3w, poniewa\u017c odporne na zmian\u0119 klimatu lasy mieszane s\u0105 gwarantami czystej wody pitnej, czystego powietrza, zachowania r\u00f3\u017cnorodno\u015bci biologicznej i ch\u0142odniejszego miasta w upalne lata.<\/span><\/p>\n<\/div><\/div><div class=\"w-separator size_medium\"><\/div><div class=\"w-btn-wrapper align_left\"><a class=\"w-btn us-btn-style_8 icon_atleft\" href=\"https:\/\/gruene-wiesbaden.de\/pl\/kommunalwahl\/#Kapitel1\"><i class=\"fas fa-chevron-circle-right\"><\/i><span class=\"w-btn-label\">Powr\u00f3t do przegl\u0105du<\/span><\/a><\/div><\/div><\/div><div class=\"wpb_column vc_column_container\"><div class=\"vc_column-inner\"><div class=\"w-image align_center\"><div class=\"w-image-h\"><img decoding=\"async\" width=\"1920\" height=\"2560\" src=\"https:\/\/gruene-wiesbaden.de\/wp-content\/uploads\/2025\/07\/noaa-SkJG9sNkQVQ-unsplash-scaled.jpg\" class=\"attachment-full size-full\" alt=\"\" loading=\"lazy\" srcset=\"https:\/\/gruene-wiesbaden.de\/wp-content\/uploads\/2025\/07\/noaa-SkJG9sNkQVQ-unsplash-scaled.jpg 1920w, https:\/\/gruene-wiesbaden.de\/wp-content\/uploads\/2025\/07\/noaa-SkJG9sNkQVQ-unsplash-300x400.jpg 300w, https:\/\/gruene-wiesbaden.de\/wp-content\/uploads\/2025\/07\/noaa-SkJG9sNkQVQ-unsplash-450x600.jpg 450w\" sizes=\"auto, (max-width: 1920px) 100vw, 1920px\" \/><\/div><\/div><div class=\"w-separator size_small\"><\/div><\/div><\/div><\/div><div class=\"w-separator size_medium\"><\/div><div class=\"w-separator size_medium\"><\/div><div class=\"wpb_text_column\"><div class=\"wpb_wrapper\"><h1>Co oznacza dla nas zr\u00f3wnowa\u017cone rolnictwo i le\u015bnictwo<\/h1>\n<\/div><\/div><div class=\"w-separator size_large\"><\/div><div class=\"g-cols wpb_row via_grid cols_3 laptops-cols_inherit tablets-cols_inherit mobiles-cols_1 valign_top type_default stacking_default\" style=\"--columns-gap:3rem;\"><div class=\"wpb_column vc_column_container\"><div class=\"vc_column-inner\"><div class=\"w-iconbox us_custom_f4639b64 has_text_color iconpos_left style_default color_custom align_left\"><div class=\"w-iconbox-icon\" style=\"font-size:2rem;--icon-color:#Ffffff;--icon-bg-color:var(--color-header-middle-bg);\"><i class=\"fas fa-layer-group\"><\/i><\/div><div class=\"w-iconbox-meta\"><h4 class=\"w-iconbox-title\" style=\"font-size:1.5rem;\">Ochrona przyrody przez rolnik\u00f3w<\/h4><div class=\"w-iconbox-text\"><p><span style=\"font-weight: 400;\">Opowiadamy si\u0119 za polityk\u0105, kt\u00f3ra wsp\u00f3\u0142pracuje z rolnikami, aby chroni\u0107 nasz\u0105 przyrod\u0119. Posiadaj\u0105 oni dog\u0142\u0119bn\u0105 wiedz\u0119 na temat znaczenia zdrowych gleb, czystej wody i r\u00f3\u017cnorodno\u015bci biologicznej \u2013 podstaw, od kt\u00f3rych egzystencjalnie zale\u017cy zar\u00f3wno ich praca jako rolnik\u00f3w, jak i ca\u0142y nasz ekosystem.<\/span><\/p>\n<\/div><\/div><\/div><\/div><\/div><div class=\"wpb_column vc_column_container\"><div class=\"vc_column-inner\"><div class=\"w-iconbox us_custom_f4639b64 has_text_color iconpos_left style_default color_custom align_left\"><div class=\"w-iconbox-icon\" style=\"font-size:2rem;--icon-color:#Ffffff;--icon-bg-color:var(--color-header-transparent-text);\"><i class=\"fas fa-layer-group\"><\/i><\/div><div class=\"w-iconbox-meta\"><h4 class=\"w-iconbox-title\" style=\"font-size:1.5rem;\">Promowanie zdrowych gleb<\/h4><div class=\"w-iconbox-text\"><p><span style=\"font-weight: 400;\">Nasze gleby s\u0105 podstaw\u0105 prawie wszystkiego, co l\u0105duje na naszych p\u0142ytach i s\u0105 niezb\u0119dne do zachowania r\u00f3\u017cnorodno\u015bci biologicznej. Wspieramy zarz\u0105dzanie, kt\u00f3re gwarantuje d\u0142ugotrwa\u0142\u0105 witalno\u015b\u0107.<\/span><\/p>\n<\/div><\/div><\/div><\/div><\/div><div class=\"wpb_column vc_column_container\"><div class=\"vc_column-inner\"><div class=\"w-iconbox us_custom_f4639b64 has_text_color iconpos_left style_default color_custom align_left\"><div class=\"w-iconbox-icon\" style=\"font-size:2rem;--icon-color:#Ffffff;--icon-bg-color:var(--color-header-transparent-text);\"><i class=\"fas fa-layer-group\"><\/i><\/div><div class=\"w-iconbox-meta\"><h4 class=\"w-iconbox-title\" style=\"font-size:1.5rem;\">My\u015blenie o lesie i gra razem<\/h4><div class=\"w-iconbox-text\"><p><span style=\"font-weight: 400;\">Nienaruszony las \u017cyje w r\u00f3wnowadze. Dla nas wa\u017cne jest, aby politycy przywi\u0105zywali tak\u0105 sam\u0105 wag\u0119 do ochrony dzikiej przyrody i zdrowia naszych las\u00f3w, \u015bci\u015ble wsp\u00f3\u0142pracuj\u0105c z my\u015bliwymi.<\/span><\/p>\n<\/div><\/div><\/div><\/div><\/div><\/div><div class=\"w-separator size_medium\"><\/div><div class=\"g-cols wpb_row via_grid cols_3 laptops-cols_inherit tablets-cols_inherit mobiles-cols_1 valign_top type_default stacking_default\" style=\"--columns-gap:3rem;\"><div class=\"wpb_column vc_column_container\"><div class=\"vc_column-inner\"><div class=\"w-iconbox us_custom_f4639b64 has_text_color iconpos_left style_default color_custom align_left\"><div class=\"w-iconbox-icon\" style=\"font-size:2rem;--icon-color:#Ffffff;--icon-bg-color:var(--color-header-middle-bg);\"><i class=\"fas fa-layer-group\"><\/i><\/div><div class=\"w-iconbox-meta\"><h4 class=\"w-iconbox-title\" style=\"font-size:1.5rem;\">Wzmocnienie regionalnej, zdrowej diety<\/h4><div class=\"w-iconbox-text\"><p><span style=\"font-weight: 400;\">Wa\u017cne jest dla nas, aby zdrowa \u017cywno\u015b\u0107 by\u0142a produkowana w naszym regionie w przyst\u0119pnych cenach. Dobre jedzenie jest podstaw\u0105 aktywnego i przyjemnego \u017cycia \u2013 dla nas, naszych dzieci i wnuk\u00f3w. To jest dla wszystkich, nie jako przywilej nielicznych.<\/span><\/p>\n<\/div><\/div><\/div><\/div><\/div><div class=\"wpb_column vc_column_container\"><div class=\"vc_column-inner\"><div class=\"w-iconbox us_custom_836f727b has_text_color iconpos_left style_default color_custom align_left\"><div class=\"w-iconbox-icon\" style=\"font-size:2rem;--icon-color:#Ffffff;--icon-bg-color:var(--color-header-transparent-text);\"><i class=\"fas fa-layer-group\"><\/i><\/div><div class=\"w-iconbox-meta\"><h4 class=\"w-iconbox-title\" style=\"font-size:1.5rem;\">Zaanga\u017cowanie na rzecz wi\u0119kszego dobrostanu zwierz\u0105t<\/h4><div class=\"w-iconbox-text\"><p><span style=\"font-weight: 400;\">Przemys\u0142owa hodowla przemys\u0142owa powoduje cierpienie zwierz\u0105t, zanieczyszcza wod\u0119 i klimat oraz mo\u017ce zagrozi\u0107 naszemu zdrowiu. Jeste\u015bmy zaanga\u017cowani w odpowiedni\u0105 dla gatunku, regionaln\u0105 hodowl\u0119 zwierz\u0105t.<\/span><\/p>\n<\/div><\/div><\/div><\/div><\/div><div class=\"wpb_column vc_column_container\"><div class=\"vc_column-inner\"><div class=\"w-iconbox us_custom_f4639b64 has_text_color iconpos_left style_default color_custom align_left\"><div class=\"w-iconbox-icon\" style=\"font-size:2rem;--icon-color:#Ffffff;--icon-bg-color:var(--color-header-transparent-text);\"><i class=\"fas fa-layer-group\"><\/i><\/div><div class=\"w-iconbox-meta\"><h4 class=\"w-iconbox-title\" style=\"font-size:1.5rem;\">Zachowanie krajobraz\u00f3w kulturowych<\/h4><div class=\"w-iconbox-text\"><p><span style=\"font-weight: 400;\">Ma\u0142e struktury naszych obszar\u00f3w rolniczych posiadaj\u0105 niesamowit\u0105 skarbnic\u0119 r\u00f3\u017cnorodno\u015bci biologicznej i dziedzictwa kulturowego. Odzwierciedlaj\u0105 one staranne wykorzystanie naszych zasob\u00f3w naturalnych.<\/span><\/p>\n<\/div><\/div><\/div><\/div><\/div><\/div><div class=\"w-separator size_medium\"><\/div><div class=\"w-btn-wrapper align_left\"><a class=\"w-btn us-btn-style_8 icon_atleft\" href=\"https:\/\/gruene-wiesbaden.de\/pl\/kommunalwahl\/#Kapitel1\"><i class=\"fas fa-chevron-circle-right\"><\/i><span class=\"w-btn-label\">Powr\u00f3t do przegl\u0105du<\/span><\/a><\/div><div class=\"w-separator size_medium\"><\/div><\/div><\/div><\/div><\/div><\/section><section class=\"l-section wpb_row height_auto with_img\"><div class=\"l-section-img\" role=\"img\" data-img-width=\"1920\" data-img-height=\"2560\" style=\"background-image: url(https:\/\/gruene-wiesbaden.de\/wp-content\/uploads\/2025\/07\/noaa-SkJG9sNkQVQ-unsplash-scaled.jpg);background-repeat: no-repeat;\"><\/div><div class=\"l-section-overlay\" style=\"background:var(--color-header-top-transparent-bg)\"><\/div><div class=\"l-section-h i-cf\"><div class=\"g-cols vc_row via_grid cols_1 laptops-cols_inherit tablets-cols_inherit mobiles-cols_1 valign_middle type_default stacking_default\" style=\"--columns-gap:1rem;\"><div class=\"wpb_column vc_column_container\"><div class=\"vc_column-inner\"><div class=\"w-separator size_large\"><\/div><div class=\"wpb_text_column background_inside_text\"><div class=\"wpb_wrapper\"><h1>Co chcemy zrobi\u0107 konkretnie w tej dziedzinie<\/h1>\n<\/div><\/div><div class=\"w-separator size_medium\"><\/div><div class=\"w-tabs us_custom_42d693a0 has_text_color style_default switch_click accordion has_scrolling\" style=\"--sections-title-size:1.4rem\"><div class=\"w-tabs-sections titles-align_none icon_chevron cpos_right\"><div class=\"w-tabs-section has_text_color\" id=\"p6c7\" style=\"background:var(--color-header-transparent-text);color:var(--color-header-top-text-hover);\"><button class=\"w-tabs-section-header\" aria-controls=\"content-p6c7\" aria-expanded=\"false\"><div class=\"w-tabs-section-title\">Rozwijanie naszych las\u00f3w podmiejskich w spos\u00f3b nieulegaj\u0105cy dezaktualizacji<\/div><div class=\"w-tabs-section-control\"><\/div><\/button><div  class=\"w-tabs-section-content\" id=\"content-p6c7\"><div class=\"w-tabs-section-content-h i-cf\"><div class=\"wpb_text_column\"><div class=\"wpb_wrapper\"><p><span style=\"font-weight: 400;\">Lasy s\u0105 jednym z naszych najwa\u017cniejszych system\u00f3w sk\u0142adowania dwutlenku w\u0119gla, zapewniaj\u0105cym \u015bwie\u017ce powietrze, ochron\u0119 gatunk\u00f3w, odnow\u0119 w\u00f3d gruntowych i rekreacj\u0119, a tak\u017ce \u2013 co nie mniej wa\u017cne \u2013 dostarczanie surowc\u00f3w. Nasz las miejski \u2013 ze s\u0142ynn\u0105 \u201egreck\u0105 kaplic\u0105\u201d i Opelbadem \u2013 jest jednym z zabytk\u00f3w Wiesbaden, \u017ar\u00f3d\u0142em jako\u015bci naszego \u017cycia, a zatem jest szczeg\u00f3lnie bliski naszym sercom. Chcemy konstruktywnego rozwi\u0105zania konkurencyjnych zastosowa\u0144 i dalszego rozwoju lasu blisko natury, aby wzmocni\u0107 odporno\u015b\u0107 na rosn\u0105ce temperatury, susze, ulewne deszcze i burze. Jest to jedyny spos\u00f3b na utrzymanie efektu ch\u0142odzenia w centrum miasta. Chcemy pracowa\u0107 nad wzmocnieniem i uczynieniem widocznym przyjaznego dla \u015brodowiska drewnianego podk\u0142adu z ko\u0144mi w miejskim lesie. W ten spos\u00f3b miasto Wiesbaden mo\u017ce zachowa\u0107 cenn\u0105 gleb\u0119 le\u015bn\u0105, zmniejszy\u0107 zu\u017cycie paliw kopalnych i sta\u0107 si\u0119 modelem opieki le\u015bnej, kt\u00f3ry jest bliski naturze przez ca\u0142y rok.<\/span><\/p>\n<\/div><\/div><\/div><\/div><\/div><div class=\"w-tabs-section has_text_color\" id=\"b7f3\" style=\"background:var(--color-header-transparent-text);color:var(--color-header-top-text-hover);\"><button class=\"w-tabs-section-header\" aria-controls=\"content-b7f3\" aria-expanded=\"false\"><div class=\"w-tabs-section-title\">Ochrona gleb jako podstawa naszej przysz\u0142o\u015bci<\/div><div class=\"w-tabs-section-control\"><\/div><\/button><div  class=\"w-tabs-section-content\" id=\"content-b7f3\"><div class=\"w-tabs-section-content-h i-cf\"><div class=\"wpb_text_column\"><div class=\"wpb_wrapper\"><p><span style=\"font-weight: 400;\">Rolnictwo potrzebuje zdrowych upraw. Chcemy wzmocni\u0107 ochron\u0119 gleby i gospodark\u0119 regeneracyjn\u0105, aby chroni\u0107 nasze ekosystemy. S\u0105 one podstaw\u0105 naszej regionalnej produkcji \u017cywno\u015bci i wnosz\u0105 istotny wk\u0142ad w ochron\u0119 klimatu i r\u00f3\u017cnorodno\u015bci biologicznej. Przysz\u0142a polityka gruntowa musi \u0142\u0105czy\u0107 aspekty \u015brodowiskowe, spo\u0142eczne i gospodarcze. Utrata \u017cyznej gleby w wyniku rozwoju i uszczelniania jest nieodwracalna i dlatego nie nale\u017cy jej tolerowa\u0107. Chcemy, aby miasto Wiesbaden powstrzyma\u0142o dodatkowe uszczelnianie dr\u00f3g gruntowych. Tam, gdzie jest to mo\u017cliwe i gdzie nie wyst\u0119puj\u0105 konflikty u\u017cytkowania (np. ze \u015bcie\u017ckami rowerowymi), \u015bcie\u017cki polowe nale\u017cy zamiast tego ponownie uszczelni\u0107, poniewa\u017c niekt\u00f3re dzikie zwierz\u0119ta domowe opieraj\u0105 si\u0119 na otwartych glebach, na przyk\u0142ad jako \u017ar\u00f3dle materia\u0142\u00f3w budowlanych. Aby zwi\u0119kszy\u0107 \u015bwiadomo\u015b\u0107 warto\u015bci wa\u017cnych gleb, chcemy, aby miasto Wiesbaden udost\u0119pni\u0142o obszary miejskie dla ogrod\u00f3w spo\u0142eczno\u015bciowych i projekt\u00f3w permakultury.<\/span><\/p>\n<\/div><\/div><\/div><\/div><\/div><div class=\"w-tabs-section has_text_color\" id=\"c90e\" style=\"background:var(--color-header-transparent-text);color:var(--color-header-top-text-hover);\"><button class=\"w-tabs-section-header\" aria-controls=\"content-c90e\" aria-expanded=\"false\"><div class=\"w-tabs-section-title\">Wspieranie rolnik\u00f3w<\/div><div class=\"w-tabs-section-control\"><\/div><\/button><div  class=\"w-tabs-section-content\" id=\"content-c90e\"><div class=\"w-tabs-section-content-h i-cf\"><div class=\"wpb_text_column\"><div class=\"wpb_wrapper\"><p><span style=\"font-weight: 400;\">Nasi rolnicy s\u0105 najwa\u017cniejszymi partnerami dla zachowania naszych naturalnych \u017ar\u00f3de\u0142 utrzymania i ochrony naszego od\u017cywiania. Chcemy rolnictwa przyjaznego dla \u015brodowiska, op\u0142acalnego ekonomicznie i przyst\u0119pnego cenowo dla wszystkich. Aby to osi\u0105gn\u0105\u0107, uprawa musi by\u0107 odporna na zmian\u0119 klimatu i ekstremalne zdarzenia pogodowe. Przej\u015bcie na rolnictwo ekologiczne jest w takim samym stopniu inwestycj\u0105 w przysz\u0142o\u015b\u0107, jak wprowadzenie rolnictwa cyfrowego. Chcemy, aby miasto Wiesbaden aktywnie wspiera\u0142o rolnik\u00f3w w tych dzia\u0142aniach, aby powstrzyma\u0107 dalszych spadkobierc\u00f3w s\u0105dowych.<\/span><\/p>\n<\/div><\/div><\/div><\/div><\/div><div class=\"w-tabs-section has_text_color\" id=\"ea28\" style=\"background:var(--color-header-middle-bg);color:var(--color-content-heading);\"><button class=\"w-tabs-section-header\" aria-controls=\"content-ea28\" aria-expanded=\"false\"><div class=\"w-tabs-section-title\">Wzmocnienie regionalnej produkcji \u017cywno\u015bci<\/div><div class=\"w-tabs-section-control\"><\/div><\/button><div  class=\"w-tabs-section-content\" id=\"content-ea28\"><div class=\"w-tabs-section-content-h i-cf\"><div class=\"wpb_text_column\"><div class=\"wpb_wrapper\"><p><span style=\"font-weight: 400;\">Rolnictwo w Wiesbaden jest filarem naszego bezpiecze\u0144stwa \u017cywno\u015bciowego. Globalne kryzysy pokazuj\u0105 znaczenie niezale\u017cnej i odpornej produkcji \u017cywno\u015bci. Jednocze\u015bnie zmniejsza wydatki na energi\u0119 w transporcie do konsumenta. W tym celu chcemy, aby miasto Wiesbaden zbudowa\u0142o lokaln\u0105 infrastruktur\u0119 i promowa\u0142o marketing regionalny. Obejmuje to promocj\u0119 cotygodniowych rynk\u00f3w, zw\u0142aszcza na przedmie\u015bciach. Popieramy koncepcj\u0119 kr\u00f3tkich dystans\u00f3w i produkcji nowej \u017cywno\u015bci, takiej jak rolnictwo pionowe i akwaponika.<\/span><\/p>\n<\/div><\/div><\/div><\/div><\/div><div class=\"w-tabs-section has_text_color\" id=\"vb44\" style=\"background:var(--color-header-transparent-text);color:var(--color-header-top-text-hover);\"><button class=\"w-tabs-section-header\" aria-controls=\"content-vb44\" aria-expanded=\"false\"><div class=\"w-tabs-section-title\">Pogodzenie rolnictwa i ochrony przyrody<\/div><div class=\"w-tabs-section-control\"><\/div><\/button><div  class=\"w-tabs-section-content\" id=\"content-vb44\"><div class=\"w-tabs-section-content-h i-cf\"><div class=\"wpb_text_column\"><div class=\"wpb_wrapper\"><p><span style=\"font-weight: 400;\">Jeste\u015bmy zaanga\u017cowani w metody uprawy, kt\u00f3re nie wymagaj\u0105 syntetycznych \u015brodk\u00f3w ochrony ro\u015blin, a tym samym chroni\u0105 gleby, zbiorniki wodne, nasze zdrowie oraz ca\u0142\u0105 lokaln\u0105 flor\u0119 i faun\u0119. Tam, gdzie nie jest to jeszcze mo\u017cliwe, chcemy, aby strefy nabrze\u017cne wolne od nawoz\u00f3w i pestycyd\u00f3w na strumieniach i wodach zosta\u0142y ustanowione i powi\u0119kszone w celu zmniejszenia ilo\u015bci zanieczyszcze\u0144. Aby chroni\u0107 r\u00f3\u017cnorodno\u015b\u0107 biologiczn\u0105, chcemy, aby miasto Wiesbaden promowa\u0142o \u015bwiadomo\u015b\u0107 znaczenia pas\u00f3w kwitnienia i \u017cywop\u0142ot\u00f3w. W przysz\u0142o\u015bci chcemy, aby zarz\u0105dzanie krajobrazem by\u0142o coraz bardziej zabezpieczone jako dodatkowe \u017ar\u00f3d\u0142o dochod\u00f3w dla rolnik\u00f3w.<\/span><\/p>\n<\/div><\/div><\/div><\/div><\/div><div class=\"w-tabs-section has_text_color\" id=\"ic77\" style=\"background:var(--color-header-middle-bg);color:var(--color-header-middle-text);\"><button class=\"w-tabs-section-header\" aria-controls=\"content-ic77\" aria-expanded=\"false\"><div class=\"w-tabs-section-title\">Wzmocnienie naszego krajobrazu kulturowego<\/div><div class=\"w-tabs-section-control\"><\/div><\/button><div  class=\"w-tabs-section-content\" id=\"content-ic77\"><div class=\"w-tabs-section-content-h i-cf\"><div class=\"wpb_text_column\"><div class=\"wpb_wrapper\"><p><span style=\"font-weight: 400;\">Bezpa\u0144skie sady i winnice uprawiane blisko natury nie tylko charakteryzuj\u0105 nasz krajobraz kulturowy, ale s\u0105 r\u00f3wnie\u017c niezb\u0119dnymi siedliskami dla wielu zwierz\u0105t i ro\u015blin, nale\u017c\u0105 do najbogatszych gatunkowo siedlisk w Europie \u015arodkowej. Wok\u00f3\u0142 Wiesbaden nadal znajduje si\u0119 bardzo du\u017cy zas\u00f3b starych sad\u00f3w, kt\u00f3rych status ochronny chcemy zabezpieczy\u0107 na sta\u0142e przez miasto Wiesbaden. Wspieramy ich trosk\u0119 i wzmacniamy lokalny marketing, aby ponownie doceni\u0107 rozproszone produkty owocowe i warto by\u0142o uprawia\u0107.<\/span><\/p>\n<p><span style=\"font-weight: 400;\">Dzi\u0119ki sponsoringowi drzew owocowych, kampaniom opieku\u0144czym i projektom pozyskiwania drewna chcemy podnie\u015b\u0107 \u015bwiadomo\u015b\u0107 na temat warto\u015bci tych siedlisk i aktywizowa\u0107 zaanga\u017cowanie spo\u0142ecze\u0144stwa obywatelskiego. Chcemy, aby miasto wspiera\u0142o zaanga\u017cowanie spo\u0142eczno\u015bci i promowa\u0142o sponsoring sad\u00f3w, w kt\u00f3rych np. mieszka\u0144cy \u015br\u00f3dmie\u015bcia wsp\u00f3lnie z mieszka\u0144cami przedmie\u015b\u0107 opiekuj\u0105 si\u0119 sadem.<\/span><\/p>\n<\/div><\/div><\/div><\/div><\/div><div class=\"w-tabs-section has_text_color\" id=\"zda1\" style=\"background:var(--color-header-transparent-text);color:var(--color-header-top-text-hover);\"><button class=\"w-tabs-section-header\" aria-controls=\"content-zda1\" aria-expanded=\"false\"><div class=\"w-tabs-section-title\">Wspieranie domeny Mechtildshausen w przysz\u0142o\u015bci w ramach WJW<\/div><div class=\"w-tabs-section-control\"><\/div><\/button><div  class=\"w-tabs-section-content\" id=\"content-zda1\"><div class=\"w-tabs-section-content-h i-cf\"><div class=\"wpb_text_column\"><div class=\"wpb_wrapper\"><p><span style=\"font-weight: 400;\">Dzi\u0119ki domenie Mechtildshausen miasto Wiesbaden ma flagowy biznes rolnictwa ekologicznego i rzemios\u0142a, kt\u00f3ry obejmuje sklepy rolnicze, gastronomi\u0119 i stajnie dla koni. Jest cz\u0119\u015bci\u0105 Wiesbadener Jugendwerkstatt (WJW), kt\u00f3ry szkoli m\u0142odych ludzi i doros\u0142ych znajduj\u0105cych si\u0119 w niekorzystnej sytuacji spo\u0142ecznej i zapewnia szeroki zakres dalszych mo\u017cliwo\u015bci edukacyjnych. Zobowi\u0105zujemy si\u0119 do zachowania WJW \u2013 w tym domeny Mechtildshausen \u2013 w tej formie.<\/span><\/p>\n<p><span style=\"font-weight: 400;\">Ponadto chcemy eksperymentowa\u0107 z nasadzeniami dostosowanymi do lokalizacji i poprawi\u0107 transfer wiedzy mi\u0119dzy badaniami a praktyk\u0105 rolnicz\u0105. Dlatego jeste\u015bmy zaanga\u017cowani w tworzenie miejsc nauki dla innowacyjnego rolnictwa, w kt\u00f3rych przekazywane s\u0105 praktyczne do\u015bwiadczenia.<\/span><\/p>\n<\/div><\/div><\/div><\/div><\/div><div class=\"w-tabs-section has_text_color\" id=\"oed7\" style=\"background:var(--color-header-transparent-text);color:var(--color-header-top-text-hover);\"><button class=\"w-tabs-section-header\" aria-controls=\"content-oed7\" aria-expanded=\"false\"><div class=\"w-tabs-section-title\">Zanurz si\u0119 w miejskim lesie<\/div><div class=\"w-tabs-section-control\"><\/div><\/button><div  class=\"w-tabs-section-content\" id=\"content-oed7\"><div class=\"w-tabs-section-content-h i-cf\"><div class=\"wpb_text_column\"><div class=\"wpb_wrapper\"><p><span style=\"font-weight: 400;\">Nasze lasy to nie tylko skupiska drzew, to p\u0142uca naszej planety i skarbce r\u00f3\u017cnorodno\u015bci biologicznej.<\/span><\/p>\n<p><span style=\"font-weight: 400;\">Jeste\u015bmy zaanga\u017cowani w program informacyjny i medialny, kt\u00f3ry uczy dzieci i m\u0142odzie\u017c w szczeg\u00f3lno\u015bci znaczenia lasu jako oferty cyfrowej. Chcemy zacie\u015bni\u0107 wsp\u00f3\u0142prac\u0119 le\u015bnik\u00f3w miejskich ze szko\u0142ami, przedszkolami i stowarzyszeniami ekologicznymi. Obejmuje to wycieczki po lesie, dni projektowe i oferty edukacji ekologicznej. Poprzez formy dialogu mi\u0119dzy miastem Wiesbaden a ludno\u015bci\u0105 bezpo\u015brednio w lesie miejskim chcemy zaanga\u017cowa\u0107 mieszka\u0144c\u00f3w Wiesbaden w strategie ekologicznej gospodarki le\u015bnej i wykorzysta\u0107 ich wiedz\u0119 w kontek\u015bcie obywatelskich projekt\u00f3w naukowych.<\/span><\/p>\n<\/div><\/div><\/div><\/div><\/div><div class=\"w-tabs-section has_text_color\" id=\"f019\" style=\"background:var(--color-header-transparent-text);color:var(--color-header-top-text-hover);\"><button class=\"w-tabs-section-header\" aria-controls=\"content-f019\" aria-expanded=\"false\"><div class=\"w-tabs-section-title\">Projektowanie naszych las\u00f3w dla wszystkich<\/div><div class=\"w-tabs-section-control\"><\/div><\/button><div  class=\"w-tabs-section-content\" id=\"content-f019\"><div class=\"w-tabs-section-content-h i-cf\"><div class=\"wpb_text_column\"><div class=\"wpb_wrapper\"><p><span style=\"font-weight: 400;\">Las miejski jest nieodzown\u0105 cz\u0119\u015bci\u0105 naszej ojczyzny i obszarem rekreacyjnym, kt\u00f3ry jest swobodnie dost\u0119pny dla wszystkich mieszka\u0144c\u00f3w. Chcemy zapewni\u0107 dost\u0119pno\u015b\u0107 komunikacj\u0105 miejsk\u0105 z centrum miasta, a jednocze\u015bnie chroni\u0107 wra\u017cliwe obszary przed zak\u0142\u00f3ceniami. Bezbarierowe \u015bcie\u017cki, le\u015bne place zabaw i mo\u017cliwo\u015bci rekreacyjne powinny pozwoli\u0107 wszystkim ludziom do\u015bwiadczy\u0107 natury w zrelaksowany spos\u00f3b. Chcemy, aby miasto upewni\u0142o si\u0119, \u017ce le\u015bne spacery nie prowadz\u0105 przez obszar wra\u017cliwego dzikiego kota. My\u015bliwi s\u0105 wa\u017cnymi uczestnikami projektowania las\u00f3w. D\u0105\u017cymy do tego, aby polowania by\u0142y coraz bardziej zorientowane na kryteria ekologiczne i umo\u017cliwia\u0142y naturaln\u0105 regeneracj\u0119 las\u00f3w. W zwi\u0105zku z tym Wiesbaden wprowadzi\u0142 ekologiczn\u0105 koncepcj\u0119 \u0142owieck\u0105, kt\u00f3ra wspiera przekszta\u0142canie las\u00f3w, a jednocze\u015bnie zapewnia przyjazne dla dobrostanu zwierz\u0105t metody \u0142owieckie. Tylko dzi\u0119ki wsp\u00f3\u0142pracy wszystkich u\u017cytkownik\u00f3w las\u00f3w mo\u017cemy zachowa\u0107 nasze lasy na przysz\u0142o\u015b\u0107. Zobowi\u0105zujemy si\u0119 do kontynuowania certyfikacji zgodnie z FSC i Naturland.<\/span><\/p>\n<\/div><\/div><\/div><\/div><\/div><div class=\"w-tabs-section has_text_color\" id=\"n134\" style=\"background:var(--color-header-transparent-text);color:var(--color-header-top-text-hover);\"><button class=\"w-tabs-section-header\" aria-controls=\"content-n134\" aria-expanded=\"false\"><div class=\"w-tabs-section-title\">Promujemy szacunek dla zwierz\u0105t domowych i dzikich<\/div><div class=\"w-tabs-section-control\"><\/div><\/button><div  class=\"w-tabs-section-content\" id=\"content-n134\"><div class=\"w-tabs-section-content-h i-cf\"><div class=\"wpb_text_column\"><div class=\"wpb_wrapper\"><p><span style=\"font-weight: 400;\">Promujemy obawy schroniska dla zwierz\u0105t w Wiesbaden i wspieramy Park Cyperus, park zwierz\u0105t Kastel i ba\u017canty. Wspieramy edukacj\u0119 w zakresie odpowiedzialnego post\u0119powania z nowo wyemigrowanymi gatunkami zwierz\u0105t. W centrum miasta jeste\u015bmy zaanga\u017cowani w odpowiednie dla gatunku i naukowo poparte post\u0119powanie z, na przyk\u0142ad, populacjami go\u0142\u0119bi i Nilgan\u00f3w.<\/span><\/p>\n<\/div><\/div><\/div><\/div><\/div><\/div><\/div><div class=\"w-separator size_medium\"><\/div><div class=\"w-btn-wrapper align_left\"><a class=\"w-btn us-btn-style_8 icon_atleft\" href=\"https:\/\/gruene-wiesbaden.de\/pl\/kommunalwahl\/#Kapitel1\"><i class=\"fas fa-chevron-circle-right\"><\/i><span class=\"w-btn-label\">Powr\u00f3t do przegl\u0105du<\/span><\/a><\/div><div class=\"w-separator size_large\"><\/div><div class=\"wpb_text_column\"><div class=\"wpb_wrapper\"><h1>Co ju\u017c osi\u0105gn\u0119li\u015bmy<\/h1>\n<\/div><\/div><div class=\"w-separator size_medium\"><\/div><div class=\"w-tabs us_custom_42d693a0 has_text_color style_default switch_click accordion has_scrolling\" style=\"--sections-title-size:1.4rem\"><div class=\"w-tabs-sections titles-align_none icon_chevron cpos_right\"><div class=\"w-tabs-section has_text_color\" id=\"i63e\" style=\"background:var(--color-header-transparent-text);color:var(--color-header-top-text-hover);\"><button class=\"w-tabs-section-header\" aria-controls=\"content-i63e\" aria-expanded=\"false\"><div class=\"w-tabs-section-title\">Wiesbaden Obszarem Le\u015bnym Roku 2025<\/div><div class=\"w-tabs-section-control\"><\/div><\/button><div  class=\"w-tabs-section-content\" id=\"content-i63e\"><div class=\"w-tabs-section-content-h i-cf\"><div class=\"wpb_text_column\"><div class=\"wpb_wrapper\"><p><span style=\"font-weight: 400;\">Las miejski Wiesbaden otrzyma\u0142 t\u0119 nagrod\u0119 za nasz\u0105 metod\u0119 zarz\u0105dzania zorientowan\u0105 na przyrod\u0119, a tak\u017ce za wieloletni\u0105 certyfikacj\u0119 FSC i Naturland. Dzi\u0119ki ukierunkowanemu wykorzystaniu koni drewnianych w lesie miejskim miasto ustanowi\u0142o skuteczny spos\u00f3b \u0142\u0105czenia ekologii i gospodarki.<\/span><\/p>\n<\/div><\/div><\/div><\/div><\/div><div class=\"w-tabs-section has_text_color\" id=\"c75e\" style=\"background:var(--color-header-transparent-text);color:var(--color-header-top-text-hover);\"><button class=\"w-tabs-section-header\" aria-controls=\"content-c75e\" aria-expanded=\"false\"><div class=\"w-tabs-section-title\">Dzikie i le\u015bne \u2013 koncepcja polowania w Wiesbaden<\/div><div class=\"w-tabs-section-control\"><\/div><\/button><div  class=\"w-tabs-section-content\" id=\"content-c75e\"><div class=\"w-tabs-section-content-h i-cf\"><div class=\"wpb_text_column\"><div class=\"wpb_wrapper\"><p><span style=\"font-weight: 400;\">Nasza nowa koncepcja \u0142owiecka spe\u0142nia potrzeby lasu i jego dzikiej przyrody, a tak\u017ce wsp\u00f3\u0142czesne wymagania \u0142owieckie.<\/span><\/p>\n<\/div><\/div><\/div><\/div><\/div><div class=\"w-tabs-section has_text_color\" id=\"w876\" style=\"background:var(--color-header-transparent-text);color:var(--color-header-top-text-hover);\"><button class=\"w-tabs-section-header\" aria-controls=\"content-w876\" aria-expanded=\"false\"><div class=\"w-tabs-section-title\">Rzadkie gatunki zwierz\u0105t s\u0105 zachowane<\/div><div class=\"w-tabs-section-control\"><\/div><\/button><div  class=\"w-tabs-section-content\" id=\"content-w876\"><div class=\"w-tabs-section-content-h i-cf\"><div class=\"wpb_text_column\"><div class=\"wpb_wrapper\"><p><span style=\"font-weight: 400;\">Dla starych i zagro\u017conych ras zwierz\u0105t gospodarskich miasto Wiesbaden rozwin\u0119\u0142o ba\u017canty w park arktyczny z kompleksowym programem i ofert\u0105 edukacyjn\u0105.<\/span><\/p>\n<\/div><\/div><\/div><\/div><\/div><div class=\"w-tabs-section has_text_color\" id=\"b9cb\" style=\"background:var(--color-header-middle-bg);color:var(--color-content-heading);\"><button class=\"w-tabs-section-header\" aria-controls=\"content-b9cb\" aria-expanded=\"false\"><div class=\"w-tabs-section-title\">Nowoczesne w\u0119dr\u00f3wki s\u0105 \u0142atwe<\/div><div class=\"w-tabs-section-control\"><\/div><\/button><div  class=\"w-tabs-section-content\" id=\"content-b9cb\"><div class=\"w-tabs-section-content-h i-cf\"><div class=\"wpb_text_column\"><div class=\"wpb_wrapper\"><p><span style=\"font-weight: 400;\">Wraz z Parkiem Przyrody RheinTaunus Wiesbaden opracowa\u0142 innowacyjn\u0105 koncepcj\u0119 trasy i udost\u0119pni\u0142 cyfrowo 2500 km szlak\u00f3w turystycznych.<\/span><\/p>\n<\/div><\/div><\/div><\/div><\/div><div class=\"w-tabs-section has_text_color\" id=\"gb43\" style=\"background:var(--color-header-transparent-text);color:var(--color-header-top-text-hover);\"><button class=\"w-tabs-section-header\" aria-controls=\"content-gb43\" aria-expanded=\"false\"><div class=\"w-tabs-section-title\">Odpowiedzialne gospodarowanie gruntami Wiesbaden<\/div><div class=\"w-tabs-section-control\"><\/div><\/button><div  class=\"w-tabs-section-content\" id=\"content-gb43\"><div class=\"w-tabs-section-content-h i-cf\"><div class=\"wpb_text_column\"><div class=\"wpb_wrapper\"><p><span style=\"font-weight: 400;\">Planowanie krajobrazu i ocena oddzia\u0142ywania na \u015brodowisko w odniesieniu do nowego planu zagospodarowania przestrzennego oraz planu regionalnego dla Hesji Po\u0142udniowej zapewniaj\u0105 przejrzysto\u015b\u0107. Stanowi\u0105 one solidn\u0105 podstaw\u0119 techniczn\u0105 dla przysz\u0142ych decyzji, w tym w szczeg\u00f3lno\u015bci dla obywateli.<\/span><\/p>\n<\/div><\/div><\/div><\/div><\/div><\/div><\/div><div class=\"w-separator size_medium\"><\/div><div class=\"w-btn-wrapper align_left\"><a class=\"w-btn us-btn-style_8 icon_atleft\" href=\"https:\/\/gruene-wiesbaden.de\/pl\/kommunalwahl\/#Kapitel1\"><i class=\"fas fa-chevron-circle-right\"><\/i><span class=\"w-btn-label\">Powr\u00f3t do przegl\u0105du<\/span><\/a><\/div><div class=\"w-separator size_large\"><\/div><\/div><\/div><\/div><\/div><\/section>","protected":false},"excerpt":{"rendered":"Rolnictwo i le\u015bnictwo to znacznie wi\u0119cej ni\u017c tylko sektory gospodarki \u2013 s\u0105 one podstaw\u0105 naszej \u017cywno\u015bci, naszego krajobrazu i naszego klimatu. Czy to w mie\u015bcie, czy na wsi: Spos\u00f3b, w jaki prowadzimy gospodarstwa rolne, ma bezpo\u015bredni wp\u0142yw na jako\u015b\u0107 naszego \u017cycia, nasze zdrowie i nasze \u015brodowisko. Stawiamy czo\u0142a wyzwaniu, jakim jest stworzenie...","protected":false},"author":1,"featured_media":1195,"comment_status":"closed","ping_status":"closed","sticky":false,"template":"","format":"standard","meta":{"footnotes":""},"categories":[14],"tags":[],"class_list":["post-1222","post","type-post","status-publish","format-standard","has-post-thumbnail","hentry","category-kapitel-1"],"yoast_head":"<!-- This site is optimized with the Yoast SEO plugin v27.5 - https:\/\/yoast.com\/product\/yoast-seo-wordpress\/ -->\n<title>Land- und Forstwirtschaft - B\u00dcNDNIS 90\/DIE GR\u00dcNEN Wiesbaden<\/title>\n<meta name=\"robots\" content=\"index, follow, max-snippet:-1, max-image-preview:large, max-video-preview:-1\" \/>\n<link rel=\"canonical\" href=\"https:\/\/gruene-wiesbaden.de\/pl\/lore-ipsum-samed\/\" \/>\n<meta property=\"og:locale\" content=\"pl_PL\" \/>\n<meta property=\"og:type\" content=\"article\" \/>\n<meta property=\"og:title\" content=\"Land- und Forstwirtschaft - B\u00dcNDNIS 90\/DIE GR\u00dcNEN Wiesbaden\" \/>\n<meta property=\"og:url\" content=\"https:\/\/gruene-wiesbaden.de\/pl\/lore-ipsum-samed\/\" \/>\n<meta property=\"og:site_name\" content=\"B\u00dcNDNIS 90\/DIE GR\u00dcNEN Wiesbaden\" \/>\n<meta property=\"article:publisher\" content=\"https:\/\/www.facebook.com\/gruene.wi\" \/>\n<meta property=\"article:published_time\" content=\"2025-08-01T20:40:52+00:00\" \/>\n<meta property=\"article:modified_time\" content=\"2026-04-08T20:38:25+00:00\" \/>\n<meta property=\"og:image\" content=\"https:\/\/gruene-wiesbaden.de\/wp-content\/uploads\/2025\/07\/noaa-SkJG9sNkQVQ-unsplash-scaled.jpg\" \/>\n\t<meta property=\"og:image:width\" content=\"1920\" \/>\n\t<meta property=\"og:image:height\" content=\"2560\" \/>\n\t<meta property=\"og:image:type\" content=\"image\/jpeg\" \/>\n<meta name=\"author\" content=\"admin\" \/>\n<meta name=\"twitter:card\" content=\"summary_large_image\" \/>\n<meta name=\"twitter:label1\" content=\"Napisane przez\" \/>\n\t<meta name=\"twitter:data1\" content=\"admin\" \/>\n\t<meta name=\"twitter:label2\" content=\"Szacowany czas czytania\" \/>\n\t<meta name=\"twitter:data2\" content=\"10 minutes\" \/>\n<script type=\"application\/ld+json\" class=\"yoast-schema-graph\">{\"@context\":\"https:\\\/\\\/schema.org\",\"@graph\":[{\"@type\":\"Article\",\"@id\":\"https:\\\/\\\/gruene-wiesbaden.de\\\/lore-ipsum-samed\\\/#article\",\"isPartOf\":{\"@id\":\"https:\\\/\\\/gruene-wiesbaden.de\\\/lore-ipsum-samed\\\/\"},\"author\":{\"name\":\"admin\",\"@id\":\"https:\\\/\\\/gruene-wiesbaden.de\\\/#\\\/schema\\\/person\\\/6785c34779159cd4fd86886bb097afe9\"},\"headline\":\"Land- und Forstwirtschaft\",\"datePublished\":\"2025-08-01T20:40:52+00:00\",\"dateModified\":\"2026-04-08T20:38:25+00:00\",\"mainEntityOfPage\":{\"@id\":\"https:\\\/\\\/gruene-wiesbaden.de\\\/lore-ipsum-samed\\\/\"},\"wordCount\":2860,\"publisher\":{\"@id\":\"https:\\\/\\\/gruene-wiesbaden.de\\\/#organization\"},\"image\":{\"@id\":\"https:\\\/\\\/gruene-wiesbaden.de\\\/lore-ipsum-samed\\\/#primaryimage\"},\"thumbnailUrl\":\"https:\\\/\\\/gruene-wiesbaden.de\\\/wp-content\\\/uploads\\\/2025\\\/07\\\/noaa-SkJG9sNkQVQ-unsplash-scaled.jpg\",\"articleSection\":[\"Kapitel 1\"],\"inLanguage\":\"pl-PL\"},{\"@type\":\"WebPage\",\"@id\":\"https:\\\/\\\/gruene-wiesbaden.de\\\/lore-ipsum-samed\\\/\",\"url\":\"https:\\\/\\\/gruene-wiesbaden.de\\\/lore-ipsum-samed\\\/\",\"name\":\"Land- und Forstwirtschaft - B\u00dcNDNIS 90\\\/DIE GR\u00dcNEN Wiesbaden\",\"isPartOf\":{\"@id\":\"https:\\\/\\\/gruene-wiesbaden.de\\\/#website\"},\"primaryImageOfPage\":{\"@id\":\"https:\\\/\\\/gruene-wiesbaden.de\\\/lore-ipsum-samed\\\/#primaryimage\"},\"image\":{\"@id\":\"https:\\\/\\\/gruene-wiesbaden.de\\\/lore-ipsum-samed\\\/#primaryimage\"},\"thumbnailUrl\":\"https:\\\/\\\/gruene-wiesbaden.de\\\/wp-content\\\/uploads\\\/2025\\\/07\\\/noaa-SkJG9sNkQVQ-unsplash-scaled.jpg\",\"datePublished\":\"2025-08-01T20:40:52+00:00\",\"dateModified\":\"2026-04-08T20:38:25+00:00\",\"breadcrumb\":{\"@id\":\"https:\\\/\\\/gruene-wiesbaden.de\\\/lore-ipsum-samed\\\/#breadcrumb\"},\"inLanguage\":\"pl-PL\",\"potentialAction\":[{\"@type\":\"ReadAction\",\"target\":[\"https:\\\/\\\/gruene-wiesbaden.de\\\/lore-ipsum-samed\\\/\"]}]},{\"@type\":\"ImageObject\",\"inLanguage\":\"pl-PL\",\"@id\":\"https:\\\/\\\/gruene-wiesbaden.de\\\/lore-ipsum-samed\\\/#primaryimage\",\"url\":\"https:\\\/\\\/gruene-wiesbaden.de\\\/wp-content\\\/uploads\\\/2025\\\/07\\\/noaa-SkJG9sNkQVQ-unsplash-scaled.jpg\",\"contentUrl\":\"https:\\\/\\\/gruene-wiesbaden.de\\\/wp-content\\\/uploads\\\/2025\\\/07\\\/noaa-SkJG9sNkQVQ-unsplash-scaled.jpg\",\"width\":1920,\"height\":2560},{\"@type\":\"BreadcrumbList\",\"@id\":\"https:\\\/\\\/gruene-wiesbaden.de\\\/lore-ipsum-samed\\\/#breadcrumb\",\"itemListElement\":[{\"@type\":\"ListItem\",\"position\":1,\"name\":\"Startseite\",\"item\":\"https:\\\/\\\/gruene-wiesbaden.de\\\/\"},{\"@type\":\"ListItem\",\"position\":2,\"name\":\"Land- und Forstwirtschaft\"}]},{\"@type\":\"WebSite\",\"@id\":\"https:\\\/\\\/gruene-wiesbaden.de\\\/#website\",\"url\":\"https:\\\/\\\/gruene-wiesbaden.de\\\/\",\"name\":\"DIE GR\u00dcNEN Wiesbaden\",\"description\":\"\",\"publisher\":{\"@id\":\"https:\\\/\\\/gruene-wiesbaden.de\\\/#organization\"},\"potentialAction\":[{\"@type\":\"SearchAction\",\"target\":{\"@type\":\"EntryPoint\",\"urlTemplate\":\"https:\\\/\\\/gruene-wiesbaden.de\\\/?s={search_term_string}\"},\"query-input\":{\"@type\":\"PropertyValueSpecification\",\"valueRequired\":true,\"valueName\":\"search_term_string\"}}],\"inLanguage\":\"pl-PL\"},{\"@type\":\"Organization\",\"@id\":\"https:\\\/\\\/gruene-wiesbaden.de\\\/#organization\",\"name\":\"DIE GR\u00dcNEN Wiesbaden\",\"url\":\"https:\\\/\\\/gruene-wiesbaden.de\\\/\",\"logo\":{\"@type\":\"ImageObject\",\"inLanguage\":\"pl-PL\",\"@id\":\"https:\\\/\\\/gruene-wiesbaden.de\\\/#\\\/schema\\\/logo\\\/image\\\/\",\"url\":\"https:\\\/\\\/gruene-wiesbaden-fuer-europa.de\\\/wp-content\\\/uploads\\\/2024\\\/04\\\/Machen-was-zaehlt-5.png\",\"contentUrl\":\"https:\\\/\\\/gruene-wiesbaden-fuer-europa.de\\\/wp-content\\\/uploads\\\/2024\\\/04\\\/Machen-was-zaehlt-5.png\",\"width\":1772,\"height\":1772,\"caption\":\"DIE GR\u00dcNEN Wiesbaden\"},\"image\":{\"@id\":\"https:\\\/\\\/gruene-wiesbaden.de\\\/#\\\/schema\\\/logo\\\/image\\\/\"},\"sameAs\":[\"https:\\\/\\\/www.facebook.com\\\/gruene.wi\",\"https:\\\/\\\/instagram.com\\\/gruene_wi\"]},{\"@type\":\"Person\",\"@id\":\"https:\\\/\\\/gruene-wiesbaden.de\\\/#\\\/schema\\\/person\\\/6785c34779159cd4fd86886bb097afe9\",\"name\":\"admin\",\"sameAs\":[\"http:\\\/\\\/gruene-wiesbaden-fuer-europa.de\"],\"url\":\"https:\\\/\\\/gruene-wiesbaden.de\\\/pl\\\/author\\\/admin\\\/\"}]}<\/script>\n<!-- \/ Yoast SEO plugin. -->","yoast_head_json":{"title":"Land- und Forstwirtschaft - B\u00dcNDNIS 90\/DIE GR\u00dcNEN Wiesbaden","robots":{"index":"index","follow":"follow","max-snippet":"max-snippet:-1","max-image-preview":"max-image-preview:large","max-video-preview":"max-video-preview:-1"},"canonical":"https:\/\/gruene-wiesbaden.de\/pl\/lore-ipsum-samed\/","og_locale":"pl_PL","og_type":"article","og_title":"Land- und Forstwirtschaft - B\u00dcNDNIS 90\/DIE GR\u00dcNEN Wiesbaden","og_url":"https:\/\/gruene-wiesbaden.de\/pl\/lore-ipsum-samed\/","og_site_name":"B\u00dcNDNIS 90\/DIE GR\u00dcNEN Wiesbaden","article_publisher":"https:\/\/www.facebook.com\/gruene.wi","article_published_time":"2025-08-01T20:40:52+00:00","article_modified_time":"2026-04-08T20:38:25+00:00","og_image":[{"width":1920,"height":2560,"url":"https:\/\/gruene-wiesbaden.de\/wp-content\/uploads\/2025\/07\/noaa-SkJG9sNkQVQ-unsplash-scaled.jpg","type":"image\/jpeg"}],"author":"admin","twitter_card":"summary_large_image","twitter_misc":{"Napisane przez":"admin","Szacowany czas czytania":"10 minutes"},"schema":{"@context":"https:\/\/schema.org","@graph":[{"@type":"Article","@id":"https:\/\/gruene-wiesbaden.de\/lore-ipsum-samed\/#article","isPartOf":{"@id":"https:\/\/gruene-wiesbaden.de\/lore-ipsum-samed\/"},"author":{"name":"admin","@id":"https:\/\/gruene-wiesbaden.de\/#\/schema\/person\/6785c34779159cd4fd86886bb097afe9"},"headline":"Land- und Forstwirtschaft","datePublished":"2025-08-01T20:40:52+00:00","dateModified":"2026-04-08T20:38:25+00:00","mainEntityOfPage":{"@id":"https:\/\/gruene-wiesbaden.de\/lore-ipsum-samed\/"},"wordCount":2860,"publisher":{"@id":"https:\/\/gruene-wiesbaden.de\/#organization"},"image":{"@id":"https:\/\/gruene-wiesbaden.de\/lore-ipsum-samed\/#primaryimage"},"thumbnailUrl":"https:\/\/gruene-wiesbaden.de\/wp-content\/uploads\/2025\/07\/noaa-SkJG9sNkQVQ-unsplash-scaled.jpg","articleSection":["Kapitel 1"],"inLanguage":"pl-PL"},{"@type":"WebPage","@id":"https:\/\/gruene-wiesbaden.de\/lore-ipsum-samed\/","url":"https:\/\/gruene-wiesbaden.de\/lore-ipsum-samed\/","name":"Land- und Forstwirtschaft - B\u00dcNDNIS 90\/DIE GR\u00dcNEN Wiesbaden","isPartOf":{"@id":"https:\/\/gruene-wiesbaden.de\/#website"},"primaryImageOfPage":{"@id":"https:\/\/gruene-wiesbaden.de\/lore-ipsum-samed\/#primaryimage"},"image":{"@id":"https:\/\/gruene-wiesbaden.de\/lore-ipsum-samed\/#primaryimage"},"thumbnailUrl":"https:\/\/gruene-wiesbaden.de\/wp-content\/uploads\/2025\/07\/noaa-SkJG9sNkQVQ-unsplash-scaled.jpg","datePublished":"2025-08-01T20:40:52+00:00","dateModified":"2026-04-08T20:38:25+00:00","breadcrumb":{"@id":"https:\/\/gruene-wiesbaden.de\/lore-ipsum-samed\/#breadcrumb"},"inLanguage":"pl-PL","potentialAction":[{"@type":"ReadAction","target":["https:\/\/gruene-wiesbaden.de\/lore-ipsum-samed\/"]}]},{"@type":"ImageObject","inLanguage":"pl-PL","@id":"https:\/\/gruene-wiesbaden.de\/lore-ipsum-samed\/#primaryimage","url":"https:\/\/gruene-wiesbaden.de\/wp-content\/uploads\/2025\/07\/noaa-SkJG9sNkQVQ-unsplash-scaled.jpg","contentUrl":"https:\/\/gruene-wiesbaden.de\/wp-content\/uploads\/2025\/07\/noaa-SkJG9sNkQVQ-unsplash-scaled.jpg","width":1920,"height":2560},{"@type":"BreadcrumbList","@id":"https:\/\/gruene-wiesbaden.de\/lore-ipsum-samed\/#breadcrumb","itemListElement":[{"@type":"ListItem","position":1,"name":"Startseite","item":"https:\/\/gruene-wiesbaden.de\/"},{"@type":"ListItem","position":2,"name":"Land- und Forstwirtschaft"}]},{"@type":"WebSite","@id":"https:\/\/gruene-wiesbaden.de\/#website","url":"https:\/\/gruene-wiesbaden.de\/","name":"DIE GR\u00dcNEN Wiesbaden","description":"","publisher":{"@id":"https:\/\/gruene-wiesbaden.de\/#organization"},"potentialAction":[{"@type":"SearchAction","target":{"@type":"EntryPoint","urlTemplate":"https:\/\/gruene-wiesbaden.de\/?s={search_term_string}"},"query-input":{"@type":"PropertyValueSpecification","valueRequired":true,"valueName":"search_term_string"}}],"inLanguage":"pl-PL"},{"@type":"Organization","@id":"https:\/\/gruene-wiesbaden.de\/#organization","name":"DIE GR\u00dcNEN Wiesbaden","url":"https:\/\/gruene-wiesbaden.de\/","logo":{"@type":"ImageObject","inLanguage":"pl-PL","@id":"https:\/\/gruene-wiesbaden.de\/#\/schema\/logo\/image\/","url":"https:\/\/gruene-wiesbaden-fuer-europa.de\/wp-content\/uploads\/2024\/04\/Machen-was-zaehlt-5.png","contentUrl":"https:\/\/gruene-wiesbaden-fuer-europa.de\/wp-content\/uploads\/2024\/04\/Machen-was-zaehlt-5.png","width":1772,"height":1772,"caption":"DIE GR\u00dcNEN Wiesbaden"},"image":{"@id":"https:\/\/gruene-wiesbaden.de\/#\/schema\/logo\/image\/"},"sameAs":["https:\/\/www.facebook.com\/gruene.wi","https:\/\/instagram.com\/gruene_wi"]},{"@type":"Person","@id":"https:\/\/gruene-wiesbaden.de\/#\/schema\/person\/6785c34779159cd4fd86886bb097afe9","name":"admin","sameAs":["http:\/\/gruene-wiesbaden-fuer-europa.de"],"url":"https:\/\/gruene-wiesbaden.de\/pl\/author\/admin\/"}]}},"_links":{"self":[{"href":"https:\/\/gruene-wiesbaden.de\/pl\/wp-json\/wp\/v2\/posts\/1222","targetHints":{"allow":["GET"]}}],"collection":[{"href":"https:\/\/gruene-wiesbaden.de\/pl\/wp-json\/wp\/v2\/posts"}],"about":[{"href":"https:\/\/gruene-wiesbaden.de\/pl\/wp-json\/wp\/v2\/types\/post"}],"author":[{"embeddable":true,"href":"https:\/\/gruene-wiesbaden.de\/pl\/wp-json\/wp\/v2\/users\/1"}],"replies":[{"embeddable":true,"href":"https:\/\/gruene-wiesbaden.de\/pl\/wp-json\/wp\/v2\/comments?post=1222"}],"version-history":[{"count":15,"href":"https:\/\/gruene-wiesbaden.de\/pl\/wp-json\/wp\/v2\/posts\/1222\/revisions"}],"predecessor-version":[{"id":2369,"href":"https:\/\/gruene-wiesbaden.de\/pl\/wp-json\/wp\/v2\/posts\/1222\/revisions\/2369"}],"wp:featuredmedia":[{"embeddable":true,"href":"https:\/\/gruene-wiesbaden.de\/pl\/wp-json\/wp\/v2\/media\/1195"}],"wp:attachment":[{"href":"https:\/\/gruene-wiesbaden.de\/pl\/wp-json\/wp\/v2\/media?parent=1222"}],"wp:term":[{"taxonomy":"category","embeddable":true,"href":"https:\/\/gruene-wiesbaden.de\/pl\/wp-json\/wp\/v2\/categories?post=1222"},{"taxonomy":"post_tag","embeddable":true,"href":"https:\/\/gruene-wiesbaden.de\/pl\/wp-json\/wp\/v2\/tags?post=1222"}],"curies":[{"name":"wp","href":"https:\/\/api.w.org\/{rel}","templated":true}]}}