{"id":726,"date":"2024-06-26T12:00:16","date_gmt":"2024-06-26T12:00:16","guid":{"rendered":"http:\/\/gruene-wiesbaden.de.w0207e8f.kasserver.com\/?p=726"},"modified":"2025-06-16T21:08:28","modified_gmt":"2025-06-16T21:08:28","slug":"gesinebonnet_obkandidatin","status":"publish","type":"post","link":"https:\/\/gruene-wiesbaden.de\/nl\/gesinebonnet_obkandidatin\/","title":{"rendered":"Groenen kiezen Gesine Bonnet als burgemeesterskandidaat"},"content":{"rendered":"<section class=\"l-section wpb_row height_medium\"><div class=\"l-section-h i-cf\"><div class=\"g-cols vc_row via_grid cols_1 laptops-cols_inherit tablets-cols_inherit mobiles-cols_1 valign_top type_default stacking_default\"><div class=\"wpb_column vc_column_container\"><div class=\"vc_column-inner\"><h2 class=\"w-post-elm post_title entry-title color_link_inherit\">Groenen kiezen Gesine Bonnet als burgemeesterskandidaat<\/h2><div class=\"w-post-elm post_image\"><img loading=\"lazy\" decoding=\"async\" width=\"400\" height=\"265\" src=\"https:\/\/gruene-wiesbaden.de\/wp-content\/uploads\/2025\/03\/Bildschirmfoto-2025-06-16-um-23.06.31-400x265.png\" class=\"attachment-medium size-medium wp-post-image\" alt=\"\" srcset=\"https:\/\/gruene-wiesbaden.de\/wp-content\/uploads\/2025\/03\/Bildschirmfoto-2025-06-16-um-23.06.31-400x265.png 400w, https:\/\/gruene-wiesbaden.de\/wp-content\/uploads\/2025\/03\/Bildschirmfoto-2025-06-16-um-23.06.31-600x398.png 600w, https:\/\/gruene-wiesbaden.de\/wp-content\/uploads\/2025\/03\/Bildschirmfoto-2025-06-16-um-23.06.31.png 1760w\" sizes=\"auto, (max-width: 400px) 100vw, 400px\" \/><\/div><div class=\"wpb_text_column\"><div class=\"wpb_wrapper\"><p><span>Alliantie 90\/De Groenen ontmoetten elkaar tijdens hun Algemene Vergadering op de avond van 26 juni. Gesine Bonnet voorgedragen als kandidaat voor de burgemeestersverkiezingen van 2025. Hij ontving 93,0% De stemmen. \u201cWe zijn verheugd over Gesine Bonnet, een kandidaat voor de burgemeestersverkiezingen, die zowel ervaring als frisse lucht belichaamt. Het staat voor energie en een innovatieve kijk op de uitdagingen van onze stad. Als geen ander kan Gesine Bonnet mensen samenbrengen en een nieuwe alliantie vormen tussen de vele betrokken mensen in Wiesbaden, haar bedrijven en stadspolitiek. Wij zijn er zeker van: Het zal de burgers overtuigen met zijn winnende karakter\", aldus Uta Brehm en Mathias Wagner, voorzitters van de districtsvereniging. <\/span><\/p>\n<p><span>Gesine motorkap: \u201cEr liggen veel taken voor ons die moeten worden aangepakt: De energietransitie, de structurele verandering van het stadscentrum en digitalisering, om er maar een paar te noemen. Ik wil graag de kansen grijpen die erin liggen en nog meer de moed en het verlangen in deze stad wekken om nieuwe dingen te proberen\", legt Bonnet uit, haar kandidatuur \"Ik ervaar de bereidheid om bijna elke dag op veel plaatsen in deze stad na te denken en deel te nemen. Mijn claim als burgemeester zou zijn om dit vertrek een sterke stem te geven, ervoor op te komen, nieuwe allianties te smeden en deuren te openen voor de mensen die willen deelnemen aan de verandering. \"Samen geven we vorm aan de toekomst van onze stad!\"<\/span><\/p>\n<p><span>Bonnet werd geboren in Kassel in 1970 en werkt als freelance redacteur, auteur en moderator. Ze is sinds 2021 lid van de gemeenteraad en sinds 2022 voorzitter van de fractie De Groenen. Voorheen was ze lid van de gemeenteraad Mitte.<\/span><\/p>\n<\/div><\/div><\/div><\/div><\/div><\/div><\/section>","protected":false},"excerpt":{"rendered":"De Groenen kiezen Gesine Bonnet als burgemeesterskandidaatAlliance 90\/De Groenen namen deel aan hun algemene vergadering op de avond van 26 juni. Gesine Bonnet voorgedragen als kandidaat voor de burgemeestersverkiezingen van 2025. Hij ontving 93,0% De stemmen. \u201cWe zijn verheugd over Gesine Bonnet, een kandidaat voor de burgemeestersverkiezingen, die zowel ervaring als frisse lucht belichaamt. Het staat voor energie en...","protected":false},"author":1,"featured_media":934,"comment_status":"closed","ping_status":"closed","sticky":false,"template":"","format":"standard","meta":{"footnotes":""},"categories":[5],"tags":[],"class_list":["post-726","post","type-post","status-publish","format-standard","has-post-thumbnail","hentry","category-wahlen"],"yoast_head":"<!-- This site is optimized with the Yoast SEO plugin v27.5 - https:\/\/yoast.com\/product\/yoast-seo-wordpress\/ -->\n<title>GR\u00dcNE w\u00e4hlen Gesine Bonnet zur Oberb\u00fcrgermeisterkandidatin - B\u00dcNDNIS 90\/DIE GR\u00dcNEN Wiesbaden<\/title>\n<meta name=\"robots\" content=\"index, follow, max-snippet:-1, max-image-preview:large, max-video-preview:-1\" \/>\n<link rel=\"canonical\" href=\"https:\/\/gruene-wiesbaden.de\/nl\/gesinebonnet_obkandidatin\/\" \/>\n<meta property=\"og:locale\" content=\"nl_NL\" \/>\n<meta property=\"og:type\" content=\"article\" \/>\n<meta property=\"og:title\" content=\"GR\u00dcNE w\u00e4hlen Gesine Bonnet zur Oberb\u00fcrgermeisterkandidatin - B\u00dcNDNIS 90\/DIE GR\u00dcNEN Wiesbaden\" \/>\n<meta property=\"og:url\" content=\"https:\/\/gruene-wiesbaden.de\/nl\/gesinebonnet_obkandidatin\/\" \/>\n<meta property=\"og:site_name\" content=\"B\u00dcNDNIS 90\/DIE GR\u00dcNEN Wiesbaden\" \/>\n<meta property=\"article:publisher\" content=\"https:\/\/www.facebook.com\/gruene.wi\" \/>\n<meta property=\"article:published_time\" content=\"2024-06-26T12:00:16+00:00\" \/>\n<meta property=\"article:modified_time\" content=\"2025-06-16T21:08:28+00:00\" \/>\n<meta property=\"og:image\" content=\"https:\/\/gruene-wiesbaden.de\/wp-content\/uploads\/2025\/03\/Bildschirmfoto-2025-06-16-um-23.06.31-600x398.png\" \/>\n\t<meta property=\"og:image:width\" content=\"600\" \/>\n\t<meta property=\"og:image:height\" content=\"398\" \/>\n\t<meta property=\"og:image:type\" content=\"image\/png\" \/>\n<meta name=\"author\" content=\"admin\" \/>\n<meta name=\"twitter:card\" content=\"summary_large_image\" \/>\n<meta name=\"twitter:label1\" content=\"Geschreven door\" \/>\n\t<meta name=\"twitter:data1\" content=\"admin\" \/>\n\t<meta name=\"twitter:label2\" content=\"Geschatte leestijd\" \/>\n\t<meta name=\"twitter:data2\" content=\"2 minutes\" \/>\n<script type=\"application\/ld+json\" class=\"yoast-schema-graph\">{\"@context\":\"https:\\\/\\\/schema.org\",\"@graph\":[{\"@type\":\"Article\",\"@id\":\"https:\\\/\\\/gruene-wiesbaden.de\\\/gesinebonnet_obkandidatin\\\/#article\",\"isPartOf\":{\"@id\":\"https:\\\/\\\/gruene-wiesbaden.de\\\/gesinebonnet_obkandidatin\\\/\"},\"author\":{\"name\":\"admin\",\"@id\":\"https:\\\/\\\/gruene-wiesbaden.de\\\/#\\\/schema\\\/person\\\/6785c34779159cd4fd86886bb097afe9\"},\"headline\":\"GR\u00dcNE w\u00e4hlen Gesine Bonnet zur Oberb\u00fcrgermeisterkandidatin\",\"datePublished\":\"2024-06-26T12:00:16+00:00\",\"dateModified\":\"2025-06-16T21:08:28+00:00\",\"mainEntityOfPage\":{\"@id\":\"https:\\\/\\\/gruene-wiesbaden.de\\\/gesinebonnet_obkandidatin\\\/\"},\"wordCount\":297,\"publisher\":{\"@id\":\"https:\\\/\\\/gruene-wiesbaden.de\\\/#organization\"},\"image\":{\"@id\":\"https:\\\/\\\/gruene-wiesbaden.de\\\/gesinebonnet_obkandidatin\\\/#primaryimage\"},\"thumbnailUrl\":\"https:\\\/\\\/gruene-wiesbaden.de\\\/wp-content\\\/uploads\\\/2025\\\/03\\\/Bildschirmfoto-2025-06-16-um-23.06.31.png\",\"articleSection\":[\"Wahlen\"],\"inLanguage\":\"nl-NL\"},{\"@type\":\"WebPage\",\"@id\":\"https:\\\/\\\/gruene-wiesbaden.de\\\/gesinebonnet_obkandidatin\\\/\",\"url\":\"https:\\\/\\\/gruene-wiesbaden.de\\\/gesinebonnet_obkandidatin\\\/\",\"name\":\"GR\u00dcNE w\u00e4hlen Gesine Bonnet zur Oberb\u00fcrgermeisterkandidatin - B\u00dcNDNIS 90\\\/DIE GR\u00dcNEN Wiesbaden\",\"isPartOf\":{\"@id\":\"https:\\\/\\\/gruene-wiesbaden.de\\\/#website\"},\"primaryImageOfPage\":{\"@id\":\"https:\\\/\\\/gruene-wiesbaden.de\\\/gesinebonnet_obkandidatin\\\/#primaryimage\"},\"image\":{\"@id\":\"https:\\\/\\\/gruene-wiesbaden.de\\\/gesinebonnet_obkandidatin\\\/#primaryimage\"},\"thumbnailUrl\":\"https:\\\/\\\/gruene-wiesbaden.de\\\/wp-content\\\/uploads\\\/2025\\\/03\\\/Bildschirmfoto-2025-06-16-um-23.06.31.png\",\"datePublished\":\"2024-06-26T12:00:16+00:00\",\"dateModified\":\"2025-06-16T21:08:28+00:00\",\"breadcrumb\":{\"@id\":\"https:\\\/\\\/gruene-wiesbaden.de\\\/gesinebonnet_obkandidatin\\\/#breadcrumb\"},\"inLanguage\":\"nl-NL\",\"potentialAction\":[{\"@type\":\"ReadAction\",\"target\":[\"https:\\\/\\\/gruene-wiesbaden.de\\\/gesinebonnet_obkandidatin\\\/\"]}]},{\"@type\":\"ImageObject\",\"inLanguage\":\"nl-NL\",\"@id\":\"https:\\\/\\\/gruene-wiesbaden.de\\\/gesinebonnet_obkandidatin\\\/#primaryimage\",\"url\":\"https:\\\/\\\/gruene-wiesbaden.de\\\/wp-content\\\/uploads\\\/2025\\\/03\\\/Bildschirmfoto-2025-06-16-um-23.06.31.png\",\"contentUrl\":\"https:\\\/\\\/gruene-wiesbaden.de\\\/wp-content\\\/uploads\\\/2025\\\/03\\\/Bildschirmfoto-2025-06-16-um-23.06.31.png\",\"width\":1760,\"height\":1168},{\"@type\":\"BreadcrumbList\",\"@id\":\"https:\\\/\\\/gruene-wiesbaden.de\\\/gesinebonnet_obkandidatin\\\/#breadcrumb\",\"itemListElement\":[{\"@type\":\"ListItem\",\"position\":1,\"name\":\"Startseite\",\"item\":\"https:\\\/\\\/gruene-wiesbaden.de\\\/\"},{\"@type\":\"ListItem\",\"position\":2,\"name\":\"GR\u00dcNE w\u00e4hlen Gesine Bonnet zur Oberb\u00fcrgermeisterkandidatin\"}]},{\"@type\":\"WebSite\",\"@id\":\"https:\\\/\\\/gruene-wiesbaden.de\\\/#website\",\"url\":\"https:\\\/\\\/gruene-wiesbaden.de\\\/\",\"name\":\"DIE GR\u00dcNEN Wiesbaden\",\"description\":\"\",\"publisher\":{\"@id\":\"https:\\\/\\\/gruene-wiesbaden.de\\\/#organization\"},\"potentialAction\":[{\"@type\":\"SearchAction\",\"target\":{\"@type\":\"EntryPoint\",\"urlTemplate\":\"https:\\\/\\\/gruene-wiesbaden.de\\\/?s={search_term_string}\"},\"query-input\":{\"@type\":\"PropertyValueSpecification\",\"valueRequired\":true,\"valueName\":\"search_term_string\"}}],\"inLanguage\":\"nl-NL\"},{\"@type\":\"Organization\",\"@id\":\"https:\\\/\\\/gruene-wiesbaden.de\\\/#organization\",\"name\":\"DIE GR\u00dcNEN Wiesbaden\",\"url\":\"https:\\\/\\\/gruene-wiesbaden.de\\\/\",\"logo\":{\"@type\":\"ImageObject\",\"inLanguage\":\"nl-NL\",\"@id\":\"https:\\\/\\\/gruene-wiesbaden.de\\\/#\\\/schema\\\/logo\\\/image\\\/\",\"url\":\"https:\\\/\\\/gruene-wiesbaden-fuer-europa.de\\\/wp-content\\\/uploads\\\/2024\\\/04\\\/Machen-was-zaehlt-5.png\",\"contentUrl\":\"https:\\\/\\\/gruene-wiesbaden-fuer-europa.de\\\/wp-content\\\/uploads\\\/2024\\\/04\\\/Machen-was-zaehlt-5.png\",\"width\":1772,\"height\":1772,\"caption\":\"DIE GR\u00dcNEN Wiesbaden\"},\"image\":{\"@id\":\"https:\\\/\\\/gruene-wiesbaden.de\\\/#\\\/schema\\\/logo\\\/image\\\/\"},\"sameAs\":[\"https:\\\/\\\/www.facebook.com\\\/gruene.wi\",\"https:\\\/\\\/instagram.com\\\/gruene_wi\"]},{\"@type\":\"Person\",\"@id\":\"https:\\\/\\\/gruene-wiesbaden.de\\\/#\\\/schema\\\/person\\\/6785c34779159cd4fd86886bb097afe9\",\"name\":\"admin\",\"sameAs\":[\"http:\\\/\\\/gruene-wiesbaden-fuer-europa.de\"],\"url\":\"https:\\\/\\\/gruene-wiesbaden.de\\\/nl\\\/author\\\/admin\\\/\"}]}<\/script>\n<!-- \/ Yoast SEO plugin. -->","yoast_head_json":{"title":"GR\u00dcNE w\u00e4hlen Gesine Bonnet zur Oberb\u00fcrgermeisterkandidatin - B\u00dcNDNIS 90\/DIE GR\u00dcNEN Wiesbaden","robots":{"index":"index","follow":"follow","max-snippet":"max-snippet:-1","max-image-preview":"max-image-preview:large","max-video-preview":"max-video-preview:-1"},"canonical":"https:\/\/gruene-wiesbaden.de\/nl\/gesinebonnet_obkandidatin\/","og_locale":"nl_NL","og_type":"article","og_title":"GR\u00dcNE w\u00e4hlen Gesine Bonnet zur Oberb\u00fcrgermeisterkandidatin - B\u00dcNDNIS 90\/DIE GR\u00dcNEN Wiesbaden","og_url":"https:\/\/gruene-wiesbaden.de\/nl\/gesinebonnet_obkandidatin\/","og_site_name":"B\u00dcNDNIS 90\/DIE GR\u00dcNEN Wiesbaden","article_publisher":"https:\/\/www.facebook.com\/gruene.wi","article_published_time":"2024-06-26T12:00:16+00:00","article_modified_time":"2025-06-16T21:08:28+00:00","og_image":[{"width":600,"height":398,"url":"https:\/\/gruene-wiesbaden.de\/wp-content\/uploads\/2025\/03\/Bildschirmfoto-2025-06-16-um-23.06.31-600x398.png","type":"image\/png"}],"author":"admin","twitter_card":"summary_large_image","twitter_misc":{"Geschreven door":"admin","Geschatte leestijd":"2 minutes"},"schema":{"@context":"https:\/\/schema.org","@graph":[{"@type":"Article","@id":"https:\/\/gruene-wiesbaden.de\/gesinebonnet_obkandidatin\/#article","isPartOf":{"@id":"https:\/\/gruene-wiesbaden.de\/gesinebonnet_obkandidatin\/"},"author":{"name":"admin","@id":"https:\/\/gruene-wiesbaden.de\/#\/schema\/person\/6785c34779159cd4fd86886bb097afe9"},"headline":"GR\u00dcNE w\u00e4hlen Gesine Bonnet zur Oberb\u00fcrgermeisterkandidatin","datePublished":"2024-06-26T12:00:16+00:00","dateModified":"2025-06-16T21:08:28+00:00","mainEntityOfPage":{"@id":"https:\/\/gruene-wiesbaden.de\/gesinebonnet_obkandidatin\/"},"wordCount":297,"publisher":{"@id":"https:\/\/gruene-wiesbaden.de\/#organization"},"image":{"@id":"https:\/\/gruene-wiesbaden.de\/gesinebonnet_obkandidatin\/#primaryimage"},"thumbnailUrl":"https:\/\/gruene-wiesbaden.de\/wp-content\/uploads\/2025\/03\/Bildschirmfoto-2025-06-16-um-23.06.31.png","articleSection":["Wahlen"],"inLanguage":"nl-NL"},{"@type":"WebPage","@id":"https:\/\/gruene-wiesbaden.de\/gesinebonnet_obkandidatin\/","url":"https:\/\/gruene-wiesbaden.de\/gesinebonnet_obkandidatin\/","name":"GR\u00dcNE w\u00e4hlen Gesine Bonnet zur Oberb\u00fcrgermeisterkandidatin - B\u00dcNDNIS 90\/DIE GR\u00dcNEN Wiesbaden","isPartOf":{"@id":"https:\/\/gruene-wiesbaden.de\/#website"},"primaryImageOfPage":{"@id":"https:\/\/gruene-wiesbaden.de\/gesinebonnet_obkandidatin\/#primaryimage"},"image":{"@id":"https:\/\/gruene-wiesbaden.de\/gesinebonnet_obkandidatin\/#primaryimage"},"thumbnailUrl":"https:\/\/gruene-wiesbaden.de\/wp-content\/uploads\/2025\/03\/Bildschirmfoto-2025-06-16-um-23.06.31.png","datePublished":"2024-06-26T12:00:16+00:00","dateModified":"2025-06-16T21:08:28+00:00","breadcrumb":{"@id":"https:\/\/gruene-wiesbaden.de\/gesinebonnet_obkandidatin\/#breadcrumb"},"inLanguage":"nl-NL","potentialAction":[{"@type":"ReadAction","target":["https:\/\/gruene-wiesbaden.de\/gesinebonnet_obkandidatin\/"]}]},{"@type":"ImageObject","inLanguage":"nl-NL","@id":"https:\/\/gruene-wiesbaden.de\/gesinebonnet_obkandidatin\/#primaryimage","url":"https:\/\/gruene-wiesbaden.de\/wp-content\/uploads\/2025\/03\/Bildschirmfoto-2025-06-16-um-23.06.31.png","contentUrl":"https:\/\/gruene-wiesbaden.de\/wp-content\/uploads\/2025\/03\/Bildschirmfoto-2025-06-16-um-23.06.31.png","width":1760,"height":1168},{"@type":"BreadcrumbList","@id":"https:\/\/gruene-wiesbaden.de\/gesinebonnet_obkandidatin\/#breadcrumb","itemListElement":[{"@type":"ListItem","position":1,"name":"Startseite","item":"https:\/\/gruene-wiesbaden.de\/"},{"@type":"ListItem","position":2,"name":"GR\u00dcNE w\u00e4hlen Gesine Bonnet zur Oberb\u00fcrgermeisterkandidatin"}]},{"@type":"WebSite","@id":"https:\/\/gruene-wiesbaden.de\/#website","url":"https:\/\/gruene-wiesbaden.de\/","name":"DIE GR\u00dcNEN Wiesbaden","description":"","publisher":{"@id":"https:\/\/gruene-wiesbaden.de\/#organization"},"potentialAction":[{"@type":"SearchAction","target":{"@type":"EntryPoint","urlTemplate":"https:\/\/gruene-wiesbaden.de\/?s={search_term_string}"},"query-input":{"@type":"PropertyValueSpecification","valueRequired":true,"valueName":"search_term_string"}}],"inLanguage":"nl-NL"},{"@type":"Organization","@id":"https:\/\/gruene-wiesbaden.de\/#organization","name":"DIE GR\u00dcNEN Wiesbaden","url":"https:\/\/gruene-wiesbaden.de\/","logo":{"@type":"ImageObject","inLanguage":"nl-NL","@id":"https:\/\/gruene-wiesbaden.de\/#\/schema\/logo\/image\/","url":"https:\/\/gruene-wiesbaden-fuer-europa.de\/wp-content\/uploads\/2024\/04\/Machen-was-zaehlt-5.png","contentUrl":"https:\/\/gruene-wiesbaden-fuer-europa.de\/wp-content\/uploads\/2024\/04\/Machen-was-zaehlt-5.png","width":1772,"height":1772,"caption":"DIE GR\u00dcNEN Wiesbaden"},"image":{"@id":"https:\/\/gruene-wiesbaden.de\/#\/schema\/logo\/image\/"},"sameAs":["https:\/\/www.facebook.com\/gruene.wi","https:\/\/instagram.com\/gruene_wi"]},{"@type":"Person","@id":"https:\/\/gruene-wiesbaden.de\/#\/schema\/person\/6785c34779159cd4fd86886bb097afe9","name":"admin","sameAs":["http:\/\/gruene-wiesbaden-fuer-europa.de"],"url":"https:\/\/gruene-wiesbaden.de\/nl\/author\/admin\/"}]}},"_links":{"self":[{"href":"https:\/\/gruene-wiesbaden.de\/nl\/wp-json\/wp\/v2\/posts\/726","targetHints":{"allow":["GET"]}}],"collection":[{"href":"https:\/\/gruene-wiesbaden.de\/nl\/wp-json\/wp\/v2\/posts"}],"about":[{"href":"https:\/\/gruene-wiesbaden.de\/nl\/wp-json\/wp\/v2\/types\/post"}],"author":[{"embeddable":true,"href":"https:\/\/gruene-wiesbaden.de\/nl\/wp-json\/wp\/v2\/users\/1"}],"replies":[{"embeddable":true,"href":"https:\/\/gruene-wiesbaden.de\/nl\/wp-json\/wp\/v2\/comments?post=726"}],"version-history":[{"count":7,"href":"https:\/\/gruene-wiesbaden.de\/nl\/wp-json\/wp\/v2\/posts\/726\/revisions"}],"predecessor-version":[{"id":935,"href":"https:\/\/gruene-wiesbaden.de\/nl\/wp-json\/wp\/v2\/posts\/726\/revisions\/935"}],"wp:featuredmedia":[{"embeddable":true,"href":"https:\/\/gruene-wiesbaden.de\/nl\/wp-json\/wp\/v2\/media\/934"}],"wp:attachment":[{"href":"https:\/\/gruene-wiesbaden.de\/nl\/wp-json\/wp\/v2\/media?parent=726"}],"wp:term":[{"taxonomy":"category","embeddable":true,"href":"https:\/\/gruene-wiesbaden.de\/nl\/wp-json\/wp\/v2\/categories?post=726"},{"taxonomy":"post_tag","embeddable":true,"href":"https:\/\/gruene-wiesbaden.de\/nl\/wp-json\/wp\/v2\/tags?post=726"}],"curies":[{"name":"wp","href":"https:\/\/api.w.org\/{rel}","templated":true}]}}