{"id":1386,"date":"2025-11-10T00:36:31","date_gmt":"2025-11-09T22:36:31","guid":{"rendered":"https:\/\/gruene-wiesbaden.de\/?p=1386"},"modified":"2026-04-09T00:36:02","modified_gmt":"2026-04-08T22:36:02","slug":"verwaltungsmodernisierung-und-digitalisierung","status":"publish","type":"post","link":"https:\/\/gruene-wiesbaden.de\/nl\/verwaltungsmodernisierung-und-digitalisierung\/","title":{"rendered":"Administratieve modernisering en digitalisering"},"content":{"rendered":"<section class=\"l-section wpb_row height_medium with_img\"><div class=\"l-section-img\" role=\"img\" data-img-width=\"1080\" data-img-height=\"800\" style=\"background-image: url(https:\/\/gruene-wiesbaden.de\/wp-content\/uploads\/2025\/11\/neuer-Verlauf-gruene-wiesbaden.de_-2-e1762709402177.png);\"><\/div><div class=\"l-section-overlay\" style=\"background:var(--color-header-top-transparent-bg)\"><\/div><div class=\"l-section-h i-cf\"><div class=\"g-cols vc_row via_grid cols_1 laptops-cols_inherit tablets-cols_inherit mobiles-cols_1 valign_top type_default stacking_default\"><div class=\"wpb_column vc_column_container\"><div class=\"vc_column-inner\"><h1 class=\"w-post-elm post_title us_custom_a574d586 has_text_color entry-title\">Administratieve modernisering en digitalisering<\/h1><div class=\"w-separator size_medium\"><\/div><div class=\"g-cols wpb_row via_grid cols_2-1 laptops-cols_inherit tablets-cols_inherit mobiles-cols_1 valign_top type_default stacking_default\" style=\"--columns-gap:3rem;\"><div class=\"wpb_column vc_column_container\"><div class=\"vc_column-inner\"><div class=\"wpb_text_column us_custom_8b3d6790 has_text_color\"><div class=\"wpb_wrapper\"><p><span style=\"font-weight: 400;\">Een modern en effici\u00ebnt bestuur is essentieel voor de werking van onze democratie: Het bepaalt beslissend hoe burgers diensten ervaren en hoe in staat onze stad is om te handelen. In tijden van ingrijpende technologische en maatschappelijke veranderingen en demografische veranderingen moet Wiesbaden klaar zijn voor de toekomst. Tegelijkertijd moeten tekorten aan arbeidskrachten en vaardigheden actief worden aangepakt.<\/span><\/p>\n<p><span style=\"font-weight: 400;\">Wij GREEN vertrouwen op de consistente digitalisering van de administratie en de uitbreiding van de dienstverlening aan de burger, altijd volgens ons leidende principe: Het verminderen van bureaucratie heeft voorrang op tijdrovende digitalisering. Diensten moeten onbelemmerd, ongecompliceerd en inclusief zijn. Duurzaamheid in IT, het intelligente gebruik van bestaande data en het gerichte gebruik van digitale tools en AI ontlasten werknemers en cre\u00ebren vrijheid voor de gebieden waar menselijk contact cruciaal is.<\/span><\/p>\n<p><span style=\"font-weight: 400;\">Onze vordering: De digitaliseringsroutekaart snel uitvoeren, processen herzien, structuren moderniseren en burgerdiensten digitaal aanbieden, van bouwaanvragen tot bedrijfsregistraties, voor een administratie die effici\u00ebnt, duurzaam en dicht bij de behoeften van de inwoners van Wiesbaden werkt.<\/span><\/p>\n<\/div><\/div><div class=\"w-separator size_medium\"><\/div><div class=\"w-btn-wrapper align_left\"><a class=\"w-btn us-btn-style_8 icon_atleft\" href=\"https:\/\/gruene-wiesbaden.de\/nl\/kommunalwahl\/#Kapitel3\"><i class=\"fas fa-chevron-circle-right\"><\/i><span class=\"w-btn-label\">Terug naar overzicht<\/span><\/a><\/div><\/div><\/div><div class=\"wpb_column vc_column_container\"><div class=\"vc_column-inner\"><div class=\"w-image align_center\"><div class=\"w-image-h\"><img decoding=\"async\" width=\"2560\" height=\"1513\" src=\"https:\/\/gruene-wiesbaden.de\/wp-content\/uploads\/2025\/11\/3.6-Verwaltungsmodernisierung-und-Digitalisierung-scaled.jpeg\" class=\"attachment-full size-full\" alt=\"\" loading=\"lazy\" srcset=\"https:\/\/gruene-wiesbaden.de\/wp-content\/uploads\/2025\/11\/3.6-Verwaltungsmodernisierung-und-Digitalisierung-scaled.jpeg 2560w, https:\/\/gruene-wiesbaden.de\/wp-content\/uploads\/2025\/11\/3.6-Verwaltungsmodernisierung-und-Digitalisierung-400x236.jpeg 400w, https:\/\/gruene-wiesbaden.de\/wp-content\/uploads\/2025\/11\/3.6-Verwaltungsmodernisierung-und-Digitalisierung-600x355.jpeg 600w\" sizes=\"auto, (max-width: 2560px) 100vw, 2560px\" \/><\/div><\/div><div class=\"w-separator size_small\"><\/div><\/div><\/div><\/div><div class=\"w-separator size_medium\"><\/div><div class=\"w-separator size_medium\"><\/div><div class=\"wpb_text_column\"><div class=\"wpb_wrapper\"><h1>Wat administratieve modernisering en digitalisering voor ons betekenen<\/h1>\n<\/div><\/div><div class=\"w-separator size_large\"><\/div><div class=\"g-cols wpb_row via_grid cols_2 laptops-cols_inherit tablets-cols_inherit mobiles-cols_1 valign_top type_default stacking_default\" style=\"--columns-gap:3rem;\"><div class=\"wpb_column vc_column_container\"><div class=\"vc_column-inner\"><div class=\"w-iconbox us_custom_8b3d6790 has_text_color iconpos_left style_default color_custom align_left\"><div class=\"w-iconbox-icon\" style=\"font-size:2rem;--icon-color:#Ffffff;--icon-bg-color:var(--color-header-middle-bg);\"><i class=\"fas fa-layer-group\"><\/i><\/div><div class=\"w-iconbox-meta\"><h4 class=\"w-iconbox-title\" style=\"font-size:1.5rem;\">Opzetten van een duurzaam bestuur<\/h4><div class=\"w-iconbox-text\"><p><span style=\"font-weight: 400;\">Structuren, processen en technologie\u00ebn worden voortdurend gemoderniseerd. Digitale tools ontzorgen medewerkers en cre\u00ebren vrijheid voor persoonlijk contact. Werknemers moeten goed opgeleid of gekwalificeerd zijn of worden. Dit maakt de administratie ook aantrekkelijk voor junior medewerkers.<\/span><\/p>\n<\/div><\/div><\/div><\/div><\/div><div class=\"wpb_column vc_column_container\"><div class=\"vc_column-inner\"><div class=\"w-iconbox us_custom_8b3d6790 has_text_color iconpos_left style_default color_custom align_left\"><div class=\"w-iconbox-icon\" style=\"font-size:2rem;--icon-color:#Ffffff;--icon-bg-color:var(--color-header-transparent-text);\"><i class=\"fas fa-layer-group\"><\/i><\/div><div class=\"w-iconbox-meta\"><h4 class=\"w-iconbox-title\" style=\"font-size:1.5rem;\">Vermindering van de bureaucratie<\/h4><div class=\"w-iconbox-text\"><p><span style=\"font-weight: 400;\">We vertrouwen op slanke, transparante en begrijpelijke processen die tijd en middelen besparen \u2013 zowel voor burgers, bedrijven als werknemers.<\/span><\/p>\n<\/div><\/div><\/div><\/div><\/div><\/div><div class=\"w-separator size_medium\"><\/div><div class=\"g-cols wpb_row via_grid cols_2 laptops-cols_inherit tablets-cols_inherit mobiles-cols_1 valign_top type_default stacking_default\" style=\"--columns-gap:3rem;\"><div class=\"wpb_column vc_column_container\"><div class=\"vc_column-inner\"><div class=\"w-iconbox us_custom_8b3d6790 has_text_color iconpos_left style_default color_custom align_left\"><div class=\"w-iconbox-icon\" style=\"font-size:2rem;--icon-color:#Ffffff;--icon-bg-color:var(--color-header-middle-bg);\"><i class=\"fas fa-layer-group\"><\/i><\/div><div class=\"w-iconbox-meta\"><h4 class=\"w-iconbox-title\" style=\"font-size:1.5rem;\">Digitale inclusie<\/h4><div class=\"w-iconbox-text\"><p><span style=\"font-weight: 400;\">Digitale diensten moeten onbelemmerd zijn en voor iedereen toegankelijk zijn, ongeacht leeftijd, taal of eerdere ervaring, zodat niemand van aanbiedingen wordt uitgesloten.<\/span><\/p>\n<\/div><\/div><\/div><\/div><\/div><div class=\"wpb_column vc_column_container\"><div class=\"vc_column-inner\"><div class=\"w-iconbox us_custom_8b3d6790 has_text_color iconpos_left style_default color_custom align_left\"><div class=\"w-iconbox-icon\" style=\"font-size:2rem;--icon-color:#Ffffff;--icon-bg-color:var(--color-header-transparent-text);\"><i class=\"fas fa-layer-group\"><\/i><\/div><div class=\"w-iconbox-meta\"><h4 class=\"w-iconbox-title\" style=\"font-size:1.5rem;\">Digitalisering, maar duurzaam<\/h4><div class=\"w-iconbox-text\"><p><span style=\"font-weight: 400;\">IT moet ecologisch verantwoord zijn: Energie-effici\u00ebnte systemen, eerlijke inkoop en hulpbronnenbesparende digitale oplossingen combineren innovatie met klimaatbescherming.<\/span><\/p>\n<\/div><\/div><\/div><\/div><\/div><\/div><div class=\"w-separator size_medium\"><\/div><div class=\"w-btn-wrapper align_left\"><a class=\"w-btn us-btn-style_8 icon_atleft\" href=\"https:\/\/gruene-wiesbaden.de\/nl\/kommunalwahl\/#Kapitel3\"><i class=\"fas fa-chevron-circle-right\"><\/i><span class=\"w-btn-label\">Terug naar overzicht<\/span><\/a><\/div><div class=\"w-separator size_medium\"><\/div><\/div><\/div><\/div><\/div><\/section><section class=\"l-section wpb_row height_auto with_img\"><div class=\"l-section-img\" role=\"img\" data-img-width=\"2560\" data-img-height=\"1513\" style=\"background-image: url(https:\/\/gruene-wiesbaden.de\/wp-content\/uploads\/2025\/11\/3.6-Verwaltungsmodernisierung-und-Digitalisierung-scaled.jpeg);background-repeat: no-repeat;\"><\/div><div class=\"l-section-overlay\" style=\"background:var(--color-header-top-transparent-bg)\"><\/div><div class=\"l-section-h i-cf\"><div class=\"g-cols vc_row via_grid cols_1 laptops-cols_inherit tablets-cols_inherit mobiles-cols_1 valign_middle type_default stacking_default\" style=\"--columns-gap:1rem;\"><div class=\"wpb_column vc_column_container\"><div class=\"vc_column-inner\"><div class=\"w-separator size_large\"><\/div><div class=\"wpb_text_column background_inside_text\"><div class=\"wpb_wrapper\"><h1>Wat we specifiek op dit gebied willen doen<\/h1>\n<\/div><\/div><div class=\"w-separator size_medium\"><\/div><div class=\"w-tabs us_custom_42d693a0 has_text_color style_default switch_click accordion has_scrolling\" style=\"--sections-title-size:1.4rem\"><div class=\"w-tabs-sections titles-align_none icon_chevron cpos_right\"><div class=\"w-tabs-section has_text_color\" id=\"i210\" style=\"background:var(--color-header-transparent-text);color:var(--color-header-top-text-hover);\"><button class=\"w-tabs-section-header\" aria-controls=\"content-i210\" aria-expanded=\"false\"><div class=\"w-tabs-section-title\">Opzetten van nieuw werk<\/div><div class=\"w-tabs-section-control\"><\/div><\/button><div  class=\"w-tabs-section-content\" id=\"content-i210\"><div class=\"w-tabs-section-content-h i-cf\"><div class=\"wpb_text_column\"><div class=\"wpb_wrapper\"><p><span style=\"font-weight: 400;\">We willen Nieuw Werk verder promoten in het stadsbestuur en zo moderne en flexibele manieren van werken neerzetten. Daarnaast wordt gewerkt aan een dienstenovereenkomst over nieuwe vormen van werk en het delen van bureaus. Het cre\u00ebert het organisatorische kader voor mobiel werken, het delen van bureaus en digitale samenwerking dat in de toekomst in de hele stad zal worden ge\u00efntroduceerd. Stap voor stap cre\u00ebert dit een administratie die up-to-date, burgergericht en aantrekkelijk is als werkgever.<\/span><\/p>\n<\/div><\/div><\/div><\/div><\/div><div class=\"w-tabs-section has_text_color\" id=\"p33f\" style=\"background:var(--color-header-transparent-text);color:var(--color-header-top-text-hover);\"><button class=\"w-tabs-section-header\" aria-controls=\"content-p33f\" aria-expanded=\"false\"><div class=\"w-tabs-section-title\">E-dossier<\/div><div class=\"w-tabs-section-control\"><\/div><\/button><div  class=\"w-tabs-section-content\" id=\"content-p33f\"><div class=\"w-tabs-section-content-h i-cf\"><div class=\"wpb_text_column\"><div class=\"wpb_wrapper\"><p><span style=\"font-weight: 400;\">Het e-bestand moderniseert de administratie: Het versnelt processen, bespaart papier, maakt locatieonafhankelijke toegang mogelijk en zorgt voor transparante processen. Het e-bestand is de basis voor mobiel werken. Wij ondersteunen de administratie met op maat gemaakte e-file producten en versnellen zo de transitie naar digitale processen.<\/span><\/p>\n<\/div><\/div><\/div><\/div><\/div><div class=\"w-tabs-section has_text_color\" id=\"a467\" style=\"background:var(--color-header-transparent-text);color:var(--color-header-top-text-hover);\"><button class=\"w-tabs-section-header\" aria-controls=\"content-a467\" aria-expanded=\"false\"><div class=\"w-tabs-section-title\">Versterking van digitaal leiderschap<\/div><div class=\"w-tabs-section-control\"><\/div><\/button><div  class=\"w-tabs-section-content\" id=\"content-a467\"><div class=\"w-tabs-section-content-h i-cf\"><div class=\"wpb_text_column\"><div class=\"wpb_wrapper\"><p><span style=\"font-weight: 400;\">Digitale transformatie vereist een nieuw begrip van leiderschap: Genetwerkt werken, agile methoden en het vermogen om verandering actief vorm te geven. We zijn toegewijd aan gerichte training, digitale trainingsformaten en permanente training om leidinggevenden geschikt te maken voor de vereisten van een moderne administratie. Dit omvat een cultuur die medewerkers motiveert, innovatie bevordert en het stadsbestuur toekomstbestendig maakt. Daarom zetten we ons in voor digitale kwalificatieprogramma's voor leidinggevenden. Trainingen over agile methoden en genetwerkt werk maken de administratie geschikt voor digitale transformatie en vormen een motiverende, toekomstgerichte managementcultuur.<\/span><\/p>\n<\/div><\/div><\/div><\/div><\/div><div class=\"w-tabs-section has_text_color\" id=\"u5b1\" style=\"background:var(--color-header-middle-bg);color:var(--color-content-heading);\"><button class=\"w-tabs-section-header\" aria-controls=\"content-u5b1\" aria-expanded=\"false\"><div class=\"w-tabs-section-title\">Vermindering van de bureaucratie<\/div><div class=\"w-tabs-section-control\"><\/div><\/button><div  class=\"w-tabs-section-content\" id=\"content-u5b1\"><div class=\"w-tabs-section-content-h i-cf\"><div class=\"wpb_text_column\"><div class=\"wpb_wrapper\"><p><span style=\"font-weight: 400;\">We willen de bureaucratie in Wiesbaden consequent verminderen met behulp van digitale oplossingen. In de toekomst zullen administratieve processen gestandaardiseerd, geautomatiseerd en grotendeels papierloos zijn. Digitale formulieren, online afspraken en ongevraagde procedures besparen burgers en bedrijven tijd en verminderen frustratie. Tegelijkertijd verhoogt dit de effici\u00ebntie van de administratie en cre\u00ebert het ruimte voor echte service in plaats van papierwerk. Dit cre\u00ebert een moderne, servicegerichte administratie die mensen bedient en middelen verstandig gebruikt.<\/span><\/p>\n<\/div><\/div><\/div><\/div><\/div><div class=\"w-tabs-section has_text_color\" id=\"k6d0\" style=\"background:var(--color-header-transparent-text);color:var(--color-header-top-text-hover);\"><button class=\"w-tabs-section-header\" aria-controls=\"content-k6d0\" aria-expanded=\"false\"><div class=\"w-tabs-section-title\">Gebruik AI verstandig<\/div><div class=\"w-tabs-section-control\"><\/div><\/button><div  class=\"w-tabs-section-content\" id=\"content-k6d0\"><div class=\"w-tabs-section-content-h i-cf\"><div class=\"wpb_text_column\"><div class=\"wpb_wrapper\"><p><span style=\"font-weight: 400;\">We willen het gebruik van AI consequent laten testen en zijn vastbesloten ervoor te zorgen dat AI alleen wordt gebruikt waar het een duidelijke toegevoegde waarde cre\u00ebert. Het doel is een moderne administratie die effici\u00ebnt werkt, medewerkers ondersteunt en de dienstverlening aan bewoners van Wiesbaden verbetert. Dit gebeurt ook altijd met betrekking tot gegevensbescherming en transparantie.<\/span><\/p>\n<\/div><\/div><\/div><\/div><\/div><div class=\"w-tabs-section has_text_color\" id=\"o7e9\" style=\"background:var(--color-header-middle-bg);color:var(--color-header-middle-text);\"><button class=\"w-tabs-section-header\" aria-controls=\"content-o7e9\" aria-expanded=\"false\"><div class=\"w-tabs-section-title\">Barri\u00e8revrij beheer<\/div><div class=\"w-tabs-section-control\"><\/div><\/button><div  class=\"w-tabs-section-content\" id=\"content-o7e9\"><div class=\"w-tabs-section-content-h i-cf\"><div class=\"wpb_text_column\"><div class=\"wpb_wrapper\"><p><span style=\"font-weight: 400;\">De digitale administratiediensten van Wiesbaden moeten zo worden ontwikkeld dat ze voor iedereen toegankelijk zijn \u2013 gebruiksvriendelijk, meertalig en onbelemmerd. Formulieren en diensten worden vereenvoudigd, er wordt beter rekening gehouden met mobiele apparaten en hulpaanbiedingen worden ge\u00efntegreerd. Hiermee cre\u00ebren we een administratie die niemand uitsluit en alle burgers in staat stelt snel en gemakkelijk online met hun zorgen om te gaan.<\/span><\/p>\n<\/div><\/div><\/div><\/div><\/div><div class=\"w-tabs-section has_text_color\" id=\"k905\" style=\"background:var(--color-header-transparent-text);color:var(--color-header-top-text-hover);\"><button class=\"w-tabs-section-header\" aria-controls=\"content-k905\" aria-expanded=\"false\"><div class=\"w-tabs-section-title\">Aansluiting van de administratie op de 115<\/div><div class=\"w-tabs-section-control\"><\/div><\/button><div  class=\"w-tabs-section-content\" id=\"content-k905\"><div class=\"w-tabs-section-content-h i-cf\"><div class=\"wpb_text_column\"><div class=\"wpb_wrapper\"><p><span style=\"font-weight: 400;\">We willen het bestuur van Wiesbaden verbinden met het Duitse gezagsnummer 115. Burgers en bedrijven hebben bijvoorbeeld een bevoegd contactpunt voor alle overheidskwesties, van afvalverwijdering tot voertuigregistratie. Dit vergemakkelijkt de toegang, vermindert de bureaucratie en versterkt de dienstverlening aan de burger.<\/span><\/p>\n<\/div><\/div><\/div><\/div><\/div><div class=\"w-tabs-section has_text_color\" id=\"qa4b\" style=\"background:var(--color-header-transparent-text);color:var(--color-header-top-text-hover);\"><button class=\"w-tabs-section-header\" aria-controls=\"content-qa4b\" aria-expanded=\"false\"><div class=\"w-tabs-section-title\">De digitale genderkloof dichten<\/div><div class=\"w-tabs-section-control\"><\/div><\/button><div  class=\"w-tabs-section-content\" id=\"content-qa4b\"><div class=\"w-tabs-section-content-h i-cf\"><div class=\"wpb_text_column\"><div class=\"wpb_wrapper\"><p><span style=\"font-weight: 400;\">Uit het onderzoek naar de digitale genderkloof blijkt: Vrouwen maken vaak minder zelfverzekerd gebruik van digitale diensten, waardoor het voor hen moeilijk is om toegang te krijgen tot online burgerdiensten zoals applicaties, afspraakboekingen of digitale informatie.<\/span><\/p>\n<p><span style=\"font-weight: 400;\">We richten ons specifiek op het versterken van de participatie van vrouwen in IT en administratie, het bevorderen van vrouwelijke rolmodellen en de uitbreiding van netwerken, en het ondersteunen van programma's die gelijke kansen verbeteren en de genderkloof in Wiesbaden zichtbaar verkleinen.<\/span><\/p>\n<\/div><\/div><\/div><\/div><\/div><div class=\"w-tabs-section has_text_color\" id=\"hb66\" style=\"background:var(--color-header-transparent-text);color:var(--color-header-top-text-hover);\"><button class=\"w-tabs-section-header\" aria-controls=\"content-hb66\" aria-expanded=\"false\"><div class=\"w-tabs-section-title\">Duurzame IT<\/div><div class=\"w-tabs-section-control\"><\/div><\/button><div  class=\"w-tabs-section-content\" id=\"content-hb66\"><div class=\"w-tabs-section-content-h i-cf\"><div class=\"wpb_text_column\"><div class=\"wpb_wrapper\"><p><span style=\"font-weight: 400;\">We positioneren de IT-inkoop- en IT-activiteiten van Wiesbaden consequent op een duurzame manier: Van eerlijke inkoop tot het gebruik van refurbished devices, tot datacenters die volledig met hernieuwbare energie werken. Zo combineren we digitale innovatie met ecologische verantwoordelijkheid.<\/span><\/p>\n<\/div><\/div><\/div><\/div><\/div><div class=\"w-tabs-section has_text_color\" id=\"wc83\" style=\"background:var(--color-header-transparent-text);color:var(--color-header-top-text-hover);\"><button class=\"w-tabs-section-header\" aria-controls=\"content-wc83\" aria-expanded=\"false\"><div class=\"w-tabs-section-title\">Oprichting van de Innovatieraad Wiesbaden<\/div><div class=\"w-tabs-section-control\"><\/div><\/button><div  class=\"w-tabs-section-content\" id=\"content-wc83\"><div class=\"w-tabs-section-content-h i-cf\"><div class=\"wpb_text_column\"><div class=\"wpb_wrapper\"><p><span style=\"font-weight: 400;\">GR\u00dcNE zet zich in voor de oprichting van een Innovatieraad in Wiesbaden, die de inwoners van bestuur, politiek, bedrijfsleven, wetenschap en Wiesbaden permanent samenbrengt. Het doel is om digitale ontwikkelingen actief vorm te geven, kennis te bundelen en praktische oplossingen voor de stad te ontwikkelen. De Innovatieraad moet regelmatig bijeenkomen, de huidige uitdagingen aangaan en proefprojecten opstarten \u2013 van slimme mobiliteit tot digitale participatie en administratieve modernisering. Deze voortdurende uitwisseling cre\u00ebert transparantie, vertrouwen en een cultuur van samenwerking. Wiesbaden positioneert zich daarmee als een pioniersstad die niet alleen digitalisering implementeert, maar ook samen vormgeeft.<\/span><\/p>\n<\/div><\/div><\/div><\/div><\/div><\/div><\/div><div class=\"w-separator size_medium\"><\/div><div class=\"w-btn-wrapper align_left\"><a class=\"w-btn us-btn-style_8 icon_atleft\" href=\"https:\/\/gruene-wiesbaden.de\/nl\/kommunalwahl\/#Kapitel3\"><i class=\"fas fa-chevron-circle-right\"><\/i><span class=\"w-btn-label\">Terug naar overzicht<\/span><\/a><\/div><div class=\"w-separator size_large\"><\/div><div class=\"wpb_text_column\"><div class=\"wpb_wrapper\"><h1>Wat we al hebben bereikt<\/h1>\n<\/div><\/div><div class=\"w-separator size_medium\"><\/div><div class=\"w-tabs us_custom_42d693a0 has_text_color style_default switch_click accordion has_scrolling\" style=\"--sections-title-size:1.4rem\"><div class=\"w-tabs-sections titles-align_none icon_chevron cpos_right\"><div class=\"w-tabs-section has_text_color\" id=\"q177\" style=\"background:var(--color-header-transparent-text);color:var(--color-header-top-text-hover);\"><button class=\"w-tabs-section-header\" aria-controls=\"content-q177\" aria-expanded=\"false\"><div class=\"w-tabs-section-title\">Digitale mission statement voor het stadsbestuur<\/div><div class=\"w-tabs-section-control\"><\/div><\/button><div  class=\"w-tabs-section-content\" id=\"content-q177\"><div class=\"w-tabs-section-content-h i-cf\"><div class=\"wpb_text_column\"><div class=\"wpb_wrapper\"><p><span style=\"font-weight: 400;\">Met zijn digitale missie heeft Wiesbaden duidelijke principes ontwikkeld voor het beheer van de toekomst. Het definieert normen voor digitale diensten, interne processen en het gebruik van nieuwe technologie\u00ebn om een moderne, burgervriendelijke en effici\u00ebnte administratie te waarborgen.<\/span><\/p>\n<\/div><\/div><\/div><\/div><\/div><div class=\"w-tabs-section has_text_color\" id=\"d292\" style=\"background:var(--color-header-transparent-text);color:var(--color-header-top-text-hover);\"><button class=\"w-tabs-section-header\" aria-controls=\"content-d292\" aria-expanded=\"false\"><div class=\"w-tabs-section-title\">Centrale digitalisering Stadsstrategie<\/div><div class=\"w-tabs-section-control\"><\/div><\/button><div  class=\"w-tabs-section-content\" id=\"content-d292\"><div class=\"w-tabs-section-content-h i-cf\"><div class=\"wpb_text_column\"><div class=\"wpb_wrapper\"><p><span style=\"font-weight: 400;\">De centrale digitalisering van de stadsstrategie zorgt ervoor dat alle digitale projecten van de stad op een duurzame manier worden geco\u00f6rdineerd en uitgevoerd. Met de jaarlijkse update worden doelen en maatregelen regelmatig aangepast zodat Wiesbaden digitaal vooruit blijft gaan.<\/span><\/p>\n<\/div><\/div><\/div><\/div><\/div><div class=\"w-tabs-section has_text_color\" id=\"k3ac\" style=\"background:var(--color-header-transparent-text);color:var(--color-header-top-text-hover);\"><button class=\"w-tabs-section-header\" aria-controls=\"content-k3ac\" aria-expanded=\"false\"><div class=\"w-tabs-section-title\">Administratieve transformatie is aan de gang<\/div><div class=\"w-tabs-section-control\"><\/div><\/button><div  class=\"w-tabs-section-content\" id=\"content-k3ac\"><div class=\"w-tabs-section-content-h i-cf\"><div class=\"wpb_text_column\"><div class=\"wpb_wrapper\"><p><span style=\"font-weight: 400;\">De stad Wiesbaden moderniseert haar bestuur fundamenteel. Administratieve transformatie betekent: Processen worden vereenvoudigd, beslissingen worden sneller genomen en digitale tools worden doelgericht ingezet. Tegelijkertijd verandert de werkcultuur \u2013 van starre hi\u00ebrarchie\u00ebn naar meer samenwerking. Voor burgers betekent dit: Zorgen worden sneller aangepakt, informatie is toegankelijker en de administratie als geheel wordt begrijpelijker en dichter bij de burgers gebracht.<\/span><\/p>\n<\/div><\/div><\/div><\/div><\/div><div class=\"w-tabs-section has_text_color\" id=\"b4d4\" style=\"background:var(--color-header-middle-bg);color:var(--color-content-heading);\"><button class=\"w-tabs-section-header\" aria-controls=\"content-b4d4\" aria-expanded=\"false\"><div class=\"w-tabs-section-title\">Innovatief jobmanagement<\/div><div class=\"w-tabs-section-control\"><\/div><\/button><div  class=\"w-tabs-section-content\" id=\"content-b4d4\"><div class=\"w-tabs-section-content-h i-cf\"><div class=\"wpb_text_column\"><div class=\"wpb_wrapper\"><p><span style=\"font-weight: 400;\">Om in de toekomst effici\u00ebnt te blijven, vertrouwt de stad Wiesbaden op innovatief jobmanagement. Hierachter zit een modernere vorm van personeelsplanning: Open posities worden flexibeler ingevuld, soms worden posities ook gebundeld voor projecten en kunnen applicaties digitaal worden verwerkt. Hierdoor reageert de administratie beter op het tekort aan geschoolde arbeidskrachten en zorgt zij ervoor dat belangrijke taken - van kinderopvang tot bouwautoriteiten - betrouwbaar worden uitgevoerd.<\/span><\/p>\n<\/div><\/div><\/div><\/div><\/div><div class=\"w-tabs-section has_text_color\" id=\"q5eb\" style=\"background:var(--color-header-transparent-text);color:var(--color-header-top-text-hover);\"><button class=\"w-tabs-section-header\" aria-controls=\"content-q5eb\" aria-expanded=\"false\"><div class=\"w-tabs-section-title\">Wintra - Inner-city intranet<\/div><div class=\"w-tabs-section-control\"><\/div><\/button><div  class=\"w-tabs-section-content\" id=\"content-q5eb\"><div class=\"w-tabs-section-content-h i-cf\"><div class=\"wpb_text_column\"><div class=\"wpb_wrapper\"><p><span style=\"font-weight: 400;\">Met Wintra is een centraal intranet binnen de stad opgezet voor alle medewerkers in de stad. Het bundelt informatie, digitale diensten en administratieve processen op \u00e9\u00e9n plek en faciliteert interne communicatie en samenwerking binnen de administratie.<\/span><\/p>\n<\/div><\/div><\/div><\/div><\/div><div class=\"w-tabs-section has_text_color\" id=\"x702\" style=\"background:var(--color-header-transparent-text);color:var(--color-header-top-text-hover);\"><button class=\"w-tabs-section-header\" aria-controls=\"content-x702\" aria-expanded=\"false\"><div class=\"w-tabs-section-title\">Nieuw werk - Digitale kamerboeking<\/div><div class=\"w-tabs-section-control\"><\/div><\/button><div  class=\"w-tabs-section-content\" id=\"content-x702\"><div class=\"w-tabs-section-content-h i-cf\"><div class=\"wpb_text_column\"><div class=\"wpb_wrapper\"><p><span style=\"font-weight: 400;\">De introductie van digitale ruimteboekingssystemen als onderdeel van New Work maakt het gebruik van stedelijke werkplekken effici\u00ebnter. Medewerkers kunnen werkplekken en vergaderzalen flexibel reserveren, wat moderne, flexibele vormen van werk in de administratie mogelijk maakt.<\/span><\/p>\n<\/div><\/div><\/div><\/div><\/div><div class=\"w-tabs-section has_text_color\" id=\"b81e\" style=\"background:var(--color-header-transparent-text);color:var(--color-header-top-text-hover);\"><button class=\"w-tabs-section-header\" aria-controls=\"content-b81e\" aria-expanded=\"false\"><div class=\"w-tabs-section-title\">Digitale tweeling<\/div><div class=\"w-tabs-section-control\"><\/div><\/button><div  class=\"w-tabs-section-content\" id=\"content-b81e\"><div class=\"w-tabs-section-content-h i-cf\"><div class=\"wpb_text_column\"><div class=\"wpb_wrapper\"><p><span style=\"font-weight: 400;\">De creatie van een digitale tweeling cre\u00ebert een virtueel beeld van Wiesbaden \u2013 een gedetailleerde 2D- en 3D-weergave van de stad, aangevuld met actuele gegevens over gebouwen, vervoer, milieu en infrastructuur. Dit digitale model maakt het mogelijk om ontwikkelingen te simuleren en zichtbare scenario's te maken die moeilijk te ervaren zijn in de echte wereld. Op deze manier kunnen stadsplanning, klimaatbescherming en mobiliteit specifiek worden ondersteund: Zo kunnen bijvoorbeeld de effecten van nieuwbouwprojecten, zonwering door gebouwen, overstromings- of warmtebelastingen en verkeersstromen vooraf worden onderzocht. De digitale tweeling maakt complexe verbindingen transparant en begrijpelijk voor bestuur, politiek en burgers \u2013 en cre\u00ebert zo een solide basis voor duurzame beslissingen.<\/span><\/p>\n<\/div><\/div><\/div><\/div><\/div><div class=\"w-tabs-section has_text_color\" id=\"g93b\" style=\"background:var(--color-header-transparent-text);color:var(--color-header-top-text-hover);\"><button class=\"w-tabs-section-header\" aria-controls=\"content-g93b\" aria-expanded=\"false\"><div class=\"w-tabs-section-title\">Groene IT<\/div><div class=\"w-tabs-section-control\"><\/div><\/button><div  class=\"w-tabs-section-content\" id=\"content-g93b\"><div class=\"w-tabs-section-content-h i-cf\"><div class=\"wpb_text_column\"><div class=\"wpb_wrapper\"><p><span style=\"font-weight: 400;\">Het datacenter van de gemeentelijke dienstverlener WiTCOM wordt nu volledig aangedreven door natuurlijke elektriciteit. Hiermee hebben we een belangrijke stap gezet in de richting van klimaatvriendelijke digitalisering.<\/span><\/p>\n<\/div><\/div><\/div><\/div><\/div><div class=\"w-tabs-section has_text_color\" id=\"va57\" style=\"background:var(--color-header-transparent-text);color:var(--color-header-top-text-hover);\"><button class=\"w-tabs-section-header\" aria-controls=\"content-va57\" aria-expanded=\"false\"><div class=\"w-tabs-section-title\">Digitalisering van het bouwbeheer<\/div><div class=\"w-tabs-section-control\"><\/div><\/button><div  class=\"w-tabs-section-content\" id=\"content-va57\"><div class=\"w-tabs-section-content-h i-cf\"><div class=\"wpb_text_column\"><div class=\"wpb_wrapper\"><p><span style=\"font-weight: 400;\">Wiesbaden maakt bouwprocessen sneller, transparanter en digitaal toegankelijk. Architecten en bouwers kunnen bouwaanvragen en aanvragen voor bouwvergunningen en monumentenbescherming volledig online indienen. Met de hybride bouwaanvraag sinds 2023 is de digitale indiening van documenten als pdf mogelijk \u2013 papieren kopie\u00ebn zijn slechts eenmaal nodig. Tegelijkertijd stelt digitale bestandstoegang bouwers in staat om bouwbestanden online te bekijken en de vereiste documenten rechtstreeks te uploaden. Dit maakt goedkeuringsprocessen veel effici\u00ebnter en handiger voor alle betrokkenen.<\/span><\/p>\n<\/div><\/div><\/div><\/div><\/div><div class=\"w-tabs-section has_text_color\" id=\"ab72\" style=\"background:var(--color-header-transparent-text);color:var(--color-header-top-text-hover);\"><button class=\"w-tabs-section-header\" aria-controls=\"content-ab72\" aria-expanded=\"false\"><div class=\"w-tabs-section-title\">Digitale diensten voor bedrijven<\/div><div class=\"w-tabs-section-control\"><\/div><\/button><div  class=\"w-tabs-section-content\" id=\"content-ab72\"><div class=\"w-tabs-section-content-h i-cf\"><div class=\"wpb_text_column\"><div class=\"wpb_wrapper\"><p><span style=\"font-weight: 400;\">Wiesbaden ondersteunt bedrijven actief bij hun digitale transformatie. De Wiesbaden 2030 Crafts Agenda promoot specifiek ambachtelijke bedrijven door de uitbreiding van glasvezelinfrastructuur en de ontwikkeling van innovatieve smart city-oplossingen. Bovendien zal het bedrijfsaccount vanaf 2025 centrale digitale toegang tot stedelijke diensten introduceren, waardoor bedrijven directe, gemakkelijke toegang tot alle relevante diensten krijgen.<\/span><\/p>\n<\/div><\/div><\/div><\/div><\/div><\/div><\/div><div class=\"w-separator size_medium\"><\/div><div class=\"w-btn-wrapper align_left\"><a class=\"w-btn us-btn-style_8 icon_atleft\" href=\"https:\/\/gruene-wiesbaden.de\/nl\/kommunalwahl\/#Kapitel3\"><i class=\"fas fa-chevron-circle-right\"><\/i><span class=\"w-btn-label\">Terug naar overzicht<\/span><\/a><\/div><div class=\"w-separator size_large\"><\/div><\/div><\/div><\/div><\/div><\/section>","protected":false},"excerpt":{"rendered":"Modern en effici\u00ebnt bestuur is essentieel voor de werking van onze democratie: Het bepaalt beslissend hoe burgers diensten ervaren en hoe in staat onze stad is om te handelen. In tijden van ingrijpende technologische en maatschappelijke veranderingen en demografische veranderingen moet Wiesbaden klaar zijn voor de toekomst. Tegelijkertijd moeten tekorten aan arbeidskrachten en vaardigheden actief worden aangepakt.","protected":false},"author":1,"featured_media":1568,"comment_status":"closed","ping_status":"closed","sticky":false,"template":"","format":"standard","meta":{"footnotes":""},"categories":[16],"tags":[],"class_list":["post-1386","post","type-post","status-publish","format-standard","has-post-thumbnail","hentry","category-kapitel-3"],"yoast_head":"<!-- This site is optimized with the Yoast SEO plugin v27.5 - https:\/\/yoast.com\/product\/yoast-seo-wordpress\/ -->\n<title>Verwaltungsmodernisierung und Digitalisierung - B\u00dcNDNIS 90\/DIE GR\u00dcNEN Wiesbaden<\/title>\n<meta name=\"robots\" content=\"index, follow, max-snippet:-1, max-image-preview:large, max-video-preview:-1\" \/>\n<link rel=\"canonical\" href=\"https:\/\/gruene-wiesbaden.de\/nl\/verwaltungsmodernisierung-und-digitalisierung\/\" \/>\n<meta property=\"og:locale\" content=\"nl_NL\" \/>\n<meta property=\"og:type\" content=\"article\" \/>\n<meta property=\"og:title\" content=\"Verwaltungsmodernisierung und Digitalisierung - B\u00dcNDNIS 90\/DIE GR\u00dcNEN Wiesbaden\" \/>\n<meta property=\"og:url\" content=\"https:\/\/gruene-wiesbaden.de\/nl\/verwaltungsmodernisierung-und-digitalisierung\/\" \/>\n<meta property=\"og:site_name\" content=\"B\u00dcNDNIS 90\/DIE GR\u00dcNEN Wiesbaden\" \/>\n<meta property=\"article:publisher\" content=\"https:\/\/www.facebook.com\/gruene.wi\" \/>\n<meta property=\"article:published_time\" content=\"2025-11-09T22:36:31+00:00\" \/>\n<meta property=\"article:modified_time\" content=\"2026-04-08T22:36:02+00:00\" \/>\n<meta property=\"og:image\" content=\"https:\/\/gruene-wiesbaden.de\/wp-content\/uploads\/2025\/11\/3.6-Verwaltungsmodernisierung-und-Digitalisierung-scaled.jpeg\" \/>\n\t<meta property=\"og:image:width\" content=\"2560\" \/>\n\t<meta property=\"og:image:height\" content=\"1513\" \/>\n\t<meta property=\"og:image:type\" content=\"image\/jpeg\" \/>\n<meta name=\"author\" content=\"admin\" \/>\n<meta name=\"twitter:card\" content=\"summary_large_image\" \/>\n<meta name=\"twitter:label1\" content=\"Geschreven door\" \/>\n\t<meta name=\"twitter:data1\" content=\"admin\" \/>\n\t<meta name=\"twitter:label2\" content=\"Geschatte leestijd\" \/>\n\t<meta name=\"twitter:data2\" content=\"10 minutes\" \/>\n<script type=\"application\/ld+json\" class=\"yoast-schema-graph\">{\"@context\":\"https:\\\/\\\/schema.org\",\"@graph\":[{\"@type\":\"Article\",\"@id\":\"https:\\\/\\\/gruene-wiesbaden.de\\\/verwaltungsmodernisierung-und-digitalisierung\\\/#article\",\"isPartOf\":{\"@id\":\"https:\\\/\\\/gruene-wiesbaden.de\\\/verwaltungsmodernisierung-und-digitalisierung\\\/\"},\"author\":{\"name\":\"admin\",\"@id\":\"https:\\\/\\\/gruene-wiesbaden.de\\\/#\\\/schema\\\/person\\\/6785c34779159cd4fd86886bb097afe9\"},\"headline\":\"Verwaltungsmodernisierung und Digitalisierung\",\"datePublished\":\"2025-11-09T22:36:31+00:00\",\"dateModified\":\"2026-04-08T22:36:02+00:00\",\"mainEntityOfPage\":{\"@id\":\"https:\\\/\\\/gruene-wiesbaden.de\\\/verwaltungsmodernisierung-und-digitalisierung\\\/\"},\"wordCount\":2776,\"publisher\":{\"@id\":\"https:\\\/\\\/gruene-wiesbaden.de\\\/#organization\"},\"image\":{\"@id\":\"https:\\\/\\\/gruene-wiesbaden.de\\\/verwaltungsmodernisierung-und-digitalisierung\\\/#primaryimage\"},\"thumbnailUrl\":\"https:\\\/\\\/gruene-wiesbaden.de\\\/wp-content\\\/uploads\\\/2025\\\/11\\\/3.6-Verwaltungsmodernisierung-und-Digitalisierung-scaled.jpeg\",\"articleSection\":[\"Kapitel 3\"],\"inLanguage\":\"nl-NL\"},{\"@type\":\"WebPage\",\"@id\":\"https:\\\/\\\/gruene-wiesbaden.de\\\/verwaltungsmodernisierung-und-digitalisierung\\\/\",\"url\":\"https:\\\/\\\/gruene-wiesbaden.de\\\/verwaltungsmodernisierung-und-digitalisierung\\\/\",\"name\":\"Verwaltungsmodernisierung und Digitalisierung - B\u00dcNDNIS 90\\\/DIE GR\u00dcNEN Wiesbaden\",\"isPartOf\":{\"@id\":\"https:\\\/\\\/gruene-wiesbaden.de\\\/#website\"},\"primaryImageOfPage\":{\"@id\":\"https:\\\/\\\/gruene-wiesbaden.de\\\/verwaltungsmodernisierung-und-digitalisierung\\\/#primaryimage\"},\"image\":{\"@id\":\"https:\\\/\\\/gruene-wiesbaden.de\\\/verwaltungsmodernisierung-und-digitalisierung\\\/#primaryimage\"},\"thumbnailUrl\":\"https:\\\/\\\/gruene-wiesbaden.de\\\/wp-content\\\/uploads\\\/2025\\\/11\\\/3.6-Verwaltungsmodernisierung-und-Digitalisierung-scaled.jpeg\",\"datePublished\":\"2025-11-09T22:36:31+00:00\",\"dateModified\":\"2026-04-08T22:36:02+00:00\",\"breadcrumb\":{\"@id\":\"https:\\\/\\\/gruene-wiesbaden.de\\\/verwaltungsmodernisierung-und-digitalisierung\\\/#breadcrumb\"},\"inLanguage\":\"nl-NL\",\"potentialAction\":[{\"@type\":\"ReadAction\",\"target\":[\"https:\\\/\\\/gruene-wiesbaden.de\\\/verwaltungsmodernisierung-und-digitalisierung\\\/\"]}]},{\"@type\":\"ImageObject\",\"inLanguage\":\"nl-NL\",\"@id\":\"https:\\\/\\\/gruene-wiesbaden.de\\\/verwaltungsmodernisierung-und-digitalisierung\\\/#primaryimage\",\"url\":\"https:\\\/\\\/gruene-wiesbaden.de\\\/wp-content\\\/uploads\\\/2025\\\/11\\\/3.6-Verwaltungsmodernisierung-und-Digitalisierung-scaled.jpeg\",\"contentUrl\":\"https:\\\/\\\/gruene-wiesbaden.de\\\/wp-content\\\/uploads\\\/2025\\\/11\\\/3.6-Verwaltungsmodernisierung-und-Digitalisierung-scaled.jpeg\",\"width\":2560,\"height\":1513,\"caption\":\"Hand touching secure access service edge icon on smartphone virtual screen background, password, network, framework and support technology in office. secure access service edge concept.\"},{\"@type\":\"BreadcrumbList\",\"@id\":\"https:\\\/\\\/gruene-wiesbaden.de\\\/verwaltungsmodernisierung-und-digitalisierung\\\/#breadcrumb\",\"itemListElement\":[{\"@type\":\"ListItem\",\"position\":1,\"name\":\"Startseite\",\"item\":\"https:\\\/\\\/gruene-wiesbaden.de\\\/\"},{\"@type\":\"ListItem\",\"position\":2,\"name\":\"Verwaltungsmodernisierung und Digitalisierung\"}]},{\"@type\":\"WebSite\",\"@id\":\"https:\\\/\\\/gruene-wiesbaden.de\\\/#website\",\"url\":\"https:\\\/\\\/gruene-wiesbaden.de\\\/\",\"name\":\"DIE GR\u00dcNEN Wiesbaden\",\"description\":\"\",\"publisher\":{\"@id\":\"https:\\\/\\\/gruene-wiesbaden.de\\\/#organization\"},\"potentialAction\":[{\"@type\":\"SearchAction\",\"target\":{\"@type\":\"EntryPoint\",\"urlTemplate\":\"https:\\\/\\\/gruene-wiesbaden.de\\\/?s={search_term_string}\"},\"query-input\":{\"@type\":\"PropertyValueSpecification\",\"valueRequired\":true,\"valueName\":\"search_term_string\"}}],\"inLanguage\":\"nl-NL\"},{\"@type\":\"Organization\",\"@id\":\"https:\\\/\\\/gruene-wiesbaden.de\\\/#organization\",\"name\":\"DIE GR\u00dcNEN Wiesbaden\",\"url\":\"https:\\\/\\\/gruene-wiesbaden.de\\\/\",\"logo\":{\"@type\":\"ImageObject\",\"inLanguage\":\"nl-NL\",\"@id\":\"https:\\\/\\\/gruene-wiesbaden.de\\\/#\\\/schema\\\/logo\\\/image\\\/\",\"url\":\"https:\\\/\\\/gruene-wiesbaden-fuer-europa.de\\\/wp-content\\\/uploads\\\/2024\\\/04\\\/Machen-was-zaehlt-5.png\",\"contentUrl\":\"https:\\\/\\\/gruene-wiesbaden-fuer-europa.de\\\/wp-content\\\/uploads\\\/2024\\\/04\\\/Machen-was-zaehlt-5.png\",\"width\":1772,\"height\":1772,\"caption\":\"DIE GR\u00dcNEN Wiesbaden\"},\"image\":{\"@id\":\"https:\\\/\\\/gruene-wiesbaden.de\\\/#\\\/schema\\\/logo\\\/image\\\/\"},\"sameAs\":[\"https:\\\/\\\/www.facebook.com\\\/gruene.wi\",\"https:\\\/\\\/instagram.com\\\/gruene_wi\"]},{\"@type\":\"Person\",\"@id\":\"https:\\\/\\\/gruene-wiesbaden.de\\\/#\\\/schema\\\/person\\\/6785c34779159cd4fd86886bb097afe9\",\"name\":\"admin\",\"sameAs\":[\"http:\\\/\\\/gruene-wiesbaden-fuer-europa.de\"],\"url\":\"https:\\\/\\\/gruene-wiesbaden.de\\\/nl\\\/author\\\/admin\\\/\"}]}<\/script>\n<!-- \/ Yoast SEO plugin. -->","yoast_head_json":{"title":"Verwaltungsmodernisierung und Digitalisierung - B\u00dcNDNIS 90\/DIE GR\u00dcNEN Wiesbaden","robots":{"index":"index","follow":"follow","max-snippet":"max-snippet:-1","max-image-preview":"max-image-preview:large","max-video-preview":"max-video-preview:-1"},"canonical":"https:\/\/gruene-wiesbaden.de\/nl\/verwaltungsmodernisierung-und-digitalisierung\/","og_locale":"nl_NL","og_type":"article","og_title":"Verwaltungsmodernisierung und Digitalisierung - B\u00dcNDNIS 90\/DIE GR\u00dcNEN Wiesbaden","og_url":"https:\/\/gruene-wiesbaden.de\/nl\/verwaltungsmodernisierung-und-digitalisierung\/","og_site_name":"B\u00dcNDNIS 90\/DIE GR\u00dcNEN Wiesbaden","article_publisher":"https:\/\/www.facebook.com\/gruene.wi","article_published_time":"2025-11-09T22:36:31+00:00","article_modified_time":"2026-04-08T22:36:02+00:00","og_image":[{"width":2560,"height":1513,"url":"https:\/\/gruene-wiesbaden.de\/wp-content\/uploads\/2025\/11\/3.6-Verwaltungsmodernisierung-und-Digitalisierung-scaled.jpeg","type":"image\/jpeg"}],"author":"admin","twitter_card":"summary_large_image","twitter_misc":{"Geschreven door":"admin","Geschatte leestijd":"10 minutes"},"schema":{"@context":"https:\/\/schema.org","@graph":[{"@type":"Article","@id":"https:\/\/gruene-wiesbaden.de\/verwaltungsmodernisierung-und-digitalisierung\/#article","isPartOf":{"@id":"https:\/\/gruene-wiesbaden.de\/verwaltungsmodernisierung-und-digitalisierung\/"},"author":{"name":"admin","@id":"https:\/\/gruene-wiesbaden.de\/#\/schema\/person\/6785c34779159cd4fd86886bb097afe9"},"headline":"Verwaltungsmodernisierung und Digitalisierung","datePublished":"2025-11-09T22:36:31+00:00","dateModified":"2026-04-08T22:36:02+00:00","mainEntityOfPage":{"@id":"https:\/\/gruene-wiesbaden.de\/verwaltungsmodernisierung-und-digitalisierung\/"},"wordCount":2776,"publisher":{"@id":"https:\/\/gruene-wiesbaden.de\/#organization"},"image":{"@id":"https:\/\/gruene-wiesbaden.de\/verwaltungsmodernisierung-und-digitalisierung\/#primaryimage"},"thumbnailUrl":"https:\/\/gruene-wiesbaden.de\/wp-content\/uploads\/2025\/11\/3.6-Verwaltungsmodernisierung-und-Digitalisierung-scaled.jpeg","articleSection":["Kapitel 3"],"inLanguage":"nl-NL"},{"@type":"WebPage","@id":"https:\/\/gruene-wiesbaden.de\/verwaltungsmodernisierung-und-digitalisierung\/","url":"https:\/\/gruene-wiesbaden.de\/verwaltungsmodernisierung-und-digitalisierung\/","name":"Verwaltungsmodernisierung und Digitalisierung - B\u00dcNDNIS 90\/DIE GR\u00dcNEN Wiesbaden","isPartOf":{"@id":"https:\/\/gruene-wiesbaden.de\/#website"},"primaryImageOfPage":{"@id":"https:\/\/gruene-wiesbaden.de\/verwaltungsmodernisierung-und-digitalisierung\/#primaryimage"},"image":{"@id":"https:\/\/gruene-wiesbaden.de\/verwaltungsmodernisierung-und-digitalisierung\/#primaryimage"},"thumbnailUrl":"https:\/\/gruene-wiesbaden.de\/wp-content\/uploads\/2025\/11\/3.6-Verwaltungsmodernisierung-und-Digitalisierung-scaled.jpeg","datePublished":"2025-11-09T22:36:31+00:00","dateModified":"2026-04-08T22:36:02+00:00","breadcrumb":{"@id":"https:\/\/gruene-wiesbaden.de\/verwaltungsmodernisierung-und-digitalisierung\/#breadcrumb"},"inLanguage":"nl-NL","potentialAction":[{"@type":"ReadAction","target":["https:\/\/gruene-wiesbaden.de\/verwaltungsmodernisierung-und-digitalisierung\/"]}]},{"@type":"ImageObject","inLanguage":"nl-NL","@id":"https:\/\/gruene-wiesbaden.de\/verwaltungsmodernisierung-und-digitalisierung\/#primaryimage","url":"https:\/\/gruene-wiesbaden.de\/wp-content\/uploads\/2025\/11\/3.6-Verwaltungsmodernisierung-und-Digitalisierung-scaled.jpeg","contentUrl":"https:\/\/gruene-wiesbaden.de\/wp-content\/uploads\/2025\/11\/3.6-Verwaltungsmodernisierung-und-Digitalisierung-scaled.jpeg","width":2560,"height":1513,"caption":"Hand touching secure access service edge icon on smartphone virtual screen background, password, network, framework and support technology in office. secure access service edge concept."},{"@type":"BreadcrumbList","@id":"https:\/\/gruene-wiesbaden.de\/verwaltungsmodernisierung-und-digitalisierung\/#breadcrumb","itemListElement":[{"@type":"ListItem","position":1,"name":"Startseite","item":"https:\/\/gruene-wiesbaden.de\/"},{"@type":"ListItem","position":2,"name":"Verwaltungsmodernisierung und Digitalisierung"}]},{"@type":"WebSite","@id":"https:\/\/gruene-wiesbaden.de\/#website","url":"https:\/\/gruene-wiesbaden.de\/","name":"DIE GR\u00dcNEN Wiesbaden","description":"","publisher":{"@id":"https:\/\/gruene-wiesbaden.de\/#organization"},"potentialAction":[{"@type":"SearchAction","target":{"@type":"EntryPoint","urlTemplate":"https:\/\/gruene-wiesbaden.de\/?s={search_term_string}"},"query-input":{"@type":"PropertyValueSpecification","valueRequired":true,"valueName":"search_term_string"}}],"inLanguage":"nl-NL"},{"@type":"Organization","@id":"https:\/\/gruene-wiesbaden.de\/#organization","name":"DIE GR\u00dcNEN Wiesbaden","url":"https:\/\/gruene-wiesbaden.de\/","logo":{"@type":"ImageObject","inLanguage":"nl-NL","@id":"https:\/\/gruene-wiesbaden.de\/#\/schema\/logo\/image\/","url":"https:\/\/gruene-wiesbaden-fuer-europa.de\/wp-content\/uploads\/2024\/04\/Machen-was-zaehlt-5.png","contentUrl":"https:\/\/gruene-wiesbaden-fuer-europa.de\/wp-content\/uploads\/2024\/04\/Machen-was-zaehlt-5.png","width":1772,"height":1772,"caption":"DIE GR\u00dcNEN Wiesbaden"},"image":{"@id":"https:\/\/gruene-wiesbaden.de\/#\/schema\/logo\/image\/"},"sameAs":["https:\/\/www.facebook.com\/gruene.wi","https:\/\/instagram.com\/gruene_wi"]},{"@type":"Person","@id":"https:\/\/gruene-wiesbaden.de\/#\/schema\/person\/6785c34779159cd4fd86886bb097afe9","name":"admin","sameAs":["http:\/\/gruene-wiesbaden-fuer-europa.de"],"url":"https:\/\/gruene-wiesbaden.de\/nl\/author\/admin\/"}]}},"_links":{"self":[{"href":"https:\/\/gruene-wiesbaden.de\/nl\/wp-json\/wp\/v2\/posts\/1386","targetHints":{"allow":["GET"]}}],"collection":[{"href":"https:\/\/gruene-wiesbaden.de\/nl\/wp-json\/wp\/v2\/posts"}],"about":[{"href":"https:\/\/gruene-wiesbaden.de\/nl\/wp-json\/wp\/v2\/types\/post"}],"author":[{"embeddable":true,"href":"https:\/\/gruene-wiesbaden.de\/nl\/wp-json\/wp\/v2\/users\/1"}],"replies":[{"embeddable":true,"href":"https:\/\/gruene-wiesbaden.de\/nl\/wp-json\/wp\/v2\/comments?post=1386"}],"version-history":[{"count":7,"href":"https:\/\/gruene-wiesbaden.de\/nl\/wp-json\/wp\/v2\/posts\/1386\/revisions"}],"predecessor-version":[{"id":2384,"href":"https:\/\/gruene-wiesbaden.de\/nl\/wp-json\/wp\/v2\/posts\/1386\/revisions\/2384"}],"wp:featuredmedia":[{"embeddable":true,"href":"https:\/\/gruene-wiesbaden.de\/nl\/wp-json\/wp\/v2\/media\/1568"}],"wp:attachment":[{"href":"https:\/\/gruene-wiesbaden.de\/nl\/wp-json\/wp\/v2\/media?parent=1386"}],"wp:term":[{"taxonomy":"category","embeddable":true,"href":"https:\/\/gruene-wiesbaden.de\/nl\/wp-json\/wp\/v2\/categories?post=1386"},{"taxonomy":"post_tag","embeddable":true,"href":"https:\/\/gruene-wiesbaden.de\/nl\/wp-json\/wp\/v2\/tags?post=1386"}],"curies":[{"name":"wp","href":"https:\/\/api.w.org\/{rel}","templated":true}]}}