{"id":1353,"date":"2025-11-10T00:11:46","date_gmt":"2025-11-09T22:11:46","guid":{"rendered":"https:\/\/gruene-wiesbaden.de\/?p=1353"},"modified":"2026-04-09T10:29:24","modified_gmt":"2026-04-09T08:29:24","slug":"inklusion-und-barrierefreiheit","status":"publish","type":"post","link":"https:\/\/gruene-wiesbaden.de\/nl\/inklusion-und-barrierefreiheit\/","title":{"rendered":"Inclusie en toegankelijkheid"},"content":{"rendered":"<section class=\"l-section wpb_row height_medium with_img\"><div class=\"l-section-img\" role=\"img\" data-img-width=\"1080\" data-img-height=\"800\" style=\"background-image: url(https:\/\/gruene-wiesbaden.de\/wp-content\/uploads\/2025\/11\/neuer-Verlauf-gruene-wiesbaden.de_-2-e1762709402177.png);\"><\/div><div class=\"l-section-overlay\" style=\"background:var(--color-header-top-transparent-bg)\"><\/div><div class=\"l-section-h i-cf\"><div class=\"g-cols vc_row via_grid cols_1 laptops-cols_inherit tablets-cols_inherit mobiles-cols_1 valign_top type_default stacking_default\"><div class=\"wpb_column vc_column_container\"><div class=\"vc_column-inner\"><h1 class=\"w-post-elm post_title us_custom_a574d586 has_text_color entry-title\">Inclusie en toegankelijkheid<\/h1><div class=\"w-separator size_medium\"><\/div><div class=\"g-cols wpb_row via_grid cols_2-1 laptops-cols_inherit tablets-cols_inherit mobiles-cols_1 valign_top type_default stacking_default\" style=\"--columns-gap:3rem;\"><div class=\"wpb_column vc_column_container\"><div class=\"vc_column-inner\"><div class=\"wpb_text_column us_custom_8b3d6790 has_text_color\"><div class=\"wpb_wrapper\"><p><span style=\"font-weight: 400;\">Mensen met een handicap staan centraal in onze samenleving. Toegankelijkheid is een mensenrecht en een voorwaarde voor echte participatie. In Wiesbaden willen we fysieke en mentale barri\u00e8res doorbreken \u2013 in de openbare ruimte en in de hoofden van mensen. Alleen als alle mensen op voet van gelijkheid kunnen deelnemen aan het sociale leven, zal een op solidariteit gebaseerde stedelijke samenleving ontstaan. Inclusie betekent voor ons niet integratie in bestaande structuren, maar hun transformatie voor iedereen. Toegankelijkheid komt niet alleen mensen met een handicap ten goede, maar maakt het leven ook gemakkelijker en comfortabeler voor iedereen.<\/span><\/p>\n<\/div><\/div><div class=\"w-separator size_medium\"><\/div><div class=\"w-btn-wrapper align_left\"><a class=\"w-btn us-btn-style_8 icon_atleft\" href=\"https:\/\/gruene-wiesbaden.de\/nl\/kommunalwahl\/#Kapitel2\"><i class=\"fas fa-chevron-circle-right\"><\/i><span class=\"w-btn-label\">Terug naar overzicht<\/span><\/a><\/div><\/div><\/div><div class=\"wpb_column vc_column_container\"><div class=\"vc_column-inner\"><div class=\"w-image align_center\"><div class=\"w-image-h\"><img decoding=\"async\" width=\"2560\" height=\"1435\" src=\"https:\/\/gruene-wiesbaden.de\/wp-content\/uploads\/2025\/11\/2.3-Inklusion-und-Barrierefreiheit-scaled.jpeg\" class=\"attachment-full size-full\" alt=\"\" loading=\"lazy\" srcset=\"https:\/\/gruene-wiesbaden.de\/wp-content\/uploads\/2025\/11\/2.3-Inklusion-und-Barrierefreiheit-scaled.jpeg 2560w, https:\/\/gruene-wiesbaden.de\/wp-content\/uploads\/2025\/11\/2.3-Inklusion-und-Barrierefreiheit-400x224.jpeg 400w, https:\/\/gruene-wiesbaden.de\/wp-content\/uploads\/2025\/11\/2.3-Inklusion-und-Barrierefreiheit-600x336.jpeg 600w\" sizes=\"auto, (max-width: 2560px) 100vw, 2560px\" \/><\/div><\/div><div class=\"w-separator size_small\"><\/div><\/div><\/div><\/div><div class=\"w-separator size_medium\"><\/div><div class=\"w-separator size_medium\"><\/div><div class=\"wpb_text_column us_custom_29deb344 has_text_color\"><div class=\"wpb_wrapper\"><h1>Wat inclusie en toegankelijkheid voor ons betekenen<\/h1>\n<\/div><\/div><div class=\"w-separator size_large\"><\/div><div class=\"g-cols wpb_row via_grid cols_3 laptops-cols_inherit tablets-cols_inherit mobiles-cols_1 valign_top type_default stacking_default\" style=\"--columns-gap:3rem;\"><div class=\"wpb_column vc_column_container\"><div class=\"vc_column-inner\"><div class=\"w-iconbox us_custom_8b3d6790 has_text_color iconpos_left style_default color_custom align_left\"><div class=\"w-iconbox-icon\" style=\"font-size:2rem;--icon-color:#Ffffff;--icon-bg-color:var(--color-header-middle-bg);\"><i class=\"fas fa-layer-group\"><\/i><\/div><div class=\"w-iconbox-meta\"><h4 class=\"w-iconbox-title\" style=\"font-size:1.5rem;\">Politieke participatie<\/h4><div class=\"w-iconbox-text\"><p><span style=\"font-weight: 400;\">Niets over ons zonder ons \u2013 mensen met een handicap, als experts in hun leven, moeten een rol spelen bij het vormgeven van alle beslissingen.<\/span><\/p>\n<\/div><\/div><\/div><\/div><\/div><div class=\"wpb_column vc_column_container\"><div class=\"vc_column-inner\"><div class=\"w-iconbox us_custom_8b3d6790 has_text_color iconpos_left style_default color_custom align_left\"><div class=\"w-iconbox-icon\" style=\"font-size:2rem;--icon-color:#Ffffff;--icon-bg-color:var(--color-header-transparent-text);\"><i class=\"fas fa-layer-group\"><\/i><\/div><div class=\"w-iconbox-meta\"><h4 class=\"w-iconbox-title\" style=\"font-size:1.5rem;\">Barri\u00e8revrije stedelijke ruimte<\/h4><div class=\"w-iconbox-text\"><p><span style=\"font-weight: 400;\">Openbare ruimten, gebouwen en transportroutes moeten volledig bruikbaar en voor iedereen toegankelijk zijn.<\/span><\/p>\n<\/div><\/div><\/div><\/div><\/div><div class=\"wpb_column vc_column_container\"><div class=\"vc_column-inner\"><div class=\"w-iconbox us_custom_8b3d6790 has_text_color iconpos_left style_default color_custom align_left\"><div class=\"w-iconbox-icon\" style=\"font-size:2rem;--icon-color:#Ffffff;--icon-bg-color:var(--color-header-transparent-text);\"><i class=\"fas fa-layer-group\"><\/i><\/div><div class=\"w-iconbox-meta\"><h4 class=\"w-iconbox-title\" style=\"font-size:1.5rem;\">Digitale inclusie<\/h4><div class=\"w-iconbox-text\"><p><span style=\"font-weight: 400;\">Moderne technologie\u00ebn zijn bedoeld om barri\u00e8res weg te nemen, niet om nieuwe te cre\u00ebren \u2013 van apps tot stadsbestuur.<\/span><\/p>\n<\/div><\/div><\/div><\/div><\/div><\/div><div class=\"w-separator size_medium\"><\/div><div class=\"g-cols wpb_row via_grid cols_3 laptops-cols_inherit tablets-cols_inherit mobiles-cols_1 valign_top type_default stacking_default\" style=\"--columns-gap:3rem;\"><div class=\"wpb_column vc_column_container\"><div class=\"vc_column-inner\"><div class=\"w-iconbox us_custom_8b3d6790 has_text_color iconpos_left style_default color_custom align_left\"><div class=\"w-iconbox-icon\" style=\"font-size:2rem;--icon-color:#Ffffff;--icon-bg-color:var(--color-header-middle-bg);\"><i class=\"fas fa-layer-group\"><\/i><\/div><div class=\"w-iconbox-meta\"><h4 class=\"w-iconbox-title\" style=\"font-size:1.5rem;\">Inclusie op de arbeidsmarkt<\/h4><div class=\"w-iconbox-text\"><p><span style=\"font-weight: 400;\">Eenieder heeft recht op eerlijke werkgelegenheid \u2013 een handicap mag geen uitsluitingscriterium zijn.<\/span><\/p>\n<\/div><\/div><\/div><\/div><\/div><div class=\"wpb_column vc_column_container\"><div class=\"vc_column-inner\"><div class=\"w-iconbox us_custom_8b3d6790 has_text_color iconpos_left style_default color_custom align_left\"><div class=\"w-iconbox-icon\" style=\"font-size:2rem;--icon-color:#Ffffff;--icon-bg-color:var(--color-header-transparent-text);\"><i class=\"fas fa-layer-group\"><\/i><\/div><div class=\"w-iconbox-meta\"><h4 class=\"w-iconbox-title\" style=\"font-size:1.5rem;\">Inclusief onderwijs<\/h4><div class=\"w-iconbox-text\"><p><span style=\"font-weight: 400;\">Alle kinderen leren samen, ongeacht hun individuele behoeften en behoeften.<\/span><\/p>\n<\/div><\/div><\/div><\/div><\/div><div class=\"wpb_column vc_column_container\"><div class=\"vc_column-inner\"><\/div><\/div><\/div><div class=\"w-separator size_medium\"><\/div><div class=\"w-btn-wrapper align_left\"><a class=\"w-btn us-btn-style_8 icon_atleft\" href=\"https:\/\/gruene-wiesbaden.de\/nl\/kommunalwahl\/#Kapitel2\"><i class=\"fas fa-chevron-circle-right\"><\/i><span class=\"w-btn-label\">Terug naar overzicht<\/span><\/a><\/div><div class=\"w-separator size_medium\"><\/div><\/div><\/div><\/div><\/div><\/section><section class=\"l-section wpb_row height_auto with_img\"><div class=\"l-section-img\" role=\"img\" data-img-width=\"2560\" data-img-height=\"1435\" style=\"background-image: url(https:\/\/gruene-wiesbaden.de\/wp-content\/uploads\/2025\/11\/2.3-Inklusion-und-Barrierefreiheit-scaled.jpeg);background-repeat: no-repeat;\"><\/div><div class=\"l-section-overlay\" style=\"background:var(--color-header-top-transparent-bg)\"><\/div><div class=\"l-section-h i-cf\"><div class=\"g-cols vc_row via_grid cols_1 laptops-cols_inherit tablets-cols_inherit mobiles-cols_1 valign_middle type_default stacking_default\" style=\"--columns-gap:1rem;\"><div class=\"wpb_column vc_column_container\"><div class=\"vc_column-inner\"><div class=\"w-separator size_large\"><\/div><div class=\"wpb_text_column background_inside_text\"><div class=\"wpb_wrapper\"><h1>Wat we specifiek op dit gebied willen doen<\/h1>\n<\/div><\/div><div class=\"w-separator size_medium\"><\/div><div class=\"w-tabs us_custom_42d693a0 has_text_color style_default switch_click accordion has_scrolling\" style=\"--sections-title-size:1.4rem\"><div class=\"w-tabs-sections titles-align_none icon_chevron cpos_right\"><div class=\"w-tabs-section has_text_color\" id=\"t825\" style=\"background:var(--color-header-transparent-text);color:var(--color-header-top-text-hover);\"><button class=\"w-tabs-section-header\" aria-controls=\"content-t825\" aria-expanded=\"false\"><div class=\"w-tabs-section-title\">Opstellen van een actieplan voor inclusie<\/div><div class=\"w-tabs-section-control\"><\/div><\/button><div  class=\"w-tabs-section-content\" id=\"content-t825\"><div class=\"w-tabs-section-content-h i-cf\"><div class=\"wpb_text_column\"><div class=\"wpb_wrapper\"><p><span style=\"font-weight: 400;\">We maken voor Wiesbaden een systematisch inclusieactieplan dat alle gebieden van het leven bestrijkt en meetbare doelen definieert. Participatie van mensen met een handicap is essentieel.<\/span><\/p>\n<\/div><\/div><\/div><\/div><\/div><div class=\"w-tabs-section has_text_color\" id=\"r970\" style=\"background:var(--color-header-transparent-text);color:var(--color-header-top-text-hover);\"><button class=\"w-tabs-section-header\" aria-controls=\"content-r970\" aria-expanded=\"false\"><div class=\"w-tabs-section-title\">Verbetering van de participatie van personen met een handicap<\/div><div class=\"w-tabs-section-control\"><\/div><\/button><div  class=\"w-tabs-section-content\" id=\"content-r970\"><div class=\"w-tabs-section-content-h i-cf\"><div class=\"wpb_text_column\"><div class=\"wpb_wrapper\"><p><span style=\"font-weight: 400;\">Via de werkgroep van de Wiesbaden Disabled Organisations en de Disabled Interest Group betrekken we mensen met een handicap in een vroeg stadium bij sociale ruimteplanning en stedenbouwkundige projecten om hun expertise direct bruikbaar te maken.<\/span><\/p>\n<\/div><\/div><\/div><\/div><\/div><div class=\"w-tabs-section has_text_color\" id=\"ta89\" style=\"background:var(--color-header-transparent-text);color:var(--color-header-top-text-hover);\"><button class=\"w-tabs-section-header\" aria-controls=\"content-ta89\" aria-expanded=\"false\"><div class=\"w-tabs-section-title\">Maak administratie barri\u00e8revrij<\/div><div class=\"w-tabs-section-control\"><\/div><\/button><div  class=\"w-tabs-section-content\" id=\"content-ta89\"><div class=\"w-tabs-section-content-h i-cf\"><div class=\"wpb_text_column\"><div class=\"wpb_wrapper\"><p><span style=\"font-weight: 400;\">Digitale aanbiedingen en publicaties moeten voor iedereen toegankelijk zijn, ongeacht leeftijd, taal of beperkingen. Burgergerichte taal, duidelijke structuren en het ontbreken van afkortingen zorgen voor transparantie, begrijpelijkheid en echte participatie.<\/span><\/p>\n<\/div><\/div><\/div><\/div><\/div><div class=\"w-tabs-section has_text_color\" id=\"ab9f\" style=\"background:var(--color-header-middle-bg);color:var(--color-content-heading);\"><button class=\"w-tabs-section-header\" aria-controls=\"content-ab9f\" aria-expanded=\"false\"><div class=\"w-tabs-section-title\">Volledig barri\u00e8revrije bus- en treinimplementatie<\/div><div class=\"w-tabs-section-control\"><\/div><\/button><div  class=\"w-tabs-section-content\" id=\"content-ab9f\"><div class=\"w-tabs-section-content-h i-cf\"><div class=\"wpb_text_column\"><div class=\"wpb_wrapper\"><p><span style=\"font-weight: 400;\">Barri\u00e8revrije haltes, voertuigen en tarieven bieden alle personen onbeperkte mobiliteit in overeenstemming met de bepalingen van de Wet op het personenvervoer in het lokale vervoersplan.<\/span><\/p>\n<\/div><\/div><\/div><\/div><\/div><div class=\"w-tabs-section has_text_color\" id=\"ecff\" style=\"background:var(--color-header-transparent-text);color:var(--color-header-top-text-hover);\"><button class=\"w-tabs-section-header\" aria-controls=\"content-ecff\" aria-expanded=\"false\"><div class=\"w-tabs-section-title\">Bekijk pooloplossingen voor participatieve hulp<\/div><div class=\"w-tabs-section-control\"><\/div><\/button><div  class=\"w-tabs-section-content\" id=\"content-ecff\"><div class=\"w-tabs-section-content-h i-cf\"><div class=\"wpb_text_column\"><div class=\"wpb_wrapper\"><p><span style=\"font-weight: 400;\">We willen nieuwe wegen inslaan om te voldoen aan de vereisten van de federale participatiewet, zelfs in tijden van tekort aan geschoolde werknemers en beperkte financi\u00eble middelen. Als het gaat om participatiehulp op scholen, willen we pooloplossingen laten testen. Hierdoor kan worden afgezien van complexe toepassingen en diagnostische procedures voor elk individueel kind, terwijl kinderen die ondersteuning nodig hebben zonder recht op participatieve bijstand ook profiteren.<\/span><\/p>\n<\/div><\/div><\/div><\/div><\/div><div class=\"w-tabs-section has_text_color\" id=\"te34\" style=\"background:var(--color-header-middle-bg);color:var(--color-header-middle-text);\"><button class=\"w-tabs-section-header\" aria-controls=\"content-te34\" aria-expanded=\"false\"><div class=\"w-tabs-section-title\">Speeltuinen uitbreiden inbegrepen<\/div><div class=\"w-tabs-section-control\"><\/div><\/button><div  class=\"w-tabs-section-content\" id=\"content-te34\"><div class=\"w-tabs-section-content-h i-cf\"><div class=\"wpb_text_column\"><div class=\"wpb_wrapper\"><p><span style=\"font-weight: 400;\">We willen speeltoestellen op openbare speelplaatsen zo ontwerpen dat kinderen met en zonder handicap samen kunnen spelen.<\/span><\/p>\n<\/div><\/div><\/div><\/div><\/div><div class=\"w-tabs-section has_text_color\" id=\"pfc3\" style=\"background:var(--color-header-transparent-text);color:var(--color-header-top-text-hover);\"><button class=\"w-tabs-section-header\" aria-controls=\"content-pfc3\" aria-expanded=\"false\"><div class=\"w-tabs-section-title\">Inclusief personeelsbeleid vaststellen<\/div><div class=\"w-tabs-section-control\"><\/div><\/button><div  class=\"w-tabs-section-content\" id=\"content-pfc3\"><div class=\"w-tabs-section-content-h i-cf\"><div class=\"wpb_text_column\"><div class=\"wpb_wrapper\"><p><span style=\"font-weight: 400;\">Het stadsbestuur wordt een rolmodel in de werkgelegenheid van mensen met een handicap, door middel van de juiste werkplek ontwerp en ondersteunende structuren.<\/span><\/p>\n<\/div><\/div><\/div><\/div><\/div><\/div><\/div><div class=\"w-separator size_medium\"><\/div><div class=\"w-btn-wrapper align_left\"><a class=\"w-btn us-btn-style_8 icon_atleft\" href=\"https:\/\/gruene-wiesbaden.de\/nl\/kommunalwahl\/#Kapitel2\"><i class=\"fas fa-chevron-circle-right\"><\/i><span class=\"w-btn-label\">Terug naar overzicht<\/span><\/a><\/div><div class=\"w-separator size_large\"><\/div><div class=\"wpb_text_column\"><div class=\"wpb_wrapper\"><h1>Wat we al hebben bereikt<\/h1>\n<\/div><\/div><div class=\"w-separator size_medium\"><\/div><div class=\"w-tabs us_custom_42d693a0 has_text_color style_default switch_click accordion has_scrolling\" style=\"--sections-title-size:1.4rem\"><div class=\"w-tabs-sections titles-align_none icon_chevron cpos_right\"><div class=\"w-tabs-section has_text_color\" id=\"w207\" style=\"background:var(--color-header-transparent-text);color:var(--color-header-top-text-hover);\"><button class=\"w-tabs-section-header\" aria-controls=\"content-w207\" aria-expanded=\"false\"><div class=\"w-tabs-section-title\">Nieuwe website van de stad Wiesbaden<\/div><div class=\"w-tabs-section-control\"><\/div><\/button><div  class=\"w-tabs-section-content\" id=\"content-w207\"><div class=\"w-tabs-section-content-h i-cf\"><div class=\"wpb_text_column\"><div class=\"wpb_wrapper\"><p><span style=\"font-weight: 400;\">De stad Wiesbaden heeft haar website gemoderniseerd om de toegang tot informatie en diensten te vergemakkelijken. De site is barri\u00e8revrij en biedt inhoud in 12 talen. Daarnaast zal inhoud in eenvoudige taal en Duitse gebarentaal worden aangeboden om de toegankelijkheid verder te vergroten.<\/span><\/p>\n<\/div><\/div><\/div><\/div><\/div><div class=\"w-tabs-section has_text_color\" id=\"o33a\" style=\"background:var(--color-header-transparent-text);color:var(--color-header-top-text-hover);\"><button class=\"w-tabs-section-header\" aria-controls=\"content-o33a\" aria-expanded=\"false\"><div class=\"w-tabs-section-title\">Introductie van de Kids Fox kinderkamer app<\/div><div class=\"w-tabs-section-control\"><\/div><\/button><div  class=\"w-tabs-section-content\" id=\"content-o33a\"><div class=\"w-tabs-section-content-h i-cf\"><div class=\"wpb_text_column\"><div class=\"wpb_wrapper\"><p><span style=\"font-weight: 400;\">Sinds 2025 is de Kids Fox-app ge\u00efntroduceerd in alle 42 stedelijke kinderdagverblijven. Dit ondersteunt ouders en kinderdagverblijven bij communicatie en organisatie. De applicatie biedt een automatische vertaalfunctie in 27 talen. Dit maakt het ook makkelijker voor doven om te communiceren zonder tolk.<\/span><\/p>\n<\/div><\/div><\/div><\/div><\/div><div class=\"w-tabs-section has_text_color\" id=\"l4b6\" style=\"background:var(--color-header-transparent-text);color:var(--color-header-top-text-hover);\"><button class=\"w-tabs-section-header\" aria-controls=\"content-l4b6\" aria-expanded=\"false\"><div class=\"w-tabs-section-title\">Barri\u00e8revrije stadsplattegrond en tactiele stadsmodellen<\/div><div class=\"w-tabs-section-control\"><\/div><\/button><div  class=\"w-tabs-section-content\" id=\"content-l4b6\"><div class=\"w-tabs-section-content-h i-cf\"><div class=\"wpb_text_column\"><div class=\"wpb_wrapper\"><p><span style=\"font-weight: 400;\">In nauwe samenwerking met het stadsbestuur, de gemeentelijke inclusiemedewerkers en de werkgroep inclusie en toegankelijkheid hebben we voor Wiesbaden een nieuw binnenstadsplan ontwikkeld. Dit plan biedt gedetailleerde informatie over barri\u00e8revrije paden, bushaltes, invalidenparkeerplaatsen, rolstoeltoegankelijke toiletvoorzieningen, barri\u00e8revrij dineren, hotels met barri\u00e8revrije kamers en openbaar toegankelijke, barri\u00e8revrije toiletten. Daarnaast zijn bezienswaardigheden, culturele voorzieningen en toeristische bestemmingen duidelijk gemarkeerd. De barri\u00e8revrije stadskaart is ook online toegankelijk en biedt waardevolle begeleiding voor iedereen die afhankelijk is van barri\u00e8revrije infrastructuur.<\/span><\/p>\n<p><span style=\"font-weight: 400;\">Voor mensen met een visuele beperking of blindheid zijn tactiele stadsmodellen ge\u00efnstalleerd. Deze modellen, die werden vervaardigd door de Deutsche Blindenstudienanstalt in Marburg, bevinden zich op het marktplein en in het centraal station. Ze maken een haptische ori\u00ebntatie mogelijk en vergemakkelijken onafhankelijke beweging in het stadscentrum.<\/span><\/p>\n<p><br style=\"font-weight: 400;\" \/><br style=\"font-weight: 400;\" \/><\/p>\n<\/div><\/div><\/div><\/div><\/div><div class=\"w-tabs-section has_text_color\" id=\"o5e5\" style=\"background:var(--color-header-middle-bg);color:var(--color-content-heading);\"><button class=\"w-tabs-section-header\" aria-controls=\"content-o5e5\" aria-expanded=\"false\"><div class=\"w-tabs-section-title\">Toegankelijke bushaltes en viaducten bij stoplichten met akoestisch signaal<\/div><div class=\"w-tabs-section-control\"><\/div><\/button><div  class=\"w-tabs-section-content\" id=\"content-o5e5\"><div class=\"w-tabs-section-content-h i-cf\"><div class=\"wpb_text_column\"><div class=\"wpb_wrapper\"><p><span style=\"font-weight: 400;\">Sinds 2022 zijn tal van bushaltes in Wiesbaden omgebouwd tot barri\u00e8revrije faciliteiten, waaronder Waldstra\u00dfe, Dyckerhoffstra\u00dfe, Flachstra\u00dfe, Kahle M\u00fchle P+R en Bussteig D op het centraal station. Verhoogde stoepranden, verbrede stopplaatsen en tactiele geleidingselementen vergemakkelijken de in- en uitgang voor mensen met een handicap, senioren en gezinnen met kinderwagens. Door staatsmiddelen en stedelijke middelen te combineren, wordt het openbaar vervoer in Wiesbaden geleidelijk inclusiever, toegankelijker en comfortabeler voor iedereen. Daarnaast zijn tal van verkeerslichten al voorzien van akoestische signalen, zodat mensen met een visuele beperking veilig wegen en kruispunten kunnen oversteken.<\/span><\/p>\n<\/div><\/div><\/div><\/div><\/div><div class=\"w-tabs-section has_text_color\" id=\"f70c\" style=\"background:var(--color-header-transparent-text);color:var(--color-header-top-text-hover);\"><button class=\"w-tabs-section-header\" aria-controls=\"content-f70c\" aria-expanded=\"false\"><div class=\"w-tabs-section-title\">Bereikbaarheid bij Kransand in Mainz-Kastel verbeterd<\/div><div class=\"w-tabs-section-control\"><\/div><\/button><div  class=\"w-tabs-section-content\" id=\"content-f70c\"><div class=\"w-tabs-section-content-h i-cf\"><div class=\"wpb_text_column\"><div class=\"wpb_wrapper\"><p><span style=\"font-weight: 400;\">Aan het Kransand in Mainz-Kastel is een lift ge\u00efnstalleerd, die zorgt voor een barri\u00e8revrije verbinding tussen de oevers van de Rijn en het bruggenhoofd. Met een hoogteverschil van 6,5 meter kunnen mensen met beperkte mobiliteit gemakkelijk het recreatiegebied aan de Rijn bereiken. Daarnaast is de site zelf uitgerust met barri\u00e8revrije elementen, waaronder skatepark, Trimm Dich-apparatuur en doseerruimte. Dit biedt iedereen gelijke toegang tot vrijetijdsbesteding en recreatie aan de oevers van de Rijn.<\/span><\/p>\n<\/div><\/div><\/div><\/div><\/div><div class=\"w-tabs-section has_text_color\" id=\"x836\" style=\"background:var(--color-header-transparent-text);color:var(--color-header-top-text-hover);\"><button class=\"w-tabs-section-header\" aria-controls=\"content-x836\" aria-expanded=\"false\"><div class=\"w-tabs-section-title\">Stil uur voor meer inclusie en participatie<\/div><div class=\"w-tabs-section-control\"><\/div><\/button><div  class=\"w-tabs-section-content\" id=\"content-x836\"><div class=\"w-tabs-section-content-h i-cf\"><div class=\"wpb_text_column\"><div class=\"wpb_wrapper\"><p><span style=\"font-weight: 400;\">Sinds juli 2025 biedt Wiesbaden elke donderdag van 15 tot 17 uur een \u201cstil uur\u201d aan in meer dan 20 winkels in het stadscentrum. Gedurende deze tijd worden fel licht, luide muziek en aankondigingen verminderd om een winkelervaring met weinig irritatie te cre\u00ebren. Het doel is om de toegang tot het openbare leven te vergemakkelijken voor mensen met zintuiglijke of psychische handicaps zoals autisme, ADHD of langdurige covid. Wiesbaden is daarmee de eerste stad in Duitsland die dit concept landelijk implementeert en een sterk signaal afgeeft voor leefbare inclusie.<\/span><\/p>\n<\/div><\/div><\/div><\/div><\/div><div class=\"w-tabs-section has_text_color\" id=\"e9ad\" style=\"background:var(--color-header-transparent-text);color:var(--color-header-top-text-hover);\"><button class=\"w-tabs-section-header\" aria-controls=\"content-e9ad\" aria-expanded=\"false\"><div class=\"w-tabs-section-title\">Opleiding voor kinderdagverblijven \u2013 focus op inclusie<\/div><div class=\"w-tabs-section-control\"><\/div><\/button><div  class=\"w-tabs-section-content\" id=\"content-e9ad\"><div class=\"w-tabs-section-content-h i-cf\"><div class=\"wpb_text_column\"><div class=\"wpb_wrapper\"><p><span style=\"font-weight: 400;\">Voor 2025 zal het opleidingsprogramma voor stedelijke kinderdagverblijven gericht zijn op \u201cinclusie in al zijn facetten\u201d. Het doel is om alle kinderen goede onderwijs- en ontwikkelingsmogelijkheden te bieden en antwoorden te vinden op de uitdagingen van inclusief onderwijs.<\/span><\/p>\n<\/div><\/div><\/div><\/div><\/div><div class=\"w-tabs-section has_text_color\" id=\"ob25\" style=\"background:var(--color-header-transparent-text);color:var(--color-header-top-text-hover);\"><button class=\"w-tabs-section-header\" aria-controls=\"content-ob25\" aria-expanded=\"false\"><div class=\"w-tabs-section-title\">Wiesbaden Participatiestandaard - Inclusief wijkwerk<\/div><div class=\"w-tabs-section-control\"><\/div><\/button><div  class=\"w-tabs-section-content\" id=\"content-ob25\"><div class=\"w-tabs-section-content-h i-cf\"><div class=\"wpb_text_column\"><div class=\"wpb_wrapper\"><p><span style=\"font-weight: 400;\">De stad Wiesbaden heeft een \u201cWiesbaden-participatienorm voor districten met hoge sociale behoeften\u201d ontwikkeld. Deze norm beschrijft maatregelen ter verbetering van de sociale infrastructuur in achterstandswijken. Bijzondere nadruk wordt gelegd op inclusie, bijvoorbeeld door aanbiedingen voor mensen met een handicap op te nemen in de planning.<\/span><\/p>\n<\/div><\/div><\/div><\/div><\/div><div class=\"w-tabs-section has_text_color\" id=\"ncdf\" style=\"background:var(--color-header-transparent-text);color:var(--color-header-top-text-hover);\"><button class=\"w-tabs-section-header\" aria-controls=\"content-ncdf\" aria-expanded=\"false\"><div class=\"w-tabs-section-title\">Europese dag van het gelijkheidsprotest<\/div><div class=\"w-tabs-section-control\"><\/div><\/button><div  class=\"w-tabs-section-content\" id=\"content-ncdf\"><div class=\"w-tabs-section-content-h i-cf\"><div class=\"wpb_text_column\"><div class=\"wpb_wrapper\"><p><span style=\"font-weight: 400;\">In mei 2025 vond in Wiesbaden voor het eerst de Europese dag van het protest voor de gelijkheid van personen met een handicap plaats. Samen met belangengroepen, verenigingen en het bestuur maakte de stad zichtbare tekenen van inclusie en toegankelijkheid \u2013 in en voor het stadhuis. Dit samenwerkingsproject laat zien hoe steden, politici en actoren uit het maatschappelijk middenveld samenwerken om inclusie te versterken, de participatie van mensen met een handicap te bevorderen en inclusie zichtbaar te maken.<\/span><\/p>\n<\/div><\/div><\/div><\/div><\/div><\/div><\/div><div class=\"w-separator size_medium\"><\/div><div class=\"w-btn-wrapper align_left\"><a class=\"w-btn us-btn-style_8 icon_atleft\" href=\"https:\/\/gruene-wiesbaden.de\/nl\/kommunalwahl\/#Kapitel2\"><i class=\"fas fa-chevron-circle-right\"><\/i><span class=\"w-btn-label\">Terug naar overzicht<\/span><\/a><\/div><div class=\"w-separator size_large\"><\/div><\/div><\/div><\/div><\/div><\/section>","protected":false},"excerpt":{"rendered":"Inclusie en toegankelijkheidMensen met een handicap staan centraal in onze samenleving. Toegankelijkheid is een mensenrecht en een voorwaarde voor echte participatie. In Wiesbaden willen we fysieke en mentale barri\u00e8res doorbreken \u2013 in de openbare ruimte en in de hoofden van mensen. Alleen als alle mensen op voet van gelijkheid kunnen deelnemen aan het sociale leven, zal een op solidariteit gebaseerde stedelijke samenleving ontstaan. Inclusie betekent voor ons...","protected":false},"author":1,"featured_media":1549,"comment_status":"closed","ping_status":"closed","sticky":false,"template":"","format":"standard","meta":{"footnotes":""},"categories":[15],"tags":[],"class_list":["post-1353","post","type-post","status-publish","format-standard","has-post-thumbnail","hentry","category-kapitel-2"],"yoast_head":"<!-- This site is optimized with the Yoast SEO plugin v27.5 - https:\/\/yoast.com\/product\/yoast-seo-wordpress\/ -->\n<title>Inklusion und Barrierefreiheit - B\u00dcNDNIS 90\/DIE GR\u00dcNEN Wiesbaden<\/title>\n<meta name=\"robots\" content=\"index, follow, max-snippet:-1, max-image-preview:large, max-video-preview:-1\" \/>\n<link rel=\"canonical\" href=\"https:\/\/gruene-wiesbaden.de\/nl\/inklusion-und-barrierefreiheit\/\" \/>\n<meta property=\"og:locale\" content=\"nl_NL\" \/>\n<meta property=\"og:type\" content=\"article\" \/>\n<meta property=\"og:title\" content=\"Inklusion und Barrierefreiheit - B\u00dcNDNIS 90\/DIE GR\u00dcNEN Wiesbaden\" \/>\n<meta property=\"og:url\" content=\"https:\/\/gruene-wiesbaden.de\/nl\/inklusion-und-barrierefreiheit\/\" \/>\n<meta property=\"og:site_name\" content=\"B\u00dcNDNIS 90\/DIE GR\u00dcNEN Wiesbaden\" \/>\n<meta property=\"article:publisher\" content=\"https:\/\/www.facebook.com\/gruene.wi\" \/>\n<meta property=\"article:published_time\" content=\"2025-11-09T22:11:46+00:00\" \/>\n<meta property=\"article:modified_time\" content=\"2026-04-09T08:29:24+00:00\" \/>\n<meta property=\"og:image\" content=\"https:\/\/gruene-wiesbaden.de\/wp-content\/uploads\/2025\/11\/2.3-Inklusion-und-Barrierefreiheit-scaled.jpeg\" \/>\n\t<meta property=\"og:image:width\" content=\"2560\" \/>\n\t<meta property=\"og:image:height\" content=\"1435\" \/>\n\t<meta property=\"og:image:type\" content=\"image\/jpeg\" \/>\n<meta name=\"author\" content=\"admin\" \/>\n<meta name=\"twitter:card\" content=\"summary_large_image\" \/>\n<meta name=\"twitter:label1\" content=\"Geschreven door\" \/>\n\t<meta name=\"twitter:data1\" content=\"admin\" \/>\n\t<meta name=\"twitter:label2\" content=\"Geschatte leestijd\" \/>\n\t<meta name=\"twitter:data2\" content=\"8 minutes\" \/>\n<script type=\"application\/ld+json\" class=\"yoast-schema-graph\">{\"@context\":\"https:\\\/\\\/schema.org\",\"@graph\":[{\"@type\":\"Article\",\"@id\":\"https:\\\/\\\/gruene-wiesbaden.de\\\/inklusion-und-barrierefreiheit\\\/#article\",\"isPartOf\":{\"@id\":\"https:\\\/\\\/gruene-wiesbaden.de\\\/inklusion-und-barrierefreiheit\\\/\"},\"author\":{\"name\":\"admin\",\"@id\":\"https:\\\/\\\/gruene-wiesbaden.de\\\/#\\\/schema\\\/person\\\/6785c34779159cd4fd86886bb097afe9\"},\"headline\":\"Inklusion und Barrierefreiheit\",\"datePublished\":\"2025-11-09T22:11:46+00:00\",\"dateModified\":\"2026-04-09T08:29:24+00:00\",\"mainEntityOfPage\":{\"@id\":\"https:\\\/\\\/gruene-wiesbaden.de\\\/inklusion-und-barrierefreiheit\\\/\"},\"wordCount\":2280,\"publisher\":{\"@id\":\"https:\\\/\\\/gruene-wiesbaden.de\\\/#organization\"},\"image\":{\"@id\":\"https:\\\/\\\/gruene-wiesbaden.de\\\/inklusion-und-barrierefreiheit\\\/#primaryimage\"},\"thumbnailUrl\":\"https:\\\/\\\/gruene-wiesbaden.de\\\/wp-content\\\/uploads\\\/2025\\\/11\\\/2.3-Inklusion-und-Barrierefreiheit-scaled.jpeg\",\"articleSection\":[\"Kapitel 2\"],\"inLanguage\":\"nl-NL\"},{\"@type\":\"WebPage\",\"@id\":\"https:\\\/\\\/gruene-wiesbaden.de\\\/inklusion-und-barrierefreiheit\\\/\",\"url\":\"https:\\\/\\\/gruene-wiesbaden.de\\\/inklusion-und-barrierefreiheit\\\/\",\"name\":\"Inklusion und Barrierefreiheit - B\u00dcNDNIS 90\\\/DIE GR\u00dcNEN Wiesbaden\",\"isPartOf\":{\"@id\":\"https:\\\/\\\/gruene-wiesbaden.de\\\/#website\"},\"primaryImageOfPage\":{\"@id\":\"https:\\\/\\\/gruene-wiesbaden.de\\\/inklusion-und-barrierefreiheit\\\/#primaryimage\"},\"image\":{\"@id\":\"https:\\\/\\\/gruene-wiesbaden.de\\\/inklusion-und-barrierefreiheit\\\/#primaryimage\"},\"thumbnailUrl\":\"https:\\\/\\\/gruene-wiesbaden.de\\\/wp-content\\\/uploads\\\/2025\\\/11\\\/2.3-Inklusion-und-Barrierefreiheit-scaled.jpeg\",\"datePublished\":\"2025-11-09T22:11:46+00:00\",\"dateModified\":\"2026-04-09T08:29:24+00:00\",\"breadcrumb\":{\"@id\":\"https:\\\/\\\/gruene-wiesbaden.de\\\/inklusion-und-barrierefreiheit\\\/#breadcrumb\"},\"inLanguage\":\"nl-NL\",\"potentialAction\":[{\"@type\":\"ReadAction\",\"target\":[\"https:\\\/\\\/gruene-wiesbaden.de\\\/inklusion-und-barrierefreiheit\\\/\"]}]},{\"@type\":\"ImageObject\",\"inLanguage\":\"nl-NL\",\"@id\":\"https:\\\/\\\/gruene-wiesbaden.de\\\/inklusion-und-barrierefreiheit\\\/#primaryimage\",\"url\":\"https:\\\/\\\/gruene-wiesbaden.de\\\/wp-content\\\/uploads\\\/2025\\\/11\\\/2.3-Inklusion-und-Barrierefreiheit-scaled.jpeg\",\"contentUrl\":\"https:\\\/\\\/gruene-wiesbaden.de\\\/wp-content\\\/uploads\\\/2025\\\/11\\\/2.3-Inklusion-und-Barrierefreiheit-scaled.jpeg\",\"width\":2560,\"height\":1435},{\"@type\":\"BreadcrumbList\",\"@id\":\"https:\\\/\\\/gruene-wiesbaden.de\\\/inklusion-und-barrierefreiheit\\\/#breadcrumb\",\"itemListElement\":[{\"@type\":\"ListItem\",\"position\":1,\"name\":\"Startseite\",\"item\":\"https:\\\/\\\/gruene-wiesbaden.de\\\/\"},{\"@type\":\"ListItem\",\"position\":2,\"name\":\"Inklusion und Barrierefreiheit\"}]},{\"@type\":\"WebSite\",\"@id\":\"https:\\\/\\\/gruene-wiesbaden.de\\\/#website\",\"url\":\"https:\\\/\\\/gruene-wiesbaden.de\\\/\",\"name\":\"DIE GR\u00dcNEN Wiesbaden\",\"description\":\"\",\"publisher\":{\"@id\":\"https:\\\/\\\/gruene-wiesbaden.de\\\/#organization\"},\"potentialAction\":[{\"@type\":\"SearchAction\",\"target\":{\"@type\":\"EntryPoint\",\"urlTemplate\":\"https:\\\/\\\/gruene-wiesbaden.de\\\/?s={search_term_string}\"},\"query-input\":{\"@type\":\"PropertyValueSpecification\",\"valueRequired\":true,\"valueName\":\"search_term_string\"}}],\"inLanguage\":\"nl-NL\"},{\"@type\":\"Organization\",\"@id\":\"https:\\\/\\\/gruene-wiesbaden.de\\\/#organization\",\"name\":\"DIE GR\u00dcNEN Wiesbaden\",\"url\":\"https:\\\/\\\/gruene-wiesbaden.de\\\/\",\"logo\":{\"@type\":\"ImageObject\",\"inLanguage\":\"nl-NL\",\"@id\":\"https:\\\/\\\/gruene-wiesbaden.de\\\/#\\\/schema\\\/logo\\\/image\\\/\",\"url\":\"https:\\\/\\\/gruene-wiesbaden-fuer-europa.de\\\/wp-content\\\/uploads\\\/2024\\\/04\\\/Machen-was-zaehlt-5.png\",\"contentUrl\":\"https:\\\/\\\/gruene-wiesbaden-fuer-europa.de\\\/wp-content\\\/uploads\\\/2024\\\/04\\\/Machen-was-zaehlt-5.png\",\"width\":1772,\"height\":1772,\"caption\":\"DIE GR\u00dcNEN Wiesbaden\"},\"image\":{\"@id\":\"https:\\\/\\\/gruene-wiesbaden.de\\\/#\\\/schema\\\/logo\\\/image\\\/\"},\"sameAs\":[\"https:\\\/\\\/www.facebook.com\\\/gruene.wi\",\"https:\\\/\\\/instagram.com\\\/gruene_wi\"]},{\"@type\":\"Person\",\"@id\":\"https:\\\/\\\/gruene-wiesbaden.de\\\/#\\\/schema\\\/person\\\/6785c34779159cd4fd86886bb097afe9\",\"name\":\"admin\",\"sameAs\":[\"http:\\\/\\\/gruene-wiesbaden-fuer-europa.de\"],\"url\":\"https:\\\/\\\/gruene-wiesbaden.de\\\/nl\\\/author\\\/admin\\\/\"}]}<\/script>\n<!-- \/ Yoast SEO plugin. -->","yoast_head_json":{"title":"Inklusion und Barrierefreiheit - B\u00dcNDNIS 90\/DIE GR\u00dcNEN Wiesbaden","robots":{"index":"index","follow":"follow","max-snippet":"max-snippet:-1","max-image-preview":"max-image-preview:large","max-video-preview":"max-video-preview:-1"},"canonical":"https:\/\/gruene-wiesbaden.de\/nl\/inklusion-und-barrierefreiheit\/","og_locale":"nl_NL","og_type":"article","og_title":"Inklusion und Barrierefreiheit - B\u00dcNDNIS 90\/DIE GR\u00dcNEN Wiesbaden","og_url":"https:\/\/gruene-wiesbaden.de\/nl\/inklusion-und-barrierefreiheit\/","og_site_name":"B\u00dcNDNIS 90\/DIE GR\u00dcNEN Wiesbaden","article_publisher":"https:\/\/www.facebook.com\/gruene.wi","article_published_time":"2025-11-09T22:11:46+00:00","article_modified_time":"2026-04-09T08:29:24+00:00","og_image":[{"width":2560,"height":1435,"url":"https:\/\/gruene-wiesbaden.de\/wp-content\/uploads\/2025\/11\/2.3-Inklusion-und-Barrierefreiheit-scaled.jpeg","type":"image\/jpeg"}],"author":"admin","twitter_card":"summary_large_image","twitter_misc":{"Geschreven door":"admin","Geschatte leestijd":"8 minutes"},"schema":{"@context":"https:\/\/schema.org","@graph":[{"@type":"Article","@id":"https:\/\/gruene-wiesbaden.de\/inklusion-und-barrierefreiheit\/#article","isPartOf":{"@id":"https:\/\/gruene-wiesbaden.de\/inklusion-und-barrierefreiheit\/"},"author":{"name":"admin","@id":"https:\/\/gruene-wiesbaden.de\/#\/schema\/person\/6785c34779159cd4fd86886bb097afe9"},"headline":"Inklusion und Barrierefreiheit","datePublished":"2025-11-09T22:11:46+00:00","dateModified":"2026-04-09T08:29:24+00:00","mainEntityOfPage":{"@id":"https:\/\/gruene-wiesbaden.de\/inklusion-und-barrierefreiheit\/"},"wordCount":2280,"publisher":{"@id":"https:\/\/gruene-wiesbaden.de\/#organization"},"image":{"@id":"https:\/\/gruene-wiesbaden.de\/inklusion-und-barrierefreiheit\/#primaryimage"},"thumbnailUrl":"https:\/\/gruene-wiesbaden.de\/wp-content\/uploads\/2025\/11\/2.3-Inklusion-und-Barrierefreiheit-scaled.jpeg","articleSection":["Kapitel 2"],"inLanguage":"nl-NL"},{"@type":"WebPage","@id":"https:\/\/gruene-wiesbaden.de\/inklusion-und-barrierefreiheit\/","url":"https:\/\/gruene-wiesbaden.de\/inklusion-und-barrierefreiheit\/","name":"Inklusion und Barrierefreiheit - B\u00dcNDNIS 90\/DIE GR\u00dcNEN Wiesbaden","isPartOf":{"@id":"https:\/\/gruene-wiesbaden.de\/#website"},"primaryImageOfPage":{"@id":"https:\/\/gruene-wiesbaden.de\/inklusion-und-barrierefreiheit\/#primaryimage"},"image":{"@id":"https:\/\/gruene-wiesbaden.de\/inklusion-und-barrierefreiheit\/#primaryimage"},"thumbnailUrl":"https:\/\/gruene-wiesbaden.de\/wp-content\/uploads\/2025\/11\/2.3-Inklusion-und-Barrierefreiheit-scaled.jpeg","datePublished":"2025-11-09T22:11:46+00:00","dateModified":"2026-04-09T08:29:24+00:00","breadcrumb":{"@id":"https:\/\/gruene-wiesbaden.de\/inklusion-und-barrierefreiheit\/#breadcrumb"},"inLanguage":"nl-NL","potentialAction":[{"@type":"ReadAction","target":["https:\/\/gruene-wiesbaden.de\/inklusion-und-barrierefreiheit\/"]}]},{"@type":"ImageObject","inLanguage":"nl-NL","@id":"https:\/\/gruene-wiesbaden.de\/inklusion-und-barrierefreiheit\/#primaryimage","url":"https:\/\/gruene-wiesbaden.de\/wp-content\/uploads\/2025\/11\/2.3-Inklusion-und-Barrierefreiheit-scaled.jpeg","contentUrl":"https:\/\/gruene-wiesbaden.de\/wp-content\/uploads\/2025\/11\/2.3-Inklusion-und-Barrierefreiheit-scaled.jpeg","width":2560,"height":1435},{"@type":"BreadcrumbList","@id":"https:\/\/gruene-wiesbaden.de\/inklusion-und-barrierefreiheit\/#breadcrumb","itemListElement":[{"@type":"ListItem","position":1,"name":"Startseite","item":"https:\/\/gruene-wiesbaden.de\/"},{"@type":"ListItem","position":2,"name":"Inklusion und Barrierefreiheit"}]},{"@type":"WebSite","@id":"https:\/\/gruene-wiesbaden.de\/#website","url":"https:\/\/gruene-wiesbaden.de\/","name":"DIE GR\u00dcNEN Wiesbaden","description":"","publisher":{"@id":"https:\/\/gruene-wiesbaden.de\/#organization"},"potentialAction":[{"@type":"SearchAction","target":{"@type":"EntryPoint","urlTemplate":"https:\/\/gruene-wiesbaden.de\/?s={search_term_string}"},"query-input":{"@type":"PropertyValueSpecification","valueRequired":true,"valueName":"search_term_string"}}],"inLanguage":"nl-NL"},{"@type":"Organization","@id":"https:\/\/gruene-wiesbaden.de\/#organization","name":"DIE GR\u00dcNEN Wiesbaden","url":"https:\/\/gruene-wiesbaden.de\/","logo":{"@type":"ImageObject","inLanguage":"nl-NL","@id":"https:\/\/gruene-wiesbaden.de\/#\/schema\/logo\/image\/","url":"https:\/\/gruene-wiesbaden-fuer-europa.de\/wp-content\/uploads\/2024\/04\/Machen-was-zaehlt-5.png","contentUrl":"https:\/\/gruene-wiesbaden-fuer-europa.de\/wp-content\/uploads\/2024\/04\/Machen-was-zaehlt-5.png","width":1772,"height":1772,"caption":"DIE GR\u00dcNEN Wiesbaden"},"image":{"@id":"https:\/\/gruene-wiesbaden.de\/#\/schema\/logo\/image\/"},"sameAs":["https:\/\/www.facebook.com\/gruene.wi","https:\/\/instagram.com\/gruene_wi"]},{"@type":"Person","@id":"https:\/\/gruene-wiesbaden.de\/#\/schema\/person\/6785c34779159cd4fd86886bb097afe9","name":"admin","sameAs":["http:\/\/gruene-wiesbaden-fuer-europa.de"],"url":"https:\/\/gruene-wiesbaden.de\/nl\/author\/admin\/"}]}},"_links":{"self":[{"href":"https:\/\/gruene-wiesbaden.de\/nl\/wp-json\/wp\/v2\/posts\/1353","targetHints":{"allow":["GET"]}}],"collection":[{"href":"https:\/\/gruene-wiesbaden.de\/nl\/wp-json\/wp\/v2\/posts"}],"about":[{"href":"https:\/\/gruene-wiesbaden.de\/nl\/wp-json\/wp\/v2\/types\/post"}],"author":[{"embeddable":true,"href":"https:\/\/gruene-wiesbaden.de\/nl\/wp-json\/wp\/v2\/users\/1"}],"replies":[{"embeddable":true,"href":"https:\/\/gruene-wiesbaden.de\/nl\/wp-json\/wp\/v2\/comments?post=1353"}],"version-history":[{"count":7,"href":"https:\/\/gruene-wiesbaden.de\/nl\/wp-json\/wp\/v2\/posts\/1353\/revisions"}],"predecessor-version":[{"id":2391,"href":"https:\/\/gruene-wiesbaden.de\/nl\/wp-json\/wp\/v2\/posts\/1353\/revisions\/2391"}],"wp:featuredmedia":[{"embeddable":true,"href":"https:\/\/gruene-wiesbaden.de\/nl\/wp-json\/wp\/v2\/media\/1549"}],"wp:attachment":[{"href":"https:\/\/gruene-wiesbaden.de\/nl\/wp-json\/wp\/v2\/media?parent=1353"}],"wp:term":[{"taxonomy":"category","embeddable":true,"href":"https:\/\/gruene-wiesbaden.de\/nl\/wp-json\/wp\/v2\/categories?post=1353"},{"taxonomy":"post_tag","embeddable":true,"href":"https:\/\/gruene-wiesbaden.de\/nl\/wp-json\/wp\/v2\/tags?post=1353"}],"curies":[{"name":"wp","href":"https:\/\/api.w.org\/{rel}","templated":true}]}}