{"id":1329,"date":"2025-11-09T23:45:46","date_gmt":"2025-11-09T21:45:46","guid":{"rendered":"https:\/\/gruene-wiesbaden.de\/?p=1329"},"modified":"2026-04-09T00:09:17","modified_gmt":"2026-04-08T22:09:17","slug":"wohnen","status":"publish","type":"post","link":"https:\/\/gruene-wiesbaden.de\/nl\/wohnen\/","title":{"rendered":"huisvesting"},"content":{"rendered":"<section class=\"l-section wpb_row height_medium with_img\"><div class=\"l-section-img\" role=\"img\" data-img-width=\"1080\" data-img-height=\"800\" style=\"background-image: url(https:\/\/gruene-wiesbaden.de\/wp-content\/uploads\/2025\/11\/neuer-Verlauf-gruene-wiesbaden.de_-2-e1762709402177.png);\"><\/div><div class=\"l-section-overlay\" style=\"background:var(--color-header-top-transparent-bg)\"><\/div><div class=\"l-section-h i-cf\"><div class=\"g-cols vc_row via_grid cols_1 laptops-cols_inherit tablets-cols_inherit mobiles-cols_1 valign_top type_default stacking_default\"><div class=\"wpb_column vc_column_container\"><div class=\"vc_column-inner\"><h1 class=\"w-post-elm post_title us_custom_a574d586 has_text_color entry-title\">huisvesting<\/h1><div class=\"g-cols wpb_row via_grid cols_2-1 laptops-cols_inherit tablets-cols_inherit mobiles-cols_1 valign_top type_default stacking_default\" style=\"--columns-gap:3rem;\"><div class=\"wpb_column vc_column_container\"><div class=\"vc_column-inner\"><div class=\"wpb_text_column us_custom_8b3d6790 has_text_color\"><div class=\"wpb_wrapper\"><p><span style=\"font-weight: 400;\">Huisvesting is een mensenrecht en een fundamentele menselijke behoefte. Een aanbod van betaalbare huisvesting voor iedereen in goede kwaliteit en in voldoende hoeveelheden moet daarom het doel van het huisvestingsbeleid zijn. Er is ook een aanzienlijk gebrek aan betaalbare woningen in Wiesbaden, terwijl stijgende huurprijzen en grondprijzen de sociale kloof verergeren. We hebben daarom een sterke woningbouwsector in Wiesbaden nodig die gericht is op het algemeen belang, waarin appartementen permanent sociaal gebonden zijn. Tegelijkertijd is klimaatneutraal en ruimtebesparend bouwen nodig om een leefbare stad te verlaten voor toekomstige generaties.<\/span><\/p>\n<\/div><\/div><div class=\"w-separator size_medium\"><\/div><div class=\"w-btn-wrapper align_left\"><a class=\"w-btn us-btn-style_8 icon_atleft\" href=\"https:\/\/gruene-wiesbaden.de\/nl\/kommunalwahl\/#Kapitel1\"><i class=\"fas fa-chevron-circle-right\"><\/i><span class=\"w-btn-label\">Terug naar overzicht<\/span><\/a><\/div><\/div><\/div><div class=\"wpb_column vc_column_container\"><div class=\"vc_column-inner\"><div class=\"w-image align_center\"><div class=\"w-image-h\"><img decoding=\"async\" width=\"2560\" height=\"1920\" src=\"https:\/\/gruene-wiesbaden.de\/wp-content\/uploads\/2025\/11\/1.6-Wohnen-scaled.jpg\" class=\"attachment-full size-full\" alt=\"\" loading=\"lazy\" srcset=\"https:\/\/gruene-wiesbaden.de\/wp-content\/uploads\/2025\/11\/1.6-Wohnen-scaled.jpg 2560w, https:\/\/gruene-wiesbaden.de\/wp-content\/uploads\/2025\/11\/1.6-Wohnen-400x300.jpg 400w, https:\/\/gruene-wiesbaden.de\/wp-content\/uploads\/2025\/11\/1.6-Wohnen-600x450.jpg 600w\" sizes=\"auto, (max-width: 2560px) 100vw, 2560px\" \/><\/div><\/div><div class=\"w-separator size_small\"><\/div><\/div><\/div><\/div><div class=\"w-separator size_medium\"><\/div><div class=\"w-separator size_medium\"><\/div><div class=\"wpb_text_column\"><div class=\"wpb_wrapper\"><h1>Wat een goed huisvestingsbeleid voor ons betekent<\/h1>\n<\/div><\/div><div class=\"w-separator size_large\"><\/div><div class=\"g-cols wpb_row via_grid cols_3 laptops-cols_inherit tablets-cols_inherit mobiles-cols_1 valign_top type_default stacking_default\" style=\"--columns-gap:3rem;\"><div class=\"wpb_column vc_column_container\"><div class=\"vc_column-inner\"><div class=\"w-iconbox us_custom_8b3d6790 has_text_color iconpos_left style_default color_custom align_left\"><div class=\"w-iconbox-icon\" style=\"font-size:2rem;--icon-color:#Ffffff;--icon-bg-color:var(--color-header-middle-bg);\"><i class=\"fas fa-layer-group\"><\/i><\/div><div class=\"w-iconbox-meta\"><h4 class=\"w-iconbox-title\" style=\"font-size:1.5rem;\">Het cre\u00ebren van betaalbare woningen<\/h4><div class=\"w-iconbox-text\"><p><span style=\"font-weight: 400;\">Betaalbare huisvesting is een essenti\u00eble voorwaarde voor een menswaardig leven in waardigheid en vrijheid. Of het nu gaat om gezinnen die op zoek zijn naar een groter huis of ouderen die willen afschalen, iedereen moet een betaalbaar huis kunnen vinden. Bovendien moet niemand bang zijn om niet te kunnen betalen voor het appartement of ontheemd te raken.<\/span><\/p>\n<\/div><\/div><\/div><\/div><\/div><div class=\"wpb_column vc_column_container\"><div class=\"vc_column-inner\"><div class=\"w-iconbox us_custom_8b3d6790 has_text_color iconpos_left style_default color_custom align_left\"><div class=\"w-iconbox-icon\" style=\"font-size:2rem;--icon-color:#Ffffff;--icon-bg-color:var(--color-header-transparent-text);\"><i class=\"fas fa-layer-group\"><\/i><\/div><div class=\"w-iconbox-meta\"><h4 class=\"w-iconbox-title\" style=\"font-size:1.5rem;\">Een breed scala aan levensvormen mogelijk maken<\/h4><div class=\"w-iconbox-text\"><p><span style=\"font-weight: 400;\">Flexibele bouwmethoden door verschillende woningbouwontwikkelaars (met name volkshuisvestingsverenigingen, co\u00f6peraties, bouwgemeenschappen en gemeenschapshuisvestingsprojecten) cre\u00ebren de vormen van huisvesting die overeenkomen met de verschillende levensplannen en fasen.<\/span><\/p>\n<\/div><\/div><\/div><\/div><\/div><div class=\"wpb_column vc_column_container\"><div class=\"vc_column-inner\"><div class=\"w-iconbox us_custom_8b3d6790 has_text_color iconpos_left style_default color_custom align_left\"><div class=\"w-iconbox-icon\" style=\"font-size:2rem;--icon-color:#Ffffff;--icon-bg-color:var(--color-header-transparent-text);\"><i class=\"fas fa-layer-group\"><\/i><\/div><div class=\"w-iconbox-meta\"><h4 class=\"w-iconbox-title\" style=\"font-size:1.5rem;\">Ori\u00ebntatie op het algemeen belang<\/h4><div class=\"w-iconbox-text\"><p><span style=\"font-weight: 400;\">Het stadshuisvestingsbeleid, dat gericht is op het algemeen welzijn, vormt een blijvend tegenwicht tegen stijgende huur- en grondprijzen en winstmaximalisatie.<\/span><\/p>\n<\/div><\/div><\/div><\/div><\/div><\/div><div class=\"w-separator size_medium\"><\/div><div class=\"g-cols wpb_row via_grid cols_3 laptops-cols_inherit tablets-cols_inherit mobiles-cols_1 valign_top type_default stacking_default\" style=\"--columns-gap:3rem;\"><div class=\"wpb_column vc_column_container\"><div class=\"vc_column-inner\"><div class=\"w-iconbox us_custom_8b3d6790 has_text_color iconpos_left style_default color_custom align_left\"><div class=\"w-iconbox-icon\" style=\"font-size:2rem;--icon-color:#Ffffff;--icon-bg-color:var(--color-header-middle-bg);\"><i class=\"fas fa-layer-group\"><\/i><\/div><div class=\"w-iconbox-meta\"><h4 class=\"w-iconbox-title\" style=\"font-size:1.5rem;\">Versterking van regionale, gezonde voeding<\/h4><div class=\"w-iconbox-text\"><p><span style=\"font-weight: 400;\">Het is belangrijk voor ons dat gezonde voeding in onze regio wordt geproduceerd tegen betaalbare prijzen. Goed eten is de basis voor een actief en plezierig leven \u2013 voor ons, onze kinderen en kleinkinderen. Het is voor iedereen, niet als een voorrecht van een paar.<\/span><\/p>\n<\/div><\/div><\/div><\/div><\/div><div class=\"wpb_column vc_column_container\"><div class=\"vc_column-inner\"><div class=\"w-iconbox us_custom_8b3d6790 has_text_color iconpos_left style_default color_custom align_left\"><div class=\"w-iconbox-icon\" style=\"font-size:2rem;--icon-color:#Ffffff;--icon-bg-color:var(--color-header-transparent-text);\"><i class=\"fas fa-layer-group\"><\/i><\/div><div class=\"w-iconbox-meta\"><h4 class=\"w-iconbox-title\" style=\"font-size:1.5rem;\">Ruimtebesparende constructie<\/h4><div class=\"w-iconbox-text\"><p><span style=\"font-weight: 400;\">De bodem is niet reproduceerbaar. Herconsolidatie, rekening houdend met klimaatfuncties en effici\u00ebnt gebruik van reeds afgedichte oppervlakken, beschermen onze natuurlijke hulpbronnen en het milieu.<\/span><\/p>\n<\/div><\/div><\/div><\/div><\/div><div class=\"wpb_column vc_column_container\"><div class=\"vc_column-inner\"><div class=\"w-iconbox us_custom_8b3d6790 has_text_color iconpos_left style_default color_custom align_left\"><div class=\"w-iconbox-icon\" style=\"font-size:2rem;--icon-color:#Ffffff;--icon-bg-color:var(--color-header-transparent-text);\"><i class=\"fas fa-layer-group\"><\/i><\/div><div class=\"w-iconbox-meta\"><h4 class=\"w-iconbox-title\" style=\"font-size:1.5rem;\">Klimaatneutraliteit<\/h4><div class=\"w-iconbox-text\"><p><span style=\"font-weight: 400;\">Hernieuwbare energie en duurzame bouwmaterialen maken duurzame, klimaatneutrale woningbouw mogelijk. In de toekomst zullen we ook kijken naar de levenscyclus van een gebouw en de levenscyclusbeoordeling van bouwmaterialen.<\/span><\/p>\n<\/div><\/div><\/div><\/div><\/div><\/div><div class=\"w-separator size_medium\"><\/div><div class=\"w-btn-wrapper align_left\"><a class=\"w-btn us-btn-style_8 icon_atleft\" href=\"https:\/\/gruene-wiesbaden.de\/nl\/kommunalwahl\/#Kapitel1\"><i class=\"fas fa-chevron-circle-right\"><\/i><span class=\"w-btn-label\">Terug naar overzicht<\/span><\/a><\/div><div class=\"w-separator size_medium\"><\/div><\/div><\/div><\/div><\/div><\/section><section class=\"l-section wpb_row height_auto with_img\"><div class=\"l-section-img\" role=\"img\" data-img-width=\"2560\" data-img-height=\"1920\" style=\"background-image: url(https:\/\/gruene-wiesbaden.de\/wp-content\/uploads\/2025\/11\/1.6-Wohnen-scaled.jpg);background-repeat: no-repeat;\"><\/div><div class=\"l-section-overlay\" style=\"background:var(--color-header-top-transparent-bg)\"><\/div><div class=\"l-section-h i-cf\"><div class=\"g-cols vc_row via_grid cols_1 laptops-cols_inherit tablets-cols_inherit mobiles-cols_1 valign_middle type_default stacking_default\" style=\"--columns-gap:1rem;\"><div class=\"wpb_column vc_column_container\"><div class=\"vc_column-inner\"><div class=\"w-separator size_large\"><\/div><div class=\"wpb_text_column background_inside_text\"><div class=\"wpb_wrapper\"><h1>Wat we specifiek op dit gebied willen doen<\/h1>\n<\/div><\/div><div class=\"w-separator size_medium\"><\/div><div class=\"w-tabs us_custom_42d693a0 has_text_color style_default switch_click accordion has_scrolling\" style=\"--sections-title-size:1.4rem\"><div class=\"w-tabs-sections titles-align_none icon_chevron cpos_right\"><div class=\"w-tabs-section has_text_color\" id=\"x326\" style=\"background:var(--color-header-transparent-text);color:var(--color-header-top-text-hover);\"><button class=\"w-tabs-section-header\" aria-controls=\"content-x326\" aria-expanded=\"false\"><div class=\"w-tabs-section-title\">Het cre\u00ebren en veiligstellen van betaalbare woningen<\/div><div class=\"w-tabs-section-control\"><\/div><\/button><div  class=\"w-tabs-section-content\" id=\"content-x326\"><div class=\"w-tabs-section-content-h i-cf\"><div class=\"wpb_text_column\"><div class=\"wpb_wrapper\"><p><span style=\"font-weight: 400;\">Veel mensen kunnen zich geen appartement meer veroorloven in Wiesbaden. We willen daarom alle mogelijkheden benutten om betaalbare woningen te cre\u00ebren voor het algemeen belang in het bijzonder en deze op de lange termijn veilig te stellen.<\/span><\/p>\n<p><span style=\"font-weight: 400;\">We hebben ervoor gezorgd dat de stad het percentage sociale obligaties voor grote stedelijke en particuliere nieuwbouwprojecten in de afgelopen zittingsperiode heeft verhoogd tot 40 procent en willen dat het zich eraan houdt in de toekomst. Daarnaast hebben we gewerkt aan het verlengen van de huurrem voor bestaande huurprijzen bij de gemeentelijke woningcorporaties GWW en GeWeGe, zodat huurverhogingen ruim onder het wettelijke plafond blijven. Op deze manier willen we ontheemding voorkomen en op lange termijn betaalbare huisvesting veiligstellen.<\/span><\/p>\n<p><span style=\"font-weight: 400;\">Als gevolg van deze twee maatregelen blijven de bestaande huren stabiel in hun bedrag en dus ook in het huurniveau. Het huurniveau laat zien hoe hoog de lokale vergelijkingshuur is. Het wordt regelmatig opgesteld op basis van veel bestaande huurcontracten en zorgt ervoor dat de huurprijzen transparant en begrijpelijk blijven.<\/span><\/p>\n<p><span style=\"font-weight: 400;\">We zullen vasthouden aan het feit dat de gemeentelijke bedrijven over het algemeen niet meer dan het gemiddelde huren in de huurindex voor nieuwe verhuur. Daarnaast ondersteunen we huurders bij nieuwe verhuur door naast de huurindex verdere informatie en advies te verstrekken om de handhaving van de federale huurprijsrem te verbeteren.<\/span><\/p>\n<p><span style=\"font-weight: 400;\">Wij houden ons aan de dichtheidsspecificaties van de resolutie van de bouwgrond: Voor nieuwbouwgebieden zijn ten minste 80 wooneenheden per hectare voorzien, met uitzondering van 50 wooneenheden in landelijke buitenwijken, mits het lokale karakter behouden blijft.<\/span><\/p>\n<p><span style=\"font-weight: 400;\">Daarnaast willen we de bouw van leerling- en bedrijfsappartementen en studentenslaapzalen blijven ondersteunen.<\/span><\/p>\n<\/div><\/div><\/div><\/div><\/div><div class=\"w-tabs-section has_text_color\" id=\"u489\" style=\"background:var(--color-header-transparent-text);color:var(--color-header-top-text-hover);\"><button class=\"w-tabs-section-header\" aria-controls=\"content-u489\" aria-expanded=\"false\"><div class=\"w-tabs-section-title\">Zoveel mogelijk grond in handen van de stad<\/div><div class=\"w-tabs-section-control\"><\/div><\/button><div  class=\"w-tabs-section-content\" id=\"content-u489\"><div class=\"w-tabs-section-content-h i-cf\"><div class=\"wpb_text_column\"><div class=\"wpb_wrapper\"><p><span style=\"font-weight: 400;\">Bodem is een schaarse, niet-reproduceerbare grondstof die niet alleen aan de markt kan worden onderworpen. Aan de andere kant is een actief grondbeleid, zoals wij Groenen het in Wiesbaden hebben ontwikkeld, een effectief strategisch instrument dat de gemeente in de rol van actor plaatst: Het verwerft, beheert en distribueert land op een gerichte manier.<\/span><\/p>\n<p><span style=\"font-weight: 400;\">Vroegtijdige verwerving van potenti\u00eble ontwikkelingsgebieden voor stedelijke, residenti\u00eble en open ruimten is de basis van stedelijke ontwikkeling, dient als een dienst van algemeen belang voor burgers en stelt gemeenten in staat hun invloed op de lokale woningmarkt te vergroten. De gemeente kan beslissen aan wie zij onroerend goed of grond afgeeft. Dit is de enige manier om speculatie met grond door derden te voorkomen en de bouw van betaalbare woningen te realiseren. De gemeente kan beslissen of huisvesting wordt ontwikkeld, sociale infrastructuur in de vorm van kinderdagverblijven of scholen, of dat bijvoorbeeld milieu- en klimaatbescherming wordt bevorderd. Een actief bodembeleid versterkt daarmee het handelingsvermogen van de gemeente.<\/span><\/p>\n<p><span style=\"font-weight: 400;\">Grondbeleid moet actief en op lange termijn worden gepland om de gemeenschappelijke goed-geori\u00ebnteerde doelen van de gemeente te realiseren. Wij willen deze strategie voortzetten. Daarmee nemen we een pad dat steden als Ulm, M\u00fcnster en Hamburg al tientallen jaren met succes volgen.<\/span><\/p>\n<\/div><\/div><\/div><\/div><\/div><div class=\"w-tabs-section has_text_color\" id=\"f5a2\" style=\"background:var(--color-header-transparent-text);color:var(--color-header-top-text-hover);\"><button class=\"w-tabs-section-header\" aria-controls=\"content-f5a2\" aria-expanded=\"false\"><div class=\"w-tabs-section-title\">Gebruik erfelijke bouwwet<\/div><div class=\"w-tabs-section-control\"><\/div><\/button><div  class=\"w-tabs-section-content\" id=\"content-f5a2\"><div class=\"w-tabs-section-content-h i-cf\"><div class=\"wpb_text_column\"><div class=\"wpb_wrapper\"><p><span style=\"font-weight: 400;\">Bij de toewijzing van bouwgrond vertrouwen we steeds meer op erfelijk bouwrecht om grond permanent in gemeentelijke handen te houden. De erfelijke rente van 1,0% (of, indien nodig, minder) voor initiatieven die bijzonder de moeite waard zijn om te worden gefinancierd.<\/span><\/p>\n<\/div><\/div><\/div><\/div><\/div><div class=\"w-tabs-section has_text_color\" id=\"c6b7\" style=\"background:var(--color-header-middle-bg);color:var(--color-content-heading);\"><button class=\"w-tabs-section-header\" aria-controls=\"content-c6b7\" aria-expanded=\"false\"><div class=\"w-tabs-section-title\">Bevordering van conceptallocatie en gemeenschapshuisvesting<\/div><div class=\"w-tabs-section-control\"><\/div><\/button><div  class=\"w-tabs-section-content\" id=\"content-c6b7\"><div class=\"w-tabs-section-content-h i-cf\"><div class=\"wpb_text_column\"><div class=\"wpb_wrapper\"><p><span style=\"font-weight: 400;\">We willen de toewijzing van woonruimte uitbreiden volgens het beste concept (conceptallocatie). Door gemeenschappelijk wonen te bevorderen, versterken we buurten en cre\u00ebren we sociale verbindingen.<\/span><\/p>\n<\/div><\/div><\/div><\/div><\/div><div class=\"w-tabs-section has_text_color\" id=\"w7d8\" style=\"background:var(--color-header-transparent-text);color:var(--color-header-top-text-hover);\"><button class=\"w-tabs-section-header\" aria-controls=\"content-w7d8\" aria-expanded=\"false\"><div class=\"w-tabs-section-title\">Benutting van het potentieel van de binnenstad<\/div><div class=\"w-tabs-section-control\"><\/div><\/button><div  class=\"w-tabs-section-content\" id=\"content-w7d8\"><div class=\"w-tabs-section-content-h i-cf\"><div class=\"wpb_text_column\"><div class=\"wpb_wrapper\"><p><span style=\"font-weight: 400;\">We willen een vacaturestatuut invoeren volgens de Hessische staatswet en de omzetting in vakantieappartementen beperken. Daarnaast ondersteunen we verdichting en uitbreiding om bestaande ruimte beter te benutten, extra leefruimte te cre\u00ebren en de behoefte aan nieuwe woongebieden te verminderen. Op deze manier willen we actief ingaan op de mogelijkheden van een bovenbouw van supermarkten en parkeerplaatsen en in gesprek gaan met eigenaren.<\/span><\/p>\n<\/div><\/div><\/div><\/div><\/div><div class=\"w-tabs-section has_text_color\" id=\"k8ef\" style=\"background:var(--color-header-middle-bg);color:var(--color-header-middle-text);\"><button class=\"w-tabs-section-header\" aria-controls=\"content-k8ef\" aria-expanded=\"false\"><div class=\"w-tabs-section-title\">Duurzaam bouwen<\/div><div class=\"w-tabs-section-control\"><\/div><\/button><div  class=\"w-tabs-section-content\" id=\"content-k8ef\"><div class=\"w-tabs-section-content-h i-cf\"><div class=\"wpb_text_column\"><div class=\"wpb_wrapper\"><p><span style=\"font-weight: 400;\">We willen klimaatneutraal, ruimtebesparend bouwen met ecologische bouwmaterialen en barri\u00e8revrije en leeftijdsgeschikte appartementen in alle nieuwbouwprojecten. Dit ontwerp beschermt het klimaat, spaart natuurlijke hulpbronnen en maakt het mogelijk om woonwijken te cre\u00ebren waar iedereen, jong of oud, met of zonder mobiliteitsbeperkingen, goed samen kan leven.<\/span><\/p>\n<\/div><\/div><\/div><\/div><\/div><div class=\"w-tabs-section has_text_color\" id=\"aa03\" style=\"background:var(--color-header-transparent-text);color:var(--color-header-top-text-hover);\"><button class=\"w-tabs-section-header\" aria-controls=\"content-aa03\" aria-expanded=\"false\"><div class=\"w-tabs-section-title\">Ontwikkeling van groene stadswijken<\/div><div class=\"w-tabs-section-control\"><\/div><\/button><div  class=\"w-tabs-section-content\" id=\"content-aa03\"><div class=\"w-tabs-section-content-h i-cf\"><div class=\"wpb_text_column\"><div class=\"wpb_wrapper\"><p><span style=\"font-weight: 400;\">We ontwikkelen duurzame wijken met een hoge kwaliteit van leven (bijvoorbeeld experimentele ruimtes voor stedelijke ontwikkeling) en onderhouden actief bestaande gebouwen. De opwaardering van districten verbetert de levenskwaliteit, versterkt het gevoel van veiligheid en bevordert de sociale cohesie in de districten.<\/span><\/p>\n<\/div><\/div><\/div><\/div><\/div><div class=\"w-tabs-section has_text_color\" id=\"bb29\" style=\"background:var(--color-header-transparent-text);color:var(--color-header-top-text-hover);\"><button class=\"w-tabs-section-header\" aria-controls=\"content-bb29\" aria-expanded=\"false\"><div class=\"w-tabs-section-title\">Kwetsbare groepen ondersteunen<\/div><div class=\"w-tabs-section-control\"><\/div><\/button><div  class=\"w-tabs-section-content\" id=\"content-bb29\"><div class=\"w-tabs-section-content-h i-cf\"><div class=\"wpb_text_column\"><div class=\"wpb_wrapper\"><p><span style=\"font-weight: 400;\">We zijn toegewijd aan het verstrekken van gerichte huisvesting voor vrouwen uit vrouwenopvangcentra om de duur van het verblijf daar te beperken.<\/span><\/p>\n<p><span style=\"font-weight: 400;\">Het is voor ons belangrijk dat de stad mensen zo ondersteunt dat ze niet dakloos worden. We willen dakloosheid overwinnen met de Housing First-aanpak. Waar dit niet mogelijk of gewenst is door de getroffenen, zetten wij ons in voor voldoende slaapplaatsen en medische zorg.<\/span><\/p>\n<\/div><\/div><\/div><\/div><\/div><div class=\"w-tabs-section has_text_color\" id=\"ic47\" style=\"background:var(--color-header-transparent-text);color:var(--color-header-top-text-hover);\"><button class=\"w-tabs-section-header\" aria-controls=\"content-ic47\" aria-expanded=\"false\"><div class=\"w-tabs-section-title\">Duurzaam ontwikkelen van Ostfeld<\/div><div class=\"w-tabs-section-control\"><\/div><\/button><div  class=\"w-tabs-section-content\" id=\"content-ic47\"><div class=\"w-tabs-section-content-h i-cf\"><div class=\"wpb_text_column\"><div class=\"wpb_wrapper\"><p><span style=\"font-weight: 400;\">We passen consequent de criteria toe die in 2020 voor Ostfeld zijn vastgesteld. Het gaat onder meer om sociaal gebonden woningen, koolstofneutraliteit in bedrijf, hernieuwbare energie en een overwegend autovrije wijk. De in aanmerking komende spoorverbindingen moeten worden vastgesteld voordat met de bouw wordt begonnen. De geluidsemissies van luchtvaartuigen moeten intensief worden getest en de bijbehorende beschermende maatregelen moeten worden toegepast.<\/span><\/p>\n<\/div><\/div><\/div><\/div><\/div><div class=\"w-tabs-section has_text_color\" id=\"ld5c\" style=\"background:var(--color-header-transparent-text);color:var(--color-header-top-text-hover);\"><button class=\"w-tabs-section-header\" aria-controls=\"content-ld5c\" aria-expanded=\"false\"><div class=\"w-tabs-section-title\">Alliantie voor Huisvesting<\/div><div class=\"w-tabs-section-control\"><\/div><\/button><div  class=\"w-tabs-section-content\" id=\"content-ld5c\"><div class=\"w-tabs-section-content-h i-cf\"><div class=\"wpb_text_column\"><div class=\"wpb_wrapper\"><p><span style=\"font-weight: 400;\">We willen burgerinitiatieven, co\u00f6peraties, gemeenteraden en vastgoedeigenaren actief betrekken bij woningplanning en een co\u00f6peratief makelaarskantoor onderzoeken in samenwerking met naburige steden. Dit netwerk cre\u00ebert innovatieve oplossingen en versterkt het algemeen belang in het huisvestingsbeleid.<\/span><\/p>\n<\/div><\/div><\/div><\/div><\/div><\/div><\/div><div class=\"w-separator size_medium\"><\/div><div class=\"w-btn-wrapper align_left\"><a class=\"w-btn us-btn-style_8 icon_atleft\" href=\"https:\/\/gruene-wiesbaden.de\/nl\/kommunalwahl\/#Kapitel1\"><i class=\"fas fa-chevron-circle-right\"><\/i><span class=\"w-btn-label\">Terug naar overzicht<\/span><\/a><\/div><div class=\"w-separator size_large\"><\/div><div class=\"wpb_text_column\"><div class=\"wpb_wrapper\"><h1>Wat we al hebben bereikt<\/h1>\n<\/div><\/div><div class=\"w-separator size_medium\"><\/div><div class=\"w-tabs us_custom_42d693a0 has_text_color style_default switch_click accordion has_scrolling\" style=\"--sections-title-size:1.4rem\"><div class=\"w-tabs-sections titles-align_none icon_chevron cpos_right\"><div class=\"w-tabs-section has_text_color\" id=\"m183\" style=\"background:var(--color-header-transparent-text);color:var(--color-header-top-text-hover);\"><button class=\"w-tabs-section-header\" aria-controls=\"content-m183\" aria-expanded=\"false\"><div class=\"w-tabs-section-title\">Hoger percentage gesubsidieerde woningen<\/div><div class=\"w-tabs-section-control\"><\/div><\/button><div  class=\"w-tabs-section-content\" id=\"content-m183\"><div class=\"w-tabs-section-content-h i-cf\"><div class=\"wpb_text_column\"><div class=\"wpb_wrapper\"><p><span style=\"font-weight: 400;\">Wij Groenen hebben een toename bereikt van het aandeel gesubsidieerde woningen voor lage en middeninkomens in woningprojecten. Voor stedelijke bedrijven geldt 40 procent, voor particuliere investeerders ook 40 wooneenheden, anders 30 procent.<\/span><\/p>\n<\/div><\/div><\/div><\/div><\/div><div class=\"w-tabs-section has_text_color\" id=\"f29c\" style=\"background:var(--color-header-transparent-text);color:var(--color-header-top-text-hover);\"><button class=\"w-tabs-section-header\" aria-controls=\"content-f29c\" aria-expanded=\"false\"><div class=\"w-tabs-section-title\">Huurprijs rem<\/div><div class=\"w-tabs-section-control\"><\/div><\/button><div  class=\"w-tabs-section-content\" id=\"content-f29c\"><div class=\"w-tabs-section-content-h i-cf\"><div class=\"wpb_text_column\"><div class=\"wpb_wrapper\"><p><span style=\"font-weight: 400;\">We hebben ervoor gezorgd dat de in 2020 ge\u00efntroduceerde stadshuurrem voor huurders van de gemeentelijke woningcorporaties GWW en GeWeGe verder is uitgebreid en uitgebreid naar alle vrij gefinancierde appartementen in de woningvoorraad van beide bedrijven.<\/span><\/p>\n<\/div><\/div><\/div><\/div><\/div><div class=\"w-tabs-section has_text_color\" id=\"n3cc\" style=\"background:var(--color-header-transparent-text);color:var(--color-header-top-text-hover);\"><button class=\"w-tabs-section-header\" aria-controls=\"content-n3cc\" aria-expanded=\"false\"><div class=\"w-tabs-section-title\">Statuten tegen speculatieve vacature<\/div><div class=\"w-tabs-section-control\"><\/div><\/button><div  class=\"w-tabs-section-content\" id=\"content-n3cc\"><div class=\"w-tabs-section-content-h i-cf\"><div class=\"wpb_text_column\"><div class=\"wpb_wrapper\"><p><span style=\"font-weight: 400;\">De regering van de deelstaat Hessi\u00eb kondigde in januari 2025 aan dat zij een wet tegen speculatieve leegstand zou aannemen. Het is de bedoeling gemeenten met een gespannen woningmarkt in staat te stellen statuten op te stellen tegen speculatieve leegstand. We hebben onze regering al ge\u00efnstrueerd om een bijbehorend ontwerpstatuut op te stellen, zodat de stad onmiddellijk na het besluit van de wet van de staatsregering kan handelen.<\/span><\/p>\n<\/div><\/div><\/div><\/div><\/div><div class=\"w-tabs-section has_text_color\" id=\"m4e3\" style=\"background:var(--color-header-middle-bg);color:var(--color-content-heading);\"><button class=\"w-tabs-section-header\" aria-controls=\"content-m4e3\" aria-expanded=\"false\"><div class=\"w-tabs-section-title\">Bouwgrondresolutie voor sociaal en klimaatvriendelijke huisvesting<\/div><div class=\"w-tabs-section-control\"><\/div><\/button><div  class=\"w-tabs-section-content\" id=\"content-m4e3\"><div class=\"w-tabs-section-content-h i-cf\"><div class=\"wpb_text_column\"><div class=\"wpb_wrapper\"><p><span style=\"font-weight: 400;\">Met de nieuwe bouwgrondresolutie hebben we duidelijke richtlijnen opgesteld voor sociaal rechtvaardige en klimaatvriendelijke stedelijke ontwikkeling. Besluiten over sociaal grondgebruik, erfrecht, concepttoewijzingen en gesubsidieerde huisvesting worden gebundeld in een uniform kader. In de toekomst: Nieuwbouwgrond voor huisvesting wordt alleen aangewezen als ten minste 50 procent van het gebied in stedelijke handen is of wordt overgedragen. In beginsel moet een minimumdichtheid van 80 wooneenheden per hectare gelden, op voorwaarde dat de stedelijke typologie en de woonstructuur niet zijn gewijzigd. Dit zorgt voor planningszekerheid, betaalbare huisvesting en compacte, hulpbronneneffici\u00ebnte stedelijke ontwikkeling \u2013 een doeltreffend instrument om stijgende huurprijzen en landgebruik tegen te gaan.<\/span><\/p>\n<\/div><\/div><\/div><\/div><\/div><div class=\"w-tabs-section has_text_color\" id=\"k5fa\" style=\"background:var(--color-header-transparent-text);color:var(--color-header-top-text-hover);\"><button class=\"w-tabs-section-header\" aria-controls=\"content-k5fa\" aria-expanded=\"false\"><div class=\"w-tabs-section-title\">Actief grondbeleid voor huisvesting voor het algemeen belang<\/div><div class=\"w-tabs-section-control\"><\/div><\/button><div  class=\"w-tabs-section-content\" id=\"content-k5fa\"><div class=\"w-tabs-section-content-h i-cf\"><div class=\"wpb_text_column\"><div class=\"wpb_wrapper\"><p><span style=\"font-weight: 400;\">Wij Groenen hebben het actieve bodembeleid van Wiesbaden vastgesteld. Het doel is om in een vroeg stadium grond te verwerven om speculatie te voorkomen en sociale huisvesting mogelijk te maken. Bodem is geen handelswaar, maar de basis van het algemeen welzijn. Stedelijk onroerend goed kan specifiek worden gebruikt voor betaalbare huisvesting, sociale infrastructuur of klimaatbescherming. Op deze manier blijft de stad in staat om te handelen en zelf te beslissen over gebruik en toewijzing. Dit model \u2013 dat succesvol is in steden als Ulm of M\u00fcnster \u2013 versterkt de gemeentelijke ontwerpkracht, zorgt voor betaalbare huisvesting op de lange termijn en zorgt voor een sociaal evenwichtige, duurzame stedelijke ontwikkeling.<\/span><\/p>\n<\/div><\/div><\/div><\/div><\/div><div class=\"w-tabs-section has_text_color\" id=\"l740\" style=\"background:var(--color-header-transparent-text);color:var(--color-header-top-text-hover);\"><button class=\"w-tabs-section-header\" aria-controls=\"content-l740\" aria-expanded=\"false\"><div class=\"w-tabs-section-title\">Meer sociaal ondersteunde woningen<\/div><div class=\"w-tabs-section-control\"><\/div><\/button><div  class=\"w-tabs-section-content\" id=\"content-l740\"><div class=\"w-tabs-section-content-h i-cf\"><div class=\"wpb_text_column\"><div class=\"wpb_wrapper\"><p><span style=\"font-weight: 400;\">De Wohnbaugesellschaft GWW, een gemeentelijke investeringsmaatschappij van de stad Wiesbaden, heeft voor het eerst een voorraad van meer dan 14.000 appartementen bereikt en versterkt zo de betaalbare, op openbaar belang gerichte huisvesting in Wiesbaden.<\/span><\/p>\n<p><span style=\"font-weight: 400;\">Voorbeelden zoals het K\u00e4rntner Viertel, het Sch\u00f6nau-Quartier of het project Kastel-Housing laten zien hoe gemeentelijk beleid de wijkontwikkeling actief vormgeeft: Met de spelregels van het spel van duurzame buurtontwikkeling, die we GR\u00dcNEN aanzienlijk hebben ge\u00efnitieerd (<\/span><a href=\"https:\/\/www.wiesbaden.de\/medien\/downloads\/leben-in-wiesbaden\/amt-61\/staedtebau\/Uebersicht-der-Spielregeln.pdf\"><span style=\"font-weight: 400;\">LINK<\/span><\/a><span style=\"font-weight: 400;\">) ervoor te zorgen dat nieuwe woonruimten niet alleen sociaal gemengd zijn, geschikt zijn voor het gezin en de leeftijd, maar ook op een energie-effici\u00ebnte en hulpbronnenbesparende manier worden gebouwd en dat groene infrastructuur, klimaatgeoptimaliseerd stedelijk groen, gevoelig waterbeheer, hernieuwbare energie en nieuwe mobiliteit in de planning worden opgenomen. Wiesbaden combineert betaalbaar wonen, sociale rechtvaardigheid en klimaatbescherming in levendige, duurzame wijken.<\/span><\/p>\n<\/div><\/div><\/div><\/div><\/div><div class=\"w-tabs-section has_text_color\" id=\"a85a\" style=\"background:var(--color-header-transparent-text);color:var(--color-header-top-text-hover);\"><button class=\"w-tabs-section-header\" aria-controls=\"content-a85a\" aria-expanded=\"false\"><div class=\"w-tabs-section-title\">Innovatieve bouwmethoden en gemeenschapshuisvestingsprojecten<\/div><div class=\"w-tabs-section-control\"><\/div><\/button><div  class=\"w-tabs-section-content\" id=\"content-a85a\"><div class=\"w-tabs-section-content-h i-cf\"><div class=\"wpb_text_column\"><div class=\"wpb_wrapper\"><p><span style=\"font-weight: 400;\">In projecten zoals Bierstadt-Nord worden moderne appartementen gebouwd in een klimaatvriendelijke houthybride constructie met gemeenschappelijke ruimtes en een sociaal evenwichtige bezetting. In Erbenheim-S\u00fcd werden 33 appartementen met leeftijdsgeschikte eenheden en een kinderdagverblijf gebouwd, het gebouw is ontworpen als een energie-only huis met een fotovolta\u00efsch systeem op een energie-effici\u00ebnte manier. Alle projecten combineren ecologische normen, gemeenschappelijke ruimtes en maatschappelijke verantwoordelijkheid.<\/span><\/p>\n<\/div><\/div><\/div><\/div><\/div><div class=\"w-tabs-section has_text_color\" id=\"e971\" style=\"background:var(--color-header-transparent-text);color:var(--color-header-top-text-hover);\"><button class=\"w-tabs-section-header\" aria-controls=\"content-e971\" aria-expanded=\"false\"><div class=\"w-tabs-section-title\">Stagiairs- en bedrijfsappartementen \u2013 gerichte huisvesting voor geschoolde werknemers<\/div><div class=\"w-tabs-section-control\"><\/div><\/button><div  class=\"w-tabs-section-content\" id=\"content-e971\"><div class=\"w-tabs-section-content-h i-cf\"><div class=\"wpb_text_column\"><div class=\"wpb_wrapper\"><p><span style=\"font-weight: 400;\">Door de bouw van bedrijfsappartementen in de Herderstra\u00dfe, een modelproject voor leerlingwoningen en de bouw van bedrijfsappartementen op het terrein van Helios Dr. Horst Schmidt Kliniken (HSK) door GWW, zorgen we voor betaalbare huisvesting voor belangrijke beroepsgroepen, bevorderen we het behoud van geschoolde werknemers en laten we zien dat de stad Wiesbaden strategisch inspeelt op de behoeften van de arbeidsmarkt.<\/span><\/p>\n<\/div><\/div><\/div><\/div><\/div><div class=\"w-tabs-section has_text_color\" id=\"ja86\" style=\"background:var(--color-header-transparent-text);color:var(--color-header-top-text-hover);\"><button class=\"w-tabs-section-header\" aria-controls=\"content-ja86\" aria-expanded=\"false\"><div class=\"w-tabs-section-title\">Strategische stedelijke ontwikkeling en veilige huisvesting voor het algemeen belang<\/div><div class=\"w-tabs-section-control\"><\/div><\/button><div  class=\"w-tabs-section-content\" id=\"content-ja86\"><div class=\"w-tabs-section-content-h i-cf\"><div class=\"wpb_text_column\"><div class=\"wpb_wrapper\"><p><span style=\"font-weight: 400;\">De SEG heeft voor Wiesbaden een belangrijke koers uitgezet: Met de aankoop van de rode wolkenkrabber werd de stedelijke invloed op huisvesting veiliggesteld en werd een signaal gegeven voor gemeenschapsgerichte stedelijke ontwikkeling. Het voormalige American Arms Hotel (Kaiserhof) is omgebouwd tot een moderne woonwijk die hoogwaardige en betaalbare woonruimte biedt op een centrale locatie. Deze projecten versterken de gemeentelijke handelingscapaciteit, zorgen voor huisvesting op lange termijn en dragen bij aan de duurzame ontwikkeling van de stad.<\/span><\/p>\n<\/div><\/div><\/div><\/div><\/div><\/div><\/div><div class=\"w-separator size_medium\"><\/div><div class=\"w-btn-wrapper align_left\"><a class=\"w-btn us-btn-style_8 icon_atleft\" href=\"https:\/\/gruene-wiesbaden.de\/nl\/kommunalwahl\/#Kapitel1\"><i class=\"fas fa-chevron-circle-right\"><\/i><span class=\"w-btn-label\">Terug naar overzicht<\/span><\/a><\/div><div class=\"w-separator size_large\"><\/div><\/div><\/div><\/div><\/div><\/section>","protected":false},"excerpt":{"rendered":"Leven is een mensenrecht en een elementaire behoefte van mensen. Een aanbod van betaalbare huisvesting voor iedereen in goede kwaliteit en in voldoende hoeveelheden moet daarom het doel van het huisvestingsbeleid zijn. Er is ook een aanzienlijk gebrek aan betaalbare woningen in Wiesbaden, terwijl stijgende huurprijzen en grondprijzen de sociale kloof verergeren. Daarom hebben we een...","protected":false},"author":1,"featured_media":1519,"comment_status":"closed","ping_status":"closed","sticky":false,"template":"","format":"standard","meta":{"footnotes":""},"categories":[14],"tags":[],"class_list":["post-1329","post","type-post","status-publish","format-standard","has-post-thumbnail","hentry","category-kapitel-1"],"yoast_head":"<!-- This site is optimized with the Yoast SEO plugin v27.5 - https:\/\/yoast.com\/product\/yoast-seo-wordpress\/ -->\n<title>Wohnen - B\u00dcNDNIS 90\/DIE GR\u00dcNEN Wiesbaden<\/title>\n<meta name=\"robots\" content=\"index, follow, max-snippet:-1, max-image-preview:large, max-video-preview:-1\" \/>\n<link rel=\"canonical\" href=\"https:\/\/gruene-wiesbaden.de\/nl\/wohnen\/\" \/>\n<meta property=\"og:locale\" content=\"nl_NL\" \/>\n<meta property=\"og:type\" content=\"article\" \/>\n<meta property=\"og:title\" content=\"Wohnen - B\u00dcNDNIS 90\/DIE GR\u00dcNEN Wiesbaden\" \/>\n<meta property=\"og:url\" content=\"https:\/\/gruene-wiesbaden.de\/nl\/wohnen\/\" \/>\n<meta property=\"og:site_name\" content=\"B\u00dcNDNIS 90\/DIE GR\u00dcNEN Wiesbaden\" \/>\n<meta property=\"article:publisher\" content=\"https:\/\/www.facebook.com\/gruene.wi\" \/>\n<meta property=\"article:published_time\" content=\"2025-11-09T21:45:46+00:00\" \/>\n<meta property=\"article:modified_time\" content=\"2026-04-08T22:09:17+00:00\" \/>\n<meta property=\"og:image\" content=\"https:\/\/gruene-wiesbaden.de\/wp-content\/uploads\/2025\/11\/1.6-Wohnen-scaled.jpg\" \/>\n\t<meta property=\"og:image:width\" content=\"2560\" \/>\n\t<meta property=\"og:image:height\" content=\"1920\" \/>\n\t<meta property=\"og:image:type\" content=\"image\/jpeg\" \/>\n<meta name=\"author\" content=\"admin\" \/>\n<meta name=\"twitter:card\" content=\"summary_large_image\" \/>\n<meta name=\"twitter:label1\" content=\"Geschreven door\" \/>\n\t<meta name=\"twitter:data1\" content=\"admin\" \/>\n\t<meta name=\"twitter:label2\" content=\"Geschatte leestijd\" \/>\n\t<meta name=\"twitter:data2\" content=\"11 minutes\" \/>\n<script type=\"application\/ld+json\" class=\"yoast-schema-graph\">{\"@context\":\"https:\\\/\\\/schema.org\",\"@graph\":[{\"@type\":\"Article\",\"@id\":\"https:\\\/\\\/gruene-wiesbaden.de\\\/wohnen\\\/#article\",\"isPartOf\":{\"@id\":\"https:\\\/\\\/gruene-wiesbaden.de\\\/wohnen\\\/\"},\"author\":{\"name\":\"admin\",\"@id\":\"https:\\\/\\\/gruene-wiesbaden.de\\\/#\\\/schema\\\/person\\\/6785c34779159cd4fd86886bb097afe9\"},\"headline\":\"Wohnen\",\"datePublished\":\"2025-11-09T21:45:46+00:00\",\"dateModified\":\"2026-04-08T22:09:17+00:00\",\"mainEntityOfPage\":{\"@id\":\"https:\\\/\\\/gruene-wiesbaden.de\\\/wohnen\\\/\"},\"wordCount\":3152,\"publisher\":{\"@id\":\"https:\\\/\\\/gruene-wiesbaden.de\\\/#organization\"},\"image\":{\"@id\":\"https:\\\/\\\/gruene-wiesbaden.de\\\/wohnen\\\/#primaryimage\"},\"thumbnailUrl\":\"https:\\\/\\\/gruene-wiesbaden.de\\\/wp-content\\\/uploads\\\/2025\\\/11\\\/1.6-Wohnen-scaled.jpg\",\"articleSection\":[\"Kapitel 1\"],\"inLanguage\":\"nl-NL\"},{\"@type\":\"WebPage\",\"@id\":\"https:\\\/\\\/gruene-wiesbaden.de\\\/wohnen\\\/\",\"url\":\"https:\\\/\\\/gruene-wiesbaden.de\\\/wohnen\\\/\",\"name\":\"Wohnen - B\u00dcNDNIS 90\\\/DIE GR\u00dcNEN Wiesbaden\",\"isPartOf\":{\"@id\":\"https:\\\/\\\/gruene-wiesbaden.de\\\/#website\"},\"primaryImageOfPage\":{\"@id\":\"https:\\\/\\\/gruene-wiesbaden.de\\\/wohnen\\\/#primaryimage\"},\"image\":{\"@id\":\"https:\\\/\\\/gruene-wiesbaden.de\\\/wohnen\\\/#primaryimage\"},\"thumbnailUrl\":\"https:\\\/\\\/gruene-wiesbaden.de\\\/wp-content\\\/uploads\\\/2025\\\/11\\\/1.6-Wohnen-scaled.jpg\",\"datePublished\":\"2025-11-09T21:45:46+00:00\",\"dateModified\":\"2026-04-08T22:09:17+00:00\",\"breadcrumb\":{\"@id\":\"https:\\\/\\\/gruene-wiesbaden.de\\\/wohnen\\\/#breadcrumb\"},\"inLanguage\":\"nl-NL\",\"potentialAction\":[{\"@type\":\"ReadAction\",\"target\":[\"https:\\\/\\\/gruene-wiesbaden.de\\\/wohnen\\\/\"]}]},{\"@type\":\"ImageObject\",\"inLanguage\":\"nl-NL\",\"@id\":\"https:\\\/\\\/gruene-wiesbaden.de\\\/wohnen\\\/#primaryimage\",\"url\":\"https:\\\/\\\/gruene-wiesbaden.de\\\/wp-content\\\/uploads\\\/2025\\\/11\\\/1.6-Wohnen-scaled.jpg\",\"contentUrl\":\"https:\\\/\\\/gruene-wiesbaden.de\\\/wp-content\\\/uploads\\\/2025\\\/11\\\/1.6-Wohnen-scaled.jpg\",\"width\":2560,\"height\":1920},{\"@type\":\"BreadcrumbList\",\"@id\":\"https:\\\/\\\/gruene-wiesbaden.de\\\/wohnen\\\/#breadcrumb\",\"itemListElement\":[{\"@type\":\"ListItem\",\"position\":1,\"name\":\"Startseite\",\"item\":\"https:\\\/\\\/gruene-wiesbaden.de\\\/\"},{\"@type\":\"ListItem\",\"position\":2,\"name\":\"Wohnen\"}]},{\"@type\":\"WebSite\",\"@id\":\"https:\\\/\\\/gruene-wiesbaden.de\\\/#website\",\"url\":\"https:\\\/\\\/gruene-wiesbaden.de\\\/\",\"name\":\"DIE GR\u00dcNEN Wiesbaden\",\"description\":\"\",\"publisher\":{\"@id\":\"https:\\\/\\\/gruene-wiesbaden.de\\\/#organization\"},\"potentialAction\":[{\"@type\":\"SearchAction\",\"target\":{\"@type\":\"EntryPoint\",\"urlTemplate\":\"https:\\\/\\\/gruene-wiesbaden.de\\\/?s={search_term_string}\"},\"query-input\":{\"@type\":\"PropertyValueSpecification\",\"valueRequired\":true,\"valueName\":\"search_term_string\"}}],\"inLanguage\":\"nl-NL\"},{\"@type\":\"Organization\",\"@id\":\"https:\\\/\\\/gruene-wiesbaden.de\\\/#organization\",\"name\":\"DIE GR\u00dcNEN Wiesbaden\",\"url\":\"https:\\\/\\\/gruene-wiesbaden.de\\\/\",\"logo\":{\"@type\":\"ImageObject\",\"inLanguage\":\"nl-NL\",\"@id\":\"https:\\\/\\\/gruene-wiesbaden.de\\\/#\\\/schema\\\/logo\\\/image\\\/\",\"url\":\"https:\\\/\\\/gruene-wiesbaden-fuer-europa.de\\\/wp-content\\\/uploads\\\/2024\\\/04\\\/Machen-was-zaehlt-5.png\",\"contentUrl\":\"https:\\\/\\\/gruene-wiesbaden-fuer-europa.de\\\/wp-content\\\/uploads\\\/2024\\\/04\\\/Machen-was-zaehlt-5.png\",\"width\":1772,\"height\":1772,\"caption\":\"DIE GR\u00dcNEN Wiesbaden\"},\"image\":{\"@id\":\"https:\\\/\\\/gruene-wiesbaden.de\\\/#\\\/schema\\\/logo\\\/image\\\/\"},\"sameAs\":[\"https:\\\/\\\/www.facebook.com\\\/gruene.wi\",\"https:\\\/\\\/instagram.com\\\/gruene_wi\"]},{\"@type\":\"Person\",\"@id\":\"https:\\\/\\\/gruene-wiesbaden.de\\\/#\\\/schema\\\/person\\\/6785c34779159cd4fd86886bb097afe9\",\"name\":\"admin\",\"sameAs\":[\"http:\\\/\\\/gruene-wiesbaden-fuer-europa.de\"],\"url\":\"https:\\\/\\\/gruene-wiesbaden.de\\\/nl\\\/author\\\/admin\\\/\"}]}<\/script>\n<!-- \/ Yoast SEO plugin. -->","yoast_head_json":{"title":"Wohnen - B\u00dcNDNIS 90\/DIE GR\u00dcNEN Wiesbaden","robots":{"index":"index","follow":"follow","max-snippet":"max-snippet:-1","max-image-preview":"max-image-preview:large","max-video-preview":"max-video-preview:-1"},"canonical":"https:\/\/gruene-wiesbaden.de\/nl\/wohnen\/","og_locale":"nl_NL","og_type":"article","og_title":"Wohnen - B\u00dcNDNIS 90\/DIE GR\u00dcNEN Wiesbaden","og_url":"https:\/\/gruene-wiesbaden.de\/nl\/wohnen\/","og_site_name":"B\u00dcNDNIS 90\/DIE GR\u00dcNEN Wiesbaden","article_publisher":"https:\/\/www.facebook.com\/gruene.wi","article_published_time":"2025-11-09T21:45:46+00:00","article_modified_time":"2026-04-08T22:09:17+00:00","og_image":[{"width":2560,"height":1920,"url":"https:\/\/gruene-wiesbaden.de\/wp-content\/uploads\/2025\/11\/1.6-Wohnen-scaled.jpg","type":"image\/jpeg"}],"author":"admin","twitter_card":"summary_large_image","twitter_misc":{"Geschreven door":"admin","Geschatte leestijd":"11 minutes"},"schema":{"@context":"https:\/\/schema.org","@graph":[{"@type":"Article","@id":"https:\/\/gruene-wiesbaden.de\/wohnen\/#article","isPartOf":{"@id":"https:\/\/gruene-wiesbaden.de\/wohnen\/"},"author":{"name":"admin","@id":"https:\/\/gruene-wiesbaden.de\/#\/schema\/person\/6785c34779159cd4fd86886bb097afe9"},"headline":"Wohnen","datePublished":"2025-11-09T21:45:46+00:00","dateModified":"2026-04-08T22:09:17+00:00","mainEntityOfPage":{"@id":"https:\/\/gruene-wiesbaden.de\/wohnen\/"},"wordCount":3152,"publisher":{"@id":"https:\/\/gruene-wiesbaden.de\/#organization"},"image":{"@id":"https:\/\/gruene-wiesbaden.de\/wohnen\/#primaryimage"},"thumbnailUrl":"https:\/\/gruene-wiesbaden.de\/wp-content\/uploads\/2025\/11\/1.6-Wohnen-scaled.jpg","articleSection":["Kapitel 1"],"inLanguage":"nl-NL"},{"@type":"WebPage","@id":"https:\/\/gruene-wiesbaden.de\/wohnen\/","url":"https:\/\/gruene-wiesbaden.de\/wohnen\/","name":"Wohnen - B\u00dcNDNIS 90\/DIE GR\u00dcNEN Wiesbaden","isPartOf":{"@id":"https:\/\/gruene-wiesbaden.de\/#website"},"primaryImageOfPage":{"@id":"https:\/\/gruene-wiesbaden.de\/wohnen\/#primaryimage"},"image":{"@id":"https:\/\/gruene-wiesbaden.de\/wohnen\/#primaryimage"},"thumbnailUrl":"https:\/\/gruene-wiesbaden.de\/wp-content\/uploads\/2025\/11\/1.6-Wohnen-scaled.jpg","datePublished":"2025-11-09T21:45:46+00:00","dateModified":"2026-04-08T22:09:17+00:00","breadcrumb":{"@id":"https:\/\/gruene-wiesbaden.de\/wohnen\/#breadcrumb"},"inLanguage":"nl-NL","potentialAction":[{"@type":"ReadAction","target":["https:\/\/gruene-wiesbaden.de\/wohnen\/"]}]},{"@type":"ImageObject","inLanguage":"nl-NL","@id":"https:\/\/gruene-wiesbaden.de\/wohnen\/#primaryimage","url":"https:\/\/gruene-wiesbaden.de\/wp-content\/uploads\/2025\/11\/1.6-Wohnen-scaled.jpg","contentUrl":"https:\/\/gruene-wiesbaden.de\/wp-content\/uploads\/2025\/11\/1.6-Wohnen-scaled.jpg","width":2560,"height":1920},{"@type":"BreadcrumbList","@id":"https:\/\/gruene-wiesbaden.de\/wohnen\/#breadcrumb","itemListElement":[{"@type":"ListItem","position":1,"name":"Startseite","item":"https:\/\/gruene-wiesbaden.de\/"},{"@type":"ListItem","position":2,"name":"Wohnen"}]},{"@type":"WebSite","@id":"https:\/\/gruene-wiesbaden.de\/#website","url":"https:\/\/gruene-wiesbaden.de\/","name":"DIE GR\u00dcNEN Wiesbaden","description":"","publisher":{"@id":"https:\/\/gruene-wiesbaden.de\/#organization"},"potentialAction":[{"@type":"SearchAction","target":{"@type":"EntryPoint","urlTemplate":"https:\/\/gruene-wiesbaden.de\/?s={search_term_string}"},"query-input":{"@type":"PropertyValueSpecification","valueRequired":true,"valueName":"search_term_string"}}],"inLanguage":"nl-NL"},{"@type":"Organization","@id":"https:\/\/gruene-wiesbaden.de\/#organization","name":"DIE GR\u00dcNEN Wiesbaden","url":"https:\/\/gruene-wiesbaden.de\/","logo":{"@type":"ImageObject","inLanguage":"nl-NL","@id":"https:\/\/gruene-wiesbaden.de\/#\/schema\/logo\/image\/","url":"https:\/\/gruene-wiesbaden-fuer-europa.de\/wp-content\/uploads\/2024\/04\/Machen-was-zaehlt-5.png","contentUrl":"https:\/\/gruene-wiesbaden-fuer-europa.de\/wp-content\/uploads\/2024\/04\/Machen-was-zaehlt-5.png","width":1772,"height":1772,"caption":"DIE GR\u00dcNEN Wiesbaden"},"image":{"@id":"https:\/\/gruene-wiesbaden.de\/#\/schema\/logo\/image\/"},"sameAs":["https:\/\/www.facebook.com\/gruene.wi","https:\/\/instagram.com\/gruene_wi"]},{"@type":"Person","@id":"https:\/\/gruene-wiesbaden.de\/#\/schema\/person\/6785c34779159cd4fd86886bb097afe9","name":"admin","sameAs":["http:\/\/gruene-wiesbaden-fuer-europa.de"],"url":"https:\/\/gruene-wiesbaden.de\/nl\/author\/admin\/"}]}},"_links":{"self":[{"href":"https:\/\/gruene-wiesbaden.de\/nl\/wp-json\/wp\/v2\/posts\/1329","targetHints":{"allow":["GET"]}}],"collection":[{"href":"https:\/\/gruene-wiesbaden.de\/nl\/wp-json\/wp\/v2\/posts"}],"about":[{"href":"https:\/\/gruene-wiesbaden.de\/nl\/wp-json\/wp\/v2\/types\/post"}],"author":[{"embeddable":true,"href":"https:\/\/gruene-wiesbaden.de\/nl\/wp-json\/wp\/v2\/users\/1"}],"replies":[{"embeddable":true,"href":"https:\/\/gruene-wiesbaden.de\/nl\/wp-json\/wp\/v2\/comments?post=1329"}],"version-history":[{"count":10,"href":"https:\/\/gruene-wiesbaden.de\/nl\/wp-json\/wp\/v2\/posts\/1329\/revisions"}],"predecessor-version":[{"id":2371,"href":"https:\/\/gruene-wiesbaden.de\/nl\/wp-json\/wp\/v2\/posts\/1329\/revisions\/2371"}],"wp:featuredmedia":[{"embeddable":true,"href":"https:\/\/gruene-wiesbaden.de\/nl\/wp-json\/wp\/v2\/media\/1519"}],"wp:attachment":[{"href":"https:\/\/gruene-wiesbaden.de\/nl\/wp-json\/wp\/v2\/media?parent=1329"}],"wp:term":[{"taxonomy":"category","embeddable":true,"href":"https:\/\/gruene-wiesbaden.de\/nl\/wp-json\/wp\/v2\/categories?post=1329"},{"taxonomy":"post_tag","embeddable":true,"href":"https:\/\/gruene-wiesbaden.de\/nl\/wp-json\/wp\/v2\/tags?post=1329"}],"curies":[{"name":"wp","href":"https:\/\/api.w.org\/{rel}","templated":true}]}}