{"id":1386,"date":"2025-11-10T00:36:31","date_gmt":"2025-11-09T22:36:31","guid":{"rendered":"https:\/\/gruene-wiesbaden.de\/?p=1386"},"modified":"2026-04-09T00:36:02","modified_gmt":"2026-04-08T22:36:02","slug":"verwaltungsmodernisierung-und-digitalisierung","status":"publish","type":"post","link":"https:\/\/gruene-wiesbaden.de\/it\/verwaltungsmodernisierung-und-digitalisierung\/","title":{"rendered":"Modernizzazione amministrativa e digitalizzazione"},"content":{"rendered":"<section class=\"l-section wpb_row height_medium with_img\"><div class=\"l-section-img\" role=\"img\" data-img-width=\"1080\" data-img-height=\"800\" style=\"background-image: url(https:\/\/gruene-wiesbaden.de\/wp-content\/uploads\/2025\/11\/neuer-Verlauf-gruene-wiesbaden.de_-2-e1762709402177.png);\"><\/div><div class=\"l-section-overlay\" style=\"background:var(--color-header-top-transparent-bg)\"><\/div><div class=\"l-section-h i-cf\"><div class=\"g-cols vc_row via_grid cols_1 laptops-cols_inherit tablets-cols_inherit mobiles-cols_1 valign_top type_default stacking_default\"><div class=\"wpb_column vc_column_container\"><div class=\"vc_column-inner\"><h1 class=\"w-post-elm post_title us_custom_a574d586 has_text_color entry-title\">Modernizzazione amministrativa e digitalizzazione<\/h1><div class=\"w-separator size_medium\"><\/div><div class=\"g-cols wpb_row via_grid cols_2-1 laptops-cols_inherit tablets-cols_inherit mobiles-cols_1 valign_top type_default stacking_default\" style=\"--columns-gap:3rem;\"><div class=\"wpb_column vc_column_container\"><div class=\"vc_column-inner\"><div class=\"wpb_text_column us_custom_8b3d6790 has_text_color\"><div class=\"wpb_wrapper\"><p><span style=\"font-weight: 400;\">Un'amministrazione moderna ed efficiente \u00e8 essenziale per il funzionamento della nostra democrazia: Decide in modo decisivo come i cittadini sperimentano i servizi e come la nostra citt\u00e0 \u00e8 in grado di agire. In tempi di profondi cambiamenti tecnologici e sociali, nonch\u00e9 di cambiamenti demografici, Wiesbaden deve essere adattata al futuro, affrontando nel contempo attivamente le carenze di manodopera e di competenze.<\/span><\/p>\n<p><span style=\"font-weight: 400;\">GREEN si basa sulla digitalizzazione coerente dell'amministrazione e sull'espansione dei servizi ai cittadini, sempre secondo il nostro principio guida: La riduzione della burocrazia ha la precedenza sulla digitalizzazione che richiede tempo. I servizi dovrebbero essere privi di barriere, semplici e inclusivi. La sostenibilit\u00e0 nell'IT, l'uso intelligente dei dati esistenti e l'uso mirato degli strumenti digitali e dell'IA alleviano i dipendenti e creano libert\u00e0 per le aree in cui il contatto umano \u00e8 fondamentale.<\/span><\/p>\n<p><span style=\"font-weight: 400;\">Il nostro claim: Attuare rapidamente la tabella di marcia per la digitalizzazione, rivedere i processi, modernizzare le strutture e offrire servizi ai cittadini in formato digitale, dalle applicazioni edilizie alle registrazioni delle imprese, per un'amministrazione che funzioni in modo efficiente, sostenibile e vicino alle esigenze dei residenti di Wiesbaden.<\/span><\/p>\n<\/div><\/div><div class=\"w-separator size_medium\"><\/div><div class=\"w-btn-wrapper align_left\"><a class=\"w-btn us-btn-style_8 icon_atleft\" href=\"https:\/\/gruene-wiesbaden.de\/it\/kommunalwahl\/#Kapitel3\"><i class=\"fas fa-chevron-circle-right\"><\/i><span class=\"w-btn-label\">Torna alla panoramica<\/span><\/a><\/div><\/div><\/div><div class=\"wpb_column vc_column_container\"><div class=\"vc_column-inner\"><div class=\"w-image align_center\"><div class=\"w-image-h\"><img decoding=\"async\" width=\"2560\" height=\"1513\" src=\"https:\/\/gruene-wiesbaden.de\/wp-content\/uploads\/2025\/11\/3.6-Verwaltungsmodernisierung-und-Digitalisierung-scaled.jpeg\" class=\"attachment-full size-full\" alt=\"\" loading=\"lazy\" srcset=\"https:\/\/gruene-wiesbaden.de\/wp-content\/uploads\/2025\/11\/3.6-Verwaltungsmodernisierung-und-Digitalisierung-scaled.jpeg 2560w, https:\/\/gruene-wiesbaden.de\/wp-content\/uploads\/2025\/11\/3.6-Verwaltungsmodernisierung-und-Digitalisierung-400x236.jpeg 400w, https:\/\/gruene-wiesbaden.de\/wp-content\/uploads\/2025\/11\/3.6-Verwaltungsmodernisierung-und-Digitalisierung-600x355.jpeg 600w\" sizes=\"auto, (max-width: 2560px) 100vw, 2560px\" \/><\/div><\/div><div class=\"w-separator size_small\"><\/div><\/div><\/div><\/div><div class=\"w-separator size_medium\"><\/div><div class=\"w-separator size_medium\"><\/div><div class=\"wpb_text_column\"><div class=\"wpb_wrapper\"><h1>Cosa significano per noi la modernizzazione amministrativa e la digitalizzazione<\/h1>\n<\/div><\/div><div class=\"w-separator size_large\"><\/div><div class=\"g-cols wpb_row via_grid cols_2 laptops-cols_inherit tablets-cols_inherit mobiles-cols_1 valign_top type_default stacking_default\" style=\"--columns-gap:3rem;\"><div class=\"wpb_column vc_column_container\"><div class=\"vc_column-inner\"><div class=\"w-iconbox us_custom_8b3d6790 has_text_color iconpos_left style_default color_custom align_left\"><div class=\"w-iconbox-icon\" style=\"font-size:2rem;--icon-color:#Ffffff;--icon-bg-color:var(--color-header-middle-bg);\"><i class=\"fas fa-layer-group\"><\/i><\/div><div class=\"w-iconbox-meta\"><h4 class=\"w-iconbox-title\" style=\"font-size:1.5rem;\">Istituire un'amministrazione sostenibile<\/h4><div class=\"w-iconbox-text\"><p><span style=\"font-weight: 400;\">Strutture, processi e tecnologie vengono costantemente modernizzati. Gli strumenti digitali alleviano i dipendenti e creano libert\u00e0 di contatto personale. I dipendenti devono essere o diventare adeguatamente formati o qualificati. Ci\u00f2 rende l'amministrazione attraente anche per il personale junior.<\/span><\/p>\n<\/div><\/div><\/div><\/div><\/div><div class=\"wpb_column vc_column_container\"><div class=\"vc_column-inner\"><div class=\"w-iconbox us_custom_8b3d6790 has_text_color iconpos_left style_default color_custom align_left\"><div class=\"w-iconbox-icon\" style=\"font-size:2rem;--icon-color:#Ffffff;--icon-bg-color:var(--color-header-transparent-text);\"><i class=\"fas fa-layer-group\"><\/i><\/div><div class=\"w-iconbox-meta\"><h4 class=\"w-iconbox-title\" style=\"font-size:1.5rem;\">Ridurre la burocrazia<\/h4><div class=\"w-iconbox-text\"><p><span style=\"font-weight: 400;\">Ci affidiamo a processi snelli, trasparenti e comprensibili che consentono di risparmiare tempo e risorse, sia per i cittadini che per le imprese e i dipendenti.<\/span><\/p>\n<\/div><\/div><\/div><\/div><\/div><\/div><div class=\"w-separator size_medium\"><\/div><div class=\"g-cols wpb_row via_grid cols_2 laptops-cols_inherit tablets-cols_inherit mobiles-cols_1 valign_top type_default stacking_default\" style=\"--columns-gap:3rem;\"><div class=\"wpb_column vc_column_container\"><div class=\"vc_column-inner\"><div class=\"w-iconbox us_custom_8b3d6790 has_text_color iconpos_left style_default color_custom align_left\"><div class=\"w-iconbox-icon\" style=\"font-size:2rem;--icon-color:#Ffffff;--icon-bg-color:var(--color-header-middle-bg);\"><i class=\"fas fa-layer-group\"><\/i><\/div><div class=\"w-iconbox-meta\"><h4 class=\"w-iconbox-title\" style=\"font-size:1.5rem;\">Inclusione digitale<\/h4><div class=\"w-iconbox-text\"><p><span style=\"font-weight: 400;\">I servizi digitali devono essere privi di barriere e accessibili a tutti, indipendentemente dall'et\u00e0, dalla lingua o dall'esperienza precedente, in modo che nessuno sia escluso dalle offerte.<\/span><\/p>\n<\/div><\/div><\/div><\/div><\/div><div class=\"wpb_column vc_column_container\"><div class=\"vc_column-inner\"><div class=\"w-iconbox us_custom_8b3d6790 has_text_color iconpos_left style_default color_custom align_left\"><div class=\"w-iconbox-icon\" style=\"font-size:2rem;--icon-color:#Ffffff;--icon-bg-color:var(--color-header-transparent-text);\"><i class=\"fas fa-layer-group\"><\/i><\/div><div class=\"w-iconbox-meta\"><h4 class=\"w-iconbox-title\" style=\"font-size:1.5rem;\">Digitalizzazione, ma sostenibile<\/h4><div class=\"w-iconbox-text\"><p><span style=\"font-weight: 400;\">Le tecnologie dell'informazione dovrebbero essere ecologicamente responsabili: Sistemi efficienti sotto il profilo energetico, appalti equi e soluzioni digitali che consentono di risparmiare risorse combinano l'innovazione con la protezione del clima.<\/span><\/p>\n<\/div><\/div><\/div><\/div><\/div><\/div><div class=\"w-separator size_medium\"><\/div><div class=\"w-btn-wrapper align_left\"><a class=\"w-btn us-btn-style_8 icon_atleft\" href=\"https:\/\/gruene-wiesbaden.de\/it\/kommunalwahl\/#Kapitel3\"><i class=\"fas fa-chevron-circle-right\"><\/i><span class=\"w-btn-label\">Torna alla panoramica<\/span><\/a><\/div><div class=\"w-separator size_medium\"><\/div><\/div><\/div><\/div><\/div><\/section><section class=\"l-section wpb_row height_auto with_img\"><div class=\"l-section-img\" role=\"img\" data-img-width=\"2560\" data-img-height=\"1513\" style=\"background-image: url(https:\/\/gruene-wiesbaden.de\/wp-content\/uploads\/2025\/11\/3.6-Verwaltungsmodernisierung-und-Digitalisierung-scaled.jpeg);background-repeat: no-repeat;\"><\/div><div class=\"l-section-overlay\" style=\"background:var(--color-header-top-transparent-bg)\"><\/div><div class=\"l-section-h i-cf\"><div class=\"g-cols vc_row via_grid cols_1 laptops-cols_inherit tablets-cols_inherit mobiles-cols_1 valign_middle type_default stacking_default\" style=\"--columns-gap:1rem;\"><div class=\"wpb_column vc_column_container\"><div class=\"vc_column-inner\"><div class=\"w-separator size_large\"><\/div><div class=\"wpb_text_column background_inside_text\"><div class=\"wpb_wrapper\"><h1>Cosa vogliamo fare specificamente in questo settore<\/h1>\n<\/div><\/div><div class=\"w-separator size_medium\"><\/div><div class=\"w-tabs us_custom_42d693a0 has_text_color style_default switch_click accordion has_scrolling\" style=\"--sections-title-size:1.4rem\"><div class=\"w-tabs-sections titles-align_none icon_chevron cpos_right\"><div class=\"w-tabs-section has_text_color\" id=\"bd9b\" style=\"background:var(--color-header-transparent-text);color:var(--color-header-top-text-hover);\"><button class=\"w-tabs-section-header\" aria-controls=\"content-bd9b\" aria-expanded=\"false\"><div class=\"w-tabs-section-title\">Creazione di nuovi lavori<\/div><div class=\"w-tabs-section-control\"><\/div><\/button><div  class=\"w-tabs-section-content\" id=\"content-bd9b\"><div class=\"w-tabs-section-content-h i-cf\"><div class=\"wpb_text_column\"><div class=\"wpb_wrapper\"><p><span style=\"font-weight: 400;\">Vogliamo promuovere ulteriormente il Nuovo Lavoro nell'amministrazione cittadina e quindi stabilire modi di lavorare moderni e flessibili. Inoltre, \u00e8 in fase di sviluppo un accordo di servizio su nuove forme di condivisione del lavoro e della scrivania. Crea il quadro organizzativo per il lavoro mobile, la condivisione della scrivania e la collaborazione digitale da introdurre in tutta la citt\u00e0 in futuro. Passo dopo passo, questo crea un'amministrazione che \u00e8 aggiornata, orientata ai cittadini e attraente come datore di lavoro.<\/span><\/p>\n<\/div><\/div><\/div><\/div><\/div><div class=\"w-tabs-section has_text_color\" id=\"qecf\" style=\"background:var(--color-header-transparent-text);color:var(--color-header-top-text-hover);\"><button class=\"w-tabs-section-header\" aria-controls=\"content-qecf\" aria-expanded=\"false\"><div class=\"w-tabs-section-title\">Fascicolo elettronico<\/div><div class=\"w-tabs-section-control\"><\/div><\/button><div  class=\"w-tabs-section-content\" id=\"content-qecf\"><div class=\"w-tabs-section-content-h i-cf\"><div class=\"wpb_text_column\"><div class=\"wpb_wrapper\"><p><span style=\"font-weight: 400;\">Il fascicolo elettronico modernizza l'amministrazione: Accelera i processi, salva la carta, consente l'accesso indipendente dalla posizione e garantisce processi trasparenti. L'e-file \u00e8 la base per il lavoro mobile. Supportiamo i dipartimenti di amministrazione con prodotti e-file su misura e quindi acceleriamo la transizione verso i processi digitali.<\/span><\/p>\n<\/div><\/div><\/div><\/div><\/div><div class=\"w-tabs-section has_text_color\" id=\"mfee\" style=\"background:var(--color-header-transparent-text);color:var(--color-header-top-text-hover);\"><button class=\"w-tabs-section-header\" aria-controls=\"content-mfee\" aria-expanded=\"false\"><div class=\"w-tabs-section-title\">Rafforzare la leadership digitale<\/div><div class=\"w-tabs-section-control\"><\/div><\/button><div  class=\"w-tabs-section-content\" id=\"content-mfee\"><div class=\"w-tabs-section-content-h i-cf\"><div class=\"wpb_text_column\"><div class=\"wpb_wrapper\"><p><span style=\"font-weight: 400;\">La trasformazione digitale richiede una nuova comprensione della leadership: Lavoro in rete, metodi agili e capacit\u00e0 di plasmare attivamente il cambiamento. Ci impegniamo per una formazione mirata, formati di formazione digitale e formazione continua al fine di rendere i dirigenti adatti alle esigenze di una moderna amministrazione. Ci\u00f2 include una cultura che motiva i dipendenti, promuove l'innovazione e a prova di futuro l'amministrazione della citt\u00e0. Ecco perch\u00e9 ci impegniamo in programmi di qualificazione digitale per i dirigenti. Corsi di formazione su metodi agili e lavoro in rete rendono l'amministrazione adatta alla trasformazione digitale e formano una cultura di gestione motivante e orientata al futuro.<\/span><\/p>\n<\/div><\/div><\/div><\/div><\/div><div class=\"w-tabs-section has_text_color\" id=\"t122\" style=\"background:var(--color-header-middle-bg);color:var(--color-content-heading);\"><button class=\"w-tabs-section-header\" aria-controls=\"content-t122\" aria-expanded=\"false\"><div class=\"w-tabs-section-title\">Ridurre la burocrazia<\/div><div class=\"w-tabs-section-control\"><\/div><\/button><div  class=\"w-tabs-section-content\" id=\"content-t122\"><div class=\"w-tabs-section-content-h i-cf\"><div class=\"wpb_text_column\"><div class=\"wpb_wrapper\"><p><span style=\"font-weight: 400;\">Vogliamo ridurre costantemente la burocrazia a Wiesbaden con l'aiuto di soluzioni digitali. In futuro, i processi amministrativi saranno standardizzati, automatizzati e in gran parte privi di supporti cartacei. Moduli digitali, appuntamenti online e procedure non richieste fanno risparmiare tempo ai cittadini e alle imprese e riducono la frustrazione. Allo stesso tempo, questo aumenta l'efficienza dell'amministrazione e crea spazio per un servizio reale invece di scartoffie. Ci\u00f2 crea un'amministrazione moderna e orientata ai servizi che serve le persone e utilizza le risorse in modo ragionevole.<\/span><\/p>\n<\/div><\/div><\/div><\/div><\/div><div class=\"w-tabs-section has_text_color\" id=\"h23a\" style=\"background:var(--color-header-transparent-text);color:var(--color-header-top-text-hover);\"><button class=\"w-tabs-section-header\" aria-controls=\"content-h23a\" aria-expanded=\"false\"><div class=\"w-tabs-section-title\">Usa l'IA con saggezza<\/div><div class=\"w-tabs-section-control\"><\/div><\/button><div  class=\"w-tabs-section-content\" id=\"content-h23a\"><div class=\"w-tabs-section-content-h i-cf\"><div class=\"wpb_text_column\"><div class=\"wpb_wrapper\"><p><span style=\"font-weight: 400;\">Vogliamo che l'uso dell'IA sia costantemente testato e ci impegniamo a garantire che l'IA sia utilizzata solo laddove crea un chiaro valore aggiunto. L'obiettivo \u00e8 un'amministrazione moderna che funzioni in modo efficiente, supporti i dipendenti e migliori il servizio per i residenti di Wiesbaden. Questo \u00e8 sempre fatto anche per quanto riguarda la protezione dei dati e la trasparenza.<\/span><\/p>\n<\/div><\/div><\/div><\/div><\/div><div class=\"w-tabs-section has_text_color\" id=\"i352\" style=\"background:var(--color-header-middle-bg);color:var(--color-header-middle-text);\"><button class=\"w-tabs-section-header\" aria-controls=\"content-i352\" aria-expanded=\"false\"><div class=\"w-tabs-section-title\">Gestione senza barriere<\/div><div class=\"w-tabs-section-control\"><\/div><\/button><div  class=\"w-tabs-section-content\" id=\"content-i352\"><div class=\"w-tabs-section-content-h i-cf\"><div class=\"wpb_text_column\"><div class=\"wpb_wrapper\"><p><span style=\"font-weight: 400;\">I servizi di amministrazione digitale di Wiesbaden devono essere sviluppati in modo tale da essere accessibili a tutti: di facile utilizzo, multilingue e senza barriere. I moduli e i servizi sono semplificati, i dispositivi mobili sono meglio presi in considerazione e le offerte di aiuto sono integrate. In tal modo, stiamo creando un'amministrazione che non esclude nessuno e consente a tutti i cittadini di affrontare le loro preoccupazioni online in modo rapido e semplice.<\/span><\/p>\n<\/div><\/div><\/div><\/div><\/div><div class=\"w-tabs-section has_text_color\" id=\"y48b\" style=\"background:var(--color-header-transparent-text);color:var(--color-header-top-text-hover);\"><button class=\"w-tabs-section-header\" aria-controls=\"content-y48b\" aria-expanded=\"false\"><div class=\"w-tabs-section-title\">Collegamento dell'amministrazione al 115<\/div><div class=\"w-tabs-section-control\"><\/div><\/button><div  class=\"w-tabs-section-content\" id=\"content-y48b\"><div class=\"w-tabs-section-content-h i-cf\"><div class=\"wpb_text_column\"><div class=\"wpb_wrapper\"><p><span style=\"font-weight: 400;\">Vogliamo collegare l'amministrazione di Wiesbaden all'autorit\u00e0 tedesca numero 115. Ad esempio, i cittadini e le imprese dispongono di un punto di contatto competente per tutte le questioni governative, dallo smaltimento dei rifiuti all'immatricolazione dei veicoli. Ci\u00f2 facilita l'accesso, riduce la burocrazia e rafforza il servizio ai cittadini.<\/span><\/p>\n<\/div><\/div><\/div><\/div><\/div><div class=\"w-tabs-section has_text_color\" id=\"j5b4\" style=\"background:var(--color-header-transparent-text);color:var(--color-header-top-text-hover);\"><button class=\"w-tabs-section-header\" aria-controls=\"content-j5b4\" aria-expanded=\"false\"><div class=\"w-tabs-section-title\">Colmare il divario di genere digitale<\/div><div class=\"w-tabs-section-control\"><\/div><\/button><div  class=\"w-tabs-section-content\" id=\"content-j5b4\"><div class=\"w-tabs-section-content-h i-cf\"><div class=\"wpb_text_column\"><div class=\"wpb_wrapper\"><p><span style=\"font-weight: 400;\">Lo studio sul divario di genere digitale mostra: Le donne spesso utilizzano i servizi digitali in modo meno sicuro, il che rende loro difficile accedere ai servizi online per i cittadini, come le domande, le prenotazioni di appuntamenti o le informazioni digitali.<\/span><\/p>\n<p><span style=\"font-weight: 400;\">Ci concentriamo specificamente sul rafforzamento della partecipazione delle donne all'IT e all'amministrazione, miriamo a promuovere modelli di ruolo femminili e l'espansione delle reti e supportiamo programmi che migliorino le pari opportunit\u00e0 e riducano visibilmente il divario di genere a Wiesbaden.<\/span><\/p>\n<\/div><\/div><\/div><\/div><\/div><div class=\"w-tabs-section has_text_color\" id=\"v6cc\" style=\"background:var(--color-header-transparent-text);color:var(--color-header-top-text-hover);\"><button class=\"w-tabs-section-header\" aria-controls=\"content-v6cc\" aria-expanded=\"false\"><div class=\"w-tabs-section-title\">IT sostenibile<\/div><div class=\"w-tabs-section-control\"><\/div><\/button><div  class=\"w-tabs-section-content\" id=\"content-v6cc\"><div class=\"w-tabs-section-content-h i-cf\"><div class=\"wpb_text_column\"><div class=\"wpb_wrapper\"><p><span style=\"font-weight: 400;\">Posizioniamo costantemente l'approvvigionamento e le operazioni IT di Wiesbaden in modo sostenibile: Dall'approvvigionamento equo all'uso di dispositivi ricondizionati, ai data center che lavorano interamente con energia rinnovabile. In questo modo, combiniamo l'innovazione digitale con la responsabilit\u00e0 ecologica.<\/span><\/p>\n<\/div><\/div><\/div><\/div><\/div><div class=\"w-tabs-section has_text_color\" id=\"m7f1\" style=\"background:var(--color-header-transparent-text);color:var(--color-header-top-text-hover);\"><button class=\"w-tabs-section-header\" aria-controls=\"content-m7f1\" aria-expanded=\"false\"><div class=\"w-tabs-section-title\">Istituzione del Consiglio per l'innovazione di Wiesbaden<\/div><div class=\"w-tabs-section-control\"><\/div><\/button><div  class=\"w-tabs-section-content\" id=\"content-m7f1\"><div class=\"w-tabs-section-content-h i-cf\"><div class=\"wpb_text_column\"><div class=\"wpb_wrapper\"><p><span style=\"font-weight: 400;\">GR\u00dcNE \u00e8 impegnata nella creazione di un Consiglio per l'Innovazione a Wiesbaden, che riunisca in modo permanente l'amministrazione, la politica, gli affari, la scienza e i residenti di Wiesbaden. L'obiettivo \u00e8 quello di plasmare attivamente gli sviluppi digitali, mettere in comune le conoscenze e sviluppare soluzioni pratiche per la citt\u00e0. Il Consiglio per l'innovazione dovrebbe riunirsi regolarmente, raccogliere le sfide attuali e avviare progetti pilota, dalla mobilit\u00e0 intelligente alla partecipazione digitale e alla modernizzazione amministrativa. Questo scambio continuo crea trasparenza, fiducia e cultura della cooperazione. Wiesbaden si posiziona cos\u00ec come una citt\u00e0 pioniera che non solo implementa la digitalizzazione, ma la modella anche insieme.<\/span><\/p>\n<\/div><\/div><\/div><\/div><\/div><\/div><\/div><div class=\"w-separator size_medium\"><\/div><div class=\"w-btn-wrapper align_left\"><a class=\"w-btn us-btn-style_8 icon_atleft\" href=\"https:\/\/gruene-wiesbaden.de\/it\/kommunalwahl\/#Kapitel3\"><i class=\"fas fa-chevron-circle-right\"><\/i><span class=\"w-btn-label\">Torna alla panoramica<\/span><\/a><\/div><div class=\"w-separator size_large\"><\/div><div class=\"wpb_text_column\"><div class=\"wpb_wrapper\"><h1>Cosa abbiamo gi\u00e0 realizzato<\/h1>\n<\/div><\/div><div class=\"w-separator size_medium\"><\/div><div class=\"w-tabs us_custom_42d693a0 has_text_color style_default switch_click accordion has_scrolling\" style=\"--sections-title-size:1.4rem\"><div class=\"w-tabs-sections titles-align_none icon_chevron cpos_right\"><div class=\"w-tabs-section has_text_color\" id=\"vc82\" style=\"background:var(--color-header-transparent-text);color:var(--color-header-top-text-hover);\"><button class=\"w-tabs-section-header\" aria-controls=\"content-vc82\" aria-expanded=\"false\"><div class=\"w-tabs-section-title\">Dichiarazione di missione digitale per l'amministrazione comunale<\/div><div class=\"w-tabs-section-control\"><\/div><\/button><div  class=\"w-tabs-section-content\" id=\"content-vc82\"><div class=\"w-tabs-section-content-h i-cf\"><div class=\"wpb_text_column\"><div class=\"wpb_wrapper\"><p><span style=\"font-weight: 400;\">Con la sua mission digitale, Wiesbaden ha sviluppato principi chiari per la gestione del futuro. Definisce gli standard per i servizi digitali, i processi interni e l'uso delle nuove tecnologie per garantire un'amministrazione moderna, a misura di cittadino ed efficiente.<\/span><\/p>\n<\/div><\/div><\/div><\/div><\/div><div class=\"w-tabs-section has_text_color\" id=\"xd9b\" style=\"background:var(--color-header-transparent-text);color:var(--color-header-top-text-hover);\"><button class=\"w-tabs-section-header\" aria-controls=\"content-xd9b\" aria-expanded=\"false\"><div class=\"w-tabs-section-title\">Digitalizzazione centrale Strategia della citt\u00e0<\/div><div class=\"w-tabs-section-control\"><\/div><\/button><div  class=\"w-tabs-section-content\" id=\"content-xd9b\"><div class=\"w-tabs-section-content-h i-cf\"><div class=\"wpb_text_column\"><div class=\"wpb_wrapper\"><p><span style=\"font-weight: 400;\">La digitalizzazione centrale della strategia della citt\u00e0 garantisce che tutti i progetti digitali della citt\u00e0 siano coordinati e implementati in modo sostenibile. Con l'aggiornamento annuale, gli obiettivi e le misure vengono regolarmente adeguati in modo che Wiesbaden continui a progredire digitalmente.<\/span><\/p>\n<\/div><\/div><\/div><\/div><\/div><div class=\"w-tabs-section has_text_color\" id=\"eeb4\" style=\"background:var(--color-header-transparent-text);color:var(--color-header-top-text-hover);\"><button class=\"w-tabs-section-header\" aria-controls=\"content-eeb4\" aria-expanded=\"false\"><div class=\"w-tabs-section-title\">La trasformazione amministrativa \u00e8 in corso<\/div><div class=\"w-tabs-section-control\"><\/div><\/button><div  class=\"w-tabs-section-content\" id=\"content-eeb4\"><div class=\"w-tabs-section-content-h i-cf\"><div class=\"wpb_text_column\"><div class=\"wpb_wrapper\"><p><span style=\"font-weight: 400;\">La citt\u00e0 di Wiesbaden sta fondamentalmente modernizzando la sua amministrazione. Per trasformazione amministrativa si intende: I processi sono semplificati, le decisioni sono prese pi\u00f9 velocemente e gli strumenti digitali sono utilizzati in modo mirato. Allo stesso tempo, la cultura del lavoro sta cambiando, passando da rigide gerarchie a una maggiore cooperazione. Per i cittadini, ci\u00f2 significa: Le preoccupazioni vengono affrontate pi\u00f9 rapidamente, le informazioni sono pi\u00f9 accessibili e l'amministrazione nel suo complesso diventa pi\u00f9 comprensibile e pi\u00f9 vicina ai cittadini.<\/span><\/p>\n<\/div><\/div><\/div><\/div><\/div><div class=\"w-tabs-section has_text_color\" id=\"pfe8\" style=\"background:var(--color-header-middle-bg);color:var(--color-content-heading);\"><button class=\"w-tabs-section-header\" aria-controls=\"content-pfe8\" aria-expanded=\"false\"><div class=\"w-tabs-section-title\">Gestione innovativa del lavoro<\/div><div class=\"w-tabs-section-control\"><\/div><\/button><div  class=\"w-tabs-section-content\" id=\"content-pfe8\"><div class=\"w-tabs-section-content-h i-cf\"><div class=\"wpb_text_column\"><div class=\"wpb_wrapper\"><p><span style=\"font-weight: 400;\">Per rimanere efficiente in futuro, la citt\u00e0 di Wiesbaden si affida a una gestione innovativa del lavoro. Dietro questo c'\u00e8 un tipo pi\u00f9 moderno di pianificazione del personale: Le posizioni aperte sono riempite in modo pi\u00f9 flessibile, a volte le posizioni sono anche raggruppate per i progetti e le applicazioni possono essere elaborate digitalmente. Di conseguenza, l'amministrazione reagisce meglio alla carenza di lavoratori qualificati e garantisce che i compiti importanti, dall'asilo nido alle autorit\u00e0 edili, siano svolti in modo affidabile.<\/span><\/p>\n<\/div><\/div><\/div><\/div><\/div><div class=\"w-tabs-section has_text_color\" id=\"z0fe\" style=\"background:var(--color-header-transparent-text);color:var(--color-header-top-text-hover);\"><button class=\"w-tabs-section-header\" aria-controls=\"content-z0fe\" aria-expanded=\"false\"><div class=\"w-tabs-section-title\">Wintra - Intranet della citt\u00e0 interna<\/div><div class=\"w-tabs-section-control\"><\/div><\/button><div  class=\"w-tabs-section-content\" id=\"content-z0fe\"><div class=\"w-tabs-section-content-h i-cf\"><div class=\"wpb_text_column\"><div class=\"wpb_wrapper\"><p><span style=\"font-weight: 400;\">Con Wintra, \u00e8 stata creata una intranet centrale per tutti i dipendenti urbani. Raggruppa informazioni, servizi digitali e processi amministrativi in un unico luogo e facilita la comunicazione interna e la collaborazione all'interno dell'amministrazione.<\/span><\/p>\n<\/div><\/div><\/div><\/div><\/div><div class=\"w-tabs-section has_text_color\" id=\"p213\" style=\"background:var(--color-header-transparent-text);color:var(--color-header-top-text-hover);\"><button class=\"w-tabs-section-header\" aria-controls=\"content-p213\" aria-expanded=\"false\"><div class=\"w-tabs-section-title\">Nuovo lavoro - Prenotazione di camere digitali<\/div><div class=\"w-tabs-section-control\"><\/div><\/button><div  class=\"w-tabs-section-content\" id=\"content-p213\"><div class=\"w-tabs-section-content-h i-cf\"><div class=\"wpb_text_column\"><div class=\"wpb_wrapper\"><p><span style=\"font-weight: 400;\">L'introduzione di sistemi digitali di prenotazione degli spazi nell'ambito di New Work rende pi\u00f9 efficiente l'uso degli spazi di lavoro urbani. I dipendenti possono prenotare in modo flessibile postazioni di lavoro e sale riunioni, il che consente forme di lavoro moderne e flessibili nell'amministrazione.<\/span><\/p>\n<\/div><\/div><\/div><\/div><\/div><div class=\"w-tabs-section has_text_color\" id=\"o330\" style=\"background:var(--color-header-transparent-text);color:var(--color-header-top-text-hover);\"><button class=\"w-tabs-section-header\" aria-controls=\"content-o330\" aria-expanded=\"false\"><div class=\"w-tabs-section-title\">Gemello digitale<\/div><div class=\"w-tabs-section-control\"><\/div><\/button><div  class=\"w-tabs-section-content\" id=\"content-o330\"><div class=\"w-tabs-section-content-h i-cf\"><div class=\"wpb_text_column\"><div class=\"wpb_wrapper\"><p><span style=\"font-weight: 400;\">La creazione di un gemello digitale crea un'immagine virtuale di Wiesbaden, una rappresentazione dettagliata in 2D e 3D della citt\u00e0, integrata da dati aggiornati su edifici, trasporti, ambiente e infrastrutture. Questo modello digitale consente di simulare gli sviluppi e rendere visibili scenari che sarebbero difficili da sperimentare nel mondo reale. In questo modo, la pianificazione urbana, la protezione del clima e la mobilit\u00e0 possono essere sostenute in modo specifico: Ad esempio, gli effetti dei nuovi progetti di costruzione, l'ombreggiatura degli edifici, i carichi di alluvione o di calore e i flussi di traffico possono essere esaminati in anticipo. Il gemello digitale rende le connessioni complesse trasparenti e comprensibili per l'amministrazione, la politica e i cittadini, creando cos\u00ec una solida base per decisioni sostenibili.<\/span><\/p>\n<\/div><\/div><\/div><\/div><\/div><div class=\"w-tabs-section has_text_color\" id=\"m45f\" style=\"background:var(--color-header-transparent-text);color:var(--color-header-top-text-hover);\"><button class=\"w-tabs-section-header\" aria-controls=\"content-m45f\" aria-expanded=\"false\"><div class=\"w-tabs-section-title\">verde IT<\/div><div class=\"w-tabs-section-control\"><\/div><\/button><div  class=\"w-tabs-section-content\" id=\"content-m45f\"><div class=\"w-tabs-section-content-h i-cf\"><div class=\"wpb_text_column\"><div class=\"wpb_wrapper\"><p><span style=\"font-weight: 400;\">Il data center del fornitore di servizi municipali WiTCOM \u00e8 ora completamente alimentato da elettricit\u00e0 naturale. In tal modo abbiamo compiuto un passo importante verso una digitalizzazione rispettosa del clima.<\/span><\/p>\n<\/div><\/div><\/div><\/div><\/div><div class=\"w-tabs-section has_text_color\" id=\"p577\" style=\"background:var(--color-header-transparent-text);color:var(--color-header-top-text-hover);\"><button class=\"w-tabs-section-header\" aria-controls=\"content-p577\" aria-expanded=\"false\"><div class=\"w-tabs-section-title\">Digitalizzazione della gestione delle costruzioni<\/div><div class=\"w-tabs-section-control\"><\/div><\/button><div  class=\"w-tabs-section-content\" id=\"content-p577\"><div class=\"w-tabs-section-content-h i-cf\"><div class=\"wpb_text_column\"><div class=\"wpb_wrapper\"><p><span style=\"font-weight: 400;\">Wiesbaden rende i processi di costruzione pi\u00f9 veloci, trasparenti e accessibili digitalmente. Architetti e costruttori possono presentare domande di costruzione, nonch\u00e9 domande di permessi di costruzione e protezione dei monumenti completamente online. Con la domanda di costruzione ibrida dal 2023, la presentazione digitale dei documenti in formato PDF \u00e8 possibile: le copie cartacee sono richieste solo una volta di pi\u00f9. Allo stesso tempo, l'accesso ai file digitali consente ai costruttori di visualizzare i file di costruzione online e caricare direttamente i documenti richiesti. Ci\u00f2 rende i processi di approvazione molto pi\u00f9 efficienti e convenienti per tutti i soggetti coinvolti.<\/span><\/p>\n<\/div><\/div><\/div><\/div><\/div><div class=\"w-tabs-section has_text_color\" id=\"g6c1\" style=\"background:var(--color-header-transparent-text);color:var(--color-header-top-text-hover);\"><button class=\"w-tabs-section-header\" aria-controls=\"content-g6c1\" aria-expanded=\"false\"><div class=\"w-tabs-section-title\">Servizi digitali per le aziende<\/div><div class=\"w-tabs-section-control\"><\/div><\/button><div  class=\"w-tabs-section-content\" id=\"content-g6c1\"><div class=\"w-tabs-section-content-h i-cf\"><div class=\"wpb_text_column\"><div class=\"wpb_wrapper\"><p><span style=\"font-weight: 400;\">Wiesbaden supporta attivamente le aziende nella loro trasformazione digitale. La Wiesbaden 2030 Crafts Agenda promuove specificamente le imprese artigiane attraverso l'espansione delle infrastrutture in fibra ottica e lo sviluppo di soluzioni innovative per le citt\u00e0 intelligenti. Inoltre, a partire dal 2025, l'account aziendale introdurr\u00e0 l'accesso digitale centrale ai servizi urbani, consentendo alle aziende un accesso diretto e conveniente a tutti i servizi pertinenti.<\/span><\/p>\n<\/div><\/div><\/div><\/div><\/div><\/div><\/div><div class=\"w-separator size_medium\"><\/div><div class=\"w-btn-wrapper align_left\"><a class=\"w-btn us-btn-style_8 icon_atleft\" href=\"https:\/\/gruene-wiesbaden.de\/it\/kommunalwahl\/#Kapitel3\"><i class=\"fas fa-chevron-circle-right\"><\/i><span class=\"w-btn-label\">Torna alla panoramica<\/span><\/a><\/div><div class=\"w-separator size_large\"><\/div><\/div><\/div><\/div><\/div><\/section>","protected":false},"excerpt":{"rendered":"Un'amministrazione moderna ed efficiente \u00e8 essenziale per il funzionamento della nostra democrazia: Decide in modo decisivo come i cittadini sperimentano i servizi e come la nostra citt\u00e0 \u00e8 in grado di agire. In tempi di profondi cambiamenti tecnologici e sociali, nonch\u00e9 di cambiamenti demografici, Wiesbaden deve essere adattata al futuro; allo stesso tempo, \u00e8 necessario affrontare attivamente le carenze di manodopera e di competenze.","protected":false},"author":1,"featured_media":1568,"comment_status":"closed","ping_status":"closed","sticky":false,"template":"","format":"standard","meta":{"footnotes":""},"categories":[16],"tags":[],"class_list":["post-1386","post","type-post","status-publish","format-standard","has-post-thumbnail","hentry","category-kapitel-3"],"yoast_head":"<!-- This site is optimized with the Yoast SEO plugin v27.5 - https:\/\/yoast.com\/product\/yoast-seo-wordpress\/ -->\n<title>Verwaltungsmodernisierung und Digitalisierung - B\u00dcNDNIS 90\/DIE GR\u00dcNEN Wiesbaden<\/title>\n<meta name=\"robots\" content=\"index, follow, max-snippet:-1, max-image-preview:large, max-video-preview:-1\" \/>\n<link rel=\"canonical\" href=\"https:\/\/gruene-wiesbaden.de\/it\/verwaltungsmodernisierung-und-digitalisierung\/\" \/>\n<meta property=\"og:locale\" content=\"it_IT\" \/>\n<meta property=\"og:type\" content=\"article\" \/>\n<meta property=\"og:title\" content=\"Verwaltungsmodernisierung und Digitalisierung - B\u00dcNDNIS 90\/DIE GR\u00dcNEN Wiesbaden\" \/>\n<meta property=\"og:url\" content=\"https:\/\/gruene-wiesbaden.de\/it\/verwaltungsmodernisierung-und-digitalisierung\/\" \/>\n<meta property=\"og:site_name\" content=\"B\u00dcNDNIS 90\/DIE GR\u00dcNEN Wiesbaden\" \/>\n<meta property=\"article:publisher\" content=\"https:\/\/www.facebook.com\/gruene.wi\" \/>\n<meta property=\"article:published_time\" content=\"2025-11-09T22:36:31+00:00\" \/>\n<meta property=\"article:modified_time\" content=\"2026-04-08T22:36:02+00:00\" \/>\n<meta property=\"og:image\" content=\"https:\/\/gruene-wiesbaden.de\/wp-content\/uploads\/2025\/11\/3.6-Verwaltungsmodernisierung-und-Digitalisierung-scaled.jpeg\" \/>\n\t<meta property=\"og:image:width\" content=\"2560\" \/>\n\t<meta property=\"og:image:height\" content=\"1513\" \/>\n\t<meta property=\"og:image:type\" content=\"image\/jpeg\" \/>\n<meta name=\"author\" content=\"admin\" \/>\n<meta name=\"twitter:card\" content=\"summary_large_image\" \/>\n<meta name=\"twitter:label1\" content=\"Scritto da\" \/>\n\t<meta name=\"twitter:data1\" content=\"admin\" \/>\n\t<meta name=\"twitter:label2\" content=\"Tempo di lettura stimato\" \/>\n\t<meta name=\"twitter:data2\" content=\"10 minutes\" \/>\n<script type=\"application\/ld+json\" class=\"yoast-schema-graph\">{\"@context\":\"https:\\\/\\\/schema.org\",\"@graph\":[{\"@type\":\"Article\",\"@id\":\"https:\\\/\\\/gruene-wiesbaden.de\\\/verwaltungsmodernisierung-und-digitalisierung\\\/#article\",\"isPartOf\":{\"@id\":\"https:\\\/\\\/gruene-wiesbaden.de\\\/verwaltungsmodernisierung-und-digitalisierung\\\/\"},\"author\":{\"name\":\"admin\",\"@id\":\"https:\\\/\\\/gruene-wiesbaden.de\\\/#\\\/schema\\\/person\\\/6785c34779159cd4fd86886bb097afe9\"},\"headline\":\"Verwaltungsmodernisierung und Digitalisierung\",\"datePublished\":\"2025-11-09T22:36:31+00:00\",\"dateModified\":\"2026-04-08T22:36:02+00:00\",\"mainEntityOfPage\":{\"@id\":\"https:\\\/\\\/gruene-wiesbaden.de\\\/verwaltungsmodernisierung-und-digitalisierung\\\/\"},\"wordCount\":2776,\"publisher\":{\"@id\":\"https:\\\/\\\/gruene-wiesbaden.de\\\/#organization\"},\"image\":{\"@id\":\"https:\\\/\\\/gruene-wiesbaden.de\\\/verwaltungsmodernisierung-und-digitalisierung\\\/#primaryimage\"},\"thumbnailUrl\":\"https:\\\/\\\/gruene-wiesbaden.de\\\/wp-content\\\/uploads\\\/2025\\\/11\\\/3.6-Verwaltungsmodernisierung-und-Digitalisierung-scaled.jpeg\",\"articleSection\":[\"Kapitel 3\"],\"inLanguage\":\"it-IT\"},{\"@type\":\"WebPage\",\"@id\":\"https:\\\/\\\/gruene-wiesbaden.de\\\/verwaltungsmodernisierung-und-digitalisierung\\\/\",\"url\":\"https:\\\/\\\/gruene-wiesbaden.de\\\/verwaltungsmodernisierung-und-digitalisierung\\\/\",\"name\":\"Verwaltungsmodernisierung und Digitalisierung - B\u00dcNDNIS 90\\\/DIE GR\u00dcNEN Wiesbaden\",\"isPartOf\":{\"@id\":\"https:\\\/\\\/gruene-wiesbaden.de\\\/#website\"},\"primaryImageOfPage\":{\"@id\":\"https:\\\/\\\/gruene-wiesbaden.de\\\/verwaltungsmodernisierung-und-digitalisierung\\\/#primaryimage\"},\"image\":{\"@id\":\"https:\\\/\\\/gruene-wiesbaden.de\\\/verwaltungsmodernisierung-und-digitalisierung\\\/#primaryimage\"},\"thumbnailUrl\":\"https:\\\/\\\/gruene-wiesbaden.de\\\/wp-content\\\/uploads\\\/2025\\\/11\\\/3.6-Verwaltungsmodernisierung-und-Digitalisierung-scaled.jpeg\",\"datePublished\":\"2025-11-09T22:36:31+00:00\",\"dateModified\":\"2026-04-08T22:36:02+00:00\",\"breadcrumb\":{\"@id\":\"https:\\\/\\\/gruene-wiesbaden.de\\\/verwaltungsmodernisierung-und-digitalisierung\\\/#breadcrumb\"},\"inLanguage\":\"it-IT\",\"potentialAction\":[{\"@type\":\"ReadAction\",\"target\":[\"https:\\\/\\\/gruene-wiesbaden.de\\\/verwaltungsmodernisierung-und-digitalisierung\\\/\"]}]},{\"@type\":\"ImageObject\",\"inLanguage\":\"it-IT\",\"@id\":\"https:\\\/\\\/gruene-wiesbaden.de\\\/verwaltungsmodernisierung-und-digitalisierung\\\/#primaryimage\",\"url\":\"https:\\\/\\\/gruene-wiesbaden.de\\\/wp-content\\\/uploads\\\/2025\\\/11\\\/3.6-Verwaltungsmodernisierung-und-Digitalisierung-scaled.jpeg\",\"contentUrl\":\"https:\\\/\\\/gruene-wiesbaden.de\\\/wp-content\\\/uploads\\\/2025\\\/11\\\/3.6-Verwaltungsmodernisierung-und-Digitalisierung-scaled.jpeg\",\"width\":2560,\"height\":1513,\"caption\":\"Hand touching secure access service edge icon on smartphone virtual screen background, password, network, framework and support technology in office. secure access service edge concept.\"},{\"@type\":\"BreadcrumbList\",\"@id\":\"https:\\\/\\\/gruene-wiesbaden.de\\\/verwaltungsmodernisierung-und-digitalisierung\\\/#breadcrumb\",\"itemListElement\":[{\"@type\":\"ListItem\",\"position\":1,\"name\":\"Startseite\",\"item\":\"https:\\\/\\\/gruene-wiesbaden.de\\\/\"},{\"@type\":\"ListItem\",\"position\":2,\"name\":\"Verwaltungsmodernisierung und Digitalisierung\"}]},{\"@type\":\"WebSite\",\"@id\":\"https:\\\/\\\/gruene-wiesbaden.de\\\/#website\",\"url\":\"https:\\\/\\\/gruene-wiesbaden.de\\\/\",\"name\":\"DIE GR\u00dcNEN Wiesbaden\",\"description\":\"\",\"publisher\":{\"@id\":\"https:\\\/\\\/gruene-wiesbaden.de\\\/#organization\"},\"potentialAction\":[{\"@type\":\"SearchAction\",\"target\":{\"@type\":\"EntryPoint\",\"urlTemplate\":\"https:\\\/\\\/gruene-wiesbaden.de\\\/?s={search_term_string}\"},\"query-input\":{\"@type\":\"PropertyValueSpecification\",\"valueRequired\":true,\"valueName\":\"search_term_string\"}}],\"inLanguage\":\"it-IT\"},{\"@type\":\"Organization\",\"@id\":\"https:\\\/\\\/gruene-wiesbaden.de\\\/#organization\",\"name\":\"DIE GR\u00dcNEN Wiesbaden\",\"url\":\"https:\\\/\\\/gruene-wiesbaden.de\\\/\",\"logo\":{\"@type\":\"ImageObject\",\"inLanguage\":\"it-IT\",\"@id\":\"https:\\\/\\\/gruene-wiesbaden.de\\\/#\\\/schema\\\/logo\\\/image\\\/\",\"url\":\"https:\\\/\\\/gruene-wiesbaden-fuer-europa.de\\\/wp-content\\\/uploads\\\/2024\\\/04\\\/Machen-was-zaehlt-5.png\",\"contentUrl\":\"https:\\\/\\\/gruene-wiesbaden-fuer-europa.de\\\/wp-content\\\/uploads\\\/2024\\\/04\\\/Machen-was-zaehlt-5.png\",\"width\":1772,\"height\":1772,\"caption\":\"DIE GR\u00dcNEN Wiesbaden\"},\"image\":{\"@id\":\"https:\\\/\\\/gruene-wiesbaden.de\\\/#\\\/schema\\\/logo\\\/image\\\/\"},\"sameAs\":[\"https:\\\/\\\/www.facebook.com\\\/gruene.wi\",\"https:\\\/\\\/instagram.com\\\/gruene_wi\"]},{\"@type\":\"Person\",\"@id\":\"https:\\\/\\\/gruene-wiesbaden.de\\\/#\\\/schema\\\/person\\\/6785c34779159cd4fd86886bb097afe9\",\"name\":\"admin\",\"sameAs\":[\"http:\\\/\\\/gruene-wiesbaden-fuer-europa.de\"],\"url\":\"https:\\\/\\\/gruene-wiesbaden.de\\\/it\\\/author\\\/admin\\\/\"}]}<\/script>\n<!-- \/ Yoast SEO plugin. -->","yoast_head_json":{"title":"Verwaltungsmodernisierung und Digitalisierung - B\u00dcNDNIS 90\/DIE GR\u00dcNEN Wiesbaden","robots":{"index":"index","follow":"follow","max-snippet":"max-snippet:-1","max-image-preview":"max-image-preview:large","max-video-preview":"max-video-preview:-1"},"canonical":"https:\/\/gruene-wiesbaden.de\/it\/verwaltungsmodernisierung-und-digitalisierung\/","og_locale":"it_IT","og_type":"article","og_title":"Verwaltungsmodernisierung und Digitalisierung - B\u00dcNDNIS 90\/DIE GR\u00dcNEN Wiesbaden","og_url":"https:\/\/gruene-wiesbaden.de\/it\/verwaltungsmodernisierung-und-digitalisierung\/","og_site_name":"B\u00dcNDNIS 90\/DIE GR\u00dcNEN Wiesbaden","article_publisher":"https:\/\/www.facebook.com\/gruene.wi","article_published_time":"2025-11-09T22:36:31+00:00","article_modified_time":"2026-04-08T22:36:02+00:00","og_image":[{"width":2560,"height":1513,"url":"https:\/\/gruene-wiesbaden.de\/wp-content\/uploads\/2025\/11\/3.6-Verwaltungsmodernisierung-und-Digitalisierung-scaled.jpeg","type":"image\/jpeg"}],"author":"admin","twitter_card":"summary_large_image","twitter_misc":{"Scritto da":"admin","Tempo di lettura stimato":"10 minutes"},"schema":{"@context":"https:\/\/schema.org","@graph":[{"@type":"Article","@id":"https:\/\/gruene-wiesbaden.de\/verwaltungsmodernisierung-und-digitalisierung\/#article","isPartOf":{"@id":"https:\/\/gruene-wiesbaden.de\/verwaltungsmodernisierung-und-digitalisierung\/"},"author":{"name":"admin","@id":"https:\/\/gruene-wiesbaden.de\/#\/schema\/person\/6785c34779159cd4fd86886bb097afe9"},"headline":"Verwaltungsmodernisierung und Digitalisierung","datePublished":"2025-11-09T22:36:31+00:00","dateModified":"2026-04-08T22:36:02+00:00","mainEntityOfPage":{"@id":"https:\/\/gruene-wiesbaden.de\/verwaltungsmodernisierung-und-digitalisierung\/"},"wordCount":2776,"publisher":{"@id":"https:\/\/gruene-wiesbaden.de\/#organization"},"image":{"@id":"https:\/\/gruene-wiesbaden.de\/verwaltungsmodernisierung-und-digitalisierung\/#primaryimage"},"thumbnailUrl":"https:\/\/gruene-wiesbaden.de\/wp-content\/uploads\/2025\/11\/3.6-Verwaltungsmodernisierung-und-Digitalisierung-scaled.jpeg","articleSection":["Kapitel 3"],"inLanguage":"it-IT"},{"@type":"WebPage","@id":"https:\/\/gruene-wiesbaden.de\/verwaltungsmodernisierung-und-digitalisierung\/","url":"https:\/\/gruene-wiesbaden.de\/verwaltungsmodernisierung-und-digitalisierung\/","name":"Verwaltungsmodernisierung und Digitalisierung - B\u00dcNDNIS 90\/DIE GR\u00dcNEN Wiesbaden","isPartOf":{"@id":"https:\/\/gruene-wiesbaden.de\/#website"},"primaryImageOfPage":{"@id":"https:\/\/gruene-wiesbaden.de\/verwaltungsmodernisierung-und-digitalisierung\/#primaryimage"},"image":{"@id":"https:\/\/gruene-wiesbaden.de\/verwaltungsmodernisierung-und-digitalisierung\/#primaryimage"},"thumbnailUrl":"https:\/\/gruene-wiesbaden.de\/wp-content\/uploads\/2025\/11\/3.6-Verwaltungsmodernisierung-und-Digitalisierung-scaled.jpeg","datePublished":"2025-11-09T22:36:31+00:00","dateModified":"2026-04-08T22:36:02+00:00","breadcrumb":{"@id":"https:\/\/gruene-wiesbaden.de\/verwaltungsmodernisierung-und-digitalisierung\/#breadcrumb"},"inLanguage":"it-IT","potentialAction":[{"@type":"ReadAction","target":["https:\/\/gruene-wiesbaden.de\/verwaltungsmodernisierung-und-digitalisierung\/"]}]},{"@type":"ImageObject","inLanguage":"it-IT","@id":"https:\/\/gruene-wiesbaden.de\/verwaltungsmodernisierung-und-digitalisierung\/#primaryimage","url":"https:\/\/gruene-wiesbaden.de\/wp-content\/uploads\/2025\/11\/3.6-Verwaltungsmodernisierung-und-Digitalisierung-scaled.jpeg","contentUrl":"https:\/\/gruene-wiesbaden.de\/wp-content\/uploads\/2025\/11\/3.6-Verwaltungsmodernisierung-und-Digitalisierung-scaled.jpeg","width":2560,"height":1513,"caption":"Hand touching secure access service edge icon on smartphone virtual screen background, password, network, framework and support technology in office. secure access service edge concept."},{"@type":"BreadcrumbList","@id":"https:\/\/gruene-wiesbaden.de\/verwaltungsmodernisierung-und-digitalisierung\/#breadcrumb","itemListElement":[{"@type":"ListItem","position":1,"name":"Startseite","item":"https:\/\/gruene-wiesbaden.de\/"},{"@type":"ListItem","position":2,"name":"Verwaltungsmodernisierung und Digitalisierung"}]},{"@type":"WebSite","@id":"https:\/\/gruene-wiesbaden.de\/#website","url":"https:\/\/gruene-wiesbaden.de\/","name":"DIE GR\u00dcNEN Wiesbaden","description":"","publisher":{"@id":"https:\/\/gruene-wiesbaden.de\/#organization"},"potentialAction":[{"@type":"SearchAction","target":{"@type":"EntryPoint","urlTemplate":"https:\/\/gruene-wiesbaden.de\/?s={search_term_string}"},"query-input":{"@type":"PropertyValueSpecification","valueRequired":true,"valueName":"search_term_string"}}],"inLanguage":"it-IT"},{"@type":"Organization","@id":"https:\/\/gruene-wiesbaden.de\/#organization","name":"DIE GR\u00dcNEN Wiesbaden","url":"https:\/\/gruene-wiesbaden.de\/","logo":{"@type":"ImageObject","inLanguage":"it-IT","@id":"https:\/\/gruene-wiesbaden.de\/#\/schema\/logo\/image\/","url":"https:\/\/gruene-wiesbaden-fuer-europa.de\/wp-content\/uploads\/2024\/04\/Machen-was-zaehlt-5.png","contentUrl":"https:\/\/gruene-wiesbaden-fuer-europa.de\/wp-content\/uploads\/2024\/04\/Machen-was-zaehlt-5.png","width":1772,"height":1772,"caption":"DIE GR\u00dcNEN Wiesbaden"},"image":{"@id":"https:\/\/gruene-wiesbaden.de\/#\/schema\/logo\/image\/"},"sameAs":["https:\/\/www.facebook.com\/gruene.wi","https:\/\/instagram.com\/gruene_wi"]},{"@type":"Person","@id":"https:\/\/gruene-wiesbaden.de\/#\/schema\/person\/6785c34779159cd4fd86886bb097afe9","name":"admin","sameAs":["http:\/\/gruene-wiesbaden-fuer-europa.de"],"url":"https:\/\/gruene-wiesbaden.de\/it\/author\/admin\/"}]}},"_links":{"self":[{"href":"https:\/\/gruene-wiesbaden.de\/it\/wp-json\/wp\/v2\/posts\/1386","targetHints":{"allow":["GET"]}}],"collection":[{"href":"https:\/\/gruene-wiesbaden.de\/it\/wp-json\/wp\/v2\/posts"}],"about":[{"href":"https:\/\/gruene-wiesbaden.de\/it\/wp-json\/wp\/v2\/types\/post"}],"author":[{"embeddable":true,"href":"https:\/\/gruene-wiesbaden.de\/it\/wp-json\/wp\/v2\/users\/1"}],"replies":[{"embeddable":true,"href":"https:\/\/gruene-wiesbaden.de\/it\/wp-json\/wp\/v2\/comments?post=1386"}],"version-history":[{"count":7,"href":"https:\/\/gruene-wiesbaden.de\/it\/wp-json\/wp\/v2\/posts\/1386\/revisions"}],"predecessor-version":[{"id":2384,"href":"https:\/\/gruene-wiesbaden.de\/it\/wp-json\/wp\/v2\/posts\/1386\/revisions\/2384"}],"wp:featuredmedia":[{"embeddable":true,"href":"https:\/\/gruene-wiesbaden.de\/it\/wp-json\/wp\/v2\/media\/1568"}],"wp:attachment":[{"href":"https:\/\/gruene-wiesbaden.de\/it\/wp-json\/wp\/v2\/media?parent=1386"}],"wp:term":[{"taxonomy":"category","embeddable":true,"href":"https:\/\/gruene-wiesbaden.de\/it\/wp-json\/wp\/v2\/categories?post=1386"},{"taxonomy":"post_tag","embeddable":true,"href":"https:\/\/gruene-wiesbaden.de\/it\/wp-json\/wp\/v2\/tags?post=1386"}],"curies":[{"name":"wp","href":"https:\/\/api.w.org\/{rel}","templated":true}]}}