{"id":1380,"date":"2025-11-10T00:33:24","date_gmt":"2025-11-09T22:33:24","guid":{"rendered":"https:\/\/gruene-wiesbaden.de\/?p=1380"},"modified":"2026-04-09T00:29:47","modified_gmt":"2026-04-08T22:29:47","slug":"wirtschaftsfoerderung-und-beschaeftigung","status":"publish","type":"post","link":"https:\/\/gruene-wiesbaden.de\/it\/wirtschaftsfoerderung-und-beschaeftigung\/","title":{"rendered":"Sviluppo economico e occupazione"},"content":{"rendered":"<section class=\"l-section wpb_row height_medium with_img\"><div class=\"l-section-img\" role=\"img\" data-img-width=\"1080\" data-img-height=\"800\" style=\"background-image: url(https:\/\/gruene-wiesbaden.de\/wp-content\/uploads\/2025\/11\/neuer-Verlauf-gruene-wiesbaden.de_-2-e1762709402177.png);\"><\/div><div class=\"l-section-overlay\" style=\"background:var(--color-header-top-transparent-bg)\"><\/div><div class=\"l-section-h i-cf\"><div class=\"g-cols vc_row via_grid cols_1 laptops-cols_inherit tablets-cols_inherit mobiles-cols_1 valign_top type_default stacking_default\"><div class=\"wpb_column vc_column_container\"><div class=\"vc_column-inner\"><h1 class=\"w-post-elm post_title us_custom_a574d586 has_text_color entry-title\">Sviluppo economico e occupazione<\/h1><div class=\"w-separator size_medium\"><\/div><div class=\"g-cols wpb_row via_grid cols_2-1 laptops-cols_inherit tablets-cols_inherit mobiles-cols_1 valign_top type_default stacking_default\" style=\"--columns-gap:3rem;\"><div class=\"wpb_column vc_column_container\"><div class=\"vc_column-inner\"><div class=\"wpb_text_column us_custom_8b3d6790 has_text_color\"><div class=\"wpb_wrapper\"><p><span style=\"font-weight: 400;\">Le decisioni comunali hanno un impatto diretto sull'economia locale, sull'occupazione e sulla qualit\u00e0 della vita. Con un supporto mirato alle aziende di vari settori, artigianato, start-up e turismo, garantiamo occupazione, innovazione e lavoratori qualificati a Wiesbaden e stabiliamo la strada per una trasformazione e una ripresa economica di successo. Assegniamo appalti pubblici in modo equo, tenendo conto della conformit\u00e0 tariffaria e dei criteri di sostenibilit\u00e0. La digitalizzazione, le infrastrutture moderne e le reti strategiche tra imprese, istruzione e amministrazione rendono Wiesbaden resiliente e attraente, in quanto luogo equo, innovativo e sostenibile per le imprese, i dipendenti e l'intera societ\u00e0 cittadina.<\/span><\/p>\n<\/div><\/div><div class=\"w-separator size_medium\"><\/div><div class=\"w-btn-wrapper align_left\"><a class=\"w-btn us-btn-style_8 icon_atleft\" href=\"https:\/\/gruene-wiesbaden.de\/it\/kommunalwahl\/#Kapitel3\"><i class=\"fas fa-chevron-circle-right\"><\/i><span class=\"w-btn-label\">Torna alla panoramica<\/span><\/a><\/div><\/div><\/div><div class=\"wpb_column vc_column_container\"><div class=\"vc_column-inner\"><div class=\"w-image align_center\"><div class=\"w-image-h\"><img decoding=\"async\" width=\"2560\" height=\"1707\" src=\"https:\/\/gruene-wiesbaden.de\/wp-content\/uploads\/2025\/11\/3.3-Wirtschaftsfoerderung-und-Beschaeftigung-scaled.jpeg\" class=\"attachment-full size-full\" alt=\"\" loading=\"lazy\" srcset=\"https:\/\/gruene-wiesbaden.de\/wp-content\/uploads\/2025\/11\/3.3-Wirtschaftsfoerderung-und-Beschaeftigung-scaled.jpeg 2560w, https:\/\/gruene-wiesbaden.de\/wp-content\/uploads\/2025\/11\/3.3-Wirtschaftsfoerderung-und-Beschaeftigung-400x267.jpeg 400w, https:\/\/gruene-wiesbaden.de\/wp-content\/uploads\/2025\/11\/3.3-Wirtschaftsfoerderung-und-Beschaeftigung-600x400.jpeg 600w\" sizes=\"auto, (max-width: 2560px) 100vw, 2560px\" \/><\/div><\/div><div class=\"w-separator size_small\"><\/div><\/div><\/div><\/div><div class=\"w-separator size_medium\"><\/div><div class=\"w-separator size_medium\"><\/div><div class=\"wpb_text_column\"><div class=\"wpb_wrapper\"><h1>Che cosa significano per noi un forte sviluppo economico e una buona politica occupazionale<\/h1>\n<\/div><\/div><div class=\"w-separator size_large\"><\/div><div class=\"g-cols wpb_row via_grid cols_3 laptops-cols_inherit tablets-cols_inherit mobiles-cols_1 valign_top type_default stacking_default\" style=\"--columns-gap:3rem;\"><div class=\"wpb_column vc_column_container\"><div class=\"vc_column-inner\"><div class=\"w-iconbox us_custom_8b3d6790 has_text_color iconpos_left style_default color_custom align_left\"><div class=\"w-iconbox-icon\" style=\"font-size:2rem;--icon-color:#Ffffff;--icon-bg-color:var(--color-header-middle-bg);\"><i class=\"fas fa-layer-group\"><\/i><\/div><div class=\"w-iconbox-meta\"><h4 class=\"w-iconbox-title\" style=\"font-size:1.5rem;\">Sostenibilit\u00e0 e consapevolezza ambientale<\/h4><div class=\"w-iconbox-text\"><p><span style=\"font-weight: 400;\">Promuoviamo un'economia rispettosa del clima ed efficiente sotto il profilo delle risorse per le imprese sostenibili e i posti di lavoro verdi.<\/span><\/p>\n<\/div><\/div><\/div><\/div><\/div><div class=\"wpb_column vc_column_container\"><div class=\"vc_column-inner\"><div class=\"w-iconbox us_custom_8b3d6790 has_text_color iconpos_left style_default color_custom align_left\"><div class=\"w-iconbox-icon\" style=\"font-size:2rem;--icon-color:#Ffffff;--icon-bg-color:var(--color-header-transparent-text);\"><i class=\"fas fa-layer-group\"><\/i><\/div><div class=\"w-iconbox-meta\"><h4 class=\"w-iconbox-title\" style=\"font-size:1.5rem;\">Pari opportunit\u00e0 e compatibilit\u00e0 con le PMI<\/h4><div class=\"w-iconbox-text\"><p><span style=\"font-weight: 400;\">Assegniamo appalti pubblici in modo equo, di medie dimensioni e favorevole alle startup, in un'ottica di fidelizzazione tariffaria e integrazione. Con programmi adeguati, sosteniamo nella qualificazione e nell'occupazione.<\/span><\/p>\n<\/div><\/div><\/div><\/div><\/div><div class=\"wpb_column vc_column_container\"><div class=\"vc_column-inner\"><div class=\"w-iconbox us_custom_8b3d6790 has_text_color iconpos_left style_default color_custom align_left\"><div class=\"w-iconbox-icon\" style=\"font-size:2rem;--icon-color:#Ffffff;--icon-bg-color:var(--color-header-transparent-text);\"><i class=\"fas fa-layer-group\"><\/i><\/div><div class=\"w-iconbox-meta\"><h4 class=\"w-iconbox-title\" style=\"font-size:1.5rem;\">Innovazione, digitalizzazione e sostenibilit\u00e0<\/h4><div class=\"w-iconbox-text\"><p><span style=\"font-weight: 400;\">GR\u00dcNE rafforza le start-up, le piattaforme digitali, la ricerca e la messa in rete delle imprese e dell'istruzione al fine di attrarre lavoratori qualificati e rendere Wiesbaden economicamente resiliente.<\/span><\/p>\n<p><br style=\"font-weight: 400;\" \/><br style=\"font-weight: 400;\" \/><\/p>\n<\/div><\/div><\/div><\/div><\/div><\/div><div class=\"w-separator size_medium\"><\/div><div class=\"g-cols wpb_row via_grid cols_3 laptops-cols_inherit tablets-cols_inherit mobiles-cols_1 valign_top type_default stacking_default\" style=\"--columns-gap:3rem;\"><div class=\"wpb_column vc_column_container\"><div class=\"vc_column-inner\"><div class=\"w-iconbox us_custom_8b3d6790 has_text_color iconpos_left style_default color_custom align_left\"><div class=\"w-iconbox-icon\" style=\"font-size:2rem;--icon-color:#Ffffff;--icon-bg-color:var(--color-header-middle-bg);\"><i class=\"fas fa-layer-group\"><\/i><\/div><div class=\"w-iconbox-meta\"><h4 class=\"w-iconbox-title\" style=\"font-size:1.5rem;\">Cooperazione e dialogo<\/h4><div class=\"w-iconbox-text\"><p><span style=\"font-weight: 400;\">Industria, artigianato, associazioni e amministrazione lavorano a stretto contatto. Insieme sviluppiamo strategie per il turismo sostenibile, una trasformazione di successo del centro citt\u00e0, lo sviluppo economico, la trasformazione verso la neutralit\u00e0 climatica e l'innovazione.<\/span><\/p>\n<\/div><\/div><\/div><\/div><\/div><div class=\"wpb_column vc_column_container\"><div class=\"vc_column-inner\"><div class=\"w-iconbox us_custom_8b3d6790 has_text_color iconpos_left style_default color_custom align_left\"><div class=\"w-iconbox-icon\" style=\"font-size:2rem;--icon-color:#Ffffff;--icon-bg-color:var(--color-header-transparent-text);\"><i class=\"fas fa-layer-group\"><\/i><\/div><div class=\"w-iconbox-meta\"><h4 class=\"w-iconbox-title\" style=\"font-size:1.5rem;\">Sviluppo professionale e formazione<\/h4><div class=\"w-iconbox-text\"><p><span style=\"font-weight: 400;\">Promuoviamo i giovani talenti, le qualifiche e le prospettive di carriera in tutti i settori: radar di formazione, iniziative in materia di competenze e piattaforme digitali garantiscono la conservazione dei talenti e delle competenze.<\/span><\/p>\n<\/div><\/div><\/div><\/div><\/div><div class=\"wpb_column vc_column_container\"><div class=\"vc_column-inner\"><div class=\"w-iconbox us_custom_8b3d6790 has_text_color iconpos_left style_default color_custom align_left\"><div class=\"w-iconbox-icon\" style=\"font-size:2rem;--icon-color:#Ffffff;--icon-bg-color:var(--color-header-transparent-text);\"><i class=\"fas fa-layer-group\"><\/i><\/div><div class=\"w-iconbox-meta\"><h4 class=\"w-iconbox-title\" style=\"font-size:1.5rem;\">Attrattiva della posizione di Wiesbaden<\/h4><div class=\"w-iconbox-text\"><p><span style=\"font-weight: 400;\">Rinvigoriamo il centro citt\u00e0, il turismo e l'economia locale, creiamo posti di lavoro e combiniamo cultura, incontro e innovazione in una posizione attraente.<\/span><\/p>\n<\/div><\/div><\/div><\/div><\/div><\/div><div class=\"w-separator size_medium\"><\/div><div class=\"w-btn-wrapper align_left\"><a class=\"w-btn us-btn-style_8 icon_atleft\" href=\"https:\/\/gruene-wiesbaden.de\/it\/kommunalwahl\/#Kapitel3\"><i class=\"fas fa-chevron-circle-right\"><\/i><span class=\"w-btn-label\">Torna alla panoramica<\/span><\/a><\/div><div class=\"w-separator size_medium\"><\/div><\/div><\/div><\/div><\/div><\/section><section class=\"l-section wpb_row height_auto with_img\"><div class=\"l-section-img\" role=\"img\" data-img-width=\"2560\" data-img-height=\"1707\" style=\"background-image: url(https:\/\/gruene-wiesbaden.de\/wp-content\/uploads\/2025\/11\/3.3-Wirtschaftsfoerderung-und-Beschaeftigung-scaled.jpeg);background-repeat: no-repeat;\"><\/div><div class=\"l-section-overlay\" style=\"background:var(--color-header-top-transparent-bg)\"><\/div><div class=\"l-section-h i-cf\"><div class=\"g-cols vc_row via_grid cols_1 laptops-cols_inherit tablets-cols_inherit mobiles-cols_1 valign_middle type_default stacking_default\" style=\"--columns-gap:1rem;\"><div class=\"wpb_column vc_column_container\"><div class=\"vc_column-inner\"><div class=\"w-separator size_large\"><\/div><div class=\"wpb_text_column background_inside_text\"><div class=\"wpb_wrapper\"><h1>Cosa vogliamo fare specificamente in questo settore<\/h1>\n<\/div><\/div><div class=\"w-separator size_medium\"><\/div><div class=\"w-tabs us_custom_42d693a0 has_text_color style_default switch_click accordion has_scrolling\" style=\"--sections-title-size:1.4rem\"><div class=\"w-tabs-sections titles-align_none icon_chevron cpos_right\"><div class=\"w-tabs-section has_text_color\" id=\"s935\" style=\"background:var(--color-header-transparent-text);color:var(--color-header-top-text-hover);\"><button class=\"w-tabs-section-header\" aria-controls=\"content-s935\" aria-expanded=\"false\"><div class=\"w-tabs-section-title\">Appalti sostenibili e favorevoli alle PMI<\/div><div class=\"w-tabs-section-control\"><\/div><\/button><div  class=\"w-tabs-section-content\" id=\"content-s935\"><div class=\"w-tabs-section-content-h i-cf\"><div class=\"wpb_text_column\"><div class=\"wpb_wrapper\"><p><span style=\"font-weight: 400;\">Gli appalti pubblici rappresentano una leva importante per i comuni nella definizione delle relazioni economiche locali. Vogliamo rendere l'aggiudicazione degli appalti pubblici pi\u00f9 media e favorevole all'innovazione, in modo che le imprese e le start-up locali siano servite meglio. Inoltre, vogliamo che si tenga conto di criteri di sostenibilit\u00e0 sistematici come i costi del ciclo di vita e il rispetto delle tariffe.<\/span><\/p>\n<\/div><\/div><\/div><\/div><\/div><div class=\"w-tabs-section has_text_color\" id=\"ya52\" style=\"background:var(--color-header-transparent-text);color:var(--color-header-top-text-hover);\"><button class=\"w-tabs-section-header\" aria-controls=\"content-ya52\" aria-expanded=\"false\"><div class=\"w-tabs-section-title\">Rafforzare il ruolo della politica locale del mercato del lavoro<\/div><div class=\"w-tabs-section-control\"><\/div><\/button><div  class=\"w-tabs-section-content\" id=\"content-ya52\"><div class=\"w-tabs-section-content-h i-cf\"><div class=\"wpb_text_column\"><div class=\"wpb_wrapper\"><p><span style=\"font-weight: 400;\">Wiesbaden non dovrebbe lasciare indietro nessuno. Vogliamo coordinare meglio le offerte di promozione dell'occupazione e integrare le misure aziendali e non aziendali. L'obiettivo \u00e8 fornire qualifiche a bassa soglia, programmi su misura per i giovani, le persone con una storia di migrazione, i rifugiati e i disoccupati di lungo periodo. Riceveremo il Wiesbaden Youth Workshop. Vogliamo rivedere il modello \"Optionskommune\".<\/span><\/p>\n<\/div><\/div><\/div><\/div><\/div><div class=\"w-tabs-section has_text_color\" id=\"nb70\" style=\"background:var(--color-header-transparent-text);color:var(--color-header-top-text-hover);\"><button class=\"w-tabs-section-header\" aria-controls=\"content-nb70\" aria-expanded=\"false\"><div class=\"w-tabs-section-title\">Aprire ulteriormente le porte al mercato del lavoro<\/div><div class=\"w-tabs-section-control\"><\/div><\/button><div  class=\"w-tabs-section-content\" id=\"content-nb70\"><div class=\"w-tabs-section-content-h i-cf\"><div class=\"wpb_text_column\"><div class=\"wpb_wrapper\"><p><span style=\"font-weight: 400;\">Vogliamo perseguire costantemente il percorso intrapreso dal progetto sul mercato del lavoro \"Stay in Wiesbaden\" e utilizzare tutte le opzioni legali per facilitare l'accesso al mercato del lavoro per i rifugiati. Vorremmo lavorare a stretto contatto con le aziende locali, la Camera dell'Industria e del Commercio e la Camera dell'Artigianato e anche porre un'attenzione particolare al gruppo target di rifugiati nell'ambito della nostra iniziativa specialistica. Le misure che consideriamo importanti includono il sostegno per superare gli ostacoli burocratici e il riconoscimento delle qualifiche straniere, corsi di lingua e preparazione professionale a bassa soglia e sponsorizzazioni tra aziende e rifugiati. Questo \u00e8 il modo in cui creiamo una situazione win-win: I rifugiati hanno una prospettiva reale, le imprese trovano lavoratori qualificati e Wiesbaden diventa pi\u00f9 attraente, in quanto citt\u00e0 di opportunit\u00e0 e coesione.<\/span><\/p>\n<\/div><\/div><\/div><\/div><\/div><div class=\"w-tabs-section has_text_color\" id=\"acac\" style=\"background:var(--color-header-middle-bg);color:var(--color-content-heading);\"><button class=\"w-tabs-section-header\" aria-controls=\"content-acac\" aria-expanded=\"false\"><div class=\"w-tabs-section-title\">Dialogo con l'economia locale<\/div><div class=\"w-tabs-section-control\"><\/div><\/button><div  class=\"w-tabs-section-content\" id=\"content-acac\"><div class=\"w-tabs-section-content-h i-cf\"><div class=\"wpb_text_column\"><div class=\"wpb_wrapper\"><p><span style=\"font-weight: 400;\">Vogliamo continuare il dialogo e la cooperazione costruttiva con le aziende e le loro associazioni. Utilizziamo vari formati, come l'Industrial Advisory Board. Insieme all'artigianalit\u00e0, \u00e8 stata sviluppata l'agenda dell'artigianato, che vogliamo implementare in modo coerente. Siamo convinti che le grandi sfide del cambiamento demografico, della digitalizzazione e della transizione energetica possano essere superate solo attraverso questa cooperazione.<\/span><\/p>\n<\/div><\/div><\/div><\/div><\/div><div class=\"w-tabs-section has_text_color\" id=\"fdc3\" style=\"background:var(--color-header-transparent-text);color:var(--color-header-top-text-hover);\"><button class=\"w-tabs-section-header\" aria-controls=\"content-fdc3\" aria-expanded=\"false\"><div class=\"w-tabs-section-title\">Edilizia sostenibile: un'opportunit\u00e0 per l'artigianato<\/div><div class=\"w-tabs-section-control\"><\/div><\/button><div  class=\"w-tabs-section-content\" id=\"content-fdc3\"><div class=\"w-tabs-section-content-h i-cf\"><div class=\"wpb_text_column\"><div class=\"wpb_wrapper\"><p><span style=\"font-weight: 400;\">La trasformazione ecologica offre grandi opportunit\u00e0 per l'artigianato locale e l'industria delle costruzioni: dalla ristrutturazione energetica al fotovoltaico e alla nuova mobilit\u00e0. Insieme ad associazioni, aziende, agenzie per la protezione del clima e istituzioni educative, vogliamo creare un'alleanza di Wiesbaden per i mestieri verdi, promuovere il networking e la consulenza e acquisire finanziamenti mirati.<\/span><\/p>\n<\/div><\/div><\/div><\/div><\/div><div class=\"w-tabs-section has_text_color\" id=\"teef\" style=\"background:var(--color-header-middle-bg);color:var(--color-header-middle-text);\"><button class=\"w-tabs-section-header\" aria-controls=\"content-teef\" aria-expanded=\"false\"><div class=\"w-tabs-section-title\">Sostenere le imprese nel loro cammino verso la neutralit\u00e0 climatica<\/div><div class=\"w-tabs-section-control\"><\/div><\/button><div  class=\"w-tabs-section-content\" id=\"content-teef\"><div class=\"w-tabs-section-content-h i-cf\"><div class=\"wpb_text_column\"><div class=\"wpb_wrapper\"><p><span style=\"font-weight: 400;\">Un approvvigionamento energetico a impatto climatico zero, sicuro e a prezzi accessibili \u00e8 un fattore di localizzazione essenziale. Vogliamo sostenere le nostre aziende locali in questo modo, attrarre finanziamenti e promuovere una cooperazione innovativa, ad esempio nell'uso del calore di scarto.<\/span><\/p>\n<\/div><\/div><\/div><\/div><\/div><div class=\"w-tabs-section has_text_color\" id=\"l010\" style=\"background:var(--color-header-transparent-text);color:var(--color-header-top-text-hover);\"><button class=\"w-tabs-section-header\" aria-controls=\"content-l010\" aria-expanded=\"false\"><div class=\"w-tabs-section-title\">Promuovere il turismo sostenibile<\/div><div class=\"w-tabs-section-control\"><\/div><\/button><div  class=\"w-tabs-section-content\" id=\"content-l010\"><div class=\"w-tabs-section-content-h i-cf\"><div class=\"wpb_text_column\"><div class=\"wpb_wrapper\"><p><span style=\"font-weight: 400;\">Il turismo \u00e8 una componente centrale della strategia economica urbana con particolare importanza nei settori alberghiero, gastronomico e del commercio al dettaglio. Vogliamo rafforzare ulteriormente Wiesbaden come destinazione turistica attraente e sostenibile. A seguito della commercializzazione congiunta della \"Destinazione Wiesbaden Rheingau\", stiamo creando incentivi per viaggi e trasporti rispettosi del clima rendendo i trasporti pubblici e i servizi di noleggio pi\u00f9 attraenti per i turisti. Continuiamo a sviluppare le offerte per giovani gruppi target, famiglie e turisti culturali. Vogliamo migliorare le informazioni turistiche ed espandere i canali di marketing digitale.<\/span><\/p>\n<\/div><\/div><\/div><\/div><\/div><div class=\"w-tabs-section has_text_color\" id=\"v128\" style=\"background:var(--color-header-transparent-text);color:var(--color-header-top-text-hover);\"><button class=\"w-tabs-section-header\" aria-controls=\"content-v128\" aria-expanded=\"false\"><div class=\"w-tabs-section-title\">Sostenere l'assunzione di lavoratori qualificati<\/div><div class=\"w-tabs-section-control\"><\/div><\/button><div  class=\"w-tabs-section-content\" id=\"content-v128\"><div class=\"w-tabs-section-content-h i-cf\"><div class=\"wpb_text_column\"><div class=\"wpb_wrapper\"><p><span style=\"font-weight: 400;\">La carenza di manodopera qualificata e l'assunzione di giovani talenti sono tra le principali sfide che le imprese devono affrontare. Ci impegniamo a dotare l'\"Iniziativa per i lavoratori qualificati industriali\" sviluppata durante l'ultima legislatura di risorse sufficienti e ad estenderla ad altri settori come l'artigianato e la salute.<\/span><\/p>\n<\/div><\/div><\/div><\/div><\/div><\/div><\/div><div class=\"w-separator size_medium\"><\/div><div class=\"w-btn-wrapper align_left\"><a class=\"w-btn us-btn-style_8 icon_atleft\" href=\"https:\/\/gruene-wiesbaden.de\/it\/kommunalwahl\/#Kapitel3\"><i class=\"fas fa-chevron-circle-right\"><\/i><span class=\"w-btn-label\">Torna alla panoramica<\/span><\/a><\/div><div class=\"w-separator size_large\"><\/div><div class=\"wpb_text_column\"><div class=\"wpb_wrapper\"><h1>Cosa abbiamo gi\u00e0 realizzato<\/h1>\n<\/div><\/div><div class=\"w-separator size_medium\"><\/div><div class=\"w-tabs us_custom_42d693a0 has_text_color style_default switch_click accordion has_scrolling\" style=\"--sections-title-size:1.4rem\"><div class=\"w-tabs-sections titles-align_none icon_chevron cpos_right\"><div class=\"w-tabs-section has_text_color\" id=\"o293\" style=\"background:var(--color-header-transparent-text);color:var(--color-header-top-text-hover);\"><button class=\"w-tabs-section-header\" aria-controls=\"content-o293\" aria-expanded=\"false\"><div class=\"w-tabs-section-title\">Piattaforma opportunit\u00e0 Wiesbaden<\/div><div class=\"w-tabs-section-control\"><\/div><\/button><div  class=\"w-tabs-section-content\" id=\"content-o293\"><div class=\"w-tabs-section-content-h i-cf\"><div class=\"wpb_text_column\"><div class=\"wpb_wrapper\"><p><span style=\"font-weight: 400;\">La piattaforma Opportunities \u00e8 stata lanciata nel 2022 nell'ambito dell'iniziativa WI WORK LIFE - Industry Skills Initiative. Offre ai cittadini sostegno digitale nell'istruzione, nella formazione e nelle carriere e facilita l'accesso alle offerte di lavoro, all'istruzione superiore e agli apprendistati a Wiesbaden.<\/span><\/p>\n<\/div><\/div><\/div><\/div><\/div><div class=\"w-tabs-section has_text_color\" id=\"o3b2\" style=\"background:var(--color-header-transparent-text);color:var(--color-header-top-text-hover);\"><button class=\"w-tabs-section-header\" aria-controls=\"content-o3b2\" aria-expanded=\"false\"><div class=\"w-tabs-section-title\">Radar di addestramento Wiesbaden<\/div><div class=\"w-tabs-section-control\"><\/div><\/button><div  class=\"w-tabs-section-content\" id=\"content-o3b2\"><div class=\"w-tabs-section-content-h i-cf\"><div class=\"wpb_text_column\"><div class=\"wpb_wrapper\"><p><span style=\"font-weight: 400;\">Il radar di addestramento \u00e8 stato introdotto nel 2025. Attraverso questa piattaforma digitale, le aziende possono raccomandare candidati idonei che non possono assumere per motivi di capacit\u00e0 ad altre aziende con sede a Wiesbaden. In questo modo, le opportunit\u00e0 di formazione nella regione rimangono trasparenti e facilmente accessibili.<\/span><\/p>\n<\/div><\/div><\/div><\/div><\/div><div class=\"w-tabs-section has_text_color\" id=\"j4c9\" style=\"background:var(--color-header-transparent-text);color:var(--color-header-top-text-hover);\"><button class=\"w-tabs-section-header\" aria-controls=\"content-j4c9\" aria-expanded=\"false\"><div class=\"w-tabs-section-title\">Forum per l'iniziativa dei lavoratori qualificati del settore<\/div><div class=\"w-tabs-section-control\"><\/div><\/button><div  class=\"w-tabs-section-content\" id=\"content-j4c9\"><div class=\"w-tabs-section-content-h i-cf\"><div class=\"wpb_text_column\"><div class=\"wpb_wrapper\"><p><span style=\"font-weight: 400;\">Il Forum Talent Initiative Industry \u00e8 stato fondato nel 2022. Collega i professionisti in modo digitale e supporta le aziende nella ricerca e nella promozione dei talenti. Allo stesso tempo, facilita lo scambio professionale tra l'industria, gli istituti di istruzione e le organizzazioni al fine di rafforzare il mantenimento di lavoratori qualificati a Wiesbaden.<\/span><\/p>\n<\/div><\/div><\/div><\/div><\/div><div class=\"w-tabs-section has_text_color\" id=\"d5e2\" style=\"background:var(--color-header-middle-bg);color:var(--color-content-heading);\"><button class=\"w-tabs-section-header\" aria-controls=\"content-d5e2\" aria-expanded=\"false\"><div class=\"w-tabs-section-title\">Agenda dell'artigianato Wiesbaden 2030<\/div><div class=\"w-tabs-section-control\"><\/div><\/button><div  class=\"w-tabs-section-content\" id=\"content-d5e2\"><div class=\"w-tabs-section-content-h i-cf\"><div class=\"wpb_text_column\"><div class=\"wpb_wrapper\"><p><span style=\"font-weight: 400;\">Vogliamo un mestiere forte in questa citt\u00e0. Nel maggio 2025 \u00e8 stata presentata l'Agenda dell'artigianato di Wiesbaden 2030. Con esso, rafforziamo le imprese artigiane della nostra citt\u00e0 e le accompagniamo specificamente nella digitalizzazione, nella promozione di giovani talenti e lavoratori qualificati. Espandendo infrastrutture moderne e soluzioni intelligenti, le aziende stanno diventando sostenibili, creando posti di lavoro di alta qualit\u00e0 e contribuendo a plasmare Wiesbaden come una citt\u00e0 vivace e sostenibile.<\/span><\/p>\n<\/div><\/div><\/div><\/div><\/div><div class=\"w-tabs-section has_text_color\" id=\"f703\" style=\"background:var(--color-header-transparent-text);color:var(--color-header-top-text-hover);\"><button class=\"w-tabs-section-header\" aria-controls=\"content-f703\" aria-expanded=\"false\"><div class=\"w-tabs-section-title\">WiCoPop \u2013 Impulsi creativi per il centro citt\u00e0<\/div><div class=\"w-tabs-section-control\"><\/div><\/button><div  class=\"w-tabs-section-content\" id=\"content-f703\"><div class=\"w-tabs-section-content-h i-cf\"><div class=\"wpb_text_column\"><div class=\"wpb_wrapper\"><p><span style=\"font-weight: 400;\">Con WiCoPop, Wiesbaden ha lanciato un progetto innovativo che rilancia i negozi vuoti nel centro della citt\u00e0. Le start-up, i giovani imprenditori e i creativi hanno presentato i loro prodotti, le loro idee e i loro progetti culturali in sale di vendita temporanee ed espositive, gratuite o convenienti sotto il profilo dei costi. WiCoPop non solo ha promosso l'economia locale, ma ha anche creato nuove opportunit\u00e0 di occupazione e start-up, ha rafforzato il centro citt\u00e0 come luogo attraente e ha reso Wiesbaden un vivace luogo di innovazione e incontro per cittadini e imprese.<\/span><\/p>\n<\/div><\/div><\/div><\/div><\/div><div class=\"w-tabs-section has_text_color\" id=\"n852\" style=\"background:var(--color-header-transparent-text);color:var(--color-header-top-text-hover);\"><button class=\"w-tabs-section-header\" aria-controls=\"content-n852\" aria-expanded=\"false\"><div class=\"w-tabs-section-title\">Continuazione del concetto di vendita al dettaglio 2025+<\/div><div class=\"w-tabs-section-control\"><\/div><\/button><div  class=\"w-tabs-section-content\" id=\"content-n852\"><div class=\"w-tabs-section-content-h i-cf\"><div class=\"wpb_text_column\"><div class=\"wpb_wrapper\"><p><span style=\"font-weight: 400;\">Con la continuazione del concetto di vendita al dettaglio 2025+, Wiesbaden sta specificamente rafforzando il suo centro citt\u00e0 e i suoi quartieri centrali. Il concetto accompagna strategicamente i rivenditori locali, le start-up e i pop-up store e li supporta nell'ulteriore sviluppo della loro offerta, sia a livello locale che digitale. L'obiettivo \u00e8 quello di rendere il centro della citt\u00e0 vivace e attraente, garantire l'occupazione e posizionare Wiesbaden come una posizione economicamente forte e moderna. L'orientamento a lungo termine andr\u00e0 a beneficio del commercio, dell'economia e dei cittadini.<\/span><\/p>\n<\/div><\/div><\/div><\/div><\/div><div class=\"w-tabs-section has_text_color\" id=\"i987\" style=\"background:var(--color-header-transparent-text);color:var(--color-header-top-text-hover);\"><button class=\"w-tabs-section-header\" aria-controls=\"content-i987\" aria-expanded=\"false\"><div class=\"w-tabs-section-title\">Spazio per parklets<\/div><div class=\"w-tabs-section-control\"><\/div><\/button><div  class=\"w-tabs-section-content\" id=\"content-i987\"><div class=\"w-tabs-section-content-h i-cf\"><div class=\"wpb_text_column\"><div class=\"wpb_wrapper\"><p><span style=\"font-weight: 400;\">Durante la pandemia di coronavirus, i ristoratori di Wiesbaden hanno potuto provare le terrazze temporanee nei parcheggi - i cosiddetti parklet - in modo semplice. Grazie a un nuovo statuto, questi possono ora essere applicati in modo permanente. I parklet rinvigoriscono le strade, creano posti aggiuntivi per gli ospiti e rendono il centro della citt\u00e0 pi\u00f9 attraente per incontri, cultura e shopping.<\/span><\/p>\n<\/div><\/div><\/div><\/div><\/div><div class=\"w-tabs-section has_text_color\" id=\"ba9e\" style=\"background:var(--color-header-transparent-text);color:var(--color-header-top-text-hover);\"><button class=\"w-tabs-section-header\" aria-controls=\"content-ba9e\" aria-expanded=\"false\"><div class=\"w-tabs-section-title\">Il comitato consultivo industriale: Coinvolgimento dell'industria nei processi decisionali<\/div><div class=\"w-tabs-section-control\"><\/div><\/button><div  class=\"w-tabs-section-content\" id=\"content-ba9e\"><div class=\"w-tabs-section-content-h i-cf\"><div class=\"wpb_text_column\"><div class=\"wpb_wrapper\"><p><span style=\"font-weight: 400;\">L'Industry Advisory Board si \u00e8 affermato come punto di contatto centrale per l'economia di Wiesbaden. \u00c8 qui che imprese, camere, universit\u00e0 e sindacati si riuniscono per discutere delle sfide attuali, degli investimenti e dei progetti di innovazione. Sotto la guida del nostro ministro verde e sindaco, l'economia \u00e8 coinvolta nei processi decisionali in una fase iniziale. Ci\u00f2 garantisce che le esigenze del settore siano ascoltate, che l'attrattiva del luogo sia rafforzata e che i posti di lavoro siano garantiti a lungo termine.<\/span><\/p>\n<\/div><\/div><\/div><\/div><\/div><div class=\"w-tabs-section has_text_color\" id=\"ubc0\" style=\"background:var(--color-header-transparent-text);color:var(--color-header-top-text-hover);\"><button class=\"w-tabs-section-header\" aria-controls=\"content-ubc0\" aria-expanded=\"false\"><div class=\"w-tabs-section-title\">Rafforzare la gestione della citt\u00e0 \u2013 rivitalizzare il centro della citt\u00e0<\/div><div class=\"w-tabs-section-control\"><\/div><\/button><div  class=\"w-tabs-section-content\" id=\"content-ubc0\"><div class=\"w-tabs-section-content-h i-cf\"><div class=\"wpb_text_column\"><div class=\"wpb_wrapper\"><p><span style=\"font-weight: 400;\">In tempi di cambiamento, il nostro centro citt\u00e0 ha bisogno di una voce forte. Questo \u00e8 ci\u00f2 che rappresenta il team di gestione della citt\u00e0 urbana sotto la guida del nostro deputato e sindaco GREEN, che, insieme a commercianti e altri attori, promuove un vivace centro citt\u00e0. Coordina eventi, mercati e azioni cittadine, sostiene il commercio e la gastronomia, mette in rete gli attori locali e sviluppa strategie per stimolare e aumentare l'attrattiva. Questo non solo attrae i visitatori, ma rafforza anche i posti di lavoro e assicura il centro della citt\u00e0 come una posizione economicamente vivace. Questo funziona: Nel 2025, rispetto ad altre citt\u00e0 con 250.000 a 600.000 abitanti, la citt\u00e0 di Wiesbaden ha ottenuto il primo posto a livello nazionale nel VITALCity Award, un premio che viene assegnato ogni anno alle citt\u00e0 in Germania al fine di misurare e promuovere la vitalit\u00e0 dei loro centri urbani.<\/span><\/p>\n<\/div><\/div><\/div><\/div><\/div><div class=\"w-tabs-section has_text_color\" id=\"jcdb\" style=\"background:var(--color-header-transparent-text);color:var(--color-header-top-text-hover);\"><button class=\"w-tabs-section-header\" aria-controls=\"content-jcdb\" aria-expanded=\"false\"><div class=\"w-tabs-section-title\">Calendario pi\u00f9 equo delle tariffe per le spese relative alle merci<\/div><div class=\"w-tabs-section-control\"><\/div><\/button><div  class=\"w-tabs-section-content\" id=\"content-jcdb\"><div class=\"w-tabs-section-content-h i-cf\"><div class=\"wpb_text_column\"><div class=\"wpb_wrapper\"><p><span style=\"font-weight: 400;\">Fino alla fine del 2021 le tariffe per l'esposizione delle merci si basavano sui parametri di riferimento a terra della rispettiva situazione stradale. Di conseguenza, i rivenditori in luoghi ad alta frequenza come Kirchgasse dovevano pagare fino a 600 euro al metro quadrato all'anno, mentre i negozi nelle aree meno centrali avevano tariffe significativamente inferiori. Con l'introduzione di un nuovo tariffario per le esposizioni di merci, Wiesbaden ha notevolmente alleviato il commercio al dettaglio nel centro della citt\u00e0. Le tariffe erano trasparenti e scaglionate in base alla posizione nel centro della citt\u00e0, il che significa che molti rivenditori beneficiano di una significativa riduzione dei costi. Questa misura rafforza la competitivit\u00e0 della vendita al dettaglio di mattoni e malta e contribuisce al rilancio del centro citt\u00e0.<\/span><\/p>\n<\/div><\/div><\/div><\/div><\/div><div class=\"w-tabs-section has_text_color\" id=\"vdf4\" style=\"background:var(--color-header-transparent-text);color:var(--color-header-top-text-hover);\"><button class=\"w-tabs-section-header\" aria-controls=\"content-vdf4\" aria-expanded=\"false\"><div class=\"w-tabs-section-title\">Turismo: Destinazione comune Wiesbaden-Rheingau<\/div><div class=\"w-tabs-section-control\"><\/div><\/button><div  class=\"w-tabs-section-content\" id=\"content-vdf4\"><div class=\"w-tabs-section-content-h i-cf\"><div class=\"wpb_text_column\"><div class=\"wpb_wrapper\"><p><span style=\"font-weight: 400;\">Wiesbaden raggruppa le sue offerte turistiche insieme alla regione di Rheingau attraverso la destinazione Wiesbaden Rheingau. Campagne di marketing coordinate, offerte prenotabili e la messa in rete di prodotti locali creano un'esperienza attraente e olistica per i visitatori. La cooperazione promuove il turismo, rafforza la gastronomia, l'industria alberghiera e la cultura e assicura e crea posti di lavoro nella regione. Inoltre, la destinazione \u00e8 stata certificata come destinazione sostenibile dal 2024 e quindi sostiene il turismo rispettoso dell'ambiente.<\/span><\/p>\n<\/div><\/div><\/div><\/div><\/div><div class=\"w-tabs-section has_text_color\" id=\"af13\" style=\"background:var(--color-header-transparent-text);color:var(--color-header-top-text-hover);\"><button class=\"w-tabs-section-header\" aria-controls=\"content-af13\" aria-expanded=\"false\"><div class=\"w-tabs-section-title\">Turismo: Kurhaus e Casin\u00f2<\/div><div class=\"w-tabs-section-control\"><\/div><\/button><div  class=\"w-tabs-section-content\" id=\"content-af13\"><div class=\"w-tabs-section-content-h i-cf\"><div class=\"wpb_text_column\"><div class=\"wpb_wrapper\"><p><span style=\"font-weight: 400;\">La citt\u00e0 di Wiesbaden investe specificamente nel turismo centrale e nelle location per eventi: La ristrutturazione del Kurhaus crea ordini di costruzione e artigianato e garantisce opportunit\u00e0 a lungo termine per l'uso per la cultura e la gastronomia. Allo stesso tempo, Casino e Kurhausgastronomie saranno ri-appaltati, poich\u00e9 scadono i precedenti contratti dell'operatore. Ci\u00f2 garantisce investimenti, concetti moderni e posti di lavoro. Queste misure rafforzano il centro della citt\u00e0 in quanto luogo economicamente attraente per i visitatori e l'occupazione.<\/span><\/p>\n<\/div><\/div><\/div><\/div><\/div><\/div><\/div><div class=\"w-separator size_medium\"><\/div><div class=\"w-btn-wrapper align_left\"><a class=\"w-btn us-btn-style_8 icon_atleft\" href=\"https:\/\/gruene-wiesbaden.de\/it\/kommunalwahl\/#Kapitel3\"><i class=\"fas fa-chevron-circle-right\"><\/i><span class=\"w-btn-label\">Torna alla panoramica<\/span><\/a><\/div><div class=\"w-separator size_large\"><\/div><\/div><\/div><\/div><\/div><\/section>","protected":false},"excerpt":{"rendered":"Le decisioni locali hanno un impatto diretto sull'economia locale, sull'occupazione e sulla qualit\u00e0 della vita. Con un supporto mirato alle aziende di vari settori, artigianato, start-up e turismo, garantiamo occupazione, innovazione e lavoratori qualificati a Wiesbaden e stabiliamo la strada per una trasformazione e una ripresa economica di successo. Assegniamo appalti pubblici in modo equo, tenendo conto della conformit\u00e0 tariffaria e dei criteri di sostenibilit\u00e0.","protected":false},"author":1,"featured_media":1566,"comment_status":"closed","ping_status":"closed","sticky":false,"template":"","format":"standard","meta":{"footnotes":""},"categories":[16],"tags":[],"class_list":["post-1380","post","type-post","status-publish","format-standard","has-post-thumbnail","hentry","category-kapitel-3"],"yoast_head":"<!-- This site is optimized with the Yoast SEO plugin v27.5 - https:\/\/yoast.com\/product\/yoast-seo-wordpress\/ -->\n<title>Wirtschaftsf\u00f6rderung und Besch\u00e4ftigung - B\u00dcNDNIS 90\/DIE GR\u00dcNEN Wiesbaden<\/title>\n<meta name=\"robots\" content=\"index, follow, max-snippet:-1, max-image-preview:large, max-video-preview:-1\" \/>\n<link rel=\"canonical\" href=\"https:\/\/gruene-wiesbaden.de\/it\/wirtschaftsfoerderung-und-beschaeftigung\/\" \/>\n<meta property=\"og:locale\" content=\"it_IT\" \/>\n<meta property=\"og:type\" content=\"article\" \/>\n<meta property=\"og:title\" content=\"Wirtschaftsf\u00f6rderung und Besch\u00e4ftigung - B\u00dcNDNIS 90\/DIE GR\u00dcNEN Wiesbaden\" \/>\n<meta property=\"og:url\" content=\"https:\/\/gruene-wiesbaden.de\/it\/wirtschaftsfoerderung-und-beschaeftigung\/\" \/>\n<meta property=\"og:site_name\" content=\"B\u00dcNDNIS 90\/DIE GR\u00dcNEN Wiesbaden\" \/>\n<meta property=\"article:publisher\" content=\"https:\/\/www.facebook.com\/gruene.wi\" \/>\n<meta property=\"article:published_time\" content=\"2025-11-09T22:33:24+00:00\" \/>\n<meta property=\"article:modified_time\" content=\"2026-04-08T22:29:47+00:00\" \/>\n<meta property=\"og:image\" content=\"https:\/\/gruene-wiesbaden.de\/wp-content\/uploads\/2025\/11\/3.3-Wirtschaftsfoerderung-und-Beschaeftigung-scaled.jpeg\" \/>\n\t<meta property=\"og:image:width\" content=\"2560\" \/>\n\t<meta property=\"og:image:height\" content=\"1707\" \/>\n\t<meta property=\"og:image:type\" content=\"image\/jpeg\" \/>\n<meta name=\"author\" content=\"admin\" \/>\n<meta name=\"twitter:card\" content=\"summary_large_image\" \/>\n<meta name=\"twitter:label1\" content=\"Scritto da\" \/>\n\t<meta name=\"twitter:data1\" content=\"admin\" \/>\n\t<meta name=\"twitter:label2\" content=\"Tempo di lettura stimato\" \/>\n\t<meta name=\"twitter:data2\" content=\"10 minutes\" \/>\n<script type=\"application\/ld+json\" class=\"yoast-schema-graph\">{\"@context\":\"https:\\\/\\\/schema.org\",\"@graph\":[{\"@type\":\"Article\",\"@id\":\"https:\\\/\\\/gruene-wiesbaden.de\\\/wirtschaftsfoerderung-und-beschaeftigung\\\/#article\",\"isPartOf\":{\"@id\":\"https:\\\/\\\/gruene-wiesbaden.de\\\/wirtschaftsfoerderung-und-beschaeftigung\\\/\"},\"author\":{\"name\":\"admin\",\"@id\":\"https:\\\/\\\/gruene-wiesbaden.de\\\/#\\\/schema\\\/person\\\/6785c34779159cd4fd86886bb097afe9\"},\"headline\":\"Wirtschaftsf\u00f6rderung und Besch\u00e4ftigung\",\"datePublished\":\"2025-11-09T22:33:24+00:00\",\"dateModified\":\"2026-04-08T22:29:47+00:00\",\"mainEntityOfPage\":{\"@id\":\"https:\\\/\\\/gruene-wiesbaden.de\\\/wirtschaftsfoerderung-und-beschaeftigung\\\/\"},\"wordCount\":3041,\"publisher\":{\"@id\":\"https:\\\/\\\/gruene-wiesbaden.de\\\/#organization\"},\"image\":{\"@id\":\"https:\\\/\\\/gruene-wiesbaden.de\\\/wirtschaftsfoerderung-und-beschaeftigung\\\/#primaryimage\"},\"thumbnailUrl\":\"https:\\\/\\\/gruene-wiesbaden.de\\\/wp-content\\\/uploads\\\/2025\\\/11\\\/3.3-Wirtschaftsfoerderung-und-Beschaeftigung-scaled.jpeg\",\"articleSection\":[\"Kapitel 3\"],\"inLanguage\":\"it-IT\"},{\"@type\":\"WebPage\",\"@id\":\"https:\\\/\\\/gruene-wiesbaden.de\\\/wirtschaftsfoerderung-und-beschaeftigung\\\/\",\"url\":\"https:\\\/\\\/gruene-wiesbaden.de\\\/wirtschaftsfoerderung-und-beschaeftigung\\\/\",\"name\":\"Wirtschaftsf\u00f6rderung und Besch\u00e4ftigung - B\u00dcNDNIS 90\\\/DIE GR\u00dcNEN Wiesbaden\",\"isPartOf\":{\"@id\":\"https:\\\/\\\/gruene-wiesbaden.de\\\/#website\"},\"primaryImageOfPage\":{\"@id\":\"https:\\\/\\\/gruene-wiesbaden.de\\\/wirtschaftsfoerderung-und-beschaeftigung\\\/#primaryimage\"},\"image\":{\"@id\":\"https:\\\/\\\/gruene-wiesbaden.de\\\/wirtschaftsfoerderung-und-beschaeftigung\\\/#primaryimage\"},\"thumbnailUrl\":\"https:\\\/\\\/gruene-wiesbaden.de\\\/wp-content\\\/uploads\\\/2025\\\/11\\\/3.3-Wirtschaftsfoerderung-und-Beschaeftigung-scaled.jpeg\",\"datePublished\":\"2025-11-09T22:33:24+00:00\",\"dateModified\":\"2026-04-08T22:29:47+00:00\",\"breadcrumb\":{\"@id\":\"https:\\\/\\\/gruene-wiesbaden.de\\\/wirtschaftsfoerderung-und-beschaeftigung\\\/#breadcrumb\"},\"inLanguage\":\"it-IT\",\"potentialAction\":[{\"@type\":\"ReadAction\",\"target\":[\"https:\\\/\\\/gruene-wiesbaden.de\\\/wirtschaftsfoerderung-und-beschaeftigung\\\/\"]}]},{\"@type\":\"ImageObject\",\"inLanguage\":\"it-IT\",\"@id\":\"https:\\\/\\\/gruene-wiesbaden.de\\\/wirtschaftsfoerderung-und-beschaeftigung\\\/#primaryimage\",\"url\":\"https:\\\/\\\/gruene-wiesbaden.de\\\/wp-content\\\/uploads\\\/2025\\\/11\\\/3.3-Wirtschaftsfoerderung-und-Beschaeftigung-scaled.jpeg\",\"contentUrl\":\"https:\\\/\\\/gruene-wiesbaden.de\\\/wp-content\\\/uploads\\\/2025\\\/11\\\/3.3-Wirtschaftsfoerderung-und-Beschaeftigung-scaled.jpeg\",\"width\":2560,\"height\":1707},{\"@type\":\"BreadcrumbList\",\"@id\":\"https:\\\/\\\/gruene-wiesbaden.de\\\/wirtschaftsfoerderung-und-beschaeftigung\\\/#breadcrumb\",\"itemListElement\":[{\"@type\":\"ListItem\",\"position\":1,\"name\":\"Startseite\",\"item\":\"https:\\\/\\\/gruene-wiesbaden.de\\\/\"},{\"@type\":\"ListItem\",\"position\":2,\"name\":\"Wirtschaftsf\u00f6rderung und Besch\u00e4ftigung\"}]},{\"@type\":\"WebSite\",\"@id\":\"https:\\\/\\\/gruene-wiesbaden.de\\\/#website\",\"url\":\"https:\\\/\\\/gruene-wiesbaden.de\\\/\",\"name\":\"DIE GR\u00dcNEN Wiesbaden\",\"description\":\"\",\"publisher\":{\"@id\":\"https:\\\/\\\/gruene-wiesbaden.de\\\/#organization\"},\"potentialAction\":[{\"@type\":\"SearchAction\",\"target\":{\"@type\":\"EntryPoint\",\"urlTemplate\":\"https:\\\/\\\/gruene-wiesbaden.de\\\/?s={search_term_string}\"},\"query-input\":{\"@type\":\"PropertyValueSpecification\",\"valueRequired\":true,\"valueName\":\"search_term_string\"}}],\"inLanguage\":\"it-IT\"},{\"@type\":\"Organization\",\"@id\":\"https:\\\/\\\/gruene-wiesbaden.de\\\/#organization\",\"name\":\"DIE GR\u00dcNEN Wiesbaden\",\"url\":\"https:\\\/\\\/gruene-wiesbaden.de\\\/\",\"logo\":{\"@type\":\"ImageObject\",\"inLanguage\":\"it-IT\",\"@id\":\"https:\\\/\\\/gruene-wiesbaden.de\\\/#\\\/schema\\\/logo\\\/image\\\/\",\"url\":\"https:\\\/\\\/gruene-wiesbaden-fuer-europa.de\\\/wp-content\\\/uploads\\\/2024\\\/04\\\/Machen-was-zaehlt-5.png\",\"contentUrl\":\"https:\\\/\\\/gruene-wiesbaden-fuer-europa.de\\\/wp-content\\\/uploads\\\/2024\\\/04\\\/Machen-was-zaehlt-5.png\",\"width\":1772,\"height\":1772,\"caption\":\"DIE GR\u00dcNEN Wiesbaden\"},\"image\":{\"@id\":\"https:\\\/\\\/gruene-wiesbaden.de\\\/#\\\/schema\\\/logo\\\/image\\\/\"},\"sameAs\":[\"https:\\\/\\\/www.facebook.com\\\/gruene.wi\",\"https:\\\/\\\/instagram.com\\\/gruene_wi\"]},{\"@type\":\"Person\",\"@id\":\"https:\\\/\\\/gruene-wiesbaden.de\\\/#\\\/schema\\\/person\\\/6785c34779159cd4fd86886bb097afe9\",\"name\":\"admin\",\"sameAs\":[\"http:\\\/\\\/gruene-wiesbaden-fuer-europa.de\"],\"url\":\"https:\\\/\\\/gruene-wiesbaden.de\\\/it\\\/author\\\/admin\\\/\"}]}<\/script>\n<!-- \/ Yoast SEO plugin. -->","yoast_head_json":{"title":"Wirtschaftsf\u00f6rderung und Besch\u00e4ftigung - B\u00dcNDNIS 90\/DIE GR\u00dcNEN Wiesbaden","robots":{"index":"index","follow":"follow","max-snippet":"max-snippet:-1","max-image-preview":"max-image-preview:large","max-video-preview":"max-video-preview:-1"},"canonical":"https:\/\/gruene-wiesbaden.de\/it\/wirtschaftsfoerderung-und-beschaeftigung\/","og_locale":"it_IT","og_type":"article","og_title":"Wirtschaftsf\u00f6rderung und Besch\u00e4ftigung - B\u00dcNDNIS 90\/DIE GR\u00dcNEN Wiesbaden","og_url":"https:\/\/gruene-wiesbaden.de\/it\/wirtschaftsfoerderung-und-beschaeftigung\/","og_site_name":"B\u00dcNDNIS 90\/DIE GR\u00dcNEN Wiesbaden","article_publisher":"https:\/\/www.facebook.com\/gruene.wi","article_published_time":"2025-11-09T22:33:24+00:00","article_modified_time":"2026-04-08T22:29:47+00:00","og_image":[{"width":2560,"height":1707,"url":"https:\/\/gruene-wiesbaden.de\/wp-content\/uploads\/2025\/11\/3.3-Wirtschaftsfoerderung-und-Beschaeftigung-scaled.jpeg","type":"image\/jpeg"}],"author":"admin","twitter_card":"summary_large_image","twitter_misc":{"Scritto da":"admin","Tempo di lettura stimato":"10 minutes"},"schema":{"@context":"https:\/\/schema.org","@graph":[{"@type":"Article","@id":"https:\/\/gruene-wiesbaden.de\/wirtschaftsfoerderung-und-beschaeftigung\/#article","isPartOf":{"@id":"https:\/\/gruene-wiesbaden.de\/wirtschaftsfoerderung-und-beschaeftigung\/"},"author":{"name":"admin","@id":"https:\/\/gruene-wiesbaden.de\/#\/schema\/person\/6785c34779159cd4fd86886bb097afe9"},"headline":"Wirtschaftsf\u00f6rderung und Besch\u00e4ftigung","datePublished":"2025-11-09T22:33:24+00:00","dateModified":"2026-04-08T22:29:47+00:00","mainEntityOfPage":{"@id":"https:\/\/gruene-wiesbaden.de\/wirtschaftsfoerderung-und-beschaeftigung\/"},"wordCount":3041,"publisher":{"@id":"https:\/\/gruene-wiesbaden.de\/#organization"},"image":{"@id":"https:\/\/gruene-wiesbaden.de\/wirtschaftsfoerderung-und-beschaeftigung\/#primaryimage"},"thumbnailUrl":"https:\/\/gruene-wiesbaden.de\/wp-content\/uploads\/2025\/11\/3.3-Wirtschaftsfoerderung-und-Beschaeftigung-scaled.jpeg","articleSection":["Kapitel 3"],"inLanguage":"it-IT"},{"@type":"WebPage","@id":"https:\/\/gruene-wiesbaden.de\/wirtschaftsfoerderung-und-beschaeftigung\/","url":"https:\/\/gruene-wiesbaden.de\/wirtschaftsfoerderung-und-beschaeftigung\/","name":"Wirtschaftsf\u00f6rderung und Besch\u00e4ftigung - B\u00dcNDNIS 90\/DIE GR\u00dcNEN Wiesbaden","isPartOf":{"@id":"https:\/\/gruene-wiesbaden.de\/#website"},"primaryImageOfPage":{"@id":"https:\/\/gruene-wiesbaden.de\/wirtschaftsfoerderung-und-beschaeftigung\/#primaryimage"},"image":{"@id":"https:\/\/gruene-wiesbaden.de\/wirtschaftsfoerderung-und-beschaeftigung\/#primaryimage"},"thumbnailUrl":"https:\/\/gruene-wiesbaden.de\/wp-content\/uploads\/2025\/11\/3.3-Wirtschaftsfoerderung-und-Beschaeftigung-scaled.jpeg","datePublished":"2025-11-09T22:33:24+00:00","dateModified":"2026-04-08T22:29:47+00:00","breadcrumb":{"@id":"https:\/\/gruene-wiesbaden.de\/wirtschaftsfoerderung-und-beschaeftigung\/#breadcrumb"},"inLanguage":"it-IT","potentialAction":[{"@type":"ReadAction","target":["https:\/\/gruene-wiesbaden.de\/wirtschaftsfoerderung-und-beschaeftigung\/"]}]},{"@type":"ImageObject","inLanguage":"it-IT","@id":"https:\/\/gruene-wiesbaden.de\/wirtschaftsfoerderung-und-beschaeftigung\/#primaryimage","url":"https:\/\/gruene-wiesbaden.de\/wp-content\/uploads\/2025\/11\/3.3-Wirtschaftsfoerderung-und-Beschaeftigung-scaled.jpeg","contentUrl":"https:\/\/gruene-wiesbaden.de\/wp-content\/uploads\/2025\/11\/3.3-Wirtschaftsfoerderung-und-Beschaeftigung-scaled.jpeg","width":2560,"height":1707},{"@type":"BreadcrumbList","@id":"https:\/\/gruene-wiesbaden.de\/wirtschaftsfoerderung-und-beschaeftigung\/#breadcrumb","itemListElement":[{"@type":"ListItem","position":1,"name":"Startseite","item":"https:\/\/gruene-wiesbaden.de\/"},{"@type":"ListItem","position":2,"name":"Wirtschaftsf\u00f6rderung und Besch\u00e4ftigung"}]},{"@type":"WebSite","@id":"https:\/\/gruene-wiesbaden.de\/#website","url":"https:\/\/gruene-wiesbaden.de\/","name":"DIE GR\u00dcNEN Wiesbaden","description":"","publisher":{"@id":"https:\/\/gruene-wiesbaden.de\/#organization"},"potentialAction":[{"@type":"SearchAction","target":{"@type":"EntryPoint","urlTemplate":"https:\/\/gruene-wiesbaden.de\/?s={search_term_string}"},"query-input":{"@type":"PropertyValueSpecification","valueRequired":true,"valueName":"search_term_string"}}],"inLanguage":"it-IT"},{"@type":"Organization","@id":"https:\/\/gruene-wiesbaden.de\/#organization","name":"DIE GR\u00dcNEN Wiesbaden","url":"https:\/\/gruene-wiesbaden.de\/","logo":{"@type":"ImageObject","inLanguage":"it-IT","@id":"https:\/\/gruene-wiesbaden.de\/#\/schema\/logo\/image\/","url":"https:\/\/gruene-wiesbaden-fuer-europa.de\/wp-content\/uploads\/2024\/04\/Machen-was-zaehlt-5.png","contentUrl":"https:\/\/gruene-wiesbaden-fuer-europa.de\/wp-content\/uploads\/2024\/04\/Machen-was-zaehlt-5.png","width":1772,"height":1772,"caption":"DIE GR\u00dcNEN Wiesbaden"},"image":{"@id":"https:\/\/gruene-wiesbaden.de\/#\/schema\/logo\/image\/"},"sameAs":["https:\/\/www.facebook.com\/gruene.wi","https:\/\/instagram.com\/gruene_wi"]},{"@type":"Person","@id":"https:\/\/gruene-wiesbaden.de\/#\/schema\/person\/6785c34779159cd4fd86886bb097afe9","name":"admin","sameAs":["http:\/\/gruene-wiesbaden-fuer-europa.de"],"url":"https:\/\/gruene-wiesbaden.de\/it\/author\/admin\/"}]}},"_links":{"self":[{"href":"https:\/\/gruene-wiesbaden.de\/it\/wp-json\/wp\/v2\/posts\/1380","targetHints":{"allow":["GET"]}}],"collection":[{"href":"https:\/\/gruene-wiesbaden.de\/it\/wp-json\/wp\/v2\/posts"}],"about":[{"href":"https:\/\/gruene-wiesbaden.de\/it\/wp-json\/wp\/v2\/types\/post"}],"author":[{"embeddable":true,"href":"https:\/\/gruene-wiesbaden.de\/it\/wp-json\/wp\/v2\/users\/1"}],"replies":[{"embeddable":true,"href":"https:\/\/gruene-wiesbaden.de\/it\/wp-json\/wp\/v2\/comments?post=1380"}],"version-history":[{"count":7,"href":"https:\/\/gruene-wiesbaden.de\/it\/wp-json\/wp\/v2\/posts\/1380\/revisions"}],"predecessor-version":[{"id":2381,"href":"https:\/\/gruene-wiesbaden.de\/it\/wp-json\/wp\/v2\/posts\/1380\/revisions\/2381"}],"wp:featuredmedia":[{"embeddable":true,"href":"https:\/\/gruene-wiesbaden.de\/it\/wp-json\/wp\/v2\/media\/1566"}],"wp:attachment":[{"href":"https:\/\/gruene-wiesbaden.de\/it\/wp-json\/wp\/v2\/media?parent=1380"}],"wp:term":[{"taxonomy":"category","embeddable":true,"href":"https:\/\/gruene-wiesbaden.de\/it\/wp-json\/wp\/v2\/categories?post=1380"},{"taxonomy":"post_tag","embeddable":true,"href":"https:\/\/gruene-wiesbaden.de\/it\/wp-json\/wp\/v2\/tags?post=1380"}],"curies":[{"name":"wp","href":"https:\/\/api.w.org\/{rel}","templated":true}]}}