{"id":1378,"date":"2025-11-10T00:32:20","date_gmt":"2025-11-09T22:32:20","guid":{"rendered":"https:\/\/gruene-wiesbaden.de\/?p=1378"},"modified":"2026-04-09T00:27:51","modified_gmt":"2026-04-08T22:27:51","slug":"wiesbaden-als-attraktiver-wirtschaftsstandort","status":"publish","type":"post","link":"https:\/\/gruene-wiesbaden.de\/it\/wiesbaden-als-attraktiver-wirtschaftsstandort\/","title":{"rendered":"Wiesbaden come un'attraente posizione commerciale"},"content":{"rendered":"<section class=\"l-section wpb_row height_medium with_img\"><div class=\"l-section-img\" role=\"img\" data-img-width=\"1080\" data-img-height=\"800\" style=\"background-image: url(https:\/\/gruene-wiesbaden.de\/wp-content\/uploads\/2025\/11\/neuer-Verlauf-gruene-wiesbaden.de_-2-e1762709402177.png);\"><\/div><div class=\"l-section-overlay\" style=\"background:var(--color-header-top-transparent-bg)\"><\/div><div class=\"l-section-h i-cf\"><div class=\"g-cols vc_row via_grid cols_1 laptops-cols_inherit tablets-cols_inherit mobiles-cols_1 valign_top type_default stacking_default\"><div class=\"wpb_column vc_column_container\"><div class=\"vc_column-inner\"><h1 class=\"w-post-elm post_title us_custom_a574d586 has_text_color entry-title\">Wiesbaden come un'attraente posizione commerciale<\/h1><div class=\"w-separator size_medium\"><\/div><div class=\"g-cols wpb_row via_grid cols_2-1 laptops-cols_inherit tablets-cols_inherit mobiles-cols_1 valign_top type_default stacking_default\" style=\"--columns-gap:3rem;\"><div class=\"wpb_column vc_column_container\"><div class=\"vc_column-inner\"><div class=\"wpb_text_column us_custom_8b3d6790 has_text_color\"><div class=\"wpb_wrapper\"><p><span style=\"font-weight: 400;\">Un'economia locale forte garantisce buoni posti di lavoro, innovazione e qualit\u00e0 della vita, e le decisioni comunali svolgono un ruolo fondamentale in questo senso. Progettiamo strategicamente spazi commerciali, promuoviamo le start-up, la digitalizzazione e lo sviluppo di lavoratori qualificati, sosteniamo la crescita sostenibile e le aziende che risparmiano risorse. Allo stesso tempo, rafforziamo la diversit\u00e0, la partecipazione sociale e la cooperazione con l'artigianato, l'industria, l'istruzione e la cultura. Attraverso la progettazione attiva del centro citt\u00e0, la cooperazione intercomunale e investimenti mirati, creiamo un ambiente attraente sia per le imprese che per i cittadini. Il nostro obiettivo: Posiziona Wiesbaden come un luogo resiliente, innovativo, ecologicamente responsabile e vibrante che combina in modo sostenibile business, occupazione e qualit\u00e0 della vita.<\/span><\/p>\n<\/div><\/div><div class=\"w-separator size_medium\"><\/div><div class=\"w-btn-wrapper align_left\"><a class=\"w-btn us-btn-style_8 icon_atleft\" href=\"https:\/\/gruene-wiesbaden.de\/it\/kommunalwahl\/#Kapitel3\"><i class=\"fas fa-chevron-circle-right\"><\/i><span class=\"w-btn-label\">Torna alla panoramica<\/span><\/a><\/div><\/div><\/div><div class=\"wpb_column vc_column_container\"><div class=\"vc_column-inner\"><div class=\"w-image align_center\"><div class=\"w-image-h\"><img decoding=\"async\" width=\"2560\" height=\"1707\" src=\"https:\/\/gruene-wiesbaden.de\/wp-content\/uploads\/2025\/11\/3.2-Wiesbaden-als-attraktiver-Wirtschaftsstandort-scaled.jpg\" class=\"attachment-full size-full\" alt=\"\" loading=\"lazy\" srcset=\"https:\/\/gruene-wiesbaden.de\/wp-content\/uploads\/2025\/11\/3.2-Wiesbaden-als-attraktiver-Wirtschaftsstandort-scaled.jpg 2560w, https:\/\/gruene-wiesbaden.de\/wp-content\/uploads\/2025\/11\/3.2-Wiesbaden-als-attraktiver-Wirtschaftsstandort-400x267.jpg 400w, https:\/\/gruene-wiesbaden.de\/wp-content\/uploads\/2025\/11\/3.2-Wiesbaden-als-attraktiver-Wirtschaftsstandort-600x400.jpg 600w\" sizes=\"auto, (max-width: 2560px) 100vw, 2560px\" \/><\/div><\/div><div class=\"w-separator size_small\"><\/div><\/div><\/div><\/div><div class=\"w-separator size_medium\"><\/div><div class=\"w-separator size_medium\"><\/div><div class=\"wpb_text_column\"><div class=\"wpb_wrapper\"><h1>Quello che consideriamo un luogo di business attraente e sostenibile<\/h1>\n<\/div><\/div><div class=\"w-separator size_large\"><\/div><div class=\"g-cols wpb_row via_grid cols_2 laptops-cols_inherit tablets-cols_inherit mobiles-cols_1 valign_top type_default stacking_default\" style=\"--columns-gap:3rem;\"><div class=\"wpb_column vc_column_container\"><div class=\"vc_column-inner\"><div class=\"w-iconbox us_custom_8b3d6790 has_text_color iconpos_left style_default color_custom align_left\"><div class=\"w-iconbox-icon\" style=\"font-size:2rem;--icon-color:#Ffffff;--icon-bg-color:var(--color-header-middle-bg);\"><i class=\"fas fa-layer-group\"><\/i><\/div><div class=\"w-iconbox-meta\"><h4 class=\"w-iconbox-title\" style=\"font-size:1.5rem;\">Diversit\u00e0 e resilienza<\/h4><div class=\"w-iconbox-text\"><p><span style=\"font-weight: 400;\">Le imprese consolidate di un'ampia gamma di settori e un ambiente favorevole alle start-up e all'innovazione rafforzano la resilienza della nostra economia locale.<\/span><\/p>\n<\/div><\/div><\/div><\/div><\/div><div class=\"wpb_column vc_column_container\"><div class=\"vc_column-inner\"><div class=\"w-iconbox us_custom_8b3d6790 has_text_color iconpos_left style_default color_custom align_left\"><div class=\"w-iconbox-icon\" style=\"font-size:2rem;--icon-color:#Ffffff;--icon-bg-color:var(--color-header-transparent-text);\"><i class=\"fas fa-layer-group\"><\/i><\/div><div class=\"w-iconbox-meta\"><h4 class=\"w-iconbox-title\" style=\"font-size:1.5rem;\">Sostenibilit\u00e0 e consapevolezza ambientale<\/h4><div class=\"w-iconbox-text\"><p><span style=\"font-weight: 400;\">La disponibilit\u00e0 di energia climaticamente neutra, le offerte di mobilit\u00e0 sostenibile e un uso efficiente del potenziale territoriale esistente sono prerequisiti importanti per una crescita sostenibile e uno sviluppo economico ecologicamente responsabile.<\/span><\/p>\n<\/div><\/div><\/div><\/div><\/div><\/div><div class=\"w-separator size_medium\"><\/div><div class=\"g-cols wpb_row via_grid cols_2 laptops-cols_inherit tablets-cols_inherit mobiles-cols_1 valign_top type_default stacking_default\" style=\"--columns-gap:3rem;\"><div class=\"wpb_column vc_column_container\"><div class=\"vc_column-inner\"><div class=\"w-iconbox us_custom_8b3d6790 has_text_color iconpos_left style_default color_custom align_left\"><div class=\"w-iconbox-icon\" style=\"font-size:2rem;--icon-color:#Ffffff;--icon-bg-color:var(--color-header-transparent-text);\"><i class=\"fas fa-layer-group\"><\/i><\/div><div class=\"w-iconbox-meta\"><h4 class=\"w-iconbox-title\" style=\"font-size:1.5rem;\">Pari opportunit\u00e0 e partecipazione<\/h4><div class=\"w-iconbox-text\"><p><span style=\"font-weight: 400;\">Appalti pubblici equi, sostegno su misura per i fondatori, assunzione di giovani talenti e lavoratori qualificati e sostegno alle innovazioni sociali garantiscono pari opportunit\u00e0 economiche.<\/span><\/p>\n<\/div><\/div><\/div><\/div><\/div><div class=\"wpb_column vc_column_container\"><div class=\"vc_column-inner\"><div class=\"w-iconbox us_custom_8b3d6790 has_text_color iconpos_left style_default color_custom align_left\"><div class=\"w-iconbox-icon\" style=\"font-size:2rem;--icon-color:#Ffffff;--icon-bg-color:var(--color-header-middle-bg);\"><i class=\"fas fa-layer-group\"><\/i><\/div><div class=\"w-iconbox-meta\"><h4 class=\"w-iconbox-title\" style=\"font-size:1.5rem;\">Innovazione e digitalizzazione<\/h4><div class=\"w-iconbox-text\"><p><span style=\"font-weight: 400;\">Start-up, aziende tecnologiche, progetti di citt\u00e0 intelligenti e servizi digitali promuovono la sostenibilit\u00e0 futura, il networking e la competitivit\u00e0 economica.<\/span><\/p>\n<\/div><\/div><\/div><\/div><\/div><\/div><div class=\"w-separator size_medium\"><\/div><div class=\"g-cols wpb_row via_grid cols_2 laptops-cols_inherit tablets-cols_inherit mobiles-cols_1 valign_top type_default stacking_default\" style=\"--columns-gap:3rem;\"><div class=\"wpb_column vc_column_container\"><div class=\"vc_column-inner\"><div class=\"w-iconbox us_custom_8b3d6790 has_text_color iconpos_left style_default color_custom align_left\"><div class=\"w-iconbox-icon\" style=\"font-size:2rem;--icon-color:#Ffffff;--icon-bg-color:var(--color-header-middle-bg);\"><i class=\"fas fa-layer-group\"><\/i><\/div><div class=\"w-iconbox-meta\"><h4 class=\"w-iconbox-title\" style=\"font-size:1.5rem;\">Gestione strategica e cooperazione<\/h4><div class=\"w-iconbox-text\"><p><span style=\"font-weight: 400;\">Lo sviluppo mirato dell'area, la cooperazione intercomunale e la progettazione attiva del centro citt\u00e0 consentono un uso efficiente delle risorse e rafforzano Wiesbaden come luogo.<\/span><\/p>\n<\/div><\/div><\/div><\/div><\/div><div class=\"wpb_column vc_column_container\"><div class=\"vc_column-inner\"><div class=\"w-iconbox us_custom_8b3d6790 has_text_color iconpos_left style_default color_custom align_left\"><div class=\"w-iconbox-icon\" style=\"font-size:2rem;--icon-color:#Ffffff;--icon-bg-color:var(--color-header-transparent-text);\"><i class=\"fas fa-layer-group\"><\/i><\/div><div class=\"w-iconbox-meta\"><h4 class=\"w-iconbox-title\" style=\"font-size:1.5rem;\">Vitalit\u00e0 economica attraverso la creativit\u00e0 e lo spirito imprenditoriale<\/h4><div class=\"w-iconbox-text\"><p><span style=\"font-weight: 400;\">Progetti pop-up, incubatori e rilancio culturale del centro citt\u00e0 promuovono l'economia locale, l'occupazione e la cultura dell'innovazione.<\/span><\/p>\n<\/div><\/div><\/div><\/div><\/div><\/div><div class=\"w-separator size_medium\"><\/div><div class=\"g-cols wpb_row via_grid cols_2 laptops-cols_inherit tablets-cols_inherit mobiles-cols_1 valign_top type_default stacking_default\" style=\"--columns-gap:3rem;\"><div class=\"wpb_column vc_column_container\"><div class=\"vc_column-inner\"><div class=\"w-iconbox us_custom_8b3d6790 has_text_color iconpos_left style_default color_custom align_left\"><div class=\"w-iconbox-icon\" style=\"font-size:2rem;--icon-color:#Ffffff;--icon-bg-color:var(--color-header-transparent-text);\"><i class=\"fas fa-layer-group\"><\/i><\/div><div class=\"w-iconbox-meta\"><h4 class=\"w-iconbox-title\" style=\"font-size:1.5rem;\">L'assistenza sanitaria come motore della crescita<\/h4><div class=\"w-iconbox-text\"><p><span style=\"font-weight: 400;\">La promozione delle infrastrutture mediche, della prevenzione e dell'innovazione rafforza un'industria sostenibile e orientata al futuro.<\/span><\/p>\n<\/div><\/div><\/div><\/div><\/div><div class=\"wpb_column vc_column_container\"><div class=\"vc_column-inner\"><\/div><\/div><\/div><div class=\"w-separator size_medium\"><\/div><div class=\"w-btn-wrapper align_left\"><a class=\"w-btn us-btn-style_8 icon_atleft\" href=\"https:\/\/gruene-wiesbaden.de\/it\/kommunalwahl\/#Kapitel3\"><i class=\"fas fa-chevron-circle-right\"><\/i><span class=\"w-btn-label\">Torna alla panoramica<\/span><\/a><\/div><div class=\"w-separator size_medium\"><\/div><\/div><\/div><\/div><\/div><\/section><section class=\"l-section wpb_row height_auto with_img\"><div class=\"l-section-img\" role=\"img\" data-img-width=\"2560\" data-img-height=\"1707\" style=\"background-image: url(https:\/\/gruene-wiesbaden.de\/wp-content\/uploads\/2025\/11\/3.2-Wiesbaden-als-attraktiver-Wirtschaftsstandort-scaled.jpg);background-repeat: no-repeat;\"><\/div><div class=\"l-section-overlay\" style=\"background:var(--color-header-top-transparent-bg)\"><\/div><div class=\"l-section-h i-cf\"><div class=\"g-cols vc_row via_grid cols_1 laptops-cols_inherit tablets-cols_inherit mobiles-cols_1 valign_middle type_default stacking_default\" style=\"--columns-gap:1rem;\"><div class=\"wpb_column vc_column_container\"><div class=\"vc_column-inner\"><div class=\"w-separator size_large\"><\/div><div class=\"wpb_text_column background_inside_text\"><div class=\"wpb_wrapper\"><h1>Cosa vogliamo fare specificamente in questo settore<\/h1>\n<\/div><\/div><div class=\"w-separator size_medium\"><\/div><div class=\"w-tabs us_custom_42d693a0 has_text_color style_default switch_click accordion has_scrolling\" style=\"--sections-title-size:1.4rem\"><div class=\"w-tabs-sections titles-align_none icon_chevron cpos_right\"><div class=\"w-tabs-section has_text_color\" id=\"rfee\" style=\"background:var(--color-header-transparent-text);color:var(--color-header-top-text-hover);\"><button class=\"w-tabs-section-header\" aria-controls=\"content-rfee\" aria-expanded=\"false\"><div class=\"w-tabs-section-title\">Resilienza attraverso la diversit\u00e0<\/div><div class=\"w-tabs-section-control\"><\/div><\/button><div  class=\"w-tabs-section-content\" id=\"content-rfee\"><div class=\"w-tabs-section-content-h i-cf\"><div class=\"wpb_text_column\"><div class=\"wpb_wrapper\"><p><span style=\"font-weight: 400;\">L'economia di Wiesbaden \u00e8 caratterizzata da un'elevata variet\u00e0 di industrie che vogliamo preservare. Ci\u00f2 garantisce la resilienza in tempi di crisi. Questi includono finanza e assicurazioni, industria, sanit\u00e0, industrie creative, tra gli altri.<\/span><\/p>\n<\/div><\/div><\/div><\/div><\/div><div class=\"w-tabs-section has_text_color\" id=\"j11b\" style=\"background:var(--color-header-transparent-text);color:var(--color-header-top-text-hover);\"><button class=\"w-tabs-section-header\" aria-controls=\"content-j11b\" aria-expanded=\"false\"><div class=\"w-tabs-section-title\">Promuovere una crescita dell'economia locale efficiente sotto il profilo delle risorse<\/div><div class=\"w-tabs-section-control\"><\/div><\/button><div  class=\"w-tabs-section-content\" id=\"content-j11b\"><div class=\"w-tabs-section-content-h i-cf\"><div class=\"wpb_text_column\"><div class=\"wpb_wrapper\"><p><span style=\"font-weight: 400;\">Noi Verdi vogliamo portare avanti la trasformazione e sostenere la transizione verso energie climaticamente neutre, nonch\u00e9 la trasformazione digitale. Vogliamo ispirare le aziende di queste aree per Wiesbaden.<\/span><\/p>\n<\/div><\/div><\/div><\/div><\/div><div class=\"w-tabs-section has_text_color\" id=\"x262\" style=\"background:var(--color-header-transparent-text);color:var(--color-header-top-text-hover);\"><button class=\"w-tabs-section-header\" aria-controls=\"content-x262\" aria-expanded=\"false\"><div class=\"w-tabs-section-title\">Migliorare completamente le condizioni di localizzazione<\/div><div class=\"w-tabs-section-control\"><\/div><\/button><div  class=\"w-tabs-section-content\" id=\"content-x262\"><div class=\"w-tabs-section-content-h i-cf\"><div class=\"wpb_text_column\"><div class=\"wpb_wrapper\"><p><span style=\"font-weight: 400;\">Comprendiamo le buone condizioni di posizione in modo completo. Oltre allo spazio commerciale disponibile, ci\u00f2 include buone infrastrutture di trasporto (compresi buoni trasporti pubblici e piste ciclabili), un approvvigionamento energetico sicuro e conveniente, processi di approvazione pi\u00f9 rapidi in citt\u00e0, ad esempio attraverso la digitalizzazione, opportunit\u00e0 di lavoro e studio per i giovani, nonch\u00e9 tutto ci\u00f2 che mantiene lavoratori qualificati nella nostra citt\u00e0: appartamenti a prezzi accessibili, buone scuole e strutture per l'infanzia, un'offerta culturale e ricreativa attraente, aria pulita, un sacco di verde e uno spazio pubblico vivibile.<\/span><\/p>\n<\/div><\/div><\/div><\/div><\/div><div class=\"w-tabs-section has_text_color\" id=\"z389\" style=\"background:var(--color-header-middle-bg);color:var(--color-content-heading);\"><button class=\"w-tabs-section-header\" aria-controls=\"content-z389\" aria-expanded=\"false\"><div class=\"w-tabs-section-title\">Promuovere Wiesbaden come sede di start-up<\/div><div class=\"w-tabs-section-control\"><\/div><\/button><div  class=\"w-tabs-section-content\" id=\"content-z389\"><div class=\"w-tabs-section-content-h i-cf\"><div class=\"wpb_text_column\"><div class=\"wpb_wrapper\"><p><span style=\"font-weight: 400;\">Una scena di startup vibrante e innovativa ispira l'economia. Ma i fondatori hanno anche bisogno di consulenza e supporto su misura sulla strada per diventare un'azienda di successo. Vogliamo rafforzare e perpetuare ulteriormente l'ecosistema dei fondatori, che abbiamo gi\u00e0 lanciato nell'ultima legislatura, insieme agli attori della scena delle start-up. Nel Centro per le start-up e l'innovazione \"Heimathafen\" (Corte vecchia), un polo di start-up sociale e sostenibile deve crescere come nucleo per nuove soluzioni imprenditoriali per i futuri compiti sociali. Altri argomenti includono uffici economici per i fondatori, ad esempio nel blocco delle start-up, nonch\u00e9 il supporto delle successioni aziendali.<\/span><\/p>\n<\/div><\/div><\/div><\/div><\/div><div class=\"w-tabs-section has_text_color\" id=\"q4b6\" style=\"background:var(--color-header-transparent-text);color:var(--color-header-top-text-hover);\"><button class=\"w-tabs-section-header\" aria-controls=\"content-q4b6\" aria-expanded=\"false\"><div class=\"w-tabs-section-title\">Gestire strategicamente l'assetto aziendale<\/div><div class=\"w-tabs-section-control\"><\/div><\/button><div  class=\"w-tabs-section-content\" id=\"content-q4b6\"><div class=\"w-tabs-section-content-h i-cf\"><div class=\"wpb_text_column\"><div class=\"wpb_wrapper\"><p><span style=\"font-weight: 400;\">Le aree sono una merce scarsa nella nostra regione altamente condensata. Vogliamo quindi sviluppare ulteriormente il profilo della nostra posizione ed espandere i punti di forza esistenti. Con l'aiuto del gi\u00e0 deciso concetto di sviluppo dello spazio commerciale, vogliamo mettere in comune le risorse, sviluppare una gestione degli insediamenti orientata strategicamente e definire criteri per l'assegnazione dello spazio commerciale urbano. In tale contesto, i criteri di sostenibilit\u00e0 sociale, ecologica ed economica dovrebbero svolgere un ruolo importante.<\/span><\/p>\n<\/div><\/div><\/div><\/div><\/div><div class=\"w-tabs-section has_text_color\" id=\"o5e3\" style=\"background:var(--color-header-middle-bg);color:var(--color-header-middle-text);\"><button class=\"w-tabs-section-header\" aria-controls=\"content-o5e3\" aria-expanded=\"false\"><div class=\"w-tabs-section-title\">Sviluppare le aree industriali in modo sostenibile<\/div><div class=\"w-tabs-section-control\"><\/div><\/button><div  class=\"w-tabs-section-content\" id=\"content-o5e3\"><div class=\"w-tabs-section-content-h i-cf\"><div class=\"wpb_text_column\"><div class=\"wpb_wrapper\"><p><span style=\"font-weight: 400;\">Noi Verdi vogliamo sviluppare in modo sostenibile le aree industriali meno utilizzate (ad esempio su Petersweg) e creare ulteriori potenziali spaziali e spaziali, ad esempio aumentando le dimensioni dell'area. Possiamo utilizzare i parcheggi in modo pi\u00f9 efficiente, ad esempio attraverso parcheggi centrali. Inoltre, devono essere designati nuovi locali commerciali.<\/span><\/p>\n<\/div><\/div><\/div><\/div><\/div><div class=\"w-tabs-section has_text_color\" id=\"s70d\" style=\"background:var(--color-header-transparent-text);color:var(--color-header-top-text-hover);\"><button class=\"w-tabs-section-header\" aria-controls=\"content-s70d\" aria-expanded=\"false\"><div class=\"w-tabs-section-title\">Promuovere la cooperazione intercomunale<\/div><div class=\"w-tabs-section-control\"><\/div><\/button><div  class=\"w-tabs-section-content\" id=\"content-s70d\"><div class=\"w-tabs-section-content-h i-cf\"><div class=\"wpb_text_column\"><div class=\"wpb_wrapper\"><p><span style=\"font-weight: 400;\">Il nostro claim \u00e8: Pensare fuori dagli schemi, mettere in comune le risorse e sfruttare le sinergie nella regione, anche attraverso il Reno. Questo \u00e8 gi\u00e0 stato fatto, ad esempio, nel turismo (fondazione della destinazione Wiesbaden-Rheingau) o presso la centrale bioelettrica congiunta. Ci impegniamo anche per la cooperazione intercomunale nello sviluppo di aree commerciali (ad esempio presso il nuovo incrocio S-Bahn Wallauer Spange).<\/span><\/p>\n<\/div><\/div><\/div><\/div><\/div><div class=\"w-tabs-section has_text_color\" id=\"r83f\" style=\"background:var(--color-header-transparent-text);color:var(--color-header-top-text-hover);\"><button class=\"w-tabs-section-header\" aria-controls=\"content-r83f\" aria-expanded=\"false\"><div class=\"w-tabs-section-title\">Accompagnare attivamente il cambiamento del centro citt\u00e0<\/div><div class=\"w-tabs-section-control\"><\/div><\/button><div  class=\"w-tabs-section-content\" id=\"content-r83f\"><div class=\"w-tabs-section-content-h i-cf\"><div class=\"wpb_text_column\"><div class=\"wpb_wrapper\"><p><span style=\"font-weight: 400;\">Il futuro del centro citt\u00e0 e dei centri dei quartieri risiede in un nuovo mix di usi: Pi\u00f9 gastronomia, istruzione, cultura e abitazioni, ma anche usi pubblici e nuovi concetti creativi di vendita al dettaglio. Ci impegniamo a garantire che il comune svolga un ruolo attivo e strategico in questo processo di cambiamento.<\/span><\/p>\n<p><span style=\"font-weight: 400;\">Tuttavia, gli edifici vuoti (ad esempio l'ex Galeria) non possono essere acquistati e sviluppati dalla citt\u00e0. Sosteniamo quindi tutti gli sforzi per ristabilire il commercio in questi luoghi e anche per combinarlo con usi pubblici. Riuniamo i vari attori, utilizziamo programmi di finanziamento, istituiamo una gestione integrata dei posti vacanti e degli insediamenti e rendiamo lo spazio pubblico pi\u00f9 verde e pi\u00f9 vivibile.<\/span><\/p>\n<\/div><\/div><\/div><\/div><\/div><div class=\"w-tabs-section has_text_color\" id=\"y962\" style=\"background:var(--color-header-transparent-text);color:var(--color-header-top-text-hover);\"><button class=\"w-tabs-section-header\" aria-controls=\"content-y962\" aria-expanded=\"false\"><div class=\"w-tabs-section-title\">Lotta contro i posti vacanti nel settore immobiliare commerciale<\/div><div class=\"w-tabs-section-control\"><\/div><\/button><div  class=\"w-tabs-section-content\" id=\"content-y962\"><div class=\"w-tabs-section-content-h i-cf\"><div class=\"wpb_text_column\"><div class=\"wpb_wrapper\"><p><span style=\"font-weight: 400;\">Attraverso l'uso temporaneo di imprese vacanti secondo il principio del pop-up, garantiamo una rinascita insieme a cittadini e iniziative impegnati. Qui diventa visibile il grande potenziale dei progetti culturali e di costruzione della comunit\u00e0.<\/span><\/p>\n<\/div><\/div><\/div><\/div><\/div><div class=\"w-tabs-section has_text_color\" id=\"iab1\" style=\"background:var(--color-header-transparent-text);color:var(--color-header-top-text-hover);\"><button class=\"w-tabs-section-header\" aria-controls=\"content-iab1\" aria-expanded=\"false\"><div class=\"w-tabs-section-title\">Istituzione di statuti di prelazione per il centro citt\u00e0<\/div><div class=\"w-tabs-section-control\"><\/div><\/button><div  class=\"w-tabs-section-content\" id=\"content-iab1\"><div class=\"w-tabs-section-content-h i-cf\"><div class=\"wpb_text_column\"><div class=\"wpb_wrapper\"><p><span style=\"font-weight: 400;\">La propriet\u00e0 \u00e8 un fattore centrale nello sviluppo urbano. Con uno statuto di diritto di prelazione ai sensi del \u00a7 25 BauGB, vogliamo ottenere l'influenza urbana su aree strategicamente importanti nel centro della citt\u00e0 e in altri quartieri adatti e rompere i cicli speculativi.<\/span><\/p>\n<\/div><\/div><\/div><\/div><\/div><div class=\"w-tabs-section has_text_color\" id=\"wbdf\" style=\"background:var(--color-header-transparent-text);color:var(--color-header-top-text-hover);\"><button class=\"w-tabs-section-header\" aria-controls=\"content-wbdf\" aria-expanded=\"false\"><div class=\"w-tabs-section-title\">Rafforzare il settore sanitario come profilo di localizzazione<\/div><div class=\"w-tabs-section-control\"><\/div><\/button><div  class=\"w-tabs-section-content\" id=\"content-wbdf\"><div class=\"w-tabs-section-content-h i-cf\"><div class=\"wpb_text_column\"><div class=\"wpb_wrapper\"><p><span style=\"font-weight: 400;\">Wiesbaden ha un forte potenziale nel settore sanitario con le sue cliniche, strutture di riabilitazione, bagni e il settore della salute industriale. Con il \"piano generale per l'economia della salute\" vogliamo garantire che il settore sanitario di Wiesbaden sia posizionato per il futuro. Ci\u00f2 include la messa in rete dei partecipanti, il coordinamento dei processi e la pianificazione urbana delle aree di sviluppo. Pertanto, il piano raggruppa politica, operatori sanitari, imprese e ricerca al fine di rafforzare Wiesbaden come sede commerciale nel settore sanitario e allo stesso tempo garantire e migliorare l'assistenza medica delle persone.<\/span><\/p>\n<\/div><\/div><\/div><\/div><\/div><\/div><\/div><div class=\"w-separator size_medium\"><\/div><div class=\"w-btn-wrapper align_left\"><a class=\"w-btn us-btn-style_8 icon_atleft\" href=\"https:\/\/gruene-wiesbaden.de\/it\/kommunalwahl\/#Kapitel3\"><i class=\"fas fa-chevron-circle-right\"><\/i><span class=\"w-btn-label\">Torna alla panoramica<\/span><\/a><\/div><div class=\"w-separator size_large\"><\/div><div class=\"wpb_text_column\"><div class=\"wpb_wrapper\"><h1>Cosa abbiamo gi\u00e0 realizzato<\/h1>\n<\/div><\/div><div class=\"w-separator size_medium\"><\/div><div class=\"w-tabs us_custom_42d693a0 has_text_color style_default switch_click accordion has_scrolling\" style=\"--sections-title-size:1.4rem\"><div class=\"w-tabs-sections titles-align_none icon_chevron cpos_right\"><div class=\"w-tabs-section has_text_color\" id=\"l271\" style=\"background:var(--color-header-transparent-text);color:var(--color-header-top-text-hover);\"><button class=\"w-tabs-section-header\" aria-controls=\"content-l271\" aria-expanded=\"false\"><div class=\"w-tabs-section-title\">Concetto di sviluppo dello spazio commerciale GEKO 2040<\/div><div class=\"w-tabs-section-control\"><\/div><\/button><div  class=\"w-tabs-section-content\" id=\"content-l271\"><div class=\"w-tabs-section-content-h i-cf\"><div class=\"wpb_text_column\"><div class=\"wpb_wrapper\"><p><span style=\"font-weight: 400;\">Con il GEKO 2040, Wiesbaden ha per la prima volta un concetto strategico per controllare in modo sistematico e sostenibile lo sviluppo dello spazio commerciale. In questo modo si analizzeranno i terreni esistenti, si individueranno le esigenze future e si elaboreranno criteri per un uso sostenibile dal punto di vista ecologico, sociale ed economico. In questo modo, evitiamo l'impermeabilizzazione dei terreni, rafforziamo l'insediamento di imprese sostenibili e garantiamo buoni posti di lavoro in loco. Il GEKO 2040 \u00e8 un elemento centrale per una politica economica resiliente e rispettosa del clima nella nostra citt\u00e0.<\/span><\/p>\n<\/div><\/div><\/div><\/div><\/div><div class=\"w-tabs-section has_text_color\" id=\"u38b\" style=\"background:var(--color-header-transparent-text);color:var(--color-header-top-text-hover);\"><button class=\"w-tabs-section-header\" aria-controls=\"content-u38b\" aria-expanded=\"false\"><div class=\"w-tabs-section-title\">Comitato consultivo industriale<\/div><div class=\"w-tabs-section-control\"><\/div><\/button><div  class=\"w-tabs-section-content\" id=\"content-u38b\"><div class=\"w-tabs-section-content-h i-cf\"><div class=\"wpb_text_column\"><div class=\"wpb_wrapper\"><p><span style=\"font-weight: 400;\">Con l'Industrial Advisory Board avviato dalla citt\u00e0 di Wiesbaden come ente municipale, abbiamo creato un dialogo vincolante tra politica, amministrazione e industria. Guidato dal nostro rappresentante verde e sindaco, l'Industry Advisory Board riunisce aziende, camere, sindacati e mondo accademico per lavorare insieme su una trasformazione economica sostenibile. Invece di interessi individuali, l'attenzione \u00e8 rivolta alla cooperazione, alla protezione del clima e alla garanzia di lavoratori qualificati. \u00c8 cos\u00ec che plasmiamo attivamente il futuro dell'industria a Wiesbaden, in modo trasparente, in partenariato e in linea con la responsabilit\u00e0 ambientale e la giustizia sociale.<\/span><\/p>\n<\/div><\/div><\/div><\/div><\/div><div class=\"w-tabs-section has_text_color\" id=\"e4a0\" style=\"background:var(--color-header-transparent-text);color:var(--color-header-top-text-hover);\"><button class=\"w-tabs-section-header\" aria-controls=\"content-e4a0\" aria-expanded=\"false\"><div class=\"w-tabs-section-title\">Rafforzare strategicamente Wiesbaden come sede industriale<\/div><div class=\"w-tabs-section-control\"><\/div><\/button><div  class=\"w-tabs-section-content\" id=\"content-e4a0\"><div class=\"w-tabs-section-content-h i-cf\"><div class=\"wpb_text_column\"><div class=\"wpb_wrapper\"><p><span style=\"font-weight: 400;\">Con lo studio industriale di Wiesbaden, per la prima volta abbiamo analizzato in modo completo le esigenze e le potenzialit\u00e0 della nostra industria locale. I risultati saranno disponibili entro la fine del 2025. Lo scopo dello studio \u00e8 quello di fornire dati affidabili sui fattori di ubicazione, garantendo lavoratori qualificati e le tendenze di sviluppo. Sulla loro base, possiamo trarre raccomandazioni concrete per l'azione e integrarle nella politica economica locale. In questo modo, rafforziamo la competitivit\u00e0 dell'industria di Wiesbaden, garantiamo posti di lavoro, promuoviamo l'innovazione e creiamo le basi per un'industria sostenibile e sostenibile a Wiesbaden.<\/span><\/p>\n<\/div><\/div><\/div><\/div><\/div><div class=\"w-tabs-section has_text_color\" id=\"h5da\" style=\"background:var(--color-header-middle-bg);color:var(--color-content-heading);\"><button class=\"w-tabs-section-header\" aria-controls=\"content-h5da\" aria-expanded=\"false\"><div class=\"w-tabs-section-title\">Tailwind per le startup<\/div><div class=\"w-tabs-section-control\"><\/div><\/button><div  class=\"w-tabs-section-content\" id=\"content-h5da\"><div class=\"w-tabs-section-content-h i-cf\"><div class=\"wpb_text_column\"><div class=\"wpb_wrapper\"><p><span style=\"font-weight: 400;\">Wiesbaden \u00e8 arrivato sulla mappa degli hotspot fondatori: Ci\u00f2 \u00e8 garantito da offerte di sostegno su misura, da un'ampia rete, dai contatti con gli investitori e dall'Old Court come centro di innovazione.<\/span><\/p>\n<\/div><\/div><\/div><\/div><\/div><div class=\"w-tabs-section has_text_color\" id=\"m6ef\" style=\"background:var(--color-header-transparent-text);color:var(--color-header-top-text-hover);\"><button class=\"w-tabs-section-header\" aria-controls=\"content-m6ef\" aria-expanded=\"false\"><div class=\"w-tabs-section-title\">Sovvenzione all'avviamento di InnoStartWi<\/div><div class=\"w-tabs-section-control\"><\/div><\/button><div  class=\"w-tabs-section-content\" id=\"content-m6ef\"><div class=\"w-tabs-section-content-h i-cf\"><div class=\"wpb_text_column\"><div class=\"wpb_wrapper\"><p><span style=\"font-weight: 400;\">Con la borsa di avviamento InnoStartWi, la nostra citt\u00e0 sostiene specificamente le persone che vogliono avviare idee imprenditoriali innovative, sostenibili o sociali a Wiesbaden. Ricevono fino a 1.000 euro al mese per dodici mesi per implementare le loro idee senza pressioni finanziarie. Questo crea un giusto inizio per tutti, indipendentemente dal proprio capitale. Ci\u00f2 rafforza una cultura di start-up diversificata, promuove idee imprenditoriali sostenibili e contribuisce a garantire che Wiesbaden rimanga un luogo attraente per le aziende orientate al futuro.<\/span><\/p>\n<\/div><\/div><\/div><\/div><\/div><div class=\"w-tabs-section has_text_color\" id=\"n807\" style=\"background:var(--color-header-transparent-text);color:var(--color-header-top-text-hover);\"><button class=\"w-tabs-section-header\" aria-controls=\"content-n807\" aria-expanded=\"false\"><div class=\"w-tabs-section-title\">Premio iniziale Wiesbaden 2024<\/div><div class=\"w-tabs-section-control\"><\/div><\/button><div  class=\"w-tabs-section-content\" id=\"content-n807\"><div class=\"w-tabs-section-content-h i-cf\"><div class=\"wpb_text_column\"><div class=\"wpb_wrapper\"><p><span style=\"font-weight: 400;\">Con lo StartAward 2024, abbiamo messo sotto i riflettori la scena dei fondatori di Wiesbaden. Pi\u00f9 di 55 applicazioni mostrano: La nostra citt\u00e0 \u00e8 piena di menti intelligenti, creative e imprenditoriali. Il premio riconosce modelli di business innovativi che modellano il futuro, sia nei settori della sostenibilit\u00e0, della digitalizzazione o dell'innovazione sociale. In particolare, il premio speciale \"Impatto\" dimostra che il successo economico e il valore aggiunto sociale vanno di pari passo. In tal modo, stiamo lanciando un segnale verde per un'economia responsabile, equa e sostenibile.<\/span><\/p>\n<\/div><\/div><\/div><\/div><\/div><div class=\"w-tabs-section has_text_color\" id=\"c943\" style=\"background:var(--color-header-transparent-text);color:var(--color-header-top-text-hover);\"><button class=\"w-tabs-section-header\" aria-controls=\"content-c943\" aria-expanded=\"false\"><div class=\"w-tabs-section-title\">Makerspace Wiesbaden \u2013 Sostegno comunale alla creativit\u00e0 e alla tecnologia<\/div><div class=\"w-tabs-section-control\"><\/div><\/button><div  class=\"w-tabs-section-content\" id=\"content-c943\"><div class=\"w-tabs-section-content-h i-cf\"><div class=\"wpb_text_column\"><div class=\"wpb_wrapper\"><p><span style=\"font-weight: 400;\">Makerspace Wiesbaden \u00e8 attivamente supportato dalla citt\u00e0: I fondi comunali assicurano le infrastrutture, i costi di affitto e gli spazi pubblici in cui si svolgono workshop, tavoli dei clienti abituali e offerte di progetti. Ad esempio, la citt\u00e0 consente a studenti, giovani adulti e appassionati di tecnologia di imparare in modo pratico, implementare le proprie idee e costruire reti. La politica crea cos\u00ec un luogo vivace di apprendimento e innovazione che rafforza in modo sostenibile l'entusiasmo tecnologico, la creativit\u00e0 e la comunit\u00e0 a Wiesbaden.<\/span><\/p>\n<\/div><\/div><\/div><\/div><\/div><div class=\"w-tabs-section has_text_color\" id=\"ya5c\" style=\"background:var(--color-header-transparent-text);color:var(--color-header-top-text-hover);\"><button class=\"w-tabs-section-header\" aria-controls=\"content-ya5c\" aria-expanded=\"false\"><div class=\"w-tabs-section-title\">Social &amp; Sustainability Hub - Promuovere i fondatori attraverso la strategia comunale<\/div><div class=\"w-tabs-section-control\"><\/div><\/button><div  class=\"w-tabs-section-content\" id=\"content-ya5c\"><div class=\"w-tabs-section-content-h i-cf\"><div class=\"wpb_text_column\"><div class=\"wpb_wrapper\"><p><span style=\"font-weight: 400;\">Il Social &amp; Sustainability Hub (S3HW) \u00e8 il risultato di un sostegno comunale mirato alle start-up: Nel 2024 la citt\u00e0 ha fornito infrastrutture, accesso alla rete e servizi di consulenza a sostegno dei fondatori orientati alla dimensione socio-ecologica. Queste misure rafforzano Wiesbaden come luogo di innovazione sostenibile, collegano lo sviluppo economico locale con la responsabilit\u00e0 ecologica e sociale e garantiscono la competitivit\u00e0 delle giovani imprese della regione.<\/span><\/p>\n<\/div><\/div><\/div><\/div><\/div><div class=\"w-tabs-section has_text_color\" id=\"bb83\" style=\"background:var(--color-header-transparent-text);color:var(--color-header-top-text-hover);\"><button class=\"w-tabs-section-header\" aria-controls=\"content-bb83\" aria-expanded=\"false\"><div class=\"w-tabs-section-title\">Servizi digitali per le aziende<\/div><div class=\"w-tabs-section-control\"><\/div><\/button><div  class=\"w-tabs-section-content\" id=\"content-bb83\"><div class=\"w-tabs-section-content-h i-cf\"><div class=\"wpb_text_column\"><div class=\"wpb_wrapper\"><p><span style=\"font-weight: 400;\">Wiesbaden supporta attivamente le aziende nella loro trasformazione digitale. Nel maggio 2025 \u00e8 stata presentata l'Agenda dell'artigianato di Wiesbaden 2030. Con esso, rafforziamo le attivit\u00e0 artigianali della nostra citt\u00e0 e le accompagniamo specificamente nella digitalizzazione. Promuove specificamente le imprese artigiane attraverso l'espansione delle infrastrutture in fibra ottica e lo sviluppo di soluzioni innovative per le smart city.<\/span><\/p>\n<p><span style=\"font-weight: 400;\">Inoltre, a partire dal 2025, l'account aziendale introdurr\u00e0 l'accesso digitale centrale ai servizi urbani, consentendo alle aziende un accesso diretto e conveniente a tutti i servizi pertinenti.<\/span><\/p>\n<\/div><\/div><\/div><\/div><\/div><div class=\"w-tabs-section has_text_color\" id=\"yc99\" style=\"background:var(--color-header-transparent-text);color:var(--color-header-top-text-hover);\"><button class=\"w-tabs-section-header\" aria-controls=\"content-yc99\" aria-expanded=\"false\"><div class=\"w-tabs-section-title\">Alleanza WiTECH<\/div><div class=\"w-tabs-section-control\"><\/div><\/button><div  class=\"w-tabs-section-content\" id=\"content-yc99\"><div class=\"w-tabs-section-content-h i-cf\"><div class=\"wpb_text_column\"><div class=\"wpb_wrapper\"><p><span style=\"font-weight: 400;\">La WiTECH Alliance \u00e8 stata lanciata nel gennaio 2024. Collega aziende tecnologiche e IT con sede a Wiesbaden e promuove progetti digitali innovativi. Questo crea un forte ecosistema tecnologico locale che supporta fondatori, start-up e aziende allo stesso modo e rafforza la citt\u00e0 come luogo di innovazione digitale.<\/span><\/p>\n<\/div><\/div><\/div><\/div><\/div><div class=\"w-tabs-section has_text_color\" id=\"kdd5\" style=\"background:var(--color-header-transparent-text);color:var(--color-header-top-text-hover);\"><button class=\"w-tabs-section-header\" aria-controls=\"content-kdd5\" aria-expanded=\"false\"><div class=\"w-tabs-section-title\">Vertice in fibra ottica<\/div><div class=\"w-tabs-section-control\"><\/div><\/button><div  class=\"w-tabs-section-content\" id=\"content-kdd5\"><div class=\"w-tabs-section-content-h i-cf\"><div class=\"wpb_text_column\"><div class=\"wpb_wrapper\"><p><span style=\"font-weight: 400;\">Il vertice sulla fibra ottica dell'Assia si \u00e8 svolto per la prima volta il 21 luglio 2022 a Wiesbaden. Con esso, ci affidiamo a potenti reti digitali per scuole, aziende e istituzioni pubbliche. Attraverso un coordinamento mirato dell'espansione e della cooperazione, garantiamo un'infrastruttura Internet veloce e adeguata alle esigenze future, un elemento centrale per l'istruzione, le imprese e la mobilit\u00e0 rispettosa del clima.<\/span><\/p>\n<\/div><\/div><\/div><\/div><\/div><\/div><\/div><div class=\"w-separator size_medium\"><\/div><div class=\"w-btn-wrapper align_left\"><a class=\"w-btn us-btn-style_8 icon_atleft\" href=\"https:\/\/gruene-wiesbaden.de\/it\/kommunalwahl\/#Kapitel3\"><i class=\"fas fa-chevron-circle-right\"><\/i><span class=\"w-btn-label\">Torna alla panoramica<\/span><\/a><\/div><div class=\"w-separator size_large\"><\/div><\/div><\/div><\/div><\/div><\/section>","protected":false},"excerpt":{"rendered":"Un'economia locale forte garantisce buoni posti di lavoro, innovazione e qualit\u00e0 della vita, e le decisioni comunali svolgono un ruolo centrale in questo senso. Progettiamo strategicamente spazi commerciali, promuoviamo le start-up, la digitalizzazione e lo sviluppo di lavoratori qualificati, sosteniamo la crescita sostenibile e le aziende che risparmiano risorse. Allo stesso tempo, rafforziamo la diversit\u00e0, la partecipazione sociale e la cooperazione con l'artigianato, l'industria, l'istruzione e la cultura. Attraverso il design attivo del centro,...","protected":false},"author":1,"featured_media":1564,"comment_status":"closed","ping_status":"closed","sticky":false,"template":"","format":"standard","meta":{"footnotes":""},"categories":[16],"tags":[],"class_list":["post-1378","post","type-post","status-publish","format-standard","has-post-thumbnail","hentry","category-kapitel-3"],"yoast_head":"<!-- This site is optimized with the Yoast SEO plugin v27.5 - https:\/\/yoast.com\/product\/yoast-seo-wordpress\/ -->\n<title>Wiesbaden als attraktiver Wirtschaftsstandort - B\u00dcNDNIS 90\/DIE GR\u00dcNEN Wiesbaden<\/title>\n<meta name=\"robots\" content=\"index, follow, max-snippet:-1, max-image-preview:large, max-video-preview:-1\" \/>\n<link rel=\"canonical\" href=\"https:\/\/gruene-wiesbaden.de\/it\/wiesbaden-als-attraktiver-wirtschaftsstandort\/\" \/>\n<meta property=\"og:locale\" content=\"it_IT\" \/>\n<meta property=\"og:type\" content=\"article\" \/>\n<meta property=\"og:title\" content=\"Wiesbaden als attraktiver Wirtschaftsstandort - B\u00dcNDNIS 90\/DIE GR\u00dcNEN Wiesbaden\" \/>\n<meta property=\"og:url\" content=\"https:\/\/gruene-wiesbaden.de\/it\/wiesbaden-als-attraktiver-wirtschaftsstandort\/\" \/>\n<meta property=\"og:site_name\" content=\"B\u00dcNDNIS 90\/DIE GR\u00dcNEN Wiesbaden\" \/>\n<meta property=\"article:publisher\" content=\"https:\/\/www.facebook.com\/gruene.wi\" \/>\n<meta property=\"article:published_time\" content=\"2025-11-09T22:32:20+00:00\" \/>\n<meta property=\"article:modified_time\" content=\"2026-04-08T22:27:51+00:00\" \/>\n<meta property=\"og:image\" content=\"https:\/\/gruene-wiesbaden.de\/wp-content\/uploads\/2025\/11\/3.2-Wiesbaden-als-attraktiver-Wirtschaftsstandort-scaled.jpg\" \/>\n\t<meta property=\"og:image:width\" content=\"2560\" \/>\n\t<meta property=\"og:image:height\" content=\"1707\" \/>\n\t<meta property=\"og:image:type\" content=\"image\/jpeg\" \/>\n<meta name=\"author\" content=\"admin\" \/>\n<meta name=\"twitter:card\" content=\"summary_large_image\" \/>\n<meta name=\"twitter:label1\" content=\"Scritto da\" \/>\n\t<meta name=\"twitter:data1\" content=\"admin\" \/>\n\t<meta name=\"twitter:label2\" content=\"Tempo di lettura stimato\" \/>\n\t<meta name=\"twitter:data2\" content=\"11 minutes\" \/>\n<script type=\"application\/ld+json\" class=\"yoast-schema-graph\">{\"@context\":\"https:\\\/\\\/schema.org\",\"@graph\":[{\"@type\":\"Article\",\"@id\":\"https:\\\/\\\/gruene-wiesbaden.de\\\/wiesbaden-als-attraktiver-wirtschaftsstandort\\\/#article\",\"isPartOf\":{\"@id\":\"https:\\\/\\\/gruene-wiesbaden.de\\\/wiesbaden-als-attraktiver-wirtschaftsstandort\\\/\"},\"author\":{\"name\":\"admin\",\"@id\":\"https:\\\/\\\/gruene-wiesbaden.de\\\/#\\\/schema\\\/person\\\/6785c34779159cd4fd86886bb097afe9\"},\"headline\":\"Wiesbaden als attraktiver Wirtschaftsstandort\",\"datePublished\":\"2025-11-09T22:32:20+00:00\",\"dateModified\":\"2026-04-08T22:27:51+00:00\",\"mainEntityOfPage\":{\"@id\":\"https:\\\/\\\/gruene-wiesbaden.de\\\/wiesbaden-als-attraktiver-wirtschaftsstandort\\\/\"},\"wordCount\":3216,\"publisher\":{\"@id\":\"https:\\\/\\\/gruene-wiesbaden.de\\\/#organization\"},\"image\":{\"@id\":\"https:\\\/\\\/gruene-wiesbaden.de\\\/wiesbaden-als-attraktiver-wirtschaftsstandort\\\/#primaryimage\"},\"thumbnailUrl\":\"https:\\\/\\\/gruene-wiesbaden.de\\\/wp-content\\\/uploads\\\/2025\\\/11\\\/3.2-Wiesbaden-als-attraktiver-Wirtschaftsstandort-scaled.jpg\",\"articleSection\":[\"Kapitel 3\"],\"inLanguage\":\"it-IT\"},{\"@type\":\"WebPage\",\"@id\":\"https:\\\/\\\/gruene-wiesbaden.de\\\/wiesbaden-als-attraktiver-wirtschaftsstandort\\\/\",\"url\":\"https:\\\/\\\/gruene-wiesbaden.de\\\/wiesbaden-als-attraktiver-wirtschaftsstandort\\\/\",\"name\":\"Wiesbaden als attraktiver Wirtschaftsstandort - B\u00dcNDNIS 90\\\/DIE GR\u00dcNEN Wiesbaden\",\"isPartOf\":{\"@id\":\"https:\\\/\\\/gruene-wiesbaden.de\\\/#website\"},\"primaryImageOfPage\":{\"@id\":\"https:\\\/\\\/gruene-wiesbaden.de\\\/wiesbaden-als-attraktiver-wirtschaftsstandort\\\/#primaryimage\"},\"image\":{\"@id\":\"https:\\\/\\\/gruene-wiesbaden.de\\\/wiesbaden-als-attraktiver-wirtschaftsstandort\\\/#primaryimage\"},\"thumbnailUrl\":\"https:\\\/\\\/gruene-wiesbaden.de\\\/wp-content\\\/uploads\\\/2025\\\/11\\\/3.2-Wiesbaden-als-attraktiver-Wirtschaftsstandort-scaled.jpg\",\"datePublished\":\"2025-11-09T22:32:20+00:00\",\"dateModified\":\"2026-04-08T22:27:51+00:00\",\"breadcrumb\":{\"@id\":\"https:\\\/\\\/gruene-wiesbaden.de\\\/wiesbaden-als-attraktiver-wirtschaftsstandort\\\/#breadcrumb\"},\"inLanguage\":\"it-IT\",\"potentialAction\":[{\"@type\":\"ReadAction\",\"target\":[\"https:\\\/\\\/gruene-wiesbaden.de\\\/wiesbaden-als-attraktiver-wirtschaftsstandort\\\/\"]}]},{\"@type\":\"ImageObject\",\"inLanguage\":\"it-IT\",\"@id\":\"https:\\\/\\\/gruene-wiesbaden.de\\\/wiesbaden-als-attraktiver-wirtschaftsstandort\\\/#primaryimage\",\"url\":\"https:\\\/\\\/gruene-wiesbaden.de\\\/wp-content\\\/uploads\\\/2025\\\/11\\\/3.2-Wiesbaden-als-attraktiver-Wirtschaftsstandort-scaled.jpg\",\"contentUrl\":\"https:\\\/\\\/gruene-wiesbaden.de\\\/wp-content\\\/uploads\\\/2025\\\/11\\\/3.2-Wiesbaden-als-attraktiver-Wirtschaftsstandort-scaled.jpg\",\"width\":2560,\"height\":1707},{\"@type\":\"BreadcrumbList\",\"@id\":\"https:\\\/\\\/gruene-wiesbaden.de\\\/wiesbaden-als-attraktiver-wirtschaftsstandort\\\/#breadcrumb\",\"itemListElement\":[{\"@type\":\"ListItem\",\"position\":1,\"name\":\"Startseite\",\"item\":\"https:\\\/\\\/gruene-wiesbaden.de\\\/\"},{\"@type\":\"ListItem\",\"position\":2,\"name\":\"Wiesbaden als attraktiver Wirtschaftsstandort\"}]},{\"@type\":\"WebSite\",\"@id\":\"https:\\\/\\\/gruene-wiesbaden.de\\\/#website\",\"url\":\"https:\\\/\\\/gruene-wiesbaden.de\\\/\",\"name\":\"DIE GR\u00dcNEN Wiesbaden\",\"description\":\"\",\"publisher\":{\"@id\":\"https:\\\/\\\/gruene-wiesbaden.de\\\/#organization\"},\"potentialAction\":[{\"@type\":\"SearchAction\",\"target\":{\"@type\":\"EntryPoint\",\"urlTemplate\":\"https:\\\/\\\/gruene-wiesbaden.de\\\/?s={search_term_string}\"},\"query-input\":{\"@type\":\"PropertyValueSpecification\",\"valueRequired\":true,\"valueName\":\"search_term_string\"}}],\"inLanguage\":\"it-IT\"},{\"@type\":\"Organization\",\"@id\":\"https:\\\/\\\/gruene-wiesbaden.de\\\/#organization\",\"name\":\"DIE GR\u00dcNEN Wiesbaden\",\"url\":\"https:\\\/\\\/gruene-wiesbaden.de\\\/\",\"logo\":{\"@type\":\"ImageObject\",\"inLanguage\":\"it-IT\",\"@id\":\"https:\\\/\\\/gruene-wiesbaden.de\\\/#\\\/schema\\\/logo\\\/image\\\/\",\"url\":\"https:\\\/\\\/gruene-wiesbaden-fuer-europa.de\\\/wp-content\\\/uploads\\\/2024\\\/04\\\/Machen-was-zaehlt-5.png\",\"contentUrl\":\"https:\\\/\\\/gruene-wiesbaden-fuer-europa.de\\\/wp-content\\\/uploads\\\/2024\\\/04\\\/Machen-was-zaehlt-5.png\",\"width\":1772,\"height\":1772,\"caption\":\"DIE GR\u00dcNEN Wiesbaden\"},\"image\":{\"@id\":\"https:\\\/\\\/gruene-wiesbaden.de\\\/#\\\/schema\\\/logo\\\/image\\\/\"},\"sameAs\":[\"https:\\\/\\\/www.facebook.com\\\/gruene.wi\",\"https:\\\/\\\/instagram.com\\\/gruene_wi\"]},{\"@type\":\"Person\",\"@id\":\"https:\\\/\\\/gruene-wiesbaden.de\\\/#\\\/schema\\\/person\\\/6785c34779159cd4fd86886bb097afe9\",\"name\":\"admin\",\"sameAs\":[\"http:\\\/\\\/gruene-wiesbaden-fuer-europa.de\"],\"url\":\"https:\\\/\\\/gruene-wiesbaden.de\\\/it\\\/author\\\/admin\\\/\"}]}<\/script>\n<!-- \/ Yoast SEO plugin. -->","yoast_head_json":{"title":"Wiesbaden als attraktiver Wirtschaftsstandort - B\u00dcNDNIS 90\/DIE GR\u00dcNEN Wiesbaden","robots":{"index":"index","follow":"follow","max-snippet":"max-snippet:-1","max-image-preview":"max-image-preview:large","max-video-preview":"max-video-preview:-1"},"canonical":"https:\/\/gruene-wiesbaden.de\/it\/wiesbaden-als-attraktiver-wirtschaftsstandort\/","og_locale":"it_IT","og_type":"article","og_title":"Wiesbaden als attraktiver Wirtschaftsstandort - B\u00dcNDNIS 90\/DIE GR\u00dcNEN Wiesbaden","og_url":"https:\/\/gruene-wiesbaden.de\/it\/wiesbaden-als-attraktiver-wirtschaftsstandort\/","og_site_name":"B\u00dcNDNIS 90\/DIE GR\u00dcNEN Wiesbaden","article_publisher":"https:\/\/www.facebook.com\/gruene.wi","article_published_time":"2025-11-09T22:32:20+00:00","article_modified_time":"2026-04-08T22:27:51+00:00","og_image":[{"width":2560,"height":1707,"url":"https:\/\/gruene-wiesbaden.de\/wp-content\/uploads\/2025\/11\/3.2-Wiesbaden-als-attraktiver-Wirtschaftsstandort-scaled.jpg","type":"image\/jpeg"}],"author":"admin","twitter_card":"summary_large_image","twitter_misc":{"Scritto da":"admin","Tempo di lettura stimato":"11 minutes"},"schema":{"@context":"https:\/\/schema.org","@graph":[{"@type":"Article","@id":"https:\/\/gruene-wiesbaden.de\/wiesbaden-als-attraktiver-wirtschaftsstandort\/#article","isPartOf":{"@id":"https:\/\/gruene-wiesbaden.de\/wiesbaden-als-attraktiver-wirtschaftsstandort\/"},"author":{"name":"admin","@id":"https:\/\/gruene-wiesbaden.de\/#\/schema\/person\/6785c34779159cd4fd86886bb097afe9"},"headline":"Wiesbaden als attraktiver Wirtschaftsstandort","datePublished":"2025-11-09T22:32:20+00:00","dateModified":"2026-04-08T22:27:51+00:00","mainEntityOfPage":{"@id":"https:\/\/gruene-wiesbaden.de\/wiesbaden-als-attraktiver-wirtschaftsstandort\/"},"wordCount":3216,"publisher":{"@id":"https:\/\/gruene-wiesbaden.de\/#organization"},"image":{"@id":"https:\/\/gruene-wiesbaden.de\/wiesbaden-als-attraktiver-wirtschaftsstandort\/#primaryimage"},"thumbnailUrl":"https:\/\/gruene-wiesbaden.de\/wp-content\/uploads\/2025\/11\/3.2-Wiesbaden-als-attraktiver-Wirtschaftsstandort-scaled.jpg","articleSection":["Kapitel 3"],"inLanguage":"it-IT"},{"@type":"WebPage","@id":"https:\/\/gruene-wiesbaden.de\/wiesbaden-als-attraktiver-wirtschaftsstandort\/","url":"https:\/\/gruene-wiesbaden.de\/wiesbaden-als-attraktiver-wirtschaftsstandort\/","name":"Wiesbaden als attraktiver Wirtschaftsstandort - B\u00dcNDNIS 90\/DIE GR\u00dcNEN Wiesbaden","isPartOf":{"@id":"https:\/\/gruene-wiesbaden.de\/#website"},"primaryImageOfPage":{"@id":"https:\/\/gruene-wiesbaden.de\/wiesbaden-als-attraktiver-wirtschaftsstandort\/#primaryimage"},"image":{"@id":"https:\/\/gruene-wiesbaden.de\/wiesbaden-als-attraktiver-wirtschaftsstandort\/#primaryimage"},"thumbnailUrl":"https:\/\/gruene-wiesbaden.de\/wp-content\/uploads\/2025\/11\/3.2-Wiesbaden-als-attraktiver-Wirtschaftsstandort-scaled.jpg","datePublished":"2025-11-09T22:32:20+00:00","dateModified":"2026-04-08T22:27:51+00:00","breadcrumb":{"@id":"https:\/\/gruene-wiesbaden.de\/wiesbaden-als-attraktiver-wirtschaftsstandort\/#breadcrumb"},"inLanguage":"it-IT","potentialAction":[{"@type":"ReadAction","target":["https:\/\/gruene-wiesbaden.de\/wiesbaden-als-attraktiver-wirtschaftsstandort\/"]}]},{"@type":"ImageObject","inLanguage":"it-IT","@id":"https:\/\/gruene-wiesbaden.de\/wiesbaden-als-attraktiver-wirtschaftsstandort\/#primaryimage","url":"https:\/\/gruene-wiesbaden.de\/wp-content\/uploads\/2025\/11\/3.2-Wiesbaden-als-attraktiver-Wirtschaftsstandort-scaled.jpg","contentUrl":"https:\/\/gruene-wiesbaden.de\/wp-content\/uploads\/2025\/11\/3.2-Wiesbaden-als-attraktiver-Wirtschaftsstandort-scaled.jpg","width":2560,"height":1707},{"@type":"BreadcrumbList","@id":"https:\/\/gruene-wiesbaden.de\/wiesbaden-als-attraktiver-wirtschaftsstandort\/#breadcrumb","itemListElement":[{"@type":"ListItem","position":1,"name":"Startseite","item":"https:\/\/gruene-wiesbaden.de\/"},{"@type":"ListItem","position":2,"name":"Wiesbaden als attraktiver Wirtschaftsstandort"}]},{"@type":"WebSite","@id":"https:\/\/gruene-wiesbaden.de\/#website","url":"https:\/\/gruene-wiesbaden.de\/","name":"DIE GR\u00dcNEN Wiesbaden","description":"","publisher":{"@id":"https:\/\/gruene-wiesbaden.de\/#organization"},"potentialAction":[{"@type":"SearchAction","target":{"@type":"EntryPoint","urlTemplate":"https:\/\/gruene-wiesbaden.de\/?s={search_term_string}"},"query-input":{"@type":"PropertyValueSpecification","valueRequired":true,"valueName":"search_term_string"}}],"inLanguage":"it-IT"},{"@type":"Organization","@id":"https:\/\/gruene-wiesbaden.de\/#organization","name":"DIE GR\u00dcNEN Wiesbaden","url":"https:\/\/gruene-wiesbaden.de\/","logo":{"@type":"ImageObject","inLanguage":"it-IT","@id":"https:\/\/gruene-wiesbaden.de\/#\/schema\/logo\/image\/","url":"https:\/\/gruene-wiesbaden-fuer-europa.de\/wp-content\/uploads\/2024\/04\/Machen-was-zaehlt-5.png","contentUrl":"https:\/\/gruene-wiesbaden-fuer-europa.de\/wp-content\/uploads\/2024\/04\/Machen-was-zaehlt-5.png","width":1772,"height":1772,"caption":"DIE GR\u00dcNEN Wiesbaden"},"image":{"@id":"https:\/\/gruene-wiesbaden.de\/#\/schema\/logo\/image\/"},"sameAs":["https:\/\/www.facebook.com\/gruene.wi","https:\/\/instagram.com\/gruene_wi"]},{"@type":"Person","@id":"https:\/\/gruene-wiesbaden.de\/#\/schema\/person\/6785c34779159cd4fd86886bb097afe9","name":"admin","sameAs":["http:\/\/gruene-wiesbaden-fuer-europa.de"],"url":"https:\/\/gruene-wiesbaden.de\/it\/author\/admin\/"}]}},"_links":{"self":[{"href":"https:\/\/gruene-wiesbaden.de\/it\/wp-json\/wp\/v2\/posts\/1378","targetHints":{"allow":["GET"]}}],"collection":[{"href":"https:\/\/gruene-wiesbaden.de\/it\/wp-json\/wp\/v2\/posts"}],"about":[{"href":"https:\/\/gruene-wiesbaden.de\/it\/wp-json\/wp\/v2\/types\/post"}],"author":[{"embeddable":true,"href":"https:\/\/gruene-wiesbaden.de\/it\/wp-json\/wp\/v2\/users\/1"}],"replies":[{"embeddable":true,"href":"https:\/\/gruene-wiesbaden.de\/it\/wp-json\/wp\/v2\/comments?post=1378"}],"version-history":[{"count":9,"href":"https:\/\/gruene-wiesbaden.de\/it\/wp-json\/wp\/v2\/posts\/1378\/revisions"}],"predecessor-version":[{"id":2380,"href":"https:\/\/gruene-wiesbaden.de\/it\/wp-json\/wp\/v2\/posts\/1378\/revisions\/2380"}],"wp:featuredmedia":[{"embeddable":true,"href":"https:\/\/gruene-wiesbaden.de\/it\/wp-json\/wp\/v2\/media\/1564"}],"wp:attachment":[{"href":"https:\/\/gruene-wiesbaden.de\/it\/wp-json\/wp\/v2\/media?parent=1378"}],"wp:term":[{"taxonomy":"category","embeddable":true,"href":"https:\/\/gruene-wiesbaden.de\/it\/wp-json\/wp\/v2\/categories?post=1378"},{"taxonomy":"post_tag","embeddable":true,"href":"https:\/\/gruene-wiesbaden.de\/it\/wp-json\/wp\/v2\/tags?post=1378"}],"curies":[{"name":"wp","href":"https:\/\/api.w.org\/{rel}","templated":true}]}}