{"id":1372,"date":"2025-11-10T00:21:37","date_gmt":"2025-11-09T22:21:37","guid":{"rendered":"https:\/\/gruene-wiesbaden.de\/?p=1372"},"modified":"2026-04-09T10:46:37","modified_gmt":"2026-04-09T08:46:37","slug":"soziale-teilhabe-und-unterstuetzung-von-menschen-in-notlagen","status":"publish","type":"post","link":"https:\/\/gruene-wiesbaden.de\/it\/soziale-teilhabe-und-unterstuetzung-von-menschen-in-notlagen\/","title":{"rendered":"Partecipazione sociale e sostegno alle persone in situazioni di emergenza"},"content":{"rendered":"<section class=\"l-section wpb_row height_medium with_img\"><div class=\"l-section-img\" role=\"img\" data-img-width=\"1080\" data-img-height=\"800\" style=\"background-image: url(https:\/\/gruene-wiesbaden.de\/wp-content\/uploads\/2025\/11\/neuer-Verlauf-gruene-wiesbaden.de_-2-e1762709402177.png);\"><\/div><div class=\"l-section-overlay\" style=\"background:var(--color-header-top-transparent-bg)\"><\/div><div class=\"l-section-h i-cf\"><div class=\"g-cols vc_row via_grid cols_1 laptops-cols_inherit tablets-cols_inherit mobiles-cols_1 valign_top type_default stacking_default\"><div class=\"wpb_column vc_column_container\"><div class=\"vc_column-inner\"><h1 class=\"w-post-elm post_title us_custom_a574d586 has_text_color entry-title\">Partecipazione sociale e sostegno alle persone in situazioni di emergenza<\/h1><div class=\"w-separator size_medium\"><\/div><div class=\"g-cols wpb_row via_grid cols_2-1 laptops-cols_inherit tablets-cols_inherit mobiles-cols_1 valign_top type_default stacking_default\" style=\"--columns-gap:3rem;\"><div class=\"wpb_column vc_column_container\"><div class=\"vc_column-inner\"><div class=\"wpb_text_column us_custom_8b3d6790 has_text_color\"><div class=\"wpb_wrapper\"><p><span style=\"font-weight: 400;\">La partecipazione sociale \u00e8 un diritto fondamentale che appartiene a tutte le persone della nostra societ\u00e0. Solo attraverso approcci preventivi, una societ\u00e0 urbana solidale e l'espansione del sostegno a bassa soglia possiamo prevenire l'esclusione e consentire a tutti i Wiesbadener di vivere una vita dignitosa. La povert\u00e0, in particolare la povert\u00e0 infantile e di vecchiaia, nonch\u00e9 i senzatetto minacciano la coesione sociale e emarginano le persone. In tempi di scarse casse comunali, le risorse devono essere utilizzate in modo mirato e orientato alla domanda. Noi Verdi vogliamo creare strutture sostenibili e a prova di crisi che siano orientate all'optimum e si concentrino sui bisogni delle persone. In tal modo, teniamo conto del fatto che la societ\u00e0 e le sue esigenze possono cambiare.<\/span><\/p>\n<\/div><\/div><div class=\"w-separator size_medium\"><\/div><div class=\"w-btn-wrapper align_left\"><a class=\"w-btn us-btn-style_8 icon_atleft\" href=\"https:\/\/gruene-wiesbaden.de\/it\/kommunalwahl\/#Kapitel2\"><i class=\"fas fa-chevron-circle-right\"><\/i><span class=\"w-btn-label\">Torna alla panoramica<\/span><\/a><\/div><\/div><\/div><div class=\"wpb_column vc_column_container\"><div class=\"vc_column-inner\"><div class=\"w-image align_center\"><div class=\"w-image-h\"><img decoding=\"async\" width=\"2560\" height=\"1707\" src=\"https:\/\/gruene-wiesbaden.de\/wp-content\/uploads\/2025\/11\/2.11-Soziale-Teilhabe-und-Unterstuetzung-fuer-Menschen-in-Notlagen-scaled.jpg\" class=\"attachment-full size-full\" alt=\"\" loading=\"lazy\" srcset=\"https:\/\/gruene-wiesbaden.de\/wp-content\/uploads\/2025\/11\/2.11-Soziale-Teilhabe-und-Unterstuetzung-fuer-Menschen-in-Notlagen-scaled.jpg 2560w, https:\/\/gruene-wiesbaden.de\/wp-content\/uploads\/2025\/11\/2.11-Soziale-Teilhabe-und-Unterstuetzung-fuer-Menschen-in-Notlagen-400x267.jpg 400w, https:\/\/gruene-wiesbaden.de\/wp-content\/uploads\/2025\/11\/2.11-Soziale-Teilhabe-und-Unterstuetzung-fuer-Menschen-in-Notlagen-600x400.jpg 600w\" sizes=\"auto, (max-width: 2560px) 100vw, 2560px\" \/><\/div><\/div><div class=\"w-separator size_small\"><\/div><\/div><\/div><\/div><div class=\"w-separator size_medium\"><\/div><div class=\"w-separator size_medium\"><\/div><div class=\"wpb_text_column\"><div class=\"wpb_wrapper\"><h1>Cosa significano per noi la partecipazione sociale e il sostegno alle persone bisognose<\/h1>\n<\/div><\/div><div class=\"w-separator size_large\"><\/div><div class=\"g-cols wpb_row via_grid cols_3 laptops-cols_inherit tablets-cols_inherit mobiles-cols_1 valign_top type_default stacking_default\" style=\"--columns-gap:3rem;\"><div class=\"wpb_column vc_column_container\"><div class=\"vc_column-inner\"><div class=\"w-iconbox us_custom_8b3d6790 has_text_color iconpos_left style_default color_custom align_left\"><div class=\"w-iconbox-icon\" style=\"font-size:2rem;--icon-color:#Ffffff;--icon-bg-color:var(--color-header-middle-bg);\"><i class=\"fas fa-layer-group\"><\/i><\/div><div class=\"w-iconbox-meta\"><h4 class=\"w-iconbox-title\" style=\"font-size:1.5rem;\">Approcci preventivi<\/h4><div class=\"w-iconbox-text\"><p><span style=\"font-weight: 400;\">Preveniamo la povert\u00e0 in una fase precoce attraverso strategie municipali integrate e un sostegno basato sulle esigenze per tutti i cittadini.<\/span><\/p>\n<\/div><\/div><\/div><\/div><\/div><div class=\"wpb_column vc_column_container\"><div class=\"vc_column-inner\"><div class=\"w-iconbox us_custom_8b3d6790 has_text_color iconpos_left style_default color_custom align_left\"><div class=\"w-iconbox-icon\" style=\"font-size:2rem;--icon-color:#Ffffff;--icon-bg-color:var(--color-header-transparent-text);\"><i class=\"fas fa-layer-group\"><\/i><\/div><div class=\"w-iconbox-meta\"><h4 class=\"w-iconbox-title\" style=\"font-size:1.5rem;\">Lavoro sociale distrettuale in loco<\/h4><div class=\"w-iconbox-text\"><p><span style=\"font-weight: 400;\">Forniamo un'assistenza sociale ben attrezzata per il soccorso in caso di crisi e il sostegno preventivo sul campo.<\/span><\/p>\n<\/div><\/div><\/div><\/div><\/div><div class=\"wpb_column vc_column_container\"><div class=\"vc_column-inner\"><div class=\"w-iconbox us_custom_8b3d6790 has_text_color iconpos_left style_default color_custom align_left\"><div class=\"w-iconbox-icon\" style=\"font-size:2rem;--icon-color:#Ffffff;--icon-bg-color:var(--color-header-transparent-text);\"><i class=\"fas fa-layer-group\"><\/i><\/div><div class=\"w-iconbox-meta\"><h4 class=\"w-iconbox-title\" style=\"font-size:1.5rem;\">Parit\u00e0 di partecipazione<\/h4><div class=\"w-iconbox-text\"><p><span style=\"font-weight: 400;\">Tutte le persone dovrebbero essere in grado di partecipare alla vita sociale e culturale indipendentemente dal reddito.<\/span><\/p>\n<\/div><\/div><\/div><\/div><\/div><\/div><div class=\"w-separator size_medium\"><\/div><div class=\"g-cols wpb_row via_grid cols_3 laptops-cols_inherit tablets-cols_inherit mobiles-cols_1 valign_top type_default stacking_default\" style=\"--columns-gap:3rem;\"><div class=\"wpb_column vc_column_container\"><div class=\"vc_column-inner\"><div class=\"w-iconbox us_custom_8b3d6790 has_text_color iconpos_left style_default color_custom align_left\"><div class=\"w-iconbox-icon\" style=\"font-size:2rem;--icon-color:#Ffffff;--icon-bg-color:var(--color-header-middle-bg);\"><i class=\"fas fa-layer-group\"><\/i><\/div><div class=\"w-iconbox-meta\"><h4 class=\"w-iconbox-title\" style=\"font-size:1.5rem;\">Guardare gruppi vulnerabili<\/h4><div class=\"w-iconbox-text\"><p><span style=\"font-weight: 400;\">Offriamo un sostegno speciale ai senzatetto, alle persone bisognose di assistenza sociale e ai residenti delle case di riposo e di riposo.<\/span><\/p>\n<\/div><\/div><\/div><\/div><\/div><div class=\"wpb_column vc_column_container\"><div class=\"vc_column-inner\"><div class=\"w-iconbox us_custom_8b3d6790 has_text_color iconpos_left style_default color_custom align_left\"><div class=\"w-iconbox-icon\" style=\"font-size:2rem;--icon-color:#Ffffff;--icon-bg-color:var(--color-header-transparent-text);\"><i class=\"fas fa-layer-group\"><\/i><\/div><div class=\"w-iconbox-meta\"><h4 class=\"w-iconbox-title\" style=\"font-size:1.5rem;\">Spazi pubblici per tutti<\/h4><div class=\"w-iconbox-text\"><p><span style=\"font-weight: 400;\">Promuoviamo approcci legati al vicinato e creiamo spazi pubblici senza consumo per tutti i cittadini.<\/span><\/p>\n<\/div><\/div><\/div><\/div><\/div><div class=\"wpb_column vc_column_container\"><div class=\"vc_column-inner\"><div class=\"w-iconbox us_custom_8b3d6790 has_text_color iconpos_left style_default color_custom align_left\"><div class=\"w-iconbox-icon\" style=\"font-size:2rem;--icon-color:#Ffffff;--icon-bg-color:var(--color-header-transparent-text);\"><i class=\"fas fa-layer-group\"><\/i><\/div><div class=\"w-iconbox-meta\"><h4 class=\"w-iconbox-title\" style=\"font-size:1.5rem;\">Accesso a bassa soglia<\/h4><div class=\"w-iconbox-text\"><p><span style=\"font-weight: 400;\">Anche le migliori offerte non funzionano se le persone non riescono a trovarle o l'uso \u00e8 reso pi\u00f9 difficile.<\/span><\/p>\n<\/div><\/div><\/div><\/div><\/div><\/div><div class=\"w-separator size_medium\"><\/div><div class=\"w-btn-wrapper align_left\"><a class=\"w-btn us-btn-style_8 icon_atleft\" href=\"https:\/\/gruene-wiesbaden.de\/it\/kommunalwahl\/#Kapitel2\"><i class=\"fas fa-chevron-circle-right\"><\/i><span class=\"w-btn-label\">Torna alla panoramica<\/span><\/a><\/div><div class=\"w-separator size_medium\"><\/div><\/div><\/div><\/div><\/div><\/section><section class=\"l-section wpb_row height_auto with_img\"><div class=\"l-section-img\" role=\"img\" data-img-width=\"2560\" data-img-height=\"1707\" style=\"background-image: url(https:\/\/gruene-wiesbaden.de\/wp-content\/uploads\/2025\/11\/2.11-Soziale-Teilhabe-und-Unterstuetzung-fuer-Menschen-in-Notlagen-scaled.jpg);background-repeat: no-repeat;\"><\/div><div class=\"l-section-overlay\" style=\"background:var(--color-header-top-transparent-bg)\"><\/div><div class=\"l-section-h i-cf\"><div class=\"g-cols vc_row via_grid cols_1 laptops-cols_inherit tablets-cols_inherit mobiles-cols_1 valign_middle type_default stacking_default\" style=\"--columns-gap:1rem;\"><div class=\"wpb_column vc_column_container\"><div class=\"vc_column-inner\"><div class=\"w-separator size_large\"><\/div><div class=\"wpb_text_column background_inside_text\"><div class=\"wpb_wrapper\"><h1>Cosa vogliamo fare specificamente in questo settore<\/h1>\n<\/div><\/div><div class=\"w-separator size_medium\"><\/div><div class=\"w-tabs us_custom_42d693a0 has_text_color style_default switch_click accordion has_scrolling\" style=\"--sections-title-size:1.4rem\"><div class=\"w-tabs-sections titles-align_none icon_chevron cpos_right\"><div class=\"w-tabs-section has_text_color\" id=\"tcac\" style=\"background:var(--color-header-transparent-text);color:var(--color-header-top-text-hover);\"><button class=\"w-tabs-section-header\" aria-controls=\"content-tcac\" aria-expanded=\"false\"><div class=\"w-tabs-section-title\">Ampliare la copertura dei centri di consulenza sociale<\/div><div class=\"w-tabs-section-control\"><\/div><\/button><div  class=\"w-tabs-section-content\" id=\"content-tcac\"><div class=\"w-tabs-section-content-h i-cf\"><div class=\"wpb_text_column\"><div class=\"wpb_wrapper\"><p><span style=\"font-weight: 400;\">Vogliamo creare centri di consulenza sociale non burocratici in tutti i distretti per aiutare le persone a soddisfare le loro esigenze sociali e ricevere sostegno in situazioni difficili. Tali enti comunali o organismi organizzati tramite associazioni consentono l'accesso a prestazioni statali quali le prestazioni per i cittadini e le indennit\u00e0 di alloggio.<\/span><\/p>\n<\/div><\/div><\/div><\/div><\/div><div class=\"w-tabs-section has_text_color\" id=\"zdc6\" style=\"background:var(--color-header-transparent-text);color:var(--color-header-top-text-hover);\"><button class=\"w-tabs-section-header\" aria-controls=\"content-zdc6\" aria-expanded=\"false\"><div class=\"w-tabs-section-title\">Promuovere gli spazi pubblici non destinati ai consumatori<\/div><div class=\"w-tabs-section-control\"><\/div><\/button><div  class=\"w-tabs-section-content\" id=\"content-zdc6\"><div class=\"w-tabs-section-content-h i-cf\"><div class=\"wpb_text_column\"><div class=\"wpb_wrapper\"><p><span style=\"font-weight: 400;\">Vogliamo creare luoghi con infrastrutture come panchine, acqua potabile, servizi igienici e aree gioco, oltre a pi\u00f9 biblioteche, riunioni giovanili e distrettuali. L'obiettivo \u00e8 la partecipazione di persone di ogni status socio-economico e l'incontro di tutti i gruppi sociali.<\/span><\/p>\n<\/div><\/div><\/div><\/div><\/div><div class=\"w-tabs-section has_text_color\" id=\"qedc\" style=\"background:var(--color-header-transparent-text);color:var(--color-header-top-text-hover);\"><button class=\"w-tabs-section-header\" aria-controls=\"content-qedc\" aria-expanded=\"false\"><div class=\"w-tabs-section-title\">Presentazione della Wiesbaden Citizens' Card<\/div><div class=\"w-tabs-section-control\"><\/div><\/button><div  class=\"w-tabs-section-content\" id=\"content-qedc\"><div class=\"w-tabs-section-content-h i-cf\"><div class=\"wpb_text_column\"><div class=\"wpb_wrapper\"><p><span style=\"font-weight: 400;\">Vogliamo introdurre una carta cittadina digitale non discriminatoria che includa non solo le prestazioni sociali, ma anche la carta del volontario e la tessera della biblioteca. Ci\u00f2 semplifica l'accesso ai servizi urbani e riduce lo stigma.<\/span><\/p>\n<\/div><\/div><\/div><\/div><\/div><div class=\"w-tabs-section has_text_color\" id=\"fffa\" style=\"background:var(--color-header-middle-bg);color:var(--color-content-heading);\"><button class=\"w-tabs-section-header\" aria-controls=\"content-fffa\" aria-expanded=\"false\"><div class=\"w-tabs-section-title\">Lotta sistematica contro la povert\u00e0 infantile<\/div><div class=\"w-tabs-section-control\"><\/div><\/button><div  class=\"w-tabs-section-content\" id=\"content-fffa\"><div class=\"w-tabs-section-content-h i-cf\"><div class=\"wpb_text_column\"><div class=\"wpb_wrapper\"><p><span style=\"font-weight: 400;\">Siamo impegnati nello sviluppo di una strategia di prevenzione interdipartimentale con la messa in rete di tutte le aree che toccano i bambini e le famiglie. Il pacchetto sull'istruzione e la partecipazione deve essere ampliato e deve essere resa possibile una copertura aggiuntiva per il tutoraggio basato sulle esigenze.<\/span><\/p>\n<\/div><\/div><\/div><\/div><\/div><div class=\"w-tabs-section has_text_color\" id=\"a112\" style=\"background:var(--color-header-transparent-text);color:var(--color-header-top-text-hover);\"><button class=\"w-tabs-section-header\" aria-controls=\"content-a112\" aria-expanded=\"false\"><div class=\"w-tabs-section-title\">Rafforzare la partecipazione<\/div><div class=\"w-tabs-section-control\"><\/div><\/button><div  class=\"w-tabs-section-content\" id=\"content-a112\"><div class=\"w-tabs-section-content-h i-cf\"><div class=\"wpb_text_column\"><div class=\"wpb_wrapper\"><p><span style=\"font-weight: 400;\">Vogliamo lanciare un progetto pilota per il Consiglio dei cittadini. Questo pu\u00f2 essere convocato su argomenti rilevanti per tutta la citt\u00e0. La partecipazione \u00e8 possibile per tutti i residenti di Wiesbaden. Inoltre, sviluppiamo un indice di partecipazione per la promozione mirata della partecipazione sociale. In questo modo, ci assicuriamo che i gruppi emarginati siano coinvolti.<\/span><\/p>\n<\/div><\/div><\/div><\/div><\/div><div class=\"w-tabs-section has_text_color\" id=\"i224\" style=\"background:var(--color-header-middle-bg);color:var(--color-header-middle-text);\"><button class=\"w-tabs-section-header\" aria-controls=\"content-i224\" aria-expanded=\"false\"><div class=\"w-tabs-section-title\">Strutture della tabella mantenute<\/div><div class=\"w-tabs-section-control\"><\/div><\/button><div  class=\"w-tabs-section-content\" id=\"content-i224\"><div class=\"w-tabs-section-content-h i-cf\"><div class=\"wpb_text_column\"><div class=\"wpb_wrapper\"><p><span style=\"font-weight: 400;\">Vogliamo garantire strutture di pannelli e grandi magazzini sociali come aiuti transitori per tutto il tempo necessario. Il nostro obiettivo rimane che non ci debbano pi\u00f9 essere tavoli.<\/span><\/p>\n<\/div><\/div><\/div><\/div><\/div><div class=\"w-tabs-section has_text_color\" id=\"l344\" style=\"background:var(--color-header-transparent-text);color:var(--color-header-top-text-hover);\"><button class=\"w-tabs-section-header\" aria-controls=\"content-l344\" aria-expanded=\"false\"><div class=\"w-tabs-section-title\">Rafforzamento delle ore di consultazione umanitaria<\/div><div class=\"w-tabs-section-control\"><\/div><\/button><div  class=\"w-tabs-section-content\" id=\"content-l344\"><div class=\"w-tabs-section-content-h i-cf\"><div class=\"wpb_text_column\"><div class=\"wpb_wrapper\"><p><span style=\"font-weight: 400;\">Vogliamo promuovere l'assistenza medica di base per i senzatetto attraverso il Fondo per i costi sanitari e scacciare l'espansione delle strutture di consulenza psicosociale per le persone in situazioni di crisi.<\/span><\/p>\n<\/div><\/div><\/div><\/div><\/div><div class=\"w-tabs-section has_text_color\" id=\"h466\" style=\"background:var(--color-header-transparent-text);color:var(--color-header-top-text-hover);\"><button class=\"w-tabs-section-header\" aria-controls=\"content-h466\" aria-expanded=\"false\"><div class=\"w-tabs-section-title\">Promuovere progetti sanitari legati al vicinato<\/div><div class=\"w-tabs-section-control\"><\/div><\/button><div  class=\"w-tabs-section-content\" id=\"content-h466\"><div class=\"w-tabs-section-content-h i-cf\"><div class=\"wpb_text_column\"><div class=\"wpb_wrapper\"><p><span style=\"font-weight: 400;\">Poniamo le iniziative dei residenti su una base finanziaria sicura e ci impegniamo a un migliore coordinamento dell'impegno volontario nel lavoro per i rifugiati e l'integrazione.<\/span><\/p>\n<\/div><\/div><\/div><\/div><\/div><div class=\"w-tabs-section has_text_color\" id=\"p57d\" style=\"background:var(--color-header-transparent-text);color:var(--color-header-top-text-hover);\"><button class=\"w-tabs-section-header\" aria-controls=\"content-p57d\" aria-expanded=\"false\"><div class=\"w-tabs-section-title\">Il primo approccio alla deprivazione abitativa<\/div><div class=\"w-tabs-section-control\"><\/div><\/button><div  class=\"w-tabs-section-content\" id=\"content-p57d\"><div class=\"w-tabs-section-content-h i-cf\"><div class=\"wpb_text_column\"><div class=\"wpb_wrapper\"><p><span style=\"font-weight: 400;\">Vogliamo che il governo della citt\u00e0 sostenga le persone in modo tale che non cadano nei senzatetto. Vogliamo superare i senzatetto con l'approccio Housing First. Se ci\u00f2 non \u00e8 possibile o non desiderato dalle persone colpite, dovrebbero essere forniti sufficienti posti letto e cure mediche, psicologiche e psichiatriche.<\/span><\/p>\n<\/div><\/div><\/div><\/div><\/div><div class=\"w-tabs-section has_text_color\" id=\"u690\" style=\"background:var(--color-header-transparent-text);color:var(--color-header-top-text-hover);\"><button class=\"w-tabs-section-header\" aria-controls=\"content-u690\" aria-expanded=\"false\"><div class=\"w-tabs-section-title\">Alloggi protetti per le persone che si prostituiscono forzatamente<\/div><div class=\"w-tabs-section-control\"><\/div><\/button><div  class=\"w-tabs-section-content\" id=\"content-u690\"><div class=\"w-tabs-section-content-h i-cf\"><div class=\"wpb_text_column\"><div class=\"wpb_wrapper\"><p><span style=\"font-weight: 400;\">La prostituzione forzata \u00e8 un crimine per i diritti umani. Pertanto, dovrebbero essere istituiti rifugi per accogliere le persone provenienti dalla prostituzione forzata e dare loro un posto protettivo.<\/span><\/p>\n<\/div><\/div><\/div><\/div><\/div><\/div><\/div><div class=\"w-separator size_medium\"><\/div><div class=\"w-btn-wrapper align_left\"><a class=\"w-btn us-btn-style_8 icon_atleft\" href=\"https:\/\/gruene-wiesbaden.de\/it\/kommunalwahl\/#Kapitel2\"><i class=\"fas fa-chevron-circle-right\"><\/i><span class=\"w-btn-label\">Torna alla panoramica<\/span><\/a><\/div><div class=\"w-separator size_large\"><\/div><div class=\"wpb_text_column\"><div class=\"wpb_wrapper\"><h1>Cosa abbiamo gi\u00e0 realizzato<\/h1>\n<\/div><\/div><div class=\"w-separator size_medium\"><\/div><div class=\"w-tabs us_custom_42d693a0 has_text_color style_default switch_click accordion has_scrolling\" style=\"--sections-title-size:1.4rem\"><div class=\"w-tabs-sections titles-align_none icon_chevron cpos_right\"><div class=\"w-tabs-section has_text_color\" id=\"kbc5\" style=\"background:var(--color-header-transparent-text);color:var(--color-header-top-text-hover);\"><button class=\"w-tabs-section-header\" aria-controls=\"content-kbc5\" aria-expanded=\"false\"><div class=\"w-tabs-section-title\">Case di quartetto per una vita autodeterminata in et\u00e0 avanzata<\/div><div class=\"w-tabs-section-control\"><\/div><\/button><div  class=\"w-tabs-section-content\" id=\"content-kbc5\"><div class=\"w-tabs-section-content-h i-cf\"><div class=\"wpb_text_column\"><div class=\"wpb_wrapper\"><p><span style=\"font-weight: 400;\">Il progetto Quartiersh\u00e4user Wiesbaden, lanciato nel 2023, ha creato nuovi spazi per l'incontro, la partecipazione e la vita autodeterminata nella vecchiaia. Seguendo il modello del \"modello di Bielefeld\", le case distrettuali combinano una vita senza barriere con le infrastrutture sociali: sale riunioni, consulenza e assistenza di quartiere. Promuovono la coesione nel distretto e prevengono la solitudine. Ci\u00f2 rafforza la convivenza intergenerazionale, la partecipazione sociale e la possibilit\u00e0 di vivere autodeterminati in un ambiente familiare anche in et\u00e0 avanzata.<\/span><\/p>\n<\/div><\/div><\/div><\/div><\/div><div class=\"w-tabs-section has_text_color\" id=\"ccf5\" style=\"background:var(--color-header-transparent-text);color:var(--color-header-top-text-hover);\"><button class=\"w-tabs-section-header\" aria-controls=\"content-ccf5\" aria-expanded=\"false\"><div class=\"w-tabs-section-title\">Aiuto coordinato per i senzatetto<\/div><div class=\"w-tabs-section-control\"><\/div><\/button><div  class=\"w-tabs-section-content\" id=\"content-ccf5\"><div class=\"w-tabs-section-content-h i-cf\"><div class=\"wpb_text_column\"><div class=\"wpb_wrapper\"><p><span style=\"font-weight: 400;\">Noi Verdi abbiamo fatto una campagna per la sistematizzazione dell'assistenza ai senzatetto a Wiesbaden: Il gruppo di lavoro <\/span><i><span style=\"font-weight: 400;\">#dove <\/span><\/i><span style=\"font-weight: 400;\">collega i centri di assistenza e lavoro, la polizia cittadina, l'assistenza sanitaria e alle dipendenze, la caritas, la diaconia e i volontari sotto un'unica unit\u00e0 di coordinamento per aiutare le persone senza fissa dimora negli spazi pubblici. La citt\u00e0 gestisce 22 rifugi di emergenza con oltre 400 posti, sta testando Housing-First con villaggi container su Freudenberg e ha ampliato il lavoro sociale di sensibilizzazione da due a undici posti, nonch\u00e9 il lavoro sociale di strada nelle ore serali e notturne. Attraverso la sensibilizzazione al lavoro sociale di strada, le persone colpite sono direttamente affrontate, consigliate e si sviluppano prospettive per porre fine ai senzatetto. L'attenzione si concentra su misure quali l'intervento in caso di crisi e il miglioramento della situazione di vita.<\/span><\/p>\n<\/div><\/div><\/div><\/div><\/div><div class=\"w-tabs-section has_text_color\" id=\"le0d\" style=\"background:var(--color-header-transparent-text);color:var(--color-header-top-text-hover);\"><button class=\"w-tabs-section-header\" aria-controls=\"content-le0d\" aria-expanded=\"false\"><div class=\"w-tabs-section-title\">Modello I e II di Wiesbaden \u2013 Strategie comunali in materia di prostituzione<\/div><div class=\"w-tabs-section-control\"><\/div><\/button><div  class=\"w-tabs-section-content\" id=\"content-le0d\"><div class=\"w-tabs-section-content-h i-cf\"><div class=\"wpb_text_column\"><div class=\"wpb_wrapper\"><p><span style=\"font-weight: 400;\">Abbiamo assunto un terapista del trauma che svolge attivit\u00e0 di sensibilizzazione sociale nel campo della prostituzione e offre assistenza all'uscita. Da questa legislatura, l'Unit\u00e0 delle donne ha anche intrapreso con successo azioni contro la prostituzione illegale negli appartamenti per vacanze e negli hotel. Il modello di Wiesbaden \u00e8 una buona pratica per altri comuni.<\/span><\/p>\n<\/div><\/div><\/div><\/div><\/div><div class=\"w-tabs-section has_text_color\" id=\"lf2b\" style=\"background:var(--color-header-middle-bg);color:var(--color-content-heading);\"><button class=\"w-tabs-section-header\" aria-controls=\"content-lf2b\" aria-expanded=\"false\"><div class=\"w-tabs-section-title\">Rafforzamento dell'assistenza sociale distrettuale<\/div><div class=\"w-tabs-section-control\"><\/div><\/button><div  class=\"w-tabs-section-content\" id=\"content-lf2b\"><div class=\"w-tabs-section-content-h i-cf\"><div class=\"wpb_text_column\"><div class=\"wpb_wrapper\"><p><span style=\"font-weight: 400;\">L'assistenza sociale distrettuale a Wiesbaden \u00e8 stata ampliata e la consulenza sociale nei distretti \u00e8 stata rafforzata. Le persone in situazioni difficili ricevono sostegno vicino a casa, dall'assistenza preventiva all'intervento in caso di crisi. Le squadre mobili e le persone di contatto permanenti nei quartieri promuovono la partecipazione sociale, prevengono l'isolamento e facilitano l'accesso ai servizi. Questo aiuta in una fase iniziale prima che i problemi si intensifichino e rafforzi in modo sostenibile l'infrastruttura sociale di Wiesbaden.<\/span><\/p>\n<\/div><\/div><\/div><\/div><\/div><\/div><\/div><div class=\"w-separator size_medium\"><\/div><div class=\"w-btn-wrapper align_left\"><a class=\"w-btn us-btn-style_8 icon_atleft\" href=\"https:\/\/gruene-wiesbaden.de\/it\/kommunalwahl\/#Kapitel2\"><i class=\"fas fa-chevron-circle-right\"><\/i><span class=\"w-btn-label\">Torna alla panoramica<\/span><\/a><\/div><div class=\"w-separator size_large\"><\/div><\/div><\/div><\/div><\/div><\/section>","protected":false},"excerpt":{"rendered":"La partecipazione sociale e il sostegno alle persone bisognoseLa partecipazione sociale \u00e8 un diritto fondamentale che appartiene a tutte le persone della nostra societ\u00e0. Solo attraverso approcci preventivi, una societ\u00e0 urbana solidale e l'espansione del sostegno a bassa soglia possiamo prevenire l'esclusione e consentire a tutti i Wiesbadener di vivere una vita dignitosa. La povert\u00e0, in particolare la povert\u00e0 infantile e di vecchiaia, cos\u00ec come i senzatetto minacciano la coesione sociale e limitano la povert\u00e0.","protected":false},"author":1,"featured_media":1494,"comment_status":"closed","ping_status":"closed","sticky":false,"template":"","format":"standard","meta":{"footnotes":""},"categories":[15],"tags":[],"class_list":["post-1372","post","type-post","status-publish","format-standard","has-post-thumbnail","hentry","category-kapitel-2"],"yoast_head":"<!-- This site is optimized with the Yoast SEO plugin v27.5 - https:\/\/yoast.com\/product\/yoast-seo-wordpress\/ -->\n<title>Soziale Teilhabe und Unterst\u00fctzung von Menschen in Notlagen - B\u00dcNDNIS 90\/DIE GR\u00dcNEN Wiesbaden<\/title>\n<meta name=\"robots\" content=\"index, follow, max-snippet:-1, max-image-preview:large, max-video-preview:-1\" \/>\n<link rel=\"canonical\" href=\"https:\/\/gruene-wiesbaden.de\/it\/soziale-teilhabe-und-unterstuetzung-von-menschen-in-notlagen\/\" \/>\n<meta property=\"og:locale\" content=\"it_IT\" \/>\n<meta property=\"og:type\" content=\"article\" \/>\n<meta property=\"og:title\" content=\"Soziale Teilhabe und Unterst\u00fctzung von Menschen in Notlagen - B\u00dcNDNIS 90\/DIE GR\u00dcNEN Wiesbaden\" \/>\n<meta property=\"og:url\" content=\"https:\/\/gruene-wiesbaden.de\/it\/soziale-teilhabe-und-unterstuetzung-von-menschen-in-notlagen\/\" \/>\n<meta property=\"og:site_name\" content=\"B\u00dcNDNIS 90\/DIE GR\u00dcNEN Wiesbaden\" \/>\n<meta property=\"article:publisher\" content=\"https:\/\/www.facebook.com\/gruene.wi\" \/>\n<meta property=\"article:published_time\" content=\"2025-11-09T22:21:37+00:00\" \/>\n<meta property=\"article:modified_time\" content=\"2026-04-09T08:46:37+00:00\" \/>\n<meta property=\"og:image\" content=\"https:\/\/gruene-wiesbaden.de\/wp-content\/uploads\/2025\/11\/2.11-Soziale-Teilhabe-und-Unterstuetzung-fuer-Menschen-in-Notlagen-scaled.jpg\" \/>\n\t<meta property=\"og:image:width\" content=\"2560\" \/>\n\t<meta property=\"og:image:height\" content=\"1707\" \/>\n\t<meta property=\"og:image:type\" content=\"image\/jpeg\" \/>\n<meta name=\"author\" content=\"admin\" \/>\n<meta name=\"twitter:card\" content=\"summary_large_image\" \/>\n<meta name=\"twitter:label1\" content=\"Scritto da\" \/>\n\t<meta name=\"twitter:data1\" content=\"admin\" \/>\n\t<meta name=\"twitter:label2\" content=\"Tempo di lettura stimato\" \/>\n\t<meta name=\"twitter:data2\" content=\"7 minutes\" \/>\n<script type=\"application\/ld+json\" class=\"yoast-schema-graph\">{\"@context\":\"https:\\\/\\\/schema.org\",\"@graph\":[{\"@type\":\"Article\",\"@id\":\"https:\\\/\\\/gruene-wiesbaden.de\\\/soziale-teilhabe-und-unterstuetzung-von-menschen-in-notlagen\\\/#article\",\"isPartOf\":{\"@id\":\"https:\\\/\\\/gruene-wiesbaden.de\\\/soziale-teilhabe-und-unterstuetzung-von-menschen-in-notlagen\\\/\"},\"author\":{\"name\":\"admin\",\"@id\":\"https:\\\/\\\/gruene-wiesbaden.de\\\/#\\\/schema\\\/person\\\/6785c34779159cd4fd86886bb097afe9\"},\"headline\":\"Soziale Teilhabe und Unterst\u00fctzung von Menschen in Notlagen\",\"datePublished\":\"2025-11-09T22:21:37+00:00\",\"dateModified\":\"2026-04-09T08:46:37+00:00\",\"mainEntityOfPage\":{\"@id\":\"https:\\\/\\\/gruene-wiesbaden.de\\\/soziale-teilhabe-und-unterstuetzung-von-menschen-in-notlagen\\\/\"},\"wordCount\":2083,\"publisher\":{\"@id\":\"https:\\\/\\\/gruene-wiesbaden.de\\\/#organization\"},\"image\":{\"@id\":\"https:\\\/\\\/gruene-wiesbaden.de\\\/soziale-teilhabe-und-unterstuetzung-von-menschen-in-notlagen\\\/#primaryimage\"},\"thumbnailUrl\":\"https:\\\/\\\/gruene-wiesbaden.de\\\/wp-content\\\/uploads\\\/2025\\\/11\\\/2.11-Soziale-Teilhabe-und-Unterstuetzung-fuer-Menschen-in-Notlagen-scaled.jpg\",\"articleSection\":[\"Kapitel 2\"],\"inLanguage\":\"it-IT\"},{\"@type\":\"WebPage\",\"@id\":\"https:\\\/\\\/gruene-wiesbaden.de\\\/soziale-teilhabe-und-unterstuetzung-von-menschen-in-notlagen\\\/\",\"url\":\"https:\\\/\\\/gruene-wiesbaden.de\\\/soziale-teilhabe-und-unterstuetzung-von-menschen-in-notlagen\\\/\",\"name\":\"Soziale Teilhabe und Unterst\u00fctzung von Menschen in Notlagen - B\u00dcNDNIS 90\\\/DIE GR\u00dcNEN Wiesbaden\",\"isPartOf\":{\"@id\":\"https:\\\/\\\/gruene-wiesbaden.de\\\/#website\"},\"primaryImageOfPage\":{\"@id\":\"https:\\\/\\\/gruene-wiesbaden.de\\\/soziale-teilhabe-und-unterstuetzung-von-menschen-in-notlagen\\\/#primaryimage\"},\"image\":{\"@id\":\"https:\\\/\\\/gruene-wiesbaden.de\\\/soziale-teilhabe-und-unterstuetzung-von-menschen-in-notlagen\\\/#primaryimage\"},\"thumbnailUrl\":\"https:\\\/\\\/gruene-wiesbaden.de\\\/wp-content\\\/uploads\\\/2025\\\/11\\\/2.11-Soziale-Teilhabe-und-Unterstuetzung-fuer-Menschen-in-Notlagen-scaled.jpg\",\"datePublished\":\"2025-11-09T22:21:37+00:00\",\"dateModified\":\"2026-04-09T08:46:37+00:00\",\"breadcrumb\":{\"@id\":\"https:\\\/\\\/gruene-wiesbaden.de\\\/soziale-teilhabe-und-unterstuetzung-von-menschen-in-notlagen\\\/#breadcrumb\"},\"inLanguage\":\"it-IT\",\"potentialAction\":[{\"@type\":\"ReadAction\",\"target\":[\"https:\\\/\\\/gruene-wiesbaden.de\\\/soziale-teilhabe-und-unterstuetzung-von-menschen-in-notlagen\\\/\"]}]},{\"@type\":\"ImageObject\",\"inLanguage\":\"it-IT\",\"@id\":\"https:\\\/\\\/gruene-wiesbaden.de\\\/soziale-teilhabe-und-unterstuetzung-von-menschen-in-notlagen\\\/#primaryimage\",\"url\":\"https:\\\/\\\/gruene-wiesbaden.de\\\/wp-content\\\/uploads\\\/2025\\\/11\\\/2.11-Soziale-Teilhabe-und-Unterstuetzung-fuer-Menschen-in-Notlagen-scaled.jpg\",\"contentUrl\":\"https:\\\/\\\/gruene-wiesbaden.de\\\/wp-content\\\/uploads\\\/2025\\\/11\\\/2.11-Soziale-Teilhabe-und-Unterstuetzung-fuer-Menschen-in-Notlagen-scaled.jpg\",\"width\":2560,\"height\":1707},{\"@type\":\"BreadcrumbList\",\"@id\":\"https:\\\/\\\/gruene-wiesbaden.de\\\/soziale-teilhabe-und-unterstuetzung-von-menschen-in-notlagen\\\/#breadcrumb\",\"itemListElement\":[{\"@type\":\"ListItem\",\"position\":1,\"name\":\"Startseite\",\"item\":\"https:\\\/\\\/gruene-wiesbaden.de\\\/\"},{\"@type\":\"ListItem\",\"position\":2,\"name\":\"Soziale Teilhabe und Unterst\u00fctzung von Menschen in Notlagen\"}]},{\"@type\":\"WebSite\",\"@id\":\"https:\\\/\\\/gruene-wiesbaden.de\\\/#website\",\"url\":\"https:\\\/\\\/gruene-wiesbaden.de\\\/\",\"name\":\"DIE GR\u00dcNEN Wiesbaden\",\"description\":\"\",\"publisher\":{\"@id\":\"https:\\\/\\\/gruene-wiesbaden.de\\\/#organization\"},\"potentialAction\":[{\"@type\":\"SearchAction\",\"target\":{\"@type\":\"EntryPoint\",\"urlTemplate\":\"https:\\\/\\\/gruene-wiesbaden.de\\\/?s={search_term_string}\"},\"query-input\":{\"@type\":\"PropertyValueSpecification\",\"valueRequired\":true,\"valueName\":\"search_term_string\"}}],\"inLanguage\":\"it-IT\"},{\"@type\":\"Organization\",\"@id\":\"https:\\\/\\\/gruene-wiesbaden.de\\\/#organization\",\"name\":\"DIE GR\u00dcNEN Wiesbaden\",\"url\":\"https:\\\/\\\/gruene-wiesbaden.de\\\/\",\"logo\":{\"@type\":\"ImageObject\",\"inLanguage\":\"it-IT\",\"@id\":\"https:\\\/\\\/gruene-wiesbaden.de\\\/#\\\/schema\\\/logo\\\/image\\\/\",\"url\":\"https:\\\/\\\/gruene-wiesbaden-fuer-europa.de\\\/wp-content\\\/uploads\\\/2024\\\/04\\\/Machen-was-zaehlt-5.png\",\"contentUrl\":\"https:\\\/\\\/gruene-wiesbaden-fuer-europa.de\\\/wp-content\\\/uploads\\\/2024\\\/04\\\/Machen-was-zaehlt-5.png\",\"width\":1772,\"height\":1772,\"caption\":\"DIE GR\u00dcNEN Wiesbaden\"},\"image\":{\"@id\":\"https:\\\/\\\/gruene-wiesbaden.de\\\/#\\\/schema\\\/logo\\\/image\\\/\"},\"sameAs\":[\"https:\\\/\\\/www.facebook.com\\\/gruene.wi\",\"https:\\\/\\\/instagram.com\\\/gruene_wi\"]},{\"@type\":\"Person\",\"@id\":\"https:\\\/\\\/gruene-wiesbaden.de\\\/#\\\/schema\\\/person\\\/6785c34779159cd4fd86886bb097afe9\",\"name\":\"admin\",\"sameAs\":[\"http:\\\/\\\/gruene-wiesbaden-fuer-europa.de\"],\"url\":\"https:\\\/\\\/gruene-wiesbaden.de\\\/it\\\/author\\\/admin\\\/\"}]}<\/script>\n<!-- \/ Yoast SEO plugin. -->","yoast_head_json":{"title":"Soziale Teilhabe und Unterst\u00fctzung von Menschen in Notlagen - B\u00dcNDNIS 90\/DIE GR\u00dcNEN Wiesbaden","robots":{"index":"index","follow":"follow","max-snippet":"max-snippet:-1","max-image-preview":"max-image-preview:large","max-video-preview":"max-video-preview:-1"},"canonical":"https:\/\/gruene-wiesbaden.de\/it\/soziale-teilhabe-und-unterstuetzung-von-menschen-in-notlagen\/","og_locale":"it_IT","og_type":"article","og_title":"Soziale Teilhabe und Unterst\u00fctzung von Menschen in Notlagen - B\u00dcNDNIS 90\/DIE GR\u00dcNEN Wiesbaden","og_url":"https:\/\/gruene-wiesbaden.de\/it\/soziale-teilhabe-und-unterstuetzung-von-menschen-in-notlagen\/","og_site_name":"B\u00dcNDNIS 90\/DIE GR\u00dcNEN Wiesbaden","article_publisher":"https:\/\/www.facebook.com\/gruene.wi","article_published_time":"2025-11-09T22:21:37+00:00","article_modified_time":"2026-04-09T08:46:37+00:00","og_image":[{"width":2560,"height":1707,"url":"https:\/\/gruene-wiesbaden.de\/wp-content\/uploads\/2025\/11\/2.11-Soziale-Teilhabe-und-Unterstuetzung-fuer-Menschen-in-Notlagen-scaled.jpg","type":"image\/jpeg"}],"author":"admin","twitter_card":"summary_large_image","twitter_misc":{"Scritto da":"admin","Tempo di lettura stimato":"7 minutes"},"schema":{"@context":"https:\/\/schema.org","@graph":[{"@type":"Article","@id":"https:\/\/gruene-wiesbaden.de\/soziale-teilhabe-und-unterstuetzung-von-menschen-in-notlagen\/#article","isPartOf":{"@id":"https:\/\/gruene-wiesbaden.de\/soziale-teilhabe-und-unterstuetzung-von-menschen-in-notlagen\/"},"author":{"name":"admin","@id":"https:\/\/gruene-wiesbaden.de\/#\/schema\/person\/6785c34779159cd4fd86886bb097afe9"},"headline":"Soziale Teilhabe und Unterst\u00fctzung von Menschen in Notlagen","datePublished":"2025-11-09T22:21:37+00:00","dateModified":"2026-04-09T08:46:37+00:00","mainEntityOfPage":{"@id":"https:\/\/gruene-wiesbaden.de\/soziale-teilhabe-und-unterstuetzung-von-menschen-in-notlagen\/"},"wordCount":2083,"publisher":{"@id":"https:\/\/gruene-wiesbaden.de\/#organization"},"image":{"@id":"https:\/\/gruene-wiesbaden.de\/soziale-teilhabe-und-unterstuetzung-von-menschen-in-notlagen\/#primaryimage"},"thumbnailUrl":"https:\/\/gruene-wiesbaden.de\/wp-content\/uploads\/2025\/11\/2.11-Soziale-Teilhabe-und-Unterstuetzung-fuer-Menschen-in-Notlagen-scaled.jpg","articleSection":["Kapitel 2"],"inLanguage":"it-IT"},{"@type":"WebPage","@id":"https:\/\/gruene-wiesbaden.de\/soziale-teilhabe-und-unterstuetzung-von-menschen-in-notlagen\/","url":"https:\/\/gruene-wiesbaden.de\/soziale-teilhabe-und-unterstuetzung-von-menschen-in-notlagen\/","name":"Soziale Teilhabe und Unterst\u00fctzung von Menschen in Notlagen - B\u00dcNDNIS 90\/DIE GR\u00dcNEN Wiesbaden","isPartOf":{"@id":"https:\/\/gruene-wiesbaden.de\/#website"},"primaryImageOfPage":{"@id":"https:\/\/gruene-wiesbaden.de\/soziale-teilhabe-und-unterstuetzung-von-menschen-in-notlagen\/#primaryimage"},"image":{"@id":"https:\/\/gruene-wiesbaden.de\/soziale-teilhabe-und-unterstuetzung-von-menschen-in-notlagen\/#primaryimage"},"thumbnailUrl":"https:\/\/gruene-wiesbaden.de\/wp-content\/uploads\/2025\/11\/2.11-Soziale-Teilhabe-und-Unterstuetzung-fuer-Menschen-in-Notlagen-scaled.jpg","datePublished":"2025-11-09T22:21:37+00:00","dateModified":"2026-04-09T08:46:37+00:00","breadcrumb":{"@id":"https:\/\/gruene-wiesbaden.de\/soziale-teilhabe-und-unterstuetzung-von-menschen-in-notlagen\/#breadcrumb"},"inLanguage":"it-IT","potentialAction":[{"@type":"ReadAction","target":["https:\/\/gruene-wiesbaden.de\/soziale-teilhabe-und-unterstuetzung-von-menschen-in-notlagen\/"]}]},{"@type":"ImageObject","inLanguage":"it-IT","@id":"https:\/\/gruene-wiesbaden.de\/soziale-teilhabe-und-unterstuetzung-von-menschen-in-notlagen\/#primaryimage","url":"https:\/\/gruene-wiesbaden.de\/wp-content\/uploads\/2025\/11\/2.11-Soziale-Teilhabe-und-Unterstuetzung-fuer-Menschen-in-Notlagen-scaled.jpg","contentUrl":"https:\/\/gruene-wiesbaden.de\/wp-content\/uploads\/2025\/11\/2.11-Soziale-Teilhabe-und-Unterstuetzung-fuer-Menschen-in-Notlagen-scaled.jpg","width":2560,"height":1707},{"@type":"BreadcrumbList","@id":"https:\/\/gruene-wiesbaden.de\/soziale-teilhabe-und-unterstuetzung-von-menschen-in-notlagen\/#breadcrumb","itemListElement":[{"@type":"ListItem","position":1,"name":"Startseite","item":"https:\/\/gruene-wiesbaden.de\/"},{"@type":"ListItem","position":2,"name":"Soziale Teilhabe und Unterst\u00fctzung von Menschen in Notlagen"}]},{"@type":"WebSite","@id":"https:\/\/gruene-wiesbaden.de\/#website","url":"https:\/\/gruene-wiesbaden.de\/","name":"DIE GR\u00dcNEN Wiesbaden","description":"","publisher":{"@id":"https:\/\/gruene-wiesbaden.de\/#organization"},"potentialAction":[{"@type":"SearchAction","target":{"@type":"EntryPoint","urlTemplate":"https:\/\/gruene-wiesbaden.de\/?s={search_term_string}"},"query-input":{"@type":"PropertyValueSpecification","valueRequired":true,"valueName":"search_term_string"}}],"inLanguage":"it-IT"},{"@type":"Organization","@id":"https:\/\/gruene-wiesbaden.de\/#organization","name":"DIE GR\u00dcNEN Wiesbaden","url":"https:\/\/gruene-wiesbaden.de\/","logo":{"@type":"ImageObject","inLanguage":"it-IT","@id":"https:\/\/gruene-wiesbaden.de\/#\/schema\/logo\/image\/","url":"https:\/\/gruene-wiesbaden-fuer-europa.de\/wp-content\/uploads\/2024\/04\/Machen-was-zaehlt-5.png","contentUrl":"https:\/\/gruene-wiesbaden-fuer-europa.de\/wp-content\/uploads\/2024\/04\/Machen-was-zaehlt-5.png","width":1772,"height":1772,"caption":"DIE GR\u00dcNEN Wiesbaden"},"image":{"@id":"https:\/\/gruene-wiesbaden.de\/#\/schema\/logo\/image\/"},"sameAs":["https:\/\/www.facebook.com\/gruene.wi","https:\/\/instagram.com\/gruene_wi"]},{"@type":"Person","@id":"https:\/\/gruene-wiesbaden.de\/#\/schema\/person\/6785c34779159cd4fd86886bb097afe9","name":"admin","sameAs":["http:\/\/gruene-wiesbaden-fuer-europa.de"],"url":"https:\/\/gruene-wiesbaden.de\/it\/author\/admin\/"}]}},"_links":{"self":[{"href":"https:\/\/gruene-wiesbaden.de\/it\/wp-json\/wp\/v2\/posts\/1372","targetHints":{"allow":["GET"]}}],"collection":[{"href":"https:\/\/gruene-wiesbaden.de\/it\/wp-json\/wp\/v2\/posts"}],"about":[{"href":"https:\/\/gruene-wiesbaden.de\/it\/wp-json\/wp\/v2\/types\/post"}],"author":[{"embeddable":true,"href":"https:\/\/gruene-wiesbaden.de\/it\/wp-json\/wp\/v2\/users\/1"}],"replies":[{"embeddable":true,"href":"https:\/\/gruene-wiesbaden.de\/it\/wp-json\/wp\/v2\/comments?post=1372"}],"version-history":[{"count":7,"href":"https:\/\/gruene-wiesbaden.de\/it\/wp-json\/wp\/v2\/posts\/1372\/revisions"}],"predecessor-version":[{"id":2399,"href":"https:\/\/gruene-wiesbaden.de\/it\/wp-json\/wp\/v2\/posts\/1372\/revisions\/2399"}],"wp:featuredmedia":[{"embeddable":true,"href":"https:\/\/gruene-wiesbaden.de\/it\/wp-json\/wp\/v2\/media\/1494"}],"wp:attachment":[{"href":"https:\/\/gruene-wiesbaden.de\/it\/wp-json\/wp\/v2\/media?parent=1372"}],"wp:term":[{"taxonomy":"category","embeddable":true,"href":"https:\/\/gruene-wiesbaden.de\/it\/wp-json\/wp\/v2\/categories?post=1372"},{"taxonomy":"post_tag","embeddable":true,"href":"https:\/\/gruene-wiesbaden.de\/it\/wp-json\/wp\/v2\/tags?post=1372"}],"curies":[{"name":"wp","href":"https:\/\/api.w.org\/{rel}","templated":true}]}}