{"id":1357,"date":"2025-11-10T00:14:08","date_gmt":"2025-11-09T22:14:08","guid":{"rendered":"https:\/\/gruene-wiesbaden.de\/?p=1357"},"modified":"2026-04-09T10:33:03","modified_gmt":"2026-04-09T08:33:03","slug":"sicherheit-und-schutz-vor-gewalt","status":"publish","type":"post","link":"https:\/\/gruene-wiesbaden.de\/it\/sicherheit-und-schutz-vor-gewalt\/","title":{"rendered":"Sicurezza e protezione contro la violenza"},"content":{"rendered":"<section class=\"l-section wpb_row height_medium with_img\"><div class=\"l-section-img\" role=\"img\" data-img-width=\"1080\" data-img-height=\"800\" style=\"background-image: url(https:\/\/gruene-wiesbaden.de\/wp-content\/uploads\/2025\/11\/neuer-Verlauf-gruene-wiesbaden.de_-2-e1762709402177.png);\"><\/div><div class=\"l-section-overlay\" style=\"background:var(--color-header-top-transparent-bg)\"><\/div><div class=\"l-section-h i-cf\"><div class=\"g-cols vc_row via_grid cols_1 laptops-cols_inherit tablets-cols_inherit mobiles-cols_1 valign_top type_default stacking_default\"><div class=\"wpb_column vc_column_container\"><div class=\"vc_column-inner\"><h1 class=\"w-post-elm post_title us_custom_a574d586 has_text_color entry-title\">Sicurezza e protezione contro la violenza<\/h1><div class=\"w-separator size_medium\"><\/div><div class=\"g-cols wpb_row via_grid cols_2-1 laptops-cols_inherit tablets-cols_inherit mobiles-cols_1 valign_top type_default stacking_default\" style=\"--columns-gap:3rem;\"><div class=\"wpb_column vc_column_container\"><div class=\"vc_column-inner\"><div class=\"wpb_text_column us_custom_8b3d6790 has_text_color\"><div class=\"wpb_wrapper\"><p><span style=\"font-weight: 400;\">Vogliamo che tutti a Wiesbaden si sentano al sicuro e liberi da discriminazioni e violenze, tornando a casa, a scuola o negli spazi pubblici. Sicurezza significa qualcosa di diverso per tutti, quindi prestiamo attenzione alle prospettive delle persone che subiscono discriminazione, odio o esclusione. Per noi \u00e8 particolarmente importante rafforzare le voci che spesso vengono trascurate: Persone che subiscono attacchi razzisti, antisemiti, anti-disabili, sessisti o queer e transfobici.<\/span><\/p>\n<p><span style=\"font-weight: 400;\">La protezione non inizia con la polizia cittadina e l'ufficio dell'ordine pubblico, ma con la fiducia, le persone di contatto accessibili, le stanze ben progettate e la convivenza rispettosa. Ci impegniamo per una citt\u00e0 in cui la diversit\u00e0 \u00e8 vissuta, le persone colpite sono ascoltate e la violenza \u00e8 costantemente combattuta, per una Wiesbaden sicura e solidale.<\/span><\/p>\n<\/div><\/div><div class=\"w-separator size_medium\"><\/div><div class=\"w-btn-wrapper align_left\"><a class=\"w-btn us-btn-style_8 icon_atleft\" href=\"https:\/\/gruene-wiesbaden.de\/it\/kommunalwahl\/#Kapitel2\"><i class=\"fas fa-chevron-circle-right\"><\/i><span class=\"w-btn-label\">Torna alla panoramica<\/span><\/a><\/div><\/div><\/div><div class=\"wpb_column vc_column_container\"><div class=\"vc_column-inner\"><div class=\"w-image align_center\"><div class=\"w-image-h\"><img decoding=\"async\" width=\"2048\" height=\"2560\" src=\"https:\/\/gruene-wiesbaden.de\/wp-content\/uploads\/2025\/11\/2.5-Sicherheit-und-Schutz-vor-Gewalt-scaled.jpg\" class=\"attachment-full size-full\" alt=\"\" loading=\"lazy\" srcset=\"https:\/\/gruene-wiesbaden.de\/wp-content\/uploads\/2025\/11\/2.5-Sicherheit-und-Schutz-vor-Gewalt-scaled.jpg 2048w, https:\/\/gruene-wiesbaden.de\/wp-content\/uploads\/2025\/11\/2.5-Sicherheit-und-Schutz-vor-Gewalt-320x400.jpg 320w, https:\/\/gruene-wiesbaden.de\/wp-content\/uploads\/2025\/11\/2.5-Sicherheit-und-Schutz-vor-Gewalt-480x600.jpg 480w\" sizes=\"auto, (max-width: 2048px) 100vw, 2048px\" \/><\/div><\/div><div class=\"w-separator size_small\"><\/div><\/div><\/div><\/div><div class=\"w-separator size_medium\"><\/div><div class=\"w-separator size_medium\"><\/div><div class=\"wpb_text_column us_custom_29deb344 has_text_color\"><div class=\"wpb_wrapper\"><h1>Cosa significano per noi sicurezza e protezione dalla violenza<\/h1>\n<\/div><\/div><div class=\"w-separator size_large\"><\/div><div class=\"g-cols wpb_row via_grid cols_3 laptops-cols_inherit tablets-cols_inherit mobiles-cols_1 valign_top type_default stacking_default\" style=\"--columns-gap:3rem;\"><div class=\"wpb_column vc_column_container\"><div class=\"vc_column-inner\"><div class=\"w-iconbox us_custom_8b3d6790 has_text_color iconpos_left style_default color_custom align_left\"><div class=\"w-iconbox-icon\" style=\"font-size:2rem;--icon-color:#Ffffff;--icon-bg-color:var(--color-header-middle-bg);\"><i class=\"fas fa-layer-group\"><\/i><\/div><div class=\"w-iconbox-meta\"><h4 class=\"w-iconbox-title\" style=\"font-size:1.5rem;\">Sicurezza per tutti<\/h4><div class=\"w-iconbox-text\"><p><span style=\"font-weight: 400;\">Chi \u00e8 al sicuro, tuttavia, non deve dipendere dal genere, dalla sessualit\u00e0 o dall'origine di una persona. Wiesbaden deve essere una citt\u00e0 dove tutti si sentono al sicuro.<\/span><\/p>\n<\/div><\/div><\/div><\/div><\/div><div class=\"wpb_column vc_column_container\"><div class=\"vc_column-inner\"><div class=\"w-iconbox us_custom_8b3d6790 has_text_color iconpos_left style_default color_custom align_left\"><div class=\"w-iconbox-icon\" style=\"font-size:2rem;--icon-color:#Ffffff;--icon-bg-color:var(--color-header-transparent-text);\"><i class=\"fas fa-layer-group\"><\/i><\/div><div class=\"w-iconbox-meta\"><h4 class=\"w-iconbox-title\" style=\"font-size:1.5rem;\">Superare la violenza di genere<\/h4><div class=\"w-iconbox-text\"><p><span style=\"font-weight: 400;\">Le donne sono il pi\u00f9 grande gruppo di persone colpite dalla violenza del partenariato. \u00c8 importante dare un'occhiata speciale qui.<\/span><\/p>\n<\/div><\/div><\/div><\/div><\/div><div class=\"wpb_column vc_column_container\"><div class=\"vc_column-inner\"><div class=\"w-iconbox us_custom_8b3d6790 has_text_color iconpos_left style_default color_custom align_left\"><div class=\"w-iconbox-icon\" style=\"font-size:2rem;--icon-color:#Ffffff;--icon-bg-color:var(--color-header-transparent-text);\"><i class=\"fas fa-layer-group\"><\/i><\/div><div class=\"w-iconbox-meta\"><h4 class=\"w-iconbox-title\" style=\"font-size:1.5rem;\">Luoghi pi\u00f9 sicuri grazie a maggiore vivacit\u00e0 e illuminazione invece di un maggiore monitoraggio<\/h4><div class=\"w-iconbox-text\"><p><span style=\"font-weight: 400;\">Non vogliamo creare sicurezza attraverso sempre pi\u00f9 sorveglianza, ma attraverso spazi pubblici vivaci, ben illuminati e invitanti.<\/span><\/p>\n<\/div><\/div><\/div><\/div><\/div><\/div><div class=\"w-separator size_medium\"><\/div><div class=\"g-cols wpb_row via_grid cols_3 laptops-cols_inherit tablets-cols_inherit mobiles-cols_1 valign_top type_default stacking_default\" style=\"--columns-gap:3rem;\"><div class=\"wpb_column vc_column_container\"><div class=\"vc_column-inner\"><div class=\"w-iconbox us_custom_8b3d6790 has_text_color iconpos_left style_default color_custom align_left\"><div class=\"w-iconbox-icon\" style=\"font-size:2rem;--icon-color:#Ffffff;--icon-bg-color:var(--color-header-middle-bg);\"><i class=\"fas fa-layer-group\"><\/i><\/div><div class=\"w-iconbox-meta\"><h4 class=\"w-iconbox-title\" style=\"font-size:1.5rem;\">Consapevolezza presso le autorit\u00e0 di regolamentazione<\/h4><div class=\"w-iconbox-text\"><p><span style=\"font-weight: 400;\">Le autorit\u00e0 di regolamentazione rafforzano la sicurezza aumentando la consapevolezza della discriminazione, scambiando informazioni con gruppi di difesa e rendendo le persone pi\u00f9 accessibili - questo crea fiducia e protezione per tutti i residenti di Wiesbaden.<\/span><\/p>\n<\/div><\/div><\/div><\/div><\/div><div class=\"wpb_column vc_column_container\"><div class=\"vc_column-inner\"><div class=\"w-iconbox us_custom_8b3d6790 has_text_color iconpos_left style_default color_custom align_left\"><div class=\"w-iconbox-icon\" style=\"font-size:2rem;--icon-color:#Ffffff;--icon-bg-color:var(--color-header-transparent-text);\"><i class=\"fas fa-layer-group\"><\/i><\/div><div class=\"w-iconbox-meta\"><h4 class=\"w-iconbox-title\" style=\"font-size:1.5rem;\">Polizia municipale e ufficio di ordine pubblico vicino ai cittadini<\/h4><div class=\"w-iconbox-text\"><p><span style=\"font-weight: 400;\">Ci affidiamo a una polizia cittadina equa e rispettosa e a un ufficio dell'ordine municipale, entrambi non discriminatori, che ascoltano le persone colpite e offrono a tutti i Wiesbadener sicurezza e libert\u00e0 di movimento.<\/span><\/p>\n<\/div><\/div><\/div><\/div><\/div><div class=\"wpb_column vc_column_container\"><div class=\"vc_column-inner\"><\/div><\/div><\/div><div class=\"w-separator size_medium\"><\/div><div class=\"w-btn-wrapper align_left\"><a class=\"w-btn us-btn-style_8 icon_atleft\" href=\"https:\/\/gruene-wiesbaden.de\/it\/kommunalwahl\/#Kapitel2\"><i class=\"fas fa-chevron-circle-right\"><\/i><span class=\"w-btn-label\">Torna alla panoramica<\/span><\/a><\/div><div class=\"w-separator size_medium\"><\/div><\/div><\/div><\/div><\/div><\/section><section class=\"l-section wpb_row height_auto with_img\"><div class=\"l-section-img\" role=\"img\" data-img-width=\"2048\" data-img-height=\"2560\" style=\"background-image: url(https:\/\/gruene-wiesbaden.de\/wp-content\/uploads\/2025\/11\/2.5-Sicherheit-und-Schutz-vor-Gewalt-scaled.jpg);background-repeat: no-repeat;\"><\/div><div class=\"l-section-overlay\" style=\"background:var(--color-header-top-transparent-bg)\"><\/div><div class=\"l-section-h i-cf\"><div class=\"g-cols vc_row via_grid cols_1 laptops-cols_inherit tablets-cols_inherit mobiles-cols_1 valign_middle type_default stacking_default\" style=\"--columns-gap:1rem;\"><div class=\"wpb_column vc_column_container\"><div class=\"vc_column-inner\"><div class=\"w-separator size_large\"><\/div><div class=\"wpb_text_column background_inside_text\"><div class=\"wpb_wrapper\"><h1>Cosa vogliamo fare specificamente in questo settore<\/h1>\n<\/div><\/div><div class=\"w-separator size_medium\"><\/div><div class=\"w-tabs us_custom_42d693a0 has_text_color style_default switch_click accordion has_scrolling\" style=\"--sections-title-size:1.4rem\"><div class=\"w-tabs-sections titles-align_none icon_chevron cpos_right\"><div class=\"w-tabs-section has_text_color\" id=\"qd9d\" style=\"background:var(--color-header-transparent-text);color:var(--color-header-top-text-hover);\"><button class=\"w-tabs-section-header\" aria-controls=\"content-qd9d\" aria-expanded=\"false\"><div class=\"w-tabs-section-title\">Rendere sicuri gli spazi pubblici senza videosorveglianza<\/div><div class=\"w-tabs-section-control\"><\/div><\/button><div  class=\"w-tabs-section-content\" id=\"content-qd9d\"><div class=\"w-tabs-section-content-h i-cf\"><div class=\"wpb_text_column\"><div class=\"wpb_wrapper\"><p><span style=\"font-weight: 400;\">Noi di GR\u00dcNE vogliamo rendere le piazze di Wiesbaden vivaci, sicure e accoglienti. Rafforziamo la sicurezza e la coesione in tutti i distretti attraverso la gestione dello spazio, il sostegno sociale e il sostegno mirato alle istituzioni giovanili. Gli spazi pubblici dovrebbero essere ben illuminati, privi di barriere e accessibili.<\/span><\/p>\n<p><span style=\"font-weight: 400;\">Rifiutiamo l'estensione dell'osservazione video; La sicurezza viene dai luoghi di vita e dalla presenza sociale. Rendiamo pi\u00f9 attraenti i luoghi oggi percepiti come non sicuri attraverso nuove opportunit\u00e0 di utilizzo, ad esempio attraverso la gastronomia, le offerte culturali o i luoghi di incontro comuni. Questo crea spazi in cui alle persone piace riunirsi, la diversit\u00e0 della vita urbana diventa visibile e la sicurezza sociale cresce. Un buon esempio \u00e8 Mauritius Square.<\/span><\/p>\n<p><span style=\"font-weight: 400;\">In occasione di eventi importanti, vogliamo garantire la sicurezza attraverso divieti di utilizzo del vetro, \"feste sicure\" e controlli gratuiti sulle droghe. In questo modo, tutte le persone, siano esse famiglie, giovani o anziani, possono circolare liberamente e in sicurezza.<\/span><\/p>\n<\/div><\/div><\/div><\/div><\/div><div class=\"w-tabs-section has_text_color\" id=\"vee2\" style=\"background:var(--color-header-transparent-text);color:var(--color-header-top-text-hover);\"><button class=\"w-tabs-section-header\" aria-controls=\"content-vee2\" aria-expanded=\"false\"><div class=\"w-tabs-section-title\">Sicurezza essendo visibile<\/div><div class=\"w-tabs-section-control\"><\/div><\/button><div  class=\"w-tabs-section-content\" id=\"content-vee2\"><div class=\"w-tabs-section-content-h i-cf\"><div class=\"wpb_text_column\"><div class=\"wpb_wrapper\"><p><span style=\"font-weight: 400;\">Con una cura attiva dei quartieri esistenti, vogliamo evitare posti vacanti e aree non illuminate. Vogliamo che lo spazio pubblico sia mantenuto e che i distretti con problemi siano ristrutturati strutturalmente. Inoltre, vogliamo illuminare meglio le fermate e le stazioni di mobilit\u00e0. A tal fine, deve essere sviluppato un concetto di illuminazione che pensi sia in tutta la citt\u00e0 che rispettoso dell'ambiente. Questo rafforza anche il senso di sicurezza. Una piattaforma di segnalazione dovrebbe rendere visibili i luoghi non sicuri.<\/span><\/p>\n<\/div><\/div><\/div><\/div><\/div><div class=\"w-tabs-section has_text_color\" id=\"x043\" style=\"background:var(--color-header-transparent-text);color:var(--color-header-top-text-hover);\"><button class=\"w-tabs-section-header\" aria-controls=\"content-x043\" aria-expanded=\"false\"><div class=\"w-tabs-section-title\">Rafforzare ulteriormente i concetti di prevenzione e protezione: Luisa \u00e8 qui! e telefono di casa<\/div><div class=\"w-tabs-section-control\"><\/div><\/button><div  class=\"w-tabs-section-content\" id=\"content-x043\"><div class=\"w-tabs-section-content-h i-cf\"><div class=\"wpb_text_column\"><div class=\"wpb_wrapper\"><p><span style=\"font-weight: 400;\">Il progetto \"Luisa is here!\" ha avuto successo a Wiesbaden da qualche tempo. Vogliamo mantenere ed espandere questo progetto, in modo da creare pi\u00f9 sicurezza e attenzione nella vita notturna di Wiesbaden, nei bar, nei club e nei festival di Wiesbaden. In modo che ogni festival della citt\u00e0 a Wiesbaden \u00e8 un luogo dove ogni persona pu\u00f2 ottenere rapidamente la sicurezza. Perch\u00e9 i comportamenti transfrontalieri, invasivi e discriminatori non hanno posto da nessuna parte.<\/span><\/p>\n<p><span style=\"font-weight: 400;\">Inoltre, la citt\u00e0 sta gi\u00e0 collaborando con Heimwegtelefon e.V., un servizio a livello tedesco che accompagna i chiamanti per telefono di notte se si sentono insicuri mentre tornano a casa. Questa offerta \u00e8 disponibile dalla domenica al gioved\u00ec dalle 21.00 a mezzanotte e il venerd\u00ec e il sabato dalle 21.00 alle 15.00 con il numero 030 12074182. Ci impegniamo a definire ulteriormente tali concetti di protezione e a renderli accessibili a tutti.<\/span><\/p>\n<\/div><\/div><\/div><\/div><\/div><div class=\"w-tabs-section has_text_color\" id=\"z172\" style=\"background:var(--color-header-middle-bg);color:var(--color-content-heading);\"><button class=\"w-tabs-section-header\" aria-controls=\"content-z172\" aria-expanded=\"false\"><div class=\"w-tabs-section-title\">I taxi delle donne<\/div><div class=\"w-tabs-section-control\"><\/div><\/button><div  class=\"w-tabs-section-content\" id=\"content-z172\"><div class=\"w-tabs-section-content-h i-cf\"><div class=\"wpb_text_column\"><div class=\"wpb_wrapper\"><p><span style=\"font-weight: 400;\">Affinch\u00e9 le donne possano tranquillamente tornare a casa in qualsiasi momento, vogliamo portare il modello dei taxi notturni femminili a Wiesbaden. A Stoccarda, questo modello esiste da 20 anni e ha successo. Affinch\u00e9 tutti possano permettersi la corsa in taxi, vogliamo sviluppare un modello attraverso il quale le donne che viaggiano da sole ricevano un sussidio per guidare a casa con un tale taxi.<\/span><\/p>\n<\/div><\/div><\/div><\/div><\/div><div class=\"w-tabs-section has_text_color\" id=\"g2ae\" style=\"background:var(--color-header-transparent-text);color:var(--color-header-top-text-hover);\"><button class=\"w-tabs-section-header\" aria-controls=\"content-g2ae\" aria-expanded=\"false\"><div class=\"w-tabs-section-title\">Ampliamento dei centri di accoglienza e consulenza per le donne<\/div><div class=\"w-tabs-section-control\"><\/div><\/button><div  class=\"w-tabs-section-content\" id=\"content-g2ae\"><div class=\"w-tabs-section-content-h i-cf\"><div class=\"wpb_text_column\"><div class=\"wpb_wrapper\"><p><span style=\"font-weight: 400;\">GR\u00dcNE si impegna a garantire che le donne a Wiesbaden trovino protezione in modo rapido e semplice. A tal fine, vogliamo espandere i rifugi e i servizi di consulenza per le donne, sostenere le istituzioni locali e garantire risorse umane e finanziarie. La protezione non deve dipendere dal portafoglio: Garantiamo che le donne in cerca di protezione non debbano sostenere i propri costi.<\/span><\/p>\n<p><span style=\"font-weight: 400;\">Allo stesso tempo, vogliamo promuovere offerte a bassa soglia e attivit\u00e0 di prevenzione in modo che la violenza sia rilevata e prevenuta in una fase precoce. Con questo impegno, contribuiamo attivamente all'attuazione della Convenzione di Istanbul e rafforziamo la protezione e la sicurezza delle donne nella nostra citt\u00e0.<\/span><\/p>\n<\/div><\/div><\/div><\/div><\/div><div class=\"w-tabs-section has_text_color\" id=\"e3fd\" style=\"background:var(--color-header-middle-bg);color:var(--color-header-middle-text);\"><button class=\"w-tabs-section-header\" aria-controls=\"content-e3fd\" aria-expanded=\"false\"><div class=\"w-tabs-section-title\">Garantire l'attuazione della convenzione di Istanbul<\/div><div class=\"w-tabs-section-control\"><\/div><\/button><div  class=\"w-tabs-section-content\" id=\"content-e3fd\"><div class=\"w-tabs-section-content-h i-cf\"><div class=\"wpb_text_column\"><div class=\"wpb_wrapper\"><p><span style=\"font-weight: 400;\">Affinch\u00e9 la convenzione di Istanbul sia attuata in modo coerente a Wiesbaden, sono necessarie anche le risorse umane necessarie. L'organismo locale di coordinamento per l'attuazione della convenzione di Istanbul ha avviato i lavori. Tuttavia, \u00e8 importante che le risorse finanziarie a tal fine siano aumentate in modo che l'attuazione possa procedere il pi\u00f9 rapidamente possibile.<\/span><\/p>\n<\/div><\/div><\/div><\/div><\/div><div class=\"w-tabs-section has_text_color\" id=\"n522\" style=\"background:var(--color-header-transparent-text);color:var(--color-header-top-text-hover);\"><button class=\"w-tabs-section-header\" aria-controls=\"content-n522\" aria-expanded=\"false\"><div class=\"w-tabs-section-title\">Alloggi protetti per le persone che si prostituiscono forzatamente<\/div><div class=\"w-tabs-section-control\"><\/div><\/button><div  class=\"w-tabs-section-content\" id=\"content-n522\"><div class=\"w-tabs-section-content-h i-cf\"><div class=\"wpb_text_column\"><div class=\"wpb_wrapper\"><p><span style=\"font-weight: 400;\">La prostituzione forzata \u00e8 un crimine per i diritti umani. Pertanto, dovrebbero essere istituiti rifugi per accogliere le persone provenienti dalla prostituzione forzata e dare loro un posto protettivo.<\/span><\/p>\n<\/div><\/div><\/div><\/div><\/div><div class=\"w-tabs-section has_text_color\" id=\"s656\" style=\"background:var(--color-header-transparent-text);color:var(--color-header-top-text-hover);\"><button class=\"w-tabs-section-header\" aria-controls=\"content-s656\" aria-expanded=\"false\"><div class=\"w-tabs-section-title\">Superare il problema dei senzatetto \u2013 L'alloggio prima di tutto<\/div><div class=\"w-tabs-section-control\"><\/div><\/button><div  class=\"w-tabs-section-content\" id=\"content-s656\"><div class=\"w-tabs-section-content-h i-cf\"><div class=\"wpb_text_column\"><div class=\"wpb_wrapper\"><p><span style=\"font-weight: 400;\">Sosteniamo le persone affinch\u00e9 non diventino senzatetto. Vogliamo superare i senzatetto con l'approccio housing-first. Laddove ci\u00f2 non sia possibile o desiderato dalle persone colpite, forniamo sufficienti posti letto e cure mediche.<\/span><\/p>\n<p><span style=\"font-weight: 400;\">Le persone che sono cadute in senzatetto hanno principalmente bisogno di un appartamento per affrontare problemi come la dipendenza, la disoccupazione, i problemi di salute mentale o simili.<\/span><\/p>\n<\/div><\/div><\/div><\/div><\/div><div class=\"w-tabs-section has_text_color\" id=\"o787\" style=\"background:var(--color-header-transparent-text);color:var(--color-header-top-text-hover);\"><button class=\"w-tabs-section-header\" aria-controls=\"content-o787\" aria-expanded=\"false\"><div class=\"w-tabs-section-title\">Polizia municipale e ufficio dell'ordine pubblico come persone fiduciose per tutti<\/div><div class=\"w-tabs-section-control\"><\/div><\/button><div  class=\"w-tabs-section-content\" id=\"content-o787\"><div class=\"w-tabs-section-content-h i-cf\"><div class=\"wpb_text_column\"><div class=\"wpb_wrapper\"><p><span style=\"font-weight: 400;\">Ci affidiamo a una forza di polizia cittadina vicina ai cittadini e a un ufficio dell'ordine municipale, che agiscono in modo equo, rispettoso e senza armamenti. Le regolari strisce pedonali e ciclabili, la presenza preventiva e le misure di protezione per i servizi di emergenza rafforzano il senso di sicurezza della popolazione. Rifiutiamo l'introduzione di pistole a spruzzo al peperoncino. Inoltre, vogliamo invertire l'allineamento visivo dell'Ufficio dell'ordine pubblico con la polizia al fine di mantenere chiaramente riconoscibili i diversi compiti e mandati delle autorit\u00e0.<\/span><\/p>\n<\/div><\/div><\/div><\/div><\/div><div class=\"w-tabs-section has_text_color\" id=\"s8be\" style=\"background:var(--color-header-transparent-text);color:var(--color-header-top-text-hover);\"><button class=\"w-tabs-section-header\" aria-controls=\"content-s8be\" aria-expanded=\"false\"><div class=\"w-tabs-section-title\">Sensibilizzazione, formazione e protezione per la polizia cittadina e le forze dell'ordine<\/div><div class=\"w-tabs-section-control\"><\/div><\/button><div  class=\"w-tabs-section-content\" id=\"content-s8be\"><div class=\"w-tabs-section-content-h i-cf\"><div class=\"wpb_text_column\"><div class=\"wpb_wrapper\"><p><span style=\"font-weight: 400;\">La nostra preoccupazione - una polizia cittadina e un ufficio per l'ordine pubblico con consapevolezza: La polizia cittadina e l'ufficio dell'ordine pubblico devono collaborare con le istituzioni sociali e le istituzioni della societ\u00e0 civile e devono essere formati in modo sensibile alla discriminazione. Corsi di formazione speciali sull'ostilit\u00e0 queer, l'estremismo di destra, la violenza domestica e le crisi psicologiche hanno lo scopo di garantire che i servizi di emergenza agiscano in modo professionale. Strutture decentrate, valutazioni esterne periodiche e una cultura dell'errore visibile promuovono la fiducia e combattono il razzismo.<\/span><\/p>\n<p><span style=\"font-weight: 400;\">Allo stesso tempo, l'obiettivo \u00e8 proteggere i dipendenti da attacchi verbali e fisici e sostenerli nelle procedure di segnalazione, ad esempio attraverso un sistema di segnalazione e un'unit\u00e0 comunale dal titolo \"Violenza contro i servizi di soccorso e di emergenza\".<\/span><\/p>\n<\/div><\/div><\/div><\/div><\/div><div class=\"w-tabs-section has_text_color\" id=\"r9e4\" style=\"background:var(--color-header-transparent-text);color:var(--color-header-top-text-hover);\"><button class=\"w-tabs-section-header\" aria-controls=\"content-r9e4\" aria-expanded=\"false\"><div class=\"w-tabs-section-title\">Masterplan Security per misure di sicurezza su misura in citt\u00e0<\/div><div class=\"w-tabs-section-control\"><\/div><\/button><div  class=\"w-tabs-section-content\" id=\"content-r9e4\"><div class=\"w-tabs-section-content-h i-cf\"><div class=\"wpb_text_column\"><div class=\"wpb_wrapper\"><p><span style=\"font-weight: 400;\">Sviluppiamo e implementiamo un piano generale sulla sicurezza che analizza sistematicamente le cause della criminalit\u00e0 a Wiesbaden e include misure sia normative che sociali. L'obiettivo \u00e8 quello di adattare le misure ai diversi distretti e aree pubbliche. A tal fine, dati e testimonianze della polizia, dell'ufficio dell'ordine pubblico, delle istituzioni sociali e delle istituzioni della societ\u00e0 civile, nonch\u00e9 dei gruppi di lavoro Spazio pubblico e #Dove sono riuniti. Sulla base dell'analisi, promuoviamo specificamente progetti preventivi, rafforziamo le strutture decentralizzate e, se necessario, avviamo ulteriori partnership normative nei distretti. In questo modo, creiamo concetti di sicurezza che hanno un effetto efficace, cooperativo e sostenibile e aumentano notevolmente il senso di sicurezza di tutti i cittadini.<\/span><\/p>\n<\/div><\/div><\/div><\/div><\/div><\/div><\/div><div class=\"w-separator size_medium\"><\/div><div class=\"w-btn-wrapper align_left\"><a class=\"w-btn us-btn-style_8 icon_atleft\" href=\"https:\/\/gruene-wiesbaden.de\/it\/kommunalwahl\/#Kapitel2\"><i class=\"fas fa-chevron-circle-right\"><\/i><span class=\"w-btn-label\">Torna alla panoramica<\/span><\/a><\/div><div class=\"w-separator size_large\"><\/div><div class=\"wpb_text_column\"><div class=\"wpb_wrapper\"><h1>Cosa abbiamo gi\u00e0 realizzato<\/h1>\n<\/div><\/div><div class=\"w-separator size_medium\"><\/div><div class=\"w-tabs us_custom_42d693a0 has_text_color style_default switch_click accordion has_scrolling\" style=\"--sections-title-size:1.4rem\"><div class=\"w-tabs-sections titles-align_none icon_chevron cpos_right\"><div class=\"w-tabs-section has_text_color\" id=\"p1e1\" style=\"background:var(--color-header-transparent-text);color:var(--color-header-top-text-hover);\"><button class=\"w-tabs-section-header\" aria-controls=\"content-p1e1\" aria-expanded=\"false\"><div class=\"w-tabs-section-title\">\u00c8 stata istituita la rete della convenzione di Istanbul<\/div><div class=\"w-tabs-section-control\"><\/div><\/button><div  class=\"w-tabs-section-content\" id=\"content-p1e1\"><div class=\"w-tabs-section-content-h i-cf\"><div class=\"wpb_text_column\"><div class=\"wpb_wrapper\"><p><span style=\"font-weight: 400;\">Abbiamo creato una rete a Wiesbaden per attuare la Convenzione di Istanbul. Pi\u00f9 di 80 attori dell'amministrazione, della politica e dei sistemi di aiuto collaborano per prevenire, individuare e sostenere efficacemente la violenza contro le donne. La rete rafforza gli scambi, promuove azioni coordinate e invia un segnale chiaro: Wiesbaden prende sul serio la protezione delle donne e garantisce che gli standard internazionali della Convenzione di Istanbul diventino una realt\u00e0 in citt\u00e0.<\/span><\/p>\n<\/div><\/div><\/div><\/div><\/div><div class=\"w-tabs-section has_text_color\" id=\"q362\" style=\"background:var(--color-header-transparent-text);color:var(--color-header-top-text-hover);\"><button class=\"w-tabs-section-header\" aria-controls=\"content-q362\" aria-expanded=\"false\"><div class=\"w-tabs-section-title\">Progetto \"Luisa \u00e8 qui?\"<\/div><div class=\"w-tabs-section-control\"><\/div><\/button><div  class=\"w-tabs-section-content\" id=\"content-q362\"><div class=\"w-tabs-section-content-h i-cf\"><div class=\"wpb_text_column\"><div class=\"wpb_wrapper\"><p><span style=\"font-weight: 400;\">Ci impegniamo a garantire che le donne a Wiesbaden siano al sicuro quando escono. La campagna \"\u00c8 Luisa qui?\" consente alle donne di cercare discretamente aiuto nei bar, nei club e nelle istituzioni pubbliche partecipanti quando si sentono minacciate o a disagio. Abbiamo avviato la campagna, garantito visibilit\u00e0, esteso il progetto ad altre istituzioni pubbliche e fornito formazione al personale. In questo modo, rafforziamo la protezione delle donne, preveniamo la violenza e promuoviamo una convivenza sicura e rispettosa nella citt\u00e0.<\/span><\/p>\n<\/div><\/div><\/div><\/div><\/div><div class=\"w-tabs-section has_text_color\" id=\"b4a3\" style=\"background:var(--color-header-transparent-text);color:var(--color-header-top-text-hover);\"><button class=\"w-tabs-section-header\" aria-controls=\"content-b4a3\" aria-expanded=\"false\"><div class=\"w-tabs-section-title\">Telefono di casa del progetto<\/div><div class=\"w-tabs-section-control\"><\/div><\/button><div  class=\"w-tabs-section-content\" id=\"content-b4a3\"><div class=\"w-tabs-section-content-h i-cf\"><div class=\"wpb_text_column\"><div class=\"wpb_wrapper\"><p><span style=\"font-weight: 400;\">Inoltre, la citt\u00e0 collabora con Heimwegtelefon e.V., un servizio a livello tedesco che accompagna i chiamanti per telefono di notte se si sentono insicuri mentre tornano a casa. Questa offerta \u00e8 disponibile dalla domenica al gioved\u00ec dalle 21.00 a mezzanotte e il venerd\u00ec e il sabato dalle 21.00 alle 15.00 con il numero 030 12074182. Ci impegniamo a definire ulteriormente tali concetti di protezione e a renderli accessibili a tutti.<\/span><\/p>\n<\/div><\/div><\/div><\/div><\/div><div class=\"w-tabs-section has_text_color\" id=\"q5d3\" style=\"background:var(--color-header-middle-bg);color:var(--color-content-heading);\"><button class=\"w-tabs-section-header\" aria-controls=\"content-q5d3\" aria-expanded=\"false\"><div class=\"w-tabs-section-title\">Modello I e II di Wiesbaden \u2013 Strategie comunali in materia di prostituzione<\/div><div class=\"w-tabs-section-control\"><\/div><\/button><div  class=\"w-tabs-section-content\" id=\"content-q5d3\"><div class=\"w-tabs-section-content-h i-cf\"><div class=\"wpb_text_column\"><div class=\"wpb_wrapper\"><p><span style=\"font-weight: 400;\">Abbiamo assicurato che la citt\u00e0 ha assunto un terapeuta trauma che svolge attivit\u00e0 di sensibilizzazione sociale nel campo della prostituzione e offre assistenza all'uscita. Da questo periodo elettorale, l'Unit\u00e0 delle donne ha anche intrapreso con successo azioni contro la prostituzione illegale in appartamenti e alberghi per vacanze. Il modello di Wiesbaden \u00e8 una buona pratica per altri comuni.<\/span><\/p>\n<\/div><\/div><\/div><\/div><\/div><div class=\"w-tabs-section has_text_color\" id=\"s71f\" style=\"background:var(--color-header-transparent-text);color:var(--color-header-top-text-hover);\"><button class=\"w-tabs-section-header\" aria-controls=\"content-s71f\" aria-expanded=\"false\"><div class=\"w-tabs-section-title\">Convegno: Violenza contro le persone LGBTQIA*<\/div><div class=\"w-tabs-section-control\"><\/div><\/button><div  class=\"w-tabs-section-content\" id=\"content-s71f\"><div class=\"w-tabs-section-content-h i-cf\"><div class=\"wpb_text_column\"><div class=\"wpb_wrapper\"><p><span style=\"font-weight: 400;\">Abbiamo avviato un simposio sulla violenza contro le persone LGBTQIAI*. Professionisti e organizzazioni si scambiano opinioni per migliorare le misure di protezione e rafforzare la prevenzione della violenza e della discriminazione.<\/span><\/p>\n<\/div><\/div><\/div><\/div><\/div><div class=\"w-tabs-section has_text_color\" id=\"y85f\" style=\"background:var(--color-header-transparent-text);color:var(--color-header-top-text-hover);\"><button class=\"w-tabs-section-header\" aria-controls=\"content-y85f\" aria-expanded=\"false\"><div class=\"w-tabs-section-title\">Drug-Checking e Wiesbaden come regione modello per la vendita di cannabis<\/div><div class=\"w-tabs-section-control\"><\/div><\/button><div  class=\"w-tabs-section-content\" id=\"content-y85f\"><div class=\"w-tabs-section-content-h i-cf\"><div class=\"wpb_text_column\"><div class=\"wpb_wrapper\"><p><span style=\"font-weight: 400;\">A Wiesbaden, abbiamo creato un progetto pilota \"Drug Checking\" per proteggere meglio i consumatori dai farmaci contaminati. Ad eventi selezionati di Wiesbaden, droghe come la cannabis vengono esaminate da esperti per i contaminanti e allo stesso tempo vengono rafforzate le offerte di prevenzione. Il progetto pilota dovrebbe includere anche la sperimentazione di altre sostanze in fasi successive al fine di poter proteggere i consumatori nel miglior modo possibile.<\/span><\/p>\n<p><span style=\"font-weight: 400;\">Siamo stati anche coinvolti nella richiesta di Wiesbaden per una vendita consapevole e controllata di cannabis nelle farmacie come parte del progetto modello. Questa procedura \u00e8 ancora in corso. Tuttavia, una politica responsabile in materia di droga significa anche creare attivamente servizi di prevenzione e sostegno al fine di proteggere i consumatori nel miglior modo possibile.<\/span><\/p>\n<\/div><\/div><\/div><\/div><\/div><\/div><\/div><div class=\"w-separator size_medium\"><\/div><div class=\"w-btn-wrapper align_left\"><a class=\"w-btn us-btn-style_8 icon_atleft\" href=\"https:\/\/gruene-wiesbaden.de\/it\/kommunalwahl\/#Kapitel2\"><i class=\"fas fa-chevron-circle-right\"><\/i><span class=\"w-btn-label\">Torna alla panoramica<\/span><\/a><\/div><div class=\"w-separator size_large\"><\/div><\/div><\/div><\/div><\/div><\/section>","protected":false},"excerpt":{"rendered":"Vogliamo che tutti a Wiesbaden si sentano al sicuro e liberi da discriminazioni e violenze, tornando a casa, a scuola o negli spazi pubblici. Sicurezza significa qualcosa di diverso per tutti, quindi prestiamo attenzione alle prospettive delle persone che subiscono discriminazione, odio o esclusione. E' particolarmente importante per noi...","protected":false},"author":1,"featured_media":1489,"comment_status":"closed","ping_status":"closed","sticky":false,"template":"","format":"standard","meta":{"footnotes":""},"categories":[15],"tags":[],"class_list":["post-1357","post","type-post","status-publish","format-standard","has-post-thumbnail","hentry","category-kapitel-2"],"yoast_head":"<!-- This site is optimized with the Yoast SEO plugin v27.5 - https:\/\/yoast.com\/product\/yoast-seo-wordpress\/ -->\n<title>Sicherheit und Schutz vor Gewalt - B\u00dcNDNIS 90\/DIE GR\u00dcNEN Wiesbaden<\/title>\n<meta name=\"robots\" content=\"index, follow, max-snippet:-1, max-image-preview:large, max-video-preview:-1\" \/>\n<link rel=\"canonical\" href=\"https:\/\/gruene-wiesbaden.de\/it\/sicherheit-und-schutz-vor-gewalt\/\" \/>\n<meta property=\"og:locale\" content=\"it_IT\" \/>\n<meta property=\"og:type\" content=\"article\" \/>\n<meta property=\"og:title\" content=\"Sicherheit und Schutz vor Gewalt - B\u00dcNDNIS 90\/DIE GR\u00dcNEN Wiesbaden\" \/>\n<meta property=\"og:url\" content=\"https:\/\/gruene-wiesbaden.de\/it\/sicherheit-und-schutz-vor-gewalt\/\" \/>\n<meta property=\"og:site_name\" content=\"B\u00dcNDNIS 90\/DIE GR\u00dcNEN Wiesbaden\" \/>\n<meta property=\"article:publisher\" content=\"https:\/\/www.facebook.com\/gruene.wi\" \/>\n<meta property=\"article:published_time\" content=\"2025-11-09T22:14:08+00:00\" \/>\n<meta property=\"article:modified_time\" content=\"2026-04-09T08:33:03+00:00\" \/>\n<meta property=\"og:image\" content=\"https:\/\/gruene-wiesbaden.de\/wp-content\/uploads\/2025\/11\/2.5-Sicherheit-und-Schutz-vor-Gewalt-scaled.jpg\" \/>\n\t<meta property=\"og:image:width\" content=\"2048\" \/>\n\t<meta property=\"og:image:height\" content=\"2560\" \/>\n\t<meta property=\"og:image:type\" content=\"image\/jpeg\" \/>\n<meta name=\"author\" content=\"admin\" \/>\n<meta name=\"twitter:card\" content=\"summary_large_image\" \/>\n<meta name=\"twitter:label1\" content=\"Scritto da\" \/>\n\t<meta name=\"twitter:data1\" content=\"admin\" \/>\n\t<meta name=\"twitter:label2\" content=\"Tempo di lettura stimato\" \/>\n\t<meta name=\"twitter:data2\" content=\"11 minutes\" \/>\n<script type=\"application\/ld+json\" class=\"yoast-schema-graph\">{\"@context\":\"https:\\\/\\\/schema.org\",\"@graph\":[{\"@type\":\"Article\",\"@id\":\"https:\\\/\\\/gruene-wiesbaden.de\\\/sicherheit-und-schutz-vor-gewalt\\\/#article\",\"isPartOf\":{\"@id\":\"https:\\\/\\\/gruene-wiesbaden.de\\\/sicherheit-und-schutz-vor-gewalt\\\/\"},\"author\":{\"name\":\"admin\",\"@id\":\"https:\\\/\\\/gruene-wiesbaden.de\\\/#\\\/schema\\\/person\\\/6785c34779159cd4fd86886bb097afe9\"},\"headline\":\"Sicherheit und Schutz vor Gewalt\",\"datePublished\":\"2025-11-09T22:14:08+00:00\",\"dateModified\":\"2026-04-09T08:33:03+00:00\",\"mainEntityOfPage\":{\"@id\":\"https:\\\/\\\/gruene-wiesbaden.de\\\/sicherheit-und-schutz-vor-gewalt\\\/\"},\"wordCount\":2926,\"publisher\":{\"@id\":\"https:\\\/\\\/gruene-wiesbaden.de\\\/#organization\"},\"image\":{\"@id\":\"https:\\\/\\\/gruene-wiesbaden.de\\\/sicherheit-und-schutz-vor-gewalt\\\/#primaryimage\"},\"thumbnailUrl\":\"https:\\\/\\\/gruene-wiesbaden.de\\\/wp-content\\\/uploads\\\/2025\\\/11\\\/2.5-Sicherheit-und-Schutz-vor-Gewalt-scaled.jpg\",\"articleSection\":[\"Kapitel 2\"],\"inLanguage\":\"it-IT\"},{\"@type\":\"WebPage\",\"@id\":\"https:\\\/\\\/gruene-wiesbaden.de\\\/sicherheit-und-schutz-vor-gewalt\\\/\",\"url\":\"https:\\\/\\\/gruene-wiesbaden.de\\\/sicherheit-und-schutz-vor-gewalt\\\/\",\"name\":\"Sicherheit und Schutz vor Gewalt - B\u00dcNDNIS 90\\\/DIE GR\u00dcNEN Wiesbaden\",\"isPartOf\":{\"@id\":\"https:\\\/\\\/gruene-wiesbaden.de\\\/#website\"},\"primaryImageOfPage\":{\"@id\":\"https:\\\/\\\/gruene-wiesbaden.de\\\/sicherheit-und-schutz-vor-gewalt\\\/#primaryimage\"},\"image\":{\"@id\":\"https:\\\/\\\/gruene-wiesbaden.de\\\/sicherheit-und-schutz-vor-gewalt\\\/#primaryimage\"},\"thumbnailUrl\":\"https:\\\/\\\/gruene-wiesbaden.de\\\/wp-content\\\/uploads\\\/2025\\\/11\\\/2.5-Sicherheit-und-Schutz-vor-Gewalt-scaled.jpg\",\"datePublished\":\"2025-11-09T22:14:08+00:00\",\"dateModified\":\"2026-04-09T08:33:03+00:00\",\"breadcrumb\":{\"@id\":\"https:\\\/\\\/gruene-wiesbaden.de\\\/sicherheit-und-schutz-vor-gewalt\\\/#breadcrumb\"},\"inLanguage\":\"it-IT\",\"potentialAction\":[{\"@type\":\"ReadAction\",\"target\":[\"https:\\\/\\\/gruene-wiesbaden.de\\\/sicherheit-und-schutz-vor-gewalt\\\/\"]}]},{\"@type\":\"ImageObject\",\"inLanguage\":\"it-IT\",\"@id\":\"https:\\\/\\\/gruene-wiesbaden.de\\\/sicherheit-und-schutz-vor-gewalt\\\/#primaryimage\",\"url\":\"https:\\\/\\\/gruene-wiesbaden.de\\\/wp-content\\\/uploads\\\/2025\\\/11\\\/2.5-Sicherheit-und-Schutz-vor-Gewalt-scaled.jpg\",\"contentUrl\":\"https:\\\/\\\/gruene-wiesbaden.de\\\/wp-content\\\/uploads\\\/2025\\\/11\\\/2.5-Sicherheit-und-Schutz-vor-Gewalt-scaled.jpg\",\"width\":2048,\"height\":2560},{\"@type\":\"BreadcrumbList\",\"@id\":\"https:\\\/\\\/gruene-wiesbaden.de\\\/sicherheit-und-schutz-vor-gewalt\\\/#breadcrumb\",\"itemListElement\":[{\"@type\":\"ListItem\",\"position\":1,\"name\":\"Startseite\",\"item\":\"https:\\\/\\\/gruene-wiesbaden.de\\\/\"},{\"@type\":\"ListItem\",\"position\":2,\"name\":\"Sicherheit und Schutz vor Gewalt\"}]},{\"@type\":\"WebSite\",\"@id\":\"https:\\\/\\\/gruene-wiesbaden.de\\\/#website\",\"url\":\"https:\\\/\\\/gruene-wiesbaden.de\\\/\",\"name\":\"DIE GR\u00dcNEN Wiesbaden\",\"description\":\"\",\"publisher\":{\"@id\":\"https:\\\/\\\/gruene-wiesbaden.de\\\/#organization\"},\"potentialAction\":[{\"@type\":\"SearchAction\",\"target\":{\"@type\":\"EntryPoint\",\"urlTemplate\":\"https:\\\/\\\/gruene-wiesbaden.de\\\/?s={search_term_string}\"},\"query-input\":{\"@type\":\"PropertyValueSpecification\",\"valueRequired\":true,\"valueName\":\"search_term_string\"}}],\"inLanguage\":\"it-IT\"},{\"@type\":\"Organization\",\"@id\":\"https:\\\/\\\/gruene-wiesbaden.de\\\/#organization\",\"name\":\"DIE GR\u00dcNEN Wiesbaden\",\"url\":\"https:\\\/\\\/gruene-wiesbaden.de\\\/\",\"logo\":{\"@type\":\"ImageObject\",\"inLanguage\":\"it-IT\",\"@id\":\"https:\\\/\\\/gruene-wiesbaden.de\\\/#\\\/schema\\\/logo\\\/image\\\/\",\"url\":\"https:\\\/\\\/gruene-wiesbaden-fuer-europa.de\\\/wp-content\\\/uploads\\\/2024\\\/04\\\/Machen-was-zaehlt-5.png\",\"contentUrl\":\"https:\\\/\\\/gruene-wiesbaden-fuer-europa.de\\\/wp-content\\\/uploads\\\/2024\\\/04\\\/Machen-was-zaehlt-5.png\",\"width\":1772,\"height\":1772,\"caption\":\"DIE GR\u00dcNEN Wiesbaden\"},\"image\":{\"@id\":\"https:\\\/\\\/gruene-wiesbaden.de\\\/#\\\/schema\\\/logo\\\/image\\\/\"},\"sameAs\":[\"https:\\\/\\\/www.facebook.com\\\/gruene.wi\",\"https:\\\/\\\/instagram.com\\\/gruene_wi\"]},{\"@type\":\"Person\",\"@id\":\"https:\\\/\\\/gruene-wiesbaden.de\\\/#\\\/schema\\\/person\\\/6785c34779159cd4fd86886bb097afe9\",\"name\":\"admin\",\"sameAs\":[\"http:\\\/\\\/gruene-wiesbaden-fuer-europa.de\"],\"url\":\"https:\\\/\\\/gruene-wiesbaden.de\\\/it\\\/author\\\/admin\\\/\"}]}<\/script>\n<!-- \/ Yoast SEO plugin. -->","yoast_head_json":{"title":"Sicherheit und Schutz vor Gewalt - B\u00dcNDNIS 90\/DIE GR\u00dcNEN Wiesbaden","robots":{"index":"index","follow":"follow","max-snippet":"max-snippet:-1","max-image-preview":"max-image-preview:large","max-video-preview":"max-video-preview:-1"},"canonical":"https:\/\/gruene-wiesbaden.de\/it\/sicherheit-und-schutz-vor-gewalt\/","og_locale":"it_IT","og_type":"article","og_title":"Sicherheit und Schutz vor Gewalt - B\u00dcNDNIS 90\/DIE GR\u00dcNEN Wiesbaden","og_url":"https:\/\/gruene-wiesbaden.de\/it\/sicherheit-und-schutz-vor-gewalt\/","og_site_name":"B\u00dcNDNIS 90\/DIE GR\u00dcNEN Wiesbaden","article_publisher":"https:\/\/www.facebook.com\/gruene.wi","article_published_time":"2025-11-09T22:14:08+00:00","article_modified_time":"2026-04-09T08:33:03+00:00","og_image":[{"width":2048,"height":2560,"url":"https:\/\/gruene-wiesbaden.de\/wp-content\/uploads\/2025\/11\/2.5-Sicherheit-und-Schutz-vor-Gewalt-scaled.jpg","type":"image\/jpeg"}],"author":"admin","twitter_card":"summary_large_image","twitter_misc":{"Scritto da":"admin","Tempo di lettura stimato":"11 minutes"},"schema":{"@context":"https:\/\/schema.org","@graph":[{"@type":"Article","@id":"https:\/\/gruene-wiesbaden.de\/sicherheit-und-schutz-vor-gewalt\/#article","isPartOf":{"@id":"https:\/\/gruene-wiesbaden.de\/sicherheit-und-schutz-vor-gewalt\/"},"author":{"name":"admin","@id":"https:\/\/gruene-wiesbaden.de\/#\/schema\/person\/6785c34779159cd4fd86886bb097afe9"},"headline":"Sicherheit und Schutz vor Gewalt","datePublished":"2025-11-09T22:14:08+00:00","dateModified":"2026-04-09T08:33:03+00:00","mainEntityOfPage":{"@id":"https:\/\/gruene-wiesbaden.de\/sicherheit-und-schutz-vor-gewalt\/"},"wordCount":2926,"publisher":{"@id":"https:\/\/gruene-wiesbaden.de\/#organization"},"image":{"@id":"https:\/\/gruene-wiesbaden.de\/sicherheit-und-schutz-vor-gewalt\/#primaryimage"},"thumbnailUrl":"https:\/\/gruene-wiesbaden.de\/wp-content\/uploads\/2025\/11\/2.5-Sicherheit-und-Schutz-vor-Gewalt-scaled.jpg","articleSection":["Kapitel 2"],"inLanguage":"it-IT"},{"@type":"WebPage","@id":"https:\/\/gruene-wiesbaden.de\/sicherheit-und-schutz-vor-gewalt\/","url":"https:\/\/gruene-wiesbaden.de\/sicherheit-und-schutz-vor-gewalt\/","name":"Sicherheit und Schutz vor Gewalt - B\u00dcNDNIS 90\/DIE GR\u00dcNEN Wiesbaden","isPartOf":{"@id":"https:\/\/gruene-wiesbaden.de\/#website"},"primaryImageOfPage":{"@id":"https:\/\/gruene-wiesbaden.de\/sicherheit-und-schutz-vor-gewalt\/#primaryimage"},"image":{"@id":"https:\/\/gruene-wiesbaden.de\/sicherheit-und-schutz-vor-gewalt\/#primaryimage"},"thumbnailUrl":"https:\/\/gruene-wiesbaden.de\/wp-content\/uploads\/2025\/11\/2.5-Sicherheit-und-Schutz-vor-Gewalt-scaled.jpg","datePublished":"2025-11-09T22:14:08+00:00","dateModified":"2026-04-09T08:33:03+00:00","breadcrumb":{"@id":"https:\/\/gruene-wiesbaden.de\/sicherheit-und-schutz-vor-gewalt\/#breadcrumb"},"inLanguage":"it-IT","potentialAction":[{"@type":"ReadAction","target":["https:\/\/gruene-wiesbaden.de\/sicherheit-und-schutz-vor-gewalt\/"]}]},{"@type":"ImageObject","inLanguage":"it-IT","@id":"https:\/\/gruene-wiesbaden.de\/sicherheit-und-schutz-vor-gewalt\/#primaryimage","url":"https:\/\/gruene-wiesbaden.de\/wp-content\/uploads\/2025\/11\/2.5-Sicherheit-und-Schutz-vor-Gewalt-scaled.jpg","contentUrl":"https:\/\/gruene-wiesbaden.de\/wp-content\/uploads\/2025\/11\/2.5-Sicherheit-und-Schutz-vor-Gewalt-scaled.jpg","width":2048,"height":2560},{"@type":"BreadcrumbList","@id":"https:\/\/gruene-wiesbaden.de\/sicherheit-und-schutz-vor-gewalt\/#breadcrumb","itemListElement":[{"@type":"ListItem","position":1,"name":"Startseite","item":"https:\/\/gruene-wiesbaden.de\/"},{"@type":"ListItem","position":2,"name":"Sicherheit und Schutz vor Gewalt"}]},{"@type":"WebSite","@id":"https:\/\/gruene-wiesbaden.de\/#website","url":"https:\/\/gruene-wiesbaden.de\/","name":"DIE GR\u00dcNEN Wiesbaden","description":"","publisher":{"@id":"https:\/\/gruene-wiesbaden.de\/#organization"},"potentialAction":[{"@type":"SearchAction","target":{"@type":"EntryPoint","urlTemplate":"https:\/\/gruene-wiesbaden.de\/?s={search_term_string}"},"query-input":{"@type":"PropertyValueSpecification","valueRequired":true,"valueName":"search_term_string"}}],"inLanguage":"it-IT"},{"@type":"Organization","@id":"https:\/\/gruene-wiesbaden.de\/#organization","name":"DIE GR\u00dcNEN Wiesbaden","url":"https:\/\/gruene-wiesbaden.de\/","logo":{"@type":"ImageObject","inLanguage":"it-IT","@id":"https:\/\/gruene-wiesbaden.de\/#\/schema\/logo\/image\/","url":"https:\/\/gruene-wiesbaden-fuer-europa.de\/wp-content\/uploads\/2024\/04\/Machen-was-zaehlt-5.png","contentUrl":"https:\/\/gruene-wiesbaden-fuer-europa.de\/wp-content\/uploads\/2024\/04\/Machen-was-zaehlt-5.png","width":1772,"height":1772,"caption":"DIE GR\u00dcNEN Wiesbaden"},"image":{"@id":"https:\/\/gruene-wiesbaden.de\/#\/schema\/logo\/image\/"},"sameAs":["https:\/\/www.facebook.com\/gruene.wi","https:\/\/instagram.com\/gruene_wi"]},{"@type":"Person","@id":"https:\/\/gruene-wiesbaden.de\/#\/schema\/person\/6785c34779159cd4fd86886bb097afe9","name":"admin","sameAs":["http:\/\/gruene-wiesbaden-fuer-europa.de"],"url":"https:\/\/gruene-wiesbaden.de\/it\/author\/admin\/"}]}},"_links":{"self":[{"href":"https:\/\/gruene-wiesbaden.de\/it\/wp-json\/wp\/v2\/posts\/1357","targetHints":{"allow":["GET"]}}],"collection":[{"href":"https:\/\/gruene-wiesbaden.de\/it\/wp-json\/wp\/v2\/posts"}],"about":[{"href":"https:\/\/gruene-wiesbaden.de\/it\/wp-json\/wp\/v2\/types\/post"}],"author":[{"embeddable":true,"href":"https:\/\/gruene-wiesbaden.de\/it\/wp-json\/wp\/v2\/users\/1"}],"replies":[{"embeddable":true,"href":"https:\/\/gruene-wiesbaden.de\/it\/wp-json\/wp\/v2\/comments?post=1357"}],"version-history":[{"count":7,"href":"https:\/\/gruene-wiesbaden.de\/it\/wp-json\/wp\/v2\/posts\/1357\/revisions"}],"predecessor-version":[{"id":2393,"href":"https:\/\/gruene-wiesbaden.de\/it\/wp-json\/wp\/v2\/posts\/1357\/revisions\/2393"}],"wp:featuredmedia":[{"embeddable":true,"href":"https:\/\/gruene-wiesbaden.de\/it\/wp-json\/wp\/v2\/media\/1489"}],"wp:attachment":[{"href":"https:\/\/gruene-wiesbaden.de\/it\/wp-json\/wp\/v2\/media?parent=1357"}],"wp:term":[{"taxonomy":"category","embeddable":true,"href":"https:\/\/gruene-wiesbaden.de\/it\/wp-json\/wp\/v2\/categories?post=1357"},{"taxonomy":"post_tag","embeddable":true,"href":"https:\/\/gruene-wiesbaden.de\/it\/wp-json\/wp\/v2\/tags?post=1357"}],"curies":[{"name":"wp","href":"https:\/\/api.w.org\/{rel}","templated":true}]}}