{"id":1351,"date":"2025-11-10T00:10:26","date_gmt":"2025-11-09T22:10:26","guid":{"rendered":"https:\/\/gruene-wiesbaden.de\/?p=1351"},"modified":"2026-04-09T10:27:25","modified_gmt":"2026-04-09T08:27:25","slug":"gleichstellung-von-lgbtqia","status":"publish","type":"post","link":"https:\/\/gruene-wiesbaden.de\/it\/gleichstellung-von-lgbtqia\/","title":{"rendered":"Parit\u00e0 LGBTQIA*"},"content":{"rendered":"<section class=\"l-section wpb_row height_medium with_img\"><div class=\"l-section-img\" role=\"img\" data-img-width=\"1080\" data-img-height=\"800\" style=\"background-image: url(https:\/\/gruene-wiesbaden.de\/wp-content\/uploads\/2025\/11\/neuer-Verlauf-gruene-wiesbaden.de_-2-e1762709402177.png);\"><\/div><div class=\"l-section-overlay\" style=\"background:var(--color-header-top-transparent-bg)\"><\/div><div class=\"l-section-h i-cf\"><div class=\"g-cols vc_row via_grid cols_1 laptops-cols_inherit tablets-cols_inherit mobiles-cols_1 valign_top type_default stacking_default\"><div class=\"wpb_column vc_column_container\"><div class=\"vc_column-inner\"><h1 class=\"w-post-elm post_title us_custom_a574d586 has_text_color entry-title\">Parit\u00e0 LGBTQIA*<\/h1><div class=\"w-separator size_medium\"><\/div><div class=\"g-cols wpb_row via_grid cols_2-1 laptops-cols_inherit tablets-cols_inherit mobiles-cols_1 valign_top type_default stacking_default\" style=\"--columns-gap:3rem;\"><div class=\"wpb_column vc_column_container\"><div class=\"vc_column-inner\"><div class=\"wpb_text_column us_custom_8b3d6790 has_text_color\"><div class=\"wpb_wrapper\"><p><span style=\"font-weight: 400;\">Una societ\u00e0 urbana aperta, diversificata ed equa significa che le persone possono vivere una vita sicura, visibile e autodeterminata indipendentemente dal loro orientamento sessuale o identit\u00e0 di genere. A Wiesbaden, tuttavia, le persone LGBTQIA* subiscono ancora discriminazioni, invisibilit\u00e0 e ostilit\u00e0, nella vita quotidiana, negli spazi pubblici o nelle istituzioni. Per noi Green \u00e8 chiaro: La parit\u00e0 di diritti e il riconoscimento non sono negoziabili. La diversit\u00e0 rafforza la nostra democrazia e rende Wiesbaden pi\u00f9 vivibile per tutti. Per questo motivo ci impegniamo a favore della visibilit\u00e0, dei rifugi, della partecipazione non discriminatoria e di reti forti, dalla cultura e dall'istruzione all'amministrazione e alla pianificazione urbana.<\/span><\/p>\n<\/div><\/div><div class=\"w-separator size_medium\"><\/div><div class=\"w-btn-wrapper align_left\"><a class=\"w-btn us-btn-style_8 icon_atleft\" href=\"https:\/\/gruene-wiesbaden.de\/it\/kommunalwahl\/#Kapitel2\"><i class=\"fas fa-chevron-circle-right\"><\/i><span class=\"w-btn-label\">Torna alla panoramica<\/span><\/a><\/div><\/div><\/div><div class=\"wpb_column vc_column_container\"><div class=\"vc_column-inner\"><div class=\"w-image align_center\"><div class=\"w-image-h\"><img decoding=\"async\" width=\"2560\" height=\"1707\" src=\"https:\/\/gruene-wiesbaden.de\/wp-content\/uploads\/2025\/11\/2.2-Gleichstellung-LGBTQAI-scaled.jpeg\" class=\"attachment-full size-full\" alt=\"\" loading=\"lazy\" srcset=\"https:\/\/gruene-wiesbaden.de\/wp-content\/uploads\/2025\/11\/2.2-Gleichstellung-LGBTQAI-scaled.jpeg 2560w, https:\/\/gruene-wiesbaden.de\/wp-content\/uploads\/2025\/11\/2.2-Gleichstellung-LGBTQAI-400x267.jpeg 400w, https:\/\/gruene-wiesbaden.de\/wp-content\/uploads\/2025\/11\/2.2-Gleichstellung-LGBTQAI-600x400.jpeg 600w\" sizes=\"auto, (max-width: 2560px) 100vw, 2560px\" \/><\/div><\/div><div class=\"w-separator size_small\"><\/div><\/div><\/div><\/div><div class=\"w-separator size_medium\"><\/div><div class=\"w-separator size_medium\"><\/div><div class=\"wpb_text_column\"><div class=\"wpb_wrapper\"><h1>Cosa significa per noi l'uguaglianza LGBTQIA<\/h1>\n<\/div><\/div><div class=\"w-separator size_large\"><\/div><div class=\"g-cols wpb_row via_grid cols_3 laptops-cols_inherit tablets-cols_inherit mobiles-cols_1 valign_top type_default stacking_default\" style=\"--columns-gap:3rem;\"><div class=\"wpb_column vc_column_container\"><div class=\"vc_column-inner\"><div class=\"w-iconbox us_custom_8b3d6790 has_text_color iconpos_left style_default color_custom align_left\"><div class=\"w-iconbox-icon\" style=\"font-size:2rem;--icon-color:#Ffffff;--icon-bg-color:var(--color-header-middle-bg);\"><i class=\"fas fa-layer-group\"><\/i><\/div><div class=\"w-iconbox-meta\"><h4 class=\"w-iconbox-title\" style=\"font-size:1.5rem;\">Promuovere la cultura e la CSD<\/h4><div class=\"w-iconbox-text\"><p><span style=\"font-weight: 400;\">Le offerte culturali queer e la CSD sono importanti segnali di visibilit\u00e0 e meritano un sostegno affidabile.<\/span><\/p>\n<\/div><\/div><\/div><\/div><\/div><div class=\"wpb_column vc_column_container\"><div class=\"vc_column-inner\"><div class=\"w-iconbox us_custom_8b3d6790 has_text_color iconpos_left style_default color_custom align_left\"><div class=\"w-iconbox-icon\" style=\"font-size:2rem;--icon-color:#Ffffff;--icon-bg-color:var(--color-header-transparent-text);\"><i class=\"fas fa-layer-group\"><\/i><\/div><div class=\"w-iconbox-meta\"><h4 class=\"w-iconbox-title\" style=\"font-size:1.5rem;\">Tutela della salute<\/h4><div class=\"w-iconbox-text\"><p><span style=\"font-weight: 400;\">I servizi sanitari e di consulenza basati sulle esigenze per le persone LGBTQIA* sono un prerequisito per le pari opportunit\u00e0.<\/span><\/p>\n<\/div><\/div><\/div><\/div><\/div><div class=\"wpb_column vc_column_container\"><div class=\"vc_column-inner\"><div class=\"w-iconbox us_custom_8b3d6790 has_text_color iconpos_left style_default color_custom align_left\"><div class=\"w-iconbox-icon\" style=\"font-size:2rem;--icon-color:#Ffffff;--icon-bg-color:var(--color-header-transparent-text);\"><i class=\"fas fa-layer-group\"><\/i><\/div><div class=\"w-iconbox-meta\"><h4 class=\"w-iconbox-title\" style=\"font-size:1.5rem;\">Promuovere i giovani<\/h4><div class=\"w-iconbox-text\"><p><span style=\"font-weight: 400;\">I giovani queer hanno bisogno di spazi sicuri, consigli e offerte che consentano l'accettazione e la partecipazione.<\/span><\/p>\n<\/div><\/div><\/div><\/div><\/div><\/div><div class=\"w-separator size_medium\"><\/div><div class=\"g-cols wpb_row via_grid cols_3 laptops-cols_inherit tablets-cols_inherit mobiles-cols_1 valign_top type_default stacking_default\" style=\"--columns-gap:3rem;\"><div class=\"wpb_column vc_column_container\"><div class=\"vc_column-inner\"><div class=\"w-iconbox us_custom_8b3d6790 has_text_color iconpos_left style_default color_custom align_left\"><div class=\"w-iconbox-icon\" style=\"font-size:2rem;--icon-color:#Ffffff;--icon-bg-color:var(--color-header-middle-bg);\"><i class=\"fas fa-layer-group\"><\/i><\/div><div class=\"w-iconbox-meta\"><h4 class=\"w-iconbox-title\" style=\"font-size:1.5rem;\">Lotta alla discriminazione<\/h4><div class=\"w-iconbox-text\"><p><span style=\"font-weight: 400;\">Ci opponiamo alle ostilit\u00e0 e creiamo strutture che garantiscono protezione e sostegno.<\/span><\/p>\n<\/div><\/div><\/div><\/div><\/div><div class=\"wpb_column vc_column_container\"><div class=\"vc_column-inner\"><div class=\"w-iconbox us_custom_8b3d6790 has_text_color iconpos_left style_default color_custom align_left\"><div class=\"w-iconbox-icon\" style=\"font-size:2rem;--icon-color:#Ffffff;--icon-bg-color:var(--color-header-transparent-text);\"><i class=\"fas fa-layer-group\"><\/i><\/div><div class=\"w-iconbox-meta\"><h4 class=\"w-iconbox-title\" style=\"font-size:1.5rem;\">Rafforzare la visibilit\u00e0<\/h4><div class=\"w-iconbox-text\"><p><span style=\"font-weight: 400;\">La diversit\u00e0 \u00e8 al centro della citt\u00e0: le persone LGBTQIA* devono essere visibili e valorizzate a Wiesbaden.<\/span><\/p>\n<\/div><\/div><\/div><\/div><\/div><div class=\"wpb_column vc_column_container\"><div class=\"vc_column-inner\"><\/div><\/div><\/div><div class=\"w-separator size_medium\"><\/div><div class=\"w-btn-wrapper align_left\"><a class=\"w-btn us-btn-style_8 icon_atleft\" href=\"https:\/\/gruene-wiesbaden.de\/it\/kommunalwahl\/#Kapitel2\"><i class=\"fas fa-chevron-circle-right\"><\/i><span class=\"w-btn-label\">Torna alla panoramica<\/span><\/a><\/div><div class=\"w-separator size_medium\"><\/div><\/div><\/div><\/div><\/div><\/section><section class=\"l-section wpb_row height_auto with_img\"><div class=\"l-section-img\" role=\"img\" data-img-width=\"2560\" data-img-height=\"1707\" style=\"background-image: url(https:\/\/gruene-wiesbaden.de\/wp-content\/uploads\/2025\/11\/2.2-Gleichstellung-LGBTQAI-scaled.jpeg);background-repeat: no-repeat;\"><\/div><div class=\"l-section-overlay\" style=\"background:var(--color-header-top-transparent-bg)\"><\/div><div class=\"l-section-h i-cf\"><div class=\"g-cols vc_row via_grid cols_1 laptops-cols_inherit tablets-cols_inherit mobiles-cols_1 valign_middle type_default stacking_default\" style=\"--columns-gap:1rem;\"><div class=\"wpb_column vc_column_container\"><div class=\"vc_column-inner\"><div class=\"w-separator size_large\"><\/div><div class=\"wpb_text_column background_inside_text\"><div class=\"wpb_wrapper\"><h1>Cosa vogliamo fare specificamente in questo settore<\/h1>\n<\/div><\/div><div class=\"w-separator size_medium\"><\/div><div class=\"w-tabs us_custom_42d693a0 has_text_color style_default switch_click accordion has_scrolling\" style=\"--sections-title-size:1.4rem\"><div class=\"w-tabs-sections titles-align_none icon_chevron cpos_right\"><div class=\"w-tabs-section has_text_color\" id=\"m603\" style=\"background:var(--color-header-transparent-text);color:var(--color-header-top-text-hover);\"><button class=\"w-tabs-section-header\" aria-controls=\"content-m603\" aria-expanded=\"false\"><div class=\"w-tabs-section-title\">Locali neutri sotto il profilo del genere negli edifici pubblici<\/div><div class=\"w-tabs-section-control\"><\/div><\/button><div  class=\"w-tabs-section-content\" id=\"content-m603\"><div class=\"w-tabs-section-content-h i-cf\"><div class=\"wpb_text_column\"><div class=\"wpb_wrapper\"><p><span style=\"font-weight: 400;\">Ci impegniamo a garantire che tutti gli edifici pubblici della citt\u00e0 abbiano locali neutri dal punto di vista del genere, inclusi servizi igienici e, se necessario, spogliatoi. Per molte persone nella comunit\u00e0 LGBTQIA*, questo significa riconoscimento visibile, sicurezza e autodeterminazione: Possono utilizzare le strutture senza timore di discriminazioni, ostilit\u00e0 o situazioni spiacevoli. Tali spazi sono un segno concreto di inclusione e rispetto e promuovono una convivenza aperta e diversificata nell'amministrazione, nelle scuole, negli impianti culturali e sportivi.<\/span><\/p>\n<\/div><\/div><\/div><\/div><\/div><div class=\"w-tabs-section has_text_color\" id=\"a724\" style=\"background:var(--color-header-transparent-text);color:var(--color-header-top-text-hover);\"><button class=\"w-tabs-section-header\" aria-controls=\"content-a724\" aria-expanded=\"false\"><div class=\"w-tabs-section-title\">Promozione affidabile dei CSD<\/div><div class=\"w-tabs-section-control\"><\/div><\/button><div  class=\"w-tabs-section-content\" id=\"content-a724\"><div class=\"w-tabs-section-content-h i-cf\"><div class=\"wpb_text_column\"><div class=\"wpb_wrapper\"><p><span style=\"font-weight: 400;\">Garantiamo il sostegno finanziario del Christopher Street Day a Wiesbaden. La CSD ricorda la storica lotta della comunit\u00e0 LGBTQIA* per l'uguaglianza e contro la discriminazione, un simbolo globale di visibilit\u00e0, riconoscimento e diversit\u00e0 dai disordini di Stonewall nel 1969. Soprattutto di fronte a un cambiamento sociale a destra, \u00e8 importante che la citt\u00e0 mostri il suo atteggiamento e sostenga la comunit\u00e0, anche se alcune imprese si stanno dimettendo come sponsor. Fornendo un sostegno affidabile, stiamo inviando un forte segnale di solidariet\u00e0, diritti umani e partecipazione sociale.<\/span><\/p>\n<\/div><\/div><\/div><\/div><\/div><div class=\"w-tabs-section has_text_color\" id=\"c84a\" style=\"background:var(--color-header-transparent-text);color:var(--color-header-top-text-hover);\"><button class=\"w-tabs-section-header\" aria-controls=\"content-c84a\" aria-expanded=\"false\"><div class=\"w-tabs-section-title\">Promuovere i centri di consulenza<\/div><div class=\"w-tabs-section-control\"><\/div><\/button><div  class=\"w-tabs-section-content\" id=\"content-c84a\"><div class=\"w-tabs-section-content-h i-cf\"><div class=\"wpb_text_column\"><div class=\"wpb_wrapper\"><p><span style=\"font-weight: 400;\">Supportiamo servizi di consulenza e supporto queer come SCHLAU Wiesbaden. Sono importanti punti di contatto contro la discriminazione e per l'empowerment. I tassi di suicidio tra i giovani queer sono ancora significativamente pi\u00f9 elevati: qui vogliamo contrastare attivamente. Questo \u00e8 il motivo per cui ci impegniamo a garantire la prevenzione e l'auto-aiuto e a promuovere iniziative di educazione scolastica. Attraverso queste misure, creiamo sicurezza, rifugi e prospettive per i giovani queer e rafforziamo la loro partecipazione sociale.<\/span><\/p>\n<\/div><\/div><\/div><\/div><\/div><div class=\"w-tabs-section has_text_color\" id=\"a964\" style=\"background:var(--color-header-middle-bg);color:var(--color-content-heading);\"><button class=\"w-tabs-section-header\" aria-controls=\"content-a964\" aria-expanded=\"false\"><div class=\"w-tabs-section-title\">Promuovere spazi per giovani queer<\/div><div class=\"w-tabs-section-control\"><\/div><\/button><div  class=\"w-tabs-section-content\" id=\"content-a964\"><div class=\"w-tabs-section-content-h i-cf\"><div class=\"wpb_text_column\"><div class=\"wpb_wrapper\"><p><span style=\"font-weight: 400;\">Creiamo spazi sicuri in cui i giovani queer possono trascorrere il loro tempo libero, ricevere consigli e svilupparsi in modo autodeterminato. Tali spazi sono fondamentali per l'emancipazione, la fiducia in se stessi e la partecipazione sociale, soprattutto in un momento in cui i giovani queer sono ancora vittime di discriminazione ed esclusione. Insieme alla comunit\u00e0 locale, vogliamo sviluppare offerte su misura per le esigenze dei giovani di Wiesbaden. In questo modo, promuoviamo l'accettazione fin dalla giovane et\u00e0 e diamo ai giovani la sicurezza di essere se stessi.<\/span><\/p>\n<\/div><\/div><\/div><\/div><\/div><div class=\"w-tabs-section has_text_color\" id=\"ma7b\" style=\"background:var(--color-header-transparent-text);color:var(--color-header-top-text-hover);\"><button class=\"w-tabs-section-header\" aria-controls=\"content-ma7b\" aria-expanded=\"false\"><div class=\"w-tabs-section-title\">Promuovere progetti nelle scuole attraverso centri di consulenza queer<\/div><div class=\"w-tabs-section-control\"><\/div><\/button><div  class=\"w-tabs-section-content\" id=\"content-ma7b\"><div class=\"w-tabs-section-content-h i-cf\"><div class=\"wpb_text_column\"><div class=\"wpb_wrapper\"><p><span style=\"font-weight: 400;\">I progetti educativi possono aiutare le scuole a ridurre i pregiudizi contro le persone della comunit\u00e0 queer e quindi a prevenire la violenza a lungo termine contro le persone queer. Allo stesso tempo, tali progetti possono aiutare i giovani queer a trovare servizi di consulenza adeguati nella societ\u00e0 cittadina.<\/span><\/p>\n<\/div><\/div><\/div><\/div><\/div><div class=\"w-tabs-section has_text_color\" id=\"bb99\" style=\"background:var(--color-header-middle-bg);color:var(--color-header-middle-text);\"><button class=\"w-tabs-section-header\" aria-controls=\"content-bb99\" aria-expanded=\"false\"><div class=\"w-tabs-section-title\">Promuovere la visibilit\u00e0 della vita queer in citt\u00e0<\/div><div class=\"w-tabs-section-control\"><\/div><\/button><div  class=\"w-tabs-section-content\" id=\"content-bb99\"><div class=\"w-tabs-section-content-h i-cf\"><div class=\"wpb_text_column\"><div class=\"wpb_wrapper\"><p><span style=\"font-weight: 400;\">La vita queer dovrebbe diventare ancora pi\u00f9 visibile nel paesaggio urbano, quindi abbiamo fatto una campagna per l'innalzamento della bandiera arcobaleno sugli edifici pubblici e vogliamo creare una maggiore rappresentazione nel paesaggio urbano di Wiesbaden, ad esempio, coppie queer di semafori, panchine arcobaleno e strisce di zebre arcobaleno. Inoltre, ci impegniamo a garantire che le pubblicazioni urbane e le campagne pubblicitarie ritraggano anche la realt\u00e0 della vita delle persone LGBTQIA*, indipendentemente dall'argomento.<\/span><\/p>\n<\/div><\/div><\/div><\/div><\/div><div class=\"w-tabs-section has_text_color\" id=\"mcb5\" style=\"background:var(--color-header-transparent-text);color:var(--color-header-top-text-hover);\"><button class=\"w-tabs-section-header\" aria-controls=\"content-mcb5\" aria-expanded=\"false\"><div class=\"w-tabs-section-title\">Promozione sostenibile di servizi di consulenza e sostegno<\/div><div class=\"w-tabs-section-control\"><\/div><\/button><div  class=\"w-tabs-section-content\" id=\"content-mcb5\"><div class=\"w-tabs-section-content-h i-cf\"><div class=\"wpb_text_column\"><div class=\"wpb_wrapper\"><p><span style=\"font-weight: 400;\">Associazioni e associazioni svolgono un lavoro indispensabile, ad esempio nel consigliare, prevenire e accompagnare le persone affette da HIV e AIDS e le loro famiglie. Sono uno sportello unico per la comunit\u00e0 LGBTQIA* e svolgono importanti compiti sociali. GR\u00dcNE si impegna a fornire un supporto finanziario continuo e affidabile a queste organizzazioni, come Pro Familia e.V. e AIDS-Hilfe Wiesbaden.<\/span><\/p>\n<\/div><\/div><\/div><\/div><\/div><div class=\"w-tabs-section has_text_color\" id=\"sdd0\" style=\"background:var(--color-header-transparent-text);color:var(--color-header-top-text-hover);\"><button class=\"w-tabs-section-header\" aria-controls=\"content-sdd0\" aria-expanded=\"false\"><div class=\"w-tabs-section-title\">Rafforzare e rendere visibili le persone queer in et\u00e0 avanzata<\/div><div class=\"w-tabs-section-control\"><\/div><\/button><div  class=\"w-tabs-section-content\" id=\"content-sdd0\"><div class=\"w-tabs-section-content-h i-cf\"><div class=\"wpb_text_column\"><div class=\"wpb_wrapper\"><p><span style=\"font-weight: 400;\">Le persone anziane nella comunit\u00e0 LGBTQIA* hanno spesso lottato duramente per l'accettazione e la visibilit\u00e0. Sono cresciuti in un ambiente che, oltre allo stigma sociale, li ha anche limitati dalle leggi. Spesso questo rifiuto ha un effetto fino ad oggi e garantisce che le persone queer pi\u00f9 anziane nascondano la loro identit\u00e0. Insieme al Comitato consultivo per gli anziani, alle associazioni queer e al Centro di coordinamento LSBT*IQ, vogliamo sviluppare concetti che rafforzino e rendano visibili le persone queer in et\u00e0 avanzata. Inoltre, i dipendenti delle strutture di assistenza urbana devono essere specificamente formati ad affrontare le realt\u00e0 queer della vita in et\u00e0 avanzata.<\/span><\/p>\n<\/div><\/div><\/div><\/div><\/div><\/div><\/div><div class=\"w-separator size_medium\"><\/div><div class=\"w-btn-wrapper align_left\"><a class=\"w-btn us-btn-style_8 icon_atleft\" href=\"https:\/\/gruene-wiesbaden.de\/it\/kommunalwahl\/#Kapitel2\"><i class=\"fas fa-chevron-circle-right\"><\/i><span class=\"w-btn-label\">Torna alla panoramica<\/span><\/a><\/div><div class=\"w-separator size_large\"><\/div><div class=\"wpb_text_column\"><div class=\"wpb_wrapper\"><h1>Cosa abbiamo gi\u00e0 realizzato<\/h1>\n<\/div><\/div><div class=\"w-separator size_medium\"><\/div><div class=\"w-tabs us_custom_42d693a0 has_text_color style_default switch_click accordion has_scrolling\" style=\"--sections-title-size:1.4rem\"><div class=\"w-tabs-sections titles-align_none icon_chevron cpos_right\"><div class=\"w-tabs-section has_text_color\" id=\"if09\" style=\"background:var(--color-header-transparent-text);color:var(--color-header-top-text-hover);\"><button class=\"w-tabs-section-header\" aria-controls=\"content-if09\" aria-expanded=\"false\"><div class=\"w-tabs-section-title\">Rete Queer nell'amministrazione comunale<\/div><div class=\"w-tabs-section-control\"><\/div><\/button><div  class=\"w-tabs-section-content\" id=\"content-if09\"><div class=\"w-tabs-section-content-h i-cf\"><div class=\"wpb_text_column\"><div class=\"wpb_wrapper\"><p><span style=\"font-weight: 400;\">Abbiamo creato una rete queer nell'amministrazione comunale di Wiesbaden. Promuove lo scambio di dipendenti LGBTQIA*, sostiene l'attuazione di misure inclusive e garantisce che le preoccupazioni queer siano incluse in tutte le decisioni. In tal modo, creiamo un ambiente di lavoro visibile e non discriminatorio e rafforziamo i diritti e il riconoscimento delle persone queer nell'amministrazione. Questa rete \u00e8 un chiaro successo per la diversit\u00e0, l'uguaglianza e la partecipazione a Wiesbaden.<\/span><\/p>\n<\/div><\/div><\/div><\/div><\/div><div class=\"w-tabs-section has_text_color\" id=\"v02f\" style=\"background:var(--color-header-transparent-text);color:var(--color-header-top-text-hover);\"><button class=\"w-tabs-section-header\" aria-controls=\"content-v02f\" aria-expanded=\"false\"><div class=\"w-tabs-section-title\">Garantire il CSD 2025 nonostante l'aumento dei costi<\/div><div class=\"w-tabs-section-control\"><\/div><\/button><div  class=\"w-tabs-section-content\" id=\"content-v02f\"><div class=\"w-tabs-section-content-h i-cf\"><div class=\"wpb_text_column\"><div class=\"wpb_wrapper\"><p><span style=\"font-weight: 400;\">Abbiamo aumentato il bilancio del Christopher Street Day nel 2025 per coprire l'aumento dei costi e abbiamo quindi contribuito al fatto che, nonostante il calo degli sponsor del CSD a Wiesbaden, potrebbe aver luogo. Fornendo un sostegno affidabile, stiamo inviando un forte segnale di solidariet\u00e0, diritti umani e partecipazione sociale.<\/span><\/p>\n<\/div><\/div><\/div><\/div><\/div><div class=\"w-tabs-section has_text_color\" id=\"p149\" style=\"background:var(--color-header-transparent-text);color:var(--color-header-top-text-hover);\"><button class=\"w-tabs-section-header\" aria-controls=\"content-p149\" aria-expanded=\"false\"><div class=\"w-tabs-section-title\">IDAHOBIT - Rafforzare la visibilit\u00e0 e l'accettazione<\/div><div class=\"w-tabs-section-control\"><\/div><\/button><div  class=\"w-tabs-section-content\" id=\"content-p149\"><div class=\"w-tabs-section-content-h i-cf\"><div class=\"wpb_text_column\"><div class=\"wpb_wrapper\"><p><span style=\"font-weight: 400;\">Abbiamo assicurato e sostenuto finanziariamente l'attuazione della Giornata internazionale contro l'omofobia, la bifobia, l'interfobia e la transfobia (IDAHOBIT) a Wiesbaden. L'evento rende visibili gli interessi della comunit\u00e0 LGBTQIA+, invia un chiaro segnale contro la discriminazione e promuove il riconoscimento, la diversit\u00e0 e la partecipazione sociale. Con il nostro supporto, IDAHOBIT \u00e8 diventato un forum pubblico permanente che consente l'empowerment, lo scambio e la sensibilizzazione nella societ\u00e0 urbana.<\/span><\/p>\n<\/div><\/div><\/div><\/div><\/div><div class=\"w-tabs-section has_text_color\" id=\"r261\" style=\"background:var(--color-header-middle-bg);color:var(--color-content-heading);\"><button class=\"w-tabs-section-header\" aria-controls=\"content-r261\" aria-expanded=\"false\"><div class=\"w-tabs-section-title\">Promuovere i giovani queer: Gli uccelli dell'orgoglio (Warmes Wiesbaden e.V.)<\/div><div class=\"w-tabs-section-control\"><\/div><\/button><div  class=\"w-tabs-section-content\" id=\"content-r261\"><div class=\"w-tabs-section-content-h i-cf\"><div class=\"wpb_text_column\"><div class=\"wpb_wrapper\"><p><span style=\"font-weight: 400;\">Abbiamo sostenuto il lavoro di Warmes Wiesbaden e.V. affinch\u00e9 i giovani queer del gruppo giovanile \"Birds of Pride\" possano scambiarsi idee, ricevere sostegno e sviluppare liberamente la loro identit\u00e0. Il nostro sostegno politico ha garantito le condizioni quadro e le risorse necessarie. In questo modo, creiamo uno spazio protetto per l'empowerment, il networking e la partecipazione e rafforziamo la visibilit\u00e0 e l'accettazione dei giovani queer a Wiesbaden.<\/span><\/p>\n<\/div><\/div><\/div><\/div><\/div><div class=\"w-tabs-section has_text_color\" id=\"w382\" style=\"background:var(--color-header-transparent-text);color:var(--color-header-top-text-hover);\"><button class=\"w-tabs-section-header\" aria-controls=\"content-w382\" aria-expanded=\"false\"><div class=\"w-tabs-section-title\">Rafforzamento di Queeres Zentrum Wiesbaden e.V.<\/div><div class=\"w-tabs-section-control\"><\/div><\/button><div  class=\"w-tabs-section-content\" id=\"content-w382\"><div class=\"w-tabs-section-content-h i-cf\"><div class=\"wpb_text_column\"><div class=\"wpb_wrapper\"><p><span style=\"font-weight: 400;\">Abbiamo fornito a Queeren Zentrum Wiesbaden (QZ e.V.) una soluzione provvisoria e abbiamo reso possibile il trasferimento nelle sale finali entro la fine del 2025. Il centro offre un luogo sicuro per la consulenza, il tempo libero, il networking e l'empowerment della comunit\u00e0 queer. Attraverso il nostro sostegno politico, le stanze, le attrezzature e le operazioni potrebbero essere garantite. In questo modo, creiamo punti di contatto visibili e protetti, rafforziamo la partecipazione delle persone queer e promuoviamo una Wiesbaden diversa e aperta.<\/span><\/p>\n<\/div><\/div><\/div><\/div><\/div><div class=\"w-tabs-section has_text_color\" id=\"r497\" style=\"background:var(--color-header-transparent-text);color:var(--color-header-top-text-hover);\"><button class=\"w-tabs-section-header\" aria-controls=\"content-r497\" aria-expanded=\"false\"><div class=\"w-tabs-section-title\">Rafforzamento dell'unit\u00e0 di coordinamento LSBT*IQ<\/div><div class=\"w-tabs-section-control\"><\/div><\/button><div  class=\"w-tabs-section-content\" id=\"content-r497\"><div class=\"w-tabs-section-content-h i-cf\"><div class=\"wpb_text_column\"><div class=\"wpb_wrapper\"><p><span style=\"font-weight: 400;\">Abbiamo applicato e riempito la seconda posizione nell'unit\u00e0 di coordinamento LGBT * IQ. Di conseguenza, le preoccupazioni della comunit\u00e0 queer possono essere affrontate pi\u00f9 rapidamente, le misure attuate e la protezione, la visibilit\u00e0 e la partecipazione garantite in modo sostenibile.<\/span><\/p>\n<\/div><\/div><\/div><\/div><\/div><div class=\"w-tabs-section has_text_color\" id=\"q5aa\" style=\"background:var(--color-header-transparent-text);color:var(--color-header-top-text-hover);\"><button class=\"w-tabs-section-header\" aria-controls=\"content-q5aa\" aria-expanded=\"false\"><div class=\"w-tabs-section-title\">Tavola rotonda LSBT*IQ<\/div><div class=\"w-tabs-section-control\"><\/div><\/button><div  class=\"w-tabs-section-content\" id=\"content-q5aa\"><div class=\"w-tabs-section-content-h i-cf\"><div class=\"wpb_text_column\"><div class=\"wpb_wrapper\"><p><span style=\"font-weight: 400;\">Abbiamo istituito una tavola rotonda LSBT*IQ su base trimestrale. Qui, l'amministrazione, la politica e la comunit\u00e0 si scambiano informazioni su temi attuali e sviluppano congiuntamente misure per migliorare la visibilit\u00e0, la protezione e l'uguaglianza.<\/span><\/p>\n<\/div><\/div><\/div><\/div><\/div><div class=\"w-tabs-section has_text_color\" id=\"v6c5\" style=\"background:var(--color-header-transparent-text);color:var(--color-header-top-text-hover);\"><button class=\"w-tabs-section-header\" aria-controls=\"content-v6c5\" aria-expanded=\"false\"><div class=\"w-tabs-section-title\">Conferenza sulla violenza<\/div><div class=\"w-tabs-section-control\"><\/div><\/button><div  class=\"w-tabs-section-content\" id=\"content-v6c5\"><div class=\"w-tabs-section-content-h i-cf\"><div class=\"wpb_text_column\"><div class=\"wpb_wrapper\"><p><span style=\"font-weight: 400;\">Abbiamo avviato un simposio sulla violenza contro le persone LGBTQIA*. Professionisti e organizzazioni si scambiano opinioni per migliorare le misure di protezione e rafforzare la prevenzione della violenza e della discriminazione.<\/span><\/p>\n<\/div><\/div><\/div><\/div><\/div><div class=\"w-tabs-section has_text_color\" id=\"q7de\" style=\"background:var(--color-header-transparent-text);color:var(--color-header-top-text-hover);\"><button class=\"w-tabs-section-header\" aria-controls=\"content-q7de\" aria-expanded=\"false\"><div class=\"w-tabs-section-title\">Rifugiati arcobaleno sostenuti<\/div><div class=\"w-tabs-section-control\"><\/div><\/button><div  class=\"w-tabs-section-content\" id=\"content-q7de\"><div class=\"w-tabs-section-content-h i-cf\"><div class=\"wpb_text_column\"><div class=\"wpb_wrapper\"><p><span style=\"font-weight: 400;\">Abbiamo assicurato che i rifugiati queer a Wiesbaden siano visibilmente sostenuti e ben integrati. Attraverso decisioni politiche, abbiamo promosso la cooperazione tra la citt\u00e0, AIDS-Hilfe Hessen e altre organizzazioni. Il progetto Rainbow Refugee Support fornisce consulenza, supporto nelle procedure di asilo, supporto psicosociale e offerte di gruppo per prevenire l'isolamento. Noi Verdi abbiamo creato il quadro per i rifugiati queer per sperimentare la protezione, l'empowerment e la partecipazione nella nostra citt\u00e0.<\/span><\/p>\n<\/div><\/div><\/div><\/div><\/div><div class=\"w-tabs-section has_text_color\" id=\"y954\" style=\"background:var(--color-header-transparent-text);color:var(--color-header-top-text-hover);\"><button class=\"w-tabs-section-header\" aria-controls=\"content-y954\" aria-expanded=\"false\"><div class=\"w-tabs-section-title\">Rendere visibile la diversit\u00e0 a Wiesbaden<\/div><div class=\"w-tabs-section-control\"><\/div><\/button><div  class=\"w-tabs-section-content\" id=\"content-y954\"><div class=\"w-tabs-section-content-h i-cf\"><div class=\"wpb_text_column\"><div class=\"wpb_wrapper\"><p><span style=\"font-weight: 400;\">Abbiamo stabilito dei segni: Una striscia di zebre arcobaleno e un cerchio arcobaleno rendono visibile la diversit\u00e0 della nostra citt\u00e0. Sono simboli concreti di accettazione, visibilit\u00e0 e uguaglianza e mostrano che Wiesbaden \u00e8 una citt\u00e0 aperta per le persone LGBTQIA*. Questi segni permanentemente visibili rafforzano la fiducia in se stessi della comunit\u00e0 e sensibilizzano l'intera societ\u00e0 cittadina.<\/span><\/p>\n<\/div><\/div><\/div><\/div><\/div><\/div><\/div><div class=\"w-separator size_medium\"><\/div><div class=\"w-btn-wrapper align_left\"><a class=\"w-btn us-btn-style_8 icon_atleft\" href=\"https:\/\/gruene-wiesbaden.de\/it\/kommunalwahl\/#Kapitel2\"><i class=\"fas fa-chevron-circle-right\"><\/i><span class=\"w-btn-label\">Torna alla panoramica<\/span><\/a><\/div><div class=\"w-separator size_large\"><\/div><\/div><\/div><\/div><\/div><\/section>","protected":false},"excerpt":{"rendered":"Una societ\u00e0 urbana aperta, diversificata ed equa significa che le persone, indipendentemente dal loro orientamento sessuale o identit\u00e0 di genere, possono vivere una vita sicura, visibile e autodeterminata. A Wiesbaden, tuttavia, le persone LGBTQIA* subiscono ancora discriminazioni, invisibilit\u00e0 e ostilit\u00e0, nella vita quotidiana, negli spazi pubblici o nelle istituzioni. Per noi Green \u00e8 chiaro: Pari diritti e riconoscimento non sono...","protected":false},"author":1,"featured_media":1547,"comment_status":"closed","ping_status":"closed","sticky":false,"template":"","format":"standard","meta":{"footnotes":""},"categories":[15],"tags":[],"class_list":["post-1351","post","type-post","status-publish","format-standard","has-post-thumbnail","hentry","category-kapitel-2"],"yoast_head":"<!-- This site is optimized with the Yoast SEO plugin v27.5 - https:\/\/yoast.com\/product\/yoast-seo-wordpress\/ -->\n<title>Gleichstellung von LGBTQIA* - B\u00dcNDNIS 90\/DIE GR\u00dcNEN Wiesbaden<\/title>\n<meta name=\"robots\" content=\"index, follow, max-snippet:-1, max-image-preview:large, max-video-preview:-1\" \/>\n<link rel=\"canonical\" href=\"https:\/\/gruene-wiesbaden.de\/it\/gleichstellung-von-lgbtqia\/\" \/>\n<meta property=\"og:locale\" content=\"it_IT\" \/>\n<meta property=\"og:type\" content=\"article\" \/>\n<meta property=\"og:title\" content=\"Gleichstellung von LGBTQIA* - B\u00dcNDNIS 90\/DIE GR\u00dcNEN Wiesbaden\" \/>\n<meta property=\"og:url\" content=\"https:\/\/gruene-wiesbaden.de\/it\/gleichstellung-von-lgbtqia\/\" \/>\n<meta property=\"og:site_name\" content=\"B\u00dcNDNIS 90\/DIE GR\u00dcNEN Wiesbaden\" \/>\n<meta property=\"article:publisher\" content=\"https:\/\/www.facebook.com\/gruene.wi\" \/>\n<meta property=\"article:published_time\" content=\"2025-11-09T22:10:26+00:00\" \/>\n<meta property=\"article:modified_time\" content=\"2026-04-09T08:27:25+00:00\" \/>\n<meta property=\"og:image\" content=\"https:\/\/gruene-wiesbaden.de\/wp-content\/uploads\/2025\/11\/2.2-Gleichstellung-LGBTQAI-scaled.jpeg\" \/>\n\t<meta property=\"og:image:width\" content=\"2560\" \/>\n\t<meta property=\"og:image:height\" content=\"1707\" \/>\n\t<meta property=\"og:image:type\" content=\"image\/jpeg\" \/>\n<meta name=\"author\" content=\"admin\" \/>\n<meta name=\"twitter:card\" content=\"summary_large_image\" \/>\n<meta name=\"twitter:label1\" content=\"Scritto da\" \/>\n\t<meta name=\"twitter:data1\" content=\"admin\" \/>\n\t<meta name=\"twitter:label2\" content=\"Tempo di lettura stimato\" \/>\n\t<meta name=\"twitter:data2\" content=\"9 minutes\" \/>\n<script type=\"application\/ld+json\" class=\"yoast-schema-graph\">{\"@context\":\"https:\\\/\\\/schema.org\",\"@graph\":[{\"@type\":\"Article\",\"@id\":\"https:\\\/\\\/gruene-wiesbaden.de\\\/gleichstellung-von-lgbtqia\\\/#article\",\"isPartOf\":{\"@id\":\"https:\\\/\\\/gruene-wiesbaden.de\\\/gleichstellung-von-lgbtqia\\\/\"},\"author\":{\"name\":\"admin\",\"@id\":\"https:\\\/\\\/gruene-wiesbaden.de\\\/#\\\/schema\\\/person\\\/6785c34779159cd4fd86886bb097afe9\"},\"headline\":\"Gleichstellung von LGBTQIA*\",\"datePublished\":\"2025-11-09T22:10:26+00:00\",\"dateModified\":\"2026-04-09T08:27:25+00:00\",\"mainEntityOfPage\":{\"@id\":\"https:\\\/\\\/gruene-wiesbaden.de\\\/gleichstellung-von-lgbtqia\\\/\"},\"wordCount\":2670,\"publisher\":{\"@id\":\"https:\\\/\\\/gruene-wiesbaden.de\\\/#organization\"},\"image\":{\"@id\":\"https:\\\/\\\/gruene-wiesbaden.de\\\/gleichstellung-von-lgbtqia\\\/#primaryimage\"},\"thumbnailUrl\":\"https:\\\/\\\/gruene-wiesbaden.de\\\/wp-content\\\/uploads\\\/2025\\\/11\\\/2.2-Gleichstellung-LGBTQAI-scaled.jpeg\",\"articleSection\":[\"Kapitel 2\"],\"inLanguage\":\"it-IT\"},{\"@type\":\"WebPage\",\"@id\":\"https:\\\/\\\/gruene-wiesbaden.de\\\/gleichstellung-von-lgbtqia\\\/\",\"url\":\"https:\\\/\\\/gruene-wiesbaden.de\\\/gleichstellung-von-lgbtqia\\\/\",\"name\":\"Gleichstellung von LGBTQIA* - B\u00dcNDNIS 90\\\/DIE GR\u00dcNEN Wiesbaden\",\"isPartOf\":{\"@id\":\"https:\\\/\\\/gruene-wiesbaden.de\\\/#website\"},\"primaryImageOfPage\":{\"@id\":\"https:\\\/\\\/gruene-wiesbaden.de\\\/gleichstellung-von-lgbtqia\\\/#primaryimage\"},\"image\":{\"@id\":\"https:\\\/\\\/gruene-wiesbaden.de\\\/gleichstellung-von-lgbtqia\\\/#primaryimage\"},\"thumbnailUrl\":\"https:\\\/\\\/gruene-wiesbaden.de\\\/wp-content\\\/uploads\\\/2025\\\/11\\\/2.2-Gleichstellung-LGBTQAI-scaled.jpeg\",\"datePublished\":\"2025-11-09T22:10:26+00:00\",\"dateModified\":\"2026-04-09T08:27:25+00:00\",\"breadcrumb\":{\"@id\":\"https:\\\/\\\/gruene-wiesbaden.de\\\/gleichstellung-von-lgbtqia\\\/#breadcrumb\"},\"inLanguage\":\"it-IT\",\"potentialAction\":[{\"@type\":\"ReadAction\",\"target\":[\"https:\\\/\\\/gruene-wiesbaden.de\\\/gleichstellung-von-lgbtqia\\\/\"]}]},{\"@type\":\"ImageObject\",\"inLanguage\":\"it-IT\",\"@id\":\"https:\\\/\\\/gruene-wiesbaden.de\\\/gleichstellung-von-lgbtqia\\\/#primaryimage\",\"url\":\"https:\\\/\\\/gruene-wiesbaden.de\\\/wp-content\\\/uploads\\\/2025\\\/11\\\/2.2-Gleichstellung-LGBTQAI-scaled.jpeg\",\"contentUrl\":\"https:\\\/\\\/gruene-wiesbaden.de\\\/wp-content\\\/uploads\\\/2025\\\/11\\\/2.2-Gleichstellung-LGBTQAI-scaled.jpeg\",\"width\":2560,\"height\":1707},{\"@type\":\"BreadcrumbList\",\"@id\":\"https:\\\/\\\/gruene-wiesbaden.de\\\/gleichstellung-von-lgbtqia\\\/#breadcrumb\",\"itemListElement\":[{\"@type\":\"ListItem\",\"position\":1,\"name\":\"Startseite\",\"item\":\"https:\\\/\\\/gruene-wiesbaden.de\\\/\"},{\"@type\":\"ListItem\",\"position\":2,\"name\":\"Gleichstellung von LGBTQIA*\"}]},{\"@type\":\"WebSite\",\"@id\":\"https:\\\/\\\/gruene-wiesbaden.de\\\/#website\",\"url\":\"https:\\\/\\\/gruene-wiesbaden.de\\\/\",\"name\":\"DIE GR\u00dcNEN Wiesbaden\",\"description\":\"\",\"publisher\":{\"@id\":\"https:\\\/\\\/gruene-wiesbaden.de\\\/#organization\"},\"potentialAction\":[{\"@type\":\"SearchAction\",\"target\":{\"@type\":\"EntryPoint\",\"urlTemplate\":\"https:\\\/\\\/gruene-wiesbaden.de\\\/?s={search_term_string}\"},\"query-input\":{\"@type\":\"PropertyValueSpecification\",\"valueRequired\":true,\"valueName\":\"search_term_string\"}}],\"inLanguage\":\"it-IT\"},{\"@type\":\"Organization\",\"@id\":\"https:\\\/\\\/gruene-wiesbaden.de\\\/#organization\",\"name\":\"DIE GR\u00dcNEN Wiesbaden\",\"url\":\"https:\\\/\\\/gruene-wiesbaden.de\\\/\",\"logo\":{\"@type\":\"ImageObject\",\"inLanguage\":\"it-IT\",\"@id\":\"https:\\\/\\\/gruene-wiesbaden.de\\\/#\\\/schema\\\/logo\\\/image\\\/\",\"url\":\"https:\\\/\\\/gruene-wiesbaden-fuer-europa.de\\\/wp-content\\\/uploads\\\/2024\\\/04\\\/Machen-was-zaehlt-5.png\",\"contentUrl\":\"https:\\\/\\\/gruene-wiesbaden-fuer-europa.de\\\/wp-content\\\/uploads\\\/2024\\\/04\\\/Machen-was-zaehlt-5.png\",\"width\":1772,\"height\":1772,\"caption\":\"DIE GR\u00dcNEN Wiesbaden\"},\"image\":{\"@id\":\"https:\\\/\\\/gruene-wiesbaden.de\\\/#\\\/schema\\\/logo\\\/image\\\/\"},\"sameAs\":[\"https:\\\/\\\/www.facebook.com\\\/gruene.wi\",\"https:\\\/\\\/instagram.com\\\/gruene_wi\"]},{\"@type\":\"Person\",\"@id\":\"https:\\\/\\\/gruene-wiesbaden.de\\\/#\\\/schema\\\/person\\\/6785c34779159cd4fd86886bb097afe9\",\"name\":\"admin\",\"sameAs\":[\"http:\\\/\\\/gruene-wiesbaden-fuer-europa.de\"],\"url\":\"https:\\\/\\\/gruene-wiesbaden.de\\\/it\\\/author\\\/admin\\\/\"}]}<\/script>\n<!-- \/ Yoast SEO plugin. -->","yoast_head_json":{"title":"Gleichstellung von LGBTQIA* - B\u00dcNDNIS 90\/DIE GR\u00dcNEN Wiesbaden","robots":{"index":"index","follow":"follow","max-snippet":"max-snippet:-1","max-image-preview":"max-image-preview:large","max-video-preview":"max-video-preview:-1"},"canonical":"https:\/\/gruene-wiesbaden.de\/it\/gleichstellung-von-lgbtqia\/","og_locale":"it_IT","og_type":"article","og_title":"Gleichstellung von LGBTQIA* - B\u00dcNDNIS 90\/DIE GR\u00dcNEN Wiesbaden","og_url":"https:\/\/gruene-wiesbaden.de\/it\/gleichstellung-von-lgbtqia\/","og_site_name":"B\u00dcNDNIS 90\/DIE GR\u00dcNEN Wiesbaden","article_publisher":"https:\/\/www.facebook.com\/gruene.wi","article_published_time":"2025-11-09T22:10:26+00:00","article_modified_time":"2026-04-09T08:27:25+00:00","og_image":[{"width":2560,"height":1707,"url":"https:\/\/gruene-wiesbaden.de\/wp-content\/uploads\/2025\/11\/2.2-Gleichstellung-LGBTQAI-scaled.jpeg","type":"image\/jpeg"}],"author":"admin","twitter_card":"summary_large_image","twitter_misc":{"Scritto da":"admin","Tempo di lettura stimato":"9 minutes"},"schema":{"@context":"https:\/\/schema.org","@graph":[{"@type":"Article","@id":"https:\/\/gruene-wiesbaden.de\/gleichstellung-von-lgbtqia\/#article","isPartOf":{"@id":"https:\/\/gruene-wiesbaden.de\/gleichstellung-von-lgbtqia\/"},"author":{"name":"admin","@id":"https:\/\/gruene-wiesbaden.de\/#\/schema\/person\/6785c34779159cd4fd86886bb097afe9"},"headline":"Gleichstellung von LGBTQIA*","datePublished":"2025-11-09T22:10:26+00:00","dateModified":"2026-04-09T08:27:25+00:00","mainEntityOfPage":{"@id":"https:\/\/gruene-wiesbaden.de\/gleichstellung-von-lgbtqia\/"},"wordCount":2670,"publisher":{"@id":"https:\/\/gruene-wiesbaden.de\/#organization"},"image":{"@id":"https:\/\/gruene-wiesbaden.de\/gleichstellung-von-lgbtqia\/#primaryimage"},"thumbnailUrl":"https:\/\/gruene-wiesbaden.de\/wp-content\/uploads\/2025\/11\/2.2-Gleichstellung-LGBTQAI-scaled.jpeg","articleSection":["Kapitel 2"],"inLanguage":"it-IT"},{"@type":"WebPage","@id":"https:\/\/gruene-wiesbaden.de\/gleichstellung-von-lgbtqia\/","url":"https:\/\/gruene-wiesbaden.de\/gleichstellung-von-lgbtqia\/","name":"Gleichstellung von LGBTQIA* - B\u00dcNDNIS 90\/DIE GR\u00dcNEN Wiesbaden","isPartOf":{"@id":"https:\/\/gruene-wiesbaden.de\/#website"},"primaryImageOfPage":{"@id":"https:\/\/gruene-wiesbaden.de\/gleichstellung-von-lgbtqia\/#primaryimage"},"image":{"@id":"https:\/\/gruene-wiesbaden.de\/gleichstellung-von-lgbtqia\/#primaryimage"},"thumbnailUrl":"https:\/\/gruene-wiesbaden.de\/wp-content\/uploads\/2025\/11\/2.2-Gleichstellung-LGBTQAI-scaled.jpeg","datePublished":"2025-11-09T22:10:26+00:00","dateModified":"2026-04-09T08:27:25+00:00","breadcrumb":{"@id":"https:\/\/gruene-wiesbaden.de\/gleichstellung-von-lgbtqia\/#breadcrumb"},"inLanguage":"it-IT","potentialAction":[{"@type":"ReadAction","target":["https:\/\/gruene-wiesbaden.de\/gleichstellung-von-lgbtqia\/"]}]},{"@type":"ImageObject","inLanguage":"it-IT","@id":"https:\/\/gruene-wiesbaden.de\/gleichstellung-von-lgbtqia\/#primaryimage","url":"https:\/\/gruene-wiesbaden.de\/wp-content\/uploads\/2025\/11\/2.2-Gleichstellung-LGBTQAI-scaled.jpeg","contentUrl":"https:\/\/gruene-wiesbaden.de\/wp-content\/uploads\/2025\/11\/2.2-Gleichstellung-LGBTQAI-scaled.jpeg","width":2560,"height":1707},{"@type":"BreadcrumbList","@id":"https:\/\/gruene-wiesbaden.de\/gleichstellung-von-lgbtqia\/#breadcrumb","itemListElement":[{"@type":"ListItem","position":1,"name":"Startseite","item":"https:\/\/gruene-wiesbaden.de\/"},{"@type":"ListItem","position":2,"name":"Gleichstellung von LGBTQIA*"}]},{"@type":"WebSite","@id":"https:\/\/gruene-wiesbaden.de\/#website","url":"https:\/\/gruene-wiesbaden.de\/","name":"DIE GR\u00dcNEN Wiesbaden","description":"","publisher":{"@id":"https:\/\/gruene-wiesbaden.de\/#organization"},"potentialAction":[{"@type":"SearchAction","target":{"@type":"EntryPoint","urlTemplate":"https:\/\/gruene-wiesbaden.de\/?s={search_term_string}"},"query-input":{"@type":"PropertyValueSpecification","valueRequired":true,"valueName":"search_term_string"}}],"inLanguage":"it-IT"},{"@type":"Organization","@id":"https:\/\/gruene-wiesbaden.de\/#organization","name":"DIE GR\u00dcNEN Wiesbaden","url":"https:\/\/gruene-wiesbaden.de\/","logo":{"@type":"ImageObject","inLanguage":"it-IT","@id":"https:\/\/gruene-wiesbaden.de\/#\/schema\/logo\/image\/","url":"https:\/\/gruene-wiesbaden-fuer-europa.de\/wp-content\/uploads\/2024\/04\/Machen-was-zaehlt-5.png","contentUrl":"https:\/\/gruene-wiesbaden-fuer-europa.de\/wp-content\/uploads\/2024\/04\/Machen-was-zaehlt-5.png","width":1772,"height":1772,"caption":"DIE GR\u00dcNEN Wiesbaden"},"image":{"@id":"https:\/\/gruene-wiesbaden.de\/#\/schema\/logo\/image\/"},"sameAs":["https:\/\/www.facebook.com\/gruene.wi","https:\/\/instagram.com\/gruene_wi"]},{"@type":"Person","@id":"https:\/\/gruene-wiesbaden.de\/#\/schema\/person\/6785c34779159cd4fd86886bb097afe9","name":"admin","sameAs":["http:\/\/gruene-wiesbaden-fuer-europa.de"],"url":"https:\/\/gruene-wiesbaden.de\/it\/author\/admin\/"}]}},"_links":{"self":[{"href":"https:\/\/gruene-wiesbaden.de\/it\/wp-json\/wp\/v2\/posts\/1351","targetHints":{"allow":["GET"]}}],"collection":[{"href":"https:\/\/gruene-wiesbaden.de\/it\/wp-json\/wp\/v2\/posts"}],"about":[{"href":"https:\/\/gruene-wiesbaden.de\/it\/wp-json\/wp\/v2\/types\/post"}],"author":[{"embeddable":true,"href":"https:\/\/gruene-wiesbaden.de\/it\/wp-json\/wp\/v2\/users\/1"}],"replies":[{"embeddable":true,"href":"https:\/\/gruene-wiesbaden.de\/it\/wp-json\/wp\/v2\/comments?post=1351"}],"version-history":[{"count":8,"href":"https:\/\/gruene-wiesbaden.de\/it\/wp-json\/wp\/v2\/posts\/1351\/revisions"}],"predecessor-version":[{"id":2390,"href":"https:\/\/gruene-wiesbaden.de\/it\/wp-json\/wp\/v2\/posts\/1351\/revisions\/2390"}],"wp:featuredmedia":[{"embeddable":true,"href":"https:\/\/gruene-wiesbaden.de\/it\/wp-json\/wp\/v2\/media\/1547"}],"wp:attachment":[{"href":"https:\/\/gruene-wiesbaden.de\/it\/wp-json\/wp\/v2\/media?parent=1351"}],"wp:term":[{"taxonomy":"category","embeddable":true,"href":"https:\/\/gruene-wiesbaden.de\/it\/wp-json\/wp\/v2\/categories?post=1351"},{"taxonomy":"post_tag","embeddable":true,"href":"https:\/\/gruene-wiesbaden.de\/it\/wp-json\/wp\/v2\/tags?post=1351"}],"curies":[{"name":"wp","href":"https:\/\/api.w.org\/{rel}","templated":true}]}}