{"id":1337,"date":"2025-11-09T23:50:07","date_gmt":"2025-11-09T21:50:07","guid":{"rendered":"https:\/\/gruene-wiesbaden.de\/?p=1337"},"modified":"2026-04-09T00:18:22","modified_gmt":"2026-04-08T22:18:22","slug":"kultur","status":"publish","type":"post","link":"https:\/\/gruene-wiesbaden.de\/it\/kultur\/","title":{"rendered":"cultura"},"content":{"rendered":"<section class=\"l-section wpb_row height_medium with_img\"><div class=\"l-section-img\" role=\"img\" data-img-width=\"1080\" data-img-height=\"800\" style=\"background-image: url(https:\/\/gruene-wiesbaden.de\/wp-content\/uploads\/2025\/11\/neuer-Verlauf-gruene-wiesbaden.de_-2-e1762709402177.png);\"><\/div><div class=\"l-section-overlay\" style=\"background:var(--color-header-top-transparent-bg)\"><\/div><div class=\"l-section-h i-cf\"><div class=\"g-cols vc_row via_grid cols_1 laptops-cols_inherit tablets-cols_inherit mobiles-cols_1 valign_top type_default stacking_default\"><div class=\"wpb_column vc_column_container\"><div class=\"vc_column-inner\"><h1 class=\"w-post-elm post_title us_custom_a574d586 has_text_color entry-title\">cultura<\/h1><div class=\"w-separator size_medium\"><\/div><div class=\"g-cols wpb_row via_grid cols_2-1 laptops-cols_inherit tablets-cols_inherit mobiles-cols_1 valign_top type_default stacking_default\" style=\"--columns-gap:3rem;\"><div class=\"wpb_column vc_column_container\"><div class=\"vc_column-inner\"><div class=\"wpb_text_column us_custom_8b3d6790 has_text_color\"><div class=\"wpb_wrapper\"><p><span style=\"font-weight: 400;\">C'\u00e8 cultura, ma c'\u00e8 molto di pi\u00f9: Le loro diverse offerte creano occasioni di incontro, aprono nuove prospettive e forniscono orientamento nella vita di tutti i giorni. Le loro forze centrifughe hanno un effetto positivo sullo sviluppo personale e sulla coesione sociale. Pertanto, la partecipazione culturale \u00e8 un diritto umano sancito dalla Dichiarazione universale dei diritti dell'uomo e dalla Convenzione delle Nazioni Unite sui diritti delle persone con disabilit\u00e0.<\/span><\/p>\n<p><span style=\"font-weight: 400;\">L'arte e la cultura sono figli della libert\u00e0. Per svilupparsi e svilupparsi, il paesaggio culturale di Wiesbaden deve essere preservato nella sua diversit\u00e0 e protetto da qualsiasi influenza politica.<\/span><\/p>\n<\/div><\/div><div class=\"w-separator size_medium\"><\/div><div class=\"w-btn-wrapper align_left\"><a class=\"w-btn us-btn-style_8 icon_atleft\" href=\"https:\/\/gruene-wiesbaden.de\/it\/kommunalwahl\/#Kapitel1\"><i class=\"fas fa-chevron-circle-right\"><\/i><span class=\"w-btn-label\">Torna alla panoramica<\/span><\/a><\/div><\/div><\/div><div class=\"wpb_column vc_column_container\"><div class=\"vc_column-inner\"><div class=\"w-image align_center\"><div class=\"w-image-h\"><img decoding=\"async\" width=\"2560\" height=\"1708\" src=\"https:\/\/gruene-wiesbaden.de\/wp-content\/uploads\/2025\/11\/1.10-Kultur-scaled.jpeg\" class=\"attachment-full size-full\" alt=\"\" loading=\"lazy\" srcset=\"https:\/\/gruene-wiesbaden.de\/wp-content\/uploads\/2025\/11\/1.10-Kultur-scaled.jpeg 2560w, https:\/\/gruene-wiesbaden.de\/wp-content\/uploads\/2025\/11\/1.10-Kultur-400x267.jpeg 400w, https:\/\/gruene-wiesbaden.de\/wp-content\/uploads\/2025\/11\/1.10-Kultur-600x400.jpeg 600w\" sizes=\"auto, (max-width: 2560px) 100vw, 2560px\" \/><\/div><\/div><div class=\"w-separator size_small\"><\/div><\/div><\/div><\/div><div class=\"w-separator size_medium\"><\/div><div class=\"w-separator size_medium\"><\/div><div class=\"wpb_text_column\"><div class=\"wpb_wrapper\"><h1>Cosa significano per noi l'agricoltura e la silvicoltura sostenibili<\/h1>\n<\/div><\/div><div class=\"w-separator size_large\"><\/div><div class=\"g-cols wpb_row via_grid cols_3 laptops-cols_inherit tablets-cols_inherit mobiles-cols_1 valign_top type_default stacking_default\" style=\"--columns-gap:3rem;\"><div class=\"wpb_column vc_column_container\"><div class=\"vc_column-inner\"><div class=\"w-iconbox us_custom_8b3d6790 has_text_color iconpos_left style_default color_custom align_left\"><div class=\"w-iconbox-icon\" style=\"font-size:2rem;--icon-color:#Ffffff;--icon-bg-color:var(--color-header-middle-bg);\"><i class=\"fas fa-layer-group\"><\/i><\/div><div class=\"w-iconbox-meta\"><h4 class=\"w-iconbox-title\" style=\"font-size:1.5rem;\">La promozione della cultura \u00e8 la protezione della democrazia<\/h4><div class=\"w-iconbox-text\"><p><span style=\"font-weight: 400;\">La cultura \u00e8 pi\u00f9 che intrattenimento. Incoraggia gli incontri, incoraggia la riflessione e rafforza la nostra convivenza democratica. La cultura mostra voci e stili di vita diversi e li rende tangibili. Qui si vivono la diversit\u00e0 e l'inclusione, si promuove la salute e la coesione sociale.<\/span><\/p>\n<p><span style=\"font-weight: 400;\">La cultura \u00e8 quindi un pilastro fondamentale di una societ\u00e0 aperta e democratica.<\/span><\/p>\n<p><br style=\"font-weight: 400;\" \/><br style=\"font-weight: 400;\" \/><\/p>\n<\/div><\/div><\/div><\/div><\/div><div class=\"wpb_column vc_column_container\"><div class=\"vc_column-inner\"><div class=\"w-iconbox us_custom_8b3d6790 has_text_color iconpos_left style_default color_custom align_left\"><div class=\"w-iconbox-icon\" style=\"font-size:2rem;--icon-color:#Ffffff;--icon-bg-color:var(--color-header-transparent-text);\"><i class=\"fas fa-layer-group\"><\/i><\/div><div class=\"w-iconbox-meta\"><h4 class=\"w-iconbox-title\" style=\"font-size:1.5rem;\">La cultura \u00e8 un fattore di localizzazione<\/h4><div class=\"w-iconbox-text\"><p><span style=\"font-weight: 400;\">Un'offerta culturale attraente rafforza il turismo di Wiesbaden e aumenta l'attrazione per gli insediamenti commerciali, l'afflusso di lavoratori qualificati e studenti e lega le persone alla nostra citt\u00e0.<\/span><\/p>\n<\/div><\/div><\/div><\/div><\/div><div class=\"wpb_column vc_column_container\"><div class=\"vc_column-inner\"><div class=\"w-iconbox us_custom_8b3d6790 has_text_color iconpos_left style_default color_custom align_left\"><div class=\"w-iconbox-icon\" style=\"font-size:2rem;--icon-color:#Ffffff;--icon-bg-color:var(--color-header-transparent-text);\"><i class=\"fas fa-layer-group\"><\/i><\/div><div class=\"w-iconbox-meta\"><h4 class=\"w-iconbox-title\" style=\"font-size:1.5rem;\">La cultura come motore di sviluppo<\/h4><div class=\"w-iconbox-text\"><p><span style=\"font-weight: 400;\">La cultura esplora i confini e accompagna criticamente i processi sociali. Lecca, \u00e8 a disagio e rompe i tab\u00f9. La cultura \u00e8 un campo sperimentale in cui la democrazia pu\u00f2 essere praticata e i processi negoziali possono essere vissuti. La cultura \u00e8 quindi un impeto indispensabile per un ulteriore sviluppo orientato al futuro di una societ\u00e0 democratica.<\/span><\/p>\n<\/div><\/div><\/div><\/div><\/div><\/div><div class=\"w-separator size_medium\"><\/div><div class=\"g-cols wpb_row via_grid cols_1-2 laptops-cols_inherit tablets-cols_inherit mobiles-cols_1 valign_top type_default stacking_default\" style=\"--columns-gap:3rem;\"><div class=\"wpb_column vc_column_container\"><div class=\"vc_column-inner\"><div class=\"w-iconbox us_custom_8b3d6790 has_text_color iconpos_left style_default color_custom align_left\"><div class=\"w-iconbox-icon\" style=\"font-size:2rem;--icon-color:#Ffffff;--icon-bg-color:var(--color-header-middle-bg);\"><i class=\"fas fa-layer-group\"><\/i><\/div><div class=\"w-iconbox-meta\"><h4 class=\"w-iconbox-title\" style=\"font-size:1.5rem;\">La cultura crea libert\u00e0<\/h4><div class=\"w-iconbox-text\"><p><span style=\"font-weight: 400;\">La partecipazione culturale non \u00e8 un \"bello da avere\", ma un diritto umano. La cultura fornisce ispirazione e incoraggia la riflessione. L'educazione culturale allarga l'orizzonte, rafforza la tolleranza e l'autoefficacia. Gli spazi culturali offrono spazi sicuri per promuovere lo sviluppo della propria identit\u00e0. La cultura offre una vera esperienza condivisa e conduce insieme invece di dividersi.<\/span><\/p>\n<p><br style=\"font-weight: 400;\" \/><br style=\"font-weight: 400;\" \/><\/p>\n<\/div><\/div><\/div><\/div><\/div><div class=\"wpb_column vc_column_container\"><div class=\"vc_column-inner\"><div class=\"w-iconbox us_custom_8b3d6790 has_text_color iconpos_left style_default color_custom align_left\"><div class=\"w-iconbox-icon\" style=\"font-size:2rem;--icon-color:#Ffffff;--icon-bg-color:var(--color-header-transparent-text);\"><i class=\"fas fa-layer-group\"><\/i><\/div><div class=\"w-iconbox-meta\"><h4 class=\"w-iconbox-title\" style=\"font-size:1.5rem;\">La cultura \u00e8 sviluppo urbano<\/h4><div class=\"w-iconbox-text\"><p><span style=\"font-weight: 400;\">Anche a Wiesbaden, il crescente commercio online sta lasciando il segno. Il posto vacante sta crescendo. Negozi specializzati e anche grandi magazzini sono in difficolt\u00e0. Un centro urbano deserto non \u00e8 solo poco attraente, ma anche l'incertezza, reale o sentita, sta rapidamente diventando un problema.<\/span><\/p>\n<p><span style=\"font-weight: 400;\">Il potenziale creativo e culturale della nostra citt\u00e0 pu\u00f2 costruire ponti qui: L'uso del posto vacante, la creazione di \"terzi posti\", la rivitalizzazione delle piazze con eventi e la creazione di club e gastronomia creano nuovi luoghi di incontro che aumentano l'attrattiva del centro citt\u00e0.<\/span><\/p>\n<p><br style=\"font-weight: 400;\" \/><br style=\"font-weight: 400;\" \/><\/p>\n<\/div><\/div><\/div><\/div><\/div><\/div><div class=\"w-separator size_medium\"><\/div><div class=\"w-btn-wrapper align_left\"><a class=\"w-btn us-btn-style_8 icon_atleft\" href=\"https:\/\/gruene-wiesbaden.de\/it\/kommunalwahl\/#Kapitel1\"><i class=\"fas fa-chevron-circle-right\"><\/i><span class=\"w-btn-label\">Torna alla panoramica<\/span><\/a><\/div><div class=\"w-separator size_medium\"><\/div><\/div><\/div><\/div><\/div><\/section><section class=\"l-section wpb_row height_auto with_img\"><div class=\"l-section-img\" role=\"img\" data-img-width=\"2560\" data-img-height=\"1708\" style=\"background-image: url(https:\/\/gruene-wiesbaden.de\/wp-content\/uploads\/2025\/11\/1.10-Kultur-scaled.jpeg);background-repeat: no-repeat;\"><\/div><div class=\"l-section-overlay\" style=\"background:var(--color-header-top-transparent-bg)\"><\/div><div class=\"l-section-h i-cf\"><div class=\"g-cols vc_row via_grid cols_1 laptops-cols_inherit tablets-cols_inherit mobiles-cols_1 valign_middle type_default stacking_default\" style=\"--columns-gap:1rem;\"><div class=\"wpb_column vc_column_container\"><div class=\"vc_column-inner\"><div class=\"w-separator size_large\"><\/div><div class=\"wpb_text_column background_inside_text\"><div class=\"wpb_wrapper\"><h1>Cosa vogliamo fare specificamente in questo settore<\/h1>\n<\/div><\/div><div class=\"w-separator size_medium\"><\/div><div class=\"w-tabs us_custom_42d693a0 has_text_color style_default switch_click accordion has_scrolling\" style=\"--sections-title-size:1.4rem\"><div class=\"w-tabs-sections titles-align_none icon_chevron cpos_right\"><div class=\"w-tabs-section has_text_color\" id=\"m8f8\" style=\"background:var(--color-header-transparent-text);color:var(--color-header-top-text-hover);\"><button class=\"w-tabs-section-header\" aria-controls=\"content-m8f8\" aria-expanded=\"false\"><div class=\"w-tabs-section-title\">La cultura ha bisogno di spazio<\/div><div class=\"w-tabs-section-control\"><\/div><\/button><div  class=\"w-tabs-section-content\" id=\"content-m8f8\"><div class=\"w-tabs-section-content-h i-cf\"><div class=\"wpb_text_column\"><div class=\"wpb_wrapper\"><p><span style=\"font-weight: 400;\">K\u00fcnstlerhaus43, VHS, Stadtmuseum, Kreativfabrik, KONTEXT o Tanzhaus \u2013 sono tutti particolarmente uniti: La cultura ha bisogno di spazi, protezione dell'inventario e prospettive chiare. Sosteniamo pertanto lo sviluppo urbano culturale attraverso il riutilizzo dei posti vacanti, l'ulteriore sviluppo della KULTurCAMPu e l'emergere di nuovi \"terzi posti\", come la WALHALLA.<\/span><\/p>\n<\/div><\/div><\/div><\/div><\/div><div class=\"w-tabs-section has_text_color\" id=\"na21\" style=\"background:var(--color-header-transparent-text);color:var(--color-header-top-text-hover);\"><button class=\"w-tabs-section-header\" aria-controls=\"content-na21\" aria-expanded=\"false\"><div class=\"w-tabs-section-title\">Rendere la cultura sostenibile<\/div><div class=\"w-tabs-section-control\"><\/div><\/button><div  class=\"w-tabs-section-content\" id=\"content-na21\"><div class=\"w-tabs-section-content-h i-cf\"><div class=\"wpb_text_column\"><div class=\"wpb_wrapper\"><p><span style=\"font-weight: 400;\">Anche la sostenibilit\u00e0 ambientale e sociale \u00e8 un obiettivo importante nella cultura. Tuttavia, vi \u00e8 spesso una mancanza di know-how e risorse finanziarie per attuare idee sostenibili. Vogliamo quindi facilitare l'accesso alle opportunit\u00e0 di finanziamento esistenti attraverso la consulenza e migliorare il trasferimento di conoscenze tra le istituzioni culturali attraverso workshop regolari e il continuo supporto di TourCert e \u00d6koprofit o standard di certificazione specifici del settore.<\/span><\/p>\n<\/div><\/div><\/div><\/div><\/div><div class=\"w-tabs-section has_text_color\" id=\"qb43\" style=\"background:var(--color-header-transparent-text);color:var(--color-header-top-text-hover);\"><button class=\"w-tabs-section-header\" aria-controls=\"content-qb43\" aria-expanded=\"false\"><div class=\"w-tabs-section-title\">La cultura ha bisogno di una prospettiva<\/div><div class=\"w-tabs-section-control\"><\/div><\/button><div  class=\"w-tabs-section-content\" id=\"content-qb43\"><div class=\"w-tabs-section-content-h i-cf\"><div class=\"wpb_text_column\"><div class=\"wpb_wrapper\"><p><span style=\"font-weight: 400;\">Promuovere la cultura non \u00e8 un lusso che devi permetterti. La promozione della cultura \u00e8 la protezione della democrazia. Questo \u00e8 il motivo per cui \u00e8 particolarmente importante, in tempi economicamente e politicamente difficili, che la promozione culturale non si metta al volante. Quando le sovvenzioni dipendono dall'arbitrariet\u00e0 politica e il contenuto sgradito viene rimosso, le pietre angolari della nostra democrazia sono in pericolo. Noi GREEN siamo quindi per la conservazione del nostro variegato paesaggio culturale, per la lobby del Comitato Consultivo Culturale, per l'ulteriore promozione del Dipartimento di Impegno nella Cultura e per l'attuazione del Piano di Sviluppo Culturale.<\/span><\/p>\n<\/div><\/div><\/div><\/div><\/div><div class=\"w-tabs-section has_text_color\" id=\"rc7d\" style=\"background:var(--color-header-middle-bg);color:var(--color-content-heading);\"><button class=\"w-tabs-section-header\" aria-controls=\"content-rc7d\" aria-expanded=\"false\"><div class=\"w-tabs-section-title\">Rafforzare la scena libera<\/div><div class=\"w-tabs-section-control\"><\/div><\/button><div  class=\"w-tabs-section-content\" id=\"content-rc7d\"><div class=\"w-tabs-section-content-h i-cf\"><div class=\"wpb_text_column\"><div class=\"wpb_wrapper\"><p><span style=\"font-weight: 400;\">Palchi aperti, studi e centri socio-culturali sono l'humus creativo della societ\u00e0. \u00c8 qui che emergono nuove idee e progetti intersettoriali. Noi Verdi vogliamo che il loro sostegno sia sostenuto e che si ponga fine alla discriminazione contro le istituzioni culturali della citt\u00e0 e della campagna al fine di migliorare la sicurezza finanziaria per gli artisti e i professionisti della cultura.<\/span><\/p>\n<\/div><\/div><\/div><\/div><\/div><div class=\"w-tabs-section has_text_color\" id=\"xd94\" style=\"background:var(--color-header-transparent-text);color:var(--color-header-top-text-hover);\"><button class=\"w-tabs-section-header\" aria-controls=\"content-xd94\" aria-expanded=\"false\"><div class=\"w-tabs-section-title\">Teatro di Stato e Festival<\/div><div class=\"w-tabs-section-control\"><\/div><\/button><div  class=\"w-tabs-section-content\" id=\"content-xd94\"><div class=\"w-tabs-section-content-h i-cf\"><div class=\"wpb_text_column\"><div class=\"wpb_wrapper\"><p><span style=\"font-weight: 400;\">Il Teatro di Stato dell'Assia con l'International Maifestspiele e la Biennale di Wiesbaden raggiungono numerose persone da Wiesbaden e oltre i confini della citt\u00e0. Vogliamo ottenere una maggiore partecipazione del paese al finanziamento del Teatro di Stato e ci impegniamo ad aprire la casa al maggior numero possibile di gruppi di popolazione.<\/span><\/p>\n<\/div><\/div><\/div><\/div><\/div><div class=\"w-tabs-section has_text_color\" id=\"leb0\" style=\"background:var(--color-header-middle-bg);color:var(--color-header-middle-text);\"><button class=\"w-tabs-section-header\" aria-controls=\"content-leb0\" aria-expanded=\"false\"><div class=\"w-tabs-section-title\">Rendere la cultura pi\u00f9 visibile come fattore economico<\/div><div class=\"w-tabs-section-control\"><\/div><\/button><div  class=\"w-tabs-section-content\" id=\"content-leb0\"><div class=\"w-tabs-section-content-h i-cf\"><div class=\"wpb_text_column\"><div class=\"wpb_wrapper\"><p><span style=\"font-weight: 400;\">La diversit\u00e0 culturale rende Wiesbaden vivace e attraente per turisti, professionisti, studenti e aziende. Vogliamo rendere la scena culturale ancora pi\u00f9 visibile nella nostra presentazione esterna, rafforzare ulteriormente la cooperazione tra cultura, turismo e business e ancorare la cultura come partner di cooperazione permanente per lo sviluppo urbano.<\/span><\/p>\n<\/div><\/div><\/div><\/div><\/div><div class=\"w-tabs-section has_text_color\" id=\"ofc5\" style=\"background:var(--color-header-transparent-text);color:var(--color-header-top-text-hover);\"><button class=\"w-tabs-section-header\" aria-controls=\"content-ofc5\" aria-expanded=\"false\"><div class=\"w-tabs-section-title\">Sostenere l'arte negli spazi pubblici<\/div><div class=\"w-tabs-section-control\"><\/div><\/button><div  class=\"w-tabs-section-content\" id=\"content-ofc5\"><div class=\"w-tabs-section-content-h i-cf\"><div class=\"wpb_text_column\"><div class=\"wpb_wrapper\"><p><span style=\"font-weight: 400;\">L'arte nello spazio pubblico crea luoghi di incontro e vivaci spazi espositivi. Promuove gli artisti locali e aumenta l'identificazione con la citt\u00e0 e la scena locale. Vogliamo lavorare per spazi e una mostra temporanea d'arte nello spazio pubblico.<\/span><\/p>\n<\/div><\/div><\/div><\/div><\/div><div class=\"w-tabs-section has_text_color\" id=\"z0dc\" style=\"background:var(--color-header-transparent-text);color:var(--color-header-top-text-hover);\"><button class=\"w-tabs-section-header\" aria-controls=\"content-z0dc\" aria-expanded=\"false\"><div class=\"w-tabs-section-title\">Festival della cultura giovanile \u2013 Migliorare le opportunit\u00e0 di partecipazione<\/div><div class=\"w-tabs-section-control\"><\/div><\/button><div  class=\"w-tabs-section-content\" id=\"content-z0dc\"><div class=\"w-tabs-section-content-h i-cf\"><div class=\"wpb_text_column\"><div class=\"wpb_wrapper\"><p><span style=\"font-weight: 400;\">L'esempio del Festival della cultura giovanile mostra in modo impressionante che i giovani mostrano grande interesse non solo a partecipare all'organizzazione di eventi culturali, ma anche a plasmarli da soli. Vogliamo lavorare per ampliare le opportunit\u00e0 di partecipazione e partecipazione autodeterminata nel campo della cultura per i giovani insieme ai partner dell'animazione socioeducativa e della scena indipendente.<\/span><\/p>\n<\/div><\/div><\/div><\/div><\/div><div class=\"w-tabs-section has_text_color\" id=\"o209\" style=\"background:var(--color-header-transparent-text);color:var(--color-header-top-text-hover);\"><button class=\"w-tabs-section-header\" aria-controls=\"content-o209\" aria-expanded=\"false\"><div class=\"w-tabs-section-title\">Rafforzare la vita notturna e l'app Tutto Wiesbaden per maggiori informazioni sugli eventi a Wiesbaden<\/div><div class=\"w-tabs-section-control\"><\/div><\/button><div  class=\"w-tabs-section-content\" id=\"content-o209\"><div class=\"w-tabs-section-content-h i-cf\"><div class=\"wpb_text_column\"><div class=\"wpb_wrapper\"><p><span style=\"font-weight: 400;\">Al fine di rafforzare la vita notturna di Wiesbaden nel suo complesso, continuiamo a mantenere la creazione di un posto per un sindaco notturno. Esso mira a riunire i vari attori dell'economia notturna con la politica, l'amministrazione e i cittadini, ad abbattere gli ostacoli, a creare una comprensione reciproca, a contribuire a plasmare lo sviluppo urbano e a promuovere l'insediamento di club e gastronomia.<\/span><\/p>\n<p><span style=\"font-weight: 400;\">Vogliamo anche rendere il calendario degli eventi della citt\u00e0 di Wiesbaden mobile fruibile nell'app \"Alles Wiesbaden\" e quindi aumentare ulteriormente la visibilit\u00e0 della cultura.<\/span><\/p>\n<\/div><\/div><\/div><\/div><\/div><\/div><\/div><div class=\"w-separator size_medium\"><\/div><div class=\"w-btn-wrapper align_left\"><a class=\"w-btn us-btn-style_8 icon_atleft\" href=\"https:\/\/gruene-wiesbaden.de\/it\/kommunalwahl\/#Kapitel1\"><i class=\"fas fa-chevron-circle-right\"><\/i><span class=\"w-btn-label\">Torna alla panoramica<\/span><\/a><\/div><div class=\"w-separator size_large\"><\/div><div class=\"wpb_text_column\"><div class=\"wpb_wrapper\"><h1>Cosa abbiamo gi\u00e0 realizzato<\/h1>\n<\/div><\/div><div class=\"w-separator size_medium\"><\/div><div class=\"w-tabs us_custom_42d693a0 has_text_color style_default switch_click accordion has_scrolling\" style=\"--sections-title-size:1.4rem\"><div class=\"w-tabs-sections titles-align_none icon_chevron cpos_right\"><div class=\"w-tabs-section has_text_color\" id=\"g45e\" style=\"background:var(--color-header-transparent-text);color:var(--color-header-top-text-hover);\"><button class=\"w-tabs-section-header\" aria-controls=\"content-g45e\" aria-expanded=\"false\"><div class=\"w-tabs-section-title\">La partecipazione culturale \u00e8 un diritto umano<\/div><div class=\"w-tabs-section-control\"><\/div><\/button><div  class=\"w-tabs-section-content\" id=\"content-g45e\"><div class=\"w-tabs-section-content-h i-cf\"><div class=\"wpb_text_column\"><div class=\"wpb_wrapper\"><p><span style=\"font-weight: 400;\">Tutte le persone dovrebbero essere in grado di partecipare alla cultura. Ecco perch\u00e9 abbiamo lanciato l'iscrizione gratuita nella biblioteca della citt\u00e0. Al fine di introdurre i giovani alla cultura in una fase precoce, \u00e8 stato anche istituito il programma di finanziamento Educazione culturale nelle scuole. Il programma di finanziamento di progetti interculturali sostiene specificamente artisti, associazioni e iniziative provenienti da diversi contesti culturali al fine di avviare progetti per un'ampia gamma di pubblico.<\/span><\/p>\n<\/div><\/div><\/div><\/div><\/div><div class=\"w-tabs-section has_text_color\" id=\"p57d\" style=\"background:var(--color-header-transparent-text);color:var(--color-header-top-text-hover);\"><button class=\"w-tabs-section-header\" aria-controls=\"content-p57d\" aria-expanded=\"false\"><div class=\"w-tabs-section-title\">Rilanciare il centro citt\u00e0<\/div><div class=\"w-tabs-section-control\"><\/div><\/button><div  class=\"w-tabs-section-content\" id=\"content-p57d\"><div class=\"w-tabs-section-content-h i-cf\"><div class=\"wpb_text_column\"><div class=\"wpb_wrapper\"><p><span style=\"font-weight: 400;\">Con il trasferimento di VHS nel centro della citt\u00e0 e l'inizio della ristrutturazione di Walhalla come terza sede, sono in corso due primi progetti che, in collaborazione con le istituzioni culturali ed educative, hanno lo scopo di aumentare l'attrattiva del centro di Wiesbaden.<\/span><\/p>\n<\/div><\/div><\/div><\/div><\/div><div class=\"w-tabs-section has_text_color\" id=\"q6a6\" style=\"background:var(--color-header-transparent-text);color:var(--color-header-top-text-hover);\"><button class=\"w-tabs-section-header\" aria-controls=\"content-q6a6\" aria-expanded=\"false\"><div class=\"w-tabs-section-title\">Sostenibilit\u00e0 nella cultura<\/div><div class=\"w-tabs-section-control\"><\/div><\/button><div  class=\"w-tabs-section-content\" id=\"content-q6a6\"><div class=\"w-tabs-section-content-h i-cf\"><div class=\"wpb_text_column\"><div class=\"wpb_wrapper\"><p><span style=\"font-weight: 400;\">Insieme alla rete di partner, TourCert \u00e8 implementata anche come certificazione per le istituzioni culturali. Eco-profit \u00e8 aperto anche alle istituzioni culturali. Prendere in prestito invece di acquistare riduce il consumo di risorse e l'impronta ecologica individuale. Per l'uso sostenibile delle risorse, abbiamo previsto la creazione di una biblioteca di cose nella biblioteca della citt\u00e0, dove gli oggetti di uso quotidiano possono essere presi in prestito gratuitamente.<\/span><span style=\"font-weight: 400;\"><br \/>\n<\/span><span style=\"font-weight: 400;\">Nell'ottobre 2025, la citt\u00e0 di Wiesbaden terr\u00e0 la sua prima importante conferenza sulla sostenibilit\u00e0 con le istituzioni culturali di Wiesbaden per promuovere il trasferimento e lo scambio di conoscenze tra le istituzioni culturali.<\/span><\/p>\n<\/div><\/div><\/div><\/div><\/div><div class=\"w-tabs-section has_text_color\" id=\"p7bb\" style=\"background:var(--color-header-middle-bg);color:var(--color-content-heading);\"><button class=\"w-tabs-section-header\" aria-controls=\"content-p7bb\" aria-expanded=\"false\"><div class=\"w-tabs-section-title\">Trasparenza nella promozione della cultura<\/div><div class=\"w-tabs-section-control\"><\/div><\/button><div  class=\"w-tabs-section-content\" id=\"content-p7bb\"><div class=\"w-tabs-section-content-h i-cf\"><div class=\"wpb_text_column\"><div class=\"wpb_wrapper\"><p><span style=\"font-weight: 400;\">Al fine di conseguire la trasparenza e ridurre al minimo l'influenza della politica sulla promozione della cultura, \u00e8 stato istituito un comitato consultivo specializzato e le sue raccomandazioni sul sostegno istituzionale sono state ampiamente attuate. Il piano di sviluppo culturale viene attuato successivamente.<\/span><\/p>\n<\/div><\/div><\/div><\/div><\/div><\/div><\/div><div class=\"w-separator size_medium\"><\/div><div class=\"w-btn-wrapper align_left\"><a class=\"w-btn us-btn-style_8 icon_atleft\" href=\"https:\/\/gruene-wiesbaden.de\/it\/kommunalwahl\/#Kapitel1\"><i class=\"fas fa-chevron-circle-right\"><\/i><span class=\"w-btn-label\">Torna alla panoramica<\/span><\/a><\/div><div class=\"w-separator size_large\"><\/div><\/div><\/div><\/div><\/div><\/section>","protected":false},"excerpt":{"rendered":"CultureCulture mantiene, ma \u00e8 molto di pi\u00f9: Le loro diverse offerte creano occasioni di incontro, aprono nuove prospettive e forniscono orientamento nella vita di tutti i giorni. Le loro forze centrifughe hanno un effetto positivo sullo sviluppo personale e sulla coesione sociale. Pertanto, la partecipazione culturale \u00e8 un diritto umano riconosciuto nella Dichiarazione universale dei diritti dell'uomo e nella Convenzione delle Nazioni Unite sui diritti delle persone con disabilit\u00e0.","protected":false},"author":1,"featured_media":1513,"comment_status":"closed","ping_status":"closed","sticky":false,"template":"","format":"standard","meta":{"footnotes":""},"categories":[14],"tags":[],"class_list":["post-1337","post","type-post","status-publish","format-standard","has-post-thumbnail","hentry","category-kapitel-1"],"yoast_head":"<!-- This site is optimized with the Yoast SEO plugin v27.5 - https:\/\/yoast.com\/product\/yoast-seo-wordpress\/ -->\n<title>Kultur - B\u00dcNDNIS 90\/DIE GR\u00dcNEN Wiesbaden<\/title>\n<meta name=\"robots\" content=\"index, follow, max-snippet:-1, max-image-preview:large, max-video-preview:-1\" \/>\n<link rel=\"canonical\" href=\"https:\/\/gruene-wiesbaden.de\/it\/kultur\/\" \/>\n<meta property=\"og:locale\" content=\"it_IT\" \/>\n<meta property=\"og:type\" content=\"article\" \/>\n<meta property=\"og:title\" content=\"Kultur - B\u00dcNDNIS 90\/DIE GR\u00dcNEN Wiesbaden\" \/>\n<meta property=\"og:url\" content=\"https:\/\/gruene-wiesbaden.de\/it\/kultur\/\" \/>\n<meta property=\"og:site_name\" content=\"B\u00dcNDNIS 90\/DIE GR\u00dcNEN Wiesbaden\" \/>\n<meta property=\"article:publisher\" content=\"https:\/\/www.facebook.com\/gruene.wi\" \/>\n<meta property=\"article:published_time\" content=\"2025-11-09T21:50:07+00:00\" \/>\n<meta property=\"article:modified_time\" content=\"2026-04-08T22:18:22+00:00\" \/>\n<meta property=\"og:image\" content=\"https:\/\/gruene-wiesbaden.de\/wp-content\/uploads\/2025\/11\/1.10-Kultur-scaled.jpeg\" \/>\n\t<meta property=\"og:image:width\" content=\"2560\" \/>\n\t<meta property=\"og:image:height\" content=\"1708\" \/>\n\t<meta property=\"og:image:type\" content=\"image\/jpeg\" \/>\n<meta name=\"author\" content=\"admin\" \/>\n<meta name=\"twitter:card\" content=\"summary_large_image\" \/>\n<meta name=\"twitter:label1\" content=\"Scritto da\" \/>\n\t<meta name=\"twitter:data1\" content=\"admin\" \/>\n\t<meta name=\"twitter:label2\" content=\"Tempo di lettura stimato\" \/>\n\t<meta name=\"twitter:data2\" content=\"8 minutes\" \/>\n<script type=\"application\/ld+json\" class=\"yoast-schema-graph\">{\"@context\":\"https:\\\/\\\/schema.org\",\"@graph\":[{\"@type\":\"Article\",\"@id\":\"https:\\\/\\\/gruene-wiesbaden.de\\\/kultur\\\/#article\",\"isPartOf\":{\"@id\":\"https:\\\/\\\/gruene-wiesbaden.de\\\/kultur\\\/\"},\"author\":{\"name\":\"admin\",\"@id\":\"https:\\\/\\\/gruene-wiesbaden.de\\\/#\\\/schema\\\/person\\\/6785c34779159cd4fd86886bb097afe9\"},\"headline\":\"Kultur\",\"datePublished\":\"2025-11-09T21:50:07+00:00\",\"dateModified\":\"2026-04-08T22:18:22+00:00\",\"mainEntityOfPage\":{\"@id\":\"https:\\\/\\\/gruene-wiesbaden.de\\\/kultur\\\/\"},\"wordCount\":2309,\"publisher\":{\"@id\":\"https:\\\/\\\/gruene-wiesbaden.de\\\/#organization\"},\"image\":{\"@id\":\"https:\\\/\\\/gruene-wiesbaden.de\\\/kultur\\\/#primaryimage\"},\"thumbnailUrl\":\"https:\\\/\\\/gruene-wiesbaden.de\\\/wp-content\\\/uploads\\\/2025\\\/11\\\/1.10-Kultur-scaled.jpeg\",\"articleSection\":[\"Kapitel 1\"],\"inLanguage\":\"it-IT\"},{\"@type\":\"WebPage\",\"@id\":\"https:\\\/\\\/gruene-wiesbaden.de\\\/kultur\\\/\",\"url\":\"https:\\\/\\\/gruene-wiesbaden.de\\\/kultur\\\/\",\"name\":\"Kultur - B\u00dcNDNIS 90\\\/DIE GR\u00dcNEN Wiesbaden\",\"isPartOf\":{\"@id\":\"https:\\\/\\\/gruene-wiesbaden.de\\\/#website\"},\"primaryImageOfPage\":{\"@id\":\"https:\\\/\\\/gruene-wiesbaden.de\\\/kultur\\\/#primaryimage\"},\"image\":{\"@id\":\"https:\\\/\\\/gruene-wiesbaden.de\\\/kultur\\\/#primaryimage\"},\"thumbnailUrl\":\"https:\\\/\\\/gruene-wiesbaden.de\\\/wp-content\\\/uploads\\\/2025\\\/11\\\/1.10-Kultur-scaled.jpeg\",\"datePublished\":\"2025-11-09T21:50:07+00:00\",\"dateModified\":\"2026-04-08T22:18:22+00:00\",\"breadcrumb\":{\"@id\":\"https:\\\/\\\/gruene-wiesbaden.de\\\/kultur\\\/#breadcrumb\"},\"inLanguage\":\"it-IT\",\"potentialAction\":[{\"@type\":\"ReadAction\",\"target\":[\"https:\\\/\\\/gruene-wiesbaden.de\\\/kultur\\\/\"]}]},{\"@type\":\"ImageObject\",\"inLanguage\":\"it-IT\",\"@id\":\"https:\\\/\\\/gruene-wiesbaden.de\\\/kultur\\\/#primaryimage\",\"url\":\"https:\\\/\\\/gruene-wiesbaden.de\\\/wp-content\\\/uploads\\\/2025\\\/11\\\/1.10-Kultur-scaled.jpeg\",\"contentUrl\":\"https:\\\/\\\/gruene-wiesbaden.de\\\/wp-content\\\/uploads\\\/2025\\\/11\\\/1.10-Kultur-scaled.jpeg\",\"width\":2560,\"height\":1708},{\"@type\":\"BreadcrumbList\",\"@id\":\"https:\\\/\\\/gruene-wiesbaden.de\\\/kultur\\\/#breadcrumb\",\"itemListElement\":[{\"@type\":\"ListItem\",\"position\":1,\"name\":\"Startseite\",\"item\":\"https:\\\/\\\/gruene-wiesbaden.de\\\/\"},{\"@type\":\"ListItem\",\"position\":2,\"name\":\"Kultur\"}]},{\"@type\":\"WebSite\",\"@id\":\"https:\\\/\\\/gruene-wiesbaden.de\\\/#website\",\"url\":\"https:\\\/\\\/gruene-wiesbaden.de\\\/\",\"name\":\"DIE GR\u00dcNEN Wiesbaden\",\"description\":\"\",\"publisher\":{\"@id\":\"https:\\\/\\\/gruene-wiesbaden.de\\\/#organization\"},\"potentialAction\":[{\"@type\":\"SearchAction\",\"target\":{\"@type\":\"EntryPoint\",\"urlTemplate\":\"https:\\\/\\\/gruene-wiesbaden.de\\\/?s={search_term_string}\"},\"query-input\":{\"@type\":\"PropertyValueSpecification\",\"valueRequired\":true,\"valueName\":\"search_term_string\"}}],\"inLanguage\":\"it-IT\"},{\"@type\":\"Organization\",\"@id\":\"https:\\\/\\\/gruene-wiesbaden.de\\\/#organization\",\"name\":\"DIE GR\u00dcNEN Wiesbaden\",\"url\":\"https:\\\/\\\/gruene-wiesbaden.de\\\/\",\"logo\":{\"@type\":\"ImageObject\",\"inLanguage\":\"it-IT\",\"@id\":\"https:\\\/\\\/gruene-wiesbaden.de\\\/#\\\/schema\\\/logo\\\/image\\\/\",\"url\":\"https:\\\/\\\/gruene-wiesbaden-fuer-europa.de\\\/wp-content\\\/uploads\\\/2024\\\/04\\\/Machen-was-zaehlt-5.png\",\"contentUrl\":\"https:\\\/\\\/gruene-wiesbaden-fuer-europa.de\\\/wp-content\\\/uploads\\\/2024\\\/04\\\/Machen-was-zaehlt-5.png\",\"width\":1772,\"height\":1772,\"caption\":\"DIE GR\u00dcNEN Wiesbaden\"},\"image\":{\"@id\":\"https:\\\/\\\/gruene-wiesbaden.de\\\/#\\\/schema\\\/logo\\\/image\\\/\"},\"sameAs\":[\"https:\\\/\\\/www.facebook.com\\\/gruene.wi\",\"https:\\\/\\\/instagram.com\\\/gruene_wi\"]},{\"@type\":\"Person\",\"@id\":\"https:\\\/\\\/gruene-wiesbaden.de\\\/#\\\/schema\\\/person\\\/6785c34779159cd4fd86886bb097afe9\",\"name\":\"admin\",\"sameAs\":[\"http:\\\/\\\/gruene-wiesbaden-fuer-europa.de\"],\"url\":\"https:\\\/\\\/gruene-wiesbaden.de\\\/it\\\/author\\\/admin\\\/\"}]}<\/script>\n<!-- \/ Yoast SEO plugin. -->","yoast_head_json":{"title":"Kultur - B\u00dcNDNIS 90\/DIE GR\u00dcNEN Wiesbaden","robots":{"index":"index","follow":"follow","max-snippet":"max-snippet:-1","max-image-preview":"max-image-preview:large","max-video-preview":"max-video-preview:-1"},"canonical":"https:\/\/gruene-wiesbaden.de\/it\/kultur\/","og_locale":"it_IT","og_type":"article","og_title":"Kultur - B\u00dcNDNIS 90\/DIE GR\u00dcNEN Wiesbaden","og_url":"https:\/\/gruene-wiesbaden.de\/it\/kultur\/","og_site_name":"B\u00dcNDNIS 90\/DIE GR\u00dcNEN Wiesbaden","article_publisher":"https:\/\/www.facebook.com\/gruene.wi","article_published_time":"2025-11-09T21:50:07+00:00","article_modified_time":"2026-04-08T22:18:22+00:00","og_image":[{"width":2560,"height":1708,"url":"https:\/\/gruene-wiesbaden.de\/wp-content\/uploads\/2025\/11\/1.10-Kultur-scaled.jpeg","type":"image\/jpeg"}],"author":"admin","twitter_card":"summary_large_image","twitter_misc":{"Scritto da":"admin","Tempo di lettura stimato":"8 minutes"},"schema":{"@context":"https:\/\/schema.org","@graph":[{"@type":"Article","@id":"https:\/\/gruene-wiesbaden.de\/kultur\/#article","isPartOf":{"@id":"https:\/\/gruene-wiesbaden.de\/kultur\/"},"author":{"name":"admin","@id":"https:\/\/gruene-wiesbaden.de\/#\/schema\/person\/6785c34779159cd4fd86886bb097afe9"},"headline":"Kultur","datePublished":"2025-11-09T21:50:07+00:00","dateModified":"2026-04-08T22:18:22+00:00","mainEntityOfPage":{"@id":"https:\/\/gruene-wiesbaden.de\/kultur\/"},"wordCount":2309,"publisher":{"@id":"https:\/\/gruene-wiesbaden.de\/#organization"},"image":{"@id":"https:\/\/gruene-wiesbaden.de\/kultur\/#primaryimage"},"thumbnailUrl":"https:\/\/gruene-wiesbaden.de\/wp-content\/uploads\/2025\/11\/1.10-Kultur-scaled.jpeg","articleSection":["Kapitel 1"],"inLanguage":"it-IT"},{"@type":"WebPage","@id":"https:\/\/gruene-wiesbaden.de\/kultur\/","url":"https:\/\/gruene-wiesbaden.de\/kultur\/","name":"Kultur - B\u00dcNDNIS 90\/DIE GR\u00dcNEN Wiesbaden","isPartOf":{"@id":"https:\/\/gruene-wiesbaden.de\/#website"},"primaryImageOfPage":{"@id":"https:\/\/gruene-wiesbaden.de\/kultur\/#primaryimage"},"image":{"@id":"https:\/\/gruene-wiesbaden.de\/kultur\/#primaryimage"},"thumbnailUrl":"https:\/\/gruene-wiesbaden.de\/wp-content\/uploads\/2025\/11\/1.10-Kultur-scaled.jpeg","datePublished":"2025-11-09T21:50:07+00:00","dateModified":"2026-04-08T22:18:22+00:00","breadcrumb":{"@id":"https:\/\/gruene-wiesbaden.de\/kultur\/#breadcrumb"},"inLanguage":"it-IT","potentialAction":[{"@type":"ReadAction","target":["https:\/\/gruene-wiesbaden.de\/kultur\/"]}]},{"@type":"ImageObject","inLanguage":"it-IT","@id":"https:\/\/gruene-wiesbaden.de\/kultur\/#primaryimage","url":"https:\/\/gruene-wiesbaden.de\/wp-content\/uploads\/2025\/11\/1.10-Kultur-scaled.jpeg","contentUrl":"https:\/\/gruene-wiesbaden.de\/wp-content\/uploads\/2025\/11\/1.10-Kultur-scaled.jpeg","width":2560,"height":1708},{"@type":"BreadcrumbList","@id":"https:\/\/gruene-wiesbaden.de\/kultur\/#breadcrumb","itemListElement":[{"@type":"ListItem","position":1,"name":"Startseite","item":"https:\/\/gruene-wiesbaden.de\/"},{"@type":"ListItem","position":2,"name":"Kultur"}]},{"@type":"WebSite","@id":"https:\/\/gruene-wiesbaden.de\/#website","url":"https:\/\/gruene-wiesbaden.de\/","name":"DIE GR\u00dcNEN Wiesbaden","description":"","publisher":{"@id":"https:\/\/gruene-wiesbaden.de\/#organization"},"potentialAction":[{"@type":"SearchAction","target":{"@type":"EntryPoint","urlTemplate":"https:\/\/gruene-wiesbaden.de\/?s={search_term_string}"},"query-input":{"@type":"PropertyValueSpecification","valueRequired":true,"valueName":"search_term_string"}}],"inLanguage":"it-IT"},{"@type":"Organization","@id":"https:\/\/gruene-wiesbaden.de\/#organization","name":"DIE GR\u00dcNEN Wiesbaden","url":"https:\/\/gruene-wiesbaden.de\/","logo":{"@type":"ImageObject","inLanguage":"it-IT","@id":"https:\/\/gruene-wiesbaden.de\/#\/schema\/logo\/image\/","url":"https:\/\/gruene-wiesbaden-fuer-europa.de\/wp-content\/uploads\/2024\/04\/Machen-was-zaehlt-5.png","contentUrl":"https:\/\/gruene-wiesbaden-fuer-europa.de\/wp-content\/uploads\/2024\/04\/Machen-was-zaehlt-5.png","width":1772,"height":1772,"caption":"DIE GR\u00dcNEN Wiesbaden"},"image":{"@id":"https:\/\/gruene-wiesbaden.de\/#\/schema\/logo\/image\/"},"sameAs":["https:\/\/www.facebook.com\/gruene.wi","https:\/\/instagram.com\/gruene_wi"]},{"@type":"Person","@id":"https:\/\/gruene-wiesbaden.de\/#\/schema\/person\/6785c34779159cd4fd86886bb097afe9","name":"admin","sameAs":["http:\/\/gruene-wiesbaden-fuer-europa.de"],"url":"https:\/\/gruene-wiesbaden.de\/it\/author\/admin\/"}]}},"_links":{"self":[{"href":"https:\/\/gruene-wiesbaden.de\/it\/wp-json\/wp\/v2\/posts\/1337","targetHints":{"allow":["GET"]}}],"collection":[{"href":"https:\/\/gruene-wiesbaden.de\/it\/wp-json\/wp\/v2\/posts"}],"about":[{"href":"https:\/\/gruene-wiesbaden.de\/it\/wp-json\/wp\/v2\/types\/post"}],"author":[{"embeddable":true,"href":"https:\/\/gruene-wiesbaden.de\/it\/wp-json\/wp\/v2\/users\/1"}],"replies":[{"embeddable":true,"href":"https:\/\/gruene-wiesbaden.de\/it\/wp-json\/wp\/v2\/comments?post=1337"}],"version-history":[{"count":9,"href":"https:\/\/gruene-wiesbaden.de\/it\/wp-json\/wp\/v2\/posts\/1337\/revisions"}],"predecessor-version":[{"id":2375,"href":"https:\/\/gruene-wiesbaden.de\/it\/wp-json\/wp\/v2\/posts\/1337\/revisions\/2375"}],"wp:featuredmedia":[{"embeddable":true,"href":"https:\/\/gruene-wiesbaden.de\/it\/wp-json\/wp\/v2\/media\/1513"}],"wp:attachment":[{"href":"https:\/\/gruene-wiesbaden.de\/it\/wp-json\/wp\/v2\/media?parent=1337"}],"wp:term":[{"taxonomy":"category","embeddable":true,"href":"https:\/\/gruene-wiesbaden.de\/it\/wp-json\/wp\/v2\/categories?post=1337"},{"taxonomy":"post_tag","embeddable":true,"href":"https:\/\/gruene-wiesbaden.de\/it\/wp-json\/wp\/v2\/tags?post=1337"}],"curies":[{"name":"wp","href":"https:\/\/api.w.org\/{rel}","templated":true}]}}