{"id":1222,"date":"2025-08-01T22:40:52","date_gmt":"2025-08-01T20:40:52","guid":{"rendered":"https:\/\/gruene-wiesbaden.de\/?p=1222"},"modified":"2026-04-08T22:38:25","modified_gmt":"2026-04-08T20:38:25","slug":"lore-ipsum-samed","status":"publish","type":"post","link":"https:\/\/gruene-wiesbaden.de\/it\/lore-ipsum-samed\/","title":{"rendered":"Agricoltura e silvicoltura"},"content":{"rendered":"<section class=\"l-section wpb_row height_medium with_img\"><div class=\"l-section-img\" role=\"img\" data-img-width=\"1080\" data-img-height=\"800\" style=\"background-image: url(https:\/\/gruene-wiesbaden.de\/wp-content\/uploads\/2025\/11\/neuer-Verlauf-gruene-wiesbaden.de_-2-e1762709402177.png);\"><\/div><div class=\"l-section-overlay\" style=\"background:var(--color-header-top-transparent-bg)\"><\/div><div class=\"l-section-h i-cf\"><div class=\"g-cols vc_row via_grid cols_1 laptops-cols_inherit tablets-cols_inherit mobiles-cols_1 valign_top type_default stacking_default\"><div class=\"wpb_column vc_column_container\"><div class=\"vc_column-inner\"><h1 class=\"w-post-elm post_title us_custom_a574d586 has_text_color entry-title\">Agricoltura e silvicoltura<\/h1><div class=\"w-separator size_medium\"><\/div><div class=\"g-cols wpb_row via_grid cols_2-1 laptops-cols_inherit tablets-cols_inherit mobiles-cols_1 valign_top type_default stacking_default\" style=\"--columns-gap:3rem;\"><div class=\"wpb_column vc_column_container\"><div class=\"vc_column-inner\"><div class=\"wpb_text_column us_custom_8b3d6790 has_text_color\"><div class=\"wpb_wrapper\"><p><span style=\"font-weight: 400;\">L'agricoltura e la silvicoltura sono molto pi\u00f9 di semplici settori economici: sono alla base dei nostri prodotti alimentari, dei nostri paesaggi e del nostro clima. Sia in citt\u00e0 che in campagna: Il modo in cui coltiviamo ha un impatto diretto sulla nostra qualit\u00e0 della vita, sulla nostra salute e sul nostro ambiente.<\/span><\/p>\n<p><span style=\"font-weight: 400;\">Ci troviamo di fronte alla sfida di progettare un'agricoltura sostenibile che sia sostenibile dal punto di vista ambientale ed economicamente sostenibile e i cui prodotti possano essere offerti da qualsiasi famiglia.<\/span><\/p>\n<p><span style=\"font-weight: 400;\">Le foreste sono state i motori dei principali cicli di materiali per milioni di anni. Abbiamo posto la loro funzione ecologica al centro della nostra strategia di sviluppo forestale, perch\u00e9 le foreste miste resistenti al clima sono i garanti di acqua potabile pulita, aria pulita, conservazione della biodiversit\u00e0 e una citt\u00e0 pi\u00f9 fresca nelle estati calde.<\/span><\/p>\n<\/div><\/div><div class=\"w-separator size_medium\"><\/div><div class=\"w-btn-wrapper align_left\"><a class=\"w-btn us-btn-style_8 icon_atleft\" href=\"https:\/\/gruene-wiesbaden.de\/it\/kommunalwahl\/#Kapitel1\"><i class=\"fas fa-chevron-circle-right\"><\/i><span class=\"w-btn-label\">Torna alla panoramica<\/span><\/a><\/div><\/div><\/div><div class=\"wpb_column vc_column_container\"><div class=\"vc_column-inner\"><div class=\"w-image align_center\"><div class=\"w-image-h\"><img decoding=\"async\" width=\"1920\" height=\"2560\" src=\"https:\/\/gruene-wiesbaden.de\/wp-content\/uploads\/2025\/07\/noaa-SkJG9sNkQVQ-unsplash-scaled.jpg\" class=\"attachment-full size-full\" alt=\"\" loading=\"lazy\" srcset=\"https:\/\/gruene-wiesbaden.de\/wp-content\/uploads\/2025\/07\/noaa-SkJG9sNkQVQ-unsplash-scaled.jpg 1920w, https:\/\/gruene-wiesbaden.de\/wp-content\/uploads\/2025\/07\/noaa-SkJG9sNkQVQ-unsplash-300x400.jpg 300w, https:\/\/gruene-wiesbaden.de\/wp-content\/uploads\/2025\/07\/noaa-SkJG9sNkQVQ-unsplash-450x600.jpg 450w\" sizes=\"auto, (max-width: 1920px) 100vw, 1920px\" \/><\/div><\/div><div class=\"w-separator size_small\"><\/div><\/div><\/div><\/div><div class=\"w-separator size_medium\"><\/div><div class=\"w-separator size_medium\"><\/div><div class=\"wpb_text_column\"><div class=\"wpb_wrapper\"><h1>Cosa significano per noi l'agricoltura e la silvicoltura sostenibili<\/h1>\n<\/div><\/div><div class=\"w-separator size_large\"><\/div><div class=\"g-cols wpb_row via_grid cols_3 laptops-cols_inherit tablets-cols_inherit mobiles-cols_1 valign_top type_default stacking_default\" style=\"--columns-gap:3rem;\"><div class=\"wpb_column vc_column_container\"><div class=\"vc_column-inner\"><div class=\"w-iconbox us_custom_f4639b64 has_text_color iconpos_left style_default color_custom align_left\"><div class=\"w-iconbox-icon\" style=\"font-size:2rem;--icon-color:#Ffffff;--icon-bg-color:var(--color-header-middle-bg);\"><i class=\"fas fa-layer-group\"><\/i><\/div><div class=\"w-iconbox-meta\"><h4 class=\"w-iconbox-title\" style=\"font-size:1.5rem;\">Conservazione della natura da parte degli agricoltori<\/h4><div class=\"w-iconbox-text\"><p><span style=\"font-weight: 400;\">Siamo a favore di una politica che collabori con gli agricoltori per proteggere la nostra natura. Hanno una conoscenza approfondita dell'importanza di suoli sani, acqua pulita e biodiversit\u00e0, fondamenti da cui dipende esistenzialmente sia il loro lavoro di agricoltori che il nostro intero ecosistema.<\/span><\/p>\n<\/div><\/div><\/div><\/div><\/div><div class=\"wpb_column vc_column_container\"><div class=\"vc_column-inner\"><div class=\"w-iconbox us_custom_f4639b64 has_text_color iconpos_left style_default color_custom align_left\"><div class=\"w-iconbox-icon\" style=\"font-size:2rem;--icon-color:#Ffffff;--icon-bg-color:var(--color-header-transparent-text);\"><i class=\"fas fa-layer-group\"><\/i><\/div><div class=\"w-iconbox-meta\"><h4 class=\"w-iconbox-title\" style=\"font-size:1.5rem;\">Promuovere suoli sani<\/h4><div class=\"w-iconbox-text\"><p><span style=\"font-weight: 400;\">I nostri terreni sono alla base di quasi tutto ci\u00f2 che atterra sui nostri piatti e sono indispensabili per la conservazione della biodiversit\u00e0. Sosteniamo una gestione che garantisca vitalit\u00e0 a lungo termine.<\/span><\/p>\n<\/div><\/div><\/div><\/div><\/div><div class=\"wpb_column vc_column_container\"><div class=\"vc_column-inner\"><div class=\"w-iconbox us_custom_f4639b64 has_text_color iconpos_left style_default color_custom align_left\"><div class=\"w-iconbox-icon\" style=\"font-size:2rem;--icon-color:#Ffffff;--icon-bg-color:var(--color-header-transparent-text);\"><i class=\"fas fa-layer-group\"><\/i><\/div><div class=\"w-iconbox-meta\"><h4 class=\"w-iconbox-title\" style=\"font-size:1.5rem;\">Pensare foresta e gioco insieme<\/h4><div class=\"w-iconbox-text\"><p><span style=\"font-weight: 400;\">Una foresta intatta vive in equilibrio. Per noi \u00e8 fondamentale che i politici prestino la stessa attenzione alla protezione della fauna selvatica e alla salute delle nostre foreste, lavorando a stretto contatto con i cacciatori.<\/span><\/p>\n<\/div><\/div><\/div><\/div><\/div><\/div><div class=\"w-separator size_medium\"><\/div><div class=\"g-cols wpb_row via_grid cols_3 laptops-cols_inherit tablets-cols_inherit mobiles-cols_1 valign_top type_default stacking_default\" style=\"--columns-gap:3rem;\"><div class=\"wpb_column vc_column_container\"><div class=\"vc_column-inner\"><div class=\"w-iconbox us_custom_f4639b64 has_text_color iconpos_left style_default color_custom align_left\"><div class=\"w-iconbox-icon\" style=\"font-size:2rem;--icon-color:#Ffffff;--icon-bg-color:var(--color-header-middle-bg);\"><i class=\"fas fa-layer-group\"><\/i><\/div><div class=\"w-iconbox-meta\"><h4 class=\"w-iconbox-title\" style=\"font-size:1.5rem;\">Rafforzare le diete regionali e sane<\/h4><div class=\"w-iconbox-text\"><p><span style=\"font-weight: 400;\">Per noi \u00e8 importante che nella nostra regione vengano prodotti alimenti sani a prezzi accessibili. Il buon cibo \u00e8 la base per una vita attiva e piacevole, per noi, i nostri figli e nipoti. \u00c8 per tutti, non come privilegio di pochi.<\/span><\/p>\n<\/div><\/div><\/div><\/div><\/div><div class=\"wpb_column vc_column_container\"><div class=\"vc_column-inner\"><div class=\"w-iconbox us_custom_836f727b has_text_color iconpos_left style_default color_custom align_left\"><div class=\"w-iconbox-icon\" style=\"font-size:2rem;--icon-color:#Ffffff;--icon-bg-color:var(--color-header-transparent-text);\"><i class=\"fas fa-layer-group\"><\/i><\/div><div class=\"w-iconbox-meta\"><h4 class=\"w-iconbox-title\" style=\"font-size:1.5rem;\">Impegno a favore di un maggiore benessere degli animali<\/h4><div class=\"w-iconbox-text\"><p><span style=\"font-weight: 400;\">L'allevamento industriale provoca sofferenze agli animali, inquina l'acqua e il clima e pu\u00f2 mettere in pericolo la nostra salute. Ci impegniamo per una zootecnia regionale adeguata alle specie.<\/span><\/p>\n<\/div><\/div><\/div><\/div><\/div><div class=\"wpb_column vc_column_container\"><div class=\"vc_column-inner\"><div class=\"w-iconbox us_custom_f4639b64 has_text_color iconpos_left style_default color_custom align_left\"><div class=\"w-iconbox-icon\" style=\"font-size:2rem;--icon-color:#Ffffff;--icon-bg-color:var(--color-header-transparent-text);\"><i class=\"fas fa-layer-group\"><\/i><\/div><div class=\"w-iconbox-meta\"><h4 class=\"w-iconbox-title\" style=\"font-size:1.5rem;\">Preservare i paesaggi culturali<\/h4><div class=\"w-iconbox-text\"><p><span style=\"font-weight: 400;\">Le strutture su piccola scala delle nostre aree agricole custodiscono un incredibile tesoro di biodiversit\u00e0 e patrimonio culturale. Riflettono un uso attento delle nostre risorse naturali.<\/span><\/p>\n<\/div><\/div><\/div><\/div><\/div><\/div><div class=\"w-separator size_medium\"><\/div><div class=\"w-btn-wrapper align_left\"><a class=\"w-btn us-btn-style_8 icon_atleft\" href=\"https:\/\/gruene-wiesbaden.de\/it\/kommunalwahl\/#Kapitel1\"><i class=\"fas fa-chevron-circle-right\"><\/i><span class=\"w-btn-label\">Torna alla panoramica<\/span><\/a><\/div><div class=\"w-separator size_medium\"><\/div><\/div><\/div><\/div><\/div><\/section><section class=\"l-section wpb_row height_auto with_img\"><div class=\"l-section-img\" role=\"img\" data-img-width=\"1920\" data-img-height=\"2560\" style=\"background-image: url(https:\/\/gruene-wiesbaden.de\/wp-content\/uploads\/2025\/07\/noaa-SkJG9sNkQVQ-unsplash-scaled.jpg);background-repeat: no-repeat;\"><\/div><div class=\"l-section-overlay\" style=\"background:var(--color-header-top-transparent-bg)\"><\/div><div class=\"l-section-h i-cf\"><div class=\"g-cols vc_row via_grid cols_1 laptops-cols_inherit tablets-cols_inherit mobiles-cols_1 valign_middle type_default stacking_default\" style=\"--columns-gap:1rem;\"><div class=\"wpb_column vc_column_container\"><div class=\"vc_column-inner\"><div class=\"w-separator size_large\"><\/div><div class=\"wpb_text_column background_inside_text\"><div class=\"wpb_wrapper\"><h1>Cosa vogliamo fare specificamente in questo settore<\/h1>\n<\/div><\/div><div class=\"w-separator size_medium\"><\/div><div class=\"w-tabs us_custom_42d693a0 has_text_color style_default switch_click accordion has_scrolling\" style=\"--sections-title-size:1.4rem\"><div class=\"w-tabs-sections titles-align_none icon_chevron cpos_right\"><div class=\"w-tabs-section has_text_color\" id=\"cbba\" style=\"background:var(--color-header-transparent-text);color:var(--color-header-top-text-hover);\"><button class=\"w-tabs-section-header\" aria-controls=\"content-cbba\" aria-expanded=\"false\"><div class=\"w-tabs-section-title\">Sviluppare le nostre foreste periurbane in modo adeguato alle esigenze future<\/div><div class=\"w-tabs-section-control\"><\/div><\/button><div  class=\"w-tabs-section-content\" id=\"content-cbba\"><div class=\"w-tabs-section-content-h i-cf\"><div class=\"wpb_text_column\"><div class=\"wpb_wrapper\"><p><span style=\"font-weight: 400;\">Le foreste sono uno dei nostri pi\u00f9 importanti sistemi di stoccaggio del carbonio, in quanto forniscono aria fresca, protezione delle specie, rinnovamento delle acque sotterranee e attivit\u00e0 ricreative e, ultimo ma non meno importante, forniscono materie prime. La nostra foresta urbana, con la famosa \"Cappella greca\" e l'Opelbad, \u00e8 uno dei punti di riferimento di Wiesbaden, una fonte della nostra qualit\u00e0 della vita ed \u00e8 quindi particolarmente vicina ai nostri cuori. Vogliamo che gli usi concorrenti siano risolti in modo costruttivo e che la foresta sia ulteriormente sviluppata vicino alla natura al fine di rafforzare la resilienza all'aumento delle temperature, alla siccit\u00e0, alle forti piogge e alle tempeste. Questo \u00e8 l'unico modo per mantenere l'effetto di raffreddamento per il centro citt\u00e0. Vogliamo lavorare per rafforzare e rendere visibile il supporto in legno ecologico con i cavalli nella foresta della citt\u00e0. In questo modo, la citt\u00e0 di Wiesbaden pu\u00f2 conservare il prezioso suolo forestale, ridurre il consumo di combustibili fossili e diventare un modello per la cura delle foreste che \u00e8 vicino alla natura tutto l'anno.<\/span><\/p>\n<\/div><\/div><\/div><\/div><\/div><div class=\"w-tabs-section has_text_color\" id=\"hcdd\" style=\"background:var(--color-header-transparent-text);color:var(--color-header-top-text-hover);\"><button class=\"w-tabs-section-header\" aria-controls=\"content-hcdd\" aria-expanded=\"false\"><div class=\"w-tabs-section-title\">Proteggere i suoli come fondamento del nostro futuro<\/div><div class=\"w-tabs-section-control\"><\/div><\/button><div  class=\"w-tabs-section-content\" id=\"content-hcdd\"><div class=\"w-tabs-section-content-h i-cf\"><div class=\"wpb_text_column\"><div class=\"wpb_wrapper\"><p><span style=\"font-weight: 400;\">L'agricoltura ha bisogno di colture sane. Vogliamo rafforzare la protezione del suolo e la gestione rigenerativa in modo che i nostri ecosistemi siano preservati. Sono la base della nostra produzione alimentare regionale e danno un importante contributo alla protezione del clima e alla biodiversit\u00e0. Una futura politica fondiaria deve coniugare aspetti ambientali, sociali ed economici. La perdita di terreno fertile attraverso lo sviluppo e l'impermeabilizzazione \u00e8 irreversibile e quindi da non tollerare. Vogliamo che la citt\u00e0 di Wiesbaden fermi l'ulteriore sigillatura delle strade sterrate. Ove possibile e laddove non vi siano conflitti di utilizzo (ad esempio con le piste ciclabili), le piste da campo dovrebbero invece essere sigillate, in quanto alcune specie selvatiche domestiche si basano su suoli aperti, ad esempio come fonte di materiali da costruzione. Al fine di aumentare la consapevolezza del valore dei suoli vitali, vogliamo che la citt\u00e0 di Wiesbaden metta a disposizione aree urbane per orti comunitari e progetti di permacultura.<\/span><\/p>\n<\/div><\/div><\/div><\/div><\/div><div class=\"w-tabs-section has_text_color\" id=\"ldf7\" style=\"background:var(--color-header-transparent-text);color:var(--color-header-top-text-hover);\"><button class=\"w-tabs-section-header\" aria-controls=\"content-ldf7\" aria-expanded=\"false\"><div class=\"w-tabs-section-title\">Sostegno agli agricoltori<\/div><div class=\"w-tabs-section-control\"><\/div><\/button><div  class=\"w-tabs-section-content\" id=\"content-ldf7\"><div class=\"w-tabs-section-content-h i-cf\"><div class=\"wpb_text_column\"><div class=\"wpb_wrapper\"><p><span style=\"font-weight: 400;\">I nostri agricoltori sono i partner pi\u00f9 importanti per la conservazione dei nostri mezzi di sussistenza naturali e la salvaguardia della nostra alimentazione. Vogliamo un'agricoltura ecologicamente compatibile, economicamente sostenibile e alla portata di tutti. Per raggiungere questo obiettivo, la coltivazione deve essere resiliente ai cambiamenti climatici e agli eventi meteorologici estremi. La conversione all'agricoltura biologica \u00e8 tanto un investimento per il futuro quanto l'introduzione dell'agricoltura digitale. Vogliamo che la citt\u00e0 di Wiesbaden sostenga attivamente gli agricoltori in questi passaggi al fine di fermare ulteriori eredi della corte.<\/span><\/p>\n<\/div><\/div><\/div><\/div><\/div><div class=\"w-tabs-section has_text_color\" id=\"hf15\" style=\"background:var(--color-header-middle-bg);color:var(--color-content-heading);\"><button class=\"w-tabs-section-header\" aria-controls=\"content-hf15\" aria-expanded=\"false\"><div class=\"w-tabs-section-title\">Rafforzare la produzione alimentare regionale<\/div><div class=\"w-tabs-section-control\"><\/div><\/button><div  class=\"w-tabs-section-content\" id=\"content-hf15\"><div class=\"w-tabs-section-content-h i-cf\"><div class=\"wpb_text_column\"><div class=\"wpb_wrapper\"><p><span style=\"font-weight: 400;\">L'agricoltura di Wiesbaden \u00e8 un pilastro della nostra sicurezza alimentare. Le crisi globali dimostrano l'importanza di una produzione alimentare indipendente e resiliente. Allo stesso tempo, riduce il dispendio energetico per il trasporto al consumatore. A tal fine, vogliamo che la citt\u00e0 di Wiesbaden costruisca un'infrastruttura locale e promuova il marketing regionale. Ci\u00f2 include la promozione dei mercati settimanali, specialmente nelle periferie. Sosteniamo il concetto di brevi distanze e di produzione di nuovi alimenti, come l'agricoltura verticale e l'acquaponica.<\/span><\/p>\n<\/div><\/div><\/div><\/div><\/div><div class=\"w-tabs-section has_text_color\" id=\"w02f\" style=\"background:var(--color-header-transparent-text);color:var(--color-header-top-text-hover);\"><button class=\"w-tabs-section-header\" aria-controls=\"content-w02f\" aria-expanded=\"false\"><div class=\"w-tabs-section-title\">Conciliare agricoltura e conservazione della natura<\/div><div class=\"w-tabs-section-control\"><\/div><\/button><div  class=\"w-tabs-section-content\" id=\"content-w02f\"><div class=\"w-tabs-section-content-h i-cf\"><div class=\"wpb_text_column\"><div class=\"wpb_wrapper\"><p><span style=\"font-weight: 400;\">Siamo impegnati in metodi di coltivazione che non richiedono prodotti fitosanitari sintetici e quindi proteggono i suoli, i corpi idrici, la nostra salute e l'intera flora e fauna locale. Laddove ci\u00f2 non sia ancora possibile, vogliamo che siano istituite e ampliate zone costiere prive di fertilizzanti e pesticidi su corsi d'acqua e acque, al fine di ridurre l'apporto di sostanze inquinanti. Per proteggere la biodiversit\u00e0, vogliamo che la citt\u00e0 di Wiesbaden promuova la consapevolezza dell'importanza delle strisce fiorite e delle siepi. In futuro, vogliamo che la gestione del paesaggio sia sempre pi\u00f9 garantita come fonte aggiuntiva di reddito per gli agricoltori.<\/span><\/p>\n<\/div><\/div><\/div><\/div><\/div><div class=\"w-tabs-section has_text_color\" id=\"g15d\" style=\"background:var(--color-header-middle-bg);color:var(--color-header-middle-text);\"><button class=\"w-tabs-section-header\" aria-controls=\"content-g15d\" aria-expanded=\"false\"><div class=\"w-tabs-section-title\">Rafforzare il nostro paesaggio culturale<\/div><div class=\"w-tabs-section-control\"><\/div><\/button><div  class=\"w-tabs-section-content\" id=\"content-g15d\"><div class=\"w-tabs-section-content-h i-cf\"><div class=\"wpb_text_column\"><div class=\"wpb_wrapper\"><p><span style=\"font-weight: 400;\">Frutteti randagi e vigneti coltivati vicino alla natura non solo caratterizzano il nostro paesaggio culturale, ma sono anche habitat indispensabili per numerosi animali e piante, sono tra gli habitat pi\u00f9 ricchi di specie in Europa centrale. Intorno a Wiesbaden c'\u00e8 ancora una grande riserva di vecchi frutteti, il cui status di protezione vogliamo garantire in modo permanente dalla citt\u00e0 di Wiesbaden. Sosteniamo la loro cura e rafforziamo il marketing locale in modo che i prodotti di frutta sparsi possano nuovamente essere apprezzati e l'agricoltura possa essere utile.<\/span><\/p>\n<p><span style=\"font-weight: 400;\">Con sponsorizzazioni di alberi da frutto, campagne di cura e progetti di raccolta, vogliamo aumentare la consapevolezza del valore di questi habitat e attivare l'impegno della societ\u00e0 civile. Vogliamo che la citt\u00e0 sostenga l'impegno della comunit\u00e0 e promuova sponsorizzazioni di frutteti in cui, ad esempio, i residenti del centro citt\u00e0 si prendono cura del frutteto insieme alle persone delle periferie.<\/span><\/p>\n<\/div><\/div><\/div><\/div><\/div><div class=\"w-tabs-section has_text_color\" id=\"y2b1\" style=\"background:var(--color-header-transparent-text);color:var(--color-header-top-text-hover);\"><button class=\"w-tabs-section-header\" aria-controls=\"content-y2b1\" aria-expanded=\"false\"><div class=\"w-tabs-section-title\">Sostenere il dominio di Mechtildshausen in futuro all'interno del WJW<\/div><div class=\"w-tabs-section-control\"><\/div><\/button><div  class=\"w-tabs-section-content\" id=\"content-y2b1\"><div class=\"w-tabs-section-content-h i-cf\"><div class=\"wpb_text_column\"><div class=\"wpb_wrapper\"><p><span style=\"font-weight: 400;\">Con il dominio di Mechtildshausen, la citt\u00e0 di Wiesbaden ha un fiore all'occhiello dell'agricoltura biologica e dell'artigianato che comprende negozi agricoli, gastronomia e maneggi. Fa parte del Wiesbadener Jugendwerkstatt (WJW), che forma giovani e adulti socialmente svantaggiati e offre una vasta gamma di ulteriori opportunit\u00e0 educative. Ci impegniamo a preservare WJW, compreso il dominio di Mechtildshausen, in questa forma.<\/span><\/p>\n<p><span style=\"font-weight: 400;\">Inoltre, vogliamo sperimentare piantagioni adattate al sito e migliorare il trasferimento di conoscenze tra ricerca e pratica agricola. Ecco perch\u00e9 ci impegniamo a creare luoghi di apprendimento per un'agricoltura innovativa, in cui si trasmetta l'esperienza pratica.<\/span><\/p>\n<\/div><\/div><\/div><\/div><\/div><div class=\"w-tabs-section has_text_color\" id=\"d3db\" style=\"background:var(--color-header-transparent-text);color:var(--color-header-top-text-hover);\"><button class=\"w-tabs-section-header\" aria-controls=\"content-d3db\" aria-expanded=\"false\"><div class=\"w-tabs-section-title\">Immergiti nella foresta della citt\u00e0<\/div><div class=\"w-tabs-section-control\"><\/div><\/button><div  class=\"w-tabs-section-content\" id=\"content-d3db\"><div class=\"w-tabs-section-content-h i-cf\"><div class=\"wpb_text_column\"><div class=\"wpb_wrapper\"><p><span style=\"font-weight: 400;\">Le nostre foreste non sono solo ammassi di alberi, sono i polmoni del nostro pianeta e tesori della biodiversit\u00e0.<\/span><\/p>\n<p><span style=\"font-weight: 400;\">Siamo impegnati in un programma di informazione e media che insegna ai bambini e ai giovani in particolare l'importanza della foresta come offerta digitale. Vogliamo rafforzare la cooperazione dei silvicoltori comunali con scuole, asili nido e associazioni ambientaliste. Ci\u00f2 include tour nella foresta, giornate di progetto e offerte di educazione ambientale. Attraverso forme di dialogo tra la citt\u00e0 di Wiesbaden e la popolazione direttamente nella foresta cittadina, vogliamo coinvolgere le persone di Wiesbaden nelle strategie di gestione ecologica delle foreste e utilizzare le loro conoscenze nel contesto di progetti di citizen science.<\/span><\/p>\n<\/div><\/div><\/div><\/div><\/div><div class=\"w-tabs-section has_text_color\" id=\"a4fa\" style=\"background:var(--color-header-transparent-text);color:var(--color-header-top-text-hover);\"><button class=\"w-tabs-section-header\" aria-controls=\"content-a4fa\" aria-expanded=\"false\"><div class=\"w-tabs-section-title\">Progettare le nostre foreste per tutti<\/div><div class=\"w-tabs-section-control\"><\/div><\/button><div  class=\"w-tabs-section-content\" id=\"content-a4fa\"><div class=\"w-tabs-section-content-h i-cf\"><div class=\"wpb_text_column\"><div class=\"wpb_wrapper\"><p><span style=\"font-weight: 400;\">La foresta cittadina \u00e8 una parte indispensabile della nostra patria e un'area ricreativa liberamente accessibile a tutti i cittadini. Vogliamo stabilire l'accessibilit\u00e0 con i trasporti pubblici dal centro della citt\u00e0 e allo stesso tempo proteggere le aree sensibili dalle interruzioni. Sentieri senza barriere, parchi giochi forestali e opportunit\u00e0 ricreative dovrebbero consentire a tutte le persone di vivere la natura in modo rilassato. Vogliamo che la citt\u00e0 si assicuri che le passeggiate nella foresta non conducano attraverso l'area del sensibile gatto selvatico. I cacciatori sono importanti contributori alla progettazione delle foreste. Ci impegniamo a garantire che la caccia sia sempre pi\u00f9 orientata verso criteri ecologici e consenta la rigenerazione naturale delle foreste. Wiesbaden ha quindi introdotto un concetto di caccia ecologica che supporta la conversione delle foreste e allo stesso tempo garantisce metodi di caccia rispettosi del benessere degli animali. Solo se tutti gli utenti delle foreste lavorano insieme possiamo preservare le nostre foreste per il futuro. Ci impegniamo a continuare le certificazioni secondo FSC e Naturland.<\/span><\/p>\n<\/div><\/div><\/div><\/div><\/div><div class=\"w-tabs-section has_text_color\" id=\"x618\" style=\"background:var(--color-header-transparent-text);color:var(--color-header-top-text-hover);\"><button class=\"w-tabs-section-header\" aria-controls=\"content-x618\" aria-expanded=\"false\"><div class=\"w-tabs-section-title\">Promuoviamo il rispetto per gli animali domestici e selvatici<\/div><div class=\"w-tabs-section-control\"><\/div><\/button><div  class=\"w-tabs-section-content\" id=\"content-x618\"><div class=\"w-tabs-section-content-h i-cf\"><div class=\"wpb_text_column\"><div class=\"wpb_wrapper\"><p><span style=\"font-weight: 400;\">Promuoviamo le preoccupazioni del rifugio per animali di Wiesbaden e sosteniamo il Cyperus Park, il parco per animali di Kastel e il fagiano. Sosteniamo l'educazione alla gestione responsabile delle specie animali appena immigrate. Nel centro della citt\u00e0, ci impegniamo per una gestione adeguata alle specie e scientificamente supportata, ad esempio, delle popolazioni di piccioni e nilgani.<\/span><\/p>\n<\/div><\/div><\/div><\/div><\/div><\/div><\/div><div class=\"w-separator size_medium\"><\/div><div class=\"w-btn-wrapper align_left\"><a class=\"w-btn us-btn-style_8 icon_atleft\" href=\"https:\/\/gruene-wiesbaden.de\/it\/kommunalwahl\/#Kapitel1\"><i class=\"fas fa-chevron-circle-right\"><\/i><span class=\"w-btn-label\">Torna alla panoramica<\/span><\/a><\/div><div class=\"w-separator size_large\"><\/div><div class=\"wpb_text_column\"><div class=\"wpb_wrapper\"><h1>Cosa abbiamo gi\u00e0 realizzato<\/h1>\n<\/div><\/div><div class=\"w-separator size_medium\"><\/div><div class=\"w-tabs us_custom_42d693a0 has_text_color style_default switch_click accordion has_scrolling\" style=\"--sections-title-size:1.4rem\"><div class=\"w-tabs-sections titles-align_none icon_chevron cpos_right\"><div class=\"w-tabs-section has_text_color\" id=\"udec\" style=\"background:var(--color-header-transparent-text);color:var(--color-header-top-text-hover);\"><button class=\"w-tabs-section-header\" aria-controls=\"content-udec\" aria-expanded=\"false\"><div class=\"w-tabs-section-title\">Wiesbaden \u00e8 l'area forestale dell'anno 2025<\/div><div class=\"w-tabs-section-control\"><\/div><\/button><div  class=\"w-tabs-section-content\" id=\"content-udec\"><div class=\"w-tabs-section-content-h i-cf\"><div class=\"wpb_text_column\"><div class=\"wpb_wrapper\"><p><span style=\"font-weight: 400;\">La foresta della citt\u00e0 di Wiesbaden ha ricevuto questo premio per il nostro metodo di gestione orientato alla natura e per la certificazione FSC e Naturland di lunga data. Con l'uso mirato di cavalli a dorso di legno nella foresta della citt\u00e0, la citt\u00e0 ha stabilito un modo efficace per combinare ecologia ed economia.<\/span><\/p>\n<\/div><\/div><\/div><\/div><\/div><div class=\"w-tabs-section has_text_color\" id=\"ef84\" style=\"background:var(--color-header-transparent-text);color:var(--color-header-top-text-hover);\"><button class=\"w-tabs-section-header\" aria-controls=\"content-ef84\" aria-expanded=\"false\"><div class=\"w-tabs-section-title\">Selvaggi e boschi - il concetto di caccia di Wiesbaden<\/div><div class=\"w-tabs-section-control\"><\/div><\/button><div  class=\"w-tabs-section-content\" id=\"content-ef84\"><div class=\"w-tabs-section-content-h i-cf\"><div class=\"wpb_text_column\"><div class=\"wpb_wrapper\"><p><span style=\"font-weight: 400;\">Il nostro nuovo concetto di caccia soddisfa le esigenze della foresta e della sua fauna selvatica, nonch\u00e9 le esigenze di caccia contemporanee.<\/span><\/p>\n<\/div><\/div><\/div><\/div><\/div><div class=\"w-tabs-section has_text_color\" id=\"d11c\" style=\"background:var(--color-header-transparent-text);color:var(--color-header-top-text-hover);\"><button class=\"w-tabs-section-header\" aria-controls=\"content-d11c\" aria-expanded=\"false\"><div class=\"w-tabs-section-title\">Le specie animali rare sono conservate<\/div><div class=\"w-tabs-section-control\"><\/div><\/button><div  class=\"w-tabs-section-content\" id=\"content-d11c\"><div class=\"w-tabs-section-content-h i-cf\"><div class=\"wpb_text_column\"><div class=\"wpb_wrapper\"><p><span style=\"font-weight: 400;\">Per le razze di bestiame vecchie e in via di estinzione, la citt\u00e0 di Wiesbaden ha sviluppato il fagiano in un parco dell'arca con un programma completo e offerte educative.<\/span><\/p>\n<\/div><\/div><\/div><\/div><\/div><div class=\"w-tabs-section has_text_color\" id=\"h2d6\" style=\"background:var(--color-header-middle-bg);color:var(--color-content-heading);\"><button class=\"w-tabs-section-header\" aria-controls=\"content-h2d6\" aria-expanded=\"false\"><div class=\"w-tabs-section-title\">L'escursionismo moderno \u00e8 facile<\/div><div class=\"w-tabs-section-control\"><\/div><\/button><div  class=\"w-tabs-section-content\" id=\"content-h2d6\"><div class=\"w-tabs-section-content-h i-cf\"><div class=\"wpb_text_column\"><div class=\"wpb_wrapper\"><p><span style=\"font-weight: 400;\">Insieme al Parco Naturale RheinTaunus, Wiesbaden ha sviluppato un innovativo concetto di percorso e reso accessibili digitalmente 2500 km di sentieri escursionistici.<\/span><\/p>\n<\/div><\/div><\/div><\/div><\/div><div class=\"w-tabs-section has_text_color\" id=\"m477\" style=\"background:var(--color-header-transparent-text);color:var(--color-header-top-text-hover);\"><button class=\"w-tabs-section-header\" aria-controls=\"content-m477\" aria-expanded=\"false\"><div class=\"w-tabs-section-title\">Gestione responsabile della terra di Wiesbaden<\/div><div class=\"w-tabs-section-control\"><\/div><\/button><div  class=\"w-tabs-section-content\" id=\"content-m477\"><div class=\"w-tabs-section-content-h i-cf\"><div class=\"wpb_text_column\"><div class=\"wpb_wrapper\"><p><span style=\"font-weight: 400;\">La pianificazione del paesaggio e la valutazione ambientale per il nuovo piano regolatore e per il piano regionale dell'Assia meridionale creano trasparenza. Essi forniscono una solida base tecnica per le decisioni future, anche e in particolare per i cittadini.<\/span><\/p>\n<\/div><\/div><\/div><\/div><\/div><\/div><\/div><div class=\"w-separator size_medium\"><\/div><div class=\"w-btn-wrapper align_left\"><a class=\"w-btn us-btn-style_8 icon_atleft\" href=\"https:\/\/gruene-wiesbaden.de\/it\/kommunalwahl\/#Kapitel1\"><i class=\"fas fa-chevron-circle-right\"><\/i><span class=\"w-btn-label\">Torna alla panoramica<\/span><\/a><\/div><div class=\"w-separator size_large\"><\/div><\/div><\/div><\/div><\/div><\/section>","protected":false},"excerpt":{"rendered":"L'agricoltura e la silvicoltura sono molto pi\u00f9 di semplici settori economici: sono alla base dei nostri prodotti alimentari, dei nostri paesaggi e del nostro clima. Sia in citt\u00e0 che in campagna: Il modo in cui coltiviamo ha un impatto diretto sulla nostra qualit\u00e0 della vita, sulla nostra salute e sul nostro ambiente. Ci troviamo di fronte alla sfida di creare un...","protected":false},"author":1,"featured_media":1195,"comment_status":"closed","ping_status":"closed","sticky":false,"template":"","format":"standard","meta":{"footnotes":""},"categories":[14],"tags":[],"class_list":["post-1222","post","type-post","status-publish","format-standard","has-post-thumbnail","hentry","category-kapitel-1"],"yoast_head":"<!-- This site is optimized with the Yoast SEO plugin v27.5 - https:\/\/yoast.com\/product\/yoast-seo-wordpress\/ -->\n<title>Land- und Forstwirtschaft - B\u00dcNDNIS 90\/DIE GR\u00dcNEN Wiesbaden<\/title>\n<meta name=\"robots\" content=\"index, follow, max-snippet:-1, max-image-preview:large, max-video-preview:-1\" \/>\n<link rel=\"canonical\" href=\"https:\/\/gruene-wiesbaden.de\/it\/lore-ipsum-samed\/\" \/>\n<meta property=\"og:locale\" content=\"it_IT\" \/>\n<meta property=\"og:type\" content=\"article\" \/>\n<meta property=\"og:title\" content=\"Land- und Forstwirtschaft - B\u00dcNDNIS 90\/DIE GR\u00dcNEN Wiesbaden\" \/>\n<meta property=\"og:url\" content=\"https:\/\/gruene-wiesbaden.de\/it\/lore-ipsum-samed\/\" \/>\n<meta property=\"og:site_name\" content=\"B\u00dcNDNIS 90\/DIE GR\u00dcNEN Wiesbaden\" \/>\n<meta property=\"article:publisher\" content=\"https:\/\/www.facebook.com\/gruene.wi\" \/>\n<meta property=\"article:published_time\" content=\"2025-08-01T20:40:52+00:00\" \/>\n<meta property=\"article:modified_time\" content=\"2026-04-08T20:38:25+00:00\" \/>\n<meta property=\"og:image\" content=\"https:\/\/gruene-wiesbaden.de\/wp-content\/uploads\/2025\/07\/noaa-SkJG9sNkQVQ-unsplash-scaled.jpg\" \/>\n\t<meta property=\"og:image:width\" content=\"1920\" \/>\n\t<meta property=\"og:image:height\" content=\"2560\" \/>\n\t<meta property=\"og:image:type\" content=\"image\/jpeg\" \/>\n<meta name=\"author\" content=\"admin\" \/>\n<meta name=\"twitter:card\" content=\"summary_large_image\" \/>\n<meta name=\"twitter:label1\" content=\"Scritto da\" \/>\n\t<meta name=\"twitter:data1\" content=\"admin\" \/>\n\t<meta name=\"twitter:label2\" content=\"Tempo di lettura stimato\" \/>\n\t<meta name=\"twitter:data2\" content=\"10 minutes\" \/>\n<script type=\"application\/ld+json\" class=\"yoast-schema-graph\">{\"@context\":\"https:\\\/\\\/schema.org\",\"@graph\":[{\"@type\":\"Article\",\"@id\":\"https:\\\/\\\/gruene-wiesbaden.de\\\/lore-ipsum-samed\\\/#article\",\"isPartOf\":{\"@id\":\"https:\\\/\\\/gruene-wiesbaden.de\\\/lore-ipsum-samed\\\/\"},\"author\":{\"name\":\"admin\",\"@id\":\"https:\\\/\\\/gruene-wiesbaden.de\\\/#\\\/schema\\\/person\\\/6785c34779159cd4fd86886bb097afe9\"},\"headline\":\"Land- und Forstwirtschaft\",\"datePublished\":\"2025-08-01T20:40:52+00:00\",\"dateModified\":\"2026-04-08T20:38:25+00:00\",\"mainEntityOfPage\":{\"@id\":\"https:\\\/\\\/gruene-wiesbaden.de\\\/lore-ipsum-samed\\\/\"},\"wordCount\":2860,\"publisher\":{\"@id\":\"https:\\\/\\\/gruene-wiesbaden.de\\\/#organization\"},\"image\":{\"@id\":\"https:\\\/\\\/gruene-wiesbaden.de\\\/lore-ipsum-samed\\\/#primaryimage\"},\"thumbnailUrl\":\"https:\\\/\\\/gruene-wiesbaden.de\\\/wp-content\\\/uploads\\\/2025\\\/07\\\/noaa-SkJG9sNkQVQ-unsplash-scaled.jpg\",\"articleSection\":[\"Kapitel 1\"],\"inLanguage\":\"it-IT\"},{\"@type\":\"WebPage\",\"@id\":\"https:\\\/\\\/gruene-wiesbaden.de\\\/lore-ipsum-samed\\\/\",\"url\":\"https:\\\/\\\/gruene-wiesbaden.de\\\/lore-ipsum-samed\\\/\",\"name\":\"Land- und Forstwirtschaft - B\u00dcNDNIS 90\\\/DIE GR\u00dcNEN Wiesbaden\",\"isPartOf\":{\"@id\":\"https:\\\/\\\/gruene-wiesbaden.de\\\/#website\"},\"primaryImageOfPage\":{\"@id\":\"https:\\\/\\\/gruene-wiesbaden.de\\\/lore-ipsum-samed\\\/#primaryimage\"},\"image\":{\"@id\":\"https:\\\/\\\/gruene-wiesbaden.de\\\/lore-ipsum-samed\\\/#primaryimage\"},\"thumbnailUrl\":\"https:\\\/\\\/gruene-wiesbaden.de\\\/wp-content\\\/uploads\\\/2025\\\/07\\\/noaa-SkJG9sNkQVQ-unsplash-scaled.jpg\",\"datePublished\":\"2025-08-01T20:40:52+00:00\",\"dateModified\":\"2026-04-08T20:38:25+00:00\",\"breadcrumb\":{\"@id\":\"https:\\\/\\\/gruene-wiesbaden.de\\\/lore-ipsum-samed\\\/#breadcrumb\"},\"inLanguage\":\"it-IT\",\"potentialAction\":[{\"@type\":\"ReadAction\",\"target\":[\"https:\\\/\\\/gruene-wiesbaden.de\\\/lore-ipsum-samed\\\/\"]}]},{\"@type\":\"ImageObject\",\"inLanguage\":\"it-IT\",\"@id\":\"https:\\\/\\\/gruene-wiesbaden.de\\\/lore-ipsum-samed\\\/#primaryimage\",\"url\":\"https:\\\/\\\/gruene-wiesbaden.de\\\/wp-content\\\/uploads\\\/2025\\\/07\\\/noaa-SkJG9sNkQVQ-unsplash-scaled.jpg\",\"contentUrl\":\"https:\\\/\\\/gruene-wiesbaden.de\\\/wp-content\\\/uploads\\\/2025\\\/07\\\/noaa-SkJG9sNkQVQ-unsplash-scaled.jpg\",\"width\":1920,\"height\":2560},{\"@type\":\"BreadcrumbList\",\"@id\":\"https:\\\/\\\/gruene-wiesbaden.de\\\/lore-ipsum-samed\\\/#breadcrumb\",\"itemListElement\":[{\"@type\":\"ListItem\",\"position\":1,\"name\":\"Startseite\",\"item\":\"https:\\\/\\\/gruene-wiesbaden.de\\\/\"},{\"@type\":\"ListItem\",\"position\":2,\"name\":\"Land- und Forstwirtschaft\"}]},{\"@type\":\"WebSite\",\"@id\":\"https:\\\/\\\/gruene-wiesbaden.de\\\/#website\",\"url\":\"https:\\\/\\\/gruene-wiesbaden.de\\\/\",\"name\":\"DIE GR\u00dcNEN Wiesbaden\",\"description\":\"\",\"publisher\":{\"@id\":\"https:\\\/\\\/gruene-wiesbaden.de\\\/#organization\"},\"potentialAction\":[{\"@type\":\"SearchAction\",\"target\":{\"@type\":\"EntryPoint\",\"urlTemplate\":\"https:\\\/\\\/gruene-wiesbaden.de\\\/?s={search_term_string}\"},\"query-input\":{\"@type\":\"PropertyValueSpecification\",\"valueRequired\":true,\"valueName\":\"search_term_string\"}}],\"inLanguage\":\"it-IT\"},{\"@type\":\"Organization\",\"@id\":\"https:\\\/\\\/gruene-wiesbaden.de\\\/#organization\",\"name\":\"DIE GR\u00dcNEN Wiesbaden\",\"url\":\"https:\\\/\\\/gruene-wiesbaden.de\\\/\",\"logo\":{\"@type\":\"ImageObject\",\"inLanguage\":\"it-IT\",\"@id\":\"https:\\\/\\\/gruene-wiesbaden.de\\\/#\\\/schema\\\/logo\\\/image\\\/\",\"url\":\"https:\\\/\\\/gruene-wiesbaden-fuer-europa.de\\\/wp-content\\\/uploads\\\/2024\\\/04\\\/Machen-was-zaehlt-5.png\",\"contentUrl\":\"https:\\\/\\\/gruene-wiesbaden-fuer-europa.de\\\/wp-content\\\/uploads\\\/2024\\\/04\\\/Machen-was-zaehlt-5.png\",\"width\":1772,\"height\":1772,\"caption\":\"DIE GR\u00dcNEN Wiesbaden\"},\"image\":{\"@id\":\"https:\\\/\\\/gruene-wiesbaden.de\\\/#\\\/schema\\\/logo\\\/image\\\/\"},\"sameAs\":[\"https:\\\/\\\/www.facebook.com\\\/gruene.wi\",\"https:\\\/\\\/instagram.com\\\/gruene_wi\"]},{\"@type\":\"Person\",\"@id\":\"https:\\\/\\\/gruene-wiesbaden.de\\\/#\\\/schema\\\/person\\\/6785c34779159cd4fd86886bb097afe9\",\"name\":\"admin\",\"sameAs\":[\"http:\\\/\\\/gruene-wiesbaden-fuer-europa.de\"],\"url\":\"https:\\\/\\\/gruene-wiesbaden.de\\\/it\\\/author\\\/admin\\\/\"}]}<\/script>\n<!-- \/ Yoast SEO plugin. -->","yoast_head_json":{"title":"Land- und Forstwirtschaft - B\u00dcNDNIS 90\/DIE GR\u00dcNEN Wiesbaden","robots":{"index":"index","follow":"follow","max-snippet":"max-snippet:-1","max-image-preview":"max-image-preview:large","max-video-preview":"max-video-preview:-1"},"canonical":"https:\/\/gruene-wiesbaden.de\/it\/lore-ipsum-samed\/","og_locale":"it_IT","og_type":"article","og_title":"Land- und Forstwirtschaft - B\u00dcNDNIS 90\/DIE GR\u00dcNEN Wiesbaden","og_url":"https:\/\/gruene-wiesbaden.de\/it\/lore-ipsum-samed\/","og_site_name":"B\u00dcNDNIS 90\/DIE GR\u00dcNEN Wiesbaden","article_publisher":"https:\/\/www.facebook.com\/gruene.wi","article_published_time":"2025-08-01T20:40:52+00:00","article_modified_time":"2026-04-08T20:38:25+00:00","og_image":[{"width":1920,"height":2560,"url":"https:\/\/gruene-wiesbaden.de\/wp-content\/uploads\/2025\/07\/noaa-SkJG9sNkQVQ-unsplash-scaled.jpg","type":"image\/jpeg"}],"author":"admin","twitter_card":"summary_large_image","twitter_misc":{"Scritto da":"admin","Tempo di lettura stimato":"10 minutes"},"schema":{"@context":"https:\/\/schema.org","@graph":[{"@type":"Article","@id":"https:\/\/gruene-wiesbaden.de\/lore-ipsum-samed\/#article","isPartOf":{"@id":"https:\/\/gruene-wiesbaden.de\/lore-ipsum-samed\/"},"author":{"name":"admin","@id":"https:\/\/gruene-wiesbaden.de\/#\/schema\/person\/6785c34779159cd4fd86886bb097afe9"},"headline":"Land- und Forstwirtschaft","datePublished":"2025-08-01T20:40:52+00:00","dateModified":"2026-04-08T20:38:25+00:00","mainEntityOfPage":{"@id":"https:\/\/gruene-wiesbaden.de\/lore-ipsum-samed\/"},"wordCount":2860,"publisher":{"@id":"https:\/\/gruene-wiesbaden.de\/#organization"},"image":{"@id":"https:\/\/gruene-wiesbaden.de\/lore-ipsum-samed\/#primaryimage"},"thumbnailUrl":"https:\/\/gruene-wiesbaden.de\/wp-content\/uploads\/2025\/07\/noaa-SkJG9sNkQVQ-unsplash-scaled.jpg","articleSection":["Kapitel 1"],"inLanguage":"it-IT"},{"@type":"WebPage","@id":"https:\/\/gruene-wiesbaden.de\/lore-ipsum-samed\/","url":"https:\/\/gruene-wiesbaden.de\/lore-ipsum-samed\/","name":"Land- und Forstwirtschaft - B\u00dcNDNIS 90\/DIE GR\u00dcNEN Wiesbaden","isPartOf":{"@id":"https:\/\/gruene-wiesbaden.de\/#website"},"primaryImageOfPage":{"@id":"https:\/\/gruene-wiesbaden.de\/lore-ipsum-samed\/#primaryimage"},"image":{"@id":"https:\/\/gruene-wiesbaden.de\/lore-ipsum-samed\/#primaryimage"},"thumbnailUrl":"https:\/\/gruene-wiesbaden.de\/wp-content\/uploads\/2025\/07\/noaa-SkJG9sNkQVQ-unsplash-scaled.jpg","datePublished":"2025-08-01T20:40:52+00:00","dateModified":"2026-04-08T20:38:25+00:00","breadcrumb":{"@id":"https:\/\/gruene-wiesbaden.de\/lore-ipsum-samed\/#breadcrumb"},"inLanguage":"it-IT","potentialAction":[{"@type":"ReadAction","target":["https:\/\/gruene-wiesbaden.de\/lore-ipsum-samed\/"]}]},{"@type":"ImageObject","inLanguage":"it-IT","@id":"https:\/\/gruene-wiesbaden.de\/lore-ipsum-samed\/#primaryimage","url":"https:\/\/gruene-wiesbaden.de\/wp-content\/uploads\/2025\/07\/noaa-SkJG9sNkQVQ-unsplash-scaled.jpg","contentUrl":"https:\/\/gruene-wiesbaden.de\/wp-content\/uploads\/2025\/07\/noaa-SkJG9sNkQVQ-unsplash-scaled.jpg","width":1920,"height":2560},{"@type":"BreadcrumbList","@id":"https:\/\/gruene-wiesbaden.de\/lore-ipsum-samed\/#breadcrumb","itemListElement":[{"@type":"ListItem","position":1,"name":"Startseite","item":"https:\/\/gruene-wiesbaden.de\/"},{"@type":"ListItem","position":2,"name":"Land- und Forstwirtschaft"}]},{"@type":"WebSite","@id":"https:\/\/gruene-wiesbaden.de\/#website","url":"https:\/\/gruene-wiesbaden.de\/","name":"DIE GR\u00dcNEN Wiesbaden","description":"","publisher":{"@id":"https:\/\/gruene-wiesbaden.de\/#organization"},"potentialAction":[{"@type":"SearchAction","target":{"@type":"EntryPoint","urlTemplate":"https:\/\/gruene-wiesbaden.de\/?s={search_term_string}"},"query-input":{"@type":"PropertyValueSpecification","valueRequired":true,"valueName":"search_term_string"}}],"inLanguage":"it-IT"},{"@type":"Organization","@id":"https:\/\/gruene-wiesbaden.de\/#organization","name":"DIE GR\u00dcNEN Wiesbaden","url":"https:\/\/gruene-wiesbaden.de\/","logo":{"@type":"ImageObject","inLanguage":"it-IT","@id":"https:\/\/gruene-wiesbaden.de\/#\/schema\/logo\/image\/","url":"https:\/\/gruene-wiesbaden-fuer-europa.de\/wp-content\/uploads\/2024\/04\/Machen-was-zaehlt-5.png","contentUrl":"https:\/\/gruene-wiesbaden-fuer-europa.de\/wp-content\/uploads\/2024\/04\/Machen-was-zaehlt-5.png","width":1772,"height":1772,"caption":"DIE GR\u00dcNEN Wiesbaden"},"image":{"@id":"https:\/\/gruene-wiesbaden.de\/#\/schema\/logo\/image\/"},"sameAs":["https:\/\/www.facebook.com\/gruene.wi","https:\/\/instagram.com\/gruene_wi"]},{"@type":"Person","@id":"https:\/\/gruene-wiesbaden.de\/#\/schema\/person\/6785c34779159cd4fd86886bb097afe9","name":"admin","sameAs":["http:\/\/gruene-wiesbaden-fuer-europa.de"],"url":"https:\/\/gruene-wiesbaden.de\/it\/author\/admin\/"}]}},"_links":{"self":[{"href":"https:\/\/gruene-wiesbaden.de\/it\/wp-json\/wp\/v2\/posts\/1222","targetHints":{"allow":["GET"]}}],"collection":[{"href":"https:\/\/gruene-wiesbaden.de\/it\/wp-json\/wp\/v2\/posts"}],"about":[{"href":"https:\/\/gruene-wiesbaden.de\/it\/wp-json\/wp\/v2\/types\/post"}],"author":[{"embeddable":true,"href":"https:\/\/gruene-wiesbaden.de\/it\/wp-json\/wp\/v2\/users\/1"}],"replies":[{"embeddable":true,"href":"https:\/\/gruene-wiesbaden.de\/it\/wp-json\/wp\/v2\/comments?post=1222"}],"version-history":[{"count":15,"href":"https:\/\/gruene-wiesbaden.de\/it\/wp-json\/wp\/v2\/posts\/1222\/revisions"}],"predecessor-version":[{"id":2369,"href":"https:\/\/gruene-wiesbaden.de\/it\/wp-json\/wp\/v2\/posts\/1222\/revisions\/2369"}],"wp:featuredmedia":[{"embeddable":true,"href":"https:\/\/gruene-wiesbaden.de\/it\/wp-json\/wp\/v2\/media\/1195"}],"wp:attachment":[{"href":"https:\/\/gruene-wiesbaden.de\/it\/wp-json\/wp\/v2\/media?parent=1222"}],"wp:term":[{"taxonomy":"category","embeddable":true,"href":"https:\/\/gruene-wiesbaden.de\/it\/wp-json\/wp\/v2\/categories?post=1222"},{"taxonomy":"post_tag","embeddable":true,"href":"https:\/\/gruene-wiesbaden.de\/it\/wp-json\/wp\/v2\/tags?post=1222"}],"curies":[{"name":"wp","href":"https:\/\/api.w.org\/{rel}","templated":true}]}}