{"id":878,"date":"2025-01-30T12:00:03","date_gmt":"2025-01-30T12:00:03","guid":{"rendered":"http:\/\/gruene-wiesbaden.de.w0207e8f.kasserver.com\/?p=878"},"modified":"2025-06-16T21:12:39","modified_gmt":"2025-06-16T21:12:39","slug":"zusammenarbeit_mit_afd_tabubruch","status":"publish","type":"post","link":"https:\/\/gruene-wiesbaden.de\/hr\/zusammenarbeit_mit_afd_tabubruch\/","title":{"rendered":"Zelena Wiesbaden: Suradnja s AfD-om tabu pauza"},"content":{"rendered":"<section class=\"l-section wpb_row height_medium\"><div class=\"l-section-h i-cf\"><div class=\"g-cols vc_row via_grid cols_1 laptops-cols_inherit tablets-cols_inherit mobiles-cols_1 valign_top type_default stacking_default\"><div class=\"wpb_column vc_column_container\"><div class=\"vc_column-inner\"><h2 class=\"w-post-elm post_title entry-title color_link_inherit\">Zelena Wiesbaden: Suradnja s AfD-om tabu pauza<\/h2><div class=\"w-post-elm post_image\"><img loading=\"lazy\" decoding=\"async\" width=\"479\" height=\"600\" src=\"https:\/\/gruene-wiesbaden.de\/wp-content\/uploads\/2025\/03\/Demo-gegen-rechts-479x600.png\" class=\"attachment-large size-large wp-post-image\" alt=\"\" srcset=\"https:\/\/gruene-wiesbaden.de\/wp-content\/uploads\/2025\/03\/Demo-gegen-rechts-479x600.png 479w, https:\/\/gruene-wiesbaden.de\/wp-content\/uploads\/2025\/03\/Demo-gegen-rechts-320x400.png 320w, https:\/\/gruene-wiesbaden.de\/wp-content\/uploads\/2025\/03\/Demo-gegen-rechts.png 1764w\" sizes=\"auto, (max-width: 479px) 100vw, 479px\" \/><\/div><div class=\"w-separator size_medium\"><\/div><div class=\"wpb_text_column\"><div class=\"wpb_wrapper\"><p><strong>Ju\u010dera\u0161nje glasanje u Bundestagu pre\u0161lo je opasnu granicu. CDU je svjesno omogu\u0107io ve\u0107inu s glasovima AfD-a \u2013 prekid s prethodnim demokratskim konsenzusom. \u010cinjenica da se ovaj kolaps brane dogodio dva dana nakon 80. godi\u0161njice oslobo\u0111enja Auschwitza i na dan sje\u0107anja na \u017ertve nacionalsocijalizma u njema\u010dkom Bundestagu \u010dini ga jo\u0161 \u0161okantnijim. <\/strong><\/p>\n<p>Ju\u010dera\u0161nje glasanje u Bundestagu predstavlja zabrinjavaju\u0107u prekretnicu. Demokratska stranka ne smije svjesno postati ovisna o AfD-u kako bi osigurala ve\u0107inu \u2013 to je u suprotnosti s prethodnim politi\u010dkim konsenzusom u Njema\u010dkoj.<\/p>\n<p>CDU je pre\u0161ao crvenu crtu. Svatko tko provodi politi\u010dke projekte glasovima AfD-a promi\u010de njihovu normalizaciju. \u010cinjenica da se to doga\u0111a odmah nakon sredi\u0161njih komemoracija kojima se obilje\u017eavaju zlo\u010dini nacionalsocijalizma vi\u0161e je od politi\u010dkog signala \u2013 to je opasno zaboravljanje povijesti.<\/p>\n<p>Takva suradnja izme\u0111u CDU-a i AfD-a jo\u0161 nije postojala u Wiesbadenu. Odricanje od klasi\u010dno konzervativne politike na federalnoj razini vidljivo je jo\u0161 od vremena kada je Friedrich Merz postao strana\u010dki vo\u0111a CDU-a.<\/p>\n<p>Vodstvo CDU-a i CSU-a sve vi\u0161e slijedi desni\u010darske i populisti\u010dke diskurse. Zbog sve sadr\u017eajnijeg pristupa AfD-u, on normalizira svoje ideje. Takva suradnja, kao \u0161to smo vidjeli iz CDU-a s AfD-om u srijedu, a vjerojatno \u0107e se vidjeti i u petak, dugoro\u010dno ugro\u017eava na\u0161u demokraciju.<\/p>\n<p>Zato pozivamo CDU u Wiesbadenu da kriti\u010dki razmotri politike svojeg saveznog vodstva i da se distancira od desni\u010darskih i populisti\u010dkih tendencija unutar Unije. Demokratske stranke odgovorne su za odbijanje suradnje s desni\u010darskim ekstremistima.<\/p>\n<p><strong>Stoga, zajedno s drugim stranama suradnje u Wiesbadenu, kao i mnogim akterima iz civilnog dru\u0161tva, pozivamo na prosvjed: <\/strong><\/p>\n<p class=\"text-center\" style=\"text-align: center;\"><strong>\"Mi smo vatrozid\" - Demo i more svjetla - Za demokraciju i protiv pomaka na desno <\/strong><br \/>\n<em>31. sije\u010dnja 2025.?? 18:00? Dern\u2019sches Gel\u00e4nde, Wiesbaden<\/em><\/p>\n<\/div><\/div><\/div><\/div><\/div><\/div><\/section>","protected":false},"excerpt":{"rendered":"Zelena Wiesbaden: Ju\u010dera\u0161nje glasanje u Bundestagu pre\u0161lo je opasnu granicu. CDU je svjesno omogu\u0107io ve\u0107inu s glasovima AfD-a \u2013 prekid s prethodnim demokratskim konsenzusom. Da se ta pauza dogodila samo dva dana nakon 80. godi\u0161njice oslobo\u0111enja Auschwitza i na dan...","protected":false},"author":1,"featured_media":920,"comment_status":"closed","ping_status":"closed","sticky":false,"template":"","format":"standard","meta":{"footnotes":""},"categories":[6],"tags":[],"class_list":["post-878","post","type-post","status-publish","format-standard","has-post-thumbnail","hentry","category-veranstaltungen"],"yoast_head":"<!-- This site is optimized with the Yoast SEO plugin v27.5 - https:\/\/yoast.com\/product\/yoast-seo-wordpress\/ -->\n<title>Gr\u00fcne Wiesbaden: Zusammenarbeit mit der AfD ist ein Tabubruch - B\u00dcNDNIS 90\/DIE GR\u00dcNEN Wiesbaden<\/title>\n<meta name=\"robots\" content=\"index, follow, max-snippet:-1, max-image-preview:large, max-video-preview:-1\" \/>\n<link rel=\"canonical\" href=\"https:\/\/gruene-wiesbaden.de\/hr\/zusammenarbeit_mit_afd_tabubruch\/\" \/>\n<meta property=\"og:locale\" content=\"hr_HR\" \/>\n<meta property=\"og:type\" content=\"article\" \/>\n<meta property=\"og:title\" content=\"Gr\u00fcne Wiesbaden: Zusammenarbeit mit der AfD ist ein Tabubruch - B\u00dcNDNIS 90\/DIE GR\u00dcNEN Wiesbaden\" \/>\n<meta property=\"og:url\" content=\"https:\/\/gruene-wiesbaden.de\/hr\/zusammenarbeit_mit_afd_tabubruch\/\" \/>\n<meta property=\"og:site_name\" content=\"B\u00dcNDNIS 90\/DIE GR\u00dcNEN Wiesbaden\" \/>\n<meta property=\"article:publisher\" content=\"https:\/\/www.facebook.com\/gruene.wi\" \/>\n<meta property=\"article:published_time\" content=\"2025-01-30T12:00:03+00:00\" \/>\n<meta property=\"article:modified_time\" content=\"2025-06-16T21:12:39+00:00\" \/>\n<meta property=\"og:image\" content=\"https:\/\/gruene-wiesbaden.de\/wp-content\/uploads\/2025\/03\/Demo-gegen-rechts-479x600.png\" \/>\n\t<meta property=\"og:image:width\" content=\"479\" \/>\n\t<meta property=\"og:image:height\" content=\"600\" \/>\n\t<meta property=\"og:image:type\" content=\"image\/png\" \/>\n<meta name=\"author\" content=\"admin\" \/>\n<meta name=\"twitter:card\" content=\"summary_large_image\" \/>\n<meta name=\"twitter:label1\" content=\"Napisao\/la\" \/>\n\t<meta name=\"twitter:data1\" content=\"admin\" \/>\n\t<meta name=\"twitter:label2\" content=\"Procijenjeno vrijeme \u010ditanja\" \/>\n\t<meta name=\"twitter:data2\" content=\"2 minutes\" \/>\n<script type=\"application\/ld+json\" class=\"yoast-schema-graph\">{\"@context\":\"https:\\\/\\\/schema.org\",\"@graph\":[{\"@type\":\"Article\",\"@id\":\"https:\\\/\\\/gruene-wiesbaden.de\\\/zusammenarbeit_mit_afd_tabubruch\\\/#article\",\"isPartOf\":{\"@id\":\"https:\\\/\\\/gruene-wiesbaden.de\\\/zusammenarbeit_mit_afd_tabubruch\\\/\"},\"author\":{\"name\":\"admin\",\"@id\":\"https:\\\/\\\/gruene-wiesbaden.de\\\/#\\\/schema\\\/person\\\/6785c34779159cd4fd86886bb097afe9\"},\"headline\":\"Gr\u00fcne Wiesbaden: Zusammenarbeit mit der AfD ist ein Tabubruch\",\"datePublished\":\"2025-01-30T12:00:03+00:00\",\"dateModified\":\"2025-06-16T21:12:39+00:00\",\"mainEntityOfPage\":{\"@id\":\"https:\\\/\\\/gruene-wiesbaden.de\\\/zusammenarbeit_mit_afd_tabubruch\\\/\"},\"wordCount\":358,\"publisher\":{\"@id\":\"https:\\\/\\\/gruene-wiesbaden.de\\\/#organization\"},\"image\":{\"@id\":\"https:\\\/\\\/gruene-wiesbaden.de\\\/zusammenarbeit_mit_afd_tabubruch\\\/#primaryimage\"},\"thumbnailUrl\":\"https:\\\/\\\/gruene-wiesbaden.de\\\/wp-content\\\/uploads\\\/2025\\\/03\\\/Demo-gegen-rechts.png\",\"articleSection\":[\"Veranstaltungen\"],\"inLanguage\":\"hr\"},{\"@type\":\"WebPage\",\"@id\":\"https:\\\/\\\/gruene-wiesbaden.de\\\/zusammenarbeit_mit_afd_tabubruch\\\/\",\"url\":\"https:\\\/\\\/gruene-wiesbaden.de\\\/zusammenarbeit_mit_afd_tabubruch\\\/\",\"name\":\"Gr\u00fcne Wiesbaden: Zusammenarbeit mit der AfD ist ein Tabubruch - B\u00dcNDNIS 90\\\/DIE GR\u00dcNEN Wiesbaden\",\"isPartOf\":{\"@id\":\"https:\\\/\\\/gruene-wiesbaden.de\\\/#website\"},\"primaryImageOfPage\":{\"@id\":\"https:\\\/\\\/gruene-wiesbaden.de\\\/zusammenarbeit_mit_afd_tabubruch\\\/#primaryimage\"},\"image\":{\"@id\":\"https:\\\/\\\/gruene-wiesbaden.de\\\/zusammenarbeit_mit_afd_tabubruch\\\/#primaryimage\"},\"thumbnailUrl\":\"https:\\\/\\\/gruene-wiesbaden.de\\\/wp-content\\\/uploads\\\/2025\\\/03\\\/Demo-gegen-rechts.png\",\"datePublished\":\"2025-01-30T12:00:03+00:00\",\"dateModified\":\"2025-06-16T21:12:39+00:00\",\"breadcrumb\":{\"@id\":\"https:\\\/\\\/gruene-wiesbaden.de\\\/zusammenarbeit_mit_afd_tabubruch\\\/#breadcrumb\"},\"inLanguage\":\"hr\",\"potentialAction\":[{\"@type\":\"ReadAction\",\"target\":[\"https:\\\/\\\/gruene-wiesbaden.de\\\/zusammenarbeit_mit_afd_tabubruch\\\/\"]}]},{\"@type\":\"ImageObject\",\"inLanguage\":\"hr\",\"@id\":\"https:\\\/\\\/gruene-wiesbaden.de\\\/zusammenarbeit_mit_afd_tabubruch\\\/#primaryimage\",\"url\":\"https:\\\/\\\/gruene-wiesbaden.de\\\/wp-content\\\/uploads\\\/2025\\\/03\\\/Demo-gegen-rechts.png\",\"contentUrl\":\"https:\\\/\\\/gruene-wiesbaden.de\\\/wp-content\\\/uploads\\\/2025\\\/03\\\/Demo-gegen-rechts.png\",\"width\":1764,\"height\":2208},{\"@type\":\"BreadcrumbList\",\"@id\":\"https:\\\/\\\/gruene-wiesbaden.de\\\/zusammenarbeit_mit_afd_tabubruch\\\/#breadcrumb\",\"itemListElement\":[{\"@type\":\"ListItem\",\"position\":1,\"name\":\"Startseite\",\"item\":\"https:\\\/\\\/gruene-wiesbaden.de\\\/\"},{\"@type\":\"ListItem\",\"position\":2,\"name\":\"Gr\u00fcne Wiesbaden: Zusammenarbeit mit der AfD ist ein Tabubruch\"}]},{\"@type\":\"WebSite\",\"@id\":\"https:\\\/\\\/gruene-wiesbaden.de\\\/#website\",\"url\":\"https:\\\/\\\/gruene-wiesbaden.de\\\/\",\"name\":\"DIE GR\u00dcNEN Wiesbaden\",\"description\":\"\",\"publisher\":{\"@id\":\"https:\\\/\\\/gruene-wiesbaden.de\\\/#organization\"},\"potentialAction\":[{\"@type\":\"SearchAction\",\"target\":{\"@type\":\"EntryPoint\",\"urlTemplate\":\"https:\\\/\\\/gruene-wiesbaden.de\\\/?s={search_term_string}\"},\"query-input\":{\"@type\":\"PropertyValueSpecification\",\"valueRequired\":true,\"valueName\":\"search_term_string\"}}],\"inLanguage\":\"hr\"},{\"@type\":\"Organization\",\"@id\":\"https:\\\/\\\/gruene-wiesbaden.de\\\/#organization\",\"name\":\"DIE GR\u00dcNEN Wiesbaden\",\"url\":\"https:\\\/\\\/gruene-wiesbaden.de\\\/\",\"logo\":{\"@type\":\"ImageObject\",\"inLanguage\":\"hr\",\"@id\":\"https:\\\/\\\/gruene-wiesbaden.de\\\/#\\\/schema\\\/logo\\\/image\\\/\",\"url\":\"https:\\\/\\\/gruene-wiesbaden-fuer-europa.de\\\/wp-content\\\/uploads\\\/2024\\\/04\\\/Machen-was-zaehlt-5.png\",\"contentUrl\":\"https:\\\/\\\/gruene-wiesbaden-fuer-europa.de\\\/wp-content\\\/uploads\\\/2024\\\/04\\\/Machen-was-zaehlt-5.png\",\"width\":1772,\"height\":1772,\"caption\":\"DIE GR\u00dcNEN Wiesbaden\"},\"image\":{\"@id\":\"https:\\\/\\\/gruene-wiesbaden.de\\\/#\\\/schema\\\/logo\\\/image\\\/\"},\"sameAs\":[\"https:\\\/\\\/www.facebook.com\\\/gruene.wi\",\"https:\\\/\\\/instagram.com\\\/gruene_wi\"]},{\"@type\":\"Person\",\"@id\":\"https:\\\/\\\/gruene-wiesbaden.de\\\/#\\\/schema\\\/person\\\/6785c34779159cd4fd86886bb097afe9\",\"name\":\"admin\",\"sameAs\":[\"http:\\\/\\\/gruene-wiesbaden-fuer-europa.de\"],\"url\":\"https:\\\/\\\/gruene-wiesbaden.de\\\/hr\\\/author\\\/admin\\\/\"}]}<\/script>\n<!-- \/ Yoast SEO plugin. -->","yoast_head_json":{"title":"Gr\u00fcne Wiesbaden: Zusammenarbeit mit der AfD ist ein Tabubruch - B\u00dcNDNIS 90\/DIE GR\u00dcNEN Wiesbaden","robots":{"index":"index","follow":"follow","max-snippet":"max-snippet:-1","max-image-preview":"max-image-preview:large","max-video-preview":"max-video-preview:-1"},"canonical":"https:\/\/gruene-wiesbaden.de\/hr\/zusammenarbeit_mit_afd_tabubruch\/","og_locale":"hr_HR","og_type":"article","og_title":"Gr\u00fcne Wiesbaden: Zusammenarbeit mit der AfD ist ein Tabubruch - B\u00dcNDNIS 90\/DIE GR\u00dcNEN Wiesbaden","og_url":"https:\/\/gruene-wiesbaden.de\/hr\/zusammenarbeit_mit_afd_tabubruch\/","og_site_name":"B\u00dcNDNIS 90\/DIE GR\u00dcNEN Wiesbaden","article_publisher":"https:\/\/www.facebook.com\/gruene.wi","article_published_time":"2025-01-30T12:00:03+00:00","article_modified_time":"2025-06-16T21:12:39+00:00","og_image":[{"width":479,"height":600,"url":"https:\/\/gruene-wiesbaden.de\/wp-content\/uploads\/2025\/03\/Demo-gegen-rechts-479x600.png","type":"image\/png"}],"author":"admin","twitter_card":"summary_large_image","twitter_misc":{"Napisao\/la":"admin","Procijenjeno vrijeme \u010ditanja":"2 minutes"},"schema":{"@context":"https:\/\/schema.org","@graph":[{"@type":"Article","@id":"https:\/\/gruene-wiesbaden.de\/zusammenarbeit_mit_afd_tabubruch\/#article","isPartOf":{"@id":"https:\/\/gruene-wiesbaden.de\/zusammenarbeit_mit_afd_tabubruch\/"},"author":{"name":"admin","@id":"https:\/\/gruene-wiesbaden.de\/#\/schema\/person\/6785c34779159cd4fd86886bb097afe9"},"headline":"Gr\u00fcne Wiesbaden: Zusammenarbeit mit der AfD ist ein Tabubruch","datePublished":"2025-01-30T12:00:03+00:00","dateModified":"2025-06-16T21:12:39+00:00","mainEntityOfPage":{"@id":"https:\/\/gruene-wiesbaden.de\/zusammenarbeit_mit_afd_tabubruch\/"},"wordCount":358,"publisher":{"@id":"https:\/\/gruene-wiesbaden.de\/#organization"},"image":{"@id":"https:\/\/gruene-wiesbaden.de\/zusammenarbeit_mit_afd_tabubruch\/#primaryimage"},"thumbnailUrl":"https:\/\/gruene-wiesbaden.de\/wp-content\/uploads\/2025\/03\/Demo-gegen-rechts.png","articleSection":["Veranstaltungen"],"inLanguage":"hr"},{"@type":"WebPage","@id":"https:\/\/gruene-wiesbaden.de\/zusammenarbeit_mit_afd_tabubruch\/","url":"https:\/\/gruene-wiesbaden.de\/zusammenarbeit_mit_afd_tabubruch\/","name":"Gr\u00fcne Wiesbaden: Zusammenarbeit mit der AfD ist ein Tabubruch - B\u00dcNDNIS 90\/DIE GR\u00dcNEN Wiesbaden","isPartOf":{"@id":"https:\/\/gruene-wiesbaden.de\/#website"},"primaryImageOfPage":{"@id":"https:\/\/gruene-wiesbaden.de\/zusammenarbeit_mit_afd_tabubruch\/#primaryimage"},"image":{"@id":"https:\/\/gruene-wiesbaden.de\/zusammenarbeit_mit_afd_tabubruch\/#primaryimage"},"thumbnailUrl":"https:\/\/gruene-wiesbaden.de\/wp-content\/uploads\/2025\/03\/Demo-gegen-rechts.png","datePublished":"2025-01-30T12:00:03+00:00","dateModified":"2025-06-16T21:12:39+00:00","breadcrumb":{"@id":"https:\/\/gruene-wiesbaden.de\/zusammenarbeit_mit_afd_tabubruch\/#breadcrumb"},"inLanguage":"hr","potentialAction":[{"@type":"ReadAction","target":["https:\/\/gruene-wiesbaden.de\/zusammenarbeit_mit_afd_tabubruch\/"]}]},{"@type":"ImageObject","inLanguage":"hr","@id":"https:\/\/gruene-wiesbaden.de\/zusammenarbeit_mit_afd_tabubruch\/#primaryimage","url":"https:\/\/gruene-wiesbaden.de\/wp-content\/uploads\/2025\/03\/Demo-gegen-rechts.png","contentUrl":"https:\/\/gruene-wiesbaden.de\/wp-content\/uploads\/2025\/03\/Demo-gegen-rechts.png","width":1764,"height":2208},{"@type":"BreadcrumbList","@id":"https:\/\/gruene-wiesbaden.de\/zusammenarbeit_mit_afd_tabubruch\/#breadcrumb","itemListElement":[{"@type":"ListItem","position":1,"name":"Startseite","item":"https:\/\/gruene-wiesbaden.de\/"},{"@type":"ListItem","position":2,"name":"Gr\u00fcne Wiesbaden: Zusammenarbeit mit der AfD ist ein Tabubruch"}]},{"@type":"WebSite","@id":"https:\/\/gruene-wiesbaden.de\/#website","url":"https:\/\/gruene-wiesbaden.de\/","name":"DIE GR\u00dcNEN Wiesbaden","description":"","publisher":{"@id":"https:\/\/gruene-wiesbaden.de\/#organization"},"potentialAction":[{"@type":"SearchAction","target":{"@type":"EntryPoint","urlTemplate":"https:\/\/gruene-wiesbaden.de\/?s={search_term_string}"},"query-input":{"@type":"PropertyValueSpecification","valueRequired":true,"valueName":"search_term_string"}}],"inLanguage":"hr"},{"@type":"Organization","@id":"https:\/\/gruene-wiesbaden.de\/#organization","name":"DIE GR\u00dcNEN Wiesbaden","url":"https:\/\/gruene-wiesbaden.de\/","logo":{"@type":"ImageObject","inLanguage":"hr","@id":"https:\/\/gruene-wiesbaden.de\/#\/schema\/logo\/image\/","url":"https:\/\/gruene-wiesbaden-fuer-europa.de\/wp-content\/uploads\/2024\/04\/Machen-was-zaehlt-5.png","contentUrl":"https:\/\/gruene-wiesbaden-fuer-europa.de\/wp-content\/uploads\/2024\/04\/Machen-was-zaehlt-5.png","width":1772,"height":1772,"caption":"DIE GR\u00dcNEN Wiesbaden"},"image":{"@id":"https:\/\/gruene-wiesbaden.de\/#\/schema\/logo\/image\/"},"sameAs":["https:\/\/www.facebook.com\/gruene.wi","https:\/\/instagram.com\/gruene_wi"]},{"@type":"Person","@id":"https:\/\/gruene-wiesbaden.de\/#\/schema\/person\/6785c34779159cd4fd86886bb097afe9","name":"admin","sameAs":["http:\/\/gruene-wiesbaden-fuer-europa.de"],"url":"https:\/\/gruene-wiesbaden.de\/hr\/author\/admin\/"}]}},"_links":{"self":[{"href":"https:\/\/gruene-wiesbaden.de\/hr\/wp-json\/wp\/v2\/posts\/878","targetHints":{"allow":["GET"]}}],"collection":[{"href":"https:\/\/gruene-wiesbaden.de\/hr\/wp-json\/wp\/v2\/posts"}],"about":[{"href":"https:\/\/gruene-wiesbaden.de\/hr\/wp-json\/wp\/v2\/types\/post"}],"author":[{"embeddable":true,"href":"https:\/\/gruene-wiesbaden.de\/hr\/wp-json\/wp\/v2\/users\/1"}],"replies":[{"embeddable":true,"href":"https:\/\/gruene-wiesbaden.de\/hr\/wp-json\/wp\/v2\/comments?post=878"}],"version-history":[{"count":3,"href":"https:\/\/gruene-wiesbaden.de\/hr\/wp-json\/wp\/v2\/posts\/878\/revisions"}],"predecessor-version":[{"id":921,"href":"https:\/\/gruene-wiesbaden.de\/hr\/wp-json\/wp\/v2\/posts\/878\/revisions\/921"}],"wp:featuredmedia":[{"embeddable":true,"href":"https:\/\/gruene-wiesbaden.de\/hr\/wp-json\/wp\/v2\/media\/920"}],"wp:attachment":[{"href":"https:\/\/gruene-wiesbaden.de\/hr\/wp-json\/wp\/v2\/media?parent=878"}],"wp:term":[{"taxonomy":"category","embeddable":true,"href":"https:\/\/gruene-wiesbaden.de\/hr\/wp-json\/wp\/v2\/categories?post=878"},{"taxonomy":"post_tag","embeddable":true,"href":"https:\/\/gruene-wiesbaden.de\/hr\/wp-json\/wp\/v2\/tags?post=878"}],"curies":[{"name":"wp","href":"https:\/\/api.w.org\/{rel}","templated":true}]}}