{"id":1660,"date":"2025-12-01T12:53:02","date_gmt":"2025-12-01T10:53:02","guid":{"rendered":"https:\/\/gruene-wiesbaden.de\/?p=1660"},"modified":"2025-12-01T12:55:39","modified_gmt":"2025-12-01T10:55:39","slug":"mehr-moeglich-machen-fuer-wiesbaden-gruene-wiesbaden-starten-mit-starkem-team-und-zukunftsprogramm-in-den-kommunalwahlkampf-2026","status":"publish","type":"post","link":"https:\/\/gruene-wiesbaden.de\/hr\/mehr-moeglich-machen-fuer-wiesbaden-gruene-wiesbaden-starten-mit-starkem-team-und-zukunftsprogramm-in-den-kommunalwahlkampf-2026\/","title":{"rendered":"MORE POSSIBLE MAKE for Wiesbaden - GREEN Wiesbaden zapo\u010dinje op\u0107insku izbornu kampanju 2026. godine sa sna\u017enim timom i programom za budu\u0107nost"},"content":{"rendered":"<section class=\"l-section wpb_row height_medium\"><div class=\"l-section-h i-cf\"><div class=\"g-cols vc_row via_grid cols_1 laptops-cols_inherit tablets-cols_inherit mobiles-cols_1 valign_top type_default stacking_default\"><div class=\"wpb_column vc_column_container\"><div class=\"vc_column-inner\"><h3 class=\"w-post-elm post_title us_custom_ea76afbe entry-title color_link_inherit\">MORE POSSIBLE MAKE for Wiesbaden - GREEN Wiesbaden zapo\u010dinje op\u0107insku izbornu kampanju 2026. godine sa sna\u017enim timom i programom za budu\u0107nost<\/h3><div class=\"w-post-elm post_image\"><img loading=\"lazy\" decoding=\"async\" width=\"600\" height=\"452\" src=\"https:\/\/gruene-wiesbaden.de\/wp-content\/uploads\/2025\/12\/Bild-GRUeNE-WIESBADEN-600x452.png\" class=\"attachment-large size-large wp-post-image\" alt=\"\" srcset=\"https:\/\/gruene-wiesbaden.de\/wp-content\/uploads\/2025\/12\/Bild-GRUeNE-WIESBADEN-600x452.png 600w, https:\/\/gruene-wiesbaden.de\/wp-content\/uploads\/2025\/12\/Bild-GRUeNE-WIESBADEN-400x302.png 400w, https:\/\/gruene-wiesbaden.de\/wp-content\/uploads\/2025\/12\/Bild-GRUeNE-WIESBADEN-16x12.png 16w, https:\/\/gruene-wiesbaden.de\/wp-content\/uploads\/2025\/12\/Bild-GRUeNE-WIESBADEN.png 968w\" sizes=\"auto, (max-width: 600px) 100vw, 600px\" \/><\/div><div class=\"w-separator size_medium\"><\/div><div class=\"wpb_text_column\"><div class=\"wpb_wrapper\"><p style=\"font-weight: 400;\">Zeleni u Wiesbadenu danas su predstavili svoj izborni program i popis lokalnih izbora 2026. S jakim vodstvom, \u0161irokim timom ve\u0107 iskusnih i novih kandidata, \u017eele nastaviti politi\u010dki oblikovati Wiesbaden u nadolaze\u0107im godinama i u\u010diniti ovaj grad odr\u017eivijim za sve.<\/p>\n<p style=\"font-weight: 400;\"><strong>Zeleni se natje\u010du s raznolikim timom s mnogo mladih lica<\/strong><\/p>\n<p style=\"font-weight: 400;\">Na popisu za gradsko vije\u0107e nalaze se mnoga nova imena, kao i osobe koje su ve\u0107 bile za GREEN Wiesbaden u gradskom vije\u0107u.<\/p>\n<p style=\"font-weight: 400;\">Sa svojim smo popisom \u0161iroko pozicionirani i, zajedno s razli\u010ditim pozadinama, pru\u017eamo stru\u010dno znanje u svim podru\u010djima politika. \u010cinjenica da smo odabrali osam osoba mla\u0111ih od 35 godina kao djelomi\u010dno vrlo iskusne osobe na na\u0161em popisu jasno pokazuje: Ne razmi\u0161ljamo samo o budu\u0107nosti, ve\u0107 je aktivno dovodimo za stol\u201d, ka\u017ee Rebecca Thomas, predsjednica okruga B\u00dcNDNIS 90\/DIE GR\u00dcNEN Wiesbaden.<\/p>\n<p style=\"font-weight: 400;\"><strong>Zeleni u Wiesbadenu \u017eele \"u\u010diniti mogu\u0107im\"<\/strong><\/p>\n<p style=\"font-weight: 400;\">Sa \u0161irokim izbornim programom, Zeleni \u017eele ponuditi ne\u0161to svim dijelovima Wiesbadenovog gradskog dru\u0161tva.<\/p>\n<p style=\"font-weight: 400;\">Rebecca Thomas, predsjednica okruga B\u00dcNDNIS 90\/DIE GR\u00dcNEN Wiesbaden: \u201ePreuzimamo odgovornost za cijeli grad. Ne \u017eelimo biti politi\u010dka sila koja se su\u017eava na pojedina\u010dne interese, ve\u0107 \u017eelimo u\u010diniti grad boljim za sve ljude u Wiesbadenu i dobro ga pozicionirati za budu\u0107nost te ga u\u010diniti mogu\u0107im za sve u Wiesbadenu.\u201d<\/p>\n<p style=\"font-weight: 400;\">Izborni program GREEN Wiesbadena stoga nije strukturiran samo prema podru\u010dju politike, nego i prema ciljnim skupinama kao \u0161to su \u201edjeca, obitelji i samohrani roditelji\u201d ili \u201estariji roditelji\u201d, tako da \u010ditatelji mogu brzo prona\u0107i sadr\u017eaj koji im je posebno relevantan.<\/p>\n<p style=\"font-weight: 400;\">Sljede\u0107e godine bit \u0107e klju\u010dne za Wiesbadenov odgovor na izazove klimatskih promjena, socijalne pravde, mobilnosti i digitalne transformacije. Danas pokazujemo da smo spremni nastaviti preuzimati odgovornost, uz program koji je istodobno ambiciozan i realisti\u010dan. Zala\u017eemo se za politiku koja se hrabro bori kada je ne\u0161to novo potrebno i razvija ono \u0161to postoji kada je dokazala svoju vrijednost. Na\u0161a je vode\u0107a ideja grad koji se ne zaustavlja, ve\u0107 se postupno pobolj\u0161ava \u2013 za sve koji ovdje \u017eive\u201d, ka\u017ee Daniel Schmitt, predsjednik okruga B\u00dcNDNIS 90\/DIE GR\u00dcNEN Wiesbaden.<\/p>\n<p style=\"font-weight: 400;\">Izborni program sastoji se od tri glavna poglavlja i usmjeren je na tri glavna podru\u010dja:<\/p>\n<ol>\n<li><strong>Daljnji razvoj Wiesbadena u grad u kojem svatko mo\u017ee dobro \u017eivjeti:<\/strong> Ovo se poglavlje odnosi na sve infrastrukturne aspekte \u017eivota koji utje\u010du na sve stanovnike Wiesbadena, od usluga stanovanja, mobilnosti, zdravstvene skrbi i skrbi za djecu, kao i digitalnih usluga za gra\u0111ane, do kulturnih i sportskih aktivnosti. Prije svega, fokus je na o\u010duvanju i pobolj\u0161anju kvalitete \u017eivota za sve ljude u Wiesbadenu. S obzirom na klimatsku krizu i izazove budu\u0107nosti koji iz nje proizlaze, Zeleni kombiniraju urbani razvoj sa za\u0161titom klime, prilagodbom klimatskim promjenama i za\u0161titom okoli\u0161a te za\u0161titom stanovni\u0161tva.<\/li>\n<li><strong>Osmi\u0161ljavanje Wiesbadena kao grada u kojem svi pripadaju:<\/strong> GR\u00dcNEN pokazuje da je njihova zabrinutost da sve razli\u010dite dru\u0161tvene skupine s razli\u010ditim stvarnostima, potrebama i perspektivama dobiju politi\u010dku ponudu koja \u0107e Wiesbaden u\u010diniti boljim za njih \u2013 od \u017eena, obitelji, mladih odraslih i starijih osoba do osoba iz zajednice LGBTQAI*, osoba s invaliditetom, osoba s migracijskom povije\u0161\u0107u i osoba u socijalnim krizama.<\/li>\n<li><strong>Osiguravanje budu\u0107e odr\u017eivosti Wiesbadena kao sna\u017ene op\u0107ine<\/strong>: Ovdje GREEN Wiesbaden kombinira mjere za promicanje privla\u010dnosti i snage Wiesbadena kao sveu\u010dili\u0161ne i poslovne lokacije s mjerama za modernizaciju i transformaciju Wiesbadenove infrastrukture kako bi se stvorili pouzdani, funkcionalni i odr\u017eivi uvjeti za Wiesbaden kao poslovnu lokaciju. Zeleni tako\u0111er \u017eele modernizirati upravu, prilagoditi je budu\u0107nosti s ciljem digitalizacije i demografskih promjena te u\u010diniti gradsku upravu privla\u010dnom mladim stru\u010dnjacima kao poslodavcu.<\/li>\n<\/ol>\n<p style=\"font-weight: 400;\"><strong>Gesine Bonnet i Martin Kraft kao vode\u0107i dvojac zelenog tima<\/strong><\/p>\n<p style=\"font-weight: 400;\">Popis za sastanak gradskog vije\u0107a B\u00dcNDNIS 90\/DIE GR\u00dcNEN Wiesbaden vodi Gesine Bonnet i Martin Kraft, koji kombiniraju iskustvo i budu\u0107e perspektive.<\/p>\n<p style=\"font-weight: 400;\">Zala\u017eemo se za politiku kojom se iskori\u0161tavaju mogu\u0107nosti promjene, od energetske tranzicije do strukturne transformacije sredi\u0161ta grada do digitalne transformacije. Na taj na\u010din ja\u010damo svoju poslovnu lokaciju, osiguravamo u\u010dinkovitu administraciju usmjerenu na gra\u0111ane \u010dak i u vrijeme nedostatka kvalificiranih radnika i \u010dinimo na\u0161u dru\u0161tvenu mre\u017eu otpornom na krize\u201d, ka\u017ee Gesine Bonnet. \u201eTo je jedini na\u010din da se prona\u0111u stvarni odgovori na postoje\u0107e zabrinutosti u vezi s budu\u0107no\u0161\u0107u. S druge strane, oni koji vjeruju da je rje\u0161enje ju\u010der u nostalgi\u010dnom stanju zavaravaju ljude.\u201d<\/p>\n<p style=\"font-weight: 400;\">Vode\u0107i kandidat Martin Kraft dodaje: \u201eNa\u0161 grad ima golem potencijal. Me\u0111utim, to se tako\u0111er mora koristiti. Danas svjedo\u010dimo posljedicama zagu\u0161enja obnove posljednjih desetlje\u0107a. Stoga je klju\u010dno da Wiesbaden sada bude spreman za budu\u0107nost, uz ulaganja u klimatski neutralnu opskrbu energijom, \u0161kole i gradske ku\u0107e te prometnu infrastrukturu. \u017delimo iskoristiti za\u0161titu klime kao priliku za urbani razvoj. Primjeri za to su preobrazba trga Alsace u park ili preobrazba Schwalbachera Stra\u00dfea.\u201d<\/p>\n<p style=\"font-weight: 400;\"><strong>Izborni program \u2013 vi\u0161ejezi\u010dni, bez prepreka i prilago\u0111en mobilnim ure\u0111ajima<\/strong><\/p>\n<p style=\"font-weight: 400;\">Uklju\u010deno <a href=\"https:\/\/gruene-wiesbaden.de\/hr\/\">gruene-wiesbaden.de<\/a> Izborni program i lista za gradsko vije\u0107e dostupni su kao PDF datoteke, a izborni program dostupan je i na samoj web stranici.<\/p>\n<p style=\"font-weight: 400;\">Rebecca Thomas isti\u010de: \u201eVa\u017eno nam je da svi razumiju za \u0161to se zala\u017eemo. Zato nudimo na\u0161u web stranicu i izborni program na mnogo razli\u010ditih jezika i radili smo kako bismo na\u0161u web stranicu u\u010dinili \u0161to je vi\u0161e mogu\u0107e bez prepreka i uklju\u010divom. Budu\u0107i da se mnogi ljudi uglavnom koriste svojim pametnim telefonima za dobivanje informacija, va\u017ena nam je bila i \u010ditljivost mobilnih ure\u0111aja.\u201d<\/p>\n<\/div><\/div><\/div><\/div><\/div><\/div><\/section>","protected":false},"excerpt":{"rendered":"MORE POSSIBLE MAKE for Wiesbaden \u2013 GREEN Wiesbaden zapo\u010deo je op\u0107insku izbornu kampanju 2026. sa sna\u017enim timom i programom za budu\u0107nost. Wiesbaden GREEN danas je predstavio svoj izborni program i popis za lokalne izbore 2026. S jakim vodstvom, \u0161irokim timom ve\u0107 iskusnih i novih kandidata, \u017eele nastaviti politi\u010dki podupirati Wiesbaden u nadolaze\u0107im godinama.","protected":false},"author":1,"featured_media":1661,"comment_status":"closed","ping_status":"closed","sticky":false,"template":"","format":"standard","meta":{"footnotes":""},"categories":[8,5],"tags":[],"class_list":["post-1660","post","type-post","status-publish","format-standard","has-post-thumbnail","hentry","category-allgemein","category-wahlen"],"yoast_head":"<!-- This site is optimized with the Yoast SEO plugin v27.5 - https:\/\/yoast.com\/product\/yoast-seo-wordpress\/ -->\n<title>MEHR M\u00d6GLICH MACHEN f\u00fcr Wiesbaden - GR\u00dcNE Wiesbaden starten mit starkem Team und Zukunftsprogramm in den Kommunalwahlkampf 2026 - B\u00dcNDNIS 90\/DIE GR\u00dcNEN Wiesbaden<\/title>\n<meta name=\"robots\" content=\"index, follow, max-snippet:-1, max-image-preview:large, max-video-preview:-1\" \/>\n<link rel=\"canonical\" href=\"https:\/\/gruene-wiesbaden.de\/hr\/mehr-moeglich-machen-fuer-wiesbaden-gruene-wiesbaden-starten-mit-starkem-team-und-zukunftsprogramm-in-den-kommunalwahlkampf-2026\/\" \/>\n<meta property=\"og:locale\" content=\"hr_HR\" \/>\n<meta property=\"og:type\" content=\"article\" \/>\n<meta property=\"og:title\" content=\"MEHR M\u00d6GLICH MACHEN f\u00fcr Wiesbaden - GR\u00dcNE Wiesbaden starten mit starkem Team und Zukunftsprogramm in den Kommunalwahlkampf 2026 - B\u00dcNDNIS 90\/DIE GR\u00dcNEN Wiesbaden\" \/>\n<meta property=\"og:url\" content=\"https:\/\/gruene-wiesbaden.de\/hr\/mehr-moeglich-machen-fuer-wiesbaden-gruene-wiesbaden-starten-mit-starkem-team-und-zukunftsprogramm-in-den-kommunalwahlkampf-2026\/\" \/>\n<meta property=\"og:site_name\" content=\"B\u00dcNDNIS 90\/DIE GR\u00dcNEN Wiesbaden\" \/>\n<meta property=\"article:publisher\" content=\"https:\/\/www.facebook.com\/gruene.wi\" \/>\n<meta property=\"article:published_time\" content=\"2025-12-01T10:53:02+00:00\" \/>\n<meta property=\"article:modified_time\" content=\"2025-12-01T10:55:39+00:00\" \/>\n<meta property=\"og:image\" content=\"https:\/\/gruene-wiesbaden.de\/wp-content\/uploads\/2025\/12\/Bild-GRUeNE-WIESBADEN.png\" \/>\n\t<meta property=\"og:image:width\" content=\"968\" \/>\n\t<meta property=\"og:image:height\" content=\"730\" \/>\n\t<meta property=\"og:image:type\" content=\"image\/png\" \/>\n<meta name=\"author\" content=\"admin\" \/>\n<meta name=\"twitter:card\" content=\"summary_large_image\" \/>\n<meta name=\"twitter:label1\" content=\"Napisao\/la\" \/>\n\t<meta name=\"twitter:data1\" content=\"admin\" \/>\n\t<meta name=\"twitter:label2\" content=\"Procijenjeno vrijeme \u010ditanja\" \/>\n\t<meta name=\"twitter:data2\" content=\"5 minutes\" \/>\n<script type=\"application\/ld+json\" class=\"yoast-schema-graph\">{\"@context\":\"https:\\\/\\\/schema.org\",\"@graph\":[{\"@type\":\"Article\",\"@id\":\"https:\\\/\\\/gruene-wiesbaden.de\\\/mehr-moeglich-machen-fuer-wiesbaden-gruene-wiesbaden-starten-mit-starkem-team-und-zukunftsprogramm-in-den-kommunalwahlkampf-2026\\\/#article\",\"isPartOf\":{\"@id\":\"https:\\\/\\\/gruene-wiesbaden.de\\\/mehr-moeglich-machen-fuer-wiesbaden-gruene-wiesbaden-starten-mit-starkem-team-und-zukunftsprogramm-in-den-kommunalwahlkampf-2026\\\/\"},\"author\":{\"name\":\"admin\",\"@id\":\"https:\\\/\\\/gruene-wiesbaden.de\\\/#\\\/schema\\\/person\\\/6785c34779159cd4fd86886bb097afe9\"},\"headline\":\"MEHR M\u00d6GLICH MACHEN f\u00fcr Wiesbaden &#8211; GR\u00dcNE Wiesbaden starten mit starkem Team und Zukunftsprogramm in den Kommunalwahlkampf 2026\",\"datePublished\":\"2025-12-01T10:53:02+00:00\",\"dateModified\":\"2025-12-01T10:55:39+00:00\",\"mainEntityOfPage\":{\"@id\":\"https:\\\/\\\/gruene-wiesbaden.de\\\/mehr-moeglich-machen-fuer-wiesbaden-gruene-wiesbaden-starten-mit-starkem-team-und-zukunftsprogramm-in-den-kommunalwahlkampf-2026\\\/\"},\"wordCount\":1000,\"publisher\":{\"@id\":\"https:\\\/\\\/gruene-wiesbaden.de\\\/#organization\"},\"image\":{\"@id\":\"https:\\\/\\\/gruene-wiesbaden.de\\\/mehr-moeglich-machen-fuer-wiesbaden-gruene-wiesbaden-starten-mit-starkem-team-und-zukunftsprogramm-in-den-kommunalwahlkampf-2026\\\/#primaryimage\"},\"thumbnailUrl\":\"https:\\\/\\\/gruene-wiesbaden.de\\\/wp-content\\\/uploads\\\/2025\\\/12\\\/Bild-GRUeNE-WIESBADEN.png\",\"articleSection\":[\"Allgemein\",\"Wahlen\"],\"inLanguage\":\"hr\"},{\"@type\":\"WebPage\",\"@id\":\"https:\\\/\\\/gruene-wiesbaden.de\\\/mehr-moeglich-machen-fuer-wiesbaden-gruene-wiesbaden-starten-mit-starkem-team-und-zukunftsprogramm-in-den-kommunalwahlkampf-2026\\\/\",\"url\":\"https:\\\/\\\/gruene-wiesbaden.de\\\/mehr-moeglich-machen-fuer-wiesbaden-gruene-wiesbaden-starten-mit-starkem-team-und-zukunftsprogramm-in-den-kommunalwahlkampf-2026\\\/\",\"name\":\"MEHR M\u00d6GLICH MACHEN f\u00fcr Wiesbaden - GR\u00dcNE Wiesbaden starten mit starkem Team und Zukunftsprogramm in den Kommunalwahlkampf 2026 - B\u00dcNDNIS 90\\\/DIE GR\u00dcNEN Wiesbaden\",\"isPartOf\":{\"@id\":\"https:\\\/\\\/gruene-wiesbaden.de\\\/#website\"},\"primaryImageOfPage\":{\"@id\":\"https:\\\/\\\/gruene-wiesbaden.de\\\/mehr-moeglich-machen-fuer-wiesbaden-gruene-wiesbaden-starten-mit-starkem-team-und-zukunftsprogramm-in-den-kommunalwahlkampf-2026\\\/#primaryimage\"},\"image\":{\"@id\":\"https:\\\/\\\/gruene-wiesbaden.de\\\/mehr-moeglich-machen-fuer-wiesbaden-gruene-wiesbaden-starten-mit-starkem-team-und-zukunftsprogramm-in-den-kommunalwahlkampf-2026\\\/#primaryimage\"},\"thumbnailUrl\":\"https:\\\/\\\/gruene-wiesbaden.de\\\/wp-content\\\/uploads\\\/2025\\\/12\\\/Bild-GRUeNE-WIESBADEN.png\",\"datePublished\":\"2025-12-01T10:53:02+00:00\",\"dateModified\":\"2025-12-01T10:55:39+00:00\",\"breadcrumb\":{\"@id\":\"https:\\\/\\\/gruene-wiesbaden.de\\\/mehr-moeglich-machen-fuer-wiesbaden-gruene-wiesbaden-starten-mit-starkem-team-und-zukunftsprogramm-in-den-kommunalwahlkampf-2026\\\/#breadcrumb\"},\"inLanguage\":\"hr\",\"potentialAction\":[{\"@type\":\"ReadAction\",\"target\":[\"https:\\\/\\\/gruene-wiesbaden.de\\\/mehr-moeglich-machen-fuer-wiesbaden-gruene-wiesbaden-starten-mit-starkem-team-und-zukunftsprogramm-in-den-kommunalwahlkampf-2026\\\/\"]}]},{\"@type\":\"ImageObject\",\"inLanguage\":\"hr\",\"@id\":\"https:\\\/\\\/gruene-wiesbaden.de\\\/mehr-moeglich-machen-fuer-wiesbaden-gruene-wiesbaden-starten-mit-starkem-team-und-zukunftsprogramm-in-den-kommunalwahlkampf-2026\\\/#primaryimage\",\"url\":\"https:\\\/\\\/gruene-wiesbaden.de\\\/wp-content\\\/uploads\\\/2025\\\/12\\\/Bild-GRUeNE-WIESBADEN.png\",\"contentUrl\":\"https:\\\/\\\/gruene-wiesbaden.de\\\/wp-content\\\/uploads\\\/2025\\\/12\\\/Bild-GRUeNE-WIESBADEN.png\",\"width\":968,\"height\":730},{\"@type\":\"BreadcrumbList\",\"@id\":\"https:\\\/\\\/gruene-wiesbaden.de\\\/mehr-moeglich-machen-fuer-wiesbaden-gruene-wiesbaden-starten-mit-starkem-team-und-zukunftsprogramm-in-den-kommunalwahlkampf-2026\\\/#breadcrumb\",\"itemListElement\":[{\"@type\":\"ListItem\",\"position\":1,\"name\":\"Startseite\",\"item\":\"https:\\\/\\\/gruene-wiesbaden.de\\\/\"},{\"@type\":\"ListItem\",\"position\":2,\"name\":\"MEHR M\u00d6GLICH MACHEN f\u00fcr Wiesbaden &#8211; GR\u00dcNE Wiesbaden starten mit starkem Team und Zukunftsprogramm in den Kommunalwahlkampf 2026\"}]},{\"@type\":\"WebSite\",\"@id\":\"https:\\\/\\\/gruene-wiesbaden.de\\\/#website\",\"url\":\"https:\\\/\\\/gruene-wiesbaden.de\\\/\",\"name\":\"DIE GR\u00dcNEN Wiesbaden\",\"description\":\"\",\"publisher\":{\"@id\":\"https:\\\/\\\/gruene-wiesbaden.de\\\/#organization\"},\"potentialAction\":[{\"@type\":\"SearchAction\",\"target\":{\"@type\":\"EntryPoint\",\"urlTemplate\":\"https:\\\/\\\/gruene-wiesbaden.de\\\/?s={search_term_string}\"},\"query-input\":{\"@type\":\"PropertyValueSpecification\",\"valueRequired\":true,\"valueName\":\"search_term_string\"}}],\"inLanguage\":\"hr\"},{\"@type\":\"Organization\",\"@id\":\"https:\\\/\\\/gruene-wiesbaden.de\\\/#organization\",\"name\":\"DIE GR\u00dcNEN Wiesbaden\",\"url\":\"https:\\\/\\\/gruene-wiesbaden.de\\\/\",\"logo\":{\"@type\":\"ImageObject\",\"inLanguage\":\"hr\",\"@id\":\"https:\\\/\\\/gruene-wiesbaden.de\\\/#\\\/schema\\\/logo\\\/image\\\/\",\"url\":\"https:\\\/\\\/gruene-wiesbaden-fuer-europa.de\\\/wp-content\\\/uploads\\\/2024\\\/04\\\/Machen-was-zaehlt-5.png\",\"contentUrl\":\"https:\\\/\\\/gruene-wiesbaden-fuer-europa.de\\\/wp-content\\\/uploads\\\/2024\\\/04\\\/Machen-was-zaehlt-5.png\",\"width\":1772,\"height\":1772,\"caption\":\"DIE GR\u00dcNEN Wiesbaden\"},\"image\":{\"@id\":\"https:\\\/\\\/gruene-wiesbaden.de\\\/#\\\/schema\\\/logo\\\/image\\\/\"},\"sameAs\":[\"https:\\\/\\\/www.facebook.com\\\/gruene.wi\",\"https:\\\/\\\/instagram.com\\\/gruene_wi\"]},{\"@type\":\"Person\",\"@id\":\"https:\\\/\\\/gruene-wiesbaden.de\\\/#\\\/schema\\\/person\\\/6785c34779159cd4fd86886bb097afe9\",\"name\":\"admin\",\"sameAs\":[\"http:\\\/\\\/gruene-wiesbaden-fuer-europa.de\"],\"url\":\"https:\\\/\\\/gruene-wiesbaden.de\\\/hr\\\/author\\\/admin\\\/\"}]}<\/script>\n<!-- \/ Yoast SEO plugin. -->","yoast_head_json":{"title":"MEHR M\u00d6GLICH MACHEN f\u00fcr Wiesbaden - GR\u00dcNE Wiesbaden starten mit starkem Team und Zukunftsprogramm in den Kommunalwahlkampf 2026 - B\u00dcNDNIS 90\/DIE GR\u00dcNEN Wiesbaden","robots":{"index":"index","follow":"follow","max-snippet":"max-snippet:-1","max-image-preview":"max-image-preview:large","max-video-preview":"max-video-preview:-1"},"canonical":"https:\/\/gruene-wiesbaden.de\/hr\/mehr-moeglich-machen-fuer-wiesbaden-gruene-wiesbaden-starten-mit-starkem-team-und-zukunftsprogramm-in-den-kommunalwahlkampf-2026\/","og_locale":"hr_HR","og_type":"article","og_title":"MEHR M\u00d6GLICH MACHEN f\u00fcr Wiesbaden - GR\u00dcNE Wiesbaden starten mit starkem Team und Zukunftsprogramm in den Kommunalwahlkampf 2026 - B\u00dcNDNIS 90\/DIE GR\u00dcNEN Wiesbaden","og_url":"https:\/\/gruene-wiesbaden.de\/hr\/mehr-moeglich-machen-fuer-wiesbaden-gruene-wiesbaden-starten-mit-starkem-team-und-zukunftsprogramm-in-den-kommunalwahlkampf-2026\/","og_site_name":"B\u00dcNDNIS 90\/DIE GR\u00dcNEN Wiesbaden","article_publisher":"https:\/\/www.facebook.com\/gruene.wi","article_published_time":"2025-12-01T10:53:02+00:00","article_modified_time":"2025-12-01T10:55:39+00:00","og_image":[{"width":968,"height":730,"url":"https:\/\/gruene-wiesbaden.de\/wp-content\/uploads\/2025\/12\/Bild-GRUeNE-WIESBADEN.png","type":"image\/png"}],"author":"admin","twitter_card":"summary_large_image","twitter_misc":{"Napisao\/la":"admin","Procijenjeno vrijeme \u010ditanja":"5 minutes"},"schema":{"@context":"https:\/\/schema.org","@graph":[{"@type":"Article","@id":"https:\/\/gruene-wiesbaden.de\/mehr-moeglich-machen-fuer-wiesbaden-gruene-wiesbaden-starten-mit-starkem-team-und-zukunftsprogramm-in-den-kommunalwahlkampf-2026\/#article","isPartOf":{"@id":"https:\/\/gruene-wiesbaden.de\/mehr-moeglich-machen-fuer-wiesbaden-gruene-wiesbaden-starten-mit-starkem-team-und-zukunftsprogramm-in-den-kommunalwahlkampf-2026\/"},"author":{"name":"admin","@id":"https:\/\/gruene-wiesbaden.de\/#\/schema\/person\/6785c34779159cd4fd86886bb097afe9"},"headline":"MEHR M\u00d6GLICH MACHEN f\u00fcr Wiesbaden &#8211; GR\u00dcNE Wiesbaden starten mit starkem Team und Zukunftsprogramm in den Kommunalwahlkampf 2026","datePublished":"2025-12-01T10:53:02+00:00","dateModified":"2025-12-01T10:55:39+00:00","mainEntityOfPage":{"@id":"https:\/\/gruene-wiesbaden.de\/mehr-moeglich-machen-fuer-wiesbaden-gruene-wiesbaden-starten-mit-starkem-team-und-zukunftsprogramm-in-den-kommunalwahlkampf-2026\/"},"wordCount":1000,"publisher":{"@id":"https:\/\/gruene-wiesbaden.de\/#organization"},"image":{"@id":"https:\/\/gruene-wiesbaden.de\/mehr-moeglich-machen-fuer-wiesbaden-gruene-wiesbaden-starten-mit-starkem-team-und-zukunftsprogramm-in-den-kommunalwahlkampf-2026\/#primaryimage"},"thumbnailUrl":"https:\/\/gruene-wiesbaden.de\/wp-content\/uploads\/2025\/12\/Bild-GRUeNE-WIESBADEN.png","articleSection":["Allgemein","Wahlen"],"inLanguage":"hr"},{"@type":"WebPage","@id":"https:\/\/gruene-wiesbaden.de\/mehr-moeglich-machen-fuer-wiesbaden-gruene-wiesbaden-starten-mit-starkem-team-und-zukunftsprogramm-in-den-kommunalwahlkampf-2026\/","url":"https:\/\/gruene-wiesbaden.de\/mehr-moeglich-machen-fuer-wiesbaden-gruene-wiesbaden-starten-mit-starkem-team-und-zukunftsprogramm-in-den-kommunalwahlkampf-2026\/","name":"MEHR M\u00d6GLICH MACHEN f\u00fcr Wiesbaden - GR\u00dcNE Wiesbaden starten mit starkem Team und Zukunftsprogramm in den Kommunalwahlkampf 2026 - B\u00dcNDNIS 90\/DIE GR\u00dcNEN Wiesbaden","isPartOf":{"@id":"https:\/\/gruene-wiesbaden.de\/#website"},"primaryImageOfPage":{"@id":"https:\/\/gruene-wiesbaden.de\/mehr-moeglich-machen-fuer-wiesbaden-gruene-wiesbaden-starten-mit-starkem-team-und-zukunftsprogramm-in-den-kommunalwahlkampf-2026\/#primaryimage"},"image":{"@id":"https:\/\/gruene-wiesbaden.de\/mehr-moeglich-machen-fuer-wiesbaden-gruene-wiesbaden-starten-mit-starkem-team-und-zukunftsprogramm-in-den-kommunalwahlkampf-2026\/#primaryimage"},"thumbnailUrl":"https:\/\/gruene-wiesbaden.de\/wp-content\/uploads\/2025\/12\/Bild-GRUeNE-WIESBADEN.png","datePublished":"2025-12-01T10:53:02+00:00","dateModified":"2025-12-01T10:55:39+00:00","breadcrumb":{"@id":"https:\/\/gruene-wiesbaden.de\/mehr-moeglich-machen-fuer-wiesbaden-gruene-wiesbaden-starten-mit-starkem-team-und-zukunftsprogramm-in-den-kommunalwahlkampf-2026\/#breadcrumb"},"inLanguage":"hr","potentialAction":[{"@type":"ReadAction","target":["https:\/\/gruene-wiesbaden.de\/mehr-moeglich-machen-fuer-wiesbaden-gruene-wiesbaden-starten-mit-starkem-team-und-zukunftsprogramm-in-den-kommunalwahlkampf-2026\/"]}]},{"@type":"ImageObject","inLanguage":"hr","@id":"https:\/\/gruene-wiesbaden.de\/mehr-moeglich-machen-fuer-wiesbaden-gruene-wiesbaden-starten-mit-starkem-team-und-zukunftsprogramm-in-den-kommunalwahlkampf-2026\/#primaryimage","url":"https:\/\/gruene-wiesbaden.de\/wp-content\/uploads\/2025\/12\/Bild-GRUeNE-WIESBADEN.png","contentUrl":"https:\/\/gruene-wiesbaden.de\/wp-content\/uploads\/2025\/12\/Bild-GRUeNE-WIESBADEN.png","width":968,"height":730},{"@type":"BreadcrumbList","@id":"https:\/\/gruene-wiesbaden.de\/mehr-moeglich-machen-fuer-wiesbaden-gruene-wiesbaden-starten-mit-starkem-team-und-zukunftsprogramm-in-den-kommunalwahlkampf-2026\/#breadcrumb","itemListElement":[{"@type":"ListItem","position":1,"name":"Startseite","item":"https:\/\/gruene-wiesbaden.de\/"},{"@type":"ListItem","position":2,"name":"MEHR M\u00d6GLICH MACHEN f\u00fcr Wiesbaden &#8211; GR\u00dcNE Wiesbaden starten mit starkem Team und Zukunftsprogramm in den Kommunalwahlkampf 2026"}]},{"@type":"WebSite","@id":"https:\/\/gruene-wiesbaden.de\/#website","url":"https:\/\/gruene-wiesbaden.de\/","name":"DIE GR\u00dcNEN Wiesbaden","description":"","publisher":{"@id":"https:\/\/gruene-wiesbaden.de\/#organization"},"potentialAction":[{"@type":"SearchAction","target":{"@type":"EntryPoint","urlTemplate":"https:\/\/gruene-wiesbaden.de\/?s={search_term_string}"},"query-input":{"@type":"PropertyValueSpecification","valueRequired":true,"valueName":"search_term_string"}}],"inLanguage":"hr"},{"@type":"Organization","@id":"https:\/\/gruene-wiesbaden.de\/#organization","name":"DIE GR\u00dcNEN Wiesbaden","url":"https:\/\/gruene-wiesbaden.de\/","logo":{"@type":"ImageObject","inLanguage":"hr","@id":"https:\/\/gruene-wiesbaden.de\/#\/schema\/logo\/image\/","url":"https:\/\/gruene-wiesbaden-fuer-europa.de\/wp-content\/uploads\/2024\/04\/Machen-was-zaehlt-5.png","contentUrl":"https:\/\/gruene-wiesbaden-fuer-europa.de\/wp-content\/uploads\/2024\/04\/Machen-was-zaehlt-5.png","width":1772,"height":1772,"caption":"DIE GR\u00dcNEN Wiesbaden"},"image":{"@id":"https:\/\/gruene-wiesbaden.de\/#\/schema\/logo\/image\/"},"sameAs":["https:\/\/www.facebook.com\/gruene.wi","https:\/\/instagram.com\/gruene_wi"]},{"@type":"Person","@id":"https:\/\/gruene-wiesbaden.de\/#\/schema\/person\/6785c34779159cd4fd86886bb097afe9","name":"admin","sameAs":["http:\/\/gruene-wiesbaden-fuer-europa.de"],"url":"https:\/\/gruene-wiesbaden.de\/hr\/author\/admin\/"}]}},"_links":{"self":[{"href":"https:\/\/gruene-wiesbaden.de\/hr\/wp-json\/wp\/v2\/posts\/1660","targetHints":{"allow":["GET"]}}],"collection":[{"href":"https:\/\/gruene-wiesbaden.de\/hr\/wp-json\/wp\/v2\/posts"}],"about":[{"href":"https:\/\/gruene-wiesbaden.de\/hr\/wp-json\/wp\/v2\/types\/post"}],"author":[{"embeddable":true,"href":"https:\/\/gruene-wiesbaden.de\/hr\/wp-json\/wp\/v2\/users\/1"}],"replies":[{"embeddable":true,"href":"https:\/\/gruene-wiesbaden.de\/hr\/wp-json\/wp\/v2\/comments?post=1660"}],"version-history":[{"count":4,"href":"https:\/\/gruene-wiesbaden.de\/hr\/wp-json\/wp\/v2\/posts\/1660\/revisions"}],"predecessor-version":[{"id":1665,"href":"https:\/\/gruene-wiesbaden.de\/hr\/wp-json\/wp\/v2\/posts\/1660\/revisions\/1665"}],"wp:featuredmedia":[{"embeddable":true,"href":"https:\/\/gruene-wiesbaden.de\/hr\/wp-json\/wp\/v2\/media\/1661"}],"wp:attachment":[{"href":"https:\/\/gruene-wiesbaden.de\/hr\/wp-json\/wp\/v2\/media?parent=1660"}],"wp:term":[{"taxonomy":"category","embeddable":true,"href":"https:\/\/gruene-wiesbaden.de\/hr\/wp-json\/wp\/v2\/categories?post=1660"},{"taxonomy":"post_tag","embeddable":true,"href":"https:\/\/gruene-wiesbaden.de\/hr\/wp-json\/wp\/v2\/tags?post=1660"}],"curies":[{"name":"wp","href":"https:\/\/api.w.org\/{rel}","templated":true}]}}