{"id":1382,"date":"2025-11-10T00:34:27","date_gmt":"2025-11-09T22:34:27","guid":{"rendered":"https:\/\/gruene-wiesbaden.de\/?p=1382"},"modified":"2026-04-09T00:32:00","modified_gmt":"2026-04-08T22:32:00","slug":"nachhaltige-infrastruktur-und-waermewende","status":"publish","type":"post","link":"https:\/\/gruene-wiesbaden.de\/hr\/nachhaltige-infrastruktur-und-waermewende\/","title":{"rendered":"Odr\u017eiva infrastruktura i toplinska tranzicija"},"content":{"rendered":"<section class=\"l-section wpb_row height_medium with_img\"><div class=\"l-section-img\" role=\"img\" data-img-width=\"1080\" data-img-height=\"800\" style=\"background-image: url(https:\/\/gruene-wiesbaden.de\/wp-content\/uploads\/2025\/11\/neuer-Verlauf-gruene-wiesbaden.de_-2-e1762709402177.png);\"><\/div><div class=\"l-section-overlay\" style=\"background:var(--color-header-top-transparent-bg)\"><\/div><div class=\"l-section-h i-cf\"><div class=\"g-cols vc_row via_grid cols_1 laptops-cols_inherit tablets-cols_inherit mobiles-cols_1 valign_top type_default stacking_default\"><div class=\"wpb_column vc_column_container\"><div class=\"vc_column-inner\"><h1 class=\"w-post-elm post_title us_custom_a574d586 has_text_color entry-title\">Odr\u017eiva infrastruktura i toplinska tranzicija<\/h1><div class=\"w-separator size_medium\"><\/div><div class=\"g-cols wpb_row via_grid cols_2-1 laptops-cols_inherit tablets-cols_inherit mobiles-cols_1 valign_top type_default stacking_default\" style=\"--columns-gap:3rem;\"><div class=\"wpb_column vc_column_container\"><div class=\"vc_column-inner\"><div class=\"wpb_text_column us_custom_8b3d6790 has_text_color\"><div class=\"wpb_wrapper\"><p><span style=\"font-weight: 400;\">Za\u0161tita klime po\u010dinje na terenu. Upravo op\u0107ine moraju oblikovati toplinsku tranziciju, prometnu tranziciju i prilagodbu klimatskim promjenama u konkretnom smislu, s otpornim projektima, jasnim odlukama i pouzdanom strategijom za sljede\u0107a desetlje\u0107a.<\/span><\/p>\n<p><span style=\"font-weight: 400;\">Istodobno, prijelomi cijevi i o\u0161te\u0107enja kanalizacije pokazuju da je iskori\u0161tena infrastrukturna dividenda iz Gr\u00fcnderzeita i poslijeratnih godina. Zagu\u0161enje obnove ne omogu\u0107uje daljnje ka\u0161njenje. Razlog zbog kojeg danas imamo toliko gradili\u0161ta je taj \u0161to smo imali premalo.<\/span><\/p>\n<p><span style=\"font-weight: 400;\">Veliki je zadatak na\u0161e generacije u\u010diniti Wiesbadenove kanale, cijevi, cijevi i ceste prikladnima za izmijenjene zahtjeve 21. stolje\u0107a.<\/span><\/p>\n<p><span style=\"font-weight: 400;\">Po\u010deli smo sa ovim: s KLIMA_PLAN-om, op\u0107inskim planom grijanja i strate\u0161kim planiranjem infrastrukture. \u017delimo odlu\u010dno nastaviti tim putem \u2013 za grad koji \u0107e sutra nastaviti funkcionirati.<\/span><\/p>\n<\/div><\/div><div class=\"w-separator size_medium\"><\/div><div class=\"w-btn-wrapper align_left\"><a class=\"w-btn us-btn-style_8 icon_atleft\" href=\"https:\/\/gruene-wiesbaden.de\/hr\/kommunalwahl\/#Kapitel3\"><i class=\"fas fa-chevron-circle-right\"><\/i><span class=\"w-btn-label\">Povratak na pregled<\/span><\/a><\/div><\/div><\/div><div class=\"wpb_column vc_column_container\"><div class=\"vc_column-inner\"><div class=\"w-image align_center\"><div class=\"w-image-h\"><img decoding=\"async\" width=\"1920\" height=\"2560\" src=\"https:\/\/gruene-wiesbaden.de\/wp-content\/uploads\/2025\/11\/3.4-Nachhaltige-Infrastruktur-und-Waermewende-scaled.jpg\" class=\"attachment-full size-full\" alt=\"\" loading=\"lazy\" srcset=\"https:\/\/gruene-wiesbaden.de\/wp-content\/uploads\/2025\/11\/3.4-Nachhaltige-Infrastruktur-und-Waermewende-scaled.jpg 1920w, https:\/\/gruene-wiesbaden.de\/wp-content\/uploads\/2025\/11\/3.4-Nachhaltige-Infrastruktur-und-Waermewende-300x400.jpg 300w, https:\/\/gruene-wiesbaden.de\/wp-content\/uploads\/2025\/11\/3.4-Nachhaltige-Infrastruktur-und-Waermewende-450x600.jpg 450w\" sizes=\"auto, (max-width: 1920px) 100vw, 1920px\" \/><\/div><\/div><div class=\"w-separator size_small\"><\/div><\/div><\/div><\/div><div class=\"w-separator size_medium\"><\/div><div class=\"w-separator size_medium\"><\/div><div class=\"wpb_text_column\"><div class=\"wpb_wrapper\"><h1>\u0160to za nas zna\u010di odr\u017eiva infrastruktura i toplinska tranzicija<\/h1>\n<\/div><\/div><div class=\"w-separator size_large\"><\/div><div class=\"g-cols wpb_row via_grid cols_3 laptops-cols_inherit tablets-cols_inherit mobiles-cols_1 valign_top type_default stacking_default\" style=\"--columns-gap:3rem;\"><div class=\"wpb_column vc_column_container\"><div class=\"vc_column-inner\"><div class=\"w-iconbox us_custom_8b3d6790 has_text_color iconpos_left style_default color_custom align_left\"><div class=\"w-iconbox-icon\" style=\"font-size:2rem;--icon-color:#Ffffff;--icon-bg-color:var(--color-header-middle-bg);\"><i class=\"fas fa-layer-group\"><\/i><\/div><div class=\"w-iconbox-meta\"><h4 class=\"w-iconbox-title\" style=\"font-size:1.5rem;\">Priprema Wiesbadena za budu\u0107nost<\/h4><div class=\"w-iconbox-text\"><p><span style=\"font-weight: 400;\">Infrastrukturu Wiesbadena uvodimo u 21. stolje\u0107e, s naglaskom na za\u0161titi klime, digitalnoj povezivosti, obnovljivim izvorima energije, elektrifikaciji prometa i topline, za\u0161titi klime i prilagodbi klimatskim promjenama.<\/span><\/p>\n<\/div><\/div><\/div><\/div><\/div><div class=\"wpb_column vc_column_container\"><div class=\"vc_column-inner\"><div class=\"w-iconbox us_custom_8b3d6790 has_text_color iconpos_left style_default color_custom align_left\"><div class=\"w-iconbox-icon\" style=\"font-size:2rem;--icon-color:#Ffffff;--icon-bg-color:var(--color-header-transparent-text);\"><i class=\"fas fa-layer-group\"><\/i><\/div><div class=\"w-iconbox-meta\"><h4 class=\"w-iconbox-title\" style=\"font-size:1.5rem;\">Poticanje energetske i toplinske tranzicije<\/h4><div class=\"w-iconbox-text\"><p><span style=\"font-weight: 400;\">Konkretno, op\u0107inska za\u0161tita klime zna\u010di opskrbu svih zgrada u na\u0161em gradu energijom i toplinskom energijom iz obnovljivih izvora. Konstantno \u0107emo nastaviti s potrebnom obnovom i pro\u0161irenjem mre\u017ene infrastrukture.<\/span><\/p>\n<\/div><\/div><\/div><\/div><\/div><div class=\"wpb_column vc_column_container\"><div class=\"vc_column-inner\"><div class=\"w-iconbox us_custom_8b3d6790 has_text_color iconpos_left style_default color_custom align_left\"><div class=\"w-iconbox-icon\" style=\"font-size:2rem;--icon-color:#Ffffff;--icon-bg-color:var(--color-header-transparent-text);\"><i class=\"fas fa-layer-group\"><\/i><\/div><div class=\"w-iconbox-meta\"><h4 class=\"w-iconbox-title\" style=\"font-size:1.5rem;\">Odr\u017eavati grad tr\u010danjem<\/h4><div class=\"w-iconbox-text\"><p><span style=\"font-weight: 400;\">Mjere gradnje u velikom gradu tako\u0111er su tako zahtjevne i dugotrajne jer se grad ne mo\u017ee jednostavno paralizirati do zavr\u0161etka. Pristupa\u010dnost stanova, opskrba trgovinama i naravno opskrba vodom i energijom, kao i odvodnja otpadnih voda moraju biti trajno osigurani.<\/span><\/p>\n<\/div><\/div><\/div><\/div><\/div><\/div><div class=\"w-separator size_medium\"><\/div><div class=\"g-cols wpb_row via_grid cols_3 laptops-cols_inherit tablets-cols_inherit mobiles-cols_1 valign_top type_default stacking_default\" style=\"--columns-gap:3rem;\"><div class=\"wpb_column vc_column_container\"><div class=\"vc_column-inner\"><div class=\"w-iconbox us_custom_8b3d6790 has_text_color iconpos_left style_default color_custom align_left\"><div class=\"w-iconbox-icon\" style=\"font-size:2rem;--icon-color:#Ffffff;--icon-bg-color:var(--color-header-middle-bg);\"><i class=\"fas fa-layer-group\"><\/i><\/div><div class=\"w-iconbox-meta\"><h4 class=\"w-iconbox-title\" style=\"font-size:1.5rem;\">Iskori\u0161tavanje sinergija<\/h4><div class=\"w-iconbox-text\"><p><span style=\"font-weight: 400;\">Kako bismo se mogli nositi s obiljem zadataka i financirati ih, \u017eelimo ih poslo\u017eiti kako je potrebno. Nakon \u0161to je cesta rastrgana, cijela infrastruktura ispod nje trebala bi biti obnovljena, a cestovni prostor prilago\u0111en zahtjevima 21. stolje\u0107a.<\/span><\/p>\n<\/div><\/div><\/div><\/div><\/div><div class=\"wpb_column vc_column_container\"><div class=\"vc_column-inner\"><div class=\"w-iconbox us_custom_8b3d6790 has_text_color iconpos_left style_default color_custom align_left\"><div class=\"w-iconbox-icon\" style=\"font-size:2rem;--icon-color:#Ffffff;--icon-bg-color:var(--color-header-transparent-text);\"><i class=\"fas fa-layer-group\"><\/i><\/div><div class=\"w-iconbox-meta\"><h4 class=\"w-iconbox-title\" style=\"font-size:1.5rem;\">Transparentnost mjera<\/h4><div class=\"w-iconbox-text\"><p><span style=\"font-weight: 400;\">Jasne informacije o svrsi, cilju i tijeku gra\u0111evinskih mjera smanjuju ljutnju. Ve\u0107a transparentnost ja\u010da prihva\u0107anje i razumijevanje me\u0111u gra\u0111anima. Ovdje \u017eelimo da grad Wiesbaden jo\u0161 aktivnije komunicira.<\/span><\/p>\n<\/div><\/div><\/div><\/div><\/div><div class=\"wpb_column vc_column_container\"><div class=\"vc_column-inner\"><div class=\"w-iconbox us_custom_8b3d6790 has_text_color iconpos_left style_default color_custom align_left\"><div class=\"w-iconbox-icon\" style=\"font-size:2rem;--icon-color:#Ffffff;--icon-bg-color:var(--color-header-transparent-text);\"><i class=\"fas fa-layer-group\"><\/i><\/div><div class=\"w-iconbox-meta\"><h4 class=\"w-iconbox-title\" style=\"font-size:1.5rem;\">Pove\u0107anje otpornosti prometnog sustava<\/h4><div class=\"w-iconbox-text\"><p><span style=\"font-weight: 400;\">Poreme\u0107aji su sve ja\u010di \u0161to je gu\u0161\u0107i promet automobila. Pje\u0161ice ili biciklom obi\u010dno prolazite bolje, osobito na mnogim gradili\u0161tima. Vozimo preokret u prometu, zala\u017eu\u0107i se za sigurno navo\u0111enje mjesta za pje\u0161a\u010dki i biciklisti\u010dki promet, \u010dine\u0107i sustav robusnijim i otpornijim.<\/span><\/p>\n<\/div><\/div><\/div><\/div><\/div><\/div><div class=\"w-separator size_medium\"><\/div><div class=\"w-btn-wrapper align_left\"><a class=\"w-btn us-btn-style_8 icon_atleft\" href=\"https:\/\/gruene-wiesbaden.de\/hr\/kommunalwahl\/#Kapitel3\"><i class=\"fas fa-chevron-circle-right\"><\/i><span class=\"w-btn-label\">Povratak na pregled<\/span><\/a><\/div><div class=\"w-separator size_medium\"><\/div><\/div><\/div><\/div><\/div><\/section><section class=\"l-section wpb_row height_auto with_img\"><div class=\"l-section-img\" role=\"img\" data-img-width=\"1920\" data-img-height=\"2560\" style=\"background-image: url(https:\/\/gruene-wiesbaden.de\/wp-content\/uploads\/2025\/11\/3.4-Nachhaltige-Infrastruktur-und-Waermewende-scaled.jpg);background-position: top center;background-repeat: no-repeat;\"><\/div><div class=\"l-section-overlay\" style=\"background:var(--color-header-top-transparent-bg)\"><\/div><div class=\"l-section-h i-cf\"><div class=\"g-cols vc_row via_grid cols_1 laptops-cols_inherit tablets-cols_inherit mobiles-cols_1 valign_middle type_default stacking_default\" style=\"--columns-gap:1rem;\"><div class=\"wpb_column vc_column_container\"><div class=\"vc_column-inner\"><div class=\"w-separator size_large\"><\/div><div class=\"wpb_text_column background_inside_text\"><div class=\"wpb_wrapper\"><h1>\u0160to konkretno \u017eelimo u\u010diniti u ovom podru\u010dju<\/h1>\n<\/div><\/div><div class=\"w-separator size_medium\"><\/div><div class=\"w-tabs us_custom_42d693a0 has_text_color style_default switch_click accordion has_scrolling\" style=\"--sections-title-size:1.4rem\"><div class=\"w-tabs-sections titles-align_none icon_chevron cpos_right\"><div class=\"w-tabs-section has_text_color\" id=\"waa5\" style=\"background:var(--color-header-transparent-text);color:var(--color-header-top-text-hover);\"><button class=\"w-tabs-section-header\" aria-controls=\"content-waa5\" aria-expanded=\"false\"><div class=\"w-tabs-section-title\">Odlu\u010dna provedba prelaska na grijanje \u2013 zajedno s gra\u0111anima i poduze\u0107ima<\/div><div class=\"w-tabs-section-control\"><\/div><\/button><div  class=\"w-tabs-section-content\" id=\"content-waa5\"><div class=\"w-tabs-section-content-h i-cf\"><div class=\"wpb_text_column\"><div class=\"wpb_wrapper\"><p><span style=\"font-weight: 400;\">Dono\u0161enje komunalnog plana grijanja najkasnije 2026. po\u010detni je signal za sveobuhvatnu obnovu opskrbe toplinskom energijom u na\u0161em gradu. \u017delimo se dosljedno baviti tim golemim zadatkom i podupirati gra\u0111ane, poduze\u0107a i komunalne slu\u017ebe u u\u010dinkovitom i namjernom poticanju transformacije.<\/span><\/p>\n<p><span style=\"font-weight: 400;\">U tu smo svrhu predani uspostavi zajedni\u010dkog savjetodavnog centra izme\u0111u gradova i mre\u017enih operatora koji pru\u017ea prakti\u010dne informacije s niskim pragom, primjerice o tome kako se zgrade mogu grijati na odr\u017eiv i klimatski prihvatljiv na\u010din. Istodobno pokre\u0107emo toplinsku tranziciju u urbanim svojstvima: \u0160kolama, vrti\u0107ima i javnim tijelima trebalo bi \u0161to prije pru\u017eiti klimatski neutralnu skrb.<\/span><\/p>\n<p><span style=\"font-weight: 400;\">Stoga obnova infrastrukture ne prati samo tehni\u010dki, ve\u0107 i komunikacijski, kao temelj za pouzdanu, socijalno pravednu i klimatski prihvatljivu opskrbu toplinskom energijom u Wiesbadenu.<\/span><\/p>\n<\/div><\/div><\/div><\/div><\/div><div class=\"w-tabs-section has_text_color\" id=\"gbcd\" style=\"background:var(--color-header-transparent-text);color:var(--color-header-top-text-hover);\"><button class=\"w-tabs-section-header\" aria-controls=\"content-gbcd\" aria-expanded=\"false\"><div class=\"w-tabs-section-title\">Pro\u0161irenje centraliziranog grijanja postavlja tempo<\/div><div class=\"w-tabs-section-control\"><\/div><\/button><div  class=\"w-tabs-section-content\" id=\"content-gbcd\"><div class=\"w-tabs-section-content-h i-cf\"><div class=\"wpb_text_column\"><div class=\"wpb_wrapper\"><p><span style=\"font-weight: 400;\">Osim obnove postoje\u0107e infrastrukture, transformacija mre\u017ea tijekom toplinske tranzicije glavna je zada\u0107a sljede\u0107eg desetlje\u0107a. Osobito u povijesnom sredi\u0161tu grada, razvoj centraliziranog grijanja u cijelim \u010detvrtima zahtijevat \u0107e znatne gra\u0111evinske mjere. Stoga smatramo da je korisno koristiti te gra\u0111evinske mjere kao satove za ostatak modernizacije \u2013 ispod (kanala, cijevi, cijevi), na (cestom i plo\u010dnicima) i iznad (sadnja, drve\u0107e, infrastruktura za punjenje) ceste.<\/span><\/p>\n<\/div><\/div><\/div><\/div><\/div><div class=\"w-tabs-section has_text_color\" id=\"zcf1\" style=\"background:var(--color-header-transparent-text);color:var(--color-header-top-text-hover);\"><button class=\"w-tabs-section-header\" aria-controls=\"content-zcf1\" aria-expanded=\"false\"><div class=\"w-tabs-section-title\">Oblikovanje \u0161irenja mre\u017ee i energetske tranzicije na na\u010din koji je kompatibilan s prirodom<\/div><div class=\"w-tabs-section-control\"><\/div><\/button><div  class=\"w-tabs-section-content\" id=\"content-zcf1\"><div class=\"w-tabs-section-content-h i-cf\"><div class=\"wpb_text_column\"><div class=\"wpb_wrapper\"><p><span style=\"font-weight: 400;\">\u0160irenje na\u0161ih elektroenergetskih mre\u017ea klju\u010dno je za uspjeh energetske tranzicije. Za okretanje pogona u prometnom sektoru, kao i za toplinsku tranziciju u stanovima i za pouzdanost opskrbe, apsolutno su potrebni novi vodovi i elektri\u010dni vodovi. \u017delimo da ih grad ostvari u najve\u0107oj mogu\u0107oj harmoniji s prirodom. Odluku o tome gdje i kako \u0107e se te staze graditi (nadzemni vodovi ili podzemne kablove) trebalo bi donijeti posebno na temelju ekolo\u0161kih kriterija. Prednost bi trebalo dati upotrebi i optimizaciji postoje\u0107ih koridora ruta te izbjegavanju uplitanja u osjetljive ekosustave inteligentnim upravljanjem rutama. Podru\u010dja potrebna za to (kao \u0161to su nove trafostanice) namijenjena su pru\u017eanju trajne sekundarne koristi kao \u0161arene livade bogate vrstama. \u017delimo transparentne postupke uz rano uklju\u010divanje svih pogo\u0111enih.<\/span><\/p>\n<\/div><\/div><\/div><\/div><\/div><div class=\"w-tabs-section has_text_color\" id=\"ve35\" style=\"background:var(--color-header-middle-bg);color:var(--color-content-heading);\"><button class=\"w-tabs-section-header\" aria-controls=\"content-ve35\" aria-expanded=\"false\"><div class=\"w-tabs-section-title\">Stvaranje otpornog prometnog sustava<\/div><div class=\"w-tabs-section-control\"><\/div><\/button><div  class=\"w-tabs-section-content\" id=\"content-ve35\"><div class=\"w-tabs-section-content-h i-cf\"><div class=\"wpb_text_column\"><div class=\"wpb_wrapper\"><p><span style=\"font-weight: 400;\">Na\u017ealost, gradili\u0161ta povezana s modernizacijom infrastrukture povezana su sa zna\u010dajnim poreme\u0107ajima u prometu, \u0161to je jo\u0161 drasti\u010dnije \u0161to je vi\u0161e automobilskog prometa u gradu. \u0160to vi\u0161e ljudi upravlja svojim putovanjima bez automobila, to je bolji promet, pa je klju\u010dno osigurati protok, sigurnost i pouzdanost autobusnog, biciklisti\u010dkog i pje\u0161a\u010dkog prometa, \u010dak i tijekom gra\u0111evinskih radova.<\/span><\/p>\n<\/div><\/div><\/div><\/div><\/div><div class=\"w-tabs-section has_text_color\" id=\"pf63\" style=\"background:var(--color-header-transparent-text);color:var(--color-header-top-text-hover);\"><button class=\"w-tabs-section-header\" aria-controls=\"content-pf63\" aria-expanded=\"false\"><div class=\"w-tabs-section-title\">Transparentno komunicirajte<\/div><div class=\"w-tabs-section-control\"><\/div><\/button><div  class=\"w-tabs-section-content\" id=\"content-pf63\"><div class=\"w-tabs-section-content-h i-cf\"><div class=\"wpb_text_column\"><div class=\"wpb_wrapper\"><p><span style=\"font-weight: 400;\">Uznemirenost koja se \u010desto povezuje s gradili\u0161tima tako\u0111er je posljedica nedostatka informacija o svrsi, svrsi i trajanju gra\u0111evinskih radova. Osigurat \u0107emo da javnost bude obavije\u0161tena na svim ve\u0107im gradili\u0161tima na gradili\u0161tu o tome tko tamo radi, za\u0161to i do kada. U tu svrhu trebali bi postojati standardizirani znakovi s najva\u017enijim informacijama.<\/span><\/p>\n<p><span style=\"font-weight: 400;\">Internetska karta gradili\u0161ta trebala bi biti integrirana u digitalni blizanac i omogu\u0107iti najnoviji status postoje\u0107ih gradili\u0161ta, kao i pregled predstoje\u0107ih mjera.<\/span><\/p>\n<\/div><\/div><\/div><\/div><\/div><div class=\"w-tabs-section has_text_color\" id=\"o084\" style=\"background:var(--color-header-middle-bg);color:var(--color-header-middle-text);\"><button class=\"w-tabs-section-header\" aria-controls=\"content-o084\" aria-expanded=\"false\"><div class=\"w-tabs-section-title\">Inteligentno planiranje gradili\u0161ta<\/div><div class=\"w-tabs-section-control\"><\/div><\/button><div  class=\"w-tabs-section-content\" id=\"content-o084\"><div class=\"w-tabs-section-content-h i-cf\"><div class=\"wpb_text_column\"><div class=\"wpb_wrapper\"><p><span style=\"font-weight: 400;\">Gradili\u0161ta su neugodna. Kako bi se o\u0161te\u0107enja zadr\u017eala na najni\u017eoj mogu\u0107oj razini, potrebna je pa\u017eljiva koordinacija svih gra\u0111evinskih mjera. Treba ih koordinirati i planirati tako da se o\u010duvaju prometni tokovi i smanje tro\u0161kovi. Inteligentnim planiranjem smanjujemo optere\u0107enje stanovnika, okoli\u0161a i gospodarstva, kao i utjecaj na kvalitetu \u017eivota u na\u0161em gradu, a istodobno osiguravamo brz i u\u010dinkovit napredak mjera.<\/span><\/p>\n<\/div><\/div><\/div><\/div><\/div><div class=\"w-tabs-section has_text_color\" id=\"v1cc\" style=\"background:var(--color-header-transparent-text);color:var(--color-header-top-text-hover);\"><button class=\"w-tabs-section-header\" aria-controls=\"content-v1cc\" aria-expanded=\"false\"><div class=\"w-tabs-section-title\">Digitalni blizanac \u2013 temelj za pametnu infrastrukturu<\/div><div class=\"w-tabs-section-control\"><\/div><\/button><div  class=\"w-tabs-section-content\" id=\"content-v1cc\"><div class=\"w-tabs-section-content-h i-cf\"><div class=\"wpb_text_column\"><div class=\"wpb_wrapper\"><p><span style=\"font-weight: 400;\">Wiesbaden je 2025. uveo digitalni blizanac, klju\u010dni alat za u\u010dinkovitije, transparentnije i odr\u017eivije planiranje infrastrukture i urbani razvoj. Povezivanjem postoje\u0107ih podataka o prometnim, energetskim, vodnim, klimatskim i gra\u0111evinskim projektima u\u010dinci obilnih ki\u0161a, toplinskih otoka i rizika od poplava mogu se utvrditi u ranoj fazi. Mjere za prilagodbu klimatskim promjenama, za\u0161titu od poplava ili gradsku logistiku mogu se, me\u0111u ostalim, planirati i provoditi ciljano.<\/span><\/p>\n<p><span style=\"font-weight: 400;\">Mi GR\u00dcNE \u017eelimo dosljedno dalje \u0161iriti digitalni blizanac kako bi Wiesbaden postao pionirski grad za umre\u017eenu, klimatski otpornu i odr\u017eivu infrastrukturu.<\/span><\/p>\n<\/div><\/div><\/div><\/div><\/div><\/div><\/div><div class=\"w-separator size_medium\"><\/div><div class=\"w-btn-wrapper align_left\"><a class=\"w-btn us-btn-style_8 icon_atleft\" href=\"https:\/\/gruene-wiesbaden.de\/hr\/kommunalwahl\/#Kapitel3\"><i class=\"fas fa-chevron-circle-right\"><\/i><span class=\"w-btn-label\">Povratak na pregled<\/span><\/a><\/div><div class=\"w-separator size_large\"><\/div><div class=\"wpb_text_column\"><div class=\"wpb_wrapper\"><h1>\u0160to smo ve\u0107 postigli<\/h1>\n<\/div><\/div><div class=\"w-separator size_medium\"><\/div><div class=\"w-tabs us_custom_42d693a0 has_text_color style_default switch_click accordion has_scrolling\" style=\"--sections-title-size:1.4rem\"><div class=\"w-tabs-sections titles-align_none icon_chevron cpos_right\"><div class=\"w-tabs-section has_text_color\" id=\"k407\" style=\"background:var(--color-header-transparent-text);color:var(--color-header-top-text-hover);\"><button class=\"w-tabs-section-header\" aria-controls=\"content-k407\" aria-expanded=\"false\"><div class=\"w-tabs-section-title\">Pioneer u planiranju komunalnog grijanja<\/div><div class=\"w-tabs-section-control\"><\/div><\/button><div  class=\"w-tabs-section-content\" id=\"content-k407\"><div class=\"w-tabs-section-content-h i-cf\"><div class=\"wpb_text_column\"><div class=\"wpb_wrapper\"><p><span style=\"font-weight: 400;\">Wiesbaden je zapo\u010deo s planiranjem grijanja u ranoj fazi kako bi utvrdio kako se u budu\u0107nosti sve zgrade mogu opskrbljivati toplinom na odr\u017eiv i klimatski prihvatljiv na\u010din. U suradnji s Njema\u010dkom agencijom za okoli\u0161 (Umweltamt) i ESWE-om analizirana je potra\u017enja za toplinom na na\u010din specifi\u010dan za ku\u0107u, utvr\u0111eni su potencijalni izvori topline i izra\u0111eni su po\u010detni prijedlozi za podru\u010dja opskrbe. Rezultate mogu vidjeti svi u Digital Twinu.<\/span><\/p>\n<p><span style=\"font-weight: 400;\">Kada se 2026. definiraju podru\u010dja opskrbe i donese plan grijanja, postoji sigurnost planiranja za mre\u017ene operatore i sve vlasnike nekretnina. Na to smo posve\u0107eni. Transparentnim procesom usmjerenim na budu\u0107nost odre\u0111ujemo smjer za prenamjenu na\u0161e opskrbne infrastrukture u sljede\u0107a dva desetlje\u0107a.<\/span><\/p>\n<\/div><\/div><\/div><\/div><\/div><div class=\"w-tabs-section has_text_color\" id=\"f552\" style=\"background:var(--color-header-transparent-text);color:var(--color-header-top-text-hover);\"><button class=\"w-tabs-section-header\" aria-controls=\"content-f552\" aria-expanded=\"false\"><div class=\"w-tabs-section-title\">Redizajn tvrtke Schwalbacher Stra\u00dfe<\/div><div class=\"w-tabs-section-control\"><\/div><\/button><div  class=\"w-tabs-section-content\" id=\"content-f552\"><div class=\"w-tabs-section-content-h i-cf\"><div class=\"wpb_text_column\"><div class=\"wpb_wrapper\"><p><span style=\"font-weight: 400;\">Iskoristili smo priliku i kombinirali teku\u0107e \u0161irenje centraliziranog grijanja i obnovu podzemnih mre\u017ea s temeljnim redizajnom Schwalbacher Stra\u00dfe.<\/span><\/p>\n<p><span style=\"font-weight: 400;\">\u0160iroka prometna os nalik autocesti koja razdvaja Westend i sredi\u0161te grada kona\u010dno postaje propusna i \u017eivahna. Javni prostor bit \u0107e preraspodijeljen, pobolj\u0161at \u0107e se prijelazi za pje\u0161ake, pro\u0161irit \u0107e se \u0161etnice, posadit \u0107e se drve\u0107e, stvoriti zelene povr\u0161ine, postaviti sjedi\u0161ta i stvoriti mogu\u0107nosti za objedovanje na otvorenom. \u0160to se tra\u017eilo od ru\u0161enja visokog mosta, sada provodimo: Asfaltna pustinja postaje odr\u017eivi urbani prostor, atraktivan bulevar koji se spaja umjesto razdvaja.<\/span><\/p>\n<\/div><\/div><\/div><\/div><\/div><div class=\"w-tabs-section has_text_color\" id=\"i687\" style=\"background:var(--color-header-transparent-text);color:var(--color-header-top-text-hover);\"><button class=\"w-tabs-section-header\" aria-controls=\"content-i687\" aria-expanded=\"false\"><div class=\"w-tabs-section-title\">Elektri\u010dno sredi\u0161te na parkirali\u0161tu Els\u00e4sser Platz<\/div><div class=\"w-tabs-section-control\"><\/div><\/button><div  class=\"w-tabs-section-content\" id=\"content-i687\"><div class=\"w-tabs-section-content-h i-cf\"><div class=\"wpb_text_column\"><div class=\"wpb_wrapper\"><p><span style=\"font-weight: 400;\">Potpuno elektrificirana \u010detvrtasta gara\u017ea za Westend izgra\u0111ena je na trgu Alsace, s 429 parkirnih mjesta s vlastitom elektri\u010dnom stanicom za punjenje, uklju\u010duju\u0107i osam stanica za brzo punjenje. Stvara javnu infrastrukturu za punjenje u kojoj je te\u0161ko instalirati privatne zidne kutije. To \u010dini elektromobilnost dostupnom stanarima i stanovnicima susjednog stambenog podru\u010dja bez vlastitog parkirnog mjesta. Parkiranje bicikla, autobusna veza i dobar pristup pje\u0161a\u010dkim stazama olak\u0161avaju staze. Pametno upravljanje popunjeno\u0161\u0107u s prepoznavanjem registarskih plo\u010dica osigurava u\u010dinkovito kori\u0161tenje. Projektom se ja\u010da poticajni zaokret u najgu\u0161\u0107e naseljenoj njema\u010dkoj \u010detvrti i pokazuje kako kombinirati modernu infrastrukturu i klimatski prihvatljivu mobilnost.<\/span><\/p>\n<\/div><\/div><\/div><\/div><\/div><\/div><\/div><div class=\"w-separator size_medium\"><\/div><div class=\"w-btn-wrapper align_left\"><a class=\"w-btn us-btn-style_8 icon_atleft\" href=\"https:\/\/gruene-wiesbaden.de\/hr\/kommunalwahl\/#Kapitel3\"><i class=\"fas fa-chevron-circle-right\"><\/i><span class=\"w-btn-label\">Povratak na pregled<\/span><\/a><\/div><div class=\"w-separator size_large\"><\/div><\/div><\/div><\/div><\/div><\/section>","protected":false},"excerpt":{"rendered":"Odr\u017eiva infrastruktura i toplinska tranzicijaZa\u0161tita klime po\u010dinje na licu mjesta. Upravo op\u0107ine moraju oblikovati toplinsku tranziciju, prometnu tranziciju i prilagodbu klimatskim promjenama u konkretnom smislu, s otpornim projektima, jasnim odlukama i pouzdanom strategijom za sljede\u0107a desetlje\u0107a. Istodobno, prijelomi cijevi i o\u0161te\u0107enja kanalizacije pokazuju da je iskori\u0161tena infrastrukturna dividenda iz Gr\u00fcnderzeita i poslijeratnih godina. Preure\u0111enje zagu\u0161enja ne dopu\u0161ta daljnje ka\u0161njenje....","protected":false},"author":1,"featured_media":1543,"comment_status":"closed","ping_status":"closed","sticky":false,"template":"","format":"standard","meta":{"footnotes":""},"categories":[16],"tags":[],"class_list":["post-1382","post","type-post","status-publish","format-standard","has-post-thumbnail","hentry","category-kapitel-3"],"yoast_head":"<!-- This site is optimized with the Yoast SEO plugin v27.5 - https:\/\/yoast.com\/product\/yoast-seo-wordpress\/ -->\n<title>Nachhaltige Infrastruktur und W\u00e4rmewende - B\u00dcNDNIS 90\/DIE GR\u00dcNEN Wiesbaden<\/title>\n<meta name=\"robots\" content=\"index, follow, max-snippet:-1, max-image-preview:large, max-video-preview:-1\" \/>\n<link rel=\"canonical\" href=\"https:\/\/gruene-wiesbaden.de\/hr\/nachhaltige-infrastruktur-und-waermewende\/\" \/>\n<meta property=\"og:locale\" content=\"hr_HR\" \/>\n<meta property=\"og:type\" content=\"article\" \/>\n<meta property=\"og:title\" content=\"Nachhaltige Infrastruktur und W\u00e4rmewende - B\u00dcNDNIS 90\/DIE GR\u00dcNEN Wiesbaden\" \/>\n<meta property=\"og:url\" content=\"https:\/\/gruene-wiesbaden.de\/hr\/nachhaltige-infrastruktur-und-waermewende\/\" \/>\n<meta property=\"og:site_name\" content=\"B\u00dcNDNIS 90\/DIE GR\u00dcNEN Wiesbaden\" \/>\n<meta property=\"article:publisher\" content=\"https:\/\/www.facebook.com\/gruene.wi\" \/>\n<meta property=\"article:published_time\" content=\"2025-11-09T22:34:27+00:00\" \/>\n<meta property=\"article:modified_time\" content=\"2026-04-08T22:32:00+00:00\" \/>\n<meta property=\"og:image\" content=\"https:\/\/gruene-wiesbaden.de\/wp-content\/uploads\/2025\/11\/3.4-Nachhaltige-Infrastruktur-und-Waermewende-scaled.jpg\" \/>\n\t<meta property=\"og:image:width\" content=\"1920\" \/>\n\t<meta property=\"og:image:height\" content=\"2560\" \/>\n\t<meta property=\"og:image:type\" content=\"image\/jpeg\" \/>\n<meta name=\"author\" content=\"admin\" \/>\n<meta name=\"twitter:card\" content=\"summary_large_image\" \/>\n<meta name=\"twitter:label1\" content=\"Napisao\/la\" \/>\n\t<meta name=\"twitter:data1\" content=\"admin\" \/>\n\t<meta name=\"twitter:label2\" content=\"Procijenjeno vrijeme \u010ditanja\" \/>\n\t<meta name=\"twitter:data2\" content=\"9 minutes\" \/>\n<script type=\"application\/ld+json\" class=\"yoast-schema-graph\">{\"@context\":\"https:\\\/\\\/schema.org\",\"@graph\":[{\"@type\":\"Article\",\"@id\":\"https:\\\/\\\/gruene-wiesbaden.de\\\/nachhaltige-infrastruktur-und-waermewende\\\/#article\",\"isPartOf\":{\"@id\":\"https:\\\/\\\/gruene-wiesbaden.de\\\/nachhaltige-infrastruktur-und-waermewende\\\/\"},\"author\":{\"name\":\"admin\",\"@id\":\"https:\\\/\\\/gruene-wiesbaden.de\\\/#\\\/schema\\\/person\\\/6785c34779159cd4fd86886bb097afe9\"},\"headline\":\"Nachhaltige Infrastruktur und W\u00e4rmewende\",\"datePublished\":\"2025-11-09T22:34:27+00:00\",\"dateModified\":\"2026-04-08T22:32:00+00:00\",\"mainEntityOfPage\":{\"@id\":\"https:\\\/\\\/gruene-wiesbaden.de\\\/nachhaltige-infrastruktur-und-waermewende\\\/\"},\"wordCount\":2433,\"publisher\":{\"@id\":\"https:\\\/\\\/gruene-wiesbaden.de\\\/#organization\"},\"image\":{\"@id\":\"https:\\\/\\\/gruene-wiesbaden.de\\\/nachhaltige-infrastruktur-und-waermewende\\\/#primaryimage\"},\"thumbnailUrl\":\"https:\\\/\\\/gruene-wiesbaden.de\\\/wp-content\\\/uploads\\\/2025\\\/11\\\/3.4-Nachhaltige-Infrastruktur-und-Waermewende-scaled.jpg\",\"articleSection\":[\"Kapitel 3\"],\"inLanguage\":\"hr\"},{\"@type\":\"WebPage\",\"@id\":\"https:\\\/\\\/gruene-wiesbaden.de\\\/nachhaltige-infrastruktur-und-waermewende\\\/\",\"url\":\"https:\\\/\\\/gruene-wiesbaden.de\\\/nachhaltige-infrastruktur-und-waermewende\\\/\",\"name\":\"Nachhaltige Infrastruktur und W\u00e4rmewende - B\u00dcNDNIS 90\\\/DIE GR\u00dcNEN Wiesbaden\",\"isPartOf\":{\"@id\":\"https:\\\/\\\/gruene-wiesbaden.de\\\/#website\"},\"primaryImageOfPage\":{\"@id\":\"https:\\\/\\\/gruene-wiesbaden.de\\\/nachhaltige-infrastruktur-und-waermewende\\\/#primaryimage\"},\"image\":{\"@id\":\"https:\\\/\\\/gruene-wiesbaden.de\\\/nachhaltige-infrastruktur-und-waermewende\\\/#primaryimage\"},\"thumbnailUrl\":\"https:\\\/\\\/gruene-wiesbaden.de\\\/wp-content\\\/uploads\\\/2025\\\/11\\\/3.4-Nachhaltige-Infrastruktur-und-Waermewende-scaled.jpg\",\"datePublished\":\"2025-11-09T22:34:27+00:00\",\"dateModified\":\"2026-04-08T22:32:00+00:00\",\"breadcrumb\":{\"@id\":\"https:\\\/\\\/gruene-wiesbaden.de\\\/nachhaltige-infrastruktur-und-waermewende\\\/#breadcrumb\"},\"inLanguage\":\"hr\",\"potentialAction\":[{\"@type\":\"ReadAction\",\"target\":[\"https:\\\/\\\/gruene-wiesbaden.de\\\/nachhaltige-infrastruktur-und-waermewende\\\/\"]}]},{\"@type\":\"ImageObject\",\"inLanguage\":\"hr\",\"@id\":\"https:\\\/\\\/gruene-wiesbaden.de\\\/nachhaltige-infrastruktur-und-waermewende\\\/#primaryimage\",\"url\":\"https:\\\/\\\/gruene-wiesbaden.de\\\/wp-content\\\/uploads\\\/2025\\\/11\\\/3.4-Nachhaltige-Infrastruktur-und-Waermewende-scaled.jpg\",\"contentUrl\":\"https:\\\/\\\/gruene-wiesbaden.de\\\/wp-content\\\/uploads\\\/2025\\\/11\\\/3.4-Nachhaltige-Infrastruktur-und-Waermewende-scaled.jpg\",\"width\":1920,\"height\":2560},{\"@type\":\"BreadcrumbList\",\"@id\":\"https:\\\/\\\/gruene-wiesbaden.de\\\/nachhaltige-infrastruktur-und-waermewende\\\/#breadcrumb\",\"itemListElement\":[{\"@type\":\"ListItem\",\"position\":1,\"name\":\"Startseite\",\"item\":\"https:\\\/\\\/gruene-wiesbaden.de\\\/\"},{\"@type\":\"ListItem\",\"position\":2,\"name\":\"Nachhaltige Infrastruktur und W\u00e4rmewende\"}]},{\"@type\":\"WebSite\",\"@id\":\"https:\\\/\\\/gruene-wiesbaden.de\\\/#website\",\"url\":\"https:\\\/\\\/gruene-wiesbaden.de\\\/\",\"name\":\"DIE GR\u00dcNEN Wiesbaden\",\"description\":\"\",\"publisher\":{\"@id\":\"https:\\\/\\\/gruene-wiesbaden.de\\\/#organization\"},\"potentialAction\":[{\"@type\":\"SearchAction\",\"target\":{\"@type\":\"EntryPoint\",\"urlTemplate\":\"https:\\\/\\\/gruene-wiesbaden.de\\\/?s={search_term_string}\"},\"query-input\":{\"@type\":\"PropertyValueSpecification\",\"valueRequired\":true,\"valueName\":\"search_term_string\"}}],\"inLanguage\":\"hr\"},{\"@type\":\"Organization\",\"@id\":\"https:\\\/\\\/gruene-wiesbaden.de\\\/#organization\",\"name\":\"DIE GR\u00dcNEN Wiesbaden\",\"url\":\"https:\\\/\\\/gruene-wiesbaden.de\\\/\",\"logo\":{\"@type\":\"ImageObject\",\"inLanguage\":\"hr\",\"@id\":\"https:\\\/\\\/gruene-wiesbaden.de\\\/#\\\/schema\\\/logo\\\/image\\\/\",\"url\":\"https:\\\/\\\/gruene-wiesbaden-fuer-europa.de\\\/wp-content\\\/uploads\\\/2024\\\/04\\\/Machen-was-zaehlt-5.png\",\"contentUrl\":\"https:\\\/\\\/gruene-wiesbaden-fuer-europa.de\\\/wp-content\\\/uploads\\\/2024\\\/04\\\/Machen-was-zaehlt-5.png\",\"width\":1772,\"height\":1772,\"caption\":\"DIE GR\u00dcNEN Wiesbaden\"},\"image\":{\"@id\":\"https:\\\/\\\/gruene-wiesbaden.de\\\/#\\\/schema\\\/logo\\\/image\\\/\"},\"sameAs\":[\"https:\\\/\\\/www.facebook.com\\\/gruene.wi\",\"https:\\\/\\\/instagram.com\\\/gruene_wi\"]},{\"@type\":\"Person\",\"@id\":\"https:\\\/\\\/gruene-wiesbaden.de\\\/#\\\/schema\\\/person\\\/6785c34779159cd4fd86886bb097afe9\",\"name\":\"admin\",\"sameAs\":[\"http:\\\/\\\/gruene-wiesbaden-fuer-europa.de\"],\"url\":\"https:\\\/\\\/gruene-wiesbaden.de\\\/hr\\\/author\\\/admin\\\/\"}]}<\/script>\n<!-- \/ Yoast SEO plugin. -->","yoast_head_json":{"title":"Nachhaltige Infrastruktur und W\u00e4rmewende - B\u00dcNDNIS 90\/DIE GR\u00dcNEN Wiesbaden","robots":{"index":"index","follow":"follow","max-snippet":"max-snippet:-1","max-image-preview":"max-image-preview:large","max-video-preview":"max-video-preview:-1"},"canonical":"https:\/\/gruene-wiesbaden.de\/hr\/nachhaltige-infrastruktur-und-waermewende\/","og_locale":"hr_HR","og_type":"article","og_title":"Nachhaltige Infrastruktur und W\u00e4rmewende - B\u00dcNDNIS 90\/DIE GR\u00dcNEN Wiesbaden","og_url":"https:\/\/gruene-wiesbaden.de\/hr\/nachhaltige-infrastruktur-und-waermewende\/","og_site_name":"B\u00dcNDNIS 90\/DIE GR\u00dcNEN Wiesbaden","article_publisher":"https:\/\/www.facebook.com\/gruene.wi","article_published_time":"2025-11-09T22:34:27+00:00","article_modified_time":"2026-04-08T22:32:00+00:00","og_image":[{"width":1920,"height":2560,"url":"https:\/\/gruene-wiesbaden.de\/wp-content\/uploads\/2025\/11\/3.4-Nachhaltige-Infrastruktur-und-Waermewende-scaled.jpg","type":"image\/jpeg"}],"author":"admin","twitter_card":"summary_large_image","twitter_misc":{"Napisao\/la":"admin","Procijenjeno vrijeme \u010ditanja":"9 minutes"},"schema":{"@context":"https:\/\/schema.org","@graph":[{"@type":"Article","@id":"https:\/\/gruene-wiesbaden.de\/nachhaltige-infrastruktur-und-waermewende\/#article","isPartOf":{"@id":"https:\/\/gruene-wiesbaden.de\/nachhaltige-infrastruktur-und-waermewende\/"},"author":{"name":"admin","@id":"https:\/\/gruene-wiesbaden.de\/#\/schema\/person\/6785c34779159cd4fd86886bb097afe9"},"headline":"Nachhaltige Infrastruktur und W\u00e4rmewende","datePublished":"2025-11-09T22:34:27+00:00","dateModified":"2026-04-08T22:32:00+00:00","mainEntityOfPage":{"@id":"https:\/\/gruene-wiesbaden.de\/nachhaltige-infrastruktur-und-waermewende\/"},"wordCount":2433,"publisher":{"@id":"https:\/\/gruene-wiesbaden.de\/#organization"},"image":{"@id":"https:\/\/gruene-wiesbaden.de\/nachhaltige-infrastruktur-und-waermewende\/#primaryimage"},"thumbnailUrl":"https:\/\/gruene-wiesbaden.de\/wp-content\/uploads\/2025\/11\/3.4-Nachhaltige-Infrastruktur-und-Waermewende-scaled.jpg","articleSection":["Kapitel 3"],"inLanguage":"hr"},{"@type":"WebPage","@id":"https:\/\/gruene-wiesbaden.de\/nachhaltige-infrastruktur-und-waermewende\/","url":"https:\/\/gruene-wiesbaden.de\/nachhaltige-infrastruktur-und-waermewende\/","name":"Nachhaltige Infrastruktur und W\u00e4rmewende - B\u00dcNDNIS 90\/DIE GR\u00dcNEN Wiesbaden","isPartOf":{"@id":"https:\/\/gruene-wiesbaden.de\/#website"},"primaryImageOfPage":{"@id":"https:\/\/gruene-wiesbaden.de\/nachhaltige-infrastruktur-und-waermewende\/#primaryimage"},"image":{"@id":"https:\/\/gruene-wiesbaden.de\/nachhaltige-infrastruktur-und-waermewende\/#primaryimage"},"thumbnailUrl":"https:\/\/gruene-wiesbaden.de\/wp-content\/uploads\/2025\/11\/3.4-Nachhaltige-Infrastruktur-und-Waermewende-scaled.jpg","datePublished":"2025-11-09T22:34:27+00:00","dateModified":"2026-04-08T22:32:00+00:00","breadcrumb":{"@id":"https:\/\/gruene-wiesbaden.de\/nachhaltige-infrastruktur-und-waermewende\/#breadcrumb"},"inLanguage":"hr","potentialAction":[{"@type":"ReadAction","target":["https:\/\/gruene-wiesbaden.de\/nachhaltige-infrastruktur-und-waermewende\/"]}]},{"@type":"ImageObject","inLanguage":"hr","@id":"https:\/\/gruene-wiesbaden.de\/nachhaltige-infrastruktur-und-waermewende\/#primaryimage","url":"https:\/\/gruene-wiesbaden.de\/wp-content\/uploads\/2025\/11\/3.4-Nachhaltige-Infrastruktur-und-Waermewende-scaled.jpg","contentUrl":"https:\/\/gruene-wiesbaden.de\/wp-content\/uploads\/2025\/11\/3.4-Nachhaltige-Infrastruktur-und-Waermewende-scaled.jpg","width":1920,"height":2560},{"@type":"BreadcrumbList","@id":"https:\/\/gruene-wiesbaden.de\/nachhaltige-infrastruktur-und-waermewende\/#breadcrumb","itemListElement":[{"@type":"ListItem","position":1,"name":"Startseite","item":"https:\/\/gruene-wiesbaden.de\/"},{"@type":"ListItem","position":2,"name":"Nachhaltige Infrastruktur und W\u00e4rmewende"}]},{"@type":"WebSite","@id":"https:\/\/gruene-wiesbaden.de\/#website","url":"https:\/\/gruene-wiesbaden.de\/","name":"DIE GR\u00dcNEN Wiesbaden","description":"","publisher":{"@id":"https:\/\/gruene-wiesbaden.de\/#organization"},"potentialAction":[{"@type":"SearchAction","target":{"@type":"EntryPoint","urlTemplate":"https:\/\/gruene-wiesbaden.de\/?s={search_term_string}"},"query-input":{"@type":"PropertyValueSpecification","valueRequired":true,"valueName":"search_term_string"}}],"inLanguage":"hr"},{"@type":"Organization","@id":"https:\/\/gruene-wiesbaden.de\/#organization","name":"DIE GR\u00dcNEN Wiesbaden","url":"https:\/\/gruene-wiesbaden.de\/","logo":{"@type":"ImageObject","inLanguage":"hr","@id":"https:\/\/gruene-wiesbaden.de\/#\/schema\/logo\/image\/","url":"https:\/\/gruene-wiesbaden-fuer-europa.de\/wp-content\/uploads\/2024\/04\/Machen-was-zaehlt-5.png","contentUrl":"https:\/\/gruene-wiesbaden-fuer-europa.de\/wp-content\/uploads\/2024\/04\/Machen-was-zaehlt-5.png","width":1772,"height":1772,"caption":"DIE GR\u00dcNEN Wiesbaden"},"image":{"@id":"https:\/\/gruene-wiesbaden.de\/#\/schema\/logo\/image\/"},"sameAs":["https:\/\/www.facebook.com\/gruene.wi","https:\/\/instagram.com\/gruene_wi"]},{"@type":"Person","@id":"https:\/\/gruene-wiesbaden.de\/#\/schema\/person\/6785c34779159cd4fd86886bb097afe9","name":"admin","sameAs":["http:\/\/gruene-wiesbaden-fuer-europa.de"],"url":"https:\/\/gruene-wiesbaden.de\/hr\/author\/admin\/"}]}},"_links":{"self":[{"href":"https:\/\/gruene-wiesbaden.de\/hr\/wp-json\/wp\/v2\/posts\/1382","targetHints":{"allow":["GET"]}}],"collection":[{"href":"https:\/\/gruene-wiesbaden.de\/hr\/wp-json\/wp\/v2\/posts"}],"about":[{"href":"https:\/\/gruene-wiesbaden.de\/hr\/wp-json\/wp\/v2\/types\/post"}],"author":[{"embeddable":true,"href":"https:\/\/gruene-wiesbaden.de\/hr\/wp-json\/wp\/v2\/users\/1"}],"replies":[{"embeddable":true,"href":"https:\/\/gruene-wiesbaden.de\/hr\/wp-json\/wp\/v2\/comments?post=1382"}],"version-history":[{"count":7,"href":"https:\/\/gruene-wiesbaden.de\/hr\/wp-json\/wp\/v2\/posts\/1382\/revisions"}],"predecessor-version":[{"id":2382,"href":"https:\/\/gruene-wiesbaden.de\/hr\/wp-json\/wp\/v2\/posts\/1382\/revisions\/2382"}],"wp:featuredmedia":[{"embeddable":true,"href":"https:\/\/gruene-wiesbaden.de\/hr\/wp-json\/wp\/v2\/media\/1543"}],"wp:attachment":[{"href":"https:\/\/gruene-wiesbaden.de\/hr\/wp-json\/wp\/v2\/media?parent=1382"}],"wp:term":[{"taxonomy":"category","embeddable":true,"href":"https:\/\/gruene-wiesbaden.de\/hr\/wp-json\/wp\/v2\/categories?post=1382"},{"taxonomy":"post_tag","embeddable":true,"href":"https:\/\/gruene-wiesbaden.de\/hr\/wp-json\/wp\/v2\/tags?post=1382"}],"curies":[{"name":"wp","href":"https:\/\/api.w.org\/{rel}","templated":true}]}}