{"id":1380,"date":"2025-11-10T00:33:24","date_gmt":"2025-11-09T22:33:24","guid":{"rendered":"https:\/\/gruene-wiesbaden.de\/?p=1380"},"modified":"2026-04-09T00:29:47","modified_gmt":"2026-04-08T22:29:47","slug":"wirtschaftsfoerderung-und-beschaeftigung","status":"publish","type":"post","link":"https:\/\/gruene-wiesbaden.de\/hr\/wirtschaftsfoerderung-und-beschaeftigung\/","title":{"rendered":"Gospodarski razvoj i zapo\u0161ljavanje"},"content":{"rendered":"<section class=\"l-section wpb_row height_medium with_img\"><div class=\"l-section-img\" role=\"img\" data-img-width=\"1080\" data-img-height=\"800\" style=\"background-image: url(https:\/\/gruene-wiesbaden.de\/wp-content\/uploads\/2025\/11\/neuer-Verlauf-gruene-wiesbaden.de_-2-e1762709402177.png);\"><\/div><div class=\"l-section-overlay\" style=\"background:var(--color-header-top-transparent-bg)\"><\/div><div class=\"l-section-h i-cf\"><div class=\"g-cols vc_row via_grid cols_1 laptops-cols_inherit tablets-cols_inherit mobiles-cols_1 valign_top type_default stacking_default\"><div class=\"wpb_column vc_column_container\"><div class=\"vc_column-inner\"><h1 class=\"w-post-elm post_title us_custom_a574d586 has_text_color entry-title\">Gospodarski razvoj i zapo\u0161ljavanje<\/h1><div class=\"w-separator size_medium\"><\/div><div class=\"g-cols wpb_row via_grid cols_2-1 laptops-cols_inherit tablets-cols_inherit mobiles-cols_1 valign_top type_default stacking_default\" style=\"--columns-gap:3rem;\"><div class=\"wpb_column vc_column_container\"><div class=\"vc_column-inner\"><div class=\"wpb_text_column us_custom_8b3d6790 has_text_color\"><div class=\"wpb_wrapper\"><p><span style=\"font-weight: 400;\">Op\u0107inske odluke izravno utje\u010du na lokalno gospodarstvo, radna mjesta i kvalitetu \u017eivota. Ciljanom potporom poduze\u0107ima u razli\u010ditim sektorima, obrtima, novoosnovanim poduze\u0107ima i turizmu osiguravamo radna mjesta, inovacije i kvalificirane radnike u Wiesbadenu te odre\u0111ujemo smjer za uspje\u0161nu preobrazbu i gospodarski oporavak. Ugovore o javnoj nabavi dodjeljujemo po\u0161teno, uzimaju\u0107i u obzir uskla\u0111enost s tarifama i kriterije odr\u017eivosti. Digitalizacija, moderna infrastruktura i strate\u0161ko umre\u017eavanje poduze\u0107a, obrazovanja i uprave \u010dine Wiesbaden otpornim i privla\u010dnim \u2013 kao po\u0161tenu, inovativnu i odr\u017eivu lokaciju za poduze\u0107a, zaposlenike i cijelo gradsko dru\u0161tvo.<\/span><\/p>\n<\/div><\/div><div class=\"w-separator size_medium\"><\/div><div class=\"w-btn-wrapper align_left\"><a class=\"w-btn us-btn-style_8 icon_atleft\" href=\"https:\/\/gruene-wiesbaden.de\/hr\/kommunalwahl\/#Kapitel3\"><i class=\"fas fa-chevron-circle-right\"><\/i><span class=\"w-btn-label\">Povratak na pregled<\/span><\/a><\/div><\/div><\/div><div class=\"wpb_column vc_column_container\"><div class=\"vc_column-inner\"><div class=\"w-image align_center\"><div class=\"w-image-h\"><img decoding=\"async\" width=\"2560\" height=\"1707\" src=\"https:\/\/gruene-wiesbaden.de\/wp-content\/uploads\/2025\/11\/3.3-Wirtschaftsfoerderung-und-Beschaeftigung-scaled.jpeg\" class=\"attachment-full size-full\" alt=\"\" loading=\"lazy\" srcset=\"https:\/\/gruene-wiesbaden.de\/wp-content\/uploads\/2025\/11\/3.3-Wirtschaftsfoerderung-und-Beschaeftigung-scaled.jpeg 2560w, https:\/\/gruene-wiesbaden.de\/wp-content\/uploads\/2025\/11\/3.3-Wirtschaftsfoerderung-und-Beschaeftigung-400x267.jpeg 400w, https:\/\/gruene-wiesbaden.de\/wp-content\/uploads\/2025\/11\/3.3-Wirtschaftsfoerderung-und-Beschaeftigung-600x400.jpeg 600w\" sizes=\"auto, (max-width: 2560px) 100vw, 2560px\" \/><\/div><\/div><div class=\"w-separator size_small\"><\/div><\/div><\/div><\/div><div class=\"w-separator size_medium\"><\/div><div class=\"w-separator size_medium\"><\/div><div class=\"wpb_text_column\"><div class=\"wpb_wrapper\"><h1>\u0160to za nas zna\u010di sna\u017ean gospodarski razvoj i dobra politika zapo\u0161ljavanja<\/h1>\n<\/div><\/div><div class=\"w-separator size_large\"><\/div><div class=\"g-cols wpb_row via_grid cols_3 laptops-cols_inherit tablets-cols_inherit mobiles-cols_1 valign_top type_default stacking_default\" style=\"--columns-gap:3rem;\"><div class=\"wpb_column vc_column_container\"><div class=\"vc_column-inner\"><div class=\"w-iconbox us_custom_8b3d6790 has_text_color iconpos_left style_default color_custom align_left\"><div class=\"w-iconbox-icon\" style=\"font-size:2rem;--icon-color:#Ffffff;--icon-bg-color:var(--color-header-middle-bg);\"><i class=\"fas fa-layer-group\"><\/i><\/div><div class=\"w-iconbox-meta\"><h4 class=\"w-iconbox-title\" style=\"font-size:1.5rem;\">Odr\u017eivost i svijest o okoli\u0161u<\/h4><div class=\"w-iconbox-text\"><p><span style=\"font-weight: 400;\">Promi\u010demo klimatski prihvatljivo i resursno u\u010dinkovito gospodarstvo za odr\u017eiva poduze\u0107a i zelena radna mjesta.<\/span><\/p>\n<\/div><\/div><\/div><\/div><\/div><div class=\"wpb_column vc_column_container\"><div class=\"vc_column-inner\"><div class=\"w-iconbox us_custom_8b3d6790 has_text_color iconpos_left style_default color_custom align_left\"><div class=\"w-iconbox-icon\" style=\"font-size:2rem;--icon-color:#Ffffff;--icon-bg-color:var(--color-header-transparent-text);\"><i class=\"fas fa-layer-group\"><\/i><\/div><div class=\"w-iconbox-meta\"><h4 class=\"w-iconbox-title\" style=\"font-size:1.5rem;\">Jednake mogu\u0107nosti i prilago\u0111enost MSP-ovima<\/h4><div class=\"w-iconbox-text\"><p><span style=\"font-weight: 400;\">Ugovore o javnoj nabavi dodjeljujemo na pravedan i srednje velik na\u010din prilago\u0111en novoosnovanim poduze\u0107ima, s ciljem odanosti tarifama i integracije. Uz odgovaraju\u0107e programe, podr\u017eavamo kvalifikacije i zapo\u0161ljavanje.<\/span><\/p>\n<\/div><\/div><\/div><\/div><\/div><div class=\"wpb_column vc_column_container\"><div class=\"vc_column-inner\"><div class=\"w-iconbox us_custom_8b3d6790 has_text_color iconpos_left style_default color_custom align_left\"><div class=\"w-iconbox-icon\" style=\"font-size:2rem;--icon-color:#Ffffff;--icon-bg-color:var(--color-header-transparent-text);\"><i class=\"fas fa-layer-group\"><\/i><\/div><div class=\"w-iconbox-meta\"><h4 class=\"w-iconbox-title\" style=\"font-size:1.5rem;\">Inovacije, digitalizacija i odr\u017eivost<\/h4><div class=\"w-iconbox-text\"><p><span style=\"font-weight: 400;\">Mi GR\u00dcNE ja\u010damo startupe, digitalne platforme, istra\u017eivanje i umre\u017eavanje poslovanja i obrazovanja kako bismo privukli kvalificirane radnike i u\u010dinili Wiesbaden ekonomski otpornim.<\/span><\/p>\n<p><br style=\"font-weight: 400;\" \/><br style=\"font-weight: 400;\" \/><\/p>\n<\/div><\/div><\/div><\/div><\/div><\/div><div class=\"w-separator size_medium\"><\/div><div class=\"g-cols wpb_row via_grid cols_3 laptops-cols_inherit tablets-cols_inherit mobiles-cols_1 valign_top type_default stacking_default\" style=\"--columns-gap:3rem;\"><div class=\"wpb_column vc_column_container\"><div class=\"vc_column-inner\"><div class=\"w-iconbox us_custom_8b3d6790 has_text_color iconpos_left style_default color_custom align_left\"><div class=\"w-iconbox-icon\" style=\"font-size:2rem;--icon-color:#Ffffff;--icon-bg-color:var(--color-header-middle-bg);\"><i class=\"fas fa-layer-group\"><\/i><\/div><div class=\"w-iconbox-meta\"><h4 class=\"w-iconbox-title\" style=\"font-size:1.5rem;\">Suradnja i dijalog<\/h4><div class=\"w-iconbox-text\"><p><span style=\"font-weight: 400;\">Industrija, obrti, udruge i uprava blisko sura\u0111uju. Zajedno razvijamo strategije za odr\u017eivi turizam, uspje\u0161nu preobrazbu unutarnjeg grada, gospodarski razvoj, preobrazbu u klimatsku neutralnost i inovacije.<\/span><\/p>\n<\/div><\/div><\/div><\/div><\/div><div class=\"wpb_column vc_column_container\"><div class=\"vc_column-inner\"><div class=\"w-iconbox us_custom_8b3d6790 has_text_color iconpos_left style_default color_custom align_left\"><div class=\"w-iconbox-icon\" style=\"font-size:2rem;--icon-color:#Ffffff;--icon-bg-color:var(--color-header-transparent-text);\"><i class=\"fas fa-layer-group\"><\/i><\/div><div class=\"w-iconbox-meta\"><h4 class=\"w-iconbox-title\" style=\"font-size:1.5rem;\">Stru\u010dni razvoj i osposobljavanje<\/h4><div class=\"w-iconbox-text\"><p><span style=\"font-weight: 400;\">Promi\u010demo mlade talente, kvalifikacije i mogu\u0107nosti za razvoj karijere u svim sektorima \u2013 rad na osposobljavanju, inicijative za vje\u0161tine i digitalne platforme osiguravaju zadr\u017eavanje talenata i vje\u0161tina.<\/span><\/p>\n<\/div><\/div><\/div><\/div><\/div><div class=\"wpb_column vc_column_container\"><div class=\"vc_column-inner\"><div class=\"w-iconbox us_custom_8b3d6790 has_text_color iconpos_left style_default color_custom align_left\"><div class=\"w-iconbox-icon\" style=\"font-size:2rem;--icon-color:#Ffffff;--icon-bg-color:var(--color-header-transparent-text);\"><i class=\"fas fa-layer-group\"><\/i><\/div><div class=\"w-iconbox-meta\"><h4 class=\"w-iconbox-title\" style=\"font-size:1.5rem;\">Atraktivnost lokacije Wiesbaden<\/h4><div class=\"w-iconbox-text\"><p><span style=\"font-weight: 400;\">O\u017eivljavamo centar grada, turizam i lokalno gospodarstvo, stvaramo radna mjesta i spajamo kulturu, susrete i inovacije na atraktivnu lokaciju.<\/span><\/p>\n<\/div><\/div><\/div><\/div><\/div><\/div><div class=\"w-separator size_medium\"><\/div><div class=\"w-btn-wrapper align_left\"><a class=\"w-btn us-btn-style_8 icon_atleft\" href=\"https:\/\/gruene-wiesbaden.de\/hr\/kommunalwahl\/#Kapitel3\"><i class=\"fas fa-chevron-circle-right\"><\/i><span class=\"w-btn-label\">Povratak na pregled<\/span><\/a><\/div><div class=\"w-separator size_medium\"><\/div><\/div><\/div><\/div><\/div><\/section><section class=\"l-section wpb_row height_auto with_img\"><div class=\"l-section-img\" role=\"img\" data-img-width=\"2560\" data-img-height=\"1707\" style=\"background-image: url(https:\/\/gruene-wiesbaden.de\/wp-content\/uploads\/2025\/11\/3.3-Wirtschaftsfoerderung-und-Beschaeftigung-scaled.jpeg);background-repeat: no-repeat;\"><\/div><div class=\"l-section-overlay\" style=\"background:var(--color-header-top-transparent-bg)\"><\/div><div class=\"l-section-h i-cf\"><div class=\"g-cols vc_row via_grid cols_1 laptops-cols_inherit tablets-cols_inherit mobiles-cols_1 valign_middle type_default stacking_default\" style=\"--columns-gap:1rem;\"><div class=\"wpb_column vc_column_container\"><div class=\"vc_column-inner\"><div class=\"w-separator size_large\"><\/div><div class=\"wpb_text_column background_inside_text\"><div class=\"wpb_wrapper\"><h1>\u0160to konkretno \u017eelimo u\u010diniti u ovom podru\u010dju<\/h1>\n<\/div><\/div><div class=\"w-separator size_medium\"><\/div><div class=\"w-tabs us_custom_42d693a0 has_text_color style_default switch_click accordion has_scrolling\" style=\"--sections-title-size:1.4rem\"><div class=\"w-tabs-sections titles-align_none icon_chevron cpos_right\"><div class=\"w-tabs-section has_text_color\" id=\"s8f1\" style=\"background:var(--color-header-transparent-text);color:var(--color-header-top-text-hover);\"><button class=\"w-tabs-section-header\" aria-controls=\"content-s8f1\" aria-expanded=\"false\"><div class=\"w-tabs-section-title\">Odr\u017eiva nabava prilago\u0111ena MSP-ovima<\/div><div class=\"w-tabs-section-control\"><\/div><\/button><div  class=\"w-tabs-section-content\" id=\"content-s8f1\"><div class=\"w-tabs-section-content-h i-cf\"><div class=\"wpb_text_column\"><div class=\"wpb_wrapper\"><p><span style=\"font-weight: 400;\">Javna nabava va\u017ena je poluga op\u0107ina u oblikovanju lokalnih gospodarskih odnosa. \u017delimo da dodjela ugovora o javnoj nabavi bude vi\u0161e srednja i da pogoduje inovacijama kako bi se bolje slu\u017eila lokalnim poduze\u0107ima i novoosnovanim poduze\u0107ima. Osim toga, \u017eelimo da se uzmu u obzir sustavni kriteriji odr\u017eivosti kao \u0161to su tro\u0161kovi \u017eivotnog ciklusa i pridr\u017eavanje tarifa.<\/span><\/p>\n<\/div><\/div><\/div><\/div><\/div><div class=\"w-tabs-section has_text_color\" id=\"ta52\" style=\"background:var(--color-header-transparent-text);color:var(--color-header-top-text-hover);\"><button class=\"w-tabs-section-header\" aria-controls=\"content-ta52\" aria-expanded=\"false\"><div class=\"w-tabs-section-title\">Ja\u010danje uloge lokalne politike tr\u017ei\u0161ta rada<\/div><div class=\"w-tabs-section-control\"><\/div><\/button><div  class=\"w-tabs-section-content\" id=\"content-ta52\"><div class=\"w-tabs-section-content-h i-cf\"><div class=\"wpb_text_column\"><div class=\"wpb_wrapper\"><p><span style=\"font-weight: 400;\">Wiesbaden ne smije nikoga zapostaviti. \u017delimo bolje koordinirati ponude za promicanje zapo\u0161ljavanja i integrirati mjere poduze\u0107a i nepoduze\u0107a. Cilj je osigurati kvalifikacije niskog praga, prilago\u0111ene programe za mlade, osobe s povije\u0161\u0107u migracija, izbjeglice i dugotrajno nezaposlene osobe. Primit \u0107emo radionicu mladih u Wiesbadenu. \u017delimo preispitati model \u201eOptionskommune\u201d.<\/span><\/p>\n<\/div><\/div><\/div><\/div><\/div><div class=\"w-tabs-section has_text_color\" id=\"aba3\" style=\"background:var(--color-header-transparent-text);color:var(--color-header-top-text-hover);\"><button class=\"w-tabs-section-header\" aria-controls=\"content-aba3\" aria-expanded=\"false\"><div class=\"w-tabs-section-title\">Daljnje otvaranje vrata tr\u017ei\u0161tu rada<\/div><div class=\"w-tabs-section-control\"><\/div><\/button><div  class=\"w-tabs-section-content\" id=\"content-aba3\"><div class=\"w-tabs-section-content-h i-cf\"><div class=\"wpb_text_column\"><div class=\"wpb_wrapper\"><p><span style=\"font-weight: 400;\">\u017delimo dosljedno slijediti put projekta tr\u017ei\u0161ta rada \u201eOstani u Wiesbadenu\u201d i iskoristiti sve pravne mogu\u0107nosti kako bismo izbjeglicama olak\u0161ali pristup tr\u017ei\u0161tu rada. \u017deljeli bismo blisko sura\u0111ivati s lokalnim tvrtkama, Industrijskom i gospodarskom komorom te Obrtni\u010dkom komorom, a poseban naglasak stavili bismo i na ciljanu skupinu izbjeglica u okviru na\u0161e specijalisti\u010dke inicijative. Mjere koje smatramo va\u017enima uklju\u010duju potporu u prevladavanju birokratskih prepreka i priznavanju stranih kvalifikacija, te\u010dajeve jezika i strukovne pripreme s niskim pragom te sponzorstva izme\u0111u poduze\u0107a i izbjeglica. Na taj na\u010din stvaramo win-win situaciju: Izbjeglice dobivaju stvarnu perspektivu, poduze\u0107a pronalaze kvalificirane radnike, a Wiesbaden postaje privla\u010dniji \u2013 kao grad mogu\u0107nosti i kohezije.<\/span><\/p>\n<\/div><\/div><\/div><\/div><\/div><div class=\"w-tabs-section has_text_color\" id=\"qd4b\" style=\"background:var(--color-header-middle-bg);color:var(--color-content-heading);\"><button class=\"w-tabs-section-header\" aria-controls=\"content-qd4b\" aria-expanded=\"false\"><div class=\"w-tabs-section-title\">Dijalog s lokalnim gospodarstvom<\/div><div class=\"w-tabs-section-control\"><\/div><\/button><div  class=\"w-tabs-section-content\" id=\"content-qd4b\"><div class=\"w-tabs-section-content-h i-cf\"><div class=\"wpb_text_column\"><div class=\"wpb_wrapper\"><p><span style=\"font-weight: 400;\">\u017delimo nastaviti dijalog i konstruktivnu suradnju s tvrtkama i njihovim udrugama. Koristimo razli\u010dite formate, kao \u0161to je Industrijski savjetodavni odbor. Zajedno s obrtni\u0161tvom, razvijen je program zanata, koji \u017eelimo dosljedno provoditi. Uvjereni smo da se glavni izazovi demografskih promjena, digitalizacije i energetske tranzicije mogu prevladati samo tom suradnjom.<\/span><\/p>\n<\/div><\/div><\/div><\/div><\/div><div class=\"w-tabs-section has_text_color\" id=\"cf1e\" style=\"background:var(--color-header-transparent-text);color:var(--color-header-top-text-hover);\"><button class=\"w-tabs-section-header\" aria-controls=\"content-cf1e\" aria-expanded=\"false\"><div class=\"w-tabs-section-title\">Odr\u017eiva izgradnja \u2013 prilika za obrtni\u010dki sektor<\/div><div class=\"w-tabs-section-control\"><\/div><\/button><div  class=\"w-tabs-section-content\" id=\"content-cf1e\"><div class=\"w-tabs-section-content-h i-cf\"><div class=\"wpb_text_column\"><div class=\"wpb_wrapper\"><p><span style=\"font-weight: 400;\">Ekolo\u0161ka transformacija nudi velike mogu\u0107nosti za lokalne obrte i gra\u0111evinsku industriju: od energetske obnove do fotonaponske energije i nove mobilnosti. Zajedno s udrugama, tvrtkama, agencijom za za\u0161titu klime i obrazovnim institucijama \u017eelimo stvoriti Wiesbadenski savez za zelenu trgovinu, promicati umre\u017eavanje i savjetovanje te ste\u0107i ciljano financiranje.<\/span><\/p>\n<\/div><\/div><\/div><\/div><\/div><div class=\"w-tabs-section has_text_color\" id=\"u0d0\" style=\"background:var(--color-header-middle-bg);color:var(--color-header-middle-text);\"><button class=\"w-tabs-section-header\" aria-controls=\"content-u0d0\" aria-expanded=\"false\"><div class=\"w-tabs-section-title\">Potpora poduze\u0107ima na putu prema klimatskoj neutralnosti<\/div><div class=\"w-tabs-section-control\"><\/div><\/button><div  class=\"w-tabs-section-content\" id=\"content-u0d0\"><div class=\"w-tabs-section-content-h i-cf\"><div class=\"wpb_text_column\"><div class=\"wpb_wrapper\"><p><span style=\"font-weight: 400;\">Klimatski neutralna, sigurna i cjenovno pristupa\u010dna opskrba energijom klju\u010dan je \u010dimbenik lokacije. Na taj na\u010din \u017eelimo poduprijeti na\u0161a lokalna poduze\u0107a, privu\u0107i financijska sredstva i promicati inovativnu suradnju, primjerice u pogledu upotrebe otpadne topline.<\/span><\/p>\n<\/div><\/div><\/div><\/div><\/div><div class=\"w-tabs-section has_text_color\" id=\"z2be\" style=\"background:var(--color-header-transparent-text);color:var(--color-header-top-text-hover);\"><button class=\"w-tabs-section-header\" aria-controls=\"content-z2be\" aria-expanded=\"false\"><div class=\"w-tabs-section-title\">Promicanje odr\u017eivog turizma<\/div><div class=\"w-tabs-section-control\"><\/div><\/button><div  class=\"w-tabs-section-content\" id=\"content-z2be\"><div class=\"w-tabs-section-content-h i-cf\"><div class=\"wpb_text_column\"><div class=\"wpb_wrapper\"><p><span style=\"font-weight: 400;\">Turizam je sredi\u0161nja sastavnica urbane gospodarske strategije s posebnim zna\u010dajem u hotelijerstvu, gastronomiji i maloprodaji. \u017delimo dodatno oja\u010dati Wiesbaden kao atraktivnu destinaciju i odr\u017eivu turisti\u010dku destinaciju. Nakon zajedni\u010dkog marketinga \u201eDestinacije Wiesbaden Rheingau\u201d stvaramo poticaje za klimatski prihvatljiva putovanja i prijevoz pove\u0107anjem privla\u010dnosti javnog prijevoza i usluga iznajmljivanja smje\u0161taja za turiste. Nastavljamo razvijati ponude za mlade ciljne skupine, obitelji i kulturne turiste. \u017delimo unaprijediti turisti\u010dke informacije i pro\u0161iriti digitalne marketin\u0161ke kanale.<\/span><\/p>\n<\/div><\/div><\/div><\/div><\/div><div class=\"w-tabs-section has_text_color\" id=\"t439\" style=\"background:var(--color-header-transparent-text);color:var(--color-header-top-text-hover);\"><button class=\"w-tabs-section-header\" aria-controls=\"content-t439\" aria-expanded=\"false\"><div class=\"w-tabs-section-title\">Potpora zapo\u0161ljavanju kvalificiranih radnika<\/div><div class=\"w-tabs-section-control\"><\/div><\/button><div  class=\"w-tabs-section-content\" id=\"content-t439\"><div class=\"w-tabs-section-content-h i-cf\"><div class=\"wpb_text_column\"><div class=\"wpb_wrapper\"><p><span style=\"font-weight: 400;\">Nedostatak kvalificirane radne snage i zapo\u0161ljavanje mladih talenata me\u0111u klju\u010dnim su izazovima s kojima se suo\u010davaju poduze\u0107a. Obvezujemo se da \u0107emo \u201eInicijativu za industrijske radnike\u201d koja je razvijena tijekom posljednjeg zakonodavnog razdoblja opremiti dostatnim resursima i pro\u0161iriti je na druge sektore kao \u0161to su obrtni\u0161tvo i zdravstvo.<\/span><\/p>\n<\/div><\/div><\/div><\/div><\/div><\/div><\/div><div class=\"w-separator size_medium\"><\/div><div class=\"w-btn-wrapper align_left\"><a class=\"w-btn us-btn-style_8 icon_atleft\" href=\"https:\/\/gruene-wiesbaden.de\/hr\/kommunalwahl\/#Kapitel3\"><i class=\"fas fa-chevron-circle-right\"><\/i><span class=\"w-btn-label\">Povratak na pregled<\/span><\/a><\/div><div class=\"w-separator size_large\"><\/div><div class=\"wpb_text_column\"><div class=\"wpb_wrapper\"><h1>\u0160to smo ve\u0107 postigli<\/h1>\n<\/div><\/div><div class=\"w-separator size_medium\"><\/div><div class=\"w-tabs us_custom_42d693a0 has_text_color style_default switch_click accordion has_scrolling\" style=\"--sections-title-size:1.4rem\"><div class=\"w-tabs-sections titles-align_none icon_chevron cpos_right\"><div class=\"w-tabs-section has_text_color\" id=\"f7ac\" style=\"background:var(--color-header-transparent-text);color:var(--color-header-top-text-hover);\"><button class=\"w-tabs-section-header\" aria-controls=\"content-f7ac\" aria-expanded=\"false\"><div class=\"w-tabs-section-title\">Platforma za prilike Wiesbaden<\/div><div class=\"w-tabs-section-control\"><\/div><\/button><div  class=\"w-tabs-section-content\" id=\"content-f7ac\"><div class=\"w-tabs-section-content-h i-cf\"><div class=\"wpb_text_column\"><div class=\"wpb_wrapper\"><p><span style=\"font-weight: 400;\">Platforma Opportunities pokrenuta je 2022. u okviru inicijative WI WORK LIFE? Industry Skills Initiative. Njime se gra\u0111anima nudi digitalna potpora u obrazovanju, osposobljavanju i karijerama te olak\u0161ava pristup ponudama za posao, daljnjem obrazovanju i naukovanju u Wiesbadenu.<\/span><\/p>\n<\/div><\/div><\/div><\/div><\/div><div class=\"w-tabs-section has_text_color\" id=\"k8ff\" style=\"background:var(--color-header-transparent-text);color:var(--color-header-top-text-hover);\"><button class=\"w-tabs-section-header\" aria-controls=\"content-k8ff\" aria-expanded=\"false\"><div class=\"w-tabs-section-title\">Radar za obuku Wiesbaden<\/div><div class=\"w-tabs-section-control\"><\/div><\/button><div  class=\"w-tabs-section-content\" id=\"content-k8ff\"><div class=\"w-tabs-section-content-h i-cf\"><div class=\"wpb_text_column\"><div class=\"wpb_wrapper\"><p><span style=\"font-weight: 400;\">Radar za osposobljavanje uveden je 2025. Putem te digitalne platforme poduze\u0107a mogu preporu\u010diti odgovaraju\u0107e kandidate koje iz razloga povezanih s kapacitetom ne mogu zaposliti drugim poduze\u0107ima sa sjedi\u0161tem u Wiesbadenu. Na taj su na\u010din mogu\u0107nosti osposobljavanja u regiji i dalje transparentne i lako dostupne.<\/span><\/p>\n<\/div><\/div><\/div><\/div><\/div><div class=\"w-tabs-section has_text_color\" id=\"wa33\" style=\"background:var(--color-header-transparent-text);color:var(--color-header-top-text-hover);\"><button class=\"w-tabs-section-header\" aria-controls=\"content-wa33\" aria-expanded=\"false\"><div class=\"w-tabs-section-title\">Forum za inicijativu industrijskih kvalificiranih radnika<\/div><div class=\"w-tabs-section-control\"><\/div><\/button><div  class=\"w-tabs-section-content\" id=\"content-wa33\"><div class=\"w-tabs-section-content-h i-cf\"><div class=\"wpb_text_column\"><div class=\"wpb_wrapper\"><p><span style=\"font-weight: 400;\">Forum Talent Initiative Industry osnovan je 2022. godine. Digitalno povezuje stru\u010dnjake i podupire poduze\u0107a u pronala\u017eenju i promicanju talenata. Istodobno olak\u0161ava profesionalnu razmjenu izme\u0111u industrije, obrazovnih ustanova i organizacija kako bi se oja\u010dalo zadr\u017eavanje kvalificiranih radnika u Wiesbadenu.<\/span><\/p>\n<\/div><\/div><\/div><\/div><\/div><div class=\"w-tabs-section has_text_color\" id=\"xb55\" style=\"background:var(--color-header-middle-bg);color:var(--color-content-heading);\"><button class=\"w-tabs-section-header\" aria-controls=\"content-xb55\" aria-expanded=\"false\"><div class=\"w-tabs-section-title\">Program za rukotvorine Wiesbaden 2030.<\/div><div class=\"w-tabs-section-control\"><\/div><\/button><div  class=\"w-tabs-section-content\" id=\"content-xb55\"><div class=\"w-tabs-section-content-h i-cf\"><div class=\"wpb_text_column\"><div class=\"wpb_wrapper\"><p><span style=\"font-weight: 400;\">\u017delimo sna\u017ean obrt u ovom gradu. U svibnju 2025. predstavljen je Obrtni\u010dki program iz Wiesbadena 2030. Uz to, ja\u010damo obrtni\u0161tvo na\u0161eg grada i pratimo ih posebno u digitalizaciji, u promicanju mladih talenata i kvalificiranih radnika. \u0160irenjem moderne infrastrukture i pametnih rje\u0161enja, tvrtke postaju odr\u017eive, stvaraju\u0107i visokokvalitetna radna mjesta i poma\u017eu\u0107i u oblikovanju Wiesbadena kao dinami\u010dnog, odr\u017eivog grada.<\/span><\/p>\n<\/div><\/div><\/div><\/div><\/div><div class=\"w-tabs-section has_text_color\" id=\"ycb3\" style=\"background:var(--color-header-transparent-text);color:var(--color-header-top-text-hover);\"><button class=\"w-tabs-section-header\" aria-controls=\"content-ycb3\" aria-expanded=\"false\"><div class=\"w-tabs-section-title\">WiCoPop \u2013 Kreativni impulsi za centar grada<\/div><div class=\"w-tabs-section-control\"><\/div><\/button><div  class=\"w-tabs-section-content\" id=\"content-ycb3\"><div class=\"w-tabs-section-content-h i-cf\"><div class=\"wpb_text_column\"><div class=\"wpb_wrapper\"><p><span style=\"font-weight: 400;\">Wiesbaden je s WiCoPop-om pokrenuo inovativni projekt koji o\u017eivljava slobodne trgovine u sredi\u0161tu grada. Novoosnovana poduze\u0107a, mladi poduzetnici i kreativci predstavili su svoje proizvode, ideje i kulturne projekte u privremenim prodajnim i izlo\u017ebenim prostorima \u2013 besplatno ili tro\u0161kovno u\u010dinkovito. WiCoPop je stoga ne samo promicao lokalno gospodarstvo, ve\u0107 je i stvorio nova radna mjesta i mogu\u0107nosti za novoosnovana poduze\u0107a, oja\u010dao centar grada kao privla\u010dnu lokaciju i u\u010dinio Wiesbaden \u017eivahnim mjestom inovacija i susreta za gra\u0111ane i poduze\u0107a.<\/span><\/p>\n<\/div><\/div><\/div><\/div><\/div><div class=\"w-tabs-section has_text_color\" id=\"ydd6\" style=\"background:var(--color-header-transparent-text);color:var(--color-header-top-text-hover);\"><button class=\"w-tabs-section-header\" aria-controls=\"content-ydd6\" aria-expanded=\"false\"><div class=\"w-tabs-section-title\">Nastavak koncepta maloprodaje za razdoblje 2025.+<\/div><div class=\"w-tabs-section-control\"><\/div><\/button><div  class=\"w-tabs-section-content\" id=\"content-ydd6\"><div class=\"w-tabs-section-content-h i-cf\"><div class=\"wpb_text_column\"><div class=\"wpb_wrapper\"><p><span style=\"font-weight: 400;\">Nastavkom koncepta maloprodaje za razdoblje 2025.+ Wiesbaden posebno ja\u010da svoj unutarnji grad i sredi\u0161nje \u010detvrti. Koncept strate\u0161ki prati lokalne trgovce na malo, novoosnovana poduze\u0107a i sko\u010dne trgovine te ih podupire u daljnjem razvoju njihove ponude, kako na lokalnoj tako i na digitalnoj razini. Cilj je u\u010diniti centar grada \u017eivahnim i privla\u010dnim, osigurati radna mjesta i pozicionirati Wiesbaden kao gospodarski sna\u017enu, modernu lokaciju. Dugoro\u010dna orijentacija koristit \u0107e trgovini, gospodarstvu i gra\u0111anima.<\/span><\/p>\n<\/div><\/div><\/div><\/div><\/div><div class=\"w-tabs-section has_text_color\" id=\"qef3\" style=\"background:var(--color-header-transparent-text);color:var(--color-header-top-text-hover);\"><button class=\"w-tabs-section-header\" aria-controls=\"content-qef3\" aria-expanded=\"false\"><div class=\"w-tabs-section-title\">Prostor za parkete<\/div><div class=\"w-tabs-section-control\"><\/div><\/button><div  class=\"w-tabs-section-content\" id=\"content-qef3\"><div class=\"w-tabs-section-content-h i-cf\"><div class=\"wpb_text_column\"><div class=\"wpb_wrapper\"><p><span style=\"font-weight: 400;\">Tijekom pandemije koronavirusa ugostitelji u Wiesbadenu mogli su na nekompliciran na\u010din isprobati privremene terase na parkirali\u0161tima - tzv. parketama. Zahvaljuju\u0107i novom zakonu, oni se sada mogu trajno zatra\u017eiti. Parketi o\u017eivljavaju ulice, stvaraju dodatna mjesta za goste i \u010dine centar grada atraktivnijim za susrete, kulturu i kupovinu.<\/span><\/p>\n<\/div><\/div><\/div><\/div><\/div><div class=\"w-tabs-section has_text_color\" id=\"r03a\" style=\"background:var(--color-header-transparent-text);color:var(--color-header-top-text-hover);\"><button class=\"w-tabs-section-header\" aria-controls=\"content-r03a\" aria-expanded=\"false\"><div class=\"w-tabs-section-title\">Industrijski savjetodavni odbor: Uklju\u010divanje industrije u postupke dono\u0161enja odluka<\/div><div class=\"w-tabs-section-control\"><\/div><\/button><div  class=\"w-tabs-section-content\" id=\"content-r03a\"><div class=\"w-tabs-section-content-h i-cf\"><div class=\"wpb_text_column\"><div class=\"wpb_wrapper\"><p><span style=\"font-weight: 400;\">Savjetodavni odbor za industriju uspostavio se kao sredi\u0161nja kontaktna to\u010dka za gospodarstvo Wiesbadena. Ovdje se okupljaju poduze\u0107a, komore, sveu\u010dili\u0161ta i sindikati kako bi raspravljali o trenuta\u010dnim izazovima, ulaganjima i inovacijskim projektima. Pod vodstvom na\u0161eg zelenog ministra i gradona\u010delnika gospodarstvo je u ranoj fazi uklju\u010deno u postupke dono\u0161enja odluka. Time se osigurava uva\u017eavanje potreba industrije, pove\u0107anje privla\u010dnosti lokacije i dugoro\u010dno osiguravanje radnih mjesta.<\/span><\/p>\n<\/div><\/div><\/div><\/div><\/div><div class=\"w-tabs-section has_text_color\" id=\"o169\" style=\"background:var(--color-header-transparent-text);color:var(--color-header-top-text-hover);\"><button class=\"w-tabs-section-header\" aria-controls=\"content-o169\" aria-expanded=\"false\"><div class=\"w-tabs-section-title\">Oja\u010dano upravljanje gradom \u2013 revitalizacija sredi\u0161ta grada<\/div><div class=\"w-tabs-section-control\"><\/div><\/button><div  class=\"w-tabs-section-content\" id=\"content-o169\"><div class=\"w-tabs-section-content-h i-cf\"><div class=\"wpb_text_column\"><div class=\"wpb_wrapper\"><p><span style=\"font-weight: 400;\">U vrijeme promjena, na\u0161 unutarnji grad treba sna\u017ean glas. To je ono za \u0161to se zala\u017ee tim gradske uprave pod vodstvom na\u0161eg zamjenika i gradona\u010delnika GREEN-a, koji, zajedno s obrtnicima i drugim akterima, promi\u010de \u017eivo sredi\u0161te grada. Koordinira doga\u0111anja, tr\u017ei\u0161ta i aktivnosti gradova, podupire trgovinu i gastronomiju, umre\u017eava lokalne aktere i razvija strategije za poticanje i pove\u0107anje privla\u010dnosti. To ne samo da privla\u010di posjetitelje, ve\u0107 i ja\u010da radna mjesta i osigurava centar grada kao gospodarski dinami\u010dnu lokaciju. Djeluje: Godine 2025., u usporedbi s drugim gradovima s 250 000 do 600 000 stanovnika, grad Wiesbaden zauzeo je prvo mjesto u cijeloj zemlji u okviru nagrade VITALCity Award, koja se svake godine dodjeljuje gradovima u Njema\u010dkoj kako bi se izmjerila i promicala \u017eivost njihovih unutarnjih gradova.<\/span><\/p>\n<\/div><\/div><\/div><\/div><\/div><div class=\"w-tabs-section has_text_color\" id=\"h28c\" style=\"background:var(--color-header-transparent-text);color:var(--color-header-top-text-hover);\"><button class=\"w-tabs-section-header\" aria-controls=\"content-h28c\" aria-expanded=\"false\"><div class=\"w-tabs-section-title\">Pravedniji raspored naknada za izdatke za robu<\/div><div class=\"w-tabs-section-control\"><\/div><\/button><div  class=\"w-tabs-section-content\" id=\"content-h28c\"><div class=\"w-tabs-section-content-h i-cf\"><div class=\"wpb_text_column\"><div class=\"wpb_wrapper\"><p><span style=\"font-weight: 400;\">Do kraja 2021. naknade za izlaganje robe temeljile su se na osnovnim mjerilima za odgovaraju\u0107u cestovnu situaciju. Zbog toga su trgovci na malo na visokofrekventnim lokacijama kao \u0161to je Kirchgasse morali pla\u0107ati do 600 eura po \u010detvornom metru godi\u0161nje, dok su trgovine u manje sredi\u0161njim podru\u010djima imale znatno ni\u017ee naknade. Uvo\u0111enjem novog cjenika naknada za prodajne zaslone Wiesbaden je znatno olak\u0161ao trgovinu na malo u sredi\u0161tu grada. Naknade su bile transparentne i raspore\u0111ene prema lokaciji u sredi\u0161tu grada, \u0161to zna\u010di da mnogi trgovci na malo imaju koristi od znatnog smanjenja tro\u0161kova. Tom se mjerom ja\u010da konkurentnost maloprodaje od opeke i mortova i pridonosi o\u017eivljavanju sredi\u0161ta grada.<\/span><\/p>\n<\/div><\/div><\/div><\/div><\/div><div class=\"w-tabs-section has_text_color\" id=\"u3a2\" style=\"background:var(--color-header-transparent-text);color:var(--color-header-top-text-hover);\"><button class=\"w-tabs-section-header\" aria-controls=\"content-u3a2\" aria-expanded=\"false\"><div class=\"w-tabs-section-title\">Turizam: Zajedni\u010dko odredi\u0161te Wiesbaden-Rheingau<\/div><div class=\"w-tabs-section-control\"><\/div><\/button><div  class=\"w-tabs-section-content\" id=\"content-u3a2\"><div class=\"w-tabs-section-content-h i-cf\"><div class=\"wpb_text_column\"><div class=\"wpb_wrapper\"><p><span style=\"font-weight: 400;\">Wiesbaden objedinjuje svoju turisti\u010dku ponudu zajedno s regijom Rheingau preko odredi\u0161ta Wiesbaden Rheingau. Koordinirane marketin\u0161ke kampanje, rezervirati ponude i umre\u017eavanje lokalnih proizvoda stvaraju atraktivan, holisti\u010dki do\u017eivljaj za posjetitelje. Suradnja promi\u010de turizam, ja\u010da gastronomiju, hotelsku industriju i kulturu te osigurava i stvara radna mjesta u regiji. Osim toga, destinacija je certificirana kao odr\u017eiva destinacija od 2024. i time podupire ekolo\u0161ki prihvatljiv turizam.<\/span><\/p>\n<\/div><\/div><\/div><\/div><\/div><div class=\"w-tabs-section has_text_color\" id=\"h4ed\" style=\"background:var(--color-header-transparent-text);color:var(--color-header-top-text-hover);\"><button class=\"w-tabs-section-header\" aria-controls=\"content-h4ed\" aria-expanded=\"false\"><div class=\"w-tabs-section-title\">Turizam: Kurhaus i kasino<\/div><div class=\"w-tabs-section-control\"><\/div><\/button><div  class=\"w-tabs-section-content\" id=\"content-h4ed\"><div class=\"w-tabs-section-content-h i-cf\"><div class=\"wpb_text_column\"><div class=\"wpb_wrapper\"><p><span style=\"font-weight: 400;\">Grad Wiesbaden posebno ula\u017ee u sredi\u0161nji turizam i lokacije doga\u0111anja: Obnova Kurhausa stvara gra\u0111evinske i obrtni\u010dke narud\u017ebe i osigurava dugoro\u010dne mogu\u0107nosti za kori\u0161tenje za kulturu i gastronomiju. U isto vrijeme, Casino i Kurhausgastronomie \u0107e se ponovno natjecati, jer prethodni ugovori operatera istje\u010du. Time se osiguravaju ulaganja, moderni koncepti i radna mjesta. Tim se mjerama ja\u010da centar grada kao gospodarski privla\u010dna lokacija za posjetitelje i zapo\u0161ljavanje.<\/span><\/p>\n<\/div><\/div><\/div><\/div><\/div><\/div><\/div><div class=\"w-separator size_medium\"><\/div><div class=\"w-btn-wrapper align_left\"><a class=\"w-btn us-btn-style_8 icon_atleft\" href=\"https:\/\/gruene-wiesbaden.de\/hr\/kommunalwahl\/#Kapitel3\"><i class=\"fas fa-chevron-circle-right\"><\/i><span class=\"w-btn-label\">Povratak na pregled<\/span><\/a><\/div><div class=\"w-separator size_large\"><\/div><\/div><\/div><\/div><\/div><\/section>","protected":false},"excerpt":{"rendered":"Lokalne odluke izravno utje\u010du na lokalno gospodarstvo, radna mjesta i kvalitetu \u017eivota. Ciljanom potporom poduze\u0107ima u razli\u010ditim sektorima, obrtima, novoosnovanim poduze\u0107ima i turizmu osiguravamo radna mjesta, inovacije i kvalificirane radnike u Wiesbadenu te odre\u0111ujemo smjer za uspje\u0161nu preobrazbu i gospodarski oporavak. Ugovore o javnoj nabavi dodjeljujemo po\u0161teno, uzimaju\u0107i u obzir uskla\u0111enost s tarifama i kriterije odr\u017eivosti.","protected":false},"author":1,"featured_media":1566,"comment_status":"closed","ping_status":"closed","sticky":false,"template":"","format":"standard","meta":{"footnotes":""},"categories":[16],"tags":[],"class_list":["post-1380","post","type-post","status-publish","format-standard","has-post-thumbnail","hentry","category-kapitel-3"],"yoast_head":"<!-- This site is optimized with the Yoast SEO plugin v27.5 - https:\/\/yoast.com\/product\/yoast-seo-wordpress\/ -->\n<title>Wirtschaftsf\u00f6rderung und Besch\u00e4ftigung - B\u00dcNDNIS 90\/DIE GR\u00dcNEN Wiesbaden<\/title>\n<meta name=\"robots\" content=\"index, follow, max-snippet:-1, max-image-preview:large, max-video-preview:-1\" \/>\n<link rel=\"canonical\" href=\"https:\/\/gruene-wiesbaden.de\/hr\/wirtschaftsfoerderung-und-beschaeftigung\/\" \/>\n<meta property=\"og:locale\" content=\"hr_HR\" \/>\n<meta property=\"og:type\" content=\"article\" \/>\n<meta property=\"og:title\" content=\"Wirtschaftsf\u00f6rderung und Besch\u00e4ftigung - B\u00dcNDNIS 90\/DIE GR\u00dcNEN Wiesbaden\" \/>\n<meta property=\"og:url\" content=\"https:\/\/gruene-wiesbaden.de\/hr\/wirtschaftsfoerderung-und-beschaeftigung\/\" \/>\n<meta property=\"og:site_name\" content=\"B\u00dcNDNIS 90\/DIE GR\u00dcNEN Wiesbaden\" \/>\n<meta property=\"article:publisher\" content=\"https:\/\/www.facebook.com\/gruene.wi\" \/>\n<meta property=\"article:published_time\" content=\"2025-11-09T22:33:24+00:00\" \/>\n<meta property=\"article:modified_time\" content=\"2026-04-08T22:29:47+00:00\" \/>\n<meta property=\"og:image\" content=\"https:\/\/gruene-wiesbaden.de\/wp-content\/uploads\/2025\/11\/3.3-Wirtschaftsfoerderung-und-Beschaeftigung-scaled.jpeg\" \/>\n\t<meta property=\"og:image:width\" content=\"2560\" \/>\n\t<meta property=\"og:image:height\" content=\"1707\" \/>\n\t<meta property=\"og:image:type\" content=\"image\/jpeg\" \/>\n<meta name=\"author\" content=\"admin\" \/>\n<meta name=\"twitter:card\" content=\"summary_large_image\" \/>\n<meta name=\"twitter:label1\" content=\"Napisao\/la\" \/>\n\t<meta name=\"twitter:data1\" content=\"admin\" \/>\n\t<meta name=\"twitter:label2\" content=\"Procijenjeno vrijeme \u010ditanja\" \/>\n\t<meta name=\"twitter:data2\" content=\"10 minutes\" \/>\n<script type=\"application\/ld+json\" class=\"yoast-schema-graph\">{\"@context\":\"https:\\\/\\\/schema.org\",\"@graph\":[{\"@type\":\"Article\",\"@id\":\"https:\\\/\\\/gruene-wiesbaden.de\\\/wirtschaftsfoerderung-und-beschaeftigung\\\/#article\",\"isPartOf\":{\"@id\":\"https:\\\/\\\/gruene-wiesbaden.de\\\/wirtschaftsfoerderung-und-beschaeftigung\\\/\"},\"author\":{\"name\":\"admin\",\"@id\":\"https:\\\/\\\/gruene-wiesbaden.de\\\/#\\\/schema\\\/person\\\/6785c34779159cd4fd86886bb097afe9\"},\"headline\":\"Wirtschaftsf\u00f6rderung und Besch\u00e4ftigung\",\"datePublished\":\"2025-11-09T22:33:24+00:00\",\"dateModified\":\"2026-04-08T22:29:47+00:00\",\"mainEntityOfPage\":{\"@id\":\"https:\\\/\\\/gruene-wiesbaden.de\\\/wirtschaftsfoerderung-und-beschaeftigung\\\/\"},\"wordCount\":3041,\"publisher\":{\"@id\":\"https:\\\/\\\/gruene-wiesbaden.de\\\/#organization\"},\"image\":{\"@id\":\"https:\\\/\\\/gruene-wiesbaden.de\\\/wirtschaftsfoerderung-und-beschaeftigung\\\/#primaryimage\"},\"thumbnailUrl\":\"https:\\\/\\\/gruene-wiesbaden.de\\\/wp-content\\\/uploads\\\/2025\\\/11\\\/3.3-Wirtschaftsfoerderung-und-Beschaeftigung-scaled.jpeg\",\"articleSection\":[\"Kapitel 3\"],\"inLanguage\":\"hr\"},{\"@type\":\"WebPage\",\"@id\":\"https:\\\/\\\/gruene-wiesbaden.de\\\/wirtschaftsfoerderung-und-beschaeftigung\\\/\",\"url\":\"https:\\\/\\\/gruene-wiesbaden.de\\\/wirtschaftsfoerderung-und-beschaeftigung\\\/\",\"name\":\"Wirtschaftsf\u00f6rderung und Besch\u00e4ftigung - B\u00dcNDNIS 90\\\/DIE GR\u00dcNEN Wiesbaden\",\"isPartOf\":{\"@id\":\"https:\\\/\\\/gruene-wiesbaden.de\\\/#website\"},\"primaryImageOfPage\":{\"@id\":\"https:\\\/\\\/gruene-wiesbaden.de\\\/wirtschaftsfoerderung-und-beschaeftigung\\\/#primaryimage\"},\"image\":{\"@id\":\"https:\\\/\\\/gruene-wiesbaden.de\\\/wirtschaftsfoerderung-und-beschaeftigung\\\/#primaryimage\"},\"thumbnailUrl\":\"https:\\\/\\\/gruene-wiesbaden.de\\\/wp-content\\\/uploads\\\/2025\\\/11\\\/3.3-Wirtschaftsfoerderung-und-Beschaeftigung-scaled.jpeg\",\"datePublished\":\"2025-11-09T22:33:24+00:00\",\"dateModified\":\"2026-04-08T22:29:47+00:00\",\"breadcrumb\":{\"@id\":\"https:\\\/\\\/gruene-wiesbaden.de\\\/wirtschaftsfoerderung-und-beschaeftigung\\\/#breadcrumb\"},\"inLanguage\":\"hr\",\"potentialAction\":[{\"@type\":\"ReadAction\",\"target\":[\"https:\\\/\\\/gruene-wiesbaden.de\\\/wirtschaftsfoerderung-und-beschaeftigung\\\/\"]}]},{\"@type\":\"ImageObject\",\"inLanguage\":\"hr\",\"@id\":\"https:\\\/\\\/gruene-wiesbaden.de\\\/wirtschaftsfoerderung-und-beschaeftigung\\\/#primaryimage\",\"url\":\"https:\\\/\\\/gruene-wiesbaden.de\\\/wp-content\\\/uploads\\\/2025\\\/11\\\/3.3-Wirtschaftsfoerderung-und-Beschaeftigung-scaled.jpeg\",\"contentUrl\":\"https:\\\/\\\/gruene-wiesbaden.de\\\/wp-content\\\/uploads\\\/2025\\\/11\\\/3.3-Wirtschaftsfoerderung-und-Beschaeftigung-scaled.jpeg\",\"width\":2560,\"height\":1707},{\"@type\":\"BreadcrumbList\",\"@id\":\"https:\\\/\\\/gruene-wiesbaden.de\\\/wirtschaftsfoerderung-und-beschaeftigung\\\/#breadcrumb\",\"itemListElement\":[{\"@type\":\"ListItem\",\"position\":1,\"name\":\"Startseite\",\"item\":\"https:\\\/\\\/gruene-wiesbaden.de\\\/\"},{\"@type\":\"ListItem\",\"position\":2,\"name\":\"Wirtschaftsf\u00f6rderung und Besch\u00e4ftigung\"}]},{\"@type\":\"WebSite\",\"@id\":\"https:\\\/\\\/gruene-wiesbaden.de\\\/#website\",\"url\":\"https:\\\/\\\/gruene-wiesbaden.de\\\/\",\"name\":\"DIE GR\u00dcNEN Wiesbaden\",\"description\":\"\",\"publisher\":{\"@id\":\"https:\\\/\\\/gruene-wiesbaden.de\\\/#organization\"},\"potentialAction\":[{\"@type\":\"SearchAction\",\"target\":{\"@type\":\"EntryPoint\",\"urlTemplate\":\"https:\\\/\\\/gruene-wiesbaden.de\\\/?s={search_term_string}\"},\"query-input\":{\"@type\":\"PropertyValueSpecification\",\"valueRequired\":true,\"valueName\":\"search_term_string\"}}],\"inLanguage\":\"hr\"},{\"@type\":\"Organization\",\"@id\":\"https:\\\/\\\/gruene-wiesbaden.de\\\/#organization\",\"name\":\"DIE GR\u00dcNEN Wiesbaden\",\"url\":\"https:\\\/\\\/gruene-wiesbaden.de\\\/\",\"logo\":{\"@type\":\"ImageObject\",\"inLanguage\":\"hr\",\"@id\":\"https:\\\/\\\/gruene-wiesbaden.de\\\/#\\\/schema\\\/logo\\\/image\\\/\",\"url\":\"https:\\\/\\\/gruene-wiesbaden-fuer-europa.de\\\/wp-content\\\/uploads\\\/2024\\\/04\\\/Machen-was-zaehlt-5.png\",\"contentUrl\":\"https:\\\/\\\/gruene-wiesbaden-fuer-europa.de\\\/wp-content\\\/uploads\\\/2024\\\/04\\\/Machen-was-zaehlt-5.png\",\"width\":1772,\"height\":1772,\"caption\":\"DIE GR\u00dcNEN Wiesbaden\"},\"image\":{\"@id\":\"https:\\\/\\\/gruene-wiesbaden.de\\\/#\\\/schema\\\/logo\\\/image\\\/\"},\"sameAs\":[\"https:\\\/\\\/www.facebook.com\\\/gruene.wi\",\"https:\\\/\\\/instagram.com\\\/gruene_wi\"]},{\"@type\":\"Person\",\"@id\":\"https:\\\/\\\/gruene-wiesbaden.de\\\/#\\\/schema\\\/person\\\/6785c34779159cd4fd86886bb097afe9\",\"name\":\"admin\",\"sameAs\":[\"http:\\\/\\\/gruene-wiesbaden-fuer-europa.de\"],\"url\":\"https:\\\/\\\/gruene-wiesbaden.de\\\/hr\\\/author\\\/admin\\\/\"}]}<\/script>\n<!-- \/ Yoast SEO plugin. -->","yoast_head_json":{"title":"Wirtschaftsf\u00f6rderung und Besch\u00e4ftigung - B\u00dcNDNIS 90\/DIE GR\u00dcNEN Wiesbaden","robots":{"index":"index","follow":"follow","max-snippet":"max-snippet:-1","max-image-preview":"max-image-preview:large","max-video-preview":"max-video-preview:-1"},"canonical":"https:\/\/gruene-wiesbaden.de\/hr\/wirtschaftsfoerderung-und-beschaeftigung\/","og_locale":"hr_HR","og_type":"article","og_title":"Wirtschaftsf\u00f6rderung und Besch\u00e4ftigung - B\u00dcNDNIS 90\/DIE GR\u00dcNEN Wiesbaden","og_url":"https:\/\/gruene-wiesbaden.de\/hr\/wirtschaftsfoerderung-und-beschaeftigung\/","og_site_name":"B\u00dcNDNIS 90\/DIE GR\u00dcNEN Wiesbaden","article_publisher":"https:\/\/www.facebook.com\/gruene.wi","article_published_time":"2025-11-09T22:33:24+00:00","article_modified_time":"2026-04-08T22:29:47+00:00","og_image":[{"width":2560,"height":1707,"url":"https:\/\/gruene-wiesbaden.de\/wp-content\/uploads\/2025\/11\/3.3-Wirtschaftsfoerderung-und-Beschaeftigung-scaled.jpeg","type":"image\/jpeg"}],"author":"admin","twitter_card":"summary_large_image","twitter_misc":{"Napisao\/la":"admin","Procijenjeno vrijeme \u010ditanja":"10 minutes"},"schema":{"@context":"https:\/\/schema.org","@graph":[{"@type":"Article","@id":"https:\/\/gruene-wiesbaden.de\/wirtschaftsfoerderung-und-beschaeftigung\/#article","isPartOf":{"@id":"https:\/\/gruene-wiesbaden.de\/wirtschaftsfoerderung-und-beschaeftigung\/"},"author":{"name":"admin","@id":"https:\/\/gruene-wiesbaden.de\/#\/schema\/person\/6785c34779159cd4fd86886bb097afe9"},"headline":"Wirtschaftsf\u00f6rderung und Besch\u00e4ftigung","datePublished":"2025-11-09T22:33:24+00:00","dateModified":"2026-04-08T22:29:47+00:00","mainEntityOfPage":{"@id":"https:\/\/gruene-wiesbaden.de\/wirtschaftsfoerderung-und-beschaeftigung\/"},"wordCount":3041,"publisher":{"@id":"https:\/\/gruene-wiesbaden.de\/#organization"},"image":{"@id":"https:\/\/gruene-wiesbaden.de\/wirtschaftsfoerderung-und-beschaeftigung\/#primaryimage"},"thumbnailUrl":"https:\/\/gruene-wiesbaden.de\/wp-content\/uploads\/2025\/11\/3.3-Wirtschaftsfoerderung-und-Beschaeftigung-scaled.jpeg","articleSection":["Kapitel 3"],"inLanguage":"hr"},{"@type":"WebPage","@id":"https:\/\/gruene-wiesbaden.de\/wirtschaftsfoerderung-und-beschaeftigung\/","url":"https:\/\/gruene-wiesbaden.de\/wirtschaftsfoerderung-und-beschaeftigung\/","name":"Wirtschaftsf\u00f6rderung und Besch\u00e4ftigung - B\u00dcNDNIS 90\/DIE GR\u00dcNEN Wiesbaden","isPartOf":{"@id":"https:\/\/gruene-wiesbaden.de\/#website"},"primaryImageOfPage":{"@id":"https:\/\/gruene-wiesbaden.de\/wirtschaftsfoerderung-und-beschaeftigung\/#primaryimage"},"image":{"@id":"https:\/\/gruene-wiesbaden.de\/wirtschaftsfoerderung-und-beschaeftigung\/#primaryimage"},"thumbnailUrl":"https:\/\/gruene-wiesbaden.de\/wp-content\/uploads\/2025\/11\/3.3-Wirtschaftsfoerderung-und-Beschaeftigung-scaled.jpeg","datePublished":"2025-11-09T22:33:24+00:00","dateModified":"2026-04-08T22:29:47+00:00","breadcrumb":{"@id":"https:\/\/gruene-wiesbaden.de\/wirtschaftsfoerderung-und-beschaeftigung\/#breadcrumb"},"inLanguage":"hr","potentialAction":[{"@type":"ReadAction","target":["https:\/\/gruene-wiesbaden.de\/wirtschaftsfoerderung-und-beschaeftigung\/"]}]},{"@type":"ImageObject","inLanguage":"hr","@id":"https:\/\/gruene-wiesbaden.de\/wirtschaftsfoerderung-und-beschaeftigung\/#primaryimage","url":"https:\/\/gruene-wiesbaden.de\/wp-content\/uploads\/2025\/11\/3.3-Wirtschaftsfoerderung-und-Beschaeftigung-scaled.jpeg","contentUrl":"https:\/\/gruene-wiesbaden.de\/wp-content\/uploads\/2025\/11\/3.3-Wirtschaftsfoerderung-und-Beschaeftigung-scaled.jpeg","width":2560,"height":1707},{"@type":"BreadcrumbList","@id":"https:\/\/gruene-wiesbaden.de\/wirtschaftsfoerderung-und-beschaeftigung\/#breadcrumb","itemListElement":[{"@type":"ListItem","position":1,"name":"Startseite","item":"https:\/\/gruene-wiesbaden.de\/"},{"@type":"ListItem","position":2,"name":"Wirtschaftsf\u00f6rderung und Besch\u00e4ftigung"}]},{"@type":"WebSite","@id":"https:\/\/gruene-wiesbaden.de\/#website","url":"https:\/\/gruene-wiesbaden.de\/","name":"DIE GR\u00dcNEN Wiesbaden","description":"","publisher":{"@id":"https:\/\/gruene-wiesbaden.de\/#organization"},"potentialAction":[{"@type":"SearchAction","target":{"@type":"EntryPoint","urlTemplate":"https:\/\/gruene-wiesbaden.de\/?s={search_term_string}"},"query-input":{"@type":"PropertyValueSpecification","valueRequired":true,"valueName":"search_term_string"}}],"inLanguage":"hr"},{"@type":"Organization","@id":"https:\/\/gruene-wiesbaden.de\/#organization","name":"DIE GR\u00dcNEN Wiesbaden","url":"https:\/\/gruene-wiesbaden.de\/","logo":{"@type":"ImageObject","inLanguage":"hr","@id":"https:\/\/gruene-wiesbaden.de\/#\/schema\/logo\/image\/","url":"https:\/\/gruene-wiesbaden-fuer-europa.de\/wp-content\/uploads\/2024\/04\/Machen-was-zaehlt-5.png","contentUrl":"https:\/\/gruene-wiesbaden-fuer-europa.de\/wp-content\/uploads\/2024\/04\/Machen-was-zaehlt-5.png","width":1772,"height":1772,"caption":"DIE GR\u00dcNEN Wiesbaden"},"image":{"@id":"https:\/\/gruene-wiesbaden.de\/#\/schema\/logo\/image\/"},"sameAs":["https:\/\/www.facebook.com\/gruene.wi","https:\/\/instagram.com\/gruene_wi"]},{"@type":"Person","@id":"https:\/\/gruene-wiesbaden.de\/#\/schema\/person\/6785c34779159cd4fd86886bb097afe9","name":"admin","sameAs":["http:\/\/gruene-wiesbaden-fuer-europa.de"],"url":"https:\/\/gruene-wiesbaden.de\/hr\/author\/admin\/"}]}},"_links":{"self":[{"href":"https:\/\/gruene-wiesbaden.de\/hr\/wp-json\/wp\/v2\/posts\/1380","targetHints":{"allow":["GET"]}}],"collection":[{"href":"https:\/\/gruene-wiesbaden.de\/hr\/wp-json\/wp\/v2\/posts"}],"about":[{"href":"https:\/\/gruene-wiesbaden.de\/hr\/wp-json\/wp\/v2\/types\/post"}],"author":[{"embeddable":true,"href":"https:\/\/gruene-wiesbaden.de\/hr\/wp-json\/wp\/v2\/users\/1"}],"replies":[{"embeddable":true,"href":"https:\/\/gruene-wiesbaden.de\/hr\/wp-json\/wp\/v2\/comments?post=1380"}],"version-history":[{"count":7,"href":"https:\/\/gruene-wiesbaden.de\/hr\/wp-json\/wp\/v2\/posts\/1380\/revisions"}],"predecessor-version":[{"id":2381,"href":"https:\/\/gruene-wiesbaden.de\/hr\/wp-json\/wp\/v2\/posts\/1380\/revisions\/2381"}],"wp:featuredmedia":[{"embeddable":true,"href":"https:\/\/gruene-wiesbaden.de\/hr\/wp-json\/wp\/v2\/media\/1566"}],"wp:attachment":[{"href":"https:\/\/gruene-wiesbaden.de\/hr\/wp-json\/wp\/v2\/media?parent=1380"}],"wp:term":[{"taxonomy":"category","embeddable":true,"href":"https:\/\/gruene-wiesbaden.de\/hr\/wp-json\/wp\/v2\/categories?post=1380"},{"taxonomy":"post_tag","embeddable":true,"href":"https:\/\/gruene-wiesbaden.de\/hr\/wp-json\/wp\/v2\/tags?post=1380"}],"curies":[{"name":"wp","href":"https:\/\/api.w.org\/{rel}","templated":true}]}}