{"id":1378,"date":"2025-11-10T00:32:20","date_gmt":"2025-11-09T22:32:20","guid":{"rendered":"https:\/\/gruene-wiesbaden.de\/?p=1378"},"modified":"2026-04-09T00:27:51","modified_gmt":"2026-04-08T22:27:51","slug":"wiesbaden-als-attraktiver-wirtschaftsstandort","status":"publish","type":"post","link":"https:\/\/gruene-wiesbaden.de\/hr\/wiesbaden-als-attraktiver-wirtschaftsstandort\/","title":{"rendered":"Wiesbaden kao atraktivna poslovna lokacija"},"content":{"rendered":"<section class=\"l-section wpb_row height_medium with_img\"><div class=\"l-section-img\" role=\"img\" data-img-width=\"1080\" data-img-height=\"800\" style=\"background-image: url(https:\/\/gruene-wiesbaden.de\/wp-content\/uploads\/2025\/11\/neuer-Verlauf-gruene-wiesbaden.de_-2-e1762709402177.png);\"><\/div><div class=\"l-section-overlay\" style=\"background:var(--color-header-top-transparent-bg)\"><\/div><div class=\"l-section-h i-cf\"><div class=\"g-cols vc_row via_grid cols_1 laptops-cols_inherit tablets-cols_inherit mobiles-cols_1 valign_top type_default stacking_default\"><div class=\"wpb_column vc_column_container\"><div class=\"vc_column-inner\"><h1 class=\"w-post-elm post_title us_custom_a574d586 has_text_color entry-title\">Wiesbaden kao atraktivna poslovna lokacija<\/h1><div class=\"w-separator size_medium\"><\/div><div class=\"g-cols wpb_row via_grid cols_2-1 laptops-cols_inherit tablets-cols_inherit mobiles-cols_1 valign_top type_default stacking_default\" style=\"--columns-gap:3rem;\"><div class=\"wpb_column vc_column_container\"><div class=\"vc_column-inner\"><div class=\"wpb_text_column us_custom_8b3d6790 has_text_color\"><div class=\"wpb_wrapper\"><p><span style=\"font-weight: 400;\">Sna\u017eno lokalno gospodarstvo osigurava dobra radna mjesta, inovacije i kvalitetu \u017eivota, a u tome klju\u010dnu ulogu imaju op\u0107inske odluke. Mi GR\u00dcNE strate\u0161ki osmi\u0161ljavamo komercijalne prostore, promi\u010demo novoosnovana poduze\u0107a, digitalizaciju i razvoj kvalificiranih radnika, podupiremo odr\u017eivi rast i poduze\u0107a koja \u0161tede resurse. Istodobno ja\u010damo raznolikost, dru\u0161tveno sudjelovanje i suradnju s obrtima, industrijom, obrazovanjem i kulturom. Aktivnim dizajnom sredi\u0161ta grada, me\u0111uop\u0107inskom suradnjom i ciljanim ulaganjima stvaramo privla\u010dno okru\u017eenje za poduze\u0107a i gra\u0111ane. Na\u0161 cilj: Pozicija Wiesbaden kao otporna, inovativna, ekolo\u0161ki odgovorna i \u017eivahna lokacija koja odr\u017eivo kombinira poslovanje, zapo\u0161ljavanje i kvalitetu \u017eivota.<\/span><\/p>\n<\/div><\/div><div class=\"w-separator size_medium\"><\/div><div class=\"w-btn-wrapper align_left\"><a class=\"w-btn us-btn-style_8 icon_atleft\" href=\"https:\/\/gruene-wiesbaden.de\/hr\/kommunalwahl\/#Kapitel3\"><i class=\"fas fa-chevron-circle-right\"><\/i><span class=\"w-btn-label\">Povratak na pregled<\/span><\/a><\/div><\/div><\/div><div class=\"wpb_column vc_column_container\"><div class=\"vc_column-inner\"><div class=\"w-image align_center\"><div class=\"w-image-h\"><img decoding=\"async\" width=\"2560\" height=\"1707\" src=\"https:\/\/gruene-wiesbaden.de\/wp-content\/uploads\/2025\/11\/3.2-Wiesbaden-als-attraktiver-Wirtschaftsstandort-scaled.jpg\" class=\"attachment-full size-full\" alt=\"\" loading=\"lazy\" srcset=\"https:\/\/gruene-wiesbaden.de\/wp-content\/uploads\/2025\/11\/3.2-Wiesbaden-als-attraktiver-Wirtschaftsstandort-scaled.jpg 2560w, https:\/\/gruene-wiesbaden.de\/wp-content\/uploads\/2025\/11\/3.2-Wiesbaden-als-attraktiver-Wirtschaftsstandort-400x267.jpg 400w, https:\/\/gruene-wiesbaden.de\/wp-content\/uploads\/2025\/11\/3.2-Wiesbaden-als-attraktiver-Wirtschaftsstandort-600x400.jpg 600w\" sizes=\"auto, (max-width: 2560px) 100vw, 2560px\" \/><\/div><\/div><div class=\"w-separator size_small\"><\/div><\/div><\/div><\/div><div class=\"w-separator size_medium\"><\/div><div class=\"w-separator size_medium\"><\/div><div class=\"wpb_text_column\"><div class=\"wpb_wrapper\"><h1>Ono \u0161to smatramo atraktivnom i odr\u017eivom poslovnom lokacijom<\/h1>\n<\/div><\/div><div class=\"w-separator size_large\"><\/div><div class=\"g-cols wpb_row via_grid cols_2 laptops-cols_inherit tablets-cols_inherit mobiles-cols_1 valign_top type_default stacking_default\" style=\"--columns-gap:3rem;\"><div class=\"wpb_column vc_column_container\"><div class=\"vc_column-inner\"><div class=\"w-iconbox us_custom_8b3d6790 has_text_color iconpos_left style_default color_custom align_left\"><div class=\"w-iconbox-icon\" style=\"font-size:2rem;--icon-color:#Ffffff;--icon-bg-color:var(--color-header-middle-bg);\"><i class=\"fas fa-layer-group\"><\/i><\/div><div class=\"w-iconbox-meta\"><h4 class=\"w-iconbox-title\" style=\"font-size:1.5rem;\">Raznolikost i otpornost<\/h4><div class=\"w-iconbox-text\"><p><span style=\"font-weight: 400;\">Osnovana poduze\u0107a iz \u0161irokog raspona industrija te okru\u017eenje pogodno za novoosnovana poduze\u0107a i inovacije ja\u010daju otpornost na\u0161eg lokalnog gospodarstva.<\/span><\/p>\n<\/div><\/div><\/div><\/div><\/div><div class=\"wpb_column vc_column_container\"><div class=\"vc_column-inner\"><div class=\"w-iconbox us_custom_8b3d6790 has_text_color iconpos_left style_default color_custom align_left\"><div class=\"w-iconbox-icon\" style=\"font-size:2rem;--icon-color:#Ffffff;--icon-bg-color:var(--color-header-transparent-text);\"><i class=\"fas fa-layer-group\"><\/i><\/div><div class=\"w-iconbox-meta\"><h4 class=\"w-iconbox-title\" style=\"font-size:1.5rem;\">Odr\u017eivost i svijest o okoli\u0161u<\/h4><div class=\"w-iconbox-text\"><p><span style=\"font-weight: 400;\">Dostupnost klimatski neutralne energije, ponude odr\u017eive mobilnosti i u\u010dinkovito kori\u0161tenje postoje\u0107eg zemlji\u0161nog potencijala va\u017eni su preduvjeti za odr\u017eivi rast i ekolo\u0161ki odgovoran gospodarski razvoj.<\/span><\/p>\n<\/div><\/div><\/div><\/div><\/div><\/div><div class=\"w-separator size_medium\"><\/div><div class=\"g-cols wpb_row via_grid cols_2 laptops-cols_inherit tablets-cols_inherit mobiles-cols_1 valign_top type_default stacking_default\" style=\"--columns-gap:3rem;\"><div class=\"wpb_column vc_column_container\"><div class=\"vc_column-inner\"><div class=\"w-iconbox us_custom_8b3d6790 has_text_color iconpos_left style_default color_custom align_left\"><div class=\"w-iconbox-icon\" style=\"font-size:2rem;--icon-color:#Ffffff;--icon-bg-color:var(--color-header-transparent-text);\"><i class=\"fas fa-layer-group\"><\/i><\/div><div class=\"w-iconbox-meta\"><h4 class=\"w-iconbox-title\" style=\"font-size:1.5rem;\">Jednake mogu\u0107nosti i sudjelovanje<\/h4><div class=\"w-iconbox-text\"><p><span style=\"font-weight: 400;\">Pravedna javna nabava, prilago\u0111ena potpora osniva\u010dima, zapo\u0161ljavanje mladih talenata i kvalificiranih radnika te potpora socijalnim inovacijama osiguravaju jednake gospodarske mogu\u0107nosti.<\/span><\/p>\n<\/div><\/div><\/div><\/div><\/div><div class=\"wpb_column vc_column_container\"><div class=\"vc_column-inner\"><div class=\"w-iconbox us_custom_8b3d6790 has_text_color iconpos_left style_default color_custom align_left\"><div class=\"w-iconbox-icon\" style=\"font-size:2rem;--icon-color:#Ffffff;--icon-bg-color:var(--color-header-middle-bg);\"><i class=\"fas fa-layer-group\"><\/i><\/div><div class=\"w-iconbox-meta\"><h4 class=\"w-iconbox-title\" style=\"font-size:1.5rem;\">Inovacije i digitalizacija<\/h4><div class=\"w-iconbox-text\"><p><span style=\"font-weight: 400;\">Novoosnovana poduze\u0107a, tehnolo\u0161ka poduze\u0107a, projekti pametnih gradova i digitalne usluge promi\u010du budu\u0107u odr\u017eivost, umre\u017eavanje i gospodarsku konkurentnost.<\/span><\/p>\n<\/div><\/div><\/div><\/div><\/div><\/div><div class=\"w-separator size_medium\"><\/div><div class=\"g-cols wpb_row via_grid cols_2 laptops-cols_inherit tablets-cols_inherit mobiles-cols_1 valign_top type_default stacking_default\" style=\"--columns-gap:3rem;\"><div class=\"wpb_column vc_column_container\"><div class=\"vc_column-inner\"><div class=\"w-iconbox us_custom_8b3d6790 has_text_color iconpos_left style_default color_custom align_left\"><div class=\"w-iconbox-icon\" style=\"font-size:2rem;--icon-color:#Ffffff;--icon-bg-color:var(--color-header-middle-bg);\"><i class=\"fas fa-layer-group\"><\/i><\/div><div class=\"w-iconbox-meta\"><h4 class=\"w-iconbox-title\" style=\"font-size:1.5rem;\">Strate\u0161ko upravljanje i suradnja<\/h4><div class=\"w-iconbox-text\"><p><span style=\"font-weight: 400;\">Ciljani razvoj podru\u010dja, me\u0111uop\u0107inska suradnja i aktivni dizajn unutarnjeg grada omogu\u0107uju u\u010dinkovito kori\u0161tenje resursa i ja\u010daju Wiesbaden kao lokaciju.<\/span><\/p>\n<\/div><\/div><\/div><\/div><\/div><div class=\"wpb_column vc_column_container\"><div class=\"vc_column-inner\"><div class=\"w-iconbox us_custom_8b3d6790 has_text_color iconpos_left style_default color_custom align_left\"><div class=\"w-iconbox-icon\" style=\"font-size:2rem;--icon-color:#Ffffff;--icon-bg-color:var(--color-header-transparent-text);\"><i class=\"fas fa-layer-group\"><\/i><\/div><div class=\"w-iconbox-meta\"><h4 class=\"w-iconbox-title\" style=\"font-size:1.5rem;\">Gospodarska vitalnost kroz kreativnost i poduzetni\u010dki duh<\/h4><div class=\"w-iconbox-text\"><p><span style=\"font-weight: 400;\">Pop-up projekti, inkubatori i kulturno o\u017eivljavanje unutarnjeg grada promi\u010du lokalno gospodarstvo, zapo\u0161ljavanje i inovacijsku kulturu.<\/span><\/p>\n<\/div><\/div><\/div><\/div><\/div><\/div><div class=\"w-separator size_medium\"><\/div><div class=\"g-cols wpb_row via_grid cols_2 laptops-cols_inherit tablets-cols_inherit mobiles-cols_1 valign_top type_default stacking_default\" style=\"--columns-gap:3rem;\"><div class=\"wpb_column vc_column_container\"><div class=\"vc_column-inner\"><div class=\"w-iconbox us_custom_8b3d6790 has_text_color iconpos_left style_default color_custom align_left\"><div class=\"w-iconbox-icon\" style=\"font-size:2rem;--icon-color:#Ffffff;--icon-bg-color:var(--color-header-transparent-text);\"><i class=\"fas fa-layer-group\"><\/i><\/div><div class=\"w-iconbox-meta\"><h4 class=\"w-iconbox-title\" style=\"font-size:1.5rem;\">Zdravstvo kao pokreta\u010d rasta<\/h4><div class=\"w-iconbox-text\"><p><span style=\"font-weight: 400;\">Promicanjem medicinske infrastrukture, prevencije i inovacija ja\u010da se odr\u017eiva industrija usmjerena na budu\u0107nost.<\/span><\/p>\n<\/div><\/div><\/div><\/div><\/div><div class=\"wpb_column vc_column_container\"><div class=\"vc_column-inner\"><\/div><\/div><\/div><div class=\"w-separator size_medium\"><\/div><div class=\"w-btn-wrapper align_left\"><a class=\"w-btn us-btn-style_8 icon_atleft\" href=\"https:\/\/gruene-wiesbaden.de\/hr\/kommunalwahl\/#Kapitel3\"><i class=\"fas fa-chevron-circle-right\"><\/i><span class=\"w-btn-label\">Povratak na pregled<\/span><\/a><\/div><div class=\"w-separator size_medium\"><\/div><\/div><\/div><\/div><\/div><\/section><section class=\"l-section wpb_row height_auto with_img\"><div class=\"l-section-img\" role=\"img\" data-img-width=\"2560\" data-img-height=\"1707\" style=\"background-image: url(https:\/\/gruene-wiesbaden.de\/wp-content\/uploads\/2025\/11\/3.2-Wiesbaden-als-attraktiver-Wirtschaftsstandort-scaled.jpg);background-repeat: no-repeat;\"><\/div><div class=\"l-section-overlay\" style=\"background:var(--color-header-top-transparent-bg)\"><\/div><div class=\"l-section-h i-cf\"><div class=\"g-cols vc_row via_grid cols_1 laptops-cols_inherit tablets-cols_inherit mobiles-cols_1 valign_middle type_default stacking_default\" style=\"--columns-gap:1rem;\"><div class=\"wpb_column vc_column_container\"><div class=\"vc_column-inner\"><div class=\"w-separator size_large\"><\/div><div class=\"wpb_text_column background_inside_text\"><div class=\"wpb_wrapper\"><h1>\u0160to konkretno \u017eelimo u\u010diniti u ovom podru\u010dju<\/h1>\n<\/div><\/div><div class=\"w-separator size_medium\"><\/div><div class=\"w-tabs us_custom_42d693a0 has_text_color style_default switch_click accordion has_scrolling\" style=\"--sections-title-size:1.4rem\"><div class=\"w-tabs-sections titles-align_none icon_chevron cpos_right\"><div class=\"w-tabs-section has_text_color\" id=\"w0cd\" style=\"background:var(--color-header-transparent-text);color:var(--color-header-top-text-hover);\"><button class=\"w-tabs-section-header\" aria-controls=\"content-w0cd\" aria-expanded=\"false\"><div class=\"w-tabs-section-title\">Otpornost putem raznolikosti<\/div><div class=\"w-tabs-section-control\"><\/div><\/button><div  class=\"w-tabs-section-content\" id=\"content-w0cd\"><div class=\"w-tabs-section-content-h i-cf\"><div class=\"wpb_text_column\"><div class=\"wpb_wrapper\"><p><span style=\"font-weight: 400;\">Gospodarstvo Wiesbadena karakterizira velika raznolikost industrija koje \u017eelimo o\u010duvati. Time se osigurava otpornost u kriznim vremenima. To uklju\u010duje, me\u0111u ostalim, financije i osiguranje, industriju, zdravstvenu skrb i kreativne industrije.<\/span><\/p>\n<\/div><\/div><\/div><\/div><\/div><div class=\"w-tabs-section has_text_color\" id=\"v1e6\" style=\"background:var(--color-header-transparent-text);color:var(--color-header-top-text-hover);\"><button class=\"w-tabs-section-header\" aria-controls=\"content-v1e6\" aria-expanded=\"false\"><div class=\"w-tabs-section-title\">Promicanje resursno u\u010dinkovitog rasta lokalnog gospodarstva<\/div><div class=\"w-tabs-section-control\"><\/div><\/button><div  class=\"w-tabs-section-content\" id=\"content-v1e6\"><div class=\"w-tabs-section-content-h i-cf\"><div class=\"wpb_text_column\"><div class=\"wpb_wrapper\"><p><span style=\"font-weight: 400;\">Mi Zeleni \u017eelimo unaprijediti transformaciju i poduprijeti tranziciju prema klimatski neutralnim energijama, kao i digitalnu transformaciju. \u017delimo inspirirati tvrtke iz tih podru\u010dja za Wiesbaden.<\/span><\/p>\n<\/div><\/div><\/div><\/div><\/div><div class=\"w-tabs-section has_text_color\" id=\"t302\" style=\"background:var(--color-header-transparent-text);color:var(--color-header-top-text-hover);\"><button class=\"w-tabs-section-header\" aria-controls=\"content-t302\" aria-expanded=\"false\"><div class=\"w-tabs-section-title\">Sveobuhvatno pobolj\u0161anje lokacijskih uvjeta<\/div><div class=\"w-tabs-section-control\"><\/div><\/button><div  class=\"w-tabs-section-content\" id=\"content-t302\"><div class=\"w-tabs-section-content-h i-cf\"><div class=\"wpb_text_column\"><div class=\"wpb_wrapper\"><p><span style=\"font-weight: 400;\">Sveobuhvatno razumijemo dobre uvjete lokacije. Osim dostupnog komercijalnog prostora, to uklju\u010duje dobru prometnu infrastrukturu (uklju\u010duju\u0107i dobar javni prijevoz i biciklisti\u010dke rute), sigurnu i cjenovno pristupa\u010dnu opskrbu energijom, br\u017ee postupke odobravanja u gradu, primjerice putem digitalizacije, mogu\u0107nosti zapo\u0161ljavanja i studiranja za mlade, kao i sve \u0161to odr\u017eava kvalificirane radnike u na\u0161em gradu: pristupa\u010dni apartmani, dobre \u0161kole i sadr\u017eaji za skrb o djeci, atraktivna kulturna i rekreativna ponuda, \u010dist zrak, puno zelenila i provodljiv javni prostor.<\/span><\/p>\n<\/div><\/div><\/div><\/div><\/div><div class=\"w-tabs-section has_text_color\" id=\"b429\" style=\"background:var(--color-header-middle-bg);color:var(--color-content-heading);\"><button class=\"w-tabs-section-header\" aria-controls=\"content-b429\" aria-expanded=\"false\"><div class=\"w-tabs-section-title\">Promocija Wiesbadena kao start-up lokacije<\/div><div class=\"w-tabs-section-control\"><\/div><\/button><div  class=\"w-tabs-section-content\" id=\"content-b429\"><div class=\"w-tabs-section-content-h i-cf\"><div class=\"wpb_text_column\"><div class=\"wpb_wrapper\"><p><span style=\"font-weight: 400;\">\u017divahna, inovativna startup scena nadahnjuje gospodarstvo. Ali osniva\u010di tako\u0111er trebaju prilago\u0111ene savjete i podr\u0161ku na putu da postanu uspje\u0161na tvrtka. \u017delimo dodatno oja\u010dati i odr\u017eati ekosustav osniva\u010da, koji smo ve\u0107 pokrenuli u posljednjem parlamentarnom sazivu, zajedno s akterima s start-up scene. U centru za novoosnovana poduze\u0107a i inovacije \u201eHeimathafen\u201d (Stari sud) centar za novoosnovana poduze\u0107a koja se bave socijalnim pitanjima i odr\u017eivo\u0161\u0107u treba rasti kao jezgra novih poduzetni\u010dkih rje\u0161enja za budu\u0107e socijalne zada\u0107e. Ostale teme uklju\u010duju jeftine urede za osniva\u010de, na primjer u start-up bloku, kao i potporu naslje\u0111ivanju poduze\u0107a.<\/span><\/p>\n<\/div><\/div><\/div><\/div><\/div><div class=\"w-tabs-section has_text_color\" id=\"i542\" style=\"background:var(--color-header-transparent-text);color:var(--color-header-top-text-hover);\"><button class=\"w-tabs-section-header\" aria-controls=\"content-i542\" aria-expanded=\"false\"><div class=\"w-tabs-section-title\">Strate\u0161ki upravljajte poslovnim ustrojem<\/div><div class=\"w-tabs-section-control\"><\/div><\/button><div  class=\"w-tabs-section-content\" id=\"content-i542\"><div class=\"w-tabs-section-content-h i-cf\"><div class=\"wpb_text_column\"><div class=\"wpb_wrapper\"><p><span style=\"font-weight: 400;\">Podru\u010dja su oskudna roba u na\u0161oj vrlo kondenziranoj regiji. Stoga \u017eelimo dodatno razviti profil na\u0161e lokacije i pro\u0161iriti postoje\u0107e prednosti. Uz pomo\u0107 ve\u0107 dogovorenog koncepta razvoja komercijalnog prostora, \u017eelimo udru\u017eiti resurse, razviti strate\u0161ki orijentirano upravljanje naseljem i definirati kriterije za dodjelu urbanog komercijalnog prostora. U tom bi kontekstu va\u017enu ulogu trebali imati socijalni, ekolo\u0161ki i gospodarski kriteriji odr\u017eivosti.<\/span><\/p>\n<\/div><\/div><\/div><\/div><\/div><div class=\"w-tabs-section has_text_color\" id=\"j659\" style=\"background:var(--color-header-middle-bg);color:var(--color-header-middle-text);\"><button class=\"w-tabs-section-header\" aria-controls=\"content-j659\" aria-expanded=\"false\"><div class=\"w-tabs-section-title\">Odr\u017eivi razvoj industrijskih podru\u010dja<\/div><div class=\"w-tabs-section-control\"><\/div><\/button><div  class=\"w-tabs-section-content\" id=\"content-j659\"><div class=\"w-tabs-section-content-h i-cf\"><div class=\"wpb_text_column\"><div class=\"wpb_wrapper\"><p><span style=\"font-weight: 400;\">Mi Zeleni \u017eelimo odr\u017eivo razvijati manje kori\u0161tena industrijska podru\u010dja (npr. na Peterswegu) i stvarati dodatne svemirske i svemirske potencijale, primjerice pove\u0107anjem veli\u010dine podru\u010dja. Mo\u017eemo u\u010dinkovitije koristiti parkirali\u0161ta, primjerice putem sredi\u0161njih parkirali\u0161ta. Osim toga, potrebno je odrediti nove poslovne prostore.<\/span><\/p>\n<\/div><\/div><\/div><\/div><\/div><div class=\"w-tabs-section has_text_color\" id=\"l770\" style=\"background:var(--color-header-transparent-text);color:var(--color-header-top-text-hover);\"><button class=\"w-tabs-section-header\" aria-controls=\"content-l770\" aria-expanded=\"false\"><div class=\"w-tabs-section-title\">Promicanje me\u0111uop\u0107inske suradnje<\/div><div class=\"w-tabs-section-control\"><\/div><\/button><div  class=\"w-tabs-section-content\" id=\"content-l770\"><div class=\"w-tabs-section-content-h i-cf\"><div class=\"wpb_text_column\"><div class=\"wpb_wrapper\"><p><span style=\"font-weight: 400;\">Na\u0161a tvrdnja je: Razmi\u0161ljanje izvan okvira, udru\u017eivanje resursa i iskori\u0161tavanje sinergija u regiji, me\u0111u ostalim u cijeloj Rajni. To se ve\u0107 radi, na primjer, u turizmu (osnivanje odredi\u0161ta Wiesbaden-Rheingau) ili u zajedni\u010dkoj bioelektrani. Tako\u0111er te\u017eimo me\u0111uop\u0107inskoj suradnji u razvoju komercijalnih podru\u010dja (npr. na novom \u010dvori\u0161tu S-Bahn Wallauer Spange).<\/span><\/p>\n<\/div><\/div><\/div><\/div><\/div><div class=\"w-tabs-section has_text_color\" id=\"b89e\" style=\"background:var(--color-header-transparent-text);color:var(--color-header-top-text-hover);\"><button class=\"w-tabs-section-header\" aria-controls=\"content-b89e\" aria-expanded=\"false\"><div class=\"w-tabs-section-title\">Aktivno pratiti promjenu centra grada<\/div><div class=\"w-tabs-section-control\"><\/div><\/button><div  class=\"w-tabs-section-content\" id=\"content-b89e\"><div class=\"w-tabs-section-content-h i-cf\"><div class=\"wpb_text_column\"><div class=\"wpb_wrapper\"><p><span style=\"font-weight: 400;\">Budu\u0107nost sredi\u0161ta grada i sredi\u0161ta okruga temelji se na novoj kombinaciji namjena: Vi\u0161e gastronomije, obrazovanja, kulture i stanovanja, ali i javne upotrebe, kao i novih kreativnih koncepata maloprodaje. Predani smo osiguravanju aktivne, strate\u0161ke uloge op\u0107ine u tom procesu promjene.<\/span><\/p>\n<p><span style=\"font-weight: 400;\">Me\u0111utim, grad ne mo\u017ee kupiti i razviti prazne zgrade (npr. biv\u0161u Galeriju). Stoga podr\u017eavamo sve napore za ponovnu uspostavu trgovine na tim lokacijama i njezino kombiniranje s javnom upotrebom. Okupljamo razli\u010dite aktere, koristimo programe financiranja, uspostavljamo integrirano upravljanje slobodnim radnim mjestima i naseljima te javni prostor \u010dinimo zelenijim i odr\u017eivijim.<\/span><\/p>\n<\/div><\/div><\/div><\/div><\/div><div class=\"w-tabs-section has_text_color\" id=\"z9b4\" style=\"background:var(--color-header-transparent-text);color:var(--color-header-top-text-hover);\"><button class=\"w-tabs-section-header\" aria-controls=\"content-z9b4\" aria-expanded=\"false\"><div class=\"w-tabs-section-title\">Borba protiv slobodnih radnih mjesta u poslovnim nekretninama<\/div><div class=\"w-tabs-section-control\"><\/div><\/button><div  class=\"w-tabs-section-content\" id=\"content-z9b4\"><div class=\"w-tabs-section-content-h i-cf\"><div class=\"wpb_text_column\"><div class=\"wpb_wrapper\"><p><span style=\"font-weight: 400;\">Privremenom upotrebom praznih poduze\u0107a u skladu s pop-up na\u010delom osiguravamo o\u017eivljavanje zajedno s predanim gra\u0111anima i inicijativama. Ovdje postaje vidljiv veliki potencijal kulturnih projekata i projekata izgradnje zajednice.<\/span><\/p>\n<\/div><\/div><\/div><\/div><\/div><div class=\"w-tabs-section has_text_color\" id=\"rac8\" style=\"background:var(--color-header-transparent-text);color:var(--color-header-top-text-hover);\"><button class=\"w-tabs-section-header\" aria-controls=\"content-rac8\" aria-expanded=\"false\"><div class=\"w-tabs-section-title\">Utvr\u0111ivanje statuta o preemptionu za centar grada<\/div><div class=\"w-tabs-section-control\"><\/div><\/button><div  class=\"w-tabs-section-content\" id=\"content-rac8\"><div class=\"w-tabs-section-content-h i-cf\"><div class=\"wpb_text_column\"><div class=\"wpb_wrapper\"><p><span style=\"font-weight: 400;\">Vlasni\u0161tvo nad nekretninama sredi\u0161nji je \u010dimbenik urbanog razvoja. Sa zakonom o pravu prvokupa prema \u00a725 BauGB-u, \u017eelimo ste\u0107i urbani utjecaj na strate\u0161ki va\u017ena podru\u010dja u sredi\u0161tu grada i drugim prikladnim okruzima i probiti \u0161pekulativne cikluse.<\/span><\/p>\n<\/div><\/div><\/div><\/div><\/div><div class=\"w-tabs-section has_text_color\" id=\"abe6\" style=\"background:var(--color-header-transparent-text);color:var(--color-header-top-text-hover);\"><button class=\"w-tabs-section-header\" aria-controls=\"content-abe6\" aria-expanded=\"false\"><div class=\"w-tabs-section-title\">Ja\u010danje zdravstvene industrije kao profila lokacije<\/div><div class=\"w-tabs-section-control\"><\/div><\/button><div  class=\"w-tabs-section-content\" id=\"content-abe6\"><div class=\"w-tabs-section-content-h i-cf\"><div class=\"wpb_text_column\"><div class=\"wpb_wrapper\"><p><span style=\"font-weight: 400;\">Wiesbaden ima velik potencijal u zdravstvenoj industriji sa svojim klinikama, rehabilitacijskim objektima, kupkama i industrijskim zdravstvenim sektorom. Glavnim planom zdravstvenog gospodarstva \u017eelimo osigurati da zdravstveni sektor u Wiesbadenu bude pozicioniran za budu\u0107nost. To uklju\u010duje umre\u017eavanje sudionika, koordinaciju procesa i urbanisti\u010dko planiranje razvojnih podru\u010dja. Dakle, plan objedinjuje politiku, pru\u017eatelje zdravstvene za\u0161tite, poslovanje i istra\u017eivanje kako bi oja\u010dao Wiesbaden kao poslovnu lokaciju u zdravstvenom sektoru i istodobno osigurao i pobolj\u0161ao medicinsku skrb ljudi.<\/span><\/p>\n<\/div><\/div><\/div><\/div><\/div><\/div><\/div><div class=\"w-separator size_medium\"><\/div><div class=\"w-btn-wrapper align_left\"><a class=\"w-btn us-btn-style_8 icon_atleft\" href=\"https:\/\/gruene-wiesbaden.de\/hr\/kommunalwahl\/#Kapitel3\"><i class=\"fas fa-chevron-circle-right\"><\/i><span class=\"w-btn-label\">Povratak na pregled<\/span><\/a><\/div><div class=\"w-separator size_large\"><\/div><div class=\"wpb_text_column\"><div class=\"wpb_wrapper\"><h1>\u0160to smo ve\u0107 postigli<\/h1>\n<\/div><\/div><div class=\"w-separator size_medium\"><\/div><div class=\"w-tabs us_custom_42d693a0 has_text_color style_default switch_click accordion has_scrolling\" style=\"--sections-title-size:1.4rem\"><div class=\"w-tabs-sections titles-align_none icon_chevron cpos_right\"><div class=\"w-tabs-section has_text_color\" id=\"u13d\" style=\"background:var(--color-header-transparent-text);color:var(--color-header-top-text-hover);\"><button class=\"w-tabs-section-header\" aria-controls=\"content-u13d\" aria-expanded=\"false\"><div class=\"w-tabs-section-title\">Koncept razvoja komercijalnog prostora GEKO 2040<\/div><div class=\"w-tabs-section-control\"><\/div><\/button><div  class=\"w-tabs-section-content\" id=\"content-u13d\"><div class=\"w-tabs-section-content-h i-cf\"><div class=\"wpb_text_column\"><div class=\"wpb_wrapper\"><p><span style=\"font-weight: 400;\">S GEKO 2040, Wiesbaden po prvi put ima strate\u0161ki koncept za sustavnu i odr\u017eivu kontrolu razvoja komercijalnog prostora. Time \u0107e se analizirati postoje\u0107e zemlji\u0161te, utvrditi budu\u0107e potrebe i razviti kriteriji za ekolo\u0161ki, dru\u0161tveno i gospodarski odr\u017eivo kori\u0161tenje. Na taj na\u010din sprje\u010davamo prekrivanje zemlji\u0161ta, ja\u010damo naseljavanje odr\u017eivih poduze\u0107a i osiguravamo dobra radna mjesta na lokaciji. GEKO 2040 sredi\u0161nji je sastavni dio otporne i klimatski prihvatljive gospodarske politike u na\u0161em gradu.<\/span><\/p>\n<\/div><\/div><\/div><\/div><\/div><div class=\"w-tabs-section has_text_color\" id=\"f256\" style=\"background:var(--color-header-transparent-text);color:var(--color-header-top-text-hover);\"><button class=\"w-tabs-section-header\" aria-controls=\"content-f256\" aria-expanded=\"false\"><div class=\"w-tabs-section-title\">Industrijski savjetodavni odbor<\/div><div class=\"w-tabs-section-control\"><\/div><\/button><div  class=\"w-tabs-section-content\" id=\"content-f256\"><div class=\"w-tabs-section-content-h i-cf\"><div class=\"wpb_text_column\"><div class=\"wpb_wrapper\"><p><span style=\"font-weight: 400;\">S Industrijskim savjetodavnim odborom koji je pokrenuo grad Wiesbaden kao op\u0107insko tijelo, stvorili smo obvezuju\u0107i dijalog izme\u0111u politike, uprave i industrije. Pod vodstvom na\u0161eg zelenog predstavnika i gradona\u010delnika Savjetodavni odbor za industriju okuplja poduze\u0107a, komore, sindikate i akademsku zajednicu kako bi zajedno radili na odr\u017eivoj gospodarskoj preobrazbi. Umjesto pojedina\u010dnih interesa naglasak je na suradnji, za\u0161titi klime i osiguravanju kvalificiranih radnika. Na taj na\u010din aktivno oblikujemo budu\u0107nost industrije u Wiesbadenu \u2013 transparentno, u partnerstvu i u skladu s odgovorno\u0161\u0107u za okoli\u0161 i socijalnom pravdom.<\/span><\/p>\n<\/div><\/div><\/div><\/div><\/div><div class=\"w-tabs-section has_text_color\" id=\"v3a2\" style=\"background:var(--color-header-transparent-text);color:var(--color-header-top-text-hover);\"><button class=\"w-tabs-section-header\" aria-controls=\"content-v3a2\" aria-expanded=\"false\"><div class=\"w-tabs-section-title\">Strate\u0161ki oja\u010dati Wiesbaden kao industrijsku lokaciju<\/div><div class=\"w-tabs-section-control\"><\/div><\/button><div  class=\"w-tabs-section-content\" id=\"content-v3a2\"><div class=\"w-tabs-section-content-h i-cf\"><div class=\"wpb_text_column\"><div class=\"wpb_wrapper\"><p><span style=\"font-weight: 400;\">S industrijskom studijom u Wiesbadenu prvi smo put sveobuhvatno analizirali potrebe i potencijale na\u0161e lokalne industrije. Rezultati \u0107e biti dostupni do kraja 2025. Cilj je studije pru\u017eiti pouzdane podatke o \u010dimbenicima lokacije, osiguravanju kvalificiranih radnika i razvojnim trendovima. Na temelju njih mo\u017eemo izvu\u0107i konkretne preporuke za djelovanje i uklju\u010diti ih u lokalnu gospodarsku politiku. Na taj na\u010din ja\u010damo konkurentnost Wiesbadenove industrije, osiguravamo radna mjesta, promi\u010demo inovacije i stvaramo temelje za odr\u017eivu i odr\u017eivu industriju u Wiesbadenu.<\/span><\/p>\n<\/div><\/div><\/div><\/div><\/div><div class=\"w-tabs-section has_text_color\" id=\"w4b7\" style=\"background:var(--color-header-middle-bg);color:var(--color-content-heading);\"><button class=\"w-tabs-section-header\" aria-controls=\"content-w4b7\" aria-expanded=\"false\"><div class=\"w-tabs-section-title\">Stra\u017enja strana za startupe<\/div><div class=\"w-tabs-section-control\"><\/div><\/button><div  class=\"w-tabs-section-content\" id=\"content-w4b7\"><div class=\"w-tabs-section-content-h i-cf\"><div class=\"wpb_text_column\"><div class=\"wpb_wrapper\"><p><span style=\"font-weight: 400;\">Wiesbaden je stigao na kartu osniva\u010da \u017eari\u0161nih to\u010daka: To se osigurava prilago\u0111enim ponudama potpore, \u0161irokom mre\u017eom, kontaktima s ulaga\u010dima i Starim sudom kao inovacijskim centrom.<\/span><\/p>\n<\/div><\/div><\/div><\/div><\/div><div class=\"w-tabs-section has_text_color\" id=\"z5dd\" style=\"background:var(--color-header-transparent-text);color:var(--color-header-top-text-hover);\"><button class=\"w-tabs-section-header\" aria-controls=\"content-z5dd\" aria-expanded=\"false\"><div class=\"w-tabs-section-title\">Bespovratna sredstva za pokretanje poduze\u0107a InnoStartWi<\/div><div class=\"w-tabs-section-control\"><\/div><\/button><div  class=\"w-tabs-section-content\" id=\"content-z5dd\"><div class=\"w-tabs-section-content-h i-cf\"><div class=\"wpb_text_column\"><div class=\"wpb_wrapper\"><p><span style=\"font-weight: 400;\">Uz InnoStartWi start-up grant, na\u0161 grad posebno podr\u017eava ljude koji \u017eele pokrenuti inovativne, odr\u017eive ili dru\u0161tvene poslovne ideje u Wiesbadenu. Oni primaju do 1.000 eura mjese\u010dno za dvanaest mjeseci kako bi proveli svoje ideje bez financijskog pritiska. To stvara po\u0161ten po\u010detak za sve, bez obzira na vlastiti kapital. Time se ja\u010da raznolika start-up kultura, promi\u010du odr\u017eive poslovne ideje i pridonosi tome da Wiesbaden ostane privla\u010dno mjesto za poduze\u0107a usmjerena na budu\u0107nost.<\/span><\/p>\n<\/div><\/div><\/div><\/div><\/div><div class=\"w-tabs-section has_text_color\" id=\"v703\" style=\"background:var(--color-header-transparent-text);color:var(--color-header-top-text-hover);\"><button class=\"w-tabs-section-header\" aria-controls=\"content-v703\" aria-expanded=\"false\"><div class=\"w-tabs-section-title\">StartAward Wiesbaden 2024<\/div><div class=\"w-tabs-section-control\"><\/div><\/button><div  class=\"w-tabs-section-content\" id=\"content-v703\"><div class=\"w-tabs-section-content-h i-cf\"><div class=\"wpb_text_column\"><div class=\"wpb_wrapper\"><p><span style=\"font-weight: 400;\">Uz StartAward 2024, stavili smo Wiesbadenovu osniva\u010dku scenu u sredi\u0161te pozornosti. Vi\u0161e od 55 prijava pokazuje: Na\u0161 grad je pun pametnih, kreativnih i poduzetni\u010dkih umova. Nagradom se priznaju inovativni poslovni modeli koji oblikuju budu\u0107nost, bilo u podru\u010djima odr\u017eivosti, digitalizacije ili socijalnih inovacija. Posebno posebna nagrada \u201eUtjecaj\u201d pokazuje da gospodarski uspjeh i socijalna dodana vrijednost idu ruku pod ruku. Time \u0161aljemo zeleni signal za odgovorno, pravedno i odr\u017eivo gospodarstvo.<\/span><\/p>\n<\/div><\/div><\/div><\/div><\/div><div class=\"w-tabs-section has_text_color\" id=\"z834\" style=\"background:var(--color-header-transparent-text);color:var(--color-header-top-text-hover);\"><button class=\"w-tabs-section-header\" aria-controls=\"content-z834\" aria-expanded=\"false\"><div class=\"w-tabs-section-title\">Makerspace Wiesbaden \u2013 op\u0107inska potpora kreativnosti i tehnologiji<\/div><div class=\"w-tabs-section-control\"><\/div><\/button><div  class=\"w-tabs-section-content\" id=\"content-z834\"><div class=\"w-tabs-section-content-h i-cf\"><div class=\"wpb_text_column\"><div class=\"wpb_wrapper\"><p><span style=\"font-weight: 400;\">Makerspace Wiesbaden aktivno podr\u017eava grad: Op\u0107inska sredstva osiguravaju infrastrukturu, tro\u0161kove najma i javne prostore u kojima se odr\u017eavaju radionice, redovni stolovi i projektne ponude. Na primjer, grad omogu\u0107uje studentima, mladim odraslim osobama i ljubiteljima tehnologije da u\u010de na prakti\u010dan na\u010din, provode vlastite ideje i grade mre\u017ee. Politika tako stvara \u017eivo mjesto u\u010denja i inovacija koje odr\u017eivo ja\u010da tehnolo\u0161ki entuzijazam, kreativnost i zajednicu u Wiesbadenu.<\/span><\/p>\n<\/div><\/div><\/div><\/div><\/div><div class=\"w-tabs-section has_text_color\" id=\"r94d\" style=\"background:var(--color-header-transparent-text);color:var(--color-header-top-text-hover);\"><button class=\"w-tabs-section-header\" aria-controls=\"content-r94d\" aria-expanded=\"false\"><div class=\"w-tabs-section-title\">Social &amp; Sustainability Hub - Promicanje osniva\u010da kroz op\u0107insku strategiju<\/div><div class=\"w-tabs-section-control\"><\/div><\/button><div  class=\"w-tabs-section-content\" id=\"content-r94d\"><div class=\"w-tabs-section-content-h i-cf\"><div class=\"wpb_text_column\"><div class=\"wpb_wrapper\"><p><span style=\"font-weight: 400;\">Socijalni centar i centar za odr\u017eivost (S3HW) rezultat je ciljane op\u0107inske potpore novoosnovanim poduze\u0107ima: Grad je 2024. pru\u017eao infrastrukturu, pristup mre\u017ei i savjetodavne usluge za potporu dru\u0161tveno-ekolo\u0161ki orijentiranim osniva\u010dima. Te mjere ja\u010daju Wiesbaden kao mjesto za odr\u017eive inovacije, povezuju lokalni gospodarski razvoj s ekolo\u0161kom i dru\u0161tvenom odgovorno\u0161\u0107u te osiguravaju konkurentnost mladih poduze\u0107a u regiji.<\/span><\/p>\n<\/div><\/div><\/div><\/div><\/div><div class=\"w-tabs-section has_text_color\" id=\"ea73\" style=\"background:var(--color-header-transparent-text);color:var(--color-header-top-text-hover);\"><button class=\"w-tabs-section-header\" aria-controls=\"content-ea73\" aria-expanded=\"false\"><div class=\"w-tabs-section-title\">Digitalne usluge za poduze\u0107a<\/div><div class=\"w-tabs-section-control\"><\/div><\/button><div  class=\"w-tabs-section-content\" id=\"content-ea73\"><div class=\"w-tabs-section-content-h i-cf\"><div class=\"wpb_text_column\"><div class=\"wpb_wrapper\"><p><span style=\"font-weight: 400;\">Wiesbaden aktivno podupire poduze\u0107a u njihovoj digitalnoj transformaciji. U svibnju 2025. predstavljen je Obrtni\u010dki program iz Wiesbadena 2030. Uz to, ja\u010damo rukotvorine na\u0161eg grada i pratimo ih posebno u digitalizaciji. Posebno promi\u010de obrtni\u010dke tvrtke \u0161irenjem svjetlovodne infrastrukture i razvojem inovativnih rje\u0161enja za pametne gradove.<\/span><\/p>\n<p><span style=\"font-weight: 400;\">Osim toga, od 2025. ra\u010dunom poduze\u0107a uvest \u0107e se sredi\u0161nji digitalni pristup gradskim uslugama, \u010dime \u0107e se poduze\u0107ima omogu\u0107iti izravan i prakti\u010dan pristup svim relevantnim uslugama.<\/span><\/p>\n<\/div><\/div><\/div><\/div><\/div><div class=\"w-tabs-section has_text_color\" id=\"dba3\" style=\"background:var(--color-header-transparent-text);color:var(--color-header-top-text-hover);\"><button class=\"w-tabs-section-header\" aria-controls=\"content-dba3\" aria-expanded=\"false\"><div class=\"w-tabs-section-title\">WiTECH savez<\/div><div class=\"w-tabs-section-control\"><\/div><\/button><div  class=\"w-tabs-section-content\" id=\"content-dba3\"><div class=\"w-tabs-section-content-h i-cf\"><div class=\"wpb_text_column\"><div class=\"wpb_wrapper\"><p><span style=\"font-weight: 400;\">Savez WiTECH osnovan je u sije\u010dnju 2024. Povezuje tehnolo\u0161ke i IT tvrtke sa sjedi\u0161tem u Wiesbadenu i promi\u010de inovativne, digitalne projekte. Time se stvara sna\u017ean lokalni tehnolo\u0161ki ekosustav koji podupire osniva\u010de, novoosnovana poduze\u0107a i poduze\u0107a te ja\u010da grad kao mjesto digitalnih inovacija.<\/span><\/p>\n<\/div><\/div><\/div><\/div><\/div><div class=\"w-tabs-section has_text_color\" id=\"qccc\" style=\"background:var(--color-header-transparent-text);color:var(--color-header-top-text-hover);\"><button class=\"w-tabs-section-header\" aria-controls=\"content-qccc\" aria-expanded=\"false\"><div class=\"w-tabs-section-title\">Sastanak na vrhu s opti\u010dkim vlaknima<\/div><div class=\"w-tabs-section-control\"><\/div><\/button><div  class=\"w-tabs-section-content\" id=\"content-qccc\"><div class=\"w-tabs-section-content-h i-cf\"><div class=\"wpb_text_column\"><div class=\"wpb_wrapper\"><p><span style=\"font-weight: 400;\">Sastanak na vrhu o opti\u010dkim vlaknima u Hessenu prvi je put odr\u017ean 21. srpnja 2022. u Wiesbadenu. Uz to, oslanjamo se na mo\u0107ne digitalne mre\u017ee za \u0161kole, tvrtke i javne institucije. Ciljanom koordinacijom \u0161irenja i suradnje osiguravamo brzu internetsku infrastrukturu otpornu na promjene u budu\u0107nosti, koja je sredi\u0161nji element za obrazovanje, poslovanje i klimatski prihvatljivu mobilnost.<\/span><\/p>\n<\/div><\/div><\/div><\/div><\/div><\/div><\/div><div class=\"w-separator size_medium\"><\/div><div class=\"w-btn-wrapper align_left\"><a class=\"w-btn us-btn-style_8 icon_atleft\" href=\"https:\/\/gruene-wiesbaden.de\/hr\/kommunalwahl\/#Kapitel3\"><i class=\"fas fa-chevron-circle-right\"><\/i><span class=\"w-btn-label\">Povratak na pregled<\/span><\/a><\/div><div class=\"w-separator size_large\"><\/div><\/div><\/div><\/div><\/div><\/section>","protected":false},"excerpt":{"rendered":"Wiesbaden kao atraktivna poslovna lokacijaSna\u017eno lokalno gospodarstvo osigurava dobra radna mjesta, inovacije i kvalitetu \u017eivota, a lokalne odluke imaju sredi\u0161nju ulogu u tome. Mi GR\u00dcNE strate\u0161ki osmi\u0161ljavamo komercijalne prostore, promi\u010demo novoosnovana poduze\u0107a, digitalizaciju i razvoj kvalificiranih radnika, podupiremo odr\u017eivi rast i poduze\u0107a koja \u0161tede resurse. Istodobno ja\u010damo raznolikost, dru\u0161tveno sudjelovanje i suradnju s obrtima, industrijom, obrazovanjem i kulturom. Kroz aktivni dizajn centra grada,...","protected":false},"author":1,"featured_media":1564,"comment_status":"closed","ping_status":"closed","sticky":false,"template":"","format":"standard","meta":{"footnotes":""},"categories":[16],"tags":[],"class_list":["post-1378","post","type-post","status-publish","format-standard","has-post-thumbnail","hentry","category-kapitel-3"],"yoast_head":"<!-- This site is optimized with the Yoast SEO plugin v27.5 - https:\/\/yoast.com\/product\/yoast-seo-wordpress\/ -->\n<title>Wiesbaden als attraktiver Wirtschaftsstandort - B\u00dcNDNIS 90\/DIE GR\u00dcNEN Wiesbaden<\/title>\n<meta name=\"robots\" content=\"index, follow, max-snippet:-1, max-image-preview:large, max-video-preview:-1\" \/>\n<link rel=\"canonical\" href=\"https:\/\/gruene-wiesbaden.de\/hr\/wiesbaden-als-attraktiver-wirtschaftsstandort\/\" \/>\n<meta property=\"og:locale\" content=\"hr_HR\" \/>\n<meta property=\"og:type\" content=\"article\" \/>\n<meta property=\"og:title\" content=\"Wiesbaden als attraktiver Wirtschaftsstandort - B\u00dcNDNIS 90\/DIE GR\u00dcNEN Wiesbaden\" \/>\n<meta property=\"og:url\" content=\"https:\/\/gruene-wiesbaden.de\/hr\/wiesbaden-als-attraktiver-wirtschaftsstandort\/\" \/>\n<meta property=\"og:site_name\" content=\"B\u00dcNDNIS 90\/DIE GR\u00dcNEN Wiesbaden\" \/>\n<meta property=\"article:publisher\" content=\"https:\/\/www.facebook.com\/gruene.wi\" \/>\n<meta property=\"article:published_time\" content=\"2025-11-09T22:32:20+00:00\" \/>\n<meta property=\"article:modified_time\" content=\"2026-04-08T22:27:51+00:00\" \/>\n<meta property=\"og:image\" content=\"https:\/\/gruene-wiesbaden.de\/wp-content\/uploads\/2025\/11\/3.2-Wiesbaden-als-attraktiver-Wirtschaftsstandort-scaled.jpg\" \/>\n\t<meta property=\"og:image:width\" content=\"2560\" \/>\n\t<meta property=\"og:image:height\" content=\"1707\" \/>\n\t<meta property=\"og:image:type\" content=\"image\/jpeg\" \/>\n<meta name=\"author\" content=\"admin\" \/>\n<meta name=\"twitter:card\" content=\"summary_large_image\" \/>\n<meta name=\"twitter:label1\" content=\"Napisao\/la\" \/>\n\t<meta name=\"twitter:data1\" content=\"admin\" \/>\n\t<meta name=\"twitter:label2\" content=\"Procijenjeno vrijeme \u010ditanja\" \/>\n\t<meta name=\"twitter:data2\" content=\"11 minutes\" \/>\n<script type=\"application\/ld+json\" class=\"yoast-schema-graph\">{\"@context\":\"https:\\\/\\\/schema.org\",\"@graph\":[{\"@type\":\"Article\",\"@id\":\"https:\\\/\\\/gruene-wiesbaden.de\\\/wiesbaden-als-attraktiver-wirtschaftsstandort\\\/#article\",\"isPartOf\":{\"@id\":\"https:\\\/\\\/gruene-wiesbaden.de\\\/wiesbaden-als-attraktiver-wirtschaftsstandort\\\/\"},\"author\":{\"name\":\"admin\",\"@id\":\"https:\\\/\\\/gruene-wiesbaden.de\\\/#\\\/schema\\\/person\\\/6785c34779159cd4fd86886bb097afe9\"},\"headline\":\"Wiesbaden als attraktiver Wirtschaftsstandort\",\"datePublished\":\"2025-11-09T22:32:20+00:00\",\"dateModified\":\"2026-04-08T22:27:51+00:00\",\"mainEntityOfPage\":{\"@id\":\"https:\\\/\\\/gruene-wiesbaden.de\\\/wiesbaden-als-attraktiver-wirtschaftsstandort\\\/\"},\"wordCount\":3216,\"publisher\":{\"@id\":\"https:\\\/\\\/gruene-wiesbaden.de\\\/#organization\"},\"image\":{\"@id\":\"https:\\\/\\\/gruene-wiesbaden.de\\\/wiesbaden-als-attraktiver-wirtschaftsstandort\\\/#primaryimage\"},\"thumbnailUrl\":\"https:\\\/\\\/gruene-wiesbaden.de\\\/wp-content\\\/uploads\\\/2025\\\/11\\\/3.2-Wiesbaden-als-attraktiver-Wirtschaftsstandort-scaled.jpg\",\"articleSection\":[\"Kapitel 3\"],\"inLanguage\":\"hr\"},{\"@type\":\"WebPage\",\"@id\":\"https:\\\/\\\/gruene-wiesbaden.de\\\/wiesbaden-als-attraktiver-wirtschaftsstandort\\\/\",\"url\":\"https:\\\/\\\/gruene-wiesbaden.de\\\/wiesbaden-als-attraktiver-wirtschaftsstandort\\\/\",\"name\":\"Wiesbaden als attraktiver Wirtschaftsstandort - B\u00dcNDNIS 90\\\/DIE GR\u00dcNEN Wiesbaden\",\"isPartOf\":{\"@id\":\"https:\\\/\\\/gruene-wiesbaden.de\\\/#website\"},\"primaryImageOfPage\":{\"@id\":\"https:\\\/\\\/gruene-wiesbaden.de\\\/wiesbaden-als-attraktiver-wirtschaftsstandort\\\/#primaryimage\"},\"image\":{\"@id\":\"https:\\\/\\\/gruene-wiesbaden.de\\\/wiesbaden-als-attraktiver-wirtschaftsstandort\\\/#primaryimage\"},\"thumbnailUrl\":\"https:\\\/\\\/gruene-wiesbaden.de\\\/wp-content\\\/uploads\\\/2025\\\/11\\\/3.2-Wiesbaden-als-attraktiver-Wirtschaftsstandort-scaled.jpg\",\"datePublished\":\"2025-11-09T22:32:20+00:00\",\"dateModified\":\"2026-04-08T22:27:51+00:00\",\"breadcrumb\":{\"@id\":\"https:\\\/\\\/gruene-wiesbaden.de\\\/wiesbaden-als-attraktiver-wirtschaftsstandort\\\/#breadcrumb\"},\"inLanguage\":\"hr\",\"potentialAction\":[{\"@type\":\"ReadAction\",\"target\":[\"https:\\\/\\\/gruene-wiesbaden.de\\\/wiesbaden-als-attraktiver-wirtschaftsstandort\\\/\"]}]},{\"@type\":\"ImageObject\",\"inLanguage\":\"hr\",\"@id\":\"https:\\\/\\\/gruene-wiesbaden.de\\\/wiesbaden-als-attraktiver-wirtschaftsstandort\\\/#primaryimage\",\"url\":\"https:\\\/\\\/gruene-wiesbaden.de\\\/wp-content\\\/uploads\\\/2025\\\/11\\\/3.2-Wiesbaden-als-attraktiver-Wirtschaftsstandort-scaled.jpg\",\"contentUrl\":\"https:\\\/\\\/gruene-wiesbaden.de\\\/wp-content\\\/uploads\\\/2025\\\/11\\\/3.2-Wiesbaden-als-attraktiver-Wirtschaftsstandort-scaled.jpg\",\"width\":2560,\"height\":1707},{\"@type\":\"BreadcrumbList\",\"@id\":\"https:\\\/\\\/gruene-wiesbaden.de\\\/wiesbaden-als-attraktiver-wirtschaftsstandort\\\/#breadcrumb\",\"itemListElement\":[{\"@type\":\"ListItem\",\"position\":1,\"name\":\"Startseite\",\"item\":\"https:\\\/\\\/gruene-wiesbaden.de\\\/\"},{\"@type\":\"ListItem\",\"position\":2,\"name\":\"Wiesbaden als attraktiver Wirtschaftsstandort\"}]},{\"@type\":\"WebSite\",\"@id\":\"https:\\\/\\\/gruene-wiesbaden.de\\\/#website\",\"url\":\"https:\\\/\\\/gruene-wiesbaden.de\\\/\",\"name\":\"DIE GR\u00dcNEN Wiesbaden\",\"description\":\"\",\"publisher\":{\"@id\":\"https:\\\/\\\/gruene-wiesbaden.de\\\/#organization\"},\"potentialAction\":[{\"@type\":\"SearchAction\",\"target\":{\"@type\":\"EntryPoint\",\"urlTemplate\":\"https:\\\/\\\/gruene-wiesbaden.de\\\/?s={search_term_string}\"},\"query-input\":{\"@type\":\"PropertyValueSpecification\",\"valueRequired\":true,\"valueName\":\"search_term_string\"}}],\"inLanguage\":\"hr\"},{\"@type\":\"Organization\",\"@id\":\"https:\\\/\\\/gruene-wiesbaden.de\\\/#organization\",\"name\":\"DIE GR\u00dcNEN Wiesbaden\",\"url\":\"https:\\\/\\\/gruene-wiesbaden.de\\\/\",\"logo\":{\"@type\":\"ImageObject\",\"inLanguage\":\"hr\",\"@id\":\"https:\\\/\\\/gruene-wiesbaden.de\\\/#\\\/schema\\\/logo\\\/image\\\/\",\"url\":\"https:\\\/\\\/gruene-wiesbaden-fuer-europa.de\\\/wp-content\\\/uploads\\\/2024\\\/04\\\/Machen-was-zaehlt-5.png\",\"contentUrl\":\"https:\\\/\\\/gruene-wiesbaden-fuer-europa.de\\\/wp-content\\\/uploads\\\/2024\\\/04\\\/Machen-was-zaehlt-5.png\",\"width\":1772,\"height\":1772,\"caption\":\"DIE GR\u00dcNEN Wiesbaden\"},\"image\":{\"@id\":\"https:\\\/\\\/gruene-wiesbaden.de\\\/#\\\/schema\\\/logo\\\/image\\\/\"},\"sameAs\":[\"https:\\\/\\\/www.facebook.com\\\/gruene.wi\",\"https:\\\/\\\/instagram.com\\\/gruene_wi\"]},{\"@type\":\"Person\",\"@id\":\"https:\\\/\\\/gruene-wiesbaden.de\\\/#\\\/schema\\\/person\\\/6785c34779159cd4fd86886bb097afe9\",\"name\":\"admin\",\"sameAs\":[\"http:\\\/\\\/gruene-wiesbaden-fuer-europa.de\"],\"url\":\"https:\\\/\\\/gruene-wiesbaden.de\\\/hr\\\/author\\\/admin\\\/\"}]}<\/script>\n<!-- \/ Yoast SEO plugin. -->","yoast_head_json":{"title":"Wiesbaden als attraktiver Wirtschaftsstandort - B\u00dcNDNIS 90\/DIE GR\u00dcNEN Wiesbaden","robots":{"index":"index","follow":"follow","max-snippet":"max-snippet:-1","max-image-preview":"max-image-preview:large","max-video-preview":"max-video-preview:-1"},"canonical":"https:\/\/gruene-wiesbaden.de\/hr\/wiesbaden-als-attraktiver-wirtschaftsstandort\/","og_locale":"hr_HR","og_type":"article","og_title":"Wiesbaden als attraktiver Wirtschaftsstandort - B\u00dcNDNIS 90\/DIE GR\u00dcNEN Wiesbaden","og_url":"https:\/\/gruene-wiesbaden.de\/hr\/wiesbaden-als-attraktiver-wirtschaftsstandort\/","og_site_name":"B\u00dcNDNIS 90\/DIE GR\u00dcNEN Wiesbaden","article_publisher":"https:\/\/www.facebook.com\/gruene.wi","article_published_time":"2025-11-09T22:32:20+00:00","article_modified_time":"2026-04-08T22:27:51+00:00","og_image":[{"width":2560,"height":1707,"url":"https:\/\/gruene-wiesbaden.de\/wp-content\/uploads\/2025\/11\/3.2-Wiesbaden-als-attraktiver-Wirtschaftsstandort-scaled.jpg","type":"image\/jpeg"}],"author":"admin","twitter_card":"summary_large_image","twitter_misc":{"Napisao\/la":"admin","Procijenjeno vrijeme \u010ditanja":"11 minutes"},"schema":{"@context":"https:\/\/schema.org","@graph":[{"@type":"Article","@id":"https:\/\/gruene-wiesbaden.de\/wiesbaden-als-attraktiver-wirtschaftsstandort\/#article","isPartOf":{"@id":"https:\/\/gruene-wiesbaden.de\/wiesbaden-als-attraktiver-wirtschaftsstandort\/"},"author":{"name":"admin","@id":"https:\/\/gruene-wiesbaden.de\/#\/schema\/person\/6785c34779159cd4fd86886bb097afe9"},"headline":"Wiesbaden als attraktiver Wirtschaftsstandort","datePublished":"2025-11-09T22:32:20+00:00","dateModified":"2026-04-08T22:27:51+00:00","mainEntityOfPage":{"@id":"https:\/\/gruene-wiesbaden.de\/wiesbaden-als-attraktiver-wirtschaftsstandort\/"},"wordCount":3216,"publisher":{"@id":"https:\/\/gruene-wiesbaden.de\/#organization"},"image":{"@id":"https:\/\/gruene-wiesbaden.de\/wiesbaden-als-attraktiver-wirtschaftsstandort\/#primaryimage"},"thumbnailUrl":"https:\/\/gruene-wiesbaden.de\/wp-content\/uploads\/2025\/11\/3.2-Wiesbaden-als-attraktiver-Wirtschaftsstandort-scaled.jpg","articleSection":["Kapitel 3"],"inLanguage":"hr"},{"@type":"WebPage","@id":"https:\/\/gruene-wiesbaden.de\/wiesbaden-als-attraktiver-wirtschaftsstandort\/","url":"https:\/\/gruene-wiesbaden.de\/wiesbaden-als-attraktiver-wirtschaftsstandort\/","name":"Wiesbaden als attraktiver Wirtschaftsstandort - B\u00dcNDNIS 90\/DIE GR\u00dcNEN Wiesbaden","isPartOf":{"@id":"https:\/\/gruene-wiesbaden.de\/#website"},"primaryImageOfPage":{"@id":"https:\/\/gruene-wiesbaden.de\/wiesbaden-als-attraktiver-wirtschaftsstandort\/#primaryimage"},"image":{"@id":"https:\/\/gruene-wiesbaden.de\/wiesbaden-als-attraktiver-wirtschaftsstandort\/#primaryimage"},"thumbnailUrl":"https:\/\/gruene-wiesbaden.de\/wp-content\/uploads\/2025\/11\/3.2-Wiesbaden-als-attraktiver-Wirtschaftsstandort-scaled.jpg","datePublished":"2025-11-09T22:32:20+00:00","dateModified":"2026-04-08T22:27:51+00:00","breadcrumb":{"@id":"https:\/\/gruene-wiesbaden.de\/wiesbaden-als-attraktiver-wirtschaftsstandort\/#breadcrumb"},"inLanguage":"hr","potentialAction":[{"@type":"ReadAction","target":["https:\/\/gruene-wiesbaden.de\/wiesbaden-als-attraktiver-wirtschaftsstandort\/"]}]},{"@type":"ImageObject","inLanguage":"hr","@id":"https:\/\/gruene-wiesbaden.de\/wiesbaden-als-attraktiver-wirtschaftsstandort\/#primaryimage","url":"https:\/\/gruene-wiesbaden.de\/wp-content\/uploads\/2025\/11\/3.2-Wiesbaden-als-attraktiver-Wirtschaftsstandort-scaled.jpg","contentUrl":"https:\/\/gruene-wiesbaden.de\/wp-content\/uploads\/2025\/11\/3.2-Wiesbaden-als-attraktiver-Wirtschaftsstandort-scaled.jpg","width":2560,"height":1707},{"@type":"BreadcrumbList","@id":"https:\/\/gruene-wiesbaden.de\/wiesbaden-als-attraktiver-wirtschaftsstandort\/#breadcrumb","itemListElement":[{"@type":"ListItem","position":1,"name":"Startseite","item":"https:\/\/gruene-wiesbaden.de\/"},{"@type":"ListItem","position":2,"name":"Wiesbaden als attraktiver Wirtschaftsstandort"}]},{"@type":"WebSite","@id":"https:\/\/gruene-wiesbaden.de\/#website","url":"https:\/\/gruene-wiesbaden.de\/","name":"DIE GR\u00dcNEN Wiesbaden","description":"","publisher":{"@id":"https:\/\/gruene-wiesbaden.de\/#organization"},"potentialAction":[{"@type":"SearchAction","target":{"@type":"EntryPoint","urlTemplate":"https:\/\/gruene-wiesbaden.de\/?s={search_term_string}"},"query-input":{"@type":"PropertyValueSpecification","valueRequired":true,"valueName":"search_term_string"}}],"inLanguage":"hr"},{"@type":"Organization","@id":"https:\/\/gruene-wiesbaden.de\/#organization","name":"DIE GR\u00dcNEN Wiesbaden","url":"https:\/\/gruene-wiesbaden.de\/","logo":{"@type":"ImageObject","inLanguage":"hr","@id":"https:\/\/gruene-wiesbaden.de\/#\/schema\/logo\/image\/","url":"https:\/\/gruene-wiesbaden-fuer-europa.de\/wp-content\/uploads\/2024\/04\/Machen-was-zaehlt-5.png","contentUrl":"https:\/\/gruene-wiesbaden-fuer-europa.de\/wp-content\/uploads\/2024\/04\/Machen-was-zaehlt-5.png","width":1772,"height":1772,"caption":"DIE GR\u00dcNEN Wiesbaden"},"image":{"@id":"https:\/\/gruene-wiesbaden.de\/#\/schema\/logo\/image\/"},"sameAs":["https:\/\/www.facebook.com\/gruene.wi","https:\/\/instagram.com\/gruene_wi"]},{"@type":"Person","@id":"https:\/\/gruene-wiesbaden.de\/#\/schema\/person\/6785c34779159cd4fd86886bb097afe9","name":"admin","sameAs":["http:\/\/gruene-wiesbaden-fuer-europa.de"],"url":"https:\/\/gruene-wiesbaden.de\/hr\/author\/admin\/"}]}},"_links":{"self":[{"href":"https:\/\/gruene-wiesbaden.de\/hr\/wp-json\/wp\/v2\/posts\/1378","targetHints":{"allow":["GET"]}}],"collection":[{"href":"https:\/\/gruene-wiesbaden.de\/hr\/wp-json\/wp\/v2\/posts"}],"about":[{"href":"https:\/\/gruene-wiesbaden.de\/hr\/wp-json\/wp\/v2\/types\/post"}],"author":[{"embeddable":true,"href":"https:\/\/gruene-wiesbaden.de\/hr\/wp-json\/wp\/v2\/users\/1"}],"replies":[{"embeddable":true,"href":"https:\/\/gruene-wiesbaden.de\/hr\/wp-json\/wp\/v2\/comments?post=1378"}],"version-history":[{"count":9,"href":"https:\/\/gruene-wiesbaden.de\/hr\/wp-json\/wp\/v2\/posts\/1378\/revisions"}],"predecessor-version":[{"id":2380,"href":"https:\/\/gruene-wiesbaden.de\/hr\/wp-json\/wp\/v2\/posts\/1378\/revisions\/2380"}],"wp:featuredmedia":[{"embeddable":true,"href":"https:\/\/gruene-wiesbaden.de\/hr\/wp-json\/wp\/v2\/media\/1564"}],"wp:attachment":[{"href":"https:\/\/gruene-wiesbaden.de\/hr\/wp-json\/wp\/v2\/media?parent=1378"}],"wp:term":[{"taxonomy":"category","embeddable":true,"href":"https:\/\/gruene-wiesbaden.de\/hr\/wp-json\/wp\/v2\/categories?post=1378"},{"taxonomy":"post_tag","embeddable":true,"href":"https:\/\/gruene-wiesbaden.de\/hr\/wp-json\/wp\/v2\/tags?post=1378"}],"curies":[{"name":"wp","href":"https:\/\/api.w.org\/{rel}","templated":true}]}}