{"id":1372,"date":"2025-11-10T00:21:37","date_gmt":"2025-11-09T22:21:37","guid":{"rendered":"https:\/\/gruene-wiesbaden.de\/?p=1372"},"modified":"2026-04-09T10:46:37","modified_gmt":"2026-04-09T08:46:37","slug":"soziale-teilhabe-und-unterstuetzung-von-menschen-in-notlagen","status":"publish","type":"post","link":"https:\/\/gruene-wiesbaden.de\/hr\/soziale-teilhabe-und-unterstuetzung-von-menschen-in-notlagen\/","title":{"rendered":"Dru\u0161tveno sudjelovanje i potpora osobama u kriznim situacijama"},"content":{"rendered":"<section class=\"l-section wpb_row height_medium with_img\"><div class=\"l-section-img\" role=\"img\" data-img-width=\"1080\" data-img-height=\"800\" style=\"background-image: url(https:\/\/gruene-wiesbaden.de\/wp-content\/uploads\/2025\/11\/neuer-Verlauf-gruene-wiesbaden.de_-2-e1762709402177.png);\"><\/div><div class=\"l-section-overlay\" style=\"background:var(--color-header-top-transparent-bg)\"><\/div><div class=\"l-section-h i-cf\"><div class=\"g-cols vc_row via_grid cols_1 laptops-cols_inherit tablets-cols_inherit mobiles-cols_1 valign_top type_default stacking_default\"><div class=\"wpb_column vc_column_container\"><div class=\"vc_column-inner\"><h1 class=\"w-post-elm post_title us_custom_a574d586 has_text_color entry-title\">Dru\u0161tveno sudjelovanje i potpora osobama u kriznim situacijama<\/h1><div class=\"w-separator size_medium\"><\/div><div class=\"g-cols wpb_row via_grid cols_2-1 laptops-cols_inherit tablets-cols_inherit mobiles-cols_1 valign_top type_default stacking_default\" style=\"--columns-gap:3rem;\"><div class=\"wpb_column vc_column_container\"><div class=\"vc_column-inner\"><div class=\"wpb_text_column us_custom_8b3d6790 has_text_color\"><div class=\"wpb_wrapper\"><p><span style=\"font-weight: 400;\">Dru\u0161tveno sudjelovanje temeljno je pravo koje pripada svim ljudima u na\u0161em dru\u0161tvu. Samo preventivnim pristupima, solidarnim urbanim dru\u0161tvom i \u0161irenjem potpore s niskim pragom mo\u017eemo sprije\u010diti isklju\u010denost i omogu\u0107iti svim Wiesbadenersima dostojanstven \u017eivot. Siroma\u0161tvo, posebno siroma\u0161tvo djece i starijih osoba, kao i besku\u0107ni\u0161tvo ugro\u017eavaju socijalnu koheziju i marginaliziraju ljude. U vrijeme oskudnih op\u0107inskih blagajni resursi se moraju upotrebljavati na ciljani na\u010din usmjeren na potra\u017enju. Mi Zeleni \u017eelimo stvoriti odr\u017eive strukture otporne na krize koje su optimalne i usmjerene na potrebe ljudi. Pritom uzimamo u obzir da se dru\u0161tvo i njegove potrebe mogu promijeniti.<\/span><\/p>\n<\/div><\/div><div class=\"w-separator size_medium\"><\/div><div class=\"w-btn-wrapper align_left\"><a class=\"w-btn us-btn-style_8 icon_atleft\" href=\"https:\/\/gruene-wiesbaden.de\/hr\/kommunalwahl\/#Kapitel2\"><i class=\"fas fa-chevron-circle-right\"><\/i><span class=\"w-btn-label\">Povratak na pregled<\/span><\/a><\/div><\/div><\/div><div class=\"wpb_column vc_column_container\"><div class=\"vc_column-inner\"><div class=\"w-image align_center\"><div class=\"w-image-h\"><img decoding=\"async\" width=\"2560\" height=\"1707\" src=\"https:\/\/gruene-wiesbaden.de\/wp-content\/uploads\/2025\/11\/2.11-Soziale-Teilhabe-und-Unterstuetzung-fuer-Menschen-in-Notlagen-scaled.jpg\" class=\"attachment-full size-full\" alt=\"\" loading=\"lazy\" srcset=\"https:\/\/gruene-wiesbaden.de\/wp-content\/uploads\/2025\/11\/2.11-Soziale-Teilhabe-und-Unterstuetzung-fuer-Menschen-in-Notlagen-scaled.jpg 2560w, https:\/\/gruene-wiesbaden.de\/wp-content\/uploads\/2025\/11\/2.11-Soziale-Teilhabe-und-Unterstuetzung-fuer-Menschen-in-Notlagen-400x267.jpg 400w, https:\/\/gruene-wiesbaden.de\/wp-content\/uploads\/2025\/11\/2.11-Soziale-Teilhabe-und-Unterstuetzung-fuer-Menschen-in-Notlagen-600x400.jpg 600w\" sizes=\"auto, (max-width: 2560px) 100vw, 2560px\" \/><\/div><\/div><div class=\"w-separator size_small\"><\/div><\/div><\/div><\/div><div class=\"w-separator size_medium\"><\/div><div class=\"w-separator size_medium\"><\/div><div class=\"wpb_text_column\"><div class=\"wpb_wrapper\"><h1>\u0160to za nas zna\u010di dru\u0161tveno sudjelovanje i potpora ljudima kojima je potrebna pomo\u0107<\/h1>\n<\/div><\/div><div class=\"w-separator size_large\"><\/div><div class=\"g-cols wpb_row via_grid cols_3 laptops-cols_inherit tablets-cols_inherit mobiles-cols_1 valign_top type_default stacking_default\" style=\"--columns-gap:3rem;\"><div class=\"wpb_column vc_column_container\"><div class=\"vc_column-inner\"><div class=\"w-iconbox us_custom_8b3d6790 has_text_color iconpos_left style_default color_custom align_left\"><div class=\"w-iconbox-icon\" style=\"font-size:2rem;--icon-color:#Ffffff;--icon-bg-color:var(--color-header-middle-bg);\"><i class=\"fas fa-layer-group\"><\/i><\/div><div class=\"w-iconbox-meta\"><h4 class=\"w-iconbox-title\" style=\"font-size:1.5rem;\">Preventivni pristupi<\/h4><div class=\"w-iconbox-text\"><p><span style=\"font-weight: 400;\">Spre\u010davamo siroma\u0161tvo u ranoj fazi putem integriranih op\u0107inskih strategija i potpore svim gra\u0111anima koja se temelji na potrebama.<\/span><\/p>\n<\/div><\/div><\/div><\/div><\/div><div class=\"wpb_column vc_column_container\"><div class=\"vc_column-inner\"><div class=\"w-iconbox us_custom_8b3d6790 has_text_color iconpos_left style_default color_custom align_left\"><div class=\"w-iconbox-icon\" style=\"font-size:2rem;--icon-color:#Ffffff;--icon-bg-color:var(--color-header-transparent-text);\"><i class=\"fas fa-layer-group\"><\/i><\/div><div class=\"w-iconbox-meta\"><h4 class=\"w-iconbox-title\" style=\"font-size:1.5rem;\">Socijalni rad na lokaciji<\/h4><div class=\"w-iconbox-text\"><p><span style=\"font-weight: 400;\">Pru\u017eamo dobro opremljen socijalni rad za pomo\u0107 u kriznim situacijama i preventivnu potporu na terenu.<\/span><\/p>\n<\/div><\/div><\/div><\/div><\/div><div class=\"wpb_column vc_column_container\"><div class=\"vc_column-inner\"><div class=\"w-iconbox us_custom_8b3d6790 has_text_color iconpos_left style_default color_custom align_left\"><div class=\"w-iconbox-icon\" style=\"font-size:2rem;--icon-color:#Ffffff;--icon-bg-color:var(--color-header-transparent-text);\"><i class=\"fas fa-layer-group\"><\/i><\/div><div class=\"w-iconbox-meta\"><h4 class=\"w-iconbox-title\" style=\"font-size:1.5rem;\">Jednako sudjelovanje<\/h4><div class=\"w-iconbox-text\"><p><span style=\"font-weight: 400;\">Svi bi ljudi trebali mo\u0107i sudjelovati u dru\u0161tvenom i kulturnom \u017eivotu bez obzira na prihode.<\/span><\/p>\n<\/div><\/div><\/div><\/div><\/div><\/div><div class=\"w-separator size_medium\"><\/div><div class=\"g-cols wpb_row via_grid cols_3 laptops-cols_inherit tablets-cols_inherit mobiles-cols_1 valign_top type_default stacking_default\" style=\"--columns-gap:3rem;\"><div class=\"wpb_column vc_column_container\"><div class=\"vc_column-inner\"><div class=\"w-iconbox us_custom_8b3d6790 has_text_color iconpos_left style_default color_custom align_left\"><div class=\"w-iconbox-icon\" style=\"font-size:2rem;--icon-color:#Ffffff;--icon-bg-color:var(--color-header-middle-bg);\"><i class=\"fas fa-layer-group\"><\/i><\/div><div class=\"w-iconbox-meta\"><h4 class=\"w-iconbox-title\" style=\"font-size:1.5rem;\">Gledanje ranjivih skupina<\/h4><div class=\"w-iconbox-text\"><p><span style=\"font-weight: 400;\">Nudimo posebnu potporu besku\u0107nicima, osobama kojima je potrebna socijalna pomo\u0107 te stanovnicima domova za starije i nemo\u0107ne osobe.<\/span><\/p>\n<\/div><\/div><\/div><\/div><\/div><div class=\"wpb_column vc_column_container\"><div class=\"vc_column-inner\"><div class=\"w-iconbox us_custom_8b3d6790 has_text_color iconpos_left style_default color_custom align_left\"><div class=\"w-iconbox-icon\" style=\"font-size:2rem;--icon-color:#Ffffff;--icon-bg-color:var(--color-header-transparent-text);\"><i class=\"fas fa-layer-group\"><\/i><\/div><div class=\"w-iconbox-meta\"><h4 class=\"w-iconbox-title\" style=\"font-size:1.5rem;\">Javni prostori za sve<\/h4><div class=\"w-iconbox-text\"><p><span style=\"font-weight: 400;\">Promi\u010demo pristupe povezane sa susjedstvom i stvaramo javne prostore bez potro\u0161nje za sve gra\u0111ane.<\/span><\/p>\n<\/div><\/div><\/div><\/div><\/div><div class=\"wpb_column vc_column_container\"><div class=\"vc_column-inner\"><div class=\"w-iconbox us_custom_8b3d6790 has_text_color iconpos_left style_default color_custom align_left\"><div class=\"w-iconbox-icon\" style=\"font-size:2rem;--icon-color:#Ffffff;--icon-bg-color:var(--color-header-transparent-text);\"><i class=\"fas fa-layer-group\"><\/i><\/div><div class=\"w-iconbox-meta\"><h4 class=\"w-iconbox-title\" style=\"font-size:1.5rem;\">Pristup s niskim pragom<\/h4><div class=\"w-iconbox-text\"><p><span style=\"font-weight: 400;\">\u010cak i najbolje ponude ne rade ako ih ljudi ne mogu prona\u0107i ili je kori\u0161tenje ote\u017eano.<\/span><\/p>\n<\/div><\/div><\/div><\/div><\/div><\/div><div class=\"w-separator size_medium\"><\/div><div class=\"w-btn-wrapper align_left\"><a class=\"w-btn us-btn-style_8 icon_atleft\" href=\"https:\/\/gruene-wiesbaden.de\/hr\/kommunalwahl\/#Kapitel2\"><i class=\"fas fa-chevron-circle-right\"><\/i><span class=\"w-btn-label\">Povratak na pregled<\/span><\/a><\/div><div class=\"w-separator size_medium\"><\/div><\/div><\/div><\/div><\/div><\/section><section class=\"l-section wpb_row height_auto with_img\"><div class=\"l-section-img\" role=\"img\" data-img-width=\"2560\" data-img-height=\"1707\" style=\"background-image: url(https:\/\/gruene-wiesbaden.de\/wp-content\/uploads\/2025\/11\/2.11-Soziale-Teilhabe-und-Unterstuetzung-fuer-Menschen-in-Notlagen-scaled.jpg);background-repeat: no-repeat;\"><\/div><div class=\"l-section-overlay\" style=\"background:var(--color-header-top-transparent-bg)\"><\/div><div class=\"l-section-h i-cf\"><div class=\"g-cols vc_row via_grid cols_1 laptops-cols_inherit tablets-cols_inherit mobiles-cols_1 valign_middle type_default stacking_default\" style=\"--columns-gap:1rem;\"><div class=\"wpb_column vc_column_container\"><div class=\"vc_column-inner\"><div class=\"w-separator size_large\"><\/div><div class=\"wpb_text_column background_inside_text\"><div class=\"wpb_wrapper\"><h1>\u0160to konkretno \u017eelimo u\u010diniti u ovom podru\u010dju<\/h1>\n<\/div><\/div><div class=\"w-separator size_medium\"><\/div><div class=\"w-tabs us_custom_42d693a0 has_text_color style_default switch_click accordion has_scrolling\" style=\"--sections-title-size:1.4rem\"><div class=\"w-tabs-sections titles-align_none icon_chevron cpos_right\"><div class=\"w-tabs-section has_text_color\" id=\"d5f9\" style=\"background:var(--color-header-transparent-text);color:var(--color-header-top-text-hover);\"><button class=\"w-tabs-section-header\" aria-controls=\"content-d5f9\" aria-expanded=\"false\"><div class=\"w-tabs-section-title\">Pro\u0161irenje obuhvata centara za socijalno savjetovanje<\/div><div class=\"w-tabs-section-control\"><\/div><\/button><div  class=\"w-tabs-section-content\" id=\"content-d5f9\"><div class=\"w-tabs-section-content-h i-cf\"><div class=\"wpb_text_column\"><div class=\"wpb_wrapper\"><p><span style=\"font-weight: 400;\">\u017delimo stvoriti nebirokratske centre za socijalno savjetovanje u svim okruzima kako bismo pomogli ljudima da zadovolje svoje socijalne potrebe i dobiju potporu u te\u0161kim situacijama. Ta op\u0107inska tijela ili tijela organizirana putem udruga pru\u017eaju pristup dr\u017eavnim naknadama kao \u0161to su naknade za gra\u0111ane i naknade za stanovanje.<\/span><\/p>\n<\/div><\/div><\/div><\/div><\/div><div class=\"w-tabs-section has_text_color\" id=\"u71c\" style=\"background:var(--color-header-transparent-text);color:var(--color-header-top-text-hover);\"><button class=\"w-tabs-section-header\" aria-controls=\"content-u71c\" aria-expanded=\"false\"><div class=\"w-tabs-section-title\">Promicanje javnih prostora koji nisu namijenjeni potro\u0161a\u010dima<\/div><div class=\"w-tabs-section-control\"><\/div><\/button><div  class=\"w-tabs-section-content\" id=\"content-u71c\"><div class=\"w-tabs-section-content-h i-cf\"><div class=\"wpb_text_column\"><div class=\"wpb_wrapper\"><p><span style=\"font-weight: 400;\">\u017delimo stvoriti mjesta s infrastrukturom kao \u0161to su klupe, pitka voda, toaleti i igrali\u0161ta, kao i vi\u0161e knji\u017enica, sastanaka mladih i okruga. Cilj je sudjelovanje ljudi svakog socio-ekonomskog statusa i okupljanje svih dru\u0161tvenih skupina.<\/span><\/p>\n<\/div><\/div><\/div><\/div><\/div><div class=\"w-tabs-section has_text_color\" id=\"v83e\" style=\"background:var(--color-header-transparent-text);color:var(--color-header-top-text-hover);\"><button class=\"w-tabs-section-header\" aria-controls=\"content-v83e\" aria-expanded=\"false\"><div class=\"w-tabs-section-title\">Uvo\u0111enje iskaznice za gra\u0111ane Wiesbadena<\/div><div class=\"w-tabs-section-control\"><\/div><\/button><div  class=\"w-tabs-section-content\" id=\"content-v83e\"><div class=\"w-tabs-section-content-h i-cf\"><div class=\"wpb_text_column\"><div class=\"wpb_wrapper\"><p><span style=\"font-weight: 400;\">\u017delimo uvesti nediskriminiraju\u0107u digitalnu gra\u0111ansku iskaznicu koja ne uklju\u010duje samo socijalne naknade, ve\u0107 i volontersku iskaznicu i knji\u017eni\u010dnu iskaznicu. Time se pojednostavnjuje pristup gradskim uslugama i smanjuje stigmatizacija.<\/span><\/p>\n<\/div><\/div><\/div><\/div><\/div><div class=\"w-tabs-section has_text_color\" id=\"s95a\" style=\"background:var(--color-header-middle-bg);color:var(--color-content-heading);\"><button class=\"w-tabs-section-header\" aria-controls=\"content-s95a\" aria-expanded=\"false\"><div class=\"w-tabs-section-title\">Sustavna borba protiv siroma\u0161tva djece<\/div><div class=\"w-tabs-section-control\"><\/div><\/button><div  class=\"w-tabs-section-content\" id=\"content-s95a\"><div class=\"w-tabs-section-content-h i-cf\"><div class=\"wpb_text_column\"><div class=\"wpb_wrapper\"><p><span style=\"font-weight: 400;\">Predani smo razvoju me\u0111uresorne strategije prevencije s umre\u017eavanjem svih podru\u010dja koja se ti\u010du djece i obitelji. Potrebno je pro\u0161iriti paket za obrazovanje i sudjelovanje te omogu\u0107iti dodatno pokri\u0107e za podu\u010davanje na temelju potreba.<\/span><\/p>\n<\/div><\/div><\/div><\/div><\/div><div class=\"w-tabs-section has_text_color\" id=\"ca76\" style=\"background:var(--color-header-transparent-text);color:var(--color-header-top-text-hover);\"><button class=\"w-tabs-section-header\" aria-controls=\"content-ca76\" aria-expanded=\"false\"><div class=\"w-tabs-section-title\">Ja\u010danje sudjelovanja<\/div><div class=\"w-tabs-section-control\"><\/div><\/button><div  class=\"w-tabs-section-content\" id=\"content-ca76\"><div class=\"w-tabs-section-content-h i-cf\"><div class=\"wpb_text_column\"><div class=\"wpb_wrapper\"><p><span style=\"font-weight: 400;\">\u017delimo pokrenuti pilot-projekt za Vije\u0107e gra\u0111ana. To se mo\u017ee sazvati na teme relevantne za cijeli grad. Sudjelovanje je mogu\u0107e za sve stanovnike Wiesbadena. Osim toga, razvijamo indeks sudjelovanja za ciljano promicanje dru\u0161tvenog sudjelovanja. Na taj na\u010din osiguravamo sudjelovanje marginaliziranih skupina.<\/span><\/p>\n<\/div><\/div><\/div><\/div><\/div><div class=\"w-tabs-section has_text_color\" id=\"sb96\" style=\"background:var(--color-header-middle-bg);color:var(--color-header-middle-text);\"><button class=\"w-tabs-section-header\" aria-controls=\"content-sb96\" aria-expanded=\"false\"><div class=\"w-tabs-section-title\">Zadr\u017eane su stolne strukture<\/div><div class=\"w-tabs-section-control\"><\/div><\/button><div  class=\"w-tabs-section-content\" id=\"content-sb96\"><div class=\"w-tabs-section-content-h i-cf\"><div class=\"wpb_text_column\"><div class=\"wpb_wrapper\"><p><span style=\"font-weight: 400;\">\u017delimo osigurati strukture panela i trgovine socijalnih odjela kao prijelazna pomagala sve dok su potrebna. Na\u0161 cilj je da vi\u0161e ne smije biti stolova.<\/span><\/p>\n<\/div><\/div><\/div><\/div><\/div><div class=\"w-tabs-section has_text_color\" id=\"bcaf\" style=\"background:var(--color-header-transparent-text);color:var(--color-header-top-text-hover);\"><button class=\"w-tabs-section-header\" aria-controls=\"content-bcaf\" aria-expanded=\"false\"><div class=\"w-tabs-section-title\">Ja\u010danje broja sati savjetovanja u podru\u010dju humanitarne pomo\u0107i<\/div><div class=\"w-tabs-section-control\"><\/div><\/button><div  class=\"w-tabs-section-content\" id=\"content-bcaf\"><div class=\"w-tabs-section-content-h i-cf\"><div class=\"wpb_text_column\"><div class=\"wpb_wrapper\"><p><span style=\"font-weight: 400;\">\u017delimo promicati osnovnu zdravstvenu skrb za besku\u0107nike putem Fonda za tro\u0161kove zdravstva i potaknuti \u0161irenje struktura psihosocijalnog savjetovanja za osobe u kriznim situacijama.<\/span><\/p>\n<\/div><\/div><\/div><\/div><\/div><div class=\"w-tabs-section has_text_color\" id=\"hdc9\" style=\"background:var(--color-header-transparent-text);color:var(--color-header-top-text-hover);\"><button class=\"w-tabs-section-header\" aria-controls=\"content-hdc9\" aria-expanded=\"false\"><div class=\"w-tabs-section-title\">Promicanje zdravstvenih projekata povezanih sa susjedstvom<\/div><div class=\"w-tabs-section-control\"><\/div><\/button><div  class=\"w-tabs-section-content\" id=\"content-hdc9\"><div class=\"w-tabs-section-content-h i-cf\"><div class=\"wpb_text_column\"><div class=\"wpb_wrapper\"><p><span style=\"font-weight: 400;\">Postavljamo vlastite inicijative stanovnika na sigurnu financijsku osnovu i predani smo boljoj koordinaciji dobrovoljnog anga\u017emana u radu s izbjeglicama i integraciji.<\/span><\/p>\n<\/div><\/div><\/div><\/div><\/div><div class=\"w-tabs-section has_text_color\" id=\"jee6\" style=\"background:var(--color-header-transparent-text);color:var(--color-header-top-text-hover);\"><button class=\"w-tabs-section-header\" aria-controls=\"content-jee6\" aria-expanded=\"false\"><div class=\"w-tabs-section-title\">Stambeni prvi pristup besku\u0107ni\u0161tvu<\/div><div class=\"w-tabs-section-control\"><\/div><\/button><div  class=\"w-tabs-section-content\" id=\"content-jee6\"><div class=\"w-tabs-section-content-h i-cf\"><div class=\"wpb_text_column\"><div class=\"wpb_wrapper\"><p><span style=\"font-weight: 400;\">\u017delimo da gradska vlada podr\u017eava ljude na takav na\u010din da ne padnu u besku\u0107ni\u0161tvo. \u017delimo prevladati besku\u0107ni\u0161tvo pristupom \"stanovanje na prvom mjestu\". Ako to nije mogu\u0107e ili ne \u017eele oni koji su pogo\u0111eni, potrebno je osigurati dovoljno mjesta za spavanje i medicinsku, kao i psiholo\u0161ku i psihijatrijsku skrb.<\/span><\/p>\n<\/div><\/div><\/div><\/div><\/div><div class=\"w-tabs-section has_text_color\" id=\"q01a\" style=\"background:var(--color-header-transparent-text);color:var(--color-header-top-text-hover);\"><button class=\"w-tabs-section-header\" aria-controls=\"content-q01a\" aria-expanded=\"false\"><div class=\"w-tabs-section-title\">Za\u0161ti\u0107eno stanovanje za osobe u prisilnoj prostituciji<\/div><div class=\"w-tabs-section-control\"><\/div><\/button><div  class=\"w-tabs-section-content\" id=\"content-q01a\"><div class=\"w-tabs-section-content-h i-cf\"><div class=\"wpb_text_column\"><div class=\"wpb_wrapper\"><p><span style=\"font-weight: 400;\">Prisilna prostitucija je zlo\u010din protiv ljudskih prava. Stoga bi trebalo uspostaviti skloni\u0161ta kako bi se ljudi iz prisilne prostitucije prihvatili i kako bi im se dalo za\u0161titno mjesto.<\/span><\/p>\n<\/div><\/div><\/div><\/div><\/div><\/div><\/div><div class=\"w-separator size_medium\"><\/div><div class=\"w-btn-wrapper align_left\"><a class=\"w-btn us-btn-style_8 icon_atleft\" href=\"https:\/\/gruene-wiesbaden.de\/hr\/kommunalwahl\/#Kapitel2\"><i class=\"fas fa-chevron-circle-right\"><\/i><span class=\"w-btn-label\">Povratak na pregled<\/span><\/a><\/div><div class=\"w-separator size_large\"><\/div><div class=\"wpb_text_column\"><div class=\"wpb_wrapper\"><h1>\u0160to smo ve\u0107 postigli<\/h1>\n<\/div><\/div><div class=\"w-separator size_medium\"><\/div><div class=\"w-tabs us_custom_42d693a0 has_text_color style_default switch_click accordion has_scrolling\" style=\"--sections-title-size:1.4rem\"><div class=\"w-tabs-sections titles-align_none icon_chevron cpos_right\"><div class=\"w-tabs-section has_text_color\" id=\"h5ae\" style=\"background:var(--color-header-transparent-text);color:var(--color-header-top-text-hover);\"><button class=\"w-tabs-section-header\" aria-controls=\"content-h5ae\" aria-expanded=\"false\"><div class=\"w-tabs-section-title\">Kvarterne ku\u0107e za samoodre\u0111eni \u017eivot u starosti<\/div><div class=\"w-tabs-section-control\"><\/div><\/button><div  class=\"w-tabs-section-content\" id=\"content-h5ae\"><div class=\"w-tabs-section-content-h i-cf\"><div class=\"wpb_text_column\"><div class=\"wpb_wrapper\"><p><span style=\"font-weight: 400;\">Projekt Quartiersh\u00e4user Wiesbaden, pokrenut 2023., stvorio je nove prostore za susrete, sudjelovanje i samoodre\u0111enje \u017eivota u starijoj dobi. U skladu s modelom modela \u201eBielefeld\u201d, okru\u017ene ku\u0107e kombiniraju \u017eivot bez prepreka sa socijalnom infrastrukturom \u2013 dvoranama za sastanke, savjetima i pomo\u0107i u susjedstvu. Promi\u010du koheziju u okrugu i spre\u010davaju usamljenost. Time se ja\u010da me\u0111ugeneracijski su\u017eivot, dru\u0161tveno sudjelovanje i mogu\u0107nost samoodre\u0111enja u poznatom okru\u017eenju \u010dak i u starijoj dobi.<\/span><\/p>\n<\/div><\/div><\/div><\/div><\/div><div class=\"w-tabs-section has_text_color\" id=\"v6ff\" style=\"background:var(--color-header-transparent-text);color:var(--color-header-top-text-hover);\"><button class=\"w-tabs-section-header\" aria-controls=\"content-v6ff\" aria-expanded=\"false\"><div class=\"w-tabs-section-title\">Koordinirana pomo\u0107 besku\u0107nicima<\/div><div class=\"w-tabs-section-control\"><\/div><\/button><div  class=\"w-tabs-section-content\" id=\"content-v6ff\"><div class=\"w-tabs-section-content-h i-cf\"><div class=\"wpb_text_column\"><div class=\"wpb_wrapper\"><p><span style=\"font-weight: 400;\">Mi Zeleni smo se zalagali za sistematizaciju skrbi za besku\u0107nike u Wiesbadenu: Radna skupina <\/span><i><span style=\"font-weight: 400;\">#gdje <\/span><\/i><span style=\"font-weight: 400;\">povezuje centre za socijalnu skrb i radna mjesta, gradsku policiju, pomo\u0107 u zdravstvu i ovisnosti, caritas, diakoniju i volontere u okviru jedne jedinice za koordinaciju kako bi se besku\u0107nicima pomoglo u javnim prostorima. Grad upravlja s 22 skloni\u0161ta za hitne slu\u010dajeve s vi\u0161e od 400 mjesta, testira Housing-First s kontejnerskim selima na Freudenbergu i pro\u0161irio je dru\u0161tveni rad s dva na jedanaest mjesta, kao i uli\u010dni socijalni rad u ve\u010dernjim i no\u0107nim satima. Kroz informiranje o uli\u010dnom socijalnom radu, oni koji su pogo\u0111eni izravno se obra\u0107aju, savjetuju i razvijaju se izgledi za okon\u010danje besku\u0107ni\u0161tva. Naglasak je na mjerama kao \u0161to su intervencija u kriznim situacijama i pobolj\u0161anje \u017eivotne situacije.<\/span><\/p>\n<\/div><\/div><\/div><\/div><\/div><div class=\"w-tabs-section has_text_color\" id=\"j81e\" style=\"background:var(--color-header-transparent-text);color:var(--color-header-top-text-hover);\"><button class=\"w-tabs-section-header\" aria-controls=\"content-j81e\" aria-expanded=\"false\"><div class=\"w-tabs-section-title\">Wiesbaden Model I i II \u2013 Op\u0107inske strategije za prostituciju<\/div><div class=\"w-tabs-section-control\"><\/div><\/button><div  class=\"w-tabs-section-content\" id=\"content-j81e\"><div class=\"w-tabs-section-content-h i-cf\"><div class=\"wpb_text_column\"><div class=\"wpb_wrapper\"><p><span style=\"font-weight: 400;\">Anga\u017eirali smo traumatskog terapeuta koji obavlja dru\u0161tveni rad u podru\u010dju prostitucije i nudi pomo\u0107 pri izlasku. Od ovog zakonodavnog razdoblja \u017denska jedinica tako\u0111er je uspje\u0161no poduzela mjere protiv nezakonite prostitucije u apartmanima i hotelima za odmor. Model Wiesbaden je najbolja praksa za druge op\u0107ine.<\/span><\/p>\n<\/div><\/div><\/div><\/div><\/div><div class=\"w-tabs-section has_text_color\" id=\"x93b\" style=\"background:var(--color-header-middle-bg);color:var(--color-content-heading);\"><button class=\"w-tabs-section-header\" aria-controls=\"content-x93b\" aria-expanded=\"false\"><div class=\"w-tabs-section-title\">Oja\u010dani socijalni rad na razini okruga<\/div><div class=\"w-tabs-section-control\"><\/div><\/button><div  class=\"w-tabs-section-content\" id=\"content-x93b\"><div class=\"w-tabs-section-content-h i-cf\"><div class=\"wpb_text_column\"><div class=\"wpb_wrapper\"><p><span style=\"font-weight: 400;\">Socijalni rad okruga u Wiesbadenu pro\u0161iren je i oja\u010dano je socijalno savjetovanje u okruzima. Osobe u te\u0161kim situacijama primaju potporu u blizini svojeg doma, od preventivne pomo\u0107i do intervencije u kriznim situacijama. Mobilni timovi i osobe za stalni kontakt u \u010detvrtima promi\u010du dru\u0161tveno sudjelovanje, spre\u010davaju izolaciju i olak\u0161avaju pristup uslugama. To poma\u017ee u ranoj fazi prije nego \u0161to problemi eskaliraju i odr\u017eivo oja\u010daju socijalnu infrastrukturu u Wiesbadenu.<\/span><\/p>\n<\/div><\/div><\/div><\/div><\/div><\/div><\/div><div class=\"w-separator size_medium\"><\/div><div class=\"w-btn-wrapper align_left\"><a class=\"w-btn us-btn-style_8 icon_atleft\" href=\"https:\/\/gruene-wiesbaden.de\/hr\/kommunalwahl\/#Kapitel2\"><i class=\"fas fa-chevron-circle-right\"><\/i><span class=\"w-btn-label\">Povratak na pregled<\/span><\/a><\/div><div class=\"w-separator size_large\"><\/div><\/div><\/div><\/div><\/div><\/section>","protected":false},"excerpt":{"rendered":"Dru\u0161tveno sudjelovanje i potpora osobama kojima je potrebna Socijalno sudjelovanje temeljno je pravo koje pripada svim ljudima u na\u0161em dru\u0161tvu. Samo preventivnim pristupima, solidarnim urbanim dru\u0161tvom i \u0161irenjem potpore s niskim pragom mo\u017eemo sprije\u010diti isklju\u010denost i omogu\u0107iti svim Wiesbadenersima dostojanstven \u017eivot. Siroma\u0161tvo, osobito siroma\u0161tvo djece i starijih osoba, kao i besku\u0107ni\u0161tvo ugro\u017eavaju socijalnu koheziju i ograni\u010davaju...","protected":false},"author":1,"featured_media":1494,"comment_status":"closed","ping_status":"closed","sticky":false,"template":"","format":"standard","meta":{"footnotes":""},"categories":[15],"tags":[],"class_list":["post-1372","post","type-post","status-publish","format-standard","has-post-thumbnail","hentry","category-kapitel-2"],"yoast_head":"<!-- This site is optimized with the Yoast SEO plugin v27.5 - https:\/\/yoast.com\/product\/yoast-seo-wordpress\/ -->\n<title>Soziale Teilhabe und Unterst\u00fctzung von Menschen in Notlagen - B\u00dcNDNIS 90\/DIE GR\u00dcNEN Wiesbaden<\/title>\n<meta name=\"robots\" content=\"index, follow, max-snippet:-1, max-image-preview:large, max-video-preview:-1\" \/>\n<link rel=\"canonical\" href=\"https:\/\/gruene-wiesbaden.de\/hr\/soziale-teilhabe-und-unterstuetzung-von-menschen-in-notlagen\/\" \/>\n<meta property=\"og:locale\" content=\"hr_HR\" \/>\n<meta property=\"og:type\" content=\"article\" \/>\n<meta property=\"og:title\" content=\"Soziale Teilhabe und Unterst\u00fctzung von Menschen in Notlagen - B\u00dcNDNIS 90\/DIE GR\u00dcNEN Wiesbaden\" \/>\n<meta property=\"og:url\" content=\"https:\/\/gruene-wiesbaden.de\/hr\/soziale-teilhabe-und-unterstuetzung-von-menschen-in-notlagen\/\" \/>\n<meta property=\"og:site_name\" content=\"B\u00dcNDNIS 90\/DIE GR\u00dcNEN Wiesbaden\" \/>\n<meta property=\"article:publisher\" content=\"https:\/\/www.facebook.com\/gruene.wi\" \/>\n<meta property=\"article:published_time\" content=\"2025-11-09T22:21:37+00:00\" \/>\n<meta property=\"article:modified_time\" content=\"2026-04-09T08:46:37+00:00\" \/>\n<meta property=\"og:image\" content=\"https:\/\/gruene-wiesbaden.de\/wp-content\/uploads\/2025\/11\/2.11-Soziale-Teilhabe-und-Unterstuetzung-fuer-Menschen-in-Notlagen-scaled.jpg\" \/>\n\t<meta property=\"og:image:width\" content=\"2560\" \/>\n\t<meta property=\"og:image:height\" content=\"1707\" \/>\n\t<meta property=\"og:image:type\" content=\"image\/jpeg\" \/>\n<meta name=\"author\" content=\"admin\" \/>\n<meta name=\"twitter:card\" content=\"summary_large_image\" \/>\n<meta name=\"twitter:label1\" content=\"Napisao\/la\" \/>\n\t<meta name=\"twitter:data1\" content=\"admin\" \/>\n\t<meta name=\"twitter:label2\" content=\"Procijenjeno vrijeme \u010ditanja\" \/>\n\t<meta name=\"twitter:data2\" content=\"7 minutes\" \/>\n<script type=\"application\/ld+json\" class=\"yoast-schema-graph\">{\"@context\":\"https:\\\/\\\/schema.org\",\"@graph\":[{\"@type\":\"Article\",\"@id\":\"https:\\\/\\\/gruene-wiesbaden.de\\\/soziale-teilhabe-und-unterstuetzung-von-menschen-in-notlagen\\\/#article\",\"isPartOf\":{\"@id\":\"https:\\\/\\\/gruene-wiesbaden.de\\\/soziale-teilhabe-und-unterstuetzung-von-menschen-in-notlagen\\\/\"},\"author\":{\"name\":\"admin\",\"@id\":\"https:\\\/\\\/gruene-wiesbaden.de\\\/#\\\/schema\\\/person\\\/6785c34779159cd4fd86886bb097afe9\"},\"headline\":\"Soziale Teilhabe und Unterst\u00fctzung von Menschen in Notlagen\",\"datePublished\":\"2025-11-09T22:21:37+00:00\",\"dateModified\":\"2026-04-09T08:46:37+00:00\",\"mainEntityOfPage\":{\"@id\":\"https:\\\/\\\/gruene-wiesbaden.de\\\/soziale-teilhabe-und-unterstuetzung-von-menschen-in-notlagen\\\/\"},\"wordCount\":2083,\"publisher\":{\"@id\":\"https:\\\/\\\/gruene-wiesbaden.de\\\/#organization\"},\"image\":{\"@id\":\"https:\\\/\\\/gruene-wiesbaden.de\\\/soziale-teilhabe-und-unterstuetzung-von-menschen-in-notlagen\\\/#primaryimage\"},\"thumbnailUrl\":\"https:\\\/\\\/gruene-wiesbaden.de\\\/wp-content\\\/uploads\\\/2025\\\/11\\\/2.11-Soziale-Teilhabe-und-Unterstuetzung-fuer-Menschen-in-Notlagen-scaled.jpg\",\"articleSection\":[\"Kapitel 2\"],\"inLanguage\":\"hr\"},{\"@type\":\"WebPage\",\"@id\":\"https:\\\/\\\/gruene-wiesbaden.de\\\/soziale-teilhabe-und-unterstuetzung-von-menschen-in-notlagen\\\/\",\"url\":\"https:\\\/\\\/gruene-wiesbaden.de\\\/soziale-teilhabe-und-unterstuetzung-von-menschen-in-notlagen\\\/\",\"name\":\"Soziale Teilhabe und Unterst\u00fctzung von Menschen in Notlagen - B\u00dcNDNIS 90\\\/DIE GR\u00dcNEN Wiesbaden\",\"isPartOf\":{\"@id\":\"https:\\\/\\\/gruene-wiesbaden.de\\\/#website\"},\"primaryImageOfPage\":{\"@id\":\"https:\\\/\\\/gruene-wiesbaden.de\\\/soziale-teilhabe-und-unterstuetzung-von-menschen-in-notlagen\\\/#primaryimage\"},\"image\":{\"@id\":\"https:\\\/\\\/gruene-wiesbaden.de\\\/soziale-teilhabe-und-unterstuetzung-von-menschen-in-notlagen\\\/#primaryimage\"},\"thumbnailUrl\":\"https:\\\/\\\/gruene-wiesbaden.de\\\/wp-content\\\/uploads\\\/2025\\\/11\\\/2.11-Soziale-Teilhabe-und-Unterstuetzung-fuer-Menschen-in-Notlagen-scaled.jpg\",\"datePublished\":\"2025-11-09T22:21:37+00:00\",\"dateModified\":\"2026-04-09T08:46:37+00:00\",\"breadcrumb\":{\"@id\":\"https:\\\/\\\/gruene-wiesbaden.de\\\/soziale-teilhabe-und-unterstuetzung-von-menschen-in-notlagen\\\/#breadcrumb\"},\"inLanguage\":\"hr\",\"potentialAction\":[{\"@type\":\"ReadAction\",\"target\":[\"https:\\\/\\\/gruene-wiesbaden.de\\\/soziale-teilhabe-und-unterstuetzung-von-menschen-in-notlagen\\\/\"]}]},{\"@type\":\"ImageObject\",\"inLanguage\":\"hr\",\"@id\":\"https:\\\/\\\/gruene-wiesbaden.de\\\/soziale-teilhabe-und-unterstuetzung-von-menschen-in-notlagen\\\/#primaryimage\",\"url\":\"https:\\\/\\\/gruene-wiesbaden.de\\\/wp-content\\\/uploads\\\/2025\\\/11\\\/2.11-Soziale-Teilhabe-und-Unterstuetzung-fuer-Menschen-in-Notlagen-scaled.jpg\",\"contentUrl\":\"https:\\\/\\\/gruene-wiesbaden.de\\\/wp-content\\\/uploads\\\/2025\\\/11\\\/2.11-Soziale-Teilhabe-und-Unterstuetzung-fuer-Menschen-in-Notlagen-scaled.jpg\",\"width\":2560,\"height\":1707},{\"@type\":\"BreadcrumbList\",\"@id\":\"https:\\\/\\\/gruene-wiesbaden.de\\\/soziale-teilhabe-und-unterstuetzung-von-menschen-in-notlagen\\\/#breadcrumb\",\"itemListElement\":[{\"@type\":\"ListItem\",\"position\":1,\"name\":\"Startseite\",\"item\":\"https:\\\/\\\/gruene-wiesbaden.de\\\/\"},{\"@type\":\"ListItem\",\"position\":2,\"name\":\"Soziale Teilhabe und Unterst\u00fctzung von Menschen in Notlagen\"}]},{\"@type\":\"WebSite\",\"@id\":\"https:\\\/\\\/gruene-wiesbaden.de\\\/#website\",\"url\":\"https:\\\/\\\/gruene-wiesbaden.de\\\/\",\"name\":\"DIE GR\u00dcNEN Wiesbaden\",\"description\":\"\",\"publisher\":{\"@id\":\"https:\\\/\\\/gruene-wiesbaden.de\\\/#organization\"},\"potentialAction\":[{\"@type\":\"SearchAction\",\"target\":{\"@type\":\"EntryPoint\",\"urlTemplate\":\"https:\\\/\\\/gruene-wiesbaden.de\\\/?s={search_term_string}\"},\"query-input\":{\"@type\":\"PropertyValueSpecification\",\"valueRequired\":true,\"valueName\":\"search_term_string\"}}],\"inLanguage\":\"hr\"},{\"@type\":\"Organization\",\"@id\":\"https:\\\/\\\/gruene-wiesbaden.de\\\/#organization\",\"name\":\"DIE GR\u00dcNEN Wiesbaden\",\"url\":\"https:\\\/\\\/gruene-wiesbaden.de\\\/\",\"logo\":{\"@type\":\"ImageObject\",\"inLanguage\":\"hr\",\"@id\":\"https:\\\/\\\/gruene-wiesbaden.de\\\/#\\\/schema\\\/logo\\\/image\\\/\",\"url\":\"https:\\\/\\\/gruene-wiesbaden-fuer-europa.de\\\/wp-content\\\/uploads\\\/2024\\\/04\\\/Machen-was-zaehlt-5.png\",\"contentUrl\":\"https:\\\/\\\/gruene-wiesbaden-fuer-europa.de\\\/wp-content\\\/uploads\\\/2024\\\/04\\\/Machen-was-zaehlt-5.png\",\"width\":1772,\"height\":1772,\"caption\":\"DIE GR\u00dcNEN Wiesbaden\"},\"image\":{\"@id\":\"https:\\\/\\\/gruene-wiesbaden.de\\\/#\\\/schema\\\/logo\\\/image\\\/\"},\"sameAs\":[\"https:\\\/\\\/www.facebook.com\\\/gruene.wi\",\"https:\\\/\\\/instagram.com\\\/gruene_wi\"]},{\"@type\":\"Person\",\"@id\":\"https:\\\/\\\/gruene-wiesbaden.de\\\/#\\\/schema\\\/person\\\/6785c34779159cd4fd86886bb097afe9\",\"name\":\"admin\",\"sameAs\":[\"http:\\\/\\\/gruene-wiesbaden-fuer-europa.de\"],\"url\":\"https:\\\/\\\/gruene-wiesbaden.de\\\/hr\\\/author\\\/admin\\\/\"}]}<\/script>\n<!-- \/ Yoast SEO plugin. -->","yoast_head_json":{"title":"Soziale Teilhabe und Unterst\u00fctzung von Menschen in Notlagen - B\u00dcNDNIS 90\/DIE GR\u00dcNEN Wiesbaden","robots":{"index":"index","follow":"follow","max-snippet":"max-snippet:-1","max-image-preview":"max-image-preview:large","max-video-preview":"max-video-preview:-1"},"canonical":"https:\/\/gruene-wiesbaden.de\/hr\/soziale-teilhabe-und-unterstuetzung-von-menschen-in-notlagen\/","og_locale":"hr_HR","og_type":"article","og_title":"Soziale Teilhabe und Unterst\u00fctzung von Menschen in Notlagen - B\u00dcNDNIS 90\/DIE GR\u00dcNEN Wiesbaden","og_url":"https:\/\/gruene-wiesbaden.de\/hr\/soziale-teilhabe-und-unterstuetzung-von-menschen-in-notlagen\/","og_site_name":"B\u00dcNDNIS 90\/DIE GR\u00dcNEN Wiesbaden","article_publisher":"https:\/\/www.facebook.com\/gruene.wi","article_published_time":"2025-11-09T22:21:37+00:00","article_modified_time":"2026-04-09T08:46:37+00:00","og_image":[{"width":2560,"height":1707,"url":"https:\/\/gruene-wiesbaden.de\/wp-content\/uploads\/2025\/11\/2.11-Soziale-Teilhabe-und-Unterstuetzung-fuer-Menschen-in-Notlagen-scaled.jpg","type":"image\/jpeg"}],"author":"admin","twitter_card":"summary_large_image","twitter_misc":{"Napisao\/la":"admin","Procijenjeno vrijeme \u010ditanja":"7 minutes"},"schema":{"@context":"https:\/\/schema.org","@graph":[{"@type":"Article","@id":"https:\/\/gruene-wiesbaden.de\/soziale-teilhabe-und-unterstuetzung-von-menschen-in-notlagen\/#article","isPartOf":{"@id":"https:\/\/gruene-wiesbaden.de\/soziale-teilhabe-und-unterstuetzung-von-menschen-in-notlagen\/"},"author":{"name":"admin","@id":"https:\/\/gruene-wiesbaden.de\/#\/schema\/person\/6785c34779159cd4fd86886bb097afe9"},"headline":"Soziale Teilhabe und Unterst\u00fctzung von Menschen in Notlagen","datePublished":"2025-11-09T22:21:37+00:00","dateModified":"2026-04-09T08:46:37+00:00","mainEntityOfPage":{"@id":"https:\/\/gruene-wiesbaden.de\/soziale-teilhabe-und-unterstuetzung-von-menschen-in-notlagen\/"},"wordCount":2083,"publisher":{"@id":"https:\/\/gruene-wiesbaden.de\/#organization"},"image":{"@id":"https:\/\/gruene-wiesbaden.de\/soziale-teilhabe-und-unterstuetzung-von-menschen-in-notlagen\/#primaryimage"},"thumbnailUrl":"https:\/\/gruene-wiesbaden.de\/wp-content\/uploads\/2025\/11\/2.11-Soziale-Teilhabe-und-Unterstuetzung-fuer-Menschen-in-Notlagen-scaled.jpg","articleSection":["Kapitel 2"],"inLanguage":"hr"},{"@type":"WebPage","@id":"https:\/\/gruene-wiesbaden.de\/soziale-teilhabe-und-unterstuetzung-von-menschen-in-notlagen\/","url":"https:\/\/gruene-wiesbaden.de\/soziale-teilhabe-und-unterstuetzung-von-menschen-in-notlagen\/","name":"Soziale Teilhabe und Unterst\u00fctzung von Menschen in Notlagen - B\u00dcNDNIS 90\/DIE GR\u00dcNEN Wiesbaden","isPartOf":{"@id":"https:\/\/gruene-wiesbaden.de\/#website"},"primaryImageOfPage":{"@id":"https:\/\/gruene-wiesbaden.de\/soziale-teilhabe-und-unterstuetzung-von-menschen-in-notlagen\/#primaryimage"},"image":{"@id":"https:\/\/gruene-wiesbaden.de\/soziale-teilhabe-und-unterstuetzung-von-menschen-in-notlagen\/#primaryimage"},"thumbnailUrl":"https:\/\/gruene-wiesbaden.de\/wp-content\/uploads\/2025\/11\/2.11-Soziale-Teilhabe-und-Unterstuetzung-fuer-Menschen-in-Notlagen-scaled.jpg","datePublished":"2025-11-09T22:21:37+00:00","dateModified":"2026-04-09T08:46:37+00:00","breadcrumb":{"@id":"https:\/\/gruene-wiesbaden.de\/soziale-teilhabe-und-unterstuetzung-von-menschen-in-notlagen\/#breadcrumb"},"inLanguage":"hr","potentialAction":[{"@type":"ReadAction","target":["https:\/\/gruene-wiesbaden.de\/soziale-teilhabe-und-unterstuetzung-von-menschen-in-notlagen\/"]}]},{"@type":"ImageObject","inLanguage":"hr","@id":"https:\/\/gruene-wiesbaden.de\/soziale-teilhabe-und-unterstuetzung-von-menschen-in-notlagen\/#primaryimage","url":"https:\/\/gruene-wiesbaden.de\/wp-content\/uploads\/2025\/11\/2.11-Soziale-Teilhabe-und-Unterstuetzung-fuer-Menschen-in-Notlagen-scaled.jpg","contentUrl":"https:\/\/gruene-wiesbaden.de\/wp-content\/uploads\/2025\/11\/2.11-Soziale-Teilhabe-und-Unterstuetzung-fuer-Menschen-in-Notlagen-scaled.jpg","width":2560,"height":1707},{"@type":"BreadcrumbList","@id":"https:\/\/gruene-wiesbaden.de\/soziale-teilhabe-und-unterstuetzung-von-menschen-in-notlagen\/#breadcrumb","itemListElement":[{"@type":"ListItem","position":1,"name":"Startseite","item":"https:\/\/gruene-wiesbaden.de\/"},{"@type":"ListItem","position":2,"name":"Soziale Teilhabe und Unterst\u00fctzung von Menschen in Notlagen"}]},{"@type":"WebSite","@id":"https:\/\/gruene-wiesbaden.de\/#website","url":"https:\/\/gruene-wiesbaden.de\/","name":"DIE GR\u00dcNEN Wiesbaden","description":"","publisher":{"@id":"https:\/\/gruene-wiesbaden.de\/#organization"},"potentialAction":[{"@type":"SearchAction","target":{"@type":"EntryPoint","urlTemplate":"https:\/\/gruene-wiesbaden.de\/?s={search_term_string}"},"query-input":{"@type":"PropertyValueSpecification","valueRequired":true,"valueName":"search_term_string"}}],"inLanguage":"hr"},{"@type":"Organization","@id":"https:\/\/gruene-wiesbaden.de\/#organization","name":"DIE GR\u00dcNEN Wiesbaden","url":"https:\/\/gruene-wiesbaden.de\/","logo":{"@type":"ImageObject","inLanguage":"hr","@id":"https:\/\/gruene-wiesbaden.de\/#\/schema\/logo\/image\/","url":"https:\/\/gruene-wiesbaden-fuer-europa.de\/wp-content\/uploads\/2024\/04\/Machen-was-zaehlt-5.png","contentUrl":"https:\/\/gruene-wiesbaden-fuer-europa.de\/wp-content\/uploads\/2024\/04\/Machen-was-zaehlt-5.png","width":1772,"height":1772,"caption":"DIE GR\u00dcNEN Wiesbaden"},"image":{"@id":"https:\/\/gruene-wiesbaden.de\/#\/schema\/logo\/image\/"},"sameAs":["https:\/\/www.facebook.com\/gruene.wi","https:\/\/instagram.com\/gruene_wi"]},{"@type":"Person","@id":"https:\/\/gruene-wiesbaden.de\/#\/schema\/person\/6785c34779159cd4fd86886bb097afe9","name":"admin","sameAs":["http:\/\/gruene-wiesbaden-fuer-europa.de"],"url":"https:\/\/gruene-wiesbaden.de\/hr\/author\/admin\/"}]}},"_links":{"self":[{"href":"https:\/\/gruene-wiesbaden.de\/hr\/wp-json\/wp\/v2\/posts\/1372","targetHints":{"allow":["GET"]}}],"collection":[{"href":"https:\/\/gruene-wiesbaden.de\/hr\/wp-json\/wp\/v2\/posts"}],"about":[{"href":"https:\/\/gruene-wiesbaden.de\/hr\/wp-json\/wp\/v2\/types\/post"}],"author":[{"embeddable":true,"href":"https:\/\/gruene-wiesbaden.de\/hr\/wp-json\/wp\/v2\/users\/1"}],"replies":[{"embeddable":true,"href":"https:\/\/gruene-wiesbaden.de\/hr\/wp-json\/wp\/v2\/comments?post=1372"}],"version-history":[{"count":7,"href":"https:\/\/gruene-wiesbaden.de\/hr\/wp-json\/wp\/v2\/posts\/1372\/revisions"}],"predecessor-version":[{"id":2399,"href":"https:\/\/gruene-wiesbaden.de\/hr\/wp-json\/wp\/v2\/posts\/1372\/revisions\/2399"}],"wp:featuredmedia":[{"embeddable":true,"href":"https:\/\/gruene-wiesbaden.de\/hr\/wp-json\/wp\/v2\/media\/1494"}],"wp:attachment":[{"href":"https:\/\/gruene-wiesbaden.de\/hr\/wp-json\/wp\/v2\/media?parent=1372"}],"wp:term":[{"taxonomy":"category","embeddable":true,"href":"https:\/\/gruene-wiesbaden.de\/hr\/wp-json\/wp\/v2\/categories?post=1372"},{"taxonomy":"post_tag","embeddable":true,"href":"https:\/\/gruene-wiesbaden.de\/hr\/wp-json\/wp\/v2\/tags?post=1372"}],"curies":[{"name":"wp","href":"https:\/\/api.w.org\/{rel}","templated":true}]}}