{"id":1366,"date":"2025-11-10T00:18:23","date_gmt":"2025-11-09T22:18:23","guid":{"rendered":"https:\/\/gruene-wiesbaden.de\/?p=1366"},"modified":"2026-04-09T10:38:51","modified_gmt":"2026-04-09T08:38:51","slug":"kinder-familien-und-alleinerziehende","status":"publish","type":"post","link":"https:\/\/gruene-wiesbaden.de\/hr\/kinder-familien-und-alleinerziehende\/","title":{"rendered":"Djeca, obitelji i samohrani roditelji"},"content":{"rendered":"<section class=\"l-section wpb_row height_medium with_img\"><div class=\"l-section-img\" role=\"img\" data-img-width=\"1080\" data-img-height=\"800\" style=\"background-image: url(https:\/\/gruene-wiesbaden.de\/wp-content\/uploads\/2025\/11\/neuer-Verlauf-gruene-wiesbaden.de_-2-e1762709402177.png);\"><\/div><div class=\"l-section-overlay\" style=\"background:var(--color-header-top-transparent-bg)\"><\/div><div class=\"l-section-h i-cf\"><div class=\"g-cols vc_row via_grid cols_1 laptops-cols_inherit tablets-cols_inherit mobiles-cols_1 valign_top type_default stacking_default\"><div class=\"wpb_column vc_column_container\"><div class=\"vc_column-inner\"><h1 class=\"w-post-elm post_title us_custom_a574d586 has_text_color entry-title\">Djeca, obitelji i samohrani roditelji<\/h1><div class=\"w-separator size_medium\"><\/div><div class=\"g-cols wpb_row via_grid cols_2-1 laptops-cols_inherit tablets-cols_inherit mobiles-cols_1 valign_top type_default stacking_default\" style=\"--columns-gap:3rem;\"><div class=\"wpb_column vc_column_container\"><div class=\"vc_column-inner\"><div class=\"wpb_text_column us_custom_8b3d6790 has_text_color\"><div class=\"wpb_wrapper\"><p><span style=\"font-weight: 400;\">Djeca su na\u0161a budu\u0107nost i imaju pravo na dobre \u017eivotne uvjete, bez obzira na socijalno podrijetlo svojih obitelji. Siroma\u0161tvo djece strukturni je problem koji posebno poga\u0111a neudane \u017eene i velike obitelji. Uskla\u0111ivanje poslovnog i obiteljskog \u017eivota i dalje je dru\u0161tveni izazov. Djeca imaju svoja prava i moraju biti uklju\u010dena u demokratske postupke dono\u0161enja odluka. Grad prilago\u0111en obiteljima podr\u017eava sve generacije i stvara prostore u kojima djeca mogu odrastati sigurno i zdravo.<\/span><\/p>\n<\/div><\/div><div class=\"w-separator size_medium\"><\/div><div class=\"w-btn-wrapper align_left\"><a class=\"w-btn us-btn-style_8 icon_atleft\" href=\"https:\/\/gruene-wiesbaden.de\/hr\/kommunalwahl\/#Kapitel2\"><i class=\"fas fa-chevron-circle-right\"><\/i><span class=\"w-btn-label\">Povratak na pregled<\/span><\/a><\/div><\/div><\/div><div class=\"wpb_column vc_column_container\"><div class=\"vc_column-inner\"><div class=\"w-image align_center\"><div class=\"w-image-h\"><img decoding=\"async\" width=\"2560\" height=\"1707\" src=\"https:\/\/gruene-wiesbaden.de\/wp-content\/uploads\/2025\/11\/2.8-Kinder-Familien-und-Alleinerziehende-scaled.jpg\" class=\"attachment-full size-full\" alt=\"\" loading=\"lazy\" srcset=\"https:\/\/gruene-wiesbaden.de\/wp-content\/uploads\/2025\/11\/2.8-Kinder-Familien-und-Alleinerziehende-scaled.jpg 2560w, https:\/\/gruene-wiesbaden.de\/wp-content\/uploads\/2025\/11\/2.8-Kinder-Familien-und-Alleinerziehende-400x267.jpg 400w, https:\/\/gruene-wiesbaden.de\/wp-content\/uploads\/2025\/11\/2.8-Kinder-Familien-und-Alleinerziehende-600x400.jpg 600w\" sizes=\"auto, (max-width: 2560px) 100vw, 2560px\" \/><\/div><\/div><div class=\"w-separator size_small\"><\/div><\/div><\/div><\/div><div class=\"w-separator size_medium\"><\/div><div class=\"w-separator size_medium\"><\/div><div class=\"wpb_text_column\"><div class=\"wpb_wrapper\"><h1>\u0160to dobra politika zna\u010di za djecu, obitelji i samohrane roditelje<\/h1>\n<\/div><\/div><div class=\"w-separator size_large\"><\/div><div class=\"g-cols wpb_row via_grid cols_3 laptops-cols_inherit tablets-cols_inherit mobiles-cols_1 valign_top type_default stacking_default\" style=\"--columns-gap:3rem;\"><div class=\"wpb_column vc_column_container\"><div class=\"vc_column-inner\"><div class=\"w-iconbox us_custom_8b3d6790 has_text_color iconpos_left style_default color_custom align_left\"><div class=\"w-iconbox-icon\" style=\"font-size:2rem;--icon-color:#Ffffff;--icon-bg-color:var(--color-header-middle-bg);\"><i class=\"fas fa-layer-group\"><\/i><\/div><div class=\"w-iconbox-meta\"><h4 class=\"w-iconbox-title\" style=\"font-size:1.5rem;\">Ostvarivanje dje\u010djih prava<\/h4><div class=\"w-iconbox-text\"><p><span style=\"font-weight: 400;\">Djeca imaju pravo biti saslu\u0161ana, podr\u017eana i suodlu\u010dena u svom gradu.<\/span><\/p>\n<\/div><\/div><\/div><\/div><\/div><div class=\"wpb_column vc_column_container\"><div class=\"vc_column-inner\"><div class=\"w-iconbox us_custom_8b3d6790 has_text_color iconpos_left style_default color_custom align_left\"><div class=\"w-iconbox-icon\" style=\"font-size:2rem;--icon-color:#Ffffff;--icon-bg-color:var(--color-header-transparent-text);\"><i class=\"fas fa-layer-group\"><\/i><\/div><div class=\"w-iconbox-meta\"><h4 class=\"w-iconbox-title\" style=\"font-size:1.5rem;\">Grad pogodan za obitelji<\/h4><div class=\"w-iconbox-text\"><p><span style=\"font-weight: 400;\">Stvaramo prostore u kojima sve generacije mogu dobro \u017eivjeti.<\/span><\/p>\n<\/div><\/div><\/div><\/div><\/div><div class=\"wpb_column vc_column_container\"><div class=\"vc_column-inner\"><div class=\"w-iconbox us_custom_8b3d6790 has_text_color iconpos_left style_default color_custom align_left\"><div class=\"w-iconbox-icon\" style=\"font-size:2rem;--icon-color:#Ffffff;--icon-bg-color:var(--color-header-transparent-text);\"><i class=\"fas fa-layer-group\"><\/i><\/div><div class=\"w-iconbox-meta\"><h4 class=\"w-iconbox-title\" style=\"font-size:1.5rem;\">Borba protiv siroma\u0161tva<\/h4><div class=\"w-iconbox-text\"><p><span style=\"font-weight: 400;\">Svako dijete zaslu\u017euje po\u0161tene mogu\u0107nosti, bez obzira na nov\u010danike svojih roditelja.<\/span><\/p>\n<\/div><\/div><\/div><\/div><\/div><\/div><div class=\"w-separator size_medium\"><\/div><div class=\"g-cols wpb_row via_grid cols_3 laptops-cols_inherit tablets-cols_inherit mobiles-cols_1 valign_top type_default stacking_default\" style=\"--columns-gap:3rem;\"><div class=\"wpb_column vc_column_container\"><div class=\"vc_column-inner\"><div class=\"w-iconbox us_custom_8b3d6790 has_text_color iconpos_left style_default color_custom align_left\"><div class=\"w-iconbox-icon\" style=\"font-size:2rem;--icon-color:#Ffffff;--icon-bg-color:var(--color-header-middle-bg);\"><i class=\"fas fa-layer-group\"><\/i><\/div><div class=\"w-iconbox-meta\"><h4 class=\"w-iconbox-title\" style=\"font-size:1.5rem;\">Stvaranje potpore<\/h4><div class=\"w-iconbox-text\"><p><span style=\"font-weight: 400;\">Obiteljima je potrebna kvalitetna, pouzdana skrb o djeci i \u017eivahna mjesta za sastanke u kvartalu.<\/span><\/p>\n<\/div><\/div><\/div><\/div><\/div><div class=\"wpb_column vc_column_container\"><div class=\"vc_column-inner\"><div class=\"w-iconbox us_custom_8b3d6790 has_text_color iconpos_left style_default color_custom align_left\"><div class=\"w-iconbox-icon\" style=\"font-size:2rem;--icon-color:#Ffffff;--icon-bg-color:var(--color-header-transparent-text);\"><i class=\"fas fa-layer-group\"><\/i><\/div><div class=\"w-iconbox-meta\"><h4 class=\"w-iconbox-title\" style=\"font-size:1.5rem;\">Promicanje ravnopravnosti<\/h4><div class=\"w-iconbox-text\"><p><span style=\"font-weight: 400;\">Dobri okvirni uvjeti omogu\u0107uju pravednu podjelu poslova skrbi i doprinose rodnoj ravnopravnosti. Samohrani roditelji omogu\u0107uju im sudjelovanje u radnom i urbanom \u017eivotu.<\/span><\/p>\n<\/div><\/div><\/div><\/div><\/div><div class=\"wpb_column vc_column_container\"><div class=\"vc_column-inner\"><\/div><\/div><\/div><div class=\"w-separator size_medium\"><\/div><div class=\"w-btn-wrapper align_left\"><a class=\"w-btn us-btn-style_8 icon_atleft\" href=\"https:\/\/gruene-wiesbaden.de\/hr\/kommunalwahl\/#Kapitel2\"><i class=\"fas fa-chevron-circle-right\"><\/i><span class=\"w-btn-label\">Povratak na pregled<\/span><\/a><\/div><div class=\"w-separator size_medium\"><\/div><\/div><\/div><\/div><\/div><\/section><section class=\"l-section wpb_row height_auto with_img\"><div class=\"l-section-img\" role=\"img\" data-img-width=\"2560\" data-img-height=\"1707\" style=\"background-image: url(https:\/\/gruene-wiesbaden.de\/wp-content\/uploads\/2025\/11\/2.8-Kinder-Familien-und-Alleinerziehende-scaled.jpg);background-repeat: no-repeat;\"><\/div><div class=\"l-section-overlay\" style=\"background:var(--color-header-top-transparent-bg)\"><\/div><div class=\"l-section-h i-cf\"><div class=\"g-cols vc_row via_grid cols_1 laptops-cols_inherit tablets-cols_inherit mobiles-cols_1 valign_middle type_default stacking_default\" style=\"--columns-gap:1rem;\"><div class=\"wpb_column vc_column_container\"><div class=\"vc_column-inner\"><div class=\"w-separator size_large\"><\/div><div class=\"wpb_text_column us_custom_fa36a3ac has_text_color background_inside_text\"><div class=\"wpb_wrapper\"><h1>\u0160to konkretno \u017eelimo u\u010diniti u ovom podru\u010dju<\/h1>\n<\/div><\/div><div class=\"w-separator size_medium\"><\/div><div class=\"w-tabs us_custom_42d693a0 has_text_color style_default switch_click accordion has_scrolling\" style=\"--sections-title-size:1.4rem\"><div class=\"w-tabs-sections titles-align_none icon_chevron cpos_right\"><div class=\"w-tabs-section has_text_color\" id=\"v2a6\" style=\"background:var(--color-header-transparent-text);color:var(--color-header-top-text-hover);\"><button class=\"w-tabs-section-header\" aria-controls=\"content-v2a6\" aria-expanded=\"false\"><div class=\"w-tabs-section-title\">Pove\u0107anje dostupnosti posebnog programa za borbu protiv siroma\u0161tva djece<\/div><div class=\"w-tabs-section-control\"><\/div><\/button><div  class=\"w-tabs-section-content\" id=\"content-v2a6\"><div class=\"w-tabs-section-content-h i-cf\"><div class=\"wpb_text_column\"><div class=\"wpb_wrapper\"><p><span style=\"font-weight: 400;\">\u017delimo da sva djeca imaju jednake mogu\u0107nosti. Zato \u017eelimo oja\u010dati postoje\u0107e ponude u podru\u010djima slobodnog vremena, obrazovanja i zdravlja te ih u\u010diniti pristupa\u010dnijima. Za to je potreban nebirokratski i vi\u0161ejezi\u010dni pristup s niskim pragom.<\/span><\/p>\n<\/div><\/div><\/div><\/div><\/div><div class=\"w-tabs-section has_text_color\" id=\"d3f3\" style=\"background:var(--color-header-transparent-text);color:var(--color-header-top-text-hover);\"><button class=\"w-tabs-section-header\" aria-controls=\"content-d3f3\" aria-expanded=\"false\"><div class=\"w-tabs-section-title\">Uklju\u010divanje djece i obitelji u dono\u0161enje odluka<\/div><div class=\"w-tabs-section-control\"><\/div><\/button><div  class=\"w-tabs-section-content\" id=\"content-d3f3\"><div class=\"w-tabs-section-content-h i-cf\"><div class=\"wpb_text_column\"><div class=\"wpb_wrapper\"><p><span style=\"font-weight: 400;\">\u017delimo da djeca budu sustavno uklju\u010dena u odluke koje utje\u010du na njih i ja\u010daju njihove mogu\u0107nosti demokratskog sudjelovanja. Mi GR\u00dcNE \u010dinimo djecu i obitelji aktivnim sukreatorima njihovog grada. Njihove ideje trebaju biti uklju\u010dene u planiranje igrali\u0161ta, edukativne i rekreativne aktivnosti, kao i urbane projekte. Tome bi trebale doprinijeti dje\u010dje konferencije, oblici digitalnog sudjelovanja i sudjelovanje u odborima povezano s projektima. Suradnja s vrti\u0107ima, \u0161kolama i KiEZenom (Dje\u010djim roditeljskim centrima) osigurava provedbu prijedloga i njihov vidljiv u\u010dinak. Tako promi\u010demo demokratsko sudjelovanje od rane dobi i sura\u0111ujemo kako bi Wiesbaden bio prilago\u0111en djeci, \u017eiv i usmjeren na budu\u0107nost.<\/span><\/p>\n<\/div><\/div><\/div><\/div><\/div><div class=\"w-tabs-section has_text_color\" id=\"t50b\" style=\"background:var(--color-header-transparent-text);color:var(--color-header-top-text-hover);\"><button class=\"w-tabs-section-header\" aria-controls=\"content-t50b\" aria-expanded=\"false\"><div class=\"w-tabs-section-title\">Osiguravanje zdravih \u0161kolskih obroka<\/div><div class=\"w-tabs-section-control\"><\/div><\/button><div  class=\"w-tabs-section-content\" id=\"content-t50b\"><div class=\"w-tabs-section-content-h i-cf\"><div class=\"wpb_text_column\"><div class=\"wpb_wrapper\"><p><span style=\"font-weight: 400;\">\u017delimo da sva djeca u vrti\u0107ima i svi u\u010denici u Wiesbadenu imaju svakodnevni pristup zdravoj, uravnote\u017eenoj i ukusnoj hrani. Zdrava prehrana ne samo da podr\u017eava koncentraciju i performanse, ve\u0107 i promi\u010de dugoro\u010dno zdravlje. Zato smo predani visokokvalitetnoj, svje\u017eoj hrani, koja je i dalje cjenovno pristupa\u010dna, kako bi sva djeca i mladi mogli imati koristi od nje bez obzira na nov\u010danike njihovih obitelji.<\/span><\/p>\n<\/div><\/div><\/div><\/div><\/div><div class=\"w-tabs-section has_text_color\" id=\"b624\" style=\"background:var(--color-header-middle-bg);color:var(--color-content-heading);\"><button class=\"w-tabs-section-header\" aria-controls=\"content-b624\" aria-expanded=\"false\"><div class=\"w-tabs-section-title\">Osiguravanje socijalnog rada na razini okruga<\/div><div class=\"w-tabs-section-control\"><\/div><\/button><div  class=\"w-tabs-section-content\" id=\"content-b624\"><div class=\"w-tabs-section-content-h i-cf\"><div class=\"wpb_text_column\"><div class=\"wpb_wrapper\"><p><span style=\"font-weight: 400;\">Predani smo u\u010dinkovitom socijalnom radu u okrugu koji dopire do ljudi kojima je potrebna pomo\u0107. U tu svrhu \u017eelimo ocijeniti postoje\u0107e ponude i dalje ih razvijati u skladu s potrebama gradske uprave. Dobro opremljeni timovi na terenu mogu pru\u017eiti potporu obiteljima i djeci u ranoj fazi, bilo u sukobima, stresnim \u017eivotnim situacijama ili krizama u svakodnevnom \u017eivotu. Socijalni rad u okrugu ima preventivni u\u010dinak: Otkriva opasne situacije, pru\u017ea pomo\u0107 i ubla\u017eava roditelje prije nego \u0161to problemi eskaliraju. Istodobno promi\u010de koheziju u okrugu, umre\u017eava \u0161kole, centre za dnevnu skrb i udruge te stvara kontaktne to\u010dke s niskim pragom za sve obitelji. Dobro pozicioniranim okru\u017enim socijalnim radom osiguravamo da svaka obitelj dobije potrebnu potporu i da djeca mogu odrasti u sigurnom okru\u017eenju.<\/span><\/p>\n<\/div><\/div><\/div><\/div><\/div><div class=\"w-tabs-section has_text_color\" id=\"a73a\" style=\"background:var(--color-header-transparent-text);color:var(--color-header-top-text-hover);\"><button class=\"w-tabs-section-header\" aria-controls=\"content-a73a\" aria-expanded=\"false\"><div class=\"w-tabs-section-title\">U\u010diniti skrb o djeci nedoprinosnom<\/div><div class=\"w-tabs-section-control\"><\/div><\/button><div  class=\"w-tabs-section-content\" id=\"content-a73a\"><div class=\"w-tabs-section-content-h i-cf\"><div class=\"wpb_text_column\"><div class=\"wpb_wrapper\"><p><span style=\"font-weight: 400;\">Sura\u0111ujemo s dr\u017eavom kako bismo osigurali da dje\u010dji vrti\u0107i budu besplatni. Do tada \u0107emo nastaviti s postoje\u0107im programom doprinosa za gradove, kojim se smanjuju doprinosi za obitelji s velikom djecom i izuzimaju obitelji s niskim prihodima od doprinosa.<\/span><\/p>\n<\/div><\/div><\/div><\/div><\/div><div class=\"w-tabs-section has_text_color\" id=\"a886\" style=\"background:var(--color-header-middle-bg);color:var(--color-header-middle-text);\"><button class=\"w-tabs-section-header\" aria-controls=\"content-a886\" aria-expanded=\"false\"><div class=\"w-tabs-section-title\">Promicati roditeljske centre za djecu i pro\u0161iriti ih na druge \u010detvrti<\/div><div class=\"w-tabs-section-control\"><\/div><\/button><div  class=\"w-tabs-section-content\" id=\"content-a886\"><div class=\"w-tabs-section-content-h i-cf\"><div class=\"wpb_text_column\"><div class=\"wpb_wrapper\"><p><span style=\"font-weight: 400;\">S KinderElternZentren (KiEZe) ja\u010damo obitelji izravno u njihovim okruzima. KiEZe u Wiesbadenu ve\u0107 nekoliko godina, primjerice u Klarenthalu, Schelmengrabenu, Westendu i Biebrichu, nudi savjete, obrazovanje i sastanke. Oni slu\u017ee kao kontaktne to\u010dke s niskim pragom u okruzima i nude fleksibilnu skrb o djeci, kafi\u0107e za roditeljstvo i obrazovne savjete iz jednog izvora, posebno za samohrane roditelje i obitelji u zahtjevnim situacijama. KiEZe mre\u017ea centara za dnevnu skrb, socijalnih usluga i susjedskih inicijativa, \u010dime se promi\u010du zajednica i jednake mogu\u0107nosti. Mi Zeleni smo ranije podr\u017eali taj koncept i predani smo daljnjem ja\u010danju postoje\u0107eg KiEZea i njegovu \u0161irenju na druge okruge. Tako\u0111er \u017eelimo podr\u017eati KiEZe s dostatnim financijskim sredstvima kako bi mogli podr\u017eati obitelji i provesti projekte na vlastitu inicijativu.<\/span><\/p>\n<\/div><\/div><\/div><\/div><\/div><div class=\"w-tabs-section has_text_color\" id=\"k999\" style=\"background:var(--color-header-transparent-text);color:var(--color-header-top-text-hover);\"><button class=\"w-tabs-section-header\" aria-controls=\"content-k999\" aria-expanded=\"false\"><div class=\"w-tabs-section-title\">U\u010dinite igrali\u0161ta atraktivnima<\/div><div class=\"w-tabs-section-control\"><\/div><\/button><div  class=\"w-tabs-section-content\" id=\"content-k999\"><div class=\"w-tabs-section-content-h i-cf\"><div class=\"wpb_text_column\"><div class=\"wpb_wrapper\"><p><span style=\"font-weight: 400;\">Sve obitelji trebale bi mo\u0107i do\u0107i do atraktivnih igrali\u0161ta na pje\u0161a\u010dkoj udaljenosti. Va\u017eno nam je da se pro\u0161iri broj opreme za igru bez barijera.<\/span><\/p>\n<\/div><\/div><\/div><\/div><\/div><\/div><\/div><div class=\"w-separator size_medium\"><\/div><div class=\"w-btn-wrapper align_left\"><a class=\"w-btn us-btn-style_8 icon_atleft\" href=\"https:\/\/gruene-wiesbaden.de\/hr\/kommunalwahl\/#Kapitel2\"><i class=\"fas fa-chevron-circle-right\"><\/i><span class=\"w-btn-label\">Povratak na pregled<\/span><\/a><\/div><div class=\"w-separator size_large\"><\/div><div class=\"wpb_text_column us_custom_29deb344 has_text_color\"><div class=\"wpb_wrapper\"><h1>\u0160to smo ve\u0107 postigli<\/h1>\n<\/div><\/div><div class=\"w-separator size_medium\"><\/div><div class=\"w-tabs us_custom_42d693a0 has_text_color style_default switch_click accordion has_scrolling\" style=\"--sections-title-size:1.4rem\"><div class=\"w-tabs-sections titles-align_none icon_chevron cpos_right\"><div class=\"w-tabs-section has_text_color\" id=\"da5d\" style=\"background:var(--color-header-transparent-text);color:var(--color-header-top-text-hover);\"><button class=\"w-tabs-section-header\" aria-controls=\"content-da5d\" aria-expanded=\"false\"><div class=\"w-tabs-section-title\">\u0160irenje Kita uspje\u0161no napredovalo<\/div><div class=\"w-tabs-section-control\"><\/div><\/button><div  class=\"w-tabs-section-content\" id=\"content-da5d\"><div class=\"w-tabs-section-content-h i-cf\"><div class=\"wpb_text_column\"><div class=\"wpb_wrapper\"><p><span style=\"font-weight: 400;\">Od 2022. znatno smo pro\u0161irili dnevnu njegu u Wiesbadenu: U godini vrti\u0107a 2024\/25 bilo je dostupno 10 308 mjesta, \u0161to je 227 vi\u0161e nego prethodne godine, a broj djece u Wiesbadenu smanjio se (2020\/21 11 062, 2024\/25 10 912). U U3 podru\u010dju, raspolo\u017eivi prostor od 37.7% u razdoblju od 2020.\/2021. do 41.1.% u 2024\/25 i u osnovnom rasponu od 90% u razdoblju od 2020.\/2021. do 94,4%pove\u0107anje u 2024.\/2025. To \u0107e omogu\u0107iti ve\u0107em broju obitelji da kombiniraju rad i skrb o djeci.<\/span><\/p>\n<\/div><\/div><\/div><\/div><\/div><div class=\"w-tabs-section has_text_color\" id=\"yb94\" style=\"background:var(--color-header-transparent-text);color:var(--color-header-top-text-hover);\"><button class=\"w-tabs-section-header\" aria-controls=\"content-yb94\" aria-expanded=\"false\"><div class=\"w-tabs-section-title\">Otvoreni novi vrti\u0107i<\/div><div class=\"w-tabs-section-control\"><\/div><\/button><div  class=\"w-tabs-section-content\" id=\"content-yb94\"><div class=\"w-tabs-section-content-h i-cf\"><div class=\"wpb_text_column\"><div class=\"wpb_wrapper\"><p><span style=\"font-weight: 400;\">Stvoreni su novi objekti, posebno u novim gra\u0111evinskim podru\u010djima kao \u0161to je Koru\u0161ka \u010detvrt. Stoga je ponuda u podru\u010djima s velikim rastom posebno pobolj\u0161ana.<\/span><\/p>\n<\/div><\/div><\/div><\/div><\/div><div class=\"w-tabs-section has_text_color\" id=\"gcb0\" style=\"background:var(--color-header-transparent-text);color:var(--color-header-top-text-hover);\"><button class=\"w-tabs-section-header\" aria-controls=\"content-gcb0\" aria-expanded=\"false\"><div class=\"w-tabs-section-title\">Cjelodnevna skrb u \u0161kolama pro\u0161irena<\/div><div class=\"w-tabs-section-control\"><\/div><\/button><div  class=\"w-tabs-section-content\" id=\"content-gcb0\"><div class=\"w-tabs-section-content-h i-cf\"><div class=\"wpb_text_column\"><div class=\"wpb_wrapper\"><p><span style=\"font-weight: 400;\">Ve\u0107 62 % Djeca u osnovnoj \u0161koli sada koriste popodnevnu skrb. To je va\u017ean korak prema provedbi zakonskog prava na skrb u punom radnom vremenu.<\/span><\/p>\n<\/div><\/div><\/div><\/div><\/div><div class=\"w-tabs-section has_text_color\" id=\"vdd2\" style=\"background:var(--color-header-middle-bg);color:var(--color-content-heading);\"><button class=\"w-tabs-section-header\" aria-controls=\"content-vdd2\" aria-expanded=\"false\"><div class=\"w-tabs-section-title\">Usluge skrbi o odmoru pro\u0161irene su i pobolj\u0161ane<\/div><div class=\"w-tabs-section-control\"><\/div><\/button><div  class=\"w-tabs-section-content\" id=\"content-vdd2\"><div class=\"w-tabs-section-content-h i-cf\"><div class=\"wpb_text_column\"><div class=\"wpb_wrapper\"><p><span style=\"font-weight: 400;\">Usluge skrbi za odmor za djecu i adolescente znatno su pro\u0161irene. Kroz suradnju gradske uprave s razli\u010ditim partnerima kreirani su dodatni programi koji zadovoljavaju potrebe obitelji. Projekti poput igara za ljetni odmor u Parku prirode Cyperus, na primjer, pru\u017eili su djeci priliku da svoj odmor provedu u prirodnom okru\u017eenju. Osim toga, mi Zeleni predani smo uklju\u010divanju ponuda za odmor u program urbanog odmora kako bismo osigurali bolji pregled i pristupa\u010dnost za sve obitelji, bez obzira na njihove prihode ili \u017eivotnu situaciju.<\/span><\/p>\n<\/div><\/div><\/div><\/div><\/div><div class=\"w-tabs-section has_text_color\" id=\"af0f\" style=\"background:var(--color-header-transparent-text);color:var(--color-header-top-text-hover);\"><button class=\"w-tabs-section-header\" aria-controls=\"content-af0f\" aria-expanded=\"false\"><div class=\"w-tabs-section-title\">U \u0161kolama je pove\u0107ana ponuda socijalnog rada u \u0161kolama<\/div><div class=\"w-tabs-section-control\"><\/div><\/button><div  class=\"w-tabs-section-content\" id=\"content-af0f\"><div class=\"w-tabs-section-content-h i-cf\"><div class=\"wpb_text_column\"><div class=\"wpb_wrapper\"><p><span style=\"font-weight: 400;\">Znatno smo oja\u010dali \u0161kolski socijalni rad u Wiesbadenu: Od 2025. na terenu postoje profesionalni socijalni radnici u svim osnovnim i srednjim \u0161kolama, integriranim sveobuhvatnim \u0161kolama i strukovnim \u0161kolama. Oni su izravna kontaktna to\u010dka za u\u010denike, roditelje i nastavnike, bilo da je rije\u010d o \u0161kolskim, dru\u0161tvenim ili osobnim izazovima. \u0160kolski socijalni rad pru\u017ea preventivni rad, podupire sukobe i krize te promi\u010de dru\u0161tveni razvoj djece i adolescenata. \u0160iroka prisutnost u \u0161kolama poma\u017ee u pove\u0107anju jednakih mogu\u0107nosti, ja\u010danju kohezije i pru\u017eanju sigurnog i poticajnog okru\u017eenja za u\u010denje djeci.<\/span><\/p>\n<\/div><\/div><\/div><\/div><\/div><div class=\"w-tabs-section has_text_color\" id=\"z02c\" style=\"background:var(--color-header-transparent-text);color:var(--color-header-top-text-hover);\"><button class=\"w-tabs-section-header\" aria-controls=\"content-z02c\" aria-expanded=\"false\"><div class=\"w-tabs-section-title\">Informacijski centar za mlade (JIZ) kao jedinstvena kontaktna to\u010dka za mlade<\/div><div class=\"w-tabs-section-control\"><\/div><\/button><div  class=\"w-tabs-section-content\" id=\"content-z02c\"><div class=\"w-tabs-section-content-h i-cf\"><div class=\"wpb_text_column\"><div class=\"wpb_wrapper\"><p><span style=\"font-weight: 400;\">Novoosnovana jedinstvena kontaktna to\u010dka JIZ-a mnogo je vi\u0161e od informacijske to\u010dke. Ovdje mladi dobivaju savjete o mogu\u0107nostima za slobodno vrijeme, treninzima, pravnim pitanjima ili osobnim problemima. JIZ je stoga mjesto gdje mladi mogu lako prona\u0107i pomo\u0107 kada im je potrebna.<\/span><\/p>\n<\/div><\/div><\/div><\/div><\/div><div class=\"w-tabs-section has_text_color\" id=\"s148\" style=\"background:var(--color-header-transparent-text);color:var(--color-header-top-text-hover);\"><button class=\"w-tabs-section-header\" aria-controls=\"content-s148\" aria-expanded=\"false\"><div class=\"w-tabs-section-title\">Pro\u0161irenje slobodnih sportova i prostora za slobodno vrijeme<\/div><div class=\"w-tabs-section-control\"><\/div><\/button><div  class=\"w-tabs-section-content\" id=\"content-s148\"><div class=\"w-tabs-section-content-h i-cf\"><div class=\"wpb_text_column\"><div class=\"wpb_wrapper\"><p><span style=\"font-weight: 400;\">Bolzplatz je obnovljen i, na primjer, stvoreni su novi objekti za kalistiku ili klizanje, kao \u0161to je Kransand u Mainz-Kastelu. \u017delimo ponuditi mogu\u0107nosti u gradu za bavljenje sportom i kretanje besplatno.<\/span><\/p>\n<\/div><\/div><\/div><\/div><\/div><div class=\"w-tabs-section has_text_color\" id=\"w267\" style=\"background:var(--color-header-transparent-text);color:var(--color-header-top-text-hover);\"><button class=\"w-tabs-section-header\" aria-controls=\"content-w267\" aria-expanded=\"false\"><div class=\"w-tabs-section-title\">WI15 ulaznica<\/div><div class=\"w-tabs-section-control\"><\/div><\/button><div  class=\"w-tabs-section-content\" id=\"content-w267\"><div class=\"w-tabs-section-content-h i-cf\"><div class=\"wpb_text_column\"><div class=\"wpb_wrapper\"><p><span style=\"font-weight: 400;\">Djeca i adolescenti iz Wiesbadena mogu ostati do 18. ro\u0111endana. Ro\u0111endan koristiti javni prijevoz diljem Hesse i Mainz za samo 15 \u20ac mjese\u010dno. Obitelji s niskim primanjima pla\u0107aju samo 10 eura. Unato\u010d nedavnom pove\u0107anju redovne studentske karte Hessen od strane RMV-a na oko 32 eura mjese\u010dno, grad Wiesbaden odr\u017eava cijenu karte WI15 stabilnom. Na taj se na\u010din obitelji posebno osloba\u0111aju u vrijeme inflacije i rastu\u0107ih tro\u0161kova \u017eivota.<\/span><\/p>\n<\/div><\/div><\/div><\/div><\/div><div class=\"w-tabs-section has_text_color\" id=\"f3a6\" style=\"background:var(--color-header-transparent-text);color:var(--color-header-top-text-hover);\"><button class=\"w-tabs-section-header\" aria-controls=\"content-f3a6\" aria-expanded=\"false\"><div class=\"w-tabs-section-title\">Slobodno plivanje tijekom praznika<\/div><div class=\"w-tabs-section-control\"><\/div><\/button><div  class=\"w-tabs-section-content\" id=\"content-f3a6\"><div class=\"w-tabs-section-content-h i-cf\"><div class=\"wpb_text_column\"><div class=\"wpb_wrapper\"><p><span style=\"font-weight: 400;\">Od prosinca 2023. djeca i adolescenti do 18 godina mogu besplatno plivati u mnogim Wiesbadenovim bazenima tijekom svih hessijskih \u0161kolskih praznika.<\/span><\/p>\n<\/div><\/div><\/div><\/div><\/div><div class=\"w-tabs-section has_text_color\" id=\"l4c6\" style=\"background:var(--color-header-transparent-text);color:var(--color-header-top-text-hover);\"><button class=\"w-tabs-section-header\" aria-controls=\"content-l4c6\" aria-expanded=\"false\"><div class=\"w-tabs-section-title\">Vi\u0161e sigurnosti i manje buke u sredi\u0161tu grada<\/div><div class=\"w-tabs-section-control\"><\/div><\/button><div  class=\"w-tabs-section-content\" id=\"content-l4c6\"><div class=\"w-tabs-section-content-h i-cf\"><div class=\"wpb_text_column\"><div class=\"wpb_wrapper\"><p><span style=\"font-weight: 400;\">40 km\/h na glavnim cestama i vi\u0161e od 30 km\/h zona na sporednim cestama zna\u010de ve\u0107u sigurnost, posebno za djecu koja prelaze ulice pje\u0161ice ili biciklom. Istodobno se smanjuje one\u010di\u0161\u0107enje bukom za sve, \u010dime se pobolj\u0161ava kvaliteta \u017eivota i \u0161titi na\u0161e zdravlje.<\/span><\/p>\n<\/div><\/div><\/div><\/div><\/div><div class=\"w-tabs-section has_text_color\" id=\"n5e7\" style=\"background:var(--color-header-transparent-text);color:var(--color-header-top-text-hover);\"><button class=\"w-tabs-section-header\" aria-controls=\"content-n5e7\" aria-expanded=\"false\"><div class=\"w-tabs-section-title\">Pro\u0161irenje sigurnih biciklisti\u010dkih staza<\/div><div class=\"w-tabs-section-control\"><\/div><\/button><div  class=\"w-tabs-section-content\" id=\"content-n5e7\"><div class=\"w-tabs-section-content-h i-cf\"><div class=\"wpb_text_column\"><div class=\"wpb_wrapper\"><p><span style=\"font-weight: 400;\">Sigurne biciklisti\u010dke staze posebno olak\u0161avaju djeci da samostalno i uz manju opasnost do\u0111u u \u0161kolu, kao i da svakodnevno samostalno voze. Zato smo, na primjer, dvije ulice u blizini \u0161kole, Lessingstra\u00dfe i Mosbacher Stra\u00dfe, pretvorili u biciklisti\u010dke ceste. Primjer biciklisti\u010dke staze Rajnske livade tako\u0111er pokazuje da je infrastruktura posebno planirana tako da je \u010dak i mla\u0111i biciklisti mogu sigurno koristiti u slobodno vrijeme ili na putu do \u0161kole.<\/span><\/p>\n<\/div><\/div><\/div><\/div><\/div><div class=\"w-tabs-section has_text_color\" id=\"m720\" style=\"background:var(--color-header-transparent-text);color:var(--color-header-top-text-hover);\"><button class=\"w-tabs-section-header\" aria-controls=\"content-m720\" aria-expanded=\"false\"><div class=\"w-tabs-section-title\">Moderna igrali\u0161ta za obiteljski grad<\/div><div class=\"w-tabs-section-control\"><\/div><\/button><div  class=\"w-tabs-section-content\" id=\"content-m720\"><div class=\"w-tabs-section-content-h i-cf\"><div class=\"wpb_text_column\"><div class=\"wpb_wrapper\"><p><span style=\"font-weight: 400;\">Mi \u010dinimo Wiesbaden prikladnim za obitelji: S konceptom razvoja igrali\u0161ta stvaramo moderna, sigurna i uklju\u010diva mjesta za igru i susrete za sve generacije. Brojni objekti kao \u0161to su Hohenloheplatz, Bolzplatz Bertramstra\u00dfe, Schlosspark Biebrich, Quellbornstra\u00dfe i Wallufer Platz ve\u0107 su redizajnirani ili su u radovima. Nove ponude kao \u0161to je igrali\u0161te za vodu u Luisenplatzu tako\u0111er donose vi\u0161e radosti i pokreta u na\u0161im okruzima \u2013 za Wiesbaden koji djeci nudi prostor za otkrivanje i obiteljska mjesta za okupljanje.<\/span><\/p>\n<\/div><\/div><\/div><\/div><\/div><div class=\"w-tabs-section has_text_color\" id=\"j83d\" style=\"background:var(--color-header-transparent-text);color:var(--color-header-top-text-hover);\"><button class=\"w-tabs-section-header\" aria-controls=\"content-j83d\" aria-expanded=\"false\"><div class=\"w-tabs-section-title\">Sigurne i \u017eivahne ulice i trgovi<\/div><div class=\"w-tabs-section-control\"><\/div><\/button><div  class=\"w-tabs-section-content\" id=\"content-j83d\"><div class=\"w-tabs-section-content-h i-cf\"><div class=\"wpb_text_column\"><div class=\"wpb_wrapper\"><p><span style=\"font-weight: 400;\">Dizajniramo Wiesbadenove ulice i trgove na takav na\u010din da su sigurni, zeleni i vrijedni \u017eivljenja te vas pozivamo da ostanete du\u017ee. Dovr\u0161eni su redizajni Sedanplatza i Court Streeta, nakon \u010dega su uslijedili daljnji projekti kao \u0161to su B\u00fclowplatz, Wallufer Platz, Yorckstra\u00dfe, Schwalbacher Stra\u00dfe i Alsatian Park. Zelena podru\u010dja, ve\u0107a kvaliteta boravka i sigurne staze stvaraju mjesta gdje se obitelji osje\u0107aju ugodno. Pro\u0161irenjem pje\u0161a\u010dke zone Wellritzstra\u00dfe i nadogradnjom mnogih okru\u017enih trgova \u010dinimo grad mjestom gdje se djeca mogu slobodno i sigurno kretati i igrati u blizini svog mjesta stanovanja, \u010dak i u urbanom podru\u010dju.<\/span><\/p>\n<\/div><\/div><\/div><\/div><\/div><div class=\"w-tabs-section has_text_color\" id=\"b95d\" style=\"background:var(--color-header-transparent-text);color:var(--color-header-top-text-hover);\"><button class=\"w-tabs-section-header\" aria-controls=\"content-b95d\" aria-expanded=\"false\"><div class=\"w-tabs-section-title\">Slobodno vrijeme, priroda i kultura za sve generacije<\/div><div class=\"w-tabs-section-control\"><\/div><\/button><div  class=\"w-tabs-section-content\" id=\"content-b95d\"><div class=\"w-tabs-section-content-h i-cf\"><div class=\"wpb_text_column\"><div class=\"wpb_wrapper\"><p><span style=\"font-weight: 400;\">Prijatnost obitelji vidljiva je i u slobodnom vremenu i kulturi. Feasantry je pro\u0161iren na Arche Park, kulturni park pro\u0161iren i dizajniran s toaletima i vodenim dozatorima prilago\u0111enim obitelji. Play Fountain u Luisenplatzu, novo igrali\u0161te za vodu u objektima Reisingera, koje \u0107e po\u010deti s radom 2025. godine, i doga\u0111aji kao \u0161to su Wiesbaden na ledu, dje\u010dja tr\u017enica zvijezda snimanja ili playmobile, koji se koriste na razli\u010ditim mjestima, nude radost i susret za mlade i stare.<\/span><\/p>\n<\/div><\/div><\/div><\/div><\/div><\/div><\/div><div class=\"w-separator size_medium\"><\/div><div class=\"w-btn-wrapper align_left\"><a class=\"w-btn us-btn-style_8 icon_atleft\" href=\"https:\/\/gruene-wiesbaden.de\/hr\/kommunalwahl\/#Kapitel2\"><i class=\"fas fa-chevron-circle-right\"><\/i><span class=\"w-btn-label\">Povratak na pregled<\/span><\/a><\/div><div class=\"w-separator size_large\"><\/div><\/div><\/div><\/div><\/div><\/section>","protected":false},"excerpt":{"rendered":"Djeca, obitelji i samohrani roditeljiDjeca su na\u0161a budu\u0107nost i imaju pravo na dobre \u017eivotne uvjete, bez obzira na socijalno podrijetlo njihovih obitelji. Siroma\u0161tvo djece strukturni je problem koji posebno poga\u0111a neudane \u017eene i velike obitelji. Uskla\u0111ivanje poslovnog i obiteljskog \u017eivota i dalje je dru\u0161tveni izazov. Djeca imaju svoja prava i moraju biti uklju\u010dena u demokratske postupke dono\u0161enja odluka.","protected":false},"author":1,"featured_media":1491,"comment_status":"closed","ping_status":"closed","sticky":false,"template":"","format":"standard","meta":{"footnotes":""},"categories":[15],"tags":[],"class_list":["post-1366","post","type-post","status-publish","format-standard","has-post-thumbnail","hentry","category-kapitel-2"],"yoast_head":"<!-- This site is optimized with the Yoast SEO plugin v27.5 - https:\/\/yoast.com\/product\/yoast-seo-wordpress\/ -->\n<title>Kinder, Familien und Alleinerziehende - B\u00dcNDNIS 90\/DIE GR\u00dcNEN Wiesbaden<\/title>\n<meta name=\"robots\" content=\"index, follow, max-snippet:-1, max-image-preview:large, max-video-preview:-1\" \/>\n<link rel=\"canonical\" href=\"https:\/\/gruene-wiesbaden.de\/hr\/kinder-familien-und-alleinerziehende\/\" \/>\n<meta property=\"og:locale\" content=\"hr_HR\" \/>\n<meta property=\"og:type\" content=\"article\" \/>\n<meta property=\"og:title\" content=\"Kinder, Familien und Alleinerziehende - B\u00dcNDNIS 90\/DIE GR\u00dcNEN Wiesbaden\" \/>\n<meta property=\"og:url\" content=\"https:\/\/gruene-wiesbaden.de\/hr\/kinder-familien-und-alleinerziehende\/\" \/>\n<meta property=\"og:site_name\" content=\"B\u00dcNDNIS 90\/DIE GR\u00dcNEN Wiesbaden\" \/>\n<meta property=\"article:publisher\" content=\"https:\/\/www.facebook.com\/gruene.wi\" \/>\n<meta property=\"article:published_time\" content=\"2025-11-09T22:18:23+00:00\" \/>\n<meta property=\"article:modified_time\" content=\"2026-04-09T08:38:51+00:00\" \/>\n<meta property=\"og:image\" content=\"https:\/\/gruene-wiesbaden.de\/wp-content\/uploads\/2025\/11\/2.8-Kinder-Familien-und-Alleinerziehende-scaled.jpg\" \/>\n\t<meta property=\"og:image:width\" content=\"2560\" \/>\n\t<meta property=\"og:image:height\" content=\"1707\" \/>\n\t<meta property=\"og:image:type\" content=\"image\/jpeg\" \/>\n<meta name=\"author\" content=\"admin\" \/>\n<meta name=\"twitter:card\" content=\"summary_large_image\" \/>\n<meta name=\"twitter:label1\" content=\"Napisao\/la\" \/>\n\t<meta name=\"twitter:data1\" content=\"admin\" \/>\n\t<meta name=\"twitter:label2\" content=\"Procijenjeno vrijeme \u010ditanja\" \/>\n\t<meta name=\"twitter:data2\" content=\"10 minutes\" \/>\n<script type=\"application\/ld+json\" class=\"yoast-schema-graph\">{\"@context\":\"https:\\\/\\\/schema.org\",\"@graph\":[{\"@type\":\"Article\",\"@id\":\"https:\\\/\\\/gruene-wiesbaden.de\\\/kinder-familien-und-alleinerziehende\\\/#article\",\"isPartOf\":{\"@id\":\"https:\\\/\\\/gruene-wiesbaden.de\\\/kinder-familien-und-alleinerziehende\\\/\"},\"author\":{\"name\":\"admin\",\"@id\":\"https:\\\/\\\/gruene-wiesbaden.de\\\/#\\\/schema\\\/person\\\/6785c34779159cd4fd86886bb097afe9\"},\"headline\":\"Kinder, Familien und Alleinerziehende\",\"datePublished\":\"2025-11-09T22:18:23+00:00\",\"dateModified\":\"2026-04-09T08:38:51+00:00\",\"mainEntityOfPage\":{\"@id\":\"https:\\\/\\\/gruene-wiesbaden.de\\\/kinder-familien-und-alleinerziehende\\\/\"},\"wordCount\":2989,\"publisher\":{\"@id\":\"https:\\\/\\\/gruene-wiesbaden.de\\\/#organization\"},\"image\":{\"@id\":\"https:\\\/\\\/gruene-wiesbaden.de\\\/kinder-familien-und-alleinerziehende\\\/#primaryimage\"},\"thumbnailUrl\":\"https:\\\/\\\/gruene-wiesbaden.de\\\/wp-content\\\/uploads\\\/2025\\\/11\\\/2.8-Kinder-Familien-und-Alleinerziehende-scaled.jpg\",\"articleSection\":[\"Kapitel 2\"],\"inLanguage\":\"hr\"},{\"@type\":\"WebPage\",\"@id\":\"https:\\\/\\\/gruene-wiesbaden.de\\\/kinder-familien-und-alleinerziehende\\\/\",\"url\":\"https:\\\/\\\/gruene-wiesbaden.de\\\/kinder-familien-und-alleinerziehende\\\/\",\"name\":\"Kinder, Familien und Alleinerziehende - B\u00dcNDNIS 90\\\/DIE GR\u00dcNEN Wiesbaden\",\"isPartOf\":{\"@id\":\"https:\\\/\\\/gruene-wiesbaden.de\\\/#website\"},\"primaryImageOfPage\":{\"@id\":\"https:\\\/\\\/gruene-wiesbaden.de\\\/kinder-familien-und-alleinerziehende\\\/#primaryimage\"},\"image\":{\"@id\":\"https:\\\/\\\/gruene-wiesbaden.de\\\/kinder-familien-und-alleinerziehende\\\/#primaryimage\"},\"thumbnailUrl\":\"https:\\\/\\\/gruene-wiesbaden.de\\\/wp-content\\\/uploads\\\/2025\\\/11\\\/2.8-Kinder-Familien-und-Alleinerziehende-scaled.jpg\",\"datePublished\":\"2025-11-09T22:18:23+00:00\",\"dateModified\":\"2026-04-09T08:38:51+00:00\",\"breadcrumb\":{\"@id\":\"https:\\\/\\\/gruene-wiesbaden.de\\\/kinder-familien-und-alleinerziehende\\\/#breadcrumb\"},\"inLanguage\":\"hr\",\"potentialAction\":[{\"@type\":\"ReadAction\",\"target\":[\"https:\\\/\\\/gruene-wiesbaden.de\\\/kinder-familien-und-alleinerziehende\\\/\"]}]},{\"@type\":\"ImageObject\",\"inLanguage\":\"hr\",\"@id\":\"https:\\\/\\\/gruene-wiesbaden.de\\\/kinder-familien-und-alleinerziehende\\\/#primaryimage\",\"url\":\"https:\\\/\\\/gruene-wiesbaden.de\\\/wp-content\\\/uploads\\\/2025\\\/11\\\/2.8-Kinder-Familien-und-Alleinerziehende-scaled.jpg\",\"contentUrl\":\"https:\\\/\\\/gruene-wiesbaden.de\\\/wp-content\\\/uploads\\\/2025\\\/11\\\/2.8-Kinder-Familien-und-Alleinerziehende-scaled.jpg\",\"width\":2560,\"height\":1707},{\"@type\":\"BreadcrumbList\",\"@id\":\"https:\\\/\\\/gruene-wiesbaden.de\\\/kinder-familien-und-alleinerziehende\\\/#breadcrumb\",\"itemListElement\":[{\"@type\":\"ListItem\",\"position\":1,\"name\":\"Startseite\",\"item\":\"https:\\\/\\\/gruene-wiesbaden.de\\\/\"},{\"@type\":\"ListItem\",\"position\":2,\"name\":\"Kinder, Familien und Alleinerziehende\"}]},{\"@type\":\"WebSite\",\"@id\":\"https:\\\/\\\/gruene-wiesbaden.de\\\/#website\",\"url\":\"https:\\\/\\\/gruene-wiesbaden.de\\\/\",\"name\":\"DIE GR\u00dcNEN Wiesbaden\",\"description\":\"\",\"publisher\":{\"@id\":\"https:\\\/\\\/gruene-wiesbaden.de\\\/#organization\"},\"potentialAction\":[{\"@type\":\"SearchAction\",\"target\":{\"@type\":\"EntryPoint\",\"urlTemplate\":\"https:\\\/\\\/gruene-wiesbaden.de\\\/?s={search_term_string}\"},\"query-input\":{\"@type\":\"PropertyValueSpecification\",\"valueRequired\":true,\"valueName\":\"search_term_string\"}}],\"inLanguage\":\"hr\"},{\"@type\":\"Organization\",\"@id\":\"https:\\\/\\\/gruene-wiesbaden.de\\\/#organization\",\"name\":\"DIE GR\u00dcNEN Wiesbaden\",\"url\":\"https:\\\/\\\/gruene-wiesbaden.de\\\/\",\"logo\":{\"@type\":\"ImageObject\",\"inLanguage\":\"hr\",\"@id\":\"https:\\\/\\\/gruene-wiesbaden.de\\\/#\\\/schema\\\/logo\\\/image\\\/\",\"url\":\"https:\\\/\\\/gruene-wiesbaden-fuer-europa.de\\\/wp-content\\\/uploads\\\/2024\\\/04\\\/Machen-was-zaehlt-5.png\",\"contentUrl\":\"https:\\\/\\\/gruene-wiesbaden-fuer-europa.de\\\/wp-content\\\/uploads\\\/2024\\\/04\\\/Machen-was-zaehlt-5.png\",\"width\":1772,\"height\":1772,\"caption\":\"DIE GR\u00dcNEN Wiesbaden\"},\"image\":{\"@id\":\"https:\\\/\\\/gruene-wiesbaden.de\\\/#\\\/schema\\\/logo\\\/image\\\/\"},\"sameAs\":[\"https:\\\/\\\/www.facebook.com\\\/gruene.wi\",\"https:\\\/\\\/instagram.com\\\/gruene_wi\"]},{\"@type\":\"Person\",\"@id\":\"https:\\\/\\\/gruene-wiesbaden.de\\\/#\\\/schema\\\/person\\\/6785c34779159cd4fd86886bb097afe9\",\"name\":\"admin\",\"sameAs\":[\"http:\\\/\\\/gruene-wiesbaden-fuer-europa.de\"],\"url\":\"https:\\\/\\\/gruene-wiesbaden.de\\\/hr\\\/author\\\/admin\\\/\"}]}<\/script>\n<!-- \/ Yoast SEO plugin. -->","yoast_head_json":{"title":"Kinder, Familien und Alleinerziehende - B\u00dcNDNIS 90\/DIE GR\u00dcNEN Wiesbaden","robots":{"index":"index","follow":"follow","max-snippet":"max-snippet:-1","max-image-preview":"max-image-preview:large","max-video-preview":"max-video-preview:-1"},"canonical":"https:\/\/gruene-wiesbaden.de\/hr\/kinder-familien-und-alleinerziehende\/","og_locale":"hr_HR","og_type":"article","og_title":"Kinder, Familien und Alleinerziehende - B\u00dcNDNIS 90\/DIE GR\u00dcNEN Wiesbaden","og_url":"https:\/\/gruene-wiesbaden.de\/hr\/kinder-familien-und-alleinerziehende\/","og_site_name":"B\u00dcNDNIS 90\/DIE GR\u00dcNEN Wiesbaden","article_publisher":"https:\/\/www.facebook.com\/gruene.wi","article_published_time":"2025-11-09T22:18:23+00:00","article_modified_time":"2026-04-09T08:38:51+00:00","og_image":[{"width":2560,"height":1707,"url":"https:\/\/gruene-wiesbaden.de\/wp-content\/uploads\/2025\/11\/2.8-Kinder-Familien-und-Alleinerziehende-scaled.jpg","type":"image\/jpeg"}],"author":"admin","twitter_card":"summary_large_image","twitter_misc":{"Napisao\/la":"admin","Procijenjeno vrijeme \u010ditanja":"10 minutes"},"schema":{"@context":"https:\/\/schema.org","@graph":[{"@type":"Article","@id":"https:\/\/gruene-wiesbaden.de\/kinder-familien-und-alleinerziehende\/#article","isPartOf":{"@id":"https:\/\/gruene-wiesbaden.de\/kinder-familien-und-alleinerziehende\/"},"author":{"name":"admin","@id":"https:\/\/gruene-wiesbaden.de\/#\/schema\/person\/6785c34779159cd4fd86886bb097afe9"},"headline":"Kinder, Familien und Alleinerziehende","datePublished":"2025-11-09T22:18:23+00:00","dateModified":"2026-04-09T08:38:51+00:00","mainEntityOfPage":{"@id":"https:\/\/gruene-wiesbaden.de\/kinder-familien-und-alleinerziehende\/"},"wordCount":2989,"publisher":{"@id":"https:\/\/gruene-wiesbaden.de\/#organization"},"image":{"@id":"https:\/\/gruene-wiesbaden.de\/kinder-familien-und-alleinerziehende\/#primaryimage"},"thumbnailUrl":"https:\/\/gruene-wiesbaden.de\/wp-content\/uploads\/2025\/11\/2.8-Kinder-Familien-und-Alleinerziehende-scaled.jpg","articleSection":["Kapitel 2"],"inLanguage":"hr"},{"@type":"WebPage","@id":"https:\/\/gruene-wiesbaden.de\/kinder-familien-und-alleinerziehende\/","url":"https:\/\/gruene-wiesbaden.de\/kinder-familien-und-alleinerziehende\/","name":"Kinder, Familien und Alleinerziehende - B\u00dcNDNIS 90\/DIE GR\u00dcNEN Wiesbaden","isPartOf":{"@id":"https:\/\/gruene-wiesbaden.de\/#website"},"primaryImageOfPage":{"@id":"https:\/\/gruene-wiesbaden.de\/kinder-familien-und-alleinerziehende\/#primaryimage"},"image":{"@id":"https:\/\/gruene-wiesbaden.de\/kinder-familien-und-alleinerziehende\/#primaryimage"},"thumbnailUrl":"https:\/\/gruene-wiesbaden.de\/wp-content\/uploads\/2025\/11\/2.8-Kinder-Familien-und-Alleinerziehende-scaled.jpg","datePublished":"2025-11-09T22:18:23+00:00","dateModified":"2026-04-09T08:38:51+00:00","breadcrumb":{"@id":"https:\/\/gruene-wiesbaden.de\/kinder-familien-und-alleinerziehende\/#breadcrumb"},"inLanguage":"hr","potentialAction":[{"@type":"ReadAction","target":["https:\/\/gruene-wiesbaden.de\/kinder-familien-und-alleinerziehende\/"]}]},{"@type":"ImageObject","inLanguage":"hr","@id":"https:\/\/gruene-wiesbaden.de\/kinder-familien-und-alleinerziehende\/#primaryimage","url":"https:\/\/gruene-wiesbaden.de\/wp-content\/uploads\/2025\/11\/2.8-Kinder-Familien-und-Alleinerziehende-scaled.jpg","contentUrl":"https:\/\/gruene-wiesbaden.de\/wp-content\/uploads\/2025\/11\/2.8-Kinder-Familien-und-Alleinerziehende-scaled.jpg","width":2560,"height":1707},{"@type":"BreadcrumbList","@id":"https:\/\/gruene-wiesbaden.de\/kinder-familien-und-alleinerziehende\/#breadcrumb","itemListElement":[{"@type":"ListItem","position":1,"name":"Startseite","item":"https:\/\/gruene-wiesbaden.de\/"},{"@type":"ListItem","position":2,"name":"Kinder, Familien und Alleinerziehende"}]},{"@type":"WebSite","@id":"https:\/\/gruene-wiesbaden.de\/#website","url":"https:\/\/gruene-wiesbaden.de\/","name":"DIE GR\u00dcNEN Wiesbaden","description":"","publisher":{"@id":"https:\/\/gruene-wiesbaden.de\/#organization"},"potentialAction":[{"@type":"SearchAction","target":{"@type":"EntryPoint","urlTemplate":"https:\/\/gruene-wiesbaden.de\/?s={search_term_string}"},"query-input":{"@type":"PropertyValueSpecification","valueRequired":true,"valueName":"search_term_string"}}],"inLanguage":"hr"},{"@type":"Organization","@id":"https:\/\/gruene-wiesbaden.de\/#organization","name":"DIE GR\u00dcNEN Wiesbaden","url":"https:\/\/gruene-wiesbaden.de\/","logo":{"@type":"ImageObject","inLanguage":"hr","@id":"https:\/\/gruene-wiesbaden.de\/#\/schema\/logo\/image\/","url":"https:\/\/gruene-wiesbaden-fuer-europa.de\/wp-content\/uploads\/2024\/04\/Machen-was-zaehlt-5.png","contentUrl":"https:\/\/gruene-wiesbaden-fuer-europa.de\/wp-content\/uploads\/2024\/04\/Machen-was-zaehlt-5.png","width":1772,"height":1772,"caption":"DIE GR\u00dcNEN Wiesbaden"},"image":{"@id":"https:\/\/gruene-wiesbaden.de\/#\/schema\/logo\/image\/"},"sameAs":["https:\/\/www.facebook.com\/gruene.wi","https:\/\/instagram.com\/gruene_wi"]},{"@type":"Person","@id":"https:\/\/gruene-wiesbaden.de\/#\/schema\/person\/6785c34779159cd4fd86886bb097afe9","name":"admin","sameAs":["http:\/\/gruene-wiesbaden-fuer-europa.de"],"url":"https:\/\/gruene-wiesbaden.de\/hr\/author\/admin\/"}]}},"_links":{"self":[{"href":"https:\/\/gruene-wiesbaden.de\/hr\/wp-json\/wp\/v2\/posts\/1366","targetHints":{"allow":["GET"]}}],"collection":[{"href":"https:\/\/gruene-wiesbaden.de\/hr\/wp-json\/wp\/v2\/posts"}],"about":[{"href":"https:\/\/gruene-wiesbaden.de\/hr\/wp-json\/wp\/v2\/types\/post"}],"author":[{"embeddable":true,"href":"https:\/\/gruene-wiesbaden.de\/hr\/wp-json\/wp\/v2\/users\/1"}],"replies":[{"embeddable":true,"href":"https:\/\/gruene-wiesbaden.de\/hr\/wp-json\/wp\/v2\/comments?post=1366"}],"version-history":[{"count":7,"href":"https:\/\/gruene-wiesbaden.de\/hr\/wp-json\/wp\/v2\/posts\/1366\/revisions"}],"predecessor-version":[{"id":2396,"href":"https:\/\/gruene-wiesbaden.de\/hr\/wp-json\/wp\/v2\/posts\/1366\/revisions\/2396"}],"wp:featuredmedia":[{"embeddable":true,"href":"https:\/\/gruene-wiesbaden.de\/hr\/wp-json\/wp\/v2\/media\/1491"}],"wp:attachment":[{"href":"https:\/\/gruene-wiesbaden.de\/hr\/wp-json\/wp\/v2\/media?parent=1366"}],"wp:term":[{"taxonomy":"category","embeddable":true,"href":"https:\/\/gruene-wiesbaden.de\/hr\/wp-json\/wp\/v2\/categories?post=1366"},{"taxonomy":"post_tag","embeddable":true,"href":"https:\/\/gruene-wiesbaden.de\/hr\/wp-json\/wp\/v2\/tags?post=1366"}],"curies":[{"name":"wp","href":"https:\/\/api.w.org\/{rel}","templated":true}]}}