{"id":1351,"date":"2025-11-10T00:10:26","date_gmt":"2025-11-09T22:10:26","guid":{"rendered":"https:\/\/gruene-wiesbaden.de\/?p=1351"},"modified":"2026-04-09T10:27:25","modified_gmt":"2026-04-09T08:27:25","slug":"gleichstellung-von-lgbtqia","status":"publish","type":"post","link":"https:\/\/gruene-wiesbaden.de\/hr\/gleichstellung-von-lgbtqia\/","title":{"rendered":"LGBTQIA ravnopravnost*"},"content":{"rendered":"<section class=\"l-section wpb_row height_medium with_img\"><div class=\"l-section-img\" role=\"img\" data-img-width=\"1080\" data-img-height=\"800\" style=\"background-image: url(https:\/\/gruene-wiesbaden.de\/wp-content\/uploads\/2025\/11\/neuer-Verlauf-gruene-wiesbaden.de_-2-e1762709402177.png);\"><\/div><div class=\"l-section-overlay\" style=\"background:var(--color-header-top-transparent-bg)\"><\/div><div class=\"l-section-h i-cf\"><div class=\"g-cols vc_row via_grid cols_1 laptops-cols_inherit tablets-cols_inherit mobiles-cols_1 valign_top type_default stacking_default\"><div class=\"wpb_column vc_column_container\"><div class=\"vc_column-inner\"><h1 class=\"w-post-elm post_title us_custom_a574d586 has_text_color entry-title\">LGBTQIA ravnopravnost*<\/h1><div class=\"w-separator size_medium\"><\/div><div class=\"g-cols wpb_row via_grid cols_2-1 laptops-cols_inherit tablets-cols_inherit mobiles-cols_1 valign_top type_default stacking_default\" style=\"--columns-gap:3rem;\"><div class=\"wpb_column vc_column_container\"><div class=\"vc_column-inner\"><div class=\"wpb_text_column us_custom_8b3d6790 has_text_color\"><div class=\"wpb_wrapper\"><p><span style=\"font-weight: 400;\">Otvoreno, raznoliko i pravedno urbano dru\u0161tvo zna\u010di da ljudi mogu \u017eivjeti sigurne, vidljive i samoodre\u0111ene \u017eivote bez obzira na njihovu seksualnu orijentaciju ili rodni identitet. Me\u0111utim, u Wiesbadenu LGBTQIA* osobe i dalje do\u017eivljavaju diskriminaciju, nevidljivost i neprijateljstvo \u2013 u svakodnevnom \u017eivotu, na javnim mjestima ili u institucijama. Za nas je Zeleno jasno: O jednakim pravima i priznavanju ne mo\u017ee se pregovarati. Raznolikost ja\u010da na\u0161u demokraciju i \u010dini Wiesbaden ljep\u0161im za sve. Zato smo predani vidljivosti, skloni\u0161tima, nediskriminiraju\u0107em sudjelovanju i sna\u017enim mre\u017eama \u2013 od kulture i obrazovanja do administracije i urbanisti\u010dkog planiranja.<\/span><\/p>\n<\/div><\/div><div class=\"w-separator size_medium\"><\/div><div class=\"w-btn-wrapper align_left\"><a class=\"w-btn us-btn-style_8 icon_atleft\" href=\"https:\/\/gruene-wiesbaden.de\/hr\/kommunalwahl\/#Kapitel2\"><i class=\"fas fa-chevron-circle-right\"><\/i><span class=\"w-btn-label\">Povratak na pregled<\/span><\/a><\/div><\/div><\/div><div class=\"wpb_column vc_column_container\"><div class=\"vc_column-inner\"><div class=\"w-image align_center\"><div class=\"w-image-h\"><img decoding=\"async\" width=\"2560\" height=\"1707\" src=\"https:\/\/gruene-wiesbaden.de\/wp-content\/uploads\/2025\/11\/2.2-Gleichstellung-LGBTQAI-scaled.jpeg\" class=\"attachment-full size-full\" alt=\"\" loading=\"lazy\" srcset=\"https:\/\/gruene-wiesbaden.de\/wp-content\/uploads\/2025\/11\/2.2-Gleichstellung-LGBTQAI-scaled.jpeg 2560w, https:\/\/gruene-wiesbaden.de\/wp-content\/uploads\/2025\/11\/2.2-Gleichstellung-LGBTQAI-400x267.jpeg 400w, https:\/\/gruene-wiesbaden.de\/wp-content\/uploads\/2025\/11\/2.2-Gleichstellung-LGBTQAI-600x400.jpeg 600w\" sizes=\"auto, (max-width: 2560px) 100vw, 2560px\" \/><\/div><\/div><div class=\"w-separator size_small\"><\/div><\/div><\/div><\/div><div class=\"w-separator size_medium\"><\/div><div class=\"w-separator size_medium\"><\/div><div class=\"wpb_text_column\"><div class=\"wpb_wrapper\"><h1>\u0160to LGBTQIA ravnopravnost zna\u010di za nas<\/h1>\n<\/div><\/div><div class=\"w-separator size_large\"><\/div><div class=\"g-cols wpb_row via_grid cols_3 laptops-cols_inherit tablets-cols_inherit mobiles-cols_1 valign_top type_default stacking_default\" style=\"--columns-gap:3rem;\"><div class=\"wpb_column vc_column_container\"><div class=\"vc_column-inner\"><div class=\"w-iconbox us_custom_8b3d6790 has_text_color iconpos_left style_default color_custom align_left\"><div class=\"w-iconbox-icon\" style=\"font-size:2rem;--icon-color:#Ffffff;--icon-bg-color:var(--color-header-middle-bg);\"><i class=\"fas fa-layer-group\"><\/i><\/div><div class=\"w-iconbox-meta\"><h4 class=\"w-iconbox-title\" style=\"font-size:1.5rem;\">Promicanje kulture i CSD-ova<\/h4><div class=\"w-iconbox-text\"><p><span style=\"font-weight: 400;\">Kulturne ponude Queera i CSD va\u017eni su znakovi vidljivosti \u2013 zaslu\u017euju pouzdanu potporu.<\/span><\/p>\n<\/div><\/div><\/div><\/div><\/div><div class=\"wpb_column vc_column_container\"><div class=\"vc_column-inner\"><div class=\"w-iconbox us_custom_8b3d6790 has_text_color iconpos_left style_default color_custom align_left\"><div class=\"w-iconbox-icon\" style=\"font-size:2rem;--icon-color:#Ffffff;--icon-bg-color:var(--color-header-transparent-text);\"><i class=\"fas fa-layer-group\"><\/i><\/div><div class=\"w-iconbox-meta\"><h4 class=\"w-iconbox-title\" style=\"font-size:1.5rem;\">Za\u0161tita zdravlja<\/h4><div class=\"w-iconbox-text\"><p><span style=\"font-weight: 400;\">Zdravstvene i savjetodavne usluge temeljene na potrebama za LGBTQIA* preduvjet su za jednake mogu\u0107nosti.<\/span><\/p>\n<\/div><\/div><\/div><\/div><\/div><div class=\"wpb_column vc_column_container\"><div class=\"vc_column-inner\"><div class=\"w-iconbox us_custom_8b3d6790 has_text_color iconpos_left style_default color_custom align_left\"><div class=\"w-iconbox-icon\" style=\"font-size:2rem;--icon-color:#Ffffff;--icon-bg-color:var(--color-header-transparent-text);\"><i class=\"fas fa-layer-group\"><\/i><\/div><div class=\"w-iconbox-meta\"><h4 class=\"w-iconbox-title\" style=\"font-size:1.5rem;\">Promicanje mladih<\/h4><div class=\"w-iconbox-text\"><p><span style=\"font-weight: 400;\">Upitnici za mlade trebaju sigurne prostore, savjete i ponude koji omogu\u0107uju prihva\u0107anje i sudjelovanje.<\/span><\/p>\n<\/div><\/div><\/div><\/div><\/div><\/div><div class=\"w-separator size_medium\"><\/div><div class=\"g-cols wpb_row via_grid cols_3 laptops-cols_inherit tablets-cols_inherit mobiles-cols_1 valign_top type_default stacking_default\" style=\"--columns-gap:3rem;\"><div class=\"wpb_column vc_column_container\"><div class=\"vc_column-inner\"><div class=\"w-iconbox us_custom_8b3d6790 has_text_color iconpos_left style_default color_custom align_left\"><div class=\"w-iconbox-icon\" style=\"font-size:2rem;--icon-color:#Ffffff;--icon-bg-color:var(--color-header-middle-bg);\"><i class=\"fas fa-layer-group\"><\/i><\/div><div class=\"w-iconbox-meta\"><h4 class=\"w-iconbox-title\" style=\"font-size:1.5rem;\">Borba protiv diskriminacije<\/h4><div class=\"w-iconbox-text\"><p><span style=\"font-weight: 400;\">Protivimo se neprijateljstvima i stvaramo strukture koje jam\u010de za\u0161titu i potporu.<\/span><\/p>\n<\/div><\/div><\/div><\/div><\/div><div class=\"wpb_column vc_column_container\"><div class=\"vc_column-inner\"><div class=\"w-iconbox us_custom_8b3d6790 has_text_color iconpos_left style_default color_custom align_left\"><div class=\"w-iconbox-icon\" style=\"font-size:2rem;--icon-color:#Ffffff;--icon-bg-color:var(--color-header-transparent-text);\"><i class=\"fas fa-layer-group\"><\/i><\/div><div class=\"w-iconbox-meta\"><h4 class=\"w-iconbox-title\" style=\"font-size:1.5rem;\">Ja\u010danje vidljivosti<\/h4><div class=\"w-iconbox-text\"><p><span style=\"font-weight: 400;\">Raznolikost je u sredi\u0161tu grada \u2013 LGBTQIA* mora biti vidljiva i cijenjena u Wiesbadenu.<\/span><\/p>\n<\/div><\/div><\/div><\/div><\/div><div class=\"wpb_column vc_column_container\"><div class=\"vc_column-inner\"><\/div><\/div><\/div><div class=\"w-separator size_medium\"><\/div><div class=\"w-btn-wrapper align_left\"><a class=\"w-btn us-btn-style_8 icon_atleft\" href=\"https:\/\/gruene-wiesbaden.de\/hr\/kommunalwahl\/#Kapitel2\"><i class=\"fas fa-chevron-circle-right\"><\/i><span class=\"w-btn-label\">Povratak na pregled<\/span><\/a><\/div><div class=\"w-separator size_medium\"><\/div><\/div><\/div><\/div><\/div><\/section><section class=\"l-section wpb_row height_auto with_img\"><div class=\"l-section-img\" role=\"img\" data-img-width=\"2560\" data-img-height=\"1707\" style=\"background-image: url(https:\/\/gruene-wiesbaden.de\/wp-content\/uploads\/2025\/11\/2.2-Gleichstellung-LGBTQAI-scaled.jpeg);background-repeat: no-repeat;\"><\/div><div class=\"l-section-overlay\" style=\"background:var(--color-header-top-transparent-bg)\"><\/div><div class=\"l-section-h i-cf\"><div class=\"g-cols vc_row via_grid cols_1 laptops-cols_inherit tablets-cols_inherit mobiles-cols_1 valign_middle type_default stacking_default\" style=\"--columns-gap:1rem;\"><div class=\"wpb_column vc_column_container\"><div class=\"vc_column-inner\"><div class=\"w-separator size_large\"><\/div><div class=\"wpb_text_column background_inside_text\"><div class=\"wpb_wrapper\"><h1>\u0160to konkretno \u017eelimo u\u010diniti u ovom podru\u010dju<\/h1>\n<\/div><\/div><div class=\"w-separator size_medium\"><\/div><div class=\"w-tabs us_custom_42d693a0 has_text_color style_default switch_click accordion has_scrolling\" style=\"--sections-title-size:1.4rem\"><div class=\"w-tabs-sections titles-align_none icon_chevron cpos_right\"><div class=\"w-tabs-section has_text_color\" id=\"y921\" style=\"background:var(--color-header-transparent-text);color:var(--color-header-top-text-hover);\"><button class=\"w-tabs-section-header\" aria-controls=\"content-y921\" aria-expanded=\"false\"><div class=\"w-tabs-section-title\">Rodno neutralni prostori u javnim zgradama<\/div><div class=\"w-tabs-section-control\"><\/div><\/button><div  class=\"w-tabs-section-content\" id=\"content-y921\"><div class=\"w-tabs-section-content-h i-cf\"><div class=\"wpb_text_column\"><div class=\"wpb_wrapper\"><p><span style=\"font-weight: 400;\">Predani smo osiguravanju da sve javne zgrade u gradu imaju rodno neutralne prostore, uklju\u010duju\u0107i toalete i, prema potrebi, svla\u010dionice. Za mnoge ljude u LGBTQIA* zajednici to zna\u010di vidljivo prepoznavanje, sigurnost i samoodre\u0111enje: Mogu koristiti objekte bez straha od diskriminacije, neprijateljstva ili neugodnih situacija. Takvi su prostori konkretan znak uklju\u010denosti i po\u0161tovanja te promi\u010du otvoren, raznolik su\u017eivot u upravi, \u0161kolama, kulturnim i sportskim objektima.<\/span><\/p>\n<\/div><\/div><\/div><\/div><\/div><div class=\"w-tabs-section has_text_color\" id=\"ga66\" style=\"background:var(--color-header-transparent-text);color:var(--color-header-top-text-hover);\"><button class=\"w-tabs-section-header\" aria-controls=\"content-ga66\" aria-expanded=\"false\"><div class=\"w-tabs-section-title\">Pouzdano promicanje CSD-a<\/div><div class=\"w-tabs-section-control\"><\/div><\/button><div  class=\"w-tabs-section-content\" id=\"content-ga66\"><div class=\"w-tabs-section-content-h i-cf\"><div class=\"wpb_text_column\"><div class=\"wpb_wrapper\"><p><span style=\"font-weight: 400;\">Osigurali smo financijsku potporu za Dan Christopherove ulice u Wiesbadenu. CSD podsje\u0107a na povijesnu borbu zajednice LGBTQIA* za jednakost i borbu protiv diskriminacije, globalnog simbola vidljivosti, priznavanja i raznolikosti od nereda u Stonewallu 1969. Posebno s obzirom na dru\u0161tveni pomak udesno, va\u017eno je da grad poka\u017ee svoj stav i podr\u017ei zajednicu, \u010dak i ako neka poduze\u0107a odstupe kao sponzori. Pru\u017eaju\u0107i pouzdanu potporu \u0161aljemo sna\u017enu poruku solidarnosti, ljudskih prava i dru\u0161tvenog sudjelovanja.<\/span><\/p>\n<\/div><\/div><\/div><\/div><\/div><div class=\"w-tabs-section has_text_color\" id=\"vb86\" style=\"background:var(--color-header-transparent-text);color:var(--color-header-top-text-hover);\"><button class=\"w-tabs-section-header\" aria-controls=\"content-vb86\" aria-expanded=\"false\"><div class=\"w-tabs-section-title\">Promicanje savjetodavnih centara<\/div><div class=\"w-tabs-section-control\"><\/div><\/button><div  class=\"w-tabs-section-content\" id=\"content-vb86\"><div class=\"w-tabs-section-content-h i-cf\"><div class=\"wpb_text_column\"><div class=\"wpb_wrapper\"><p><span style=\"font-weight: 400;\">Podr\u017eavamo queer savjetovanje i usluge podr\u0161ke kao \u0161to je SCHLAU Wiesbaden. One su va\u017ene kontaktne to\u010dke za borbu protiv diskriminacije i za osna\u017eivanje. Stope samoubojstava me\u0111u queer mladima i dalje su znatno vi\u0161e \u2013 ovdje se \u017eelimo aktivno suprotstaviti. Zato smo predani osiguravanju preventivnih i samopomo\u0107nih ponuda te promicanju inicijativa za \u0161kolsko obrazovanje. Tim mjerama stvaramo sigurnost, skloni\u0161ta i mogu\u0107nosti za queer mlade i ja\u010damo njihovo dru\u0161tveno sudjelovanje.<\/span><\/p>\n<\/div><\/div><\/div><\/div><\/div><div class=\"w-tabs-section has_text_color\" id=\"lca5\" style=\"background:var(--color-header-middle-bg);color:var(--color-content-heading);\"><button class=\"w-tabs-section-header\" aria-controls=\"content-lca5\" aria-expanded=\"false\"><div class=\"w-tabs-section-title\">Promicanje prostora za mlade Queer<\/div><div class=\"w-tabs-section-control\"><\/div><\/button><div  class=\"w-tabs-section-content\" id=\"content-lca5\"><div class=\"w-tabs-section-content-h i-cf\"><div class=\"wpb_text_column\"><div class=\"wpb_wrapper\"><p><span style=\"font-weight: 400;\">Stvaramo sigurne prostore u kojima queer mladi ljudi mogu provoditi svoje slobodno vrijeme, primati savjete i razvijati se na samoodre\u0111en na\u010din. Takvi su prostori klju\u010dni za osna\u017eivanje, samopouzdanje i dru\u0161tveno sudjelovanje, posebno u vrijeme kada se queer mladi i dalje suo\u010davaju s diskriminacijom i isklju\u010deno\u0161\u0107u. Zajedno s lokalnom zajednicom \u017eelimo razviti ponude prilago\u0111ene potrebama mladih u Wiesbadenu. Na taj na\u010din promi\u010demo prihva\u0107anje od rane dobi i dajemo mladima sigurnost da budu sami.<\/span><\/p>\n<\/div><\/div><\/div><\/div><\/div><div class=\"w-tabs-section has_text_color\" id=\"ydc0\" style=\"background:var(--color-header-transparent-text);color:var(--color-header-top-text-hover);\"><button class=\"w-tabs-section-header\" aria-controls=\"content-ydc0\" aria-expanded=\"false\"><div class=\"w-tabs-section-title\">Promicati projekte u \u0161kolama putem queer savjetodavnih centara<\/div><div class=\"w-tabs-section-control\"><\/div><\/button><div  class=\"w-tabs-section-content\" id=\"content-ydc0\"><div class=\"w-tabs-section-content-h i-cf\"><div class=\"wpb_text_column\"><div class=\"wpb_wrapper\"><p><span style=\"font-weight: 400;\">Edukacijski projekti mogu pomo\u0107i \u0161kolama da smanje predrasude prema ljudima iz queer zajednice i tako sprije\u010de dugoro\u010dno nasilje prema queer ljudima. Istodobno, takvi projekti mogu pomo\u0107i queer mladima da prona\u0111u odgovaraju\u0107e savjetodavne usluge u gradskom dru\u0161tvu.<\/span><\/p>\n<\/div><\/div><\/div><\/div><\/div><div class=\"w-tabs-section has_text_color\" id=\"pefc\" style=\"background:var(--color-header-middle-bg);color:var(--color-header-middle-text);\"><button class=\"w-tabs-section-header\" aria-controls=\"content-pefc\" aria-expanded=\"false\"><div class=\"w-tabs-section-title\">Promicati vidljivost queer \u017eivota u gradu<\/div><div class=\"w-tabs-section-control\"><\/div><\/button><div  class=\"w-tabs-section-content\" id=\"content-pefc\"><div class=\"w-tabs-section-content-h i-cf\"><div class=\"wpb_text_column\"><div class=\"wpb_wrapper\"><p><span style=\"font-weight: 400;\">\u017divot queera trebao bi postati jo\u0161 vidljiviji u gradskom pejza\u017eu, pa smo se zalagali za podizanje zastave duginih boja na javnim zgradama i \u017eeljeli stvoriti ve\u0107u zastupljenost u gradskom pejza\u017eu Wiesbadena, primjerice, queer parovima semafora, duginim klupama i prugama dugine zebre. Osim toga, predani smo tome da urbane publikacije i reklamne kampanje tako\u0111er prikazuju stvarnost \u017eivota LGBTQIA* ljudi, bez obzira na temu.<\/span><\/p>\n<\/div><\/div><\/div><\/div><\/div><div class=\"w-tabs-section has_text_color\" id=\"z01b\" style=\"background:var(--color-header-transparent-text);color:var(--color-header-top-text-hover);\"><button class=\"w-tabs-section-header\" aria-controls=\"content-z01b\" aria-expanded=\"false\"><div class=\"w-tabs-section-title\">Odr\u017eivo promicanje usluga savjetovanja i potpore<\/div><div class=\"w-tabs-section-control\"><\/div><\/button><div  class=\"w-tabs-section-content\" id=\"content-z01b\"><div class=\"w-tabs-section-content-h i-cf\"><div class=\"wpb_text_column\"><div class=\"wpb_wrapper\"><p><span style=\"font-weight: 400;\">Udruge i udruge obavljaju nezamjenjiv rad, na primjer u savjetovanju, prevenciji i pra\u0107enju osoba koje \u017eive s HIV-om i AIDS-om i njihovih obitelji. One su jedinstvena kontaktna to\u010dka za zajednicu LGBTQIA* i ispunjavaju va\u017ene dru\u0161tvene zada\u0107e. Mi GR\u00dcNE smo posve\u0107eni kontinuiranoj i pouzdanoj financijskoj potpori za ove organizacije, kao \u0161to su Pro Familia e.V. i AIDS-Hilfe Wiesbaden.<\/span><\/p>\n<\/div><\/div><\/div><\/div><\/div><div class=\"w-tabs-section has_text_color\" id=\"f13b\" style=\"background:var(--color-header-transparent-text);color:var(--color-header-top-text-hover);\"><button class=\"w-tabs-section-header\" aria-controls=\"content-f13b\" aria-expanded=\"false\"><div class=\"w-tabs-section-title\">Oja\u010dati i u\u010diniti vidljivim queer ljude u starijoj dobi<\/div><div class=\"w-tabs-section-control\"><\/div><\/button><div  class=\"w-tabs-section-content\" id=\"content-f13b\"><div class=\"w-tabs-section-content-h i-cf\"><div class=\"wpb_text_column\"><div class=\"wpb_wrapper\"><p><span style=\"font-weight: 400;\">Starije osobe u LGBTQIA* zajednici \u010desto su se te\u0161ko borile za prihva\u0107anje i vidljivost. Odrasli su u okru\u017eenju koje ih je, osim dru\u0161tvene stigme, tako\u0111er ograni\u010dilo zakonima. \u010cesto ovo odbijanje ima u\u010dinak do danas i osigurava da stariji queer ljudi skrivaju svoj identitet. Zajedno sa Savjetodavnim odborom starijih gra\u0111ana, queer udrugama i Koordinacijskim centrom LSBT*IQ \u017eelimo razviti koncepte koji ja\u010daju i \u010dine vidljive queer osobe u starijoj dobi. Osim toga, zaposlenici u ustanovama za urbanu skrb trebaju biti posebno osposobljeni za bavljenje queer stvarno\u0161\u0107u \u017eivota u starijoj dobi.<\/span><\/p>\n<\/div><\/div><\/div><\/div><\/div><\/div><\/div><div class=\"w-separator size_medium\"><\/div><div class=\"w-btn-wrapper align_left\"><a class=\"w-btn us-btn-style_8 icon_atleft\" href=\"https:\/\/gruene-wiesbaden.de\/hr\/kommunalwahl\/#Kapitel2\"><i class=\"fas fa-chevron-circle-right\"><\/i><span class=\"w-btn-label\">Povratak na pregled<\/span><\/a><\/div><div class=\"w-separator size_large\"><\/div><div class=\"wpb_text_column\"><div class=\"wpb_wrapper\"><h1>\u0160to smo ve\u0107 postigli<\/h1>\n<\/div><\/div><div class=\"w-separator size_medium\"><\/div><div class=\"w-tabs us_custom_42d693a0 has_text_color style_default switch_click accordion has_scrolling\" style=\"--sections-title-size:1.4rem\"><div class=\"w-tabs-sections titles-align_none icon_chevron cpos_right\"><div class=\"w-tabs-section has_text_color\" id=\"x414\" style=\"background:var(--color-header-transparent-text);color:var(--color-header-top-text-hover);\"><button class=\"w-tabs-section-header\" aria-controls=\"content-x414\" aria-expanded=\"false\"><div class=\"w-tabs-section-title\">Mre\u017ea kvestora u gradskoj upravi<\/div><div class=\"w-tabs-section-control\"><\/div><\/button><div  class=\"w-tabs-section-content\" id=\"content-x414\"><div class=\"w-tabs-section-content-h i-cf\"><div class=\"wpb_text_column\"><div class=\"wpb_wrapper\"><p><span style=\"font-weight: 400;\">Uspostavili smo queer mre\u017eu u gradskoj upravi Wiesbadena. Promi\u010de razmjenu zaposlenika LGBTQIA*, podupire provedbu uklju\u010divih mjera i osigurava da se u sve odluke uklju\u010de pitanja koja izazivaju zabrinutost. Time stvaramo vidljivo i nediskriminiraju\u0107e radno okru\u017eenje te ja\u010damo prava i priznavanje queer osoba u upravi. Ova mre\u017ea je jasan uspjeh za raznolikost, jednakost i sudjelovanje u Wiesbadenu.<\/span><\/p>\n<\/div><\/div><\/div><\/div><\/div><div class=\"w-tabs-section has_text_color\" id=\"o534\" style=\"background:var(--color-header-transparent-text);color:var(--color-header-top-text-hover);\"><button class=\"w-tabs-section-header\" aria-controls=\"content-o534\" aria-expanded=\"false\"><div class=\"w-tabs-section-title\">Osiguravanje CSD-a 2025. unato\u010d pove\u0107anim tro\u0161kovima<\/div><div class=\"w-tabs-section-control\"><\/div><\/button><div  class=\"w-tabs-section-content\" id=\"content-o534\"><div class=\"w-tabs-section-content-h i-cf\"><div class=\"wpb_text_column\"><div class=\"wpb_wrapper\"><p><span style=\"font-weight: 400;\">Pove\u0107ali smo prora\u010dun za Dan Christopherove ulice 2025. kako bismo pokrili pove\u0107ane tro\u0161kove i tako pridonijeli \u010dinjenici da bi se unato\u010d padu sponzora CSD-a u Wiesbadenu mogli odr\u017eati. Pru\u017eaju\u0107i pouzdanu potporu \u0161aljemo sna\u017enu poruku solidarnosti, ljudskih prava i dru\u0161tvenog sudjelovanja.<\/span><\/p>\n<\/div><\/div><\/div><\/div><\/div><div class=\"w-tabs-section has_text_color\" id=\"x670\" style=\"background:var(--color-header-transparent-text);color:var(--color-header-top-text-hover);\"><button class=\"w-tabs-section-header\" aria-controls=\"content-x670\" aria-expanded=\"false\"><div class=\"w-tabs-section-title\">IDAHOBIT - Ja\u010danje vidljivosti i prihva\u0107anja<\/div><div class=\"w-tabs-section-control\"><\/div><\/button><div  class=\"w-tabs-section-content\" id=\"content-x670\"><div class=\"w-tabs-section-content-h i-cf\"><div class=\"wpb_text_column\"><div class=\"wpb_wrapper\"><p><span style=\"font-weight: 400;\">Osigurali smo i financijski podr\u017eali provedbu Me\u0111unarodnog dana borbe protiv homofobije, bifobije, interfobije i transfobije (IDAHOBIT) u Wiesbadenu. Doga\u0111aj \u010dini interese LGBTQIA+ zajednice vidljivima, \u0161alje jasnu poruku protiv diskriminacije i promi\u010de priznavanje, raznolikost i dru\u0161tveno sudjelovanje. Uz na\u0161u podr\u0161ku, IDAHOBIT je postao stalni javni forum koji omogu\u0107uje osna\u017eivanje, razmjenu i podizanje svijesti u urbanom dru\u0161tvu.<\/span><\/p>\n<\/div><\/div><\/div><\/div><\/div><div class=\"w-tabs-section has_text_color\" id=\"z78e\" style=\"background:var(--color-header-middle-bg);color:var(--color-content-heading);\"><button class=\"w-tabs-section-header\" aria-controls=\"content-z78e\" aria-expanded=\"false\"><div class=\"w-tabs-section-title\">Promicanje mladih kvestora: Ptice ponosa (Warmes Wiesbaden e.V.)<\/div><div class=\"w-tabs-section-control\"><\/div><\/button><div  class=\"w-tabs-section-content\" id=\"content-z78e\"><div class=\"w-tabs-section-content-h i-cf\"><div class=\"wpb_text_column\"><div class=\"wpb_wrapper\"><p><span style=\"font-weight: 400;\">Podr\u017eali smo rad organizacije Warmes Wiesbaden e.V. kako bi queer mladi u skupini mladih \u201ePtice ponosa\u201d mogli slobodno razmjenjivati ideje, primati potporu i razvijati svoj identitet. Na\u0161a politi\u010dka potpora osigurala je potrebne okvirne uvjete i resurse. Na taj na\u010din stvaramo za\u0161ti\u0107eni prostor za osna\u017eivanje, umre\u017eavanje i sudjelovanje te ja\u010damo vidljivost i prihva\u0107anje queer mladih ljudi u Wiesbadenu.<\/span><\/p>\n<\/div><\/div><\/div><\/div><\/div><div class=\"w-tabs-section has_text_color\" id=\"h8ab\" style=\"background:var(--color-header-transparent-text);color:var(--color-header-top-text-hover);\"><button class=\"w-tabs-section-header\" aria-controls=\"content-h8ab\" aria-expanded=\"false\"><div class=\"w-tabs-section-title\">Queeres Zentrum Wiesbaden e.V. oja\u010dan<\/div><div class=\"w-tabs-section-control\"><\/div><\/button><div  class=\"w-tabs-section-content\" id=\"content-h8ab\"><div class=\"w-tabs-section-content-h i-cf\"><div class=\"wpb_text_column\"><div class=\"wpb_wrapper\"><p><span style=\"font-weight: 400;\">Queeren Zentrum Wiesbaden (QZ e.V.) dobili smo privremeno rje\u0161enje i omogu\u0107ili preseljenje u zavr\u0161ne prostorije do kraja 2025. godine. Centar nudi sigurno mjesto za savjetovanje, slobodno vrijeme, umre\u017eavanje i osna\u017eivanje queer zajednice. Putem na\u0161e politi\u010dke potpore mogle bi se osigurati prostorije, oprema i operacije. Na taj na\u010din stvaramo vidljive, za\u0161ti\u0107ene kontaktne to\u010dke, ja\u010damo sudjelovanje queer ljudi i promoviramo raznoliku, otvorenu Wiesbaden.<\/span><\/p>\n<\/div><\/div><\/div><\/div><\/div><div class=\"w-tabs-section has_text_color\" id=\"l9e2\" style=\"background:var(--color-header-transparent-text);color:var(--color-header-top-text-hover);\"><button class=\"w-tabs-section-header\" aria-controls=\"content-l9e2\" aria-expanded=\"false\"><div class=\"w-tabs-section-title\">Oja\u010dana jedinica za koordinaciju LSBT-a*IQ-a<\/div><div class=\"w-tabs-section-control\"><\/div><\/button><div  class=\"w-tabs-section-content\" id=\"content-l9e2\"><div class=\"w-tabs-section-content-h i-cf\"><div class=\"wpb_text_column\"><div class=\"wpb_wrapper\"><p><span style=\"font-weight: 400;\">Proveli smo i popunili drugo mjesto u Jedinici za koordinaciju LGBT*IQ-a. Kao rezultat toga, zabrinutosti queer zajednice mogu se br\u017ee rije\u0161iti, a mjere koje se provode i za\u0161tita, vidljivost i sudjelovanje mogu se osigurati na odr\u017eiv na\u010din.<\/span><\/p>\n<\/div><\/div><\/div><\/div><\/div><div class=\"w-tabs-section has_text_color\" id=\"hafe\" style=\"background:var(--color-header-transparent-text);color:var(--color-header-top-text-hover);\"><button class=\"w-tabs-section-header\" aria-controls=\"content-hafe\" aria-expanded=\"false\"><div class=\"w-tabs-section-title\">Okrugli stol LSBT*IQ<\/div><div class=\"w-tabs-section-control\"><\/div><\/button><div  class=\"w-tabs-section-content\" id=\"content-hafe\"><div class=\"w-tabs-section-content-h i-cf\"><div class=\"wpb_text_column\"><div class=\"wpb_wrapper\"><p><span style=\"font-weight: 400;\">Postavili smo okrugli stol LSBT*IQ na tromjese\u010dnoj osnovi. Ovdje uprava, politika i zajednica razmjenjuju informacije o aktualnim temama i zajedni\u010dki razvijaju mjere za pobolj\u0161anje vidljivosti, za\u0161tite i ravnopravnosti.<\/span><\/p>\n<\/div><\/div><\/div><\/div><\/div><div class=\"w-tabs-section has_text_color\" id=\"vc18\" style=\"background:var(--color-header-transparent-text);color:var(--color-header-top-text-hover);\"><button class=\"w-tabs-section-header\" aria-controls=\"content-vc18\" aria-expanded=\"false\"><div class=\"w-tabs-section-title\">Konferencija o nasilju<\/div><div class=\"w-tabs-section-control\"><\/div><\/button><div  class=\"w-tabs-section-content\" id=\"content-vc18\"><div class=\"w-tabs-section-content-h i-cf\"><div class=\"wpb_text_column\"><div class=\"wpb_wrapper\"><p><span style=\"font-weight: 400;\">Zapo\u010deli smo simpozij o nasilju nad LGBTQIA* osobama. Stru\u010dnjaci i organizacije razmjenjuju mi\u0161ljenja kako bi pobolj\u0161ali mjere za\u0161tite i oja\u010dali spre\u010davanje nasilja i diskriminacije.<\/span><\/p>\n<\/div><\/div><\/div><\/div><\/div><div class=\"w-tabs-section has_text_color\" id=\"hd50\" style=\"background:var(--color-header-transparent-text);color:var(--color-header-top-text-hover);\"><button class=\"w-tabs-section-header\" aria-controls=\"content-hd50\" aria-expanded=\"false\"><div class=\"w-tabs-section-title\">Potpora izbjeglicama iz duge<\/div><div class=\"w-tabs-section-control\"><\/div><\/button><div  class=\"w-tabs-section-content\" id=\"content-hd50\"><div class=\"w-tabs-section-content-h i-cf\"><div class=\"wpb_text_column\"><div class=\"wpb_wrapper\"><p><span style=\"font-weight: 400;\">Osigurali smo da queer izbjeglice u Wiesbadenu budu vidljivo podr\u017eane i dobro integrirane. Politi\u010dkim odlukama promovirali smo suradnju izme\u0111u grada, AIDS-Hilfe Hessena i drugih organizacija. Projekt Rainbow Refugee Support pru\u017ea savjetovanje, potporu u postupcima azila, psihosocijalnu potporu i grupne ponude kako bi se sprije\u010dila izolacija. Mi Zeleni smo stvorili okvir za queer izbjeglice do\u017eivjeti za\u0161titu, osna\u017eivanje i sudjelovanje u na\u0161em gradu.<\/span><\/p>\n<\/div><\/div><\/div><\/div><\/div><div class=\"w-tabs-section has_text_color\" id=\"ae71\" style=\"background:var(--color-header-transparent-text);color:var(--color-header-top-text-hover);\"><button class=\"w-tabs-section-header\" aria-controls=\"content-ae71\" aria-expanded=\"false\"><div class=\"w-tabs-section-title\">U\u010diniti raznolikost vidljivom u Wiesbadenu<\/div><div class=\"w-tabs-section-control\"><\/div><\/button><div  class=\"w-tabs-section-content\" id=\"content-ae71\"><div class=\"w-tabs-section-content-h i-cf\"><div class=\"wpb_text_column\"><div class=\"wpb_wrapper\"><p><span style=\"font-weight: 400;\">Postavili smo znakove: Duga\u010dka zebra i dugini krug \u010dine raznolikost na\u0161eg grada vidljivom. Oni su konkretni simboli prihva\u0107anja, vidljivosti i jednakosti i pokazuju da je Wiesbaden otvoren grad za LGBTQIA* osobe. Ti trajno vidljivi znakovi ja\u010daju samopouzdanje zajednice i senzibiliziraju cijelo gradsko dru\u0161tvo.<\/span><\/p>\n<\/div><\/div><\/div><\/div><\/div><\/div><\/div><div class=\"w-separator size_medium\"><\/div><div class=\"w-btn-wrapper align_left\"><a class=\"w-btn us-btn-style_8 icon_atleft\" href=\"https:\/\/gruene-wiesbaden.de\/hr\/kommunalwahl\/#Kapitel2\"><i class=\"fas fa-chevron-circle-right\"><\/i><span class=\"w-btn-label\">Povratak na pregled<\/span><\/a><\/div><div class=\"w-separator size_large\"><\/div><\/div><\/div><\/div><\/div><\/section>","protected":false},"excerpt":{"rendered":"Otvoreno, raznoliko i pravedno urbano dru\u0161tvo zna\u010di da ljudi, bez obzira na svoju seksualnu orijentaciju ili rodni identitet, mogu \u017eivjeti sigurnim, vidljivim i samoodre\u0111enim \u017eivotom. Me\u0111utim, u Wiesbadenu LGBTQIA* osobe i dalje do\u017eivljavaju diskriminaciju, nevidljivost i neprijateljstvo \u2013 u svakodnevnom \u017eivotu, na javnim mjestima ili u institucijama. Za nas je Zeleno jasno: Jednaka prava i priznanje nisu...","protected":false},"author":1,"featured_media":1547,"comment_status":"closed","ping_status":"closed","sticky":false,"template":"","format":"standard","meta":{"footnotes":""},"categories":[15],"tags":[],"class_list":["post-1351","post","type-post","status-publish","format-standard","has-post-thumbnail","hentry","category-kapitel-2"],"yoast_head":"<!-- This site is optimized with the Yoast SEO plugin v27.5 - https:\/\/yoast.com\/product\/yoast-seo-wordpress\/ -->\n<title>Gleichstellung von LGBTQIA* - B\u00dcNDNIS 90\/DIE GR\u00dcNEN Wiesbaden<\/title>\n<meta name=\"robots\" content=\"index, follow, max-snippet:-1, max-image-preview:large, max-video-preview:-1\" \/>\n<link rel=\"canonical\" href=\"https:\/\/gruene-wiesbaden.de\/hr\/gleichstellung-von-lgbtqia\/\" \/>\n<meta property=\"og:locale\" content=\"hr_HR\" \/>\n<meta property=\"og:type\" content=\"article\" \/>\n<meta property=\"og:title\" content=\"Gleichstellung von LGBTQIA* - B\u00dcNDNIS 90\/DIE GR\u00dcNEN Wiesbaden\" \/>\n<meta property=\"og:url\" content=\"https:\/\/gruene-wiesbaden.de\/hr\/gleichstellung-von-lgbtqia\/\" \/>\n<meta property=\"og:site_name\" content=\"B\u00dcNDNIS 90\/DIE GR\u00dcNEN Wiesbaden\" \/>\n<meta property=\"article:publisher\" content=\"https:\/\/www.facebook.com\/gruene.wi\" \/>\n<meta property=\"article:published_time\" content=\"2025-11-09T22:10:26+00:00\" \/>\n<meta property=\"article:modified_time\" content=\"2026-04-09T08:27:25+00:00\" \/>\n<meta property=\"og:image\" content=\"https:\/\/gruene-wiesbaden.de\/wp-content\/uploads\/2025\/11\/2.2-Gleichstellung-LGBTQAI-scaled.jpeg\" \/>\n\t<meta property=\"og:image:width\" content=\"2560\" \/>\n\t<meta property=\"og:image:height\" content=\"1707\" \/>\n\t<meta property=\"og:image:type\" content=\"image\/jpeg\" \/>\n<meta name=\"author\" content=\"admin\" \/>\n<meta name=\"twitter:card\" content=\"summary_large_image\" \/>\n<meta name=\"twitter:label1\" content=\"Napisao\/la\" \/>\n\t<meta name=\"twitter:data1\" content=\"admin\" \/>\n\t<meta name=\"twitter:label2\" content=\"Procijenjeno vrijeme \u010ditanja\" \/>\n\t<meta name=\"twitter:data2\" content=\"9 minutes\" \/>\n<script type=\"application\/ld+json\" class=\"yoast-schema-graph\">{\"@context\":\"https:\\\/\\\/schema.org\",\"@graph\":[{\"@type\":\"Article\",\"@id\":\"https:\\\/\\\/gruene-wiesbaden.de\\\/gleichstellung-von-lgbtqia\\\/#article\",\"isPartOf\":{\"@id\":\"https:\\\/\\\/gruene-wiesbaden.de\\\/gleichstellung-von-lgbtqia\\\/\"},\"author\":{\"name\":\"admin\",\"@id\":\"https:\\\/\\\/gruene-wiesbaden.de\\\/#\\\/schema\\\/person\\\/6785c34779159cd4fd86886bb097afe9\"},\"headline\":\"Gleichstellung von LGBTQIA*\",\"datePublished\":\"2025-11-09T22:10:26+00:00\",\"dateModified\":\"2026-04-09T08:27:25+00:00\",\"mainEntityOfPage\":{\"@id\":\"https:\\\/\\\/gruene-wiesbaden.de\\\/gleichstellung-von-lgbtqia\\\/\"},\"wordCount\":2670,\"publisher\":{\"@id\":\"https:\\\/\\\/gruene-wiesbaden.de\\\/#organization\"},\"image\":{\"@id\":\"https:\\\/\\\/gruene-wiesbaden.de\\\/gleichstellung-von-lgbtqia\\\/#primaryimage\"},\"thumbnailUrl\":\"https:\\\/\\\/gruene-wiesbaden.de\\\/wp-content\\\/uploads\\\/2025\\\/11\\\/2.2-Gleichstellung-LGBTQAI-scaled.jpeg\",\"articleSection\":[\"Kapitel 2\"],\"inLanguage\":\"hr\"},{\"@type\":\"WebPage\",\"@id\":\"https:\\\/\\\/gruene-wiesbaden.de\\\/gleichstellung-von-lgbtqia\\\/\",\"url\":\"https:\\\/\\\/gruene-wiesbaden.de\\\/gleichstellung-von-lgbtqia\\\/\",\"name\":\"Gleichstellung von LGBTQIA* - B\u00dcNDNIS 90\\\/DIE GR\u00dcNEN Wiesbaden\",\"isPartOf\":{\"@id\":\"https:\\\/\\\/gruene-wiesbaden.de\\\/#website\"},\"primaryImageOfPage\":{\"@id\":\"https:\\\/\\\/gruene-wiesbaden.de\\\/gleichstellung-von-lgbtqia\\\/#primaryimage\"},\"image\":{\"@id\":\"https:\\\/\\\/gruene-wiesbaden.de\\\/gleichstellung-von-lgbtqia\\\/#primaryimage\"},\"thumbnailUrl\":\"https:\\\/\\\/gruene-wiesbaden.de\\\/wp-content\\\/uploads\\\/2025\\\/11\\\/2.2-Gleichstellung-LGBTQAI-scaled.jpeg\",\"datePublished\":\"2025-11-09T22:10:26+00:00\",\"dateModified\":\"2026-04-09T08:27:25+00:00\",\"breadcrumb\":{\"@id\":\"https:\\\/\\\/gruene-wiesbaden.de\\\/gleichstellung-von-lgbtqia\\\/#breadcrumb\"},\"inLanguage\":\"hr\",\"potentialAction\":[{\"@type\":\"ReadAction\",\"target\":[\"https:\\\/\\\/gruene-wiesbaden.de\\\/gleichstellung-von-lgbtqia\\\/\"]}]},{\"@type\":\"ImageObject\",\"inLanguage\":\"hr\",\"@id\":\"https:\\\/\\\/gruene-wiesbaden.de\\\/gleichstellung-von-lgbtqia\\\/#primaryimage\",\"url\":\"https:\\\/\\\/gruene-wiesbaden.de\\\/wp-content\\\/uploads\\\/2025\\\/11\\\/2.2-Gleichstellung-LGBTQAI-scaled.jpeg\",\"contentUrl\":\"https:\\\/\\\/gruene-wiesbaden.de\\\/wp-content\\\/uploads\\\/2025\\\/11\\\/2.2-Gleichstellung-LGBTQAI-scaled.jpeg\",\"width\":2560,\"height\":1707},{\"@type\":\"BreadcrumbList\",\"@id\":\"https:\\\/\\\/gruene-wiesbaden.de\\\/gleichstellung-von-lgbtqia\\\/#breadcrumb\",\"itemListElement\":[{\"@type\":\"ListItem\",\"position\":1,\"name\":\"Startseite\",\"item\":\"https:\\\/\\\/gruene-wiesbaden.de\\\/\"},{\"@type\":\"ListItem\",\"position\":2,\"name\":\"Gleichstellung von LGBTQIA*\"}]},{\"@type\":\"WebSite\",\"@id\":\"https:\\\/\\\/gruene-wiesbaden.de\\\/#website\",\"url\":\"https:\\\/\\\/gruene-wiesbaden.de\\\/\",\"name\":\"DIE GR\u00dcNEN Wiesbaden\",\"description\":\"\",\"publisher\":{\"@id\":\"https:\\\/\\\/gruene-wiesbaden.de\\\/#organization\"},\"potentialAction\":[{\"@type\":\"SearchAction\",\"target\":{\"@type\":\"EntryPoint\",\"urlTemplate\":\"https:\\\/\\\/gruene-wiesbaden.de\\\/?s={search_term_string}\"},\"query-input\":{\"@type\":\"PropertyValueSpecification\",\"valueRequired\":true,\"valueName\":\"search_term_string\"}}],\"inLanguage\":\"hr\"},{\"@type\":\"Organization\",\"@id\":\"https:\\\/\\\/gruene-wiesbaden.de\\\/#organization\",\"name\":\"DIE GR\u00dcNEN Wiesbaden\",\"url\":\"https:\\\/\\\/gruene-wiesbaden.de\\\/\",\"logo\":{\"@type\":\"ImageObject\",\"inLanguage\":\"hr\",\"@id\":\"https:\\\/\\\/gruene-wiesbaden.de\\\/#\\\/schema\\\/logo\\\/image\\\/\",\"url\":\"https:\\\/\\\/gruene-wiesbaden-fuer-europa.de\\\/wp-content\\\/uploads\\\/2024\\\/04\\\/Machen-was-zaehlt-5.png\",\"contentUrl\":\"https:\\\/\\\/gruene-wiesbaden-fuer-europa.de\\\/wp-content\\\/uploads\\\/2024\\\/04\\\/Machen-was-zaehlt-5.png\",\"width\":1772,\"height\":1772,\"caption\":\"DIE GR\u00dcNEN Wiesbaden\"},\"image\":{\"@id\":\"https:\\\/\\\/gruene-wiesbaden.de\\\/#\\\/schema\\\/logo\\\/image\\\/\"},\"sameAs\":[\"https:\\\/\\\/www.facebook.com\\\/gruene.wi\",\"https:\\\/\\\/instagram.com\\\/gruene_wi\"]},{\"@type\":\"Person\",\"@id\":\"https:\\\/\\\/gruene-wiesbaden.de\\\/#\\\/schema\\\/person\\\/6785c34779159cd4fd86886bb097afe9\",\"name\":\"admin\",\"sameAs\":[\"http:\\\/\\\/gruene-wiesbaden-fuer-europa.de\"],\"url\":\"https:\\\/\\\/gruene-wiesbaden.de\\\/hr\\\/author\\\/admin\\\/\"}]}<\/script>\n<!-- \/ Yoast SEO plugin. -->","yoast_head_json":{"title":"Gleichstellung von LGBTQIA* - B\u00dcNDNIS 90\/DIE GR\u00dcNEN Wiesbaden","robots":{"index":"index","follow":"follow","max-snippet":"max-snippet:-1","max-image-preview":"max-image-preview:large","max-video-preview":"max-video-preview:-1"},"canonical":"https:\/\/gruene-wiesbaden.de\/hr\/gleichstellung-von-lgbtqia\/","og_locale":"hr_HR","og_type":"article","og_title":"Gleichstellung von LGBTQIA* - B\u00dcNDNIS 90\/DIE GR\u00dcNEN Wiesbaden","og_url":"https:\/\/gruene-wiesbaden.de\/hr\/gleichstellung-von-lgbtqia\/","og_site_name":"B\u00dcNDNIS 90\/DIE GR\u00dcNEN Wiesbaden","article_publisher":"https:\/\/www.facebook.com\/gruene.wi","article_published_time":"2025-11-09T22:10:26+00:00","article_modified_time":"2026-04-09T08:27:25+00:00","og_image":[{"width":2560,"height":1707,"url":"https:\/\/gruene-wiesbaden.de\/wp-content\/uploads\/2025\/11\/2.2-Gleichstellung-LGBTQAI-scaled.jpeg","type":"image\/jpeg"}],"author":"admin","twitter_card":"summary_large_image","twitter_misc":{"Napisao\/la":"admin","Procijenjeno vrijeme \u010ditanja":"9 minutes"},"schema":{"@context":"https:\/\/schema.org","@graph":[{"@type":"Article","@id":"https:\/\/gruene-wiesbaden.de\/gleichstellung-von-lgbtqia\/#article","isPartOf":{"@id":"https:\/\/gruene-wiesbaden.de\/gleichstellung-von-lgbtqia\/"},"author":{"name":"admin","@id":"https:\/\/gruene-wiesbaden.de\/#\/schema\/person\/6785c34779159cd4fd86886bb097afe9"},"headline":"Gleichstellung von LGBTQIA*","datePublished":"2025-11-09T22:10:26+00:00","dateModified":"2026-04-09T08:27:25+00:00","mainEntityOfPage":{"@id":"https:\/\/gruene-wiesbaden.de\/gleichstellung-von-lgbtqia\/"},"wordCount":2670,"publisher":{"@id":"https:\/\/gruene-wiesbaden.de\/#organization"},"image":{"@id":"https:\/\/gruene-wiesbaden.de\/gleichstellung-von-lgbtqia\/#primaryimage"},"thumbnailUrl":"https:\/\/gruene-wiesbaden.de\/wp-content\/uploads\/2025\/11\/2.2-Gleichstellung-LGBTQAI-scaled.jpeg","articleSection":["Kapitel 2"],"inLanguage":"hr"},{"@type":"WebPage","@id":"https:\/\/gruene-wiesbaden.de\/gleichstellung-von-lgbtqia\/","url":"https:\/\/gruene-wiesbaden.de\/gleichstellung-von-lgbtqia\/","name":"Gleichstellung von LGBTQIA* - B\u00dcNDNIS 90\/DIE GR\u00dcNEN Wiesbaden","isPartOf":{"@id":"https:\/\/gruene-wiesbaden.de\/#website"},"primaryImageOfPage":{"@id":"https:\/\/gruene-wiesbaden.de\/gleichstellung-von-lgbtqia\/#primaryimage"},"image":{"@id":"https:\/\/gruene-wiesbaden.de\/gleichstellung-von-lgbtqia\/#primaryimage"},"thumbnailUrl":"https:\/\/gruene-wiesbaden.de\/wp-content\/uploads\/2025\/11\/2.2-Gleichstellung-LGBTQAI-scaled.jpeg","datePublished":"2025-11-09T22:10:26+00:00","dateModified":"2026-04-09T08:27:25+00:00","breadcrumb":{"@id":"https:\/\/gruene-wiesbaden.de\/gleichstellung-von-lgbtqia\/#breadcrumb"},"inLanguage":"hr","potentialAction":[{"@type":"ReadAction","target":["https:\/\/gruene-wiesbaden.de\/gleichstellung-von-lgbtqia\/"]}]},{"@type":"ImageObject","inLanguage":"hr","@id":"https:\/\/gruene-wiesbaden.de\/gleichstellung-von-lgbtqia\/#primaryimage","url":"https:\/\/gruene-wiesbaden.de\/wp-content\/uploads\/2025\/11\/2.2-Gleichstellung-LGBTQAI-scaled.jpeg","contentUrl":"https:\/\/gruene-wiesbaden.de\/wp-content\/uploads\/2025\/11\/2.2-Gleichstellung-LGBTQAI-scaled.jpeg","width":2560,"height":1707},{"@type":"BreadcrumbList","@id":"https:\/\/gruene-wiesbaden.de\/gleichstellung-von-lgbtqia\/#breadcrumb","itemListElement":[{"@type":"ListItem","position":1,"name":"Startseite","item":"https:\/\/gruene-wiesbaden.de\/"},{"@type":"ListItem","position":2,"name":"Gleichstellung von LGBTQIA*"}]},{"@type":"WebSite","@id":"https:\/\/gruene-wiesbaden.de\/#website","url":"https:\/\/gruene-wiesbaden.de\/","name":"DIE GR\u00dcNEN Wiesbaden","description":"","publisher":{"@id":"https:\/\/gruene-wiesbaden.de\/#organization"},"potentialAction":[{"@type":"SearchAction","target":{"@type":"EntryPoint","urlTemplate":"https:\/\/gruene-wiesbaden.de\/?s={search_term_string}"},"query-input":{"@type":"PropertyValueSpecification","valueRequired":true,"valueName":"search_term_string"}}],"inLanguage":"hr"},{"@type":"Organization","@id":"https:\/\/gruene-wiesbaden.de\/#organization","name":"DIE GR\u00dcNEN Wiesbaden","url":"https:\/\/gruene-wiesbaden.de\/","logo":{"@type":"ImageObject","inLanguage":"hr","@id":"https:\/\/gruene-wiesbaden.de\/#\/schema\/logo\/image\/","url":"https:\/\/gruene-wiesbaden-fuer-europa.de\/wp-content\/uploads\/2024\/04\/Machen-was-zaehlt-5.png","contentUrl":"https:\/\/gruene-wiesbaden-fuer-europa.de\/wp-content\/uploads\/2024\/04\/Machen-was-zaehlt-5.png","width":1772,"height":1772,"caption":"DIE GR\u00dcNEN Wiesbaden"},"image":{"@id":"https:\/\/gruene-wiesbaden.de\/#\/schema\/logo\/image\/"},"sameAs":["https:\/\/www.facebook.com\/gruene.wi","https:\/\/instagram.com\/gruene_wi"]},{"@type":"Person","@id":"https:\/\/gruene-wiesbaden.de\/#\/schema\/person\/6785c34779159cd4fd86886bb097afe9","name":"admin","sameAs":["http:\/\/gruene-wiesbaden-fuer-europa.de"],"url":"https:\/\/gruene-wiesbaden.de\/hr\/author\/admin\/"}]}},"_links":{"self":[{"href":"https:\/\/gruene-wiesbaden.de\/hr\/wp-json\/wp\/v2\/posts\/1351","targetHints":{"allow":["GET"]}}],"collection":[{"href":"https:\/\/gruene-wiesbaden.de\/hr\/wp-json\/wp\/v2\/posts"}],"about":[{"href":"https:\/\/gruene-wiesbaden.de\/hr\/wp-json\/wp\/v2\/types\/post"}],"author":[{"embeddable":true,"href":"https:\/\/gruene-wiesbaden.de\/hr\/wp-json\/wp\/v2\/users\/1"}],"replies":[{"embeddable":true,"href":"https:\/\/gruene-wiesbaden.de\/hr\/wp-json\/wp\/v2\/comments?post=1351"}],"version-history":[{"count":8,"href":"https:\/\/gruene-wiesbaden.de\/hr\/wp-json\/wp\/v2\/posts\/1351\/revisions"}],"predecessor-version":[{"id":2390,"href":"https:\/\/gruene-wiesbaden.de\/hr\/wp-json\/wp\/v2\/posts\/1351\/revisions\/2390"}],"wp:featuredmedia":[{"embeddable":true,"href":"https:\/\/gruene-wiesbaden.de\/hr\/wp-json\/wp\/v2\/media\/1547"}],"wp:attachment":[{"href":"https:\/\/gruene-wiesbaden.de\/hr\/wp-json\/wp\/v2\/media?parent=1351"}],"wp:term":[{"taxonomy":"category","embeddable":true,"href":"https:\/\/gruene-wiesbaden.de\/hr\/wp-json\/wp\/v2\/categories?post=1351"},{"taxonomy":"post_tag","embeddable":true,"href":"https:\/\/gruene-wiesbaden.de\/hr\/wp-json\/wp\/v2\/tags?post=1351"}],"curies":[{"name":"wp","href":"https:\/\/api.w.org\/{rel}","templated":true}]}}